{"id":40286,"date":"2021-04-30T06:00:00","date_gmt":"2021-04-30T04:00:00","guid":{"rendered":"https:\/\/leregardlibre.com\/?p=40286"},"modified":"2023-01-22T11:52:09","modified_gmt":"2023-01-22T10:52:09","slug":"marc-lamuniere-100-years-and-just-as-many-philosophical-lessons","status":"publish","type":"post","link":"https:\/\/leregardlibre.com\/en\/litterature\/marc-lamuniere-100-ans-et-autant-de-lecons-philosophiques\/","title":{"rendered":"Marc Lamuni\u00e8re, 100 years and as many philosophical lessons"},"content":{"rendered":"<p><em><a href=\"https:\/\/leregardlibre.com\/en\/product\/le-regard-libre-no-73\/\">Le Regard Libre N\u00b0 73<\/a>\u00a0-\u00a0<a href=\"https:\/\/leregardlibre.com\/en\/tag\/jonas-follonier\/\">Jonas Follonier<\/a><\/em><\/p>\n\n\n\n<p class=\"has-drop-cap\"><strong>He was Chairman and CEO of Soci\u00e9t\u00e9 de la Feuille d'avis de Lausanne et des Imprimeries R\u00e9unies SA, and then of Edipresse, the company founded by Paul Allenspach, the publisher of <em>The Notice Leaf<\/em> of Lausanne, now <em>24 heures<\/em>. Thriller author <em>Sharon's skin <\/em>(2000) under the pseudonym Ken Wood, he previously wrote under another pseudonym, Marc Lacaze. Under this identity, he published short stories, columns in <em>Le Nouveau Quotidien<\/em> - now <em>Le Temps<\/em> after its merger with <em>Le Journal de Gen\u00e8ve<\/em> - by Jacques Pilet and an anthology, <em>Indian dessert<\/em> (1996). But it's under his real name that Marc Lamuni\u00e8re, a leading figure in the French-language press of the 20th century, has been able to make his mark.<sup>th<\/sup> century, has just published a book celebrating the hundred candles it blew out in early 2021. Conceived as a series of interviews with journalist Jacques Poget, <em>The Garden of Stings. A centenarian's view of his life, the century that has passed and the days that remain<\/em> offers us a veritable philosophy of life, inspired by his own reading. Interview.<\/strong><\/p>\n\n\n\n<!--more Lire l\u2019article long format (abonn\u00e9s)-->\n\n\n\n<p>\u00abWe never stop to think that, at any moment, we could fall into nothingness.\u00bb This sentence is not taken from the book that Marc Lamuni\u00e8re has just published with Editions de l\u2019Aire, <em>The Garden of Stings<\/em>, but from our interview at her apartment. It\u2019s the middle of March. Her assistant, Carla Rua, opens the door for my colleague, photographer Indra Crittin, and me. In fact, it was Carla Rua who handled the book\u2019s digital aspects, as acknowledged in the acknowledgments. She points out to me that the objects featured on the book\u2019s cover are to my right as I enter, placed on a small sideboard.<\/p>\n\n\n\n<p>Marc Lamuni\u00e8re, for his part, is on the left, sitting in a yellow-orange armchair in the living room. He has a mischievous, commanding, and lucid gaze\u2014or perhaps all three at once; I\u2019m not sure yet. I\u2019m immediately struck by his imposing figure and commanding presence. A hundred years old, yet his mind is still sharp, a brilliance that shines through his body.<\/p>\n\n\n\n<h3 class=\"wp-block-heading\">Aesthetics<\/h3>\n\n\n\n<p>He speaks of his own body in his book of conversations with Jacques Poget: \u00abAt ninety-two, I was truly the embodiment of the person I had always wanted to become. At that time, I sincerely believe people thought I was twenty to thirty years younger.\u00bb Recalling the rest of the quote when I read it to him, he adds: \u00abThis desire to stay in good shape undoubtedly stems from a certain form of narcissism. Jean-Pierre Moulin (the journalist from Vaud) once called me an \u2018intelligent narcissist.\u2018 I don\u2019t know if I\u2019ve remained intelligent, but I\u2019m less narcissistic.\u2019 If proof of his intelligence were needed, here it is.<\/p>\n\n\n\n<p>But Marc Lamuni\u00e8re first explored aesthetics through newspaper layout. \u00abAs a media executive, I set specific requirements for visuals. I\u2019m very particular about beautiful typography.\u00bb In fact, he is the one responsible for the \u00abV\u00bb in the logo of the <em>New Daily<\/em> or the special image from the <em>Morning<\/em> (old design) \u2013 \u00abIt broke my heart when they changed it.\u00bb Marc Lamuni\u00e8re acknowledges that he \u00abwas born with some talent.\u00bb But he also owes this passion to his father\u2019s side of the family, where people have been miniaturists for generations.<\/p>\n\n\n\n<p>The conversation turns back to his appearance. \u00abI was inspired by characters from American movies. I really liked the idea of trying to look like them. I\u2019ve almost succeeded\u2014I don\u2019t know why.\u00bb That\u2019s a nice way of putting it for someone who was eliminated in the second round of the competition to find Switzerland\u2019s best athlete.<\/p>\n\n\n\n<h3 class=\"wp-block-heading\">Secondary School<\/h3>\n\n\n\n<p>Sarcasm. Marc Lamuni\u00e8re is so fond of it that he devoted an entire chapter to it in his interviews with Jacques Poget. To understand Marc Lamuni\u00e8re\u2019s relationship with sarcastic humor, we have to go back to his childhood. \u00abI came from a family that was a little too serious. My father was from Geneva and had a Protestant upbringing. He made life seem more burdened with responsibilities than anything else. As for my mother, she was too anxious.\u00bb That\u2019s when the free-spirited world of jazz came into his life. \u00abIt was through jazz that I began to free myself from a certain difficulty in being.\u00bb A counterpoint, in short\u2014a dissonance that finds its counterpart in humor with a second degree.<\/p>\n\n\n\n<p>\u00abIt\u2019s a way of testing people. It\u2019s a subtle hint that lets you figure out who \u2018it\u2019s going to be difficult with.\u2018\u2019 This practice greatly puzzled those around him, who weren\u2019t prepared for it. Yet, \u2019if you don\u2019t have the swing, you\u2019ve got nothing,\u00bb as pianist Duke Ellington put it\u2014a phrase Marc Lamuni\u00e8re likes to repeat. Of course, he does so with what\u2019s barely more than a hint of a smile.<\/p>\n\n\n\n<div class=\"wp-block-image\"><figure class=\"aligncenter size-large\"><img fetchpriority=\"high\" decoding=\"async\" width=\"1707\" height=\"2560\" src=\"http:\/\/leregardlibre.com\/wp-content\/uploads\/2021\/04\/Valid_MarcLamunie\u0300re_IndraCrittin-pour-Le-Regard-Libre-3-scaled.jpg\" alt=\"\" class=\"wp-image-40299\" srcset=\"https:\/\/leregardlibre.com\/wp-content\/uploads\/2021\/04\/Valid_MarcLamunie\u0300re_IndraCrittin-pour-Le-Regard-Libre-3-scaled.jpg 1707w, https:\/\/leregardlibre.com\/wp-content\/uploads\/2021\/04\/Valid_MarcLamunie\u0300re_IndraCrittin-pour-Le-Regard-Libre-3-scaled-200x300.jpg 200w, https:\/\/leregardlibre.com\/wp-content\/uploads\/2021\/04\/Valid_MarcLamunie\u0300re_IndraCrittin-pour-Le-Regard-Libre-3-scaled-683x1024.jpg 683w, https:\/\/leregardlibre.com\/wp-content\/uploads\/2021\/04\/Valid_MarcLamunie\u0300re_IndraCrittin-pour-Le-Regard-Libre-3-scaled-100x150.jpg 100w, https:\/\/leregardlibre.com\/wp-content\/uploads\/2021\/04\/Valid_MarcLamunie\u0300re_IndraCrittin-pour-Le-Regard-Libre-3-scaled-768x1152.jpg 768w, https:\/\/leregardlibre.com\/wp-content\/uploads\/2021\/04\/Valid_MarcLamunie\u0300re_IndraCrittin-pour-Le-Regard-Libre-3-scaled-1170x1755.jpg 1170w, https:\/\/leregardlibre.com\/wp-content\/uploads\/2021\/04\/Valid_MarcLamunie\u0300re_IndraCrittin-pour-Le-Regard-Libre-3-scaled-585x877.jpg 585w, https:\/\/leregardlibre.com\/wp-content\/uploads\/2021\/04\/Valid_MarcLamunie\u0300re_IndraCrittin-pour-Le-Regard-Libre-3-scaled-300x450.jpg 300w, https:\/\/leregardlibre.com\/wp-content\/uploads\/2021\/04\/Valid_MarcLamunie\u0300re_IndraCrittin-pour-Le-Regard-Libre-3-scaled-600x900.jpg 600w\" sizes=\"(max-width: 1707px) 100vw, 1707px\" \/><figcaption>Marc Lamuni\u00e8re: \u00abIt was through jazz that I began to free myself from a certain inner struggle.\u00bb \u00a9 Indra Crittin for Le Regard Libre<\/figcaption><\/figure><\/div>\n\n\n\n<h3 class=\"wp-block-heading\">Journalists<\/h3>\n\n\n\n<p>The conversation then turns to journalism\u2014since he has, in a sense, devoted his life to it\u2014and we talk with a view to a profile to be published in <em>Le Regard Libre<\/em> and on top of that, <em>The Garden of Stings<\/em> It, too, took the form of a question-and-answer session with a professional in the field. \u00abI enjoyed spending time with journalists more than I did with the Rotary Club, from which I was kicked out very quickly,\u00bb says the former publisher.<\/p>\n\n\n\n<p>For Marc Lamuni\u00e8re, a journalist is, in essence, the same as a citizen\u2014namely, someone whose role is to challenge preconceived notions and whose tool is curiosity. Needless to say, people fulfill this mission to varying degrees. But Marc Lamuni\u00e8re still believes in it. He is what can rightly be called\u2014despite the term\u2019s all-too-frequent and often questionable use\u2014a humanist.<\/p>\n\n\n\n<h3 class=\"wp-block-heading\">Philosophy<\/h3>\n\n\n\n<p>It\u2019s no surprise, then, that when asked about his favorite thinker, the former media executive immediately names Montaigne. \u00abWhat stands out about this author is his freedom and his modernism. Montaigne had an utterly innovative and timeless vision of religion, the education of children, happiness\u2026\u00bb Among Marc Lamuni\u00e8re\u2019s philosophical influences, Buddhism also ranks near the top. More than just a way of thinking, it\u2019s a practice\u2014a sort of compass he discovered \u00abtoo late.\u00bb Its main lesson: the present moment is the only thing we truly experience and the only eternity. \u00abThis idea gives me comfort. It is the very foundation of meditation, which is the same everywhere: it\u2019s about seeing things as they are and staying in the present, without distorting it.\u00bb<\/p>\n\n\n\n<p>This is how Marc Lamuni\u00e8re finds a certain sense of serenity. \u00abWhat appeals to me about Buddhism is that it isn\u2019t a religion. Buddha said, \u2018Forget me, but spread my teachings.\u2018 Obviously, the opposite happened. Religion sprang up like a mushroom\u2014I wouldn\u2019t say poisonous, but at least strange\u2014consisting solely of rituals.\u2019 Lamuni\u00e8re goes on to point out that Buddhism had a profound influence on ancient Greek thought, thanks to the contacts between the two civilizations. \u2019Marcus Aurelius, Epictetus, and Epicurus were deeply influenced by it.\u00bb That\u2019s no small thing.<\/p>\n\n\n\n<h3 class=\"wp-block-heading\">Life<\/h3>\n\n\n\n<p>Finally, when asked which events in his life have left a lasting impression on him, Marc Lamuni\u00e8re first mentions his wife\u2019s illness, which he personally cared for over the course of several years. In fact, every chapter of his book features a photograph showing one of the decorative arrangements that accompanied \u00abPomme\u2019s\u00bb (her nickname), which the devoted husband wanted to brighten by taking those few minutes to prepare each morning before leaving for a long day at work.<\/p>\n\n\n\n<p>Other moments that left a lasting impression on him were those when he came close to death. \u00abI\u2019ve nearly died fourteen times,\u00bb he says, looking amused, \u00abbut I don\u2019t remember all the details, because that\u2019s a lot.\u00bb One anecdote worth noting\u2014told in the book\u2014is that of Marc Lamuni\u00e8re, who finds himself trapped on a plane that refuses to fly in the right direction.<\/p>\n\n\n\n<p>His face always wore that deadpan expression. \u00abI have a natural mask that leaves room for all kinds of interpretations. This natural impassivity has actually served me well: I was able to hide my incompetence, and then hide other things, which meant my competitors didn\u2019t catch on until it was too late.\u00bb That\u2019s it\u2014Marc Lamuni\u00e8re flashes a smile, and not just any smile. He then invites us into the next room, where he sits down at the drum set. \u00abI play every day. When I put down my drumsticks, it\u2019ll be time for me to go.\u00bb After a five-minute session that leaves us speechless, it\u2019s time to wrap things up. \u00abSee you soon,\u00bb he smiles.<\/p>\n\n\n\n<p><em>Write to the author: <a href=\"mailto:jonas.follonier@leregardlibre.com\">jonas.follonier@leregardlibre.com<\/a><\/em><\/p>\n\n\n\n<div class=\"wp-block-media-text alignwide is-stacked-on-mobile\" style=\"grid-template-columns:40% auto\"><figure class=\"wp-block-media-text__media\"><img decoding=\"async\" width=\"680\" height=\"1037\" src=\"http:\/\/leregardlibre.com\/wp-content\/uploads\/2021\/04\/Le-Jardin-des-piqu\u0302res.jpeg\" alt=\"\" class=\"wp-image-40302 size-full\" srcset=\"https:\/\/leregardlibre.com\/wp-content\/uploads\/2021\/04\/Le-Jardin-des-piqu\u0302res.jpeg 680w, https:\/\/leregardlibre.com\/wp-content\/uploads\/2021\/04\/Le-Jardin-des-piqu\u0302res-197x300.jpeg 197w, https:\/\/leregardlibre.com\/wp-content\/uploads\/2021\/04\/Le-Jardin-des-piqu\u0302res-671x1024.jpeg 671w, https:\/\/leregardlibre.com\/wp-content\/uploads\/2021\/04\/Le-Jardin-des-piqu\u0302res-98x150.jpeg 98w, https:\/\/leregardlibre.com\/wp-content\/uploads\/2021\/04\/Le-Jardin-des-piqu\u0302res-585x892.jpeg 585w, https:\/\/leregardlibre.com\/wp-content\/uploads\/2021\/04\/Le-Jardin-des-piqu\u0302res-300x458.jpeg 300w, https:\/\/leregardlibre.com\/wp-content\/uploads\/2021\/04\/Le-Jardin-des-piqu\u0302res-600x915.jpeg 600w\" sizes=\"(max-width: 680px) 100vw, 680px\" \/><\/figure><div class=\"wp-block-media-text__content\">\n<p><strong>Marc Lamuni\u00e8re<br><em>The Garden of Stings: A Centenarian\u2019s Reflections on His Life, the Past Century, and the Days Ahead; Conversations with Jacques Poget<\/em><br>Editions de l'Aire<br>2021<br>224 pages<\/strong><\/p>\n\n\n\n<div class=\"wp-block-buttons is-layout-flex wp-block-buttons-is-layout-flex\">\n<div class=\"wp-block-button\"><a class=\"wp-block-button__link\" href=\"https:\/\/www.payot.ch\/Detail\/le_jardin_des_piqures-marc_lamuniere-9782889561766\">Order<\/a><\/div>\n<\/div>\n<\/div><\/div>\n\n\n\n<p>Photo credits: \u00a9 Indra Crittin for <em>Le Regard Libre<\/em><\/p>","protected":false},"excerpt":{"rendered":"<p>LONG FORMAT ARTICLE, Jonas Follonier | He was Chairman and CEO of Soci\u00e9t\u00e9 de la Feuille d'avis de Lausanne et des Imprimeries R\u00e9unies SA, then of Edipresse, the company founded by Paul Allenspach, publisher of \u201cLa Feuille d'avis de Lausanne\u201d, now \u201c24 heures\u201d. Author of the thriller \u201cLa peau de Sharon\u201d (2000) under the pseudonym Ken Wood, he had previously written under another pseudonym, Marc Lacaze. Under this identity, he published short stories, columns in \u201cLe Nouveau Quotidien\u201d - which became \u201cLe Temps\u201d after its merger with \u201cLe Journal de Gen\u00e8ve\u201d - and a collection, \u201cLe dessert indien\u201d (1996). But it's under his real name that Marc Lamuni\u00e8re, one of the 20th century's leading figures of the French-language press, has just published a book celebrating the hundred candles he blew out at the beginning of 2021. Conceived as a series of interviews with journalist Jacques Poget, \u201cLe Jardin des piq\u00fbres. Vision d'un centenaire sur sa vie, le si\u00e8cle \u00e9coul\u00e9 et les jours qui restent\u201d (The Garden of Stings: a centenarian's view of his life, the century that has passed and the days that remain) offers us a veritable philosophy of life, nourished by the readings of the main person concerned. Meet the author.<\/p>","protected":false},"author":138,"featured_media":40300,"comment_status":"open","ping_status":"closed","sticky":false,"template":"","format":"standard","meta":{"_acf_changed":false,"footnotes":""},"categories":[20663],"tags":[477278,644356624,11788,644356618,644358177,644356616,644356617,257356,211032],"class_list":["post-40286","post","type-post","status-publish","format-standard","has-post-thumbnail","hentry","category-litterature","tag-batterie","tag-feuille-davis-de-lausanne","tag-interviews","tag-jacques-poget","tag-jazz","tag-le-jardin-des-piqures","tag-marc-lamuniere","tag-montaigne","tag-mort"],"acf":[],"yoast_head":"<!-- This site is optimized with the Yoast SEO Premium plugin v28.4 (Yoast SEO v28.4) - https:\/\/yoast.com\/product\/yoast-seo-premium-wordpress\/ -->\n<title>Marc Lamuni\u00e8re, 100 ans et autant de le\u00e7ons philosophiques<\/title>\n<meta name=\"robots\" content=\"index, follow, max-snippet:-1, max-image-preview:large, max-video-preview:-1\" \/>\n<link rel=\"canonical\" href=\"https:\/\/leregardlibre.com\/en\/literature\/marc-lamuniere-100-years-and-just-as-many-philosophical-lessons\/\" \/>\n<meta property=\"og:locale\" content=\"en_US\" \/>\n<meta property=\"og:type\" content=\"article\" \/>\n<meta property=\"og:title\" content=\"Marc Lamuni\u00e8re, 100 ans et autant de le\u00e7ons philosophiques\" \/>\n<meta property=\"og:description\" content=\"ARTICLE LONG FORMAT, Jonas Follonier | Il fut le pr\u00e9sident directeur g\u00e9n\u00e9ral de la Soci\u00e9t\u00e9 de la Feuille d\u2019avis de Lausanne et des Imprimeries R\u00e9unies SA, puis d\u2019Edipresse, entreprise fond\u00e9e par Paul Allenspach, l\u2019\u00e9diteur de &quot;La Feuille d\u2019avis de Lausanne&quot;, devenue &quot;24 heures&quot;. Auteur du polar &quot;La peau de Sharon&quot; (2000) sous le pseudonyme de Ken Wood, il s\u2019adonna pr\u00e9c\u00e9demment \u00e0 l\u2019\u00e9criture sous un autre pseudo, celui de Marc Lacaze. Sous cette identit\u00e9, il publia des nouvelles, des chroniques dans &quot;Le Nouveau Quotidien&quot; \u2013 devenu &quot;Le Temps&quot; apr\u00e8s sa fusion avec &quot;Le Journal de Gen\u00e8ve&quot; \u2013 et un recueil, &quot;Le dessert indien&quot; (1996). Mais c\u2019est sous son vrai nom que Marc Lamuni\u00e8re, grand patron de la presse romande du XXe si\u00e8cle, vient de sortir un ouvrage c\u00e9l\u00e9brant les cent bougies qu\u2019il a souffl\u00e9es d\u00e9but 2021. Con\u00e7u comme une suite d\u2019entretiens avec le journaliste Jacques Poget, &quot;Le Jardin des piq\u00fbres. Vision d\u2019un centenaire sur sa vie, le si\u00e8cle \u00e9coul\u00e9 et les jours qui restent&quot; nous propose une v\u00e9ritable philosophie de vie, nourrie par les lectures du principal int\u00e9ress\u00e9. Rencontre.\" \/>\n<meta property=\"og:url\" content=\"https:\/\/leregardlibre.com\/en\/literature\/marc-lamuniere-100-years-and-just-as-many-philosophical-lessons\/\" \/>\n<meta property=\"og:site_name\" content=\"Le Regard Libre\" \/>\n<meta property=\"article:publisher\" content=\"https:\/\/www.facebook.com\/leregardlibre\/\" \/>\n<meta property=\"article:author\" content=\"https:\/\/www.facebook.com\/jonas.follonier\/\" \/>\n<meta property=\"article:published_time\" content=\"2021-04-30T04:00:00+00:00\" \/>\n<meta property=\"article:modified_time\" content=\"2023-01-22T10:52:09+00:00\" \/>\n<meta property=\"og:image\" content=\"https:\/\/leregardlibre.com\/wp-content\/uploads\/2021\/04\/Valid_MarcLamunie\u0300re_IndraCrittin-pour-Le-Regard-Libre-9-scaled.jpg\" \/>\n\t<meta property=\"og:image:width\" content=\"2560\" \/>\n\t<meta property=\"og:image:height\" content=\"1707\" \/>\n\t<meta property=\"og:image:type\" content=\"image\/jpeg\" \/>\n<meta name=\"author\" content=\"Jonas Follonier\" \/>\n<meta name=\"twitter:card\" content=\"summary_large_image\" \/>\n<meta name=\"twitter:creator\" content=\"@LeRegardLibre\" \/>\n<meta name=\"twitter:site\" content=\"@LeRegardLibre\" \/>\n<meta name=\"twitter:label1\" content=\"Written by\" \/>\n\t<meta name=\"twitter:data1\" content=\"Jonas Follonier\" \/>\n\t<meta name=\"twitter:label2\" content=\"Est. reading time\" \/>\n\t<meta name=\"twitter:data2\" content=\"9 minutes\" \/>\n<script type=\"application\/ld+json\" class=\"yoast-schema-graph\">{\"@context\":\"https:\\\/\\\/schema.org\",\"@graph\":[{\"@type\":\"Article\",\"@id\":\"https:\\\/\\\/leregardlibre.com\\\/litterature\\\/marc-lamuniere-100-ans-et-autant-de-lecons-philosophiques\\\/#article\",\"isPartOf\":{\"@id\":\"https:\\\/\\\/leregardlibre.com\\\/litterature\\\/marc-lamuniere-100-ans-et-autant-de-lecons-philosophiques\\\/\"},\"author\":{\"name\":\"Jonas Follonier\",\"@id\":\"https:\\\/\\\/leregardlibre.com\\\/#\\\/schema\\\/person\\\/bfe5aa794a23be71485d60e2d93ec0d2\"},\"headline\":\"Marc Lamuni\u00e8re, 100 ans et autant de le\u00e7ons philosophiques\",\"datePublished\":\"2021-04-30T04:00:00+00:00\",\"dateModified\":\"2023-01-22T10:52:09+00:00\",\"mainEntityOfPage\":{\"@id\":\"https:\\\/\\\/leregardlibre.com\\\/litterature\\\/marc-lamuniere-100-ans-et-autant-de-lecons-philosophiques\\\/\"},\"wordCount\":1712,\"commentCount\":0,\"publisher\":{\"@id\":\"https:\\\/\\\/leregardlibre.com\\\/#organization\"},\"image\":{\"@id\":\"https:\\\/\\\/leregardlibre.com\\\/litterature\\\/marc-lamuniere-100-ans-et-autant-de-lecons-philosophiques\\\/#primaryimage\"},\"thumbnailUrl\":\"https:\\\/\\\/leregardlibre.com\\\/wp-content\\\/uploads\\\/2021\\\/04\\\/Valid_MarcLamunie\u0300re_IndraCrittin-pour-Le-Regard-Libre-9-scaled.jpg\",\"keywords\":[\"batterie\",\"feuille d&#039;avis de lausanne\",\"Interview\",\"jacques poget\",\"Jazz\",\"le jardin des piqures\",\"marc lamuni\u00e8re\",\"Montaigne\",\"Mort\"],\"articleSection\":[\"Litt\u00e9rature\"],\"inLanguage\":\"en-US\",\"potentialAction\":[{\"@type\":\"CommentAction\",\"name\":\"Comment\",\"target\":[\"https:\\\/\\\/leregardlibre.com\\\/litterature\\\/marc-lamuniere-100-ans-et-autant-de-lecons-philosophiques\\\/#respond\"]}]},{\"@type\":\"WebPage\",\"@id\":\"https:\\\/\\\/leregardlibre.com\\\/litterature\\\/marc-lamuniere-100-ans-et-autant-de-lecons-philosophiques\\\/\",\"url\":\"https:\\\/\\\/leregardlibre.com\\\/litterature\\\/marc-lamuniere-100-ans-et-autant-de-lecons-philosophiques\\\/\",\"name\":\"Marc Lamuni\u00e8re, 100 ans et autant de le\u00e7ons philosophiques\",\"isPartOf\":{\"@id\":\"https:\\\/\\\/leregardlibre.com\\\/#website\"},\"primaryImageOfPage\":{\"@id\":\"https:\\\/\\\/leregardlibre.com\\\/litterature\\\/marc-lamuniere-100-ans-et-autant-de-lecons-philosophiques\\\/#primaryimage\"},\"image\":{\"@id\":\"https:\\\/\\\/leregardlibre.com\\\/litterature\\\/marc-lamuniere-100-ans-et-autant-de-lecons-philosophiques\\\/#primaryimage\"},\"thumbnailUrl\":\"https:\\\/\\\/leregardlibre.com\\\/wp-content\\\/uploads\\\/2021\\\/04\\\/Valid_MarcLamunie\u0300re_IndraCrittin-pour-Le-Regard-Libre-9-scaled.jpg\",\"datePublished\":\"2021-04-30T04:00:00+00:00\",\"dateModified\":\"2023-01-22T10:52:09+00:00\",\"breadcrumb\":{\"@id\":\"https:\\\/\\\/leregardlibre.com\\\/litterature\\\/marc-lamuniere-100-ans-et-autant-de-lecons-philosophiques\\\/#breadcrumb\"},\"inLanguage\":\"en-US\",\"potentialAction\":[{\"@type\":\"ReadAction\",\"target\":[\"https:\\\/\\\/leregardlibre.com\\\/litterature\\\/marc-lamuniere-100-ans-et-autant-de-lecons-philosophiques\\\/\"]}]},{\"@type\":\"ImageObject\",\"inLanguage\":\"en-US\",\"@id\":\"https:\\\/\\\/leregardlibre.com\\\/litterature\\\/marc-lamuniere-100-ans-et-autant-de-lecons-philosophiques\\\/#primaryimage\",\"url\":\"https:\\\/\\\/leregardlibre.com\\\/wp-content\\\/uploads\\\/2021\\\/04\\\/Valid_MarcLamunie\u0300re_IndraCrittin-pour-Le-Regard-Libre-9-scaled.jpg\",\"contentUrl\":\"https:\\\/\\\/leregardlibre.com\\\/wp-content\\\/uploads\\\/2021\\\/04\\\/Valid_MarcLamunie\u0300re_IndraCrittin-pour-Le-Regard-Libre-9-scaled.jpg\",\"width\":2560,\"height\":1707},{\"@type\":\"BreadcrumbList\",\"@id\":\"https:\\\/\\\/leregardlibre.com\\\/litterature\\\/marc-lamuniere-100-ans-et-autant-de-lecons-philosophiques\\\/#breadcrumb\",\"itemListElement\":[{\"@type\":\"ListItem\",\"position\":1,\"name\":\"Accueil\",\"item\":\"https:\\\/\\\/leregardlibre.com\\\/\"},{\"@type\":\"ListItem\",\"position\":2,\"name\":\"Marc Lamuni\u00e8re, 100 ans et autant de le\u00e7ons philosophiques\"}]},{\"@type\":\"WebSite\",\"@id\":\"https:\\\/\\\/leregardlibre.com\\\/#website\",\"url\":\"https:\\\/\\\/leregardlibre.com\\\/\",\"name\":\"Le Regard Libre\",\"description\":\"Premier mensuel suisse de d\u00e9bat\",\"publisher\":{\"@id\":\"https:\\\/\\\/leregardlibre.com\\\/#organization\"},\"potentialAction\":[{\"@type\":\"SearchAction\",\"target\":{\"@type\":\"EntryPoint\",\"urlTemplate\":\"https:\\\/\\\/leregardlibre.com\\\/?s={search_term_string}\"},\"query-input\":{\"@type\":\"PropertyValueSpecification\",\"valueRequired\":true,\"valueName\":\"search_term_string\"}}],\"inLanguage\":\"en-US\"},{\"@type\":\"Organization\",\"@id\":\"https:\\\/\\\/leregardlibre.com\\\/#organization\",\"name\":\"Le Regard Libre\",\"url\":\"https:\\\/\\\/leregardlibre.com\\\/\",\"logo\":{\"@type\":\"ImageObject\",\"inLanguage\":\"en-US\",\"@id\":\"https:\\\/\\\/leregardlibre.com\\\/#\\\/schema\\\/logo\\\/image\\\/\",\"url\":\"https:\\\/\\\/leregardlibre.com\\\/wp-content\\\/uploads\\\/2025\\\/08\\\/logo-rl-icone-neg.jpeg\",\"contentUrl\":\"https:\\\/\\\/leregardlibre.com\\\/wp-content\\\/uploads\\\/2025\\\/08\\\/logo-rl-icone-neg.jpeg\",\"width\":557,\"height\":556,\"caption\":\"Le Regard Libre\"},\"image\":{\"@id\":\"https:\\\/\\\/leregardlibre.com\\\/#\\\/schema\\\/logo\\\/image\\\/\"},\"sameAs\":[\"https:\\\/\\\/www.facebook.com\\\/leregardlibre\\\/\",\"https:\\\/\\\/x.com\\\/LeRegardLibre\",\"https:\\\/\\\/www.linkedin.com\\\/company\\\/le-regard-libre\",\"https:\\\/\\\/www.instagram.com\\\/leregardlibre\\\/\",\"http:\\\/\\\/t.me\\\/leregardlibre\",\"https:\\\/\\\/youtube.com\\\/channel\\\/UC6HzGPomj1LsUmlz-sJtITQ\"],\"description\":\"Le Regard Libre est un mensuel suisse de d\u00e9bat intellectuel et culturel. Sa r\u00e9daction est jeune, b\u00e9n\u00e9vole, lib\u00e9rale et pluraliste. Le magazine para\u00eet en ligne et sous forme papier. Sa langue est le fran\u00e7ais.\",\"email\":\"redaction@leregardlibre.com\",\"legalName\":\"Le Regard Libre\",\"foundingDate\":\"2014-01-01\",\"numberOfEmployees\":{\"@type\":\"QuantitativeValue\",\"minValue\":\"11\",\"maxValue\":\"50\"},\"publishingPrinciples\":\"https:\\\/\\\/leregardlibre.com\\\/a-propos\\\/notre-manifeste\\\/\",\"ownershipFundingInfo\":\"https:\\\/\\\/leregardlibre.com\\\/mentions-legales\\\/\",\"actionableFeedbackPolicy\":\"https:\\\/\\\/leregardlibre.com\\\/conditions-generales-de-vente\\\/\"},{\"@type\":\"Person\",\"@id\":\"https:\\\/\\\/leregardlibre.com\\\/#\\\/schema\\\/person\\\/bfe5aa794a23be71485d60e2d93ec0d2\",\"name\":\"Jonas Follonier\",\"image\":{\"@type\":\"ImageObject\",\"inLanguage\":\"en-US\",\"@id\":\"https:\\\/\\\/secure.gravatar.com\\\/avatar\\\/602060b40f6a458420c2d140f49b6caea99152ce6704f2c332e5a0c5aad80303?s=96&d=identicon&r=g\",\"url\":\"https:\\\/\\\/secure.gravatar.com\\\/avatar\\\/602060b40f6a458420c2d140f49b6caea99152ce6704f2c332e5a0c5aad80303?s=96&d=identicon&r=g\",\"contentUrl\":\"https:\\\/\\\/secure.gravatar.com\\\/avatar\\\/602060b40f6a458420c2d140f49b6caea99152ce6704f2c332e5a0c5aad80303?s=96&d=identicon&r=g\",\"caption\":\"Jonas Follonier\"},\"description\":\"R\u00e9dacteur en chef de \u00abL\u2019Agefi\u00bb et essayiste, Jonas Follonier est le fondateur et pr\u00e9sident du \u00abRegard Libre\u00bb.\",\"sameAs\":[\"https:\\\/\\\/www.facebook.com\\\/jonas.follonier\\\/\",\"https:\\\/\\\/www.instagram.com\\\/jonasfollonier\\\/\",\"https:\\\/\\\/www.linkedin.com\\\/in\\\/jonasfollonier\\\/\",\"https:\\\/\\\/fr.wikipedia.org\\\/wiki\\\/Le_Regard_libre\"],\"url\":\"https:\\\/\\\/leregardlibre.com\\\/en\\\/author\\\/jonas-follonier\\\/\"}]}<\/script>\n<!-- \/ Yoast SEO Premium plugin. -->","yoast_head_json":{"title":"Marc Lamuni\u00e8re, 100 years and as many philosophical lessons","robots":{"index":"index","follow":"follow","max-snippet":"max-snippet:-1","max-image-preview":"max-image-preview:large","max-video-preview":"max-video-preview:-1"},"canonical":"https:\/\/leregardlibre.com\/en\/literature\/marc-lamuniere-100-years-and-just-as-many-philosophical-lessons\/","og_locale":"en_US","og_type":"article","og_title":"Marc Lamuni\u00e8re, 100 ans et autant de le\u00e7ons philosophiques","og_description":"ARTICLE LONG FORMAT, Jonas Follonier | Il fut le pr\u00e9sident directeur g\u00e9n\u00e9ral de la Soci\u00e9t\u00e9 de la Feuille d\u2019avis de Lausanne et des Imprimeries R\u00e9unies SA, puis d\u2019Edipresse, entreprise fond\u00e9e par Paul Allenspach, l\u2019\u00e9diteur de \"La Feuille d\u2019avis de Lausanne\", devenue \"24 heures\". Auteur du polar \"La peau de Sharon\" (2000) sous le pseudonyme de Ken Wood, il s\u2019adonna pr\u00e9c\u00e9demment \u00e0 l\u2019\u00e9criture sous un autre pseudo, celui de Marc Lacaze. Sous cette identit\u00e9, il publia des nouvelles, des chroniques dans \"Le Nouveau Quotidien\" \u2013 devenu \"Le Temps\" apr\u00e8s sa fusion avec \"Le Journal de Gen\u00e8ve\" \u2013 et un recueil, \"Le dessert indien\" (1996). Mais c\u2019est sous son vrai nom que Marc Lamuni\u00e8re, grand patron de la presse romande du XXe si\u00e8cle, vient de sortir un ouvrage c\u00e9l\u00e9brant les cent bougies qu\u2019il a souffl\u00e9es d\u00e9but 2021. Con\u00e7u comme une suite d\u2019entretiens avec le journaliste Jacques Poget, \"Le Jardin des piq\u00fbres. Vision d\u2019un centenaire sur sa vie, le si\u00e8cle \u00e9coul\u00e9 et les jours qui restent\" nous propose une v\u00e9ritable philosophie de vie, nourrie par les lectures du principal int\u00e9ress\u00e9. Rencontre.","og_url":"https:\/\/leregardlibre.com\/en\/literature\/marc-lamuniere-100-years-and-just-as-many-philosophical-lessons\/","og_site_name":"Le Regard Libre","article_publisher":"https:\/\/www.facebook.com\/leregardlibre\/","article_author":"https:\/\/www.facebook.com\/jonas.follonier\/","article_published_time":"2021-04-30T04:00:00+00:00","article_modified_time":"2023-01-22T10:52:09+00:00","og_image":[{"width":2560,"height":1707,"url":"https:\/\/leregardlibre.com\/wp-content\/uploads\/2021\/04\/Valid_MarcLamunie\u0300re_IndraCrittin-pour-Le-Regard-Libre-9-scaled.jpg","type":"image\/jpeg"}],"author":"Jonas Follonier","twitter_card":"summary_large_image","twitter_creator":"@LeRegardLibre","twitter_site":"@LeRegardLibre","twitter_misc":{"Written by":"Jonas Follonier","Est. reading time":"9 minutes"},"schema":{"@context":"https:\/\/schema.org","@graph":[{"@type":"Article","@id":"https:\/\/leregardlibre.com\/litterature\/marc-lamuniere-100-ans-et-autant-de-lecons-philosophiques\/#article","isPartOf":{"@id":"https:\/\/leregardlibre.com\/litterature\/marc-lamuniere-100-ans-et-autant-de-lecons-philosophiques\/"},"author":{"name":"Jonas Follonier","@id":"https:\/\/leregardlibre.com\/#\/schema\/person\/bfe5aa794a23be71485d60e2d93ec0d2"},"headline":"Marc Lamuni\u00e8re, 100 ans et autant de le\u00e7ons philosophiques","datePublished":"2021-04-30T04:00:00+00:00","dateModified":"2023-01-22T10:52:09+00:00","mainEntityOfPage":{"@id":"https:\/\/leregardlibre.com\/litterature\/marc-lamuniere-100-ans-et-autant-de-lecons-philosophiques\/"},"wordCount":1712,"commentCount":0,"publisher":{"@id":"https:\/\/leregardlibre.com\/#organization"},"image":{"@id":"https:\/\/leregardlibre.com\/litterature\/marc-lamuniere-100-ans-et-autant-de-lecons-philosophiques\/#primaryimage"},"thumbnailUrl":"https:\/\/leregardlibre.com\/wp-content\/uploads\/2021\/04\/Valid_MarcLamunie\u0300re_IndraCrittin-pour-Le-Regard-Libre-9-scaled.jpg","keywords":["batterie","feuille d&#039;avis de lausanne","Interview","jacques poget","Jazz","le jardin des piqures","marc lamuni\u00e8re","Montaigne","Mort"],"articleSection":["Litt\u00e9rature"],"inLanguage":"en-US","potentialAction":[{"@type":"CommentAction","name":"Comment","target":["https:\/\/leregardlibre.com\/litterature\/marc-lamuniere-100-ans-et-autant-de-lecons-philosophiques\/#respond"]}]},{"@type":"WebPage","@id":"https:\/\/leregardlibre.com\/litterature\/marc-lamuniere-100-ans-et-autant-de-lecons-philosophiques\/","url":"https:\/\/leregardlibre.com\/litterature\/marc-lamuniere-100-ans-et-autant-de-lecons-philosophiques\/","name":"Marc Lamuni\u00e8re, 100 years and as many philosophical lessons","isPartOf":{"@id":"https:\/\/leregardlibre.com\/#website"},"primaryImageOfPage":{"@id":"https:\/\/leregardlibre.com\/litterature\/marc-lamuniere-100-ans-et-autant-de-lecons-philosophiques\/#primaryimage"},"image":{"@id":"https:\/\/leregardlibre.com\/litterature\/marc-lamuniere-100-ans-et-autant-de-lecons-philosophiques\/#primaryimage"},"thumbnailUrl":"https:\/\/leregardlibre.com\/wp-content\/uploads\/2021\/04\/Valid_MarcLamunie\u0300re_IndraCrittin-pour-Le-Regard-Libre-9-scaled.jpg","datePublished":"2021-04-30T04:00:00+00:00","dateModified":"2023-01-22T10:52:09+00:00","breadcrumb":{"@id":"https:\/\/leregardlibre.com\/litterature\/marc-lamuniere-100-ans-et-autant-de-lecons-philosophiques\/#breadcrumb"},"inLanguage":"en-US","potentialAction":[{"@type":"ReadAction","target":["https:\/\/leregardlibre.com\/litterature\/marc-lamuniere-100-ans-et-autant-de-lecons-philosophiques\/"]}]},{"@type":"ImageObject","inLanguage":"en-US","@id":"https:\/\/leregardlibre.com\/litterature\/marc-lamuniere-100-ans-et-autant-de-lecons-philosophiques\/#primaryimage","url":"https:\/\/leregardlibre.com\/wp-content\/uploads\/2021\/04\/Valid_MarcLamunie\u0300re_IndraCrittin-pour-Le-Regard-Libre-9-scaled.jpg","contentUrl":"https:\/\/leregardlibre.com\/wp-content\/uploads\/2021\/04\/Valid_MarcLamunie\u0300re_IndraCrittin-pour-Le-Regard-Libre-9-scaled.jpg","width":2560,"height":1707},{"@type":"BreadcrumbList","@id":"https:\/\/leregardlibre.com\/litterature\/marc-lamuniere-100-ans-et-autant-de-lecons-philosophiques\/#breadcrumb","itemListElement":[{"@type":"ListItem","position":1,"name":"Accueil","item":"https:\/\/leregardlibre.com\/"},{"@type":"ListItem","position":2,"name":"Marc Lamuni\u00e8re, 100 ans et autant de le\u00e7ons philosophiques"}]},{"@type":"WebSite","@id":"https:\/\/leregardlibre.com\/#website","url":"https:\/\/leregardlibre.com\/","name":"Le Regard Libre","description":"Switzerland's first monthly debate magazine","publisher":{"@id":"https:\/\/leregardlibre.com\/#organization"},"potentialAction":[{"@type":"SearchAction","target":{"@type":"EntryPoint","urlTemplate":"https:\/\/leregardlibre.com\/?s={search_term_string}"},"query-input":{"@type":"PropertyValueSpecification","valueRequired":true,"valueName":"search_term_string"}}],"inLanguage":"en-US"},{"@type":"Organization","@id":"https:\/\/leregardlibre.com\/#organization","name":"Le Regard Libre","url":"https:\/\/leregardlibre.com\/","logo":{"@type":"ImageObject","inLanguage":"en-US","@id":"https:\/\/leregardlibre.com\/#\/schema\/logo\/image\/","url":"https:\/\/leregardlibre.com\/wp-content\/uploads\/2025\/08\/logo-rl-icone-neg.jpeg","contentUrl":"https:\/\/leregardlibre.com\/wp-content\/uploads\/2025\/08\/logo-rl-icone-neg.jpeg","width":557,"height":556,"caption":"Le Regard Libre"},"image":{"@id":"https:\/\/leregardlibre.com\/#\/schema\/logo\/image\/"},"sameAs":["https:\/\/www.facebook.com\/leregardlibre\/","https:\/\/x.com\/LeRegardLibre","https:\/\/www.linkedin.com\/company\/le-regard-libre","https:\/\/www.instagram.com\/leregardlibre\/","http:\/\/t.me\/leregardlibre","https:\/\/youtube.com\/channel\/UC6HzGPomj1LsUmlz-sJtITQ"],"description":"Le Regard Libre is a Swiss monthly magazine for intellectual and cultural debate. Its editorial team is young, voluntary, liberal and pluralist. The magazine appears online and in print. Its language is French.","email":"redaction@leregardlibre.com","legalName":"Le Regard Libre","foundingDate":"2014-01-01","numberOfEmployees":{"@type":"QuantitativeValue","minValue":"11","maxValue":"50"},"publishingPrinciples":"https:\/\/leregardlibre.com\/a-propos\/notre-manifeste\/","ownershipFundingInfo":"https:\/\/leregardlibre.com\/mentions-legales\/","actionableFeedbackPolicy":"https:\/\/leregardlibre.com\/conditions-generales-de-vente\/"},{"@type":"Person","@id":"https:\/\/leregardlibre.com\/#\/schema\/person\/bfe5aa794a23be71485d60e2d93ec0d2","name":"Jonas Follonier","image":{"@type":"ImageObject","inLanguage":"en-US","@id":"https:\/\/secure.gravatar.com\/avatar\/602060b40f6a458420c2d140f49b6caea99152ce6704f2c332e5a0c5aad80303?s=96&d=identicon&r=g","url":"https:\/\/secure.gravatar.com\/avatar\/602060b40f6a458420c2d140f49b6caea99152ce6704f2c332e5a0c5aad80303?s=96&d=identicon&r=g","contentUrl":"https:\/\/secure.gravatar.com\/avatar\/602060b40f6a458420c2d140f49b6caea99152ce6704f2c332e5a0c5aad80303?s=96&d=identicon&r=g","caption":"Jonas Follonier"},"description":"Jonas Follonier, editor-in-chief of *L\u2019Agefi* and essayist, is the founder and president of *Regard Libre*.","sameAs":["https:\/\/www.facebook.com\/jonas.follonier\/","https:\/\/www.instagram.com\/jonasfollonier\/","https:\/\/www.linkedin.com\/in\/jonasfollonier\/","https:\/\/fr.wikipedia.org\/wiki\/Le_Regard_libre"],"url":"https:\/\/leregardlibre.com\/en\/author\/jonas-follonier\/"}]}},"_links":{"self":[{"href":"https:\/\/leregardlibre.com\/en\/wp-json\/wp\/v2\/posts\/40286","targetHints":{"allow":["GET"]}}],"collection":[{"href":"https:\/\/leregardlibre.com\/en\/wp-json\/wp\/v2\/posts"}],"about":[{"href":"https:\/\/leregardlibre.com\/en\/wp-json\/wp\/v2\/types\/post"}],"author":[{"embeddable":true,"href":"https:\/\/leregardlibre.com\/en\/wp-json\/wp\/v2\/users\/138"}],"replies":[{"embeddable":true,"href":"https:\/\/leregardlibre.com\/en\/wp-json\/wp\/v2\/comments?post=40286"}],"version-history":[{"count":1,"href":"https:\/\/leregardlibre.com\/en\/wp-json\/wp\/v2\/posts\/40286\/revisions"}],"predecessor-version":[{"id":511125,"href":"https:\/\/leregardlibre.com\/en\/wp-json\/wp\/v2\/posts\/40286\/revisions\/511125"}],"wp:featuredmedia":[{"embeddable":true,"href":"https:\/\/leregardlibre.com\/en\/wp-json\/wp\/v2\/media\/40300"}],"wp:attachment":[{"href":"https:\/\/leregardlibre.com\/en\/wp-json\/wp\/v2\/media?parent=40286"}],"wp:term":[{"taxonomy":"category","embeddable":true,"href":"https:\/\/leregardlibre.com\/en\/wp-json\/wp\/v2\/categories?post=40286"},{"taxonomy":"post_tag","embeddable":true,"href":"https:\/\/leregardlibre.com\/en\/wp-json\/wp\/v2\/tags?post=40286"}],"curies":[{"name":"wp","href":"https:\/\/api.w.org\/{rel}","templated":true}]}}