{"id":42260,"date":"2021-09-01T08:54:31","date_gmt":"2021-09-01T06:54:31","guid":{"rendered":"https:\/\/leregardlibre.com\/?p=42260"},"modified":"2024-04-28T20:23:22","modified_gmt":"2024-04-28T18:23:22","slug":"le-regard-libre-debarque-en-kiosque-aujourdhui","status":"publish","type":"post","link":"https:\/\/leregardlibre.com\/en\/company\/media\/le-regard-libre-debarque-en-kiosque-aujourdhui\/","title":{"rendered":"Regard Libre hits newsstands today!"},"content":{"rendered":"<p><em>Communiqu\u00e9 pour diffusion imm\u00e9diate \u2013 La r\u00e9daction<\/em><\/p>\n\n\n\n<p class=\"has-drop-cap\"><strong><em>Le Regard Libre<\/em>\u00a0d\u00e9barque aujourd\u2019hui mercredi 1<sup>er<\/sup> septembre dans les <a data-type=\"page\" data-id=\"42381\" href=\"https:\/\/leregardlibre.com\/en\/points-of-sale\/\">kiosques de Suisse romande<\/a>. La revue souhaite ainsi donner un coup d\u2019acc\u00e9l\u00e9rateur \u00e0 son engagement pour la culture et le d\u00e9bat d\u2019id\u00e9es. Le but? Stimuler la r\u00e9flexion dans ce coin de pays. Quitte \u00e0 ce que l\u2019esprit critique soit jug\u00e9 politiquement incorrect.<\/strong><\/p>\n\n\n\n<!--more Lire le communiqu\u00e9 (en libre acc\u00e8s)-->\n\n\n\n<p>Cr\u00e9\u00e9 en 2014,&nbsp;<em>Le Regard Libre<\/em>, mensuel de 68 pages, est port\u00e9 par une vingtaine de jeunes plumes b\u00e9n\u00e9voles issues de toute la Suisse romande, ainsi que de chroniqueurs tels que la reporter <a href=\"https:\/\/leregardlibre.com\/en\/tag\/au-liban-avec-sophie-woeldgen\/\">Sophie Woeldgen<\/a> ou l\u2019auteur <a href=\"https:\/\/leregardlibre.com\/en\/tag\/the-world-according-to-quentin-mouron\/\">Quentin Mouron<\/a>. Cette \u00e9quipe se caract\u00e9rise par une envie commune de compl\u00e9ter le magma de l\u2019information par la plus-value de la r\u00e9flexion. Pluraliste, la ligne du magazine se veut ouverte aux partis pris assum\u00e9s.<\/p>\n\n\n\n<p><em>\u00abA l\u2019heure o\u00f9 un manque de curiosit\u00e9 est observ\u00e9 dans notre soci\u00e9t\u00e9, dont les diff\u00e9rentes composantes ont de la peine \u00e0 s\u2019\u00e9couter et \u00e0 se comprendre, <\/em>Le Regard Libre<em> souhaite contribuer \u00e0 la diversit\u00e9 des opinions et \u00e0 la vie d\u00e9mocratique\u00bb<\/em>, pr\u00e9cise le journaliste de 25 ans <a href=\"https:\/\/leregardlibre.com\/en\/tag\/jonas-follonier\/\">Jonas Follonier<\/a>, r\u00e9dacteur en chef et fondateur de la revue. Selon l\u2019ancien pr\u00e9sident de la Conf\u00e9d\u00e9ration <a href=\"https:\/\/leregardlibre.com\/en\/tag\/pascal-couchepins-reading\/\">Pascal Couchepin<\/a>, <em>\u00aben refusant les dogmes en tous genres, ce magazine d\u00e9fend l\u2019id\u00e9e de libert\u00e9 de pens\u00e9e et compte sur la sc\u00e8ne intellectuelle francophone\u00bb<\/em>.<\/p>\n\n\n\n<h3 class=\"wp-block-heading\"><strong>Un m\u00e9dia pour faire face aux modes intellectuelles<\/strong><\/h3>\n\n\n\n<p>Les ma\u00eetres-mots de cet ovni \u00e9ditorial? Par-del\u00e0 le flux des infos, l\u2019exigence de l\u2019analyse. Face \u00e0 la r\u00e9p\u00e9tition des m\u00eames sujets, l\u2019importance de l\u2019in\u00e9dit. Contre la tentation des opinions convenues, la valeur de l\u2019originalit\u00e9. Sans oublier l\u2019humour et l\u2019esth\u00e9tisme: les contributeurs du\u00a0<em>Regard Libre<\/em> <em>\u00abtracent des textes affranchis et ouvrent de larges espaces vers l\u2019\u00e9nergie et la force de la jeunesse\u00bb<\/em>, estime l\u2019auteure Fabienne H\u00e9ritier.<\/p>\n\n\n\n<form method=\"post\" action=\"https:\/\/newsletter.infomaniak.com\/external\/submit\" class=\"inf-form\" target=\"_blank\"><input type=\"email\" name=\"email\" style=\"display:none\"><input type=\"hidden\" name=\"key\" value=\"eyJpdiI6IlZXRVJGMlRGQUU2alNqUE81bitIUk5adnNVa0c4MllFTStzOHdHT1FQZ3c9IiwidmFsdWUiOiJIYzhwMUVCK1pTNnlhY3MyMmhuZlhReWJqemEwNk93blMxTjFHc0s2VHZrPSIsIm1hYyI6ImVhYTQ5N2I1M2NiYWE4NzBmNjk2NzgzYjliM2Y5NmYzM2E2ZmU3NGQxNTU1ZDFkMTU1MzY5NTdjYjE3ZTJmNTUifQ==\"><input type=\"hidden\" name=\"webform_id\" value=\"7291\"><style> .inf-main_3000311ca56a1cb93397bc676c0b7fff{ background-color:#f5f5f5; padding:25px 20px; margin:25px auto; } .inf-main_3000311ca56a1cb93397bc676c0b7fff .inf-content { margin-top:13px;} .inf-main_3000311ca56a1cb93397bc676c0b7fff h4, .inf-main_3000311ca56a1cb93397bc676c0b7fff span, .inf-main_3000311ca56a1cb93397bc676c0b7fff label, .inf-main_3000311ca56a1cb93397bc676c0b7fff input, .inf-main_3000311ca56a1cb93397bc676c0b7fff .inf-submit, .inf-main_3000311ca56a1cb93397bc676c0b7fff .inf-success p a { color:#555555; font-size:14px; } .inf-main_3000311ca56a1cb93397bc676c0b7fff h4{ font-size:18px; margin:0px 0px 13px 0px; } .inf-main_3000311ca56a1cb93397bc676c0b7fff h4, .inf-main_3000311ca56a1cb93397bc676c0b7fff label{ font-weight:bold; } .inf-main_3000311ca56a1cb93397bc676c0b7fff .inf-input { margin-bottom:7px; } .inf-main_3000311ca56a1cb93397bc676c0b7fff label { display:block;} .inf-main_3000311ca56a1cb93397bc676c0b7fff input{ height:35px; color:#999999; border: 1px solid #E9E9E9; border:none; padding-left:7px; } .inf-main_3000311ca56a1cb93397bc676c0b7fff .inf-input.inf-error label, .inf-main_3000311ca56a1cb93397bc676c0b7fff .inf-input.inf-error span.inf-message{ color: #cc0033; } .inf-main_3000311ca56a1cb93397bc676c0b7fff .inf-input.inf-error input{ border: 1px solid #cc0033; } .inf-main_3000311ca56a1cb93397bc676c0b7fff .inf-input input { width:100%;} .inf-main_3000311ca56a1cb93397bc676c0b7fff .inf-input.inf-error span.inf-message { display: block; } .inf-main_3000311ca56a1cb93397bc676c0b7fff .inf-submit { text-align:right;} .inf-main_3000311ca56a1cb93397bc676c0b7fff .inf-submit input{ background-color:#777777; color:#ffffff; border:none; font-weight: normal; height:auto; padding:7px; } .inf-main_3000311ca56a1cb93397bc676c0b7fff .inf-submit input.disabled{ opacity: 0.4; } .inf-btn { color: rgb(85, 85, 85); border: medium none; font-weight: normal; height: auto; padding: 7px; display: inline-block; background-color: white; box-shadow: 0px 1px 1px rgba(0, 0, 0, 0.24); border-radius: 2px; line-height: 1em; } .inf-rgpd { margin:25px 0px 15px 0px; color:#555555; } <\/style> <div class=\"inf-main_3000311ca56a1cb93397bc676c0b7fff\"> <h4>NEWSLETTER DU REGARD LIBRE<\/h4> <span>Receive our articles every Sunday.<\/span> <div class=\"inf-success\" style=\"display:none\"> <h4>Your subscription to our weekly newsletter has been successfully registered!<\/h4> <p> <a href=\"#\" class=\"inf-btn\">\u00ab<\/a> <\/p> <\/div> <div class=\"inf-content\"> <div class=\"inf-input inf-input-text\"> <input type=\"text\" name=\"inf[1]\" data-inf-meta=\"1\" data-inf-error=\"Merci de renseigner une adresse email\" required=\"required\" placeholder=\"Email\"> <\/div> <div class=\"inf-submit\"> <input type=\"submit\" name=\"\" value=\"Sign up\"> <\/div> <\/div> <\/div> <\/form>\n\n\n\n<p>Des financements d\u2019institutions priv\u00e9es \u2013 telles que la Fondation Aventinus, nouveau propri\u00e9taire du&nbsp;<em>Time<\/em>, et la Fondation pour la diversit\u00e9 des m\u00e9dias \u2013 ainsi que de m\u00e9c\u00e8nes ont rendu possible l\u2019\u00e9tape importante de l\u2019arriv\u00e9e en kiosque ce mercredi 1<sup>er<\/sup>&nbsp;septembre. Les frais usuels du m\u00e9dia \u2013 impression, diffusion, site \u2013 sont pris en charge par les abonn\u00e9s.<\/p>\n\n\n<div data-align-buttons=\"true\" data-block-name=\"woocommerce\/handpicked-products\" data-orderby=\"price_asc\" data-products=\"[50366,50371,50354]\" class=\"wc-block-grid wp-block-handpicked-products wp-block-woocommerce-handpicked-products wc-block-handpicked-products has-3-columns has-multiple-rows has-aligned-buttons\"><ul class=\"wc-block-grid__products\"><li class=\"wc-block-grid__product\">\n\t\t\t\t<a href=\"https:\/\/leregardlibre.com\/en\/product\/youth-pass-2\/\" class=\"wc-block-grid__product-link\">\n\t\t\t\t\t\n\t\t\t\t\t<div class=\"wc-block-grid__product-image\"><img fetchpriority=\"high\" decoding=\"async\" width=\"300\" height=\"226\" src=\"https:\/\/leregardlibre.com\/wp-content\/uploads\/2024\/03\/rl_abo-1-300x226.png\" class=\"attachment-woocommerce_thumbnail size-woocommerce_thumbnail\" alt=\"Youth pass\" srcset=\"https:\/\/leregardlibre.com\/wp-content\/uploads\/2024\/03\/rl_abo-1-300x226.png 300w, https:\/\/leregardlibre.com\/wp-content\/uploads\/2024\/03\/rl_abo-1-150x113.png 150w, https:\/\/leregardlibre.com\/wp-content\/uploads\/2024\/03\/rl_abo-1-768x578.png 768w, https:\/\/leregardlibre.com\/wp-content\/uploads\/2024\/03\/rl_abo-1-585x440.png 585w, https:\/\/leregardlibre.com\/wp-content\/uploads\/2024\/03\/rl_abo-1-600x452.png 600w, https:\/\/leregardlibre.com\/wp-content\/uploads\/2024\/03\/rl_abo-1.png 800w\" sizes=\"(max-width: 300px) 100vw, 300px\" \/><\/div>\n\t\t\t\t\t<div class=\"wc-block-grid__product-title\">Youth pass<\/div>\n\t\t\t\t<\/a>\n\t\t\t\t<div class=\"wc-block-grid__product-price price\"><span class=\"from\">From: <\/span><span class=\"woocommerce-Price-amount amount\"><span class=\"woocommerce-Price-currencySymbol\">CHF<\/span>2.50<\/span> <span class=\"subscription-details\"> \/ month<\/span><\/div>\n\t\t\t\t\n\t\t\t\t<div class=\"wp-block-button wc-block-grid__product-add-to-cart\"><a href=\"https:\/\/leregardlibre.com\/en\/product\/youth-pass-2\/\" aria-label=\"Select options for \u201cYouth subscription\u201d\" data-quantity=\"1\" data-product_id=\"50354\" data-product_sku=\"\" data-price=\"2.5\" rel=\"nofollow\" class=\"wp-block-button__link  add_to_cart_button\">Select options<\/a><\/div>\n\t\t\t<\/li><li class=\"wc-block-grid__product\">\n\t\t\t\t<a href=\"https:\/\/leregardlibre.com\/en\/product\/digital-subscription-2\/\" class=\"wc-block-grid__product-link\">\n\t\t\t\t\t\n\t\t\t\t\t<div class=\"wc-block-grid__product-image\"><img decoding=\"async\" width=\"300\" height=\"226\" src=\"https:\/\/leregardlibre.com\/wp-content\/uploads\/2024\/03\/rl_abo-1-300x226.png\" class=\"attachment-woocommerce_thumbnail size-woocommerce_thumbnail\" alt=\"Digital subscription\" srcset=\"https:\/\/leregardlibre.com\/wp-content\/uploads\/2024\/03\/rl_abo-1-300x226.png 300w, https:\/\/leregardlibre.com\/wp-content\/uploads\/2024\/03\/rl_abo-1-150x113.png 150w, https:\/\/leregardlibre.com\/wp-content\/uploads\/2024\/03\/rl_abo-1-768x578.png 768w, https:\/\/leregardlibre.com\/wp-content\/uploads\/2024\/03\/rl_abo-1-585x440.png 585w, https:\/\/leregardlibre.com\/wp-content\/uploads\/2024\/03\/rl_abo-1-600x452.png 600w, https:\/\/leregardlibre.com\/wp-content\/uploads\/2024\/03\/rl_abo-1.png 800w\" sizes=\"(max-width: 300px) 100vw, 300px\" \/><\/div>\n\t\t\t\t\t<div class=\"wc-block-grid__product-title\">Digital subscription<\/div>\n\t\t\t\t<\/a>\n\t\t\t\t<div class=\"wc-block-grid__product-price price\"><span class=\"from\">From: <\/span><span class=\"woocommerce-Price-amount amount\"><span class=\"woocommerce-Price-currencySymbol\">CHF<\/span>5.00<\/span> <span class=\"subscription-details\"> \/ month with a 30-day free trial and a <span class=\"woocommerce-Price-amount amount\"><span class=\"woocommerce-Price-currencySymbol\">CHF<\/span>2.50<\/span> sign-up fee<\/span><\/div>\n\t\t\t\t\n\t\t\t\t<div class=\"wp-block-button wc-block-grid__product-add-to-cart\"><a href=\"https:\/\/leregardlibre.com\/en\/product\/digital-subscription-2\/\" aria-label=\"Select options for \u201cDigital subscription\u201d\" data-quantity=\"1\" data-product_id=\"50366\" data-product_sku=\"\" data-price=\"5\" rel=\"nofollow\" class=\"wp-block-button__link  add_to_cart_button\">Select options<\/a><\/div>\n\t\t\t<\/li><li class=\"wc-block-grid__product\">\n\t\t\t\t<a href=\"https:\/\/leregardlibre.com\/en\/product\/standard-subscription\/\" class=\"wc-block-grid__product-link\">\n\t\t\t\t\t\n\t\t\t\t\t<div class=\"wc-block-grid__product-image\"><img decoding=\"async\" width=\"300\" height=\"226\" src=\"https:\/\/leregardlibre.com\/wp-content\/uploads\/2022\/07\/visuel-abonnement-rl-300x226.png\" class=\"attachment-woocommerce_thumbnail size-woocommerce_thumbnail\" alt=\"subscription le regard libre\" srcset=\"https:\/\/leregardlibre.com\/wp-content\/uploads\/2022\/07\/visuel-abonnement-rl-300x226.png 300w, https:\/\/leregardlibre.com\/wp-content\/uploads\/2022\/07\/visuel-abonnement-rl-150x113.png 150w, https:\/\/leregardlibre.com\/wp-content\/uploads\/2022\/07\/visuel-abonnement-rl-768x578.png 768w, https:\/\/leregardlibre.com\/wp-content\/uploads\/2022\/07\/visuel-abonnement-rl-585x440.png 585w, https:\/\/leregardlibre.com\/wp-content\/uploads\/2022\/07\/visuel-abonnement-rl-600x452.png 600w, https:\/\/leregardlibre.com\/wp-content\/uploads\/2022\/07\/visuel-abonnement-rl.png 800w\" sizes=\"(max-width: 300px) 100vw, 300px\" \/><\/div>\n\t\t\t\t\t<div class=\"wc-block-grid__product-title\">Standard subscription<\/div>\n\t\t\t\t<\/a>\n\t\t\t\t<div class=\"wc-block-grid__product-price price\"><span class=\"from\">From: <\/span><span class=\"woocommerce-Price-amount amount\"><span class=\"woocommerce-Price-currencySymbol\">CHF<\/span>10.00<\/span> <span class=\"subscription-details\"> \/ month with a 30-day free trial and a <span class=\"woocommerce-Price-amount amount\"><span class=\"woocommerce-Price-currencySymbol\">CHF<\/span>2.50<\/span> sign-up fee<\/span><\/div>\n\t\t\t\t\n\t\t\t\t<div class=\"wp-block-button wc-block-grid__product-add-to-cart\"><a href=\"https:\/\/leregardlibre.com\/en\/product\/standard-subscription\/\" aria-label=\"Select options for \u201cStandard subscription\u201d\" data-quantity=\"1\" data-product_id=\"50371\" data-product_sku=\"\" data-price=\"10\" rel=\"nofollow\" class=\"wp-block-button__link  add_to_cart_button\">Select options<\/a><\/div>\n\t\t\t<\/li><\/ul><\/div>\n\n\n<p>La r\u00e9daction du mensuel g\u00e9n\u00e9raliste romand est plus motiv\u00e9e que jamais dans la mission qu\u2019elle s\u2019est donn\u00e9e: combler un vide dans la vie des id\u00e9es en servant de pont entre les d\u00e9bats de fond et le grand public!<\/p>\n\n\n\n<p>Merci d\u2019avance pour la visibilit\u00e9 que vous pourrez bien donner \u00e0 cette actualit\u00e9 dans vos m\u00e9dias respectifs. Nous nous r\u00e9jouissons de pouvoir r\u00e9pondre \u00e0 vos questions.<\/p>\n\n\n\n<p><strong>Annexes<\/strong><br><a href=\"https:\/\/leregardlibre.com\/en\/cpt-editions\/le-regard-libre-no-77\/\">Sommaire et couverture du nouveau num\u00e9ro<\/a><br><a href=\"https:\/\/leregardlibre.com\/en\/team\/\">Pr\u00e9sentation et photos de l\u2019\u00e9quipe<\/a><br><a data-type=\"URL\" data-id=\"https:\/\/leregardlibre.com\/points-de-vente\/\" href=\"https:\/\/leregardlibre.com\/en\/points-of-sale\/\">Liste des points de vente o\u00f9 nous trouver<\/a><\/p>","protected":false},"excerpt":{"rendered":"<p>More reflection on information<\/p>","protected":false},"author":138,"featured_media":42266,"comment_status":"open","ping_status":"closed","sticky":false,"template":"","format":"standard","meta":{"_acf_changed":false,"footnotes":""},"categories":[644358062],"tags":[644356883,644357659,26168,769910],"class_list":["post-42260","post","type-post","status-publish","format-standard","has-post-thumbnail","hentry","category-medias","tag-communique","tag-editoriaux","tag-journalisme","tag-suisse-romande"],"acf":[],"yoast_head":"<!-- This site is optimized with the Yoast SEO Premium plugin v27.4 (Yoast SEO v27.4) - https:\/\/yoast.com\/product\/yoast-seo-premium-wordpress\/ -->\n<title>Le Regard Libre d\u00e9barque en kiosque aujourd\u2019hui!<\/title>\n<meta name=\"description\" content=\"La revue \u00abLe Regard Libre\u00bb\u00a0d\u00e9barque aujourd\u2019hui mercredi 1er septembre dans les kiosques de Suisse romande. Communiqu\u00e9\" \/>\n<meta name=\"robots\" content=\"index, follow, max-snippet:-1, max-image-preview:large, max-video-preview:-1\" \/>\n<link rel=\"canonical\" href=\"https:\/\/leregardlibre.com\/en\/company\/media\/le-regard-libre-debarque-en-kiosque-aujourdhui\/\" \/>\n<meta property=\"og:locale\" content=\"en_US\" \/>\n<meta property=\"og:type\" content=\"article\" \/>\n<meta property=\"og:title\" content=\"Le Regard Libre d\u00e9barque en kiosque aujourd\u2019hui!\" \/>\n<meta property=\"og:description\" content=\"La revue \u00abLe Regard Libre\u00bb\u00a0d\u00e9barque aujourd\u2019hui mercredi 1er septembre dans les kiosques de Suisse romande. Communiqu\u00e9\" \/>\n<meta property=\"og:url\" content=\"https:\/\/leregardlibre.com\/en\/company\/media\/le-regard-libre-debarque-en-kiosque-aujourdhui\/\" \/>\n<meta property=\"og:site_name\" content=\"Le Regard Libre\" \/>\n<meta property=\"article:publisher\" content=\"https:\/\/www.facebook.com\/leregardlibre\/\" \/>\n<meta property=\"article:author\" content=\"https:\/\/www.facebook.com\/jonas.follonier\/\" \/>\n<meta property=\"article:published_time\" content=\"2021-09-01T06:54:31+00:00\" \/>\n<meta property=\"article:modified_time\" content=\"2024-04-28T18:23:22+00:00\" \/>\n<meta property=\"og:image\" content=\"https:\/\/leregardlibre.com\/wp-content\/uploads\/2021\/09\/IMG_5586-3812783698-1630496240800-scaled.jpg\" \/>\n\t<meta property=\"og:image:width\" content=\"2560\" \/>\n\t<meta property=\"og:image:height\" content=\"1440\" \/>\n\t<meta property=\"og:image:type\" content=\"image\/jpeg\" \/>\n<meta name=\"author\" content=\"Jonas Follonier\" \/>\n<meta name=\"twitter:card\" content=\"summary_large_image\" \/>\n<meta name=\"twitter:creator\" content=\"@LeRegardLibre\" \/>\n<meta name=\"twitter:site\" content=\"@LeRegardLibre\" \/>\n<meta name=\"twitter:label1\" content=\"Written by\" \/>\n\t<meta name=\"twitter:data1\" content=\"Jonas Follonier\" \/>\n\t<meta name=\"twitter:label2\" content=\"Est. reading time\" \/>\n\t<meta name=\"twitter:data2\" content=\"3 minutes\" \/>\n<script type=\"application\/ld+json\" class=\"yoast-schema-graph\">{\"@context\":\"https:\\\/\\\/schema.org\",\"@graph\":[{\"@type\":\"Article\",\"@id\":\"https:\\\/\\\/leregardlibre.com\\\/societe\\\/medias\\\/le-regard-libre-debarque-en-kiosque-aujourdhui\\\/#article\",\"isPartOf\":{\"@id\":\"https:\\\/\\\/leregardlibre.com\\\/societe\\\/medias\\\/le-regard-libre-debarque-en-kiosque-aujourdhui\\\/\"},\"author\":{\"name\":\"Jonas Follonier\",\"@id\":\"https:\\\/\\\/leregardlibre.com\\\/#\\\/schema\\\/person\\\/bfe5aa794a23be71485d60e2d93ec0d2\"},\"headline\":\"Le Regard Libre d\u00e9barque en kiosque aujourd\u2019hui!\",\"datePublished\":\"2021-09-01T06:54:31+00:00\",\"dateModified\":\"2024-04-28T18:23:22+00:00\",\"mainEntityOfPage\":{\"@id\":\"https:\\\/\\\/leregardlibre.com\\\/societe\\\/medias\\\/le-regard-libre-debarque-en-kiosque-aujourdhui\\\/\"},\"wordCount\":527,\"commentCount\":0,\"publisher\":{\"@id\":\"https:\\\/\\\/leregardlibre.com\\\/#organization\"},\"image\":{\"@id\":\"https:\\\/\\\/leregardlibre.com\\\/societe\\\/medias\\\/le-regard-libre-debarque-en-kiosque-aujourdhui\\\/#primaryimage\"},\"thumbnailUrl\":\"https:\\\/\\\/leregardlibre.com\\\/wp-content\\\/uploads\\\/2021\\\/09\\\/IMG_5586-3812783698-1630496240800-scaled.jpg\",\"keywords\":[\"Communiqu\u00e9\",\"Editorial\",\"Journalisme\",\"Suisse romande\"],\"articleSection\":[\"M\u00e9dias\"],\"inLanguage\":\"en-US\",\"potentialAction\":[{\"@type\":\"CommentAction\",\"name\":\"Comment\",\"target\":[\"https:\\\/\\\/leregardlibre.com\\\/societe\\\/medias\\\/le-regard-libre-debarque-en-kiosque-aujourdhui\\\/#respond\"]}]},{\"@type\":\"WebPage\",\"@id\":\"https:\\\/\\\/leregardlibre.com\\\/societe\\\/medias\\\/le-regard-libre-debarque-en-kiosque-aujourdhui\\\/\",\"url\":\"https:\\\/\\\/leregardlibre.com\\\/societe\\\/medias\\\/le-regard-libre-debarque-en-kiosque-aujourdhui\\\/\",\"name\":\"Le Regard Libre d\u00e9barque en kiosque aujourd\u2019hui!\",\"isPartOf\":{\"@id\":\"https:\\\/\\\/leregardlibre.com\\\/#website\"},\"primaryImageOfPage\":{\"@id\":\"https:\\\/\\\/leregardlibre.com\\\/societe\\\/medias\\\/le-regard-libre-debarque-en-kiosque-aujourdhui\\\/#primaryimage\"},\"image\":{\"@id\":\"https:\\\/\\\/leregardlibre.com\\\/societe\\\/medias\\\/le-regard-libre-debarque-en-kiosque-aujourdhui\\\/#primaryimage\"},\"thumbnailUrl\":\"https:\\\/\\\/leregardlibre.com\\\/wp-content\\\/uploads\\\/2021\\\/09\\\/IMG_5586-3812783698-1630496240800-scaled.jpg\",\"datePublished\":\"2021-09-01T06:54:31+00:00\",\"dateModified\":\"2024-04-28T18:23:22+00:00\",\"description\":\"La revue \u00abLe Regard Libre\u00bb\u00a0d\u00e9barque aujourd\u2019hui mercredi 1er septembre dans les kiosques de Suisse romande. Communiqu\u00e9\",\"breadcrumb\":{\"@id\":\"https:\\\/\\\/leregardlibre.com\\\/societe\\\/medias\\\/le-regard-libre-debarque-en-kiosque-aujourdhui\\\/#breadcrumb\"},\"inLanguage\":\"en-US\",\"potentialAction\":[{\"@type\":\"ReadAction\",\"target\":[\"https:\\\/\\\/leregardlibre.com\\\/societe\\\/medias\\\/le-regard-libre-debarque-en-kiosque-aujourdhui\\\/\"]}]},{\"@type\":\"ImageObject\",\"inLanguage\":\"en-US\",\"@id\":\"https:\\\/\\\/leregardlibre.com\\\/societe\\\/medias\\\/le-regard-libre-debarque-en-kiosque-aujourdhui\\\/#primaryimage\",\"url\":\"https:\\\/\\\/leregardlibre.com\\\/wp-content\\\/uploads\\\/2021\\\/09\\\/IMG_5586-3812783698-1630496240800-scaled.jpg\",\"contentUrl\":\"https:\\\/\\\/leregardlibre.com\\\/wp-content\\\/uploads\\\/2021\\\/09\\\/IMG_5586-3812783698-1630496240800-scaled.jpg\",\"width\":2560,\"height\":1440,\"caption\":\"Le Regard Libre en kiosque \u00a9\u00a0Le Regard Libre\"},{\"@type\":\"BreadcrumbList\",\"@id\":\"https:\\\/\\\/leregardlibre.com\\\/societe\\\/medias\\\/le-regard-libre-debarque-en-kiosque-aujourdhui\\\/#breadcrumb\",\"itemListElement\":[{\"@type\":\"ListItem\",\"position\":1,\"name\":\"Accueil\",\"item\":\"https:\\\/\\\/leregardlibre.com\\\/\"},{\"@type\":\"ListItem\",\"position\":2,\"name\":\"Le Regard Libre d\u00e9barque en kiosque aujourd\u2019hui!\"}]},{\"@type\":\"WebSite\",\"@id\":\"https:\\\/\\\/leregardlibre.com\\\/#website\",\"url\":\"https:\\\/\\\/leregardlibre.com\\\/\",\"name\":\"Le Regard Libre\",\"description\":\"Premier mensuel suisse de d\u00e9bat\",\"publisher\":{\"@id\":\"https:\\\/\\\/leregardlibre.com\\\/#organization\"},\"potentialAction\":[{\"@type\":\"SearchAction\",\"target\":{\"@type\":\"EntryPoint\",\"urlTemplate\":\"https:\\\/\\\/leregardlibre.com\\\/?s={search_term_string}\"},\"query-input\":{\"@type\":\"PropertyValueSpecification\",\"valueRequired\":true,\"valueName\":\"search_term_string\"}}],\"inLanguage\":\"en-US\"},{\"@type\":\"Organization\",\"@id\":\"https:\\\/\\\/leregardlibre.com\\\/#organization\",\"name\":\"Le Regard Libre\",\"url\":\"https:\\\/\\\/leregardlibre.com\\\/\",\"logo\":{\"@type\":\"ImageObject\",\"inLanguage\":\"en-US\",\"@id\":\"https:\\\/\\\/leregardlibre.com\\\/#\\\/schema\\\/logo\\\/image\\\/\",\"url\":\"https:\\\/\\\/leregardlibre.com\\\/wp-content\\\/uploads\\\/2025\\\/08\\\/logo-rl-icone-neg.jpeg\",\"contentUrl\":\"https:\\\/\\\/leregardlibre.com\\\/wp-content\\\/uploads\\\/2025\\\/08\\\/logo-rl-icone-neg.jpeg\",\"width\":557,\"height\":556,\"caption\":\"Le Regard Libre\"},\"image\":{\"@id\":\"https:\\\/\\\/leregardlibre.com\\\/#\\\/schema\\\/logo\\\/image\\\/\"},\"sameAs\":[\"https:\\\/\\\/www.facebook.com\\\/leregardlibre\\\/\",\"https:\\\/\\\/x.com\\\/LeRegardLibre\",\"https:\\\/\\\/www.linkedin.com\\\/company\\\/le-regard-libre\",\"https:\\\/\\\/www.instagram.com\\\/leregardlibre\\\/\",\"http:\\\/\\\/t.me\\\/leregardlibre\",\"https:\\\/\\\/youtube.com\\\/channel\\\/UC6HzGPomj1LsUmlz-sJtITQ\"],\"description\":\"Le Regard Libre est un mensuel suisse de d\u00e9bat intellectuel et culturel. Sa r\u00e9daction est jeune, b\u00e9n\u00e9vole, lib\u00e9rale et pluraliste. Le magazine para\u00eet en ligne et sous forme papier. Sa langue est le fran\u00e7ais.\",\"email\":\"redaction@leregardlibre.com\",\"legalName\":\"Le Regard Libre\",\"foundingDate\":\"2014-01-01\",\"numberOfEmployees\":{\"@type\":\"QuantitativeValue\",\"minValue\":\"11\",\"maxValue\":\"50\"},\"publishingPrinciples\":\"https:\\\/\\\/leregardlibre.com\\\/a-propos\\\/notre-manifeste\\\/\",\"ownershipFundingInfo\":\"https:\\\/\\\/leregardlibre.com\\\/mentions-legales\\\/\",\"actionableFeedbackPolicy\":\"https:\\\/\\\/leregardlibre.com\\\/conditions-generales-de-vente\\\/\"},{\"@type\":\"Person\",\"@id\":\"https:\\\/\\\/leregardlibre.com\\\/#\\\/schema\\\/person\\\/bfe5aa794a23be71485d60e2d93ec0d2\",\"name\":\"Jonas Follonier\",\"image\":{\"@type\":\"ImageObject\",\"inLanguage\":\"en-US\",\"@id\":\"https:\\\/\\\/secure.gravatar.com\\\/avatar\\\/602060b40f6a458420c2d140f49b6caea99152ce6704f2c332e5a0c5aad80303?s=96&d=identicon&r=g\",\"url\":\"https:\\\/\\\/secure.gravatar.com\\\/avatar\\\/602060b40f6a458420c2d140f49b6caea99152ce6704f2c332e5a0c5aad80303?s=96&d=identicon&r=g\",\"contentUrl\":\"https:\\\/\\\/secure.gravatar.com\\\/avatar\\\/602060b40f6a458420c2d140f49b6caea99152ce6704f2c332e5a0c5aad80303?s=96&d=identicon&r=g\",\"caption\":\"Jonas Follonier\"},\"description\":\"Correspondant au Palais f\u00e9d\u00e9ral pour \u00abL\u2019Agefi\u00bb, auteur-compositeur-interpr\u00e8te et essayiste, Jonas Follonier est le fondateur et r\u00e9dacteur en chef du \u00abRegard Libre\u00bb.\",\"sameAs\":[\"https:\\\/\\\/www.facebook.com\\\/jonas.follonier\\\/\",\"https:\\\/\\\/www.instagram.com\\\/jonasfollonier\\\/\",\"https:\\\/\\\/www.linkedin.com\\\/in\\\/jonasfollonier\\\/\",\"https:\\\/\\\/fr.wikipedia.org\\\/wiki\\\/Le_Regard_libre\"],\"url\":\"https:\\\/\\\/leregardlibre.com\\\/en\\\/author\\\/jonas-follonier\\\/\"}]}<\/script>\n<!-- \/ Yoast SEO Premium plugin. -->","yoast_head_json":{"title":"Regard Libre hits newsstands today!","description":"La revue \u00abLe Regard Libre\u00bb\u00a0d\u00e9barque aujourd\u2019hui mercredi 1er septembre dans les kiosques de Suisse romande. Communiqu\u00e9","robots":{"index":"index","follow":"follow","max-snippet":"max-snippet:-1","max-image-preview":"max-image-preview:large","max-video-preview":"max-video-preview:-1"},"canonical":"https:\/\/leregardlibre.com\/en\/company\/media\/le-regard-libre-debarque-en-kiosque-aujourdhui\/","og_locale":"en_US","og_type":"article","og_title":"Le Regard Libre d\u00e9barque en kiosque aujourd\u2019hui!","og_description":"La revue \u00abLe Regard Libre\u00bb\u00a0d\u00e9barque aujourd\u2019hui mercredi 1er septembre dans les kiosques de Suisse romande. Communiqu\u00e9","og_url":"https:\/\/leregardlibre.com\/en\/company\/media\/le-regard-libre-debarque-en-kiosque-aujourdhui\/","og_site_name":"Le Regard Libre","article_publisher":"https:\/\/www.facebook.com\/leregardlibre\/","article_author":"https:\/\/www.facebook.com\/jonas.follonier\/","article_published_time":"2021-09-01T06:54:31+00:00","article_modified_time":"2024-04-28T18:23:22+00:00","og_image":[{"width":2560,"height":1440,"url":"https:\/\/leregardlibre.com\/wp-content\/uploads\/2021\/09\/IMG_5586-3812783698-1630496240800-scaled.jpg","type":"image\/jpeg"}],"author":"Jonas Follonier","twitter_card":"summary_large_image","twitter_creator":"@LeRegardLibre","twitter_site":"@LeRegardLibre","twitter_misc":{"Written by":"Jonas Follonier","Est. reading time":"3 minutes"},"schema":{"@context":"https:\/\/schema.org","@graph":[{"@type":"Article","@id":"https:\/\/leregardlibre.com\/societe\/medias\/le-regard-libre-debarque-en-kiosque-aujourdhui\/#article","isPartOf":{"@id":"https:\/\/leregardlibre.com\/societe\/medias\/le-regard-libre-debarque-en-kiosque-aujourdhui\/"},"author":{"name":"Jonas Follonier","@id":"https:\/\/leregardlibre.com\/#\/schema\/person\/bfe5aa794a23be71485d60e2d93ec0d2"},"headline":"Le Regard Libre d\u00e9barque en kiosque aujourd\u2019hui!","datePublished":"2021-09-01T06:54:31+00:00","dateModified":"2024-04-28T18:23:22+00:00","mainEntityOfPage":{"@id":"https:\/\/leregardlibre.com\/societe\/medias\/le-regard-libre-debarque-en-kiosque-aujourdhui\/"},"wordCount":527,"commentCount":0,"publisher":{"@id":"https:\/\/leregardlibre.com\/#organization"},"image":{"@id":"https:\/\/leregardlibre.com\/societe\/medias\/le-regard-libre-debarque-en-kiosque-aujourdhui\/#primaryimage"},"thumbnailUrl":"https:\/\/leregardlibre.com\/wp-content\/uploads\/2021\/09\/IMG_5586-3812783698-1630496240800-scaled.jpg","keywords":["Communiqu\u00e9","Editorial","Journalisme","Suisse romande"],"articleSection":["M\u00e9dias"],"inLanguage":"en-US","potentialAction":[{"@type":"CommentAction","name":"Comment","target":["https:\/\/leregardlibre.com\/societe\/medias\/le-regard-libre-debarque-en-kiosque-aujourdhui\/#respond"]}]},{"@type":"WebPage","@id":"https:\/\/leregardlibre.com\/societe\/medias\/le-regard-libre-debarque-en-kiosque-aujourdhui\/","url":"https:\/\/leregardlibre.com\/societe\/medias\/le-regard-libre-debarque-en-kiosque-aujourdhui\/","name":"Regard Libre hits newsstands today!","isPartOf":{"@id":"https:\/\/leregardlibre.com\/#website"},"primaryImageOfPage":{"@id":"https:\/\/leregardlibre.com\/societe\/medias\/le-regard-libre-debarque-en-kiosque-aujourdhui\/#primaryimage"},"image":{"@id":"https:\/\/leregardlibre.com\/societe\/medias\/le-regard-libre-debarque-en-kiosque-aujourdhui\/#primaryimage"},"thumbnailUrl":"https:\/\/leregardlibre.com\/wp-content\/uploads\/2021\/09\/IMG_5586-3812783698-1630496240800-scaled.jpg","datePublished":"2021-09-01T06:54:31+00:00","dateModified":"2024-04-28T18:23:22+00:00","description":"La revue \u00abLe Regard Libre\u00bb\u00a0d\u00e9barque aujourd\u2019hui mercredi 1er septembre dans les kiosques de Suisse romande. Communiqu\u00e9","breadcrumb":{"@id":"https:\/\/leregardlibre.com\/societe\/medias\/le-regard-libre-debarque-en-kiosque-aujourdhui\/#breadcrumb"},"inLanguage":"en-US","potentialAction":[{"@type":"ReadAction","target":["https:\/\/leregardlibre.com\/societe\/medias\/le-regard-libre-debarque-en-kiosque-aujourdhui\/"]}]},{"@type":"ImageObject","inLanguage":"en-US","@id":"https:\/\/leregardlibre.com\/societe\/medias\/le-regard-libre-debarque-en-kiosque-aujourdhui\/#primaryimage","url":"https:\/\/leregardlibre.com\/wp-content\/uploads\/2021\/09\/IMG_5586-3812783698-1630496240800-scaled.jpg","contentUrl":"https:\/\/leregardlibre.com\/wp-content\/uploads\/2021\/09\/IMG_5586-3812783698-1630496240800-scaled.jpg","width":2560,"height":1440,"caption":"Le Regard Libre en kiosque \u00a9\u00a0Le Regard Libre"},{"@type":"BreadcrumbList","@id":"https:\/\/leregardlibre.com\/societe\/medias\/le-regard-libre-debarque-en-kiosque-aujourdhui\/#breadcrumb","itemListElement":[{"@type":"ListItem","position":1,"name":"Accueil","item":"https:\/\/leregardlibre.com\/"},{"@type":"ListItem","position":2,"name":"Le Regard Libre d\u00e9barque en kiosque aujourd\u2019hui!"}]},{"@type":"WebSite","@id":"https:\/\/leregardlibre.com\/#website","url":"https:\/\/leregardlibre.com\/","name":"Le Regard Libre","description":"Switzerland's first monthly debate magazine","publisher":{"@id":"https:\/\/leregardlibre.com\/#organization"},"potentialAction":[{"@type":"SearchAction","target":{"@type":"EntryPoint","urlTemplate":"https:\/\/leregardlibre.com\/?s={search_term_string}"},"query-input":{"@type":"PropertyValueSpecification","valueRequired":true,"valueName":"search_term_string"}}],"inLanguage":"en-US"},{"@type":"Organization","@id":"https:\/\/leregardlibre.com\/#organization","name":"Le Regard Libre","url":"https:\/\/leregardlibre.com\/","logo":{"@type":"ImageObject","inLanguage":"en-US","@id":"https:\/\/leregardlibre.com\/#\/schema\/logo\/image\/","url":"https:\/\/leregardlibre.com\/wp-content\/uploads\/2025\/08\/logo-rl-icone-neg.jpeg","contentUrl":"https:\/\/leregardlibre.com\/wp-content\/uploads\/2025\/08\/logo-rl-icone-neg.jpeg","width":557,"height":556,"caption":"Le Regard Libre"},"image":{"@id":"https:\/\/leregardlibre.com\/#\/schema\/logo\/image\/"},"sameAs":["https:\/\/www.facebook.com\/leregardlibre\/","https:\/\/x.com\/LeRegardLibre","https:\/\/www.linkedin.com\/company\/le-regard-libre","https:\/\/www.instagram.com\/leregardlibre\/","http:\/\/t.me\/leregardlibre","https:\/\/youtube.com\/channel\/UC6HzGPomj1LsUmlz-sJtITQ"],"description":"Le Regard Libre is a Swiss monthly magazine for intellectual and cultural debate. Its editorial team is young, voluntary, liberal and pluralist. The magazine appears online and in print. Its language is French.","email":"redaction@leregardlibre.com","legalName":"Le Regard Libre","foundingDate":"2014-01-01","numberOfEmployees":{"@type":"QuantitativeValue","minValue":"11","maxValue":"50"},"publishingPrinciples":"https:\/\/leregardlibre.com\/a-propos\/notre-manifeste\/","ownershipFundingInfo":"https:\/\/leregardlibre.com\/mentions-legales\/","actionableFeedbackPolicy":"https:\/\/leregardlibre.com\/conditions-generales-de-vente\/"},{"@type":"Person","@id":"https:\/\/leregardlibre.com\/#\/schema\/person\/bfe5aa794a23be71485d60e2d93ec0d2","name":"Jonas Follonier","image":{"@type":"ImageObject","inLanguage":"en-US","@id":"https:\/\/secure.gravatar.com\/avatar\/602060b40f6a458420c2d140f49b6caea99152ce6704f2c332e5a0c5aad80303?s=96&d=identicon&r=g","url":"https:\/\/secure.gravatar.com\/avatar\/602060b40f6a458420c2d140f49b6caea99152ce6704f2c332e5a0c5aad80303?s=96&d=identicon&r=g","contentUrl":"https:\/\/secure.gravatar.com\/avatar\/602060b40f6a458420c2d140f49b6caea99152ce6704f2c332e5a0c5aad80303?s=96&d=identicon&r=g","caption":"Jonas Follonier"},"description":"Federal Palace correspondent for \u00abL'Agefi\u00bb, singer-songwriter Jonas Follonier is the founder and editor-in-chief of \u00abRegard Libre\u00bb.","sameAs":["https:\/\/www.facebook.com\/jonas.follonier\/","https:\/\/www.instagram.com\/jonasfollonier\/","https:\/\/www.linkedin.com\/in\/jonasfollonier\/","https:\/\/fr.wikipedia.org\/wiki\/Le_Regard_libre"],"url":"https:\/\/leregardlibre.com\/en\/author\/jonas-follonier\/"}]}},"_links":{"self":[{"href":"https:\/\/leregardlibre.com\/en\/wp-json\/wp\/v2\/posts\/42260","targetHints":{"allow":["GET"]}}],"collection":[{"href":"https:\/\/leregardlibre.com\/en\/wp-json\/wp\/v2\/posts"}],"about":[{"href":"https:\/\/leregardlibre.com\/en\/wp-json\/wp\/v2\/types\/post"}],"author":[{"embeddable":true,"href":"https:\/\/leregardlibre.com\/en\/wp-json\/wp\/v2\/users\/138"}],"replies":[{"embeddable":true,"href":"https:\/\/leregardlibre.com\/en\/wp-json\/wp\/v2\/comments?post=42260"}],"version-history":[{"count":2,"href":"https:\/\/leregardlibre.com\/en\/wp-json\/wp\/v2\/posts\/42260\/revisions"}],"predecessor-version":[{"id":515242,"href":"https:\/\/leregardlibre.com\/en\/wp-json\/wp\/v2\/posts\/42260\/revisions\/515242"}],"wp:featuredmedia":[{"embeddable":true,"href":"https:\/\/leregardlibre.com\/en\/wp-json\/wp\/v2\/media\/42266"}],"wp:attachment":[{"href":"https:\/\/leregardlibre.com\/en\/wp-json\/wp\/v2\/media?parent=42260"}],"wp:term":[{"taxonomy":"category","embeddable":true,"href":"https:\/\/leregardlibre.com\/en\/wp-json\/wp\/v2\/categories?post=42260"},{"taxonomy":"post_tag","embeddable":true,"href":"https:\/\/leregardlibre.com\/en\/wp-json\/wp\/v2\/tags?post=42260"}],"curies":[{"name":"wp","href":"https:\/\/api.w.org\/{rel}","templated":true}]}}