{"id":42290,"date":"2021-09-03T06:00:00","date_gmt":"2021-09-03T04:00:00","guid":{"rendered":"https:\/\/leregardlibre.com\/?p=42290"},"modified":"2022-12-26T09:56:53","modified_gmt":"2022-12-26T08:56:53","slug":"au-dela-du-clivage-gauche-droite-la-querelle-de-luniversel","status":"publish","type":"post","link":"https:\/\/leregardlibre.com\/en\/policy\/au-dela-du-clivage-gauche-droite-la-querelle-de-luniversel\/","title":{"rendered":"Beyond the left-right divide, the universal quarrel"},"content":{"rendered":"<p><em><a href=\"https:\/\/leregardlibre.com\/en\/product\/le-regard-libre-no-77\/\">Le Regard Libre N\u00b0 77<\/a> - <a href=\"https:\/\/leregardlibre.com\/en\/tag\/jonas-follonier\/\">Jonas Follonier<\/a><\/em><\/p>\n\n\n\n<p class=\"has-drop-cap\"><strong>The left-right divide still exists on some issues. <\/strong>These include the minimum wage, the single insurance fund and, more generally, the question of how a society can, and should, reduce poverty. Some observers of Swiss political life, such as Vaud historian Olivier Meuwly, even see in the positions taken on the management of Covid-19 a general opposition between those who prioritize equality and those who put it second to freedom. The <a href=\"https:\/\/leregardlibre.com\/en\/policy\/left-and-right-according-to-olivier-meuwly\/\">the very definition of left and right<\/a> according to the liberal-radical thinker.<\/p>\n\n\n\n<!--more Lire l\u2019\u00e9dito (en libre acc\u00e8s)-->\n\n\n\n<p><strong>Mais d\u2019autres clivages essentiels ont cours au sein de la soci\u00e9t\u00e9 et dans les d\u00e9bats intellectuels, politiques, acad\u00e9miques, id\u00e9ologiques. <\/strong>Les pro- et les anti-mondialisation, par exemple, ne recoupent pas exactement la gauche et la droite. Typiquement, il existe une droite souverainiste hostile \u00e0 la globalisation qui, sur cette question, peut se retrouver main dans la main avec une partie de la gauche syndicaliste. Le r\u00e9cent dossier de l\u2019accord-cadre de la Suisse avec l\u2019Union europ\u00e9enne l\u2019a montr\u00e9.<\/p>\n\n\n\n\n\n<p><strong>L\u2019un des nouveaux clivages \u00e0 l\u2019\u00e9chelon occidental dont il est urgent de saisir l\u2019importance oppose les r\u00e9publicains aux communautaristes. <\/strong>Faut-il \u00eatre indiff\u00e9rent, sur le plan civil, \u00e0 l\u2019origine ethnique, au genre ou encore \u00e0 l\u2019orientation sexuelle et consid\u00e9rer que la seule communaut\u00e9 qui vaille est une union politique? Ou faut-il ne voir dans une soci\u00e9t\u00e9 que des Blancs, des Noirs, des hommes cisgenres, des lesbiennes, des v\u00e9ganes non binaires et cr\u00e9er des lois pour lutter contre le \u00abracisme structurel\u00bb et la \u00abculture du viol\u00bb de ladite soci\u00e9t\u00e9?<\/p>\n\n\n\n<p>Read also | <a href=\"https:\/\/leregardlibre.com\/en\/policy\/polemics-at-the-liberty-of-repentance\/\">Pol\u00e9mique \u00e0 <em>La Libert\u00e9<\/em>: l&#8217;\u00e8re de la repentance<\/a><\/p>\n\n\n\n<p><strong>C\u2019est une certaine gauche actuelle qui fait sienne cette seconde id\u00e9e, <\/strong>faisant rejaillir les \u00e9tudes \u00abraciales\u00bb, les r\u00e9unions non-ouvertes \u00e0 l\u2019un des deux sexes&nbsp;\u2013 bref, du diff\u00e9rentialisme, de la discrimination (\u00abpositive\u00bb). A bien y r\u00e9fl\u00e9chir, ce n\u2019est pas surprenant, tous les totalitarismes du XX<sup>th<\/sup>&nbsp;si\u00e8cle ayant, \u00e0 la base, quelque chose \u00e0 voir avec la gauche.<\/p>\n\n\n\n\n\n<p><strong>L\u2019anti-racisme est un bonne porte d\u2019entr\u00e9e dans cette discussion indispensable; le f\u00e9minisme \u00e9galement. <\/strong>On compte aujourd\u2019hui au moins deux genres de f\u00e9minismes, radicalement diff\u00e9rents l\u2019un de l\u2019autre.&nbsp;D\u2019un c\u00f4t\u00e9, le f\u00e9minisme universaliste, d\u00e9fendant simplement la sp\u00e9cificit\u00e9 de l\u2019\u00eatre humain, les droits de l\u2019individu quel qu\u2019il soit. De l\u2019autre, le f\u00e9minisme intersectionnel, o\u00f9 il s\u2019agit de d\u00e9fendre la femme en tant qu\u2019entit\u00e9 oppress\u00e9e et politique, au m\u00eame titre que le (post-)colonis\u00e9 ou la \u00abpersonne LGBT\u00bb.<\/p>\n\n\n\n<p><strong>Or, si ce combat d\u2019id\u00e9es opposant les r\u00e9publicains aux clanistes peut avoir lieu, c\u2019est bien parce que les premiers ne l\u2019ont pas (encore?) perdu. <\/strong>D\u00e9fendre le mod\u00e8le de la d\u00e9mocratie lib\u00e9rale, c\u2019est d\u00e9fendre le pluralisme des sensibilit\u00e9s se tol\u00e9rant les unes les autres. Et c\u2019est d\u00e9fendre un r\u00e9gime politique o\u00f9 nulle revendication n\u2019est cens\u00e9e pouvoir empi\u00e9ter sur les libert\u00e9s individuelles.<\/p>\n\n\n\n<form method=\"post\" action=\"https:\/\/newsletter.infomaniak.com\/external\/submit\" class=\"inf-form\" target=\"_blank\"><input type=\"email\" name=\"email\" style=\"display:none\"><input type=\"hidden\" name=\"key\" value=\"eyJpdiI6IlZXRVJGMlRGQUU2alNqUE81bitIUk5adnNVa0c4MllFTStzOHdHT1FQZ3c9IiwidmFsdWUiOiJIYzhwMUVCK1pTNnlhY3MyMmhuZlhReWJqemEwNk93blMxTjFHc0s2VHZrPSIsIm1hYyI6ImVhYTQ5N2I1M2NiYWE4NzBmNjk2NzgzYjliM2Y5NmYzM2E2ZmU3NGQxNTU1ZDFkMTU1MzY5NTdjYjE3ZTJmNTUifQ==\"><input type=\"hidden\" name=\"webform_id\" value=\"7291\"><style> .inf-main_3000311ca56a1cb93397bc676c0b7fff{ background-color:#f5f5f5; padding:25px 20px; margin:25px auto; } .inf-main_3000311ca56a1cb93397bc676c0b7fff .inf-content { margin-top:13px;} .inf-main_3000311ca56a1cb93397bc676c0b7fff h4, .inf-main_3000311ca56a1cb93397bc676c0b7fff span, .inf-main_3000311ca56a1cb93397bc676c0b7fff label, .inf-main_3000311ca56a1cb93397bc676c0b7fff input, .inf-main_3000311ca56a1cb93397bc676c0b7fff .inf-submit, .inf-main_3000311ca56a1cb93397bc676c0b7fff .inf-success p a { color:#555555; font-size:14px; } .inf-main_3000311ca56a1cb93397bc676c0b7fff h4{ font-size:18px; margin:0px 0px 13px 0px; } .inf-main_3000311ca56a1cb93397bc676c0b7fff h4, .inf-main_3000311ca56a1cb93397bc676c0b7fff label{ font-weight:bold; } .inf-main_3000311ca56a1cb93397bc676c0b7fff .inf-input { margin-bottom:7px; } .inf-main_3000311ca56a1cb93397bc676c0b7fff label { display:block;} .inf-main_3000311ca56a1cb93397bc676c0b7fff input{ height:35px; color:#999999; border: 1px solid #E9E9E9; border:none; padding-left:7px; } .inf-main_3000311ca56a1cb93397bc676c0b7fff .inf-input.inf-error label, .inf-main_3000311ca56a1cb93397bc676c0b7fff .inf-input.inf-error span.inf-message{ color: #cc0033; } .inf-main_3000311ca56a1cb93397bc676c0b7fff .inf-input.inf-error input{ border: 1px solid #cc0033; } .inf-main_3000311ca56a1cb93397bc676c0b7fff .inf-input input { width:100%;} .inf-main_3000311ca56a1cb93397bc676c0b7fff .inf-input.inf-error span.inf-message { display: block; } .inf-main_3000311ca56a1cb93397bc676c0b7fff .inf-submit { text-align:right;} .inf-main_3000311ca56a1cb93397bc676c0b7fff .inf-submit input{ background-color:#777777; color:#ffffff; border:none; font-weight: normal; height:auto; padding:7px; } .inf-main_3000311ca56a1cb93397bc676c0b7fff .inf-submit input.disabled{ opacity: 0.4; } .inf-btn { color: rgb(85, 85, 85); border: medium none; font-weight: normal; height: auto; padding: 7px; display: inline-block; background-color: white; box-shadow: 0px 1px 1px rgba(0, 0, 0, 0.24); border-radius: 2px; line-height: 1em; } .inf-rgpd { margin:25px 0px 15px 0px; color:#555555; } <\/style> <div class=\"inf-main_3000311ca56a1cb93397bc676c0b7fff\"> <h4>NEWSLETTER DU REGARD LIBRE<\/h4> <span>Receive our articles every Sunday.<\/span> <div class=\"inf-success\" style=\"display:none\"> <h4>Your subscription to our weekly newsletter has been successfully registered!<\/h4> <p> <a href=\"#\" class=\"inf-btn\">\u00ab<\/a> <\/p> <\/div> <div class=\"inf-content\"> <div class=\"inf-input inf-input-text\"> <input type=\"text\" name=\"inf[1]\" data-inf-meta=\"1\" data-inf-error=\"Merci de renseigner une adresse email\" required=\"required\" placeholder=\"Email\"> <\/div> <div class=\"inf-submit\"> <input type=\"submit\" name=\"\" value=\"Sign up\"> <\/div> <\/div> <\/div> <\/form>\n\n\n\n<p><strong>Le sociologue qu\u00e9becois <a href=\"https:\/\/leregardlibre.com\/en\/policy\/mathieu-bock-cote-il-y-a-une-corruption-intellectuelle-des-sciences-sociales\/\">Mathieu Bock-C\u00f4t\u00e9<\/a> a choisi son camp, montant au cr\u00e9neau contre le \u00abr\u00e9gime diversitaire\u00bb.<\/strong> Son analyse, passionnante, est \u00e9videmment sujette \u00e0 d\u00e9bat. Et c\u2019est en vertu de la d\u00e9mocratie lib\u00e9rale, r\u00e9publicaine, elle-m\u00eame que les adversaires de cette vision seront libres de la critiquer.<\/p>\n\n\n\n<p><em>Write to the author: <a href=\"mailto:jonas.follonier@leregardlibre.com\">jonas.follonier@leregardlibre.com<\/a><\/em><\/p>\n\n\n\n<p>Drawing: \u00a9 Nathana\u00ebl Schmid for&nbsp;<em>Le Regard Libre<\/em><\/p>","protected":false},"excerpt":{"rendered":"<p>Editorial by Jonas Follonier<\/p>","protected":false},"author":138,"featured_media":0,"comment_status":"open","ping_status":"closed","sticky":false,"template":"","format":"standard","meta":{"_acf_changed":false,"footnotes":""},"categories":[1001],"tags":[469062,644356892,801668,644339114,644357659,67793,644356886,644356349,644356893,644355397],"class_list":["post-42290","post","type-post","status-publish","format-standard","hentry","category-politique","tag-antiracisme","tag-clanisme","tag-communautarisme","tag-democratie-liberale","tag-editoriaux","tag-feminisme","tag-mathieu-bock-cote","tag-pluralisme","tag-regime-diversitaire","tag-universalisme"],"acf":[],"yoast_head":"<!-- This site is optimized with the Yoast SEO Premium plugin v27.4 (Yoast SEO v27.4) - https:\/\/yoast.com\/product\/yoast-seo-premium-wordpress\/ -->\n<title>Au-del\u00e0 du clivage gauche-droite, la querelle de l&#039;universel<\/title>\n<meta name=\"robots\" content=\"index, follow, max-snippet:-1, max-image-preview:large, max-video-preview:-1\" \/>\n<link rel=\"canonical\" href=\"https:\/\/leregardlibre.com\/en\/policy\/au-dela-du-clivage-gauche-droite-la-querelle-de-luniversel\/\" \/>\n<meta property=\"og:locale\" content=\"en_US\" \/>\n<meta property=\"og:type\" content=\"article\" \/>\n<meta property=\"og:title\" content=\"Au-del\u00e0 du clivage gauche-droite, la querelle de l&#039;universel\" \/>\n<meta property=\"og:description\" content=\"L&#039;\u00e9dito de Jonas Follonier\" \/>\n<meta property=\"og:url\" content=\"https:\/\/leregardlibre.com\/en\/policy\/au-dela-du-clivage-gauche-droite-la-querelle-de-luniversel\/\" \/>\n<meta property=\"og:site_name\" content=\"Le Regard Libre\" \/>\n<meta property=\"article:publisher\" content=\"https:\/\/www.facebook.com\/leregardlibre\/\" \/>\n<meta property=\"article:author\" content=\"https:\/\/www.facebook.com\/jonas.follonier\/\" \/>\n<meta property=\"article:published_time\" content=\"2021-09-03T04:00:00+00:00\" \/>\n<meta property=\"article:modified_time\" content=\"2022-12-26T08:56:53+00:00\" \/>\n<meta property=\"og:image\" content=\"https:\/\/leregardlibre.com\/wp-content\/uploads\/2022\/08\/Jonas-Follonier-\u00a9-Nathanae\u0308l-Schmid-pour-Le-Regard-Libre.webp\" \/>\n\t<meta property=\"og:image:width\" content=\"1038\" \/>\n\t<meta property=\"og:image:height\" content=\"576\" \/>\n\t<meta property=\"og:image:type\" content=\"image\/webp\" \/>\n<meta name=\"author\" content=\"Jonas Follonier\" \/>\n<meta name=\"twitter:card\" content=\"summary_large_image\" \/>\n<meta name=\"twitter:creator\" content=\"@LeRegardLibre\" \/>\n<meta name=\"twitter:site\" content=\"@LeRegardLibre\" \/>\n<meta name=\"twitter:label1\" content=\"Written by\" \/>\n\t<meta name=\"twitter:data1\" content=\"Jonas Follonier\" \/>\n\t<meta name=\"twitter:label2\" content=\"Est. reading time\" \/>\n\t<meta name=\"twitter:data2\" content=\"4 minutes\" \/>\n<script type=\"application\/ld+json\" class=\"yoast-schema-graph\">{\"@context\":\"https:\\\/\\\/schema.org\",\"@graph\":[{\"@type\":\"Article\",\"@id\":\"https:\\\/\\\/leregardlibre.com\\\/politique\\\/au-dela-du-clivage-gauche-droite-la-querelle-de-luniversel\\\/#article\",\"isPartOf\":{\"@id\":\"https:\\\/\\\/leregardlibre.com\\\/politique\\\/au-dela-du-clivage-gauche-droite-la-querelle-de-luniversel\\\/\"},\"author\":{\"name\":\"Jonas Follonier\",\"@id\":\"https:\\\/\\\/leregardlibre.com\\\/#\\\/schema\\\/person\\\/bfe5aa794a23be71485d60e2d93ec0d2\"},\"headline\":\"Au-del\u00e0 du clivage gauche-droite, la querelle de l&#8217;universel\",\"datePublished\":\"2021-09-03T04:00:00+00:00\",\"dateModified\":\"2022-12-26T08:56:53+00:00\",\"mainEntityOfPage\":{\"@id\":\"https:\\\/\\\/leregardlibre.com\\\/politique\\\/au-dela-du-clivage-gauche-droite-la-querelle-de-luniversel\\\/\"},\"wordCount\":650,\"commentCount\":0,\"publisher\":{\"@id\":\"https:\\\/\\\/leregardlibre.com\\\/#organization\"},\"keywords\":[\"Antiracisme\",\"clanisme\",\"Communautarisme\",\"D\u00e9mocratie lib\u00e9rale\",\"Editorial\",\"F\u00e9minisme\",\"Mathieu Bock-C\u00f4t\u00e9\",\"Pluralisme\",\"r\u00e9gime diversitaire\",\"Universalisme\"],\"articleSection\":[\"Politique\"],\"inLanguage\":\"en-US\",\"potentialAction\":[{\"@type\":\"CommentAction\",\"name\":\"Comment\",\"target\":[\"https:\\\/\\\/leregardlibre.com\\\/politique\\\/au-dela-du-clivage-gauche-droite-la-querelle-de-luniversel\\\/#respond\"]}]},{\"@type\":\"WebPage\",\"@id\":\"https:\\\/\\\/leregardlibre.com\\\/politique\\\/au-dela-du-clivage-gauche-droite-la-querelle-de-luniversel\\\/\",\"url\":\"https:\\\/\\\/leregardlibre.com\\\/politique\\\/au-dela-du-clivage-gauche-droite-la-querelle-de-luniversel\\\/\",\"name\":\"Au-del\u00e0 du clivage gauche-droite, la querelle de l'universel\",\"isPartOf\":{\"@id\":\"https:\\\/\\\/leregardlibre.com\\\/#website\"},\"datePublished\":\"2021-09-03T04:00:00+00:00\",\"dateModified\":\"2022-12-26T08:56:53+00:00\",\"breadcrumb\":{\"@id\":\"https:\\\/\\\/leregardlibre.com\\\/politique\\\/au-dela-du-clivage-gauche-droite-la-querelle-de-luniversel\\\/#breadcrumb\"},\"inLanguage\":\"en-US\",\"potentialAction\":[{\"@type\":\"ReadAction\",\"target\":[\"https:\\\/\\\/leregardlibre.com\\\/politique\\\/au-dela-du-clivage-gauche-droite-la-querelle-de-luniversel\\\/\"]}]},{\"@type\":\"BreadcrumbList\",\"@id\":\"https:\\\/\\\/leregardlibre.com\\\/politique\\\/au-dela-du-clivage-gauche-droite-la-querelle-de-luniversel\\\/#breadcrumb\",\"itemListElement\":[{\"@type\":\"ListItem\",\"position\":1,\"name\":\"Accueil\",\"item\":\"https:\\\/\\\/leregardlibre.com\\\/\"},{\"@type\":\"ListItem\",\"position\":2,\"name\":\"Au-del\u00e0 du clivage gauche-droite, la querelle de l&#8217;universel\"}]},{\"@type\":\"WebSite\",\"@id\":\"https:\\\/\\\/leregardlibre.com\\\/#website\",\"url\":\"https:\\\/\\\/leregardlibre.com\\\/\",\"name\":\"Le Regard Libre\",\"description\":\"Premier mensuel suisse de d\u00e9bat\",\"publisher\":{\"@id\":\"https:\\\/\\\/leregardlibre.com\\\/#organization\"},\"potentialAction\":[{\"@type\":\"SearchAction\",\"target\":{\"@type\":\"EntryPoint\",\"urlTemplate\":\"https:\\\/\\\/leregardlibre.com\\\/?s={search_term_string}\"},\"query-input\":{\"@type\":\"PropertyValueSpecification\",\"valueRequired\":true,\"valueName\":\"search_term_string\"}}],\"inLanguage\":\"en-US\"},{\"@type\":\"Organization\",\"@id\":\"https:\\\/\\\/leregardlibre.com\\\/#organization\",\"name\":\"Le Regard Libre\",\"url\":\"https:\\\/\\\/leregardlibre.com\\\/\",\"logo\":{\"@type\":\"ImageObject\",\"inLanguage\":\"en-US\",\"@id\":\"https:\\\/\\\/leregardlibre.com\\\/#\\\/schema\\\/logo\\\/image\\\/\",\"url\":\"https:\\\/\\\/leregardlibre.com\\\/wp-content\\\/uploads\\\/2025\\\/08\\\/logo-rl-icone-neg.jpeg\",\"contentUrl\":\"https:\\\/\\\/leregardlibre.com\\\/wp-content\\\/uploads\\\/2025\\\/08\\\/logo-rl-icone-neg.jpeg\",\"width\":557,\"height\":556,\"caption\":\"Le Regard Libre\"},\"image\":{\"@id\":\"https:\\\/\\\/leregardlibre.com\\\/#\\\/schema\\\/logo\\\/image\\\/\"},\"sameAs\":[\"https:\\\/\\\/www.facebook.com\\\/leregardlibre\\\/\",\"https:\\\/\\\/x.com\\\/LeRegardLibre\",\"https:\\\/\\\/www.linkedin.com\\\/company\\\/le-regard-libre\",\"https:\\\/\\\/www.instagram.com\\\/leregardlibre\\\/\",\"http:\\\/\\\/t.me\\\/leregardlibre\",\"https:\\\/\\\/youtube.com\\\/channel\\\/UC6HzGPomj1LsUmlz-sJtITQ\"],\"description\":\"Le Regard Libre est un mensuel suisse de d\u00e9bat intellectuel et culturel. Sa r\u00e9daction est jeune, b\u00e9n\u00e9vole, lib\u00e9rale et pluraliste. Le magazine para\u00eet en ligne et sous forme papier. Sa langue est le fran\u00e7ais.\",\"email\":\"redaction@leregardlibre.com\",\"legalName\":\"Le Regard Libre\",\"foundingDate\":\"2014-01-01\",\"numberOfEmployees\":{\"@type\":\"QuantitativeValue\",\"minValue\":\"11\",\"maxValue\":\"50\"},\"publishingPrinciples\":\"https:\\\/\\\/leregardlibre.com\\\/a-propos\\\/notre-manifeste\\\/\",\"ownershipFundingInfo\":\"https:\\\/\\\/leregardlibre.com\\\/mentions-legales\\\/\",\"actionableFeedbackPolicy\":\"https:\\\/\\\/leregardlibre.com\\\/conditions-generales-de-vente\\\/\"},{\"@type\":\"Person\",\"@id\":\"https:\\\/\\\/leregardlibre.com\\\/#\\\/schema\\\/person\\\/bfe5aa794a23be71485d60e2d93ec0d2\",\"name\":\"Jonas Follonier\",\"image\":{\"@type\":\"ImageObject\",\"inLanguage\":\"en-US\",\"@id\":\"https:\\\/\\\/secure.gravatar.com\\\/avatar\\\/602060b40f6a458420c2d140f49b6caea99152ce6704f2c332e5a0c5aad80303?s=96&d=identicon&r=g\",\"url\":\"https:\\\/\\\/secure.gravatar.com\\\/avatar\\\/602060b40f6a458420c2d140f49b6caea99152ce6704f2c332e5a0c5aad80303?s=96&d=identicon&r=g\",\"contentUrl\":\"https:\\\/\\\/secure.gravatar.com\\\/avatar\\\/602060b40f6a458420c2d140f49b6caea99152ce6704f2c332e5a0c5aad80303?s=96&d=identicon&r=g\",\"caption\":\"Jonas Follonier\"},\"description\":\"Correspondant au Palais f\u00e9d\u00e9ral pour \u00abL\u2019Agefi\u00bb, auteur-compositeur-interpr\u00e8te et essayiste, Jonas Follonier est le fondateur et r\u00e9dacteur en chef du \u00abRegard Libre\u00bb.\",\"sameAs\":[\"https:\\\/\\\/www.facebook.com\\\/jonas.follonier\\\/\",\"https:\\\/\\\/www.instagram.com\\\/jonasfollonier\\\/\",\"https:\\\/\\\/www.linkedin.com\\\/in\\\/jonasfollonier\\\/\",\"https:\\\/\\\/fr.wikipedia.org\\\/wiki\\\/Le_Regard_libre\"],\"url\":\"https:\\\/\\\/leregardlibre.com\\\/en\\\/author\\\/jonas-follonier\\\/\"}]}<\/script>\n<!-- \/ Yoast SEO Premium plugin. -->","yoast_head_json":{"title":"Au-del\u00e0 du clivage gauche-droite, la querelle de l'universel","robots":{"index":"index","follow":"follow","max-snippet":"max-snippet:-1","max-image-preview":"max-image-preview:large","max-video-preview":"max-video-preview:-1"},"canonical":"https:\/\/leregardlibre.com\/en\/policy\/au-dela-du-clivage-gauche-droite-la-querelle-de-luniversel\/","og_locale":"en_US","og_type":"article","og_title":"Au-del\u00e0 du clivage gauche-droite, la querelle de l'universel","og_description":"L'\u00e9dito de Jonas Follonier","og_url":"https:\/\/leregardlibre.com\/en\/policy\/au-dela-du-clivage-gauche-droite-la-querelle-de-luniversel\/","og_site_name":"Le Regard Libre","article_publisher":"https:\/\/www.facebook.com\/leregardlibre\/","article_author":"https:\/\/www.facebook.com\/jonas.follonier\/","article_published_time":"2021-09-03T04:00:00+00:00","article_modified_time":"2022-12-26T08:56:53+00:00","og_image":[{"width":1038,"height":576,"url":"https:\/\/leregardlibre.com\/wp-content\/uploads\/2022\/08\/Jonas-Follonier-\u00a9-Nathanae\u0308l-Schmid-pour-Le-Regard-Libre.webp","type":"image\/webp"}],"author":"Jonas Follonier","twitter_card":"summary_large_image","twitter_creator":"@LeRegardLibre","twitter_site":"@LeRegardLibre","twitter_misc":{"Written by":"Jonas Follonier","Est. reading time":"4 minutes"},"schema":{"@context":"https:\/\/schema.org","@graph":[{"@type":"Article","@id":"https:\/\/leregardlibre.com\/politique\/au-dela-du-clivage-gauche-droite-la-querelle-de-luniversel\/#article","isPartOf":{"@id":"https:\/\/leregardlibre.com\/politique\/au-dela-du-clivage-gauche-droite-la-querelle-de-luniversel\/"},"author":{"name":"Jonas Follonier","@id":"https:\/\/leregardlibre.com\/#\/schema\/person\/bfe5aa794a23be71485d60e2d93ec0d2"},"headline":"Au-del\u00e0 du clivage gauche-droite, la querelle de l&#8217;universel","datePublished":"2021-09-03T04:00:00+00:00","dateModified":"2022-12-26T08:56:53+00:00","mainEntityOfPage":{"@id":"https:\/\/leregardlibre.com\/politique\/au-dela-du-clivage-gauche-droite-la-querelle-de-luniversel\/"},"wordCount":650,"commentCount":0,"publisher":{"@id":"https:\/\/leregardlibre.com\/#organization"},"keywords":["Antiracisme","clanisme","Communautarisme","D\u00e9mocratie lib\u00e9rale","Editorial","F\u00e9minisme","Mathieu Bock-C\u00f4t\u00e9","Pluralisme","r\u00e9gime diversitaire","Universalisme"],"articleSection":["Politique"],"inLanguage":"en-US","potentialAction":[{"@type":"CommentAction","name":"Comment","target":["https:\/\/leregardlibre.com\/politique\/au-dela-du-clivage-gauche-droite-la-querelle-de-luniversel\/#respond"]}]},{"@type":"WebPage","@id":"https:\/\/leregardlibre.com\/politique\/au-dela-du-clivage-gauche-droite-la-querelle-de-luniversel\/","url":"https:\/\/leregardlibre.com\/politique\/au-dela-du-clivage-gauche-droite-la-querelle-de-luniversel\/","name":"Au-del\u00e0 du clivage gauche-droite, la querelle de l'universel","isPartOf":{"@id":"https:\/\/leregardlibre.com\/#website"},"datePublished":"2021-09-03T04:00:00+00:00","dateModified":"2022-12-26T08:56:53+00:00","breadcrumb":{"@id":"https:\/\/leregardlibre.com\/politique\/au-dela-du-clivage-gauche-droite-la-querelle-de-luniversel\/#breadcrumb"},"inLanguage":"en-US","potentialAction":[{"@type":"ReadAction","target":["https:\/\/leregardlibre.com\/politique\/au-dela-du-clivage-gauche-droite-la-querelle-de-luniversel\/"]}]},{"@type":"BreadcrumbList","@id":"https:\/\/leregardlibre.com\/politique\/au-dela-du-clivage-gauche-droite-la-querelle-de-luniversel\/#breadcrumb","itemListElement":[{"@type":"ListItem","position":1,"name":"Accueil","item":"https:\/\/leregardlibre.com\/"},{"@type":"ListItem","position":2,"name":"Au-del\u00e0 du clivage gauche-droite, la querelle de l&#8217;universel"}]},{"@type":"WebSite","@id":"https:\/\/leregardlibre.com\/#website","url":"https:\/\/leregardlibre.com\/","name":"Le Regard Libre","description":"Switzerland's first monthly debate magazine","publisher":{"@id":"https:\/\/leregardlibre.com\/#organization"},"potentialAction":[{"@type":"SearchAction","target":{"@type":"EntryPoint","urlTemplate":"https:\/\/leregardlibre.com\/?s={search_term_string}"},"query-input":{"@type":"PropertyValueSpecification","valueRequired":true,"valueName":"search_term_string"}}],"inLanguage":"en-US"},{"@type":"Organization","@id":"https:\/\/leregardlibre.com\/#organization","name":"Le Regard Libre","url":"https:\/\/leregardlibre.com\/","logo":{"@type":"ImageObject","inLanguage":"en-US","@id":"https:\/\/leregardlibre.com\/#\/schema\/logo\/image\/","url":"https:\/\/leregardlibre.com\/wp-content\/uploads\/2025\/08\/logo-rl-icone-neg.jpeg","contentUrl":"https:\/\/leregardlibre.com\/wp-content\/uploads\/2025\/08\/logo-rl-icone-neg.jpeg","width":557,"height":556,"caption":"Le Regard Libre"},"image":{"@id":"https:\/\/leregardlibre.com\/#\/schema\/logo\/image\/"},"sameAs":["https:\/\/www.facebook.com\/leregardlibre\/","https:\/\/x.com\/LeRegardLibre","https:\/\/www.linkedin.com\/company\/le-regard-libre","https:\/\/www.instagram.com\/leregardlibre\/","http:\/\/t.me\/leregardlibre","https:\/\/youtube.com\/channel\/UC6HzGPomj1LsUmlz-sJtITQ"],"description":"Le Regard Libre is a Swiss monthly magazine for intellectual and cultural debate. Its editorial team is young, voluntary, liberal and pluralist. The magazine appears online and in print. Its language is French.","email":"redaction@leregardlibre.com","legalName":"Le Regard Libre","foundingDate":"2014-01-01","numberOfEmployees":{"@type":"QuantitativeValue","minValue":"11","maxValue":"50"},"publishingPrinciples":"https:\/\/leregardlibre.com\/a-propos\/notre-manifeste\/","ownershipFundingInfo":"https:\/\/leregardlibre.com\/mentions-legales\/","actionableFeedbackPolicy":"https:\/\/leregardlibre.com\/conditions-generales-de-vente\/"},{"@type":"Person","@id":"https:\/\/leregardlibre.com\/#\/schema\/person\/bfe5aa794a23be71485d60e2d93ec0d2","name":"Jonas Follonier","image":{"@type":"ImageObject","inLanguage":"en-US","@id":"https:\/\/secure.gravatar.com\/avatar\/602060b40f6a458420c2d140f49b6caea99152ce6704f2c332e5a0c5aad80303?s=96&d=identicon&r=g","url":"https:\/\/secure.gravatar.com\/avatar\/602060b40f6a458420c2d140f49b6caea99152ce6704f2c332e5a0c5aad80303?s=96&d=identicon&r=g","contentUrl":"https:\/\/secure.gravatar.com\/avatar\/602060b40f6a458420c2d140f49b6caea99152ce6704f2c332e5a0c5aad80303?s=96&d=identicon&r=g","caption":"Jonas Follonier"},"description":"Federal Palace correspondent for \u00abL'Agefi\u00bb, singer-songwriter Jonas Follonier is the founder and editor-in-chief of \u00abRegard Libre\u00bb.","sameAs":["https:\/\/www.facebook.com\/jonas.follonier\/","https:\/\/www.instagram.com\/jonasfollonier\/","https:\/\/www.linkedin.com\/in\/jonasfollonier\/","https:\/\/fr.wikipedia.org\/wiki\/Le_Regard_libre"],"url":"https:\/\/leregardlibre.com\/en\/author\/jonas-follonier\/"}]}},"_links":{"self":[{"href":"https:\/\/leregardlibre.com\/en\/wp-json\/wp\/v2\/posts\/42290","targetHints":{"allow":["GET"]}}],"collection":[{"href":"https:\/\/leregardlibre.com\/en\/wp-json\/wp\/v2\/posts"}],"about":[{"href":"https:\/\/leregardlibre.com\/en\/wp-json\/wp\/v2\/types\/post"}],"author":[{"embeddable":true,"href":"https:\/\/leregardlibre.com\/en\/wp-json\/wp\/v2\/users\/138"}],"replies":[{"embeddable":true,"href":"https:\/\/leregardlibre.com\/en\/wp-json\/wp\/v2\/comments?post=42290"}],"version-history":[{"count":2,"href":"https:\/\/leregardlibre.com\/en\/wp-json\/wp\/v2\/posts\/42290\/revisions"}],"predecessor-version":[{"id":511994,"href":"https:\/\/leregardlibre.com\/en\/wp-json\/wp\/v2\/posts\/42290\/revisions\/511994"}],"wp:attachment":[{"href":"https:\/\/leregardlibre.com\/en\/wp-json\/wp\/v2\/media?parent=42290"}],"wp:term":[{"taxonomy":"category","embeddable":true,"href":"https:\/\/leregardlibre.com\/en\/wp-json\/wp\/v2\/categories?post=42290"},{"taxonomy":"post_tag","embeddable":true,"href":"https:\/\/leregardlibre.com\/en\/wp-json\/wp\/v2\/tags?post=42290"}],"curies":[{"name":"wp","href":"https:\/\/api.w.org\/{rel}","templated":true}]}}