{"id":42435,"date":"2021-09-08T06:00:00","date_gmt":"2021-09-08T04:00:00","guid":{"rendered":"https:\/\/leregardlibre.com\/?p=42435"},"modified":"2025-12-04T22:24:10","modified_gmt":"2025-12-04T21:24:10","slug":"reminiscence-laissera-t-il-une-trace","status":"publish","type":"post","link":"https:\/\/leregardlibre.com\/en\/cinema\/films\/reminiscence-laissera-t-il-une-trace\/","title":{"rendered":"\u00abWill \u00bbReminiscence\" leave a mark?"},"content":{"rendered":"<p><em><em>Cinema Wednesdays <\/em>- <em><a href=\"https:\/\/leregardlibre.com\/en\/tag\/kelly-lambiel\/\">Kelly Lambiel<\/a><\/em><\/em><\/p>\n\n\n\n<p class=\"has-drop-cap\"><b>A city ravaged by water and a curious memory machine. A tortured protagonist and a mysterious femme fatale. Science fiction or film noir? For her first feature-length film, between the nostalgia of the old detective stories she's particularly fond of and the futuristic atmosphere that made her famous through the series <i>Westworld<\/i>, Lisa Joy makes no bones about it. Even if the image is particularly well-polished and the combination of genres surprising, the plot of <i>Reminiscence<\/i> turns out to be neither wholly ordinary nor wholly original.<\/b><\/p>\n\n\n\n<!--more Lire la suite de la critique (en libre acc\u00e8s)-->\n\n\n\n<figure class=\"wp-block-embed is-type-video is-provider-youtube wp-block-embed-youtube wp-embed-aspect-16-9 wp-has-aspect-ratio\"><div class=\"wp-block-embed__wrapper\">\n<iframe title=\"Reminiscence - Bande-Annonce officielle (VOST)\" width=\"1000\" height=\"563\" src=\"https:\/\/www.youtube.com\/embed\/Pn3qTXnTcvM?feature=oembed\" frameborder=\"0\" allow=\"accelerometer; autoplay; clipboard-write; encrypted-media; gyroscope; picture-in-picture; web-share\" referrerpolicy=\"strict-origin-when-cross-origin\" allowfullscreen><\/iframe>\n<\/div><\/figure>\n\n\n\n<p>A cause du r\u00e9chauffement climatique, ayant provoqu\u00e9 de terribles crues et d\u00e9clench\u00e9 une guerre de territoires, Miami s\u2019est transform\u00e9 en un terrain de jeu peu fr\u00e9quentable. Quand ce n\u2019est pas la p\u00e8gre qui contr\u00f4le la ville, c\u2019est au tour des \u00abbarons\u00bb, non moins truands, mais beaucoup plus fortun\u00e9s, de tirer les ficelles. Dans ce futur sombre o\u00f9 le crime, la drogue et la survie r\u00e8gnent en ma\u00eetres, on se r\u00e9fugie dans le pass\u00e9 pour vivre. Gr\u00e2ce \u00e0 un appareil permettant de ranimer et projeter les souvenirs, il devient possible, l\u2019espace de quelques minutes, de retrouver les sensations \u00e9teintes, de revivre, comme pour de vrai, les instants oubli\u00e9s.<\/p>\n\n\n\n<p>Gr\u00e2ce \u00e0 ce dispositif, Nick Bannister (Hugh Jackman) et son acolyte Watts (Thandiwe Newton), anciens soldats un peu caboss\u00e9s, collaborent r\u00e9guli\u00e8rement avec la police sur des enqu\u00eates sordides. Mais ils proposent \u00e9galement leurs services aux particuliers qui d\u00e9sirent trouver refuge dans les recoins de leur m\u00e9moire. Tout bascule le jour o\u00f9 Mae (Rebecca Ferguson) dispara\u00eet, quelques mois apr\u00e8s avoir fait son entr\u00e9e dans leur office, \u00e0 la recherche de ses clefs. On apprend ainsi que Nick, dont la <em>voice-over<\/em> nous guide tout au long du film, fou amoureux, obs\u00e9d\u00e9 par elle, la cherche d\u00e9sesp\u00e9r\u00e9ment, en vain, jusqu\u2019au jour o\u00f9 son enqu\u00eate le mettra sur une nouvelle piste.<\/p>\n\n\n\n<form method=\"post\" action=\"https:\/\/newsletter.infomaniak.com\/external\/submit\" class=\"inf-form\" target=\"_blank\"><input type=\"email\" name=\"email\" style=\"display:none\"><input type=\"hidden\" name=\"key\" value=\"eyJpdiI6IlZXRVJGMlRGQUU2alNqUE81bitIUk5adnNVa0c4MllFTStzOHdHT1FQZ3c9IiwidmFsdWUiOiJIYzhwMUVCK1pTNnlhY3MyMmhuZlhReWJqemEwNk93blMxTjFHc0s2VHZrPSIsIm1hYyI6ImVhYTQ5N2I1M2NiYWE4NzBmNjk2NzgzYjliM2Y5NmYzM2E2ZmU3NGQxNTU1ZDFkMTU1MzY5NTdjYjE3ZTJmNTUifQ==\"><input type=\"hidden\" name=\"webform_id\" value=\"7291\"><style> .inf-main_3000311ca56a1cb93397bc676c0b7fff{ background-color:#f5f5f5; padding:25px 20px; margin:25px auto; } .inf-main_3000311ca56a1cb93397bc676c0b7fff .inf-content { margin-top:13px;} .inf-main_3000311ca56a1cb93397bc676c0b7fff h4, .inf-main_3000311ca56a1cb93397bc676c0b7fff span, .inf-main_3000311ca56a1cb93397bc676c0b7fff label, .inf-main_3000311ca56a1cb93397bc676c0b7fff input, .inf-main_3000311ca56a1cb93397bc676c0b7fff .inf-submit, .inf-main_3000311ca56a1cb93397bc676c0b7fff .inf-success p a { color:#555555; font-size:14px; } .inf-main_3000311ca56a1cb93397bc676c0b7fff h4{ font-size:18px; margin:0px 0px 13px 0px; } .inf-main_3000311ca56a1cb93397bc676c0b7fff h4, .inf-main_3000311ca56a1cb93397bc676c0b7fff label{ font-weight:bold; } .inf-main_3000311ca56a1cb93397bc676c0b7fff .inf-input { margin-bottom:7px; } .inf-main_3000311ca56a1cb93397bc676c0b7fff label { display:block;} .inf-main_3000311ca56a1cb93397bc676c0b7fff input{ height:35px; color:#999999; border: 1px solid #E9E9E9; border:none; padding-left:7px; } .inf-main_3000311ca56a1cb93397bc676c0b7fff .inf-input.inf-error label, .inf-main_3000311ca56a1cb93397bc676c0b7fff .inf-input.inf-error span.inf-message{ color: #cc0033; } .inf-main_3000311ca56a1cb93397bc676c0b7fff .inf-input.inf-error input{ border: 1px solid #cc0033; } .inf-main_3000311ca56a1cb93397bc676c0b7fff .inf-input input { width:100%;} .inf-main_3000311ca56a1cb93397bc676c0b7fff .inf-input.inf-error span.inf-message { display: block; } .inf-main_3000311ca56a1cb93397bc676c0b7fff .inf-submit { text-align:right;} .inf-main_3000311ca56a1cb93397bc676c0b7fff .inf-submit input{ background-color:#777777; color:#ffffff; border:none; font-weight: normal; height:auto; padding:7px; } .inf-main_3000311ca56a1cb93397bc676c0b7fff .inf-submit input.disabled{ opacity: 0.4; } .inf-btn { color: rgb(85, 85, 85); border: medium none; font-weight: normal; height: auto; padding: 7px; display: inline-block; background-color: white; box-shadow: 0px 1px 1px rgba(0, 0, 0, 0.24); border-radius: 2px; line-height: 1em; } .inf-rgpd { margin:25px 0px 15px 0px; color:#555555; } <\/style> <div class=\"inf-main_3000311ca56a1cb93397bc676c0b7fff\"> <h4>NEWSLETTER DU REGARD LIBRE<\/h4> <span>Receive our articles every Sunday.<\/span> <div class=\"inf-success\" style=\"display:none\"> <h4>Your subscription to our weekly newsletter has been successfully registered!<\/h4> <p> <a href=\"#\" class=\"inf-btn\">\u00ab<\/a> <\/p> <\/div> <div class=\"inf-content\"> <div class=\"inf-input inf-input-text\"> <input type=\"text\" name=\"inf[1]\" data-inf-meta=\"1\" data-inf-error=\"Merci de renseigner une adresse email\" required=\"required\" placeholder=\"Email\"> <\/div> <div class=\"inf-submit\"> <input type=\"submit\" name=\"\" value=\"Sign up\"> <\/div> <\/div> <\/div> <\/form>\n\n\n\n<h3 class=\"wp-block-heading\">Un fond qui ne sert pas la forme<\/h3>\n\n\n\n<p>On ne va pas se le cacher, qu\u2019on connaisse un tant soit peu ou non les <em>thrillers<\/em> les plus classiques, on voit venir assez ais\u00e9ment la suite. On imagine bien \u2013 et sans trop s\u2019\u00e9loigner de ce qui est \u2013 que l\u2019\u00e9nigmatique et sensuelle chanteuse de cabaret n\u2019a pas un mauvais fond mais s\u2019est retrouv\u00e9e, un peu malgr\u00e9 elle, dans de sales histoires. Et que le pseudo-policier d\u00e9truit, qui ne prend pas soin de lui, ira jusqu\u2019au sacrifice pour la sauver. Sans se rendre compte que la meilleure amie alcoolique, ancienne camarade de guerre, veille sur ses arri\u00e8res depuis toujours. Et ce, pour ses beaux yeux. M\u00eame si les personnages issus du <em>black<\/em> sont souvent des arch\u00e9types une esquisse plus fine de leur psychologie aurait \u00e9t\u00e9 bienvenue.<\/p>\n\n\n\n<p>C\u2019est donc l\u00e0 un premier b\u00e9mol, mais malheureusement pas le seul. Non seulement il n\u2019y a pas (ou peu) de surprises, mais, surtout, plus le film avance, plus il perd en cr\u00e9dibilit\u00e9. Les souvenirs sont en effet v\u00e9cus, en fonction des besoins narratifs, \u00e0 la troisi\u00e8me ou \u00e0 la premi\u00e8re personne. Un choix qui, certes, m\u00e9nage un peu le suspense et permet de faire avancer l\u2019histoire, mais sabote dans le m\u00eame temps toute la cr\u00e9dibilit\u00e9 du m\u00e9canisme sur lequel repose l\u2019intrigue. Le probl\u00e8me? Les images projet\u00e9es incluent par moments des d\u00e9tails que la personne qui se souvient ne peut avoir con\u00e7us et, \u00e0 d\u2019autres moments, prive le spectateur de ces informations sous pr\u00e9texte de ne pas lui donner toutes les pi\u00e8ces du puzzle.<\/p>\n\n\n\n\n\n<p>A cette maladresse s\u2019ajoute enfin une derni\u00e8re b\u00e9vue relative aux d\u00e9cisions esth\u00e9tiques et id\u00e9ologiques qui entourent la r\u00e9alisation. Si je salue la qualit\u00e9 de la photographie est \u00e0 saluer (les sc\u00e8nes sont belles et bien film\u00e9es, les d\u00e9cors r\u00e9alistes et bien travaill\u00e9s, les effets sp\u00e9ciaux ma\u00eetris\u00e9s et, \u00e0 en croire les sp\u00e9cialistes, assez innovants), le choix d\u2019avoir utilis\u00e9 cette ambiance post-apocalyptique comme un simple dispositif non pas de fond, mais de forme, est \u00e0 d\u00e9plorer. Alors que la science-fiction ouvre g\u00e9n\u00e9ralement au questionnement et se veut \u00eatre porteuse d\u2019id\u00e9es, la transposition dans cet univers futuriste n\u2019interroge finalement que peu le spectateur sur son rapport au souvenir, au pass\u00e9 ou au pr\u00e9sent. Elle ne fait ici que servir le divertissement.<\/p>\n\n\n\n<p>Write to the author: <a href=\"mailto:kelly.lambiel@leregardlibre.com\">kelly.lambiel@leregardlibre.com<\/a><\/p>\n\n\n\n<figure class=\"wp-block-image size-large\"><img fetchpriority=\"high\" decoding=\"async\" width=\"793\" height=\"1080\" src=\"http:\/\/leregardlibre.com\/wp-content\/uploads\/2021\/09\/Affiche_Reminiscence_V1.jpg\" alt=\"\" class=\"wp-image-42445\" srcset=\"https:\/\/leregardlibre.com\/wp-content\/uploads\/2021\/09\/Affiche_Reminiscence_V1.jpg 793w, https:\/\/leregardlibre.com\/wp-content\/uploads\/2021\/09\/Affiche_Reminiscence_V1-220x300.jpg 220w, https:\/\/leregardlibre.com\/wp-content\/uploads\/2021\/09\/Affiche_Reminiscence_V1-752x1024.jpg 752w, https:\/\/leregardlibre.com\/wp-content\/uploads\/2021\/09\/Affiche_Reminiscence_V1-110x150.jpg 110w, https:\/\/leregardlibre.com\/wp-content\/uploads\/2021\/09\/Affiche_Reminiscence_V1-768x1046.jpg 768w, https:\/\/leregardlibre.com\/wp-content\/uploads\/2021\/09\/Affiche_Reminiscence_V1-585x797.jpg 585w, https:\/\/leregardlibre.com\/wp-content\/uploads\/2021\/09\/Affiche_Reminiscence_V1-300x409.jpg 300w, https:\/\/leregardlibre.com\/wp-content\/uploads\/2021\/09\/Affiche_Reminiscence_V1-600x817.jpg 600w\" sizes=\"(max-width: 793px) 100vw, 793px\" \/><\/figure>\n\n\n\n<p>Photo credits: \u00a9 Warner Bros. Entertainment Inc.<\/p>","protected":false},"excerpt":{"rendered":"<p>Lisa Joy's surprise film<\/p>","protected":false},"author":5,"featured_media":42449,"comment_status":"open","ping_status":"closed","sticky":false,"template":"","format":"standard","meta":{"_acf_changed":false,"footnotes":""},"categories":[644355829],"tags":[194127,644356903,15901,297983],"class_list":["post-42435","post","type-post","status-publish","format-standard","has-post-thumbnail","hentry","category-films","tag-hugh-jackman","tag-lisa-joy","tag-reminiscence","tag-westworld"],"acf":[],"yoast_head":"<!-- This site is optimized with the Yoast SEO Premium plugin v27.4 (Yoast SEO v27.4) - https:\/\/yoast.com\/product\/yoast-seo-premium-wordpress\/ -->\n<title>\u00abR\u00e9miniscence\u00bb laissera-t-il une trace?<\/title>\n<meta name=\"robots\" content=\"index, follow, max-snippet:-1, max-image-preview:large, max-video-preview:-1\" \/>\n<link rel=\"canonical\" href=\"https:\/\/leregardlibre.com\/en\/cinema\/films\/reminiscence-laissera-t-il-une-trace\/\" \/>\n<meta property=\"og:locale\" content=\"en_US\" \/>\n<meta property=\"og:type\" content=\"article\" \/>\n<meta property=\"og:title\" content=\"\u00abR\u00e9miniscence\u00bb laissera-t-il une trace?\" \/>\n<meta property=\"og:description\" content=\"Le film surprise de Lisa Joy\" \/>\n<meta property=\"og:url\" content=\"https:\/\/leregardlibre.com\/en\/cinema\/films\/reminiscence-laissera-t-il-une-trace\/\" \/>\n<meta property=\"og:site_name\" content=\"Le Regard Libre\" \/>\n<meta property=\"article:publisher\" content=\"https:\/\/www.facebook.com\/leregardlibre\/\" \/>\n<meta property=\"article:published_time\" content=\"2021-09-08T04:00:00+00:00\" \/>\n<meta property=\"article:modified_time\" content=\"2025-12-04T21:24:10+00:00\" \/>\n<meta property=\"og:image\" content=\"https:\/\/leregardlibre.com\/wp-content\/uploads\/2021\/09\/Reminiscence_3-\u00a9-Warner-Bros.-Entertainment-Inc-1.jpg\" \/>\n\t<meta property=\"og:image:width\" content=\"1600\" \/>\n\t<meta property=\"og:image:height\" content=\"670\" \/>\n\t<meta property=\"og:image:type\" content=\"image\/jpeg\" \/>\n<meta name=\"author\" content=\"Kelly Lambiel\" \/>\n<meta name=\"twitter:card\" content=\"summary_large_image\" \/>\n<meta name=\"twitter:creator\" content=\"@LeRegardLibre\" \/>\n<meta name=\"twitter:site\" content=\"@LeRegardLibre\" \/>\n<meta name=\"twitter:label1\" content=\"Written by\" \/>\n\t<meta name=\"twitter:data1\" content=\"Kelly Lambiel\" \/>\n\t<meta name=\"twitter:label2\" content=\"Est. reading time\" \/>\n\t<meta name=\"twitter:data2\" content=\"4 minutes\" \/>\n<script type=\"application\/ld+json\" class=\"yoast-schema-graph\">{\"@context\":\"https:\\\/\\\/schema.org\",\"@graph\":[{\"@type\":\"Article\",\"@id\":\"https:\\\/\\\/leregardlibre.com\\\/cinema\\\/films\\\/reminiscence-laissera-t-il-une-trace\\\/#article\",\"isPartOf\":{\"@id\":\"https:\\\/\\\/leregardlibre.com\\\/cinema\\\/films\\\/reminiscence-laissera-t-il-une-trace\\\/\"},\"author\":{\"name\":\"Kelly Lambiel\",\"@id\":\"https:\\\/\\\/leregardlibre.com\\\/#\\\/schema\\\/person\\\/2e19652404d949b668e291feb726d98a\"},\"headline\":\"\u00abR\u00e9miniscence\u00bb laissera-t-il une trace?\",\"datePublished\":\"2021-09-08T04:00:00+00:00\",\"dateModified\":\"2025-12-04T21:24:10+00:00\",\"mainEntityOfPage\":{\"@id\":\"https:\\\/\\\/leregardlibre.com\\\/cinema\\\/films\\\/reminiscence-laissera-t-il-une-trace\\\/\"},\"wordCount\":818,\"commentCount\":0,\"publisher\":{\"@id\":\"https:\\\/\\\/leregardlibre.com\\\/#organization\"},\"image\":{\"@id\":\"https:\\\/\\\/leregardlibre.com\\\/cinema\\\/films\\\/reminiscence-laissera-t-il-une-trace\\\/#primaryimage\"},\"thumbnailUrl\":\"https:\\\/\\\/leregardlibre.com\\\/wp-content\\\/uploads\\\/2021\\\/09\\\/Reminiscence_3-\u00a9-Warner-Bros.-Entertainment-Inc-1.jpg\",\"keywords\":[\"hugh jackman\",\"lisa joy\",\"r\u00e9miniscence\",\"westworld\"],\"articleSection\":[\"Films\"],\"inLanguage\":\"en-US\",\"potentialAction\":[{\"@type\":\"CommentAction\",\"name\":\"Comment\",\"target\":[\"https:\\\/\\\/leregardlibre.com\\\/cinema\\\/films\\\/reminiscence-laissera-t-il-une-trace\\\/#respond\"]}]},{\"@type\":\"WebPage\",\"@id\":\"https:\\\/\\\/leregardlibre.com\\\/cinema\\\/films\\\/reminiscence-laissera-t-il-une-trace\\\/\",\"url\":\"https:\\\/\\\/leregardlibre.com\\\/cinema\\\/films\\\/reminiscence-laissera-t-il-une-trace\\\/\",\"name\":\"\u00abR\u00e9miniscence\u00bb laissera-t-il une trace?\",\"isPartOf\":{\"@id\":\"https:\\\/\\\/leregardlibre.com\\\/#website\"},\"primaryImageOfPage\":{\"@id\":\"https:\\\/\\\/leregardlibre.com\\\/cinema\\\/films\\\/reminiscence-laissera-t-il-une-trace\\\/#primaryimage\"},\"image\":{\"@id\":\"https:\\\/\\\/leregardlibre.com\\\/cinema\\\/films\\\/reminiscence-laissera-t-il-une-trace\\\/#primaryimage\"},\"thumbnailUrl\":\"https:\\\/\\\/leregardlibre.com\\\/wp-content\\\/uploads\\\/2021\\\/09\\\/Reminiscence_3-\u00a9-Warner-Bros.-Entertainment-Inc-1.jpg\",\"datePublished\":\"2021-09-08T04:00:00+00:00\",\"dateModified\":\"2025-12-04T21:24:10+00:00\",\"breadcrumb\":{\"@id\":\"https:\\\/\\\/leregardlibre.com\\\/cinema\\\/films\\\/reminiscence-laissera-t-il-une-trace\\\/#breadcrumb\"},\"inLanguage\":\"en-US\",\"potentialAction\":[{\"@type\":\"ReadAction\",\"target\":[\"https:\\\/\\\/leregardlibre.com\\\/cinema\\\/films\\\/reminiscence-laissera-t-il-une-trace\\\/\"]}]},{\"@type\":\"ImageObject\",\"inLanguage\":\"en-US\",\"@id\":\"https:\\\/\\\/leregardlibre.com\\\/cinema\\\/films\\\/reminiscence-laissera-t-il-une-trace\\\/#primaryimage\",\"url\":\"https:\\\/\\\/leregardlibre.com\\\/wp-content\\\/uploads\\\/2021\\\/09\\\/Reminiscence_3-\u00a9-Warner-Bros.-Entertainment-Inc-1.jpg\",\"contentUrl\":\"https:\\\/\\\/leregardlibre.com\\\/wp-content\\\/uploads\\\/2021\\\/09\\\/Reminiscence_3-\u00a9-Warner-Bros.-Entertainment-Inc-1.jpg\",\"width\":1600,\"height\":670},{\"@type\":\"BreadcrumbList\",\"@id\":\"https:\\\/\\\/leregardlibre.com\\\/cinema\\\/films\\\/reminiscence-laissera-t-il-une-trace\\\/#breadcrumb\",\"itemListElement\":[{\"@type\":\"ListItem\",\"position\":1,\"name\":\"Accueil\",\"item\":\"https:\\\/\\\/leregardlibre.com\\\/\"},{\"@type\":\"ListItem\",\"position\":2,\"name\":\"\u00abR\u00e9miniscence\u00bb laissera-t-il une trace?\"}]},{\"@type\":\"WebSite\",\"@id\":\"https:\\\/\\\/leregardlibre.com\\\/#website\",\"url\":\"https:\\\/\\\/leregardlibre.com\\\/\",\"name\":\"Le Regard Libre\",\"description\":\"Premier mensuel suisse de d\u00e9bat\",\"publisher\":{\"@id\":\"https:\\\/\\\/leregardlibre.com\\\/#organization\"},\"potentialAction\":[{\"@type\":\"SearchAction\",\"target\":{\"@type\":\"EntryPoint\",\"urlTemplate\":\"https:\\\/\\\/leregardlibre.com\\\/?s={search_term_string}\"},\"query-input\":{\"@type\":\"PropertyValueSpecification\",\"valueRequired\":true,\"valueName\":\"search_term_string\"}}],\"inLanguage\":\"en-US\"},{\"@type\":\"Organization\",\"@id\":\"https:\\\/\\\/leregardlibre.com\\\/#organization\",\"name\":\"Le Regard Libre\",\"url\":\"https:\\\/\\\/leregardlibre.com\\\/\",\"logo\":{\"@type\":\"ImageObject\",\"inLanguage\":\"en-US\",\"@id\":\"https:\\\/\\\/leregardlibre.com\\\/#\\\/schema\\\/logo\\\/image\\\/\",\"url\":\"https:\\\/\\\/leregardlibre.com\\\/wp-content\\\/uploads\\\/2025\\\/08\\\/logo-rl-icone-neg.jpeg\",\"contentUrl\":\"https:\\\/\\\/leregardlibre.com\\\/wp-content\\\/uploads\\\/2025\\\/08\\\/logo-rl-icone-neg.jpeg\",\"width\":557,\"height\":556,\"caption\":\"Le Regard Libre\"},\"image\":{\"@id\":\"https:\\\/\\\/leregardlibre.com\\\/#\\\/schema\\\/logo\\\/image\\\/\"},\"sameAs\":[\"https:\\\/\\\/www.facebook.com\\\/leregardlibre\\\/\",\"https:\\\/\\\/x.com\\\/LeRegardLibre\",\"https:\\\/\\\/www.linkedin.com\\\/company\\\/le-regard-libre\",\"https:\\\/\\\/www.instagram.com\\\/leregardlibre\\\/\",\"http:\\\/\\\/t.me\\\/leregardlibre\",\"https:\\\/\\\/youtube.com\\\/channel\\\/UC6HzGPomj1LsUmlz-sJtITQ\"],\"description\":\"Le Regard Libre est un mensuel suisse de d\u00e9bat intellectuel et culturel. Sa r\u00e9daction est jeune, b\u00e9n\u00e9vole, lib\u00e9rale et pluraliste. Le magazine para\u00eet en ligne et sous forme papier. Sa langue est le fran\u00e7ais.\",\"email\":\"redaction@leregardlibre.com\",\"legalName\":\"Le Regard Libre\",\"foundingDate\":\"2014-01-01\",\"numberOfEmployees\":{\"@type\":\"QuantitativeValue\",\"minValue\":\"11\",\"maxValue\":\"50\"},\"publishingPrinciples\":\"https:\\\/\\\/leregardlibre.com\\\/a-propos\\\/notre-manifeste\\\/\",\"ownershipFundingInfo\":\"https:\\\/\\\/leregardlibre.com\\\/mentions-legales\\\/\",\"actionableFeedbackPolicy\":\"https:\\\/\\\/leregardlibre.com\\\/conditions-generales-de-vente\\\/\"},{\"@type\":\"Person\",\"@id\":\"https:\\\/\\\/leregardlibre.com\\\/#\\\/schema\\\/person\\\/2e19652404d949b668e291feb726d98a\",\"name\":\"Kelly Lambiel\",\"image\":{\"@type\":\"ImageObject\",\"inLanguage\":\"en-US\",\"@id\":\"https:\\\/\\\/secure.gravatar.com\\\/avatar\\\/66eff4ecbfd52b976379a502e5b9eb89c636bccde2ad311c258107f95906085a?s=96&d=identicon&r=g\",\"url\":\"https:\\\/\\\/secure.gravatar.com\\\/avatar\\\/66eff4ecbfd52b976379a502e5b9eb89c636bccde2ad311c258107f95906085a?s=96&d=identicon&r=g\",\"contentUrl\":\"https:\\\/\\\/secure.gravatar.com\\\/avatar\\\/66eff4ecbfd52b976379a502e5b9eb89c636bccde2ad311c258107f95906085a?s=96&d=identicon&r=g\",\"caption\":\"Kelly Lambiel\"},\"sameAs\":[\"https:\\\/\\\/leregardlibre.com\\\/\",\"https:\\\/\\\/fr.wikipedia.org\\\/wiki\\\/Le_Regard_libre\"],\"url\":\"https:\\\/\\\/leregardlibre.com\\\/en\\\/author\\\/kelly-lambiel\\\/\"}]}<\/script>\n<!-- \/ Yoast SEO Premium plugin. -->","yoast_head_json":{"title":"\u00abWill \u00bbReminiscence\" leave a mark?","robots":{"index":"index","follow":"follow","max-snippet":"max-snippet:-1","max-image-preview":"max-image-preview:large","max-video-preview":"max-video-preview:-1"},"canonical":"https:\/\/leregardlibre.com\/en\/cinema\/films\/reminiscence-laissera-t-il-une-trace\/","og_locale":"en_US","og_type":"article","og_title":"\u00abR\u00e9miniscence\u00bb laissera-t-il une trace?","og_description":"Le film surprise de Lisa Joy","og_url":"https:\/\/leregardlibre.com\/en\/cinema\/films\/reminiscence-laissera-t-il-une-trace\/","og_site_name":"Le Regard Libre","article_publisher":"https:\/\/www.facebook.com\/leregardlibre\/","article_published_time":"2021-09-08T04:00:00+00:00","article_modified_time":"2025-12-04T21:24:10+00:00","og_image":[{"width":1600,"height":670,"url":"https:\/\/leregardlibre.com\/wp-content\/uploads\/2021\/09\/Reminiscence_3-\u00a9-Warner-Bros.-Entertainment-Inc-1.jpg","type":"image\/jpeg"}],"author":"Kelly Lambiel","twitter_card":"summary_large_image","twitter_creator":"@LeRegardLibre","twitter_site":"@LeRegardLibre","twitter_misc":{"Written by":"Kelly Lambiel","Est. reading time":"4 minutes"},"schema":{"@context":"https:\/\/schema.org","@graph":[{"@type":"Article","@id":"https:\/\/leregardlibre.com\/cinema\/films\/reminiscence-laissera-t-il-une-trace\/#article","isPartOf":{"@id":"https:\/\/leregardlibre.com\/cinema\/films\/reminiscence-laissera-t-il-une-trace\/"},"author":{"name":"Kelly Lambiel","@id":"https:\/\/leregardlibre.com\/#\/schema\/person\/2e19652404d949b668e291feb726d98a"},"headline":"\u00abR\u00e9miniscence\u00bb laissera-t-il une trace?","datePublished":"2021-09-08T04:00:00+00:00","dateModified":"2025-12-04T21:24:10+00:00","mainEntityOfPage":{"@id":"https:\/\/leregardlibre.com\/cinema\/films\/reminiscence-laissera-t-il-une-trace\/"},"wordCount":818,"commentCount":0,"publisher":{"@id":"https:\/\/leregardlibre.com\/#organization"},"image":{"@id":"https:\/\/leregardlibre.com\/cinema\/films\/reminiscence-laissera-t-il-une-trace\/#primaryimage"},"thumbnailUrl":"https:\/\/leregardlibre.com\/wp-content\/uploads\/2021\/09\/Reminiscence_3-\u00a9-Warner-Bros.-Entertainment-Inc-1.jpg","keywords":["hugh jackman","lisa joy","r\u00e9miniscence","westworld"],"articleSection":["Films"],"inLanguage":"en-US","potentialAction":[{"@type":"CommentAction","name":"Comment","target":["https:\/\/leregardlibre.com\/cinema\/films\/reminiscence-laissera-t-il-une-trace\/#respond"]}]},{"@type":"WebPage","@id":"https:\/\/leregardlibre.com\/cinema\/films\/reminiscence-laissera-t-il-une-trace\/","url":"https:\/\/leregardlibre.com\/cinema\/films\/reminiscence-laissera-t-il-une-trace\/","name":"\u00abWill \u00bbReminiscence\" leave a mark?","isPartOf":{"@id":"https:\/\/leregardlibre.com\/#website"},"primaryImageOfPage":{"@id":"https:\/\/leregardlibre.com\/cinema\/films\/reminiscence-laissera-t-il-une-trace\/#primaryimage"},"image":{"@id":"https:\/\/leregardlibre.com\/cinema\/films\/reminiscence-laissera-t-il-une-trace\/#primaryimage"},"thumbnailUrl":"https:\/\/leregardlibre.com\/wp-content\/uploads\/2021\/09\/Reminiscence_3-\u00a9-Warner-Bros.-Entertainment-Inc-1.jpg","datePublished":"2021-09-08T04:00:00+00:00","dateModified":"2025-12-04T21:24:10+00:00","breadcrumb":{"@id":"https:\/\/leregardlibre.com\/cinema\/films\/reminiscence-laissera-t-il-une-trace\/#breadcrumb"},"inLanguage":"en-US","potentialAction":[{"@type":"ReadAction","target":["https:\/\/leregardlibre.com\/cinema\/films\/reminiscence-laissera-t-il-une-trace\/"]}]},{"@type":"ImageObject","inLanguage":"en-US","@id":"https:\/\/leregardlibre.com\/cinema\/films\/reminiscence-laissera-t-il-une-trace\/#primaryimage","url":"https:\/\/leregardlibre.com\/wp-content\/uploads\/2021\/09\/Reminiscence_3-\u00a9-Warner-Bros.-Entertainment-Inc-1.jpg","contentUrl":"https:\/\/leregardlibre.com\/wp-content\/uploads\/2021\/09\/Reminiscence_3-\u00a9-Warner-Bros.-Entertainment-Inc-1.jpg","width":1600,"height":670},{"@type":"BreadcrumbList","@id":"https:\/\/leregardlibre.com\/cinema\/films\/reminiscence-laissera-t-il-une-trace\/#breadcrumb","itemListElement":[{"@type":"ListItem","position":1,"name":"Accueil","item":"https:\/\/leregardlibre.com\/"},{"@type":"ListItem","position":2,"name":"\u00abR\u00e9miniscence\u00bb laissera-t-il une trace?"}]},{"@type":"WebSite","@id":"https:\/\/leregardlibre.com\/#website","url":"https:\/\/leregardlibre.com\/","name":"Le Regard Libre","description":"Switzerland's first monthly debate magazine","publisher":{"@id":"https:\/\/leregardlibre.com\/#organization"},"potentialAction":[{"@type":"SearchAction","target":{"@type":"EntryPoint","urlTemplate":"https:\/\/leregardlibre.com\/?s={search_term_string}"},"query-input":{"@type":"PropertyValueSpecification","valueRequired":true,"valueName":"search_term_string"}}],"inLanguage":"en-US"},{"@type":"Organization","@id":"https:\/\/leregardlibre.com\/#organization","name":"Le Regard Libre","url":"https:\/\/leregardlibre.com\/","logo":{"@type":"ImageObject","inLanguage":"en-US","@id":"https:\/\/leregardlibre.com\/#\/schema\/logo\/image\/","url":"https:\/\/leregardlibre.com\/wp-content\/uploads\/2025\/08\/logo-rl-icone-neg.jpeg","contentUrl":"https:\/\/leregardlibre.com\/wp-content\/uploads\/2025\/08\/logo-rl-icone-neg.jpeg","width":557,"height":556,"caption":"Le Regard Libre"},"image":{"@id":"https:\/\/leregardlibre.com\/#\/schema\/logo\/image\/"},"sameAs":["https:\/\/www.facebook.com\/leregardlibre\/","https:\/\/x.com\/LeRegardLibre","https:\/\/www.linkedin.com\/company\/le-regard-libre","https:\/\/www.instagram.com\/leregardlibre\/","http:\/\/t.me\/leregardlibre","https:\/\/youtube.com\/channel\/UC6HzGPomj1LsUmlz-sJtITQ"],"description":"Le Regard Libre is a Swiss monthly magazine for intellectual and cultural debate. Its editorial team is young, voluntary, liberal and pluralist. The magazine appears online and in print. Its language is French.","email":"redaction@leregardlibre.com","legalName":"Le Regard Libre","foundingDate":"2014-01-01","numberOfEmployees":{"@type":"QuantitativeValue","minValue":"11","maxValue":"50"},"publishingPrinciples":"https:\/\/leregardlibre.com\/a-propos\/notre-manifeste\/","ownershipFundingInfo":"https:\/\/leregardlibre.com\/mentions-legales\/","actionableFeedbackPolicy":"https:\/\/leregardlibre.com\/conditions-generales-de-vente\/"},{"@type":"Person","@id":"https:\/\/leregardlibre.com\/#\/schema\/person\/2e19652404d949b668e291feb726d98a","name":"Kelly Lambiel","image":{"@type":"ImageObject","inLanguage":"en-US","@id":"https:\/\/secure.gravatar.com\/avatar\/66eff4ecbfd52b976379a502e5b9eb89c636bccde2ad311c258107f95906085a?s=96&d=identicon&r=g","url":"https:\/\/secure.gravatar.com\/avatar\/66eff4ecbfd52b976379a502e5b9eb89c636bccde2ad311c258107f95906085a?s=96&d=identicon&r=g","contentUrl":"https:\/\/secure.gravatar.com\/avatar\/66eff4ecbfd52b976379a502e5b9eb89c636bccde2ad311c258107f95906085a?s=96&d=identicon&r=g","caption":"Kelly Lambiel"},"sameAs":["https:\/\/leregardlibre.com\/","https:\/\/fr.wikipedia.org\/wiki\/Le_Regard_libre"],"url":"https:\/\/leregardlibre.com\/en\/author\/kelly-lambiel\/"}]}},"_links":{"self":[{"href":"https:\/\/leregardlibre.com\/en\/wp-json\/wp\/v2\/posts\/42435","targetHints":{"allow":["GET"]}}],"collection":[{"href":"https:\/\/leregardlibre.com\/en\/wp-json\/wp\/v2\/posts"}],"about":[{"href":"https:\/\/leregardlibre.com\/en\/wp-json\/wp\/v2\/types\/post"}],"author":[{"embeddable":true,"href":"https:\/\/leregardlibre.com\/en\/wp-json\/wp\/v2\/users\/5"}],"replies":[{"embeddable":true,"href":"https:\/\/leregardlibre.com\/en\/wp-json\/wp\/v2\/comments?post=42435"}],"version-history":[{"count":1,"href":"https:\/\/leregardlibre.com\/en\/wp-json\/wp\/v2\/posts\/42435\/revisions"}],"predecessor-version":[{"id":511201,"href":"https:\/\/leregardlibre.com\/en\/wp-json\/wp\/v2\/posts\/42435\/revisions\/511201"}],"wp:featuredmedia":[{"embeddable":true,"href":"https:\/\/leregardlibre.com\/en\/wp-json\/wp\/v2\/media\/42449"}],"wp:attachment":[{"href":"https:\/\/leregardlibre.com\/en\/wp-json\/wp\/v2\/media?parent=42435"}],"wp:term":[{"taxonomy":"category","embeddable":true,"href":"https:\/\/leregardlibre.com\/en\/wp-json\/wp\/v2\/categories?post=42435"},{"taxonomy":"post_tag","embeddable":true,"href":"https:\/\/leregardlibre.com\/en\/wp-json\/wp\/v2\/tags?post=42435"}],"curies":[{"name":"wp","href":"https:\/\/api.w.org\/{rel}","templated":true}]}}