{"id":42627,"date":"2021-09-26T06:00:00","date_gmt":"2021-09-26T04:00:00","guid":{"rendered":"https:\/\/leregardlibre.com\/?p=42627"},"modified":"2024-08-03T21:34:49","modified_gmt":"2024-08-03T19:34:49","slug":"roland-jaccards-latest-column-jacques-lecarme-and-me","status":"publish","type":"post","link":"https:\/\/leregardlibre.com\/en\/company\/roland-jaccards-latest-column-jacques-lecarme-and-me\/","title":{"rendered":"Roland Jaccard's film: \u00abJacques Lecarme et moi\u00bb (Jacques Lecarme and me)\u00bb"},"content":{"rendered":"<p><strong>Each month, we feature a column by one of the personalities who give us the pleasure of taking up the pen in turn. Writer Roland Jaccard recounts his favorite film, as implausible as it is politically correct: the movie of his life.<\/strong><\/p>\n\n\n\n<hr class=\"wp-block-separator has-css-opacity\"\/>\n\n\n\n<blockquote class=\"wp-block-quote is-layout-flow wp-block-quote-is-layout-flow\"><p>Or at least, he related<em>has<\/em>. Roland Jaccard, who kept his word from book to book, died a free man on September 20, a few days before his 80th birthday, the age at which his father and grandfather took their own lives. This is his last column for <em>Le Regard Libre<\/em>.<\/p><\/blockquote>\n\n\n\n<hr class=\"wp-block-separator has-css-opacity\"\/>\n\n\n\n<!--more Lire la chronique (en libre acc\u00e8s)-->\n\n\n\n<p>Jacques Lecarme, Honorary Professor of Literature at the Sorbonne, a friend of Serge Doubrovsky (it's not generally known that it was he who established self-fiction as a literary genre) and an outstanding literary critic (Sartrian, with a Drieu tendency), remarked to me after reading my diary that he doubted I was an avid reader: a taste for aphorisms rules out an addiction to Balzac, Toslto\u00ef or Dosto\u00efevsi. I could only agree with him. Nor is it certain that I've read all the books I've reviewed or edited. \u00abGood reviewers,\u00bb he adds, \"are the ones who draw the gun the fastest, keeping reading time to a minimum of a few homeopathic samplings.\" I'd go even further: anyone who can't tell in less than a page the sexual and political orientation - or even the bank account - of the writer he's reading should refrain from ranting about literature.<\/p>\n\n\n\n<p>Jacques Lecarme appreciates my profound and quiet apolitical stance, which is not, as with Cioran, a cover for apostasy. I leave him the responsibility for this statement: there's so much more to say. On the other hand, how can we not concede to him that indifference to politics corresponds to the constant fact that we all couldn't care less about the public good, except when we aspire to political responsibility or literary glory. But you'd have to sink pretty low to want to become a town councillor or a minister of the Republic. Dictator to the limit....<\/p>\n\n\n\n<p>Not unaware of my friendship with Gabriel Matzneff, Jaques Lecarme pointed out to me that there are problems with literary evaluation. He told me that one of his students had fallen in love with Gabriel Matzneff and offered herself to him: he had found her too old. She compensated by giving a lecture on the life and work of her idol. So I read and studied Matznev's work,\u00ab Lecarme continues. There's no intellectual or stylistic value to it, nothing but arrogant posturing and the parade of a predator of little girls. He may be handsome, but he's a real jerk. It's not enough to graduate from high school to become a writer. Montherlant, who was his teacher and protector, had immense talent, Matzneff has only borrowed his impostor tics.\u00bb I've often wondered whether I too have borrowed imposter tics not from Montherlant, but from Cioran. It's true that he encouraged me to do so.<\/p>\n\n\n\n<p>What troubled Jacques Lecarme was how my love for L. led me to turn the myth of Pygmalion on its head, how I was, according to him, pygmalionized and overtaken by my creation. Have I really been? I believed in her precocious genius, but I confess I find it a little difficult to read her now that she's become a woman of letters. Whatever Lecarme thinks of her - and I'm very proud of him, after reading him carefully (it happens to me) for having edited <em>Le bal des maudits<\/em> I prefer the carefree, light-hearted style of Gabriel Matzneff to the overworked writing of L. In fact, it's a typically feminine flaw: taking things too seriously. One exception: Fran\u00e7oise Sagan.<\/p>\n\n\n\n<p>I'll leave the conclusion to my friend Jacques Lecarme, even if he believes that friendship, in any case, is impossible and unattainable: \u00abEvery writer is a crocodile splashing about in his own pond. From time to time, these predators pretend to hunt in packs. It's a vain illusion: to kill the competitors and remain the only male in the herd to get all the women, that's the principle of survival and the founding impulse.\u00bb Freud didn't think otherwise, and neither did I. But that was the world of his time. But that was the world before...<\/p>\n\n\n\n<hr class=\"wp-block-separator has-alpha-channel-opacity\"\/>\n\n\n\n<p><strong>You've just read an exceptionally open-access column, published <strong>initially<\/strong> in our print edition (<em><a href=\"https:\/\/leregardlibre.com\/en\/product\/le-regard-libre-no-77\/\">Le Regard Libre N\u00b0 77<\/a><\/em>).<\/strong> Debates, analysis, cultural news:&nbsp;<a href=\"https:\/\/leregardlibre.com\/en\/subscription\/\">subscribe<\/a>&nbsp;to support us and get access to all our content!<\/p>\n\n\n<div data-align-buttons=\"true\" data-block-name=\"woocommerce\/handpicked-products\" data-content-visibility=\"{&quot;image&quot;:true,&quot;title&quot;:true,&quot;price&quot;:true,&quot;rating&quot;:true,&quot;button&quot;:true}\" data-orderby=\"price_asc\" data-products=\"[50366,50371,50354]\" class=\"wc-block-grid wp-block-handpicked-products wp-block-woocommerce-handpicked-products wc-block-handpicked-products has-3-columns has-multiple-rows has-aligned-buttons\"><ul class=\"wc-block-grid__products\"><li class=\"wc-block-grid__product\">\n\t\t\t\t<a href=\"https:\/\/leregardlibre.com\/en\/product\/youth-pass-2\/\" class=\"wc-block-grid__product-link\">\n\t\t\t\t\t\n\t\t\t\t\t<div class=\"wc-block-grid__product-image\"><img fetchpriority=\"high\" decoding=\"async\" width=\"300\" height=\"226\" src=\"https:\/\/leregardlibre.com\/wp-content\/uploads\/2024\/03\/rl_abo-1-300x226.png\" class=\"attachment-woocommerce_thumbnail size-woocommerce_thumbnail\" alt=\"Youth pass\" srcset=\"https:\/\/leregardlibre.com\/wp-content\/uploads\/2024\/03\/rl_abo-1-300x226.png 300w, https:\/\/leregardlibre.com\/wp-content\/uploads\/2024\/03\/rl_abo-1-150x113.png 150w, https:\/\/leregardlibre.com\/wp-content\/uploads\/2024\/03\/rl_abo-1-768x578.png 768w, https:\/\/leregardlibre.com\/wp-content\/uploads\/2024\/03\/rl_abo-1-585x440.png 585w, https:\/\/leregardlibre.com\/wp-content\/uploads\/2024\/03\/rl_abo-1-600x452.png 600w, https:\/\/leregardlibre.com\/wp-content\/uploads\/2024\/03\/rl_abo-1.png 800w\" sizes=\"(max-width: 300px) 100vw, 300px\" \/><\/div>\n\t\t\t\t\t<div class=\"wc-block-grid__product-title\">Youth pass<\/div>\n\t\t\t\t<\/a>\n\t\t\t\t<div class=\"wc-block-grid__product-price price\"><span class=\"from\">From: <\/span><span class=\"woocommerce-Price-amount amount\"><span class=\"woocommerce-Price-currencySymbol\">CHF<\/span>2.50<\/span> <span class=\"subscription-details\"> \/ month<\/span><\/div>\n\t\t\t\t\n\t\t\t\t<div class=\"wp-block-button wc-block-grid__product-add-to-cart\"><a href=\"https:\/\/leregardlibre.com\/en\/product\/youth-pass-2\/\" aria-label=\"Select options for \u201cYouth subscription\u201d\" data-quantity=\"1\" data-product_id=\"50354\" data-product_sku=\"\" data-price=\"2.5\" rel=\"nofollow\" class=\"wp-block-button__link  add_to_cart_button\">Select options<\/a><\/div>\n\t\t\t<\/li><li class=\"wc-block-grid__product\">\n\t\t\t\t<a href=\"https:\/\/leregardlibre.com\/en\/product\/digital-subscription-2\/\" class=\"wc-block-grid__product-link\">\n\t\t\t\t\t\n\t\t\t\t\t<div class=\"wc-block-grid__product-image\"><img decoding=\"async\" width=\"300\" height=\"226\" src=\"https:\/\/leregardlibre.com\/wp-content\/uploads\/2024\/03\/rl_abo-1-300x226.png\" class=\"attachment-woocommerce_thumbnail size-woocommerce_thumbnail\" alt=\"Digital subscription\" srcset=\"https:\/\/leregardlibre.com\/wp-content\/uploads\/2024\/03\/rl_abo-1-300x226.png 300w, https:\/\/leregardlibre.com\/wp-content\/uploads\/2024\/03\/rl_abo-1-150x113.png 150w, https:\/\/leregardlibre.com\/wp-content\/uploads\/2024\/03\/rl_abo-1-768x578.png 768w, https:\/\/leregardlibre.com\/wp-content\/uploads\/2024\/03\/rl_abo-1-585x440.png 585w, https:\/\/leregardlibre.com\/wp-content\/uploads\/2024\/03\/rl_abo-1-600x452.png 600w, https:\/\/leregardlibre.com\/wp-content\/uploads\/2024\/03\/rl_abo-1.png 800w\" sizes=\"(max-width: 300px) 100vw, 300px\" \/><\/div>\n\t\t\t\t\t<div class=\"wc-block-grid__product-title\">Digital subscription<\/div>\n\t\t\t\t<\/a>\n\t\t\t\t<div class=\"wc-block-grid__product-price price\"><span class=\"from\">From: <\/span><span class=\"woocommerce-Price-amount amount\"><span class=\"woocommerce-Price-currencySymbol\">CHF<\/span>5.00<\/span> <span class=\"subscription-details\"> \/ month with a 30-day free trial and a <span class=\"woocommerce-Price-amount amount\"><span class=\"woocommerce-Price-currencySymbol\">CHF<\/span>2.50<\/span> sign-up fee<\/span><\/div>\n\t\t\t\t\n\t\t\t\t<div class=\"wp-block-button wc-block-grid__product-add-to-cart\"><a href=\"https:\/\/leregardlibre.com\/en\/product\/digital-subscription-2\/\" aria-label=\"Select options for \u201cDigital subscription\u201d\" data-quantity=\"1\" data-product_id=\"50366\" data-product_sku=\"\" data-price=\"5\" rel=\"nofollow\" class=\"wp-block-button__link  add_to_cart_button\">Select options<\/a><\/div>\n\t\t\t<\/li><li class=\"wc-block-grid__product\">\n\t\t\t\t<a href=\"https:\/\/leregardlibre.com\/en\/product\/standard-subscription\/\" class=\"wc-block-grid__product-link\">\n\t\t\t\t\t\n\t\t\t\t\t<div class=\"wc-block-grid__product-image\"><img decoding=\"async\" width=\"300\" height=\"226\" src=\"https:\/\/leregardlibre.com\/wp-content\/uploads\/2022\/07\/visuel-abonnement-rl-300x226.png\" class=\"attachment-woocommerce_thumbnail size-woocommerce_thumbnail\" alt=\"subscription le regard libre\" srcset=\"https:\/\/leregardlibre.com\/wp-content\/uploads\/2022\/07\/visuel-abonnement-rl-300x226.png 300w, https:\/\/leregardlibre.com\/wp-content\/uploads\/2022\/07\/visuel-abonnement-rl-150x113.png 150w, https:\/\/leregardlibre.com\/wp-content\/uploads\/2022\/07\/visuel-abonnement-rl-768x578.png 768w, https:\/\/leregardlibre.com\/wp-content\/uploads\/2022\/07\/visuel-abonnement-rl-585x440.png 585w, https:\/\/leregardlibre.com\/wp-content\/uploads\/2022\/07\/visuel-abonnement-rl-600x452.png 600w, https:\/\/leregardlibre.com\/wp-content\/uploads\/2022\/07\/visuel-abonnement-rl.png 800w\" sizes=\"(max-width: 300px) 100vw, 300px\" \/><\/div>\n\t\t\t\t\t<div class=\"wc-block-grid__product-title\">Standard subscription<\/div>\n\t\t\t\t<\/a>\n\t\t\t\t<div class=\"wc-block-grid__product-price price\"><span class=\"from\">From: <\/span><span class=\"woocommerce-Price-amount amount\"><span class=\"woocommerce-Price-currencySymbol\">CHF<\/span>10.00<\/span> <span class=\"subscription-details\"> \/ month with a 30-day free trial and a <span class=\"woocommerce-Price-amount amount\"><span class=\"woocommerce-Price-currencySymbol\">CHF<\/span>2.50<\/span> sign-up fee<\/span><\/div>\n\t\t\t\t\n\t\t\t\t<div class=\"wp-block-button wc-block-grid__product-add-to-cart\"><a href=\"https:\/\/leregardlibre.com\/en\/product\/standard-subscription\/\" aria-label=\"Select options for \u201cStandard subscription\u201d\" data-quantity=\"1\" data-product_id=\"50371\" data-product_sku=\"\" data-price=\"10\" rel=\"nofollow\" class=\"wp-block-button__link  add_to_cart_button\">Select options<\/a><\/div>\n\t\t\t<\/li><\/ul><\/div>","protected":false},"excerpt":{"rendered":"<p>Each month, we feature a column by one of the personalities who give us the pleasure of taking up the pen in turn. Writer Roland Jaccard recounts his favorite film, as implausible as it is politically correct: the movie of his life.<\/p>","protected":false},"author":523,"featured_media":40212,"comment_status":"open","ping_status":"closed","sticky":false,"template":"","format":"standard","meta":{"_acf_changed":false,"footnotes":""},"categories":[8796],"tags":[644355335,644343947,644355880],"class_list":["post-42627","post","type-post","status-publish","format-standard","has-post-thumbnail","hentry","category-societe","tag-francoise-sagan","tag-gabriel-matzneff","tag-le-film-de-roland-jaccard"],"acf":[],"yoast_head":"<!-- This site is optimized with the Yoast SEO Premium plugin v27.4 (Yoast SEO v27.4) - https:\/\/yoast.com\/product\/yoast-seo-premium-wordpress\/ -->\n<title>Le film de Roland Jaccard: \u00abJacques Lecarme et moi\u00bb<\/title>\n<meta name=\"description\" content=\"Dans sa derni\u00e8re chronique, l\u2019\u00e9crivain Roland Jaccard, d\u00e9c\u00e9d\u00e9 le 20 septembre 2021, \u00e9voque sa relation avec Jacques Lecarme.\" \/>\n<meta name=\"robots\" content=\"index, follow, max-snippet:-1, max-image-preview:large, max-video-preview:-1\" \/>\n<link rel=\"canonical\" href=\"https:\/\/leregardlibre.com\/en\/company\/roland-jaccards-latest-column-jacques-lecarme-and-me\/\" \/>\n<meta property=\"og:locale\" content=\"en_US\" \/>\n<meta property=\"og:type\" content=\"article\" \/>\n<meta property=\"og:title\" content=\"Le film de Roland Jaccard: \u00abJacques Lecarme et moi\u00bb\" \/>\n<meta property=\"og:description\" content=\"Dans sa derni\u00e8re chronique, l\u2019\u00e9crivain Roland Jaccard, d\u00e9c\u00e9d\u00e9 le 20 septembre 2021, \u00e9voque sa relation avec Jacques Lecarme.\" \/>\n<meta property=\"og:url\" content=\"https:\/\/leregardlibre.com\/en\/company\/roland-jaccards-latest-column-jacques-lecarme-and-me\/\" \/>\n<meta property=\"og:site_name\" content=\"Le Regard Libre\" \/>\n<meta property=\"article:publisher\" content=\"https:\/\/www.facebook.com\/leregardlibre\/\" \/>\n<meta property=\"article:published_time\" content=\"2021-09-26T04:00:00+00:00\" \/>\n<meta property=\"article:modified_time\" content=\"2024-08-03T19:34:49+00:00\" \/>\n<meta property=\"og:image\" content=\"https:\/\/leregardlibre.com\/wp-content\/uploads\/2021\/04\/Roland-Jaccard-version-horizontale-Roland-Jaccard-version-finale-\u00a9-Nicolas-Locatelli-scaled.jpg\" \/>\n\t<meta property=\"og:image:width\" content=\"2560\" \/>\n\t<meta property=\"og:image:height\" content=\"1541\" \/>\n\t<meta property=\"og:image:type\" content=\"image\/jpeg\" \/>\n<meta name=\"author\" content=\"Roland Jaccard\" \/>\n<meta name=\"twitter:card\" content=\"summary_large_image\" \/>\n<meta name=\"twitter:creator\" content=\"@LeRegardLibre\" \/>\n<meta name=\"twitter:site\" content=\"@LeRegardLibre\" \/>\n<meta name=\"twitter:label1\" content=\"Written by\" \/>\n\t<meta name=\"twitter:data1\" content=\"Roland Jaccard\" \/>\n\t<meta name=\"twitter:label2\" content=\"Est. reading time\" \/>\n\t<meta name=\"twitter:data2\" content=\"4 minutes\" \/>\n<script type=\"application\/ld+json\" class=\"yoast-schema-graph\">{\"@context\":\"https:\\\/\\\/schema.org\",\"@graph\":[{\"@type\":\"Article\",\"@id\":\"https:\\\/\\\/leregardlibre.com\\\/societe\\\/la-derniere-chronique-de-roland-jaccard-jacques-lecarme-et-moi\\\/#article\",\"isPartOf\":{\"@id\":\"https:\\\/\\\/leregardlibre.com\\\/societe\\\/la-derniere-chronique-de-roland-jaccard-jacques-lecarme-et-moi\\\/\"},\"author\":{\"name\":\"Roland Jaccard\",\"@id\":\"https:\\\/\\\/leregardlibre.com\\\/#\\\/schema\\\/person\\\/11fe125748e7b9f78ef1b7c8e1e2b026\"},\"headline\":\"Le film de Roland Jaccard: \u00abJacques Lecarme et moi\u00bb\",\"datePublished\":\"2021-09-26T04:00:00+00:00\",\"dateModified\":\"2024-08-03T19:34:49+00:00\",\"mainEntityOfPage\":{\"@id\":\"https:\\\/\\\/leregardlibre.com\\\/societe\\\/la-derniere-chronique-de-roland-jaccard-jacques-lecarme-et-moi\\\/\"},\"wordCount\":878,\"commentCount\":0,\"publisher\":{\"@id\":\"https:\\\/\\\/leregardlibre.com\\\/#organization\"},\"image\":{\"@id\":\"https:\\\/\\\/leregardlibre.com\\\/societe\\\/la-derniere-chronique-de-roland-jaccard-jacques-lecarme-et-moi\\\/#primaryimage\"},\"thumbnailUrl\":\"https:\\\/\\\/leregardlibre.com\\\/wp-content\\\/uploads\\\/2021\\\/04\\\/Roland-Jaccard-version-horizontale-Roland-Jaccard-version-finale-\u00a9-Nicolas-Locatelli-scaled.jpg\",\"keywords\":[\"Fran\u00e7oise Sagan\",\"Gabriel Matzneff\",\"Le film de Roland Jaccard\"],\"articleSection\":[\"Soci\u00e9t\u00e9\"],\"inLanguage\":\"en-US\",\"potentialAction\":[{\"@type\":\"CommentAction\",\"name\":\"Comment\",\"target\":[\"https:\\\/\\\/leregardlibre.com\\\/societe\\\/la-derniere-chronique-de-roland-jaccard-jacques-lecarme-et-moi\\\/#respond\"]}]},{\"@type\":\"WebPage\",\"@id\":\"https:\\\/\\\/leregardlibre.com\\\/societe\\\/la-derniere-chronique-de-roland-jaccard-jacques-lecarme-et-moi\\\/\",\"url\":\"https:\\\/\\\/leregardlibre.com\\\/societe\\\/la-derniere-chronique-de-roland-jaccard-jacques-lecarme-et-moi\\\/\",\"name\":\"Le film de Roland Jaccard: \u00abJacques Lecarme et moi\u00bb\",\"isPartOf\":{\"@id\":\"https:\\\/\\\/leregardlibre.com\\\/#website\"},\"primaryImageOfPage\":{\"@id\":\"https:\\\/\\\/leregardlibre.com\\\/societe\\\/la-derniere-chronique-de-roland-jaccard-jacques-lecarme-et-moi\\\/#primaryimage\"},\"image\":{\"@id\":\"https:\\\/\\\/leregardlibre.com\\\/societe\\\/la-derniere-chronique-de-roland-jaccard-jacques-lecarme-et-moi\\\/#primaryimage\"},\"thumbnailUrl\":\"https:\\\/\\\/leregardlibre.com\\\/wp-content\\\/uploads\\\/2021\\\/04\\\/Roland-Jaccard-version-horizontale-Roland-Jaccard-version-finale-\u00a9-Nicolas-Locatelli-scaled.jpg\",\"datePublished\":\"2021-09-26T04:00:00+00:00\",\"dateModified\":\"2024-08-03T19:34:49+00:00\",\"description\":\"Dans sa derni\u00e8re chronique, l\u2019\u00e9crivain Roland Jaccard, d\u00e9c\u00e9d\u00e9 le 20 septembre 2021, \u00e9voque sa relation avec Jacques Lecarme.\",\"breadcrumb\":{\"@id\":\"https:\\\/\\\/leregardlibre.com\\\/societe\\\/la-derniere-chronique-de-roland-jaccard-jacques-lecarme-et-moi\\\/#breadcrumb\"},\"inLanguage\":\"en-US\",\"potentialAction\":[{\"@type\":\"ReadAction\",\"target\":[\"https:\\\/\\\/leregardlibre.com\\\/societe\\\/la-derniere-chronique-de-roland-jaccard-jacques-lecarme-et-moi\\\/\"]}]},{\"@type\":\"ImageObject\",\"inLanguage\":\"en-US\",\"@id\":\"https:\\\/\\\/leregardlibre.com\\\/societe\\\/la-derniere-chronique-de-roland-jaccard-jacques-lecarme-et-moi\\\/#primaryimage\",\"url\":\"https:\\\/\\\/leregardlibre.com\\\/wp-content\\\/uploads\\\/2021\\\/04\\\/Roland-Jaccard-version-horizontale-Roland-Jaccard-version-finale-\u00a9-Nicolas-Locatelli-scaled.jpg\",\"contentUrl\":\"https:\\\/\\\/leregardlibre.com\\\/wp-content\\\/uploads\\\/2021\\\/04\\\/Roland-Jaccard-version-horizontale-Roland-Jaccard-version-finale-\u00a9-Nicolas-Locatelli-scaled.jpg\",\"width\":2560,\"height\":1541},{\"@type\":\"BreadcrumbList\",\"@id\":\"https:\\\/\\\/leregardlibre.com\\\/societe\\\/la-derniere-chronique-de-roland-jaccard-jacques-lecarme-et-moi\\\/#breadcrumb\",\"itemListElement\":[{\"@type\":\"ListItem\",\"position\":1,\"name\":\"Accueil\",\"item\":\"https:\\\/\\\/leregardlibre.com\\\/\"},{\"@type\":\"ListItem\",\"position\":2,\"name\":\"Le film de Roland Jaccard: \u00abJacques Lecarme et moi\u00bb\"}]},{\"@type\":\"WebSite\",\"@id\":\"https:\\\/\\\/leregardlibre.com\\\/#website\",\"url\":\"https:\\\/\\\/leregardlibre.com\\\/\",\"name\":\"Le Regard Libre\",\"description\":\"Premier mensuel suisse de d\u00e9bat\",\"publisher\":{\"@id\":\"https:\\\/\\\/leregardlibre.com\\\/#organization\"},\"potentialAction\":[{\"@type\":\"SearchAction\",\"target\":{\"@type\":\"EntryPoint\",\"urlTemplate\":\"https:\\\/\\\/leregardlibre.com\\\/?s={search_term_string}\"},\"query-input\":{\"@type\":\"PropertyValueSpecification\",\"valueRequired\":true,\"valueName\":\"search_term_string\"}}],\"inLanguage\":\"en-US\"},{\"@type\":\"Organization\",\"@id\":\"https:\\\/\\\/leregardlibre.com\\\/#organization\",\"name\":\"Le Regard Libre\",\"url\":\"https:\\\/\\\/leregardlibre.com\\\/\",\"logo\":{\"@type\":\"ImageObject\",\"inLanguage\":\"en-US\",\"@id\":\"https:\\\/\\\/leregardlibre.com\\\/#\\\/schema\\\/logo\\\/image\\\/\",\"url\":\"https:\\\/\\\/leregardlibre.com\\\/wp-content\\\/uploads\\\/2025\\\/08\\\/logo-rl-icone-neg.jpeg\",\"contentUrl\":\"https:\\\/\\\/leregardlibre.com\\\/wp-content\\\/uploads\\\/2025\\\/08\\\/logo-rl-icone-neg.jpeg\",\"width\":557,\"height\":556,\"caption\":\"Le Regard Libre\"},\"image\":{\"@id\":\"https:\\\/\\\/leregardlibre.com\\\/#\\\/schema\\\/logo\\\/image\\\/\"},\"sameAs\":[\"https:\\\/\\\/www.facebook.com\\\/leregardlibre\\\/\",\"https:\\\/\\\/x.com\\\/LeRegardLibre\",\"https:\\\/\\\/www.linkedin.com\\\/company\\\/le-regard-libre\",\"https:\\\/\\\/www.instagram.com\\\/leregardlibre\\\/\",\"http:\\\/\\\/t.me\\\/leregardlibre\",\"https:\\\/\\\/youtube.com\\\/channel\\\/UC6HzGPomj1LsUmlz-sJtITQ\"],\"description\":\"Le Regard Libre est un mensuel suisse de d\u00e9bat intellectuel et culturel. Sa r\u00e9daction est jeune, b\u00e9n\u00e9vole, lib\u00e9rale et pluraliste. Le magazine para\u00eet en ligne et sous forme papier. Sa langue est le fran\u00e7ais.\",\"email\":\"redaction@leregardlibre.com\",\"legalName\":\"Le Regard Libre\",\"foundingDate\":\"2014-01-01\",\"numberOfEmployees\":{\"@type\":\"QuantitativeValue\",\"minValue\":\"11\",\"maxValue\":\"50\"},\"publishingPrinciples\":\"https:\\\/\\\/leregardlibre.com\\\/a-propos\\\/notre-manifeste\\\/\",\"ownershipFundingInfo\":\"https:\\\/\\\/leregardlibre.com\\\/mentions-legales\\\/\",\"actionableFeedbackPolicy\":\"https:\\\/\\\/leregardlibre.com\\\/conditions-generales-de-vente\\\/\"},{\"@type\":\"Person\",\"@id\":\"https:\\\/\\\/leregardlibre.com\\\/#\\\/schema\\\/person\\\/11fe125748e7b9f78ef1b7c8e1e2b026\",\"name\":\"Roland Jaccard\",\"image\":{\"@type\":\"ImageObject\",\"inLanguage\":\"en-US\",\"@id\":\"https:\\\/\\\/secure.gravatar.com\\\/avatar\\\/748360f7a3f0b2a14d8083aa6c8d6c0d5cf69fceea06aa17607517f541a93023?s=96&d=identicon&r=g\",\"url\":\"https:\\\/\\\/secure.gravatar.com\\\/avatar\\\/748360f7a3f0b2a14d8083aa6c8d6c0d5cf69fceea06aa17607517f541a93023?s=96&d=identicon&r=g\",\"contentUrl\":\"https:\\\/\\\/secure.gravatar.com\\\/avatar\\\/748360f7a3f0b2a14d8083aa6c8d6c0d5cf69fceea06aa17607517f541a93023?s=96&d=identicon&r=g\",\"caption\":\"Roland Jaccard\"},\"url\":\"https:\\\/\\\/leregardlibre.com\\\/en\\\/author\\\/roland-jaccard\\\/\"}]}<\/script>\n<!-- \/ Yoast SEO Premium plugin. -->","yoast_head_json":{"title":"Roland Jaccard's film: \u00abJacques Lecarme et moi\u00bb (Jacques Lecarme and me)\u00bb","description":"In his last column, writer Roland Jaccard, who died on September 20, 2021, talks about his relationship with Jacques Lecarme.","robots":{"index":"index","follow":"follow","max-snippet":"max-snippet:-1","max-image-preview":"max-image-preview:large","max-video-preview":"max-video-preview:-1"},"canonical":"https:\/\/leregardlibre.com\/en\/company\/roland-jaccards-latest-column-jacques-lecarme-and-me\/","og_locale":"en_US","og_type":"article","og_title":"Le film de Roland Jaccard: \u00abJacques Lecarme et moi\u00bb","og_description":"Dans sa derni\u00e8re chronique, l\u2019\u00e9crivain Roland Jaccard, d\u00e9c\u00e9d\u00e9 le 20 septembre 2021, \u00e9voque sa relation avec Jacques Lecarme.","og_url":"https:\/\/leregardlibre.com\/en\/company\/roland-jaccards-latest-column-jacques-lecarme-and-me\/","og_site_name":"Le Regard Libre","article_publisher":"https:\/\/www.facebook.com\/leregardlibre\/","article_published_time":"2021-09-26T04:00:00+00:00","article_modified_time":"2024-08-03T19:34:49+00:00","og_image":[{"width":2560,"height":1541,"url":"https:\/\/leregardlibre.com\/wp-content\/uploads\/2021\/04\/Roland-Jaccard-version-horizontale-Roland-Jaccard-version-finale-\u00a9-Nicolas-Locatelli-scaled.jpg","type":"image\/jpeg"}],"author":"Roland Jaccard","twitter_card":"summary_large_image","twitter_creator":"@LeRegardLibre","twitter_site":"@LeRegardLibre","twitter_misc":{"Written by":"Roland Jaccard","Est. reading time":"4 minutes"},"schema":{"@context":"https:\/\/schema.org","@graph":[{"@type":"Article","@id":"https:\/\/leregardlibre.com\/societe\/la-derniere-chronique-de-roland-jaccard-jacques-lecarme-et-moi\/#article","isPartOf":{"@id":"https:\/\/leregardlibre.com\/societe\/la-derniere-chronique-de-roland-jaccard-jacques-lecarme-et-moi\/"},"author":{"name":"Roland Jaccard","@id":"https:\/\/leregardlibre.com\/#\/schema\/person\/11fe125748e7b9f78ef1b7c8e1e2b026"},"headline":"Le film de Roland Jaccard: \u00abJacques Lecarme et moi\u00bb","datePublished":"2021-09-26T04:00:00+00:00","dateModified":"2024-08-03T19:34:49+00:00","mainEntityOfPage":{"@id":"https:\/\/leregardlibre.com\/societe\/la-derniere-chronique-de-roland-jaccard-jacques-lecarme-et-moi\/"},"wordCount":878,"commentCount":0,"publisher":{"@id":"https:\/\/leregardlibre.com\/#organization"},"image":{"@id":"https:\/\/leregardlibre.com\/societe\/la-derniere-chronique-de-roland-jaccard-jacques-lecarme-et-moi\/#primaryimage"},"thumbnailUrl":"https:\/\/leregardlibre.com\/wp-content\/uploads\/2021\/04\/Roland-Jaccard-version-horizontale-Roland-Jaccard-version-finale-\u00a9-Nicolas-Locatelli-scaled.jpg","keywords":["Fran\u00e7oise Sagan","Gabriel Matzneff","Le film de Roland Jaccard"],"articleSection":["Soci\u00e9t\u00e9"],"inLanguage":"en-US","potentialAction":[{"@type":"CommentAction","name":"Comment","target":["https:\/\/leregardlibre.com\/societe\/la-derniere-chronique-de-roland-jaccard-jacques-lecarme-et-moi\/#respond"]}]},{"@type":"WebPage","@id":"https:\/\/leregardlibre.com\/societe\/la-derniere-chronique-de-roland-jaccard-jacques-lecarme-et-moi\/","url":"https:\/\/leregardlibre.com\/societe\/la-derniere-chronique-de-roland-jaccard-jacques-lecarme-et-moi\/","name":"Roland Jaccard's film: \u00abJacques Lecarme et moi\u00bb (Jacques Lecarme and me)\u00bb","isPartOf":{"@id":"https:\/\/leregardlibre.com\/#website"},"primaryImageOfPage":{"@id":"https:\/\/leregardlibre.com\/societe\/la-derniere-chronique-de-roland-jaccard-jacques-lecarme-et-moi\/#primaryimage"},"image":{"@id":"https:\/\/leregardlibre.com\/societe\/la-derniere-chronique-de-roland-jaccard-jacques-lecarme-et-moi\/#primaryimage"},"thumbnailUrl":"https:\/\/leregardlibre.com\/wp-content\/uploads\/2021\/04\/Roland-Jaccard-version-horizontale-Roland-Jaccard-version-finale-\u00a9-Nicolas-Locatelli-scaled.jpg","datePublished":"2021-09-26T04:00:00+00:00","dateModified":"2024-08-03T19:34:49+00:00","description":"In his last column, writer Roland Jaccard, who died on September 20, 2021, talks about his relationship with Jacques Lecarme.","breadcrumb":{"@id":"https:\/\/leregardlibre.com\/societe\/la-derniere-chronique-de-roland-jaccard-jacques-lecarme-et-moi\/#breadcrumb"},"inLanguage":"en-US","potentialAction":[{"@type":"ReadAction","target":["https:\/\/leregardlibre.com\/societe\/la-derniere-chronique-de-roland-jaccard-jacques-lecarme-et-moi\/"]}]},{"@type":"ImageObject","inLanguage":"en-US","@id":"https:\/\/leregardlibre.com\/societe\/la-derniere-chronique-de-roland-jaccard-jacques-lecarme-et-moi\/#primaryimage","url":"https:\/\/leregardlibre.com\/wp-content\/uploads\/2021\/04\/Roland-Jaccard-version-horizontale-Roland-Jaccard-version-finale-\u00a9-Nicolas-Locatelli-scaled.jpg","contentUrl":"https:\/\/leregardlibre.com\/wp-content\/uploads\/2021\/04\/Roland-Jaccard-version-horizontale-Roland-Jaccard-version-finale-\u00a9-Nicolas-Locatelli-scaled.jpg","width":2560,"height":1541},{"@type":"BreadcrumbList","@id":"https:\/\/leregardlibre.com\/societe\/la-derniere-chronique-de-roland-jaccard-jacques-lecarme-et-moi\/#breadcrumb","itemListElement":[{"@type":"ListItem","position":1,"name":"Accueil","item":"https:\/\/leregardlibre.com\/"},{"@type":"ListItem","position":2,"name":"Le film de Roland Jaccard: \u00abJacques Lecarme et moi\u00bb"}]},{"@type":"WebSite","@id":"https:\/\/leregardlibre.com\/#website","url":"https:\/\/leregardlibre.com\/","name":"Le Regard Libre","description":"Switzerland's first monthly debate magazine","publisher":{"@id":"https:\/\/leregardlibre.com\/#organization"},"potentialAction":[{"@type":"SearchAction","target":{"@type":"EntryPoint","urlTemplate":"https:\/\/leregardlibre.com\/?s={search_term_string}"},"query-input":{"@type":"PropertyValueSpecification","valueRequired":true,"valueName":"search_term_string"}}],"inLanguage":"en-US"},{"@type":"Organization","@id":"https:\/\/leregardlibre.com\/#organization","name":"Le Regard Libre","url":"https:\/\/leregardlibre.com\/","logo":{"@type":"ImageObject","inLanguage":"en-US","@id":"https:\/\/leregardlibre.com\/#\/schema\/logo\/image\/","url":"https:\/\/leregardlibre.com\/wp-content\/uploads\/2025\/08\/logo-rl-icone-neg.jpeg","contentUrl":"https:\/\/leregardlibre.com\/wp-content\/uploads\/2025\/08\/logo-rl-icone-neg.jpeg","width":557,"height":556,"caption":"Le Regard Libre"},"image":{"@id":"https:\/\/leregardlibre.com\/#\/schema\/logo\/image\/"},"sameAs":["https:\/\/www.facebook.com\/leregardlibre\/","https:\/\/x.com\/LeRegardLibre","https:\/\/www.linkedin.com\/company\/le-regard-libre","https:\/\/www.instagram.com\/leregardlibre\/","http:\/\/t.me\/leregardlibre","https:\/\/youtube.com\/channel\/UC6HzGPomj1LsUmlz-sJtITQ"],"description":"Le Regard Libre is a Swiss monthly magazine for intellectual and cultural debate. Its editorial team is young, voluntary, liberal and pluralist. The magazine appears online and in print. Its language is French.","email":"redaction@leregardlibre.com","legalName":"Le Regard Libre","foundingDate":"2014-01-01","numberOfEmployees":{"@type":"QuantitativeValue","minValue":"11","maxValue":"50"},"publishingPrinciples":"https:\/\/leregardlibre.com\/a-propos\/notre-manifeste\/","ownershipFundingInfo":"https:\/\/leregardlibre.com\/mentions-legales\/","actionableFeedbackPolicy":"https:\/\/leregardlibre.com\/conditions-generales-de-vente\/"},{"@type":"Person","@id":"https:\/\/leregardlibre.com\/#\/schema\/person\/11fe125748e7b9f78ef1b7c8e1e2b026","name":"Roland Jaccard","image":{"@type":"ImageObject","inLanguage":"en-US","@id":"https:\/\/secure.gravatar.com\/avatar\/748360f7a3f0b2a14d8083aa6c8d6c0d5cf69fceea06aa17607517f541a93023?s=96&d=identicon&r=g","url":"https:\/\/secure.gravatar.com\/avatar\/748360f7a3f0b2a14d8083aa6c8d6c0d5cf69fceea06aa17607517f541a93023?s=96&d=identicon&r=g","contentUrl":"https:\/\/secure.gravatar.com\/avatar\/748360f7a3f0b2a14d8083aa6c8d6c0d5cf69fceea06aa17607517f541a93023?s=96&d=identicon&r=g","caption":"Roland Jaccard"},"url":"https:\/\/leregardlibre.com\/en\/author\/roland-jaccard\/"}]}},"_links":{"self":[{"href":"https:\/\/leregardlibre.com\/en\/wp-json\/wp\/v2\/posts\/42627","targetHints":{"allow":["GET"]}}],"collection":[{"href":"https:\/\/leregardlibre.com\/en\/wp-json\/wp\/v2\/posts"}],"about":[{"href":"https:\/\/leregardlibre.com\/en\/wp-json\/wp\/v2\/types\/post"}],"author":[{"embeddable":true,"href":"https:\/\/leregardlibre.com\/en\/wp-json\/wp\/v2\/users\/523"}],"replies":[{"embeddable":true,"href":"https:\/\/leregardlibre.com\/en\/wp-json\/wp\/v2\/comments?post=42627"}],"version-history":[{"count":2,"href":"https:\/\/leregardlibre.com\/en\/wp-json\/wp\/v2\/posts\/42627\/revisions"}],"predecessor-version":[{"id":516269,"href":"https:\/\/leregardlibre.com\/en\/wp-json\/wp\/v2\/posts\/42627\/revisions\/516269"}],"wp:featuredmedia":[{"embeddable":true,"href":"https:\/\/leregardlibre.com\/en\/wp-json\/wp\/v2\/media\/40212"}],"wp:attachment":[{"href":"https:\/\/leregardlibre.com\/en\/wp-json\/wp\/v2\/media?parent=42627"}],"wp:term":[{"taxonomy":"category","embeddable":true,"href":"https:\/\/leregardlibre.com\/en\/wp-json\/wp\/v2\/categories?post=42627"},{"taxonomy":"post_tag","embeddable":true,"href":"https:\/\/leregardlibre.com\/en\/wp-json\/wp\/v2\/tags?post=42627"}],"curies":[{"name":"wp","href":"https:\/\/api.w.org\/{rel}","templated":true}]}}