{"id":42709,"date":"2021-09-27T05:49:00","date_gmt":"2021-09-27T03:49:00","guid":{"rendered":"https:\/\/leregardlibre.com\/?p=42709"},"modified":"2022-09-04T10:20:18","modified_gmt":"2022-09-04T08:20:18","slug":"saying-ok-boomer-is-belittling-the-person-not-criticizing-their-ideas","status":"publish","type":"post","link":"https:\/\/leregardlibre.com\/en\/societe\/dire-ok-boomer-cest-denigrer-la-personne-pas-critiquer-ses-idees\/","title":{"rendered":"\u00abTo say \u2018\u2018OK Boomer\u2019\u2019 is to denigrate the person, not to criticize his ideas.\u00bb"},"content":{"rendered":"<p>On Sunday, September 26, Jonas Follonier, editor-in-chief of the <em>Regard Libre<\/em>, appeared on the debate show *Le PoinG*, hosted by Laetitia Guinand on L\u00e9man Bleu, to discuss the \u00abgeneration gap.\u00bb There, he argued, alongside Philippe Val, former editor-in-chief of <em>Charlie Hebdo<\/em> and France Inter, the achievements of the baby boomers, the principles of the Enlightenment, and the diversity of viewpoints among young people and in society as a whole.<\/p>\n\n\n\n<p><strong>Watch the show:<\/strong><\/p>\n\n\n<p><iframe frameborder=\"0\" width=\"480\" height=\"288\" src=\"https:\/\/vod.infomaniak.com\/iframe.php?url=lemanbleu\/1leman_ic2-15400\/mp4-231\/46096_52044328-78bb-47c4-9f32-78d91094633f.mp4&amp;player=146&amp;vod=14&amp;mobile=lemanbleu\/1leman_ic2-15400\/mp4-323\/46096_52044328-78bb-47c4-9f32-78d91094633f.mp4&amp;autostart=0&amp;loop=0&amp;preloadImage=lemanbleu\/1leman_ic2-15400\/mp4-231\/46096_52044328-78bb-47c4-9f32-78d91094633f.jpg&amp;wmode=direct\" allowfullscreen=\"\"><\/iframe><\/p>\n\n\n<p><iframe frameborder=\"0\" width=\"480\" height=\"288\" src=\"https:\/\/vod.infomaniak.com\/iframe.php?url=lemanbleu\/1leman_ic2-15400\/mp4-231\/46097_9fac5b11-19e0-419f-acbd-46430caf5b84.mp4&amp;player=146&amp;vod=14&amp;mobile=lemanbleu\/1leman_ic2-15400\/mp4-323\/46097_9fac5b11-19e0-419f-acbd-46430caf5b84.mp4&amp;autostart=0&amp;loop=0&amp;preloadImage=lemanbleu\/1leman_ic2-15400\/mp4-231\/46097_9fac5b11-19e0-419f-acbd-46430caf5b84.jpg&amp;wmode=direct\" allowfullscreen=\"\"><\/iframe><\/p>","protected":false},"excerpt":{"rendered":"<p>Jonas Follonier on Le PoinG<\/p>","protected":false},"author":138,"featured_media":42716,"comment_status":"open","ping_status":"closed","sticky":false,"template":"","format":"standard","meta":{"_acf_changed":false,"footnotes":""},"categories":[8796],"tags":[4155756,644356930,45553,1796208,644356931,644356349],"class_list":["post-42709","post","type-post","status-publish","format-standard","has-post-thumbnail","hentry","category-societe","tag-debat-didees","tag-emission-tele","tag-liberte","tag-lumieres","tag-ok-boomer","tag-pluralisme"],"acf":[],"yoast_head":"<!-- This site is optimized with the Yoast SEO Premium plugin v28.3 (Yoast SEO v28.3) - https:\/\/yoast.com\/product\/yoast-seo-premium-wordpress\/ -->\n<title>\u00abDire \u2018\u2018OK Boomer\u2019\u2019, c\u2019est d\u00e9nigrer la personne, pas critiquer ses id\u00e9es\u00bb<\/title>\n<meta name=\"description\" content=\"\u00abOk boomer, le clash des g\u00e9n\u00e9rations\u00bb: Jonas Follonier a particip\u00e9 au d\u00e9bat \u00abLe PoinG\u00bb du 26 septembre 2021 sur L\u00e9man Bleu avec Philippe Val\" \/>\n<meta name=\"robots\" content=\"index, follow, max-snippet:-1, max-image-preview:large, max-video-preview:-1\" \/>\n<link rel=\"canonical\" href=\"https:\/\/leregardlibre.com\/en\/company\/saying-ok-boomer-is-belittling-the-person-not-criticizing-their-ideas\/\" \/>\n<meta property=\"og:locale\" content=\"en_US\" \/>\n<meta property=\"og:type\" content=\"article\" \/>\n<meta property=\"og:title\" content=\"\u00abDire \u2018\u2018OK Boomer\u2019\u2019, c\u2019est d\u00e9nigrer la personne, pas critiquer ses id\u00e9es\u00bb\" \/>\n<meta property=\"og:description\" content=\"\u00abOk boomer, le clash des g\u00e9n\u00e9rations\u00bb: Jonas Follonier a particip\u00e9 au d\u00e9bat \u00abLe PoinG\u00bb du 26 septembre 2021 sur L\u00e9man Bleu avec Philippe Val\" \/>\n<meta property=\"og:url\" content=\"https:\/\/leregardlibre.com\/en\/company\/saying-ok-boomer-is-belittling-the-person-not-criticizing-their-ideas\/\" \/>\n<meta property=\"og:site_name\" content=\"Le Regard Libre\" \/>\n<meta property=\"article:publisher\" content=\"https:\/\/www.facebook.com\/leregardlibre\/\" \/>\n<meta property=\"article:author\" content=\"https:\/\/www.facebook.com\/jonas.follonier\/\" \/>\n<meta property=\"article:published_time\" content=\"2021-09-27T03:49:00+00:00\" \/>\n<meta property=\"article:modified_time\" content=\"2022-09-04T08:20:18+00:00\" \/>\n<meta property=\"og:image\" content=\"https:\/\/leregardlibre.com\/wp-content\/uploads\/2021\/09\/20210922-Jonas-Follonier-a\u0300-le\u0301mission-Le-PoinG.jpeg\" \/>\n\t<meta property=\"og:image:width\" content=\"1200\" \/>\n\t<meta property=\"og:image:height\" content=\"800\" \/>\n\t<meta property=\"og:image:type\" content=\"image\/jpeg\" \/>\n<meta name=\"author\" content=\"Jonas Follonier\" \/>\n<meta name=\"twitter:card\" content=\"summary_large_image\" \/>\n<meta name=\"twitter:creator\" content=\"@LeRegardLibre\" \/>\n<meta name=\"twitter:site\" content=\"@LeRegardLibre\" \/>\n<meta name=\"twitter:label1\" content=\"Written by\" \/>\n\t<meta name=\"twitter:data1\" content=\"Jonas Follonier\" \/>\n\t<meta name=\"twitter:label2\" content=\"Est. reading time\" \/>\n\t<meta name=\"twitter:data2\" content=\"1 minute\" \/>\n<script type=\"application\/ld+json\" class=\"yoast-schema-graph\">{\"@context\":\"https:\\\/\\\/schema.org\",\"@graph\":[{\"@type\":\"Article\",\"@id\":\"https:\\\/\\\/leregardlibre.com\\\/societe\\\/dire-ok-boomer-cest-denigrer-la-personne-pas-critiquer-ses-idees\\\/#article\",\"isPartOf\":{\"@id\":\"https:\\\/\\\/leregardlibre.com\\\/societe\\\/dire-ok-boomer-cest-denigrer-la-personne-pas-critiquer-ses-idees\\\/\"},\"author\":{\"name\":\"Jonas Follonier\",\"@id\":\"https:\\\/\\\/leregardlibre.com\\\/#\\\/schema\\\/person\\\/bfe5aa794a23be71485d60e2d93ec0d2\"},\"headline\":\"\u00abDire \u2018\u2018OK Boomer\u2019\u2019, c\u2019est d\u00e9nigrer la personne, pas critiquer ses id\u00e9es\u00bb\",\"datePublished\":\"2021-09-27T03:49:00+00:00\",\"dateModified\":\"2022-09-04T08:20:18+00:00\",\"mainEntityOfPage\":{\"@id\":\"https:\\\/\\\/leregardlibre.com\\\/societe\\\/dire-ok-boomer-cest-denigrer-la-personne-pas-critiquer-ses-idees\\\/\"},\"wordCount\":106,\"commentCount\":0,\"publisher\":{\"@id\":\"https:\\\/\\\/leregardlibre.com\\\/#organization\"},\"image\":{\"@id\":\"https:\\\/\\\/leregardlibre.com\\\/societe\\\/dire-ok-boomer-cest-denigrer-la-personne-pas-critiquer-ses-idees\\\/#primaryimage\"},\"thumbnailUrl\":\"https:\\\/\\\/leregardlibre.com\\\/wp-content\\\/uploads\\\/2021\\\/09\\\/20210922-Jonas-Follonier-a\u0300-le\u0301mission-Le-PoinG.jpeg\",\"keywords\":[\"D\u00e9bat d\u2019id\u00e9es\",\"Emission t\u00e9l\u00e9\",\"Libert\u00e9\",\"Lumi\u00e8res\",\"ok boomer\",\"Pluralisme\"],\"articleSection\":[\"Soci\u00e9t\u00e9\"],\"inLanguage\":\"en-US\",\"potentialAction\":[{\"@type\":\"CommentAction\",\"name\":\"Comment\",\"target\":[\"https:\\\/\\\/leregardlibre.com\\\/societe\\\/dire-ok-boomer-cest-denigrer-la-personne-pas-critiquer-ses-idees\\\/#respond\"]}]},{\"@type\":\"WebPage\",\"@id\":\"https:\\\/\\\/leregardlibre.com\\\/societe\\\/dire-ok-boomer-cest-denigrer-la-personne-pas-critiquer-ses-idees\\\/\",\"url\":\"https:\\\/\\\/leregardlibre.com\\\/societe\\\/dire-ok-boomer-cest-denigrer-la-personne-pas-critiquer-ses-idees\\\/\",\"name\":\"\u00abDire \u2018\u2018OK Boomer\u2019\u2019, c\u2019est d\u00e9nigrer la personne, pas critiquer ses id\u00e9es\u00bb\",\"isPartOf\":{\"@id\":\"https:\\\/\\\/leregardlibre.com\\\/#website\"},\"primaryImageOfPage\":{\"@id\":\"https:\\\/\\\/leregardlibre.com\\\/societe\\\/dire-ok-boomer-cest-denigrer-la-personne-pas-critiquer-ses-idees\\\/#primaryimage\"},\"image\":{\"@id\":\"https:\\\/\\\/leregardlibre.com\\\/societe\\\/dire-ok-boomer-cest-denigrer-la-personne-pas-critiquer-ses-idees\\\/#primaryimage\"},\"thumbnailUrl\":\"https:\\\/\\\/leregardlibre.com\\\/wp-content\\\/uploads\\\/2021\\\/09\\\/20210922-Jonas-Follonier-a\u0300-le\u0301mission-Le-PoinG.jpeg\",\"datePublished\":\"2021-09-27T03:49:00+00:00\",\"dateModified\":\"2022-09-04T08:20:18+00:00\",\"description\":\"\u00abOk boomer, le clash des g\u00e9n\u00e9rations\u00bb: Jonas Follonier a particip\u00e9 au d\u00e9bat \u00abLe PoinG\u00bb du 26 septembre 2021 sur L\u00e9man Bleu avec Philippe Val\",\"breadcrumb\":{\"@id\":\"https:\\\/\\\/leregardlibre.com\\\/societe\\\/dire-ok-boomer-cest-denigrer-la-personne-pas-critiquer-ses-idees\\\/#breadcrumb\"},\"inLanguage\":\"en-US\",\"potentialAction\":[{\"@type\":\"ReadAction\",\"target\":[\"https:\\\/\\\/leregardlibre.com\\\/societe\\\/dire-ok-boomer-cest-denigrer-la-personne-pas-critiquer-ses-idees\\\/\"]}]},{\"@type\":\"ImageObject\",\"inLanguage\":\"en-US\",\"@id\":\"https:\\\/\\\/leregardlibre.com\\\/societe\\\/dire-ok-boomer-cest-denigrer-la-personne-pas-critiquer-ses-idees\\\/#primaryimage\",\"url\":\"https:\\\/\\\/leregardlibre.com\\\/wp-content\\\/uploads\\\/2021\\\/09\\\/20210922-Jonas-Follonier-a\u0300-le\u0301mission-Le-PoinG.jpeg\",\"contentUrl\":\"https:\\\/\\\/leregardlibre.com\\\/wp-content\\\/uploads\\\/2021\\\/09\\\/20210922-Jonas-Follonier-a\u0300-le\u0301mission-Le-PoinG.jpeg\",\"width\":1200,\"height\":800},{\"@type\":\"BreadcrumbList\",\"@id\":\"https:\\\/\\\/leregardlibre.com\\\/societe\\\/dire-ok-boomer-cest-denigrer-la-personne-pas-critiquer-ses-idees\\\/#breadcrumb\",\"itemListElement\":[{\"@type\":\"ListItem\",\"position\":1,\"name\":\"Accueil\",\"item\":\"https:\\\/\\\/leregardlibre.com\\\/\"},{\"@type\":\"ListItem\",\"position\":2,\"name\":\"\u00abDire \u2018\u2018OK Boomer\u2019\u2019, c\u2019est d\u00e9nigrer la personne, pas critiquer ses id\u00e9es\u00bb\"}]},{\"@type\":\"WebSite\",\"@id\":\"https:\\\/\\\/leregardlibre.com\\\/#website\",\"url\":\"https:\\\/\\\/leregardlibre.com\\\/\",\"name\":\"Le Regard Libre\",\"description\":\"Premier mensuel suisse de d\u00e9bat\",\"publisher\":{\"@id\":\"https:\\\/\\\/leregardlibre.com\\\/#organization\"},\"potentialAction\":[{\"@type\":\"SearchAction\",\"target\":{\"@type\":\"EntryPoint\",\"urlTemplate\":\"https:\\\/\\\/leregardlibre.com\\\/?s={search_term_string}\"},\"query-input\":{\"@type\":\"PropertyValueSpecification\",\"valueRequired\":true,\"valueName\":\"search_term_string\"}}],\"inLanguage\":\"en-US\"},{\"@type\":\"Organization\",\"@id\":\"https:\\\/\\\/leregardlibre.com\\\/#organization\",\"name\":\"Le Regard Libre\",\"url\":\"https:\\\/\\\/leregardlibre.com\\\/\",\"logo\":{\"@type\":\"ImageObject\",\"inLanguage\":\"en-US\",\"@id\":\"https:\\\/\\\/leregardlibre.com\\\/#\\\/schema\\\/logo\\\/image\\\/\",\"url\":\"https:\\\/\\\/leregardlibre.com\\\/wp-content\\\/uploads\\\/2025\\\/08\\\/logo-rl-icone-neg.jpeg\",\"contentUrl\":\"https:\\\/\\\/leregardlibre.com\\\/wp-content\\\/uploads\\\/2025\\\/08\\\/logo-rl-icone-neg.jpeg\",\"width\":557,\"height\":556,\"caption\":\"Le Regard Libre\"},\"image\":{\"@id\":\"https:\\\/\\\/leregardlibre.com\\\/#\\\/schema\\\/logo\\\/image\\\/\"},\"sameAs\":[\"https:\\\/\\\/www.facebook.com\\\/leregardlibre\\\/\",\"https:\\\/\\\/x.com\\\/LeRegardLibre\",\"https:\\\/\\\/www.linkedin.com\\\/company\\\/le-regard-libre\",\"https:\\\/\\\/www.instagram.com\\\/leregardlibre\\\/\",\"http:\\\/\\\/t.me\\\/leregardlibre\",\"https:\\\/\\\/youtube.com\\\/channel\\\/UC6HzGPomj1LsUmlz-sJtITQ\"],\"description\":\"Le Regard Libre est un mensuel suisse de d\u00e9bat intellectuel et culturel. Sa r\u00e9daction est jeune, b\u00e9n\u00e9vole, lib\u00e9rale et pluraliste. Le magazine para\u00eet en ligne et sous forme papier. Sa langue est le fran\u00e7ais.\",\"email\":\"redaction@leregardlibre.com\",\"legalName\":\"Le Regard Libre\",\"foundingDate\":\"2014-01-01\",\"numberOfEmployees\":{\"@type\":\"QuantitativeValue\",\"minValue\":\"11\",\"maxValue\":\"50\"},\"publishingPrinciples\":\"https:\\\/\\\/leregardlibre.com\\\/a-propos\\\/notre-manifeste\\\/\",\"ownershipFundingInfo\":\"https:\\\/\\\/leregardlibre.com\\\/mentions-legales\\\/\",\"actionableFeedbackPolicy\":\"https:\\\/\\\/leregardlibre.com\\\/conditions-generales-de-vente\\\/\"},{\"@type\":\"Person\",\"@id\":\"https:\\\/\\\/leregardlibre.com\\\/#\\\/schema\\\/person\\\/bfe5aa794a23be71485d60e2d93ec0d2\",\"name\":\"Jonas Follonier\",\"image\":{\"@type\":\"ImageObject\",\"inLanguage\":\"en-US\",\"@id\":\"https:\\\/\\\/secure.gravatar.com\\\/avatar\\\/602060b40f6a458420c2d140f49b6caea99152ce6704f2c332e5a0c5aad80303?s=96&d=identicon&r=g\",\"url\":\"https:\\\/\\\/secure.gravatar.com\\\/avatar\\\/602060b40f6a458420c2d140f49b6caea99152ce6704f2c332e5a0c5aad80303?s=96&d=identicon&r=g\",\"contentUrl\":\"https:\\\/\\\/secure.gravatar.com\\\/avatar\\\/602060b40f6a458420c2d140f49b6caea99152ce6704f2c332e5a0c5aad80303?s=96&d=identicon&r=g\",\"caption\":\"Jonas Follonier\"},\"description\":\"R\u00e9dacteur en chef de \u00abL\u2019Agefi\u00bb et essayiste, Jonas Follonier est le fondateur et pr\u00e9sident du \u00abRegard Libre\u00bb.\",\"sameAs\":[\"https:\\\/\\\/www.facebook.com\\\/jonas.follonier\\\/\",\"https:\\\/\\\/www.instagram.com\\\/jonasfollonier\\\/\",\"https:\\\/\\\/www.linkedin.com\\\/in\\\/jonasfollonier\\\/\",\"https:\\\/\\\/fr.wikipedia.org\\\/wiki\\\/Le_Regard_libre\"],\"url\":\"https:\\\/\\\/leregardlibre.com\\\/en\\\/author\\\/jonas-follonier\\\/\"}]}<\/script>\n<!-- \/ Yoast SEO Premium plugin. -->","yoast_head_json":{"title":"\u00abTo say \u2018\u2018OK Boomer\u2019\u2019 is to denigrate the person, not to criticize his ideas.\u00bb","description":"\u00abOkay, Boomer: The Clash of the Generations\u00bb: Jonas Follonier took part in the \u00abLe PoinG\u00bb debate on September 26, 2021, on L\u00e9man Bleu with Philippe Val","robots":{"index":"index","follow":"follow","max-snippet":"max-snippet:-1","max-image-preview":"max-image-preview:large","max-video-preview":"max-video-preview:-1"},"canonical":"https:\/\/leregardlibre.com\/en\/company\/saying-ok-boomer-is-belittling-the-person-not-criticizing-their-ideas\/","og_locale":"en_US","og_type":"article","og_title":"\u00abDire \u2018\u2018OK Boomer\u2019\u2019, c\u2019est d\u00e9nigrer la personne, pas critiquer ses id\u00e9es\u00bb","og_description":"\u00abOk boomer, le clash des g\u00e9n\u00e9rations\u00bb: Jonas Follonier a particip\u00e9 au d\u00e9bat \u00abLe PoinG\u00bb du 26 septembre 2021 sur L\u00e9man Bleu avec Philippe Val","og_url":"https:\/\/leregardlibre.com\/en\/company\/saying-ok-boomer-is-belittling-the-person-not-criticizing-their-ideas\/","og_site_name":"Le Regard Libre","article_publisher":"https:\/\/www.facebook.com\/leregardlibre\/","article_author":"https:\/\/www.facebook.com\/jonas.follonier\/","article_published_time":"2021-09-27T03:49:00+00:00","article_modified_time":"2022-09-04T08:20:18+00:00","og_image":[{"width":1200,"height":800,"url":"https:\/\/leregardlibre.com\/wp-content\/uploads\/2021\/09\/20210922-Jonas-Follonier-a\u0300-le\u0301mission-Le-PoinG.jpeg","type":"image\/jpeg"}],"author":"Jonas Follonier","twitter_card":"summary_large_image","twitter_creator":"@LeRegardLibre","twitter_site":"@LeRegardLibre","twitter_misc":{"Written by":"Jonas Follonier","Est. reading time":"1 minute"},"schema":{"@context":"https:\/\/schema.org","@graph":[{"@type":"Article","@id":"https:\/\/leregardlibre.com\/societe\/dire-ok-boomer-cest-denigrer-la-personne-pas-critiquer-ses-idees\/#article","isPartOf":{"@id":"https:\/\/leregardlibre.com\/societe\/dire-ok-boomer-cest-denigrer-la-personne-pas-critiquer-ses-idees\/"},"author":{"name":"Jonas Follonier","@id":"https:\/\/leregardlibre.com\/#\/schema\/person\/bfe5aa794a23be71485d60e2d93ec0d2"},"headline":"\u00abDire \u2018\u2018OK Boomer\u2019\u2019, c\u2019est d\u00e9nigrer la personne, pas critiquer ses id\u00e9es\u00bb","datePublished":"2021-09-27T03:49:00+00:00","dateModified":"2022-09-04T08:20:18+00:00","mainEntityOfPage":{"@id":"https:\/\/leregardlibre.com\/societe\/dire-ok-boomer-cest-denigrer-la-personne-pas-critiquer-ses-idees\/"},"wordCount":106,"commentCount":0,"publisher":{"@id":"https:\/\/leregardlibre.com\/#organization"},"image":{"@id":"https:\/\/leregardlibre.com\/societe\/dire-ok-boomer-cest-denigrer-la-personne-pas-critiquer-ses-idees\/#primaryimage"},"thumbnailUrl":"https:\/\/leregardlibre.com\/wp-content\/uploads\/2021\/09\/20210922-Jonas-Follonier-a\u0300-le\u0301mission-Le-PoinG.jpeg","keywords":["D\u00e9bat d\u2019id\u00e9es","Emission t\u00e9l\u00e9","Libert\u00e9","Lumi\u00e8res","ok boomer","Pluralisme"],"articleSection":["Soci\u00e9t\u00e9"],"inLanguage":"en-US","potentialAction":[{"@type":"CommentAction","name":"Comment","target":["https:\/\/leregardlibre.com\/societe\/dire-ok-boomer-cest-denigrer-la-personne-pas-critiquer-ses-idees\/#respond"]}]},{"@type":"WebPage","@id":"https:\/\/leregardlibre.com\/societe\/dire-ok-boomer-cest-denigrer-la-personne-pas-critiquer-ses-idees\/","url":"https:\/\/leregardlibre.com\/societe\/dire-ok-boomer-cest-denigrer-la-personne-pas-critiquer-ses-idees\/","name":"\u00abTo say \u2018\u2018OK Boomer\u2019\u2019 is to denigrate the person, not to criticize his ideas.\u00bb","isPartOf":{"@id":"https:\/\/leregardlibre.com\/#website"},"primaryImageOfPage":{"@id":"https:\/\/leregardlibre.com\/societe\/dire-ok-boomer-cest-denigrer-la-personne-pas-critiquer-ses-idees\/#primaryimage"},"image":{"@id":"https:\/\/leregardlibre.com\/societe\/dire-ok-boomer-cest-denigrer-la-personne-pas-critiquer-ses-idees\/#primaryimage"},"thumbnailUrl":"https:\/\/leregardlibre.com\/wp-content\/uploads\/2021\/09\/20210922-Jonas-Follonier-a\u0300-le\u0301mission-Le-PoinG.jpeg","datePublished":"2021-09-27T03:49:00+00:00","dateModified":"2022-09-04T08:20:18+00:00","description":"\u00abOkay, Boomer: The Clash of the Generations\u00bb: Jonas Follonier took part in the \u00abLe PoinG\u00bb debate on September 26, 2021, on L\u00e9man Bleu with Philippe Val","breadcrumb":{"@id":"https:\/\/leregardlibre.com\/societe\/dire-ok-boomer-cest-denigrer-la-personne-pas-critiquer-ses-idees\/#breadcrumb"},"inLanguage":"en-US","potentialAction":[{"@type":"ReadAction","target":["https:\/\/leregardlibre.com\/societe\/dire-ok-boomer-cest-denigrer-la-personne-pas-critiquer-ses-idees\/"]}]},{"@type":"ImageObject","inLanguage":"en-US","@id":"https:\/\/leregardlibre.com\/societe\/dire-ok-boomer-cest-denigrer-la-personne-pas-critiquer-ses-idees\/#primaryimage","url":"https:\/\/leregardlibre.com\/wp-content\/uploads\/2021\/09\/20210922-Jonas-Follonier-a\u0300-le\u0301mission-Le-PoinG.jpeg","contentUrl":"https:\/\/leregardlibre.com\/wp-content\/uploads\/2021\/09\/20210922-Jonas-Follonier-a\u0300-le\u0301mission-Le-PoinG.jpeg","width":1200,"height":800},{"@type":"BreadcrumbList","@id":"https:\/\/leregardlibre.com\/societe\/dire-ok-boomer-cest-denigrer-la-personne-pas-critiquer-ses-idees\/#breadcrumb","itemListElement":[{"@type":"ListItem","position":1,"name":"Accueil","item":"https:\/\/leregardlibre.com\/"},{"@type":"ListItem","position":2,"name":"\u00abDire \u2018\u2018OK Boomer\u2019\u2019, c\u2019est d\u00e9nigrer la personne, pas critiquer ses id\u00e9es\u00bb"}]},{"@type":"WebSite","@id":"https:\/\/leregardlibre.com\/#website","url":"https:\/\/leregardlibre.com\/","name":"Le Regard Libre","description":"Switzerland's first monthly debate magazine","publisher":{"@id":"https:\/\/leregardlibre.com\/#organization"},"potentialAction":[{"@type":"SearchAction","target":{"@type":"EntryPoint","urlTemplate":"https:\/\/leregardlibre.com\/?s={search_term_string}"},"query-input":{"@type":"PropertyValueSpecification","valueRequired":true,"valueName":"search_term_string"}}],"inLanguage":"en-US"},{"@type":"Organization","@id":"https:\/\/leregardlibre.com\/#organization","name":"Le Regard Libre","url":"https:\/\/leregardlibre.com\/","logo":{"@type":"ImageObject","inLanguage":"en-US","@id":"https:\/\/leregardlibre.com\/#\/schema\/logo\/image\/","url":"https:\/\/leregardlibre.com\/wp-content\/uploads\/2025\/08\/logo-rl-icone-neg.jpeg","contentUrl":"https:\/\/leregardlibre.com\/wp-content\/uploads\/2025\/08\/logo-rl-icone-neg.jpeg","width":557,"height":556,"caption":"Le Regard Libre"},"image":{"@id":"https:\/\/leregardlibre.com\/#\/schema\/logo\/image\/"},"sameAs":["https:\/\/www.facebook.com\/leregardlibre\/","https:\/\/x.com\/LeRegardLibre","https:\/\/www.linkedin.com\/company\/le-regard-libre","https:\/\/www.instagram.com\/leregardlibre\/","http:\/\/t.me\/leregardlibre","https:\/\/youtube.com\/channel\/UC6HzGPomj1LsUmlz-sJtITQ"],"description":"Le Regard Libre is a Swiss monthly magazine for intellectual and cultural debate. Its editorial team is young, voluntary, liberal and pluralist. The magazine appears online and in print. Its language is French.","email":"redaction@leregardlibre.com","legalName":"Le Regard Libre","foundingDate":"2014-01-01","numberOfEmployees":{"@type":"QuantitativeValue","minValue":"11","maxValue":"50"},"publishingPrinciples":"https:\/\/leregardlibre.com\/a-propos\/notre-manifeste\/","ownershipFundingInfo":"https:\/\/leregardlibre.com\/mentions-legales\/","actionableFeedbackPolicy":"https:\/\/leregardlibre.com\/conditions-generales-de-vente\/"},{"@type":"Person","@id":"https:\/\/leregardlibre.com\/#\/schema\/person\/bfe5aa794a23be71485d60e2d93ec0d2","name":"Jonas Follonier","image":{"@type":"ImageObject","inLanguage":"en-US","@id":"https:\/\/secure.gravatar.com\/avatar\/602060b40f6a458420c2d140f49b6caea99152ce6704f2c332e5a0c5aad80303?s=96&d=identicon&r=g","url":"https:\/\/secure.gravatar.com\/avatar\/602060b40f6a458420c2d140f49b6caea99152ce6704f2c332e5a0c5aad80303?s=96&d=identicon&r=g","contentUrl":"https:\/\/secure.gravatar.com\/avatar\/602060b40f6a458420c2d140f49b6caea99152ce6704f2c332e5a0c5aad80303?s=96&d=identicon&r=g","caption":"Jonas Follonier"},"description":"Jonas Follonier, editor-in-chief of *L\u2019Agefi* and essayist, is the founder and president of *Regard Libre*.","sameAs":["https:\/\/www.facebook.com\/jonas.follonier\/","https:\/\/www.instagram.com\/jonasfollonier\/","https:\/\/www.linkedin.com\/in\/jonasfollonier\/","https:\/\/fr.wikipedia.org\/wiki\/Le_Regard_libre"],"url":"https:\/\/leregardlibre.com\/en\/author\/jonas-follonier\/"}]}},"_links":{"self":[{"href":"https:\/\/leregardlibre.com\/en\/wp-json\/wp\/v2\/posts\/42709","targetHints":{"allow":["GET"]}}],"collection":[{"href":"https:\/\/leregardlibre.com\/en\/wp-json\/wp\/v2\/posts"}],"about":[{"href":"https:\/\/leregardlibre.com\/en\/wp-json\/wp\/v2\/types\/post"}],"author":[{"embeddable":true,"href":"https:\/\/leregardlibre.com\/en\/wp-json\/wp\/v2\/users\/138"}],"replies":[{"embeddable":true,"href":"https:\/\/leregardlibre.com\/en\/wp-json\/wp\/v2\/comments?post=42709"}],"version-history":[{"count":1,"href":"https:\/\/leregardlibre.com\/en\/wp-json\/wp\/v2\/posts\/42709\/revisions"}],"predecessor-version":[{"id":509157,"href":"https:\/\/leregardlibre.com\/en\/wp-json\/wp\/v2\/posts\/42709\/revisions\/509157"}],"wp:featuredmedia":[{"embeddable":true,"href":"https:\/\/leregardlibre.com\/en\/wp-json\/wp\/v2\/media\/42716"}],"wp:attachment":[{"href":"https:\/\/leregardlibre.com\/en\/wp-json\/wp\/v2\/media?parent=42709"}],"wp:term":[{"taxonomy":"category","embeddable":true,"href":"https:\/\/leregardlibre.com\/en\/wp-json\/wp\/v2\/categories?post=42709"},{"taxonomy":"post_tag","embeddable":true,"href":"https:\/\/leregardlibre.com\/en\/wp-json\/wp\/v2\/tags?post=42709"}],"curies":[{"name":"wp","href":"https:\/\/api.w.org\/{rel}","templated":true}]}}