{"id":42922,"date":"2021-10-11T08:05:28","date_gmt":"2021-10-11T06:05:28","guid":{"rendered":"https:\/\/leregardlibre.com\/?p=42922"},"modified":"2025-12-13T22:43:56","modified_gmt":"2025-12-13T21:43:56","slug":"independamment-du-discours-de-ludc-la-rancoeur-rurale-existe","status":"publish","type":"post","link":"https:\/\/leregardlibre.com\/en\/policy\/switzerland\/independamment-du-discours-de-ludc-la-rancoeur-rurale-existe\/","title":{"rendered":"Regardless of the SVP's rhetoric, rural resentment exists"},"content":{"rendered":"<p><em><a href=\"https:\/\/leregardlibre.com\/en\/product\/le-regard-libre-no-78\/\" data-type=\"product\" data-id=\"42749\">Le Regard Libre N\u00b0 78<\/a> - <a href=\"https:\/\/leregardlibre.com\/en\/tag\/jonas-follonier\/\">Jonas Follonier<\/a><\/em><\/p>\n\n\n\n<p class=\"has-drop-cap\"><strong>La d\u00e9claration de guerre politique du pr\u00e9sident de l\u2019UDC Marco Chiesa lors de son discours du 1<sup>er<\/sup> ao\u00fbt a suscit\u00e9 la critique de tous les autres partis et de la plupart des m\u00e9dias.<\/strong> Il faut dire que le Tessinois n\u2019a pas fait dans la dentelle:<\/p>\n\n\n\n<blockquote class=\"wp-block-quote is-layout-flow wp-block-quote-is-layout-flow\"><p>\u00abLa politique des villes de gauche est la politique des parasites. Ils sont les champions du monde pour accaparer et d\u00e9penser l\u2019argent que d\u2019autres ont gagn\u00e9. Comme les parasites, ils vivent aux crochets des autres. Pire, ils sont devenus les champions des parasites sociaux en faisant venir en masse dans notre pays d\u2019autres personnes qui vivent aux crochets des Suisses. Nous d\u00e9clarons la guerre \u00e0 cette gauche moralisante et condescendante.\u00bb<\/p><\/blockquote>\n\n\n\n<!--more Lire la suite (en libre acc\u00e8s)-->\n\n\n\n\n\n<p>Le ton n\u2019est pas sans rappeler celui, en France, des opposants \u00e0 la politique de la socialiste Anne Hidalgo, maire de Paris et candidate \u00e0 la pr\u00e9sidence de la R\u00e9publique. D\u00e9penses pour le social et le culturel, mesures anti-automobilistes, cela ne pla\u00eet gu\u00e8re \u00e0 une partie de la population, compos\u00e9e de personnes issues de tous milieux sociaux mais ayant pour point commun de ne pas approuver cette politique. Dans les campagnes, ces gens sont relativement nombreux. L\u2019UDC a choisi d\u2019en faire ses premiers \u00e9lecteurs, en les montant contre les \u00abbobos\u00bb, la \u00abgauche caviar\u00bb:<\/p>\n\n\n\n<blockquote class=\"wp-block-quote is-layout-flow wp-block-quote-is-layout-flow\"><p>\u00abLa gauche caviar et les moralisateurs verts des villes veulent dire \u00e0 tous les autres habitants du pays comment penser et vivre. Ils consid\u00e8rent la population rurale avec m\u00e9pris et condescendance, tout en profitant des bienfaits des campagnes, par exemple gr\u00e2ce aux p\u00e9r\u00e9quations financi\u00e8res.\u00bb<\/p><\/blockquote>\n\n\n\n\n\n<p><strong>On peut reprocher \u00e0 ce discours de f\u00eate nationale d\u2019accentuer les divisions un jour o\u00f9 devraient primer les mots rassembleurs.<\/strong> Surtout que l\u2019UDC se targue d\u2019\u00eatre le seul vrai parti patriote. Quant \u00e0 l\u2019argument de la p\u00e9r\u00e9quation financi\u00e8re, il est plus que discutable. Or, il ne faut pas s\u2019arr\u00eater \u00e0 ce discours. Celui-ci a annonc\u00e9 en fait la nouvelle strat\u00e9gie du parti, confirm\u00e9e par exemple par le conseiller national genevois Yves Nidegger dans son billet \u00abLa gauche caviar: bailli du peuple suisse\u00bb publi\u00e9 par le journal de l\u2019UDC <em>Franc-parler<\/em>.<\/p>\n\n\n\n<p><em>Read also | <a href=\"https:\/\/leregardlibre.com\/en\/policy\/clivage-centres-peripheries-leternel-probleme-suisse\/\">The center-periphery divide: Switzerland's eternal problem<\/a><\/em><\/p>\n\n\n\n<p><strong>L\u2019UDC s\u2019est saisie d\u2019un ph\u00e9nom\u00e8ne r\u00e9el: le <a href=\"https:\/\/leregardlibre.com\/en\/tag\/urban-rural-divide\/\">clivage villes-campagnes<\/a>.<\/strong> Est-ce le renforcer que de choisir son camp? Peut-\u00eatre. Mais c\u2019est au moins le th\u00e9matiser. Et il n\u2019y a rien de surprenant \u00e0 ce qu\u2019une tactique politique \u00e9vite la nuance, surtout de la part de ce parti, qui du reste assume ses g\u00e9n\u00e9ralisations.<\/p>\n\n\n\n<form method=\"post\" action=\"https:\/\/newsletter.infomaniak.com\/external\/submit\" class=\"inf-form\" target=\"_blank\"><input type=\"email\" name=\"email\" style=\"display:none\"><input type=\"hidden\" name=\"key\" value=\"eyJpdiI6IlZXRVJGMlRGQUU2alNqUE81bitIUk5adnNVa0c4MllFTStzOHdHT1FQZ3c9IiwidmFsdWUiOiJIYzhwMUVCK1pTNnlhY3MyMmhuZlhReWJqemEwNk93blMxTjFHc0s2VHZrPSIsIm1hYyI6ImVhYTQ5N2I1M2NiYWE4NzBmNjk2NzgzYjliM2Y5NmYzM2E2ZmU3NGQxNTU1ZDFkMTU1MzY5NTdjYjE3ZTJmNTUifQ==\"><input type=\"hidden\" name=\"webform_id\" value=\"7291\"><style> .inf-main_3000311ca56a1cb93397bc676c0b7fff{ background-color:#f5f5f5; padding:25px 20px; margin:25px auto; } .inf-main_3000311ca56a1cb93397bc676c0b7fff .inf-content { margin-top:13px;} .inf-main_3000311ca56a1cb93397bc676c0b7fff h4, .inf-main_3000311ca56a1cb93397bc676c0b7fff span, .inf-main_3000311ca56a1cb93397bc676c0b7fff label, .inf-main_3000311ca56a1cb93397bc676c0b7fff input, .inf-main_3000311ca56a1cb93397bc676c0b7fff .inf-submit, .inf-main_3000311ca56a1cb93397bc676c0b7fff .inf-success p a { color:#555555; font-size:14px; } .inf-main_3000311ca56a1cb93397bc676c0b7fff h4{ font-size:18px; margin:0px 0px 13px 0px; } .inf-main_3000311ca56a1cb93397bc676c0b7fff h4, .inf-main_3000311ca56a1cb93397bc676c0b7fff label{ font-weight:bold; } .inf-main_3000311ca56a1cb93397bc676c0b7fff .inf-input { margin-bottom:7px; } .inf-main_3000311ca56a1cb93397bc676c0b7fff label { display:block;} .inf-main_3000311ca56a1cb93397bc676c0b7fff input{ height:35px; color:#999999; border: 1px solid #E9E9E9; border:none; padding-left:7px; } .inf-main_3000311ca56a1cb93397bc676c0b7fff .inf-input.inf-error label, .inf-main_3000311ca56a1cb93397bc676c0b7fff .inf-input.inf-error span.inf-message{ color: #cc0033; } .inf-main_3000311ca56a1cb93397bc676c0b7fff .inf-input.inf-error input{ border: 1px solid #cc0033; } .inf-main_3000311ca56a1cb93397bc676c0b7fff .inf-input input { width:100%;} .inf-main_3000311ca56a1cb93397bc676c0b7fff .inf-input.inf-error span.inf-message { display: block; } .inf-main_3000311ca56a1cb93397bc676c0b7fff .inf-submit { text-align:right;} .inf-main_3000311ca56a1cb93397bc676c0b7fff .inf-submit input{ background-color:#777777; color:#ffffff; border:none; font-weight: normal; height:auto; padding:7px; } .inf-main_3000311ca56a1cb93397bc676c0b7fff .inf-submit input.disabled{ opacity: 0.4; } .inf-btn { color: rgb(85, 85, 85); border: medium none; font-weight: normal; height: auto; padding: 7px; display: inline-block; background-color: white; box-shadow: 0px 1px 1px rgba(0, 0, 0, 0.24); border-radius: 2px; line-height: 1em; } .inf-rgpd { margin:25px 0px 15px 0px; color:#555555; } <\/style> <div class=\"inf-main_3000311ca56a1cb93397bc676c0b7fff\"> <h4>NEWSLETTER DU REGARD LIBRE<\/h4> <span>Receive our articles every Sunday.<\/span> <div class=\"inf-success\" style=\"display:none\"> <h4>Your subscription to our weekly newsletter has been successfully registered!<\/h4> <p> <a href=\"#\" class=\"inf-btn\">\u00ab<\/a> <\/p> <\/div> <div class=\"inf-content\"> <div class=\"inf-input inf-input-text\"> <input type=\"text\" name=\"inf[1]\" data-inf-meta=\"1\" data-inf-error=\"Merci de renseigner une adresse email\" required=\"required\" placeholder=\"Email\"> <\/div> <div class=\"inf-submit\"> <input type=\"submit\" name=\"\" value=\"Sign up\"> <\/div> <\/div> <\/div> <\/form>\n\n\n\n<p><strong>Reprocher \u00e0 l\u2019UDC de se saisir d\u2019une fracture g\u00e9ographique, sociologique et politique est st\u00e9rile.<\/strong> Il importe plut\u00f4t de rappeler que ces derni\u00e8res ann\u00e9es, plusieurs votations ont montr\u00e9 que les villes souhaitent imposer des contraintes aux motifs \u00e9cologistes, que les r\u00e9gions concern\u00e9es \u2013 les campagnes \u2013 ne voient pas d\u2019un bon \u0153il. Le refus de la loi CO<sub>2<\/sub> par les campagnes et les votes d\u2019un \u00e9lectorat PLR contre son parti a servi de douche froide \u00e0 ceux qui croyaient l\u2019affaire pli\u00e9e. Ajoutons \u00e0 cela le fait que la gauche ais\u00e9e et citadine vis\u00e9e par l\u2019UDC ne brille pas par sa tol\u00e9rance envers les avis adverses sur les sujets soci\u00e9taux et nous devons reconna\u00eetre ceci: n\u2019est pas forc\u00e9ment rassembleur qui se pr\u00e9sente comme tel. D\u00e8s lors, construisons au lieu de critiquer.<\/p>\n\n\n\n<p><em>Write to the author: <a href=\"mailto:jonas.follonier@leregardlibre.com\">jonas.follonier@leregardlibre.com<\/a><\/em><\/p>\n\n\n\n<p>Drawing: \u00a9 Nathana\u00ebl Schmid for&nbsp;<em>Le Regard Libre<\/em><\/p>","protected":false},"excerpt":{"rendered":"<p>The SVP has seized on a real phenomenon<\/p>","protected":false},"author":138,"featured_media":0,"comment_status":"open","ping_status":"closed","sticky":false,"template":"","format":"standard","meta":{"_acf_changed":false,"footnotes":""},"categories":[644357279],"tags":[644356957,644344320,45797,644357659,644356958,252038],"class_list":["post-42922","post","type-post","status-publish","format-standard","hentry","category-suisse","tag-cantons-ruraux","tag-clivage-villes-campagnes","tag-ecologie","tag-editoriaux","tag-marco-chiesa","tag-udc"],"acf":[],"yoast_head":"<!-- This site is optimized with the Yoast SEO Premium plugin v27.4 (Yoast SEO v27.4) - https:\/\/yoast.com\/product\/yoast-seo-premium-wordpress\/ -->\n<title>Ind\u00e9pendamment du discours de l\u2019UDC, la ranc\u0153ur rurale existe<\/title>\n<meta name=\"robots\" content=\"index, follow, max-snippet:-1, max-image-preview:large, max-video-preview:-1\" \/>\n<link rel=\"canonical\" href=\"https:\/\/leregardlibre.com\/en\/policy\/switzerland\/independamment-du-discours-de-ludc-la-rancoeur-rurale-existe\/\" \/>\n<meta property=\"og:locale\" content=\"en_US\" \/>\n<meta property=\"og:type\" content=\"article\" \/>\n<meta property=\"og:title\" content=\"Ind\u00e9pendamment du discours de l\u2019UDC, la ranc\u0153ur rurale existe\" \/>\n<meta property=\"og:description\" content=\"L\u2019UDC s\u2019est saisie d\u2019un ph\u00e9nom\u00e8ne r\u00e9el\" \/>\n<meta property=\"og:url\" content=\"https:\/\/leregardlibre.com\/en\/policy\/switzerland\/independamment-du-discours-de-ludc-la-rancoeur-rurale-existe\/\" \/>\n<meta property=\"og:site_name\" content=\"Le Regard Libre\" \/>\n<meta property=\"article:publisher\" content=\"https:\/\/www.facebook.com\/leregardlibre\/\" \/>\n<meta property=\"article:author\" content=\"https:\/\/www.facebook.com\/jonas.follonier\/\" \/>\n<meta property=\"article:published_time\" content=\"2021-10-11T06:05:28+00:00\" \/>\n<meta property=\"article:modified_time\" content=\"2025-12-13T21:43:56+00:00\" \/>\n<meta property=\"og:image\" content=\"https:\/\/leregardlibre.com\/wp-content\/uploads\/2025\/11\/rl_logo_1a-e1762609033480.jpg\" \/>\n\t<meta property=\"og:image:width\" content=\"2154\" \/>\n\t<meta property=\"og:image:height\" content=\"1264\" \/>\n\t<meta property=\"og:image:type\" content=\"image\/jpeg\" \/>\n<meta name=\"author\" content=\"Jonas Follonier\" \/>\n<meta name=\"twitter:card\" content=\"summary_large_image\" \/>\n<meta name=\"twitter:creator\" content=\"@LeRegardLibre\" \/>\n<meta name=\"twitter:site\" content=\"@LeRegardLibre\" \/>\n<meta name=\"twitter:label1\" content=\"Written by\" \/>\n\t<meta name=\"twitter:data1\" content=\"Jonas Follonier\" \/>\n\t<meta name=\"twitter:label2\" content=\"Est. reading time\" \/>\n\t<meta name=\"twitter:data2\" content=\"4 minutes\" \/>\n<script type=\"application\/ld+json\" class=\"yoast-schema-graph\">{\"@context\":\"https:\\\/\\\/schema.org\",\"@graph\":[{\"@type\":\"Article\",\"@id\":\"https:\\\/\\\/leregardlibre.com\\\/politique\\\/suisse\\\/independamment-du-discours-de-ludc-la-rancoeur-rurale-existe\\\/#article\",\"isPartOf\":{\"@id\":\"https:\\\/\\\/leregardlibre.com\\\/politique\\\/suisse\\\/independamment-du-discours-de-ludc-la-rancoeur-rurale-existe\\\/\"},\"author\":{\"name\":\"Jonas Follonier\",\"@id\":\"https:\\\/\\\/leregardlibre.com\\\/#\\\/schema\\\/person\\\/bfe5aa794a23be71485d60e2d93ec0d2\"},\"headline\":\"Ind\u00e9pendamment du discours de l\u2019UDC, la ranc\u0153ur rurale existe\",\"datePublished\":\"2021-10-11T06:05:28+00:00\",\"dateModified\":\"2025-12-13T21:43:56+00:00\",\"mainEntityOfPage\":{\"@id\":\"https:\\\/\\\/leregardlibre.com\\\/politique\\\/suisse\\\/independamment-du-discours-de-ludc-la-rancoeur-rurale-existe\\\/\"},\"wordCount\":651,\"commentCount\":0,\"publisher\":{\"@id\":\"https:\\\/\\\/leregardlibre.com\\\/#organization\"},\"keywords\":[\"cantons ruraux\",\"Clivage villes-campagnes\",\"Ecologie\",\"Editorial\",\"marco chiesa\",\"UDC\"],\"articleSection\":[\"Suisse\"],\"inLanguage\":\"en-US\",\"potentialAction\":[{\"@type\":\"CommentAction\",\"name\":\"Comment\",\"target\":[\"https:\\\/\\\/leregardlibre.com\\\/politique\\\/suisse\\\/independamment-du-discours-de-ludc-la-rancoeur-rurale-existe\\\/#respond\"]}]},{\"@type\":\"WebPage\",\"@id\":\"https:\\\/\\\/leregardlibre.com\\\/politique\\\/suisse\\\/independamment-du-discours-de-ludc-la-rancoeur-rurale-existe\\\/\",\"url\":\"https:\\\/\\\/leregardlibre.com\\\/politique\\\/suisse\\\/independamment-du-discours-de-ludc-la-rancoeur-rurale-existe\\\/\",\"name\":\"Ind\u00e9pendamment du discours de l\u2019UDC, la ranc\u0153ur rurale existe\",\"isPartOf\":{\"@id\":\"https:\\\/\\\/leregardlibre.com\\\/#website\"},\"datePublished\":\"2021-10-11T06:05:28+00:00\",\"dateModified\":\"2025-12-13T21:43:56+00:00\",\"breadcrumb\":{\"@id\":\"https:\\\/\\\/leregardlibre.com\\\/politique\\\/suisse\\\/independamment-du-discours-de-ludc-la-rancoeur-rurale-existe\\\/#breadcrumb\"},\"inLanguage\":\"en-US\",\"potentialAction\":[{\"@type\":\"ReadAction\",\"target\":[\"https:\\\/\\\/leregardlibre.com\\\/politique\\\/suisse\\\/independamment-du-discours-de-ludc-la-rancoeur-rurale-existe\\\/\"]}]},{\"@type\":\"BreadcrumbList\",\"@id\":\"https:\\\/\\\/leregardlibre.com\\\/politique\\\/suisse\\\/independamment-du-discours-de-ludc-la-rancoeur-rurale-existe\\\/#breadcrumb\",\"itemListElement\":[{\"@type\":\"ListItem\",\"position\":1,\"name\":\"Accueil\",\"item\":\"https:\\\/\\\/leregardlibre.com\\\/\"},{\"@type\":\"ListItem\",\"position\":2,\"name\":\"Ind\u00e9pendamment du discours de l\u2019UDC, la ranc\u0153ur rurale existe\"}]},{\"@type\":\"WebSite\",\"@id\":\"https:\\\/\\\/leregardlibre.com\\\/#website\",\"url\":\"https:\\\/\\\/leregardlibre.com\\\/\",\"name\":\"Le Regard Libre\",\"description\":\"Premier mensuel suisse de d\u00e9bat\",\"publisher\":{\"@id\":\"https:\\\/\\\/leregardlibre.com\\\/#organization\"},\"potentialAction\":[{\"@type\":\"SearchAction\",\"target\":{\"@type\":\"EntryPoint\",\"urlTemplate\":\"https:\\\/\\\/leregardlibre.com\\\/?s={search_term_string}\"},\"query-input\":{\"@type\":\"PropertyValueSpecification\",\"valueRequired\":true,\"valueName\":\"search_term_string\"}}],\"inLanguage\":\"en-US\"},{\"@type\":\"Organization\",\"@id\":\"https:\\\/\\\/leregardlibre.com\\\/#organization\",\"name\":\"Le Regard Libre\",\"url\":\"https:\\\/\\\/leregardlibre.com\\\/\",\"logo\":{\"@type\":\"ImageObject\",\"inLanguage\":\"en-US\",\"@id\":\"https:\\\/\\\/leregardlibre.com\\\/#\\\/schema\\\/logo\\\/image\\\/\",\"url\":\"https:\\\/\\\/leregardlibre.com\\\/wp-content\\\/uploads\\\/2025\\\/08\\\/logo-rl-icone-neg.jpeg\",\"contentUrl\":\"https:\\\/\\\/leregardlibre.com\\\/wp-content\\\/uploads\\\/2025\\\/08\\\/logo-rl-icone-neg.jpeg\",\"width\":557,\"height\":556,\"caption\":\"Le Regard Libre\"},\"image\":{\"@id\":\"https:\\\/\\\/leregardlibre.com\\\/#\\\/schema\\\/logo\\\/image\\\/\"},\"sameAs\":[\"https:\\\/\\\/www.facebook.com\\\/leregardlibre\\\/\",\"https:\\\/\\\/x.com\\\/LeRegardLibre\",\"https:\\\/\\\/www.linkedin.com\\\/company\\\/le-regard-libre\",\"https:\\\/\\\/www.instagram.com\\\/leregardlibre\\\/\",\"http:\\\/\\\/t.me\\\/leregardlibre\",\"https:\\\/\\\/youtube.com\\\/channel\\\/UC6HzGPomj1LsUmlz-sJtITQ\"],\"description\":\"Le Regard Libre est un mensuel suisse de d\u00e9bat intellectuel et culturel. Sa r\u00e9daction est jeune, b\u00e9n\u00e9vole, lib\u00e9rale et pluraliste. Le magazine para\u00eet en ligne et sous forme papier. Sa langue est le fran\u00e7ais.\",\"email\":\"redaction@leregardlibre.com\",\"legalName\":\"Le Regard Libre\",\"foundingDate\":\"2014-01-01\",\"numberOfEmployees\":{\"@type\":\"QuantitativeValue\",\"minValue\":\"11\",\"maxValue\":\"50\"},\"publishingPrinciples\":\"https:\\\/\\\/leregardlibre.com\\\/a-propos\\\/notre-manifeste\\\/\",\"ownershipFundingInfo\":\"https:\\\/\\\/leregardlibre.com\\\/mentions-legales\\\/\",\"actionableFeedbackPolicy\":\"https:\\\/\\\/leregardlibre.com\\\/conditions-generales-de-vente\\\/\"},{\"@type\":\"Person\",\"@id\":\"https:\\\/\\\/leregardlibre.com\\\/#\\\/schema\\\/person\\\/bfe5aa794a23be71485d60e2d93ec0d2\",\"name\":\"Jonas Follonier\",\"image\":{\"@type\":\"ImageObject\",\"inLanguage\":\"en-US\",\"@id\":\"https:\\\/\\\/secure.gravatar.com\\\/avatar\\\/602060b40f6a458420c2d140f49b6caea99152ce6704f2c332e5a0c5aad80303?s=96&d=identicon&r=g\",\"url\":\"https:\\\/\\\/secure.gravatar.com\\\/avatar\\\/602060b40f6a458420c2d140f49b6caea99152ce6704f2c332e5a0c5aad80303?s=96&d=identicon&r=g\",\"contentUrl\":\"https:\\\/\\\/secure.gravatar.com\\\/avatar\\\/602060b40f6a458420c2d140f49b6caea99152ce6704f2c332e5a0c5aad80303?s=96&d=identicon&r=g\",\"caption\":\"Jonas Follonier\"},\"description\":\"Correspondant au Palais f\u00e9d\u00e9ral pour \u00abL\u2019Agefi\u00bb, auteur-compositeur-interpr\u00e8te et essayiste, Jonas Follonier est le fondateur et r\u00e9dacteur en chef du \u00abRegard Libre\u00bb.\",\"sameAs\":[\"https:\\\/\\\/www.facebook.com\\\/jonas.follonier\\\/\",\"https:\\\/\\\/www.instagram.com\\\/jonasfollonier\\\/\",\"https:\\\/\\\/www.linkedin.com\\\/in\\\/jonasfollonier\\\/\",\"https:\\\/\\\/fr.wikipedia.org\\\/wiki\\\/Le_Regard_libre\"],\"url\":\"https:\\\/\\\/leregardlibre.com\\\/en\\\/author\\\/jonas-follonier\\\/\"}]}<\/script>\n<!-- \/ Yoast SEO Premium plugin. -->","yoast_head_json":{"title":"Regardless of the SVP's rhetoric, rural resentment exists","robots":{"index":"index","follow":"follow","max-snippet":"max-snippet:-1","max-image-preview":"max-image-preview:large","max-video-preview":"max-video-preview:-1"},"canonical":"https:\/\/leregardlibre.com\/en\/policy\/switzerland\/independamment-du-discours-de-ludc-la-rancoeur-rurale-existe\/","og_locale":"en_US","og_type":"article","og_title":"Ind\u00e9pendamment du discours de l\u2019UDC, la ranc\u0153ur rurale existe","og_description":"L\u2019UDC s\u2019est saisie d\u2019un ph\u00e9nom\u00e8ne r\u00e9el","og_url":"https:\/\/leregardlibre.com\/en\/policy\/switzerland\/independamment-du-discours-de-ludc-la-rancoeur-rurale-existe\/","og_site_name":"Le Regard Libre","article_publisher":"https:\/\/www.facebook.com\/leregardlibre\/","article_author":"https:\/\/www.facebook.com\/jonas.follonier\/","article_published_time":"2021-10-11T06:05:28+00:00","article_modified_time":"2025-12-13T21:43:56+00:00","og_image":[{"width":2154,"height":1264,"url":"https:\/\/leregardlibre.com\/wp-content\/uploads\/2025\/11\/rl_logo_1a-e1762609033480.jpg","type":"image\/jpeg"}],"author":"Jonas Follonier","twitter_card":"summary_large_image","twitter_creator":"@LeRegardLibre","twitter_site":"@LeRegardLibre","twitter_misc":{"Written by":"Jonas Follonier","Est. reading time":"4 minutes"},"schema":{"@context":"https:\/\/schema.org","@graph":[{"@type":"Article","@id":"https:\/\/leregardlibre.com\/politique\/suisse\/independamment-du-discours-de-ludc-la-rancoeur-rurale-existe\/#article","isPartOf":{"@id":"https:\/\/leregardlibre.com\/politique\/suisse\/independamment-du-discours-de-ludc-la-rancoeur-rurale-existe\/"},"author":{"name":"Jonas Follonier","@id":"https:\/\/leregardlibre.com\/#\/schema\/person\/bfe5aa794a23be71485d60e2d93ec0d2"},"headline":"Ind\u00e9pendamment du discours de l\u2019UDC, la ranc\u0153ur rurale existe","datePublished":"2021-10-11T06:05:28+00:00","dateModified":"2025-12-13T21:43:56+00:00","mainEntityOfPage":{"@id":"https:\/\/leregardlibre.com\/politique\/suisse\/independamment-du-discours-de-ludc-la-rancoeur-rurale-existe\/"},"wordCount":651,"commentCount":0,"publisher":{"@id":"https:\/\/leregardlibre.com\/#organization"},"keywords":["cantons ruraux","Clivage villes-campagnes","Ecologie","Editorial","marco chiesa","UDC"],"articleSection":["Suisse"],"inLanguage":"en-US","potentialAction":[{"@type":"CommentAction","name":"Comment","target":["https:\/\/leregardlibre.com\/politique\/suisse\/independamment-du-discours-de-ludc-la-rancoeur-rurale-existe\/#respond"]}]},{"@type":"WebPage","@id":"https:\/\/leregardlibre.com\/politique\/suisse\/independamment-du-discours-de-ludc-la-rancoeur-rurale-existe\/","url":"https:\/\/leregardlibre.com\/politique\/suisse\/independamment-du-discours-de-ludc-la-rancoeur-rurale-existe\/","name":"Regardless of the SVP's rhetoric, rural resentment exists","isPartOf":{"@id":"https:\/\/leregardlibre.com\/#website"},"datePublished":"2021-10-11T06:05:28+00:00","dateModified":"2025-12-13T21:43:56+00:00","breadcrumb":{"@id":"https:\/\/leregardlibre.com\/politique\/suisse\/independamment-du-discours-de-ludc-la-rancoeur-rurale-existe\/#breadcrumb"},"inLanguage":"en-US","potentialAction":[{"@type":"ReadAction","target":["https:\/\/leregardlibre.com\/politique\/suisse\/independamment-du-discours-de-ludc-la-rancoeur-rurale-existe\/"]}]},{"@type":"BreadcrumbList","@id":"https:\/\/leregardlibre.com\/politique\/suisse\/independamment-du-discours-de-ludc-la-rancoeur-rurale-existe\/#breadcrumb","itemListElement":[{"@type":"ListItem","position":1,"name":"Accueil","item":"https:\/\/leregardlibre.com\/"},{"@type":"ListItem","position":2,"name":"Ind\u00e9pendamment du discours de l\u2019UDC, la ranc\u0153ur rurale existe"}]},{"@type":"WebSite","@id":"https:\/\/leregardlibre.com\/#website","url":"https:\/\/leregardlibre.com\/","name":"Le Regard Libre","description":"Switzerland's first monthly debate magazine","publisher":{"@id":"https:\/\/leregardlibre.com\/#organization"},"potentialAction":[{"@type":"SearchAction","target":{"@type":"EntryPoint","urlTemplate":"https:\/\/leregardlibre.com\/?s={search_term_string}"},"query-input":{"@type":"PropertyValueSpecification","valueRequired":true,"valueName":"search_term_string"}}],"inLanguage":"en-US"},{"@type":"Organization","@id":"https:\/\/leregardlibre.com\/#organization","name":"Le Regard Libre","url":"https:\/\/leregardlibre.com\/","logo":{"@type":"ImageObject","inLanguage":"en-US","@id":"https:\/\/leregardlibre.com\/#\/schema\/logo\/image\/","url":"https:\/\/leregardlibre.com\/wp-content\/uploads\/2025\/08\/logo-rl-icone-neg.jpeg","contentUrl":"https:\/\/leregardlibre.com\/wp-content\/uploads\/2025\/08\/logo-rl-icone-neg.jpeg","width":557,"height":556,"caption":"Le Regard Libre"},"image":{"@id":"https:\/\/leregardlibre.com\/#\/schema\/logo\/image\/"},"sameAs":["https:\/\/www.facebook.com\/leregardlibre\/","https:\/\/x.com\/LeRegardLibre","https:\/\/www.linkedin.com\/company\/le-regard-libre","https:\/\/www.instagram.com\/leregardlibre\/","http:\/\/t.me\/leregardlibre","https:\/\/youtube.com\/channel\/UC6HzGPomj1LsUmlz-sJtITQ"],"description":"Le Regard Libre is a Swiss monthly magazine for intellectual and cultural debate. Its editorial team is young, voluntary, liberal and pluralist. The magazine appears online and in print. Its language is French.","email":"redaction@leregardlibre.com","legalName":"Le Regard Libre","foundingDate":"2014-01-01","numberOfEmployees":{"@type":"QuantitativeValue","minValue":"11","maxValue":"50"},"publishingPrinciples":"https:\/\/leregardlibre.com\/a-propos\/notre-manifeste\/","ownershipFundingInfo":"https:\/\/leregardlibre.com\/mentions-legales\/","actionableFeedbackPolicy":"https:\/\/leregardlibre.com\/conditions-generales-de-vente\/"},{"@type":"Person","@id":"https:\/\/leregardlibre.com\/#\/schema\/person\/bfe5aa794a23be71485d60e2d93ec0d2","name":"Jonas Follonier","image":{"@type":"ImageObject","inLanguage":"en-US","@id":"https:\/\/secure.gravatar.com\/avatar\/602060b40f6a458420c2d140f49b6caea99152ce6704f2c332e5a0c5aad80303?s=96&d=identicon&r=g","url":"https:\/\/secure.gravatar.com\/avatar\/602060b40f6a458420c2d140f49b6caea99152ce6704f2c332e5a0c5aad80303?s=96&d=identicon&r=g","contentUrl":"https:\/\/secure.gravatar.com\/avatar\/602060b40f6a458420c2d140f49b6caea99152ce6704f2c332e5a0c5aad80303?s=96&d=identicon&r=g","caption":"Jonas Follonier"},"description":"Federal Palace correspondent for \u00abL'Agefi\u00bb, singer-songwriter Jonas Follonier is the founder and editor-in-chief of \u00abRegard Libre\u00bb.","sameAs":["https:\/\/www.facebook.com\/jonas.follonier\/","https:\/\/www.instagram.com\/jonasfollonier\/","https:\/\/www.linkedin.com\/in\/jonasfollonier\/","https:\/\/fr.wikipedia.org\/wiki\/Le_Regard_libre"],"url":"https:\/\/leregardlibre.com\/en\/author\/jonas-follonier\/"}]}},"_links":{"self":[{"href":"https:\/\/leregardlibre.com\/en\/wp-json\/wp\/v2\/posts\/42922","targetHints":{"allow":["GET"]}}],"collection":[{"href":"https:\/\/leregardlibre.com\/en\/wp-json\/wp\/v2\/posts"}],"about":[{"href":"https:\/\/leregardlibre.com\/en\/wp-json\/wp\/v2\/types\/post"}],"author":[{"embeddable":true,"href":"https:\/\/leregardlibre.com\/en\/wp-json\/wp\/v2\/users\/138"}],"replies":[{"embeddable":true,"href":"https:\/\/leregardlibre.com\/en\/wp-json\/wp\/v2\/comments?post=42922"}],"version-history":[{"count":2,"href":"https:\/\/leregardlibre.com\/en\/wp-json\/wp\/v2\/posts\/42922\/revisions"}],"predecessor-version":[{"id":511993,"href":"https:\/\/leregardlibre.com\/en\/wp-json\/wp\/v2\/posts\/42922\/revisions\/511993"}],"wp:attachment":[{"href":"https:\/\/leregardlibre.com\/en\/wp-json\/wp\/v2\/media?parent=42922"}],"wp:term":[{"taxonomy":"category","embeddable":true,"href":"https:\/\/leregardlibre.com\/en\/wp-json\/wp\/v2\/categories?post=42922"},{"taxonomy":"post_tag","embeddable":true,"href":"https:\/\/leregardlibre.com\/en\/wp-json\/wp\/v2\/tags?post=42922"}],"curies":[{"name":"wp","href":"https:\/\/api.w.org\/{rel}","templated":true}]}}