{"id":43162,"date":"2021-10-23T11:49:39","date_gmt":"2021-10-23T10:49:39","guid":{"rendered":"https:\/\/leregardlibre.com\/?p=43162"},"modified":"2025-12-13T22:43:54","modified_gmt":"2025-12-13T21:43:54","slug":"tribune-des-50-romands-non-a-la-reforme-de-lorthographe","status":"publish","type":"post","link":"https:\/\/leregardlibre.com\/en\/policy\/switzerland\/tribune-des-50-romands-non-a-la-reforme-de-lorthographe\/","title":{"rendered":"Tribune des 50 Romands: \u00abNo to spelling reform\u00bb.\u00bb"},"content":{"rendered":"<p><em><a data-type=\"product\" data-id=\"42749\" href=\"https:\/\/leregardlibre.com\/en\/product\/le-regard-libre-no-78\/\">Le Regard Libre N\u00b0 78<\/a> - Tribune collective (list of signatories at the end)<\/em><\/p>\n\n\n\n<p class=\"has-drop-cap\">Spelling reforms have been around since the end of the last century. However, these simplifications have never succeeded in gaining acceptance because, in the end, traditional spelling, although sometimes surprising, doesn't bother many people. It changes in step with social and scientific developments. Today, however, we no longer intend to rely on usage, the ultimate legislator, but rather to authoritatively impose changes. \u00abThey? The Conf\u00e9rence intercantonale de l'instruction publique de Suisse romande et du Tessin (CIIP), which is appealing to the Acad\u00e9mie fran\u00e7aise. The Acad\u00e9mie fran\u00e7aise is opposed to any compulsory spelling regulations, although it does accept two spellings in certain cases.<\/p>\n\n\n\n<p>We, the undersigned, oppose the implementation of this \u00abrectified spelling\u00bb.<\/p>\n\n\n\n<!--more Lire la suite de la tribune (en libre acc\u00e8s)-->\n\n\n\n<p>It's not up to the state to intervene in human knowledge, just as it's not up to the state to rewrite history, philosophy or music. School policy should promote the language and make people love it, which it is already failing to do. A language belongs to those who use it, not to a small coterie who have no authority to change it. If spelling could be \u00abrectified\u00bb by the arbitrary decision of a few local politicians, how could we then explain to young people that spelling is important when it can so easily be attacked? What future would there be for the remaining prestige that this common value still retains, at a time when the world is complaining about an era of decaying values?<\/p>\n\n\n\n<p>Because language is more than just a tool. Before being an instrument of communication, language is a place of life. It's a rich, resonant crucible in which a part of the individual is forged. As a mother tongue, language is first and foremost a matrix: in it, we find meaning in what happens to us, because we can name our ups and downs, make them mean something, give them a reason for being, keep the night at bay, write it down. What's more, language offers a rigid code: boxes are there, reserved, and each person can fill in this spelling code according to his or her own story. Language helps to bring order to the world, inside and out. It organizes thought and articulates the elements of reflection. It offers the pleasure of understanding, the happiness that sometimes makes you want to immerse yourself in sentences, verses or simply the letters that organize themselves.<\/p>\n\n\n\n<p>Because language is music, the child who acquires it, then the adult who masters it, likes to play it like an instrument. Endless imitation of words, then motifs, taken from the mouth of another, the pleasure of repeating rhythmic phrases! The melody of childhood words, place names and curious spellings, still thrilling today! The whole body passes into the language to join the soul, and this is what we call the \u00abvoice\u00bb. In the voice, a seduction appears, and soon a bewitchment. In fact, this is what the Greeks called \u00ablogos\u00bb. They were the first to discover the metaphysics of language, which is why literature exists, and not simply communication, as in seals or marmots. What a far cry from the credo of simplifying our language as if it were an overly complex accessory! To touch language, especially the circumflex accent, is to attack something older than oneself, history. We're part of a language, just as we're part of a country: let's give usage time to do its slow, decanting work.<\/p>\n\n\n\n<p><strong><em>List of signatories:<\/em><\/strong><\/p>\n\n\n\n<p><strong><em>Jean Romain<\/em><\/strong><em>, philosopher, writer, PLR member of the Geneva parliament, former president of the Grand Council, author of the petition \u00abRectifying spelling? No thanks!\u00bb<\/em><\/p>\n\n\n\n<p><strong><em>Marc Bonnant<\/em><\/strong><em>, lawyer, winner of the 2017 \u00abPrix du rayonnement fran\u00e7ais\u00bb and \u00abBest living French-speaking speaker\u00bb at the \"Nuit de l'\u00e9loquence\" (2016)<\/em><\/p>\n\n\n\n<p><strong><em>Pascal Couchepin<\/em><\/strong><em>, former federal councillor<\/em><\/p>\n\n\n\n<p><strong><em>Jacques Pilet<\/em><\/strong><em>, journalist and writer, founder of <\/em>New Daily<em> (now <\/em>Le Temps<em>) and <\/em>L'Hebdo<em>, co-founder of bonpourlatete.com<\/em><\/p>\n\n\n\n<p><strong><em>Pascal Vandenberghe<\/em><\/strong><em>, Payot CEO<\/em><\/p>\n\n\n\n<p><strong><em>L\u00e9onard Gianadda<\/em><\/strong><em>, President of the Pierre Gianadda Foundation, Officer of the L\u00e9gion d'honneur, Commander of the Order of Arts and Letters, member of the Institut de France.<\/em><\/p>\n\n\n\n<p><strong><em>Monique Rey<\/em><\/strong><em>, writer, former literature teacher, President of the Alliance fran\u00e7aise de Fribourg<\/em><\/p>\n\n\n\n<p><strong><em>Daniel Sangsue<\/em><\/strong><em>, writer, professor emeritus of French literature at the University of Neuch\u00e2tel<\/em><\/p>\n\n\n\n<p><strong><em>Jean-Michel Olivier<\/em><\/strong><em>, writer, Prix Interalli\u00e9 2011<\/em><\/p>\n\n\n\n<p><strong><em>Marie-H\u00e9l\u00e8ne Miauton<\/em><\/strong><em>, columnist and essayist<\/em><\/p>\n\n\n\n<p><strong><em>Slobodan Despot<\/em><\/strong><em>, writer, journalist and publisher<\/em><\/p>\n\n\n\n<p><strong><em>Ivan Slatkine<\/em><\/strong><em>, publisher<\/em><\/p>\n\n\n\n<p><strong><em>Raymond Delley<\/em><\/strong><em>, writer and former lecturer in French literature at the University of Fribourg<\/em><\/p>\n\n\n\n<p><strong><em>Guy Mettan<\/em><\/strong><em>, journalist, essayist and member of the Geneva parliament&nbsp;<\/em><\/p>\n\n\n\n<p><strong><em>Bernard Campiche<\/em><\/strong><em>, publisher<\/em><\/p>\n\n\n\n<p><strong><em>St\u00e9phane Garelli<\/em><\/strong><em>, economist and columnist, former Chairman of the Board of Directors of the newspaper <\/em>Le Temps<\/p>\n\n\n\n<p><strong><em>Oskar Freysinger<\/em><\/strong><em>, author, songwriter, former National Councillor and State Councillor of the Valais UDC<\/em><\/p>\n\n\n\n<p><strong><em>Bertrand Reich<\/em><\/strong><em>, lawyer, writer, President of PLR Geneva<\/em><\/p>\n\n\n\n<p><strong><em>Roland Jaccard<\/em><\/strong><em>, writer, essayist, journalist (former columnist for the newspaper <\/em>Le Monde<em>), former publisher<\/em><\/p>\n\n\n\n<p><strong><em>Marco Polli<\/em><\/strong><em>, actor, director, former teacher and ex-president of the Union du corps enseignant secondaire genevois and of the Commission Langues Vivantes.<\/em><\/p>\n\n\n\n<p><strong><em>Fran\u00e7ois-Xavier Putallaz<\/em><\/strong><em>, philosopher, full professor at the University of Fribourg<\/em><\/p>\n\n\n\n<p><strong><em>Olivier Meuwly<\/em><\/strong><em>, historian and essayist<\/em><\/p>\n\n\n\n<p><strong><em>Jean-Fran\u00e7ois Fournier<\/em><\/strong><em>, writer and journalist<\/em><\/p>\n\n\n\n<p><strong><em>Jean-Hugues Schul\u00e9, <\/em><\/strong><em>journalist and columnist<\/em><\/p>\n\n\n\n<p><strong><em>Yves Tabin<\/em><\/strong><em>, former judge<\/em><\/p>\n\n\n\n<p><strong><em>Olivier Beetschen<\/em><\/strong><em>, writer<\/em><\/p>\n\n\n\n<p><strong><em>Julien Sansonnens<\/em><\/strong><em>, writer and former Member of Parliament<\/em><\/p>\n\n\n\n<p><strong><em>Olivier Pillevuit<\/em><\/strong><em>, writer and physician<\/em><\/p>\n\n\n\n<p><strong><em>Gilbert Pingeon<\/em><\/strong><em>, writer<\/em><\/p>\n\n\n\n<p><strong><em>Cathy Sierro<\/em><\/strong><em>, librarian<\/em><\/p>\n\n\n\n<p><strong><em>Pierre B\u00e9guin<\/em><\/strong><em>, writer<\/em><\/p>\n\n\n\n<p><strong><em>Denis Ramelet<\/em><\/strong><em>, independent bookseller<\/em><\/p>\n\n\n\n<p><strong><em>Laurent Galley<\/em><\/strong><em>, writer<\/em><\/p>\n\n\n\n<p><strong><em>Edna Favre<\/em><\/strong><em>, teacher<\/em><\/p>\n\n\n\n<p><strong><em>Michel Siggen<\/em><\/strong><em>, philosophy teacher<\/em><\/p>\n\n\n\n<p><strong><em>Fabienne H\u00e9ritier<\/em><\/strong><em>, author and teacher<\/em><\/p>\n\n\n\n<p><strong><em>St\u00e9phane Marti<\/em><\/strong><em>, former professor of literature<\/em><\/p>\n\n\n\n<p><strong><em>Sylvie-Fran\u00e7oise Burgstaller<\/em><\/strong><em>, former French teacher<\/em><\/p>\n\n\n\n<p><strong><em>Olivier Fran\u00e7ais<\/em><\/strong><em>, Vaud State Councillor PLR<\/em><\/p>\n\n\n\n<p><strong><em>Cyrille Fauch\u00e8re<\/em><\/strong><em>, Doctor of Letters, scientific associate at the University of Fribourg, UDC member of parliament for the Valais region<\/em><\/p>\n\n\n\n<p><strong><em>Delphine Bachmann<\/em><\/strong><em>, President of PDC Gen\u00e8ve<\/em><\/p>\n\n\n\n<p><strong><em>Philippe Bauer, <\/em><\/strong><em>lawyer, State Councillor of Neuch\u00e2tel PLR<\/em><\/p>\n\n\n\n<p><strong><em>Jean-Marc Guinchard<\/em><\/strong><em>, Geneva PDC member of parliament<\/em><\/p>\n\n\n\n<p><strong><em>Philippe Nantermod, <\/em><\/strong><em>lawyer, PLR national councillor from Valais<\/em><\/p>\n\n\n\n<p><strong><em>Yves Nidegger<\/em><\/strong><em>, lawyer, UDC national councillor for Geneva<\/em><\/p>\n\n\n\n<p><strong><em>Olivier Feller<\/em><\/strong><em>, lawyer, PLR National Councillor for the Canton of Vaud<\/em><\/p>\n\n\n\n<p><strong><em>Salika Wenger<\/em><\/strong><em>, Geneva MP PC (Communist)<\/em><\/p>\n\n\n\n<p><strong><em>F\u00e9licien Monnier, <\/em><\/strong><em>lawyer, columnist, president of the Ligue vaudoise<\/em><\/p>\n\n\n\n<p><strong><em>Leopold d'Arenberg<\/em><\/strong><em>, Managing Director of the Arenberg Foundation<\/em><\/p>\n\n\n\n<p><strong><em>Paul-Arthur Treyvaud<\/em><\/strong><em>, lawyer, former member of Geneva's PLR parliament<\/em><\/p>\n\n\n\n<p>Header image: \u00a9 Pixabay<\/p>","protected":false},"excerpt":{"rendered":"<p>Jean Romain, Marc Bonnant, Monique Rey...<\/p>","protected":false},"author":1,"featured_media":43168,"comment_status":"open","ping_status":"closed","sticky":false,"template":"","format":"standard","meta":{"_acf_changed":false,"footnotes":""},"categories":[644357279],"tags":[1199219,644340427,50996554,5713,68500099,292762,3192709,644356180,644356564],"class_list":["post-43162","post","type-post","status-publish","format-standard","has-post-thumbnail","hentry","category-suisse","tag-academie-francaise","tag-jacques-pilet","tag-jean-romain","tag-langue-francaise","tag-marc-bonnant","tag-orthographe","tag-pascal-couchepin","tag-pascal-vandenberghe","tag-tribunes"],"acf":[],"yoast_head":"<!-- This site is optimized with the Yoast SEO Premium plugin v27.4 (Yoast SEO v27.4) - https:\/\/yoast.com\/product\/yoast-seo-premium-wordpress\/ -->\n<title>Tribune des 50 Romands: \u00abNon \u00e0 la r\u00e9forme de l&#039;orthographe\u00bb<\/title>\n<meta name=\"description\" content=\"Tribune des 50 Romands contre l&#039;orthographe rectifi\u00e9e: Jean Romain, Marc Bonnant, Monique Rey, Pascal Couchepin, L\u00e9onard Gianadda...\" \/>\n<meta name=\"robots\" content=\"index, follow, max-snippet:-1, max-image-preview:large, max-video-preview:-1\" \/>\n<link rel=\"canonical\" href=\"https:\/\/leregardlibre.com\/en\/policy\/switzerland\/tribune-des-50-romands-non-a-la-reforme-de-lorthographe\/\" \/>\n<meta property=\"og:locale\" content=\"en_US\" \/>\n<meta property=\"og:type\" content=\"article\" \/>\n<meta property=\"og:title\" content=\"Tribune des 50 Romands: \u00abNon \u00e0 la r\u00e9forme de l&#039;orthographe\u00bb\" \/>\n<meta property=\"og:description\" content=\"Tribune des 50 Romands contre l&#039;orthographe rectifi\u00e9e: Jean Romain, Marc Bonnant, Monique Rey, Pascal Couchepin, L\u00e9onard Gianadda...\" \/>\n<meta property=\"og:url\" content=\"https:\/\/leregardlibre.com\/en\/policy\/switzerland\/tribune-des-50-romands-non-a-la-reforme-de-lorthographe\/\" \/>\n<meta property=\"og:site_name\" content=\"Le Regard Libre\" \/>\n<meta property=\"article:publisher\" content=\"https:\/\/www.facebook.com\/leregardlibre\/\" \/>\n<meta property=\"article:published_time\" content=\"2021-10-23T10:49:39+00:00\" \/>\n<meta property=\"article:modified_time\" content=\"2025-12-13T21:43:54+00:00\" \/>\n<meta property=\"og:image\" content=\"https:\/\/leregardlibre.com\/wp-content\/uploads\/2021\/10\/write-2163261_1920-3657344735-1634986072450.jpg\" \/>\n\t<meta property=\"og:image:width\" content=\"1920\" \/>\n\t<meta property=\"og:image:height\" content=\"1080\" \/>\n\t<meta property=\"og:image:type\" content=\"image\/jpeg\" \/>\n<meta name=\"author\" content=\"Le Regard Libre\" \/>\n<meta name=\"twitter:card\" content=\"summary_large_image\" \/>\n<meta name=\"twitter:creator\" content=\"@LeRegardLibre\" \/>\n<meta name=\"twitter:site\" content=\"@LeRegardLibre\" \/>\n<meta name=\"twitter:label1\" content=\"Written by\" \/>\n\t<meta name=\"twitter:data1\" content=\"Le Regard Libre\" \/>\n\t<meta name=\"twitter:label2\" content=\"Est. reading time\" \/>\n\t<meta name=\"twitter:data2\" content=\"6 minutes\" \/>\n<script type=\"application\/ld+json\" class=\"yoast-schema-graph\">{\"@context\":\"https:\\\/\\\/schema.org\",\"@graph\":[{\"@type\":\"Article\",\"@id\":\"https:\\\/\\\/leregardlibre.com\\\/politique\\\/suisse\\\/tribune-des-50-romands-non-a-la-reforme-de-lorthographe\\\/#article\",\"isPartOf\":{\"@id\":\"https:\\\/\\\/leregardlibre.com\\\/politique\\\/suisse\\\/tribune-des-50-romands-non-a-la-reforme-de-lorthographe\\\/\"},\"author\":{\"name\":\"Le Regard Libre\",\"@id\":\"https:\\\/\\\/leregardlibre.com\\\/#\\\/schema\\\/person\\\/68aceea2de84966d0928b49556d54101\"},\"headline\":\"Tribune des 50 Romands: \u00abNon \u00e0 la r\u00e9forme de l&#8217;orthographe\u00bb\",\"datePublished\":\"2021-10-23T10:49:39+00:00\",\"dateModified\":\"2025-12-13T21:43:54+00:00\",\"mainEntityOfPage\":{\"@id\":\"https:\\\/\\\/leregardlibre.com\\\/politique\\\/suisse\\\/tribune-des-50-romands-non-a-la-reforme-de-lorthographe\\\/\"},\"wordCount\":1160,\"commentCount\":0,\"publisher\":{\"@id\":\"https:\\\/\\\/leregardlibre.com\\\/#organization\"},\"image\":{\"@id\":\"https:\\\/\\\/leregardlibre.com\\\/politique\\\/suisse\\\/tribune-des-50-romands-non-a-la-reforme-de-lorthographe\\\/#primaryimage\"},\"thumbnailUrl\":\"https:\\\/\\\/leregardlibre.com\\\/wp-content\\\/uploads\\\/2021\\\/10\\\/write-2163261_1920-3657344735-1634986072450.jpg\",\"keywords\":[\"Acad\u00e9mie fran\u00e7aise\",\"Jacques Pilet\",\"Jean Romain\",\"Langue fran\u00e7aise\",\"Marc Bonnant\",\"Orthographe\",\"Pascal Couchepin\",\"Pascal Vandenberghe\",\"Tribune\"],\"articleSection\":[\"Suisse\"],\"inLanguage\":\"en-US\",\"potentialAction\":[{\"@type\":\"CommentAction\",\"name\":\"Comment\",\"target\":[\"https:\\\/\\\/leregardlibre.com\\\/politique\\\/suisse\\\/tribune-des-50-romands-non-a-la-reforme-de-lorthographe\\\/#respond\"]}]},{\"@type\":\"WebPage\",\"@id\":\"https:\\\/\\\/leregardlibre.com\\\/politique\\\/suisse\\\/tribune-des-50-romands-non-a-la-reforme-de-lorthographe\\\/\",\"url\":\"https:\\\/\\\/leregardlibre.com\\\/politique\\\/suisse\\\/tribune-des-50-romands-non-a-la-reforme-de-lorthographe\\\/\",\"name\":\"Tribune des 50 Romands: \u00abNon \u00e0 la r\u00e9forme de l'orthographe\u00bb\",\"isPartOf\":{\"@id\":\"https:\\\/\\\/leregardlibre.com\\\/#website\"},\"primaryImageOfPage\":{\"@id\":\"https:\\\/\\\/leregardlibre.com\\\/politique\\\/suisse\\\/tribune-des-50-romands-non-a-la-reforme-de-lorthographe\\\/#primaryimage\"},\"image\":{\"@id\":\"https:\\\/\\\/leregardlibre.com\\\/politique\\\/suisse\\\/tribune-des-50-romands-non-a-la-reforme-de-lorthographe\\\/#primaryimage\"},\"thumbnailUrl\":\"https:\\\/\\\/leregardlibre.com\\\/wp-content\\\/uploads\\\/2021\\\/10\\\/write-2163261_1920-3657344735-1634986072450.jpg\",\"datePublished\":\"2021-10-23T10:49:39+00:00\",\"dateModified\":\"2025-12-13T21:43:54+00:00\",\"description\":\"Tribune des 50 Romands contre l'orthographe rectifi\u00e9e: Jean Romain, Marc Bonnant, Monique Rey, Pascal Couchepin, L\u00e9onard Gianadda...\",\"breadcrumb\":{\"@id\":\"https:\\\/\\\/leregardlibre.com\\\/politique\\\/suisse\\\/tribune-des-50-romands-non-a-la-reforme-de-lorthographe\\\/#breadcrumb\"},\"inLanguage\":\"en-US\",\"potentialAction\":[{\"@type\":\"ReadAction\",\"target\":[\"https:\\\/\\\/leregardlibre.com\\\/politique\\\/suisse\\\/tribune-des-50-romands-non-a-la-reforme-de-lorthographe\\\/\"]}]},{\"@type\":\"ImageObject\",\"inLanguage\":\"en-US\",\"@id\":\"https:\\\/\\\/leregardlibre.com\\\/politique\\\/suisse\\\/tribune-des-50-romands-non-a-la-reforme-de-lorthographe\\\/#primaryimage\",\"url\":\"https:\\\/\\\/leregardlibre.com\\\/wp-content\\\/uploads\\\/2021\\\/10\\\/write-2163261_1920-3657344735-1634986072450.jpg\",\"contentUrl\":\"https:\\\/\\\/leregardlibre.com\\\/wp-content\\\/uploads\\\/2021\\\/10\\\/write-2163261_1920-3657344735-1634986072450.jpg\",\"width\":1920,\"height\":1080,\"caption\":\"Ecriture \u00a9 Pixabay\"},{\"@type\":\"BreadcrumbList\",\"@id\":\"https:\\\/\\\/leregardlibre.com\\\/politique\\\/suisse\\\/tribune-des-50-romands-non-a-la-reforme-de-lorthographe\\\/#breadcrumb\",\"itemListElement\":[{\"@type\":\"ListItem\",\"position\":1,\"name\":\"Accueil\",\"item\":\"https:\\\/\\\/leregardlibre.com\\\/\"},{\"@type\":\"ListItem\",\"position\":2,\"name\":\"Tribune des 50 Romands: \u00abNon \u00e0 la r\u00e9forme de l&#8217;orthographe\u00bb\"}]},{\"@type\":\"WebSite\",\"@id\":\"https:\\\/\\\/leregardlibre.com\\\/#website\",\"url\":\"https:\\\/\\\/leregardlibre.com\\\/\",\"name\":\"Le Regard Libre\",\"description\":\"Premier mensuel suisse de d\u00e9bat\",\"publisher\":{\"@id\":\"https:\\\/\\\/leregardlibre.com\\\/#organization\"},\"potentialAction\":[{\"@type\":\"SearchAction\",\"target\":{\"@type\":\"EntryPoint\",\"urlTemplate\":\"https:\\\/\\\/leregardlibre.com\\\/?s={search_term_string}\"},\"query-input\":{\"@type\":\"PropertyValueSpecification\",\"valueRequired\":true,\"valueName\":\"search_term_string\"}}],\"inLanguage\":\"en-US\"},{\"@type\":\"Organization\",\"@id\":\"https:\\\/\\\/leregardlibre.com\\\/#organization\",\"name\":\"Le Regard Libre\",\"url\":\"https:\\\/\\\/leregardlibre.com\\\/\",\"logo\":{\"@type\":\"ImageObject\",\"inLanguage\":\"en-US\",\"@id\":\"https:\\\/\\\/leregardlibre.com\\\/#\\\/schema\\\/logo\\\/image\\\/\",\"url\":\"https:\\\/\\\/leregardlibre.com\\\/wp-content\\\/uploads\\\/2025\\\/08\\\/logo-rl-icone-neg.jpeg\",\"contentUrl\":\"https:\\\/\\\/leregardlibre.com\\\/wp-content\\\/uploads\\\/2025\\\/08\\\/logo-rl-icone-neg.jpeg\",\"width\":557,\"height\":556,\"caption\":\"Le Regard Libre\"},\"image\":{\"@id\":\"https:\\\/\\\/leregardlibre.com\\\/#\\\/schema\\\/logo\\\/image\\\/\"},\"sameAs\":[\"https:\\\/\\\/www.facebook.com\\\/leregardlibre\\\/\",\"https:\\\/\\\/x.com\\\/LeRegardLibre\",\"https:\\\/\\\/www.linkedin.com\\\/company\\\/le-regard-libre\",\"https:\\\/\\\/www.instagram.com\\\/leregardlibre\\\/\",\"http:\\\/\\\/t.me\\\/leregardlibre\",\"https:\\\/\\\/youtube.com\\\/channel\\\/UC6HzGPomj1LsUmlz-sJtITQ\"],\"description\":\"Le Regard Libre est un mensuel suisse de d\u00e9bat intellectuel et culturel. Sa r\u00e9daction est jeune, b\u00e9n\u00e9vole, lib\u00e9rale et pluraliste. Le magazine para\u00eet en ligne et sous forme papier. Sa langue est le fran\u00e7ais.\",\"email\":\"redaction@leregardlibre.com\",\"legalName\":\"Le Regard Libre\",\"foundingDate\":\"2014-01-01\",\"numberOfEmployees\":{\"@type\":\"QuantitativeValue\",\"minValue\":\"11\",\"maxValue\":\"50\"},\"publishingPrinciples\":\"https:\\\/\\\/leregardlibre.com\\\/a-propos\\\/notre-manifeste\\\/\",\"ownershipFundingInfo\":\"https:\\\/\\\/leregardlibre.com\\\/mentions-legales\\\/\",\"actionableFeedbackPolicy\":\"https:\\\/\\\/leregardlibre.com\\\/conditions-generales-de-vente\\\/\"},{\"@type\":\"Person\",\"@id\":\"https:\\\/\\\/leregardlibre.com\\\/#\\\/schema\\\/person\\\/68aceea2de84966d0928b49556d54101\",\"name\":\"Le Regard Libre\",\"image\":{\"@type\":\"ImageObject\",\"inLanguage\":\"en-US\",\"@id\":\"https:\\\/\\\/secure.gravatar.com\\\/avatar\\\/ccf13a262e399e026577c8158b11cbdef98921ac28fa06bc0d43a2d0e2a4a1c0?s=96&d=identicon&r=g\",\"url\":\"https:\\\/\\\/secure.gravatar.com\\\/avatar\\\/ccf13a262e399e026577c8158b11cbdef98921ac28fa06bc0d43a2d0e2a4a1c0?s=96&d=identicon&r=g\",\"contentUrl\":\"https:\\\/\\\/secure.gravatar.com\\\/avatar\\\/ccf13a262e399e026577c8158b11cbdef98921ac28fa06bc0d43a2d0e2a4a1c0?s=96&d=identicon&r=g\",\"caption\":\"Le Regard Libre\"},\"description\":\"Premier mensuel suisse de d\u00e9bat\",\"sameAs\":[\"https:\\\/\\\/fr.wikipedia.org\\\/wiki\\\/Le_Regard_libre\"],\"url\":\"https:\\\/\\\/leregardlibre.com\\\/en\\\/author\\\/leregardlibre\\\/\"}]}<\/script>\n<!-- \/ Yoast SEO Premium plugin. -->","yoast_head_json":{"title":"Tribune des 50 Romands: \u00abNo to spelling reform\u00bb.\u00bb","description":"Tribune des 50 Romands contre l'orthographe rectifi\u00e9e: Jean Romain, Marc Bonnant, Monique Rey, Pascal Couchepin, L\u00e9onard Gianadda...","robots":{"index":"index","follow":"follow","max-snippet":"max-snippet:-1","max-image-preview":"max-image-preview:large","max-video-preview":"max-video-preview:-1"},"canonical":"https:\/\/leregardlibre.com\/en\/policy\/switzerland\/tribune-des-50-romands-non-a-la-reforme-de-lorthographe\/","og_locale":"en_US","og_type":"article","og_title":"Tribune des 50 Romands: \u00abNon \u00e0 la r\u00e9forme de l'orthographe\u00bb","og_description":"Tribune des 50 Romands contre l'orthographe rectifi\u00e9e: Jean Romain, Marc Bonnant, Monique Rey, Pascal Couchepin, L\u00e9onard Gianadda...","og_url":"https:\/\/leregardlibre.com\/en\/policy\/switzerland\/tribune-des-50-romands-non-a-la-reforme-de-lorthographe\/","og_site_name":"Le Regard Libre","article_publisher":"https:\/\/www.facebook.com\/leregardlibre\/","article_published_time":"2021-10-23T10:49:39+00:00","article_modified_time":"2025-12-13T21:43:54+00:00","og_image":[{"width":1920,"height":1080,"url":"https:\/\/leregardlibre.com\/wp-content\/uploads\/2021\/10\/write-2163261_1920-3657344735-1634986072450.jpg","type":"image\/jpeg"}],"author":"Le Regard Libre","twitter_card":"summary_large_image","twitter_creator":"@LeRegardLibre","twitter_site":"@LeRegardLibre","twitter_misc":{"Written by":"Le Regard Libre","Est. reading time":"6 minutes"},"schema":{"@context":"https:\/\/schema.org","@graph":[{"@type":"Article","@id":"https:\/\/leregardlibre.com\/politique\/suisse\/tribune-des-50-romands-non-a-la-reforme-de-lorthographe\/#article","isPartOf":{"@id":"https:\/\/leregardlibre.com\/politique\/suisse\/tribune-des-50-romands-non-a-la-reforme-de-lorthographe\/"},"author":{"name":"Le Regard Libre","@id":"https:\/\/leregardlibre.com\/#\/schema\/person\/68aceea2de84966d0928b49556d54101"},"headline":"Tribune des 50 Romands: \u00abNon \u00e0 la r\u00e9forme de l&#8217;orthographe\u00bb","datePublished":"2021-10-23T10:49:39+00:00","dateModified":"2025-12-13T21:43:54+00:00","mainEntityOfPage":{"@id":"https:\/\/leregardlibre.com\/politique\/suisse\/tribune-des-50-romands-non-a-la-reforme-de-lorthographe\/"},"wordCount":1160,"commentCount":0,"publisher":{"@id":"https:\/\/leregardlibre.com\/#organization"},"image":{"@id":"https:\/\/leregardlibre.com\/politique\/suisse\/tribune-des-50-romands-non-a-la-reforme-de-lorthographe\/#primaryimage"},"thumbnailUrl":"https:\/\/leregardlibre.com\/wp-content\/uploads\/2021\/10\/write-2163261_1920-3657344735-1634986072450.jpg","keywords":["Acad\u00e9mie fran\u00e7aise","Jacques Pilet","Jean Romain","Langue fran\u00e7aise","Marc Bonnant","Orthographe","Pascal Couchepin","Pascal Vandenberghe","Tribune"],"articleSection":["Suisse"],"inLanguage":"en-US","potentialAction":[{"@type":"CommentAction","name":"Comment","target":["https:\/\/leregardlibre.com\/politique\/suisse\/tribune-des-50-romands-non-a-la-reforme-de-lorthographe\/#respond"]}]},{"@type":"WebPage","@id":"https:\/\/leregardlibre.com\/politique\/suisse\/tribune-des-50-romands-non-a-la-reforme-de-lorthographe\/","url":"https:\/\/leregardlibre.com\/politique\/suisse\/tribune-des-50-romands-non-a-la-reforme-de-lorthographe\/","name":"Tribune des 50 Romands: \u00abNo to spelling reform\u00bb.\u00bb","isPartOf":{"@id":"https:\/\/leregardlibre.com\/#website"},"primaryImageOfPage":{"@id":"https:\/\/leregardlibre.com\/politique\/suisse\/tribune-des-50-romands-non-a-la-reforme-de-lorthographe\/#primaryimage"},"image":{"@id":"https:\/\/leregardlibre.com\/politique\/suisse\/tribune-des-50-romands-non-a-la-reforme-de-lorthographe\/#primaryimage"},"thumbnailUrl":"https:\/\/leregardlibre.com\/wp-content\/uploads\/2021\/10\/write-2163261_1920-3657344735-1634986072450.jpg","datePublished":"2021-10-23T10:49:39+00:00","dateModified":"2025-12-13T21:43:54+00:00","description":"Tribune des 50 Romands contre l'orthographe rectifi\u00e9e: Jean Romain, Marc Bonnant, Monique Rey, Pascal Couchepin, L\u00e9onard Gianadda...","breadcrumb":{"@id":"https:\/\/leregardlibre.com\/politique\/suisse\/tribune-des-50-romands-non-a-la-reforme-de-lorthographe\/#breadcrumb"},"inLanguage":"en-US","potentialAction":[{"@type":"ReadAction","target":["https:\/\/leregardlibre.com\/politique\/suisse\/tribune-des-50-romands-non-a-la-reforme-de-lorthographe\/"]}]},{"@type":"ImageObject","inLanguage":"en-US","@id":"https:\/\/leregardlibre.com\/politique\/suisse\/tribune-des-50-romands-non-a-la-reforme-de-lorthographe\/#primaryimage","url":"https:\/\/leregardlibre.com\/wp-content\/uploads\/2021\/10\/write-2163261_1920-3657344735-1634986072450.jpg","contentUrl":"https:\/\/leregardlibre.com\/wp-content\/uploads\/2021\/10\/write-2163261_1920-3657344735-1634986072450.jpg","width":1920,"height":1080,"caption":"Ecriture \u00a9 Pixabay"},{"@type":"BreadcrumbList","@id":"https:\/\/leregardlibre.com\/politique\/suisse\/tribune-des-50-romands-non-a-la-reforme-de-lorthographe\/#breadcrumb","itemListElement":[{"@type":"ListItem","position":1,"name":"Accueil","item":"https:\/\/leregardlibre.com\/"},{"@type":"ListItem","position":2,"name":"Tribune des 50 Romands: \u00abNon \u00e0 la r\u00e9forme de l&#8217;orthographe\u00bb"}]},{"@type":"WebSite","@id":"https:\/\/leregardlibre.com\/#website","url":"https:\/\/leregardlibre.com\/","name":"Le Regard Libre","description":"Switzerland's first monthly debate magazine","publisher":{"@id":"https:\/\/leregardlibre.com\/#organization"},"potentialAction":[{"@type":"SearchAction","target":{"@type":"EntryPoint","urlTemplate":"https:\/\/leregardlibre.com\/?s={search_term_string}"},"query-input":{"@type":"PropertyValueSpecification","valueRequired":true,"valueName":"search_term_string"}}],"inLanguage":"en-US"},{"@type":"Organization","@id":"https:\/\/leregardlibre.com\/#organization","name":"Le Regard Libre","url":"https:\/\/leregardlibre.com\/","logo":{"@type":"ImageObject","inLanguage":"en-US","@id":"https:\/\/leregardlibre.com\/#\/schema\/logo\/image\/","url":"https:\/\/leregardlibre.com\/wp-content\/uploads\/2025\/08\/logo-rl-icone-neg.jpeg","contentUrl":"https:\/\/leregardlibre.com\/wp-content\/uploads\/2025\/08\/logo-rl-icone-neg.jpeg","width":557,"height":556,"caption":"Le Regard Libre"},"image":{"@id":"https:\/\/leregardlibre.com\/#\/schema\/logo\/image\/"},"sameAs":["https:\/\/www.facebook.com\/leregardlibre\/","https:\/\/x.com\/LeRegardLibre","https:\/\/www.linkedin.com\/company\/le-regard-libre","https:\/\/www.instagram.com\/leregardlibre\/","http:\/\/t.me\/leregardlibre","https:\/\/youtube.com\/channel\/UC6HzGPomj1LsUmlz-sJtITQ"],"description":"Le Regard Libre is a Swiss monthly magazine for intellectual and cultural debate. Its editorial team is young, voluntary, liberal and pluralist. The magazine appears online and in print. Its language is French.","email":"redaction@leregardlibre.com","legalName":"Le Regard Libre","foundingDate":"2014-01-01","numberOfEmployees":{"@type":"QuantitativeValue","minValue":"11","maxValue":"50"},"publishingPrinciples":"https:\/\/leregardlibre.com\/a-propos\/notre-manifeste\/","ownershipFundingInfo":"https:\/\/leregardlibre.com\/mentions-legales\/","actionableFeedbackPolicy":"https:\/\/leregardlibre.com\/conditions-generales-de-vente\/"},{"@type":"Person","@id":"https:\/\/leregardlibre.com\/#\/schema\/person\/68aceea2de84966d0928b49556d54101","name":"Le Regard Libre","image":{"@type":"ImageObject","inLanguage":"en-US","@id":"https:\/\/secure.gravatar.com\/avatar\/ccf13a262e399e026577c8158b11cbdef98921ac28fa06bc0d43a2d0e2a4a1c0?s=96&d=identicon&r=g","url":"https:\/\/secure.gravatar.com\/avatar\/ccf13a262e399e026577c8158b11cbdef98921ac28fa06bc0d43a2d0e2a4a1c0?s=96&d=identicon&r=g","contentUrl":"https:\/\/secure.gravatar.com\/avatar\/ccf13a262e399e026577c8158b11cbdef98921ac28fa06bc0d43a2d0e2a4a1c0?s=96&d=identicon&r=g","caption":"Le Regard Libre"},"description":"Switzerland's first monthly debate magazine","sameAs":["https:\/\/fr.wikipedia.org\/wiki\/Le_Regard_libre"],"url":"https:\/\/leregardlibre.com\/en\/author\/leregardlibre\/"}]}},"_links":{"self":[{"href":"https:\/\/leregardlibre.com\/en\/wp-json\/wp\/v2\/posts\/43162","targetHints":{"allow":["GET"]}}],"collection":[{"href":"https:\/\/leregardlibre.com\/en\/wp-json\/wp\/v2\/posts"}],"about":[{"href":"https:\/\/leregardlibre.com\/en\/wp-json\/wp\/v2\/types\/post"}],"author":[{"embeddable":true,"href":"https:\/\/leregardlibre.com\/en\/wp-json\/wp\/v2\/users\/1"}],"replies":[{"embeddable":true,"href":"https:\/\/leregardlibre.com\/en\/wp-json\/wp\/v2\/comments?post=43162"}],"version-history":[{"count":2,"href":"https:\/\/leregardlibre.com\/en\/wp-json\/wp\/v2\/posts\/43162\/revisions"}],"predecessor-version":[{"id":516205,"href":"https:\/\/leregardlibre.com\/en\/wp-json\/wp\/v2\/posts\/43162\/revisions\/516205"}],"wp:featuredmedia":[{"embeddable":true,"href":"https:\/\/leregardlibre.com\/en\/wp-json\/wp\/v2\/media\/43168"}],"wp:attachment":[{"href":"https:\/\/leregardlibre.com\/en\/wp-json\/wp\/v2\/media?parent=43162"}],"wp:term":[{"taxonomy":"category","embeddable":true,"href":"https:\/\/leregardlibre.com\/en\/wp-json\/wp\/v2\/categories?post=43162"},{"taxonomy":"post_tag","embeddable":true,"href":"https:\/\/leregardlibre.com\/en\/wp-json\/wp\/v2\/tags?post=43162"}],"curies":[{"name":"wp","href":"https:\/\/api.w.org\/{rel}","templated":true}]}}