{"id":43188,"date":"2021-10-26T06:00:00","date_gmt":"2021-10-26T04:00:00","guid":{"rendered":"https:\/\/leregardlibre.com\/?p=43188"},"modified":"2022-09-25T16:04:05","modified_gmt":"2022-09-25T14:04:05","slug":"leila-slimani-a-writer-locked-up-for-a-night","status":"publish","type":"post","link":"https:\/\/leregardlibre.com\/en\/literature\/leila-slimani-a-writer-locked-up-for-a-night\/","title":{"rendered":"Le\u00efla Slimani, a writer locked up for a night"},"content":{"rendered":"<p><em>Tuesday books -&nbsp;<a href=\"https:\/\/leregardlibre.com\/en\/tag\/lauriane-pipoz\/\">Lauriane Pipoz<\/a><\/em><\/p>\n\n\n\n<p class=\"has-drop-cap\"><strong>In her latest book, Moroccan author Le\u00efla Slimani immerses herself in introspection during the unusual experience of sleeping in a museum. Her essay recounts the emotions she felt, and serves as the basis for a dive into her memories.<\/strong><\/p>\n\n\n\n<!--more Lire la suite de la critique (en libre acc\u00e8s)-->\n\n\n\n<p>Locked up in a museum? That's the experience Le\u00efla Slimani tried, and the basis of her latest book, <em>The scent of flowers at night<\/em>. On a terrace, her editor suggested that she spend the night \u00abat the Punta Dogana, a mythical Venetian monument transformed into a museum of contemporary art\u00bb. She accepts; not for \u00abthe prospect of sleeping close to works of art\u00bb, but for the simple experience of being locked in. A situation she cherishes as a writer.<\/p>\n\n\n\n<blockquote class=\"wp-block-quote is-layout-flow wp-block-quote-is-layout-flow\"><p>\u00abWhat pushed me to accept [the proposal] was the idea of being locked up. That no one could reach me and that the outside world was inaccessible to me. To be alone in a place I couldn't get out of, where no one could get in. No doubt this is a novelist's fantasy.\u00bb<\/p><\/blockquote>\n\n\n\n\n\n<p>This confinement soon leads to introspection. The Moroccan author indulges in digressions, becoming the sole subject of the story. Of course, by recounting the activity she cannot dissociate from herself: writing. In this way, she gives us a behind-the-scenes look at the writer's craft, which is so much the stuff of dreams. But it's more an art of living: you have to be disciplined, know how to fight off distractions when you've got a subject on your mind, and know how to say no to invitations so as not to interfere with your creativity. An art, a passion, but one that can almost seem painful under her pen.<\/p>\n\n\n\n<blockquote class=\"wp-block-quote is-layout-flow wp-block-quote-is-layout-flow\"><p>\u00abWhen you're writing, there are times when chatter attacks you, when the exercise of conversation proves unbearable. Perhaps because it contains everything you dread: the clich\u00e9s, the commonplaces, the ready-made phrases you say but don't mean. Proverbs and established expressions can be extremely violent in those moments of writing when you're trying to capture the ambiguous, the blurred, the gray.\u00bb<\/p><\/blockquote>\n\n\n\n<p>Le\u00efla Slimani also makes confessions linked to her own history, such as the accusations against her father (who spent a year in prison), her adolescence and, above all, the dualities that drive her. Her nationality: having grown up in an Arab country in a French-speaking family, she reveals that she always feels as if she's living in someone else's country. The will to be confined: she longs to be in captivity and at the same time wants to escape it, \u00abto conquer the outside\u00bb.<\/p>\n\n\n\n<blockquote class=\"wp-block-quote is-layout-flow wp-block-quote-is-layout-flow\"><p>\u00abNow, alone and barefoot in this museum, I wonder why I wanted to be locked up here so badly. How can the feminist, the activist, the writer I aspire to be, fantasize about four walls and a locked door [...] To have peace is a selfish fantasy.\u00bb<\/p><\/blockquote>\n\n\n\n\n\n<h3 class=\"wp-block-heading\"><strong>\u00abWriting is playing with silence\u00bb.\u00bb<\/strong><\/h3>\n\n\n\n<p>The art of writing is measured in \u00abwhat you don't say\u00bb. From the anecdotes the author declaims and the personalities or artists she quotes, the reader can guess the emotions that ran through her when she spent the night in this museum. Because, in the end, we know very little about this privileged moment: the works serve only as a pretext, a starting point for recalling memories and reflecting on her own life.<\/p>\n\n\n\n\n\n<p>In this book, Le\u00efla Slimani reveals nostalgia and takes a critical, sometimes harsh, look at her own life, offering keys to her other works. Her words, as when she speaks of the death of her father, which in a way enabled her to emancipate herself, are sometimes violent, but never exaggerated: they contain a certain modesty. However, she makes no secret of her taste for lies. In this book, what's true and what's false? It doesn't matter; the words ring true to whoever wants to hear them.<\/p>\n\n\n\n<form method=\"post\" action=\"https:\/\/newsletter.infomaniak.com\/external\/submit\" class=\"inf-form\" target=\"_blank\"><input type=\"email\" name=\"email\" style=\"display:none\"><input type=\"hidden\" name=\"key\" value=\"eyJpdiI6IlZXRVJGMlRGQUU2alNqUE81bitIUk5adnNVa0c4MllFTStzOHdHT1FQZ3c9IiwidmFsdWUiOiJIYzhwMUVCK1pTNnlhY3MyMmhuZlhReWJqemEwNk93blMxTjFHc0s2VHZrPSIsIm1hYyI6ImVhYTQ5N2I1M2NiYWE4NzBmNjk2NzgzYjliM2Y5NmYzM2E2ZmU3NGQxNTU1ZDFkMTU1MzY5NTdjYjE3ZTJmNTUifQ==\"><input type=\"hidden\" name=\"webform_id\" value=\"7291\"><style> .inf-main_3000311ca56a1cb93397bc676c0b7fff{ background-color:#f5f5f5; padding:25px 20px; margin:25px auto; } .inf-main_3000311ca56a1cb93397bc676c0b7fff .inf-content { margin-top:13px;} .inf-main_3000311ca56a1cb93397bc676c0b7fff h4, .inf-main_3000311ca56a1cb93397bc676c0b7fff span, .inf-main_3000311ca56a1cb93397bc676c0b7fff label, .inf-main_3000311ca56a1cb93397bc676c0b7fff input, .inf-main_3000311ca56a1cb93397bc676c0b7fff .inf-submit, .inf-main_3000311ca56a1cb93397bc676c0b7fff .inf-success p a { color:#555555; font-size:14px; } .inf-main_3000311ca56a1cb93397bc676c0b7fff h4{ font-size:18px; margin:0px 0px 13px 0px; } .inf-main_3000311ca56a1cb93397bc676c0b7fff h4, .inf-main_3000311ca56a1cb93397bc676c0b7fff label{ font-weight:bold; } .inf-main_3000311ca56a1cb93397bc676c0b7fff .inf-input { margin-bottom:7px; } .inf-main_3000311ca56a1cb93397bc676c0b7fff label { display:block;} .inf-main_3000311ca56a1cb93397bc676c0b7fff input{ height:35px; color:#999999; border: 1px solid #E9E9E9; border:none; padding-left:7px; } .inf-main_3000311ca56a1cb93397bc676c0b7fff .inf-input.inf-error label, .inf-main_3000311ca56a1cb93397bc676c0b7fff .inf-input.inf-error span.inf-message{ color: #cc0033; } .inf-main_3000311ca56a1cb93397bc676c0b7fff .inf-input.inf-error input{ border: 1px solid #cc0033; } .inf-main_3000311ca56a1cb93397bc676c0b7fff .inf-input input { width:100%;} .inf-main_3000311ca56a1cb93397bc676c0b7fff .inf-input.inf-error span.inf-message { display: block; } .inf-main_3000311ca56a1cb93397bc676c0b7fff .inf-submit { text-align:right;} .inf-main_3000311ca56a1cb93397bc676c0b7fff .inf-submit input{ background-color:#777777; color:#ffffff; border:none; font-weight: normal; height:auto; padding:7px; } .inf-main_3000311ca56a1cb93397bc676c0b7fff .inf-submit input.disabled{ opacity: 0.4; } .inf-btn { color: rgb(85, 85, 85); border: medium none; font-weight: normal; height: auto; padding: 7px; display: inline-block; background-color: white; box-shadow: 0px 1px 1px rgba(0, 0, 0, 0.24); border-radius: 2px; line-height: 1em; } .inf-rgpd { margin:25px 0px 15px 0px; color:#555555; } <\/style> <div class=\"inf-main_3000311ca56a1cb93397bc676c0b7fff\"> <h4>NEWSLETTER DU REGARD LIBRE<\/h4> <span>Receive our articles every Sunday.<\/span> <div class=\"inf-success\" style=\"display:none\"> <h4>Your subscription to our weekly newsletter has been successfully registered!<\/h4> <p> <a href=\"#\" class=\"inf-btn\">\u00ab<\/a> <\/p> <\/div> <div class=\"inf-content\"> <div class=\"inf-input inf-input-text\"> <input type=\"text\" name=\"inf[1]\" data-inf-meta=\"1\" data-inf-error=\"Merci de renseigner une adresse email\" required=\"required\" placeholder=\"Email\"> <\/div> <div class=\"inf-submit\"> <input type=\"submit\" name=\"\" value=\"Sign up\"> <\/div> <\/div> <\/div> <\/form>\n\n\n\n<blockquote class=\"wp-block-quote is-layout-flow wp-block-quote-is-layout-flow\"><p>\u00abI want to leave questions unanswered, because it's in these gaps, in these black holes, that I find the material that suits my soul. It's there that I weave my web, that I invent spaces for freedom and for lies, which are, in my eyes, one and the same thing. [...] Many people think that writing is reporting. That to talk about oneself is to recount what one has seen, what I know nothing about but which nevertheless obsesses me. To recount those events that I didn't witness but that are nonetheless part of my life.\u00bb<\/p><\/blockquote>\n\n\n\n<blockquote class=\"wp-block-quote is-layout-flow wp-block-quote-is-layout-flow\"><p>\u00abMy aunt, at over sixty, didn't dare smoke in front of her brother. Because, as we all know, women who smoke have no virtue. My parents wanted us to be free, independent women, capable of expressing choices and opinions. But neither they nor we could be indifferent to the context in which we were growing up and to the \u00abinvisible laws\u00bb that governed public space. So they urged us to be cautious, to be discreet when we crossed the benevolent walls of the house.\u00bb<\/p><\/blockquote>\n\n\n\n<p><em>Write to the author:&nbsp;<a href=\"mailto:lauriane.pipoz@leregardlibre.com\">lauriane.pipoz@leregardlibre.com<\/a><\/em><br><br>Header image: Le\u00efla Slimani at the Frankfurt Book Fair, Germany, 2017 \u00a9 Heike Huslage-Koch \/ <a href=\"https:\/\/commons.wikimedia.org\/wiki\/File:Le%C3%AFla_Slimani_auf_der_Frankfurter_Buchmesse_2017.jpg\">Wikimedia<\/a> CC 4.0<\/p>\n\n\n\n<div class=\"wp-block-media-text alignwide is-stacked-on-mobile\" style=\"grid-template-columns:40% auto\"><figure class=\"wp-block-media-text__media\"><img fetchpriority=\"high\" decoding=\"async\" width=\"238\" height=\"364\" src=\"http:\/\/leregardlibre.com\/wp-content\/uploads\/2021\/10\/SLIMAN.jpeg\" alt=\"\" class=\"wp-image-43195 size-full\" srcset=\"https:\/\/leregardlibre.com\/wp-content\/uploads\/2021\/10\/SLIMAN.jpeg 238w, https:\/\/leregardlibre.com\/wp-content\/uploads\/2021\/10\/SLIMAN-98x150.jpeg 98w, https:\/\/leregardlibre.com\/wp-content\/uploads\/2021\/10\/SLIMAN-196x300.jpeg 196w\" sizes=\"(max-width: 238px) 100vw, 238px\" \/><\/figure><div class=\"wp-block-media-text__content\">\n<p><strong>Le\u00efla<\/strong> <strong>Slimani <br><em>The scent of flowers at night <\/em><br>Editions Stock<br>2021<br>151 pages<\/strong><br><\/p>\n\n\n\n<div class=\"wp-block-buttons is-layout-flex wp-block-buttons-is-layout-flex\">\n<div class=\"wp-block-button\"><a class=\"wp-block-button__link\" href=\"https:\/\/www.payot.ch\/Detail\/le_parfum_des_fleurs_la_nuit-leila_slimani-9782234088306\">Order the book<\/a><\/div>\n<\/div>\n\n\n\n<div class=\"wp-block-buttons is-layout-flex wp-block-buttons-is-layout-flex\"><\/div>\n<\/div><\/div>\n\n\n\n<p><\/p>","protected":false},"excerpt":{"rendered":"<p>A sometimes harsh self-criticism<\/p>","protected":false},"author":102,"featured_media":43203,"comment_status":"open","ping_status":"closed","sticky":false,"template":"","format":"standard","meta":{"_acf_changed":false,"footnotes":""},"categories":[20663],"tags":[54879,41577,644352733,644347887,644356328,644341309],"class_list":["post-43188","post","type-post","status-publish","format-standard","has-post-thumbnail","hentry","category-litterature","tag-critiques-litteraires","tag-ecriture","tag-leila-slimani","tag-maroc","tag-musees","tag-venise"],"acf":[],"yoast_head":"<!-- This site is optimized with the Yoast SEO Premium plugin v27.4 (Yoast SEO v27.4) - https:\/\/yoast.com\/product\/yoast-seo-premium-wordpress\/ -->\n<title>Le\u00efla Slimani, une \u00e9crivaine enferm\u00e9e pour une nuit<\/title>\n<meta name=\"robots\" content=\"index, follow, max-snippet:-1, max-image-preview:large, max-video-preview:-1\" \/>\n<link rel=\"canonical\" href=\"https:\/\/leregardlibre.com\/en\/literature\/leila-slimani-a-writer-locked-up-for-a-night\/\" \/>\n<meta property=\"og:locale\" content=\"en_US\" \/>\n<meta property=\"og:type\" content=\"article\" \/>\n<meta property=\"og:title\" content=\"Le\u00efla Slimani, une \u00e9crivaine enferm\u00e9e pour une nuit\" \/>\n<meta property=\"og:description\" content=\"Une auto-critique, parfois dure\" \/>\n<meta property=\"og:url\" content=\"https:\/\/leregardlibre.com\/en\/literature\/leila-slimani-a-writer-locked-up-for-a-night\/\" \/>\n<meta property=\"og:site_name\" content=\"Le Regard Libre\" \/>\n<meta property=\"article:publisher\" content=\"https:\/\/www.facebook.com\/leregardlibre\/\" \/>\n<meta property=\"article:published_time\" content=\"2021-10-26T04:00:00+00:00\" \/>\n<meta property=\"article:modified_time\" content=\"2022-09-25T14:04:05+00:00\" \/>\n<meta property=\"og:image\" content=\"https:\/\/leregardlibre.com\/wp-content\/uploads\/2021\/10\/1280px-Lei\u0308la_Slimani_auf_der_Frankfurter_Buchmesse_2017-4156599894-1635238142932.jpeg\" \/>\n\t<meta property=\"og:image:width\" content=\"1280\" \/>\n\t<meta property=\"og:image:height\" content=\"720\" \/>\n\t<meta property=\"og:image:type\" content=\"image\/jpeg\" \/>\n<meta name=\"author\" content=\"Lauriane Pipoz\" \/>\n<meta name=\"twitter:card\" content=\"summary_large_image\" \/>\n<meta name=\"twitter:creator\" content=\"@LeRegardLibre\" \/>\n<meta name=\"twitter:site\" content=\"@LeRegardLibre\" \/>\n<meta name=\"twitter:label1\" content=\"Written by\" \/>\n\t<meta name=\"twitter:data1\" content=\"Lauriane Pipoz\" \/>\n\t<meta name=\"twitter:label2\" content=\"Est. reading time\" \/>\n\t<meta name=\"twitter:data2\" content=\"5 minutes\" \/>\n<script type=\"application\/ld+json\" class=\"yoast-schema-graph\">{\"@context\":\"https:\\\/\\\/schema.org\",\"@graph\":[{\"@type\":\"Article\",\"@id\":\"https:\\\/\\\/leregardlibre.com\\\/litterature\\\/leila-slimani-une-ecrivaine-enfermee-pour-une-nuit\\\/#article\",\"isPartOf\":{\"@id\":\"https:\\\/\\\/leregardlibre.com\\\/litterature\\\/leila-slimani-une-ecrivaine-enfermee-pour-une-nuit\\\/\"},\"author\":{\"name\":\"Lauriane Pipoz\",\"@id\":\"https:\\\/\\\/leregardlibre.com\\\/#\\\/schema\\\/person\\\/4a90f0c5c8d33c0d6228249a2f2d37f5\"},\"headline\":\"Le\u00efla Slimani, une \u00e9crivaine enferm\u00e9e pour une nuit\",\"datePublished\":\"2021-10-26T04:00:00+00:00\",\"dateModified\":\"2022-09-25T14:04:05+00:00\",\"mainEntityOfPage\":{\"@id\":\"https:\\\/\\\/leregardlibre.com\\\/litterature\\\/leila-slimani-une-ecrivaine-enfermee-pour-une-nuit\\\/\"},\"wordCount\":1040,\"commentCount\":0,\"publisher\":{\"@id\":\"https:\\\/\\\/leregardlibre.com\\\/#organization\"},\"image\":{\"@id\":\"https:\\\/\\\/leregardlibre.com\\\/litterature\\\/leila-slimani-une-ecrivaine-enfermee-pour-une-nuit\\\/#primaryimage\"},\"thumbnailUrl\":\"https:\\\/\\\/leregardlibre.com\\\/wp-content\\\/uploads\\\/2021\\\/10\\\/1280px-Lei\u0308la_Slimani_auf_der_Frankfurter_Buchmesse_2017-4156599894-1635238142932.jpeg\",\"keywords\":[\"Critique litt\u00e9raire\",\"\u00e9criture\",\"Le\u00efla Slimani\",\"Maroc\",\"mus\u00e9es\",\"Venise\"],\"articleSection\":[\"Litt\u00e9rature\"],\"inLanguage\":\"en-US\",\"potentialAction\":[{\"@type\":\"CommentAction\",\"name\":\"Comment\",\"target\":[\"https:\\\/\\\/leregardlibre.com\\\/litterature\\\/leila-slimani-une-ecrivaine-enfermee-pour-une-nuit\\\/#respond\"]}]},{\"@type\":\"WebPage\",\"@id\":\"https:\\\/\\\/leregardlibre.com\\\/litterature\\\/leila-slimani-une-ecrivaine-enfermee-pour-une-nuit\\\/\",\"url\":\"https:\\\/\\\/leregardlibre.com\\\/litterature\\\/leila-slimani-une-ecrivaine-enfermee-pour-une-nuit\\\/\",\"name\":\"Le\u00efla Slimani, une \u00e9crivaine enferm\u00e9e pour une nuit\",\"isPartOf\":{\"@id\":\"https:\\\/\\\/leregardlibre.com\\\/#website\"},\"primaryImageOfPage\":{\"@id\":\"https:\\\/\\\/leregardlibre.com\\\/litterature\\\/leila-slimani-une-ecrivaine-enfermee-pour-une-nuit\\\/#primaryimage\"},\"image\":{\"@id\":\"https:\\\/\\\/leregardlibre.com\\\/litterature\\\/leila-slimani-une-ecrivaine-enfermee-pour-une-nuit\\\/#primaryimage\"},\"thumbnailUrl\":\"https:\\\/\\\/leregardlibre.com\\\/wp-content\\\/uploads\\\/2021\\\/10\\\/1280px-Lei\u0308la_Slimani_auf_der_Frankfurter_Buchmesse_2017-4156599894-1635238142932.jpeg\",\"datePublished\":\"2021-10-26T04:00:00+00:00\",\"dateModified\":\"2022-09-25T14:04:05+00:00\",\"breadcrumb\":{\"@id\":\"https:\\\/\\\/leregardlibre.com\\\/litterature\\\/leila-slimani-une-ecrivaine-enfermee-pour-une-nuit\\\/#breadcrumb\"},\"inLanguage\":\"en-US\",\"potentialAction\":[{\"@type\":\"ReadAction\",\"target\":[\"https:\\\/\\\/leregardlibre.com\\\/litterature\\\/leila-slimani-une-ecrivaine-enfermee-pour-une-nuit\\\/\"]}]},{\"@type\":\"ImageObject\",\"inLanguage\":\"en-US\",\"@id\":\"https:\\\/\\\/leregardlibre.com\\\/litterature\\\/leila-slimani-une-ecrivaine-enfermee-pour-une-nuit\\\/#primaryimage\",\"url\":\"https:\\\/\\\/leregardlibre.com\\\/wp-content\\\/uploads\\\/2021\\\/10\\\/1280px-Lei\u0308la_Slimani_auf_der_Frankfurter_Buchmesse_2017-4156599894-1635238142932.jpeg\",\"contentUrl\":\"https:\\\/\\\/leregardlibre.com\\\/wp-content\\\/uploads\\\/2021\\\/10\\\/1280px-Lei\u0308la_Slimani_auf_der_Frankfurter_Buchmesse_2017-4156599894-1635238142932.jpeg\",\"width\":1280,\"height\":720},{\"@type\":\"BreadcrumbList\",\"@id\":\"https:\\\/\\\/leregardlibre.com\\\/litterature\\\/leila-slimani-une-ecrivaine-enfermee-pour-une-nuit\\\/#breadcrumb\",\"itemListElement\":[{\"@type\":\"ListItem\",\"position\":1,\"name\":\"Accueil\",\"item\":\"https:\\\/\\\/leregardlibre.com\\\/\"},{\"@type\":\"ListItem\",\"position\":2,\"name\":\"Le\u00efla Slimani, une \u00e9crivaine enferm\u00e9e pour une nuit\"}]},{\"@type\":\"WebSite\",\"@id\":\"https:\\\/\\\/leregardlibre.com\\\/#website\",\"url\":\"https:\\\/\\\/leregardlibre.com\\\/\",\"name\":\"Le Regard Libre\",\"description\":\"Premier mensuel suisse de d\u00e9bat\",\"publisher\":{\"@id\":\"https:\\\/\\\/leregardlibre.com\\\/#organization\"},\"potentialAction\":[{\"@type\":\"SearchAction\",\"target\":{\"@type\":\"EntryPoint\",\"urlTemplate\":\"https:\\\/\\\/leregardlibre.com\\\/?s={search_term_string}\"},\"query-input\":{\"@type\":\"PropertyValueSpecification\",\"valueRequired\":true,\"valueName\":\"search_term_string\"}}],\"inLanguage\":\"en-US\"},{\"@type\":\"Organization\",\"@id\":\"https:\\\/\\\/leregardlibre.com\\\/#organization\",\"name\":\"Le Regard Libre\",\"url\":\"https:\\\/\\\/leregardlibre.com\\\/\",\"logo\":{\"@type\":\"ImageObject\",\"inLanguage\":\"en-US\",\"@id\":\"https:\\\/\\\/leregardlibre.com\\\/#\\\/schema\\\/logo\\\/image\\\/\",\"url\":\"https:\\\/\\\/leregardlibre.com\\\/wp-content\\\/uploads\\\/2025\\\/08\\\/logo-rl-icone-neg.jpeg\",\"contentUrl\":\"https:\\\/\\\/leregardlibre.com\\\/wp-content\\\/uploads\\\/2025\\\/08\\\/logo-rl-icone-neg.jpeg\",\"width\":557,\"height\":556,\"caption\":\"Le Regard Libre\"},\"image\":{\"@id\":\"https:\\\/\\\/leregardlibre.com\\\/#\\\/schema\\\/logo\\\/image\\\/\"},\"sameAs\":[\"https:\\\/\\\/www.facebook.com\\\/leregardlibre\\\/\",\"https:\\\/\\\/x.com\\\/LeRegardLibre\",\"https:\\\/\\\/www.linkedin.com\\\/company\\\/le-regard-libre\",\"https:\\\/\\\/www.instagram.com\\\/leregardlibre\\\/\",\"http:\\\/\\\/t.me\\\/leregardlibre\",\"https:\\\/\\\/youtube.com\\\/channel\\\/UC6HzGPomj1LsUmlz-sJtITQ\"],\"description\":\"Le Regard Libre est un mensuel suisse de d\u00e9bat intellectuel et culturel. Sa r\u00e9daction est jeune, b\u00e9n\u00e9vole, lib\u00e9rale et pluraliste. Le magazine para\u00eet en ligne et sous forme papier. Sa langue est le fran\u00e7ais.\",\"email\":\"redaction@leregardlibre.com\",\"legalName\":\"Le Regard Libre\",\"foundingDate\":\"2014-01-01\",\"numberOfEmployees\":{\"@type\":\"QuantitativeValue\",\"minValue\":\"11\",\"maxValue\":\"50\"},\"publishingPrinciples\":\"https:\\\/\\\/leregardlibre.com\\\/a-propos\\\/notre-manifeste\\\/\",\"ownershipFundingInfo\":\"https:\\\/\\\/leregardlibre.com\\\/mentions-legales\\\/\",\"actionableFeedbackPolicy\":\"https:\\\/\\\/leregardlibre.com\\\/conditions-generales-de-vente\\\/\"},{\"@type\":\"Person\",\"@id\":\"https:\\\/\\\/leregardlibre.com\\\/#\\\/schema\\\/person\\\/4a90f0c5c8d33c0d6228249a2f2d37f5\",\"name\":\"Lauriane Pipoz\",\"image\":{\"@type\":\"ImageObject\",\"inLanguage\":\"en-US\",\"@id\":\"https:\\\/\\\/secure.gravatar.com\\\/avatar\\\/9a20095942ede01d828f2fc30b63370b5d10612b2f5f1b4099e9dd868b95749d?s=96&d=identicon&r=g\",\"url\":\"https:\\\/\\\/secure.gravatar.com\\\/avatar\\\/9a20095942ede01d828f2fc30b63370b5d10612b2f5f1b4099e9dd868b95749d?s=96&d=identicon&r=g\",\"contentUrl\":\"https:\\\/\\\/secure.gravatar.com\\\/avatar\\\/9a20095942ede01d828f2fc30b63370b5d10612b2f5f1b4099e9dd868b95749d?s=96&d=identicon&r=g\",\"caption\":\"Lauriane Pipoz\"},\"sameAs\":[\"https:\\\/\\\/leregardlibre.com\\\/\",\"https:\\\/\\\/fr.wikipedia.org\\\/wiki\\\/Le_Regard_libre\"],\"url\":\"https:\\\/\\\/leregardlibre.com\\\/en\\\/author\\\/lauriane00\\\/\"}]}<\/script>\n<!-- \/ Yoast SEO Premium plugin. -->","yoast_head_json":{"title":"Le\u00efla Slimani, a writer locked up for a night","robots":{"index":"index","follow":"follow","max-snippet":"max-snippet:-1","max-image-preview":"max-image-preview:large","max-video-preview":"max-video-preview:-1"},"canonical":"https:\/\/leregardlibre.com\/en\/literature\/leila-slimani-a-writer-locked-up-for-a-night\/","og_locale":"en_US","og_type":"article","og_title":"Le\u00efla Slimani, une \u00e9crivaine enferm\u00e9e pour une nuit","og_description":"Une auto-critique, parfois dure","og_url":"https:\/\/leregardlibre.com\/en\/literature\/leila-slimani-a-writer-locked-up-for-a-night\/","og_site_name":"Le Regard Libre","article_publisher":"https:\/\/www.facebook.com\/leregardlibre\/","article_published_time":"2021-10-26T04:00:00+00:00","article_modified_time":"2022-09-25T14:04:05+00:00","og_image":[{"width":1280,"height":720,"url":"https:\/\/leregardlibre.com\/wp-content\/uploads\/2021\/10\/1280px-Lei\u0308la_Slimani_auf_der_Frankfurter_Buchmesse_2017-4156599894-1635238142932.jpeg","type":"image\/jpeg"}],"author":"Lauriane Pipoz","twitter_card":"summary_large_image","twitter_creator":"@LeRegardLibre","twitter_site":"@LeRegardLibre","twitter_misc":{"Written by":"Lauriane Pipoz","Est. reading time":"5 minutes"},"schema":{"@context":"https:\/\/schema.org","@graph":[{"@type":"Article","@id":"https:\/\/leregardlibre.com\/litterature\/leila-slimani-une-ecrivaine-enfermee-pour-une-nuit\/#article","isPartOf":{"@id":"https:\/\/leregardlibre.com\/litterature\/leila-slimani-une-ecrivaine-enfermee-pour-une-nuit\/"},"author":{"name":"Lauriane Pipoz","@id":"https:\/\/leregardlibre.com\/#\/schema\/person\/4a90f0c5c8d33c0d6228249a2f2d37f5"},"headline":"Le\u00efla Slimani, une \u00e9crivaine enferm\u00e9e pour une nuit","datePublished":"2021-10-26T04:00:00+00:00","dateModified":"2022-09-25T14:04:05+00:00","mainEntityOfPage":{"@id":"https:\/\/leregardlibre.com\/litterature\/leila-slimani-une-ecrivaine-enfermee-pour-une-nuit\/"},"wordCount":1040,"commentCount":0,"publisher":{"@id":"https:\/\/leregardlibre.com\/#organization"},"image":{"@id":"https:\/\/leregardlibre.com\/litterature\/leila-slimani-une-ecrivaine-enfermee-pour-une-nuit\/#primaryimage"},"thumbnailUrl":"https:\/\/leregardlibre.com\/wp-content\/uploads\/2021\/10\/1280px-Lei\u0308la_Slimani_auf_der_Frankfurter_Buchmesse_2017-4156599894-1635238142932.jpeg","keywords":["Critique litt\u00e9raire","\u00e9criture","Le\u00efla Slimani","Maroc","mus\u00e9es","Venise"],"articleSection":["Litt\u00e9rature"],"inLanguage":"en-US","potentialAction":[{"@type":"CommentAction","name":"Comment","target":["https:\/\/leregardlibre.com\/litterature\/leila-slimani-une-ecrivaine-enfermee-pour-une-nuit\/#respond"]}]},{"@type":"WebPage","@id":"https:\/\/leregardlibre.com\/litterature\/leila-slimani-une-ecrivaine-enfermee-pour-une-nuit\/","url":"https:\/\/leregardlibre.com\/litterature\/leila-slimani-une-ecrivaine-enfermee-pour-une-nuit\/","name":"Le\u00efla Slimani, a writer locked up for a night","isPartOf":{"@id":"https:\/\/leregardlibre.com\/#website"},"primaryImageOfPage":{"@id":"https:\/\/leregardlibre.com\/litterature\/leila-slimani-une-ecrivaine-enfermee-pour-une-nuit\/#primaryimage"},"image":{"@id":"https:\/\/leregardlibre.com\/litterature\/leila-slimani-une-ecrivaine-enfermee-pour-une-nuit\/#primaryimage"},"thumbnailUrl":"https:\/\/leregardlibre.com\/wp-content\/uploads\/2021\/10\/1280px-Lei\u0308la_Slimani_auf_der_Frankfurter_Buchmesse_2017-4156599894-1635238142932.jpeg","datePublished":"2021-10-26T04:00:00+00:00","dateModified":"2022-09-25T14:04:05+00:00","breadcrumb":{"@id":"https:\/\/leregardlibre.com\/litterature\/leila-slimani-une-ecrivaine-enfermee-pour-une-nuit\/#breadcrumb"},"inLanguage":"en-US","potentialAction":[{"@type":"ReadAction","target":["https:\/\/leregardlibre.com\/litterature\/leila-slimani-une-ecrivaine-enfermee-pour-une-nuit\/"]}]},{"@type":"ImageObject","inLanguage":"en-US","@id":"https:\/\/leregardlibre.com\/litterature\/leila-slimani-une-ecrivaine-enfermee-pour-une-nuit\/#primaryimage","url":"https:\/\/leregardlibre.com\/wp-content\/uploads\/2021\/10\/1280px-Lei\u0308la_Slimani_auf_der_Frankfurter_Buchmesse_2017-4156599894-1635238142932.jpeg","contentUrl":"https:\/\/leregardlibre.com\/wp-content\/uploads\/2021\/10\/1280px-Lei\u0308la_Slimani_auf_der_Frankfurter_Buchmesse_2017-4156599894-1635238142932.jpeg","width":1280,"height":720},{"@type":"BreadcrumbList","@id":"https:\/\/leregardlibre.com\/litterature\/leila-slimani-une-ecrivaine-enfermee-pour-une-nuit\/#breadcrumb","itemListElement":[{"@type":"ListItem","position":1,"name":"Accueil","item":"https:\/\/leregardlibre.com\/"},{"@type":"ListItem","position":2,"name":"Le\u00efla Slimani, une \u00e9crivaine enferm\u00e9e pour une nuit"}]},{"@type":"WebSite","@id":"https:\/\/leregardlibre.com\/#website","url":"https:\/\/leregardlibre.com\/","name":"Le Regard Libre","description":"Switzerland's first monthly debate magazine","publisher":{"@id":"https:\/\/leregardlibre.com\/#organization"},"potentialAction":[{"@type":"SearchAction","target":{"@type":"EntryPoint","urlTemplate":"https:\/\/leregardlibre.com\/?s={search_term_string}"},"query-input":{"@type":"PropertyValueSpecification","valueRequired":true,"valueName":"search_term_string"}}],"inLanguage":"en-US"},{"@type":"Organization","@id":"https:\/\/leregardlibre.com\/#organization","name":"Le Regard Libre","url":"https:\/\/leregardlibre.com\/","logo":{"@type":"ImageObject","inLanguage":"en-US","@id":"https:\/\/leregardlibre.com\/#\/schema\/logo\/image\/","url":"https:\/\/leregardlibre.com\/wp-content\/uploads\/2025\/08\/logo-rl-icone-neg.jpeg","contentUrl":"https:\/\/leregardlibre.com\/wp-content\/uploads\/2025\/08\/logo-rl-icone-neg.jpeg","width":557,"height":556,"caption":"Le Regard Libre"},"image":{"@id":"https:\/\/leregardlibre.com\/#\/schema\/logo\/image\/"},"sameAs":["https:\/\/www.facebook.com\/leregardlibre\/","https:\/\/x.com\/LeRegardLibre","https:\/\/www.linkedin.com\/company\/le-regard-libre","https:\/\/www.instagram.com\/leregardlibre\/","http:\/\/t.me\/leregardlibre","https:\/\/youtube.com\/channel\/UC6HzGPomj1LsUmlz-sJtITQ"],"description":"Le Regard Libre is a Swiss monthly magazine for intellectual and cultural debate. Its editorial team is young, voluntary, liberal and pluralist. The magazine appears online and in print. Its language is French.","email":"redaction@leregardlibre.com","legalName":"Le Regard Libre","foundingDate":"2014-01-01","numberOfEmployees":{"@type":"QuantitativeValue","minValue":"11","maxValue":"50"},"publishingPrinciples":"https:\/\/leregardlibre.com\/a-propos\/notre-manifeste\/","ownershipFundingInfo":"https:\/\/leregardlibre.com\/mentions-legales\/","actionableFeedbackPolicy":"https:\/\/leregardlibre.com\/conditions-generales-de-vente\/"},{"@type":"Person","@id":"https:\/\/leregardlibre.com\/#\/schema\/person\/4a90f0c5c8d33c0d6228249a2f2d37f5","name":"Lauriane Pipoz","image":{"@type":"ImageObject","inLanguage":"en-US","@id":"https:\/\/secure.gravatar.com\/avatar\/9a20095942ede01d828f2fc30b63370b5d10612b2f5f1b4099e9dd868b95749d?s=96&d=identicon&r=g","url":"https:\/\/secure.gravatar.com\/avatar\/9a20095942ede01d828f2fc30b63370b5d10612b2f5f1b4099e9dd868b95749d?s=96&d=identicon&r=g","contentUrl":"https:\/\/secure.gravatar.com\/avatar\/9a20095942ede01d828f2fc30b63370b5d10612b2f5f1b4099e9dd868b95749d?s=96&d=identicon&r=g","caption":"Lauriane Pipoz"},"sameAs":["https:\/\/leregardlibre.com\/","https:\/\/fr.wikipedia.org\/wiki\/Le_Regard_libre"],"url":"https:\/\/leregardlibre.com\/en\/author\/lauriane00\/"}]}},"_links":{"self":[{"href":"https:\/\/leregardlibre.com\/en\/wp-json\/wp\/v2\/posts\/43188","targetHints":{"allow":["GET"]}}],"collection":[{"href":"https:\/\/leregardlibre.com\/en\/wp-json\/wp\/v2\/posts"}],"about":[{"href":"https:\/\/leregardlibre.com\/en\/wp-json\/wp\/v2\/types\/post"}],"author":[{"embeddable":true,"href":"https:\/\/leregardlibre.com\/en\/wp-json\/wp\/v2\/users\/102"}],"replies":[{"embeddable":true,"href":"https:\/\/leregardlibre.com\/en\/wp-json\/wp\/v2\/comments?post=43188"}],"version-history":[{"count":1,"href":"https:\/\/leregardlibre.com\/en\/wp-json\/wp\/v2\/posts\/43188\/revisions"}],"predecessor-version":[{"id":511232,"href":"https:\/\/leregardlibre.com\/en\/wp-json\/wp\/v2\/posts\/43188\/revisions\/511232"}],"wp:featuredmedia":[{"embeddable":true,"href":"https:\/\/leregardlibre.com\/en\/wp-json\/wp\/v2\/media\/43203"}],"wp:attachment":[{"href":"https:\/\/leregardlibre.com\/en\/wp-json\/wp\/v2\/media?parent=43188"}],"wp:term":[{"taxonomy":"category","embeddable":true,"href":"https:\/\/leregardlibre.com\/en\/wp-json\/wp\/v2\/categories?post=43188"},{"taxonomy":"post_tag","embeddable":true,"href":"https:\/\/leregardlibre.com\/en\/wp-json\/wp\/v2\/tags?post=43188"}],"curies":[{"name":"wp","href":"https:\/\/api.w.org\/{rel}","templated":true}]}}