{"id":44117,"date":"2021-12-14T16:41:29","date_gmt":"2021-12-14T15:41:29","guid":{"rendered":"https:\/\/leregardlibre.com\/?p=44117"},"modified":"2025-11-05T18:37:36","modified_gmt":"2025-11-05T17:37:36","slug":"pablo-lauteur-meets-and-talks-about-pablo-lanarchiste","status":"publish","type":"post","link":"https:\/\/leregardlibre.com\/en\/literature\/pablo-lauteur-meets-and-talks-about-pablo-lanarchiste\/","title":{"rendered":"Pablo the author meets and tells the story of Pablo the anarchist"},"content":{"rendered":"<p><em>Tuesday books -&nbsp;<a href=\"https:\/\/leregardlibre.com\/en\/tag\/diana-alice-ramsauer\/\">Diana-Alice Ramsauer<\/a><\/em><\/p>\n\n\n\n<p class=\"has-drop-cap\"><strong>I have read <em>The anarchist whose name was like mine<\/em> like some kind of history book. Except that it was much more exciting. Through the real-life character of Pablo Mart\u00ecn S\u00e0nchez - of the same name as the author - we (re-)experience one of the revolutionary expeditions to overthrow Spanish dictator Miguel Primo de Rivera. An event that actually took place. But above all, the book's richness lies in its immersion in the Parisian and international anarchist world of the early 20th century.<sup>th<\/sup> century. An adventure of guts, heart and ideals.<\/strong><\/p>\n\n\n\n<!--more Lire la critique (en libre acc\u00e8s)-->\n\n\n\n<p>\u00abHistory. History. And history.\u00bb Or rather \u00abpresent, past and story\u00bb.<\/p>\n\n\n\n<p>This is the narrative that guides the lines of <em>The anarchist whose name was like mine<\/em>.<\/p>\n\n\n\n<p>We begin the book with the author, Pablo Mart\u00ecn S\u00e0nchez. He is depressed. He can't get published \u00ab[blaming] his failure on a too-common surname\u00bb. So he types his name into Google - who hasn't? - and realizes that he has a multitude of namesakes. One of them is a guy born at the end of the nineteenth century.<sup>th<\/sup> century. This Pablo Mart\u00ecn S\u00e0nchez was an anarchist who, in 1924, took part in a revolutionary expedition to overthrow the Spanish dictatorship. Along with other comrades, he was sentenced to death.<\/p>\n\n\n\n\n\n<p>By all accounts, it's a good storyline for a book. Author Pablo Mart\u00ecn S\u00e0nchez seizes the opportunity to delve into historical documents, newspapers and other registers to tell his tale.<\/p>\n\n\n\n<h3 class=\"wp-block-heading\"><strong>\u00abLong live free Spain, long live democratic Spain!<\/strong><\/h3>\n\n\n\n<p>This is where history begins. For Pablo the anarchist, presented to us by Editions Zulma &amp; La Contre All\u00e9e, did exist. He was born in industrialized Spain, embroiled in colonial conflicts. A Spain ruled by an Alfonso XIII who is still a child at the start of the story. A Spain that suffered Miguel Primo de Rivera's coup d'\u00e9tat in 1923, putting an end to the parliamentary system. It's a few years before the Civil War and Franco's regime.<\/p>\n\n\n\n<p>It was at this time that many libertarians, communists, republicans, Catalanists, trade unionists, intellectuals and deserters fled the regime, which threatened them with imprisonment and torture. Terrorist attacks against the King of Spain multiplied. Repression was violent. A small community of opponents springs up all over France, but especially in Paris, the epicenter of anarchism. Pablo Mart\u00ecn S\u00e0nchez was one of them.<\/p>\n\n\n\n\n\n<h3 class=\"wp-block-heading\"><strong>Paris, from Belleville to La Rotonde: crossroads of revolutions<\/strong><\/h3>\n\n\n\n<p>It's against this tragic, but ebullient backdrop that we follow the young revolutionary. It's a delightful tale that we take seriously, doubting the veracity of the details at every turn.<\/p>\n\n\n\n<p>It all begins at La Fraternelle printing works in the Belleville district. Pablo worked there, printing a revolutionary newspaper for the Spanish community in France.<\/p>\n\n\n\n<p>A notorious opponent since his father was murdered by two poor devils who simply had empty bellies, he reads Proudhon, Bakunin and a whole host of left-wing thinkers, and makes hunger his worst enemy. Working in the best communication tool of the time, the printing press, he is embroiled by his childhood friend Robinson - vegetarian and advocate of free love - accompanied by his faithful dachshund Kropotkin (we're talking about a mutt here).<\/p>\n\n\n\n\n\n<h3 class=\"wp-block-heading\"><strong>Coup de coeur and coup d'\u00e9tat<\/strong><\/h3>\n\n\n\n<p>Interwoven with this clandestine preparation, every other chapter tells the story of Pablo the anarchist's previous life. The two anachronistic stories of the same character progress in parallel until they meet at the end of the book. This is where author Pablo Mart\u00ecn S\u00e0nchez excels: by mixing these two levels of narrative, he manages to keep us turning the pages. And yet, the task was not so simple, for there are 600 of them. All the reviews of the book mention it: it's true that it can be daunting. But friendship, love and betrayal: a recipe that always works.&nbsp;<\/p>\n\n\n\n<form method=\"post\" action=\"https:\/\/newsletter.infomaniak.com\/external\/submit\" class=\"inf-form\" target=\"_blank\"><input type=\"email\" name=\"email\" style=\"display:none\"><input type=\"hidden\" name=\"key\" value=\"eyJpdiI6IlZXRVJGMlRGQUU2alNqUE81bitIUk5adnNVa0c4MllFTStzOHdHT1FQZ3c9IiwidmFsdWUiOiJIYzhwMUVCK1pTNnlhY3MyMmhuZlhReWJqemEwNk93blMxTjFHc0s2VHZrPSIsIm1hYyI6ImVhYTQ5N2I1M2NiYWE4NzBmNjk2NzgzYjliM2Y5NmYzM2E2ZmU3NGQxNTU1ZDFkMTU1MzY5NTdjYjE3ZTJmNTUifQ==\"><input type=\"hidden\" name=\"webform_id\" value=\"7291\"><style> .inf-main_3000311ca56a1cb93397bc676c0b7fff{ background-color:#f5f5f5; padding:25px 20px; margin:25px auto; } .inf-main_3000311ca56a1cb93397bc676c0b7fff .inf-content { margin-top:13px;} .inf-main_3000311ca56a1cb93397bc676c0b7fff h4, .inf-main_3000311ca56a1cb93397bc676c0b7fff span, .inf-main_3000311ca56a1cb93397bc676c0b7fff label, .inf-main_3000311ca56a1cb93397bc676c0b7fff input, .inf-main_3000311ca56a1cb93397bc676c0b7fff .inf-submit, .inf-main_3000311ca56a1cb93397bc676c0b7fff .inf-success p a { color:#555555; font-size:14px; } .inf-main_3000311ca56a1cb93397bc676c0b7fff h4{ font-size:18px; margin:0px 0px 13px 0px; } .inf-main_3000311ca56a1cb93397bc676c0b7fff h4, .inf-main_3000311ca56a1cb93397bc676c0b7fff label{ font-weight:bold; } .inf-main_3000311ca56a1cb93397bc676c0b7fff .inf-input { margin-bottom:7px; } .inf-main_3000311ca56a1cb93397bc676c0b7fff label { display:block;} .inf-main_3000311ca56a1cb93397bc676c0b7fff input{ height:35px; color:#999999; border: 1px solid #E9E9E9; border:none; padding-left:7px; } .inf-main_3000311ca56a1cb93397bc676c0b7fff .inf-input.inf-error label, .inf-main_3000311ca56a1cb93397bc676c0b7fff .inf-input.inf-error span.inf-message{ color: #cc0033; } .inf-main_3000311ca56a1cb93397bc676c0b7fff .inf-input.inf-error input{ border: 1px solid #cc0033; } .inf-main_3000311ca56a1cb93397bc676c0b7fff .inf-input input { width:100%;} .inf-main_3000311ca56a1cb93397bc676c0b7fff .inf-input.inf-error span.inf-message { display: block; } .inf-main_3000311ca56a1cb93397bc676c0b7fff .inf-submit { text-align:right;} .inf-main_3000311ca56a1cb93397bc676c0b7fff .inf-submit input{ background-color:#777777; color:#ffffff; border:none; font-weight: normal; height:auto; padding:7px; } .inf-main_3000311ca56a1cb93397bc676c0b7fff .inf-submit input.disabled{ opacity: 0.4; } .inf-btn { color: rgb(85, 85, 85); border: medium none; font-weight: normal; height: auto; padding: 7px; display: inline-block; background-color: white; box-shadow: 0px 1px 1px rgba(0, 0, 0, 0.24); border-radius: 2px; line-height: 1em; } .inf-rgpd { margin:25px 0px 15px 0px; color:#555555; } <\/style> <div class=\"inf-main_3000311ca56a1cb93397bc676c0b7fff\"> <h4>NEWSLETTER DU REGARD LIBRE<\/h4> <span>Receive our articles every Sunday.<\/span> <div class=\"inf-success\" style=\"display:none\"> <h4>Your subscription to our weekly newsletter has been successfully registered!<\/h4> <p> <a href=\"#\" class=\"inf-btn\">\u00ab<\/a> <\/p> <\/div> <div class=\"inf-content\"> <div class=\"inf-input inf-input-text\"> <input type=\"text\" name=\"inf[1]\" data-inf-meta=\"1\" data-inf-error=\"Merci de renseigner une adresse email\" required=\"required\" placeholder=\"Email\"> <\/div> <div class=\"inf-submit\"> <input type=\"submit\" name=\"\" value=\"Sign up\"> <\/div> <\/div> <\/div> <\/form>\n\n\n\n<p>We meet Emma Goldman in the USA, travel to Argentina, visit the trenches of Verdun and finally experience the last days of a condemned man. It's both magnificent and terrifying. And it's easy to understand why author Pablo Mart\u00ecn S\u00e0nchez wanted to detail every event. Under mountains of archives, he sometimes seems to have had a little trouble choosing.<\/p>\n\n\n\n<p>And so as not to make the same mistake as the Spanish writer, I'll end this review before I've had a chance to say it all. But to continue the journey, I leave you with one of the book's most beautiful quotes:<\/p>\n\n\n\n<blockquote class=\"wp-block-quote is-layout-flow wp-block-quote-is-layout-flow\"><p>\u00abA conservative is someone who prefers injustice to disorder.\u00bb\u00a0<\/p><\/blockquote>\n\n\n\n<p><em>Write to the author:&nbsp;<a href=\"mailto:diana-alice.ramsauer@leregardlibre.com\">diana-alice.ramsauer@leregardlibre.com<\/a><\/em><\/p>\n\n\n\n<p>Illustration caption: In the story, Pablo Mart\u00ecn S\u00e0nchez works for the anarchist S\u00e9bastien Faure, owner of the \u00abLa Fraternelle\u00bb printing works. Here, his libertarian school \u00abLa R\u00fbche\u00bb near Rambouillet. <br><br>Photo credit: <meta charset=\"utf-8\">\u00a9 Le Provost. Argenteuil<\/p>\n\n\n\n<div class=\"wp-block-media-text alignwide is-stacked-on-mobile\" style=\"grid-template-columns:44% auto\"><figure class=\"wp-block-media-text__media\"><img fetchpriority=\"high\" decoding=\"async\" width=\"242\" height=\"364\" src=\"http:\/\/leregardlibre.com\/wp-content\/uploads\/2021\/12\/Pablo.jpeg\" alt=\"\" class=\"wp-image-44157 size-full\" srcset=\"https:\/\/leregardlibre.com\/wp-content\/uploads\/2021\/12\/Pablo.jpeg 242w, https:\/\/leregardlibre.com\/wp-content\/uploads\/2021\/12\/Pablo-100x150.jpeg 100w, https:\/\/leregardlibre.com\/wp-content\/uploads\/2021\/12\/Pablo-199x300.jpeg 199w\" sizes=\"(max-width: 242px) 100vw, 242px\" \/><\/figure><div class=\"wp-block-media-text__content\">\n<p><strong>Pablo Mart\u00ecn S\u00e0nchez<br>The anarchist q<em>his name was like me<\/em><br>Translation by Jean-Marie Saint-Lu <br>Editions Zulma &amp; La Contre All\u00e9e<br>2021<\/strong><\/p>\n\n\n\n<div class=\"wp-block-buttons is-layout-flex wp-block-buttons-is-layout-flex\">\n<div class=\"wp-block-button\"><a class=\"wp-block-button__link\" href=\"https:\/\/www.payot.ch\/Detail\/lanarchiste_qui_sappelait_comme_moi-pablo_martin_sanchez-9791038700529?cId=0\">Order the book<\/a><\/div>\n<\/div>\n<\/div><\/div>","protected":false},"excerpt":{"rendered":"<p>A journey to Spain in the early twentieth century. <\/p>","protected":false},"author":91,"featured_media":44155,"comment_status":"open","ping_status":"closed","sticky":false,"template":"","format":"standard","meta":{"_acf_changed":false,"footnotes":""},"categories":[20663],"tags":[644340978,54879,209662,644357120,8610],"class_list":["post-44117","post","type-post","status-publish","format-standard","has-post-thumbnail","hentry","category-litterature","tag-anarchisme","tag-critiques-litteraires","tag-espagne","tag-pablo-martin-sanchez","tag-paris"],"acf":[],"yoast_head":"<!-- This site is optimized with the Yoast SEO Premium plugin v27.4 (Yoast SEO v27.4) - https:\/\/yoast.com\/product\/yoast-seo-premium-wordpress\/ -->\n<title>Pablo l\u2019auteur rencontre et raconte Pablo l\u2019anarchiste<\/title>\n<meta name=\"robots\" content=\"index, follow, max-snippet:-1, max-image-preview:large, max-video-preview:-1\" \/>\n<link rel=\"canonical\" href=\"https:\/\/leregardlibre.com\/en\/literature\/pablo-lauteur-meets-and-talks-about-pablo-lanarchiste\/\" \/>\n<meta property=\"og:locale\" content=\"en_US\" \/>\n<meta property=\"og:type\" content=\"article\" \/>\n<meta property=\"og:title\" content=\"Pablo l\u2019auteur rencontre et raconte Pablo l\u2019anarchiste\" \/>\n<meta property=\"og:description\" content=\"Un voyage vers l&#039;Espagne du d\u00e9but du vingti\u00e8me si\u00e8cle.\" \/>\n<meta property=\"og:url\" content=\"https:\/\/leregardlibre.com\/en\/literature\/pablo-lauteur-meets-and-talks-about-pablo-lanarchiste\/\" \/>\n<meta property=\"og:site_name\" content=\"Le Regard Libre\" \/>\n<meta property=\"article:publisher\" content=\"https:\/\/www.facebook.com\/leregardlibre\/\" \/>\n<meta property=\"article:published_time\" content=\"2021-12-14T15:41:29+00:00\" \/>\n<meta property=\"article:modified_time\" content=\"2025-11-05T17:37:36+00:00\" \/>\n<meta property=\"og:image\" content=\"https:\/\/leregardlibre.com\/wp-content\/uploads\/2021\/12\/Limprimerie_-Se\u0301bastien-Faure-1.jpg\" \/>\n\t<meta property=\"og:image:width\" content=\"800\" \/>\n\t<meta property=\"og:image:height\" content=\"512\" \/>\n\t<meta property=\"og:image:type\" content=\"image\/jpeg\" \/>\n<meta name=\"author\" content=\"Diana-Alice Ramsauer\" \/>\n<meta name=\"twitter:card\" content=\"summary_large_image\" \/>\n<meta name=\"twitter:creator\" content=\"@LeRegardLibre\" \/>\n<meta name=\"twitter:site\" content=\"@LeRegardLibre\" \/>\n<meta name=\"twitter:label1\" content=\"Written by\" \/>\n\t<meta name=\"twitter:data1\" content=\"Diana-Alice Ramsauer\" \/>\n\t<meta name=\"twitter:label2\" content=\"Est. reading time\" \/>\n\t<meta name=\"twitter:data2\" content=\"5 minutes\" \/>\n<script type=\"application\/ld+json\" class=\"yoast-schema-graph\">{\"@context\":\"https:\\\/\\\/schema.org\",\"@graph\":[{\"@type\":\"Article\",\"@id\":\"https:\\\/\\\/leregardlibre.com\\\/litterature\\\/pablo-lauteur-rencontre-et-raconte-pablo-lanarchiste\\\/#article\",\"isPartOf\":{\"@id\":\"https:\\\/\\\/leregardlibre.com\\\/litterature\\\/pablo-lauteur-rencontre-et-raconte-pablo-lanarchiste\\\/\"},\"author\":{\"name\":\"Diana-Alice Ramsauer\",\"@id\":\"https:\\\/\\\/leregardlibre.com\\\/#\\\/schema\\\/person\\\/62f947f8b160b1f5efe565d6bd5c8f0a\"},\"headline\":\"Pablo l\u2019auteur rencontre et raconte Pablo l\u2019anarchiste\",\"datePublished\":\"2021-12-14T15:41:29+00:00\",\"dateModified\":\"2025-11-05T17:37:36+00:00\",\"mainEntityOfPage\":{\"@id\":\"https:\\\/\\\/leregardlibre.com\\\/litterature\\\/pablo-lauteur-rencontre-et-raconte-pablo-lanarchiste\\\/\"},\"wordCount\":1020,\"commentCount\":0,\"publisher\":{\"@id\":\"https:\\\/\\\/leregardlibre.com\\\/#organization\"},\"image\":{\"@id\":\"https:\\\/\\\/leregardlibre.com\\\/litterature\\\/pablo-lauteur-rencontre-et-raconte-pablo-lanarchiste\\\/#primaryimage\"},\"thumbnailUrl\":\"https:\\\/\\\/leregardlibre.com\\\/wp-content\\\/uploads\\\/2021\\\/12\\\/Limprimerie_-Se\u0301bastien-Faure-1.jpg\",\"keywords\":[\"Anarchisme\",\"Critique litt\u00e9raire\",\"Espagne\",\"Pablo Martin Sanchez\",\"Paris\"],\"articleSection\":[\"Litt\u00e9rature\"],\"inLanguage\":\"en-US\",\"potentialAction\":[{\"@type\":\"CommentAction\",\"name\":\"Comment\",\"target\":[\"https:\\\/\\\/leregardlibre.com\\\/litterature\\\/pablo-lauteur-rencontre-et-raconte-pablo-lanarchiste\\\/#respond\"]}]},{\"@type\":\"WebPage\",\"@id\":\"https:\\\/\\\/leregardlibre.com\\\/litterature\\\/pablo-lauteur-rencontre-et-raconte-pablo-lanarchiste\\\/\",\"url\":\"https:\\\/\\\/leregardlibre.com\\\/litterature\\\/pablo-lauteur-rencontre-et-raconte-pablo-lanarchiste\\\/\",\"name\":\"Pablo l\u2019auteur rencontre et raconte Pablo l\u2019anarchiste\",\"isPartOf\":{\"@id\":\"https:\\\/\\\/leregardlibre.com\\\/#website\"},\"primaryImageOfPage\":{\"@id\":\"https:\\\/\\\/leregardlibre.com\\\/litterature\\\/pablo-lauteur-rencontre-et-raconte-pablo-lanarchiste\\\/#primaryimage\"},\"image\":{\"@id\":\"https:\\\/\\\/leregardlibre.com\\\/litterature\\\/pablo-lauteur-rencontre-et-raconte-pablo-lanarchiste\\\/#primaryimage\"},\"thumbnailUrl\":\"https:\\\/\\\/leregardlibre.com\\\/wp-content\\\/uploads\\\/2021\\\/12\\\/Limprimerie_-Se\u0301bastien-Faure-1.jpg\",\"datePublished\":\"2021-12-14T15:41:29+00:00\",\"dateModified\":\"2025-11-05T17:37:36+00:00\",\"breadcrumb\":{\"@id\":\"https:\\\/\\\/leregardlibre.com\\\/litterature\\\/pablo-lauteur-rencontre-et-raconte-pablo-lanarchiste\\\/#breadcrumb\"},\"inLanguage\":\"en-US\",\"potentialAction\":[{\"@type\":\"ReadAction\",\"target\":[\"https:\\\/\\\/leregardlibre.com\\\/litterature\\\/pablo-lauteur-rencontre-et-raconte-pablo-lanarchiste\\\/\"]}]},{\"@type\":\"ImageObject\",\"inLanguage\":\"en-US\",\"@id\":\"https:\\\/\\\/leregardlibre.com\\\/litterature\\\/pablo-lauteur-rencontre-et-raconte-pablo-lanarchiste\\\/#primaryimage\",\"url\":\"https:\\\/\\\/leregardlibre.com\\\/wp-content\\\/uploads\\\/2021\\\/12\\\/Limprimerie_-Se\u0301bastien-Faure-1.jpg\",\"contentUrl\":\"https:\\\/\\\/leregardlibre.com\\\/wp-content\\\/uploads\\\/2021\\\/12\\\/Limprimerie_-Se\u0301bastien-Faure-1.jpg\",\"width\":800,\"height\":512},{\"@type\":\"BreadcrumbList\",\"@id\":\"https:\\\/\\\/leregardlibre.com\\\/litterature\\\/pablo-lauteur-rencontre-et-raconte-pablo-lanarchiste\\\/#breadcrumb\",\"itemListElement\":[{\"@type\":\"ListItem\",\"position\":1,\"name\":\"Accueil\",\"item\":\"https:\\\/\\\/leregardlibre.com\\\/\"},{\"@type\":\"ListItem\",\"position\":2,\"name\":\"Pablo l\u2019auteur rencontre et raconte Pablo l\u2019anarchiste\"}]},{\"@type\":\"WebSite\",\"@id\":\"https:\\\/\\\/leregardlibre.com\\\/#website\",\"url\":\"https:\\\/\\\/leregardlibre.com\\\/\",\"name\":\"Le Regard Libre\",\"description\":\"Premier mensuel suisse de d\u00e9bat\",\"publisher\":{\"@id\":\"https:\\\/\\\/leregardlibre.com\\\/#organization\"},\"potentialAction\":[{\"@type\":\"SearchAction\",\"target\":{\"@type\":\"EntryPoint\",\"urlTemplate\":\"https:\\\/\\\/leregardlibre.com\\\/?s={search_term_string}\"},\"query-input\":{\"@type\":\"PropertyValueSpecification\",\"valueRequired\":true,\"valueName\":\"search_term_string\"}}],\"inLanguage\":\"en-US\"},{\"@type\":\"Organization\",\"@id\":\"https:\\\/\\\/leregardlibre.com\\\/#organization\",\"name\":\"Le Regard Libre\",\"url\":\"https:\\\/\\\/leregardlibre.com\\\/\",\"logo\":{\"@type\":\"ImageObject\",\"inLanguage\":\"en-US\",\"@id\":\"https:\\\/\\\/leregardlibre.com\\\/#\\\/schema\\\/logo\\\/image\\\/\",\"url\":\"https:\\\/\\\/leregardlibre.com\\\/wp-content\\\/uploads\\\/2025\\\/08\\\/logo-rl-icone-neg.jpeg\",\"contentUrl\":\"https:\\\/\\\/leregardlibre.com\\\/wp-content\\\/uploads\\\/2025\\\/08\\\/logo-rl-icone-neg.jpeg\",\"width\":557,\"height\":556,\"caption\":\"Le Regard Libre\"},\"image\":{\"@id\":\"https:\\\/\\\/leregardlibre.com\\\/#\\\/schema\\\/logo\\\/image\\\/\"},\"sameAs\":[\"https:\\\/\\\/www.facebook.com\\\/leregardlibre\\\/\",\"https:\\\/\\\/x.com\\\/LeRegardLibre\",\"https:\\\/\\\/www.linkedin.com\\\/company\\\/le-regard-libre\",\"https:\\\/\\\/www.instagram.com\\\/leregardlibre\\\/\",\"http:\\\/\\\/t.me\\\/leregardlibre\",\"https:\\\/\\\/youtube.com\\\/channel\\\/UC6HzGPomj1LsUmlz-sJtITQ\"],\"description\":\"Le Regard Libre est un mensuel suisse de d\u00e9bat intellectuel et culturel. Sa r\u00e9daction est jeune, b\u00e9n\u00e9vole, lib\u00e9rale et pluraliste. Le magazine para\u00eet en ligne et sous forme papier. Sa langue est le fran\u00e7ais.\",\"email\":\"redaction@leregardlibre.com\",\"legalName\":\"Le Regard Libre\",\"foundingDate\":\"2014-01-01\",\"numberOfEmployees\":{\"@type\":\"QuantitativeValue\",\"minValue\":\"11\",\"maxValue\":\"50\"},\"publishingPrinciples\":\"https:\\\/\\\/leregardlibre.com\\\/a-propos\\\/notre-manifeste\\\/\",\"ownershipFundingInfo\":\"https:\\\/\\\/leregardlibre.com\\\/mentions-legales\\\/\",\"actionableFeedbackPolicy\":\"https:\\\/\\\/leregardlibre.com\\\/conditions-generales-de-vente\\\/\"},{\"@type\":\"Person\",\"@id\":\"https:\\\/\\\/leregardlibre.com\\\/#\\\/schema\\\/person\\\/62f947f8b160b1f5efe565d6bd5c8f0a\",\"name\":\"Diana-Alice Ramsauer\",\"image\":{\"@type\":\"ImageObject\",\"inLanguage\":\"en-US\",\"@id\":\"https:\\\/\\\/secure.gravatar.com\\\/avatar\\\/51862cca29cd5f278db9e227f155b57590a6a82efb3c6a76f90daf5d4959f176?s=96&d=identicon&r=g\",\"url\":\"https:\\\/\\\/secure.gravatar.com\\\/avatar\\\/51862cca29cd5f278db9e227f155b57590a6a82efb3c6a76f90daf5d4959f176?s=96&d=identicon&r=g\",\"contentUrl\":\"https:\\\/\\\/secure.gravatar.com\\\/avatar\\\/51862cca29cd5f278db9e227f155b57590a6a82efb3c6a76f90daf5d4959f176?s=96&d=identicon&r=g\",\"caption\":\"Diana-Alice Ramsauer\"},\"sameAs\":[\"https:\\\/\\\/leregardlibre.com\\\/\",\"https:\\\/\\\/fr.wikipedia.org\\\/wiki\\\/Le_Regard_libre\"],\"url\":\"https:\\\/\\\/leregardlibre.com\\\/en\\\/author\\\/daramsauer\\\/\"}]}<\/script>\n<!-- \/ Yoast SEO Premium plugin. -->","yoast_head_json":{"title":"Pablo the author meets and tells the story of Pablo the anarchist","robots":{"index":"index","follow":"follow","max-snippet":"max-snippet:-1","max-image-preview":"max-image-preview:large","max-video-preview":"max-video-preview:-1"},"canonical":"https:\/\/leregardlibre.com\/en\/literature\/pablo-lauteur-meets-and-talks-about-pablo-lanarchiste\/","og_locale":"en_US","og_type":"article","og_title":"Pablo l\u2019auteur rencontre et raconte Pablo l\u2019anarchiste","og_description":"Un voyage vers l'Espagne du d\u00e9but du vingti\u00e8me si\u00e8cle.","og_url":"https:\/\/leregardlibre.com\/en\/literature\/pablo-lauteur-meets-and-talks-about-pablo-lanarchiste\/","og_site_name":"Le Regard Libre","article_publisher":"https:\/\/www.facebook.com\/leregardlibre\/","article_published_time":"2021-12-14T15:41:29+00:00","article_modified_time":"2025-11-05T17:37:36+00:00","og_image":[{"width":800,"height":512,"url":"https:\/\/leregardlibre.com\/wp-content\/uploads\/2021\/12\/Limprimerie_-Se\u0301bastien-Faure-1.jpg","type":"image\/jpeg"}],"author":"Diana-Alice Ramsauer","twitter_card":"summary_large_image","twitter_creator":"@LeRegardLibre","twitter_site":"@LeRegardLibre","twitter_misc":{"Written by":"Diana-Alice Ramsauer","Est. reading time":"5 minutes"},"schema":{"@context":"https:\/\/schema.org","@graph":[{"@type":"Article","@id":"https:\/\/leregardlibre.com\/litterature\/pablo-lauteur-rencontre-et-raconte-pablo-lanarchiste\/#article","isPartOf":{"@id":"https:\/\/leregardlibre.com\/litterature\/pablo-lauteur-rencontre-et-raconte-pablo-lanarchiste\/"},"author":{"name":"Diana-Alice Ramsauer","@id":"https:\/\/leregardlibre.com\/#\/schema\/person\/62f947f8b160b1f5efe565d6bd5c8f0a"},"headline":"Pablo l\u2019auteur rencontre et raconte Pablo l\u2019anarchiste","datePublished":"2021-12-14T15:41:29+00:00","dateModified":"2025-11-05T17:37:36+00:00","mainEntityOfPage":{"@id":"https:\/\/leregardlibre.com\/litterature\/pablo-lauteur-rencontre-et-raconte-pablo-lanarchiste\/"},"wordCount":1020,"commentCount":0,"publisher":{"@id":"https:\/\/leregardlibre.com\/#organization"},"image":{"@id":"https:\/\/leregardlibre.com\/litterature\/pablo-lauteur-rencontre-et-raconte-pablo-lanarchiste\/#primaryimage"},"thumbnailUrl":"https:\/\/leregardlibre.com\/wp-content\/uploads\/2021\/12\/Limprimerie_-Se\u0301bastien-Faure-1.jpg","keywords":["Anarchisme","Critique litt\u00e9raire","Espagne","Pablo Martin Sanchez","Paris"],"articleSection":["Litt\u00e9rature"],"inLanguage":"en-US","potentialAction":[{"@type":"CommentAction","name":"Comment","target":["https:\/\/leregardlibre.com\/litterature\/pablo-lauteur-rencontre-et-raconte-pablo-lanarchiste\/#respond"]}]},{"@type":"WebPage","@id":"https:\/\/leregardlibre.com\/litterature\/pablo-lauteur-rencontre-et-raconte-pablo-lanarchiste\/","url":"https:\/\/leregardlibre.com\/litterature\/pablo-lauteur-rencontre-et-raconte-pablo-lanarchiste\/","name":"Pablo the author meets and tells the story of Pablo the anarchist","isPartOf":{"@id":"https:\/\/leregardlibre.com\/#website"},"primaryImageOfPage":{"@id":"https:\/\/leregardlibre.com\/litterature\/pablo-lauteur-rencontre-et-raconte-pablo-lanarchiste\/#primaryimage"},"image":{"@id":"https:\/\/leregardlibre.com\/litterature\/pablo-lauteur-rencontre-et-raconte-pablo-lanarchiste\/#primaryimage"},"thumbnailUrl":"https:\/\/leregardlibre.com\/wp-content\/uploads\/2021\/12\/Limprimerie_-Se\u0301bastien-Faure-1.jpg","datePublished":"2021-12-14T15:41:29+00:00","dateModified":"2025-11-05T17:37:36+00:00","breadcrumb":{"@id":"https:\/\/leregardlibre.com\/litterature\/pablo-lauteur-rencontre-et-raconte-pablo-lanarchiste\/#breadcrumb"},"inLanguage":"en-US","potentialAction":[{"@type":"ReadAction","target":["https:\/\/leregardlibre.com\/litterature\/pablo-lauteur-rencontre-et-raconte-pablo-lanarchiste\/"]}]},{"@type":"ImageObject","inLanguage":"en-US","@id":"https:\/\/leregardlibre.com\/litterature\/pablo-lauteur-rencontre-et-raconte-pablo-lanarchiste\/#primaryimage","url":"https:\/\/leregardlibre.com\/wp-content\/uploads\/2021\/12\/Limprimerie_-Se\u0301bastien-Faure-1.jpg","contentUrl":"https:\/\/leregardlibre.com\/wp-content\/uploads\/2021\/12\/Limprimerie_-Se\u0301bastien-Faure-1.jpg","width":800,"height":512},{"@type":"BreadcrumbList","@id":"https:\/\/leregardlibre.com\/litterature\/pablo-lauteur-rencontre-et-raconte-pablo-lanarchiste\/#breadcrumb","itemListElement":[{"@type":"ListItem","position":1,"name":"Accueil","item":"https:\/\/leregardlibre.com\/"},{"@type":"ListItem","position":2,"name":"Pablo l\u2019auteur rencontre et raconte Pablo l\u2019anarchiste"}]},{"@type":"WebSite","@id":"https:\/\/leregardlibre.com\/#website","url":"https:\/\/leregardlibre.com\/","name":"Le Regard Libre","description":"Switzerland's first monthly debate magazine","publisher":{"@id":"https:\/\/leregardlibre.com\/#organization"},"potentialAction":[{"@type":"SearchAction","target":{"@type":"EntryPoint","urlTemplate":"https:\/\/leregardlibre.com\/?s={search_term_string}"},"query-input":{"@type":"PropertyValueSpecification","valueRequired":true,"valueName":"search_term_string"}}],"inLanguage":"en-US"},{"@type":"Organization","@id":"https:\/\/leregardlibre.com\/#organization","name":"Le Regard Libre","url":"https:\/\/leregardlibre.com\/","logo":{"@type":"ImageObject","inLanguage":"en-US","@id":"https:\/\/leregardlibre.com\/#\/schema\/logo\/image\/","url":"https:\/\/leregardlibre.com\/wp-content\/uploads\/2025\/08\/logo-rl-icone-neg.jpeg","contentUrl":"https:\/\/leregardlibre.com\/wp-content\/uploads\/2025\/08\/logo-rl-icone-neg.jpeg","width":557,"height":556,"caption":"Le Regard Libre"},"image":{"@id":"https:\/\/leregardlibre.com\/#\/schema\/logo\/image\/"},"sameAs":["https:\/\/www.facebook.com\/leregardlibre\/","https:\/\/x.com\/LeRegardLibre","https:\/\/www.linkedin.com\/company\/le-regard-libre","https:\/\/www.instagram.com\/leregardlibre\/","http:\/\/t.me\/leregardlibre","https:\/\/youtube.com\/channel\/UC6HzGPomj1LsUmlz-sJtITQ"],"description":"Le Regard Libre is a Swiss monthly magazine for intellectual and cultural debate. Its editorial team is young, voluntary, liberal and pluralist. The magazine appears online and in print. Its language is French.","email":"redaction@leregardlibre.com","legalName":"Le Regard Libre","foundingDate":"2014-01-01","numberOfEmployees":{"@type":"QuantitativeValue","minValue":"11","maxValue":"50"},"publishingPrinciples":"https:\/\/leregardlibre.com\/a-propos\/notre-manifeste\/","ownershipFundingInfo":"https:\/\/leregardlibre.com\/mentions-legales\/","actionableFeedbackPolicy":"https:\/\/leregardlibre.com\/conditions-generales-de-vente\/"},{"@type":"Person","@id":"https:\/\/leregardlibre.com\/#\/schema\/person\/62f947f8b160b1f5efe565d6bd5c8f0a","name":"Diana-Alice Ramsauer","image":{"@type":"ImageObject","inLanguage":"en-US","@id":"https:\/\/secure.gravatar.com\/avatar\/51862cca29cd5f278db9e227f155b57590a6a82efb3c6a76f90daf5d4959f176?s=96&d=identicon&r=g","url":"https:\/\/secure.gravatar.com\/avatar\/51862cca29cd5f278db9e227f155b57590a6a82efb3c6a76f90daf5d4959f176?s=96&d=identicon&r=g","contentUrl":"https:\/\/secure.gravatar.com\/avatar\/51862cca29cd5f278db9e227f155b57590a6a82efb3c6a76f90daf5d4959f176?s=96&d=identicon&r=g","caption":"Diana-Alice Ramsauer"},"sameAs":["https:\/\/leregardlibre.com\/","https:\/\/fr.wikipedia.org\/wiki\/Le_Regard_libre"],"url":"https:\/\/leregardlibre.com\/en\/author\/daramsauer\/"}]}},"_links":{"self":[{"href":"https:\/\/leregardlibre.com\/en\/wp-json\/wp\/v2\/posts\/44117","targetHints":{"allow":["GET"]}}],"collection":[{"href":"https:\/\/leregardlibre.com\/en\/wp-json\/wp\/v2\/posts"}],"about":[{"href":"https:\/\/leregardlibre.com\/en\/wp-json\/wp\/v2\/types\/post"}],"author":[{"embeddable":true,"href":"https:\/\/leregardlibre.com\/en\/wp-json\/wp\/v2\/users\/91"}],"replies":[{"embeddable":true,"href":"https:\/\/leregardlibre.com\/en\/wp-json\/wp\/v2\/comments?post=44117"}],"version-history":[{"count":1,"href":"https:\/\/leregardlibre.com\/en\/wp-json\/wp\/v2\/posts\/44117\/revisions"}],"predecessor-version":[{"id":511268,"href":"https:\/\/leregardlibre.com\/en\/wp-json\/wp\/v2\/posts\/44117\/revisions\/511268"}],"wp:featuredmedia":[{"embeddable":true,"href":"https:\/\/leregardlibre.com\/en\/wp-json\/wp\/v2\/media\/44155"}],"wp:attachment":[{"href":"https:\/\/leregardlibre.com\/en\/wp-json\/wp\/v2\/media?parent=44117"}],"wp:term":[{"taxonomy":"category","embeddable":true,"href":"https:\/\/leregardlibre.com\/en\/wp-json\/wp\/v2\/categories?post=44117"},{"taxonomy":"post_tag","embeddable":true,"href":"https:\/\/leregardlibre.com\/en\/wp-json\/wp\/v2\/tags?post=44117"}],"curies":[{"name":"wp","href":"https:\/\/api.w.org\/{rel}","templated":true}]}}