{"id":44561,"date":"2022-01-01T06:00:00","date_gmt":"2022-01-01T05:00:00","guid":{"rendered":"https:\/\/leregardlibre.com\/?p=44561"},"modified":"2023-09-29T09:18:04","modified_gmt":"2023-09-29T07:18:04","slug":"les-yeux-dans-lart-les-yeux-dans-la-rue","status":"publish","type":"post","link":"https:\/\/leregardlibre.com\/en\/visual-arts\/les-yeux-dans-lart-les-yeux-dans-la-rue\/","title":{"rendered":"Eyes in art, eyes in the street"},"content":{"rendered":"<div class='content_excerpt'>\n<p>Le Regard Libre N\u00b0 80 - Vinciane Vuilleumier<\/p>\n\n\n\n<p>Hors Cadre\u00ab series, episode 11<\/p>\n\n\n\n<p class=\"has-drop-cap\"><strong>Vinciane Vuilleumier explores the theme of our relationship with images and art spaces. What happens to us when we encounter an aesthetic object? How do we understand this relationship, which has all the makings of a secret idyll when it's sincere? Goodbye, pedantry and museum institutionalism. Welcome to a crazy series that gives new meaning to the title of your magazine, Le Regard Libre.<\/strong><\/p>\n\n\n\n Read the long-format article (subscribers)\n    <div class='restricted_content_fade'><\/div>\n    <\/div>\n  <style>\n    .content_excerpt{\n      position: relative;\n    }\n    .content_excerpt .restricted_content_fade{\n      position: absolute;\n      bottom: 0;\n      left: 0;\n      right: 0;\n      height: 75px;\n\t  margin-bottom: 0px;\n      background-image: linear-gradient(#ffffff2e, white);\n    }\n\n    .restricted_content{\n      margin-top: 30px;\n      border: solid #dddddd 1px;\n      border-radius: 7px;\n      padding: 30px;\n    }\n    \n    .restricted_content .restricted_content_title{\n      font-size: 22px;\n      font-weight: 600;\n    }\n    .restricted_content .restricted_content_flex_row{\n      display: flex;\n      flex-direction: row;\n    }\n    .restricted_content .restricted_content_image_container{\n      flex: 3;\n    }\n    .restricted_content .restricted_content_flex_column{\n      flex: 4;\n      display: flex;\n      flex-direction: column;\n      margin-left: 40px;\n      justify-content: center;\n    }\n\n\n    .restricted_content_buttons{\n      display: flex;\n      flex-direction: column;\n      width: min-content;\n    }\n    .restricted_content_button{\n      background-color: #f2f2f2;\n      text-transform: uppercase;\n      font-weight: 600;\n      padding: 8px 40px;\n      text-align: center;\n      font-size: 13px;\n      margin-top: 10px;\n      width: max-content;\n      width: 100%;\n      white-space: nowrap;\n    }\n    .restricted_content_button:hover {\n      background-color: #111111;\n      color: white;\n      text-decoration: none !important;\n    }\n\n    .restricted_content_primary_button{\n      background-color: #1F2A68 !important;\n      color: white !important;\n    }\n    .restricted_content_primary_button:hover {\n      background-color: #111111;\n    }\n\n    .restricted_content_text{\n      margin-bottom: 10px;\n      line-height: 1.2;\n      font-weight: 500;\n      font-size: 16px;\n    }\n\n  \n  <\/style>\n  <div class='restricted_content'>\n    <h3 class='restricted_content_title'>This content is reserved for our subscribers.<\/h3>\n    <div class='restricted_content_flex_row'>\n      <div class='restricted_content_image_container'>\n        <img class='restricted_content_image' src='\/wp-content\/uploads\/2025\/08\/abo_physique.png' \/>\n      <\/div>\n      <div class='restricted_content_flex_column'>\n        <div class='restricted_content_text'>If you have an account, please log in. Otherwise, discover our different subscription packages and create an account from CHF 2.50 for the first month.<\/div>\n        <div class='restricted_content_buttons'>\n          <a href='\/en\/subscription\/' class='restricted_content_button restricted_content_primary_button'>See subscriptions<\/a><a href='\/en\/my-account\/?redirect_to=https:\/\/leregardlibre.com\/en\/visual-arts\/les-yeux-dans-lart-les-yeux-dans-la-rue\/'class='restricted_content_button'>Login<\/a><\/div>\n      <\/div>\n    <\/div>\n  <\/div>","protected":false},"excerpt":{"rendered":"<div class='content_excerpt'>\n<p>Le Regard Libre N\u00b0 80 - Vinciane Vuilleumier<\/p>\n<p>Hors Cadre\u00ab series, episode 11<\/p>\n<p class=\"has-drop-cap\"><strong>Vinciane Vuilleumier explores the theme of our relationship with images and art spaces. What happens to us when we encounter an aesthetic object? How do we understand this relationship, which has all the makings of a secret idyll when it's sincere? Goodbye, pedantry and museum institutionalism. Welcome to a crazy series that gives new meaning to the title of your magazine, Le Regard Libre.<\/strong><\/p>\n<p> Read the long-format article (subscribers)<\/p>\n<div class='restricted_content_fade'><\/div>\n<\/p><\/div>\n<style>\n    .content_excerpt{\n      position: relative;\n    }\n    .content_excerpt .restricted_content_fade{\n      position: absolute;\n      bottom: 0;\n      left: 0;\n      right: 0;\n      height: 75px;\n\t  margin-bottom: 0px;\n      background-image: linear-gradient(#ffffff2e, white);\n    }<\/p>\n<p>    .restricted_content{\n      margin-top: 30px;\n      border: solid #dddddd 1px;\n      border-radius: 7px;\n      padding: 30px;\n    }<\/p>\n<p>    .restricted_content .restricted_content_title{\n      font-size: 22px;\n      font-weight: 600;\n    }\n    .restricted_content .restricted_content_flex_row{\n      display: flex;\n      flex-direction: row;\n    }\n    .restricted_content .restricted_content_image_container{\n      flex: 3;\n    }\n    .restricted_content .restricted_content_flex_column{\n      flex: 4;\n      display: flex;\n      flex-direction: column;\n      margin-left: 40px;\n      justify-content: center;\n    }<\/p>\n<p>    .restricted_content_buttons{\n      display: flex;\n      flex-direction: column;\n      width: min-content;\n    }\n    .restricted_content_button{\n      background-color: #f2f2f2;\n      text-transform: uppercase;\n      font-weight: 600;\n      padding: 8px 40px;\n      text-align: center;\n      font-size: 13px;\n      margin-top: 10px;\n      width: max-content;\n      width: 100%;\n      white-space: nowrap;\n    }\n    .restricted_content_button:hover {\n      background-color: #111111;\n      color: white;\n      text-decoration: none !important;\n    }<\/p>\n<p>    .restricted_content_primary_button{\n      background-color: #1F2A68 !important;\n      color: white !important;\n    }\n    .restricted_content_primary_button:hover {\n      background-color: #111111;\n    }<\/p>\n<p>    .restricted_content_text{\n      margin-bottom: 10px;\n      line-height: 1.2;\n      font-weight: 500;\n      font-size: 16px;\n    }<\/p>\n<\/style>\n<div class='restricted_content'>\n<h3 class='restricted_content_title'>This content is reserved for our subscribers.<\/h3>\n<div class='restricted_content_flex_row'>\n<div class='restricted_content_image_container'>\n        <img class='restricted_content_image' src='\/wp-content\/uploads\/2025\/08\/abo_physique.png' \/>\n      <\/div>\n<div class='restricted_content_flex_column'>\n<div class='restricted_content_text'>If you have an account, please log in. Otherwise, discover our different subscription packages and create an account from CHF 2.50 for the first month.<\/div>\n<div class='restricted_content_buttons'>\n          <a href='\/en\/subscription\/' class='restricted_content_button restricted_content_primary_button'>See subscriptions<\/a><a href='\/en\/my-account\/?redirect_to=https:\/\/leregardlibre.com\/en\/visual-arts\/les-yeux-dans-lart-les-yeux-dans-la-rue\/'class='restricted_content_button'>Login<\/a><\/div>\n<\/p><\/div>\n<\/p><\/div>\n<\/p><\/div>","protected":false},"author":142,"featured_media":44570,"comment_status":"open","ping_status":"closed","sticky":false,"template":"","format":"standard","meta":{"_acf_changed":false,"footnotes":""},"categories":[85539],"tags":[644356325],"class_list":["post-44561","post","type-post","status-publish","format-standard","has-post-thumbnail","hentry","category-arts-visuels","tag-hors-cadre","membership-content","access-restricted"],"acf":[],"yoast_head":"<!-- This site is optimized with the Yoast SEO Premium plugin v27.4 (Yoast SEO v27.4) - https:\/\/yoast.com\/product\/yoast-seo-premium-wordpress\/ -->\n<title>Affiches publicitaires: les yeux dans l\u2019art, les yeux dans la rue<\/title>\n<meta name=\"description\" content=\"Les affiches publicitaires sont le lieu d\u2019un jeu passionnant o\u00f9 acteurs politico-\u00e9conomiques et farceurs anonymes se disputent le dernier mot.\" \/>\n<meta name=\"robots\" content=\"index, follow, max-snippet:-1, max-image-preview:large, max-video-preview:-1\" \/>\n<link rel=\"canonical\" href=\"https:\/\/leregardlibre.com\/en\/visual-arts\/les-yeux-dans-lart-les-yeux-dans-la-rue\/\" \/>\n<meta property=\"og:locale\" content=\"en_US\" \/>\n<meta property=\"og:type\" content=\"article\" \/>\n<meta property=\"og:title\" content=\"Les yeux dans l\u2019art, les yeux dans la rue\" \/>\n<meta property=\"og:description\" content=\"S\u00e9rie \u00abHors cadre\u00bb, \u00e9pisode 11\" \/>\n<meta property=\"og:url\" content=\"https:\/\/leregardlibre.com\/en\/visual-arts\/les-yeux-dans-lart-les-yeux-dans-la-rue\/\" \/>\n<meta property=\"og:site_name\" content=\"Le Regard Libre\" \/>\n<meta property=\"article:publisher\" content=\"https:\/\/www.facebook.com\/leregardlibre\/\" \/>\n<meta property=\"article:published_time\" content=\"2022-01-01T05:00:00+00:00\" \/>\n<meta property=\"article:modified_time\" content=\"2023-09-29T07:18:04+00:00\" \/>\n<meta property=\"og:image\" content=\"https:\/\/leregardlibre.com\/wp-content\/uploads\/2021\/12\/1636799928613-2208540969-1640722455861-1024x800.jpg\" \/>\n\t<meta property=\"og:image:width\" content=\"1024\" \/>\n\t<meta property=\"og:image:height\" content=\"800\" \/>\n\t<meta property=\"og:image:type\" content=\"image\/jpeg\" \/>\n<meta name=\"author\" content=\"Vinciane Vuilleumier\" \/>\n<meta name=\"twitter:card\" content=\"summary_large_image\" \/>\n<meta name=\"twitter:description\" content=\"S\u00e9rie \u00abHors cadre\u00bb, \u00e9pisode 11\" \/>\n<meta name=\"twitter:creator\" content=\"@LeRegardLibre\" \/>\n<meta name=\"twitter:site\" content=\"@LeRegardLibre\" \/>\n<meta name=\"twitter:label1\" content=\"Written by\" \/>\n\t<meta name=\"twitter:data1\" content=\"Vinciane Vuilleumier\" \/>\n\t<meta name=\"twitter:label2\" content=\"Est. reading time\" \/>\n\t<meta name=\"twitter:data2\" content=\"6 minutes\" \/>\n<script type=\"application\/ld+json\" class=\"yoast-schema-graph\">{\"@context\":\"https:\\\/\\\/schema.org\",\"@graph\":[{\"@type\":\"Article\",\"@id\":\"https:\\\/\\\/leregardlibre.com\\\/arts-visuels\\\/les-yeux-dans-lart-les-yeux-dans-la-rue\\\/#article\",\"isPartOf\":{\"@id\":\"https:\\\/\\\/leregardlibre.com\\\/arts-visuels\\\/les-yeux-dans-lart-les-yeux-dans-la-rue\\\/\"},\"author\":{\"name\":\"Vinciane Vuilleumier\",\"@id\":\"https:\\\/\\\/leregardlibre.com\\\/#\\\/schema\\\/person\\\/29a68f29afbb83181914477930acc889\"},\"headline\":\"Les yeux dans l\u2019art, les yeux dans la rue\",\"datePublished\":\"2022-01-01T05:00:00+00:00\",\"dateModified\":\"2023-09-29T07:18:04+00:00\",\"mainEntityOfPage\":{\"@id\":\"https:\\\/\\\/leregardlibre.com\\\/arts-visuels\\\/les-yeux-dans-lart-les-yeux-dans-la-rue\\\/\"},\"wordCount\":1262,\"commentCount\":0,\"publisher\":{\"@id\":\"https:\\\/\\\/leregardlibre.com\\\/#organization\"},\"image\":{\"@id\":\"https:\\\/\\\/leregardlibre.com\\\/arts-visuels\\\/les-yeux-dans-lart-les-yeux-dans-la-rue\\\/#primaryimage\"},\"thumbnailUrl\":\"https:\\\/\\\/leregardlibre.com\\\/wp-content\\\/uploads\\\/2021\\\/12\\\/1636799928613-2208540969-1640722455861.jpg\",\"keywords\":[\"Hors cadre\"],\"articleSection\":[\"Arts visuels\"],\"inLanguage\":\"en-US\",\"potentialAction\":[{\"@type\":\"CommentAction\",\"name\":\"Comment\",\"target\":[\"https:\\\/\\\/leregardlibre.com\\\/arts-visuels\\\/les-yeux-dans-lart-les-yeux-dans-la-rue\\\/#respond\"]}]},{\"@type\":\"WebPage\",\"@id\":\"https:\\\/\\\/leregardlibre.com\\\/arts-visuels\\\/les-yeux-dans-lart-les-yeux-dans-la-rue\\\/\",\"url\":\"https:\\\/\\\/leregardlibre.com\\\/arts-visuels\\\/les-yeux-dans-lart-les-yeux-dans-la-rue\\\/\",\"name\":\"Affiches publicitaires: les yeux dans l\u2019art, les yeux dans la rue\",\"isPartOf\":{\"@id\":\"https:\\\/\\\/leregardlibre.com\\\/#website\"},\"primaryImageOfPage\":{\"@id\":\"https:\\\/\\\/leregardlibre.com\\\/arts-visuels\\\/les-yeux-dans-lart-les-yeux-dans-la-rue\\\/#primaryimage\"},\"image\":{\"@id\":\"https:\\\/\\\/leregardlibre.com\\\/arts-visuels\\\/les-yeux-dans-lart-les-yeux-dans-la-rue\\\/#primaryimage\"},\"thumbnailUrl\":\"https:\\\/\\\/leregardlibre.com\\\/wp-content\\\/uploads\\\/2021\\\/12\\\/1636799928613-2208540969-1640722455861.jpg\",\"datePublished\":\"2022-01-01T05:00:00+00:00\",\"dateModified\":\"2023-09-29T07:18:04+00:00\",\"description\":\"Les affiches publicitaires sont le lieu d\u2019un jeu passionnant o\u00f9 acteurs politico-\u00e9conomiques et farceurs anonymes se disputent le dernier mot.\",\"breadcrumb\":{\"@id\":\"https:\\\/\\\/leregardlibre.com\\\/arts-visuels\\\/les-yeux-dans-lart-les-yeux-dans-la-rue\\\/#breadcrumb\"},\"inLanguage\":\"en-US\",\"potentialAction\":[{\"@type\":\"ReadAction\",\"target\":[\"https:\\\/\\\/leregardlibre.com\\\/arts-visuels\\\/les-yeux-dans-lart-les-yeux-dans-la-rue\\\/\"]}]},{\"@type\":\"ImageObject\",\"inLanguage\":\"en-US\",\"@id\":\"https:\\\/\\\/leregardlibre.com\\\/arts-visuels\\\/les-yeux-dans-lart-les-yeux-dans-la-rue\\\/#primaryimage\",\"url\":\"https:\\\/\\\/leregardlibre.com\\\/wp-content\\\/uploads\\\/2021\\\/12\\\/1636799928613-2208540969-1640722455861.jpg\",\"contentUrl\":\"https:\\\/\\\/leregardlibre.com\\\/wp-content\\\/uploads\\\/2021\\\/12\\\/1636799928613-2208540969-1640722455861.jpg\",\"width\":2450,\"height\":1913},{\"@type\":\"BreadcrumbList\",\"@id\":\"https:\\\/\\\/leregardlibre.com\\\/arts-visuels\\\/les-yeux-dans-lart-les-yeux-dans-la-rue\\\/#breadcrumb\",\"itemListElement\":[{\"@type\":\"ListItem\",\"position\":1,\"name\":\"Accueil\",\"item\":\"https:\\\/\\\/leregardlibre.com\\\/\"},{\"@type\":\"ListItem\",\"position\":2,\"name\":\"Les yeux dans l\u2019art, les yeux dans la rue\"}]},{\"@type\":\"WebSite\",\"@id\":\"https:\\\/\\\/leregardlibre.com\\\/#website\",\"url\":\"https:\\\/\\\/leregardlibre.com\\\/\",\"name\":\"Le Regard Libre\",\"description\":\"Premier mensuel suisse de d\u00e9bat\",\"publisher\":{\"@id\":\"https:\\\/\\\/leregardlibre.com\\\/#organization\"},\"potentialAction\":[{\"@type\":\"SearchAction\",\"target\":{\"@type\":\"EntryPoint\",\"urlTemplate\":\"https:\\\/\\\/leregardlibre.com\\\/?s={search_term_string}\"},\"query-input\":{\"@type\":\"PropertyValueSpecification\",\"valueRequired\":true,\"valueName\":\"search_term_string\"}}],\"inLanguage\":\"en-US\"},{\"@type\":\"Organization\",\"@id\":\"https:\\\/\\\/leregardlibre.com\\\/#organization\",\"name\":\"Le Regard Libre\",\"url\":\"https:\\\/\\\/leregardlibre.com\\\/\",\"logo\":{\"@type\":\"ImageObject\",\"inLanguage\":\"en-US\",\"@id\":\"https:\\\/\\\/leregardlibre.com\\\/#\\\/schema\\\/logo\\\/image\\\/\",\"url\":\"https:\\\/\\\/leregardlibre.com\\\/wp-content\\\/uploads\\\/2025\\\/08\\\/logo-rl-icone-neg.jpeg\",\"contentUrl\":\"https:\\\/\\\/leregardlibre.com\\\/wp-content\\\/uploads\\\/2025\\\/08\\\/logo-rl-icone-neg.jpeg\",\"width\":557,\"height\":556,\"caption\":\"Le Regard Libre\"},\"image\":{\"@id\":\"https:\\\/\\\/leregardlibre.com\\\/#\\\/schema\\\/logo\\\/image\\\/\"},\"sameAs\":[\"https:\\\/\\\/www.facebook.com\\\/leregardlibre\\\/\",\"https:\\\/\\\/x.com\\\/LeRegardLibre\",\"https:\\\/\\\/www.linkedin.com\\\/company\\\/le-regard-libre\",\"https:\\\/\\\/www.instagram.com\\\/leregardlibre\\\/\",\"http:\\\/\\\/t.me\\\/leregardlibre\",\"https:\\\/\\\/youtube.com\\\/channel\\\/UC6HzGPomj1LsUmlz-sJtITQ\"],\"description\":\"Le Regard Libre est un mensuel suisse de d\u00e9bat intellectuel et culturel. Sa r\u00e9daction est jeune, b\u00e9n\u00e9vole, lib\u00e9rale et pluraliste. Le magazine para\u00eet en ligne et sous forme papier. Sa langue est le fran\u00e7ais.\",\"email\":\"redaction@leregardlibre.com\",\"legalName\":\"Le Regard Libre\",\"foundingDate\":\"2014-01-01\",\"numberOfEmployees\":{\"@type\":\"QuantitativeValue\",\"minValue\":\"11\",\"maxValue\":\"50\"},\"publishingPrinciples\":\"https:\\\/\\\/leregardlibre.com\\\/a-propos\\\/notre-manifeste\\\/\",\"ownershipFundingInfo\":\"https:\\\/\\\/leregardlibre.com\\\/mentions-legales\\\/\",\"actionableFeedbackPolicy\":\"https:\\\/\\\/leregardlibre.com\\\/conditions-generales-de-vente\\\/\"},{\"@type\":\"Person\",\"@id\":\"https:\\\/\\\/leregardlibre.com\\\/#\\\/schema\\\/person\\\/29a68f29afbb83181914477930acc889\",\"name\":\"Vinciane Vuilleumier\",\"image\":{\"@type\":\"ImageObject\",\"inLanguage\":\"en-US\",\"@id\":\"https:\\\/\\\/secure.gravatar.com\\\/avatar\\\/3b459392bd25ba0b1cbd75c54e3ac272292a9451f30c02e1e5254ace55c995e0?s=96&d=identicon&r=g\",\"url\":\"https:\\\/\\\/secure.gravatar.com\\\/avatar\\\/3b459392bd25ba0b1cbd75c54e3ac272292a9451f30c02e1e5254ace55c995e0?s=96&d=identicon&r=g\",\"contentUrl\":\"https:\\\/\\\/secure.gravatar.com\\\/avatar\\\/3b459392bd25ba0b1cbd75c54e3ac272292a9451f30c02e1e5254ace55c995e0?s=96&d=identicon&r=g\",\"caption\":\"Vinciane Vuilleumier\"},\"url\":\"https:\\\/\\\/leregardlibre.com\\\/en\\\/author\\\/vinciane-vuilleumier\\\/\"}]}<\/script>\n<!-- \/ Yoast SEO Premium plugin. -->","yoast_head_json":{"title":"Poster advertising: eyes in art, eyes in the street","description":"Advertising posters are the setting for a fascinating game in which political and economic players and anonymous jokers vie for the last word.","robots":{"index":"index","follow":"follow","max-snippet":"max-snippet:-1","max-image-preview":"max-image-preview:large","max-video-preview":"max-video-preview:-1"},"canonical":"https:\/\/leregardlibre.com\/en\/visual-arts\/les-yeux-dans-lart-les-yeux-dans-la-rue\/","og_locale":"en_US","og_type":"article","og_title":"Les yeux dans l\u2019art, les yeux dans la rue","og_description":"S\u00e9rie \u00abHors cadre\u00bb, \u00e9pisode 11","og_url":"https:\/\/leregardlibre.com\/en\/visual-arts\/les-yeux-dans-lart-les-yeux-dans-la-rue\/","og_site_name":"Le Regard Libre","article_publisher":"https:\/\/www.facebook.com\/leregardlibre\/","article_published_time":"2022-01-01T05:00:00+00:00","article_modified_time":"2023-09-29T07:18:04+00:00","og_image":[{"width":1024,"height":800,"url":"https:\/\/leregardlibre.com\/wp-content\/uploads\/2021\/12\/1636799928613-2208540969-1640722455861-1024x800.jpg","type":"image\/jpeg"}],"author":"Vinciane Vuilleumier","twitter_card":"summary_large_image","twitter_description":"S\u00e9rie \u00abHors cadre\u00bb, \u00e9pisode 11","twitter_creator":"@LeRegardLibre","twitter_site":"@LeRegardLibre","twitter_misc":{"Written by":"Vinciane Vuilleumier","Est. reading time":"6 minutes"},"schema":{"@context":"https:\/\/schema.org","@graph":[{"@type":"Article","@id":"https:\/\/leregardlibre.com\/arts-visuels\/les-yeux-dans-lart-les-yeux-dans-la-rue\/#article","isPartOf":{"@id":"https:\/\/leregardlibre.com\/arts-visuels\/les-yeux-dans-lart-les-yeux-dans-la-rue\/"},"author":{"name":"Vinciane Vuilleumier","@id":"https:\/\/leregardlibre.com\/#\/schema\/person\/29a68f29afbb83181914477930acc889"},"headline":"Les yeux dans l\u2019art, les yeux dans la rue","datePublished":"2022-01-01T05:00:00+00:00","dateModified":"2023-09-29T07:18:04+00:00","mainEntityOfPage":{"@id":"https:\/\/leregardlibre.com\/arts-visuels\/les-yeux-dans-lart-les-yeux-dans-la-rue\/"},"wordCount":1262,"commentCount":0,"publisher":{"@id":"https:\/\/leregardlibre.com\/#organization"},"image":{"@id":"https:\/\/leregardlibre.com\/arts-visuels\/les-yeux-dans-lart-les-yeux-dans-la-rue\/#primaryimage"},"thumbnailUrl":"https:\/\/leregardlibre.com\/wp-content\/uploads\/2021\/12\/1636799928613-2208540969-1640722455861.jpg","keywords":["Hors cadre"],"articleSection":["Arts visuels"],"inLanguage":"en-US","potentialAction":[{"@type":"CommentAction","name":"Comment","target":["https:\/\/leregardlibre.com\/arts-visuels\/les-yeux-dans-lart-les-yeux-dans-la-rue\/#respond"]}]},{"@type":"WebPage","@id":"https:\/\/leregardlibre.com\/arts-visuels\/les-yeux-dans-lart-les-yeux-dans-la-rue\/","url":"https:\/\/leregardlibre.com\/arts-visuels\/les-yeux-dans-lart-les-yeux-dans-la-rue\/","name":"Poster advertising: eyes in art, eyes in the street","isPartOf":{"@id":"https:\/\/leregardlibre.com\/#website"},"primaryImageOfPage":{"@id":"https:\/\/leregardlibre.com\/arts-visuels\/les-yeux-dans-lart-les-yeux-dans-la-rue\/#primaryimage"},"image":{"@id":"https:\/\/leregardlibre.com\/arts-visuels\/les-yeux-dans-lart-les-yeux-dans-la-rue\/#primaryimage"},"thumbnailUrl":"https:\/\/leregardlibre.com\/wp-content\/uploads\/2021\/12\/1636799928613-2208540969-1640722455861.jpg","datePublished":"2022-01-01T05:00:00+00:00","dateModified":"2023-09-29T07:18:04+00:00","description":"Advertising posters are the setting for a fascinating game in which political and economic players and anonymous jokers vie for the last word.","breadcrumb":{"@id":"https:\/\/leregardlibre.com\/arts-visuels\/les-yeux-dans-lart-les-yeux-dans-la-rue\/#breadcrumb"},"inLanguage":"en-US","potentialAction":[{"@type":"ReadAction","target":["https:\/\/leregardlibre.com\/arts-visuels\/les-yeux-dans-lart-les-yeux-dans-la-rue\/"]}]},{"@type":"ImageObject","inLanguage":"en-US","@id":"https:\/\/leregardlibre.com\/arts-visuels\/les-yeux-dans-lart-les-yeux-dans-la-rue\/#primaryimage","url":"https:\/\/leregardlibre.com\/wp-content\/uploads\/2021\/12\/1636799928613-2208540969-1640722455861.jpg","contentUrl":"https:\/\/leregardlibre.com\/wp-content\/uploads\/2021\/12\/1636799928613-2208540969-1640722455861.jpg","width":2450,"height":1913},{"@type":"BreadcrumbList","@id":"https:\/\/leregardlibre.com\/arts-visuels\/les-yeux-dans-lart-les-yeux-dans-la-rue\/#breadcrumb","itemListElement":[{"@type":"ListItem","position":1,"name":"Accueil","item":"https:\/\/leregardlibre.com\/"},{"@type":"ListItem","position":2,"name":"Les yeux dans l\u2019art, les yeux dans la rue"}]},{"@type":"WebSite","@id":"https:\/\/leregardlibre.com\/#website","url":"https:\/\/leregardlibre.com\/","name":"Le Regard Libre","description":"Switzerland's first monthly debate magazine","publisher":{"@id":"https:\/\/leregardlibre.com\/#organization"},"potentialAction":[{"@type":"SearchAction","target":{"@type":"EntryPoint","urlTemplate":"https:\/\/leregardlibre.com\/?s={search_term_string}"},"query-input":{"@type":"PropertyValueSpecification","valueRequired":true,"valueName":"search_term_string"}}],"inLanguage":"en-US"},{"@type":"Organization","@id":"https:\/\/leregardlibre.com\/#organization","name":"Le Regard Libre","url":"https:\/\/leregardlibre.com\/","logo":{"@type":"ImageObject","inLanguage":"en-US","@id":"https:\/\/leregardlibre.com\/#\/schema\/logo\/image\/","url":"https:\/\/leregardlibre.com\/wp-content\/uploads\/2025\/08\/logo-rl-icone-neg.jpeg","contentUrl":"https:\/\/leregardlibre.com\/wp-content\/uploads\/2025\/08\/logo-rl-icone-neg.jpeg","width":557,"height":556,"caption":"Le Regard Libre"},"image":{"@id":"https:\/\/leregardlibre.com\/#\/schema\/logo\/image\/"},"sameAs":["https:\/\/www.facebook.com\/leregardlibre\/","https:\/\/x.com\/LeRegardLibre","https:\/\/www.linkedin.com\/company\/le-regard-libre","https:\/\/www.instagram.com\/leregardlibre\/","http:\/\/t.me\/leregardlibre","https:\/\/youtube.com\/channel\/UC6HzGPomj1LsUmlz-sJtITQ"],"description":"Le Regard Libre is a Swiss monthly magazine for intellectual and cultural debate. Its editorial team is young, voluntary, liberal and pluralist. The magazine appears online and in print. Its language is French.","email":"redaction@leregardlibre.com","legalName":"Le Regard Libre","foundingDate":"2014-01-01","numberOfEmployees":{"@type":"QuantitativeValue","minValue":"11","maxValue":"50"},"publishingPrinciples":"https:\/\/leregardlibre.com\/a-propos\/notre-manifeste\/","ownershipFundingInfo":"https:\/\/leregardlibre.com\/mentions-legales\/","actionableFeedbackPolicy":"https:\/\/leregardlibre.com\/conditions-generales-de-vente\/"},{"@type":"Person","@id":"https:\/\/leregardlibre.com\/#\/schema\/person\/29a68f29afbb83181914477930acc889","name":"Vinciane Vuilleumier","image":{"@type":"ImageObject","inLanguage":"en-US","@id":"https:\/\/secure.gravatar.com\/avatar\/3b459392bd25ba0b1cbd75c54e3ac272292a9451f30c02e1e5254ace55c995e0?s=96&d=identicon&r=g","url":"https:\/\/secure.gravatar.com\/avatar\/3b459392bd25ba0b1cbd75c54e3ac272292a9451f30c02e1e5254ace55c995e0?s=96&d=identicon&r=g","contentUrl":"https:\/\/secure.gravatar.com\/avatar\/3b459392bd25ba0b1cbd75c54e3ac272292a9451f30c02e1e5254ace55c995e0?s=96&d=identicon&r=g","caption":"Vinciane Vuilleumier"},"url":"https:\/\/leregardlibre.com\/en\/author\/vinciane-vuilleumier\/"}]}},"_links":{"self":[{"href":"https:\/\/leregardlibre.com\/en\/wp-json\/wp\/v2\/posts\/44561","targetHints":{"allow":["GET"]}}],"collection":[{"href":"https:\/\/leregardlibre.com\/en\/wp-json\/wp\/v2\/posts"}],"about":[{"href":"https:\/\/leregardlibre.com\/en\/wp-json\/wp\/v2\/types\/post"}],"author":[{"embeddable":true,"href":"https:\/\/leregardlibre.com\/en\/wp-json\/wp\/v2\/users\/142"}],"replies":[{"embeddable":true,"href":"https:\/\/leregardlibre.com\/en\/wp-json\/wp\/v2\/comments?post=44561"}],"version-history":[{"count":1,"href":"https:\/\/leregardlibre.com\/en\/wp-json\/wp\/v2\/posts\/44561\/revisions"}],"predecessor-version":[{"id":511286,"href":"https:\/\/leregardlibre.com\/en\/wp-json\/wp\/v2\/posts\/44561\/revisions\/511286"}],"wp:featuredmedia":[{"embeddable":true,"href":"https:\/\/leregardlibre.com\/en\/wp-json\/wp\/v2\/media\/44570"}],"wp:attachment":[{"href":"https:\/\/leregardlibre.com\/en\/wp-json\/wp\/v2\/media?parent=44561"}],"wp:term":[{"taxonomy":"category","embeddable":true,"href":"https:\/\/leregardlibre.com\/en\/wp-json\/wp\/v2\/categories?post=44561"},{"taxonomy":"post_tag","embeddable":true,"href":"https:\/\/leregardlibre.com\/en\/wp-json\/wp\/v2\/tags?post=44561"}],"curies":[{"name":"wp","href":"https:\/\/api.w.org\/{rel}","templated":true}]}}