{"id":45899,"date":"2022-02-12T15:38:06","date_gmt":"2022-02-12T14:38:06","guid":{"rendered":"https:\/\/leregardlibre.com\/?p=45899"},"modified":"2025-12-13T22:43:49","modified_gmt":"2025-12-13T21:43:49","slug":"suisse-limmigration-en-chiffres-de-1850-a-2050","status":"publish","type":"post","link":"https:\/\/leregardlibre.com\/en\/policy\/switzerland\/suisse-limmigration-en-chiffres-de-1850-a-2050\/","title":{"rendered":"Suisse: l\u2019immigration en chiffres, de 1850 \u00e0 2050"},"content":{"rendered":"<div class='content_excerpt'>\n<p>Le Regard Libre N\u00b0 82 - Cl\u00e9ment Guntern<\/p>\n\n\n\n<p>Immigration\u00ab folder\u00bb<\/p>\n\n\n\n<p class=\"has-drop-cap\">Evolution du nombre de r\u00e9sidents permanents, proportion de personnes d\u2019origine \u00e9trang\u00e8re parmi ceux-ci, pays les plus repr\u00e9sent\u00e9s par les migrants, taux de succ\u00e8s des processus de naturalisation, indices d\u2019int\u00e9gration... Voici un tour d\u2019horizon sur les chiffres de l\u2019immigration en Suisse et les sp\u00e9cificit\u00e9s en comparaison internationale.<\/p>\n\n\n\n Read more (subscribers)\n    <div class='restricted_content_fade'><\/div>\n    <\/div>\n  <style>\n    .content_excerpt{\n      position: relative;\n    }\n    .content_excerpt .restricted_content_fade{\n      position: absolute;\n      bottom: 0;\n      left: 0;\n      right: 0;\n      height: 75px;\n\t  margin-bottom: 0px;\n      background-image: linear-gradient(#ffffff2e, white);\n    }\n\n    .restricted_content{\n      margin-top: 30px;\n      border: solid #dddddd 1px;\n      border-radius: 7px;\n      padding: 30px;\n    }\n    \n    .restricted_content .restricted_content_title{\n      font-size: 22px;\n      font-weight: 600;\n    }\n    .restricted_content .restricted_content_flex_row{\n      display: flex;\n      flex-direction: row;\n    }\n    .restricted_content .restricted_content_image_container{\n      flex: 3;\n    }\n    .restricted_content .restricted_content_flex_column{\n      flex: 4;\n      display: flex;\n      flex-direction: column;\n      margin-left: 40px;\n      justify-content: center;\n    }\n\n\n    .restricted_content_buttons{\n      display: flex;\n      flex-direction: column;\n      width: min-content;\n    }\n    .restricted_content_button{\n      background-color: #f2f2f2;\n      text-transform: uppercase;\n      font-weight: 600;\n      padding: 8px 40px;\n      text-align: center;\n      font-size: 13px;\n      margin-top: 10px;\n      width: max-content;\n      width: 100%;\n      white-space: nowrap;\n    }\n    .restricted_content_button:hover {\n      background-color: #111111;\n      color: white;\n      text-decoration: none !important;\n    }\n\n    .restricted_content_primary_button{\n      background-color: #1F2A68 !important;\n      color: white !important;\n    }\n    .restricted_content_primary_button:hover {\n      background-color: #111111;\n    }\n\n    .restricted_content_text{\n      margin-bottom: 10px;\n      line-height: 1.2;\n      font-weight: 500;\n      font-size: 16px;\n    }\n\n  \n  <\/style>\n  <div class='restricted_content'>\n    <h3 class='restricted_content_title'>This content is reserved for our subscribers.<\/h3>\n    <div class='restricted_content_flex_row'>\n      <div class='restricted_content_image_container'>\n        <img class='restricted_content_image' src='\/wp-content\/uploads\/2025\/08\/abo_physique.png' \/>\n      <\/div>\n      <div class='restricted_content_flex_column'>\n        <div class='restricted_content_text'>If you have an account, please log in. Otherwise, discover our different subscription packages and create an account from CHF 2.50 for the first month.<\/div>\n        <div class='restricted_content_buttons'>\n          <a href='\/en\/subscription\/' class='restricted_content_button restricted_content_primary_button'>See subscriptions<\/a><a href='\/en\/my-account\/?redirect_to=https:\/\/leregardlibre.com\/en\/policy\/switzerland\/suisse-limmigration-en-chiffres-de-1850-a-2050\/'class='restricted_content_button'>Login<\/a><\/div>\n      <\/div>\n    <\/div>\n  <\/div>","protected":false},"excerpt":{"rendered":"<div class='content_excerpt'>\n<p>Le Regard Libre N\u00b0 82 - Cl\u00e9ment Guntern<\/p>\n<p>Immigration\u00ab folder\u00bb<\/p>\n<p class=\"has-drop-cap\">Evolution du nombre de r\u00e9sidents permanents, proportion de personnes d\u2019origine \u00e9trang\u00e8re parmi ceux-ci, pays les plus repr\u00e9sent\u00e9s par les migrants, taux de succ\u00e8s des processus de naturalisation, indices d\u2019int\u00e9gration&#8230; Voici un tour d\u2019horizon sur les chiffres de l\u2019immigration en Suisse et les sp\u00e9cificit\u00e9s en comparaison internationale.<\/p>\n<p> Read more (subscribers)<\/p>\n<div class='restricted_content_fade'><\/div>\n<\/p><\/div>\n<style>\n    .content_excerpt{\n      position: relative;\n    }\n    .content_excerpt .restricted_content_fade{\n      position: absolute;\n      bottom: 0;\n      left: 0;\n      right: 0;\n      height: 75px;\n\t  margin-bottom: 0px;\n      background-image: linear-gradient(#ffffff2e, white);\n    }<\/p>\n<p>    .restricted_content{\n      margin-top: 30px;\n      border: solid #dddddd 1px;\n      border-radius: 7px;\n      padding: 30px;\n    }<\/p>\n<p>    .restricted_content .restricted_content_title{\n      font-size: 22px;\n      font-weight: 600;\n    }\n    .restricted_content .restricted_content_flex_row{\n      display: flex;\n      flex-direction: row;\n    }\n    .restricted_content .restricted_content_image_container{\n      flex: 3;\n    }\n    .restricted_content .restricted_content_flex_column{\n      flex: 4;\n      display: flex;\n      flex-direction: column;\n      margin-left: 40px;\n      justify-content: center;\n    }<\/p>\n<p>    .restricted_content_buttons{\n      display: flex;\n      flex-direction: column;\n      width: min-content;\n    }\n    .restricted_content_button{\n      background-color: #f2f2f2;\n      text-transform: uppercase;\n      font-weight: 600;\n      padding: 8px 40px;\n      text-align: center;\n      font-size: 13px;\n      margin-top: 10px;\n      width: max-content;\n      width: 100%;\n      white-space: nowrap;\n    }\n    .restricted_content_button:hover {\n      background-color: #111111;\n      color: white;\n      text-decoration: none !important;\n    }<\/p>\n<p>    .restricted_content_primary_button{\n      background-color: #1F2A68 !important;\n      color: white !important;\n    }\n    .restricted_content_primary_button:hover {\n      background-color: #111111;\n    }<\/p>\n<p>    .restricted_content_text{\n      margin-bottom: 10px;\n      line-height: 1.2;\n      font-weight: 500;\n      font-size: 16px;\n    }<\/p>\n<\/style>\n<div class='restricted_content'>\n<h3 class='restricted_content_title'>This content is reserved for our subscribers.<\/h3>\n<div class='restricted_content_flex_row'>\n<div class='restricted_content_image_container'>\n        <img class='restricted_content_image' src='\/wp-content\/uploads\/2025\/08\/abo_physique.png' \/>\n      <\/div>\n<div class='restricted_content_flex_column'>\n<div class='restricted_content_text'>If you have an account, please log in. Otherwise, discover our different subscription packages and create an account from CHF 2.50 for the first month.<\/div>\n<div class='restricted_content_buttons'>\n          <a href='\/en\/subscription\/' class='restricted_content_button restricted_content_primary_button'>See subscriptions<\/a><a href='\/en\/my-account\/?redirect_to=https:\/\/leregardlibre.com\/en\/policy\/switzerland\/suisse-limmigration-en-chiffres-de-1850-a-2050\/'class='restricted_content_button'>Login<\/a><\/div>\n<\/p><\/div>\n<\/p><\/div>\n<\/p><\/div>","protected":false},"author":325,"featured_media":45902,"comment_status":"open","ping_status":"closed","sticky":false,"template":"","format":"standard","meta":{"_acf_changed":false,"footnotes":""},"categories":[644357279],"tags":[644357302,4363,11929,644357303],"class_list":["post-45899","post","type-post","status-publish","format-standard","has-post-thumbnail","hentry","category-suisse","tag-dossier-immigration","tag-immigration","tag-integration","tag-naturalisation","membership-content","access-restricted"],"acf":[],"yoast_head":"<!-- This site is optimized with the Yoast SEO Premium plugin v27.4 (Yoast SEO v27.4) - https:\/\/yoast.com\/product\/yoast-seo-premium-wordpress\/ -->\n<title>Suisse: l\u2019immigration en chiffres, de 1850 \u00e0 2050<\/title>\n<meta name=\"description\" content=\"Immigration en Suisse: voici un tour d\u2019horizon sur les chiffres de l&#039;OFS et leurs sp\u00e9cificit\u00e9s en comparaison avec les autres pays.\" \/>\n<meta name=\"robots\" content=\"index, follow, max-snippet:-1, max-image-preview:large, max-video-preview:-1\" \/>\n<link rel=\"canonical\" href=\"https:\/\/leregardlibre.com\/en\/policy\/switzerland\/suisse-limmigration-en-chiffres-de-1850-a-2050\/\" \/>\n<meta property=\"og:locale\" content=\"en_US\" \/>\n<meta property=\"og:type\" content=\"article\" \/>\n<meta property=\"og:title\" content=\"Suisse: l\u2019immigration en chiffres, de 1850 \u00e0 2050\" \/>\n<meta property=\"og:description\" content=\"Immigration en Suisse: voici un tour d\u2019horizon sur les chiffres de l&#039;OFS et leurs sp\u00e9cificit\u00e9s en comparaison avec les autres pays.\" \/>\n<meta property=\"og:url\" content=\"https:\/\/leregardlibre.com\/en\/policy\/switzerland\/suisse-limmigration-en-chiffres-de-1850-a-2050\/\" \/>\n<meta property=\"og:site_name\" content=\"Le Regard Libre\" \/>\n<meta property=\"article:publisher\" content=\"https:\/\/www.facebook.com\/leregardlibre\/\" \/>\n<meta property=\"article:published_time\" content=\"2022-02-12T14:38:06+00:00\" \/>\n<meta property=\"article:modified_time\" content=\"2025-12-13T21:43:49+00:00\" \/>\n<meta property=\"og:image\" content=\"https:\/\/leregardlibre.com\/wp-content\/uploads\/2022\/02\/12432840773_cc4700503f_k-1418222711-1644676033678.jpg\" \/>\n\t<meta property=\"og:image:width\" content=\"2047\" \/>\n\t<meta property=\"og:image:height\" content=\"1151\" \/>\n\t<meta property=\"og:image:type\" content=\"image\/jpeg\" \/>\n<meta name=\"author\" content=\"Cl\u00e9ment Guntern\" \/>\n<meta name=\"twitter:card\" content=\"summary_large_image\" \/>\n<meta name=\"twitter:creator\" content=\"@LeRegardLibre\" \/>\n<meta name=\"twitter:site\" content=\"@LeRegardLibre\" \/>\n<meta name=\"twitter:label1\" content=\"Written by\" \/>\n\t<meta name=\"twitter:data1\" content=\"Cl\u00e9ment Guntern\" \/>\n\t<meta name=\"twitter:label2\" content=\"Est. reading time\" \/>\n\t<meta name=\"twitter:data2\" content=\"5 minutes\" \/>\n<script type=\"application\/ld+json\" class=\"yoast-schema-graph\">{\"@context\":\"https:\\\/\\\/schema.org\",\"@graph\":[{\"@type\":\"Article\",\"@id\":\"https:\\\/\\\/leregardlibre.com\\\/politique\\\/suisse\\\/suisse-limmigration-en-chiffres-de-1850-a-2050\\\/#article\",\"isPartOf\":{\"@id\":\"https:\\\/\\\/leregardlibre.com\\\/politique\\\/suisse\\\/suisse-limmigration-en-chiffres-de-1850-a-2050\\\/\"},\"author\":{\"name\":\"Cl\u00e9ment Guntern\",\"@id\":\"https:\\\/\\\/leregardlibre.com\\\/#\\\/schema\\\/person\\\/30daacd8c04cd92ec59532d74a7b18f8\"},\"headline\":\"Suisse: l\u2019immigration en chiffres, de 1850 \u00e0 2050\",\"datePublished\":\"2022-02-12T14:38:06+00:00\",\"dateModified\":\"2025-12-13T21:43:49+00:00\",\"mainEntityOfPage\":{\"@id\":\"https:\\\/\\\/leregardlibre.com\\\/politique\\\/suisse\\\/suisse-limmigration-en-chiffres-de-1850-a-2050\\\/\"},\"wordCount\":1026,\"commentCount\":0,\"publisher\":{\"@id\":\"https:\\\/\\\/leregardlibre.com\\\/#organization\"},\"image\":{\"@id\":\"https:\\\/\\\/leregardlibre.com\\\/politique\\\/suisse\\\/suisse-limmigration-en-chiffres-de-1850-a-2050\\\/#primaryimage\"},\"thumbnailUrl\":\"https:\\\/\\\/leregardlibre.com\\\/wp-content\\\/uploads\\\/2022\\\/02\\\/12432840773_cc4700503f_k-1418222711-1644676033678.jpg\",\"keywords\":[\"Dossier IMMIGRATION\",\"Immigration\",\"Int\u00e9gration\",\"Naturalisation\"],\"articleSection\":[\"Suisse\"],\"inLanguage\":\"en-US\",\"potentialAction\":[{\"@type\":\"CommentAction\",\"name\":\"Comment\",\"target\":[\"https:\\\/\\\/leregardlibre.com\\\/politique\\\/suisse\\\/suisse-limmigration-en-chiffres-de-1850-a-2050\\\/#respond\"]}]},{\"@type\":\"WebPage\",\"@id\":\"https:\\\/\\\/leregardlibre.com\\\/politique\\\/suisse\\\/suisse-limmigration-en-chiffres-de-1850-a-2050\\\/\",\"url\":\"https:\\\/\\\/leregardlibre.com\\\/politique\\\/suisse\\\/suisse-limmigration-en-chiffres-de-1850-a-2050\\\/\",\"name\":\"Suisse: l\u2019immigration en chiffres, de 1850 \u00e0 2050\",\"isPartOf\":{\"@id\":\"https:\\\/\\\/leregardlibre.com\\\/#website\"},\"primaryImageOfPage\":{\"@id\":\"https:\\\/\\\/leregardlibre.com\\\/politique\\\/suisse\\\/suisse-limmigration-en-chiffres-de-1850-a-2050\\\/#primaryimage\"},\"image\":{\"@id\":\"https:\\\/\\\/leregardlibre.com\\\/politique\\\/suisse\\\/suisse-limmigration-en-chiffres-de-1850-a-2050\\\/#primaryimage\"},\"thumbnailUrl\":\"https:\\\/\\\/leregardlibre.com\\\/wp-content\\\/uploads\\\/2022\\\/02\\\/12432840773_cc4700503f_k-1418222711-1644676033678.jpg\",\"datePublished\":\"2022-02-12T14:38:06+00:00\",\"dateModified\":\"2025-12-13T21:43:49+00:00\",\"description\":\"Immigration en Suisse: voici un tour d\u2019horizon sur les chiffres de l'OFS et leurs sp\u00e9cificit\u00e9s en comparaison avec les autres pays.\",\"breadcrumb\":{\"@id\":\"https:\\\/\\\/leregardlibre.com\\\/politique\\\/suisse\\\/suisse-limmigration-en-chiffres-de-1850-a-2050\\\/#breadcrumb\"},\"inLanguage\":\"en-US\",\"potentialAction\":[{\"@type\":\"ReadAction\",\"target\":[\"https:\\\/\\\/leregardlibre.com\\\/politique\\\/suisse\\\/suisse-limmigration-en-chiffres-de-1850-a-2050\\\/\"]}]},{\"@type\":\"ImageObject\",\"inLanguage\":\"en-US\",\"@id\":\"https:\\\/\\\/leregardlibre.com\\\/politique\\\/suisse\\\/suisse-limmigration-en-chiffres-de-1850-a-2050\\\/#primaryimage\",\"url\":\"https:\\\/\\\/leregardlibre.com\\\/wp-content\\\/uploads\\\/2022\\\/02\\\/12432840773_cc4700503f_k-1418222711-1644676033678.jpg\",\"contentUrl\":\"https:\\\/\\\/leregardlibre.com\\\/wp-content\\\/uploads\\\/2022\\\/02\\\/12432840773_cc4700503f_k-1418222711-1644676033678.jpg\",\"width\":2047,\"height\":1151,\"caption\":\"Affiche anti-immigration en Suisse\"},{\"@type\":\"BreadcrumbList\",\"@id\":\"https:\\\/\\\/leregardlibre.com\\\/politique\\\/suisse\\\/suisse-limmigration-en-chiffres-de-1850-a-2050\\\/#breadcrumb\",\"itemListElement\":[{\"@type\":\"ListItem\",\"position\":1,\"name\":\"Accueil\",\"item\":\"https:\\\/\\\/leregardlibre.com\\\/\"},{\"@type\":\"ListItem\",\"position\":2,\"name\":\"Suisse: l\u2019immigration en chiffres, de 1850 \u00e0 2050\"}]},{\"@type\":\"WebSite\",\"@id\":\"https:\\\/\\\/leregardlibre.com\\\/#website\",\"url\":\"https:\\\/\\\/leregardlibre.com\\\/\",\"name\":\"Le Regard Libre\",\"description\":\"Premier mensuel suisse de d\u00e9bat\",\"publisher\":{\"@id\":\"https:\\\/\\\/leregardlibre.com\\\/#organization\"},\"potentialAction\":[{\"@type\":\"SearchAction\",\"target\":{\"@type\":\"EntryPoint\",\"urlTemplate\":\"https:\\\/\\\/leregardlibre.com\\\/?s={search_term_string}\"},\"query-input\":{\"@type\":\"PropertyValueSpecification\",\"valueRequired\":true,\"valueName\":\"search_term_string\"}}],\"inLanguage\":\"en-US\"},{\"@type\":\"Organization\",\"@id\":\"https:\\\/\\\/leregardlibre.com\\\/#organization\",\"name\":\"Le Regard Libre\",\"url\":\"https:\\\/\\\/leregardlibre.com\\\/\",\"logo\":{\"@type\":\"ImageObject\",\"inLanguage\":\"en-US\",\"@id\":\"https:\\\/\\\/leregardlibre.com\\\/#\\\/schema\\\/logo\\\/image\\\/\",\"url\":\"https:\\\/\\\/leregardlibre.com\\\/wp-content\\\/uploads\\\/2025\\\/08\\\/logo-rl-icone-neg.jpeg\",\"contentUrl\":\"https:\\\/\\\/leregardlibre.com\\\/wp-content\\\/uploads\\\/2025\\\/08\\\/logo-rl-icone-neg.jpeg\",\"width\":557,\"height\":556,\"caption\":\"Le Regard Libre\"},\"image\":{\"@id\":\"https:\\\/\\\/leregardlibre.com\\\/#\\\/schema\\\/logo\\\/image\\\/\"},\"sameAs\":[\"https:\\\/\\\/www.facebook.com\\\/leregardlibre\\\/\",\"https:\\\/\\\/x.com\\\/LeRegardLibre\",\"https:\\\/\\\/www.linkedin.com\\\/company\\\/le-regard-libre\",\"https:\\\/\\\/www.instagram.com\\\/leregardlibre\\\/\",\"http:\\\/\\\/t.me\\\/leregardlibre\",\"https:\\\/\\\/youtube.com\\\/channel\\\/UC6HzGPomj1LsUmlz-sJtITQ\"],\"description\":\"Le Regard Libre est un mensuel suisse de d\u00e9bat intellectuel et culturel. Sa r\u00e9daction est jeune, b\u00e9n\u00e9vole, lib\u00e9rale et pluraliste. Le magazine para\u00eet en ligne et sous forme papier. Sa langue est le fran\u00e7ais.\",\"email\":\"redaction@leregardlibre.com\",\"legalName\":\"Le Regard Libre\",\"foundingDate\":\"2014-01-01\",\"numberOfEmployees\":{\"@type\":\"QuantitativeValue\",\"minValue\":\"11\",\"maxValue\":\"50\"},\"publishingPrinciples\":\"https:\\\/\\\/leregardlibre.com\\\/a-propos\\\/notre-manifeste\\\/\",\"ownershipFundingInfo\":\"https:\\\/\\\/leregardlibre.com\\\/mentions-legales\\\/\",\"actionableFeedbackPolicy\":\"https:\\\/\\\/leregardlibre.com\\\/conditions-generales-de-vente\\\/\"},{\"@type\":\"Person\",\"@id\":\"https:\\\/\\\/leregardlibre.com\\\/#\\\/schema\\\/person\\\/30daacd8c04cd92ec59532d74a7b18f8\",\"name\":\"Cl\u00e9ment Guntern\",\"image\":{\"@type\":\"ImageObject\",\"inLanguage\":\"en-US\",\"@id\":\"https:\\\/\\\/secure.gravatar.com\\\/avatar\\\/79a3aae9b5ce6c4dcd8890bc4d3171c7198fe739971f91e509b3f8b98aa66d64?s=96&d=identicon&r=g\",\"url\":\"https:\\\/\\\/secure.gravatar.com\\\/avatar\\\/79a3aae9b5ce6c4dcd8890bc4d3171c7198fe739971f91e509b3f8b98aa66d64?s=96&d=identicon&r=g\",\"contentUrl\":\"https:\\\/\\\/secure.gravatar.com\\\/avatar\\\/79a3aae9b5ce6c4dcd8890bc4d3171c7198fe739971f91e509b3f8b98aa66d64?s=96&d=identicon&r=g\",\"caption\":\"Cl\u00e9ment Guntern\"},\"sameAs\":[\"https:\\\/\\\/leregardlibre.com\\\/\"],\"url\":\"https:\\\/\\\/leregardlibre.com\\\/en\\\/author\\\/clement-guntern\\\/\"}]}<\/script>\n<!-- \/ Yoast SEO Premium plugin. -->","yoast_head_json":{"title":"Suisse: l\u2019immigration en chiffres, de 1850 \u00e0 2050","description":"Immigration en Suisse: voici un tour d\u2019horizon sur les chiffres de l'OFS et leurs sp\u00e9cificit\u00e9s en comparaison avec les autres pays.","robots":{"index":"index","follow":"follow","max-snippet":"max-snippet:-1","max-image-preview":"max-image-preview:large","max-video-preview":"max-video-preview:-1"},"canonical":"https:\/\/leregardlibre.com\/en\/policy\/switzerland\/suisse-limmigration-en-chiffres-de-1850-a-2050\/","og_locale":"en_US","og_type":"article","og_title":"Suisse: l\u2019immigration en chiffres, de 1850 \u00e0 2050","og_description":"Immigration en Suisse: voici un tour d\u2019horizon sur les chiffres de l'OFS et leurs sp\u00e9cificit\u00e9s en comparaison avec les autres pays.","og_url":"https:\/\/leregardlibre.com\/en\/policy\/switzerland\/suisse-limmigration-en-chiffres-de-1850-a-2050\/","og_site_name":"Le Regard Libre","article_publisher":"https:\/\/www.facebook.com\/leregardlibre\/","article_published_time":"2022-02-12T14:38:06+00:00","article_modified_time":"2025-12-13T21:43:49+00:00","og_image":[{"width":2047,"height":1151,"url":"https:\/\/leregardlibre.com\/wp-content\/uploads\/2022\/02\/12432840773_cc4700503f_k-1418222711-1644676033678.jpg","type":"image\/jpeg"}],"author":"Cl\u00e9ment Guntern","twitter_card":"summary_large_image","twitter_creator":"@LeRegardLibre","twitter_site":"@LeRegardLibre","twitter_misc":{"Written by":"Cl\u00e9ment Guntern","Est. reading time":"5 minutes"},"schema":{"@context":"https:\/\/schema.org","@graph":[{"@type":"Article","@id":"https:\/\/leregardlibre.com\/politique\/suisse\/suisse-limmigration-en-chiffres-de-1850-a-2050\/#article","isPartOf":{"@id":"https:\/\/leregardlibre.com\/politique\/suisse\/suisse-limmigration-en-chiffres-de-1850-a-2050\/"},"author":{"name":"Cl\u00e9ment Guntern","@id":"https:\/\/leregardlibre.com\/#\/schema\/person\/30daacd8c04cd92ec59532d74a7b18f8"},"headline":"Suisse: l\u2019immigration en chiffres, de 1850 \u00e0 2050","datePublished":"2022-02-12T14:38:06+00:00","dateModified":"2025-12-13T21:43:49+00:00","mainEntityOfPage":{"@id":"https:\/\/leregardlibre.com\/politique\/suisse\/suisse-limmigration-en-chiffres-de-1850-a-2050\/"},"wordCount":1026,"commentCount":0,"publisher":{"@id":"https:\/\/leregardlibre.com\/#organization"},"image":{"@id":"https:\/\/leregardlibre.com\/politique\/suisse\/suisse-limmigration-en-chiffres-de-1850-a-2050\/#primaryimage"},"thumbnailUrl":"https:\/\/leregardlibre.com\/wp-content\/uploads\/2022\/02\/12432840773_cc4700503f_k-1418222711-1644676033678.jpg","keywords":["Dossier IMMIGRATION","Immigration","Int\u00e9gration","Naturalisation"],"articleSection":["Suisse"],"inLanguage":"en-US","potentialAction":[{"@type":"CommentAction","name":"Comment","target":["https:\/\/leregardlibre.com\/politique\/suisse\/suisse-limmigration-en-chiffres-de-1850-a-2050\/#respond"]}]},{"@type":"WebPage","@id":"https:\/\/leregardlibre.com\/politique\/suisse\/suisse-limmigration-en-chiffres-de-1850-a-2050\/","url":"https:\/\/leregardlibre.com\/politique\/suisse\/suisse-limmigration-en-chiffres-de-1850-a-2050\/","name":"Suisse: l\u2019immigration en chiffres, de 1850 \u00e0 2050","isPartOf":{"@id":"https:\/\/leregardlibre.com\/#website"},"primaryImageOfPage":{"@id":"https:\/\/leregardlibre.com\/politique\/suisse\/suisse-limmigration-en-chiffres-de-1850-a-2050\/#primaryimage"},"image":{"@id":"https:\/\/leregardlibre.com\/politique\/suisse\/suisse-limmigration-en-chiffres-de-1850-a-2050\/#primaryimage"},"thumbnailUrl":"https:\/\/leregardlibre.com\/wp-content\/uploads\/2022\/02\/12432840773_cc4700503f_k-1418222711-1644676033678.jpg","datePublished":"2022-02-12T14:38:06+00:00","dateModified":"2025-12-13T21:43:49+00:00","description":"Immigration en Suisse: voici un tour d\u2019horizon sur les chiffres de l'OFS et leurs sp\u00e9cificit\u00e9s en comparaison avec les autres pays.","breadcrumb":{"@id":"https:\/\/leregardlibre.com\/politique\/suisse\/suisse-limmigration-en-chiffres-de-1850-a-2050\/#breadcrumb"},"inLanguage":"en-US","potentialAction":[{"@type":"ReadAction","target":["https:\/\/leregardlibre.com\/politique\/suisse\/suisse-limmigration-en-chiffres-de-1850-a-2050\/"]}]},{"@type":"ImageObject","inLanguage":"en-US","@id":"https:\/\/leregardlibre.com\/politique\/suisse\/suisse-limmigration-en-chiffres-de-1850-a-2050\/#primaryimage","url":"https:\/\/leregardlibre.com\/wp-content\/uploads\/2022\/02\/12432840773_cc4700503f_k-1418222711-1644676033678.jpg","contentUrl":"https:\/\/leregardlibre.com\/wp-content\/uploads\/2022\/02\/12432840773_cc4700503f_k-1418222711-1644676033678.jpg","width":2047,"height":1151,"caption":"Affiche anti-immigration en Suisse"},{"@type":"BreadcrumbList","@id":"https:\/\/leregardlibre.com\/politique\/suisse\/suisse-limmigration-en-chiffres-de-1850-a-2050\/#breadcrumb","itemListElement":[{"@type":"ListItem","position":1,"name":"Accueil","item":"https:\/\/leregardlibre.com\/"},{"@type":"ListItem","position":2,"name":"Suisse: l\u2019immigration en chiffres, de 1850 \u00e0 2050"}]},{"@type":"WebSite","@id":"https:\/\/leregardlibre.com\/#website","url":"https:\/\/leregardlibre.com\/","name":"Le Regard Libre","description":"Switzerland's first monthly debate magazine","publisher":{"@id":"https:\/\/leregardlibre.com\/#organization"},"potentialAction":[{"@type":"SearchAction","target":{"@type":"EntryPoint","urlTemplate":"https:\/\/leregardlibre.com\/?s={search_term_string}"},"query-input":{"@type":"PropertyValueSpecification","valueRequired":true,"valueName":"search_term_string"}}],"inLanguage":"en-US"},{"@type":"Organization","@id":"https:\/\/leregardlibre.com\/#organization","name":"Le Regard Libre","url":"https:\/\/leregardlibre.com\/","logo":{"@type":"ImageObject","inLanguage":"en-US","@id":"https:\/\/leregardlibre.com\/#\/schema\/logo\/image\/","url":"https:\/\/leregardlibre.com\/wp-content\/uploads\/2025\/08\/logo-rl-icone-neg.jpeg","contentUrl":"https:\/\/leregardlibre.com\/wp-content\/uploads\/2025\/08\/logo-rl-icone-neg.jpeg","width":557,"height":556,"caption":"Le Regard Libre"},"image":{"@id":"https:\/\/leregardlibre.com\/#\/schema\/logo\/image\/"},"sameAs":["https:\/\/www.facebook.com\/leregardlibre\/","https:\/\/x.com\/LeRegardLibre","https:\/\/www.linkedin.com\/company\/le-regard-libre","https:\/\/www.instagram.com\/leregardlibre\/","http:\/\/t.me\/leregardlibre","https:\/\/youtube.com\/channel\/UC6HzGPomj1LsUmlz-sJtITQ"],"description":"Le Regard Libre is a Swiss monthly magazine for intellectual and cultural debate. Its editorial team is young, voluntary, liberal and pluralist. The magazine appears online and in print. Its language is French.","email":"redaction@leregardlibre.com","legalName":"Le Regard Libre","foundingDate":"2014-01-01","numberOfEmployees":{"@type":"QuantitativeValue","minValue":"11","maxValue":"50"},"publishingPrinciples":"https:\/\/leregardlibre.com\/a-propos\/notre-manifeste\/","ownershipFundingInfo":"https:\/\/leregardlibre.com\/mentions-legales\/","actionableFeedbackPolicy":"https:\/\/leregardlibre.com\/conditions-generales-de-vente\/"},{"@type":"Person","@id":"https:\/\/leregardlibre.com\/#\/schema\/person\/30daacd8c04cd92ec59532d74a7b18f8","name":"Cl\u00e9ment Guntern","image":{"@type":"ImageObject","inLanguage":"en-US","@id":"https:\/\/secure.gravatar.com\/avatar\/79a3aae9b5ce6c4dcd8890bc4d3171c7198fe739971f91e509b3f8b98aa66d64?s=96&d=identicon&r=g","url":"https:\/\/secure.gravatar.com\/avatar\/79a3aae9b5ce6c4dcd8890bc4d3171c7198fe739971f91e509b3f8b98aa66d64?s=96&d=identicon&r=g","contentUrl":"https:\/\/secure.gravatar.com\/avatar\/79a3aae9b5ce6c4dcd8890bc4d3171c7198fe739971f91e509b3f8b98aa66d64?s=96&d=identicon&r=g","caption":"Cl\u00e9ment Guntern"},"sameAs":["https:\/\/leregardlibre.com\/"],"url":"https:\/\/leregardlibre.com\/en\/author\/clement-guntern\/"}]}},"_links":{"self":[{"href":"https:\/\/leregardlibre.com\/en\/wp-json\/wp\/v2\/posts\/45899","targetHints":{"allow":["GET"]}}],"collection":[{"href":"https:\/\/leregardlibre.com\/en\/wp-json\/wp\/v2\/posts"}],"about":[{"href":"https:\/\/leregardlibre.com\/en\/wp-json\/wp\/v2\/types\/post"}],"author":[{"embeddable":true,"href":"https:\/\/leregardlibre.com\/en\/wp-json\/wp\/v2\/users\/325"}],"replies":[{"embeddable":true,"href":"https:\/\/leregardlibre.com\/en\/wp-json\/wp\/v2\/comments?post=45899"}],"version-history":[{"count":1,"href":"https:\/\/leregardlibre.com\/en\/wp-json\/wp\/v2\/posts\/45899\/revisions"}],"predecessor-version":[{"id":511328,"href":"https:\/\/leregardlibre.com\/en\/wp-json\/wp\/v2\/posts\/45899\/revisions\/511328"}],"wp:featuredmedia":[{"embeddable":true,"href":"https:\/\/leregardlibre.com\/en\/wp-json\/wp\/v2\/media\/45902"}],"wp:attachment":[{"href":"https:\/\/leregardlibre.com\/en\/wp-json\/wp\/v2\/media?parent=45899"}],"wp:term":[{"taxonomy":"category","embeddable":true,"href":"https:\/\/leregardlibre.com\/en\/wp-json\/wp\/v2\/categories?post=45899"},{"taxonomy":"post_tag","embeddable":true,"href":"https:\/\/leregardlibre.com\/en\/wp-json\/wp\/v2\/tags?post=45899"}],"curies":[{"name":"wp","href":"https:\/\/api.w.org\/{rel}","templated":true}]}}