{"id":46084,"date":"2022-02-20T06:00:00","date_gmt":"2022-02-20T05:00:00","guid":{"rendered":"https:\/\/leregardlibre.com\/?p=46084"},"modified":"2022-09-04T10:22:50","modified_gmt":"2022-09-04T08:22:50","slug":"in-1956-boycotting-sport-was-a-complex-act","status":"publish","type":"post","link":"https:\/\/leregardlibre.com\/en\/sport\/in-1956-boycotting-sport-was-a-complex-act\/","title":{"rendered":"In 1956, boycotting sport was a no-holds-barred act"},"content":{"rendered":"<div class='content_excerpt'>\n<p>Le Regard Libre N\u00b0 82 - Yves Di Cristino<\/p>\n\n\n\n<p class=\"has-drop-cap\"><strong>Between China in February and Qatar in November, the world of sport has probably never seen such timid attempts to boycott major events in over six decades. The United States may have skipped the 1980 Olympic Games in Moscow at the height of the Cold War, but few remember 1956, a year so special in every respect. And it also concerns us, as the Swiss Confederation, like seven other nations, proudly decided to boycott the Melbourne Olympics. As for the reasons, they go in all directions.<\/strong><\/p>\n\n\n\n Read the article (subscribers)\n    <div class='restricted_content_fade'><\/div>\n    <\/div>\n  <style>\n    .content_excerpt{\n      position: relative;\n    }\n    .content_excerpt .restricted_content_fade{\n      position: absolute;\n      bottom: 0;\n      left: 0;\n      right: 0;\n      height: 75px;\n\t  margin-bottom: 0px;\n      background-image: linear-gradient(#ffffff2e, white);\n    }\n\n    .restricted_content{\n      margin-top: 30px;\n      border: solid #dddddd 1px;\n      border-radius: 7px;\n      padding: 30px;\n    }\n    \n    .restricted_content .restricted_content_title{\n      font-size: 22px;\n      font-weight: 600;\n    }\n    .restricted_content .restricted_content_flex_row{\n      display: flex;\n      flex-direction: row;\n    }\n    .restricted_content .restricted_content_image_container{\n      flex: 3;\n    }\n    .restricted_content .restricted_content_flex_column{\n      flex: 4;\n      display: flex;\n      flex-direction: column;\n      margin-left: 40px;\n      justify-content: center;\n    }\n\n\n    .restricted_content_buttons{\n      display: flex;\n      flex-direction: column;\n      width: min-content;\n    }\n    .restricted_content_button{\n      background-color: #f2f2f2;\n      text-transform: uppercase;\n      font-weight: 600;\n      padding: 8px 40px;\n      text-align: center;\n      font-size: 13px;\n      margin-top: 10px;\n      width: max-content;\n      width: 100%;\n      white-space: nowrap;\n    }\n    .restricted_content_button:hover {\n      background-color: #111111;\n      color: white;\n      text-decoration: none !important;\n    }\n\n    .restricted_content_primary_button{\n      background-color: #1F2A68 !important;\n      color: white !important;\n    }\n    .restricted_content_primary_button:hover {\n      background-color: #111111;\n    }\n\n    .restricted_content_text{\n      margin-bottom: 10px;\n      line-height: 1.2;\n      font-weight: 500;\n      font-size: 16px;\n    }\n\n  \n  <\/style>\n  <div class='restricted_content'>\n    <h3 class='restricted_content_title'>This content is reserved for our subscribers.<\/h3>\n    <div class='restricted_content_flex_row'>\n      <div class='restricted_content_image_container'>\n        <img class='restricted_content_image' src='\/wp-content\/uploads\/2025\/08\/abo_physique.png' \/>\n      <\/div>\n      <div class='restricted_content_flex_column'>\n        <div class='restricted_content_text'>If you have an account, please log in. Otherwise, discover our different subscription packages and create an account from CHF 2.50 for the first month.<\/div>\n        <div class='restricted_content_buttons'>\n          <a href='\/en\/subscription\/' class='restricted_content_button restricted_content_primary_button'>See subscriptions<\/a><a href='\/en\/my-account\/?redirect_to=https:\/\/leregardlibre.com\/en\/sport\/in-1956-boycotting-sport-was-a-complex-act\/'class='restricted_content_button'>Login<\/a><\/div>\n      <\/div>\n    <\/div>\n  <\/div>","protected":false},"excerpt":{"rendered":"<div class='content_excerpt'>\n<p>Le Regard Libre N\u00b0 82 - Yves Di Cristino<\/p>\n<p class=\"has-drop-cap\"><strong>Between China in February and Qatar in November, the world of sport has probably never seen such timid attempts to boycott major events in over six decades. The United States may have skipped the 1980 Olympic Games in Moscow at the height of the Cold War, but few remember 1956, a year so special in every respect. And it also concerns us, as the Swiss Confederation, like seven other nations, proudly decided to boycott the Melbourne Olympics. As for the reasons, they go in all directions.<\/strong><\/p>\n<p> Read the article (subscribers)<\/p>\n<div class='restricted_content_fade'><\/div>\n<\/p><\/div>\n<style>\n    .content_excerpt{\n      position: relative;\n    }\n    .content_excerpt .restricted_content_fade{\n      position: absolute;\n      bottom: 0;\n      left: 0;\n      right: 0;\n      height: 75px;\n\t  margin-bottom: 0px;\n      background-image: linear-gradient(#ffffff2e, white);\n    }<\/p>\n<p>    .restricted_content{\n      margin-top: 30px;\n      border: solid #dddddd 1px;\n      border-radius: 7px;\n      padding: 30px;\n    }<\/p>\n<p>    .restricted_content .restricted_content_title{\n      font-size: 22px;\n      font-weight: 600;\n    }\n    .restricted_content .restricted_content_flex_row{\n      display: flex;\n      flex-direction: row;\n    }\n    .restricted_content .restricted_content_image_container{\n      flex: 3;\n    }\n    .restricted_content .restricted_content_flex_column{\n      flex: 4;\n      display: flex;\n      flex-direction: column;\n      margin-left: 40px;\n      justify-content: center;\n    }<\/p>\n<p>    .restricted_content_buttons{\n      display: flex;\n      flex-direction: column;\n      width: min-content;\n    }\n    .restricted_content_button{\n      background-color: #f2f2f2;\n      text-transform: uppercase;\n      font-weight: 600;\n      padding: 8px 40px;\n      text-align: center;\n      font-size: 13px;\n      margin-top: 10px;\n      width: max-content;\n      width: 100%;\n      white-space: nowrap;\n    }\n    .restricted_content_button:hover {\n      background-color: #111111;\n      color: white;\n      text-decoration: none !important;\n    }<\/p>\n<p>    .restricted_content_primary_button{\n      background-color: #1F2A68 !important;\n      color: white !important;\n    }\n    .restricted_content_primary_button:hover {\n      background-color: #111111;\n    }<\/p>\n<p>    .restricted_content_text{\n      margin-bottom: 10px;\n      line-height: 1.2;\n      font-weight: 500;\n      font-size: 16px;\n    }<\/p>\n<\/style>\n<div class='restricted_content'>\n<h3 class='restricted_content_title'>This content is reserved for our subscribers.<\/h3>\n<div class='restricted_content_flex_row'>\n<div class='restricted_content_image_container'>\n        <img class='restricted_content_image' src='\/wp-content\/uploads\/2025\/08\/abo_physique.png' \/>\n      <\/div>\n<div class='restricted_content_flex_column'>\n<div class='restricted_content_text'>If you have an account, please log in. Otherwise, discover our different subscription packages and create an account from CHF 2.50 for the first month.<\/div>\n<div class='restricted_content_buttons'>\n          <a href='\/en\/subscription\/' class='restricted_content_button restricted_content_primary_button'>See subscriptions<\/a><a href='\/en\/my-account\/?redirect_to=https:\/\/leregardlibre.com\/en\/sport\/in-1956-boycotting-sport-was-a-complex-act\/'class='restricted_content_button'>Login<\/a><\/div>\n<\/p><\/div>\n<\/p><\/div>\n<\/p><\/div>","protected":false},"author":1,"featured_media":46086,"comment_status":"open","ping_status":"closed","sticky":false,"template":"","format":"standard","meta":{"_acf_changed":false,"footnotes":""},"categories":[825],"tags":[644357322,54529,739228,644357323,140390],"class_list":["post-46084","post","type-post","status-publish","format-standard","has-post-thumbnail","hentry","category-sport","tag-boycott","tag-chine","tag-jeux-olympiques","tag-melbourne","tag-qatar","membership-content","access-restricted"],"acf":[],"yoast_head":"<!-- This site is optimized with the Yoast SEO Premium plugin v27.4 (Yoast SEO v27.4) - https:\/\/yoast.com\/product\/yoast-seo-premium-wordpress\/ -->\n<title>En 1956, le boycott dans le sport \u00e9tait un acte d\u00e9complex\u00e9<\/title>\n<meta name=\"description\" content=\"Entre la Chine en f\u00e9vrier et le Qatar en novembre, le th\u00e8me du boycott dans le sport revient sur le devant de la sc\u00e8ne. Retour en 1956.\" \/>\n<meta name=\"robots\" content=\"index, follow, max-snippet:-1, max-image-preview:large, max-video-preview:-1\" \/>\n<link rel=\"canonical\" href=\"https:\/\/leregardlibre.com\/en\/sport\/in-1956-boycotting-sport-was-a-complex-act\/\" \/>\n<meta property=\"og:locale\" content=\"en_US\" \/>\n<meta property=\"og:type\" content=\"article\" \/>\n<meta property=\"og:title\" content=\"En 1956, le boycott dans le sport \u00e9tait un acte d\u00e9complex\u00e9\" \/>\n<meta property=\"og:description\" content=\"Entre la Chine en f\u00e9vrier et le Qatar en novembre, le th\u00e8me du boycott dans le sport revient sur le devant de la sc\u00e8ne. Retour en 1956.\" \/>\n<meta property=\"og:url\" content=\"https:\/\/leregardlibre.com\/en\/sport\/in-1956-boycotting-sport-was-a-complex-act\/\" \/>\n<meta property=\"og:site_name\" content=\"Le Regard Libre\" \/>\n<meta property=\"article:publisher\" content=\"https:\/\/www.facebook.com\/leregardlibre\/\" \/>\n<meta property=\"article:published_time\" content=\"2022-02-20T05:00:00+00:00\" \/>\n<meta property=\"article:modified_time\" content=\"2022-09-04T08:22:50+00:00\" \/>\n<meta property=\"og:image\" content=\"https:\/\/leregardlibre.com\/wp-content\/uploads\/2022\/02\/1-\u00a9-Smith-Archive-Alamy-3668271875-1645263690483.jpg\" \/>\n\t<meta property=\"og:image:width\" content=\"1985\" \/>\n\t<meta property=\"og:image:height\" content=\"1116\" \/>\n\t<meta property=\"og:image:type\" content=\"image\/jpeg\" \/>\n<meta name=\"author\" content=\"Le Regard Libre\" \/>\n<meta name=\"twitter:card\" content=\"summary_large_image\" \/>\n<meta name=\"twitter:creator\" content=\"@LeRegardLibre\" \/>\n<meta name=\"twitter:site\" content=\"@LeRegardLibre\" \/>\n<meta name=\"twitter:label1\" content=\"Written by\" \/>\n\t<meta name=\"twitter:data1\" content=\"Le Regard Libre\" \/>\n\t<meta name=\"twitter:label2\" content=\"Est. reading time\" \/>\n\t<meta name=\"twitter:data2\" content=\"12 minutes\" \/>\n<script type=\"application\/ld+json\" class=\"yoast-schema-graph\">{\"@context\":\"https:\\\/\\\/schema.org\",\"@graph\":[{\"@type\":\"Article\",\"@id\":\"https:\\\/\\\/leregardlibre.com\\\/sport\\\/en-1956-le-boycott-dans-le-sport-etait-un-acte-decomplexe\\\/#article\",\"isPartOf\":{\"@id\":\"https:\\\/\\\/leregardlibre.com\\\/sport\\\/en-1956-le-boycott-dans-le-sport-etait-un-acte-decomplexe\\\/\"},\"author\":{\"name\":\"Le Regard Libre\",\"@id\":\"https:\\\/\\\/leregardlibre.com\\\/#\\\/schema\\\/person\\\/68aceea2de84966d0928b49556d54101\"},\"headline\":\"En 1956, le boycott dans le sport \u00e9tait un acte d\u00e9complex\u00e9\",\"datePublished\":\"2022-02-20T05:00:00+00:00\",\"dateModified\":\"2022-09-04T08:22:50+00:00\",\"mainEntityOfPage\":{\"@id\":\"https:\\\/\\\/leregardlibre.com\\\/sport\\\/en-1956-le-boycott-dans-le-sport-etait-un-acte-decomplexe\\\/\"},\"wordCount\":2673,\"commentCount\":0,\"publisher\":{\"@id\":\"https:\\\/\\\/leregardlibre.com\\\/#organization\"},\"image\":{\"@id\":\"https:\\\/\\\/leregardlibre.com\\\/sport\\\/en-1956-le-boycott-dans-le-sport-etait-un-acte-decomplexe\\\/#primaryimage\"},\"thumbnailUrl\":\"https:\\\/\\\/leregardlibre.com\\\/wp-content\\\/uploads\\\/2022\\\/02\\\/1-\u00a9-Smith-Archive-Alamy-3668271875-1645263690483.jpg\",\"keywords\":[\"boycott\",\"Chine\",\"Jeux olympiques\",\"melbourne\",\"Qatar\"],\"articleSection\":[\"Sport\"],\"inLanguage\":\"en-US\",\"potentialAction\":[{\"@type\":\"CommentAction\",\"name\":\"Comment\",\"target\":[\"https:\\\/\\\/leregardlibre.com\\\/sport\\\/en-1956-le-boycott-dans-le-sport-etait-un-acte-decomplexe\\\/#respond\"]}]},{\"@type\":\"WebPage\",\"@id\":\"https:\\\/\\\/leregardlibre.com\\\/sport\\\/en-1956-le-boycott-dans-le-sport-etait-un-acte-decomplexe\\\/\",\"url\":\"https:\\\/\\\/leregardlibre.com\\\/sport\\\/en-1956-le-boycott-dans-le-sport-etait-un-acte-decomplexe\\\/\",\"name\":\"En 1956, le boycott dans le sport \u00e9tait un acte d\u00e9complex\u00e9\",\"isPartOf\":{\"@id\":\"https:\\\/\\\/leregardlibre.com\\\/#website\"},\"primaryImageOfPage\":{\"@id\":\"https:\\\/\\\/leregardlibre.com\\\/sport\\\/en-1956-le-boycott-dans-le-sport-etait-un-acte-decomplexe\\\/#primaryimage\"},\"image\":{\"@id\":\"https:\\\/\\\/leregardlibre.com\\\/sport\\\/en-1956-le-boycott-dans-le-sport-etait-un-acte-decomplexe\\\/#primaryimage\"},\"thumbnailUrl\":\"https:\\\/\\\/leregardlibre.com\\\/wp-content\\\/uploads\\\/2022\\\/02\\\/1-\u00a9-Smith-Archive-Alamy-3668271875-1645263690483.jpg\",\"datePublished\":\"2022-02-20T05:00:00+00:00\",\"dateModified\":\"2022-09-04T08:22:50+00:00\",\"description\":\"Entre la Chine en f\u00e9vrier et le Qatar en novembre, le th\u00e8me du boycott dans le sport revient sur le devant de la sc\u00e8ne. Retour en 1956.\",\"breadcrumb\":{\"@id\":\"https:\\\/\\\/leregardlibre.com\\\/sport\\\/en-1956-le-boycott-dans-le-sport-etait-un-acte-decomplexe\\\/#breadcrumb\"},\"inLanguage\":\"en-US\",\"potentialAction\":[{\"@type\":\"ReadAction\",\"target\":[\"https:\\\/\\\/leregardlibre.com\\\/sport\\\/en-1956-le-boycott-dans-le-sport-etait-un-acte-decomplexe\\\/\"]}]},{\"@type\":\"ImageObject\",\"inLanguage\":\"en-US\",\"@id\":\"https:\\\/\\\/leregardlibre.com\\\/sport\\\/en-1956-le-boycott-dans-le-sport-etait-un-acte-decomplexe\\\/#primaryimage\",\"url\":\"https:\\\/\\\/leregardlibre.com\\\/wp-content\\\/uploads\\\/2022\\\/02\\\/1-\u00a9-Smith-Archive-Alamy-3668271875-1645263690483.jpg\",\"contentUrl\":\"https:\\\/\\\/leregardlibre.com\\\/wp-content\\\/uploads\\\/2022\\\/02\\\/1-\u00a9-Smith-Archive-Alamy-3668271875-1645263690483.jpg\",\"width\":1985,\"height\":1116,\"caption\":\"2GJ0DXM Melbourne Olympic Games 1956 The Hungarian standard enters the stadium during the closing ceremony the flag is carried by Stephen Abrahamffi, officer cadet at the OTC at Portsea. 13th December 1956\"},{\"@type\":\"BreadcrumbList\",\"@id\":\"https:\\\/\\\/leregardlibre.com\\\/sport\\\/en-1956-le-boycott-dans-le-sport-etait-un-acte-decomplexe\\\/#breadcrumb\",\"itemListElement\":[{\"@type\":\"ListItem\",\"position\":1,\"name\":\"Accueil\",\"item\":\"https:\\\/\\\/leregardlibre.com\\\/\"},{\"@type\":\"ListItem\",\"position\":2,\"name\":\"En 1956, le boycott dans le sport \u00e9tait un acte d\u00e9complex\u00e9\"}]},{\"@type\":\"WebSite\",\"@id\":\"https:\\\/\\\/leregardlibre.com\\\/#website\",\"url\":\"https:\\\/\\\/leregardlibre.com\\\/\",\"name\":\"Le Regard Libre\",\"description\":\"Premier mensuel suisse de d\u00e9bat\",\"publisher\":{\"@id\":\"https:\\\/\\\/leregardlibre.com\\\/#organization\"},\"potentialAction\":[{\"@type\":\"SearchAction\",\"target\":{\"@type\":\"EntryPoint\",\"urlTemplate\":\"https:\\\/\\\/leregardlibre.com\\\/?s={search_term_string}\"},\"query-input\":{\"@type\":\"PropertyValueSpecification\",\"valueRequired\":true,\"valueName\":\"search_term_string\"}}],\"inLanguage\":\"en-US\"},{\"@type\":\"Organization\",\"@id\":\"https:\\\/\\\/leregardlibre.com\\\/#organization\",\"name\":\"Le Regard Libre\",\"url\":\"https:\\\/\\\/leregardlibre.com\\\/\",\"logo\":{\"@type\":\"ImageObject\",\"inLanguage\":\"en-US\",\"@id\":\"https:\\\/\\\/leregardlibre.com\\\/#\\\/schema\\\/logo\\\/image\\\/\",\"url\":\"https:\\\/\\\/leregardlibre.com\\\/wp-content\\\/uploads\\\/2025\\\/08\\\/logo-rl-icone-neg.jpeg\",\"contentUrl\":\"https:\\\/\\\/leregardlibre.com\\\/wp-content\\\/uploads\\\/2025\\\/08\\\/logo-rl-icone-neg.jpeg\",\"width\":557,\"height\":556,\"caption\":\"Le Regard Libre\"},\"image\":{\"@id\":\"https:\\\/\\\/leregardlibre.com\\\/#\\\/schema\\\/logo\\\/image\\\/\"},\"sameAs\":[\"https:\\\/\\\/www.facebook.com\\\/leregardlibre\\\/\",\"https:\\\/\\\/x.com\\\/LeRegardLibre\",\"https:\\\/\\\/www.linkedin.com\\\/company\\\/le-regard-libre\",\"https:\\\/\\\/www.instagram.com\\\/leregardlibre\\\/\",\"http:\\\/\\\/t.me\\\/leregardlibre\",\"https:\\\/\\\/youtube.com\\\/channel\\\/UC6HzGPomj1LsUmlz-sJtITQ\"],\"description\":\"Le Regard Libre est un mensuel suisse de d\u00e9bat intellectuel et culturel. Sa r\u00e9daction est jeune, b\u00e9n\u00e9vole, lib\u00e9rale et pluraliste. Le magazine para\u00eet en ligne et sous forme papier. Sa langue est le fran\u00e7ais.\",\"email\":\"redaction@leregardlibre.com\",\"legalName\":\"Le Regard Libre\",\"foundingDate\":\"2014-01-01\",\"numberOfEmployees\":{\"@type\":\"QuantitativeValue\",\"minValue\":\"11\",\"maxValue\":\"50\"},\"publishingPrinciples\":\"https:\\\/\\\/leregardlibre.com\\\/a-propos\\\/notre-manifeste\\\/\",\"ownershipFundingInfo\":\"https:\\\/\\\/leregardlibre.com\\\/mentions-legales\\\/\",\"actionableFeedbackPolicy\":\"https:\\\/\\\/leregardlibre.com\\\/conditions-generales-de-vente\\\/\"},{\"@type\":\"Person\",\"@id\":\"https:\\\/\\\/leregardlibre.com\\\/#\\\/schema\\\/person\\\/68aceea2de84966d0928b49556d54101\",\"name\":\"Le Regard Libre\",\"image\":{\"@type\":\"ImageObject\",\"inLanguage\":\"en-US\",\"@id\":\"https:\\\/\\\/secure.gravatar.com\\\/avatar\\\/ccf13a262e399e026577c8158b11cbdef98921ac28fa06bc0d43a2d0e2a4a1c0?s=96&d=identicon&r=g\",\"url\":\"https:\\\/\\\/secure.gravatar.com\\\/avatar\\\/ccf13a262e399e026577c8158b11cbdef98921ac28fa06bc0d43a2d0e2a4a1c0?s=96&d=identicon&r=g\",\"contentUrl\":\"https:\\\/\\\/secure.gravatar.com\\\/avatar\\\/ccf13a262e399e026577c8158b11cbdef98921ac28fa06bc0d43a2d0e2a4a1c0?s=96&d=identicon&r=g\",\"caption\":\"Le Regard Libre\"},\"description\":\"Premier mensuel suisse de d\u00e9bat\",\"sameAs\":[\"https:\\\/\\\/fr.wikipedia.org\\\/wiki\\\/Le_Regard_libre\"],\"url\":\"https:\\\/\\\/leregardlibre.com\\\/en\\\/author\\\/leregardlibre\\\/\"}]}<\/script>\n<!-- \/ Yoast SEO Premium plugin. -->","yoast_head_json":{"title":"In 1956, boycotting sport was a no-holds-barred act","description":"Between China in February and Qatar in November, the subject of boycotts in sport is back in the spotlight. A look back at 1956.","robots":{"index":"index","follow":"follow","max-snippet":"max-snippet:-1","max-image-preview":"max-image-preview:large","max-video-preview":"max-video-preview:-1"},"canonical":"https:\/\/leregardlibre.com\/en\/sport\/in-1956-boycotting-sport-was-a-complex-act\/","og_locale":"en_US","og_type":"article","og_title":"En 1956, le boycott dans le sport \u00e9tait un acte d\u00e9complex\u00e9","og_description":"Entre la Chine en f\u00e9vrier et le Qatar en novembre, le th\u00e8me du boycott dans le sport revient sur le devant de la sc\u00e8ne. Retour en 1956.","og_url":"https:\/\/leregardlibre.com\/en\/sport\/in-1956-boycotting-sport-was-a-complex-act\/","og_site_name":"Le Regard Libre","article_publisher":"https:\/\/www.facebook.com\/leregardlibre\/","article_published_time":"2022-02-20T05:00:00+00:00","article_modified_time":"2022-09-04T08:22:50+00:00","og_image":[{"width":1985,"height":1116,"url":"https:\/\/leregardlibre.com\/wp-content\/uploads\/2022\/02\/1-\u00a9-Smith-Archive-Alamy-3668271875-1645263690483.jpg","type":"image\/jpeg"}],"author":"Le Regard Libre","twitter_card":"summary_large_image","twitter_creator":"@LeRegardLibre","twitter_site":"@LeRegardLibre","twitter_misc":{"Written by":"Le Regard Libre","Est. reading time":"12 minutes"},"schema":{"@context":"https:\/\/schema.org","@graph":[{"@type":"Article","@id":"https:\/\/leregardlibre.com\/sport\/en-1956-le-boycott-dans-le-sport-etait-un-acte-decomplexe\/#article","isPartOf":{"@id":"https:\/\/leregardlibre.com\/sport\/en-1956-le-boycott-dans-le-sport-etait-un-acte-decomplexe\/"},"author":{"name":"Le Regard Libre","@id":"https:\/\/leregardlibre.com\/#\/schema\/person\/68aceea2de84966d0928b49556d54101"},"headline":"En 1956, le boycott dans le sport \u00e9tait un acte d\u00e9complex\u00e9","datePublished":"2022-02-20T05:00:00+00:00","dateModified":"2022-09-04T08:22:50+00:00","mainEntityOfPage":{"@id":"https:\/\/leregardlibre.com\/sport\/en-1956-le-boycott-dans-le-sport-etait-un-acte-decomplexe\/"},"wordCount":2673,"commentCount":0,"publisher":{"@id":"https:\/\/leregardlibre.com\/#organization"},"image":{"@id":"https:\/\/leregardlibre.com\/sport\/en-1956-le-boycott-dans-le-sport-etait-un-acte-decomplexe\/#primaryimage"},"thumbnailUrl":"https:\/\/leregardlibre.com\/wp-content\/uploads\/2022\/02\/1-\u00a9-Smith-Archive-Alamy-3668271875-1645263690483.jpg","keywords":["boycott","Chine","Jeux olympiques","melbourne","Qatar"],"articleSection":["Sport"],"inLanguage":"en-US","potentialAction":[{"@type":"CommentAction","name":"Comment","target":["https:\/\/leregardlibre.com\/sport\/en-1956-le-boycott-dans-le-sport-etait-un-acte-decomplexe\/#respond"]}]},{"@type":"WebPage","@id":"https:\/\/leregardlibre.com\/sport\/en-1956-le-boycott-dans-le-sport-etait-un-acte-decomplexe\/","url":"https:\/\/leregardlibre.com\/sport\/en-1956-le-boycott-dans-le-sport-etait-un-acte-decomplexe\/","name":"In 1956, boycotting sport was a no-holds-barred act","isPartOf":{"@id":"https:\/\/leregardlibre.com\/#website"},"primaryImageOfPage":{"@id":"https:\/\/leregardlibre.com\/sport\/en-1956-le-boycott-dans-le-sport-etait-un-acte-decomplexe\/#primaryimage"},"image":{"@id":"https:\/\/leregardlibre.com\/sport\/en-1956-le-boycott-dans-le-sport-etait-un-acte-decomplexe\/#primaryimage"},"thumbnailUrl":"https:\/\/leregardlibre.com\/wp-content\/uploads\/2022\/02\/1-\u00a9-Smith-Archive-Alamy-3668271875-1645263690483.jpg","datePublished":"2022-02-20T05:00:00+00:00","dateModified":"2022-09-04T08:22:50+00:00","description":"Between China in February and Qatar in November, the subject of boycotts in sport is back in the spotlight. A look back at 1956.","breadcrumb":{"@id":"https:\/\/leregardlibre.com\/sport\/en-1956-le-boycott-dans-le-sport-etait-un-acte-decomplexe\/#breadcrumb"},"inLanguage":"en-US","potentialAction":[{"@type":"ReadAction","target":["https:\/\/leregardlibre.com\/sport\/en-1956-le-boycott-dans-le-sport-etait-un-acte-decomplexe\/"]}]},{"@type":"ImageObject","inLanguage":"en-US","@id":"https:\/\/leregardlibre.com\/sport\/en-1956-le-boycott-dans-le-sport-etait-un-acte-decomplexe\/#primaryimage","url":"https:\/\/leregardlibre.com\/wp-content\/uploads\/2022\/02\/1-\u00a9-Smith-Archive-Alamy-3668271875-1645263690483.jpg","contentUrl":"https:\/\/leregardlibre.com\/wp-content\/uploads\/2022\/02\/1-\u00a9-Smith-Archive-Alamy-3668271875-1645263690483.jpg","width":1985,"height":1116,"caption":"2GJ0DXM Melbourne Olympic Games 1956 The Hungarian standard enters the stadium during the closing ceremony the flag is carried by Stephen Abrahamffi, officer cadet at the OTC at Portsea. 13th December 1956"},{"@type":"BreadcrumbList","@id":"https:\/\/leregardlibre.com\/sport\/en-1956-le-boycott-dans-le-sport-etait-un-acte-decomplexe\/#breadcrumb","itemListElement":[{"@type":"ListItem","position":1,"name":"Accueil","item":"https:\/\/leregardlibre.com\/"},{"@type":"ListItem","position":2,"name":"En 1956, le boycott dans le sport \u00e9tait un acte d\u00e9complex\u00e9"}]},{"@type":"WebSite","@id":"https:\/\/leregardlibre.com\/#website","url":"https:\/\/leregardlibre.com\/","name":"Le Regard Libre","description":"Switzerland's first monthly debate magazine","publisher":{"@id":"https:\/\/leregardlibre.com\/#organization"},"potentialAction":[{"@type":"SearchAction","target":{"@type":"EntryPoint","urlTemplate":"https:\/\/leregardlibre.com\/?s={search_term_string}"},"query-input":{"@type":"PropertyValueSpecification","valueRequired":true,"valueName":"search_term_string"}}],"inLanguage":"en-US"},{"@type":"Organization","@id":"https:\/\/leregardlibre.com\/#organization","name":"Le Regard Libre","url":"https:\/\/leregardlibre.com\/","logo":{"@type":"ImageObject","inLanguage":"en-US","@id":"https:\/\/leregardlibre.com\/#\/schema\/logo\/image\/","url":"https:\/\/leregardlibre.com\/wp-content\/uploads\/2025\/08\/logo-rl-icone-neg.jpeg","contentUrl":"https:\/\/leregardlibre.com\/wp-content\/uploads\/2025\/08\/logo-rl-icone-neg.jpeg","width":557,"height":556,"caption":"Le Regard Libre"},"image":{"@id":"https:\/\/leregardlibre.com\/#\/schema\/logo\/image\/"},"sameAs":["https:\/\/www.facebook.com\/leregardlibre\/","https:\/\/x.com\/LeRegardLibre","https:\/\/www.linkedin.com\/company\/le-regard-libre","https:\/\/www.instagram.com\/leregardlibre\/","http:\/\/t.me\/leregardlibre","https:\/\/youtube.com\/channel\/UC6HzGPomj1LsUmlz-sJtITQ"],"description":"Le Regard Libre is a Swiss monthly magazine for intellectual and cultural debate. Its editorial team is young, voluntary, liberal and pluralist. The magazine appears online and in print. Its language is French.","email":"redaction@leregardlibre.com","legalName":"Le Regard Libre","foundingDate":"2014-01-01","numberOfEmployees":{"@type":"QuantitativeValue","minValue":"11","maxValue":"50"},"publishingPrinciples":"https:\/\/leregardlibre.com\/a-propos\/notre-manifeste\/","ownershipFundingInfo":"https:\/\/leregardlibre.com\/mentions-legales\/","actionableFeedbackPolicy":"https:\/\/leregardlibre.com\/conditions-generales-de-vente\/"},{"@type":"Person","@id":"https:\/\/leregardlibre.com\/#\/schema\/person\/68aceea2de84966d0928b49556d54101","name":"Le Regard Libre","image":{"@type":"ImageObject","inLanguage":"en-US","@id":"https:\/\/secure.gravatar.com\/avatar\/ccf13a262e399e026577c8158b11cbdef98921ac28fa06bc0d43a2d0e2a4a1c0?s=96&d=identicon&r=g","url":"https:\/\/secure.gravatar.com\/avatar\/ccf13a262e399e026577c8158b11cbdef98921ac28fa06bc0d43a2d0e2a4a1c0?s=96&d=identicon&r=g","contentUrl":"https:\/\/secure.gravatar.com\/avatar\/ccf13a262e399e026577c8158b11cbdef98921ac28fa06bc0d43a2d0e2a4a1c0?s=96&d=identicon&r=g","caption":"Le Regard Libre"},"description":"Switzerland's first monthly debate magazine","sameAs":["https:\/\/fr.wikipedia.org\/wiki\/Le_Regard_libre"],"url":"https:\/\/leregardlibre.com\/en\/author\/leregardlibre\/"}]}},"_links":{"self":[{"href":"https:\/\/leregardlibre.com\/en\/wp-json\/wp\/v2\/posts\/46084","targetHints":{"allow":["GET"]}}],"collection":[{"href":"https:\/\/leregardlibre.com\/en\/wp-json\/wp\/v2\/posts"}],"about":[{"href":"https:\/\/leregardlibre.com\/en\/wp-json\/wp\/v2\/types\/post"}],"author":[{"embeddable":true,"href":"https:\/\/leregardlibre.com\/en\/wp-json\/wp\/v2\/users\/1"}],"replies":[{"embeddable":true,"href":"https:\/\/leregardlibre.com\/en\/wp-json\/wp\/v2\/comments?post=46084"}],"version-history":[{"count":1,"href":"https:\/\/leregardlibre.com\/en\/wp-json\/wp\/v2\/posts\/46084\/revisions"}],"predecessor-version":[{"id":511336,"href":"https:\/\/leregardlibre.com\/en\/wp-json\/wp\/v2\/posts\/46084\/revisions\/511336"}],"wp:featuredmedia":[{"embeddable":true,"href":"https:\/\/leregardlibre.com\/en\/wp-json\/wp\/v2\/media\/46086"}],"wp:attachment":[{"href":"https:\/\/leregardlibre.com\/en\/wp-json\/wp\/v2\/media?parent=46084"}],"wp:term":[{"taxonomy":"category","embeddable":true,"href":"https:\/\/leregardlibre.com\/en\/wp-json\/wp\/v2\/categories?post=46084"},{"taxonomy":"post_tag","embeddable":true,"href":"https:\/\/leregardlibre.com\/en\/wp-json\/wp\/v2\/tags?post=46084"}],"curies":[{"name":"wp","href":"https:\/\/api.w.org\/{rel}","templated":true}]}}