{"id":47591,"date":"2022-04-08T06:00:00","date_gmt":"2022-04-08T04:00:00","guid":{"rendered":"https:\/\/leregardlibre.com\/?p=47591"},"modified":"2023-10-29T11:59:45","modified_gmt":"2023-10-29T10:59:45","slug":"laetitia-guinand-hosts-the-fist-from-paris-this-sunday-interview","status":"publish","type":"post","link":"https:\/\/leregardlibre.com\/en\/company\/laetitia-guinand-hosts-the-fist-from-paris-this-sunday-interview\/","title":{"rendered":"Laetitia Guinand will be hosting \u00abLe PoinG\u00bb from Paris this Sunday. Interview"},"content":{"rendered":"<p><em>Unpublished article - <a href=\"https:\/\/leregardlibre.com\/en\/tag\/jonas-follonier\/\">Jonas Follonier<\/a><\/em><\/p>\n\n\n\n<p class=\"has-drop-cap\">Laetitia Guinand hosts her debate show \u00abLe PoinG\u00bb, launched in June last year and broadcast every Sunday evening at 8:00 pm on Geneva's L\u00e9man Bleu TV channel, with her passion intact. The program also features the participation of comedian Alexandre Kominek, with his offbeat columns at the end of the show. This Sunday, April 10, for the first round of the French presidential election, the round table travels to Paris to welcome a host of commentators and political personalities. An opportunity to find out more about how the French-speaking journalist sees the much-needed mission she has set herself: to launch a debate in French-speaking Switzerland.<\/p>\n\n\n\n<!--more Lire l\u2019interview (en libre acc\u00e8s)-->\n\n\n\n<h6 class=\"wp-block-heading\"><em>Le Regard Libre<\/em>: You produce the talk-show \u00abLe PoinG\u00bb, which appeared on L\u00e9man Bleu last June. Why this title?<\/h6>\n\n\n\n<p>Laetitia Guinand: The title is a real eye-opener! More seriously, the G refers to a whole series of words (or evils) at the heart of our debates: war, climate (global warming), internet (4\/5G), LGBTQUIA+. And then Geneva, in homage to our L\u00e9man Bleu channel, and my name, Guinand. Finally, the G-spot I'm playing with is a climax, something we're looking for without necessarily finding. <em>(Smiles)<\/em><\/p>\n\n\n\n\n\n<h6 class=\"wp-block-heading\">Is there a great demand for debate in French-speaking Switzerland? With the new fortnightly rhythm of RTS's \u00abInfrarouge\u00bb program, you'd think not...<\/h6>\n\n\n\n<p>I'm convinced of the opposite, of course! There was a golden age of debate in French-speaking Switzerland; programs like \u00abInfrarouge\u00bb and \u00abForum\u00bb on RTS or Pascal D\u00e9caillet's \u00abGen\u00e8ve \u00e0 chaud\u00bb on L\u00e9man Bleu positively changed our media landscape. It's paradoxical: the more conflictual our society is, the less it should find expression in the media? There's a need for debate, and that's what you're aiming for with your title, quite rightly I think.<\/p>\n\n\n\n<h6 class=\"wp-block-heading\">This Sunday, April 10, you'll be hosting your show from Paris from 7:30pm to 9:00pm to comment on the presidential election results. You have a wide-ranging panel of guests, from Sandrine Rousseau to Elisabeth L\u00e9vy. How do you go about selecting your cast? And will there be a Swiss touch to this TV moment?<\/h6>\n\n\n\n<p>Of course, there's also a strong Swiss flavour, as we're bringing along C\u00e9line Vara, Green member of the Council of States from Neuch\u00e2tel, and Christian L\u00fcscher, PLR National Councillor from Geneva. I love comparative politics. <em>(Laughter)<\/em> These two personalities will be there to draw parallels with the situation in Switzerland and give us their vision of French politics. As for the guests, the decisive criterion remains the variety of points of view and the quality of the people behind them.<\/p>\n\n\n\n<figure class=\"wp-block-image size-large is-resized\"><img fetchpriority=\"high\" decoding=\"async\" src=\"http:\/\/leregardlibre.com\/wp-content\/uploads\/2022\/04\/le-poing-3-1.jpeg\" alt=\"laetitia guinand le poing l\u00e9man bleu premiere june 2021\" class=\"wp-image-47607\" width=\"800\" height=\"533\"\/><figcaption>Laetitia Guinand at the premiere of \u00abLe PoinG\u00bb, a program she hosts and produces, in June 2021.<\/figcaption><\/figure>\n\n\n\n<h6 class=\"wp-block-heading\"><a href=\"https:\/\/leregardlibre.com\/en\/entretiens\/philippe-val-lhumour-suppose-le-sens-du-tragique\/\">Philippe Val<\/a>, former editor-in-chief of <em>Charlie Hebdo<\/em> and France Inter, is the permanent columnist for \u00abPoinG\u00bb. Why did you choose a French contributor with a very assertive stance?<\/h6>\n\n\n\n<p>Precisely to provoke thought. You may not agree with Philippe Val, but you'll recognize that he's a profoundly intelligent man, capable of overhanging even his own thoughts. He also acts as a spur, giving the other guests a boost, in a good way. Even if I find that he has become much more \u00abSwissified\u00bb in our contact, and often rounds off the angles - well, more so than on French TV!<\/p>\n\n\n\n<h6 class=\"wp-block-heading\">After 10 months on the air, how successful have you been?<\/h6>\n\n\n\n<p>Audiences were good, in line with our expectations. For example, we had almost 50,000 viewers for the theme <a href=\"https:\/\/www.youtube.com\/watch?v=Hs6yPVE8wEs&amp;ab_channel=L%C3%A9manBleu\">\u00abDoes socialism still have a future?\u00bb<\/a>. The brand has quickly established itself and is taking off on the digital front.<\/p>\n\n\n\n\n\n<h6 class=\"wp-block-heading\"><strong>Controversies are currently raging over freedom of expression, woke ideology... Do you feel that there are limits to the exchange of opinions?<\/strong><\/h6>\n\n\n\n<p>I'd be tempted to tell you that we shouldn't forbid ourselves, but the reality is much more complex. Journalism has always been a skilful balance between the desire to reveal realities, at the risk of offending, and the need to be heard. It's not an exact science. I myself deprogrammed Alexandre Kominek and his humor column at the start of the war in Ukraine, believing that the climate was too emotional to mix serious, even dramatic, content with derision on our primarily political program.<\/p>\n\n\n\n<h6 class=\"wp-block-heading\">That's your business, because you have the freedom - and the responsibility - to make such decisions. But what about the pressures that come from outside, from society, which sometimes get the better of journalists because they're scared or have no choice?<\/h6>\n\n\n\n<p>Of course, the pressure today is much greater on the media, due in particular to social networks, but that's not all. Pressures can also be economic, political and legal, and we have to fight to free ourselves from the desire to please at all costs, because this is a very bad advisor for our profession.<\/p>\n\n\n\n<form method=\"post\" action=\"https:\/\/newsletter.infomaniak.com\/external\/submit\" class=\"inf-form\" target=\"_blank\"><input type=\"email\" name=\"email\" style=\"display:none\"><input type=\"hidden\" name=\"key\" value=\"eyJpdiI6IlZXRVJGMlRGQUU2alNqUE81bitIUk5adnNVa0c4MllFTStzOHdHT1FQZ3c9IiwidmFsdWUiOiJIYzhwMUVCK1pTNnlhY3MyMmhuZlhReWJqemEwNk93blMxTjFHc0s2VHZrPSIsIm1hYyI6ImVhYTQ5N2I1M2NiYWE4NzBmNjk2NzgzYjliM2Y5NmYzM2E2ZmU3NGQxNTU1ZDFkMTU1MzY5NTdjYjE3ZTJmNTUifQ==\"><input type=\"hidden\" name=\"webform_id\" value=\"7291\"><style> .inf-main_3000311ca56a1cb93397bc676c0b7fff{ background-color:#f5f5f5; padding:25px 20px; margin:25px auto; } .inf-main_3000311ca56a1cb93397bc676c0b7fff .inf-content { margin-top:13px;} .inf-main_3000311ca56a1cb93397bc676c0b7fff h4, .inf-main_3000311ca56a1cb93397bc676c0b7fff span, .inf-main_3000311ca56a1cb93397bc676c0b7fff label, .inf-main_3000311ca56a1cb93397bc676c0b7fff input, .inf-main_3000311ca56a1cb93397bc676c0b7fff .inf-submit, .inf-main_3000311ca56a1cb93397bc676c0b7fff .inf-success p a { color:#555555; font-size:14px; } .inf-main_3000311ca56a1cb93397bc676c0b7fff h4{ font-size:18px; margin:0px 0px 13px 0px; } .inf-main_3000311ca56a1cb93397bc676c0b7fff h4, .inf-main_3000311ca56a1cb93397bc676c0b7fff label{ font-weight:bold; } .inf-main_3000311ca56a1cb93397bc676c0b7fff .inf-input { margin-bottom:7px; } .inf-main_3000311ca56a1cb93397bc676c0b7fff label { display:block;} .inf-main_3000311ca56a1cb93397bc676c0b7fff input{ height:35px; color:#999999; border: 1px solid #E9E9E9; border:none; padding-left:7px; } .inf-main_3000311ca56a1cb93397bc676c0b7fff .inf-input.inf-error label, .inf-main_3000311ca56a1cb93397bc676c0b7fff .inf-input.inf-error span.inf-message{ color: #cc0033; } .inf-main_3000311ca56a1cb93397bc676c0b7fff .inf-input.inf-error input{ border: 1px solid #cc0033; } .inf-main_3000311ca56a1cb93397bc676c0b7fff .inf-input input { width:100%;} .inf-main_3000311ca56a1cb93397bc676c0b7fff .inf-input.inf-error span.inf-message { display: block; } .inf-main_3000311ca56a1cb93397bc676c0b7fff .inf-submit { text-align:right;} .inf-main_3000311ca56a1cb93397bc676c0b7fff .inf-submit input{ background-color:#777777; color:#ffffff; border:none; font-weight: normal; height:auto; padding:7px; } .inf-main_3000311ca56a1cb93397bc676c0b7fff .inf-submit input.disabled{ opacity: 0.4; } .inf-btn { color: rgb(85, 85, 85); border: medium none; font-weight: normal; height: auto; padding: 7px; display: inline-block; background-color: white; box-shadow: 0px 1px 1px rgba(0, 0, 0, 0.24); border-radius: 2px; line-height: 1em; } .inf-rgpd { margin:25px 0px 15px 0px; color:#555555; } <\/style> <div class=\"inf-main_3000311ca56a1cb93397bc676c0b7fff\"> <h4>NEWSLETTER DU REGARD LIBRE<\/h4> <span>Receive our articles every Sunday.<\/span> <div class=\"inf-success\" style=\"display:none\"> <h4>Your subscription to our weekly newsletter has been successfully registered!<\/h4> <p> <a href=\"#\" class=\"inf-btn\">\u00ab<\/a> <\/p> <\/div> <div class=\"inf-content\"> <div class=\"inf-input inf-input-text\"> <input type=\"text\" name=\"inf[1]\" data-inf-meta=\"1\" data-inf-error=\"Merci de renseigner une adresse email\" required=\"required\" placeholder=\"Email\"> <\/div> <div class=\"inf-submit\"> <input type=\"submit\" name=\"\" value=\"Sign up\"> <\/div> <\/div> <\/div> <\/form>\n\n\n\n<h6 class=\"wp-block-heading\">Some issues become difficult to tackle calmly... But you tackle them. And sometimes, surprise, irreconcilable ideas turn out to be complementary!<\/h6>\n\n\n\n<p>Some themes are more sensitive and polarizing than others, such as identity. But every era has its taboos. The golden rule of debate, in my opinion, is to oppose ideas, even virulently, without personal attack. The subject can be identity-related; the argument, on the other hand, must never be. That's the point.<\/p>\n\n\n\n\n\n<h6 class=\"wp-block-heading\">Emmanuel Macron will not have taken part in any debates before the first round. His opponents are calling it a denial of democracy. What do you think of this criticism?<\/h6>\n\n\n\n<p>Emmanuel Macron is trying to be a Mitterand bis, a President above the fray, but times have changed. I don't know what will come out of the ballot box, but if the polls are right, he risks paying dearly for his lack of grassroots campaigning and proximity to the population. More than 50% of French people today claim to be radical, whether they vote or not. And this is largely due to Emmanuel Macron's record.<\/p>\n\n\n\n<h6 class=\"wp-block-heading\">Your dream guest for a future show?<\/h6>\n\n\n\n<p>Madonna? Vladimir Putin? More seriously, the quality of a debate depends very much on the chemistry between the guests. It's not just about one person.<\/p>\n\n\n\n<p><em>Write to the author: <a href=\"https:\/\/leregardlibre.com\/en\/tag\/jonas-follonier\/\">jonas.follonier@leregardlibre.com<\/a><\/em><\/p>\n\n\n\n<h3 class=\"wp-block-heading\">Editor's choice:<\/h3>\n\n\n\n<figure class=\"wp-block-embed is-type-video is-provider-youtube wp-block-embed-youtube wp-embed-aspect-16-9 wp-has-aspect-ratio\"><div class=\"wp-block-embed__wrapper\">\n<iframe title=\"INT\u00c9GRALE - Le PoinG from March 27, 2022 - \u269b\ufe0f\" width=\"1000\" height=\"563\" src=\"https:\/\/www.youtube.com\/embed\/imlCTl8JOVQ?start=1184&#038;feature=oembed\" frameborder=\"0\" allow=\"accelerometer; autoplay; clipboard-write; encrypted-media; gyroscope; picture-in-picture; web-share\" referrerpolicy=\"strict-origin-when-cross-origin\" allowfullscreen><\/iframe>\n<\/div><\/figure>\n\n\n\n<figure class=\"wp-block-embed is-type-video is-provider-youtube wp-block-embed-youtube wp-embed-aspect-16-9 wp-has-aspect-ratio\"><div class=\"wp-block-embed__wrapper\">\n<iframe title=\"INT\u00c9GRALE - Le PoinG du 15 novembre\" width=\"1000\" height=\"563\" src=\"https:\/\/www.youtube.com\/embed\/Nspcij9ke_o?feature=oembed\" frameborder=\"0\" allow=\"accelerometer; autoplay; clipboard-write; encrypted-media; gyroscope; picture-in-picture; web-share\" referrerpolicy=\"strict-origin-when-cross-origin\" allowfullscreen><\/iframe>\n<\/div><\/figure>\n\n\n\n<figure class=\"wp-block-embed is-type-video is-provider-youtube wp-block-embed-youtube wp-embed-aspect-16-9 wp-has-aspect-ratio\"><div class=\"wp-block-embed__wrapper\">\n<iframe title=\"INT\u00c9GRALE - Le PoinG February 6 - Beware of drawings!\" width=\"1000\" height=\"563\" src=\"https:\/\/www.youtube.com\/embed\/C1gROOmlryg?feature=oembed\" frameborder=\"0\" allow=\"accelerometer; autoplay; clipboard-write; encrypted-media; gyroscope; picture-in-picture; web-share\" referrerpolicy=\"strict-origin-when-cross-origin\" allowfullscreen><\/iframe>\n<\/div><\/figure>","protected":false},"excerpt":{"rendered":"<p>Article in\u00e9dit \u2013 Jonas Follonier Laetitia Guinand anime avec une passion intacte son \u00e9mission de d\u00e9bat \u00abLe PoinG\u00bb lanc\u00e9e en&#8230;<\/p>","protected":false},"author":138,"featured_media":47605,"comment_status":"open","ping_status":"open","sticky":false,"template":"","format":"standard","meta":{"_acf_changed":false,"footnotes":""},"categories":[8796],"tags":[4155756,11788,644358343,644352737,644357347,644344797,459],"class_list":["post-47591","post","type-post","status-publish","format-standard","has-post-thumbnail","hentry","category-societe","tag-debat-didees","tag-interviews","tag-laetitia-guinand","tag-madonna","tag-philippe-val","tag-presidentielle-francaise-2022","tag-television"],"acf":[],"yoast_head":"<!-- This site is optimized with the Yoast SEO Premium plugin v27.4 (Yoast SEO v27.4) - https:\/\/yoast.com\/product\/yoast-seo-premium-wordpress\/ -->\n<title>Laetitia Guinand animera \u00abLe PoinG\u00bb depuis Paris ce dimanche. Interview<\/title>\n<meta name=\"description\" content=\"Laetitia Guinand rencontre le succ\u00e8s avec son \u00e9mission de d\u00e9bat hebdomadaire \u00abLe Poing\u00bb, qu&#039;elle animera depuis Paris ce 10 avril. Interview\" \/>\n<meta name=\"robots\" content=\"index, follow, max-snippet:-1, max-image-preview:large, max-video-preview:-1\" \/>\n<link rel=\"canonical\" href=\"https:\/\/leregardlibre.com\/en\/company\/laetitia-guinand-hosts-the-fist-from-paris-this-sunday-interview\/\" \/>\n<meta property=\"og:locale\" content=\"en_US\" \/>\n<meta property=\"og:type\" content=\"article\" \/>\n<meta property=\"og:title\" content=\"Laetitia Guinand animera \u00abLe PoinG\u00bb depuis Paris ce dimanche. Interview\" \/>\n<meta property=\"og:description\" content=\"Laetitia Guinand rencontre le succ\u00e8s avec son \u00e9mission de d\u00e9bat hebdomadaire \u00abLe Poing\u00bb, qu&#039;elle animera depuis Paris ce 10 avril. Interview\" \/>\n<meta property=\"og:url\" content=\"https:\/\/leregardlibre.com\/en\/company\/laetitia-guinand-hosts-the-fist-from-paris-this-sunday-interview\/\" \/>\n<meta property=\"og:site_name\" content=\"Le Regard Libre\" \/>\n<meta property=\"article:publisher\" content=\"https:\/\/www.facebook.com\/leregardlibre\/\" \/>\n<meta property=\"article:author\" content=\"https:\/\/www.facebook.com\/jonas.follonier\/\" \/>\n<meta property=\"article:published_time\" content=\"2022-04-08T04:00:00+00:00\" \/>\n<meta property=\"article:modified_time\" content=\"2023-10-29T10:59:45+00:00\" \/>\n<meta property=\"og:image\" content=\"https:\/\/leregardlibre.com\/wp-content\/uploads\/2022\/04\/le-poing-7-3553158409-1649358535418-scaled.jpeg\" \/>\n\t<meta property=\"og:image:width\" content=\"2560\" \/>\n\t<meta property=\"og:image:height\" content=\"1440\" \/>\n\t<meta property=\"og:image:type\" content=\"image\/jpeg\" \/>\n<meta name=\"author\" content=\"Jonas Follonier\" \/>\n<meta name=\"twitter:card\" content=\"summary_large_image\" \/>\n<meta name=\"twitter:creator\" content=\"@LeRegardLibre\" \/>\n<meta name=\"twitter:site\" content=\"@LeRegardLibre\" \/>\n<meta name=\"twitter:label1\" content=\"Written by\" \/>\n\t<meta name=\"twitter:data1\" content=\"Jonas Follonier\" \/>\n\t<meta name=\"twitter:label2\" content=\"Est. reading time\" \/>\n\t<meta name=\"twitter:data2\" content=\"7 minutes\" \/>\n<script type=\"application\/ld+json\" class=\"yoast-schema-graph\">{\"@context\":\"https:\\\/\\\/schema.org\",\"@graph\":[{\"@type\":\"Article\",\"@id\":\"https:\\\/\\\/leregardlibre.com\\\/societe\\\/laetitia-guinand-animera-le-poing-depuis-paris-ce-dimanche-interview\\\/#article\",\"isPartOf\":{\"@id\":\"https:\\\/\\\/leregardlibre.com\\\/societe\\\/laetitia-guinand-animera-le-poing-depuis-paris-ce-dimanche-interview\\\/\"},\"author\":{\"name\":\"Jonas Follonier\",\"@id\":\"https:\\\/\\\/leregardlibre.com\\\/#\\\/schema\\\/person\\\/bfe5aa794a23be71485d60e2d93ec0d2\"},\"headline\":\"Laetitia Guinand animera \u00abLe PoinG\u00bb depuis Paris ce dimanche. Interview\",\"datePublished\":\"2022-04-08T04:00:00+00:00\",\"dateModified\":\"2023-10-29T10:59:45+00:00\",\"mainEntityOfPage\":{\"@id\":\"https:\\\/\\\/leregardlibre.com\\\/societe\\\/laetitia-guinand-animera-le-poing-depuis-paris-ce-dimanche-interview\\\/\"},\"wordCount\":1273,\"commentCount\":0,\"publisher\":{\"@id\":\"https:\\\/\\\/leregardlibre.com\\\/#organization\"},\"image\":{\"@id\":\"https:\\\/\\\/leregardlibre.com\\\/societe\\\/laetitia-guinand-animera-le-poing-depuis-paris-ce-dimanche-interview\\\/#primaryimage\"},\"thumbnailUrl\":\"https:\\\/\\\/leregardlibre.com\\\/wp-content\\\/uploads\\\/2022\\\/04\\\/le-poing-7-3553158409-1649358535418-scaled.jpeg\",\"keywords\":[\"D\u00e9bat d\u2019id\u00e9es\",\"Interview\",\"Laetitia Guinand\",\"Madonna\",\"Philippe Val\",\"Pr\u00e9sidentielle fran\u00e7aise 2022\",\"T\u00e9l\u00e9vision\"],\"articleSection\":[\"Soci\u00e9t\u00e9\"],\"inLanguage\":\"en-US\",\"potentialAction\":[{\"@type\":\"CommentAction\",\"name\":\"Comment\",\"target\":[\"https:\\\/\\\/leregardlibre.com\\\/societe\\\/laetitia-guinand-animera-le-poing-depuis-paris-ce-dimanche-interview\\\/#respond\"]}]},{\"@type\":\"WebPage\",\"@id\":\"https:\\\/\\\/leregardlibre.com\\\/societe\\\/laetitia-guinand-animera-le-poing-depuis-paris-ce-dimanche-interview\\\/\",\"url\":\"https:\\\/\\\/leregardlibre.com\\\/societe\\\/laetitia-guinand-animera-le-poing-depuis-paris-ce-dimanche-interview\\\/\",\"name\":\"Laetitia Guinand animera \u00abLe PoinG\u00bb depuis Paris ce dimanche. Interview\",\"isPartOf\":{\"@id\":\"https:\\\/\\\/leregardlibre.com\\\/#website\"},\"primaryImageOfPage\":{\"@id\":\"https:\\\/\\\/leregardlibre.com\\\/societe\\\/laetitia-guinand-animera-le-poing-depuis-paris-ce-dimanche-interview\\\/#primaryimage\"},\"image\":{\"@id\":\"https:\\\/\\\/leregardlibre.com\\\/societe\\\/laetitia-guinand-animera-le-poing-depuis-paris-ce-dimanche-interview\\\/#primaryimage\"},\"thumbnailUrl\":\"https:\\\/\\\/leregardlibre.com\\\/wp-content\\\/uploads\\\/2022\\\/04\\\/le-poing-7-3553158409-1649358535418-scaled.jpeg\",\"datePublished\":\"2022-04-08T04:00:00+00:00\",\"dateModified\":\"2023-10-29T10:59:45+00:00\",\"description\":\"Laetitia Guinand rencontre le succ\u00e8s avec son \u00e9mission de d\u00e9bat hebdomadaire \u00abLe Poing\u00bb, qu'elle animera depuis Paris ce 10 avril. Interview\",\"breadcrumb\":{\"@id\":\"https:\\\/\\\/leregardlibre.com\\\/societe\\\/laetitia-guinand-animera-le-poing-depuis-paris-ce-dimanche-interview\\\/#breadcrumb\"},\"inLanguage\":\"en-US\",\"potentialAction\":[{\"@type\":\"ReadAction\",\"target\":[\"https:\\\/\\\/leregardlibre.com\\\/societe\\\/laetitia-guinand-animera-le-poing-depuis-paris-ce-dimanche-interview\\\/\"]}]},{\"@type\":\"ImageObject\",\"inLanguage\":\"en-US\",\"@id\":\"https:\\\/\\\/leregardlibre.com\\\/societe\\\/laetitia-guinand-animera-le-poing-depuis-paris-ce-dimanche-interview\\\/#primaryimage\",\"url\":\"https:\\\/\\\/leregardlibre.com\\\/wp-content\\\/uploads\\\/2022\\\/04\\\/le-poing-7-3553158409-1649358535418-scaled.jpeg\",\"contentUrl\":\"https:\\\/\\\/leregardlibre.com\\\/wp-content\\\/uploads\\\/2022\\\/04\\\/le-poing-7-3553158409-1649358535418-scaled.jpeg\",\"width\":2560,\"height\":1440,\"caption\":\"Laetitia Guinand, animatrice et productrice de l'\u00e9mission Le PoinG sur L\u00e9man Bleu\"},{\"@type\":\"BreadcrumbList\",\"@id\":\"https:\\\/\\\/leregardlibre.com\\\/societe\\\/laetitia-guinand-animera-le-poing-depuis-paris-ce-dimanche-interview\\\/#breadcrumb\",\"itemListElement\":[{\"@type\":\"ListItem\",\"position\":1,\"name\":\"Accueil\",\"item\":\"https:\\\/\\\/leregardlibre.com\\\/\"},{\"@type\":\"ListItem\",\"position\":2,\"name\":\"Laetitia Guinand animera \u00abLe PoinG\u00bb depuis Paris ce dimanche. Interview\"}]},{\"@type\":\"WebSite\",\"@id\":\"https:\\\/\\\/leregardlibre.com\\\/#website\",\"url\":\"https:\\\/\\\/leregardlibre.com\\\/\",\"name\":\"Le Regard Libre\",\"description\":\"Premier mensuel suisse de d\u00e9bat\",\"publisher\":{\"@id\":\"https:\\\/\\\/leregardlibre.com\\\/#organization\"},\"potentialAction\":[{\"@type\":\"SearchAction\",\"target\":{\"@type\":\"EntryPoint\",\"urlTemplate\":\"https:\\\/\\\/leregardlibre.com\\\/?s={search_term_string}\"},\"query-input\":{\"@type\":\"PropertyValueSpecification\",\"valueRequired\":true,\"valueName\":\"search_term_string\"}}],\"inLanguage\":\"en-US\"},{\"@type\":\"Organization\",\"@id\":\"https:\\\/\\\/leregardlibre.com\\\/#organization\",\"name\":\"Le Regard Libre\",\"url\":\"https:\\\/\\\/leregardlibre.com\\\/\",\"logo\":{\"@type\":\"ImageObject\",\"inLanguage\":\"en-US\",\"@id\":\"https:\\\/\\\/leregardlibre.com\\\/#\\\/schema\\\/logo\\\/image\\\/\",\"url\":\"https:\\\/\\\/leregardlibre.com\\\/wp-content\\\/uploads\\\/2025\\\/08\\\/logo-rl-icone-neg.jpeg\",\"contentUrl\":\"https:\\\/\\\/leregardlibre.com\\\/wp-content\\\/uploads\\\/2025\\\/08\\\/logo-rl-icone-neg.jpeg\",\"width\":557,\"height\":556,\"caption\":\"Le Regard Libre\"},\"image\":{\"@id\":\"https:\\\/\\\/leregardlibre.com\\\/#\\\/schema\\\/logo\\\/image\\\/\"},\"sameAs\":[\"https:\\\/\\\/www.facebook.com\\\/leregardlibre\\\/\",\"https:\\\/\\\/x.com\\\/LeRegardLibre\",\"https:\\\/\\\/www.linkedin.com\\\/company\\\/le-regard-libre\",\"https:\\\/\\\/www.instagram.com\\\/leregardlibre\\\/\",\"http:\\\/\\\/t.me\\\/leregardlibre\",\"https:\\\/\\\/youtube.com\\\/channel\\\/UC6HzGPomj1LsUmlz-sJtITQ\"],\"description\":\"Le Regard Libre est un mensuel suisse de d\u00e9bat intellectuel et culturel. Sa r\u00e9daction est jeune, b\u00e9n\u00e9vole, lib\u00e9rale et pluraliste. Le magazine para\u00eet en ligne et sous forme papier. Sa langue est le fran\u00e7ais.\",\"email\":\"redaction@leregardlibre.com\",\"legalName\":\"Le Regard Libre\",\"foundingDate\":\"2014-01-01\",\"numberOfEmployees\":{\"@type\":\"QuantitativeValue\",\"minValue\":\"11\",\"maxValue\":\"50\"},\"publishingPrinciples\":\"https:\\\/\\\/leregardlibre.com\\\/a-propos\\\/notre-manifeste\\\/\",\"ownershipFundingInfo\":\"https:\\\/\\\/leregardlibre.com\\\/mentions-legales\\\/\",\"actionableFeedbackPolicy\":\"https:\\\/\\\/leregardlibre.com\\\/conditions-generales-de-vente\\\/\"},{\"@type\":\"Person\",\"@id\":\"https:\\\/\\\/leregardlibre.com\\\/#\\\/schema\\\/person\\\/bfe5aa794a23be71485d60e2d93ec0d2\",\"name\":\"Jonas Follonier\",\"image\":{\"@type\":\"ImageObject\",\"inLanguage\":\"en-US\",\"@id\":\"https:\\\/\\\/secure.gravatar.com\\\/avatar\\\/602060b40f6a458420c2d140f49b6caea99152ce6704f2c332e5a0c5aad80303?s=96&d=identicon&r=g\",\"url\":\"https:\\\/\\\/secure.gravatar.com\\\/avatar\\\/602060b40f6a458420c2d140f49b6caea99152ce6704f2c332e5a0c5aad80303?s=96&d=identicon&r=g\",\"contentUrl\":\"https:\\\/\\\/secure.gravatar.com\\\/avatar\\\/602060b40f6a458420c2d140f49b6caea99152ce6704f2c332e5a0c5aad80303?s=96&d=identicon&r=g\",\"caption\":\"Jonas Follonier\"},\"description\":\"Correspondant au Palais f\u00e9d\u00e9ral pour \u00abL\u2019Agefi\u00bb, auteur-compositeur-interpr\u00e8te et essayiste, Jonas Follonier est le fondateur et r\u00e9dacteur en chef du \u00abRegard Libre\u00bb.\",\"sameAs\":[\"https:\\\/\\\/www.facebook.com\\\/jonas.follonier\\\/\",\"https:\\\/\\\/www.instagram.com\\\/jonasfollonier\\\/\",\"https:\\\/\\\/www.linkedin.com\\\/in\\\/jonasfollonier\\\/\",\"https:\\\/\\\/fr.wikipedia.org\\\/wiki\\\/Le_Regard_libre\"],\"url\":\"https:\\\/\\\/leregardlibre.com\\\/en\\\/author\\\/jonas-follonier\\\/\"}]}<\/script>\n<!-- \/ Yoast SEO Premium plugin. -->","yoast_head_json":{"title":"Laetitia Guinand will be hosting \u00abLe PoinG\u00bb from Paris this Sunday. Interview","description":"Laetitia Guinand is enjoying success with her weekly talk show \u00abLe Poing\u00bb, which she will be hosting from Paris on April 10. Interview","robots":{"index":"index","follow":"follow","max-snippet":"max-snippet:-1","max-image-preview":"max-image-preview:large","max-video-preview":"max-video-preview:-1"},"canonical":"https:\/\/leregardlibre.com\/en\/company\/laetitia-guinand-hosts-the-fist-from-paris-this-sunday-interview\/","og_locale":"en_US","og_type":"article","og_title":"Laetitia Guinand animera \u00abLe PoinG\u00bb depuis Paris ce dimanche. Interview","og_description":"Laetitia Guinand rencontre le succ\u00e8s avec son \u00e9mission de d\u00e9bat hebdomadaire \u00abLe Poing\u00bb, qu'elle animera depuis Paris ce 10 avril. Interview","og_url":"https:\/\/leregardlibre.com\/en\/company\/laetitia-guinand-hosts-the-fist-from-paris-this-sunday-interview\/","og_site_name":"Le Regard Libre","article_publisher":"https:\/\/www.facebook.com\/leregardlibre\/","article_author":"https:\/\/www.facebook.com\/jonas.follonier\/","article_published_time":"2022-04-08T04:00:00+00:00","article_modified_time":"2023-10-29T10:59:45+00:00","og_image":[{"width":2560,"height":1440,"url":"https:\/\/leregardlibre.com\/wp-content\/uploads\/2022\/04\/le-poing-7-3553158409-1649358535418-scaled.jpeg","type":"image\/jpeg"}],"author":"Jonas Follonier","twitter_card":"summary_large_image","twitter_creator":"@LeRegardLibre","twitter_site":"@LeRegardLibre","twitter_misc":{"Written by":"Jonas Follonier","Est. reading time":"7 minutes"},"schema":{"@context":"https:\/\/schema.org","@graph":[{"@type":"Article","@id":"https:\/\/leregardlibre.com\/societe\/laetitia-guinand-animera-le-poing-depuis-paris-ce-dimanche-interview\/#article","isPartOf":{"@id":"https:\/\/leregardlibre.com\/societe\/laetitia-guinand-animera-le-poing-depuis-paris-ce-dimanche-interview\/"},"author":{"name":"Jonas Follonier","@id":"https:\/\/leregardlibre.com\/#\/schema\/person\/bfe5aa794a23be71485d60e2d93ec0d2"},"headline":"Laetitia Guinand animera \u00abLe PoinG\u00bb depuis Paris ce dimanche. Interview","datePublished":"2022-04-08T04:00:00+00:00","dateModified":"2023-10-29T10:59:45+00:00","mainEntityOfPage":{"@id":"https:\/\/leregardlibre.com\/societe\/laetitia-guinand-animera-le-poing-depuis-paris-ce-dimanche-interview\/"},"wordCount":1273,"commentCount":0,"publisher":{"@id":"https:\/\/leregardlibre.com\/#organization"},"image":{"@id":"https:\/\/leregardlibre.com\/societe\/laetitia-guinand-animera-le-poing-depuis-paris-ce-dimanche-interview\/#primaryimage"},"thumbnailUrl":"https:\/\/leregardlibre.com\/wp-content\/uploads\/2022\/04\/le-poing-7-3553158409-1649358535418-scaled.jpeg","keywords":["D\u00e9bat d\u2019id\u00e9es","Interview","Laetitia Guinand","Madonna","Philippe Val","Pr\u00e9sidentielle fran\u00e7aise 2022","T\u00e9l\u00e9vision"],"articleSection":["Soci\u00e9t\u00e9"],"inLanguage":"en-US","potentialAction":[{"@type":"CommentAction","name":"Comment","target":["https:\/\/leregardlibre.com\/societe\/laetitia-guinand-animera-le-poing-depuis-paris-ce-dimanche-interview\/#respond"]}]},{"@type":"WebPage","@id":"https:\/\/leregardlibre.com\/societe\/laetitia-guinand-animera-le-poing-depuis-paris-ce-dimanche-interview\/","url":"https:\/\/leregardlibre.com\/societe\/laetitia-guinand-animera-le-poing-depuis-paris-ce-dimanche-interview\/","name":"Laetitia Guinand will be hosting \u00abLe PoinG\u00bb from Paris this Sunday. Interview","isPartOf":{"@id":"https:\/\/leregardlibre.com\/#website"},"primaryImageOfPage":{"@id":"https:\/\/leregardlibre.com\/societe\/laetitia-guinand-animera-le-poing-depuis-paris-ce-dimanche-interview\/#primaryimage"},"image":{"@id":"https:\/\/leregardlibre.com\/societe\/laetitia-guinand-animera-le-poing-depuis-paris-ce-dimanche-interview\/#primaryimage"},"thumbnailUrl":"https:\/\/leregardlibre.com\/wp-content\/uploads\/2022\/04\/le-poing-7-3553158409-1649358535418-scaled.jpeg","datePublished":"2022-04-08T04:00:00+00:00","dateModified":"2023-10-29T10:59:45+00:00","description":"Laetitia Guinand is enjoying success with her weekly talk show \u00abLe Poing\u00bb, which she will be hosting from Paris on April 10. Interview","breadcrumb":{"@id":"https:\/\/leregardlibre.com\/societe\/laetitia-guinand-animera-le-poing-depuis-paris-ce-dimanche-interview\/#breadcrumb"},"inLanguage":"en-US","potentialAction":[{"@type":"ReadAction","target":["https:\/\/leregardlibre.com\/societe\/laetitia-guinand-animera-le-poing-depuis-paris-ce-dimanche-interview\/"]}]},{"@type":"ImageObject","inLanguage":"en-US","@id":"https:\/\/leregardlibre.com\/societe\/laetitia-guinand-animera-le-poing-depuis-paris-ce-dimanche-interview\/#primaryimage","url":"https:\/\/leregardlibre.com\/wp-content\/uploads\/2022\/04\/le-poing-7-3553158409-1649358535418-scaled.jpeg","contentUrl":"https:\/\/leregardlibre.com\/wp-content\/uploads\/2022\/04\/le-poing-7-3553158409-1649358535418-scaled.jpeg","width":2560,"height":1440,"caption":"Laetitia Guinand, animatrice et productrice de l'\u00e9mission Le PoinG sur L\u00e9man Bleu"},{"@type":"BreadcrumbList","@id":"https:\/\/leregardlibre.com\/societe\/laetitia-guinand-animera-le-poing-depuis-paris-ce-dimanche-interview\/#breadcrumb","itemListElement":[{"@type":"ListItem","position":1,"name":"Accueil","item":"https:\/\/leregardlibre.com\/"},{"@type":"ListItem","position":2,"name":"Laetitia Guinand animera \u00abLe PoinG\u00bb depuis Paris ce dimanche. Interview"}]},{"@type":"WebSite","@id":"https:\/\/leregardlibre.com\/#website","url":"https:\/\/leregardlibre.com\/","name":"Le Regard Libre","description":"Switzerland's first monthly debate magazine","publisher":{"@id":"https:\/\/leregardlibre.com\/#organization"},"potentialAction":[{"@type":"SearchAction","target":{"@type":"EntryPoint","urlTemplate":"https:\/\/leregardlibre.com\/?s={search_term_string}"},"query-input":{"@type":"PropertyValueSpecification","valueRequired":true,"valueName":"search_term_string"}}],"inLanguage":"en-US"},{"@type":"Organization","@id":"https:\/\/leregardlibre.com\/#organization","name":"Le Regard Libre","url":"https:\/\/leregardlibre.com\/","logo":{"@type":"ImageObject","inLanguage":"en-US","@id":"https:\/\/leregardlibre.com\/#\/schema\/logo\/image\/","url":"https:\/\/leregardlibre.com\/wp-content\/uploads\/2025\/08\/logo-rl-icone-neg.jpeg","contentUrl":"https:\/\/leregardlibre.com\/wp-content\/uploads\/2025\/08\/logo-rl-icone-neg.jpeg","width":557,"height":556,"caption":"Le Regard Libre"},"image":{"@id":"https:\/\/leregardlibre.com\/#\/schema\/logo\/image\/"},"sameAs":["https:\/\/www.facebook.com\/leregardlibre\/","https:\/\/x.com\/LeRegardLibre","https:\/\/www.linkedin.com\/company\/le-regard-libre","https:\/\/www.instagram.com\/leregardlibre\/","http:\/\/t.me\/leregardlibre","https:\/\/youtube.com\/channel\/UC6HzGPomj1LsUmlz-sJtITQ"],"description":"Le Regard Libre is a Swiss monthly magazine for intellectual and cultural debate. Its editorial team is young, voluntary, liberal and pluralist. The magazine appears online and in print. Its language is French.","email":"redaction@leregardlibre.com","legalName":"Le Regard Libre","foundingDate":"2014-01-01","numberOfEmployees":{"@type":"QuantitativeValue","minValue":"11","maxValue":"50"},"publishingPrinciples":"https:\/\/leregardlibre.com\/a-propos\/notre-manifeste\/","ownershipFundingInfo":"https:\/\/leregardlibre.com\/mentions-legales\/","actionableFeedbackPolicy":"https:\/\/leregardlibre.com\/conditions-generales-de-vente\/"},{"@type":"Person","@id":"https:\/\/leregardlibre.com\/#\/schema\/person\/bfe5aa794a23be71485d60e2d93ec0d2","name":"Jonas Follonier","image":{"@type":"ImageObject","inLanguage":"en-US","@id":"https:\/\/secure.gravatar.com\/avatar\/602060b40f6a458420c2d140f49b6caea99152ce6704f2c332e5a0c5aad80303?s=96&d=identicon&r=g","url":"https:\/\/secure.gravatar.com\/avatar\/602060b40f6a458420c2d140f49b6caea99152ce6704f2c332e5a0c5aad80303?s=96&d=identicon&r=g","contentUrl":"https:\/\/secure.gravatar.com\/avatar\/602060b40f6a458420c2d140f49b6caea99152ce6704f2c332e5a0c5aad80303?s=96&d=identicon&r=g","caption":"Jonas Follonier"},"description":"Federal Palace correspondent for \u00abL'Agefi\u00bb, singer-songwriter Jonas Follonier is the founder and editor-in-chief of \u00abRegard Libre\u00bb.","sameAs":["https:\/\/www.facebook.com\/jonas.follonier\/","https:\/\/www.instagram.com\/jonasfollonier\/","https:\/\/www.linkedin.com\/in\/jonasfollonier\/","https:\/\/fr.wikipedia.org\/wiki\/Le_Regard_libre"],"url":"https:\/\/leregardlibre.com\/en\/author\/jonas-follonier\/"}]}},"_links":{"self":[{"href":"https:\/\/leregardlibre.com\/en\/wp-json\/wp\/v2\/posts\/47591","targetHints":{"allow":["GET"]}}],"collection":[{"href":"https:\/\/leregardlibre.com\/en\/wp-json\/wp\/v2\/posts"}],"about":[{"href":"https:\/\/leregardlibre.com\/en\/wp-json\/wp\/v2\/types\/post"}],"author":[{"embeddable":true,"href":"https:\/\/leregardlibre.com\/en\/wp-json\/wp\/v2\/users\/138"}],"replies":[{"embeddable":true,"href":"https:\/\/leregardlibre.com\/en\/wp-json\/wp\/v2\/comments?post=47591"}],"version-history":[{"count":2,"href":"https:\/\/leregardlibre.com\/en\/wp-json\/wp\/v2\/posts\/47591\/revisions"}],"predecessor-version":[{"id":511383,"href":"https:\/\/leregardlibre.com\/en\/wp-json\/wp\/v2\/posts\/47591\/revisions\/511383"}],"wp:featuredmedia":[{"embeddable":true,"href":"https:\/\/leregardlibre.com\/en\/wp-json\/wp\/v2\/media\/47605"}],"wp:attachment":[{"href":"https:\/\/leregardlibre.com\/en\/wp-json\/wp\/v2\/media?parent=47591"}],"wp:term":[{"taxonomy":"category","embeddable":true,"href":"https:\/\/leregardlibre.com\/en\/wp-json\/wp\/v2\/categories?post=47591"},{"taxonomy":"post_tag","embeddable":true,"href":"https:\/\/leregardlibre.com\/en\/wp-json\/wp\/v2\/tags?post=47591"}],"curies":[{"name":"wp","href":"https:\/\/api.w.org\/{rel}","templated":true}]}}