{"id":47691,"date":"2022-04-10T06:00:00","date_gmt":"2022-04-10T04:00:00","guid":{"rendered":"https:\/\/leregardlibre.com\/?p=47691"},"modified":"2025-12-13T22:54:28","modified_gmt":"2025-12-13T21:54:28","slug":"nicolas-jutzet-valerie-pecresse-has-something-ofhillary-clinton-about-her-only-worse","status":"publish","type":"post","link":"https:\/\/leregardlibre.com\/en\/policy\/france\/nicolas-jutzet-valerie-pecresse-has-something-ofhillary-clinton-about-her-only-worse\/","title":{"rendered":"Nicolas Jutzet: \u00abVal\u00e9rie P\u00e9cresse has something of Hillary Clinton about her, only worse\u00bb.\u00bb"},"content":{"rendered":"<p class=\"has-drop-cap\">Nicolas Jutzet, project manager at Institut Lib\u00e9ral and co-founder of the platform <a href=\"https:\/\/www.liber-the.com\/\">Liber-th\u00e9<\/a>, is a liberal through and through, having read the works of Fr\u00e9d\u00e9ric Bastiat, Benjamin Constant and Friedrich Hayek. This 27-year-old intellectual had already retired from political life last year. He had made a name for himself in the media, where he became a frequent contributor, by leading the French-speaking campaign for the \u00abNo Billag\u00bb initiative, calling for the abolition of the licence fee, and then, more recently, the first successful initiative of the Young Swiss Liberal-Radicals, aimed at linking the retirement age to life expectancy. I wanted to ask him what he thought of the French presidential campaign that has just ended. I covered the previous campaign with him, when he <a href=\"https:\/\/leregardlibre.com\/en\/tag\/nicolas-jutzet\/\">began his editorial career at<em> Regard Libre<\/em><\/a> and that his hope had a name: Macron. Since then, water has flowed under the bridge.<\/p>\n\n\n\n<!--more-->\n\n\n\n<h6 class=\"wp-block-heading\"><strong><em>Le Regard Libre<\/em>: What's your impression of the presidential campaign as it draws to a close?<\/strong><\/h6>\n\n\n\n<p>Nicolas Jutzet: It was rather a painful pseudo-campaign. First there was Covid, which paradoxically suited the president because it prevented him from having to talk about other subjects. Then there was the war in Ukraine, which - quite rightly, of course - replaced most of the issues. The campaign never really took off. As a result, the quality of candidates declines with each election, but we haven't really found a solution to remedy the situation. The whole dynamic of redistribution of political power in France, with the decomposition of traditional parties, leads to mediocrity. Macron has openly decided to play on the fact that the election will be a duel between him and the extremes. To do so is to dynamite the forces that can be constructive, intellectually well-formed and capable of nuance.<\/p>\n\n\n\n<h6 class=\"wp-block-heading\"><strong>What do you mean by that?<\/strong><\/h6>\n\n\n\n<p>On the left, we have a candidate who is complacent with political Islam, with conspiracy tendencies, and who has totally siphoned off the rest: M\u00e9lenchon. And on the far right, we have someone even more nationalistic than Marine Le Pen, who has monopolized the media spotlight: Zemmour. Before Macron, there were forces that, if not perfect, were present on the ground: the Socialists on the left, the Republicans (ex-UMP) on the right. Macron has replaced these local relays with a kind of false party, with godillot deputies with no roots. He has encouraged the rise of forces that have exactly the same problem: France insoumise, Rassemblement national and Reconqu\u00eate (Zemmour's movement) have no presence in the communes and regions.<\/p>\n\n\n\n<h6 class=\"wp-block-heading\"><strong>Apart from these aspects, do you think Macron is a liberal?<\/strong><\/h6>\n\n\n\n<p>Unfortunately, hope turned to disappointment. Macron has attacked individual freedoms and spent public money to an extent never achieved by the presidents who preceded him. Admittedly, he has faced various crises during his term of office: the \u00abgilets jaunes\u00bb, Covid, the war in Ukraine... But on principle, even his friend <a href=\"https:\/\/leregardlibre.com\/en\/policy\/lavertissement-de-francois-sureau\/\">Fran\u00e7ois Sureau<\/a>, recently elected to the Acad\u00e9mie fran\u00e7aise, believes that his five-year term has been a horror for freedom. Freedom was already suffocating in France before him, but with him it's dead, as a value.<\/p>\n\n\n\n<h6 class=\"wp-block-heading\"><strong>The world still had to deal with a pandemic!<\/strong><\/h6>\n\n\n\n<p>Yes, but that doesn't excuse everything: France has been much more liberal than Switzerland, for example. What struck me, to take a specific case, was that you needed a circular to leave your house. France was probably the most paternalistic democratic state in the world during this pandemic. Another example, not related to Covid this time, is the way the state cracked down on the \u00abgilets jaunes\u00bb during the protests. What sums up Macron is that he is strong with the weak and weak with the strong. The public perceives him as contemptuous, simply because he is, and during the \u00abgilets jaunes\u00bb crisis it really showed.<\/p>\n\n\n\n<h6 class=\"wp-block-heading\"><strong>Michel Onfray, <\/strong><a href=\"https:\/\/www.causeur.fr\/michel-onfray-foutriquet-macron-presidentielle-2022-229808\"><strong>in a recent interview<\/strong><\/a><strong>, This man has a peculiar narcissism: he is classic, he is a man of the world, he is a man of the world, he is a man of the world.<\/strong>\u2019<strong>is the one from whom<\/strong>\u2019<strong>loves, but it is also doubled by<\/strong>\u2019<strong>a rage against anyone who doesn't subscribe to his narcissism. He s<\/strong>\u2019<strong>loves, but he<\/strong>\u2019<strong>doesn't like<\/strong>\u2019<strong>the<\/strong>\u2019<strong>don't like.\u00bb<\/strong><\/h6>\n\n\n\n<p>I totally agree with him on this point. Macron gives the impression that he has an answer for everything, that he seduces even when he's asleep. He has succeeded in being more credible in his role as president than his predecessors, by not being constantly in the media's little phrases, but there is a downside. Economist Jean-Marc Daniel has explained that every time Macron faces a problem, he spends billions. He responds to every problem by increasing the presence of the state. Before becoming president, Macron said that France \u00abis Cuba without the sun\u00bb; he has become the archetype of what he denounced.<\/p>\n\n\n\n<h6 class=\"wp-block-heading\"><strong>Macron, in fact, is the most Jacobin of the presidents of the Fifth Republic.<\/strong><strong><sup>th<\/sup><\/strong><strong> Republic, for better or for worse.<\/strong><\/h6>\n\n\n\n<p>Mostly for the worse. He's a centralizing hyper-president who has no safety valve between himself and the population, which is very dangerous. When violence explodes, there's no mediator to channel it. Macron has spoken very little to journalists, preferring to go through his own communication, and has methodically destroyed the intermediary bodies. As for the unions, he has also done so because they were not representative, living historically on subsidies rather than membership fees. Basically, Macron has unveiled a deception, a secret that everyone suspected. But the problem is that he hasn't replaced these intermediary bodies with something more constructive, but with violent verticality.<\/p>\n\n\n\n<h6 class=\"wp-block-heading\"><strong>You're forgetting the Citizens' Climate Convention. <em>(Laughter)<\/em><\/strong><\/h6>\n\n\n\n<p>This political gadget... Let him build nuclear power plants instead of conventions!<\/p>\n\n\n\n<h6 class=\"wp-block-heading\"><strong>Isn't the problem with Macron that he wants to please everyone?<\/strong>?<\/h6>\n\n\n\n<p>Yes, it's his famous \u00abat the same time\u00bb side. We've seen over the past five years that he also has great difficulty surrounding himself with brilliant people, preferring to surround himself with technocrats of no stature. And he doesn't seem to feel at ease when it comes to making decisions, hence his annoying tendency to spend.<\/p>\n\n\n\n<h6 class=\"wp-block-heading\"><strong>Which candidate do you find most appealing?<\/strong><\/h6>\n\n\n\n<p>When I fill in questionnaires online, I end up with P\u00e9cresse rather than Macron. She's probably a little more liberal economically, at least on paper. Socially, I tend to share Macron's positions. But it's not just the program, it's the person. With P\u00e9cresse, what's obvious is that everything is wrong. She's a bit like Hillary Clinton, only worse. I think if I had the right to vote, I'd abstain. This hyper-presidential system is on its last legs; to vote is to legitimize it.<\/p>\n\n\n\n<form method=\"post\" action=\"https:\/\/newsletter.infomaniak.com\/external\/submit\" class=\"inf-form\" target=\"_blank\"><input type=\"email\" name=\"email\" style=\"display:none\"><input type=\"hidden\" name=\"key\" value=\"eyJpdiI6IlZXRVJGMlRGQUU2alNqUE81bitIUk5adnNVa0c4MllFTStzOHdHT1FQZ3c9IiwidmFsdWUiOiJIYzhwMUVCK1pTNnlhY3MyMmhuZlhReWJqemEwNk93blMxTjFHc0s2VHZrPSIsIm1hYyI6ImVhYTQ5N2I1M2NiYWE4NzBmNjk2NzgzYjliM2Y5NmYzM2E2ZmU3NGQxNTU1ZDFkMTU1MzY5NTdjYjE3ZTJmNTUifQ==\"><input type=\"hidden\" name=\"webform_id\" value=\"7291\"><style> .inf-main_3000311ca56a1cb93397bc676c0b7fff{ background-color:#f5f5f5; padding:25px 20px; margin:25px auto; } .inf-main_3000311ca56a1cb93397bc676c0b7fff .inf-content { margin-top:13px;} .inf-main_3000311ca56a1cb93397bc676c0b7fff h4, .inf-main_3000311ca56a1cb93397bc676c0b7fff span, .inf-main_3000311ca56a1cb93397bc676c0b7fff label, .inf-main_3000311ca56a1cb93397bc676c0b7fff input, .inf-main_3000311ca56a1cb93397bc676c0b7fff .inf-submit, .inf-main_3000311ca56a1cb93397bc676c0b7fff .inf-success p a { color:#555555; font-size:14px; } .inf-main_3000311ca56a1cb93397bc676c0b7fff h4{ font-size:18px; margin:0px 0px 13px 0px; } .inf-main_3000311ca56a1cb93397bc676c0b7fff h4, .inf-main_3000311ca56a1cb93397bc676c0b7fff label{ font-weight:bold; } .inf-main_3000311ca56a1cb93397bc676c0b7fff .inf-input { margin-bottom:7px; } .inf-main_3000311ca56a1cb93397bc676c0b7fff label { display:block;} .inf-main_3000311ca56a1cb93397bc676c0b7fff input{ height:35px; color:#999999; border: 1px solid #E9E9E9; border:none; padding-left:7px; } .inf-main_3000311ca56a1cb93397bc676c0b7fff .inf-input.inf-error label, .inf-main_3000311ca56a1cb93397bc676c0b7fff .inf-input.inf-error span.inf-message{ color: #cc0033; } .inf-main_3000311ca56a1cb93397bc676c0b7fff .inf-input.inf-error input{ border: 1px solid #cc0033; } .inf-main_3000311ca56a1cb93397bc676c0b7fff .inf-input input { width:100%;} .inf-main_3000311ca56a1cb93397bc676c0b7fff .inf-input.inf-error span.inf-message { display: block; } .inf-main_3000311ca56a1cb93397bc676c0b7fff .inf-submit { text-align:right;} .inf-main_3000311ca56a1cb93397bc676c0b7fff .inf-submit input{ background-color:#777777; color:#ffffff; border:none; font-weight: normal; height:auto; padding:7px; } .inf-main_3000311ca56a1cb93397bc676c0b7fff .inf-submit input.disabled{ opacity: 0.4; } .inf-btn { color: rgb(85, 85, 85); border: medium none; font-weight: normal; height: auto; padding: 7px; display: inline-block; background-color: white; box-shadow: 0px 1px 1px rgba(0, 0, 0, 0.24); border-radius: 2px; line-height: 1em; } .inf-rgpd { margin:25px 0px 15px 0px; color:#555555; } <\/style> <div class=\"inf-main_3000311ca56a1cb93397bc676c0b7fff\"> <h4>NEWSLETTER DU REGARD LIBRE<\/h4> <span>Receive our articles every Sunday.<\/span> <div class=\"inf-success\" style=\"display:none\"> <h4>Your subscription to our weekly newsletter has been successfully registered!<\/h4> <p> <a href=\"#\" class=\"inf-btn\">\u00ab<\/a> <\/p> <\/div> <div class=\"inf-content\"> <div class=\"inf-input inf-input-text\"> <input type=\"text\" name=\"inf[1]\" data-inf-meta=\"1\" data-inf-error=\"Merci de renseigner une adresse email\" required=\"required\" placeholder=\"Email\"> <\/div> <div class=\"inf-submit\"> <input type=\"submit\" name=\"\" value=\"Sign up\"> <\/div> <\/div> <\/div> <\/form>\n\n\n\n<h6 class=\"wp-block-heading\"><strong>Yann Moix <a href=\"https:\/\/www.youtube.com\/watch?v=Mt4v0qKvUmo\">said recently on France 2<\/a> that the big difference between Zemmour and P\u00e9cresse is that the former is exactly what he says.<\/strong><\/h6>\n\n\n\n<p>That's a good summary. In the end, Zemmour probably collapsed because he assumed everything. I have infinitely more respect for an individual who \u00abdies\u00bb for what he thinks, even if I disagree with him, than for someone who adapts his speech to the opinion of the moment.<\/p>\n\n\n\n<p><em>Write to the author:&nbsp;<a href=\"https:\/\/leregardlibre.com\/en\/tag\/jonas-follonier\/\">jonas.follonier@leregardlibre.com<\/a><\/em><\/p>","protected":false},"excerpt":{"rendered":"<p>I covered the previous French election with him, when he was just starting out on his editorial career at Regard Libre and his hope had a name: Macron. Since then, water has flowed under the bridge. Here's an assessment of a campaign he described as \u00abpainful\u00bb.<\/p>","protected":false},"author":138,"featured_media":47699,"comment_status":"open","ping_status":"open","sticky":false,"template":"","format":"standard","meta":{"_acf_changed":false,"footnotes":""},"categories":[644357280],"tags":[74619484,678911,64094,11788,644357638,644344797,644357556],"class_list":["post-47691","post","type-post","status-publish","format-standard","has-post-thumbnail","hentry","category-france","tag-emmanuel-macron","tag-frederic-bastiat","tag-hillary-clinton","tag-interviews","tag-nicolas-jutzet","tag-presidentielle-francaise-2022","tag-valerie-pecresse"],"acf":[],"yoast_head":"<!-- This site is optimized with the Yoast SEO Premium plugin v27.4 (Yoast SEO v27.4) - https:\/\/yoast.com\/product\/yoast-seo-premium-wordpress\/ -->\n<title>Nicolas Jutzet: \u00abP\u00e9cresse a quelque chose d\u2019Hillary Clinton, en pire\u00bb<\/title>\n<meta name=\"description\" content=\"Nicolas Jutzet, cofondateur de la plateforme Liber-th\u00e9, revient sur la campagne pr\u00e9sidentielle fran\u00e7aise, Val\u00e9rie P\u00e9cresse et Emmanuel Macron\" \/>\n<meta name=\"robots\" content=\"index, follow, max-snippet:-1, max-image-preview:large, max-video-preview:-1\" \/>\n<link rel=\"canonical\" href=\"https:\/\/leregardlibre.com\/en\/policy\/france\/nicolas-jutzet-valerie-pecresse-has-something-ofhillary-clinton-about-her-only-worse\/\" \/>\n<meta property=\"og:locale\" content=\"en_US\" \/>\n<meta property=\"og:type\" content=\"article\" \/>\n<meta property=\"og:title\" content=\"Nicolas Jutzet: \u00abVal\u00e9rie P\u00e9cresse a quelque chose d\u2019Hillary Clinton, en pire\u00bb\" \/>\n<meta property=\"og:description\" content=\"Nicolas Jutzet, cofondateur de la plateforme Liber-th\u00e9, revient sur la campagne pr\u00e9sidentielle fran\u00e7aise, Val\u00e9rie P\u00e9cresse et Emmanuel Macron\" \/>\n<meta property=\"og:url\" content=\"https:\/\/leregardlibre.com\/en\/policy\/france\/nicolas-jutzet-valerie-pecresse-has-something-ofhillary-clinton-about-her-only-worse\/\" \/>\n<meta property=\"og:site_name\" content=\"Le Regard Libre\" \/>\n<meta property=\"article:publisher\" content=\"https:\/\/www.facebook.com\/leregardlibre\/\" \/>\n<meta property=\"article:author\" content=\"https:\/\/www.facebook.com\/jonas.follonier\/\" \/>\n<meta property=\"article:published_time\" content=\"2022-04-10T04:00:00+00:00\" \/>\n<meta property=\"article:modified_time\" content=\"2025-12-13T21:54:28+00:00\" \/>\n<meta property=\"og:image\" content=\"https:\/\/leregardlibre.com\/wp-content\/uploads\/2022\/04\/Nicolas-Jutzet-sur-la-campagne-pre\u0301sidentielle-1-1024x576.png\" \/>\n\t<meta property=\"og:image:width\" content=\"1024\" \/>\n\t<meta property=\"og:image:height\" content=\"576\" \/>\n\t<meta property=\"og:image:type\" content=\"image\/png\" \/>\n<meta name=\"author\" content=\"Jonas Follonier\" \/>\n<meta name=\"twitter:card\" content=\"summary_large_image\" \/>\n<meta name=\"twitter:creator\" content=\"@LeRegardLibre\" \/>\n<meta name=\"twitter:site\" content=\"@LeRegardLibre\" \/>\n<meta name=\"twitter:label1\" content=\"Written by\" \/>\n\t<meta name=\"twitter:data1\" content=\"Jonas Follonier\" \/>\n\t<meta name=\"twitter:label2\" content=\"Est. reading time\" \/>\n\t<meta name=\"twitter:data2\" content=\"7 minutes\" \/>\n<script type=\"application\/ld+json\" class=\"yoast-schema-graph\">{\"@context\":\"https:\\\/\\\/schema.org\",\"@graph\":[{\"@type\":\"Article\",\"@id\":\"https:\\\/\\\/leregardlibre.com\\\/politique\\\/france\\\/nicolas-jutzet-valerie-pecresse-a-quelque-chose-dhillary-clinton-en-pire\\\/#article\",\"isPartOf\":{\"@id\":\"https:\\\/\\\/leregardlibre.com\\\/politique\\\/france\\\/nicolas-jutzet-valerie-pecresse-a-quelque-chose-dhillary-clinton-en-pire\\\/\"},\"author\":{\"name\":\"Jonas Follonier\",\"@id\":\"https:\\\/\\\/leregardlibre.com\\\/#\\\/schema\\\/person\\\/bfe5aa794a23be71485d60e2d93ec0d2\"},\"headline\":\"Nicolas Jutzet: \u00abVal\u00e9rie P\u00e9cresse a quelque chose d\u2019Hillary Clinton, en pire\u00bb\",\"datePublished\":\"2022-04-10T04:00:00+00:00\",\"dateModified\":\"2025-12-13T21:54:28+00:00\",\"mainEntityOfPage\":{\"@id\":\"https:\\\/\\\/leregardlibre.com\\\/politique\\\/france\\\/nicolas-jutzet-valerie-pecresse-a-quelque-chose-dhillary-clinton-en-pire\\\/\"},\"wordCount\":1473,\"commentCount\":0,\"publisher\":{\"@id\":\"https:\\\/\\\/leregardlibre.com\\\/#organization\"},\"image\":{\"@id\":\"https:\\\/\\\/leregardlibre.com\\\/politique\\\/france\\\/nicolas-jutzet-valerie-pecresse-a-quelque-chose-dhillary-clinton-en-pire\\\/#primaryimage\"},\"thumbnailUrl\":\"https:\\\/\\\/leregardlibre.com\\\/wp-content\\\/uploads\\\/2022\\\/04\\\/Nicolas-Jutzet-sur-la-campagne-pre\u0301sidentielle-1.png\",\"keywords\":[\"Emmanuel Macron\",\"Fr\u00e9d\u00e9ric Bastiat\",\"Hillary Clinton\",\"Interview\",\"Nicolas Jutzet\",\"Pr\u00e9sidentielle fran\u00e7aise 2022\",\"Val\u00e9rie P\u00e9cresse\"],\"articleSection\":[\"France\"],\"inLanguage\":\"en-US\",\"potentialAction\":[{\"@type\":\"CommentAction\",\"name\":\"Comment\",\"target\":[\"https:\\\/\\\/leregardlibre.com\\\/politique\\\/france\\\/nicolas-jutzet-valerie-pecresse-a-quelque-chose-dhillary-clinton-en-pire\\\/#respond\"]}]},{\"@type\":\"WebPage\",\"@id\":\"https:\\\/\\\/leregardlibre.com\\\/politique\\\/france\\\/nicolas-jutzet-valerie-pecresse-a-quelque-chose-dhillary-clinton-en-pire\\\/\",\"url\":\"https:\\\/\\\/leregardlibre.com\\\/politique\\\/france\\\/nicolas-jutzet-valerie-pecresse-a-quelque-chose-dhillary-clinton-en-pire\\\/\",\"name\":\"Nicolas Jutzet: \u00abP\u00e9cresse a quelque chose d\u2019Hillary Clinton, en pire\u00bb\",\"isPartOf\":{\"@id\":\"https:\\\/\\\/leregardlibre.com\\\/#website\"},\"primaryImageOfPage\":{\"@id\":\"https:\\\/\\\/leregardlibre.com\\\/politique\\\/france\\\/nicolas-jutzet-valerie-pecresse-a-quelque-chose-dhillary-clinton-en-pire\\\/#primaryimage\"},\"image\":{\"@id\":\"https:\\\/\\\/leregardlibre.com\\\/politique\\\/france\\\/nicolas-jutzet-valerie-pecresse-a-quelque-chose-dhillary-clinton-en-pire\\\/#primaryimage\"},\"thumbnailUrl\":\"https:\\\/\\\/leregardlibre.com\\\/wp-content\\\/uploads\\\/2022\\\/04\\\/Nicolas-Jutzet-sur-la-campagne-pre\u0301sidentielle-1.png\",\"datePublished\":\"2022-04-10T04:00:00+00:00\",\"dateModified\":\"2025-12-13T21:54:28+00:00\",\"description\":\"Nicolas Jutzet, cofondateur de la plateforme Liber-th\u00e9, revient sur la campagne pr\u00e9sidentielle fran\u00e7aise, Val\u00e9rie P\u00e9cresse et Emmanuel Macron\",\"breadcrumb\":{\"@id\":\"https:\\\/\\\/leregardlibre.com\\\/politique\\\/france\\\/nicolas-jutzet-valerie-pecresse-a-quelque-chose-dhillary-clinton-en-pire\\\/#breadcrumb\"},\"inLanguage\":\"en-US\",\"potentialAction\":[{\"@type\":\"ReadAction\",\"target\":[\"https:\\\/\\\/leregardlibre.com\\\/politique\\\/france\\\/nicolas-jutzet-valerie-pecresse-a-quelque-chose-dhillary-clinton-en-pire\\\/\"]}]},{\"@type\":\"ImageObject\",\"inLanguage\":\"en-US\",\"@id\":\"https:\\\/\\\/leregardlibre.com\\\/politique\\\/france\\\/nicolas-jutzet-valerie-pecresse-a-quelque-chose-dhillary-clinton-en-pire\\\/#primaryimage\",\"url\":\"https:\\\/\\\/leregardlibre.com\\\/wp-content\\\/uploads\\\/2022\\\/04\\\/Nicolas-Jutzet-sur-la-campagne-pre\u0301sidentielle-1.png\",\"contentUrl\":\"https:\\\/\\\/leregardlibre.com\\\/wp-content\\\/uploads\\\/2022\\\/04\\\/Nicolas-Jutzet-sur-la-campagne-pre\u0301sidentielle-1.png\",\"width\":1920,\"height\":1080,\"caption\":\"Nicolas Jutzet sur la campagne pre\u0301sidentielle et Val\u00e9rie P\u00e9cresse\"},{\"@type\":\"BreadcrumbList\",\"@id\":\"https:\\\/\\\/leregardlibre.com\\\/politique\\\/france\\\/nicolas-jutzet-valerie-pecresse-a-quelque-chose-dhillary-clinton-en-pire\\\/#breadcrumb\",\"itemListElement\":[{\"@type\":\"ListItem\",\"position\":1,\"name\":\"Accueil\",\"item\":\"https:\\\/\\\/leregardlibre.com\\\/\"},{\"@type\":\"ListItem\",\"position\":2,\"name\":\"Nicolas Jutzet: \u00abVal\u00e9rie P\u00e9cresse a quelque chose d\u2019Hillary Clinton, en pire\u00bb\"}]},{\"@type\":\"WebSite\",\"@id\":\"https:\\\/\\\/leregardlibre.com\\\/#website\",\"url\":\"https:\\\/\\\/leregardlibre.com\\\/\",\"name\":\"Le Regard Libre\",\"description\":\"Premier mensuel suisse de d\u00e9bat\",\"publisher\":{\"@id\":\"https:\\\/\\\/leregardlibre.com\\\/#organization\"},\"potentialAction\":[{\"@type\":\"SearchAction\",\"target\":{\"@type\":\"EntryPoint\",\"urlTemplate\":\"https:\\\/\\\/leregardlibre.com\\\/?s={search_term_string}\"},\"query-input\":{\"@type\":\"PropertyValueSpecification\",\"valueRequired\":true,\"valueName\":\"search_term_string\"}}],\"inLanguage\":\"en-US\"},{\"@type\":\"Organization\",\"@id\":\"https:\\\/\\\/leregardlibre.com\\\/#organization\",\"name\":\"Le Regard Libre\",\"url\":\"https:\\\/\\\/leregardlibre.com\\\/\",\"logo\":{\"@type\":\"ImageObject\",\"inLanguage\":\"en-US\",\"@id\":\"https:\\\/\\\/leregardlibre.com\\\/#\\\/schema\\\/logo\\\/image\\\/\",\"url\":\"https:\\\/\\\/leregardlibre.com\\\/wp-content\\\/uploads\\\/2025\\\/08\\\/logo-rl-icone-neg.jpeg\",\"contentUrl\":\"https:\\\/\\\/leregardlibre.com\\\/wp-content\\\/uploads\\\/2025\\\/08\\\/logo-rl-icone-neg.jpeg\",\"width\":557,\"height\":556,\"caption\":\"Le Regard Libre\"},\"image\":{\"@id\":\"https:\\\/\\\/leregardlibre.com\\\/#\\\/schema\\\/logo\\\/image\\\/\"},\"sameAs\":[\"https:\\\/\\\/www.facebook.com\\\/leregardlibre\\\/\",\"https:\\\/\\\/x.com\\\/LeRegardLibre\",\"https:\\\/\\\/www.linkedin.com\\\/company\\\/le-regard-libre\",\"https:\\\/\\\/www.instagram.com\\\/leregardlibre\\\/\",\"http:\\\/\\\/t.me\\\/leregardlibre\",\"https:\\\/\\\/youtube.com\\\/channel\\\/UC6HzGPomj1LsUmlz-sJtITQ\"],\"description\":\"Le Regard Libre est un mensuel suisse de d\u00e9bat intellectuel et culturel. Sa r\u00e9daction est jeune, b\u00e9n\u00e9vole, lib\u00e9rale et pluraliste. Le magazine para\u00eet en ligne et sous forme papier. Sa langue est le fran\u00e7ais.\",\"email\":\"redaction@leregardlibre.com\",\"legalName\":\"Le Regard Libre\",\"foundingDate\":\"2014-01-01\",\"numberOfEmployees\":{\"@type\":\"QuantitativeValue\",\"minValue\":\"11\",\"maxValue\":\"50\"},\"publishingPrinciples\":\"https:\\\/\\\/leregardlibre.com\\\/a-propos\\\/notre-manifeste\\\/\",\"ownershipFundingInfo\":\"https:\\\/\\\/leregardlibre.com\\\/mentions-legales\\\/\",\"actionableFeedbackPolicy\":\"https:\\\/\\\/leregardlibre.com\\\/conditions-generales-de-vente\\\/\"},{\"@type\":\"Person\",\"@id\":\"https:\\\/\\\/leregardlibre.com\\\/#\\\/schema\\\/person\\\/bfe5aa794a23be71485d60e2d93ec0d2\",\"name\":\"Jonas Follonier\",\"image\":{\"@type\":\"ImageObject\",\"inLanguage\":\"en-US\",\"@id\":\"https:\\\/\\\/secure.gravatar.com\\\/avatar\\\/602060b40f6a458420c2d140f49b6caea99152ce6704f2c332e5a0c5aad80303?s=96&d=identicon&r=g\",\"url\":\"https:\\\/\\\/secure.gravatar.com\\\/avatar\\\/602060b40f6a458420c2d140f49b6caea99152ce6704f2c332e5a0c5aad80303?s=96&d=identicon&r=g\",\"contentUrl\":\"https:\\\/\\\/secure.gravatar.com\\\/avatar\\\/602060b40f6a458420c2d140f49b6caea99152ce6704f2c332e5a0c5aad80303?s=96&d=identicon&r=g\",\"caption\":\"Jonas Follonier\"},\"description\":\"Correspondant au Palais f\u00e9d\u00e9ral pour \u00abL\u2019Agefi\u00bb, auteur-compositeur-interpr\u00e8te et essayiste, Jonas Follonier est le fondateur et r\u00e9dacteur en chef du \u00abRegard Libre\u00bb.\",\"sameAs\":[\"https:\\\/\\\/www.facebook.com\\\/jonas.follonier\\\/\",\"https:\\\/\\\/www.instagram.com\\\/jonasfollonier\\\/\",\"https:\\\/\\\/www.linkedin.com\\\/in\\\/jonasfollonier\\\/\",\"https:\\\/\\\/fr.wikipedia.org\\\/wiki\\\/Le_Regard_libre\"],\"url\":\"https:\\\/\\\/leregardlibre.com\\\/en\\\/author\\\/jonas-follonier\\\/\"}]}<\/script>\n<!-- \/ Yoast SEO Premium plugin. -->","yoast_head_json":{"title":"Nicolas Jutzet: \u00abP\u00e9cresse has something of Hillary Clinton about her, only worse\u00bb.\u00bb","description":"Nicolas Jutzet, co-founder of the Liber-th\u00e9 platform, looks back at the French presidential campaign, Val\u00e9rie P\u00e9cresse and Emmanuel Macron","robots":{"index":"index","follow":"follow","max-snippet":"max-snippet:-1","max-image-preview":"max-image-preview:large","max-video-preview":"max-video-preview:-1"},"canonical":"https:\/\/leregardlibre.com\/en\/policy\/france\/nicolas-jutzet-valerie-pecresse-has-something-ofhillary-clinton-about-her-only-worse\/","og_locale":"en_US","og_type":"article","og_title":"Nicolas Jutzet: \u00abVal\u00e9rie P\u00e9cresse a quelque chose d\u2019Hillary Clinton, en pire\u00bb","og_description":"Nicolas Jutzet, cofondateur de la plateforme Liber-th\u00e9, revient sur la campagne pr\u00e9sidentielle fran\u00e7aise, Val\u00e9rie P\u00e9cresse et Emmanuel Macron","og_url":"https:\/\/leregardlibre.com\/en\/policy\/france\/nicolas-jutzet-valerie-pecresse-has-something-ofhillary-clinton-about-her-only-worse\/","og_site_name":"Le Regard Libre","article_publisher":"https:\/\/www.facebook.com\/leregardlibre\/","article_author":"https:\/\/www.facebook.com\/jonas.follonier\/","article_published_time":"2022-04-10T04:00:00+00:00","article_modified_time":"2025-12-13T21:54:28+00:00","og_image":[{"width":1024,"height":576,"url":"https:\/\/leregardlibre.com\/wp-content\/uploads\/2022\/04\/Nicolas-Jutzet-sur-la-campagne-pre\u0301sidentielle-1-1024x576.png","type":"image\/png"}],"author":"Jonas Follonier","twitter_card":"summary_large_image","twitter_creator":"@LeRegardLibre","twitter_site":"@LeRegardLibre","twitter_misc":{"Written by":"Jonas Follonier","Est. reading time":"7 minutes"},"schema":{"@context":"https:\/\/schema.org","@graph":[{"@type":"Article","@id":"https:\/\/leregardlibre.com\/politique\/france\/nicolas-jutzet-valerie-pecresse-a-quelque-chose-dhillary-clinton-en-pire\/#article","isPartOf":{"@id":"https:\/\/leregardlibre.com\/politique\/france\/nicolas-jutzet-valerie-pecresse-a-quelque-chose-dhillary-clinton-en-pire\/"},"author":{"name":"Jonas Follonier","@id":"https:\/\/leregardlibre.com\/#\/schema\/person\/bfe5aa794a23be71485d60e2d93ec0d2"},"headline":"Nicolas Jutzet: \u00abVal\u00e9rie P\u00e9cresse a quelque chose d\u2019Hillary Clinton, en pire\u00bb","datePublished":"2022-04-10T04:00:00+00:00","dateModified":"2025-12-13T21:54:28+00:00","mainEntityOfPage":{"@id":"https:\/\/leregardlibre.com\/politique\/france\/nicolas-jutzet-valerie-pecresse-a-quelque-chose-dhillary-clinton-en-pire\/"},"wordCount":1473,"commentCount":0,"publisher":{"@id":"https:\/\/leregardlibre.com\/#organization"},"image":{"@id":"https:\/\/leregardlibre.com\/politique\/france\/nicolas-jutzet-valerie-pecresse-a-quelque-chose-dhillary-clinton-en-pire\/#primaryimage"},"thumbnailUrl":"https:\/\/leregardlibre.com\/wp-content\/uploads\/2022\/04\/Nicolas-Jutzet-sur-la-campagne-pre\u0301sidentielle-1.png","keywords":["Emmanuel Macron","Fr\u00e9d\u00e9ric Bastiat","Hillary Clinton","Interview","Nicolas Jutzet","Pr\u00e9sidentielle fran\u00e7aise 2022","Val\u00e9rie P\u00e9cresse"],"articleSection":["France"],"inLanguage":"en-US","potentialAction":[{"@type":"CommentAction","name":"Comment","target":["https:\/\/leregardlibre.com\/politique\/france\/nicolas-jutzet-valerie-pecresse-a-quelque-chose-dhillary-clinton-en-pire\/#respond"]}]},{"@type":"WebPage","@id":"https:\/\/leregardlibre.com\/politique\/france\/nicolas-jutzet-valerie-pecresse-a-quelque-chose-dhillary-clinton-en-pire\/","url":"https:\/\/leregardlibre.com\/politique\/france\/nicolas-jutzet-valerie-pecresse-a-quelque-chose-dhillary-clinton-en-pire\/","name":"Nicolas Jutzet: \u00abP\u00e9cresse has something of Hillary Clinton about her, only worse\u00bb.\u00bb","isPartOf":{"@id":"https:\/\/leregardlibre.com\/#website"},"primaryImageOfPage":{"@id":"https:\/\/leregardlibre.com\/politique\/france\/nicolas-jutzet-valerie-pecresse-a-quelque-chose-dhillary-clinton-en-pire\/#primaryimage"},"image":{"@id":"https:\/\/leregardlibre.com\/politique\/france\/nicolas-jutzet-valerie-pecresse-a-quelque-chose-dhillary-clinton-en-pire\/#primaryimage"},"thumbnailUrl":"https:\/\/leregardlibre.com\/wp-content\/uploads\/2022\/04\/Nicolas-Jutzet-sur-la-campagne-pre\u0301sidentielle-1.png","datePublished":"2022-04-10T04:00:00+00:00","dateModified":"2025-12-13T21:54:28+00:00","description":"Nicolas Jutzet, co-founder of the Liber-th\u00e9 platform, looks back at the French presidential campaign, Val\u00e9rie P\u00e9cresse and Emmanuel Macron","breadcrumb":{"@id":"https:\/\/leregardlibre.com\/politique\/france\/nicolas-jutzet-valerie-pecresse-a-quelque-chose-dhillary-clinton-en-pire\/#breadcrumb"},"inLanguage":"en-US","potentialAction":[{"@type":"ReadAction","target":["https:\/\/leregardlibre.com\/politique\/france\/nicolas-jutzet-valerie-pecresse-a-quelque-chose-dhillary-clinton-en-pire\/"]}]},{"@type":"ImageObject","inLanguage":"en-US","@id":"https:\/\/leregardlibre.com\/politique\/france\/nicolas-jutzet-valerie-pecresse-a-quelque-chose-dhillary-clinton-en-pire\/#primaryimage","url":"https:\/\/leregardlibre.com\/wp-content\/uploads\/2022\/04\/Nicolas-Jutzet-sur-la-campagne-pre\u0301sidentielle-1.png","contentUrl":"https:\/\/leregardlibre.com\/wp-content\/uploads\/2022\/04\/Nicolas-Jutzet-sur-la-campagne-pre\u0301sidentielle-1.png","width":1920,"height":1080,"caption":"Nicolas Jutzet sur la campagne pre\u0301sidentielle et Val\u00e9rie P\u00e9cresse"},{"@type":"BreadcrumbList","@id":"https:\/\/leregardlibre.com\/politique\/france\/nicolas-jutzet-valerie-pecresse-a-quelque-chose-dhillary-clinton-en-pire\/#breadcrumb","itemListElement":[{"@type":"ListItem","position":1,"name":"Accueil","item":"https:\/\/leregardlibre.com\/"},{"@type":"ListItem","position":2,"name":"Nicolas Jutzet: \u00abVal\u00e9rie P\u00e9cresse a quelque chose d\u2019Hillary Clinton, en pire\u00bb"}]},{"@type":"WebSite","@id":"https:\/\/leregardlibre.com\/#website","url":"https:\/\/leregardlibre.com\/","name":"Le Regard Libre","description":"Switzerland's first monthly debate magazine","publisher":{"@id":"https:\/\/leregardlibre.com\/#organization"},"potentialAction":[{"@type":"SearchAction","target":{"@type":"EntryPoint","urlTemplate":"https:\/\/leregardlibre.com\/?s={search_term_string}"},"query-input":{"@type":"PropertyValueSpecification","valueRequired":true,"valueName":"search_term_string"}}],"inLanguage":"en-US"},{"@type":"Organization","@id":"https:\/\/leregardlibre.com\/#organization","name":"Le Regard Libre","url":"https:\/\/leregardlibre.com\/","logo":{"@type":"ImageObject","inLanguage":"en-US","@id":"https:\/\/leregardlibre.com\/#\/schema\/logo\/image\/","url":"https:\/\/leregardlibre.com\/wp-content\/uploads\/2025\/08\/logo-rl-icone-neg.jpeg","contentUrl":"https:\/\/leregardlibre.com\/wp-content\/uploads\/2025\/08\/logo-rl-icone-neg.jpeg","width":557,"height":556,"caption":"Le Regard Libre"},"image":{"@id":"https:\/\/leregardlibre.com\/#\/schema\/logo\/image\/"},"sameAs":["https:\/\/www.facebook.com\/leregardlibre\/","https:\/\/x.com\/LeRegardLibre","https:\/\/www.linkedin.com\/company\/le-regard-libre","https:\/\/www.instagram.com\/leregardlibre\/","http:\/\/t.me\/leregardlibre","https:\/\/youtube.com\/channel\/UC6HzGPomj1LsUmlz-sJtITQ"],"description":"Le Regard Libre is a Swiss monthly magazine for intellectual and cultural debate. Its editorial team is young, voluntary, liberal and pluralist. The magazine appears online and in print. Its language is French.","email":"redaction@leregardlibre.com","legalName":"Le Regard Libre","foundingDate":"2014-01-01","numberOfEmployees":{"@type":"QuantitativeValue","minValue":"11","maxValue":"50"},"publishingPrinciples":"https:\/\/leregardlibre.com\/a-propos\/notre-manifeste\/","ownershipFundingInfo":"https:\/\/leregardlibre.com\/mentions-legales\/","actionableFeedbackPolicy":"https:\/\/leregardlibre.com\/conditions-generales-de-vente\/"},{"@type":"Person","@id":"https:\/\/leregardlibre.com\/#\/schema\/person\/bfe5aa794a23be71485d60e2d93ec0d2","name":"Jonas Follonier","image":{"@type":"ImageObject","inLanguage":"en-US","@id":"https:\/\/secure.gravatar.com\/avatar\/602060b40f6a458420c2d140f49b6caea99152ce6704f2c332e5a0c5aad80303?s=96&d=identicon&r=g","url":"https:\/\/secure.gravatar.com\/avatar\/602060b40f6a458420c2d140f49b6caea99152ce6704f2c332e5a0c5aad80303?s=96&d=identicon&r=g","contentUrl":"https:\/\/secure.gravatar.com\/avatar\/602060b40f6a458420c2d140f49b6caea99152ce6704f2c332e5a0c5aad80303?s=96&d=identicon&r=g","caption":"Jonas Follonier"},"description":"Federal Palace correspondent for \u00abL'Agefi\u00bb, singer-songwriter Jonas Follonier is the founder and editor-in-chief of \u00abRegard Libre\u00bb.","sameAs":["https:\/\/www.facebook.com\/jonas.follonier\/","https:\/\/www.instagram.com\/jonasfollonier\/","https:\/\/www.linkedin.com\/in\/jonasfollonier\/","https:\/\/fr.wikipedia.org\/wiki\/Le_Regard_libre"],"url":"https:\/\/leregardlibre.com\/en\/author\/jonas-follonier\/"}]}},"_links":{"self":[{"href":"https:\/\/leregardlibre.com\/en\/wp-json\/wp\/v2\/posts\/47691","targetHints":{"allow":["GET"]}}],"collection":[{"href":"https:\/\/leregardlibre.com\/en\/wp-json\/wp\/v2\/posts"}],"about":[{"href":"https:\/\/leregardlibre.com\/en\/wp-json\/wp\/v2\/types\/post"}],"author":[{"embeddable":true,"href":"https:\/\/leregardlibre.com\/en\/wp-json\/wp\/v2\/users\/138"}],"replies":[{"embeddable":true,"href":"https:\/\/leregardlibre.com\/en\/wp-json\/wp\/v2\/comments?post=47691"}],"version-history":[{"count":2,"href":"https:\/\/leregardlibre.com\/en\/wp-json\/wp\/v2\/posts\/47691\/revisions"}],"predecessor-version":[{"id":520934,"href":"https:\/\/leregardlibre.com\/en\/wp-json\/wp\/v2\/posts\/47691\/revisions\/520934"}],"wp:featuredmedia":[{"embeddable":true,"href":"https:\/\/leregardlibre.com\/en\/wp-json\/wp\/v2\/media\/47699"}],"wp:attachment":[{"href":"https:\/\/leregardlibre.com\/en\/wp-json\/wp\/v2\/media?parent=47691"}],"wp:term":[{"taxonomy":"category","embeddable":true,"href":"https:\/\/leregardlibre.com\/en\/wp-json\/wp\/v2\/categories?post=47691"},{"taxonomy":"post_tag","embeddable":true,"href":"https:\/\/leregardlibre.com\/en\/wp-json\/wp\/v2\/tags?post=47691"}],"curies":[{"name":"wp","href":"https:\/\/api.w.org\/{rel}","templated":true}]}}