{"id":49316,"date":"2022-06-10T06:00:00","date_gmt":"2022-06-10T04:00:00","guid":{"rendered":"https:\/\/leregardlibre.com\/?p=49316"},"modified":"2024-01-03T15:54:21","modified_gmt":"2024-01-03T14:54:21","slug":"when-fear-of-science-crystallizes-in-art","status":"publish","type":"post","link":"https:\/\/leregardlibre.com\/en\/visual-arts\/when-fear-of-science-crystallizes-in-art\/","title":{"rendered":"When fear of science crystallizes in art"},"content":{"rendered":"<div class='content_excerpt'>\n<p class=\"has-drop-cap\"><strong>Art and science are a long-standing couple, and their relationship is one of mutual enrichment. After the fascination of artists with electricity and waves in the 19th century, it was the turn of nuclear power to become the object of their preoccupation after the Second World War. Looking back at the tumultuous relationship between art and science in the twentieth century, against a sky full of mushroom clouds, gives us some perspective on the fear of nuclear weapons, so sadly relevant today.<\/strong><\/p>\n\n\n\n read the analysis (subscribers)\n    <div class='restricted_content_fade'><\/div>\n    <\/div>\n  <style>\n    .content_excerpt{\n      position: relative;\n    }\n    .content_excerpt .restricted_content_fade{\n      position: absolute;\n      bottom: 0;\n      left: 0;\n      right: 0;\n      height: 75px;\n\t  margin-bottom: 0px;\n      background-image: linear-gradient(#ffffff2e, white);\n    }\n\n    .restricted_content{\n      margin-top: 30px;\n      border: solid #dddddd 1px;\n      border-radius: 7px;\n      padding: 30px;\n    }\n    \n    .restricted_content .restricted_content_title{\n      font-size: 22px;\n      font-weight: 600;\n    }\n    .restricted_content .restricted_content_flex_row{\n      display: flex;\n      flex-direction: row;\n    }\n    .restricted_content .restricted_content_image_container{\n      flex: 3;\n    }\n    .restricted_content .restricted_content_flex_column{\n      flex: 4;\n      display: flex;\n      flex-direction: column;\n      margin-left: 40px;\n      justify-content: center;\n    }\n\n\n    .restricted_content_buttons{\n      display: flex;\n      flex-direction: column;\n      width: min-content;\n    }\n    .restricted_content_button{\n      background-color: #f2f2f2;\n      text-transform: uppercase;\n      font-weight: 600;\n      padding: 8px 40px;\n      text-align: center;\n      font-size: 13px;\n      margin-top: 10px;\n      width: max-content;\n      width: 100%;\n      white-space: nowrap;\n    }\n    .restricted_content_button:hover {\n      background-color: #111111;\n      color: white;\n      text-decoration: none !important;\n    }\n\n    .restricted_content_primary_button{\n      background-color: #1F2A68 !important;\n      color: white !important;\n    }\n    .restricted_content_primary_button:hover {\n      background-color: #111111;\n    }\n\n    .restricted_content_text{\n      margin-bottom: 10px;\n      line-height: 1.2;\n      font-weight: 500;\n      font-size: 16px;\n    }\n\n  \n  <\/style>\n  <div class='restricted_content'>\n    <h3 class='restricted_content_title'>This content is reserved for our subscribers.<\/h3>\n    <div class='restricted_content_flex_row'>\n      <div class='restricted_content_image_container'>\n        <img class='restricted_content_image' src='\/wp-content\/uploads\/2025\/08\/abo_physique.png' \/>\n      <\/div>\n      <div class='restricted_content_flex_column'>\n        <div class='restricted_content_text'>If you have an account, please log in. Otherwise, discover our different subscription packages and create an account from CHF 2.50 for the first month.<\/div>\n        <div class='restricted_content_buttons'>\n          <a href='\/en\/subscription\/' class='restricted_content_button restricted_content_primary_button'>See subscriptions<\/a><a href='\/en\/my-account\/?redirect_to=https:\/\/leregardlibre.com\/en\/visual-arts\/when-fear-of-science-crystallizes-in-art\/'class='restricted_content_button'>Login<\/a><\/div>\n      <\/div>\n    <\/div>\n  <\/div>","protected":false},"excerpt":{"rendered":"<div class='content_excerpt'>\n<p class=\"has-drop-cap\"><strong>Art and science are a long-standing couple, and their relationship is one of mutual enrichment. After the fascination of artists with electricity and waves in the 19th century, it was the turn of nuclear power to become the object of their preoccupation after the Second World War. Looking back at the tumultuous relationship between art and science in the twentieth century, against a sky full of mushroom clouds, gives us some perspective on the fear of nuclear weapons, so sadly relevant today.<\/strong><\/p>\n<p> read the analysis (subscribers)<\/p>\n<div class='restricted_content_fade'><\/div>\n<\/p><\/div>\n<style>\n    .content_excerpt{\n      position: relative;\n    }\n    .content_excerpt .restricted_content_fade{\n      position: absolute;\n      bottom: 0;\n      left: 0;\n      right: 0;\n      height: 75px;\n\t  margin-bottom: 0px;\n      background-image: linear-gradient(#ffffff2e, white);\n    }<\/p>\n<p>    .restricted_content{\n      margin-top: 30px;\n      border: solid #dddddd 1px;\n      border-radius: 7px;\n      padding: 30px;\n    }<\/p>\n<p>    .restricted_content .restricted_content_title{\n      font-size: 22px;\n      font-weight: 600;\n    }\n    .restricted_content .restricted_content_flex_row{\n      display: flex;\n      flex-direction: row;\n    }\n    .restricted_content .restricted_content_image_container{\n      flex: 3;\n    }\n    .restricted_content .restricted_content_flex_column{\n      flex: 4;\n      display: flex;\n      flex-direction: column;\n      margin-left: 40px;\n      justify-content: center;\n    }<\/p>\n<p>    .restricted_content_buttons{\n      display: flex;\n      flex-direction: column;\n      width: min-content;\n    }\n    .restricted_content_button{\n      background-color: #f2f2f2;\n      text-transform: uppercase;\n      font-weight: 600;\n      padding: 8px 40px;\n      text-align: center;\n      font-size: 13px;\n      margin-top: 10px;\n      width: max-content;\n      width: 100%;\n      white-space: nowrap;\n    }\n    .restricted_content_button:hover {\n      background-color: #111111;\n      color: white;\n      text-decoration: none !important;\n    }<\/p>\n<p>    .restricted_content_primary_button{\n      background-color: #1F2A68 !important;\n      color: white !important;\n    }\n    .restricted_content_primary_button:hover {\n      background-color: #111111;\n    }<\/p>\n<p>    .restricted_content_text{\n      margin-bottom: 10px;\n      line-height: 1.2;\n      font-weight: 500;\n      font-size: 16px;\n    }<\/p>\n<\/style>\n<div class='restricted_content'>\n<h3 class='restricted_content_title'>This content is reserved for our subscribers.<\/h3>\n<div class='restricted_content_flex_row'>\n<div class='restricted_content_image_container'>\n        <img class='restricted_content_image' src='\/wp-content\/uploads\/2025\/08\/abo_physique.png' \/>\n      <\/div>\n<div class='restricted_content_flex_column'>\n<div class='restricted_content_text'>If you have an account, please log in. Otherwise, discover our different subscription packages and create an account from CHF 2.50 for the first month.<\/div>\n<div class='restricted_content_buttons'>\n          <a href='\/en\/subscription\/' class='restricted_content_button restricted_content_primary_button'>See subscriptions<\/a><a href='\/en\/my-account\/?redirect_to=https:\/\/leregardlibre.com\/en\/visual-arts\/when-fear-of-science-crystallizes-in-art\/'class='restricted_content_button'>Login<\/a><\/div>\n<\/p><\/div>\n<\/p><\/div>\n<\/p><\/div>","protected":false},"author":108,"featured_media":49318,"comment_status":"open","ping_status":"open","sticky":false,"template":"","format":"standard","meta":{"_acf_changed":false,"footnotes":""},"categories":[644357138,85539],"tags":[644357655,644357644,61091],"class_list":["post-49316","post","type-post","status-publish","format-standard","has-post-thumbnail","hentry","category-art-contemporain","category-arts-visuels","tag-bombe-nucleaire","tag-dossier-nucleaire","tag-guerre","membership-content","access-restricted"],"acf":[],"yoast_head":"<!-- This site is optimized with the Yoast SEO Premium plugin v27.4 (Yoast SEO v27.4) - https:\/\/yoast.com\/product\/yoast-seo-premium-wordpress\/ -->\n<title>Quand la peur de la science se cristallise dans l\u2019art<\/title>\n<meta name=\"description\" content=\"La peur de la science et l&#039;art forment un vieux couple. Exemple avec la pr\u00e9sence du nucl\u00e9aire dans les \u0153uvres modernes.\" \/>\n<meta name=\"robots\" content=\"index, follow, max-snippet:-1, max-image-preview:large, max-video-preview:-1\" \/>\n<link rel=\"canonical\" href=\"https:\/\/leregardlibre.com\/en\/visual-arts\/when-fear-of-science-crystallizes-in-art\/\" \/>\n<meta property=\"og:locale\" content=\"en_US\" \/>\n<meta property=\"og:type\" content=\"article\" \/>\n<meta property=\"og:title\" content=\"Quand la peur de la science se cristallise dans l\u2019art\" \/>\n<meta property=\"og:description\" content=\"La peur de la science et l&#039;art forment un vieux couple. Exemple avec la pr\u00e9sence du nucl\u00e9aire dans les \u0153uvres modernes.\" \/>\n<meta property=\"og:url\" content=\"https:\/\/leregardlibre.com\/en\/visual-arts\/when-fear-of-science-crystallizes-in-art\/\" \/>\n<meta property=\"og:site_name\" content=\"Le Regard Libre\" \/>\n<meta property=\"article:publisher\" content=\"https:\/\/www.facebook.com\/leregardlibre\/\" \/>\n<meta property=\"article:published_time\" content=\"2022-06-10T04:00:00+00:00\" \/>\n<meta property=\"article:modified_time\" content=\"2024-01-03T14:54:21+00:00\" \/>\n<meta property=\"og:image\" content=\"https:\/\/leregardlibre.com\/wp-content\/uploads\/2022\/06\/1-1024x567.png\" \/>\n\t<meta property=\"og:image:width\" content=\"1024\" \/>\n\t<meta property=\"og:image:height\" content=\"567\" \/>\n\t<meta property=\"og:image:type\" content=\"image\/png\" \/>\n<meta name=\"author\" content=\"Aude Robert-Tissot\" \/>\n<meta name=\"twitter:card\" content=\"summary_large_image\" \/>\n<meta name=\"twitter:creator\" content=\"@LeRegardLibre\" \/>\n<meta name=\"twitter:site\" content=\"@LeRegardLibre\" \/>\n<meta name=\"twitter:label1\" content=\"Written by\" \/>\n\t<meta name=\"twitter:data1\" content=\"Aude Robert-Tissot\" \/>\n\t<meta name=\"twitter:label2\" content=\"Est. reading time\" \/>\n\t<meta name=\"twitter:data2\" content=\"5 minutes\" \/>\n<script type=\"application\/ld+json\" class=\"yoast-schema-graph\">{\"@context\":\"https:\\\/\\\/schema.org\",\"@graph\":[{\"@type\":\"Article\",\"@id\":\"https:\\\/\\\/leregardlibre.com\\\/arts-visuels\\\/quand-la-peur-de-la-science-se-cristallise-dans-lart\\\/#article\",\"isPartOf\":{\"@id\":\"https:\\\/\\\/leregardlibre.com\\\/arts-visuels\\\/quand-la-peur-de-la-science-se-cristallise-dans-lart\\\/\"},\"author\":{\"name\":\"Aude Robert-Tissot\",\"@id\":\"https:\\\/\\\/leregardlibre.com\\\/#\\\/schema\\\/person\\\/86d8fed58cb1ebbaf81a19e9967bb4e7\"},\"headline\":\"Quand la peur de la science se cristallise dans l\u2019art\",\"datePublished\":\"2022-06-10T04:00:00+00:00\",\"dateModified\":\"2024-01-03T14:54:21+00:00\",\"mainEntityOfPage\":{\"@id\":\"https:\\\/\\\/leregardlibre.com\\\/arts-visuels\\\/quand-la-peur-de-la-science-se-cristallise-dans-lart\\\/\"},\"wordCount\":1107,\"commentCount\":0,\"publisher\":{\"@id\":\"https:\\\/\\\/leregardlibre.com\\\/#organization\"},\"image\":{\"@id\":\"https:\\\/\\\/leregardlibre.com\\\/arts-visuels\\\/quand-la-peur-de-la-science-se-cristallise-dans-lart\\\/#primaryimage\"},\"thumbnailUrl\":\"https:\\\/\\\/leregardlibre.com\\\/wp-content\\\/uploads\\\/2022\\\/06\\\/1.png\",\"keywords\":[\"Bombe nucl\u00e9aire\",\"Dossier NUCL\u00c9AIRE\",\"Guerre\"],\"articleSection\":[\"Art contemporain\",\"Arts visuels\"],\"inLanguage\":\"en-US\",\"potentialAction\":[{\"@type\":\"CommentAction\",\"name\":\"Comment\",\"target\":[\"https:\\\/\\\/leregardlibre.com\\\/arts-visuels\\\/quand-la-peur-de-la-science-se-cristallise-dans-lart\\\/#respond\"]}]},{\"@type\":\"WebPage\",\"@id\":\"https:\\\/\\\/leregardlibre.com\\\/arts-visuels\\\/quand-la-peur-de-la-science-se-cristallise-dans-lart\\\/\",\"url\":\"https:\\\/\\\/leregardlibre.com\\\/arts-visuels\\\/quand-la-peur-de-la-science-se-cristallise-dans-lart\\\/\",\"name\":\"Quand la peur de la science se cristallise dans l\u2019art\",\"isPartOf\":{\"@id\":\"https:\\\/\\\/leregardlibre.com\\\/#website\"},\"primaryImageOfPage\":{\"@id\":\"https:\\\/\\\/leregardlibre.com\\\/arts-visuels\\\/quand-la-peur-de-la-science-se-cristallise-dans-lart\\\/#primaryimage\"},\"image\":{\"@id\":\"https:\\\/\\\/leregardlibre.com\\\/arts-visuels\\\/quand-la-peur-de-la-science-se-cristallise-dans-lart\\\/#primaryimage\"},\"thumbnailUrl\":\"https:\\\/\\\/leregardlibre.com\\\/wp-content\\\/uploads\\\/2022\\\/06\\\/1.png\",\"datePublished\":\"2022-06-10T04:00:00+00:00\",\"dateModified\":\"2024-01-03T14:54:21+00:00\",\"description\":\"La peur de la science et l'art forment un vieux couple. Exemple avec la pr\u00e9sence du nucl\u00e9aire dans les \u0153uvres modernes.\",\"breadcrumb\":{\"@id\":\"https:\\\/\\\/leregardlibre.com\\\/arts-visuels\\\/quand-la-peur-de-la-science-se-cristallise-dans-lart\\\/#breadcrumb\"},\"inLanguage\":\"en-US\",\"potentialAction\":[{\"@type\":\"ReadAction\",\"target\":[\"https:\\\/\\\/leregardlibre.com\\\/arts-visuels\\\/quand-la-peur-de-la-science-se-cristallise-dans-lart\\\/\"]}]},{\"@type\":\"ImageObject\",\"inLanguage\":\"en-US\",\"@id\":\"https:\\\/\\\/leregardlibre.com\\\/arts-visuels\\\/quand-la-peur-de-la-science-se-cristallise-dans-lart\\\/#primaryimage\",\"url\":\"https:\\\/\\\/leregardlibre.com\\\/wp-content\\\/uploads\\\/2022\\\/06\\\/1.png\",\"contentUrl\":\"https:\\\/\\\/leregardlibre.com\\\/wp-content\\\/uploads\\\/2022\\\/06\\\/1.png\",\"width\":2320,\"height\":1284,\"caption\":\"peur de la science\"},{\"@type\":\"BreadcrumbList\",\"@id\":\"https:\\\/\\\/leregardlibre.com\\\/arts-visuels\\\/quand-la-peur-de-la-science-se-cristallise-dans-lart\\\/#breadcrumb\",\"itemListElement\":[{\"@type\":\"ListItem\",\"position\":1,\"name\":\"Accueil\",\"item\":\"https:\\\/\\\/leregardlibre.com\\\/\"},{\"@type\":\"ListItem\",\"position\":2,\"name\":\"Quand la peur de la science se cristallise dans l\u2019art\"}]},{\"@type\":\"WebSite\",\"@id\":\"https:\\\/\\\/leregardlibre.com\\\/#website\",\"url\":\"https:\\\/\\\/leregardlibre.com\\\/\",\"name\":\"Le Regard Libre\",\"description\":\"Premier mensuel suisse de d\u00e9bat\",\"publisher\":{\"@id\":\"https:\\\/\\\/leregardlibre.com\\\/#organization\"},\"potentialAction\":[{\"@type\":\"SearchAction\",\"target\":{\"@type\":\"EntryPoint\",\"urlTemplate\":\"https:\\\/\\\/leregardlibre.com\\\/?s={search_term_string}\"},\"query-input\":{\"@type\":\"PropertyValueSpecification\",\"valueRequired\":true,\"valueName\":\"search_term_string\"}}],\"inLanguage\":\"en-US\"},{\"@type\":\"Organization\",\"@id\":\"https:\\\/\\\/leregardlibre.com\\\/#organization\",\"name\":\"Le Regard Libre\",\"url\":\"https:\\\/\\\/leregardlibre.com\\\/\",\"logo\":{\"@type\":\"ImageObject\",\"inLanguage\":\"en-US\",\"@id\":\"https:\\\/\\\/leregardlibre.com\\\/#\\\/schema\\\/logo\\\/image\\\/\",\"url\":\"https:\\\/\\\/leregardlibre.com\\\/wp-content\\\/uploads\\\/2025\\\/08\\\/logo-rl-icone-neg.jpeg\",\"contentUrl\":\"https:\\\/\\\/leregardlibre.com\\\/wp-content\\\/uploads\\\/2025\\\/08\\\/logo-rl-icone-neg.jpeg\",\"width\":557,\"height\":556,\"caption\":\"Le Regard Libre\"},\"image\":{\"@id\":\"https:\\\/\\\/leregardlibre.com\\\/#\\\/schema\\\/logo\\\/image\\\/\"},\"sameAs\":[\"https:\\\/\\\/www.facebook.com\\\/leregardlibre\\\/\",\"https:\\\/\\\/x.com\\\/LeRegardLibre\",\"https:\\\/\\\/www.linkedin.com\\\/company\\\/le-regard-libre\",\"https:\\\/\\\/www.instagram.com\\\/leregardlibre\\\/\",\"http:\\\/\\\/t.me\\\/leregardlibre\",\"https:\\\/\\\/youtube.com\\\/channel\\\/UC6HzGPomj1LsUmlz-sJtITQ\"],\"description\":\"Le Regard Libre est un mensuel suisse de d\u00e9bat intellectuel et culturel. Sa r\u00e9daction est jeune, b\u00e9n\u00e9vole, lib\u00e9rale et pluraliste. Le magazine para\u00eet en ligne et sous forme papier. Sa langue est le fran\u00e7ais.\",\"email\":\"redaction@leregardlibre.com\",\"legalName\":\"Le Regard Libre\",\"foundingDate\":\"2014-01-01\",\"numberOfEmployees\":{\"@type\":\"QuantitativeValue\",\"minValue\":\"11\",\"maxValue\":\"50\"},\"publishingPrinciples\":\"https:\\\/\\\/leregardlibre.com\\\/a-propos\\\/notre-manifeste\\\/\",\"ownershipFundingInfo\":\"https:\\\/\\\/leregardlibre.com\\\/mentions-legales\\\/\",\"actionableFeedbackPolicy\":\"https:\\\/\\\/leregardlibre.com\\\/conditions-generales-de-vente\\\/\"},{\"@type\":\"Person\",\"@id\":\"https:\\\/\\\/leregardlibre.com\\\/#\\\/schema\\\/person\\\/86d8fed58cb1ebbaf81a19e9967bb4e7\",\"name\":\"Aude Robert-Tissot\",\"image\":{\"@type\":\"ImageObject\",\"inLanguage\":\"en-US\",\"@id\":\"https:\\\/\\\/secure.gravatar.com\\\/avatar\\\/ad75ef660e25f2740199abb7cdd66cd1c37ef549303afed12b11e39aac8b5daa?s=96&d=identicon&r=g\",\"url\":\"https:\\\/\\\/secure.gravatar.com\\\/avatar\\\/ad75ef660e25f2740199abb7cdd66cd1c37ef549303afed12b11e39aac8b5daa?s=96&d=identicon&r=g\",\"contentUrl\":\"https:\\\/\\\/secure.gravatar.com\\\/avatar\\\/ad75ef660e25f2740199abb7cdd66cd1c37ef549303afed12b11e39aac8b5daa?s=96&d=identicon&r=g\",\"caption\":\"Aude Robert-Tissot\"},\"sameAs\":[\"https:\\\/\\\/fr.wikipedia.org\\\/wiki\\\/Le_Regard_libre\"],\"url\":\"https:\\\/\\\/leregardlibre.com\\\/en\\\/author\\\/aude-robert-tissot\\\/\"}]}<\/script>\n<!-- \/ Yoast SEO Premium plugin. -->","yoast_head_json":{"title":"When fear of science crystallizes in art","description":"La peur de la science et l'art forment un vieux couple. Exemple avec la pr\u00e9sence du nucl\u00e9aire dans les \u0153uvres modernes.","robots":{"index":"index","follow":"follow","max-snippet":"max-snippet:-1","max-image-preview":"max-image-preview:large","max-video-preview":"max-video-preview:-1"},"canonical":"https:\/\/leregardlibre.com\/en\/visual-arts\/when-fear-of-science-crystallizes-in-art\/","og_locale":"en_US","og_type":"article","og_title":"Quand la peur de la science se cristallise dans l\u2019art","og_description":"La peur de la science et l'art forment un vieux couple. Exemple avec la pr\u00e9sence du nucl\u00e9aire dans les \u0153uvres modernes.","og_url":"https:\/\/leregardlibre.com\/en\/visual-arts\/when-fear-of-science-crystallizes-in-art\/","og_site_name":"Le Regard Libre","article_publisher":"https:\/\/www.facebook.com\/leregardlibre\/","article_published_time":"2022-06-10T04:00:00+00:00","article_modified_time":"2024-01-03T14:54:21+00:00","og_image":[{"width":1024,"height":567,"url":"https:\/\/leregardlibre.com\/wp-content\/uploads\/2022\/06\/1-1024x567.png","type":"image\/png"}],"author":"Aude Robert-Tissot","twitter_card":"summary_large_image","twitter_creator":"@LeRegardLibre","twitter_site":"@LeRegardLibre","twitter_misc":{"Written by":"Aude Robert-Tissot","Est. reading time":"5 minutes"},"schema":{"@context":"https:\/\/schema.org","@graph":[{"@type":"Article","@id":"https:\/\/leregardlibre.com\/arts-visuels\/quand-la-peur-de-la-science-se-cristallise-dans-lart\/#article","isPartOf":{"@id":"https:\/\/leregardlibre.com\/arts-visuels\/quand-la-peur-de-la-science-se-cristallise-dans-lart\/"},"author":{"name":"Aude Robert-Tissot","@id":"https:\/\/leregardlibre.com\/#\/schema\/person\/86d8fed58cb1ebbaf81a19e9967bb4e7"},"headline":"Quand la peur de la science se cristallise dans l\u2019art","datePublished":"2022-06-10T04:00:00+00:00","dateModified":"2024-01-03T14:54:21+00:00","mainEntityOfPage":{"@id":"https:\/\/leregardlibre.com\/arts-visuels\/quand-la-peur-de-la-science-se-cristallise-dans-lart\/"},"wordCount":1107,"commentCount":0,"publisher":{"@id":"https:\/\/leregardlibre.com\/#organization"},"image":{"@id":"https:\/\/leregardlibre.com\/arts-visuels\/quand-la-peur-de-la-science-se-cristallise-dans-lart\/#primaryimage"},"thumbnailUrl":"https:\/\/leregardlibre.com\/wp-content\/uploads\/2022\/06\/1.png","keywords":["Bombe nucl\u00e9aire","Dossier NUCL\u00c9AIRE","Guerre"],"articleSection":["Art contemporain","Arts visuels"],"inLanguage":"en-US","potentialAction":[{"@type":"CommentAction","name":"Comment","target":["https:\/\/leregardlibre.com\/arts-visuels\/quand-la-peur-de-la-science-se-cristallise-dans-lart\/#respond"]}]},{"@type":"WebPage","@id":"https:\/\/leregardlibre.com\/arts-visuels\/quand-la-peur-de-la-science-se-cristallise-dans-lart\/","url":"https:\/\/leregardlibre.com\/arts-visuels\/quand-la-peur-de-la-science-se-cristallise-dans-lart\/","name":"When fear of science crystallizes in art","isPartOf":{"@id":"https:\/\/leregardlibre.com\/#website"},"primaryImageOfPage":{"@id":"https:\/\/leregardlibre.com\/arts-visuels\/quand-la-peur-de-la-science-se-cristallise-dans-lart\/#primaryimage"},"image":{"@id":"https:\/\/leregardlibre.com\/arts-visuels\/quand-la-peur-de-la-science-se-cristallise-dans-lart\/#primaryimage"},"thumbnailUrl":"https:\/\/leregardlibre.com\/wp-content\/uploads\/2022\/06\/1.png","datePublished":"2022-06-10T04:00:00+00:00","dateModified":"2024-01-03T14:54:21+00:00","description":"La peur de la science et l'art forment un vieux couple. Exemple avec la pr\u00e9sence du nucl\u00e9aire dans les \u0153uvres modernes.","breadcrumb":{"@id":"https:\/\/leregardlibre.com\/arts-visuels\/quand-la-peur-de-la-science-se-cristallise-dans-lart\/#breadcrumb"},"inLanguage":"en-US","potentialAction":[{"@type":"ReadAction","target":["https:\/\/leregardlibre.com\/arts-visuels\/quand-la-peur-de-la-science-se-cristallise-dans-lart\/"]}]},{"@type":"ImageObject","inLanguage":"en-US","@id":"https:\/\/leregardlibre.com\/arts-visuels\/quand-la-peur-de-la-science-se-cristallise-dans-lart\/#primaryimage","url":"https:\/\/leregardlibre.com\/wp-content\/uploads\/2022\/06\/1.png","contentUrl":"https:\/\/leregardlibre.com\/wp-content\/uploads\/2022\/06\/1.png","width":2320,"height":1284,"caption":"peur de la science"},{"@type":"BreadcrumbList","@id":"https:\/\/leregardlibre.com\/arts-visuels\/quand-la-peur-de-la-science-se-cristallise-dans-lart\/#breadcrumb","itemListElement":[{"@type":"ListItem","position":1,"name":"Accueil","item":"https:\/\/leregardlibre.com\/"},{"@type":"ListItem","position":2,"name":"Quand la peur de la science se cristallise dans l\u2019art"}]},{"@type":"WebSite","@id":"https:\/\/leregardlibre.com\/#website","url":"https:\/\/leregardlibre.com\/","name":"Le Regard Libre","description":"Switzerland's first monthly debate magazine","publisher":{"@id":"https:\/\/leregardlibre.com\/#organization"},"potentialAction":[{"@type":"SearchAction","target":{"@type":"EntryPoint","urlTemplate":"https:\/\/leregardlibre.com\/?s={search_term_string}"},"query-input":{"@type":"PropertyValueSpecification","valueRequired":true,"valueName":"search_term_string"}}],"inLanguage":"en-US"},{"@type":"Organization","@id":"https:\/\/leregardlibre.com\/#organization","name":"Le Regard Libre","url":"https:\/\/leregardlibre.com\/","logo":{"@type":"ImageObject","inLanguage":"en-US","@id":"https:\/\/leregardlibre.com\/#\/schema\/logo\/image\/","url":"https:\/\/leregardlibre.com\/wp-content\/uploads\/2025\/08\/logo-rl-icone-neg.jpeg","contentUrl":"https:\/\/leregardlibre.com\/wp-content\/uploads\/2025\/08\/logo-rl-icone-neg.jpeg","width":557,"height":556,"caption":"Le Regard Libre"},"image":{"@id":"https:\/\/leregardlibre.com\/#\/schema\/logo\/image\/"},"sameAs":["https:\/\/www.facebook.com\/leregardlibre\/","https:\/\/x.com\/LeRegardLibre","https:\/\/www.linkedin.com\/company\/le-regard-libre","https:\/\/www.instagram.com\/leregardlibre\/","http:\/\/t.me\/leregardlibre","https:\/\/youtube.com\/channel\/UC6HzGPomj1LsUmlz-sJtITQ"],"description":"Le Regard Libre is a Swiss monthly magazine for intellectual and cultural debate. Its editorial team is young, voluntary, liberal and pluralist. The magazine appears online and in print. Its language is French.","email":"redaction@leregardlibre.com","legalName":"Le Regard Libre","foundingDate":"2014-01-01","numberOfEmployees":{"@type":"QuantitativeValue","minValue":"11","maxValue":"50"},"publishingPrinciples":"https:\/\/leregardlibre.com\/a-propos\/notre-manifeste\/","ownershipFundingInfo":"https:\/\/leregardlibre.com\/mentions-legales\/","actionableFeedbackPolicy":"https:\/\/leregardlibre.com\/conditions-generales-de-vente\/"},{"@type":"Person","@id":"https:\/\/leregardlibre.com\/#\/schema\/person\/86d8fed58cb1ebbaf81a19e9967bb4e7","name":"Aude Robert-Tissot","image":{"@type":"ImageObject","inLanguage":"en-US","@id":"https:\/\/secure.gravatar.com\/avatar\/ad75ef660e25f2740199abb7cdd66cd1c37ef549303afed12b11e39aac8b5daa?s=96&d=identicon&r=g","url":"https:\/\/secure.gravatar.com\/avatar\/ad75ef660e25f2740199abb7cdd66cd1c37ef549303afed12b11e39aac8b5daa?s=96&d=identicon&r=g","contentUrl":"https:\/\/secure.gravatar.com\/avatar\/ad75ef660e25f2740199abb7cdd66cd1c37ef549303afed12b11e39aac8b5daa?s=96&d=identicon&r=g","caption":"Aude Robert-Tissot"},"sameAs":["https:\/\/fr.wikipedia.org\/wiki\/Le_Regard_libre"],"url":"https:\/\/leregardlibre.com\/en\/author\/aude-robert-tissot\/"}]}},"_links":{"self":[{"href":"https:\/\/leregardlibre.com\/en\/wp-json\/wp\/v2\/posts\/49316","targetHints":{"allow":["GET"]}}],"collection":[{"href":"https:\/\/leregardlibre.com\/en\/wp-json\/wp\/v2\/posts"}],"about":[{"href":"https:\/\/leregardlibre.com\/en\/wp-json\/wp\/v2\/types\/post"}],"author":[{"embeddable":true,"href":"https:\/\/leregardlibre.com\/en\/wp-json\/wp\/v2\/users\/108"}],"replies":[{"embeddable":true,"href":"https:\/\/leregardlibre.com\/en\/wp-json\/wp\/v2\/comments?post=49316"}],"version-history":[{"count":2,"href":"https:\/\/leregardlibre.com\/en\/wp-json\/wp\/v2\/posts\/49316\/revisions"}],"predecessor-version":[{"id":511437,"href":"https:\/\/leregardlibre.com\/en\/wp-json\/wp\/v2\/posts\/49316\/revisions\/511437"}],"wp:featuredmedia":[{"embeddable":true,"href":"https:\/\/leregardlibre.com\/en\/wp-json\/wp\/v2\/media\/49318"}],"wp:attachment":[{"href":"https:\/\/leregardlibre.com\/en\/wp-json\/wp\/v2\/media?parent=49316"}],"wp:term":[{"taxonomy":"category","embeddable":true,"href":"https:\/\/leregardlibre.com\/en\/wp-json\/wp\/v2\/categories?post=49316"},{"taxonomy":"post_tag","embeddable":true,"href":"https:\/\/leregardlibre.com\/en\/wp-json\/wp\/v2\/tags?post=49316"}],"curies":[{"name":"wp","href":"https:\/\/api.w.org\/{rel}","templated":true}]}}