{"id":49418,"date":"2022-06-14T06:00:00","date_gmt":"2022-06-14T04:00:00","guid":{"rendered":"https:\/\/leregardlibre.com\/?p=49418"},"modified":"2022-11-13T14:35:33","modified_gmt":"2022-11-13T13:35:33","slug":"le-dernier-ete-en-ville-livresse-de-la-dolce-vita","status":"publish","type":"post","link":"https:\/\/leregardlibre.com\/en\/literature\/le-dernier-ete-en-ville-livresse-de-la-dolce-vita\/","title":{"rendered":"\u00abLast summer in town\u00bb, the intoxication of la dolce vita"},"content":{"rendered":"<p class=\"has-drop-cap\"><strong><em>The last summer in town<\/em>&nbsp;is a forgotten masterpiece. Published in Italy in the '70s, the novel was a quick success, but immediately went out of print and remained unobtainable for a long time on transalpine bookstore shelves, being snatched up like a lost treasure at secondhand bookshops. Then suddenly, in February 2021, it resurfaces in France, under Gallimard's cream-colored dust jacket! In fact, it has just been published in paperback. So there's no excuse not to buy it, read it and re-read it.<\/strong><\/p>\n\n\n\n<!--more Lire la recension (en libre acc\u00e8s)-->\n\n\n\n<blockquote class=\"wp-block-quote is-layout-flow wp-block-quote-is-layout-flow\"><p>\u00abQuand je sortis, un vent glacial, \u00e0 vous couper les mains, lustrait la ville sous un ciel resplendissant, \u00e0 vous briser le c\u0153ur.\u00bb<\/p><\/blockquote>\n\n\n\n<p>Ce roman raconte l\u2019arriv\u00e9e \u00e0 Rome d\u2019un jeune Milanais venu essayer de faire carri\u00e8re dans le journalisme. Aux journ\u00e9es qui se ressemblent toutes atrocement, Leo Gazzarra pr\u00e9f\u00e8re les d\u00e9ambulations nocturnes et les \u00e9garements alcoolis\u00e9s aux c\u00f4t\u00e9s de la bourgeoisie romaine, o\u00f9 jamais l\u2019univers vacillant ne semble se cogner contre les reflets de la lune endormie. Leo Gazzarra erre dans un monde qui ne lui appartient pas et ne cherche nullement \u00e0 s\u2019y soustraire; il flotte simplement dans la ville comme un \u00e9ther, ses r\u00eaves de gloire s\u2019\u00e9vanouissant \u00e0 la vapeur du petit matin, ne laissant aucune tra\u00een\u00e9e dans cette capitale alanguie par la touffeur d\u2019un \u00e9t\u00e9 de plomb.&nbsp;<\/p>\n\n\n\n<blockquote class=\"wp-block-quote is-layout-flow wp-block-quote-is-layout-flow\"><p>\u00ab\u2013 Elle est impr\u00e9visible.<br>\u2013 Elle est belle, tr\u00e8s cher, et les gens beaux sont toujours impr\u00e9visibles. Ils savent que quoi qu\u2019ils fassent ils seront pardonn\u00e9s.\u00bb<\/p><\/blockquote>\n\n\n\n<h2 class=\"wp-block-heading\">Le fil d\u2019Arianna<\/h2>\n\n\n\n<p>Toutefois, lorsque les d\u00e9sillusions drapent le quotidien, il reste l\u2019amour pour tout dynamiter: la nuit de ses trente ans, lors d\u2019une soir\u00e9e aussi raffin\u00e9e qu\u2019avin\u00e9e, son regard croise la silhouette d\u2019Arianna, une jeune femme irradiante de beaut\u00e9, exub\u00e9rante de s\u00e9duction, mais \u00e0 la fragilit\u00e9 d\u00e9voil\u00e9e. A la fulgurance du coup de foudre succ\u00e8dent bien vite les t\u00e9n\u00e8bres d\u2019un inlassable chass\u00e9-crois\u00e9. Arianna appara\u00eet puis se d\u00e9robe, com\u00e8te de feu et de glace. Hagard, Leo peine \u00e0 se remettre de cette collision avec la douleur de la beaut\u00e9 et se laisse d\u00e9river dans le sillage de cette cr\u00e9ature \u00e9vanescente. Un tango existentiel sous les traits d\u2019une hypnose cr\u00e9pusculaire.<\/p>\n\n\n\n<form method=\"post\" action=\"https:\/\/newsletter.infomaniak.com\/external\/submit\" class=\"inf-form\" target=\"_blank\"><input type=\"email\" name=\"email\" style=\"display:none\"><input type=\"hidden\" name=\"key\" value=\"eyJpdiI6IlZXRVJGMlRGQUU2alNqUE81bitIUk5adnNVa0c4MllFTStzOHdHT1FQZ3c9IiwidmFsdWUiOiJIYzhwMUVCK1pTNnlhY3MyMmhuZlhReWJqemEwNk93blMxTjFHc0s2VHZrPSIsIm1hYyI6ImVhYTQ5N2I1M2NiYWE4NzBmNjk2NzgzYjliM2Y5NmYzM2E2ZmU3NGQxNTU1ZDFkMTU1MzY5NTdjYjE3ZTJmNTUifQ==\"><input type=\"hidden\" name=\"webform_id\" value=\"7291\"><style> .inf-main_3000311ca56a1cb93397bc676c0b7fff{ background-color:#f5f5f5; padding:25px 20px; margin:25px auto; } .inf-main_3000311ca56a1cb93397bc676c0b7fff .inf-content { margin-top:13px;} .inf-main_3000311ca56a1cb93397bc676c0b7fff h4, .inf-main_3000311ca56a1cb93397bc676c0b7fff span, .inf-main_3000311ca56a1cb93397bc676c0b7fff label, .inf-main_3000311ca56a1cb93397bc676c0b7fff input, .inf-main_3000311ca56a1cb93397bc676c0b7fff .inf-submit, .inf-main_3000311ca56a1cb93397bc676c0b7fff .inf-success p a { color:#555555; font-size:14px; } .inf-main_3000311ca56a1cb93397bc676c0b7fff h4{ font-size:18px; margin:0px 0px 13px 0px; } .inf-main_3000311ca56a1cb93397bc676c0b7fff h4, .inf-main_3000311ca56a1cb93397bc676c0b7fff label{ font-weight:bold; } .inf-main_3000311ca56a1cb93397bc676c0b7fff .inf-input { margin-bottom:7px; } .inf-main_3000311ca56a1cb93397bc676c0b7fff label { display:block;} .inf-main_3000311ca56a1cb93397bc676c0b7fff input{ height:35px; color:#999999; border: 1px solid #E9E9E9; border:none; padding-left:7px; } .inf-main_3000311ca56a1cb93397bc676c0b7fff .inf-input.inf-error label, .inf-main_3000311ca56a1cb93397bc676c0b7fff .inf-input.inf-error span.inf-message{ color: #cc0033; } .inf-main_3000311ca56a1cb93397bc676c0b7fff .inf-input.inf-error input{ border: 1px solid #cc0033; } .inf-main_3000311ca56a1cb93397bc676c0b7fff .inf-input input { width:100%;} .inf-main_3000311ca56a1cb93397bc676c0b7fff .inf-input.inf-error span.inf-message { display: block; } .inf-main_3000311ca56a1cb93397bc676c0b7fff .inf-submit { text-align:right;} .inf-main_3000311ca56a1cb93397bc676c0b7fff .inf-submit input{ background-color:#777777; color:#ffffff; border:none; font-weight: normal; height:auto; padding:7px; } .inf-main_3000311ca56a1cb93397bc676c0b7fff .inf-submit input.disabled{ opacity: 0.4; } .inf-btn { color: rgb(85, 85, 85); border: medium none; font-weight: normal; height: auto; padding: 7px; display: inline-block; background-color: white; box-shadow: 0px 1px 1px rgba(0, 0, 0, 0.24); border-radius: 2px; line-height: 1em; } .inf-rgpd { margin:25px 0px 15px 0px; color:#555555; } <\/style> <div class=\"inf-main_3000311ca56a1cb93397bc676c0b7fff\"> <h4>NEWSLETTER DU REGARD LIBRE<\/h4> <span>Receive our articles every Sunday.<\/span> <div class=\"inf-success\" style=\"display:none\"> <h4>Your subscription to our weekly newsletter has been successfully registered!<\/h4> <p> <a href=\"#\" class=\"inf-btn\">\u00ab<\/a> <\/p> <\/div> <div class=\"inf-content\"> <div class=\"inf-input inf-input-text\"> <input type=\"text\" name=\"inf[1]\" data-inf-meta=\"1\" data-inf-error=\"Merci de renseigner une adresse email\" required=\"required\" placeholder=\"Email\"> <\/div> <div class=\"inf-submit\"> <input type=\"submit\" name=\"\" value=\"Sign up\"> <\/div> <\/div> <\/div> <\/form>\n\n\n\n<p><em>The last summer in town<\/em> est le portrait d\u2019un h\u00e9ros m\u00e9lancolique dans la Rome de la dolce vita. La peinture des grandeurs qui s\u2019effritent, pour joncher le sol comme les paillettes apr\u00e8s la f\u00eate. Mais c\u2019est surtout le magn\u00e9tisme de l\u2019\u00e9criture de Calligarich. Elle a l\u2019\u00e9l\u00e9gance d\u00e9sinvolte des silhouettes v\u00eatues de lin et fl\u00e2nant le long des bords de mer; elle se fait esth\u00e8te des douleurs, amertume des silences et br\u00fblure de l\u2019inachev\u00e9. Son style est la politesse du d\u00e9sespoir, la douceur des n\u00e9gations radicales. <em>The last summer in town<\/em> est la flamboyance des larmes au soleil.<\/p>\n\n\n\n<p><em>Write to the author:\u00a0<a href=\"mailto:quentin.perissinotto@leregardlibre.com\">quentin.perissinotto@leregardlibre.com<\/a><\/em><\/p>\n\n\n\n<p>Photo credit: \u00a9 Quentin Perissinotto for\u00a0<em>Le Regard Libre<\/em><\/p>\n\n\n\n<div class=\"wp-block-media-text alignwide is-stacked-on-mobile\" style=\"grid-template-columns:34% auto\"><figure class=\"wp-block-media-text__media\"><img fetchpriority=\"high\" decoding=\"async\" width=\"827\" height=\"1211\" src=\"http:\/\/leregardlibre.com\/wp-content\/uploads\/2022\/06\/Le-dernier-e\u0301te\u0301-en-ville.jpeg\" alt=\"\" class=\"wp-image-49421 size-full\" srcset=\"https:\/\/leregardlibre.com\/wp-content\/uploads\/2022\/06\/Le-dernier-e\u0301te\u0301-en-ville.jpeg 827w, https:\/\/leregardlibre.com\/wp-content\/uploads\/2022\/06\/Le-dernier-e\u0301te\u0301-en-ville-585x857.jpeg 585w, https:\/\/leregardlibre.com\/wp-content\/uploads\/2022\/06\/Le-dernier-e\u0301te\u0301-en-ville-300x439.jpeg 300w, https:\/\/leregardlibre.com\/wp-content\/uploads\/2022\/06\/Le-dernier-e\u0301te\u0301-en-ville-600x879.jpeg 600w, https:\/\/leregardlibre.com\/wp-content\/uploads\/2022\/06\/Le-dernier-e\u0301te\u0301-en-ville-102x150.jpeg 102w, https:\/\/leregardlibre.com\/wp-content\/uploads\/2022\/06\/Le-dernier-e\u0301te\u0301-en-ville-205x300.jpeg 205w, https:\/\/leregardlibre.com\/wp-content\/uploads\/2022\/06\/Le-dernier-e\u0301te\u0301-en-ville-768x1125.jpeg 768w, https:\/\/leregardlibre.com\/wp-content\/uploads\/2022\/06\/Le-dernier-e\u0301te\u0301-en-ville-699x1024.jpeg 699w\" sizes=\"(max-width: 827px) 100vw, 827px\" \/><\/figure><div class=\"wp-block-media-text__content\">\n<p><strong>Gianfranco Calligarich<\/strong><br><strong><em>The last summer in town<\/em><br>Trad. fran\u00e7aise de Laura Brignon<br>Gallimard<br>2021 [<strong>1973<\/strong><\/strong>]<strong><br>212 pages<\/strong><\/p>\n\n\n\n<div class=\"wp-block-buttons is-layout-flex wp-block-buttons-is-layout-flex\">\n<div class=\"wp-block-button\"><a class=\"wp-block-button__link\" href=\"https:\/\/www.payot.ch\/Detail\/le_dernier_ete_en_ville-calligarich_gianfranco-9782072867736\">Order the book<\/a><\/div>\n<\/div>\n<\/div><\/div>\n\n\n\n<p><strong>Vous venez de lire un article en libre acc\u00e8s dans le cadre des <a href=\"https:\/\/leregardlibre.com\/en\/tag\/les-bouquins-du-mardi\/\">\u00abBouquins du mardi\u00bb<\/a>.&nbsp;<\/strong>Debates, analysis, cultural news:&nbsp;<a href=\"https:\/\/leregardlibre.com\/en\/subscription\/\">subscribe<\/a>&nbsp;to support us and get access to all our content!<\/p>","protected":false},"excerpt":{"rendered":"<p>Le dernier \u00e9t\u00e9 en ville&nbsp;est un chef-d\u2019\u0153uvre sorti de l\u2019oubli. Publi\u00e9 en Italie dans les ann\u00e9es&nbsp;70, le roman conna\u00eet un&#8230;<\/p>","protected":false},"author":213,"featured_media":49426,"comment_status":"open","ping_status":"open","sticky":false,"template":"","format":"standard","meta":{"_acf_changed":false,"footnotes":""},"categories":[20663],"tags":[54879,644358130,644357668,644357222,9641],"class_list":["post-49418","post","type-post","status-publish","format-standard","has-post-thumbnail","hentry","category-litterature","tag-critiques-litteraires","tag-gianfranco-calligarich","tag-le-dernier-ete-en-ville","tag-litterature-italienne","tag-rome"],"acf":[],"yoast_head":"<!-- This site is optimized with the Yoast SEO Premium plugin v27.4 (Yoast SEO v27.4) - https:\/\/yoast.com\/product\/yoast-seo-premium-wordpress\/ -->\n<title>\u00abLe dernier \u00e9t\u00e9 en ville\u00bb, l\u2019ivresse de la dolce vita<\/title>\n<meta name=\"description\" content=\"\u00abLe dernier \u00e9t\u00e9 en ville\u00bb\u00a0est un chef-d\u2019\u0153uvre sorti de l\u2019oubli gr\u00e2ce \u00e0 sa traduction fran\u00e7aise parue chez Gallimard en 2021. Critique\" \/>\n<meta name=\"robots\" content=\"index, follow, max-snippet:-1, max-image-preview:large, max-video-preview:-1\" \/>\n<link rel=\"canonical\" href=\"https:\/\/leregardlibre.com\/en\/literature\/le-dernier-ete-en-ville-livresse-de-la-dolce-vita\/\" \/>\n<meta property=\"og:locale\" content=\"en_US\" \/>\n<meta property=\"og:type\" content=\"article\" \/>\n<meta property=\"og:title\" content=\"\u00abLe dernier \u00e9t\u00e9 en ville\u00bb, l\u2019ivresse de la dolce vita\" \/>\n<meta property=\"og:description\" content=\"\u00abLe dernier \u00e9t\u00e9 en ville\u00bb\u00a0est un chef-d\u2019\u0153uvre sorti de l\u2019oubli gr\u00e2ce \u00e0 sa traduction fran\u00e7aise parue chez Gallimard en 2021. Critique\" \/>\n<meta property=\"og:url\" content=\"https:\/\/leregardlibre.com\/en\/literature\/le-dernier-ete-en-ville-livresse-de-la-dolce-vita\/\" \/>\n<meta property=\"og:site_name\" content=\"Le Regard Libre\" \/>\n<meta property=\"article:publisher\" content=\"https:\/\/www.facebook.com\/leregardlibre\/\" \/>\n<meta property=\"article:published_time\" content=\"2022-06-14T04:00:00+00:00\" \/>\n<meta property=\"article:modified_time\" content=\"2022-11-13T13:35:33+00:00\" \/>\n<meta property=\"og:image\" content=\"https:\/\/leregardlibre.com\/wp-content\/uploads\/2022\/06\/Le-dernier-e\u0301te\u0301-en-ville-\u00a9-Quentin-Perissinotto-pour-Le-Regard-Libre-e1655139432520.jpeg\" \/>\n\t<meta property=\"og:image:width\" content=\"2048\" \/>\n\t<meta property=\"og:image:height\" content=\"1331\" \/>\n\t<meta property=\"og:image:type\" content=\"image\/jpeg\" \/>\n<meta name=\"author\" content=\"Quentin Perissinotto\" \/>\n<meta name=\"twitter:card\" content=\"summary_large_image\" \/>\n<meta name=\"twitter:creator\" content=\"@LeRegardLibre\" \/>\n<meta name=\"twitter:site\" content=\"@LeRegardLibre\" \/>\n<meta name=\"twitter:label1\" content=\"Written by\" \/>\n\t<meta name=\"twitter:data1\" content=\"Quentin Perissinotto\" \/>\n\t<meta name=\"twitter:label2\" content=\"Est. reading time\" \/>\n\t<meta name=\"twitter:data2\" content=\"4 minutes\" \/>\n<script type=\"application\/ld+json\" class=\"yoast-schema-graph\">{\"@context\":\"https:\\\/\\\/schema.org\",\"@graph\":[{\"@type\":\"Article\",\"@id\":\"https:\\\/\\\/leregardlibre.com\\\/litterature\\\/le-dernier-ete-en-ville-livresse-de-la-dolce-vita\\\/#article\",\"isPartOf\":{\"@id\":\"https:\\\/\\\/leregardlibre.com\\\/litterature\\\/le-dernier-ete-en-ville-livresse-de-la-dolce-vita\\\/\"},\"author\":{\"name\":\"Quentin Perissinotto\",\"@id\":\"https:\\\/\\\/leregardlibre.com\\\/#\\\/schema\\\/person\\\/b2ac941a3f3efccb93d920d0cd1629f4\"},\"headline\":\"\u00abLe dernier \u00e9t\u00e9 en ville\u00bb, l\u2019ivresse de la dolce vita\",\"datePublished\":\"2022-06-14T04:00:00+00:00\",\"dateModified\":\"2022-11-13T13:35:33+00:00\",\"mainEntityOfPage\":{\"@id\":\"https:\\\/\\\/leregardlibre.com\\\/litterature\\\/le-dernier-ete-en-ville-livresse-de-la-dolce-vita\\\/\"},\"wordCount\":632,\"commentCount\":0,\"publisher\":{\"@id\":\"https:\\\/\\\/leregardlibre.com\\\/#organization\"},\"image\":{\"@id\":\"https:\\\/\\\/leregardlibre.com\\\/litterature\\\/le-dernier-ete-en-ville-livresse-de-la-dolce-vita\\\/#primaryimage\"},\"thumbnailUrl\":\"https:\\\/\\\/leregardlibre.com\\\/wp-content\\\/uploads\\\/2022\\\/06\\\/Le-dernier-e\u0301te\u0301-en-ville-\u00a9-Quentin-Perissinotto-pour-Le-Regard-Libre-e1655139432520.jpeg\",\"keywords\":[\"Critique litt\u00e9raire\",\"Gianfranco Calligarich\",\"Le dernier \u00e9t\u00e9 en ville\",\"Litt\u00e9rature italienne\",\"Rome\"],\"articleSection\":[\"Litt\u00e9rature\"],\"inLanguage\":\"en-US\",\"potentialAction\":[{\"@type\":\"CommentAction\",\"name\":\"Comment\",\"target\":[\"https:\\\/\\\/leregardlibre.com\\\/litterature\\\/le-dernier-ete-en-ville-livresse-de-la-dolce-vita\\\/#respond\"]}]},{\"@type\":\"WebPage\",\"@id\":\"https:\\\/\\\/leregardlibre.com\\\/litterature\\\/le-dernier-ete-en-ville-livresse-de-la-dolce-vita\\\/\",\"url\":\"https:\\\/\\\/leregardlibre.com\\\/litterature\\\/le-dernier-ete-en-ville-livresse-de-la-dolce-vita\\\/\",\"name\":\"\u00abLe dernier \u00e9t\u00e9 en ville\u00bb, l\u2019ivresse de la dolce vita\",\"isPartOf\":{\"@id\":\"https:\\\/\\\/leregardlibre.com\\\/#website\"},\"primaryImageOfPage\":{\"@id\":\"https:\\\/\\\/leregardlibre.com\\\/litterature\\\/le-dernier-ete-en-ville-livresse-de-la-dolce-vita\\\/#primaryimage\"},\"image\":{\"@id\":\"https:\\\/\\\/leregardlibre.com\\\/litterature\\\/le-dernier-ete-en-ville-livresse-de-la-dolce-vita\\\/#primaryimage\"},\"thumbnailUrl\":\"https:\\\/\\\/leregardlibre.com\\\/wp-content\\\/uploads\\\/2022\\\/06\\\/Le-dernier-e\u0301te\u0301-en-ville-\u00a9-Quentin-Perissinotto-pour-Le-Regard-Libre-e1655139432520.jpeg\",\"datePublished\":\"2022-06-14T04:00:00+00:00\",\"dateModified\":\"2022-11-13T13:35:33+00:00\",\"description\":\"\u00abLe dernier \u00e9t\u00e9 en ville\u00bb\u00a0est un chef-d\u2019\u0153uvre sorti de l\u2019oubli gr\u00e2ce \u00e0 sa traduction fran\u00e7aise parue chez Gallimard en 2021. Critique\",\"breadcrumb\":{\"@id\":\"https:\\\/\\\/leregardlibre.com\\\/litterature\\\/le-dernier-ete-en-ville-livresse-de-la-dolce-vita\\\/#breadcrumb\"},\"inLanguage\":\"en-US\",\"potentialAction\":[{\"@type\":\"ReadAction\",\"target\":[\"https:\\\/\\\/leregardlibre.com\\\/litterature\\\/le-dernier-ete-en-ville-livresse-de-la-dolce-vita\\\/\"]}]},{\"@type\":\"ImageObject\",\"inLanguage\":\"en-US\",\"@id\":\"https:\\\/\\\/leregardlibre.com\\\/litterature\\\/le-dernier-ete-en-ville-livresse-de-la-dolce-vita\\\/#primaryimage\",\"url\":\"https:\\\/\\\/leregardlibre.com\\\/wp-content\\\/uploads\\\/2022\\\/06\\\/Le-dernier-e\u0301te\u0301-en-ville-\u00a9-Quentin-Perissinotto-pour-Le-Regard-Libre-e1655139432520.jpeg\",\"contentUrl\":\"https:\\\/\\\/leregardlibre.com\\\/wp-content\\\/uploads\\\/2022\\\/06\\\/Le-dernier-e\u0301te\u0301-en-ville-\u00a9-Quentin-Perissinotto-pour-Le-Regard-Libre-e1655139432520.jpeg\",\"width\":2048,\"height\":1331,\"caption\":\"Le dernier e\u0301te\u0301 en ville \u00a9 Quentin Perissinotto pour Le Regard Libre\"},{\"@type\":\"BreadcrumbList\",\"@id\":\"https:\\\/\\\/leregardlibre.com\\\/litterature\\\/le-dernier-ete-en-ville-livresse-de-la-dolce-vita\\\/#breadcrumb\",\"itemListElement\":[{\"@type\":\"ListItem\",\"position\":1,\"name\":\"Accueil\",\"item\":\"https:\\\/\\\/leregardlibre.com\\\/\"},{\"@type\":\"ListItem\",\"position\":2,\"name\":\"\u00abLe dernier \u00e9t\u00e9 en ville\u00bb, l\u2019ivresse de la dolce vita\"}]},{\"@type\":\"WebSite\",\"@id\":\"https:\\\/\\\/leregardlibre.com\\\/#website\",\"url\":\"https:\\\/\\\/leregardlibre.com\\\/\",\"name\":\"Le Regard Libre\",\"description\":\"Premier mensuel suisse de d\u00e9bat\",\"publisher\":{\"@id\":\"https:\\\/\\\/leregardlibre.com\\\/#organization\"},\"potentialAction\":[{\"@type\":\"SearchAction\",\"target\":{\"@type\":\"EntryPoint\",\"urlTemplate\":\"https:\\\/\\\/leregardlibre.com\\\/?s={search_term_string}\"},\"query-input\":{\"@type\":\"PropertyValueSpecification\",\"valueRequired\":true,\"valueName\":\"search_term_string\"}}],\"inLanguage\":\"en-US\"},{\"@type\":\"Organization\",\"@id\":\"https:\\\/\\\/leregardlibre.com\\\/#organization\",\"name\":\"Le Regard Libre\",\"url\":\"https:\\\/\\\/leregardlibre.com\\\/\",\"logo\":{\"@type\":\"ImageObject\",\"inLanguage\":\"en-US\",\"@id\":\"https:\\\/\\\/leregardlibre.com\\\/#\\\/schema\\\/logo\\\/image\\\/\",\"url\":\"https:\\\/\\\/leregardlibre.com\\\/wp-content\\\/uploads\\\/2025\\\/08\\\/logo-rl-icone-neg.jpeg\",\"contentUrl\":\"https:\\\/\\\/leregardlibre.com\\\/wp-content\\\/uploads\\\/2025\\\/08\\\/logo-rl-icone-neg.jpeg\",\"width\":557,\"height\":556,\"caption\":\"Le Regard Libre\"},\"image\":{\"@id\":\"https:\\\/\\\/leregardlibre.com\\\/#\\\/schema\\\/logo\\\/image\\\/\"},\"sameAs\":[\"https:\\\/\\\/www.facebook.com\\\/leregardlibre\\\/\",\"https:\\\/\\\/x.com\\\/LeRegardLibre\",\"https:\\\/\\\/www.linkedin.com\\\/company\\\/le-regard-libre\",\"https:\\\/\\\/www.instagram.com\\\/leregardlibre\\\/\",\"http:\\\/\\\/t.me\\\/leregardlibre\",\"https:\\\/\\\/youtube.com\\\/channel\\\/UC6HzGPomj1LsUmlz-sJtITQ\"],\"description\":\"Le Regard Libre est un mensuel suisse de d\u00e9bat intellectuel et culturel. Sa r\u00e9daction est jeune, b\u00e9n\u00e9vole, lib\u00e9rale et pluraliste. Le magazine para\u00eet en ligne et sous forme papier. Sa langue est le fran\u00e7ais.\",\"email\":\"redaction@leregardlibre.com\",\"legalName\":\"Le Regard Libre\",\"foundingDate\":\"2014-01-01\",\"numberOfEmployees\":{\"@type\":\"QuantitativeValue\",\"minValue\":\"11\",\"maxValue\":\"50\"},\"publishingPrinciples\":\"https:\\\/\\\/leregardlibre.com\\\/a-propos\\\/notre-manifeste\\\/\",\"ownershipFundingInfo\":\"https:\\\/\\\/leregardlibre.com\\\/mentions-legales\\\/\",\"actionableFeedbackPolicy\":\"https:\\\/\\\/leregardlibre.com\\\/conditions-generales-de-vente\\\/\"},{\"@type\":\"Person\",\"@id\":\"https:\\\/\\\/leregardlibre.com\\\/#\\\/schema\\\/person\\\/b2ac941a3f3efccb93d920d0cd1629f4\",\"name\":\"Quentin Perissinotto\",\"image\":{\"@type\":\"ImageObject\",\"inLanguage\":\"en-US\",\"@id\":\"https:\\\/\\\/secure.gravatar.com\\\/avatar\\\/5bdc85640092297cabef9e4e9fafa5d0f6fdc4d68bde6549c358b1419521e8f3?s=96&d=identicon&r=g\",\"url\":\"https:\\\/\\\/secure.gravatar.com\\\/avatar\\\/5bdc85640092297cabef9e4e9fafa5d0f6fdc4d68bde6549c358b1419521e8f3?s=96&d=identicon&r=g\",\"contentUrl\":\"https:\\\/\\\/secure.gravatar.com\\\/avatar\\\/5bdc85640092297cabef9e4e9fafa5d0f6fdc4d68bde6549c358b1419521e8f3?s=96&d=identicon&r=g\",\"caption\":\"Quentin Perissinotto\"},\"description\":\"Conseiller-clients et \u00e9crivain, Quentin Perissinotto est critique litt\u00e9raire pour Le Regard Libre.\",\"sameAs\":[\"https:\\\/\\\/fr.wikipedia.org\\\/wiki\\\/Le_Regard_libre\"],\"url\":\"https:\\\/\\\/leregardlibre.com\\\/en\\\/author\\\/quentin-perissinotto\\\/\"}]}<\/script>\n<!-- \/ Yoast SEO Premium plugin. -->","yoast_head_json":{"title":"\u00abLast summer in town\u00bb, the intoxication of la dolce vita","description":"\u00abLe dernier \u00e9t\u00e9 en ville\u00bb\u00a0est un chef-d\u2019\u0153uvre sorti de l\u2019oubli gr\u00e2ce \u00e0 sa traduction fran\u00e7aise parue chez Gallimard en 2021. Critique","robots":{"index":"index","follow":"follow","max-snippet":"max-snippet:-1","max-image-preview":"max-image-preview:large","max-video-preview":"max-video-preview:-1"},"canonical":"https:\/\/leregardlibre.com\/en\/literature\/le-dernier-ete-en-ville-livresse-de-la-dolce-vita\/","og_locale":"en_US","og_type":"article","og_title":"\u00abLe dernier \u00e9t\u00e9 en ville\u00bb, l\u2019ivresse de la dolce vita","og_description":"\u00abLe dernier \u00e9t\u00e9 en ville\u00bb\u00a0est un chef-d\u2019\u0153uvre sorti de l\u2019oubli gr\u00e2ce \u00e0 sa traduction fran\u00e7aise parue chez Gallimard en 2021. Critique","og_url":"https:\/\/leregardlibre.com\/en\/literature\/le-dernier-ete-en-ville-livresse-de-la-dolce-vita\/","og_site_name":"Le Regard Libre","article_publisher":"https:\/\/www.facebook.com\/leregardlibre\/","article_published_time":"2022-06-14T04:00:00+00:00","article_modified_time":"2022-11-13T13:35:33+00:00","og_image":[{"width":2048,"height":1331,"url":"https:\/\/leregardlibre.com\/wp-content\/uploads\/2022\/06\/Le-dernier-e\u0301te\u0301-en-ville-\u00a9-Quentin-Perissinotto-pour-Le-Regard-Libre-e1655139432520.jpeg","type":"image\/jpeg"}],"author":"Quentin Perissinotto","twitter_card":"summary_large_image","twitter_creator":"@LeRegardLibre","twitter_site":"@LeRegardLibre","twitter_misc":{"Written by":"Quentin Perissinotto","Est. reading time":"4 minutes"},"schema":{"@context":"https:\/\/schema.org","@graph":[{"@type":"Article","@id":"https:\/\/leregardlibre.com\/litterature\/le-dernier-ete-en-ville-livresse-de-la-dolce-vita\/#article","isPartOf":{"@id":"https:\/\/leregardlibre.com\/litterature\/le-dernier-ete-en-ville-livresse-de-la-dolce-vita\/"},"author":{"name":"Quentin Perissinotto","@id":"https:\/\/leregardlibre.com\/#\/schema\/person\/b2ac941a3f3efccb93d920d0cd1629f4"},"headline":"\u00abLe dernier \u00e9t\u00e9 en ville\u00bb, l\u2019ivresse de la dolce vita","datePublished":"2022-06-14T04:00:00+00:00","dateModified":"2022-11-13T13:35:33+00:00","mainEntityOfPage":{"@id":"https:\/\/leregardlibre.com\/litterature\/le-dernier-ete-en-ville-livresse-de-la-dolce-vita\/"},"wordCount":632,"commentCount":0,"publisher":{"@id":"https:\/\/leregardlibre.com\/#organization"},"image":{"@id":"https:\/\/leregardlibre.com\/litterature\/le-dernier-ete-en-ville-livresse-de-la-dolce-vita\/#primaryimage"},"thumbnailUrl":"https:\/\/leregardlibre.com\/wp-content\/uploads\/2022\/06\/Le-dernier-e\u0301te\u0301-en-ville-\u00a9-Quentin-Perissinotto-pour-Le-Regard-Libre-e1655139432520.jpeg","keywords":["Critique litt\u00e9raire","Gianfranco Calligarich","Le dernier \u00e9t\u00e9 en ville","Litt\u00e9rature italienne","Rome"],"articleSection":["Litt\u00e9rature"],"inLanguage":"en-US","potentialAction":[{"@type":"CommentAction","name":"Comment","target":["https:\/\/leregardlibre.com\/litterature\/le-dernier-ete-en-ville-livresse-de-la-dolce-vita\/#respond"]}]},{"@type":"WebPage","@id":"https:\/\/leregardlibre.com\/litterature\/le-dernier-ete-en-ville-livresse-de-la-dolce-vita\/","url":"https:\/\/leregardlibre.com\/litterature\/le-dernier-ete-en-ville-livresse-de-la-dolce-vita\/","name":"\u00abLast summer in town\u00bb, the intoxication of la dolce vita","isPartOf":{"@id":"https:\/\/leregardlibre.com\/#website"},"primaryImageOfPage":{"@id":"https:\/\/leregardlibre.com\/litterature\/le-dernier-ete-en-ville-livresse-de-la-dolce-vita\/#primaryimage"},"image":{"@id":"https:\/\/leregardlibre.com\/litterature\/le-dernier-ete-en-ville-livresse-de-la-dolce-vita\/#primaryimage"},"thumbnailUrl":"https:\/\/leregardlibre.com\/wp-content\/uploads\/2022\/06\/Le-dernier-e\u0301te\u0301-en-ville-\u00a9-Quentin-Perissinotto-pour-Le-Regard-Libre-e1655139432520.jpeg","datePublished":"2022-06-14T04:00:00+00:00","dateModified":"2022-11-13T13:35:33+00:00","description":"\u00abLe dernier \u00e9t\u00e9 en ville\u00bb\u00a0est un chef-d\u2019\u0153uvre sorti de l\u2019oubli gr\u00e2ce \u00e0 sa traduction fran\u00e7aise parue chez Gallimard en 2021. Critique","breadcrumb":{"@id":"https:\/\/leregardlibre.com\/litterature\/le-dernier-ete-en-ville-livresse-de-la-dolce-vita\/#breadcrumb"},"inLanguage":"en-US","potentialAction":[{"@type":"ReadAction","target":["https:\/\/leregardlibre.com\/litterature\/le-dernier-ete-en-ville-livresse-de-la-dolce-vita\/"]}]},{"@type":"ImageObject","inLanguage":"en-US","@id":"https:\/\/leregardlibre.com\/litterature\/le-dernier-ete-en-ville-livresse-de-la-dolce-vita\/#primaryimage","url":"https:\/\/leregardlibre.com\/wp-content\/uploads\/2022\/06\/Le-dernier-e\u0301te\u0301-en-ville-\u00a9-Quentin-Perissinotto-pour-Le-Regard-Libre-e1655139432520.jpeg","contentUrl":"https:\/\/leregardlibre.com\/wp-content\/uploads\/2022\/06\/Le-dernier-e\u0301te\u0301-en-ville-\u00a9-Quentin-Perissinotto-pour-Le-Regard-Libre-e1655139432520.jpeg","width":2048,"height":1331,"caption":"Le dernier e\u0301te\u0301 en ville \u00a9 Quentin Perissinotto pour Le Regard Libre"},{"@type":"BreadcrumbList","@id":"https:\/\/leregardlibre.com\/litterature\/le-dernier-ete-en-ville-livresse-de-la-dolce-vita\/#breadcrumb","itemListElement":[{"@type":"ListItem","position":1,"name":"Accueil","item":"https:\/\/leregardlibre.com\/"},{"@type":"ListItem","position":2,"name":"\u00abLe dernier \u00e9t\u00e9 en ville\u00bb, l\u2019ivresse de la dolce vita"}]},{"@type":"WebSite","@id":"https:\/\/leregardlibre.com\/#website","url":"https:\/\/leregardlibre.com\/","name":"Le Regard Libre","description":"Switzerland's first monthly debate magazine","publisher":{"@id":"https:\/\/leregardlibre.com\/#organization"},"potentialAction":[{"@type":"SearchAction","target":{"@type":"EntryPoint","urlTemplate":"https:\/\/leregardlibre.com\/?s={search_term_string}"},"query-input":{"@type":"PropertyValueSpecification","valueRequired":true,"valueName":"search_term_string"}}],"inLanguage":"en-US"},{"@type":"Organization","@id":"https:\/\/leregardlibre.com\/#organization","name":"Le Regard Libre","url":"https:\/\/leregardlibre.com\/","logo":{"@type":"ImageObject","inLanguage":"en-US","@id":"https:\/\/leregardlibre.com\/#\/schema\/logo\/image\/","url":"https:\/\/leregardlibre.com\/wp-content\/uploads\/2025\/08\/logo-rl-icone-neg.jpeg","contentUrl":"https:\/\/leregardlibre.com\/wp-content\/uploads\/2025\/08\/logo-rl-icone-neg.jpeg","width":557,"height":556,"caption":"Le Regard Libre"},"image":{"@id":"https:\/\/leregardlibre.com\/#\/schema\/logo\/image\/"},"sameAs":["https:\/\/www.facebook.com\/leregardlibre\/","https:\/\/x.com\/LeRegardLibre","https:\/\/www.linkedin.com\/company\/le-regard-libre","https:\/\/www.instagram.com\/leregardlibre\/","http:\/\/t.me\/leregardlibre","https:\/\/youtube.com\/channel\/UC6HzGPomj1LsUmlz-sJtITQ"],"description":"Le Regard Libre is a Swiss monthly magazine for intellectual and cultural debate. Its editorial team is young, voluntary, liberal and pluralist. The magazine appears online and in print. Its language is French.","email":"redaction@leregardlibre.com","legalName":"Le Regard Libre","foundingDate":"2014-01-01","numberOfEmployees":{"@type":"QuantitativeValue","minValue":"11","maxValue":"50"},"publishingPrinciples":"https:\/\/leregardlibre.com\/a-propos\/notre-manifeste\/","ownershipFundingInfo":"https:\/\/leregardlibre.com\/mentions-legales\/","actionableFeedbackPolicy":"https:\/\/leregardlibre.com\/conditions-generales-de-vente\/"},{"@type":"Person","@id":"https:\/\/leregardlibre.com\/#\/schema\/person\/b2ac941a3f3efccb93d920d0cd1629f4","name":"Quentin Perissinotto","image":{"@type":"ImageObject","inLanguage":"en-US","@id":"https:\/\/secure.gravatar.com\/avatar\/5bdc85640092297cabef9e4e9fafa5d0f6fdc4d68bde6549c358b1419521e8f3?s=96&d=identicon&r=g","url":"https:\/\/secure.gravatar.com\/avatar\/5bdc85640092297cabef9e4e9fafa5d0f6fdc4d68bde6549c358b1419521e8f3?s=96&d=identicon&r=g","contentUrl":"https:\/\/secure.gravatar.com\/avatar\/5bdc85640092297cabef9e4e9fafa5d0f6fdc4d68bde6549c358b1419521e8f3?s=96&d=identicon&r=g","caption":"Quentin Perissinotto"},"description":"Customer advisor and writer, Quentin Perissinotto is a literary critic for Le Regard Libre.","sameAs":["https:\/\/fr.wikipedia.org\/wiki\/Le_Regard_libre"],"url":"https:\/\/leregardlibre.com\/en\/author\/quentin-perissinotto\/"}]}},"_links":{"self":[{"href":"https:\/\/leregardlibre.com\/en\/wp-json\/wp\/v2\/posts\/49418","targetHints":{"allow":["GET"]}}],"collection":[{"href":"https:\/\/leregardlibre.com\/en\/wp-json\/wp\/v2\/posts"}],"about":[{"href":"https:\/\/leregardlibre.com\/en\/wp-json\/wp\/v2\/types\/post"}],"author":[{"embeddable":true,"href":"https:\/\/leregardlibre.com\/en\/wp-json\/wp\/v2\/users\/213"}],"replies":[{"embeddable":true,"href":"https:\/\/leregardlibre.com\/en\/wp-json\/wp\/v2\/comments?post=49418"}],"version-history":[{"count":2,"href":"https:\/\/leregardlibre.com\/en\/wp-json\/wp\/v2\/posts\/49418\/revisions"}],"predecessor-version":[{"id":511440,"href":"https:\/\/leregardlibre.com\/en\/wp-json\/wp\/v2\/posts\/49418\/revisions\/511440"}],"wp:featuredmedia":[{"embeddable":true,"href":"https:\/\/leregardlibre.com\/en\/wp-json\/wp\/v2\/media\/49426"}],"wp:attachment":[{"href":"https:\/\/leregardlibre.com\/en\/wp-json\/wp\/v2\/media?parent=49418"}],"wp:term":[{"taxonomy":"category","embeddable":true,"href":"https:\/\/leregardlibre.com\/en\/wp-json\/wp\/v2\/categories?post=49418"},{"taxonomy":"post_tag","embeddable":true,"href":"https:\/\/leregardlibre.com\/en\/wp-json\/wp\/v2\/tags?post=49418"}],"curies":[{"name":"wp","href":"https:\/\/api.w.org\/{rel}","templated":true}]}}