{"id":49669,"date":"2022-06-26T14:17:25","date_gmt":"2022-06-26T12:17:25","guid":{"rendered":"https:\/\/leregardlibre.com\/?p=49669"},"modified":"2025-12-13T22:54:24","modified_gmt":"2025-12-13T21:54:24","slug":"de-la-crise-politique-a-la-vraie-renaissance-notre-revue-de-presse","status":"publish","type":"post","link":"https:\/\/leregardlibre.com\/en\/policy\/france\/de-la-crise-politique-a-la-vraie-renaissance-notre-revue-de-presse\/","title":{"rendered":"2022 legislative elections: from \u00abpolitical crisis\u00bb to \u00abtrue Renaissance\u00bb"},"content":{"rendered":"<p class=\"has-drop-cap\"><strong>The vast majority of the media portrayed the result of the 2022 legislative elections in France as a defeat for re-elected President Emmanuel Macron, deprived of an absolute majority in parliament. But it's on the interpretation of what this situation means for the quinquennium that analyses diverge. Here's a selection.<\/strong><\/p>\n\n\n\n<!--more Lire la revue de presse (en libre acc\u00e8s)-->\n\n\n\n<p>A l\u2019issue du second tour des&nbsp;\u00e9lections&nbsp;l\u00e9gislatives du 19 juin dernier, l\u2019alliance Ensemble! du pr\u00e9sident a remport\u00e9 245 si\u00e8ges, la coalition de la gauche Nupes 137 si\u00e8ges et le RN 89 si\u00e8ges. S\u2019il est d\u2019abord \u00e0 noter que le parti pr\u00e9sidentiel n\u2019a de loin pas obtenu la majorit\u00e9 absolue dont il a b\u00e9n\u00e9fici\u00e9 pendant cinq ans et qu\u2019il visait \u00e0 maintenir, tous les observateurs s\u2019accordent \u00e0 dire que le fait majeur de ce second tour des l\u00e9gislatives consiste en la perc\u00e9e historique et inattendue du Rassemblement national de Marine Le Pen (qui remporte \u00e0 peu pr\u00e8s quinze fois plus de si\u00e8ges qu\u2019il y a cinq ans). Jean-Luc M\u00e9lenchon, quant \u00e0 lui, n\u2019a pas r\u00e9ussi \u00e0 faire de son alliance de gauche \u2013 la Nupes \u2013 la premi\u00e8re force d\u2019opposition du pays.<\/p>\n\n\n\n<p><strong>Read also | <a href=\"https:\/\/leregardlibre.com\/en\/policy\/presidentielle-les-trois-poles-politiques-francais-et-le-vote-utile\/\">Presidential election: France's three political poles and the useful vote<\/a><\/strong><\/p>\n\n\n\n<p><em><a href=\"https:\/\/www.lefigaro.fr\/vox\/politique\/allocution-de-macron-tout-changer-20220622\">Le Figaro<\/a><\/em> voit dans cette reconfiguration du parlement ni plus ni moins qu\u2019\u00abune crise politique interne\u00bb. <em><a href=\"https:\/\/www.liberation.fr\/idees-et-debats\/editorial\/legislatives-pour-macron-la-france-ingouvernable-bon-gre-mal-gre-20220620_YS6X3QDV4JA3TOHQ56DQAOVZE4\/\">Release<\/a><\/em> se r\u00e9jouit plut\u00f4t d\u2019une \u00abvraie Renaissance du parlementarisme \u00e0 la fran\u00e7aise, avec ses d\u00e9bats houleux, ses deals de couloirs, ses compromis tard dans la nuit\u00bb. Les deux m\u00e9dias, oppos\u00e9s id\u00e9ologiquement, se rejoignent en revanche sur leur jugement s\u00e9v\u00e8re envers Emmanuel Macron, qui n\u2019a m\u00eame pas fait campagne. <a href=\"https:\/\/www.lemonde.fr\/idees\/article\/2022\/06\/13\/legislatives-2022-emmanuel-macron-va-devoir-sortir-rapidement-des-generalites-et-des-ambiguites_6130056_3232.html\">Une chroniqueuse du<em> World<\/em><\/a> va jusqu\u2019\u00e0 lier cette \u00abAssembl\u00e9e nationale ultrapolitis\u00e9e\u00bb \u00e0 la \u00abd\u00e9politisation de la campagne\u00bb par le pr\u00e9sident. La <em><a href=\"https:\/\/www.tdg.ch\/macron-et-le-peche-dorgueil-583271484798\">Tribune de Gen\u00e8ve<\/a><\/em>, qui annonce des d\u00e9bats \u00abhouleux, mais passionnants\u00bb, ne dit pas autre chose en pointant le \u00abp\u00e9ch\u00e9 d\u2019orgueil\u00bb du chef d\u2019Etat.<\/p>\n\n\n\n<h3 class=\"wp-block-heading\">Une France impossible \u00e0 gouverner?<\/h3>\n\n\n\n<p>Toujours en Suisse, <a href=\"https:\/\/www.watson.ch\/fr\/international\/commentaire\/710766647-legislatives-2022-la-france-est-devenue-ingouvernable\">watson<\/a> n\u2019h\u00e9site pas \u00e0 la qualifier la nouvelle assembl\u00e9e de \u00abchamboul\u00e9e et comme impossible \u00e0 gouverner\u00bb. Sauf si&#8230; \u00abceux qui se pr\u00e9tendent les \u00e9lus de la France qui souffre sauront parler autrement qu\u2019en d\u00e9magogues\u00bb. Rien \u00e0 voir avec le <em><a href=\"https:\/\/www.lejdd.fr\/Politique\/edito-celui-qui-sest-cru-jupiter-4119805\">Journal du Dimanche<\/a><\/em> qui, de son c\u00f4t\u00e9, pr\u00e9f\u00e8re se demander si ce ne serait pas le Pr\u00e9sident qui ne saurait pas gouverner plus que le pays qui serait ingouvernable:<\/p>\n\n\n\n<blockquote class=\"wp-block-quote is-layout-flow wp-block-quote-is-layout-flow\"><p>\u00abPour faire passer la r\u00e9forme des retraites, une majorit\u00e9 existe: l\u2019alliance de \u00adRenaissance et des LR. Sur le pouvoir d\u2019achat, un accord peut se dessiner avec des \u00e9lus de la gauche r\u00e9aliste et de la droite sociale. Pour obtenir cet \u00e9quilibre il faut discuter, \u00e9couter, transiger, composer parfois, s\u2019effacer souvent. Une gageure quand on s\u2019est dit Jupiter.\u00bb<\/p><\/blockquote>\n\n\n\n<p>Une chose est s\u00fbre: la France doit d\u00e9sormais faire l\u2019apprentissage d\u2019un parlementarisme de type plus helv\u00e9tique. Un exercice \u2013 dans le registre de la d\u00e9mocratie semi-directe \u2013 aussi difficile qu\u2019il le serait dans une pratique plus r\u00e9elle de la d\u00e9mocratie directe en France. Ce samedi, Emmanuel Macron <a href=\"https:\/\/www.challenges.fr\/politique\/macron-determine-a-batir-soit-une-coalition-soit-des-accords_818554\">a annonc\u00e9<\/a> qu\u2019il maintenait en fonction la Premi\u00e8re ministre Elisabeth Borne et qu\u2019il la chargeait de former un nouveau \u00abgouvernement d\u2019action\u00bb pour juillet. Il s\u2019est en outre engag\u00e9 \u00e0 b\u00e2tir une \u00abcoalition\u00bb ou des \u00abaccords\u00bb avec les autres partis (sauf l\u2019extr\u00eame gauche et l\u2019extr\u00eame droite) sur des dossiers importants. Bien malin qui sait dire ou dit savoir vers quel futur le pays se dirige.<\/p>\n\n\n\n<p><em>Write to the author: <a href=\"mailto:jonas.follonier@leregardlibre.com\">jonas.follonier@leregardlibre.com<\/a><\/em><\/p>\n\n\n\n<p>Image: \u00a9&nbsp;Capture d\u2019\u00e9cran YouTube<\/p>\n\n\n\n<p><strong>You've just read an open-access article.&nbsp;<\/strong>Debates, analysis, cultural news:&nbsp;<a href=\"https:\/\/leregardlibre.com\/en\/subscription\/\">subscribe<\/a>&nbsp;to support us and access all our content.<a href=\"https:\/\/leregardlibre.com\/en\/literature\/une-jolie-fille-comme-ca-on-nen-trouve-pas-ailleurs\/?share=facebook&amp;nb=1\" target=\"_blank\" rel=\"noreferrer noopener\"><\/a><\/p>\n\n\n\n<form method=\"post\" action=\"https:\/\/newsletter.infomaniak.com\/external\/submit\" class=\"inf-form\" target=\"_blank\"><input type=\"email\" name=\"email\" style=\"display:none\"><input type=\"hidden\" name=\"key\" value=\"eyJpdiI6IlZXRVJGMlRGQUU2alNqUE81bitIUk5adnNVa0c4MllFTStzOHdHT1FQZ3c9IiwidmFsdWUiOiJIYzhwMUVCK1pTNnlhY3MyMmhuZlhReWJqemEwNk93blMxTjFHc0s2VHZrPSIsIm1hYyI6ImVhYTQ5N2I1M2NiYWE4NzBmNjk2NzgzYjliM2Y5NmYzM2E2ZmU3NGQxNTU1ZDFkMTU1MzY5NTdjYjE3ZTJmNTUifQ==\"><input type=\"hidden\" name=\"webform_id\" value=\"7291\"><style> .inf-main_3000311ca56a1cb93397bc676c0b7fff{ background-color:#f5f5f5; padding:25px 20px; margin:25px auto; } .inf-main_3000311ca56a1cb93397bc676c0b7fff .inf-content { margin-top:13px;} .inf-main_3000311ca56a1cb93397bc676c0b7fff h4, .inf-main_3000311ca56a1cb93397bc676c0b7fff span, .inf-main_3000311ca56a1cb93397bc676c0b7fff label, .inf-main_3000311ca56a1cb93397bc676c0b7fff input, .inf-main_3000311ca56a1cb93397bc676c0b7fff .inf-submit, .inf-main_3000311ca56a1cb93397bc676c0b7fff .inf-success p a { color:#555555; font-size:14px; } .inf-main_3000311ca56a1cb93397bc676c0b7fff h4{ font-size:18px; margin:0px 0px 13px 0px; } .inf-main_3000311ca56a1cb93397bc676c0b7fff h4, .inf-main_3000311ca56a1cb93397bc676c0b7fff label{ font-weight:bold; } .inf-main_3000311ca56a1cb93397bc676c0b7fff .inf-input { margin-bottom:7px; } .inf-main_3000311ca56a1cb93397bc676c0b7fff label { display:block;} .inf-main_3000311ca56a1cb93397bc676c0b7fff input{ height:35px; color:#999999; border: 1px solid #E9E9E9; border:none; padding-left:7px; } .inf-main_3000311ca56a1cb93397bc676c0b7fff .inf-input.inf-error label, .inf-main_3000311ca56a1cb93397bc676c0b7fff .inf-input.inf-error span.inf-message{ color: #cc0033; } .inf-main_3000311ca56a1cb93397bc676c0b7fff .inf-input.inf-error input{ border: 1px solid #cc0033; } .inf-main_3000311ca56a1cb93397bc676c0b7fff .inf-input input { width:100%;} .inf-main_3000311ca56a1cb93397bc676c0b7fff .inf-input.inf-error span.inf-message { display: block; } .inf-main_3000311ca56a1cb93397bc676c0b7fff .inf-submit { text-align:right;} .inf-main_3000311ca56a1cb93397bc676c0b7fff .inf-submit input{ background-color:#777777; color:#ffffff; border:none; font-weight: normal; height:auto; padding:7px; } .inf-main_3000311ca56a1cb93397bc676c0b7fff .inf-submit input.disabled{ opacity: 0.4; } .inf-btn { color: rgb(85, 85, 85); border: medium none; font-weight: normal; height: auto; padding: 7px; display: inline-block; background-color: white; box-shadow: 0px 1px 1px rgba(0, 0, 0, 0.24); border-radius: 2px; line-height: 1em; } .inf-rgpd { margin:25px 0px 15px 0px; color:#555555; } <\/style> <div class=\"inf-main_3000311ca56a1cb93397bc676c0b7fff\"> <h4>NEWSLETTER DU REGARD LIBRE<\/h4> <span>Receive our articles every Sunday.<\/span> <div class=\"inf-success\" style=\"display:none\"> <h4>Your subscription to our weekly newsletter has been successfully registered!<\/h4> <p> <a href=\"#\" class=\"inf-btn\">\u00ab<\/a> <\/p> <\/div> <div class=\"inf-content\"> <div class=\"inf-input inf-input-text\"> <input type=\"text\" name=\"inf[1]\" data-inf-meta=\"1\" data-inf-error=\"Merci de renseigner une adresse email\" required=\"required\" placeholder=\"Email\"> <\/div> <div class=\"inf-submit\"> <input type=\"submit\" name=\"\" value=\"Sign up\"> <\/div> <\/div> <\/div> <\/form>","protected":false},"excerpt":{"rendered":"<p>The vast majority of the media portrayed the result of the 2022 legislative elections in France as a defeat for re-elected President Emmanuel Macron, deprived of an absolute majority in parliament. But it's on the interpretation of what this situation means for the quinquennium that analyses diverge. Here's a selection.<\/p>","protected":false},"author":138,"featured_media":508730,"comment_status":"open","ping_status":"open","sticky":false,"template":"","format":"standard","meta":{"_acf_changed":false,"footnotes":""},"categories":[644357280],"tags":[74619484,644356510,644357333],"class_list":["post-49669","post","type-post","status-publish","format-standard","has-post-thumbnail","hentry","category-france","tag-emmanuel-macron","tag-rassemblement-national","tag-revue-de-presse"],"acf":[],"yoast_head":"<!-- This site is optimized with the Yoast SEO Premium plugin v27.4 (Yoast SEO v27.4) - https:\/\/yoast.com\/product\/yoast-seo-premium-wordpress\/ -->\n<title>L\u00e9gislatives 2022: de la \u00abcrise politique\u00bb \u00e0 la \u00abvraie Renaissance\u00bb<\/title>\n<meta name=\"description\" content=\"L\u00e9gislatives 2022: Comment Emmanuel Macron, priv\u00e9 d\u2019une majorit\u00e9 absolue au parlement, pourra-t-il gouverner? Notre revue de presse\" \/>\n<meta name=\"robots\" content=\"index, follow, max-snippet:-1, max-image-preview:large, max-video-preview:-1\" \/>\n<link rel=\"canonical\" href=\"https:\/\/leregardlibre.com\/en\/policy\/france\/de-la-crise-politique-a-la-vraie-renaissance-notre-revue-de-presse\/\" \/>\n<meta property=\"og:locale\" content=\"en_US\" \/>\n<meta property=\"og:type\" content=\"article\" \/>\n<meta property=\"og:title\" content=\"L\u00e9gislatives 2022: de la \u00abcrise politique\u00bb \u00e0 la \u00abvraie Renaissance\u00bb\" \/>\n<meta property=\"og:description\" content=\"L\u00e9gislatives 2022: Comment Emmanuel Macron, priv\u00e9 d\u2019une majorit\u00e9 absolue au parlement, pourra-t-il gouverner? Notre revue de presse\" \/>\n<meta property=\"og:url\" content=\"https:\/\/leregardlibre.com\/en\/policy\/france\/de-la-crise-politique-a-la-vraie-renaissance-notre-revue-de-presse\/\" \/>\n<meta property=\"og:site_name\" content=\"Le Regard Libre\" \/>\n<meta property=\"article:publisher\" content=\"https:\/\/www.facebook.com\/leregardlibre\/\" \/>\n<meta property=\"article:author\" content=\"https:\/\/www.facebook.com\/jonas.follonier\/\" \/>\n<meta property=\"article:published_time\" content=\"2022-06-26T12:17:25+00:00\" \/>\n<meta property=\"article:modified_time\" content=\"2025-12-13T21:54:24+00:00\" \/>\n<meta property=\"og:image\" content=\"https:\/\/leregardlibre.com\/wp-content\/uploads\/2022\/06\/Capture-de\u0301cran-2022-06-26-a\u0300-14.10.13.webp\" \/>\n\t<meta property=\"og:image:width\" content=\"1038\" \/>\n\t<meta property=\"og:image:height\" content=\"576\" \/>\n\t<meta property=\"og:image:type\" content=\"image\/webp\" \/>\n<meta name=\"author\" content=\"Jonas Follonier\" \/>\n<meta name=\"twitter:card\" content=\"summary_large_image\" \/>\n<meta name=\"twitter:creator\" content=\"@LeRegardLibre\" \/>\n<meta name=\"twitter:site\" content=\"@LeRegardLibre\" \/>\n<meta name=\"twitter:label1\" content=\"Written by\" \/>\n\t<meta name=\"twitter:data1\" content=\"Jonas Follonier\" \/>\n\t<meta name=\"twitter:label2\" content=\"Est. reading time\" \/>\n\t<meta name=\"twitter:data2\" content=\"4 minutes\" \/>\n<script type=\"application\/ld+json\" class=\"yoast-schema-graph\">{\"@context\":\"https:\\\/\\\/schema.org\",\"@graph\":[{\"@type\":\"Article\",\"@id\":\"https:\\\/\\\/leregardlibre.com\\\/politique\\\/france\\\/de-la-crise-politique-a-la-vraie-renaissance-notre-revue-de-presse\\\/#article\",\"isPartOf\":{\"@id\":\"https:\\\/\\\/leregardlibre.com\\\/politique\\\/france\\\/de-la-crise-politique-a-la-vraie-renaissance-notre-revue-de-presse\\\/\"},\"author\":{\"name\":\"Jonas Follonier\",\"@id\":\"https:\\\/\\\/leregardlibre.com\\\/#\\\/schema\\\/person\\\/bfe5aa794a23be71485d60e2d93ec0d2\"},\"headline\":\"L\u00e9gislatives 2022: de la \u00abcrise politique\u00bb \u00e0 la \u00abvraie Renaissance\u00bb\",\"datePublished\":\"2022-06-26T12:17:25+00:00\",\"dateModified\":\"2025-12-13T21:54:24+00:00\",\"mainEntityOfPage\":{\"@id\":\"https:\\\/\\\/leregardlibre.com\\\/politique\\\/france\\\/de-la-crise-politique-a-la-vraie-renaissance-notre-revue-de-presse\\\/\"},\"wordCount\":703,\"commentCount\":0,\"publisher\":{\"@id\":\"https:\\\/\\\/leregardlibre.com\\\/#organization\"},\"image\":{\"@id\":\"https:\\\/\\\/leregardlibre.com\\\/politique\\\/france\\\/de-la-crise-politique-a-la-vraie-renaissance-notre-revue-de-presse\\\/#primaryimage\"},\"thumbnailUrl\":\"https:\\\/\\\/leregardlibre.com\\\/wp-content\\\/uploads\\\/2022\\\/06\\\/Capture-de\u0301cran-2022-06-26-a\u0300-14.10.13.webp\",\"keywords\":[\"Emmanuel Macron\",\"Rassemblement national\",\"Revue de presse\"],\"articleSection\":[\"France\"],\"inLanguage\":\"en-US\",\"potentialAction\":[{\"@type\":\"CommentAction\",\"name\":\"Comment\",\"target\":[\"https:\\\/\\\/leregardlibre.com\\\/politique\\\/france\\\/de-la-crise-politique-a-la-vraie-renaissance-notre-revue-de-presse\\\/#respond\"]}]},{\"@type\":\"WebPage\",\"@id\":\"https:\\\/\\\/leregardlibre.com\\\/politique\\\/france\\\/de-la-crise-politique-a-la-vraie-renaissance-notre-revue-de-presse\\\/\",\"url\":\"https:\\\/\\\/leregardlibre.com\\\/politique\\\/france\\\/de-la-crise-politique-a-la-vraie-renaissance-notre-revue-de-presse\\\/\",\"name\":\"L\u00e9gislatives 2022: de la \u00abcrise politique\u00bb \u00e0 la \u00abvraie Renaissance\u00bb\",\"isPartOf\":{\"@id\":\"https:\\\/\\\/leregardlibre.com\\\/#website\"},\"primaryImageOfPage\":{\"@id\":\"https:\\\/\\\/leregardlibre.com\\\/politique\\\/france\\\/de-la-crise-politique-a-la-vraie-renaissance-notre-revue-de-presse\\\/#primaryimage\"},\"image\":{\"@id\":\"https:\\\/\\\/leregardlibre.com\\\/politique\\\/france\\\/de-la-crise-politique-a-la-vraie-renaissance-notre-revue-de-presse\\\/#primaryimage\"},\"thumbnailUrl\":\"https:\\\/\\\/leregardlibre.com\\\/wp-content\\\/uploads\\\/2022\\\/06\\\/Capture-de\u0301cran-2022-06-26-a\u0300-14.10.13.webp\",\"datePublished\":\"2022-06-26T12:17:25+00:00\",\"dateModified\":\"2025-12-13T21:54:24+00:00\",\"description\":\"L\u00e9gislatives 2022: Comment Emmanuel Macron, priv\u00e9 d\u2019une majorit\u00e9 absolue au parlement, pourra-t-il gouverner? Notre revue de presse\",\"breadcrumb\":{\"@id\":\"https:\\\/\\\/leregardlibre.com\\\/politique\\\/france\\\/de-la-crise-politique-a-la-vraie-renaissance-notre-revue-de-presse\\\/#breadcrumb\"},\"inLanguage\":\"en-US\",\"potentialAction\":[{\"@type\":\"ReadAction\",\"target\":[\"https:\\\/\\\/leregardlibre.com\\\/politique\\\/france\\\/de-la-crise-politique-a-la-vraie-renaissance-notre-revue-de-presse\\\/\"]}]},{\"@type\":\"ImageObject\",\"inLanguage\":\"en-US\",\"@id\":\"https:\\\/\\\/leregardlibre.com\\\/politique\\\/france\\\/de-la-crise-politique-a-la-vraie-renaissance-notre-revue-de-presse\\\/#primaryimage\",\"url\":\"https:\\\/\\\/leregardlibre.com\\\/wp-content\\\/uploads\\\/2022\\\/06\\\/Capture-de\u0301cran-2022-06-26-a\u0300-14.10.13.webp\",\"contentUrl\":\"https:\\\/\\\/leregardlibre.com\\\/wp-content\\\/uploads\\\/2022\\\/06\\\/Capture-de\u0301cran-2022-06-26-a\u0300-14.10.13.webp\",\"width\":1038,\"height\":576},{\"@type\":\"BreadcrumbList\",\"@id\":\"https:\\\/\\\/leregardlibre.com\\\/politique\\\/france\\\/de-la-crise-politique-a-la-vraie-renaissance-notre-revue-de-presse\\\/#breadcrumb\",\"itemListElement\":[{\"@type\":\"ListItem\",\"position\":1,\"name\":\"Accueil\",\"item\":\"https:\\\/\\\/leregardlibre.com\\\/\"},{\"@type\":\"ListItem\",\"position\":2,\"name\":\"L\u00e9gislatives 2022: de la \u00abcrise politique\u00bb \u00e0 la \u00abvraie Renaissance\u00bb\"}]},{\"@type\":\"WebSite\",\"@id\":\"https:\\\/\\\/leregardlibre.com\\\/#website\",\"url\":\"https:\\\/\\\/leregardlibre.com\\\/\",\"name\":\"Le Regard Libre\",\"description\":\"Premier mensuel suisse de d\u00e9bat\",\"publisher\":{\"@id\":\"https:\\\/\\\/leregardlibre.com\\\/#organization\"},\"potentialAction\":[{\"@type\":\"SearchAction\",\"target\":{\"@type\":\"EntryPoint\",\"urlTemplate\":\"https:\\\/\\\/leregardlibre.com\\\/?s={search_term_string}\"},\"query-input\":{\"@type\":\"PropertyValueSpecification\",\"valueRequired\":true,\"valueName\":\"search_term_string\"}}],\"inLanguage\":\"en-US\"},{\"@type\":\"Organization\",\"@id\":\"https:\\\/\\\/leregardlibre.com\\\/#organization\",\"name\":\"Le Regard Libre\",\"url\":\"https:\\\/\\\/leregardlibre.com\\\/\",\"logo\":{\"@type\":\"ImageObject\",\"inLanguage\":\"en-US\",\"@id\":\"https:\\\/\\\/leregardlibre.com\\\/#\\\/schema\\\/logo\\\/image\\\/\",\"url\":\"https:\\\/\\\/leregardlibre.com\\\/wp-content\\\/uploads\\\/2025\\\/08\\\/logo-rl-icone-neg.jpeg\",\"contentUrl\":\"https:\\\/\\\/leregardlibre.com\\\/wp-content\\\/uploads\\\/2025\\\/08\\\/logo-rl-icone-neg.jpeg\",\"width\":557,\"height\":556,\"caption\":\"Le Regard Libre\"},\"image\":{\"@id\":\"https:\\\/\\\/leregardlibre.com\\\/#\\\/schema\\\/logo\\\/image\\\/\"},\"sameAs\":[\"https:\\\/\\\/www.facebook.com\\\/leregardlibre\\\/\",\"https:\\\/\\\/x.com\\\/LeRegardLibre\",\"https:\\\/\\\/www.linkedin.com\\\/company\\\/le-regard-libre\",\"https:\\\/\\\/www.instagram.com\\\/leregardlibre\\\/\",\"http:\\\/\\\/t.me\\\/leregardlibre\",\"https:\\\/\\\/youtube.com\\\/channel\\\/UC6HzGPomj1LsUmlz-sJtITQ\"],\"description\":\"Le Regard Libre est un mensuel suisse de d\u00e9bat intellectuel et culturel. Sa r\u00e9daction est jeune, b\u00e9n\u00e9vole, lib\u00e9rale et pluraliste. Le magazine para\u00eet en ligne et sous forme papier. Sa langue est le fran\u00e7ais.\",\"email\":\"redaction@leregardlibre.com\",\"legalName\":\"Le Regard Libre\",\"foundingDate\":\"2014-01-01\",\"numberOfEmployees\":{\"@type\":\"QuantitativeValue\",\"minValue\":\"11\",\"maxValue\":\"50\"},\"publishingPrinciples\":\"https:\\\/\\\/leregardlibre.com\\\/a-propos\\\/notre-manifeste\\\/\",\"ownershipFundingInfo\":\"https:\\\/\\\/leregardlibre.com\\\/mentions-legales\\\/\",\"actionableFeedbackPolicy\":\"https:\\\/\\\/leregardlibre.com\\\/conditions-generales-de-vente\\\/\"},{\"@type\":\"Person\",\"@id\":\"https:\\\/\\\/leregardlibre.com\\\/#\\\/schema\\\/person\\\/bfe5aa794a23be71485d60e2d93ec0d2\",\"name\":\"Jonas Follonier\",\"image\":{\"@type\":\"ImageObject\",\"inLanguage\":\"en-US\",\"@id\":\"https:\\\/\\\/secure.gravatar.com\\\/avatar\\\/602060b40f6a458420c2d140f49b6caea99152ce6704f2c332e5a0c5aad80303?s=96&d=identicon&r=g\",\"url\":\"https:\\\/\\\/secure.gravatar.com\\\/avatar\\\/602060b40f6a458420c2d140f49b6caea99152ce6704f2c332e5a0c5aad80303?s=96&d=identicon&r=g\",\"contentUrl\":\"https:\\\/\\\/secure.gravatar.com\\\/avatar\\\/602060b40f6a458420c2d140f49b6caea99152ce6704f2c332e5a0c5aad80303?s=96&d=identicon&r=g\",\"caption\":\"Jonas Follonier\"},\"description\":\"Correspondant au Palais f\u00e9d\u00e9ral pour \u00abL\u2019Agefi\u00bb, auteur-compositeur-interpr\u00e8te et essayiste, Jonas Follonier est le fondateur et r\u00e9dacteur en chef du \u00abRegard Libre\u00bb.\",\"sameAs\":[\"https:\\\/\\\/www.facebook.com\\\/jonas.follonier\\\/\",\"https:\\\/\\\/www.instagram.com\\\/jonasfollonier\\\/\",\"https:\\\/\\\/www.linkedin.com\\\/in\\\/jonasfollonier\\\/\",\"https:\\\/\\\/fr.wikipedia.org\\\/wiki\\\/Le_Regard_libre\"],\"url\":\"https:\\\/\\\/leregardlibre.com\\\/en\\\/author\\\/jonas-follonier\\\/\"}]}<\/script>\n<!-- \/ Yoast SEO Premium plugin. -->","yoast_head_json":{"title":"2022 legislative elections: from \u00abpolitical crisis\u00bb to \u00abtrue Renaissance\u00bb","description":"L\u00e9gislatives 2022: Comment Emmanuel Macron, priv\u00e9 d\u2019une majorit\u00e9 absolue au parlement, pourra-t-il gouverner? Notre revue de presse","robots":{"index":"index","follow":"follow","max-snippet":"max-snippet:-1","max-image-preview":"max-image-preview:large","max-video-preview":"max-video-preview:-1"},"canonical":"https:\/\/leregardlibre.com\/en\/policy\/france\/de-la-crise-politique-a-la-vraie-renaissance-notre-revue-de-presse\/","og_locale":"en_US","og_type":"article","og_title":"L\u00e9gislatives 2022: de la \u00abcrise politique\u00bb \u00e0 la \u00abvraie Renaissance\u00bb","og_description":"L\u00e9gislatives 2022: Comment Emmanuel Macron, priv\u00e9 d\u2019une majorit\u00e9 absolue au parlement, pourra-t-il gouverner? Notre revue de presse","og_url":"https:\/\/leregardlibre.com\/en\/policy\/france\/de-la-crise-politique-a-la-vraie-renaissance-notre-revue-de-presse\/","og_site_name":"Le Regard Libre","article_publisher":"https:\/\/www.facebook.com\/leregardlibre\/","article_author":"https:\/\/www.facebook.com\/jonas.follonier\/","article_published_time":"2022-06-26T12:17:25+00:00","article_modified_time":"2025-12-13T21:54:24+00:00","og_image":[{"width":1038,"height":576,"url":"https:\/\/leregardlibre.com\/wp-content\/uploads\/2022\/06\/Capture-de\u0301cran-2022-06-26-a\u0300-14.10.13.webp","type":"image\/webp"}],"author":"Jonas Follonier","twitter_card":"summary_large_image","twitter_creator":"@LeRegardLibre","twitter_site":"@LeRegardLibre","twitter_misc":{"Written by":"Jonas Follonier","Est. reading time":"4 minutes"},"schema":{"@context":"https:\/\/schema.org","@graph":[{"@type":"Article","@id":"https:\/\/leregardlibre.com\/politique\/france\/de-la-crise-politique-a-la-vraie-renaissance-notre-revue-de-presse\/#article","isPartOf":{"@id":"https:\/\/leregardlibre.com\/politique\/france\/de-la-crise-politique-a-la-vraie-renaissance-notre-revue-de-presse\/"},"author":{"name":"Jonas Follonier","@id":"https:\/\/leregardlibre.com\/#\/schema\/person\/bfe5aa794a23be71485d60e2d93ec0d2"},"headline":"L\u00e9gislatives 2022: de la \u00abcrise politique\u00bb \u00e0 la \u00abvraie Renaissance\u00bb","datePublished":"2022-06-26T12:17:25+00:00","dateModified":"2025-12-13T21:54:24+00:00","mainEntityOfPage":{"@id":"https:\/\/leregardlibre.com\/politique\/france\/de-la-crise-politique-a-la-vraie-renaissance-notre-revue-de-presse\/"},"wordCount":703,"commentCount":0,"publisher":{"@id":"https:\/\/leregardlibre.com\/#organization"},"image":{"@id":"https:\/\/leregardlibre.com\/politique\/france\/de-la-crise-politique-a-la-vraie-renaissance-notre-revue-de-presse\/#primaryimage"},"thumbnailUrl":"https:\/\/leregardlibre.com\/wp-content\/uploads\/2022\/06\/Capture-de\u0301cran-2022-06-26-a\u0300-14.10.13.webp","keywords":["Emmanuel Macron","Rassemblement national","Revue de presse"],"articleSection":["France"],"inLanguage":"en-US","potentialAction":[{"@type":"CommentAction","name":"Comment","target":["https:\/\/leregardlibre.com\/politique\/france\/de-la-crise-politique-a-la-vraie-renaissance-notre-revue-de-presse\/#respond"]}]},{"@type":"WebPage","@id":"https:\/\/leregardlibre.com\/politique\/france\/de-la-crise-politique-a-la-vraie-renaissance-notre-revue-de-presse\/","url":"https:\/\/leregardlibre.com\/politique\/france\/de-la-crise-politique-a-la-vraie-renaissance-notre-revue-de-presse\/","name":"2022 legislative elections: from \u00abpolitical crisis\u00bb to \u00abtrue Renaissance\u00bb","isPartOf":{"@id":"https:\/\/leregardlibre.com\/#website"},"primaryImageOfPage":{"@id":"https:\/\/leregardlibre.com\/politique\/france\/de-la-crise-politique-a-la-vraie-renaissance-notre-revue-de-presse\/#primaryimage"},"image":{"@id":"https:\/\/leregardlibre.com\/politique\/france\/de-la-crise-politique-a-la-vraie-renaissance-notre-revue-de-presse\/#primaryimage"},"thumbnailUrl":"https:\/\/leregardlibre.com\/wp-content\/uploads\/2022\/06\/Capture-de\u0301cran-2022-06-26-a\u0300-14.10.13.webp","datePublished":"2022-06-26T12:17:25+00:00","dateModified":"2025-12-13T21:54:24+00:00","description":"L\u00e9gislatives 2022: Comment Emmanuel Macron, priv\u00e9 d\u2019une majorit\u00e9 absolue au parlement, pourra-t-il gouverner? Notre revue de presse","breadcrumb":{"@id":"https:\/\/leregardlibre.com\/politique\/france\/de-la-crise-politique-a-la-vraie-renaissance-notre-revue-de-presse\/#breadcrumb"},"inLanguage":"en-US","potentialAction":[{"@type":"ReadAction","target":["https:\/\/leregardlibre.com\/politique\/france\/de-la-crise-politique-a-la-vraie-renaissance-notre-revue-de-presse\/"]}]},{"@type":"ImageObject","inLanguage":"en-US","@id":"https:\/\/leregardlibre.com\/politique\/france\/de-la-crise-politique-a-la-vraie-renaissance-notre-revue-de-presse\/#primaryimage","url":"https:\/\/leregardlibre.com\/wp-content\/uploads\/2022\/06\/Capture-de\u0301cran-2022-06-26-a\u0300-14.10.13.webp","contentUrl":"https:\/\/leregardlibre.com\/wp-content\/uploads\/2022\/06\/Capture-de\u0301cran-2022-06-26-a\u0300-14.10.13.webp","width":1038,"height":576},{"@type":"BreadcrumbList","@id":"https:\/\/leregardlibre.com\/politique\/france\/de-la-crise-politique-a-la-vraie-renaissance-notre-revue-de-presse\/#breadcrumb","itemListElement":[{"@type":"ListItem","position":1,"name":"Accueil","item":"https:\/\/leregardlibre.com\/"},{"@type":"ListItem","position":2,"name":"L\u00e9gislatives 2022: de la \u00abcrise politique\u00bb \u00e0 la \u00abvraie Renaissance\u00bb"}]},{"@type":"WebSite","@id":"https:\/\/leregardlibre.com\/#website","url":"https:\/\/leregardlibre.com\/","name":"Le Regard Libre","description":"Switzerland's first monthly debate magazine","publisher":{"@id":"https:\/\/leregardlibre.com\/#organization"},"potentialAction":[{"@type":"SearchAction","target":{"@type":"EntryPoint","urlTemplate":"https:\/\/leregardlibre.com\/?s={search_term_string}"},"query-input":{"@type":"PropertyValueSpecification","valueRequired":true,"valueName":"search_term_string"}}],"inLanguage":"en-US"},{"@type":"Organization","@id":"https:\/\/leregardlibre.com\/#organization","name":"Le Regard Libre","url":"https:\/\/leregardlibre.com\/","logo":{"@type":"ImageObject","inLanguage":"en-US","@id":"https:\/\/leregardlibre.com\/#\/schema\/logo\/image\/","url":"https:\/\/leregardlibre.com\/wp-content\/uploads\/2025\/08\/logo-rl-icone-neg.jpeg","contentUrl":"https:\/\/leregardlibre.com\/wp-content\/uploads\/2025\/08\/logo-rl-icone-neg.jpeg","width":557,"height":556,"caption":"Le Regard Libre"},"image":{"@id":"https:\/\/leregardlibre.com\/#\/schema\/logo\/image\/"},"sameAs":["https:\/\/www.facebook.com\/leregardlibre\/","https:\/\/x.com\/LeRegardLibre","https:\/\/www.linkedin.com\/company\/le-regard-libre","https:\/\/www.instagram.com\/leregardlibre\/","http:\/\/t.me\/leregardlibre","https:\/\/youtube.com\/channel\/UC6HzGPomj1LsUmlz-sJtITQ"],"description":"Le Regard Libre is a Swiss monthly magazine for intellectual and cultural debate. Its editorial team is young, voluntary, liberal and pluralist. The magazine appears online and in print. Its language is French.","email":"redaction@leregardlibre.com","legalName":"Le Regard Libre","foundingDate":"2014-01-01","numberOfEmployees":{"@type":"QuantitativeValue","minValue":"11","maxValue":"50"},"publishingPrinciples":"https:\/\/leregardlibre.com\/a-propos\/notre-manifeste\/","ownershipFundingInfo":"https:\/\/leregardlibre.com\/mentions-legales\/","actionableFeedbackPolicy":"https:\/\/leregardlibre.com\/conditions-generales-de-vente\/"},{"@type":"Person","@id":"https:\/\/leregardlibre.com\/#\/schema\/person\/bfe5aa794a23be71485d60e2d93ec0d2","name":"Jonas Follonier","image":{"@type":"ImageObject","inLanguage":"en-US","@id":"https:\/\/secure.gravatar.com\/avatar\/602060b40f6a458420c2d140f49b6caea99152ce6704f2c332e5a0c5aad80303?s=96&d=identicon&r=g","url":"https:\/\/secure.gravatar.com\/avatar\/602060b40f6a458420c2d140f49b6caea99152ce6704f2c332e5a0c5aad80303?s=96&d=identicon&r=g","contentUrl":"https:\/\/secure.gravatar.com\/avatar\/602060b40f6a458420c2d140f49b6caea99152ce6704f2c332e5a0c5aad80303?s=96&d=identicon&r=g","caption":"Jonas Follonier"},"description":"Federal Palace correspondent for \u00abL'Agefi\u00bb, singer-songwriter Jonas Follonier is the founder and editor-in-chief of \u00abRegard Libre\u00bb.","sameAs":["https:\/\/www.facebook.com\/jonas.follonier\/","https:\/\/www.instagram.com\/jonasfollonier\/","https:\/\/www.linkedin.com\/in\/jonasfollonier\/","https:\/\/fr.wikipedia.org\/wiki\/Le_Regard_libre"],"url":"https:\/\/leregardlibre.com\/en\/author\/jonas-follonier\/"}]}},"_links":{"self":[{"href":"https:\/\/leregardlibre.com\/en\/wp-json\/wp\/v2\/posts\/49669","targetHints":{"allow":["GET"]}}],"collection":[{"href":"https:\/\/leregardlibre.com\/en\/wp-json\/wp\/v2\/posts"}],"about":[{"href":"https:\/\/leregardlibre.com\/en\/wp-json\/wp\/v2\/types\/post"}],"author":[{"embeddable":true,"href":"https:\/\/leregardlibre.com\/en\/wp-json\/wp\/v2\/users\/138"}],"replies":[{"embeddable":true,"href":"https:\/\/leregardlibre.com\/en\/wp-json\/wp\/v2\/comments?post=49669"}],"version-history":[{"count":2,"href":"https:\/\/leregardlibre.com\/en\/wp-json\/wp\/v2\/posts\/49669\/revisions"}],"predecessor-version":[{"id":517445,"href":"https:\/\/leregardlibre.com\/en\/wp-json\/wp\/v2\/posts\/49669\/revisions\/517445"}],"wp:featuredmedia":[{"embeddable":true,"href":"https:\/\/leregardlibre.com\/en\/wp-json\/wp\/v2\/media\/508730"}],"wp:attachment":[{"href":"https:\/\/leregardlibre.com\/en\/wp-json\/wp\/v2\/media?parent=49669"}],"wp:term":[{"taxonomy":"category","embeddable":true,"href":"https:\/\/leregardlibre.com\/en\/wp-json\/wp\/v2\/categories?post=49669"},{"taxonomy":"post_tag","embeddable":true,"href":"https:\/\/leregardlibre.com\/en\/wp-json\/wp\/v2\/tags?post=49669"}],"curies":[{"name":"wp","href":"https:\/\/api.w.org\/{rel}","templated":true}]}}