{"id":51014,"date":"2022-07-12T16:00:00","date_gmt":"2022-07-12T14:00:00","guid":{"rendered":"https:\/\/leregardlibre.com\/?p=50089"},"modified":"2026-01-12T22:03:20","modified_gmt":"2026-01-12T21:03:20","slug":"they-wanted-a-country-that-looked-like-them-they-created-liberland","status":"publish","type":"post","link":"https:\/\/leregardlibre.com\/en\/literature\/they-wanted-a-country-that-looked-like-them-they-created-liberland\/","title":{"rendered":"They wanted a country that looked like them: they created Liberland."},"content":{"rendered":"<p class=\"has-drop-cap\"><strong>And to think it's a true story. Let me sum it up for you: a few buddies find a piece of land between Croatia and Serbia that doesn't belong to any state. They decided to create a micronation based on their values of freedom, Liberland. That was barely ten years ago. Switzerland plays a small role. Hardly believable... But the story is real, and it's told in a journalistic style that has nothing to envy to fiction. A must-read. And a publishing house that specializes in the genre and deserves to be followed.<\/strong><\/p>\n\n\n\n<!--more-->\n\n\n\n<p>There are utopian dreamers. There are utopians who make demands. And the utopians who decide to make their model a reality in real life. I particularly admire those in the latter category. Those who simply say: \u00abWhat if? What if we set off for this territory claimed by no nation? What if we created a state there? What if, finally, a political system corresponded to our ideals? These are the people the book is about. <em>Journey to Liberland<\/em>. And it's the story of Jir\u00ed Kreibich, Jarom\u00edr Miskovsky, V\u00edt Jedli\u010dka, Radim Panenka and Jana Markovi\u010dova, young Czechs without whom this nation would never have come into being.<\/p>\n\n\n\n<h3 class=\"wp-block-heading\" id=\"h-les-parents-sont-ils-proprietaires-de-leurs-enfants\">Do parents own their children?<\/h3>\n\n\n\n<p>So as not to disappoint anyone, let me put the church at the center of the village, liberalism at the center of prevailing values and despair at the center of my existence: Liberland is not a place for hairy men advocating horizontal hierarchy, self-management, free love, the overcoming of capitalism and the equality of all peoples. The micronation that the above-mentioned characters are trying to create is based on libertarian values. Instead of hippies, they are clean-shaven men in suits and ties, with only the word \u00abtaxation\u00bb on their lips.<\/p>\n\n\n\n<p><strong>Read also | <a href=\"https:\/\/leregardlibre.com\/en\/philosophy\/ferghane-aziharis-plea-for-an-industrial-society\/\">Ferghane Azihari and his plea for an industrial society<\/a><\/strong><\/p>\n\n\n\n<p>No matter. Right-wing utopians are still utopians. And we can't even blame the book's authors for deliberately choosing these characters, since <em>Journey to Liberland <\/em>is a <em>non-fiction novel<\/em>, A journalistic investigation, faithfully reflecting reality, with a touch of script, and above all an extremely well-crafted narrative thread. A novel in its own right. I'm not afraid to say that the authors are the Londoners, Orwells and Hemingways of the 21st century.<sup>th<\/sup> century. Fucking literary journalists.<\/p>\n\n\n\n<p>The authors, Timoth\u00e9e Demeillers and Gr\u00e9goire Osoha, have immersed themselves in this libertarian adventure to understand its foundations. The ideology is particularly well described around the Liberland slogan: live and let live. Private property guaranteed, money as the highest value, total liberalization of all areas of life, the abolition of the welfare state... In short, a form of radical anarcho-capitalism, from which a few questions remain unanswered on the various forums revolving around the micro-state project. Here are a few of them:<\/p>\n\n\n\n<blockquote class=\"wp-block-quote is-layout-flow wp-block-quote-is-layout-flow\">\n<p>\u00abIs pushing someone an infringement of the body's property? What should we do with criminals? Put them in prison? But who will pay for the creation of prisons? In that case, throw the criminals in the Danube? On the question of weapons, all libertarians agree on the right to bear arms to defend oneself in the event of aggression, but some would like to ban them from mentally unbalanced people, while others prefer to take the risk of unrestricted authorization. The question of minors is also thorny. Should we legislate an age of sexual consent? Do parents own their children? If so, does that mean they can beat them? Does a woman have the right to an abortion right up to the last day of her pregnancy?\u00bb<\/p>\n<\/blockquote>\n\n\n\n<h3 class=\"wp-block-heading\" id=\"h-7-km-2-au-bord-du-danube\">7 km<sup>2<\/sup> on the banks of the Danube<\/h3>\n\n\n\n<p>But let's perhaps pick up the thread of the story. It's 2015, and the aforementioned group of buddies - from libertarian associations and radical right-wing parties - discover that a piece of territory between Croatia and Serbia is claimed by no one. It would be enough to meet the four Montevideo criteria that define a sovereign state under international law to create their utopia: permanently populate the Gornja Siga region, control this defined territory, endow itself with a government and be able to enter into relations with other states. With a heart full of creative energy and revolutionary ideals, a president is appointed: V\u00edt Jedli\u010dka, a politician from the Free Citizens Party. The expedition is launched.<\/p>\n\n\n<div class=\"wp-block-image\">\n<figure class=\"aligncenter size-full\"><img decoding=\"async\" src=\"https:\/\/leregardlibre.com\/wp-content\/uploads\/2022\/07\/Liberland-1.jpeg\" alt=\"\" class=\"wp-image-50103\"\/><figcaption class=\"wp-element-caption\">One of the first photos of the Liberland government team (second from right, President: V\u00edt Jedli\u010dka)<\/figcaption><\/figure>\n<\/div>\n\n\n<p>7 km<sup>2<\/sup> on the banks of the Danube, a flag planted, four friends reading a declaration of independence, a photo and that's it. The announcement goes around the world. As you can imagine, the media love it. Applications for citizenship explode. In the countries of the South, Liberland is seen as an alternative migration opportunity to Europe. After just one week, there are already 200,000 passport applications. It's a buzz. A mess. Hopes. \u2019It's better to create your own country in an unhealthy swamp than to reform the system,\u00ab the book's authors say.<\/p>\n\n\n\n\n\n<h3 class=\"wp-block-heading\" id=\"h-le-27-e-canton-suisse\">The 27<sup>th<\/sup> Swiss canton<\/h3>\n\n\n\n<p>It's at this point in the story that Switzerland comes into the picture. Land of banking secrecy and tax underbidding, of course. A Zug-based entrepreneur gets involved. Niklas Nikolajsen, a Danish businessman specializing in the cryptocurrency market, has set himself the goal of founding the 27<sup>th<\/sup> canton there. A colony. Power struggles, mistrust, alliances and negotiations. Before Liberland is even fully established, a first turf war begins.<\/p>\n\n\n\n<p><em>\u00abDrinking beers, eating sausages and dipping my feet in the Danube in the stateless land of Liberland. I'm finally moving to a country without government, my dear friends. And for the skeptics around me, know that I'll be building p****** of roads here. I'm turning my back on the violence of state control and going off to build a new voluntary society based on the market economy and private property\u00bb, <\/em>announced Niklas Nikolajsen, a few hours after planting his colony's flag on Dutch soil.<\/p>\n\n\n\n<form method=\"post\" action=\"https:\/\/newsletter.infomaniak.com\/external\/submit\" class=\"inf-form\" target=\"_blank\"><input type=\"email\" name=\"email\" style=\"display:none\"><input type=\"hidden\" name=\"key\" value=\"eyJpdiI6IlZXRVJGMlRGQUU2alNqUE81bitIUk5adnNVa0c4MllFTStzOHdHT1FQZ3c9IiwidmFsdWUiOiJIYzhwMUVCK1pTNnlhY3MyMmhuZlhReWJqemEwNk93blMxTjFHc0s2VHZrPSIsIm1hYyI6ImVhYTQ5N2I1M2NiYWE4NzBmNjk2NzgzYjliM2Y5NmYzM2E2ZmU3NGQxNTU1ZDFkMTU1MzY5NTdjYjE3ZTJmNTUifQ==\"><input type=\"hidden\" name=\"webform_id\" value=\"7291\"><style> .inf-main_3000311ca56a1cb93397bc676c0b7fff{ background-color:#f5f5f5; padding:25px 20px; margin:25px auto; } .inf-main_3000311ca56a1cb93397bc676c0b7fff .inf-content { margin-top:13px;} .inf-main_3000311ca56a1cb93397bc676c0b7fff h4, .inf-main_3000311ca56a1cb93397bc676c0b7fff span, .inf-main_3000311ca56a1cb93397bc676c0b7fff label, .inf-main_3000311ca56a1cb93397bc676c0b7fff input, .inf-main_3000311ca56a1cb93397bc676c0b7fff .inf-submit, .inf-main_3000311ca56a1cb93397bc676c0b7fff .inf-success p a { color:#555555; font-size:14px; } .inf-main_3000311ca56a1cb93397bc676c0b7fff h4{ font-size:18px; margin:0px 0px 13px 0px; } .inf-main_3000311ca56a1cb93397bc676c0b7fff h4, .inf-main_3000311ca56a1cb93397bc676c0b7fff label{ font-weight:bold; } .inf-main_3000311ca56a1cb93397bc676c0b7fff .inf-input { margin-bottom:7px; } .inf-main_3000311ca56a1cb93397bc676c0b7fff label { display:block;} .inf-main_3000311ca56a1cb93397bc676c0b7fff input{ height:35px; color:#999999; border: 1px solid #E9E9E9; border:none; padding-left:7px; } .inf-main_3000311ca56a1cb93397bc676c0b7fff .inf-input.inf-error label, .inf-main_3000311ca56a1cb93397bc676c0b7fff .inf-input.inf-error span.inf-message{ color: #cc0033; } .inf-main_3000311ca56a1cb93397bc676c0b7fff .inf-input.inf-error input{ border: 1px solid #cc0033; } .inf-main_3000311ca56a1cb93397bc676c0b7fff .inf-input input { width:100%;} .inf-main_3000311ca56a1cb93397bc676c0b7fff .inf-input.inf-error span.inf-message { display: block; } .inf-main_3000311ca56a1cb93397bc676c0b7fff .inf-submit { text-align:right;} .inf-main_3000311ca56a1cb93397bc676c0b7fff .inf-submit input{ background-color:#777777; color:#ffffff; border:none; font-weight: normal; height:auto; padding:7px; } .inf-main_3000311ca56a1cb93397bc676c0b7fff .inf-submit input.disabled{ opacity: 0.4; } .inf-btn { color: rgb(85, 85, 85); border: medium none; font-weight: normal; height: auto; padding: 7px; display: inline-block; background-color: white; box-shadow: 0px 1px 1px rgba(0, 0, 0, 0.24); border-radius: 2px; line-height: 1em; } .inf-rgpd { margin:25px 0px 15px 0px; color:#555555; } <\/style> <div class=\"inf-main_3000311ca56a1cb93397bc676c0b7fff\"> <h4>NEWSLETTER DU REGARD LIBRE<\/h4> <span>Receive our articles every Sunday.<\/span> <div class=\"inf-success\" style=\"display:none\"> <h4>Your subscription to our weekly newsletter has been successfully registered!<\/h4> <p> <a href=\"#\" class=\"inf-btn\">\u00ab<\/a> <\/p> <\/div> <div class=\"inf-content\"> <div class=\"inf-input inf-input-text\"> <input type=\"text\" name=\"inf[1]\" data-inf-meta=\"1\" data-inf-error=\"Merci de renseigner une adresse email\" required=\"required\" placeholder=\"Email\"> <\/div> <div class=\"inf-submit\"> <input type=\"submit\" name=\"\" value=\"Sign up\"> <\/div> <\/div> <\/div> <\/form>\n\n\n\n<h3 class=\"wp-block-heading\" id=\"h-somaliland-et-miss-liberland\">Somaliland and Miss Liberland<\/h3>\n\n\n\n<p>But in the meantime, the states recognized by the international community are waking up. They barricaded the territory. And so began the obstacle course to getting this new country recognized. From autumn 2015, V\u00edt Jedli\u010dka will travel the world to present his micro-nation. Every two days, a new city, a new country. On September 22, 2015, he was in Bern. On the 25th in Rotterdam. He passes through Russia in May 2016. Joined Somalia in 2017. To end up in Somaliland, a self-proclaimed nation in the 90s.<\/p>\n\n\n\n<p>Then there are the Liberland figures. Young people who have arrived to participate in their ideal. These characters are described in succulent detail by the book's two authors, who aptly represent the Liberland project: its dreams and its disappointments. We also learn how this micro-state is financed. How a Miss Liberland comes into play. And how ego, megalomania, social networks and women (often forgotten) have all played a part in the rise of this project.<\/p>\n\n\n\n\n\n<h3 class=\"wp-block-heading\" id=\"h-une-utopie-en-ex-yougoslavie\">A utopia in the former Yugoslavia<\/h3>\n\n\n\n<p>Let me conclude with a few words on the socio-political context of this epic. For this real-life story is all the more interesting as it explores questions of territory, ideology and nationhood in the former Yugoslavia. This utopia couldn't have taken place anywhere else than in a place where international borders have been redrawn in a turbulent contemporary era. Imagine Liberians arriving from all over the world in a country where, in some towns, schoolchildren of different \u00abethnicities\u00bb are still separated. Utopia confronted with certain realities on the ground.<\/p>\n\n\n\n<p>Packed with detail, the book is a memorable example of what great reporting can do for us. A special mention, then, to this publishing house, where everything is meticulously thought out: the paper, the cover, the layout. And, of course, the editorial line.<\/p>\n\n\n\n<h6 class=\"wp-block-heading\" id=\"h-vous-venez-de-lire-un-article-en-libre-acces-debats-analyses-actualites-culturelles-abonnez-vous-a-notre-media-de-reflexion-pour-nous-soutenir-et-avoir-acces-a-tous-nos-contenus\">You have just read an open-access article. Debates, analyses, cultural news: <a href=\"https:\/\/leregardlibre.com\/en\/subscription\/\">subscribe<\/a> to support us and get access to all our content!<\/h6>\n\n\n\n<div class=\"wp-block-cover alignfull is-light\" style=\"min-height:398px;aspect-ratio:unset;\"><img decoding=\"async\" class=\"wp-block-cover__image-background wp-image-50115\" alt=\"\" src=\"https:\/\/leregardlibre.com\/wp-content\/uploads\/2022\/07\/Liberland-1598891363-1657568875834.jpeg\" data-object-fit=\"cover\"\/><span aria-hidden=\"true\" class=\"wp-block-cover__background has-background-dim-100 has-background-dim\" style=\"background-color:#ffffff\"><\/span><div class=\"wp-block-cover__inner-container is-layout-flow wp-block-cover-is-layout-flow\">\n<div class=\"wp-block-media-text alignwide is-stacked-on-mobile is-image-fill-element\" style=\"grid-template-columns:15% auto\"><figure class=\"wp-block-media-text__media\"><img decoding=\"async\" src=\"https:\/\/leregardlibre.com\/wp-content\/uploads\/2022\/07\/live_liberland.jpeg\" alt=\"\" class=\"wp-image-50111 size-full\" style=\"object-position:50% 50%\"\/><\/figure><div class=\"wp-block-media-text__content\">\n<p><strong>Timoth\u00e9e Demeillers (auteur),&nbsp;Gr\u00e9goire Osoha (<strong>author<\/strong>) et&nbsp;Guillaume Guilpart (illustrateur)<\/strong><br><strong><em>Journey to Liberland.<\/em>&nbsp;<em>Glory and setbacks of a libertarian adventure in the heart of Europe<\/em><\/strong> <br><strong>Marchialy&nbsp;<\/strong><br><strong>2022<\/strong><br><strong>289 pages<\/strong><\/p>\n\n\n\n<div class=\"wp-block-buttons is-layout-flex wp-block-buttons-is-layout-flex\">\n<div class=\"wp-block-button is-style-fill\"><a class=\"wp-block-button__link wp-element-button\" href=\"https:\/\/www.payot.ch\/Detail\/voyage_au_liberland-timothee_demeillers-9782381340210?cId=0\">ORDER THE BOOK<\/a><\/div>\n<\/div>\n<\/div><\/div>\n<\/div><\/div>","protected":false},"excerpt":{"rendered":"<p>Et dire que c\u2019est une histoire vraie. Je vous r\u00e9sume: quelques potes trouvent une terre entre la Croatie et la&#8230;<\/p>","protected":false},"author":91,"featured_media":508708,"comment_status":"open","ping_status":"open","sticky":false,"template":"","format":"standard","meta":{"_acf_changed":false,"footnotes":""},"categories":[20663],"tags":[54879,977843,33225,644358352,644356564,240438],"class_list":["post-51014","post","type-post","status-publish","format-standard","has-post-thumbnail","hentry","category-litterature","tag-critiques-litteraires","tag-etat","tag-liberalisme","tag-libertarianisme","tag-tribunes","tag-utopie"],"acf":[],"yoast_head":"<!-- This site is optimized with the Yoast SEO Premium plugin v27.4 (Yoast SEO v27.4) - https:\/\/yoast.com\/product\/yoast-seo-premium-wordpress\/ -->\n<title>Ils voulaient un pays qui leur ressemble: ils ont cr\u00e9\u00e9 le Liberland<\/title>\n<meta name=\"description\" content=\"Des amis trouvent une terre entre la Croatie et la Serbie n\u2019appartenant \u00e0 aucun Etat. Ils d\u00e9cident d\u2019y cr\u00e9er une micronation. Histoire vraie\" \/>\n<meta name=\"robots\" content=\"index, follow, max-snippet:-1, max-image-preview:large, max-video-preview:-1\" \/>\n<link rel=\"canonical\" href=\"https:\/\/leregardlibre.com\/en\/literature\/they-wanted-a-country-that-looked-like-them-they-created-liberland\/\" \/>\n<meta property=\"og:locale\" content=\"en_US\" \/>\n<meta property=\"og:type\" content=\"article\" \/>\n<meta property=\"og:title\" content=\"Ils voulaient un pays qui leur ressemble: ils ont cr\u00e9\u00e9 le Liberland\" \/>\n<meta property=\"og:description\" content=\"Des amis trouvent une terre entre la Croatie et la Serbie n\u2019appartenant \u00e0 aucun Etat. Ils d\u00e9cident d\u2019y cr\u00e9er une micronation. Histoire vraie\" \/>\n<meta property=\"og:url\" content=\"https:\/\/leregardlibre.com\/en\/literature\/they-wanted-a-country-that-looked-like-them-they-created-liberland\/\" \/>\n<meta property=\"og:site_name\" content=\"Le Regard Libre\" \/>\n<meta property=\"article:publisher\" content=\"https:\/\/www.facebook.com\/leregardlibre\/\" \/>\n<meta property=\"article:published_time\" content=\"2022-07-12T14:00:00+00:00\" \/>\n<meta property=\"article:modified_time\" content=\"2026-01-12T21:03:20+00:00\" \/>\n<meta property=\"og:image\" content=\"https:\/\/leregardlibre.com\/wp-content\/uploads\/2022\/07\/Liberland-1598891363-1657568875834.webp\" \/>\n\t<meta property=\"og:image:width\" content=\"1038\" \/>\n\t<meta property=\"og:image:height\" content=\"576\" \/>\n\t<meta property=\"og:image:type\" content=\"image\/webp\" \/>\n<meta name=\"author\" content=\"Diana-Alice Ramsauer\" \/>\n<meta name=\"twitter:card\" content=\"summary_large_image\" \/>\n<meta name=\"twitter:creator\" content=\"@LeRegardLibre\" \/>\n<meta name=\"twitter:site\" content=\"@LeRegardLibre\" \/>\n<meta name=\"twitter:label1\" content=\"Written by\" \/>\n\t<meta name=\"twitter:data1\" content=\"Diana-Alice Ramsauer\" \/>\n\t<meta name=\"twitter:label2\" content=\"Est. reading time\" \/>\n\t<meta name=\"twitter:data2\" content=\"8 minutes\" \/>\n<script type=\"application\/ld+json\" class=\"yoast-schema-graph\">{\"@context\":\"https:\\\/\\\/schema.org\",\"@graph\":[{\"@type\":\"Article\",\"@id\":\"https:\\\/\\\/leregardlibre.com\\\/litterature\\\/ils-voulaient-un-pays-qui-leur-ressemble-ils-ont-cree-le-liberland\\\/#article\",\"isPartOf\":{\"@id\":\"https:\\\/\\\/leregardlibre.com\\\/litterature\\\/ils-voulaient-un-pays-qui-leur-ressemble-ils-ont-cree-le-liberland\\\/\"},\"author\":{\"name\":\"Diana-Alice Ramsauer\",\"@id\":\"https:\\\/\\\/leregardlibre.com\\\/#\\\/schema\\\/person\\\/62f947f8b160b1f5efe565d6bd5c8f0a\"},\"headline\":\"Ils voulaient un pays qui leur ressemble: ils ont cr\u00e9\u00e9 le Liberland\",\"datePublished\":\"2022-07-12T14:00:00+00:00\",\"dateModified\":\"2026-01-12T21:03:20+00:00\",\"mainEntityOfPage\":{\"@id\":\"https:\\\/\\\/leregardlibre.com\\\/litterature\\\/ils-voulaient-un-pays-qui-leur-ressemble-ils-ont-cree-le-liberland\\\/\"},\"wordCount\":1641,\"commentCount\":0,\"publisher\":{\"@id\":\"https:\\\/\\\/leregardlibre.com\\\/#organization\"},\"image\":{\"@id\":\"https:\\\/\\\/leregardlibre.com\\\/litterature\\\/ils-voulaient-un-pays-qui-leur-ressemble-ils-ont-cree-le-liberland\\\/#primaryimage\"},\"thumbnailUrl\":\"https:\\\/\\\/leregardlibre.com\\\/wp-content\\\/uploads\\\/2022\\\/07\\\/Liberland-1598891363-1657568875834.webp\",\"keywords\":[\"Critique litt\u00e9raire\",\"Etat\",\"Lib\u00e9ralisme\",\"Libertarianisme\",\"Tribune\",\"Utopie\"],\"articleSection\":[\"Litt\u00e9rature\"],\"inLanguage\":\"en-US\",\"potentialAction\":[{\"@type\":\"CommentAction\",\"name\":\"Comment\",\"target\":[\"https:\\\/\\\/leregardlibre.com\\\/litterature\\\/ils-voulaient-un-pays-qui-leur-ressemble-ils-ont-cree-le-liberland\\\/#respond\"]}]},{\"@type\":\"WebPage\",\"@id\":\"https:\\\/\\\/leregardlibre.com\\\/litterature\\\/ils-voulaient-un-pays-qui-leur-ressemble-ils-ont-cree-le-liberland\\\/\",\"url\":\"https:\\\/\\\/leregardlibre.com\\\/litterature\\\/ils-voulaient-un-pays-qui-leur-ressemble-ils-ont-cree-le-liberland\\\/\",\"name\":\"Ils voulaient un pays qui leur ressemble: ils ont cr\u00e9\u00e9 le Liberland\",\"isPartOf\":{\"@id\":\"https:\\\/\\\/leregardlibre.com\\\/#website\"},\"primaryImageOfPage\":{\"@id\":\"https:\\\/\\\/leregardlibre.com\\\/litterature\\\/ils-voulaient-un-pays-qui-leur-ressemble-ils-ont-cree-le-liberland\\\/#primaryimage\"},\"image\":{\"@id\":\"https:\\\/\\\/leregardlibre.com\\\/litterature\\\/ils-voulaient-un-pays-qui-leur-ressemble-ils-ont-cree-le-liberland\\\/#primaryimage\"},\"thumbnailUrl\":\"https:\\\/\\\/leregardlibre.com\\\/wp-content\\\/uploads\\\/2022\\\/07\\\/Liberland-1598891363-1657568875834.webp\",\"datePublished\":\"2022-07-12T14:00:00+00:00\",\"dateModified\":\"2026-01-12T21:03:20+00:00\",\"description\":\"Des amis trouvent une terre entre la Croatie et la Serbie n\u2019appartenant \u00e0 aucun Etat. Ils d\u00e9cident d\u2019y cr\u00e9er une micronation. Histoire vraie\",\"breadcrumb\":{\"@id\":\"https:\\\/\\\/leregardlibre.com\\\/litterature\\\/ils-voulaient-un-pays-qui-leur-ressemble-ils-ont-cree-le-liberland\\\/#breadcrumb\"},\"inLanguage\":\"en-US\",\"potentialAction\":[{\"@type\":\"ReadAction\",\"target\":[\"https:\\\/\\\/leregardlibre.com\\\/litterature\\\/ils-voulaient-un-pays-qui-leur-ressemble-ils-ont-cree-le-liberland\\\/\"]}]},{\"@type\":\"ImageObject\",\"inLanguage\":\"en-US\",\"@id\":\"https:\\\/\\\/leregardlibre.com\\\/litterature\\\/ils-voulaient-un-pays-qui-leur-ressemble-ils-ont-cree-le-liberland\\\/#primaryimage\",\"url\":\"https:\\\/\\\/leregardlibre.com\\\/wp-content\\\/uploads\\\/2022\\\/07\\\/Liberland-1598891363-1657568875834.webp\",\"contentUrl\":\"https:\\\/\\\/leregardlibre.com\\\/wp-content\\\/uploads\\\/2022\\\/07\\\/Liberland-1598891363-1657568875834.webp\",\"width\":1038,\"height\":576,\"caption\":\"Le 27e canton suisse : la colonie du Liberland. Photo : Facebook.\"},{\"@type\":\"BreadcrumbList\",\"@id\":\"https:\\\/\\\/leregardlibre.com\\\/litterature\\\/ils-voulaient-un-pays-qui-leur-ressemble-ils-ont-cree-le-liberland\\\/#breadcrumb\",\"itemListElement\":[{\"@type\":\"ListItem\",\"position\":1,\"name\":\"Accueil\",\"item\":\"https:\\\/\\\/leregardlibre.com\\\/\"},{\"@type\":\"ListItem\",\"position\":2,\"name\":\"Ils voulaient un pays qui leur ressemble: ils ont cr\u00e9\u00e9 le Liberland\"}]},{\"@type\":\"WebSite\",\"@id\":\"https:\\\/\\\/leregardlibre.com\\\/#website\",\"url\":\"https:\\\/\\\/leregardlibre.com\\\/\",\"name\":\"Le Regard Libre\",\"description\":\"Premier mensuel suisse de d\u00e9bat\",\"publisher\":{\"@id\":\"https:\\\/\\\/leregardlibre.com\\\/#organization\"},\"potentialAction\":[{\"@type\":\"SearchAction\",\"target\":{\"@type\":\"EntryPoint\",\"urlTemplate\":\"https:\\\/\\\/leregardlibre.com\\\/?s={search_term_string}\"},\"query-input\":{\"@type\":\"PropertyValueSpecification\",\"valueRequired\":true,\"valueName\":\"search_term_string\"}}],\"inLanguage\":\"en-US\"},{\"@type\":\"Organization\",\"@id\":\"https:\\\/\\\/leregardlibre.com\\\/#organization\",\"name\":\"Le Regard Libre\",\"url\":\"https:\\\/\\\/leregardlibre.com\\\/\",\"logo\":{\"@type\":\"ImageObject\",\"inLanguage\":\"en-US\",\"@id\":\"https:\\\/\\\/leregardlibre.com\\\/#\\\/schema\\\/logo\\\/image\\\/\",\"url\":\"https:\\\/\\\/leregardlibre.com\\\/wp-content\\\/uploads\\\/2025\\\/08\\\/logo-rl-icone-neg.jpeg\",\"contentUrl\":\"https:\\\/\\\/leregardlibre.com\\\/wp-content\\\/uploads\\\/2025\\\/08\\\/logo-rl-icone-neg.jpeg\",\"width\":557,\"height\":556,\"caption\":\"Le Regard Libre\"},\"image\":{\"@id\":\"https:\\\/\\\/leregardlibre.com\\\/#\\\/schema\\\/logo\\\/image\\\/\"},\"sameAs\":[\"https:\\\/\\\/www.facebook.com\\\/leregardlibre\\\/\",\"https:\\\/\\\/x.com\\\/LeRegardLibre\",\"https:\\\/\\\/www.linkedin.com\\\/company\\\/le-regard-libre\",\"https:\\\/\\\/www.instagram.com\\\/leregardlibre\\\/\",\"http:\\\/\\\/t.me\\\/leregardlibre\",\"https:\\\/\\\/youtube.com\\\/channel\\\/UC6HzGPomj1LsUmlz-sJtITQ\"],\"description\":\"Le Regard Libre est un mensuel suisse de d\u00e9bat intellectuel et culturel. Sa r\u00e9daction est jeune, b\u00e9n\u00e9vole, lib\u00e9rale et pluraliste. Le magazine para\u00eet en ligne et sous forme papier. Sa langue est le fran\u00e7ais.\",\"email\":\"redaction@leregardlibre.com\",\"legalName\":\"Le Regard Libre\",\"foundingDate\":\"2014-01-01\",\"numberOfEmployees\":{\"@type\":\"QuantitativeValue\",\"minValue\":\"11\",\"maxValue\":\"50\"},\"publishingPrinciples\":\"https:\\\/\\\/leregardlibre.com\\\/a-propos\\\/notre-manifeste\\\/\",\"ownershipFundingInfo\":\"https:\\\/\\\/leregardlibre.com\\\/mentions-legales\\\/\",\"actionableFeedbackPolicy\":\"https:\\\/\\\/leregardlibre.com\\\/conditions-generales-de-vente\\\/\"},{\"@type\":\"Person\",\"@id\":\"https:\\\/\\\/leregardlibre.com\\\/#\\\/schema\\\/person\\\/62f947f8b160b1f5efe565d6bd5c8f0a\",\"name\":\"Diana-Alice Ramsauer\",\"image\":{\"@type\":\"ImageObject\",\"inLanguage\":\"en-US\",\"@id\":\"https:\\\/\\\/secure.gravatar.com\\\/avatar\\\/51862cca29cd5f278db9e227f155b57590a6a82efb3c6a76f90daf5d4959f176?s=96&d=identicon&r=g\",\"url\":\"https:\\\/\\\/secure.gravatar.com\\\/avatar\\\/51862cca29cd5f278db9e227f155b57590a6a82efb3c6a76f90daf5d4959f176?s=96&d=identicon&r=g\",\"contentUrl\":\"https:\\\/\\\/secure.gravatar.com\\\/avatar\\\/51862cca29cd5f278db9e227f155b57590a6a82efb3c6a76f90daf5d4959f176?s=96&d=identicon&r=g\",\"caption\":\"Diana-Alice Ramsauer\"},\"sameAs\":[\"https:\\\/\\\/leregardlibre.com\\\/\",\"https:\\\/\\\/fr.wikipedia.org\\\/wiki\\\/Le_Regard_libre\"],\"url\":\"https:\\\/\\\/leregardlibre.com\\\/en\\\/author\\\/daramsauer\\\/\"}]}<\/script>\n<!-- \/ Yoast SEO Premium plugin. -->","yoast_head_json":{"title":"They wanted a country that looked like them: they created Liberland.","description":"A group of friends find land between Croatia and Serbia that doesn't belong to any state. They decided to create a micronation. True story","robots":{"index":"index","follow":"follow","max-snippet":"max-snippet:-1","max-image-preview":"max-image-preview:large","max-video-preview":"max-video-preview:-1"},"canonical":"https:\/\/leregardlibre.com\/en\/literature\/they-wanted-a-country-that-looked-like-them-they-created-liberland\/","og_locale":"en_US","og_type":"article","og_title":"Ils voulaient un pays qui leur ressemble: ils ont cr\u00e9\u00e9 le Liberland","og_description":"Des amis trouvent une terre entre la Croatie et la Serbie n\u2019appartenant \u00e0 aucun Etat. Ils d\u00e9cident d\u2019y cr\u00e9er une micronation. Histoire vraie","og_url":"https:\/\/leregardlibre.com\/en\/literature\/they-wanted-a-country-that-looked-like-them-they-created-liberland\/","og_site_name":"Le Regard Libre","article_publisher":"https:\/\/www.facebook.com\/leregardlibre\/","article_published_time":"2022-07-12T14:00:00+00:00","article_modified_time":"2026-01-12T21:03:20+00:00","og_image":[{"width":1038,"height":576,"url":"https:\/\/leregardlibre.com\/wp-content\/uploads\/2022\/07\/Liberland-1598891363-1657568875834.webp","type":"image\/webp"}],"author":"Diana-Alice Ramsauer","twitter_card":"summary_large_image","twitter_creator":"@LeRegardLibre","twitter_site":"@LeRegardLibre","twitter_misc":{"Written by":"Diana-Alice Ramsauer","Est. reading time":"8 minutes"},"schema":{"@context":"https:\/\/schema.org","@graph":[{"@type":"Article","@id":"https:\/\/leregardlibre.com\/litterature\/ils-voulaient-un-pays-qui-leur-ressemble-ils-ont-cree-le-liberland\/#article","isPartOf":{"@id":"https:\/\/leregardlibre.com\/litterature\/ils-voulaient-un-pays-qui-leur-ressemble-ils-ont-cree-le-liberland\/"},"author":{"name":"Diana-Alice Ramsauer","@id":"https:\/\/leregardlibre.com\/#\/schema\/person\/62f947f8b160b1f5efe565d6bd5c8f0a"},"headline":"Ils voulaient un pays qui leur ressemble: ils ont cr\u00e9\u00e9 le Liberland","datePublished":"2022-07-12T14:00:00+00:00","dateModified":"2026-01-12T21:03:20+00:00","mainEntityOfPage":{"@id":"https:\/\/leregardlibre.com\/litterature\/ils-voulaient-un-pays-qui-leur-ressemble-ils-ont-cree-le-liberland\/"},"wordCount":1641,"commentCount":0,"publisher":{"@id":"https:\/\/leregardlibre.com\/#organization"},"image":{"@id":"https:\/\/leregardlibre.com\/litterature\/ils-voulaient-un-pays-qui-leur-ressemble-ils-ont-cree-le-liberland\/#primaryimage"},"thumbnailUrl":"https:\/\/leregardlibre.com\/wp-content\/uploads\/2022\/07\/Liberland-1598891363-1657568875834.webp","keywords":["Critique litt\u00e9raire","Etat","Lib\u00e9ralisme","Libertarianisme","Tribune","Utopie"],"articleSection":["Litt\u00e9rature"],"inLanguage":"en-US","potentialAction":[{"@type":"CommentAction","name":"Comment","target":["https:\/\/leregardlibre.com\/litterature\/ils-voulaient-un-pays-qui-leur-ressemble-ils-ont-cree-le-liberland\/#respond"]}]},{"@type":"WebPage","@id":"https:\/\/leregardlibre.com\/litterature\/ils-voulaient-un-pays-qui-leur-ressemble-ils-ont-cree-le-liberland\/","url":"https:\/\/leregardlibre.com\/litterature\/ils-voulaient-un-pays-qui-leur-ressemble-ils-ont-cree-le-liberland\/","name":"They wanted a country that looked like them: they created Liberland.","isPartOf":{"@id":"https:\/\/leregardlibre.com\/#website"},"primaryImageOfPage":{"@id":"https:\/\/leregardlibre.com\/litterature\/ils-voulaient-un-pays-qui-leur-ressemble-ils-ont-cree-le-liberland\/#primaryimage"},"image":{"@id":"https:\/\/leregardlibre.com\/litterature\/ils-voulaient-un-pays-qui-leur-ressemble-ils-ont-cree-le-liberland\/#primaryimage"},"thumbnailUrl":"https:\/\/leregardlibre.com\/wp-content\/uploads\/2022\/07\/Liberland-1598891363-1657568875834.webp","datePublished":"2022-07-12T14:00:00+00:00","dateModified":"2026-01-12T21:03:20+00:00","description":"A group of friends find land between Croatia and Serbia that doesn't belong to any state. They decided to create a micronation. True story","breadcrumb":{"@id":"https:\/\/leregardlibre.com\/litterature\/ils-voulaient-un-pays-qui-leur-ressemble-ils-ont-cree-le-liberland\/#breadcrumb"},"inLanguage":"en-US","potentialAction":[{"@type":"ReadAction","target":["https:\/\/leregardlibre.com\/litterature\/ils-voulaient-un-pays-qui-leur-ressemble-ils-ont-cree-le-liberland\/"]}]},{"@type":"ImageObject","inLanguage":"en-US","@id":"https:\/\/leregardlibre.com\/litterature\/ils-voulaient-un-pays-qui-leur-ressemble-ils-ont-cree-le-liberland\/#primaryimage","url":"https:\/\/leregardlibre.com\/wp-content\/uploads\/2022\/07\/Liberland-1598891363-1657568875834.webp","contentUrl":"https:\/\/leregardlibre.com\/wp-content\/uploads\/2022\/07\/Liberland-1598891363-1657568875834.webp","width":1038,"height":576,"caption":"Le 27e canton suisse : la colonie du Liberland. Photo : Facebook."},{"@type":"BreadcrumbList","@id":"https:\/\/leregardlibre.com\/litterature\/ils-voulaient-un-pays-qui-leur-ressemble-ils-ont-cree-le-liberland\/#breadcrumb","itemListElement":[{"@type":"ListItem","position":1,"name":"Accueil","item":"https:\/\/leregardlibre.com\/"},{"@type":"ListItem","position":2,"name":"Ils voulaient un pays qui leur ressemble: ils ont cr\u00e9\u00e9 le Liberland"}]},{"@type":"WebSite","@id":"https:\/\/leregardlibre.com\/#website","url":"https:\/\/leregardlibre.com\/","name":"Le Regard Libre","description":"Switzerland's first monthly debate magazine","publisher":{"@id":"https:\/\/leregardlibre.com\/#organization"},"potentialAction":[{"@type":"SearchAction","target":{"@type":"EntryPoint","urlTemplate":"https:\/\/leregardlibre.com\/?s={search_term_string}"},"query-input":{"@type":"PropertyValueSpecification","valueRequired":true,"valueName":"search_term_string"}}],"inLanguage":"en-US"},{"@type":"Organization","@id":"https:\/\/leregardlibre.com\/#organization","name":"Le Regard Libre","url":"https:\/\/leregardlibre.com\/","logo":{"@type":"ImageObject","inLanguage":"en-US","@id":"https:\/\/leregardlibre.com\/#\/schema\/logo\/image\/","url":"https:\/\/leregardlibre.com\/wp-content\/uploads\/2025\/08\/logo-rl-icone-neg.jpeg","contentUrl":"https:\/\/leregardlibre.com\/wp-content\/uploads\/2025\/08\/logo-rl-icone-neg.jpeg","width":557,"height":556,"caption":"Le Regard Libre"},"image":{"@id":"https:\/\/leregardlibre.com\/#\/schema\/logo\/image\/"},"sameAs":["https:\/\/www.facebook.com\/leregardlibre\/","https:\/\/x.com\/LeRegardLibre","https:\/\/www.linkedin.com\/company\/le-regard-libre","https:\/\/www.instagram.com\/leregardlibre\/","http:\/\/t.me\/leregardlibre","https:\/\/youtube.com\/channel\/UC6HzGPomj1LsUmlz-sJtITQ"],"description":"Le Regard Libre is a Swiss monthly magazine for intellectual and cultural debate. Its editorial team is young, voluntary, liberal and pluralist. The magazine appears online and in print. Its language is French.","email":"redaction@leregardlibre.com","legalName":"Le Regard Libre","foundingDate":"2014-01-01","numberOfEmployees":{"@type":"QuantitativeValue","minValue":"11","maxValue":"50"},"publishingPrinciples":"https:\/\/leregardlibre.com\/a-propos\/notre-manifeste\/","ownershipFundingInfo":"https:\/\/leregardlibre.com\/mentions-legales\/","actionableFeedbackPolicy":"https:\/\/leregardlibre.com\/conditions-generales-de-vente\/"},{"@type":"Person","@id":"https:\/\/leregardlibre.com\/#\/schema\/person\/62f947f8b160b1f5efe565d6bd5c8f0a","name":"Diana-Alice Ramsauer","image":{"@type":"ImageObject","inLanguage":"en-US","@id":"https:\/\/secure.gravatar.com\/avatar\/51862cca29cd5f278db9e227f155b57590a6a82efb3c6a76f90daf5d4959f176?s=96&d=identicon&r=g","url":"https:\/\/secure.gravatar.com\/avatar\/51862cca29cd5f278db9e227f155b57590a6a82efb3c6a76f90daf5d4959f176?s=96&d=identicon&r=g","contentUrl":"https:\/\/secure.gravatar.com\/avatar\/51862cca29cd5f278db9e227f155b57590a6a82efb3c6a76f90daf5d4959f176?s=96&d=identicon&r=g","caption":"Diana-Alice Ramsauer"},"sameAs":["https:\/\/leregardlibre.com\/","https:\/\/fr.wikipedia.org\/wiki\/Le_Regard_libre"],"url":"https:\/\/leregardlibre.com\/en\/author\/daramsauer\/"}]}},"_links":{"self":[{"href":"https:\/\/leregardlibre.com\/en\/wp-json\/wp\/v2\/posts\/51014","targetHints":{"allow":["GET"]}}],"collection":[{"href":"https:\/\/leregardlibre.com\/en\/wp-json\/wp\/v2\/posts"}],"about":[{"href":"https:\/\/leregardlibre.com\/en\/wp-json\/wp\/v2\/types\/post"}],"author":[{"embeddable":true,"href":"https:\/\/leregardlibre.com\/en\/wp-json\/wp\/v2\/users\/91"}],"replies":[{"embeddable":true,"href":"https:\/\/leregardlibre.com\/en\/wp-json\/wp\/v2\/comments?post=51014"}],"version-history":[{"count":2,"href":"https:\/\/leregardlibre.com\/en\/wp-json\/wp\/v2\/posts\/51014\/revisions"}],"predecessor-version":[{"id":530656,"href":"https:\/\/leregardlibre.com\/en\/wp-json\/wp\/v2\/posts\/51014\/revisions\/530656"}],"wp:featuredmedia":[{"embeddable":true,"href":"https:\/\/leregardlibre.com\/en\/wp-json\/wp\/v2\/media\/508708"}],"wp:attachment":[{"href":"https:\/\/leregardlibre.com\/en\/wp-json\/wp\/v2\/media?parent=51014"}],"wp:term":[{"taxonomy":"category","embeddable":true,"href":"https:\/\/leregardlibre.com\/en\/wp-json\/wp\/v2\/categories?post=51014"},{"taxonomy":"post_tag","embeddable":true,"href":"https:\/\/leregardlibre.com\/en\/wp-json\/wp\/v2\/tags?post=51014"}],"curies":[{"name":"wp","href":"https:\/\/api.w.org\/{rel}","templated":true}]}}