{"id":51232,"date":"2022-08-26T06:00:00","date_gmt":"2022-08-26T04:00:00","guid":{"rendered":"https:\/\/leregardlibre.com\/?p=51232"},"modified":"2023-04-12T22:06:41","modified_gmt":"2023-04-12T20:06:41","slug":"guy-de-pourtales-europe-as-a-literary-compass","status":"publish","type":"post","link":"https:\/\/leregardlibre.com\/en\/literature\/guy-de-pourtales-europe-as-a-literary-compass\/","title":{"rendered":"Guy de Pourtal\u00e8s, Europe as a literary compass"},"content":{"rendered":"<div class='content_excerpt'>\n<p><strong>A Swiss writer, naturalized French but born in Berlin in 1881, Guy de Pourtal\u00e8s was one of Gallimard's best-selling authors before falling completely into oblivion, in France even more than in Switzerland. Open to Europe and the world, but at the same time attached to his roots, he constantly vacillated between different identities, remaining on the bangs yet at the heart of different spheres, both social and ideological. In La p\u00eache miraculeuse, published in 1937, Guy de Pourtal\u00e8s portrays French-speaking society at the turn of the century through the adventures of a young Genevan aristocrat, Paul de Villars. This apprenticeship novel, in the purest tradition of Goethe's Wilhem Meister, gives us a front-row seat to the upheavals of the 20th century, between the tranquil shores of Lake Geneva and the trenches of the Great War.<\/strong><\/p>\n\n<p> Read more (subscribers)<\/p>\n    <div class='restricted_content_fade'><\/div>\n    <\/div>\n  <style>\n    .content_excerpt{\n      position: relative;\n    }\n    .content_excerpt .restricted_content_fade{\n      position: absolute;\n      bottom: 0;\n      left: 0;\n      right: 0;\n      height: 75px;\n\t  margin-bottom: 0px;\n      background-image: linear-gradient(#ffffff2e, white);\n    }\n\n    .restricted_content{\n      margin-top: 30px;\n      border: solid #dddddd 1px;\n      border-radius: 7px;\n      padding: 30px;\n    }\n    \n    .restricted_content .restricted_content_title{\n      font-size: 22px;\n      font-weight: 600;\n    }\n    .restricted_content .restricted_content_flex_row{\n      display: flex;\n      flex-direction: row;\n    }\n    .restricted_content .restricted_content_image_container{\n      flex: 3;\n    }\n    .restricted_content .restricted_content_flex_column{\n      flex: 4;\n      display: flex;\n      flex-direction: column;\n      margin-left: 40px;\n      justify-content: center;\n    }\n\n\n    .restricted_content_buttons{\n      display: flex;\n      flex-direction: column;\n      width: min-content;\n    }\n    .restricted_content_button{\n      background-color: #f2f2f2;\n      text-transform: uppercase;\n      font-weight: 600;\n      padding: 8px 40px;\n      text-align: center;\n      font-size: 13px;\n      margin-top: 10px;\n      width: max-content;\n      width: 100%;\n      white-space: nowrap;\n    }\n    .restricted_content_button:hover {\n      background-color: #111111;\n      color: white;\n      text-decoration: none !important;\n    }\n\n    .restricted_content_primary_button{\n      background-color: #1F2A68 !important;\n      color: white !important;\n    }\n    .restricted_content_primary_button:hover {\n      background-color: #111111;\n    }\n\n    .restricted_content_text{\n      margin-bottom: 10px;\n      line-height: 1.2;\n      font-weight: 500;\n      font-size: 16px;\n    }\n\n  \n  <\/style>\n  <div class='restricted_content'>\n    <h3 class='restricted_content_title'>This content is reserved for our subscribers.<\/h3>\n    <div class='restricted_content_flex_row'>\n      <div class='restricted_content_image_container'>\n        <img class='restricted_content_image' src='\/wp-content\/uploads\/2025\/08\/abo_physique.png' \/>\n      <\/div>\n      <div class='restricted_content_flex_column'>\n        <div class='restricted_content_text'>If you have an account, please log in. Otherwise, discover our different subscription packages and create an account from CHF 2.50 for the first month.<\/div>\n        <div class='restricted_content_buttons'>\n          <a href='\/en\/subscription\/' class='restricted_content_button restricted_content_primary_button'>See subscriptions<\/a><a href='\/en\/my-account\/?redirect_to=https:\/\/leregardlibre.com\/en\/literature\/guy-de-pourtales-europe-as-a-literary-compass\/'class='restricted_content_button'>Login<\/a><\/div>\n      <\/div>\n    <\/div>\n  <\/div>","protected":false},"excerpt":{"rendered":"<div class='content_excerpt'>\n<p><strong>A Swiss writer, naturalized French but born in Berlin in 1881, Guy de Pourtal\u00e8s was one of Gallimard's best-selling authors before falling completely into oblivion, in France even more than in Switzerland. Open to Europe and the world, but at the same time attached to his roots, he constantly vacillated between different identities, remaining on the bangs yet at the heart of different spheres, both social and ideological. In La p\u00eache miraculeuse, published in 1937, Guy de Pourtal\u00e8s portrays French-speaking society at the turn of the century through the adventures of a young Genevan aristocrat, Paul de Villars. This apprenticeship novel, in the purest tradition of Goethe's Wilhem Meister, gives us a front-row seat to the upheavals of the 20th century, between the tranquil shores of Lake Geneva and the trenches of the Great War.<\/strong><\/p>\n<p> Read more (subscribers)<\/p>\n<div class='restricted_content_fade'><\/div>\n<\/p><\/div>\n<style>\n    .content_excerpt{\n      position: relative;\n    }\n    .content_excerpt .restricted_content_fade{\n      position: absolute;\n      bottom: 0;\n      left: 0;\n      right: 0;\n      height: 75px;\n\t  margin-bottom: 0px;\n      background-image: linear-gradient(#ffffff2e, white);\n    }<\/p>\n<p>    .restricted_content{\n      margin-top: 30px;\n      border: solid #dddddd 1px;\n      border-radius: 7px;\n      padding: 30px;\n    }<\/p>\n<p>    .restricted_content .restricted_content_title{\n      font-size: 22px;\n      font-weight: 600;\n    }\n    .restricted_content .restricted_content_flex_row{\n      display: flex;\n      flex-direction: row;\n    }\n    .restricted_content .restricted_content_image_container{\n      flex: 3;\n    }\n    .restricted_content .restricted_content_flex_column{\n      flex: 4;\n      display: flex;\n      flex-direction: column;\n      margin-left: 40px;\n      justify-content: center;\n    }<\/p>\n<p>    .restricted_content_buttons{\n      display: flex;\n      flex-direction: column;\n      width: min-content;\n    }\n    .restricted_content_button{\n      background-color: #f2f2f2;\n      text-transform: uppercase;\n      font-weight: 600;\n      padding: 8px 40px;\n      text-align: center;\n      font-size: 13px;\n      margin-top: 10px;\n      width: max-content;\n      width: 100%;\n      white-space: nowrap;\n    }\n    .restricted_content_button:hover {\n      background-color: #111111;\n      color: white;\n      text-decoration: none !important;\n    }<\/p>\n<p>    .restricted_content_primary_button{\n      background-color: #1F2A68 !important;\n      color: white !important;\n    }\n    .restricted_content_primary_button:hover {\n      background-color: #111111;\n    }<\/p>\n<p>    .restricted_content_text{\n      margin-bottom: 10px;\n      line-height: 1.2;\n      font-weight: 500;\n      font-size: 16px;\n    }<\/p>\n<\/style>\n<div class='restricted_content'>\n<h3 class='restricted_content_title'>This content is reserved for our subscribers.<\/h3>\n<div class='restricted_content_flex_row'>\n<div class='restricted_content_image_container'>\n        <img class='restricted_content_image' src='\/wp-content\/uploads\/2025\/08\/abo_physique.png' \/>\n      <\/div>\n<div class='restricted_content_flex_column'>\n<div class='restricted_content_text'>If you have an account, please log in. Otherwise, discover our different subscription packages and create an account from CHF 2.50 for the first month.<\/div>\n<div class='restricted_content_buttons'>\n          <a href='\/en\/subscription\/' class='restricted_content_button restricted_content_primary_button'>See subscriptions<\/a><a href='\/en\/my-account\/?redirect_to=https:\/\/leregardlibre.com\/en\/literature\/guy-de-pourtales-europe-as-a-literary-compass\/'class='restricted_content_button'>Login<\/a><\/div>\n<\/p><\/div>\n<\/p><\/div>\n<\/p><\/div>","protected":false},"author":213,"featured_media":51275,"comment_status":"open","ping_status":"open","sticky":false,"template":"","format":"standard","meta":{"_acf_changed":false,"footnotes":""},"categories":[20663],"tags":[4328,57220],"class_list":["post-51232","post","type-post","status-publish","format-standard","has-post-thumbnail","hentry","category-litterature","tag-europe","tag-geneve","membership-content","access-restricted"],"acf":[],"yoast_head":"<!-- This site is optimized with the Yoast SEO Premium plugin v27.4 (Yoast SEO v27.4) - https:\/\/yoast.com\/product\/yoast-seo-premium-wordpress\/ -->\n<title>Guy de Pourtal\u00e8s, l\u2019Europe comme boussole litt\u00e9raire<\/title>\n<meta name=\"description\" content=\"Guy de Pourtal\u00e8s, \u00e9crivain franco-suisse des XIXe et XXe si\u00e8cles, d\u00e9peint dans \u00abLa P\u00eache miraculeuse\u00bb la soci\u00e9t\u00e9 romande... et europ\u00e9enne.\" \/>\n<meta name=\"robots\" content=\"index, follow, max-snippet:-1, max-image-preview:large, max-video-preview:-1\" \/>\n<link rel=\"canonical\" href=\"https:\/\/leregardlibre.com\/en\/literature\/guy-de-pourtales-europe-as-a-literary-compass\/\" \/>\n<meta property=\"og:locale\" content=\"en_US\" \/>\n<meta property=\"og:type\" content=\"article\" \/>\n<meta property=\"og:title\" content=\"Guy de Pourtal\u00e8s, l\u2019Europe comme boussole litt\u00e9raire\" \/>\n<meta property=\"og:description\" content=\"Guy de Pourtal\u00e8s, \u00e9crivain franco-suisse des XIXe et XXe si\u00e8cles, d\u00e9peint dans \u00abLa P\u00eache miraculeuse\u00bb la soci\u00e9t\u00e9 romande... et europ\u00e9enne.\" \/>\n<meta property=\"og:url\" content=\"https:\/\/leregardlibre.com\/en\/literature\/guy-de-pourtales-europe-as-a-literary-compass\/\" \/>\n<meta property=\"og:site_name\" content=\"Le Regard Libre\" \/>\n<meta property=\"article:publisher\" content=\"https:\/\/www.facebook.com\/leregardlibre\/\" \/>\n<meta property=\"article:published_time\" content=\"2022-08-26T04:00:00+00:00\" \/>\n<meta property=\"article:modified_time\" content=\"2023-04-12T20:06:41+00:00\" \/>\n<meta property=\"og:image\" content=\"https:\/\/leregardlibre.com\/wp-content\/uploads\/2022\/08\/Carte-de-socie\u0301taire-du-Touring-Club-Suisse-1900.webp\" \/>\n\t<meta property=\"og:image:width\" content=\"640\" \/>\n\t<meta property=\"og:image:height\" content=\"448\" \/>\n\t<meta property=\"og:image:type\" content=\"image\/webp\" \/>\n<meta name=\"author\" content=\"Quentin Perissinotto\" \/>\n<meta name=\"twitter:card\" content=\"summary_large_image\" \/>\n<meta name=\"twitter:creator\" content=\"@LeRegardLibre\" \/>\n<meta name=\"twitter:site\" content=\"@LeRegardLibre\" \/>\n<meta name=\"twitter:label1\" content=\"Written by\" \/>\n\t<meta name=\"twitter:data1\" content=\"Quentin Perissinotto\" \/>\n\t<meta name=\"twitter:label2\" content=\"Est. reading time\" \/>\n\t<meta name=\"twitter:data2\" content=\"6 minutes\" \/>\n<script type=\"application\/ld+json\" class=\"yoast-schema-graph\">{\"@context\":\"https:\\\/\\\/schema.org\",\"@graph\":[{\"@type\":\"Article\",\"@id\":\"https:\\\/\\\/leregardlibre.com\\\/litterature\\\/guy-de-pourtales-leurope-comme-boussole-litteraire\\\/#article\",\"isPartOf\":{\"@id\":\"https:\\\/\\\/leregardlibre.com\\\/litterature\\\/guy-de-pourtales-leurope-comme-boussole-litteraire\\\/\"},\"author\":{\"name\":\"Quentin Perissinotto\",\"@id\":\"https:\\\/\\\/leregardlibre.com\\\/#\\\/schema\\\/person\\\/b2ac941a3f3efccb93d920d0cd1629f4\"},\"headline\":\"Guy de Pourtal\u00e8s, l\u2019Europe comme boussole litt\u00e9raire\",\"datePublished\":\"2022-08-26T04:00:00+00:00\",\"dateModified\":\"2023-04-12T20:06:41+00:00\",\"mainEntityOfPage\":{\"@id\":\"https:\\\/\\\/leregardlibre.com\\\/litterature\\\/guy-de-pourtales-leurope-comme-boussole-litteraire\\\/\"},\"wordCount\":1281,\"commentCount\":0,\"publisher\":{\"@id\":\"https:\\\/\\\/leregardlibre.com\\\/#organization\"},\"image\":{\"@id\":\"https:\\\/\\\/leregardlibre.com\\\/litterature\\\/guy-de-pourtales-leurope-comme-boussole-litteraire\\\/#primaryimage\"},\"thumbnailUrl\":\"https:\\\/\\\/leregardlibre.com\\\/wp-content\\\/uploads\\\/2022\\\/08\\\/Carte-de-socie\u0301taire-du-Touring-Club-Suisse-1900.webp\",\"keywords\":[\"Europe\",\"Gen\u00e8ve\"],\"articleSection\":[\"Litt\u00e9rature\"],\"inLanguage\":\"en-US\",\"potentialAction\":[{\"@type\":\"CommentAction\",\"name\":\"Comment\",\"target\":[\"https:\\\/\\\/leregardlibre.com\\\/litterature\\\/guy-de-pourtales-leurope-comme-boussole-litteraire\\\/#respond\"]}]},{\"@type\":\"WebPage\",\"@id\":\"https:\\\/\\\/leregardlibre.com\\\/litterature\\\/guy-de-pourtales-leurope-comme-boussole-litteraire\\\/\",\"url\":\"https:\\\/\\\/leregardlibre.com\\\/litterature\\\/guy-de-pourtales-leurope-comme-boussole-litteraire\\\/\",\"name\":\"Guy de Pourtal\u00e8s, l\u2019Europe comme boussole litt\u00e9raire\",\"isPartOf\":{\"@id\":\"https:\\\/\\\/leregardlibre.com\\\/#website\"},\"primaryImageOfPage\":{\"@id\":\"https:\\\/\\\/leregardlibre.com\\\/litterature\\\/guy-de-pourtales-leurope-comme-boussole-litteraire\\\/#primaryimage\"},\"image\":{\"@id\":\"https:\\\/\\\/leregardlibre.com\\\/litterature\\\/guy-de-pourtales-leurope-comme-boussole-litteraire\\\/#primaryimage\"},\"thumbnailUrl\":\"https:\\\/\\\/leregardlibre.com\\\/wp-content\\\/uploads\\\/2022\\\/08\\\/Carte-de-socie\u0301taire-du-Touring-Club-Suisse-1900.webp\",\"datePublished\":\"2022-08-26T04:00:00+00:00\",\"dateModified\":\"2023-04-12T20:06:41+00:00\",\"description\":\"Guy de Pourtal\u00e8s, \u00e9crivain franco-suisse des XIXe et XXe si\u00e8cles, d\u00e9peint dans \u00abLa P\u00eache miraculeuse\u00bb la soci\u00e9t\u00e9 romande... et europ\u00e9enne.\",\"breadcrumb\":{\"@id\":\"https:\\\/\\\/leregardlibre.com\\\/litterature\\\/guy-de-pourtales-leurope-comme-boussole-litteraire\\\/#breadcrumb\"},\"inLanguage\":\"en-US\",\"potentialAction\":[{\"@type\":\"ReadAction\",\"target\":[\"https:\\\/\\\/leregardlibre.com\\\/litterature\\\/guy-de-pourtales-leurope-comme-boussole-litteraire\\\/\"]}]},{\"@type\":\"ImageObject\",\"inLanguage\":\"en-US\",\"@id\":\"https:\\\/\\\/leregardlibre.com\\\/litterature\\\/guy-de-pourtales-leurope-comme-boussole-litteraire\\\/#primaryimage\",\"url\":\"https:\\\/\\\/leregardlibre.com\\\/wp-content\\\/uploads\\\/2022\\\/08\\\/Carte-de-socie\u0301taire-du-Touring-Club-Suisse-1900.webp\",\"contentUrl\":\"https:\\\/\\\/leregardlibre.com\\\/wp-content\\\/uploads\\\/2022\\\/08\\\/Carte-de-socie\u0301taire-du-Touring-Club-Suisse-1900.webp\",\"width\":640,\"height\":448},{\"@type\":\"BreadcrumbList\",\"@id\":\"https:\\\/\\\/leregardlibre.com\\\/litterature\\\/guy-de-pourtales-leurope-comme-boussole-litteraire\\\/#breadcrumb\",\"itemListElement\":[{\"@type\":\"ListItem\",\"position\":1,\"name\":\"Accueil\",\"item\":\"https:\\\/\\\/leregardlibre.com\\\/\"},{\"@type\":\"ListItem\",\"position\":2,\"name\":\"Guy de Pourtal\u00e8s, l\u2019Europe comme boussole litt\u00e9raire\"}]},{\"@type\":\"WebSite\",\"@id\":\"https:\\\/\\\/leregardlibre.com\\\/#website\",\"url\":\"https:\\\/\\\/leregardlibre.com\\\/\",\"name\":\"Le Regard Libre\",\"description\":\"Premier mensuel suisse de d\u00e9bat\",\"publisher\":{\"@id\":\"https:\\\/\\\/leregardlibre.com\\\/#organization\"},\"potentialAction\":[{\"@type\":\"SearchAction\",\"target\":{\"@type\":\"EntryPoint\",\"urlTemplate\":\"https:\\\/\\\/leregardlibre.com\\\/?s={search_term_string}\"},\"query-input\":{\"@type\":\"PropertyValueSpecification\",\"valueRequired\":true,\"valueName\":\"search_term_string\"}}],\"inLanguage\":\"en-US\"},{\"@type\":\"Organization\",\"@id\":\"https:\\\/\\\/leregardlibre.com\\\/#organization\",\"name\":\"Le Regard Libre\",\"url\":\"https:\\\/\\\/leregardlibre.com\\\/\",\"logo\":{\"@type\":\"ImageObject\",\"inLanguage\":\"en-US\",\"@id\":\"https:\\\/\\\/leregardlibre.com\\\/#\\\/schema\\\/logo\\\/image\\\/\",\"url\":\"https:\\\/\\\/leregardlibre.com\\\/wp-content\\\/uploads\\\/2025\\\/08\\\/logo-rl-icone-neg.jpeg\",\"contentUrl\":\"https:\\\/\\\/leregardlibre.com\\\/wp-content\\\/uploads\\\/2025\\\/08\\\/logo-rl-icone-neg.jpeg\",\"width\":557,\"height\":556,\"caption\":\"Le Regard Libre\"},\"image\":{\"@id\":\"https:\\\/\\\/leregardlibre.com\\\/#\\\/schema\\\/logo\\\/image\\\/\"},\"sameAs\":[\"https:\\\/\\\/www.facebook.com\\\/leregardlibre\\\/\",\"https:\\\/\\\/x.com\\\/LeRegardLibre\",\"https:\\\/\\\/www.linkedin.com\\\/company\\\/le-regard-libre\",\"https:\\\/\\\/www.instagram.com\\\/leregardlibre\\\/\",\"http:\\\/\\\/t.me\\\/leregardlibre\",\"https:\\\/\\\/youtube.com\\\/channel\\\/UC6HzGPomj1LsUmlz-sJtITQ\"],\"description\":\"Le Regard Libre est un mensuel suisse de d\u00e9bat intellectuel et culturel. Sa r\u00e9daction est jeune, b\u00e9n\u00e9vole, lib\u00e9rale et pluraliste. Le magazine para\u00eet en ligne et sous forme papier. Sa langue est le fran\u00e7ais.\",\"email\":\"redaction@leregardlibre.com\",\"legalName\":\"Le Regard Libre\",\"foundingDate\":\"2014-01-01\",\"numberOfEmployees\":{\"@type\":\"QuantitativeValue\",\"minValue\":\"11\",\"maxValue\":\"50\"},\"publishingPrinciples\":\"https:\\\/\\\/leregardlibre.com\\\/a-propos\\\/notre-manifeste\\\/\",\"ownershipFundingInfo\":\"https:\\\/\\\/leregardlibre.com\\\/mentions-legales\\\/\",\"actionableFeedbackPolicy\":\"https:\\\/\\\/leregardlibre.com\\\/conditions-generales-de-vente\\\/\"},{\"@type\":\"Person\",\"@id\":\"https:\\\/\\\/leregardlibre.com\\\/#\\\/schema\\\/person\\\/b2ac941a3f3efccb93d920d0cd1629f4\",\"name\":\"Quentin Perissinotto\",\"image\":{\"@type\":\"ImageObject\",\"inLanguage\":\"en-US\",\"@id\":\"https:\\\/\\\/secure.gravatar.com\\\/avatar\\\/5bdc85640092297cabef9e4e9fafa5d0f6fdc4d68bde6549c358b1419521e8f3?s=96&d=identicon&r=g\",\"url\":\"https:\\\/\\\/secure.gravatar.com\\\/avatar\\\/5bdc85640092297cabef9e4e9fafa5d0f6fdc4d68bde6549c358b1419521e8f3?s=96&d=identicon&r=g\",\"contentUrl\":\"https:\\\/\\\/secure.gravatar.com\\\/avatar\\\/5bdc85640092297cabef9e4e9fafa5d0f6fdc4d68bde6549c358b1419521e8f3?s=96&d=identicon&r=g\",\"caption\":\"Quentin Perissinotto\"},\"description\":\"Conseiller-clients et \u00e9crivain, Quentin Perissinotto est critique litt\u00e9raire pour Le Regard Libre.\",\"sameAs\":[\"https:\\\/\\\/fr.wikipedia.org\\\/wiki\\\/Le_Regard_libre\"],\"url\":\"https:\\\/\\\/leregardlibre.com\\\/en\\\/author\\\/quentin-perissinotto\\\/\"}]}<\/script>\n<!-- \/ Yoast SEO Premium plugin. -->","yoast_head_json":{"title":"Guy de Pourtal\u00e8s, Europe as a literary compass","description":"Guy de Pourtal\u00e8s, a Franco-Swiss writer of the 19th and 20th centuries, depicts French-speaking... and European society.","robots":{"index":"index","follow":"follow","max-snippet":"max-snippet:-1","max-image-preview":"max-image-preview:large","max-video-preview":"max-video-preview:-1"},"canonical":"https:\/\/leregardlibre.com\/en\/literature\/guy-de-pourtales-europe-as-a-literary-compass\/","og_locale":"en_US","og_type":"article","og_title":"Guy de Pourtal\u00e8s, l\u2019Europe comme boussole litt\u00e9raire","og_description":"Guy de Pourtal\u00e8s, \u00e9crivain franco-suisse des XIXe et XXe si\u00e8cles, d\u00e9peint dans \u00abLa P\u00eache miraculeuse\u00bb la soci\u00e9t\u00e9 romande... et europ\u00e9enne.","og_url":"https:\/\/leregardlibre.com\/en\/literature\/guy-de-pourtales-europe-as-a-literary-compass\/","og_site_name":"Le Regard Libre","article_publisher":"https:\/\/www.facebook.com\/leregardlibre\/","article_published_time":"2022-08-26T04:00:00+00:00","article_modified_time":"2023-04-12T20:06:41+00:00","og_image":[{"width":640,"height":448,"url":"https:\/\/leregardlibre.com\/wp-content\/uploads\/2022\/08\/Carte-de-socie\u0301taire-du-Touring-Club-Suisse-1900.webp","type":"image\/webp"}],"author":"Quentin Perissinotto","twitter_card":"summary_large_image","twitter_creator":"@LeRegardLibre","twitter_site":"@LeRegardLibre","twitter_misc":{"Written by":"Quentin Perissinotto","Est. reading time":"6 minutes"},"schema":{"@context":"https:\/\/schema.org","@graph":[{"@type":"Article","@id":"https:\/\/leregardlibre.com\/litterature\/guy-de-pourtales-leurope-comme-boussole-litteraire\/#article","isPartOf":{"@id":"https:\/\/leregardlibre.com\/litterature\/guy-de-pourtales-leurope-comme-boussole-litteraire\/"},"author":{"name":"Quentin Perissinotto","@id":"https:\/\/leregardlibre.com\/#\/schema\/person\/b2ac941a3f3efccb93d920d0cd1629f4"},"headline":"Guy de Pourtal\u00e8s, l\u2019Europe comme boussole litt\u00e9raire","datePublished":"2022-08-26T04:00:00+00:00","dateModified":"2023-04-12T20:06:41+00:00","mainEntityOfPage":{"@id":"https:\/\/leregardlibre.com\/litterature\/guy-de-pourtales-leurope-comme-boussole-litteraire\/"},"wordCount":1281,"commentCount":0,"publisher":{"@id":"https:\/\/leregardlibre.com\/#organization"},"image":{"@id":"https:\/\/leregardlibre.com\/litterature\/guy-de-pourtales-leurope-comme-boussole-litteraire\/#primaryimage"},"thumbnailUrl":"https:\/\/leregardlibre.com\/wp-content\/uploads\/2022\/08\/Carte-de-socie\u0301taire-du-Touring-Club-Suisse-1900.webp","keywords":["Europe","Gen\u00e8ve"],"articleSection":["Litt\u00e9rature"],"inLanguage":"en-US","potentialAction":[{"@type":"CommentAction","name":"Comment","target":["https:\/\/leregardlibre.com\/litterature\/guy-de-pourtales-leurope-comme-boussole-litteraire\/#respond"]}]},{"@type":"WebPage","@id":"https:\/\/leregardlibre.com\/litterature\/guy-de-pourtales-leurope-comme-boussole-litteraire\/","url":"https:\/\/leregardlibre.com\/litterature\/guy-de-pourtales-leurope-comme-boussole-litteraire\/","name":"Guy de Pourtal\u00e8s, Europe as a literary compass","isPartOf":{"@id":"https:\/\/leregardlibre.com\/#website"},"primaryImageOfPage":{"@id":"https:\/\/leregardlibre.com\/litterature\/guy-de-pourtales-leurope-comme-boussole-litteraire\/#primaryimage"},"image":{"@id":"https:\/\/leregardlibre.com\/litterature\/guy-de-pourtales-leurope-comme-boussole-litteraire\/#primaryimage"},"thumbnailUrl":"https:\/\/leregardlibre.com\/wp-content\/uploads\/2022\/08\/Carte-de-socie\u0301taire-du-Touring-Club-Suisse-1900.webp","datePublished":"2022-08-26T04:00:00+00:00","dateModified":"2023-04-12T20:06:41+00:00","description":"Guy de Pourtal\u00e8s, a Franco-Swiss writer of the 19th and 20th centuries, depicts French-speaking... and European society.","breadcrumb":{"@id":"https:\/\/leregardlibre.com\/litterature\/guy-de-pourtales-leurope-comme-boussole-litteraire\/#breadcrumb"},"inLanguage":"en-US","potentialAction":[{"@type":"ReadAction","target":["https:\/\/leregardlibre.com\/litterature\/guy-de-pourtales-leurope-comme-boussole-litteraire\/"]}]},{"@type":"ImageObject","inLanguage":"en-US","@id":"https:\/\/leregardlibre.com\/litterature\/guy-de-pourtales-leurope-comme-boussole-litteraire\/#primaryimage","url":"https:\/\/leregardlibre.com\/wp-content\/uploads\/2022\/08\/Carte-de-socie\u0301taire-du-Touring-Club-Suisse-1900.webp","contentUrl":"https:\/\/leregardlibre.com\/wp-content\/uploads\/2022\/08\/Carte-de-socie\u0301taire-du-Touring-Club-Suisse-1900.webp","width":640,"height":448},{"@type":"BreadcrumbList","@id":"https:\/\/leregardlibre.com\/litterature\/guy-de-pourtales-leurope-comme-boussole-litteraire\/#breadcrumb","itemListElement":[{"@type":"ListItem","position":1,"name":"Accueil","item":"https:\/\/leregardlibre.com\/"},{"@type":"ListItem","position":2,"name":"Guy de Pourtal\u00e8s, l\u2019Europe comme boussole litt\u00e9raire"}]},{"@type":"WebSite","@id":"https:\/\/leregardlibre.com\/#website","url":"https:\/\/leregardlibre.com\/","name":"Le Regard Libre","description":"Switzerland's first monthly debate magazine","publisher":{"@id":"https:\/\/leregardlibre.com\/#organization"},"potentialAction":[{"@type":"SearchAction","target":{"@type":"EntryPoint","urlTemplate":"https:\/\/leregardlibre.com\/?s={search_term_string}"},"query-input":{"@type":"PropertyValueSpecification","valueRequired":true,"valueName":"search_term_string"}}],"inLanguage":"en-US"},{"@type":"Organization","@id":"https:\/\/leregardlibre.com\/#organization","name":"Le Regard Libre","url":"https:\/\/leregardlibre.com\/","logo":{"@type":"ImageObject","inLanguage":"en-US","@id":"https:\/\/leregardlibre.com\/#\/schema\/logo\/image\/","url":"https:\/\/leregardlibre.com\/wp-content\/uploads\/2025\/08\/logo-rl-icone-neg.jpeg","contentUrl":"https:\/\/leregardlibre.com\/wp-content\/uploads\/2025\/08\/logo-rl-icone-neg.jpeg","width":557,"height":556,"caption":"Le Regard Libre"},"image":{"@id":"https:\/\/leregardlibre.com\/#\/schema\/logo\/image\/"},"sameAs":["https:\/\/www.facebook.com\/leregardlibre\/","https:\/\/x.com\/LeRegardLibre","https:\/\/www.linkedin.com\/company\/le-regard-libre","https:\/\/www.instagram.com\/leregardlibre\/","http:\/\/t.me\/leregardlibre","https:\/\/youtube.com\/channel\/UC6HzGPomj1LsUmlz-sJtITQ"],"description":"Le Regard Libre is a Swiss monthly magazine for intellectual and cultural debate. Its editorial team is young, voluntary, liberal and pluralist. The magazine appears online and in print. Its language is French.","email":"redaction@leregardlibre.com","legalName":"Le Regard Libre","foundingDate":"2014-01-01","numberOfEmployees":{"@type":"QuantitativeValue","minValue":"11","maxValue":"50"},"publishingPrinciples":"https:\/\/leregardlibre.com\/a-propos\/notre-manifeste\/","ownershipFundingInfo":"https:\/\/leregardlibre.com\/mentions-legales\/","actionableFeedbackPolicy":"https:\/\/leregardlibre.com\/conditions-generales-de-vente\/"},{"@type":"Person","@id":"https:\/\/leregardlibre.com\/#\/schema\/person\/b2ac941a3f3efccb93d920d0cd1629f4","name":"Quentin Perissinotto","image":{"@type":"ImageObject","inLanguage":"en-US","@id":"https:\/\/secure.gravatar.com\/avatar\/5bdc85640092297cabef9e4e9fafa5d0f6fdc4d68bde6549c358b1419521e8f3?s=96&d=identicon&r=g","url":"https:\/\/secure.gravatar.com\/avatar\/5bdc85640092297cabef9e4e9fafa5d0f6fdc4d68bde6549c358b1419521e8f3?s=96&d=identicon&r=g","contentUrl":"https:\/\/secure.gravatar.com\/avatar\/5bdc85640092297cabef9e4e9fafa5d0f6fdc4d68bde6549c358b1419521e8f3?s=96&d=identicon&r=g","caption":"Quentin Perissinotto"},"description":"Customer advisor and writer, Quentin Perissinotto is a literary critic for Le Regard Libre.","sameAs":["https:\/\/fr.wikipedia.org\/wiki\/Le_Regard_libre"],"url":"https:\/\/leregardlibre.com\/en\/author\/quentin-perissinotto\/"}]}},"_links":{"self":[{"href":"https:\/\/leregardlibre.com\/en\/wp-json\/wp\/v2\/posts\/51232","targetHints":{"allow":["GET"]}}],"collection":[{"href":"https:\/\/leregardlibre.com\/en\/wp-json\/wp\/v2\/posts"}],"about":[{"href":"https:\/\/leregardlibre.com\/en\/wp-json\/wp\/v2\/types\/post"}],"author":[{"embeddable":true,"href":"https:\/\/leregardlibre.com\/en\/wp-json\/wp\/v2\/users\/213"}],"replies":[{"embeddable":true,"href":"https:\/\/leregardlibre.com\/en\/wp-json\/wp\/v2\/comments?post=51232"}],"version-history":[{"count":2,"href":"https:\/\/leregardlibre.com\/en\/wp-json\/wp\/v2\/posts\/51232\/revisions"}],"predecessor-version":[{"id":517441,"href":"https:\/\/leregardlibre.com\/en\/wp-json\/wp\/v2\/posts\/51232\/revisions\/517441"}],"wp:featuredmedia":[{"embeddable":true,"href":"https:\/\/leregardlibre.com\/en\/wp-json\/wp\/v2\/media\/51275"}],"wp:attachment":[{"href":"https:\/\/leregardlibre.com\/en\/wp-json\/wp\/v2\/media?parent=51232"}],"wp:term":[{"taxonomy":"category","embeddable":true,"href":"https:\/\/leregardlibre.com\/en\/wp-json\/wp\/v2\/categories?post=51232"},{"taxonomy":"post_tag","embeddable":true,"href":"https:\/\/leregardlibre.com\/en\/wp-json\/wp\/v2\/tags?post=51232"}],"curies":[{"name":"wp","href":"https:\/\/api.w.org\/{rel}","templated":true}]}}