{"id":512578,"date":"2022-09-27T06:00:00","date_gmt":"2022-09-27T04:00:00","guid":{"rendered":"https:\/\/leregardlibre.com\/?p=512578"},"modified":"2022-10-24T15:53:38","modified_gmt":"2022-10-24T13:53:38","slug":"machoires-du-gore-dans-la-mangrove","status":"publish","type":"post","link":"https:\/\/leregardlibre.com\/en\/literature\/machoires-du-gore-dans-la-mangrove\/","title":{"rendered":"\u00abM\u00e2choires\u00bb, gore in the mangrove swamp"},"content":{"rendered":"<p class=\"has-drop-cap\"><strong>What could have happened to make a young high-school girl wake up in a cabin lost in the middle of the Ecuadorian forest, tied to a chair? Was it sadism? Out of pure revenge? And why is her teacher standing in the distance, silent but calm? With her new opus, <em>Jaws<\/em>, Monica Ojeda draws us into a highly literary psychological thriller, bordering on the frightening.<\/strong><\/p>\n\n\n\n<!--more LIRE LA CRITIQUE (EN LIBRE ACC\u00c8S)-->\n\n\n\n<p>Apr\u00e8s avoir l\u00e2ch\u00e9 comme une bombe l\u2019intrigue initiale, le roman rembobine sa pellicule et pr\u00e9sente au lecteur une bande d\u2019amies, toutes issues de la bonne soci\u00e9t\u00e9 catholique \u00e9quatorienne: Annelise, Fiorella, Natalia, Ximena et bien s\u00fbr Fernanda, la protagoniste ligot\u00e9e. Si leur amiti\u00e9 para\u00eet si forte, ce n\u2019est pas le lyc\u00e9e qui l\u2019a forg\u00e9e: c\u2019est leur fascination commune de la mort. Alors le jour o\u00f9 elles trouvent un b\u00e2timent d\u00e9laiss\u00e9 en cours de construction en pleine mangrove, c\u2019est d\u00e9cid\u00e9: ce sera leur QG, l\u2019abri de leurs secrets, le terrain de leurs jeux sinistres&#8230;<\/p>\n\n\n\n<p>C\u2019est dans ce d\u00e9cor lugubre, mena\u00e7ant en tout temps de s\u2019effondrer, au c\u0153ur d\u2019une nature \u00e0 la luxuriance inqui\u00e9tante et peupl\u00e9e de centaines d\u2019animaux, qu\u2019elles inventent des histoires et des d\u00e9fis pour se faire peur. Pour donner plus de corps et de l\u00e9gitimit\u00e9 \u00e0 leur imagination, elles organisent des c\u00e9l\u00e9brations autour de leur propre Dieu, le Dieu blanc. Mais tr\u00e8s vite, le simple go\u00fbt de l\u2019\u00e9pouvante ne leur suffit plus, il leur faut lui m\u00ealer le frisson du risque. Ainsi, au fil de leurs id\u00e9es, ces rites se transforment en actes dangereux.<\/p>\n\n\n\n<blockquote class=\"wp-block-quote is-layout-flow wp-block-quote-is-layout-flow\"><p>\u00abElle n\u2019avait jamais \u00e9t\u00e9 capable d\u2019expliquer ce qu\u2019elle ressentait lorsque lui venaient les palpitations, les sueurs, les fourmillements dans les bras, les tremblements. Elle n\u2019avait jamais pu dire \u00e0 sa m\u00e8re, agonisante sur un lit d\u2019h\u00f4pital avec sa colonne transform\u00e9e en boa, qu\u2019avoir peur de mourir c\u2019\u00e9tait bien pire que mourir tout court.\u00bb<\/p><\/blockquote>\n\n\n\n<h3 class=\"wp-block-heading\"><strong>Vivre l\u2019horreur plut\u00f4t que la d\u00e9crire<\/strong><\/h3>\n\n\n\n<p>Nourri de r\u00e9f\u00e9rences cin\u00e9matographiques et litt\u00e9raires (<em>Lovecraft<\/em>, <em>King<\/em>, <em>Kubrick<\/em>), <em>Jaws<\/em> n\u2019est pas un thriller horrifique: c\u2019est un roman qui fait vivre l\u2019effroi au lecteur. Gr\u00e2ce \u00e0 une \u00e9criture tr\u00e8s percutante et orale, celui-ci entre dans la t\u00eate des fillettes et s\u2019engouffre dans leurs angoisses les plus profondes, ancr\u00e9es jusque dans leur chair. Mais par le biais de ces <em>creepypastas<\/em>, ces l\u00e9gendes effrayantes et myst\u00e9rieuses relay\u00e9es par Internet et qui deviennent virales, c\u2019est tout le genre du r\u00e9cit horrifique qui est revisit\u00e9 et d\u00e9cortiqu\u00e9. Monica Ojeda nous fait admirablement comprendre la fascination que peut exercer la terreur, au travers des films ou des romans, m\u00eame si le lecteur ne serait pas un f\u00e9ru de ce type de productions.<\/p>\n\n\n\n<p>Si, comme l\u2019auteur de ces lignes, vous ne saisissez pas vraiment ce qui pousse les personnes \u00e0 se mettre devant un film d\u2019\u00e9pouvante ou \u00e0 se plonger dans un roman <em>gore<\/em>, alors Monica Ojeda vous donne des pistes de r\u00e9ponse:<\/p>\n\n\n\n<blockquote class=\"wp-block-quote is-layout-flow wp-block-quote-is-layout-flow\"><p>\u00abQuand on a peur on se sent tr\u00e8s vivant et tr\u00e8s fragile, comme si on \u00e9tait en cristal et qu\u2019on pouvait se briser \u00e0 tout instant. \u00c7a peut \u00eatre affreux, oui, mais \u00e7a r\u00e9veille et \u00e7a remplit une \u00e9motion immense.\u00bb<\/p><\/blockquote>\n\n\n\n<h3 class=\"wp-block-heading\">Quand la sororit\u00e9 se fait toxicit\u00e9<\/h3>\n\n\n\n<p>L\u2019auteure de <em>Jaws <\/em>ne saurait toutefois se contenter de nous faire observer les vertiges de l\u2019effroi; les sc\u00e8nes oppressantes sont le moyen d\u2019explorer le territoire instable de l\u2019adolescence, fait de d\u00e9fiance, de croyances et surtout de beaucoup d\u2019errements et de t\u00e2tonnements. Ce territoire des extr\u00eames, qui voit un jour sa meilleure amie devenir sa pire ennemie. Monica Ojeda se glisse avec talent dans l\u2019intimit\u00e9 de ce <em>girls band<\/em> pour y raconter ces rapports de pouvoir qui s\u2019installent, l\u2019influence du groupe et le c\u00f4t\u00e9 pernicieux de cette pression sociale. Le tout sans d\u00e9ployer de longues th\u00e9ories autour de l\u2019intrigue ni la stopper pour la commenter, mais en projetant les \u00e9v\u00e9nements et en les laissant impr\u00e9gner le lecteur.<\/p>\n\n\n\n<p>Ce texte aux ambiances lourdement charg\u00e9es installe un climat d\u2019\u00e9tranget\u00e9, qui n\u2019est pas sans rappeler les romans gothiques. De la m\u00eame fa\u00e7on que cette ambigu\u00eft\u00e9 gagne de plus en plus le lecteur, elle installe \u00e9galement un malaise qui consume les relations entre les personnages; tout semble d\u00e9termin\u00e9 d\u00e8s le d\u00e9part, puis tout part \u00e0 la d\u00e9rive et vole en \u00e9clats. Plus les d\u00e9fis se radicalisent et plus les fillettes se chamaillent, jusqu\u2019\u00e0 ce que ces disputes ouvrent des br\u00e8ches. Car la fronti\u00e8re entre l\u2019amiti\u00e9 et la toxicit\u00e9 se r\u00e9v\u00e8le parfois tr\u00e8s mince.<\/p>\n\n\n\n<form method=\"post\" action=\"https:\/\/newsletter.infomaniak.com\/external\/submit\" class=\"inf-form\" target=\"_blank\"><input type=\"email\" name=\"email\" style=\"display:none\"><input type=\"hidden\" name=\"key\" value=\"eyJpdiI6IlZXRVJGMlRGQUU2alNqUE81bitIUk5adnNVa0c4MllFTStzOHdHT1FQZ3c9IiwidmFsdWUiOiJIYzhwMUVCK1pTNnlhY3MyMmhuZlhReWJqemEwNk93blMxTjFHc0s2VHZrPSIsIm1hYyI6ImVhYTQ5N2I1M2NiYWE4NzBm Njk2NzgzYjliM2Y5NmYzM2E2ZmU3NGQxNTU1ZDFkMTU1MzY5NTdjYjE3ZTJmNTUifQ==\"><input type=\"hidden\" name=\"webform_id\" value=\"7291\"><style> .inf-main_3000311ca56a1cb93397bc676c0b7fff{ background-color:#f5f5f5; padding:25px 20px; margin:25px auto; } .inf-main_3000311ca56a1cb93397bc676c0b7fff .inf-content { margin-top:13px;} .inf-main_3000311ca56a1cb93397bc676c0b7fff h4, .inf-main_3000311ca56a1cb93397bc676c0b7fff span, .inf- main_3000311ca56a1cb93397bc676c0b7fff label, .inf-main_3000311ca56a1cb93397bc676c0b7fff input, .inf-main_3000311ca56a1cb93397bc676c0b7fff .inf-submit, .inf-main_3000311ca56a1cb93397bc676c0b7fff .inf-success p a { color:#555555; font-size:14px; } .inf-main_3000311ca56a1cb93397bc676c0b7fff h4{ font-size:18px; margin:0px 0px 13px 0px; } .inf-main_3000311ca56a1cb93397bc676c0b7fff h4, .inf-main_3000311ca56a1cb93397bc676c0b7fff label{ font-weight:bold; } .inf- main_3000311ca56a1cb93397bc676c0b7fff .inf-input { margin-bottom:7px; } .inf-main_3000311ca56a1cb93397bc676c0b7fff label { display:block;} .inf-main_3000311ca56a1cb93397bc676c0b7fff input{ height:35px; color:#999999; border: 1px solid #E9E9E9; border:none; padding-left:7px; } .inf-main_3000311ca56a1cb93397bc676c0b7fff .inf-input.inf-error label, .inf-main_3000311ca56a1cb93397bc676c0b7fff .inf-input.inf-error span.inf-message{ color: #cc0033; } .inf- main_3000311ca56a1cb93397bc676c0b7fff .inf-input.inf-error input{ border: 1px solid #cc0033; } .inf-main_3000311ca56a1cb93397bc676c0b7fff .inf-input input { width:100%;} .inf-main_3000311ca56a1cb93397bc676c0b7fff .inf-input.inf-error span.inf-message { display: block; } .inf-main_3000311ca56a1cb93397bc676c0b7fff .inf-submit { text-align:right;} .inf-main_3000311ca56a1cb93397bc676c0b7fff .inf-submit input{ background-color:#777777; color:#ffffff; border:none; font-weight: normal; height:auto; padding:7px; } .inf-main_3000311ca56a1cb93397bc676c0b7fff .inf-submit input.disabled{ opacity: 0.4; } .inf-btn { color: rgb(85, 85, 85); border: medium none; font-weight: normal; height: auto; padding: 7px; display: inline- block; background-color: white; box-shadow: 0px 1px 1px rgba(0, 0, 0, 0.24); border-radius: 2px; line-height: 1em; } .inf-rgpd { margin:25px 0px 15px 0px; color:#555555; } <\/style> <div class=\"inf-main_3000311ca56a1cb93397bc676c0b7fff\"> <h4>NEWSLETTER DU REGARD LIBRE<\/h4> <span>Receive our articles every Sunday.<\/span> <div class=\"inf-success\" style=\"display:none\"> <h4>Your subscription to our weekly newsletter has been successfully registered!<\/h4> <p> <a href=\"#\" class=\"inf-btn\">\u00ab<\/a> <\/p> <\/div> <div class=\"inf-content\"> <div class=\"inf-input inf-input-text\"> <input type=\"text\" name=\"inf[1]\" data-inf-meta=\"1\" data-inf-error=\"Merci de renseigner une adresse email\" required=\"required\" placeholder=\"Email\"> <\/div> <div class=\"inf-submit\"> <input type=\"submit\" name=\"\" value=\"Sign up\"> <\/div> <\/div> <\/div> <\/form>\n\n\n\n<p>Monica Ojeda a remport\u00e9 le pari d\u2019\u00e9crire un livre \u00e0 la fois po\u00e9tique et brutal, un livre d\u2019atmosph\u00e8res qui n\u2019est pas descriptif, un livre sur la fascination pour l\u2019horreur qui la vit de l\u2019int\u00e9rieur. C\u2019est indubitablement un roman r\u00e9ussi. Pourtant, si je n\u2019ai aucune peine \u00e0 lui reconna\u00eetre ces qualit\u00e9s, je ne peux pas affirmer qu\u2019il a \u00e9t\u00e9 une d\u00e9flagration pour moi. Il m\u2019a d\u00e9rang\u00e9, interrog\u00e9, tout en m\u2019oubliant parfois au bord du chemin. Quoi de plus normal en d\u00e9finitive pour un roman de l\u2019ambivalence que de laisser le lecteur dans son trouble! Une chose est en revanche bien plus claire: <em>Jaws<\/em> est un roman qui, en pleine rentr\u00e9e scolaire, pourrait donner des id\u00e9es aux professeurs, comme s\u00e9questrer et ligoter les \u00e9l\u00e8ves perturbateurs.<\/p>\n\n\n\n<blockquote class=\"wp-block-quote is-layout-flow wp-block-quote-is-layout-flow\"><p>\u00abUne crise de panique, c\u2019est comme se noyer \u00e0 l\u2019air libre.\u00bb<\/p><\/blockquote>\n\n\n\n<p><em>Write to the author:&nbsp;<a href=\"mailto:quentin.perissinotto@leregardlibre.com\">quentin.perissinotto@leregardlibre.com<\/a><\/em><\/p>\n\n\n\n<p>Photo credit: \u00a9 Quentin Perissinotto for&nbsp;<em>Le Regard Libre<\/em><\/p>\n\n\n\n<p><strong>You've just read an open-access article.&nbsp;<\/strong>Debates, analysis, cultural news:&nbsp;<a href=\"https:\/\/leregardlibre.com\/en\/subscription\/\">subscribe<\/a>&nbsp;to support us and get access to all our content!<\/p>\n\n\n\n<div class=\"wp-block-media-text alignwide is-stacked-on-mobile\" style=\"grid-template-columns:15% auto\"><figure class=\"wp-block-media-text__media\"><img fetchpriority=\"high\" decoding=\"async\" width=\"248\" height=\"364\" src=\"http:\/\/leregardlibre.com\/wp-content\/uploads\/2022\/09\/couverture-machoires.jpeg\" alt=\"jaws\" class=\"wp-image-512579 size-full\" srcset=\"https:\/\/leregardlibre.com\/wp-content\/uploads\/2022\/09\/couverture-machoires.jpeg 248w, https:\/\/leregardlibre.com\/wp-content\/uploads\/2022\/09\/couverture-machoires-204x300.jpeg 204w, https:\/\/leregardlibre.com\/wp-content\/uploads\/2022\/09\/couverture-machoires-102x150.jpeg 102w\" sizes=\"(max-width: 248px) 100vw, 248px\" \/><\/figure><div class=\"wp-block-media-text__content\">\n<p><strong>M\u00f3nica Ojeda&nbsp;<br><em>Jaws&nbsp;<\/em><br>Traduction d\u2019Alba-Marina Escalon&nbsp;<br>Editions Gallimard&nbsp;<br>2022&nbsp;<br>320 pages&nbsp;<\/strong><\/p>\n\n\n\n<div class=\"wp-block-buttons is-layout-flex wp-block-buttons-is-layout-flex\">\n<div class=\"wp-block-button\"><a class=\"wp-block-button__link\" href=\"https:\/\/www.payot.ch\/Detail\/machoires-monica_ojeda__alba_marina_escalon-9782072882869 \">Order the book<\/a><\/div>\n<\/div>\n<\/div><\/div>","protected":false},"excerpt":{"rendered":"<p>Qu\u2019a-t-il bien pu se passer pour qu\u2019une jeune lyc\u00e9enne se r\u00e9veille dans une cabane perdue au beau milieu de la&#8230;<\/p>","protected":false},"author":213,"featured_media":512580,"comment_status":"open","ping_status":"closed","sticky":false,"template":"","format":"standard","meta":{"_acf_changed":false,"footnotes":""},"categories":[20663],"tags":[54879,211032,22848,38542,11183],"class_list":["post-512578","post","type-post","status-publish","format-standard","has-post-thumbnail","hentry","category-litterature","tag-critiques-litteraires","tag-mort","tag-psychologie","tag-roman","tag-thriller"],"acf":[],"yoast_head":"<!-- This site is optimized with the Yoast SEO Premium plugin v27.4 (Yoast SEO v27.4) - https:\/\/yoast.com\/product\/yoast-seo-premium-wordpress\/ -->\n<title>\u00abM\u00e2choires\u00bb, du gore dans la mangrove<\/title>\n<meta name=\"description\" content=\"Avec son nouveau livre \u00abM\u00e2choires\u00bb, Monica Ojeda nous entra\u00eene dans un thriller psychologique tr\u00e8s litt\u00e9raire, aux confins de l\u2019effroi.\" \/>\n<meta name=\"robots\" content=\"index, follow, max-snippet:-1, max-image-preview:large, max-video-preview:-1\" \/>\n<link rel=\"canonical\" href=\"https:\/\/leregardlibre.com\/en\/literature\/machoires-du-gore-dans-la-mangrove\/\" \/>\n<meta property=\"og:locale\" content=\"en_US\" \/>\n<meta property=\"og:type\" content=\"article\" \/>\n<meta property=\"og:title\" content=\"\u00abM\u00e2choires\u00bb, du gore dans la mangrove\" \/>\n<meta property=\"og:description\" content=\"Avec son nouveau livre \u00abM\u00e2choires\u00bb, Monica Ojeda nous entra\u00eene dans un thriller psychologique tr\u00e8s litt\u00e9raire, aux confins de l\u2019effroi.\" \/>\n<meta property=\"og:url\" content=\"https:\/\/leregardlibre.com\/en\/literature\/machoires-du-gore-dans-la-mangrove\/\" \/>\n<meta property=\"og:site_name\" content=\"Le Regard Libre\" \/>\n<meta property=\"article:publisher\" content=\"https:\/\/www.facebook.com\/leregardlibre\/\" \/>\n<meta property=\"article:published_time\" content=\"2022-09-27T04:00:00+00:00\" \/>\n<meta property=\"article:modified_time\" content=\"2022-10-24T13:53:38+00:00\" \/>\n<meta property=\"og:image\" content=\"https:\/\/leregardlibre.com\/wp-content\/uploads\/2022\/09\/du-monde-entier.jpg\" \/>\n\t<meta property=\"og:image:width\" content=\"1920\" \/>\n\t<meta property=\"og:image:height\" content=\"1080\" \/>\n\t<meta property=\"og:image:type\" content=\"image\/jpeg\" \/>\n<meta name=\"author\" content=\"Quentin Perissinotto\" \/>\n<meta name=\"twitter:card\" content=\"summary_large_image\" \/>\n<meta name=\"twitter:creator\" content=\"@LeRegardLibre\" \/>\n<meta name=\"twitter:site\" content=\"@LeRegardLibre\" \/>\n<meta name=\"twitter:label1\" content=\"Written by\" \/>\n\t<meta name=\"twitter:data1\" content=\"Quentin Perissinotto\" \/>\n\t<meta name=\"twitter:label2\" content=\"Est. reading time\" \/>\n\t<meta name=\"twitter:data2\" content=\"6 minutes\" \/>\n<script type=\"application\/ld+json\" class=\"yoast-schema-graph\">{\"@context\":\"https:\\\/\\\/schema.org\",\"@graph\":[{\"@type\":\"Article\",\"@id\":\"https:\\\/\\\/leregardlibre.com\\\/litterature\\\/machoires-du-gore-dans-la-mangrove\\\/#article\",\"isPartOf\":{\"@id\":\"https:\\\/\\\/leregardlibre.com\\\/litterature\\\/machoires-du-gore-dans-la-mangrove\\\/\"},\"author\":{\"name\":\"Quentin Perissinotto\",\"@id\":\"https:\\\/\\\/leregardlibre.com\\\/#\\\/schema\\\/person\\\/b2ac941a3f3efccb93d920d0cd1629f4\"},\"headline\":\"\u00abM\u00e2choires\u00bb, du gore dans la mangrove\",\"datePublished\":\"2022-09-27T04:00:00+00:00\",\"dateModified\":\"2022-10-24T13:53:38+00:00\",\"mainEntityOfPage\":{\"@id\":\"https:\\\/\\\/leregardlibre.com\\\/litterature\\\/machoires-du-gore-dans-la-mangrove\\\/\"},\"wordCount\":1095,\"commentCount\":0,\"publisher\":{\"@id\":\"https:\\\/\\\/leregardlibre.com\\\/#organization\"},\"image\":{\"@id\":\"https:\\\/\\\/leregardlibre.com\\\/litterature\\\/machoires-du-gore-dans-la-mangrove\\\/#primaryimage\"},\"thumbnailUrl\":\"https:\\\/\\\/leregardlibre.com\\\/wp-content\\\/uploads\\\/2022\\\/09\\\/du-monde-entier.jpg\",\"keywords\":[\"Critique litt\u00e9raire\",\"Mort\",\"Psychologie\",\"Roman\",\"Thriller\"],\"articleSection\":[\"Litt\u00e9rature\"],\"inLanguage\":\"en-US\",\"potentialAction\":[{\"@type\":\"CommentAction\",\"name\":\"Comment\",\"target\":[\"https:\\\/\\\/leregardlibre.com\\\/litterature\\\/machoires-du-gore-dans-la-mangrove\\\/#respond\"]}]},{\"@type\":\"WebPage\",\"@id\":\"https:\\\/\\\/leregardlibre.com\\\/litterature\\\/machoires-du-gore-dans-la-mangrove\\\/\",\"url\":\"https:\\\/\\\/leregardlibre.com\\\/litterature\\\/machoires-du-gore-dans-la-mangrove\\\/\",\"name\":\"\u00abM\u00e2choires\u00bb, du gore dans la mangrove\",\"isPartOf\":{\"@id\":\"https:\\\/\\\/leregardlibre.com\\\/#website\"},\"primaryImageOfPage\":{\"@id\":\"https:\\\/\\\/leregardlibre.com\\\/litterature\\\/machoires-du-gore-dans-la-mangrove\\\/#primaryimage\"},\"image\":{\"@id\":\"https:\\\/\\\/leregardlibre.com\\\/litterature\\\/machoires-du-gore-dans-la-mangrove\\\/#primaryimage\"},\"thumbnailUrl\":\"https:\\\/\\\/leregardlibre.com\\\/wp-content\\\/uploads\\\/2022\\\/09\\\/du-monde-entier.jpg\",\"datePublished\":\"2022-09-27T04:00:00+00:00\",\"dateModified\":\"2022-10-24T13:53:38+00:00\",\"description\":\"Avec son nouveau livre \u00abM\u00e2choires\u00bb, Monica Ojeda nous entra\u00eene dans un thriller psychologique tr\u00e8s litt\u00e9raire, aux confins de l\u2019effroi.\",\"breadcrumb\":{\"@id\":\"https:\\\/\\\/leregardlibre.com\\\/litterature\\\/machoires-du-gore-dans-la-mangrove\\\/#breadcrumb\"},\"inLanguage\":\"en-US\",\"potentialAction\":[{\"@type\":\"ReadAction\",\"target\":[\"https:\\\/\\\/leregardlibre.com\\\/litterature\\\/machoires-du-gore-dans-la-mangrove\\\/\"]}]},{\"@type\":\"ImageObject\",\"inLanguage\":\"en-US\",\"@id\":\"https:\\\/\\\/leregardlibre.com\\\/litterature\\\/machoires-du-gore-dans-la-mangrove\\\/#primaryimage\",\"url\":\"https:\\\/\\\/leregardlibre.com\\\/wp-content\\\/uploads\\\/2022\\\/09\\\/du-monde-entier.jpg\",\"contentUrl\":\"https:\\\/\\\/leregardlibre.com\\\/wp-content\\\/uploads\\\/2022\\\/09\\\/du-monde-entier.jpg\",\"width\":1920,\"height\":1080,\"caption\":\"machoires\"},{\"@type\":\"BreadcrumbList\",\"@id\":\"https:\\\/\\\/leregardlibre.com\\\/litterature\\\/machoires-du-gore-dans-la-mangrove\\\/#breadcrumb\",\"itemListElement\":[{\"@type\":\"ListItem\",\"position\":1,\"name\":\"Accueil\",\"item\":\"https:\\\/\\\/leregardlibre.com\\\/\"},{\"@type\":\"ListItem\",\"position\":2,\"name\":\"\u00abM\u00e2choires\u00bb, du gore dans la mangrove\"}]},{\"@type\":\"WebSite\",\"@id\":\"https:\\\/\\\/leregardlibre.com\\\/#website\",\"url\":\"https:\\\/\\\/leregardlibre.com\\\/\",\"name\":\"Le Regard Libre\",\"description\":\"Premier mensuel suisse de d\u00e9bat\",\"publisher\":{\"@id\":\"https:\\\/\\\/leregardlibre.com\\\/#organization\"},\"potentialAction\":[{\"@type\":\"SearchAction\",\"target\":{\"@type\":\"EntryPoint\",\"urlTemplate\":\"https:\\\/\\\/leregardlibre.com\\\/?s={search_term_string}\"},\"query-input\":{\"@type\":\"PropertyValueSpecification\",\"valueRequired\":true,\"valueName\":\"search_term_string\"}}],\"inLanguage\":\"en-US\"},{\"@type\":\"Organization\",\"@id\":\"https:\\\/\\\/leregardlibre.com\\\/#organization\",\"name\":\"Le Regard Libre\",\"url\":\"https:\\\/\\\/leregardlibre.com\\\/\",\"logo\":{\"@type\":\"ImageObject\",\"inLanguage\":\"en-US\",\"@id\":\"https:\\\/\\\/leregardlibre.com\\\/#\\\/schema\\\/logo\\\/image\\\/\",\"url\":\"https:\\\/\\\/leregardlibre.com\\\/wp-content\\\/uploads\\\/2025\\\/08\\\/logo-rl-icone-neg.jpeg\",\"contentUrl\":\"https:\\\/\\\/leregardlibre.com\\\/wp-content\\\/uploads\\\/2025\\\/08\\\/logo-rl-icone-neg.jpeg\",\"width\":557,\"height\":556,\"caption\":\"Le Regard Libre\"},\"image\":{\"@id\":\"https:\\\/\\\/leregardlibre.com\\\/#\\\/schema\\\/logo\\\/image\\\/\"},\"sameAs\":[\"https:\\\/\\\/www.facebook.com\\\/leregardlibre\\\/\",\"https:\\\/\\\/x.com\\\/LeRegardLibre\",\"https:\\\/\\\/www.linkedin.com\\\/company\\\/le-regard-libre\",\"https:\\\/\\\/www.instagram.com\\\/leregardlibre\\\/\",\"http:\\\/\\\/t.me\\\/leregardlibre\",\"https:\\\/\\\/youtube.com\\\/channel\\\/UC6HzGPomj1LsUmlz-sJtITQ\"],\"description\":\"Le Regard Libre est un mensuel suisse de d\u00e9bat intellectuel et culturel. Sa r\u00e9daction est jeune, b\u00e9n\u00e9vole, lib\u00e9rale et pluraliste. Le magazine para\u00eet en ligne et sous forme papier. Sa langue est le fran\u00e7ais.\",\"email\":\"redaction@leregardlibre.com\",\"legalName\":\"Le Regard Libre\",\"foundingDate\":\"2014-01-01\",\"numberOfEmployees\":{\"@type\":\"QuantitativeValue\",\"minValue\":\"11\",\"maxValue\":\"50\"},\"publishingPrinciples\":\"https:\\\/\\\/leregardlibre.com\\\/a-propos\\\/notre-manifeste\\\/\",\"ownershipFundingInfo\":\"https:\\\/\\\/leregardlibre.com\\\/mentions-legales\\\/\",\"actionableFeedbackPolicy\":\"https:\\\/\\\/leregardlibre.com\\\/conditions-generales-de-vente\\\/\"},{\"@type\":\"Person\",\"@id\":\"https:\\\/\\\/leregardlibre.com\\\/#\\\/schema\\\/person\\\/b2ac941a3f3efccb93d920d0cd1629f4\",\"name\":\"Quentin Perissinotto\",\"image\":{\"@type\":\"ImageObject\",\"inLanguage\":\"en-US\",\"@id\":\"https:\\\/\\\/secure.gravatar.com\\\/avatar\\\/5bdc85640092297cabef9e4e9fafa5d0f6fdc4d68bde6549c358b1419521e8f3?s=96&d=identicon&r=g\",\"url\":\"https:\\\/\\\/secure.gravatar.com\\\/avatar\\\/5bdc85640092297cabef9e4e9fafa5d0f6fdc4d68bde6549c358b1419521e8f3?s=96&d=identicon&r=g\",\"contentUrl\":\"https:\\\/\\\/secure.gravatar.com\\\/avatar\\\/5bdc85640092297cabef9e4e9fafa5d0f6fdc4d68bde6549c358b1419521e8f3?s=96&d=identicon&r=g\",\"caption\":\"Quentin Perissinotto\"},\"description\":\"Conseiller-clients et \u00e9crivain, Quentin Perissinotto est critique litt\u00e9raire pour Le Regard Libre.\",\"sameAs\":[\"https:\\\/\\\/fr.wikipedia.org\\\/wiki\\\/Le_Regard_libre\"],\"url\":\"https:\\\/\\\/leregardlibre.com\\\/en\\\/author\\\/quentin-perissinotto\\\/\"}]}<\/script>\n<!-- \/ Yoast SEO Premium plugin. -->","yoast_head_json":{"title":"\u00abM\u00e2choires\u00bb, gore in the mangrove swamp","description":"Avec son nouveau livre \u00abM\u00e2choires\u00bb, Monica Ojeda nous entra\u00eene dans un thriller psychologique tr\u00e8s litt\u00e9raire, aux confins de l\u2019effroi.","robots":{"index":"index","follow":"follow","max-snippet":"max-snippet:-1","max-image-preview":"max-image-preview:large","max-video-preview":"max-video-preview:-1"},"canonical":"https:\/\/leregardlibre.com\/en\/literature\/machoires-du-gore-dans-la-mangrove\/","og_locale":"en_US","og_type":"article","og_title":"\u00abM\u00e2choires\u00bb, du gore dans la mangrove","og_description":"Avec son nouveau livre \u00abM\u00e2choires\u00bb, Monica Ojeda nous entra\u00eene dans un thriller psychologique tr\u00e8s litt\u00e9raire, aux confins de l\u2019effroi.","og_url":"https:\/\/leregardlibre.com\/en\/literature\/machoires-du-gore-dans-la-mangrove\/","og_site_name":"Le Regard Libre","article_publisher":"https:\/\/www.facebook.com\/leregardlibre\/","article_published_time":"2022-09-27T04:00:00+00:00","article_modified_time":"2022-10-24T13:53:38+00:00","og_image":[{"width":1920,"height":1080,"url":"https:\/\/leregardlibre.com\/wp-content\/uploads\/2022\/09\/du-monde-entier.jpg","type":"image\/jpeg"}],"author":"Quentin Perissinotto","twitter_card":"summary_large_image","twitter_creator":"@LeRegardLibre","twitter_site":"@LeRegardLibre","twitter_misc":{"Written by":"Quentin Perissinotto","Est. reading time":"6 minutes"},"schema":{"@context":"https:\/\/schema.org","@graph":[{"@type":"Article","@id":"https:\/\/leregardlibre.com\/litterature\/machoires-du-gore-dans-la-mangrove\/#article","isPartOf":{"@id":"https:\/\/leregardlibre.com\/litterature\/machoires-du-gore-dans-la-mangrove\/"},"author":{"name":"Quentin Perissinotto","@id":"https:\/\/leregardlibre.com\/#\/schema\/person\/b2ac941a3f3efccb93d920d0cd1629f4"},"headline":"\u00abM\u00e2choires\u00bb, du gore dans la mangrove","datePublished":"2022-09-27T04:00:00+00:00","dateModified":"2022-10-24T13:53:38+00:00","mainEntityOfPage":{"@id":"https:\/\/leregardlibre.com\/litterature\/machoires-du-gore-dans-la-mangrove\/"},"wordCount":1095,"commentCount":0,"publisher":{"@id":"https:\/\/leregardlibre.com\/#organization"},"image":{"@id":"https:\/\/leregardlibre.com\/litterature\/machoires-du-gore-dans-la-mangrove\/#primaryimage"},"thumbnailUrl":"https:\/\/leregardlibre.com\/wp-content\/uploads\/2022\/09\/du-monde-entier.jpg","keywords":["Critique litt\u00e9raire","Mort","Psychologie","Roman","Thriller"],"articleSection":["Litt\u00e9rature"],"inLanguage":"en-US","potentialAction":[{"@type":"CommentAction","name":"Comment","target":["https:\/\/leregardlibre.com\/litterature\/machoires-du-gore-dans-la-mangrove\/#respond"]}]},{"@type":"WebPage","@id":"https:\/\/leregardlibre.com\/litterature\/machoires-du-gore-dans-la-mangrove\/","url":"https:\/\/leregardlibre.com\/litterature\/machoires-du-gore-dans-la-mangrove\/","name":"\u00abM\u00e2choires\u00bb, gore in the mangrove swamp","isPartOf":{"@id":"https:\/\/leregardlibre.com\/#website"},"primaryImageOfPage":{"@id":"https:\/\/leregardlibre.com\/litterature\/machoires-du-gore-dans-la-mangrove\/#primaryimage"},"image":{"@id":"https:\/\/leregardlibre.com\/litterature\/machoires-du-gore-dans-la-mangrove\/#primaryimage"},"thumbnailUrl":"https:\/\/leregardlibre.com\/wp-content\/uploads\/2022\/09\/du-monde-entier.jpg","datePublished":"2022-09-27T04:00:00+00:00","dateModified":"2022-10-24T13:53:38+00:00","description":"Avec son nouveau livre \u00abM\u00e2choires\u00bb, Monica Ojeda nous entra\u00eene dans un thriller psychologique tr\u00e8s litt\u00e9raire, aux confins de l\u2019effroi.","breadcrumb":{"@id":"https:\/\/leregardlibre.com\/litterature\/machoires-du-gore-dans-la-mangrove\/#breadcrumb"},"inLanguage":"en-US","potentialAction":[{"@type":"ReadAction","target":["https:\/\/leregardlibre.com\/litterature\/machoires-du-gore-dans-la-mangrove\/"]}]},{"@type":"ImageObject","inLanguage":"en-US","@id":"https:\/\/leregardlibre.com\/litterature\/machoires-du-gore-dans-la-mangrove\/#primaryimage","url":"https:\/\/leregardlibre.com\/wp-content\/uploads\/2022\/09\/du-monde-entier.jpg","contentUrl":"https:\/\/leregardlibre.com\/wp-content\/uploads\/2022\/09\/du-monde-entier.jpg","width":1920,"height":1080,"caption":"machoires"},{"@type":"BreadcrumbList","@id":"https:\/\/leregardlibre.com\/litterature\/machoires-du-gore-dans-la-mangrove\/#breadcrumb","itemListElement":[{"@type":"ListItem","position":1,"name":"Accueil","item":"https:\/\/leregardlibre.com\/"},{"@type":"ListItem","position":2,"name":"\u00abM\u00e2choires\u00bb, du gore dans la mangrove"}]},{"@type":"WebSite","@id":"https:\/\/leregardlibre.com\/#website","url":"https:\/\/leregardlibre.com\/","name":"Le Regard Libre","description":"Switzerland's first monthly debate magazine","publisher":{"@id":"https:\/\/leregardlibre.com\/#organization"},"potentialAction":[{"@type":"SearchAction","target":{"@type":"EntryPoint","urlTemplate":"https:\/\/leregardlibre.com\/?s={search_term_string}"},"query-input":{"@type":"PropertyValueSpecification","valueRequired":true,"valueName":"search_term_string"}}],"inLanguage":"en-US"},{"@type":"Organization","@id":"https:\/\/leregardlibre.com\/#organization","name":"Le Regard Libre","url":"https:\/\/leregardlibre.com\/","logo":{"@type":"ImageObject","inLanguage":"en-US","@id":"https:\/\/leregardlibre.com\/#\/schema\/logo\/image\/","url":"https:\/\/leregardlibre.com\/wp-content\/uploads\/2025\/08\/logo-rl-icone-neg.jpeg","contentUrl":"https:\/\/leregardlibre.com\/wp-content\/uploads\/2025\/08\/logo-rl-icone-neg.jpeg","width":557,"height":556,"caption":"Le Regard Libre"},"image":{"@id":"https:\/\/leregardlibre.com\/#\/schema\/logo\/image\/"},"sameAs":["https:\/\/www.facebook.com\/leregardlibre\/","https:\/\/x.com\/LeRegardLibre","https:\/\/www.linkedin.com\/company\/le-regard-libre","https:\/\/www.instagram.com\/leregardlibre\/","http:\/\/t.me\/leregardlibre","https:\/\/youtube.com\/channel\/UC6HzGPomj1LsUmlz-sJtITQ"],"description":"Le Regard Libre is a Swiss monthly magazine for intellectual and cultural debate. Its editorial team is young, voluntary, liberal and pluralist. The magazine appears online and in print. Its language is French.","email":"redaction@leregardlibre.com","legalName":"Le Regard Libre","foundingDate":"2014-01-01","numberOfEmployees":{"@type":"QuantitativeValue","minValue":"11","maxValue":"50"},"publishingPrinciples":"https:\/\/leregardlibre.com\/a-propos\/notre-manifeste\/","ownershipFundingInfo":"https:\/\/leregardlibre.com\/mentions-legales\/","actionableFeedbackPolicy":"https:\/\/leregardlibre.com\/conditions-generales-de-vente\/"},{"@type":"Person","@id":"https:\/\/leregardlibre.com\/#\/schema\/person\/b2ac941a3f3efccb93d920d0cd1629f4","name":"Quentin Perissinotto","image":{"@type":"ImageObject","inLanguage":"en-US","@id":"https:\/\/secure.gravatar.com\/avatar\/5bdc85640092297cabef9e4e9fafa5d0f6fdc4d68bde6549c358b1419521e8f3?s=96&d=identicon&r=g","url":"https:\/\/secure.gravatar.com\/avatar\/5bdc85640092297cabef9e4e9fafa5d0f6fdc4d68bde6549c358b1419521e8f3?s=96&d=identicon&r=g","contentUrl":"https:\/\/secure.gravatar.com\/avatar\/5bdc85640092297cabef9e4e9fafa5d0f6fdc4d68bde6549c358b1419521e8f3?s=96&d=identicon&r=g","caption":"Quentin Perissinotto"},"description":"Customer advisor and writer, Quentin Perissinotto is a literary critic for Le Regard Libre.","sameAs":["https:\/\/fr.wikipedia.org\/wiki\/Le_Regard_libre"],"url":"https:\/\/leregardlibre.com\/en\/author\/quentin-perissinotto\/"}]}},"_links":{"self":[{"href":"https:\/\/leregardlibre.com\/en\/wp-json\/wp\/v2\/posts\/512578","targetHints":{"allow":["GET"]}}],"collection":[{"href":"https:\/\/leregardlibre.com\/en\/wp-json\/wp\/v2\/posts"}],"about":[{"href":"https:\/\/leregardlibre.com\/en\/wp-json\/wp\/v2\/types\/post"}],"author":[{"embeddable":true,"href":"https:\/\/leregardlibre.com\/en\/wp-json\/wp\/v2\/users\/213"}],"replies":[{"embeddable":true,"href":"https:\/\/leregardlibre.com\/en\/wp-json\/wp\/v2\/comments?post=512578"}],"version-history":[{"count":2,"href":"https:\/\/leregardlibre.com\/en\/wp-json\/wp\/v2\/posts\/512578\/revisions"}],"predecessor-version":[{"id":513225,"href":"https:\/\/leregardlibre.com\/en\/wp-json\/wp\/v2\/posts\/512578\/revisions\/513225"}],"wp:featuredmedia":[{"embeddable":true,"href":"https:\/\/leregardlibre.com\/en\/wp-json\/wp\/v2\/media\/512580"}],"wp:attachment":[{"href":"https:\/\/leregardlibre.com\/en\/wp-json\/wp\/v2\/media?parent=512578"}],"wp:term":[{"taxonomy":"category","embeddable":true,"href":"https:\/\/leregardlibre.com\/en\/wp-json\/wp\/v2\/categories?post=512578"},{"taxonomy":"post_tag","embeddable":true,"href":"https:\/\/leregardlibre.com\/en\/wp-json\/wp\/v2\/tags?post=512578"}],"curies":[{"name":"wp","href":"https:\/\/api.w.org\/{rel}","templated":true}]}}