{"id":512680,"date":"2022-10-02T06:00:00","date_gmt":"2022-10-02T04:00:00","guid":{"rendered":"https:\/\/leregardlibre.com\/?p=512680"},"modified":"2025-12-13T22:51:01","modified_gmt":"2025-12-13T21:51:01","slug":"the-spectre-of-a-nuclear-bomb-in-asia-de-lest","status":"publish","type":"post","link":"https:\/\/leregardlibre.com\/en\/policy\/world\/the-spectre-of-a-nuclear-bomb-in-asia-de-lest\/","title":{"rendered":"The spectre of the atomic bomb in East Asia"},"content":{"rendered":"<div class='content_excerpt'>\n<p class=\"has-drop-cap\"><strong>The Taiwan Strait crisis and Kim Jong-un's threats are rekindling tensions between the East Asian powers. With them come fears of nuclear escalation. The atomic bomb is an asset for negotiation, but without room for diplomatic dialogue, it becomes a scarecrow.<\/strong><\/p>\n\n\n\n Read the analysis (subscribers)\n    <div class='restricted_content_fade'><\/div>\n    <\/div>\n  <style>\n    .content_excerpt{\n      position: relative;\n    }\n    .content_excerpt .restricted_content_fade{\n      position: absolute;\n      bottom: 0;\n      left: 0;\n      right: 0;\n      height: 75px;\n\t  margin-bottom: 0px;\n      background-image: linear-gradient(#ffffff2e, white);\n    }\n\n    .restricted_content{\n      margin-top: 30px;\n      border: solid #dddddd 1px;\n      border-radius: 7px;\n      padding: 30px;\n    }\n    \n    .restricted_content .restricted_content_title{\n      font-size: 22px;\n      font-weight: 600;\n    }\n    .restricted_content .restricted_content_flex_row{\n      display: flex;\n      flex-direction: row;\n    }\n    .restricted_content .restricted_content_image_container{\n      flex: 3;\n    }\n    .restricted_content .restricted_content_flex_column{\n      flex: 4;\n      display: flex;\n      flex-direction: column;\n      margin-left: 40px;\n      justify-content: center;\n    }\n\n\n    .restricted_content_buttons{\n      display: flex;\n      flex-direction: column;\n      width: min-content;\n    }\n    .restricted_content_button{\n      background-color: #f2f2f2;\n      text-transform: uppercase;\n      font-weight: 600;\n      padding: 8px 40px;\n      text-align: center;\n      font-size: 13px;\n      margin-top: 10px;\n      width: max-content;\n      width: 100%;\n      white-space: nowrap;\n    }\n    .restricted_content_button:hover {\n      background-color: #111111;\n      color: white;\n      text-decoration: none !important;\n    }\n\n    .restricted_content_primary_button{\n      background-color: #1F2A68 !important;\n      color: white !important;\n    }\n    .restricted_content_primary_button:hover {\n      background-color: #111111;\n    }\n\n    .restricted_content_text{\n      margin-bottom: 10px;\n      line-height: 1.2;\n      font-weight: 500;\n      font-size: 16px;\n    }\n\n  \n  <\/style>\n  <div class='restricted_content'>\n    <h3 class='restricted_content_title'>This content is reserved for our subscribers.<\/h3>\n    <div class='restricted_content_flex_row'>\n      <div class='restricted_content_image_container'>\n        <img class='restricted_content_image' src='\/wp-content\/uploads\/2025\/08\/abo_physique.png' \/>\n      <\/div>\n      <div class='restricted_content_flex_column'>\n        <div class='restricted_content_text'>If you have an account, please log in. Otherwise, discover our different subscription packages and create an account from CHF 2.50 for the first month.<\/div>\n        <div class='restricted_content_buttons'>\n          <a href='\/en\/subscription\/' class='restricted_content_button restricted_content_primary_button'>See subscriptions<\/a><a href='\/en\/my-account\/?redirect_to=https:\/\/leregardlibre.com\/en\/policy\/world\/the-spectre-of-a-nuclear-bomb-in-asia-de-lest\/'class='restricted_content_button'>Login<\/a><\/div>\n      <\/div>\n    <\/div>\n  <\/div>","protected":false},"excerpt":{"rendered":"<div class='content_excerpt'>\n<p class=\"has-drop-cap\"><strong>The Taiwan Strait crisis and Kim Jong-un's threats are rekindling tensions between the East Asian powers. With them come fears of nuclear escalation. The atomic bomb is an asset for negotiation, but without room for diplomatic dialogue, it becomes a scarecrow.<\/strong><\/p>\n<p> Read the analysis (subscribers)<\/p>\n<div class='restricted_content_fade'><\/div>\n<\/p><\/div>\n<style>\n    .content_excerpt{\n      position: relative;\n    }\n    .content_excerpt .restricted_content_fade{\n      position: absolute;\n      bottom: 0;\n      left: 0;\n      right: 0;\n      height: 75px;\n\t  margin-bottom: 0px;\n      background-image: linear-gradient(#ffffff2e, white);\n    }<\/p>\n<p>    .restricted_content{\n      margin-top: 30px;\n      border: solid #dddddd 1px;\n      border-radius: 7px;\n      padding: 30px;\n    }<\/p>\n<p>    .restricted_content .restricted_content_title{\n      font-size: 22px;\n      font-weight: 600;\n    }\n    .restricted_content .restricted_content_flex_row{\n      display: flex;\n      flex-direction: row;\n    }\n    .restricted_content .restricted_content_image_container{\n      flex: 3;\n    }\n    .restricted_content .restricted_content_flex_column{\n      flex: 4;\n      display: flex;\n      flex-direction: column;\n      margin-left: 40px;\n      justify-content: center;\n    }<\/p>\n<p>    .restricted_content_buttons{\n      display: flex;\n      flex-direction: column;\n      width: min-content;\n    }\n    .restricted_content_button{\n      background-color: #f2f2f2;\n      text-transform: uppercase;\n      font-weight: 600;\n      padding: 8px 40px;\n      text-align: center;\n      font-size: 13px;\n      margin-top: 10px;\n      width: max-content;\n      width: 100%;\n      white-space: nowrap;\n    }\n    .restricted_content_button:hover {\n      background-color: #111111;\n      color: white;\n      text-decoration: none !important;\n    }<\/p>\n<p>    .restricted_content_primary_button{\n      background-color: #1F2A68 !important;\n      color: white !important;\n    }\n    .restricted_content_primary_button:hover {\n      background-color: #111111;\n    }<\/p>\n<p>    .restricted_content_text{\n      margin-bottom: 10px;\n      line-height: 1.2;\n      font-weight: 500;\n      font-size: 16px;\n    }<\/p>\n<\/style>\n<div class='restricted_content'>\n<h3 class='restricted_content_title'>This content is reserved for our subscribers.<\/h3>\n<div class='restricted_content_flex_row'>\n<div class='restricted_content_image_container'>\n        <img class='restricted_content_image' src='\/wp-content\/uploads\/2025\/08\/abo_physique.png' \/>\n      <\/div>\n<div class='restricted_content_flex_column'>\n<div class='restricted_content_text'>If you have an account, please log in. Otherwise, discover our different subscription packages and create an account from CHF 2.50 for the first month.<\/div>\n<div class='restricted_content_buttons'>\n          <a href='\/en\/subscription\/' class='restricted_content_button restricted_content_primary_button'>See subscriptions<\/a><a href='\/en\/my-account\/?redirect_to=https:\/\/leregardlibre.com\/en\/policy\/world\/the-spectre-of-a-nuclear-bomb-in-asia-de-lest\/'class='restricted_content_button'>Login<\/a><\/div>\n<\/p><\/div>\n<\/p><\/div>\n<\/p><\/div>","protected":false},"author":447,"featured_media":512682,"comment_status":"open","ping_status":"closed","sticky":false,"template":"","format":"standard","meta":{"_acf_changed":false,"footnotes":""},"categories":[644357281],"tags":[9472,644358110,644357655,412552,644358108,378150],"class_list":["post-512680","post","type-post","status-publish","format-standard","has-post-thumbnail","hentry","category-monde","tag-analyses","tag-asie-de-lest","tag-bombe-nucleaire","tag-coree-du-nord","tag-dossier-fin-du-monde","tag-geopolitique","membership-content","access-restricted"],"acf":[],"yoast_head":"<!-- This site is optimized with the Yoast SEO Premium plugin v27.4 (Yoast SEO v27.4) - https:\/\/yoast.com\/product\/yoast-seo-premium-wordpress\/ -->\n<title>Le spectre de la bombe nucl\u00e9aire en Asie de l\u2019Est | Le Regard Libre<\/title>\n<meta name=\"description\" content=\"Asie de l&#039;Est: la bombe nucl\u00e9aire est un atout de n\u00e9gociation, mais sans espace de dialogue diplomatique, elle fait figure d\u2019\u00e9pouvantail.\" \/>\n<meta name=\"robots\" content=\"index, follow, max-snippet:-1, max-image-preview:large, max-video-preview:-1\" \/>\n<link rel=\"canonical\" href=\"https:\/\/leregardlibre.com\/en\/policy\/world\/the-spectre-of-a-nuclear-bomb-in-asia-de-lest\/\" \/>\n<meta property=\"og:locale\" content=\"en_US\" \/>\n<meta property=\"og:type\" content=\"article\" \/>\n<meta property=\"og:title\" content=\"Le spectre de la bombe atomique en Asie de l\u2019Est\" \/>\n<meta property=\"og:description\" content=\"Asie de l&#039;Est: la bombe nucl\u00e9aire est un atout de n\u00e9gociation, mais sans espace de dialogue diplomatique, elle fait figure d\u2019\u00e9pouvantail.\" \/>\n<meta property=\"og:url\" content=\"https:\/\/leregardlibre.com\/en\/policy\/world\/the-spectre-of-a-nuclear-bomb-in-asia-de-lest\/\" \/>\n<meta property=\"og:site_name\" content=\"Le Regard Libre\" \/>\n<meta property=\"article:publisher\" content=\"https:\/\/www.facebook.com\/leregardlibre\/\" \/>\n<meta property=\"article:published_time\" content=\"2022-10-02T04:00:00+00:00\" \/>\n<meta property=\"article:modified_time\" content=\"2025-12-13T21:51:01+00:00\" \/>\n<meta property=\"og:image\" content=\"https:\/\/leregardlibre.com\/wp-content\/uploads\/2022\/10\/kim-jong-un.png\" \/>\n\t<meta property=\"og:image:width\" content=\"1920\" \/>\n\t<meta property=\"og:image:height\" content=\"1280\" \/>\n\t<meta property=\"og:image:type\" content=\"image\/png\" \/>\n<meta name=\"author\" content=\"Matthieu Levivier\" \/>\n<meta name=\"twitter:card\" content=\"summary_large_image\" \/>\n<meta name=\"twitter:creator\" content=\"@LeRegardLibre\" \/>\n<meta name=\"twitter:site\" content=\"@LeRegardLibre\" \/>\n<meta name=\"twitter:label1\" content=\"Written by\" \/>\n\t<meta name=\"twitter:data1\" content=\"Matthieu Levivier\" \/>\n\t<meta name=\"twitter:label2\" content=\"Est. reading time\" \/>\n\t<meta name=\"twitter:data2\" content=\"8 minutes\" \/>\n<script type=\"application\/ld+json\" class=\"yoast-schema-graph\">{\"@context\":\"https:\\\/\\\/schema.org\",\"@graph\":[{\"@type\":\"Article\",\"@id\":\"https:\\\/\\\/leregardlibre.com\\\/politique\\\/monde\\\/le-spectre-de-la-bombe-nucleaire-en-asie-de-lest\\\/#article\",\"isPartOf\":{\"@id\":\"https:\\\/\\\/leregardlibre.com\\\/politique\\\/monde\\\/le-spectre-de-la-bombe-nucleaire-en-asie-de-lest\\\/\"},\"author\":{\"name\":\"Matthieu Levivier\",\"@id\":\"https:\\\/\\\/leregardlibre.com\\\/#\\\/schema\\\/person\\\/2985182785b3b93703c5a97ccbc9e14f\"},\"headline\":\"Le spectre de la bombe atomique en Asie de l\u2019Est\",\"datePublished\":\"2022-10-02T04:00:00+00:00\",\"dateModified\":\"2025-12-13T21:51:01+00:00\",\"mainEntityOfPage\":{\"@id\":\"https:\\\/\\\/leregardlibre.com\\\/politique\\\/monde\\\/le-spectre-de-la-bombe-nucleaire-en-asie-de-lest\\\/\"},\"wordCount\":1791,\"commentCount\":0,\"publisher\":{\"@id\":\"https:\\\/\\\/leregardlibre.com\\\/#organization\"},\"image\":{\"@id\":\"https:\\\/\\\/leregardlibre.com\\\/politique\\\/monde\\\/le-spectre-de-la-bombe-nucleaire-en-asie-de-lest\\\/#primaryimage\"},\"thumbnailUrl\":\"https:\\\/\\\/leregardlibre.com\\\/wp-content\\\/uploads\\\/2022\\\/10\\\/kim-jong-un.png\",\"keywords\":[\"Analyse\",\"Asie de l&#039;Est\",\"Bombe nucl\u00e9aire\",\"Cor\u00e9e du Nord\",\"Dossier FIN DU MONDE\",\"G\u00e9opolitique\"],\"articleSection\":[\"Monde\"],\"inLanguage\":\"en-US\",\"potentialAction\":[{\"@type\":\"CommentAction\",\"name\":\"Comment\",\"target\":[\"https:\\\/\\\/leregardlibre.com\\\/politique\\\/monde\\\/le-spectre-de-la-bombe-nucleaire-en-asie-de-lest\\\/#respond\"]}]},{\"@type\":\"WebPage\",\"@id\":\"https:\\\/\\\/leregardlibre.com\\\/politique\\\/monde\\\/le-spectre-de-la-bombe-nucleaire-en-asie-de-lest\\\/\",\"url\":\"https:\\\/\\\/leregardlibre.com\\\/politique\\\/monde\\\/le-spectre-de-la-bombe-nucleaire-en-asie-de-lest\\\/\",\"name\":\"Le spectre de la bombe nucl\u00e9aire en Asie de l\u2019Est | Le Regard Libre\",\"isPartOf\":{\"@id\":\"https:\\\/\\\/leregardlibre.com\\\/#website\"},\"primaryImageOfPage\":{\"@id\":\"https:\\\/\\\/leregardlibre.com\\\/politique\\\/monde\\\/le-spectre-de-la-bombe-nucleaire-en-asie-de-lest\\\/#primaryimage\"},\"image\":{\"@id\":\"https:\\\/\\\/leregardlibre.com\\\/politique\\\/monde\\\/le-spectre-de-la-bombe-nucleaire-en-asie-de-lest\\\/#primaryimage\"},\"thumbnailUrl\":\"https:\\\/\\\/leregardlibre.com\\\/wp-content\\\/uploads\\\/2022\\\/10\\\/kim-jong-un.png\",\"datePublished\":\"2022-10-02T04:00:00+00:00\",\"dateModified\":\"2025-12-13T21:51:01+00:00\",\"description\":\"Asie de l'Est: la bombe nucl\u00e9aire est un atout de n\u00e9gociation, mais sans espace de dialogue diplomatique, elle fait figure d\u2019\u00e9pouvantail.\",\"breadcrumb\":{\"@id\":\"https:\\\/\\\/leregardlibre.com\\\/politique\\\/monde\\\/le-spectre-de-la-bombe-nucleaire-en-asie-de-lest\\\/#breadcrumb\"},\"inLanguage\":\"en-US\",\"potentialAction\":[{\"@type\":\"ReadAction\",\"target\":[\"https:\\\/\\\/leregardlibre.com\\\/politique\\\/monde\\\/le-spectre-de-la-bombe-nucleaire-en-asie-de-lest\\\/\"]}]},{\"@type\":\"ImageObject\",\"inLanguage\":\"en-US\",\"@id\":\"https:\\\/\\\/leregardlibre.com\\\/politique\\\/monde\\\/le-spectre-de-la-bombe-nucleaire-en-asie-de-lest\\\/#primaryimage\",\"url\":\"https:\\\/\\\/leregardlibre.com\\\/wp-content\\\/uploads\\\/2022\\\/10\\\/kim-jong-un.png\",\"contentUrl\":\"https:\\\/\\\/leregardlibre.com\\\/wp-content\\\/uploads\\\/2022\\\/10\\\/kim-jong-un.png\",\"width\":1920,\"height\":1280,\"caption\":\"bombe nucl\u00e9aire kim jong-un\"},{\"@type\":\"BreadcrumbList\",\"@id\":\"https:\\\/\\\/leregardlibre.com\\\/politique\\\/monde\\\/le-spectre-de-la-bombe-nucleaire-en-asie-de-lest\\\/#breadcrumb\",\"itemListElement\":[{\"@type\":\"ListItem\",\"position\":1,\"name\":\"Accueil\",\"item\":\"https:\\\/\\\/leregardlibre.com\\\/\"},{\"@type\":\"ListItem\",\"position\":2,\"name\":\"Le spectre de la bombe atomique en Asie de l\u2019Est\"}]},{\"@type\":\"WebSite\",\"@id\":\"https:\\\/\\\/leregardlibre.com\\\/#website\",\"url\":\"https:\\\/\\\/leregardlibre.com\\\/\",\"name\":\"Le Regard Libre\",\"description\":\"Premier mensuel suisse de d\u00e9bat\",\"publisher\":{\"@id\":\"https:\\\/\\\/leregardlibre.com\\\/#organization\"},\"potentialAction\":[{\"@type\":\"SearchAction\",\"target\":{\"@type\":\"EntryPoint\",\"urlTemplate\":\"https:\\\/\\\/leregardlibre.com\\\/?s={search_term_string}\"},\"query-input\":{\"@type\":\"PropertyValueSpecification\",\"valueRequired\":true,\"valueName\":\"search_term_string\"}}],\"inLanguage\":\"en-US\"},{\"@type\":\"Organization\",\"@id\":\"https:\\\/\\\/leregardlibre.com\\\/#organization\",\"name\":\"Le Regard Libre\",\"url\":\"https:\\\/\\\/leregardlibre.com\\\/\",\"logo\":{\"@type\":\"ImageObject\",\"inLanguage\":\"en-US\",\"@id\":\"https:\\\/\\\/leregardlibre.com\\\/#\\\/schema\\\/logo\\\/image\\\/\",\"url\":\"https:\\\/\\\/leregardlibre.com\\\/wp-content\\\/uploads\\\/2025\\\/08\\\/logo-rl-icone-neg.jpeg\",\"contentUrl\":\"https:\\\/\\\/leregardlibre.com\\\/wp-content\\\/uploads\\\/2025\\\/08\\\/logo-rl-icone-neg.jpeg\",\"width\":557,\"height\":556,\"caption\":\"Le Regard Libre\"},\"image\":{\"@id\":\"https:\\\/\\\/leregardlibre.com\\\/#\\\/schema\\\/logo\\\/image\\\/\"},\"sameAs\":[\"https:\\\/\\\/www.facebook.com\\\/leregardlibre\\\/\",\"https:\\\/\\\/x.com\\\/LeRegardLibre\",\"https:\\\/\\\/www.linkedin.com\\\/company\\\/le-regard-libre\",\"https:\\\/\\\/www.instagram.com\\\/leregardlibre\\\/\",\"http:\\\/\\\/t.me\\\/leregardlibre\",\"https:\\\/\\\/youtube.com\\\/channel\\\/UC6HzGPomj1LsUmlz-sJtITQ\"],\"description\":\"Le Regard Libre est un mensuel suisse de d\u00e9bat intellectuel et culturel. Sa r\u00e9daction est jeune, b\u00e9n\u00e9vole, lib\u00e9rale et pluraliste. Le magazine para\u00eet en ligne et sous forme papier. Sa langue est le fran\u00e7ais.\",\"email\":\"redaction@leregardlibre.com\",\"legalName\":\"Le Regard Libre\",\"foundingDate\":\"2014-01-01\",\"numberOfEmployees\":{\"@type\":\"QuantitativeValue\",\"minValue\":\"11\",\"maxValue\":\"50\"},\"publishingPrinciples\":\"https:\\\/\\\/leregardlibre.com\\\/a-propos\\\/notre-manifeste\\\/\",\"ownershipFundingInfo\":\"https:\\\/\\\/leregardlibre.com\\\/mentions-legales\\\/\",\"actionableFeedbackPolicy\":\"https:\\\/\\\/leregardlibre.com\\\/conditions-generales-de-vente\\\/\"},{\"@type\":\"Person\",\"@id\":\"https:\\\/\\\/leregardlibre.com\\\/#\\\/schema\\\/person\\\/2985182785b3b93703c5a97ccbc9e14f\",\"name\":\"Matthieu Levivier\",\"image\":{\"@type\":\"ImageObject\",\"inLanguage\":\"en-US\",\"@id\":\"https:\\\/\\\/secure.gravatar.com\\\/avatar\\\/250692748d4fdd17d25b963c15710a3b7fb50fd0d96d55c57e4b0f6e30400df9?s=96&d=identicon&r=g\",\"url\":\"https:\\\/\\\/secure.gravatar.com\\\/avatar\\\/250692748d4fdd17d25b963c15710a3b7fb50fd0d96d55c57e4b0f6e30400df9?s=96&d=identicon&r=g\",\"contentUrl\":\"https:\\\/\\\/secure.gravatar.com\\\/avatar\\\/250692748d4fdd17d25b963c15710a3b7fb50fd0d96d55c57e4b0f6e30400df9?s=96&d=identicon&r=g\",\"caption\":\"Matthieu Levivier\"},\"url\":\"https:\\\/\\\/leregardlibre.com\\\/en\\\/author\\\/matthieu-levivier\\\/\"}]}<\/script>\n<!-- \/ Yoast SEO Premium plugin. -->","yoast_head_json":{"title":"The spectre of the nuclear bomb in East Asia | Le Regard Libre","description":"East Asia: the nuclear bomb is a bargaining chip, but without space for diplomatic dialogue, it's a scarecrow.","robots":{"index":"index","follow":"follow","max-snippet":"max-snippet:-1","max-image-preview":"max-image-preview:large","max-video-preview":"max-video-preview:-1"},"canonical":"https:\/\/leregardlibre.com\/en\/policy\/world\/the-spectre-of-a-nuclear-bomb-in-asia-de-lest\/","og_locale":"en_US","og_type":"article","og_title":"Le spectre de la bombe atomique en Asie de l\u2019Est","og_description":"Asie de l'Est: la bombe nucl\u00e9aire est un atout de n\u00e9gociation, mais sans espace de dialogue diplomatique, elle fait figure d\u2019\u00e9pouvantail.","og_url":"https:\/\/leregardlibre.com\/en\/policy\/world\/the-spectre-of-a-nuclear-bomb-in-asia-de-lest\/","og_site_name":"Le Regard Libre","article_publisher":"https:\/\/www.facebook.com\/leregardlibre\/","article_published_time":"2022-10-02T04:00:00+00:00","article_modified_time":"2025-12-13T21:51:01+00:00","og_image":[{"width":1920,"height":1280,"url":"https:\/\/leregardlibre.com\/wp-content\/uploads\/2022\/10\/kim-jong-un.png","type":"image\/png"}],"author":"Matthieu Levivier","twitter_card":"summary_large_image","twitter_creator":"@LeRegardLibre","twitter_site":"@LeRegardLibre","twitter_misc":{"Written by":"Matthieu Levivier","Est. reading time":"8 minutes"},"schema":{"@context":"https:\/\/schema.org","@graph":[{"@type":"Article","@id":"https:\/\/leregardlibre.com\/politique\/monde\/le-spectre-de-la-bombe-nucleaire-en-asie-de-lest\/#article","isPartOf":{"@id":"https:\/\/leregardlibre.com\/politique\/monde\/le-spectre-de-la-bombe-nucleaire-en-asie-de-lest\/"},"author":{"name":"Matthieu Levivier","@id":"https:\/\/leregardlibre.com\/#\/schema\/person\/2985182785b3b93703c5a97ccbc9e14f"},"headline":"Le spectre de la bombe atomique en Asie de l\u2019Est","datePublished":"2022-10-02T04:00:00+00:00","dateModified":"2025-12-13T21:51:01+00:00","mainEntityOfPage":{"@id":"https:\/\/leregardlibre.com\/politique\/monde\/le-spectre-de-la-bombe-nucleaire-en-asie-de-lest\/"},"wordCount":1791,"commentCount":0,"publisher":{"@id":"https:\/\/leregardlibre.com\/#organization"},"image":{"@id":"https:\/\/leregardlibre.com\/politique\/monde\/le-spectre-de-la-bombe-nucleaire-en-asie-de-lest\/#primaryimage"},"thumbnailUrl":"https:\/\/leregardlibre.com\/wp-content\/uploads\/2022\/10\/kim-jong-un.png","keywords":["Analyse","Asie de l&#039;Est","Bombe nucl\u00e9aire","Cor\u00e9e du Nord","Dossier FIN DU MONDE","G\u00e9opolitique"],"articleSection":["Monde"],"inLanguage":"en-US","potentialAction":[{"@type":"CommentAction","name":"Comment","target":["https:\/\/leregardlibre.com\/politique\/monde\/le-spectre-de-la-bombe-nucleaire-en-asie-de-lest\/#respond"]}]},{"@type":"WebPage","@id":"https:\/\/leregardlibre.com\/politique\/monde\/le-spectre-de-la-bombe-nucleaire-en-asie-de-lest\/","url":"https:\/\/leregardlibre.com\/politique\/monde\/le-spectre-de-la-bombe-nucleaire-en-asie-de-lest\/","name":"The spectre of the nuclear bomb in East Asia | Le Regard Libre","isPartOf":{"@id":"https:\/\/leregardlibre.com\/#website"},"primaryImageOfPage":{"@id":"https:\/\/leregardlibre.com\/politique\/monde\/le-spectre-de-la-bombe-nucleaire-en-asie-de-lest\/#primaryimage"},"image":{"@id":"https:\/\/leregardlibre.com\/politique\/monde\/le-spectre-de-la-bombe-nucleaire-en-asie-de-lest\/#primaryimage"},"thumbnailUrl":"https:\/\/leregardlibre.com\/wp-content\/uploads\/2022\/10\/kim-jong-un.png","datePublished":"2022-10-02T04:00:00+00:00","dateModified":"2025-12-13T21:51:01+00:00","description":"East Asia: the nuclear bomb is a bargaining chip, but without space for diplomatic dialogue, it's a scarecrow.","breadcrumb":{"@id":"https:\/\/leregardlibre.com\/politique\/monde\/le-spectre-de-la-bombe-nucleaire-en-asie-de-lest\/#breadcrumb"},"inLanguage":"en-US","potentialAction":[{"@type":"ReadAction","target":["https:\/\/leregardlibre.com\/politique\/monde\/le-spectre-de-la-bombe-nucleaire-en-asie-de-lest\/"]}]},{"@type":"ImageObject","inLanguage":"en-US","@id":"https:\/\/leregardlibre.com\/politique\/monde\/le-spectre-de-la-bombe-nucleaire-en-asie-de-lest\/#primaryimage","url":"https:\/\/leregardlibre.com\/wp-content\/uploads\/2022\/10\/kim-jong-un.png","contentUrl":"https:\/\/leregardlibre.com\/wp-content\/uploads\/2022\/10\/kim-jong-un.png","width":1920,"height":1280,"caption":"bombe nucl\u00e9aire kim jong-un"},{"@type":"BreadcrumbList","@id":"https:\/\/leregardlibre.com\/politique\/monde\/le-spectre-de-la-bombe-nucleaire-en-asie-de-lest\/#breadcrumb","itemListElement":[{"@type":"ListItem","position":1,"name":"Accueil","item":"https:\/\/leregardlibre.com\/"},{"@type":"ListItem","position":2,"name":"Le spectre de la bombe atomique en Asie de l\u2019Est"}]},{"@type":"WebSite","@id":"https:\/\/leregardlibre.com\/#website","url":"https:\/\/leregardlibre.com\/","name":"Le Regard Libre","description":"Switzerland's first monthly debate magazine","publisher":{"@id":"https:\/\/leregardlibre.com\/#organization"},"potentialAction":[{"@type":"SearchAction","target":{"@type":"EntryPoint","urlTemplate":"https:\/\/leregardlibre.com\/?s={search_term_string}"},"query-input":{"@type":"PropertyValueSpecification","valueRequired":true,"valueName":"search_term_string"}}],"inLanguage":"en-US"},{"@type":"Organization","@id":"https:\/\/leregardlibre.com\/#organization","name":"Le Regard Libre","url":"https:\/\/leregardlibre.com\/","logo":{"@type":"ImageObject","inLanguage":"en-US","@id":"https:\/\/leregardlibre.com\/#\/schema\/logo\/image\/","url":"https:\/\/leregardlibre.com\/wp-content\/uploads\/2025\/08\/logo-rl-icone-neg.jpeg","contentUrl":"https:\/\/leregardlibre.com\/wp-content\/uploads\/2025\/08\/logo-rl-icone-neg.jpeg","width":557,"height":556,"caption":"Le Regard Libre"},"image":{"@id":"https:\/\/leregardlibre.com\/#\/schema\/logo\/image\/"},"sameAs":["https:\/\/www.facebook.com\/leregardlibre\/","https:\/\/x.com\/LeRegardLibre","https:\/\/www.linkedin.com\/company\/le-regard-libre","https:\/\/www.instagram.com\/leregardlibre\/","http:\/\/t.me\/leregardlibre","https:\/\/youtube.com\/channel\/UC6HzGPomj1LsUmlz-sJtITQ"],"description":"Le Regard Libre is a Swiss monthly magazine for intellectual and cultural debate. Its editorial team is young, voluntary, liberal and pluralist. The magazine appears online and in print. Its language is French.","email":"redaction@leregardlibre.com","legalName":"Le Regard Libre","foundingDate":"2014-01-01","numberOfEmployees":{"@type":"QuantitativeValue","minValue":"11","maxValue":"50"},"publishingPrinciples":"https:\/\/leregardlibre.com\/a-propos\/notre-manifeste\/","ownershipFundingInfo":"https:\/\/leregardlibre.com\/mentions-legales\/","actionableFeedbackPolicy":"https:\/\/leregardlibre.com\/conditions-generales-de-vente\/"},{"@type":"Person","@id":"https:\/\/leregardlibre.com\/#\/schema\/person\/2985182785b3b93703c5a97ccbc9e14f","name":"Matthieu Levivier","image":{"@type":"ImageObject","inLanguage":"en-US","@id":"https:\/\/secure.gravatar.com\/avatar\/250692748d4fdd17d25b963c15710a3b7fb50fd0d96d55c57e4b0f6e30400df9?s=96&d=identicon&r=g","url":"https:\/\/secure.gravatar.com\/avatar\/250692748d4fdd17d25b963c15710a3b7fb50fd0d96d55c57e4b0f6e30400df9?s=96&d=identicon&r=g","contentUrl":"https:\/\/secure.gravatar.com\/avatar\/250692748d4fdd17d25b963c15710a3b7fb50fd0d96d55c57e4b0f6e30400df9?s=96&d=identicon&r=g","caption":"Matthieu Levivier"},"url":"https:\/\/leregardlibre.com\/en\/author\/matthieu-levivier\/"}]}},"_links":{"self":[{"href":"https:\/\/leregardlibre.com\/en\/wp-json\/wp\/v2\/posts\/512680","targetHints":{"allow":["GET"]}}],"collection":[{"href":"https:\/\/leregardlibre.com\/en\/wp-json\/wp\/v2\/posts"}],"about":[{"href":"https:\/\/leregardlibre.com\/en\/wp-json\/wp\/v2\/types\/post"}],"author":[{"embeddable":true,"href":"https:\/\/leregardlibre.com\/en\/wp-json\/wp\/v2\/users\/447"}],"replies":[{"embeddable":true,"href":"https:\/\/leregardlibre.com\/en\/wp-json\/wp\/v2\/comments?post=512680"}],"version-history":[{"count":2,"href":"https:\/\/leregardlibre.com\/en\/wp-json\/wp\/v2\/posts\/512680\/revisions"}],"predecessor-version":[{"id":512701,"href":"https:\/\/leregardlibre.com\/en\/wp-json\/wp\/v2\/posts\/512680\/revisions\/512701"}],"wp:featuredmedia":[{"embeddable":true,"href":"https:\/\/leregardlibre.com\/en\/wp-json\/wp\/v2\/media\/512682"}],"wp:attachment":[{"href":"https:\/\/leregardlibre.com\/en\/wp-json\/wp\/v2\/media?parent=512680"}],"wp:term":[{"taxonomy":"category","embeddable":true,"href":"https:\/\/leregardlibre.com\/en\/wp-json\/wp\/v2\/categories?post=512680"},{"taxonomy":"post_tag","embeddable":true,"href":"https:\/\/leregardlibre.com\/en\/wp-json\/wp\/v2\/tags?post=512680"}],"curies":[{"name":"wp","href":"https:\/\/api.w.org\/{rel}","templated":true}]}}