{"id":513590,"date":"2022-11-07T08:26:23","date_gmt":"2022-11-07T07:26:23","guid":{"rendered":"https:\/\/leregardlibre.com\/?p=513590"},"modified":"2025-12-13T22:50:57","modified_gmt":"2025-12-13T21:50:57","slug":"vladimir-fedorovski-je-vis-cette-guerre-comme-une-tragedie-personnelle","status":"publish","type":"post","link":"https:\/\/leregardlibre.com\/en\/policy\/world\/vladimir-fedorovski-je-vis-cette-guerre-comme-une-tragedie-personnelle\/","title":{"rendered":"Vladimir Fedorovsky: \u00abI experience this war as a personal tragedy\u00bb.\u00bb"},"content":{"rendered":"<div class='content_excerpt'>\n<p class=\"has-drop-cap\">Russian-Ukrainian, former USSR diplomat under Brezhnev and Gorbachev, and author of an impressive literary work, Vladimir Fedorovsky gives Le Regard Libre his views on the conflict in Ukraine and its political and geopolitical consequences.<\/p>\n\n\n\n Read the interview (subscribers)\n    <div class='restricted_content_fade'><\/div>\n    <\/div>\n  <style>\n    .content_excerpt{\n      position: relative;\n    }\n    .content_excerpt .restricted_content_fade{\n      position: absolute;\n      bottom: 0;\n      left: 0;\n      right: 0;\n      height: 75px;\n\t  margin-bottom: 0px;\n      background-image: linear-gradient(#ffffff2e, white);\n    }\n\n    .restricted_content{\n      margin-top: 30px;\n      border: solid #dddddd 1px;\n      border-radius: 7px;\n      padding: 30px;\n    }\n    \n    .restricted_content .restricted_content_title{\n      font-size: 22px;\n      font-weight: 600;\n    }\n    .restricted_content .restricted_content_flex_row{\n      display: flex;\n      flex-direction: row;\n    }\n    .restricted_content .restricted_content_image_container{\n      flex: 3;\n    }\n    .restricted_content .restricted_content_flex_column{\n      flex: 4;\n      display: flex;\n      flex-direction: column;\n      margin-left: 40px;\n      justify-content: center;\n    }\n\n\n    .restricted_content_buttons{\n      display: flex;\n      flex-direction: column;\n      width: min-content;\n    }\n    .restricted_content_button{\n      background-color: #f2f2f2;\n      text-transform: uppercase;\n      font-weight: 600;\n      padding: 8px 40px;\n      text-align: center;\n      font-size: 13px;\n      margin-top: 10px;\n      width: max-content;\n      width: 100%;\n      white-space: nowrap;\n    }\n    .restricted_content_button:hover {\n      background-color: #111111;\n      color: white;\n      text-decoration: none !important;\n    }\n\n    .restricted_content_primary_button{\n      background-color: #1F2A68 !important;\n      color: white !important;\n    }\n    .restricted_content_primary_button:hover {\n      background-color: #111111;\n    }\n\n    .restricted_content_text{\n      margin-bottom: 10px;\n      line-height: 1.2;\n      font-weight: 500;\n      font-size: 16px;\n    }\n\n  \n  <\/style>\n  <div class='restricted_content'>\n    <h3 class='restricted_content_title'>This content is reserved for our subscribers.<\/h3>\n    <div class='restricted_content_flex_row'>\n      <div class='restricted_content_image_container'>\n        <img class='restricted_content_image' src='\/wp-content\/uploads\/2025\/08\/abo_physique.png' \/>\n      <\/div>\n      <div class='restricted_content_flex_column'>\n        <div class='restricted_content_text'>If you have an account, please log in. Otherwise, discover our different subscription packages and create an account from CHF 2.50 for the first month.<\/div>\n        <div class='restricted_content_buttons'>\n          <a href='\/en\/subscription\/' class='restricted_content_button restricted_content_primary_button'>See subscriptions<\/a><a href='\/en\/my-account\/?redirect_to=https:\/\/leregardlibre.com\/en\/policy\/world\/vladimir-fedorovski-je-vis-cette-guerre-comme-une-tragedie-personnelle\/'class='restricted_content_button'>Login<\/a><\/div>\n      <\/div>\n    <\/div>\n  <\/div>","protected":false},"excerpt":{"rendered":"<div class='content_excerpt'>\n<p class=\"has-drop-cap\">Russian-Ukrainian, former USSR diplomat under Brezhnev and Gorbachev, and author of an impressive literary work, Vladimir Fedorovsky gives Le Regard Libre his views on the conflict in Ukraine and its political and geopolitical consequences.<\/p>\n<p> Read the interview (subscribers)<\/p>\n<div class='restricted_content_fade'><\/div>\n<\/p><\/div>\n<style>\n    .content_excerpt{\n      position: relative;\n    }\n    .content_excerpt .restricted_content_fade{\n      position: absolute;\n      bottom: 0;\n      left: 0;\n      right: 0;\n      height: 75px;\n\t  margin-bottom: 0px;\n      background-image: linear-gradient(#ffffff2e, white);\n    }<\/p>\n<p>    .restricted_content{\n      margin-top: 30px;\n      border: solid #dddddd 1px;\n      border-radius: 7px;\n      padding: 30px;\n    }<\/p>\n<p>    .restricted_content .restricted_content_title{\n      font-size: 22px;\n      font-weight: 600;\n    }\n    .restricted_content .restricted_content_flex_row{\n      display: flex;\n      flex-direction: row;\n    }\n    .restricted_content .restricted_content_image_container{\n      flex: 3;\n    }\n    .restricted_content .restricted_content_flex_column{\n      flex: 4;\n      display: flex;\n      flex-direction: column;\n      margin-left: 40px;\n      justify-content: center;\n    }<\/p>\n<p>    .restricted_content_buttons{\n      display: flex;\n      flex-direction: column;\n      width: min-content;\n    }\n    .restricted_content_button{\n      background-color: #f2f2f2;\n      text-transform: uppercase;\n      font-weight: 600;\n      padding: 8px 40px;\n      text-align: center;\n      font-size: 13px;\n      margin-top: 10px;\n      width: max-content;\n      width: 100%;\n      white-space: nowrap;\n    }\n    .restricted_content_button:hover {\n      background-color: #111111;\n      color: white;\n      text-decoration: none !important;\n    }<\/p>\n<p>    .restricted_content_primary_button{\n      background-color: #1F2A68 !important;\n      color: white !important;\n    }\n    .restricted_content_primary_button:hover {\n      background-color: #111111;\n    }<\/p>\n<p>    .restricted_content_text{\n      margin-bottom: 10px;\n      line-height: 1.2;\n      font-weight: 500;\n      font-size: 16px;\n    }<\/p>\n<\/style>\n<div class='restricted_content'>\n<h3 class='restricted_content_title'>This content is reserved for our subscribers.<\/h3>\n<div class='restricted_content_flex_row'>\n<div class='restricted_content_image_container'>\n        <img class='restricted_content_image' src='\/wp-content\/uploads\/2025\/08\/abo_physique.png' \/>\n      <\/div>\n<div class='restricted_content_flex_column'>\n<div class='restricted_content_text'>If you have an account, please log in. Otherwise, discover our different subscription packages and create an account from CHF 2.50 for the first month.<\/div>\n<div class='restricted_content_buttons'>\n          <a href='\/en\/subscription\/' class='restricted_content_button restricted_content_primary_button'>See subscriptions<\/a><a href='\/en\/my-account\/?redirect_to=https:\/\/leregardlibre.com\/en\/policy\/world\/vladimir-fedorovski-je-vis-cette-guerre-comme-une-tragedie-personnelle\/'class='restricted_content_button'>Login<\/a><\/div>\n<\/p><\/div>\n<\/p><\/div>\n<\/p><\/div>","protected":false},"author":99,"featured_media":513592,"comment_status":"open","ping_status":"closed","sticky":false,"template":"","format":"standard","meta":{"_acf_changed":false,"footnotes":""},"categories":[644357281],"tags":[699,61091,644357431,11788,117676,22735,720693],"class_list":["post-513590","post","type-post","status-publish","format-standard","has-post-thumbnail","hentry","category-monde","tag-etats-unis","tag-guerre","tag-guerre-en-ukraine","tag-interviews","tag-russie","tag-ukraine","tag-urss","membership-content","access-restricted"],"acf":[],"yoast_head":"<!-- This site is optimized with the Yoast SEO Premium plugin v27.4 (Yoast SEO v27.4) - https:\/\/yoast.com\/product\/yoast-seo-premium-wordpress\/ -->\n<title>Vladimir F\u00e9dorovski: \u00abJe vis cette guerre comme une trag\u00e9die personnelle\u00bb<\/title>\n<meta name=\"description\" content=\"Russo-ukrainien, ancien diplomate de l\u2019URSS sous Brejnev et Gorbatchev, Vladimir F\u00e9dorovski livre son avis sur la guerre en cours en Ukraine.\" \/>\n<meta name=\"robots\" content=\"index, follow, max-snippet:-1, max-image-preview:large, max-video-preview:-1\" \/>\n<link rel=\"canonical\" href=\"https:\/\/leregardlibre.com\/en\/policy\/world\/vladimir-fedorovski-je-vis-cette-guerre-comme-une-tragedie-personnelle\/\" \/>\n<meta property=\"og:locale\" content=\"en_US\" \/>\n<meta property=\"og:type\" content=\"article\" \/>\n<meta property=\"og:title\" content=\"Vladimir F\u00e9dorovski: \u00abJe vis cette guerre comme une trag\u00e9die personnelle\u00bb\" \/>\n<meta property=\"og:description\" content=\"Russo-ukrainien, ancien diplomate de l\u2019URSS sous Brejnev et Gorbatchev, Vladimir F\u00e9dorovski livre son avis sur la guerre en cours en Ukraine.\" \/>\n<meta property=\"og:url\" content=\"https:\/\/leregardlibre.com\/en\/policy\/world\/vladimir-fedorovski-je-vis-cette-guerre-comme-une-tragedie-personnelle\/\" \/>\n<meta property=\"og:site_name\" content=\"Le Regard Libre\" \/>\n<meta property=\"article:publisher\" content=\"https:\/\/www.facebook.com\/leregardlibre\/\" \/>\n<meta property=\"article:published_time\" content=\"2022-11-07T07:26:23+00:00\" \/>\n<meta property=\"article:modified_time\" content=\"2025-12-13T21:50:57+00:00\" \/>\n<meta property=\"og:image\" content=\"https:\/\/leregardlibre.com\/wp-content\/uploads\/2022\/11\/vladimir-fedorovski--loic-venance-afp-e1667805307900-1024x681.jpg\" \/>\n\t<meta property=\"og:image:width\" content=\"1024\" \/>\n\t<meta property=\"og:image:height\" content=\"681\" \/>\n\t<meta property=\"og:image:type\" content=\"image\/jpeg\" \/>\n<meta name=\"author\" content=\"Antoine-Fr\u00e9d\u00e9ric Bernhard\" \/>\n<meta name=\"twitter:card\" content=\"summary_large_image\" \/>\n<meta name=\"twitter:creator\" content=\"@LeRegardLibre\" \/>\n<meta name=\"twitter:site\" content=\"@LeRegardLibre\" \/>\n<meta name=\"twitter:label1\" content=\"Written by\" \/>\n\t<meta name=\"twitter:data1\" content=\"Antoine-Fr\u00e9d\u00e9ric Bernhard\" \/>\n\t<meta name=\"twitter:label2\" content=\"Est. reading time\" \/>\n\t<meta name=\"twitter:data2\" content=\"9 minutes\" \/>\n<script type=\"application\/ld+json\" class=\"yoast-schema-graph\">{\"@context\":\"https:\\\/\\\/schema.org\",\"@graph\":[{\"@type\":\"Article\",\"@id\":\"https:\\\/\\\/leregardlibre.com\\\/politique\\\/monde\\\/vladimir-fedorovski-je-vis-cette-guerre-comme-une-tragedie-personnelle\\\/#article\",\"isPartOf\":{\"@id\":\"https:\\\/\\\/leregardlibre.com\\\/politique\\\/monde\\\/vladimir-fedorovski-je-vis-cette-guerre-comme-une-tragedie-personnelle\\\/\"},\"author\":{\"name\":\"Antoine-Fr\u00e9d\u00e9ric Bernhard\",\"@id\":\"https:\\\/\\\/leregardlibre.com\\\/#\\\/schema\\\/person\\\/7327cb849d1f776e73450746adbbd5ec\"},\"headline\":\"Vladimir F\u00e9dorovski: \u00abJe vis cette guerre comme une trag\u00e9die personnelle\u00bb\",\"datePublished\":\"2022-11-07T07:26:23+00:00\",\"dateModified\":\"2025-12-13T21:50:57+00:00\",\"mainEntityOfPage\":{\"@id\":\"https:\\\/\\\/leregardlibre.com\\\/politique\\\/monde\\\/vladimir-fedorovski-je-vis-cette-guerre-comme-une-tragedie-personnelle\\\/\"},\"wordCount\":1917,\"commentCount\":0,\"publisher\":{\"@id\":\"https:\\\/\\\/leregardlibre.com\\\/#organization\"},\"image\":{\"@id\":\"https:\\\/\\\/leregardlibre.com\\\/politique\\\/monde\\\/vladimir-fedorovski-je-vis-cette-guerre-comme-une-tragedie-personnelle\\\/#primaryimage\"},\"thumbnailUrl\":\"https:\\\/\\\/leregardlibre.com\\\/wp-content\\\/uploads\\\/2022\\\/11\\\/vladimir-fedorovski--loic-venance-afp-e1667805307900.jpg\",\"keywords\":[\"Etats-Unis\",\"Guerre\",\"Guerre en Ukraine\",\"Interview\",\"Russie\",\"Ukraine\",\"URSS\"],\"articleSection\":[\"Monde\"],\"inLanguage\":\"en-US\",\"potentialAction\":[{\"@type\":\"CommentAction\",\"name\":\"Comment\",\"target\":[\"https:\\\/\\\/leregardlibre.com\\\/politique\\\/monde\\\/vladimir-fedorovski-je-vis-cette-guerre-comme-une-tragedie-personnelle\\\/#respond\"]}]},{\"@type\":\"WebPage\",\"@id\":\"https:\\\/\\\/leregardlibre.com\\\/politique\\\/monde\\\/vladimir-fedorovski-je-vis-cette-guerre-comme-une-tragedie-personnelle\\\/\",\"url\":\"https:\\\/\\\/leregardlibre.com\\\/politique\\\/monde\\\/vladimir-fedorovski-je-vis-cette-guerre-comme-une-tragedie-personnelle\\\/\",\"name\":\"Vladimir F\u00e9dorovski: \u00abJe vis cette guerre comme une trag\u00e9die personnelle\u00bb\",\"isPartOf\":{\"@id\":\"https:\\\/\\\/leregardlibre.com\\\/#website\"},\"primaryImageOfPage\":{\"@id\":\"https:\\\/\\\/leregardlibre.com\\\/politique\\\/monde\\\/vladimir-fedorovski-je-vis-cette-guerre-comme-une-tragedie-personnelle\\\/#primaryimage\"},\"image\":{\"@id\":\"https:\\\/\\\/leregardlibre.com\\\/politique\\\/monde\\\/vladimir-fedorovski-je-vis-cette-guerre-comme-une-tragedie-personnelle\\\/#primaryimage\"},\"thumbnailUrl\":\"https:\\\/\\\/leregardlibre.com\\\/wp-content\\\/uploads\\\/2022\\\/11\\\/vladimir-fedorovski--loic-venance-afp-e1667805307900.jpg\",\"datePublished\":\"2022-11-07T07:26:23+00:00\",\"dateModified\":\"2025-12-13T21:50:57+00:00\",\"description\":\"Russo-ukrainien, ancien diplomate de l\u2019URSS sous Brejnev et Gorbatchev, Vladimir F\u00e9dorovski livre son avis sur la guerre en cours en Ukraine.\",\"breadcrumb\":{\"@id\":\"https:\\\/\\\/leregardlibre.com\\\/politique\\\/monde\\\/vladimir-fedorovski-je-vis-cette-guerre-comme-une-tragedie-personnelle\\\/#breadcrumb\"},\"inLanguage\":\"en-US\",\"potentialAction\":[{\"@type\":\"ReadAction\",\"target\":[\"https:\\\/\\\/leregardlibre.com\\\/politique\\\/monde\\\/vladimir-fedorovski-je-vis-cette-guerre-comme-une-tragedie-personnelle\\\/\"]}]},{\"@type\":\"ImageObject\",\"inLanguage\":\"en-US\",\"@id\":\"https:\\\/\\\/leregardlibre.com\\\/politique\\\/monde\\\/vladimir-fedorovski-je-vis-cette-guerre-comme-une-tragedie-personnelle\\\/#primaryimage\",\"url\":\"https:\\\/\\\/leregardlibre.com\\\/wp-content\\\/uploads\\\/2022\\\/11\\\/vladimir-fedorovski--loic-venance-afp-e1667805307900.jpg\",\"contentUrl\":\"https:\\\/\\\/leregardlibre.com\\\/wp-content\\\/uploads\\\/2022\\\/11\\\/vladimir-fedorovski--loic-venance-afp-e1667805307900.jpg\",\"width\":1920,\"height\":1277,\"caption\":\"Vladimir F\u00e9dorovski \u00a9\u00a0Loic Venance \\\/ AFP\"},{\"@type\":\"BreadcrumbList\",\"@id\":\"https:\\\/\\\/leregardlibre.com\\\/politique\\\/monde\\\/vladimir-fedorovski-je-vis-cette-guerre-comme-une-tragedie-personnelle\\\/#breadcrumb\",\"itemListElement\":[{\"@type\":\"ListItem\",\"position\":1,\"name\":\"Accueil\",\"item\":\"https:\\\/\\\/leregardlibre.com\\\/\"},{\"@type\":\"ListItem\",\"position\":2,\"name\":\"Vladimir F\u00e9dorovski: \u00abJe vis cette guerre comme une trag\u00e9die personnelle\u00bb\"}]},{\"@type\":\"WebSite\",\"@id\":\"https:\\\/\\\/leregardlibre.com\\\/#website\",\"url\":\"https:\\\/\\\/leregardlibre.com\\\/\",\"name\":\"Le Regard Libre\",\"description\":\"Premier mensuel suisse de d\u00e9bat\",\"publisher\":{\"@id\":\"https:\\\/\\\/leregardlibre.com\\\/#organization\"},\"potentialAction\":[{\"@type\":\"SearchAction\",\"target\":{\"@type\":\"EntryPoint\",\"urlTemplate\":\"https:\\\/\\\/leregardlibre.com\\\/?s={search_term_string}\"},\"query-input\":{\"@type\":\"PropertyValueSpecification\",\"valueRequired\":true,\"valueName\":\"search_term_string\"}}],\"inLanguage\":\"en-US\"},{\"@type\":\"Organization\",\"@id\":\"https:\\\/\\\/leregardlibre.com\\\/#organization\",\"name\":\"Le Regard Libre\",\"url\":\"https:\\\/\\\/leregardlibre.com\\\/\",\"logo\":{\"@type\":\"ImageObject\",\"inLanguage\":\"en-US\",\"@id\":\"https:\\\/\\\/leregardlibre.com\\\/#\\\/schema\\\/logo\\\/image\\\/\",\"url\":\"https:\\\/\\\/leregardlibre.com\\\/wp-content\\\/uploads\\\/2025\\\/08\\\/logo-rl-icone-neg.jpeg\",\"contentUrl\":\"https:\\\/\\\/leregardlibre.com\\\/wp-content\\\/uploads\\\/2025\\\/08\\\/logo-rl-icone-neg.jpeg\",\"width\":557,\"height\":556,\"caption\":\"Le Regard Libre\"},\"image\":{\"@id\":\"https:\\\/\\\/leregardlibre.com\\\/#\\\/schema\\\/logo\\\/image\\\/\"},\"sameAs\":[\"https:\\\/\\\/www.facebook.com\\\/leregardlibre\\\/\",\"https:\\\/\\\/x.com\\\/LeRegardLibre\",\"https:\\\/\\\/www.linkedin.com\\\/company\\\/le-regard-libre\",\"https:\\\/\\\/www.instagram.com\\\/leregardlibre\\\/\",\"http:\\\/\\\/t.me\\\/leregardlibre\",\"https:\\\/\\\/youtube.com\\\/channel\\\/UC6HzGPomj1LsUmlz-sJtITQ\"],\"description\":\"Le Regard Libre est un mensuel suisse de d\u00e9bat intellectuel et culturel. Sa r\u00e9daction est jeune, b\u00e9n\u00e9vole, lib\u00e9rale et pluraliste. Le magazine para\u00eet en ligne et sous forme papier. Sa langue est le fran\u00e7ais.\",\"email\":\"redaction@leregardlibre.com\",\"legalName\":\"Le Regard Libre\",\"foundingDate\":\"2014-01-01\",\"numberOfEmployees\":{\"@type\":\"QuantitativeValue\",\"minValue\":\"11\",\"maxValue\":\"50\"},\"publishingPrinciples\":\"https:\\\/\\\/leregardlibre.com\\\/a-propos\\\/notre-manifeste\\\/\",\"ownershipFundingInfo\":\"https:\\\/\\\/leregardlibre.com\\\/mentions-legales\\\/\",\"actionableFeedbackPolicy\":\"https:\\\/\\\/leregardlibre.com\\\/conditions-generales-de-vente\\\/\"},{\"@type\":\"Person\",\"@id\":\"https:\\\/\\\/leregardlibre.com\\\/#\\\/schema\\\/person\\\/7327cb849d1f776e73450746adbbd5ec\",\"name\":\"Antoine-Fr\u00e9d\u00e9ric Bernhard\",\"image\":{\"@type\":\"ImageObject\",\"inLanguage\":\"en-US\",\"@id\":\"https:\\\/\\\/secure.gravatar.com\\\/avatar\\\/dbf3a1f28b5046d2ceac68805f55a49ac6e351da06bc6e78ae9c0dce9188ea73?s=96&d=identicon&r=g\",\"url\":\"https:\\\/\\\/secure.gravatar.com\\\/avatar\\\/dbf3a1f28b5046d2ceac68805f55a49ac6e351da06bc6e78ae9c0dce9188ea73?s=96&d=identicon&r=g\",\"contentUrl\":\"https:\\\/\\\/secure.gravatar.com\\\/avatar\\\/dbf3a1f28b5046d2ceac68805f55a49ac6e351da06bc6e78ae9c0dce9188ea73?s=96&d=identicon&r=g\",\"caption\":\"Antoine-Fr\u00e9d\u00e9ric Bernhard\"},\"description\":\"Journaliste ind\u00e9pendant et \u00e9tudiant en philosophie, Antoine-Fr\u00e9d\u00e9ric Bernhard est le r\u00e9dacteur en chef adjoint du Regard Libre.\",\"sameAs\":[\"https:\\\/\\\/fr.wikipedia.org\\\/wiki\\\/Le_Regard_libre\"],\"url\":\"https:\\\/\\\/leregardlibre.com\\\/en\\\/author\\\/antoine-bernhard\\\/\"}]}<\/script>\n<!-- \/ Yoast SEO Premium plugin. -->","yoast_head_json":{"title":"Vladimir Fedorovsky: \u00abI experience this war as a personal tragedy\u00bb.\u00bb","description":"Russo-ukrainien, ancien diplomate de l\u2019URSS sous Brejnev et Gorbatchev, Vladimir F\u00e9dorovski livre son avis sur la guerre en cours en Ukraine.","robots":{"index":"index","follow":"follow","max-snippet":"max-snippet:-1","max-image-preview":"max-image-preview:large","max-video-preview":"max-video-preview:-1"},"canonical":"https:\/\/leregardlibre.com\/en\/policy\/world\/vladimir-fedorovski-je-vis-cette-guerre-comme-une-tragedie-personnelle\/","og_locale":"en_US","og_type":"article","og_title":"Vladimir F\u00e9dorovski: \u00abJe vis cette guerre comme une trag\u00e9die personnelle\u00bb","og_description":"Russo-ukrainien, ancien diplomate de l\u2019URSS sous Brejnev et Gorbatchev, Vladimir F\u00e9dorovski livre son avis sur la guerre en cours en Ukraine.","og_url":"https:\/\/leregardlibre.com\/en\/policy\/world\/vladimir-fedorovski-je-vis-cette-guerre-comme-une-tragedie-personnelle\/","og_site_name":"Le Regard Libre","article_publisher":"https:\/\/www.facebook.com\/leregardlibre\/","article_published_time":"2022-11-07T07:26:23+00:00","article_modified_time":"2025-12-13T21:50:57+00:00","og_image":[{"width":1024,"height":681,"url":"https:\/\/leregardlibre.com\/wp-content\/uploads\/2022\/11\/vladimir-fedorovski--loic-venance-afp-e1667805307900-1024x681.jpg","type":"image\/jpeg"}],"author":"Antoine-Fr\u00e9d\u00e9ric Bernhard","twitter_card":"summary_large_image","twitter_creator":"@LeRegardLibre","twitter_site":"@LeRegardLibre","twitter_misc":{"Written by":"Antoine-Fr\u00e9d\u00e9ric Bernhard","Est. reading time":"9 minutes"},"schema":{"@context":"https:\/\/schema.org","@graph":[{"@type":"Article","@id":"https:\/\/leregardlibre.com\/politique\/monde\/vladimir-fedorovski-je-vis-cette-guerre-comme-une-tragedie-personnelle\/#article","isPartOf":{"@id":"https:\/\/leregardlibre.com\/politique\/monde\/vladimir-fedorovski-je-vis-cette-guerre-comme-une-tragedie-personnelle\/"},"author":{"name":"Antoine-Fr\u00e9d\u00e9ric Bernhard","@id":"https:\/\/leregardlibre.com\/#\/schema\/person\/7327cb849d1f776e73450746adbbd5ec"},"headline":"Vladimir F\u00e9dorovski: \u00abJe vis cette guerre comme une trag\u00e9die personnelle\u00bb","datePublished":"2022-11-07T07:26:23+00:00","dateModified":"2025-12-13T21:50:57+00:00","mainEntityOfPage":{"@id":"https:\/\/leregardlibre.com\/politique\/monde\/vladimir-fedorovski-je-vis-cette-guerre-comme-une-tragedie-personnelle\/"},"wordCount":1917,"commentCount":0,"publisher":{"@id":"https:\/\/leregardlibre.com\/#organization"},"image":{"@id":"https:\/\/leregardlibre.com\/politique\/monde\/vladimir-fedorovski-je-vis-cette-guerre-comme-une-tragedie-personnelle\/#primaryimage"},"thumbnailUrl":"https:\/\/leregardlibre.com\/wp-content\/uploads\/2022\/11\/vladimir-fedorovski--loic-venance-afp-e1667805307900.jpg","keywords":["Etats-Unis","Guerre","Guerre en Ukraine","Interview","Russie","Ukraine","URSS"],"articleSection":["Monde"],"inLanguage":"en-US","potentialAction":[{"@type":"CommentAction","name":"Comment","target":["https:\/\/leregardlibre.com\/politique\/monde\/vladimir-fedorovski-je-vis-cette-guerre-comme-une-tragedie-personnelle\/#respond"]}]},{"@type":"WebPage","@id":"https:\/\/leregardlibre.com\/politique\/monde\/vladimir-fedorovski-je-vis-cette-guerre-comme-une-tragedie-personnelle\/","url":"https:\/\/leregardlibre.com\/politique\/monde\/vladimir-fedorovski-je-vis-cette-guerre-comme-une-tragedie-personnelle\/","name":"Vladimir Fedorovsky: \u00abI experience this war as a personal tragedy\u00bb.\u00bb","isPartOf":{"@id":"https:\/\/leregardlibre.com\/#website"},"primaryImageOfPage":{"@id":"https:\/\/leregardlibre.com\/politique\/monde\/vladimir-fedorovski-je-vis-cette-guerre-comme-une-tragedie-personnelle\/#primaryimage"},"image":{"@id":"https:\/\/leregardlibre.com\/politique\/monde\/vladimir-fedorovski-je-vis-cette-guerre-comme-une-tragedie-personnelle\/#primaryimage"},"thumbnailUrl":"https:\/\/leregardlibre.com\/wp-content\/uploads\/2022\/11\/vladimir-fedorovski--loic-venance-afp-e1667805307900.jpg","datePublished":"2022-11-07T07:26:23+00:00","dateModified":"2025-12-13T21:50:57+00:00","description":"Russo-ukrainien, ancien diplomate de l\u2019URSS sous Brejnev et Gorbatchev, Vladimir F\u00e9dorovski livre son avis sur la guerre en cours en Ukraine.","breadcrumb":{"@id":"https:\/\/leregardlibre.com\/politique\/monde\/vladimir-fedorovski-je-vis-cette-guerre-comme-une-tragedie-personnelle\/#breadcrumb"},"inLanguage":"en-US","potentialAction":[{"@type":"ReadAction","target":["https:\/\/leregardlibre.com\/politique\/monde\/vladimir-fedorovski-je-vis-cette-guerre-comme-une-tragedie-personnelle\/"]}]},{"@type":"ImageObject","inLanguage":"en-US","@id":"https:\/\/leregardlibre.com\/politique\/monde\/vladimir-fedorovski-je-vis-cette-guerre-comme-une-tragedie-personnelle\/#primaryimage","url":"https:\/\/leregardlibre.com\/wp-content\/uploads\/2022\/11\/vladimir-fedorovski--loic-venance-afp-e1667805307900.jpg","contentUrl":"https:\/\/leregardlibre.com\/wp-content\/uploads\/2022\/11\/vladimir-fedorovski--loic-venance-afp-e1667805307900.jpg","width":1920,"height":1277,"caption":"Vladimir F\u00e9dorovski \u00a9\u00a0Loic Venance \/ AFP"},{"@type":"BreadcrumbList","@id":"https:\/\/leregardlibre.com\/politique\/monde\/vladimir-fedorovski-je-vis-cette-guerre-comme-une-tragedie-personnelle\/#breadcrumb","itemListElement":[{"@type":"ListItem","position":1,"name":"Accueil","item":"https:\/\/leregardlibre.com\/"},{"@type":"ListItem","position":2,"name":"Vladimir F\u00e9dorovski: \u00abJe vis cette guerre comme une trag\u00e9die personnelle\u00bb"}]},{"@type":"WebSite","@id":"https:\/\/leregardlibre.com\/#website","url":"https:\/\/leregardlibre.com\/","name":"Le Regard Libre","description":"Switzerland's first monthly debate magazine","publisher":{"@id":"https:\/\/leregardlibre.com\/#organization"},"potentialAction":[{"@type":"SearchAction","target":{"@type":"EntryPoint","urlTemplate":"https:\/\/leregardlibre.com\/?s={search_term_string}"},"query-input":{"@type":"PropertyValueSpecification","valueRequired":true,"valueName":"search_term_string"}}],"inLanguage":"en-US"},{"@type":"Organization","@id":"https:\/\/leregardlibre.com\/#organization","name":"Le Regard Libre","url":"https:\/\/leregardlibre.com\/","logo":{"@type":"ImageObject","inLanguage":"en-US","@id":"https:\/\/leregardlibre.com\/#\/schema\/logo\/image\/","url":"https:\/\/leregardlibre.com\/wp-content\/uploads\/2025\/08\/logo-rl-icone-neg.jpeg","contentUrl":"https:\/\/leregardlibre.com\/wp-content\/uploads\/2025\/08\/logo-rl-icone-neg.jpeg","width":557,"height":556,"caption":"Le Regard Libre"},"image":{"@id":"https:\/\/leregardlibre.com\/#\/schema\/logo\/image\/"},"sameAs":["https:\/\/www.facebook.com\/leregardlibre\/","https:\/\/x.com\/LeRegardLibre","https:\/\/www.linkedin.com\/company\/le-regard-libre","https:\/\/www.instagram.com\/leregardlibre\/","http:\/\/t.me\/leregardlibre","https:\/\/youtube.com\/channel\/UC6HzGPomj1LsUmlz-sJtITQ"],"description":"Le Regard Libre is a Swiss monthly magazine for intellectual and cultural debate. Its editorial team is young, voluntary, liberal and pluralist. The magazine appears online and in print. Its language is French.","email":"redaction@leregardlibre.com","legalName":"Le Regard Libre","foundingDate":"2014-01-01","numberOfEmployees":{"@type":"QuantitativeValue","minValue":"11","maxValue":"50"},"publishingPrinciples":"https:\/\/leregardlibre.com\/a-propos\/notre-manifeste\/","ownershipFundingInfo":"https:\/\/leregardlibre.com\/mentions-legales\/","actionableFeedbackPolicy":"https:\/\/leregardlibre.com\/conditions-generales-de-vente\/"},{"@type":"Person","@id":"https:\/\/leregardlibre.com\/#\/schema\/person\/7327cb849d1f776e73450746adbbd5ec","name":"Antoine-Fr\u00e9d\u00e9ric Bernhard","image":{"@type":"ImageObject","inLanguage":"en-US","@id":"https:\/\/secure.gravatar.com\/avatar\/dbf3a1f28b5046d2ceac68805f55a49ac6e351da06bc6e78ae9c0dce9188ea73?s=96&d=identicon&r=g","url":"https:\/\/secure.gravatar.com\/avatar\/dbf3a1f28b5046d2ceac68805f55a49ac6e351da06bc6e78ae9c0dce9188ea73?s=96&d=identicon&r=g","contentUrl":"https:\/\/secure.gravatar.com\/avatar\/dbf3a1f28b5046d2ceac68805f55a49ac6e351da06bc6e78ae9c0dce9188ea73?s=96&d=identicon&r=g","caption":"Antoine-Fr\u00e9d\u00e9ric Bernhard"},"description":"A freelance journalist and philosophy student, Antoine-Fr\u00e9d\u00e9ric Bernhard is deputy editor-in-chief of Regard Libre.","sameAs":["https:\/\/fr.wikipedia.org\/wiki\/Le_Regard_libre"],"url":"https:\/\/leregardlibre.com\/en\/author\/antoine-bernhard\/"}]}},"_links":{"self":[{"href":"https:\/\/leregardlibre.com\/en\/wp-json\/wp\/v2\/posts\/513590","targetHints":{"allow":["GET"]}}],"collection":[{"href":"https:\/\/leregardlibre.com\/en\/wp-json\/wp\/v2\/posts"}],"about":[{"href":"https:\/\/leregardlibre.com\/en\/wp-json\/wp\/v2\/types\/post"}],"author":[{"embeddable":true,"href":"https:\/\/leregardlibre.com\/en\/wp-json\/wp\/v2\/users\/99"}],"replies":[{"embeddable":true,"href":"https:\/\/leregardlibre.com\/en\/wp-json\/wp\/v2\/comments?post=513590"}],"version-history":[{"count":2,"href":"https:\/\/leregardlibre.com\/en\/wp-json\/wp\/v2\/posts\/513590\/revisions"}],"predecessor-version":[{"id":513616,"href":"https:\/\/leregardlibre.com\/en\/wp-json\/wp\/v2\/posts\/513590\/revisions\/513616"}],"wp:featuredmedia":[{"embeddable":true,"href":"https:\/\/leregardlibre.com\/en\/wp-json\/wp\/v2\/media\/513592"}],"wp:attachment":[{"href":"https:\/\/leregardlibre.com\/en\/wp-json\/wp\/v2\/media?parent=513590"}],"wp:term":[{"taxonomy":"category","embeddable":true,"href":"https:\/\/leregardlibre.com\/en\/wp-json\/wp\/v2\/categories?post=513590"},{"taxonomy":"post_tag","embeddable":true,"href":"https:\/\/leregardlibre.com\/en\/wp-json\/wp\/v2\/tags?post=513590"}],"curies":[{"name":"wp","href":"https:\/\/api.w.org\/{rel}","templated":true}]}}