{"id":513815,"date":"2022-11-14T06:00:00","date_gmt":"2022-11-14T05:00:00","guid":{"rendered":"https:\/\/leregardlibre.com\/?p=513815"},"modified":"2024-04-08T18:54:56","modified_gmt":"2024-04-08T16:54:56","slug":"like-should-i-be-the-way-i-feel-or-should-i-feel-the-way-i-am","status":"publish","type":"post","link":"https:\/\/leregardlibre.com\/en\/philosophy\/like-should-i-be-the-way-i-feel-or-should-i-feel-the-way-i-am\/","title":{"rendered":"Like: should I be the way I feel or should I feel the way I am?"},"content":{"rendered":"<div class='content_excerpt'>\n<p class=\"has-drop-cap\"><strong>Society seems to be divided between those who follow their feelings to account for their identity, particularly their sexual identity, and those who believe in biology. Some jurists point out the abuses to which the law can lead when it is based on feeling.<\/strong><\/p>\n\n\n\n Read the analysis (subscribers)\n    <div class='restricted_content_fade'><\/div>\n    <\/div>\n  <style>\n    .content_excerpt{\n      position: relative;\n    }\n    .content_excerpt .restricted_content_fade{\n      position: absolute;\n      bottom: 0;\n      left: 0;\n      right: 0;\n      height: 75px;\n\t  margin-bottom: 0px;\n      background-image: linear-gradient(#ffffff2e, white);\n    }\n\n    .restricted_content{\n      margin-top: 30px;\n      border: solid #dddddd 1px;\n      border-radius: 7px;\n      padding: 30px;\n    }\n    \n    .restricted_content .restricted_content_title{\n      font-size: 22px;\n      font-weight: 600;\n    }\n    .restricted_content .restricted_content_flex_row{\n      display: flex;\n      flex-direction: row;\n    }\n    .restricted_content .restricted_content_image_container{\n      flex: 3;\n    }\n    .restricted_content .restricted_content_flex_column{\n      flex: 4;\n      display: flex;\n      flex-direction: column;\n      margin-left: 40px;\n      justify-content: center;\n    }\n\n\n    .restricted_content_buttons{\n      display: flex;\n      flex-direction: column;\n      width: min-content;\n    }\n    .restricted_content_button{\n      background-color: #f2f2f2;\n      text-transform: uppercase;\n      font-weight: 600;\n      padding: 8px 40px;\n      text-align: center;\n      font-size: 13px;\n      margin-top: 10px;\n      width: max-content;\n      width: 100%;\n      white-space: nowrap;\n    }\n    .restricted_content_button:hover {\n      background-color: #111111;\n      color: white;\n      text-decoration: none !important;\n    }\n\n    .restricted_content_primary_button{\n      background-color: #1F2A68 !important;\n      color: white !important;\n    }\n    .restricted_content_primary_button:hover {\n      background-color: #111111;\n    }\n\n    .restricted_content_text{\n      margin-bottom: 10px;\n      line-height: 1.2;\n      font-weight: 500;\n      font-size: 16px;\n    }\n\n  \n  <\/style>\n  <div class='restricted_content'>\n    <h3 class='restricted_content_title'>This content is reserved for our subscribers.<\/h3>\n    <div class='restricted_content_flex_row'>\n      <div class='restricted_content_image_container'>\n        <img class='restricted_content_image' src='\/wp-content\/uploads\/2025\/08\/abo_physique.png' \/>\n      <\/div>\n      <div class='restricted_content_flex_column'>\n        <div class='restricted_content_text'>If you have an account, please log in. Otherwise, discover our different subscription packages and create an account from CHF 2.50 for the first month.<\/div>\n        <div class='restricted_content_buttons'>\n          <a href='\/en\/subscription\/' class='restricted_content_button restricted_content_primary_button'>See subscriptions<\/a><a href='\/en\/my-account\/?redirect_to=https:\/\/leregardlibre.com\/en\/philosophy\/like-should-i-be-the-way-i-feel-or-should-i-feel-the-way-i-am\/'class='restricted_content_button'>Login<\/a><\/div>\n      <\/div>\n    <\/div>\n  <\/div>","protected":false},"excerpt":{"rendered":"<div class='content_excerpt'>\n<p class=\"has-drop-cap\"><strong>Society seems to be divided between those who follow their feelings to account for their identity, particularly their sexual identity, and those who believe in biology. Some jurists point out the abuses to which the law can lead when it is based on feeling.<\/strong><\/p>\n<p> Read the analysis (subscribers)<\/p>\n<div class='restricted_content_fade'><\/div>\n<\/p><\/div>\n<style>\n    .content_excerpt{\n      position: relative;\n    }\n    .content_excerpt .restricted_content_fade{\n      position: absolute;\n      bottom: 0;\n      left: 0;\n      right: 0;\n      height: 75px;\n\t  margin-bottom: 0px;\n      background-image: linear-gradient(#ffffff2e, white);\n    }<\/p>\n<p>    .restricted_content{\n      margin-top: 30px;\n      border: solid #dddddd 1px;\n      border-radius: 7px;\n      padding: 30px;\n    }<\/p>\n<p>    .restricted_content .restricted_content_title{\n      font-size: 22px;\n      font-weight: 600;\n    }\n    .restricted_content .restricted_content_flex_row{\n      display: flex;\n      flex-direction: row;\n    }\n    .restricted_content .restricted_content_image_container{\n      flex: 3;\n    }\n    .restricted_content .restricted_content_flex_column{\n      flex: 4;\n      display: flex;\n      flex-direction: column;\n      margin-left: 40px;\n      justify-content: center;\n    }<\/p>\n<p>    .restricted_content_buttons{\n      display: flex;\n      flex-direction: column;\n      width: min-content;\n    }\n    .restricted_content_button{\n      background-color: #f2f2f2;\n      text-transform: uppercase;\n      font-weight: 600;\n      padding: 8px 40px;\n      text-align: center;\n      font-size: 13px;\n      margin-top: 10px;\n      width: max-content;\n      width: 100%;\n      white-space: nowrap;\n    }\n    .restricted_content_button:hover {\n      background-color: #111111;\n      color: white;\n      text-decoration: none !important;\n    }<\/p>\n<p>    .restricted_content_primary_button{\n      background-color: #1F2A68 !important;\n      color: white !important;\n    }\n    .restricted_content_primary_button:hover {\n      background-color: #111111;\n    }<\/p>\n<p>    .restricted_content_text{\n      margin-bottom: 10px;\n      line-height: 1.2;\n      font-weight: 500;\n      font-size: 16px;\n    }<\/p>\n<\/style>\n<div class='restricted_content'>\n<h3 class='restricted_content_title'>This content is reserved for our subscribers.<\/h3>\n<div class='restricted_content_flex_row'>\n<div class='restricted_content_image_container'>\n        <img class='restricted_content_image' src='\/wp-content\/uploads\/2025\/08\/abo_physique.png' \/>\n      <\/div>\n<div class='restricted_content_flex_column'>\n<div class='restricted_content_text'>If you have an account, please log in. Otherwise, discover our different subscription packages and create an account from CHF 2.50 for the first month.<\/div>\n<div class='restricted_content_buttons'>\n          <a href='\/en\/subscription\/' class='restricted_content_button restricted_content_primary_button'>See subscriptions<\/a><a href='\/en\/my-account\/?redirect_to=https:\/\/leregardlibre.com\/en\/philosophy\/like-should-i-be-the-way-i-feel-or-should-i-feel-the-way-i-am\/'class='restricted_content_button'>Login<\/a><\/div>\n<\/p><\/div>\n<\/p><\/div>\n<\/p><\/div>","protected":false},"author":77,"featured_media":513825,"comment_status":"open","ping_status":"closed","sticky":false,"template":"","format":"standard","meta":{"_acf_changed":false,"footnotes":""},"categories":[11566],"tags":[9472,53191,5341,644341262,644340453,644344623],"class_list":["post-513815","post","type-post","status-publish","format-standard","has-post-thumbnail","hentry","category-philosophie","tag-analyses","tag-biologie","tag-droit","tag-genre","tag-j-k-rowling","tag-descartes","membership-content","access-restricted"],"acf":[],"yoast_head":"<!-- This site is optimized with the Yoast SEO Premium plugin v27.4 (Yoast SEO v27.4) - https:\/\/yoast.com\/product\/yoast-seo-premium-wordpress\/ -->\n<title>Genre: dois-je \u00eatre comme je me sens ou me sentir comme je suis?<\/title>\n<meta name=\"description\" content=\"Certains juristes d\u00e9noncent les d\u00e9rives auxquelles peut mener le droit quand il est fond\u00e9 sur le sentiment. Analyse des cas touchant au genre\" \/>\n<meta name=\"robots\" content=\"index, follow, max-snippet:-1, max-image-preview:large, max-video-preview:-1\" \/>\n<link rel=\"canonical\" href=\"https:\/\/leregardlibre.com\/en\/philosophy\/like-should-i-be-the-way-i-feel-or-should-i-feel-the-way-i-am\/\" \/>\n<meta property=\"og:locale\" content=\"en_US\" \/>\n<meta property=\"og:type\" content=\"article\" \/>\n<meta property=\"og:title\" content=\"Genre: dois-je \u00eatre comme je me sens ou me sentir comme je suis?\" \/>\n<meta property=\"og:description\" content=\"Certains juristes d\u00e9noncent les d\u00e9rives auxquelles peut mener le droit quand il est fond\u00e9 sur le sentiment. Analyse des cas touchant au genre\" \/>\n<meta property=\"og:url\" content=\"https:\/\/leregardlibre.com\/en\/philosophy\/like-should-i-be-the-way-i-feel-or-should-i-feel-the-way-i-am\/\" \/>\n<meta property=\"og:site_name\" content=\"Le Regard Libre\" \/>\n<meta property=\"article:publisher\" content=\"https:\/\/www.facebook.com\/leregardlibre\/\" \/>\n<meta property=\"article:published_time\" content=\"2022-11-14T05:00:00+00:00\" \/>\n<meta property=\"article:modified_time\" content=\"2024-04-08T16:54:56+00:00\" \/>\n<meta property=\"og:image\" content=\"https:\/\/leregardlibre.com\/wp-content\/uploads\/2022\/11\/pexels-cottonbro-studio-5035802-1.jpg\" \/>\n\t<meta property=\"og:image:width\" content=\"1920\" \/>\n\t<meta property=\"og:image:height\" content=\"1280\" \/>\n\t<meta property=\"og:image:type\" content=\"image\/jpeg\" \/>\n<meta name=\"author\" content=\"Jean-David Ponci\" \/>\n<meta name=\"twitter:card\" content=\"summary_large_image\" \/>\n<meta name=\"twitter:creator\" content=\"@LeRegardLibre\" \/>\n<meta name=\"twitter:site\" content=\"@LeRegardLibre\" \/>\n<meta name=\"twitter:label1\" content=\"Written by\" \/>\n\t<meta name=\"twitter:data1\" content=\"Jean-David Ponci\" \/>\n\t<meta name=\"twitter:label2\" content=\"Est. reading time\" \/>\n\t<meta name=\"twitter:data2\" content=\"9 minutes\" \/>\n<script type=\"application\/ld+json\" class=\"yoast-schema-graph\">{\"@context\":\"https:\\\/\\\/schema.org\",\"@graph\":[{\"@type\":\"Article\",\"@id\":\"https:\\\/\\\/leregardlibre.com\\\/philosophie\\\/genre-dois-je-etre-comme-je-me-sens-ou-me-sentir-comme-je-suis\\\/#article\",\"isPartOf\":{\"@id\":\"https:\\\/\\\/leregardlibre.com\\\/philosophie\\\/genre-dois-je-etre-comme-je-me-sens-ou-me-sentir-comme-je-suis\\\/\"},\"author\":{\"name\":\"Jean-David Ponci\",\"@id\":\"https:\\\/\\\/leregardlibre.com\\\/#\\\/schema\\\/person\\\/a5323b897c46f07a5695b2d443956553\"},\"headline\":\"Genre: dois-je \u00eatre comme je me sens ou me sentir comme je suis?\",\"datePublished\":\"2022-11-14T05:00:00+00:00\",\"dateModified\":\"2024-04-08T16:54:56+00:00\",\"mainEntityOfPage\":{\"@id\":\"https:\\\/\\\/leregardlibre.com\\\/philosophie\\\/genre-dois-je-etre-comme-je-me-sens-ou-me-sentir-comme-je-suis\\\/\"},\"wordCount\":1836,\"commentCount\":0,\"publisher\":{\"@id\":\"https:\\\/\\\/leregardlibre.com\\\/#organization\"},\"image\":{\"@id\":\"https:\\\/\\\/leregardlibre.com\\\/philosophie\\\/genre-dois-je-etre-comme-je-me-sens-ou-me-sentir-comme-je-suis\\\/#primaryimage\"},\"thumbnailUrl\":\"https:\\\/\\\/leregardlibre.com\\\/wp-content\\\/uploads\\\/2022\\\/11\\\/pexels-cottonbro-studio-5035802-1.jpg\",\"keywords\":[\"Analyse\",\"Biologie\",\"Droit\",\"Genre\",\"J. K. Rowling\",\"Ren\u00e9 Descartes\"],\"articleSection\":[\"Philosophie\"],\"inLanguage\":\"en-US\",\"potentialAction\":[{\"@type\":\"CommentAction\",\"name\":\"Comment\",\"target\":[\"https:\\\/\\\/leregardlibre.com\\\/philosophie\\\/genre-dois-je-etre-comme-je-me-sens-ou-me-sentir-comme-je-suis\\\/#respond\"]}]},{\"@type\":\"WebPage\",\"@id\":\"https:\\\/\\\/leregardlibre.com\\\/philosophie\\\/genre-dois-je-etre-comme-je-me-sens-ou-me-sentir-comme-je-suis\\\/\",\"url\":\"https:\\\/\\\/leregardlibre.com\\\/philosophie\\\/genre-dois-je-etre-comme-je-me-sens-ou-me-sentir-comme-je-suis\\\/\",\"name\":\"Genre: dois-je \u00eatre comme je me sens ou me sentir comme je suis?\",\"isPartOf\":{\"@id\":\"https:\\\/\\\/leregardlibre.com\\\/#website\"},\"primaryImageOfPage\":{\"@id\":\"https:\\\/\\\/leregardlibre.com\\\/philosophie\\\/genre-dois-je-etre-comme-je-me-sens-ou-me-sentir-comme-je-suis\\\/#primaryimage\"},\"image\":{\"@id\":\"https:\\\/\\\/leregardlibre.com\\\/philosophie\\\/genre-dois-je-etre-comme-je-me-sens-ou-me-sentir-comme-je-suis\\\/#primaryimage\"},\"thumbnailUrl\":\"https:\\\/\\\/leregardlibre.com\\\/wp-content\\\/uploads\\\/2022\\\/11\\\/pexels-cottonbro-studio-5035802-1.jpg\",\"datePublished\":\"2022-11-14T05:00:00+00:00\",\"dateModified\":\"2024-04-08T16:54:56+00:00\",\"description\":\"Certains juristes d\u00e9noncent les d\u00e9rives auxquelles peut mener le droit quand il est fond\u00e9 sur le sentiment. Analyse des cas touchant au genre\",\"breadcrumb\":{\"@id\":\"https:\\\/\\\/leregardlibre.com\\\/philosophie\\\/genre-dois-je-etre-comme-je-me-sens-ou-me-sentir-comme-je-suis\\\/#breadcrumb\"},\"inLanguage\":\"en-US\",\"potentialAction\":[{\"@type\":\"ReadAction\",\"target\":[\"https:\\\/\\\/leregardlibre.com\\\/philosophie\\\/genre-dois-je-etre-comme-je-me-sens-ou-me-sentir-comme-je-suis\\\/\"]}]},{\"@type\":\"ImageObject\",\"inLanguage\":\"en-US\",\"@id\":\"https:\\\/\\\/leregardlibre.com\\\/philosophie\\\/genre-dois-je-etre-comme-je-me-sens-ou-me-sentir-comme-je-suis\\\/#primaryimage\",\"url\":\"https:\\\/\\\/leregardlibre.com\\\/wp-content\\\/uploads\\\/2022\\\/11\\\/pexels-cottonbro-studio-5035802-1.jpg\",\"contentUrl\":\"https:\\\/\\\/leregardlibre.com\\\/wp-content\\\/uploads\\\/2022\\\/11\\\/pexels-cottonbro-studio-5035802-1.jpg\",\"width\":1920,\"height\":1280,\"caption\":\"genre\"},{\"@type\":\"BreadcrumbList\",\"@id\":\"https:\\\/\\\/leregardlibre.com\\\/philosophie\\\/genre-dois-je-etre-comme-je-me-sens-ou-me-sentir-comme-je-suis\\\/#breadcrumb\",\"itemListElement\":[{\"@type\":\"ListItem\",\"position\":1,\"name\":\"Accueil\",\"item\":\"https:\\\/\\\/leregardlibre.com\\\/\"},{\"@type\":\"ListItem\",\"position\":2,\"name\":\"Genre: dois-je \u00eatre comme je me sens ou me sentir comme je suis?\"}]},{\"@type\":\"WebSite\",\"@id\":\"https:\\\/\\\/leregardlibre.com\\\/#website\",\"url\":\"https:\\\/\\\/leregardlibre.com\\\/\",\"name\":\"Le Regard Libre\",\"description\":\"Premier mensuel suisse de d\u00e9bat\",\"publisher\":{\"@id\":\"https:\\\/\\\/leregardlibre.com\\\/#organization\"},\"potentialAction\":[{\"@type\":\"SearchAction\",\"target\":{\"@type\":\"EntryPoint\",\"urlTemplate\":\"https:\\\/\\\/leregardlibre.com\\\/?s={search_term_string}\"},\"query-input\":{\"@type\":\"PropertyValueSpecification\",\"valueRequired\":true,\"valueName\":\"search_term_string\"}}],\"inLanguage\":\"en-US\"},{\"@type\":\"Organization\",\"@id\":\"https:\\\/\\\/leregardlibre.com\\\/#organization\",\"name\":\"Le Regard Libre\",\"url\":\"https:\\\/\\\/leregardlibre.com\\\/\",\"logo\":{\"@type\":\"ImageObject\",\"inLanguage\":\"en-US\",\"@id\":\"https:\\\/\\\/leregardlibre.com\\\/#\\\/schema\\\/logo\\\/image\\\/\",\"url\":\"https:\\\/\\\/leregardlibre.com\\\/wp-content\\\/uploads\\\/2025\\\/08\\\/logo-rl-icone-neg.jpeg\",\"contentUrl\":\"https:\\\/\\\/leregardlibre.com\\\/wp-content\\\/uploads\\\/2025\\\/08\\\/logo-rl-icone-neg.jpeg\",\"width\":557,\"height\":556,\"caption\":\"Le Regard Libre\"},\"image\":{\"@id\":\"https:\\\/\\\/leregardlibre.com\\\/#\\\/schema\\\/logo\\\/image\\\/\"},\"sameAs\":[\"https:\\\/\\\/www.facebook.com\\\/leregardlibre\\\/\",\"https:\\\/\\\/x.com\\\/LeRegardLibre\",\"https:\\\/\\\/www.linkedin.com\\\/company\\\/le-regard-libre\",\"https:\\\/\\\/www.instagram.com\\\/leregardlibre\\\/\",\"http:\\\/\\\/t.me\\\/leregardlibre\",\"https:\\\/\\\/youtube.com\\\/channel\\\/UC6HzGPomj1LsUmlz-sJtITQ\"],\"description\":\"Le Regard Libre est un mensuel suisse de d\u00e9bat intellectuel et culturel. Sa r\u00e9daction est jeune, b\u00e9n\u00e9vole, lib\u00e9rale et pluraliste. Le magazine para\u00eet en ligne et sous forme papier. Sa langue est le fran\u00e7ais.\",\"email\":\"redaction@leregardlibre.com\",\"legalName\":\"Le Regard Libre\",\"foundingDate\":\"2014-01-01\",\"numberOfEmployees\":{\"@type\":\"QuantitativeValue\",\"minValue\":\"11\",\"maxValue\":\"50\"},\"publishingPrinciples\":\"https:\\\/\\\/leregardlibre.com\\\/a-propos\\\/notre-manifeste\\\/\",\"ownershipFundingInfo\":\"https:\\\/\\\/leregardlibre.com\\\/mentions-legales\\\/\",\"actionableFeedbackPolicy\":\"https:\\\/\\\/leregardlibre.com\\\/conditions-generales-de-vente\\\/\"},{\"@type\":\"Person\",\"@id\":\"https:\\\/\\\/leregardlibre.com\\\/#\\\/schema\\\/person\\\/a5323b897c46f07a5695b2d443956553\",\"name\":\"Jean-David Ponci\",\"image\":{\"@type\":\"ImageObject\",\"inLanguage\":\"en-US\",\"@id\":\"https:\\\/\\\/secure.gravatar.com\\\/avatar\\\/2689176fb405b37f3270802701d04cf5980f0fba00b2f4ff4652bc8b59d677ff?s=96&d=identicon&r=g\",\"url\":\"https:\\\/\\\/secure.gravatar.com\\\/avatar\\\/2689176fb405b37f3270802701d04cf5980f0fba00b2f4ff4652bc8b59d677ff?s=96&d=identicon&r=g\",\"contentUrl\":\"https:\\\/\\\/secure.gravatar.com\\\/avatar\\\/2689176fb405b37f3270802701d04cf5980f0fba00b2f4ff4652bc8b59d677ff?s=96&d=identicon&r=g\",\"caption\":\"Jean-David Ponci\"},\"sameAs\":[\"https:\\\/\\\/fr.wikipedia.org\\\/wiki\\\/Le_Regard_libre\"],\"url\":\"https:\\\/\\\/leregardlibre.com\\\/en\\\/author\\\/jean-david-ponci\\\/\"}]}<\/script>\n<!-- \/ Yoast SEO Premium plugin. -->","yoast_head_json":{"title":"Like: should I be the way I feel or should I feel the way I am?","description":"Some jurists denounce the abuses to which the law can lead when it is based on sentiment. Analysis of gender-related cases","robots":{"index":"index","follow":"follow","max-snippet":"max-snippet:-1","max-image-preview":"max-image-preview:large","max-video-preview":"max-video-preview:-1"},"canonical":"https:\/\/leregardlibre.com\/en\/philosophy\/like-should-i-be-the-way-i-feel-or-should-i-feel-the-way-i-am\/","og_locale":"en_US","og_type":"article","og_title":"Genre: dois-je \u00eatre comme je me sens ou me sentir comme je suis?","og_description":"Certains juristes d\u00e9noncent les d\u00e9rives auxquelles peut mener le droit quand il est fond\u00e9 sur le sentiment. Analyse des cas touchant au genre","og_url":"https:\/\/leregardlibre.com\/en\/philosophy\/like-should-i-be-the-way-i-feel-or-should-i-feel-the-way-i-am\/","og_site_name":"Le Regard Libre","article_publisher":"https:\/\/www.facebook.com\/leregardlibre\/","article_published_time":"2022-11-14T05:00:00+00:00","article_modified_time":"2024-04-08T16:54:56+00:00","og_image":[{"width":1920,"height":1280,"url":"https:\/\/leregardlibre.com\/wp-content\/uploads\/2022\/11\/pexels-cottonbro-studio-5035802-1.jpg","type":"image\/jpeg"}],"author":"Jean-David Ponci","twitter_card":"summary_large_image","twitter_creator":"@LeRegardLibre","twitter_site":"@LeRegardLibre","twitter_misc":{"Written by":"Jean-David Ponci","Est. reading time":"9 minutes"},"schema":{"@context":"https:\/\/schema.org","@graph":[{"@type":"Article","@id":"https:\/\/leregardlibre.com\/philosophie\/genre-dois-je-etre-comme-je-me-sens-ou-me-sentir-comme-je-suis\/#article","isPartOf":{"@id":"https:\/\/leregardlibre.com\/philosophie\/genre-dois-je-etre-comme-je-me-sens-ou-me-sentir-comme-je-suis\/"},"author":{"name":"Jean-David Ponci","@id":"https:\/\/leregardlibre.com\/#\/schema\/person\/a5323b897c46f07a5695b2d443956553"},"headline":"Genre: dois-je \u00eatre comme je me sens ou me sentir comme je suis?","datePublished":"2022-11-14T05:00:00+00:00","dateModified":"2024-04-08T16:54:56+00:00","mainEntityOfPage":{"@id":"https:\/\/leregardlibre.com\/philosophie\/genre-dois-je-etre-comme-je-me-sens-ou-me-sentir-comme-je-suis\/"},"wordCount":1836,"commentCount":0,"publisher":{"@id":"https:\/\/leregardlibre.com\/#organization"},"image":{"@id":"https:\/\/leregardlibre.com\/philosophie\/genre-dois-je-etre-comme-je-me-sens-ou-me-sentir-comme-je-suis\/#primaryimage"},"thumbnailUrl":"https:\/\/leregardlibre.com\/wp-content\/uploads\/2022\/11\/pexels-cottonbro-studio-5035802-1.jpg","keywords":["Analyse","Biologie","Droit","Genre","J. K. Rowling","Ren\u00e9 Descartes"],"articleSection":["Philosophie"],"inLanguage":"en-US","potentialAction":[{"@type":"CommentAction","name":"Comment","target":["https:\/\/leregardlibre.com\/philosophie\/genre-dois-je-etre-comme-je-me-sens-ou-me-sentir-comme-je-suis\/#respond"]}]},{"@type":"WebPage","@id":"https:\/\/leregardlibre.com\/philosophie\/genre-dois-je-etre-comme-je-me-sens-ou-me-sentir-comme-je-suis\/","url":"https:\/\/leregardlibre.com\/philosophie\/genre-dois-je-etre-comme-je-me-sens-ou-me-sentir-comme-je-suis\/","name":"Like: should I be the way I feel or should I feel the way I am?","isPartOf":{"@id":"https:\/\/leregardlibre.com\/#website"},"primaryImageOfPage":{"@id":"https:\/\/leregardlibre.com\/philosophie\/genre-dois-je-etre-comme-je-me-sens-ou-me-sentir-comme-je-suis\/#primaryimage"},"image":{"@id":"https:\/\/leregardlibre.com\/philosophie\/genre-dois-je-etre-comme-je-me-sens-ou-me-sentir-comme-je-suis\/#primaryimage"},"thumbnailUrl":"https:\/\/leregardlibre.com\/wp-content\/uploads\/2022\/11\/pexels-cottonbro-studio-5035802-1.jpg","datePublished":"2022-11-14T05:00:00+00:00","dateModified":"2024-04-08T16:54:56+00:00","description":"Some jurists denounce the abuses to which the law can lead when it is based on sentiment. Analysis of gender-related cases","breadcrumb":{"@id":"https:\/\/leregardlibre.com\/philosophie\/genre-dois-je-etre-comme-je-me-sens-ou-me-sentir-comme-je-suis\/#breadcrumb"},"inLanguage":"en-US","potentialAction":[{"@type":"ReadAction","target":["https:\/\/leregardlibre.com\/philosophie\/genre-dois-je-etre-comme-je-me-sens-ou-me-sentir-comme-je-suis\/"]}]},{"@type":"ImageObject","inLanguage":"en-US","@id":"https:\/\/leregardlibre.com\/philosophie\/genre-dois-je-etre-comme-je-me-sens-ou-me-sentir-comme-je-suis\/#primaryimage","url":"https:\/\/leregardlibre.com\/wp-content\/uploads\/2022\/11\/pexels-cottonbro-studio-5035802-1.jpg","contentUrl":"https:\/\/leregardlibre.com\/wp-content\/uploads\/2022\/11\/pexels-cottonbro-studio-5035802-1.jpg","width":1920,"height":1280,"caption":"genre"},{"@type":"BreadcrumbList","@id":"https:\/\/leregardlibre.com\/philosophie\/genre-dois-je-etre-comme-je-me-sens-ou-me-sentir-comme-je-suis\/#breadcrumb","itemListElement":[{"@type":"ListItem","position":1,"name":"Accueil","item":"https:\/\/leregardlibre.com\/"},{"@type":"ListItem","position":2,"name":"Genre: dois-je \u00eatre comme je me sens ou me sentir comme je suis?"}]},{"@type":"WebSite","@id":"https:\/\/leregardlibre.com\/#website","url":"https:\/\/leregardlibre.com\/","name":"Le Regard Libre","description":"Switzerland's first monthly debate magazine","publisher":{"@id":"https:\/\/leregardlibre.com\/#organization"},"potentialAction":[{"@type":"SearchAction","target":{"@type":"EntryPoint","urlTemplate":"https:\/\/leregardlibre.com\/?s={search_term_string}"},"query-input":{"@type":"PropertyValueSpecification","valueRequired":true,"valueName":"search_term_string"}}],"inLanguage":"en-US"},{"@type":"Organization","@id":"https:\/\/leregardlibre.com\/#organization","name":"Le Regard Libre","url":"https:\/\/leregardlibre.com\/","logo":{"@type":"ImageObject","inLanguage":"en-US","@id":"https:\/\/leregardlibre.com\/#\/schema\/logo\/image\/","url":"https:\/\/leregardlibre.com\/wp-content\/uploads\/2025\/08\/logo-rl-icone-neg.jpeg","contentUrl":"https:\/\/leregardlibre.com\/wp-content\/uploads\/2025\/08\/logo-rl-icone-neg.jpeg","width":557,"height":556,"caption":"Le Regard Libre"},"image":{"@id":"https:\/\/leregardlibre.com\/#\/schema\/logo\/image\/"},"sameAs":["https:\/\/www.facebook.com\/leregardlibre\/","https:\/\/x.com\/LeRegardLibre","https:\/\/www.linkedin.com\/company\/le-regard-libre","https:\/\/www.instagram.com\/leregardlibre\/","http:\/\/t.me\/leregardlibre","https:\/\/youtube.com\/channel\/UC6HzGPomj1LsUmlz-sJtITQ"],"description":"Le Regard Libre is a Swiss monthly magazine for intellectual and cultural debate. Its editorial team is young, voluntary, liberal and pluralist. The magazine appears online and in print. Its language is French.","email":"redaction@leregardlibre.com","legalName":"Le Regard Libre","foundingDate":"2014-01-01","numberOfEmployees":{"@type":"QuantitativeValue","minValue":"11","maxValue":"50"},"publishingPrinciples":"https:\/\/leregardlibre.com\/a-propos\/notre-manifeste\/","ownershipFundingInfo":"https:\/\/leregardlibre.com\/mentions-legales\/","actionableFeedbackPolicy":"https:\/\/leregardlibre.com\/conditions-generales-de-vente\/"},{"@type":"Person","@id":"https:\/\/leregardlibre.com\/#\/schema\/person\/a5323b897c46f07a5695b2d443956553","name":"Jean-David Ponci","image":{"@type":"ImageObject","inLanguage":"en-US","@id":"https:\/\/secure.gravatar.com\/avatar\/2689176fb405b37f3270802701d04cf5980f0fba00b2f4ff4652bc8b59d677ff?s=96&d=identicon&r=g","url":"https:\/\/secure.gravatar.com\/avatar\/2689176fb405b37f3270802701d04cf5980f0fba00b2f4ff4652bc8b59d677ff?s=96&d=identicon&r=g","contentUrl":"https:\/\/secure.gravatar.com\/avatar\/2689176fb405b37f3270802701d04cf5980f0fba00b2f4ff4652bc8b59d677ff?s=96&d=identicon&r=g","caption":"Jean-David Ponci"},"sameAs":["https:\/\/fr.wikipedia.org\/wiki\/Le_Regard_libre"],"url":"https:\/\/leregardlibre.com\/en\/author\/jean-david-ponci\/"}]}},"_links":{"self":[{"href":"https:\/\/leregardlibre.com\/en\/wp-json\/wp\/v2\/posts\/513815","targetHints":{"allow":["GET"]}}],"collection":[{"href":"https:\/\/leregardlibre.com\/en\/wp-json\/wp\/v2\/posts"}],"about":[{"href":"https:\/\/leregardlibre.com\/en\/wp-json\/wp\/v2\/types\/post"}],"author":[{"embeddable":true,"href":"https:\/\/leregardlibre.com\/en\/wp-json\/wp\/v2\/users\/77"}],"replies":[{"embeddable":true,"href":"https:\/\/leregardlibre.com\/en\/wp-json\/wp\/v2\/comments?post=513815"}],"version-history":[{"count":2,"href":"https:\/\/leregardlibre.com\/en\/wp-json\/wp\/v2\/posts\/513815\/revisions"}],"predecessor-version":[{"id":515256,"href":"https:\/\/leregardlibre.com\/en\/wp-json\/wp\/v2\/posts\/513815\/revisions\/515256"}],"wp:featuredmedia":[{"embeddable":true,"href":"https:\/\/leregardlibre.com\/en\/wp-json\/wp\/v2\/media\/513825"}],"wp:attachment":[{"href":"https:\/\/leregardlibre.com\/en\/wp-json\/wp\/v2\/media?parent=513815"}],"wp:term":[{"taxonomy":"category","embeddable":true,"href":"https:\/\/leregardlibre.com\/en\/wp-json\/wp\/v2\/categories?post=513815"},{"taxonomy":"post_tag","embeddable":true,"href":"https:\/\/leregardlibre.com\/en\/wp-json\/wp\/v2\/tags?post=513815"}],"curies":[{"name":"wp","href":"https:\/\/api.w.org\/{rel}","templated":true}]}}