{"id":514976,"date":"2022-12-26T06:00:00","date_gmt":"2022-12-26T05:00:00","guid":{"rendered":"https:\/\/leregardlibre.com\/?p=514976"},"modified":"2023-10-18T22:12:08","modified_gmt":"2023-10-18T20:12:08","slug":"myret-zaki-lets-beware-of-the-one-who-claims-to-be-neutral","status":"publish","type":"post","link":"https:\/\/leregardlibre.com\/en\/economy\/myret-zaki-lets-beware-of-the-one-who-claims-to-be-neutral\/","title":{"rendered":"Myret Zaki: \u00abBeware of those who claim to be neutral\u00bb.\u00bb"},"content":{"rendered":"<p class=\"has-drop-cap\">In his latest book, <em>Economic misinformation<\/em>, independent journalist Myret Zaki analyzes the way in which governments and corporations juggle information, with the aim of embellishing or even hiding certain facts. A journey to the frontiers of lies.<\/p>\n\n\n\n<!--more Lire l\u2019interview (en libre acc\u00e8s)-->\n\n\n\n<h6 class=\"wp-block-heading\"><em>Le Regard Libre<\/em>The Larousse defines a lie as \u00abthe action of altering the truth. Isn't the term you use, \u00bbdisinformation\u00ab, a gentle euphemism for this?<\/h6>\n\n\n\n<p>Myret Zaki: With lying, there's an intention to escape an embarrassing situation. In our case, the motives are the same. We don't want to show a certain reality, but there's no clear intention to lie to people, but rather to diminish the effect of less flattering figures, to emphasize what's more positive, or to hide the least attractive information by positioning it far down in a report, or by underestimating the negative and overestimating the positive. It's a whole reality that can be represented in a thousand different ways thanks to statistics. If I consciously choose the option that indicates the most flattering figure, is it a lie? In any case, it's an arrangement with reality. I know that the citizen who sees this figure will not be directly confronted with the raw reality, but will be filtered.<\/p>\n\n\n\n<h6 class=\"wp-block-heading\">What strategy should a citizen adopt to avoid misinformation as much as possible?<\/h6>\n\n\n\n<p>It's very complicated, and that's why I felt it was my civic duty to write a book showing these realities. You have to do a lot of digging, have a very investigative mind, take an interest in statistical changes. You have to go deep into the figures, which is far from being within everyone's reach. If following the Twitter accounts of NGOs specializing in economic issues doesn't make you a statistician or a financial expert, it does at least help you to know who to listen to in order to get another side of the story, and thus to attenuate communication and marketing in order to get closer to objective information.<\/p>\n\n\n\n<h6 class=\"wp-block-heading\">What do you mean by that?<\/h6>\n\n\n\n<p>We can't allow marketing and communication to spread unchecked to the public, we need mediators. This has always been the role of the media. They don't normally take a press or government release at face value, but review it, ask questions and bring the figures closer to reality, in order to obtain a more independent and objective account than the one originally provided by the communications body.<\/p>\n\n\n\n<h6 class=\"wp-block-heading\">You talk about objectivity, giving the example of Twitter accounts that can process this information. What are the criteria for defining whether so-called \u00abalternative\u00bb accounts are credible? The same applies to our readings: who can tell us that you are credible, for example?&nbsp;<\/h6>\n\n\n\n<p>I think it's within everyone's reach to select several voices that are interesting, in the sense that they are at least critical and appear independent in their organizational structures. Will a Twitter account or an individual be objective? No. I would argue that you tend towards objectivity by multiplying sources. Hence the idea of <a href=\"https:\/\/leregardlibre.com\/en\/tag\/pluralism\/\">pluralism<\/a> in democracies. The citizen achieves a broader, more objective truth when there is a plurality of political parties, enabling several points of view to be expressed and whole sections of society to be represented. As soon as we are confronted with one-sided thinking in the world of ideas, we lose the possibility of objectivity. Objectivity is the sum of propaganda. So I can form my own opinion from a very broad spectrum, and not be hostage to a single point of view.<\/p>\n\n\n\n<form method=\"post\" action=\"https:\/\/newsletter.infomaniak.com\/external\/submit\" class=\"inf-form\" target=\"_blank\"><input type=\"email\" name=\"email\" style=\"display:none\"><input type=\"hidden\" name=\"key\" value=\"eyJpdiI6IlZXRVJGMlRGQUU2alNqUE81bitIUk5adnNVa0c4MllFTStzOHdHT1FQZ3c9IiwidmFsdWUiOiJIYzhwMUVCK1pTNnlhY3MyMmhuZlhReWJqemEwNk93blMxTjFHc0s2VHZrPSIsIm1hYyI6ImVhYTQ5N2I1M2NiYWE4NzBmNjk2NzgzYjliM2Y5NmYzM2E2ZmU3NGQxNTU1ZDFkMTU1MzY5NTdjYjE3ZTJmNTUifQ==\"><input type=\"hidden\" name=\"webform_id\" value=\"7291\"><style> .inf-main_3000311ca56a1cb93397bc676c0b7fff{ background-color:#f5f5f5; padding:25px 20px; margin:25px auto; } .inf-main_3000311ca56a1cb93397bc676c0b7fff .inf-content { margin-top:13px;} .inf-main_3000311ca56a1cb93397bc676c0b7fff h4, .inf-main_3000311ca56a1cb93397bc676c0b7fff span, .inf-main_3000311ca56a1cb93397bc676c0b7fff label, .inf-main_3000311ca56a1cb93397bc676c0b7fff input, .inf-main_3000311ca56a1cb93397bc676c0b7fff .inf-submit, .inf-main_3000311ca56a1cb93397bc676c0b7fff .inf-success p a { color:#555555; font-size:14px; } .inf-main_3000311ca56a1cb93397bc676c0b7fff h4{ font-size:18px; margin:0px 0px 13px 0px; } .inf-main_3000311ca56a1cb93397bc676c0b7fff h4, .inf-main_3000311ca56a1cb93397bc676c0b7fff label{ font-weight:bold; } .inf-main_3000311ca56a1cb93397bc676c0b7fff .inf-input { margin-bottom:7px; } .inf-main_3000311ca56a1cb93397bc676c0b7fff label { display:block;} .inf-main_3000311ca56a1cb93397bc676c0b7fff input{ height:35px; color:#999999; border: 1px solid #E9E9E9; border:none; padding-left:7px; } .inf-main_3000311ca56a1cb93397bc676c0b7fff .inf-input.inf-error label, .inf-main_3000311ca56a1cb93397bc676c0b7fff .inf-input.inf-error span.inf-message{ color: #cc0033; } .inf-main_3000311ca56a1cb93397bc676c0b7fff .inf-input.inf-error input{ border: 1px solid #cc0033; } .inf-main_3000311ca56a1cb93397bc676c0b7fff .inf-input input { width:100%;} .inf-main_3000311ca56a1cb93397bc676c0b7fff .inf-input.inf-error span.inf-message { display: block; } .inf-main_3000311ca56a1cb93397bc676c0b7fff .inf-submit { text-align:right;} .inf-main_3000311ca56a1cb93397bc676c0b7fff .inf-submit input{ background-color:#777777; color:#ffffff; border:none; font-weight: normal; height:auto; padding:7px; } .inf-main_3000311ca56a1cb93397bc676c0b7fff .inf-submit input.disabled{ opacity: 0.4; } .inf-btn { color: rgb(85, 85, 85); border: medium none; font-weight: normal; height: auto; padding: 7px; display: inline-block; background-color: white; box-shadow: 0px 1px 1px rgba(0, 0, 0, 0.24); border-radius: 2px; line-height: 1em; } .inf-rgpd { margin:25px 0px 15px 0px; color:#555555; } <\/style> <div class=\"inf-main_3000311ca56a1cb93397bc676c0b7fff\"> <h4>NEWSLETTER DU REGARD LIBRE<\/h4> <span>Receive our articles every Sunday.<\/span> <div class=\"inf-success\" style=\"display:none\"> <h4>Your subscription to our weekly newsletter has been successfully registered!<\/h4> <p> <a href=\"#\" class=\"inf-btn\">\u00ab<\/a> <\/p> <\/div> <div class=\"inf-content\"> <div class=\"inf-input inf-input-text\"> <input type=\"text\" name=\"inf[1]\" data-inf-meta=\"1\" data-inf-error=\"Merci de renseigner une adresse email\" required=\"required\" placeholder=\"Email\"> <\/div> <div class=\"inf-submit\"> <input type=\"submit\" name=\"\" value=\"Sign up\"> <\/div> <\/div> <\/div> <\/form>\n\n\n\n<h6 class=\"wp-block-heading\">You emphasize the particular semantics used by financial authorities to avoid destabilizing the markets. At a time when the slightest piece of unverified information, the slightest flawed tweet from Elon Musk, can create a stock market crash in a matter of minutes, don't you think that, on the other hand, it's the responsibility of these authorities to provide information on market reality, so as to avoid a panic?<\/h6>\n\n\n\n<p>We have had to deal with gigantic economic crises since this terminology was first used by the US Federal Reserve (Fed). This means that using a lexicon that conceals realities preserves a speculative bubble in the making and prevents market corrections that would otherwise occur on a regular basis. When the bubble becomes gigantic, it will burst and millions of people will fall victim, even those who have never been near the stock market. That's what happened in 2008, a period I followed closely and which has greatly influenced the way I think about the markets.<\/p>\n\n\n\n<h6 class=\"wp-block-heading\"><strong>What particularly impressed you?<\/strong><\/h6>\n\n\n\n<p>In particular, the fact that those who provoked the crisis have become enormously wealthy. What role did the central bank play? Its communication was always reassuring: the <em>subprimes<\/em> <em>(editor's note: subprime mortgages)<\/em> were not too risky and the markets were not overvalued. Are we assuming a responsible role or are we, on the contrary, concealing facts from the public, misleading it about the reality of the risk taken by the markets, on which ten thousand billion dollars evaporated?<\/p>\n\n\n\n<h6 class=\"wp-block-heading\"><strong>In your opinion, having a more relevant lexicon on market realities would help avoid bubble effects.<\/strong><\/h6>\n\n\n\n<p>Indeed, it would lance the abscesses, eliminating inefficiencies and the zombie companies that have multiplied with the crises. There would be no cartels, monopolies or rent-seeking.&nbsp;<\/p>\n\n\n\n<h6 class=\"wp-block-heading\">You devote an entire chapter to the increasing amount of information provided by multinationals in their annual reports, with the aim, in your view, of drowning out certain key elements. Can we really describe this trend as misinformation, as long as everything is there for those who take the time to read it?<\/h6>\n\n\n\n<p>Anyone taking the time to read 300 pages of highly technical financial terminology would be doing so at the expense of everything else. Even with PDF documents, you can search by key words, but it's still hard to find the information in the middle of chapters on marketing and <em>greenwashing<\/em>. As a user, I can attest to the fact that it has become extremely complicated to find very simple information, forcing me to read miles of marketing material dealing with social and environmental responsibility, legal disclaimers and risk analyses that only professionals are capable of understanding. Access to essential information has become obscured: some is even footnoted. Why do we still open these reports with photos and very positive accounts written by the marketing department?<\/p>\n\n\n\n<h6 class=\"wp-block-heading\">So we shouldn't read them anymore?<\/h6>\n\n\n\n<p>No, because it's not information. Or it could be legal and compulsory information behind the marketing part. The hierarchy of information and the proportions of the various chapters do not reflect a real desire to show investors all the sides of the company, including the less glamorous ones.<\/p>\n\n\n\n<h6 class=\"wp-block-heading\">Do you have an example?<\/h6>\n\n\n\n<p>Of course it is. Today, there's a lot of speculation about Credit Suisse. We don't know what's really on its balance sheet, and we don't have any answers as to why its share price has plummeted, not to mention the rumors of bankruptcy that are spreading. When Credit Suisse found itself exposed to an Asian hedge fund, this was not reflected in its annual report for the period concerned. When UBS had accumulated up to 200 billion dollars of <em>subprimes<\/em>, There was not the slightest trace of it, either in its balance sheet or in its annual report. I editorialized on this and it was never denied. If the most colossal things don't appear in balance sheets, what does?<\/p>\n\n\n\n<h6 class=\"wp-block-heading\">How is it that no legislation has been passed in the wake of the various crises?<\/h6>\n\n\n\n<p>A phenomenon of institutional capture means that the legislator has difficulty keeping up with the degree of specialization and sophistication of these annual reports. The latter would be hard-pressed to say that essential information is missing. The legislator will be the first to get lost, as the bank will always be more specialized than the legislator on the subject, to the point where financial institutions sometimes help the legislator to draft laws. In other words, complexity itself is the main barrier. What legislator will be able to prohibit the production of complexity?<\/p>\n\n\n\n<h6 class=\"wp-block-heading\">Edward Bernays, the famous propagandist you quote, claimed that it wasn't wrong to manipulate opinion, because in a democracy, everyone is free to do so as they see fit. You refute this by asserting that, in such matters, the richer the better. But associations like Wikileaks and whistle-blowers like Edwards Snowden have shaken governments with relatively few resources.<\/h6>\n\n\n\n<p>That's all very well, but how long were they able to ply their trade? When no one was watching them, they were able to obtain crucial documents, but were prevented from operating. This becomes very political. Can a Wikileaks exist in a democracy knowing what happened to its founder Julian Assange? The answer is no, there is a deterrent effect.<\/p>\n\n\n\n<figure class=\"wp-block-image size-large\"><a href=\"https:\/\/leregardlibre.com\/wp-content\/uploads\/2022\/12\/myret-zaki--indra-crittin-pour-le-regard-libre_2_vfinale-e1672088412363.jpg\"><img fetchpriority=\"high\" decoding=\"async\" width=\"683\" height=\"1024\" src=\"http:\/\/leregardlibre.com\/wp-content\/uploads\/2022\/12\/myret-zaki--indra-crittin-pour-le-regard-libre_2_vfinale-e1672088412363-683x1024.jpg\" alt=\"Myret Zaki, Geneva, 16.11.22 \u00a9 Indra Crittin for Le Regard Libre\" class=\"wp-image-515116\" srcset=\"https:\/\/leregardlibre.com\/wp-content\/uploads\/2022\/12\/myret-zaki--indra-crittin-pour-le-regard-libre_2_vfinale-e1672088412363-683x1024.jpg 683w, https:\/\/leregardlibre.com\/wp-content\/uploads\/2022\/12\/myret-zaki--indra-crittin-pour-le-regard-libre_2_vfinale-e1672088412363-200x300.jpg 200w, https:\/\/leregardlibre.com\/wp-content\/uploads\/2022\/12\/myret-zaki--indra-crittin-pour-le-regard-libre_2_vfinale-e1672088412363-100x150.jpg 100w, https:\/\/leregardlibre.com\/wp-content\/uploads\/2022\/12\/myret-zaki--indra-crittin-pour-le-regard-libre_2_vfinale-e1672088412363-768x1152.jpg 768w, https:\/\/leregardlibre.com\/wp-content\/uploads\/2022\/12\/myret-zaki--indra-crittin-pour-le-regard-libre_2_vfinale-e1672088412363-1024x1536.jpg 1024w, https:\/\/leregardlibre.com\/wp-content\/uploads\/2022\/12\/myret-zaki--indra-crittin-pour-le-regard-libre_2_vfinale-e1672088412363-1170x1755.jpg 1170w, https:\/\/leregardlibre.com\/wp-content\/uploads\/2022\/12\/myret-zaki--indra-crittin-pour-le-regard-libre_2_vfinale-e1672088412363-585x878.jpg 585w, https:\/\/leregardlibre.com\/wp-content\/uploads\/2022\/12\/myret-zaki--indra-crittin-pour-le-regard-libre_2_vfinale-e1672088412363-300x450.jpg 300w, https:\/\/leregardlibre.com\/wp-content\/uploads\/2022\/12\/myret-zaki--indra-crittin-pour-le-regard-libre_2_vfinale-e1672088412363-600x900.jpg 600w, https:\/\/leregardlibre.com\/wp-content\/uploads\/2022\/12\/myret-zaki--indra-crittin-pour-le-regard-libre_2_vfinale-e1672088412363.jpg 1280w\" sizes=\"(max-width: 683px) 100vw, 683px\" \/><\/a><figcaption>Myret Zaki, Geneva, 16.11.22 \u00a9 Indra Crittin for Le Regard Libre<\/figcaption><\/figure>\n\n\n\n<h6 class=\"wp-block-heading\">In your opinion, are Western democracies employing methods that could be used by countries with less regard for individual freedoms?<\/h6>\n\n\n\n<p>The West is in competition with these countries. China is becoming more powerful, and our democracies have drifted to adopt some of the methods employed by our rivals, indeed. But not in the same way. Historians will certainly look back on this period and explain that these were authoritarian democracies at war, both militarily and culturally, and that doesn't encourage free information.<\/p>\n\n\n\n<h6 class=\"wp-block-heading\">In your book, you mention the <em>debunkers<\/em>, who have made it their mission to unmask false information, and who you say are often motivated by the desire to eliminate ideas they don't like. Western governments would play with statistics to retain only the figures that are most flattering to their policies. Isn't it a very human bias to select the information that reinforces our opinions or choices, without any intention to lie or manipulate?<\/h6>\n\n\n\n<p>Of course, but we can't pretend that our presentation of the facts is scientifically accurate. We have to accept our biases. What <em>debunkers<\/em> that claim to be true. This is where we need to be concerned. I gave proof of this by verifying information from <em>Vanity Fair<\/em> about Trump's inaugural speech in relation to the number of spectators present at his inauguration. While there weren't many people there, there were plenty of viewers and a record audience. Fact-checking involves human biases, which must be acknowledged. Otherwise, it's disinformation.<\/p>\n\n\n\n<p><em>Read also | Olivier Meuwly: <a href=\"https:\/\/leregardlibre.com\/en\/history\/le-mensonge-un-acteur-de-l-histoire\/\">The lie, a player in history<\/a><\/em><\/p>\n\n\n\n<h6 class=\"wp-block-heading\">The level of mistrust between the populations of Western democracies and their leaders has never been higher. So, do you really think these government disinformation strategies are achieving their objectives?<\/h6>\n\n\n\n<p>The aim is to instill confidence. It should have had this effect, but it was only partial. Some of the upper classes have seen their standard of living improve and have accepted this information, because it doesn't contradict their feelings and experiences. The higher up the wealth pyramid you go, the greater the increase in income. For the 90% citizens, their feelings don't match the figures.<\/p>\n\n\n\n<h6 class=\"wp-block-heading\">More precisely?<\/h6>\n\n\n\n<p>Take, for example, the discourse on the beneficial effects of globalization. The majority suffered the effects, the low-skilled white man on the periphery lost wages and did not benefit from active support policies like other communities, or from wage rises in the countries that welcomed relocation, even though he forms an important part of the electorate. It's a troublesome witness to the downside of globalization, and we haven't listened to it. What's more, the effects of inflation are felt much more keenly on low incomes. In this context, an average doesn't mean much, and we need to find new, more relevant statistics.<\/p>\n\n\n\n<h6 class=\"wp-block-heading\">In your book, you quote a NATO report from 2020 which predicted that the next conflict would be a cognitive war, manipulating the opinions of belligerent populations. In the light of the war in Ukraine, which is unfolding in a manner worthy of the first half of the twentieth century, I'd like to take a closer look at the situation.<sup>th<\/sup> Doesn't the reality of the situation impose itself on everyone?<\/h6>\n\n\n\n<p>Unfortunately, no. On the battlefield, there is no factual reality that can be grasped from home. We depend on reports which, depending on the party involved, may be totally contradictory. Many sources have to be consulted, and while the information is obviously not objective on the Russian side, it can't be on our side either. It would be childish to think otherwise.<\/p>\n\n\n\n<p><em>Read also | <a href=\"https:\/\/leregardlibre.com\/en\/policy\/vladimir-fedorovski-je-vis-cette-guerre-comme-une-tragedie-personnelle\/\">Vladimir Fedorovsky: \u00abI experience this war as a personal tragedy\u00bb.\u00bb<\/a><\/em><\/p>\n\n\n\n<h6 class=\"wp-block-heading\">Your conclusion takes the form of a piece of advice: diversify your sources. But is the truth always to be found at the crossroads of different sources? Can't it sometimes come from just one source telling the truth while the others are lying?<\/h6>\n\n\n\n<p>I think so, because it's always at the crossroads of sources. Anyone who claims to be neutral is precisely the one who is suspect. Let's be wary of him. You have to assume your ideology. If we take American or Chinese imperialism as an example, my fellow journalists often find it hard to accept that they'd rather live in a world dominated by the Americans than by the Chinese. But this is never stated. Instead, they position themselves from the point of view of \u00abtruth\u00bb. Once you declare where you're speaking from, you're already more credible. You have to listen to those who speak for the other side if you want the most objective information possible. The West's place in the world over the next few years is highly uncertain, and it's dangerous to underestimate our adversaries by adopting an overly complacent view of ourselves.<\/p>\n\n\n\n<p><em>Write to the author: <a href=\"mailto:guillaume.heck@leregardlibre.com\">guillaume.heck@leregardlibre.com<\/a><\/em><\/p>\n\n\n\n<p>Cover illustration: Myret Zaki in October 2022, Geneva \u00a9 Indra Crittin pour <em>Le Regard Libre<\/em><\/p>\n\n\n\n<div class=\"wp-block-media-text alignwide is-stacked-on-mobile\" style=\"grid-template-columns:18% auto\"><figure class=\"wp-block-media-text__media\"><img decoding=\"async\" width=\"523\" height=\"821\" src=\"https:\/\/leregardlibre.com\/wp-content\/uploads\/2022\/12\/desinformation-economique.jpg\" alt=\"\" class=\"wp-image-514985 size-full\" srcset=\"https:\/\/leregardlibre.com\/wp-content\/uploads\/2022\/12\/desinformation-economique.jpg 523w, https:\/\/leregardlibre.com\/wp-content\/uploads\/2022\/12\/desinformation-economique-191x300.jpg 191w, https:\/\/leregardlibre.com\/wp-content\/uploads\/2022\/12\/desinformation-economique-96x150.jpg 96w, https:\/\/leregardlibre.com\/wp-content\/uploads\/2022\/12\/desinformation-economique-300x471.jpg 300w\" sizes=\"(max-width: 523px) 100vw, 523px\" \/><\/figure><div class=\"wp-block-media-text__content\">\n<p><strong>Myret Zaki&nbsp;<\/strong><br><em><strong>Economic misinformation. Spot the marketing strategies that embellish official figures<\/strong><br><\/em><strong>Editions Favre&nbsp;<\/strong><br><strong>2022&nbsp;<\/strong><br><strong>264 pages<\/strong><\/p>\n\n\n\n<div class=\"wp-block-buttons is-layout-flex wp-block-buttons-is-layout-flex\">\n<div class=\"wp-block-button\"><a class=\"wp-block-button__link\" href=\"https:\/\/www.payot.ch\/Detail\/la_desinformation_economique-myret_zaki-9782828914493\">Order the book<\/a><\/div>\n<\/div>\n<\/div><\/div>\n\n\n\n<div style=\"height:28px\" aria-hidden=\"true\" class=\"wp-block-spacer\"><\/div>\n\n\n\n<h4 class=\"wp-block-heading\">An interview from <em>Regard Libre<\/em> N\u00b091 (December 2022)<\/h4>\n\n\n\n<p><a href=\"https:\/\/leregardlibre.com\/en\/cpt-editions\/le-regard-libre-no91-dossier-mensonge\/\">Order the print issue or consult the e-Paper<\/a><\/p>\n\n\n\n<figure class=\"wp-block-image size-large\"><a href=\"https:\/\/leregardlibre.com\/en\/cpt-editions\/le-regard-libre-no91-dossier-mensonge\/\"><img decoding=\"async\" width=\"724\" height=\"1024\" src=\"http:\/\/leregardlibre.com\/wp-content\/uploads\/2022\/11\/une-rl-n-91-e1669551768197-724x1024.jpg\" alt=\"le regard libre dossier mensonge\" class=\"wp-image-514174\" srcset=\"https:\/\/leregardlibre.com\/wp-content\/uploads\/2022\/11\/une-rl-n-91-e1669551768197-724x1024.jpg 724w, https:\/\/leregardlibre.com\/wp-content\/uploads\/2022\/11\/une-rl-n-91-e1669551768197-212x300.jpg 212w, https:\/\/leregardlibre.com\/wp-content\/uploads\/2022\/11\/une-rl-n-91-e1669551768197-106x150.jpg 106w, https:\/\/leregardlibre.com\/wp-content\/uploads\/2022\/11\/une-rl-n-91-e1669551768197-768x1087.jpg 768w, https:\/\/leregardlibre.com\/wp-content\/uploads\/2022\/11\/une-rl-n-91-e1669551768197-1170x1655.jpg 1170w, https:\/\/leregardlibre.com\/wp-content\/uploads\/2022\/11\/une-rl-n-91-e1669551768197-585x828.jpg 585w, https:\/\/leregardlibre.com\/wp-content\/uploads\/2022\/11\/une-rl-n-91-e1669551768197-300x424.jpg 300w, https:\/\/leregardlibre.com\/wp-content\/uploads\/2022\/11\/une-rl-n-91-e1669551768197-600x849.jpg 600w, https:\/\/leregardlibre.com\/wp-content\/uploads\/2022\/11\/une-rl-n-91-e1669551768197-1086x1536.jpg 1086w, https:\/\/leregardlibre.com\/wp-content\/uploads\/2022\/11\/une-rl-n-91-e1669551768197.jpg 1357w\" sizes=\"(max-width: 724px) 100vw, 724px\" \/><\/a><figcaption>le regard libre dossier mensonge<\/figcaption><\/figure>","protected":false},"excerpt":{"rendered":"<p>In her latest book, \u00abD\u00e9sinformation \u00e9conomique\u00bb, freelance journalist Myret Zaki analyzes the way in which governments and companies juggle information, with the aim of embellishing or even hiding certain facts. A journey to the frontiers of lies.<\/p>","protected":false},"author":421,"featured_media":514983,"comment_status":"open","ping_status":"closed","sticky":false,"template":"","format":"standard","meta":{"_acf_changed":false,"footnotes":""},"categories":[27371],"tags":[644343559,644343522,644358146,11788,644356349],"class_list":["post-514976","post","type-post","status-publish","format-standard","has-post-thumbnail","hentry","category-economie","tag-subprimes","tag-desinformation","tag-dossier-mensonge","tag-interviews","tag-pluralisme"],"acf":[],"yoast_head":"<!-- This site is optimized with the Yoast SEO Premium plugin v27.4 (Yoast SEO v27.4) - https:\/\/yoast.com\/product\/yoast-seo-premium-wordpress\/ -->\n<title>Myret Zaki: \u00abM\u00e9fions-nous de celui qui se pr\u00e9tend neutre\u00bb<\/title>\n<meta name=\"description\" content=\"Dans son dernier livre \u00abD\u00e9sinformation \u00e9conomique\u00bb, Myret Zaki analyse la fa\u00e7on dont Etats et entreprises jonglent avec les faits. Interview\" \/>\n<meta name=\"robots\" content=\"index, follow, max-snippet:-1, max-image-preview:large, max-video-preview:-1\" \/>\n<link rel=\"canonical\" href=\"https:\/\/leregardlibre.com\/en\/economy\/myret-zaki-lets-beware-of-the-one-who-claims-to-be-neutral\/\" \/>\n<meta property=\"og:locale\" content=\"en_US\" \/>\n<meta property=\"og:type\" content=\"article\" \/>\n<meta property=\"og:title\" content=\"Myret Zaki: \u00abM\u00e9fions-nous de celui qui se pr\u00e9tend neutre\u00bb\" \/>\n<meta property=\"og:description\" content=\"Dans son dernier livre \u00abD\u00e9sinformation \u00e9conomique\u00bb, Myret Zaki analyse la fa\u00e7on dont Etats et entreprises jonglent avec les faits. Interview\" \/>\n<meta property=\"og:url\" content=\"https:\/\/leregardlibre.com\/en\/economy\/myret-zaki-lets-beware-of-the-one-who-claims-to-be-neutral\/\" \/>\n<meta property=\"og:site_name\" content=\"Le Regard Libre\" \/>\n<meta property=\"article:publisher\" content=\"https:\/\/www.facebook.com\/leregardlibre\/\" \/>\n<meta property=\"article:published_time\" content=\"2022-12-26T05:00:00+00:00\" \/>\n<meta property=\"article:modified_time\" content=\"2023-10-18T20:12:08+00:00\" \/>\n<meta property=\"og:image\" content=\"https:\/\/leregardlibre.com\/wp-content\/uploads\/2022\/12\/myret-zaki--indra-crittin-pour-le-regard-libre_1_vfinale-e1671991396676-1024x683.jpg\" \/>\n\t<meta property=\"og:image:width\" content=\"1024\" \/>\n\t<meta property=\"og:image:height\" content=\"683\" \/>\n\t<meta property=\"og:image:type\" content=\"image\/jpeg\" \/>\n<meta name=\"author\" content=\"Guillaume Heck\" \/>\n<meta name=\"twitter:card\" content=\"summary_large_image\" \/>\n<meta name=\"twitter:creator\" content=\"@LeRegardLibre\" \/>\n<meta name=\"twitter:site\" content=\"@LeRegardLibre\" \/>\n<meta name=\"twitter:label1\" content=\"Written by\" \/>\n\t<meta name=\"twitter:data1\" content=\"Guillaume Heck\" \/>\n\t<meta name=\"twitter:label2\" content=\"Est. reading time\" \/>\n\t<meta name=\"twitter:data2\" content=\"14 minutes\" \/>\n<script type=\"application\/ld+json\" class=\"yoast-schema-graph\">{\"@context\":\"https:\\\/\\\/schema.org\",\"@graph\":[{\"@type\":\"Article\",\"@id\":\"https:\\\/\\\/leregardlibre.com\\\/economie\\\/myret-zaki-mefions-nous-de-celui-qui-se-pretend-neutre\\\/#article\",\"isPartOf\":{\"@id\":\"https:\\\/\\\/leregardlibre.com\\\/economie\\\/myret-zaki-mefions-nous-de-celui-qui-se-pretend-neutre\\\/\"},\"author\":{\"name\":\"Guillaume Heck\",\"@id\":\"https:\\\/\\\/leregardlibre.com\\\/#\\\/schema\\\/person\\\/cbd7c3c085525076ade046b538a909aa\"},\"headline\":\"Myret Zaki: \u00abM\u00e9fions-nous de celui qui se pr\u00e9tend neutre\u00bb\",\"datePublished\":\"2022-12-26T05:00:00+00:00\",\"dateModified\":\"2023-10-18T20:12:08+00:00\",\"mainEntityOfPage\":{\"@id\":\"https:\\\/\\\/leregardlibre.com\\\/economie\\\/myret-zaki-mefions-nous-de-celui-qui-se-pretend-neutre\\\/\"},\"wordCount\":2869,\"commentCount\":0,\"publisher\":{\"@id\":\"https:\\\/\\\/leregardlibre.com\\\/#organization\"},\"image\":{\"@id\":\"https:\\\/\\\/leregardlibre.com\\\/economie\\\/myret-zaki-mefions-nous-de-celui-qui-se-pretend-neutre\\\/#primaryimage\"},\"thumbnailUrl\":\"https:\\\/\\\/leregardlibre.com\\\/wp-content\\\/uploads\\\/2022\\\/12\\\/myret-zaki--indra-crittin-pour-le-regard-libre_1_vfinale-e1671991396676.jpg\",\"keywords\":[\"Crise des subprimes\",\"D\u00e9sinformation\",\"Dossier MENSONGE\",\"Interview\",\"Pluralisme\"],\"articleSection\":[\"Economie\"],\"inLanguage\":\"en-US\",\"potentialAction\":[{\"@type\":\"CommentAction\",\"name\":\"Comment\",\"target\":[\"https:\\\/\\\/leregardlibre.com\\\/economie\\\/myret-zaki-mefions-nous-de-celui-qui-se-pretend-neutre\\\/#respond\"]}]},{\"@type\":\"WebPage\",\"@id\":\"https:\\\/\\\/leregardlibre.com\\\/economie\\\/myret-zaki-mefions-nous-de-celui-qui-se-pretend-neutre\\\/\",\"url\":\"https:\\\/\\\/leregardlibre.com\\\/economie\\\/myret-zaki-mefions-nous-de-celui-qui-se-pretend-neutre\\\/\",\"name\":\"Myret Zaki: \u00abM\u00e9fions-nous de celui qui se pr\u00e9tend neutre\u00bb\",\"isPartOf\":{\"@id\":\"https:\\\/\\\/leregardlibre.com\\\/#website\"},\"primaryImageOfPage\":{\"@id\":\"https:\\\/\\\/leregardlibre.com\\\/economie\\\/myret-zaki-mefions-nous-de-celui-qui-se-pretend-neutre\\\/#primaryimage\"},\"image\":{\"@id\":\"https:\\\/\\\/leregardlibre.com\\\/economie\\\/myret-zaki-mefions-nous-de-celui-qui-se-pretend-neutre\\\/#primaryimage\"},\"thumbnailUrl\":\"https:\\\/\\\/leregardlibre.com\\\/wp-content\\\/uploads\\\/2022\\\/12\\\/myret-zaki--indra-crittin-pour-le-regard-libre_1_vfinale-e1671991396676.jpg\",\"datePublished\":\"2022-12-26T05:00:00+00:00\",\"dateModified\":\"2023-10-18T20:12:08+00:00\",\"description\":\"Dans son dernier livre \u00abD\u00e9sinformation \u00e9conomique\u00bb, Myret Zaki analyse la fa\u00e7on dont Etats et entreprises jonglent avec les faits. Interview\",\"breadcrumb\":{\"@id\":\"https:\\\/\\\/leregardlibre.com\\\/economie\\\/myret-zaki-mefions-nous-de-celui-qui-se-pretend-neutre\\\/#breadcrumb\"},\"inLanguage\":\"en-US\",\"potentialAction\":[{\"@type\":\"ReadAction\",\"target\":[\"https:\\\/\\\/leregardlibre.com\\\/economie\\\/myret-zaki-mefions-nous-de-celui-qui-se-pretend-neutre\\\/\"]}]},{\"@type\":\"ImageObject\",\"inLanguage\":\"en-US\",\"@id\":\"https:\\\/\\\/leregardlibre.com\\\/economie\\\/myret-zaki-mefions-nous-de-celui-qui-se-pretend-neutre\\\/#primaryimage\",\"url\":\"https:\\\/\\\/leregardlibre.com\\\/wp-content\\\/uploads\\\/2022\\\/12\\\/myret-zaki--indra-crittin-pour-le-regard-libre_1_vfinale-e1671991396676.jpg\",\"contentUrl\":\"https:\\\/\\\/leregardlibre.com\\\/wp-content\\\/uploads\\\/2022\\\/12\\\/myret-zaki--indra-crittin-pour-le-regard-libre_1_vfinale-e1671991396676.jpg\",\"width\":1920,\"height\":1280,\"caption\":\"Myret Zaki, Gen\u00e8ve, 16.11.22 \u00a9 Indra Crittin pour Le Regard Libre\"},{\"@type\":\"BreadcrumbList\",\"@id\":\"https:\\\/\\\/leregardlibre.com\\\/economie\\\/myret-zaki-mefions-nous-de-celui-qui-se-pretend-neutre\\\/#breadcrumb\",\"itemListElement\":[{\"@type\":\"ListItem\",\"position\":1,\"name\":\"Accueil\",\"item\":\"https:\\\/\\\/leregardlibre.com\\\/\"},{\"@type\":\"ListItem\",\"position\":2,\"name\":\"Myret Zaki: \u00abM\u00e9fions-nous de celui qui se pr\u00e9tend neutre\u00bb\"}]},{\"@type\":\"WebSite\",\"@id\":\"https:\\\/\\\/leregardlibre.com\\\/#website\",\"url\":\"https:\\\/\\\/leregardlibre.com\\\/\",\"name\":\"Le Regard Libre\",\"description\":\"Premier mensuel suisse de d\u00e9bat\",\"publisher\":{\"@id\":\"https:\\\/\\\/leregardlibre.com\\\/#organization\"},\"potentialAction\":[{\"@type\":\"SearchAction\",\"target\":{\"@type\":\"EntryPoint\",\"urlTemplate\":\"https:\\\/\\\/leregardlibre.com\\\/?s={search_term_string}\"},\"query-input\":{\"@type\":\"PropertyValueSpecification\",\"valueRequired\":true,\"valueName\":\"search_term_string\"}}],\"inLanguage\":\"en-US\"},{\"@type\":\"Organization\",\"@id\":\"https:\\\/\\\/leregardlibre.com\\\/#organization\",\"name\":\"Le Regard Libre\",\"url\":\"https:\\\/\\\/leregardlibre.com\\\/\",\"logo\":{\"@type\":\"ImageObject\",\"inLanguage\":\"en-US\",\"@id\":\"https:\\\/\\\/leregardlibre.com\\\/#\\\/schema\\\/logo\\\/image\\\/\",\"url\":\"https:\\\/\\\/leregardlibre.com\\\/wp-content\\\/uploads\\\/2025\\\/08\\\/logo-rl-icone-neg.jpeg\",\"contentUrl\":\"https:\\\/\\\/leregardlibre.com\\\/wp-content\\\/uploads\\\/2025\\\/08\\\/logo-rl-icone-neg.jpeg\",\"width\":557,\"height\":556,\"caption\":\"Le Regard Libre\"},\"image\":{\"@id\":\"https:\\\/\\\/leregardlibre.com\\\/#\\\/schema\\\/logo\\\/image\\\/\"},\"sameAs\":[\"https:\\\/\\\/www.facebook.com\\\/leregardlibre\\\/\",\"https:\\\/\\\/x.com\\\/LeRegardLibre\",\"https:\\\/\\\/www.linkedin.com\\\/company\\\/le-regard-libre\",\"https:\\\/\\\/www.instagram.com\\\/leregardlibre\\\/\",\"http:\\\/\\\/t.me\\\/leregardlibre\",\"https:\\\/\\\/youtube.com\\\/channel\\\/UC6HzGPomj1LsUmlz-sJtITQ\"],\"description\":\"Le Regard Libre est un mensuel suisse de d\u00e9bat intellectuel et culturel. Sa r\u00e9daction est jeune, b\u00e9n\u00e9vole, lib\u00e9rale et pluraliste. Le magazine para\u00eet en ligne et sous forme papier. Sa langue est le fran\u00e7ais.\",\"email\":\"redaction@leregardlibre.com\",\"legalName\":\"Le Regard Libre\",\"foundingDate\":\"2014-01-01\",\"numberOfEmployees\":{\"@type\":\"QuantitativeValue\",\"minValue\":\"11\",\"maxValue\":\"50\"},\"publishingPrinciples\":\"https:\\\/\\\/leregardlibre.com\\\/a-propos\\\/notre-manifeste\\\/\",\"ownershipFundingInfo\":\"https:\\\/\\\/leregardlibre.com\\\/mentions-legales\\\/\",\"actionableFeedbackPolicy\":\"https:\\\/\\\/leregardlibre.com\\\/conditions-generales-de-vente\\\/\"},{\"@type\":\"Person\",\"@id\":\"https:\\\/\\\/leregardlibre.com\\\/#\\\/schema\\\/person\\\/cbd7c3c085525076ade046b538a909aa\",\"name\":\"Guillaume Heck\",\"image\":{\"@type\":\"ImageObject\",\"inLanguage\":\"en-US\",\"@id\":\"https:\\\/\\\/secure.gravatar.com\\\/avatar\\\/e4c90bfb39d95d0949a3f2f71d592a32691626ae8247a9417322cd9d0a92a895?s=96&d=identicon&r=g\",\"url\":\"https:\\\/\\\/secure.gravatar.com\\\/avatar\\\/e4c90bfb39d95d0949a3f2f71d592a32691626ae8247a9417322cd9d0a92a895?s=96&d=identicon&r=g\",\"contentUrl\":\"https:\\\/\\\/secure.gravatar.com\\\/avatar\\\/e4c90bfb39d95d0949a3f2f71d592a32691626ae8247a9417322cd9d0a92a895?s=96&d=identicon&r=g\",\"caption\":\"Guillaume Heck\"},\"url\":\"https:\\\/\\\/leregardlibre.com\\\/en\\\/author\\\/guillaume-heck\\\/\"}]}<\/script>\n<!-- \/ Yoast SEO Premium plugin. -->","yoast_head_json":{"title":"Myret Zaki: \u00abBeware of those who claim to be neutral\u00bb.\u00bb","description":"In her latest book, \u00abD\u00e9sinformation \u00e9conomique\u00bb, Myret Zaki analyzes how governments and companies juggle facts. Interview","robots":{"index":"index","follow":"follow","max-snippet":"max-snippet:-1","max-image-preview":"max-image-preview:large","max-video-preview":"max-video-preview:-1"},"canonical":"https:\/\/leregardlibre.com\/en\/economy\/myret-zaki-lets-beware-of-the-one-who-claims-to-be-neutral\/","og_locale":"en_US","og_type":"article","og_title":"Myret Zaki: \u00abM\u00e9fions-nous de celui qui se pr\u00e9tend neutre\u00bb","og_description":"Dans son dernier livre \u00abD\u00e9sinformation \u00e9conomique\u00bb, Myret Zaki analyse la fa\u00e7on dont Etats et entreprises jonglent avec les faits. Interview","og_url":"https:\/\/leregardlibre.com\/en\/economy\/myret-zaki-lets-beware-of-the-one-who-claims-to-be-neutral\/","og_site_name":"Le Regard Libre","article_publisher":"https:\/\/www.facebook.com\/leregardlibre\/","article_published_time":"2022-12-26T05:00:00+00:00","article_modified_time":"2023-10-18T20:12:08+00:00","og_image":[{"width":1024,"height":683,"url":"https:\/\/leregardlibre.com\/wp-content\/uploads\/2022\/12\/myret-zaki--indra-crittin-pour-le-regard-libre_1_vfinale-e1671991396676-1024x683.jpg","type":"image\/jpeg"}],"author":"Guillaume Heck","twitter_card":"summary_large_image","twitter_creator":"@LeRegardLibre","twitter_site":"@LeRegardLibre","twitter_misc":{"Written by":"Guillaume Heck","Est. reading time":"14 minutes"},"schema":{"@context":"https:\/\/schema.org","@graph":[{"@type":"Article","@id":"https:\/\/leregardlibre.com\/economie\/myret-zaki-mefions-nous-de-celui-qui-se-pretend-neutre\/#article","isPartOf":{"@id":"https:\/\/leregardlibre.com\/economie\/myret-zaki-mefions-nous-de-celui-qui-se-pretend-neutre\/"},"author":{"name":"Guillaume Heck","@id":"https:\/\/leregardlibre.com\/#\/schema\/person\/cbd7c3c085525076ade046b538a909aa"},"headline":"Myret Zaki: \u00abM\u00e9fions-nous de celui qui se pr\u00e9tend neutre\u00bb","datePublished":"2022-12-26T05:00:00+00:00","dateModified":"2023-10-18T20:12:08+00:00","mainEntityOfPage":{"@id":"https:\/\/leregardlibre.com\/economie\/myret-zaki-mefions-nous-de-celui-qui-se-pretend-neutre\/"},"wordCount":2869,"commentCount":0,"publisher":{"@id":"https:\/\/leregardlibre.com\/#organization"},"image":{"@id":"https:\/\/leregardlibre.com\/economie\/myret-zaki-mefions-nous-de-celui-qui-se-pretend-neutre\/#primaryimage"},"thumbnailUrl":"https:\/\/leregardlibre.com\/wp-content\/uploads\/2022\/12\/myret-zaki--indra-crittin-pour-le-regard-libre_1_vfinale-e1671991396676.jpg","keywords":["Crise des subprimes","D\u00e9sinformation","Dossier MENSONGE","Interview","Pluralisme"],"articleSection":["Economie"],"inLanguage":"en-US","potentialAction":[{"@type":"CommentAction","name":"Comment","target":["https:\/\/leregardlibre.com\/economie\/myret-zaki-mefions-nous-de-celui-qui-se-pretend-neutre\/#respond"]}]},{"@type":"WebPage","@id":"https:\/\/leregardlibre.com\/economie\/myret-zaki-mefions-nous-de-celui-qui-se-pretend-neutre\/","url":"https:\/\/leregardlibre.com\/economie\/myret-zaki-mefions-nous-de-celui-qui-se-pretend-neutre\/","name":"Myret Zaki: \u00abBeware of those who claim to be neutral\u00bb.\u00bb","isPartOf":{"@id":"https:\/\/leregardlibre.com\/#website"},"primaryImageOfPage":{"@id":"https:\/\/leregardlibre.com\/economie\/myret-zaki-mefions-nous-de-celui-qui-se-pretend-neutre\/#primaryimage"},"image":{"@id":"https:\/\/leregardlibre.com\/economie\/myret-zaki-mefions-nous-de-celui-qui-se-pretend-neutre\/#primaryimage"},"thumbnailUrl":"https:\/\/leregardlibre.com\/wp-content\/uploads\/2022\/12\/myret-zaki--indra-crittin-pour-le-regard-libre_1_vfinale-e1671991396676.jpg","datePublished":"2022-12-26T05:00:00+00:00","dateModified":"2023-10-18T20:12:08+00:00","description":"In her latest book, \u00abD\u00e9sinformation \u00e9conomique\u00bb, Myret Zaki analyzes how governments and companies juggle facts. Interview","breadcrumb":{"@id":"https:\/\/leregardlibre.com\/economie\/myret-zaki-mefions-nous-de-celui-qui-se-pretend-neutre\/#breadcrumb"},"inLanguage":"en-US","potentialAction":[{"@type":"ReadAction","target":["https:\/\/leregardlibre.com\/economie\/myret-zaki-mefions-nous-de-celui-qui-se-pretend-neutre\/"]}]},{"@type":"ImageObject","inLanguage":"en-US","@id":"https:\/\/leregardlibre.com\/economie\/myret-zaki-mefions-nous-de-celui-qui-se-pretend-neutre\/#primaryimage","url":"https:\/\/leregardlibre.com\/wp-content\/uploads\/2022\/12\/myret-zaki--indra-crittin-pour-le-regard-libre_1_vfinale-e1671991396676.jpg","contentUrl":"https:\/\/leregardlibre.com\/wp-content\/uploads\/2022\/12\/myret-zaki--indra-crittin-pour-le-regard-libre_1_vfinale-e1671991396676.jpg","width":1920,"height":1280,"caption":"Myret Zaki, Gen\u00e8ve, 16.11.22 \u00a9 Indra Crittin pour Le Regard Libre"},{"@type":"BreadcrumbList","@id":"https:\/\/leregardlibre.com\/economie\/myret-zaki-mefions-nous-de-celui-qui-se-pretend-neutre\/#breadcrumb","itemListElement":[{"@type":"ListItem","position":1,"name":"Accueil","item":"https:\/\/leregardlibre.com\/"},{"@type":"ListItem","position":2,"name":"Myret Zaki: \u00abM\u00e9fions-nous de celui qui se pr\u00e9tend neutre\u00bb"}]},{"@type":"WebSite","@id":"https:\/\/leregardlibre.com\/#website","url":"https:\/\/leregardlibre.com\/","name":"Le Regard Libre","description":"Switzerland's first monthly debate magazine","publisher":{"@id":"https:\/\/leregardlibre.com\/#organization"},"potentialAction":[{"@type":"SearchAction","target":{"@type":"EntryPoint","urlTemplate":"https:\/\/leregardlibre.com\/?s={search_term_string}"},"query-input":{"@type":"PropertyValueSpecification","valueRequired":true,"valueName":"search_term_string"}}],"inLanguage":"en-US"},{"@type":"Organization","@id":"https:\/\/leregardlibre.com\/#organization","name":"Le Regard Libre","url":"https:\/\/leregardlibre.com\/","logo":{"@type":"ImageObject","inLanguage":"en-US","@id":"https:\/\/leregardlibre.com\/#\/schema\/logo\/image\/","url":"https:\/\/leregardlibre.com\/wp-content\/uploads\/2025\/08\/logo-rl-icone-neg.jpeg","contentUrl":"https:\/\/leregardlibre.com\/wp-content\/uploads\/2025\/08\/logo-rl-icone-neg.jpeg","width":557,"height":556,"caption":"Le Regard Libre"},"image":{"@id":"https:\/\/leregardlibre.com\/#\/schema\/logo\/image\/"},"sameAs":["https:\/\/www.facebook.com\/leregardlibre\/","https:\/\/x.com\/LeRegardLibre","https:\/\/www.linkedin.com\/company\/le-regard-libre","https:\/\/www.instagram.com\/leregardlibre\/","http:\/\/t.me\/leregardlibre","https:\/\/youtube.com\/channel\/UC6HzGPomj1LsUmlz-sJtITQ"],"description":"Le Regard Libre is a Swiss monthly magazine for intellectual and cultural debate. Its editorial team is young, voluntary, liberal and pluralist. The magazine appears online and in print. Its language is French.","email":"redaction@leregardlibre.com","legalName":"Le Regard Libre","foundingDate":"2014-01-01","numberOfEmployees":{"@type":"QuantitativeValue","minValue":"11","maxValue":"50"},"publishingPrinciples":"https:\/\/leregardlibre.com\/a-propos\/notre-manifeste\/","ownershipFundingInfo":"https:\/\/leregardlibre.com\/mentions-legales\/","actionableFeedbackPolicy":"https:\/\/leregardlibre.com\/conditions-generales-de-vente\/"},{"@type":"Person","@id":"https:\/\/leregardlibre.com\/#\/schema\/person\/cbd7c3c085525076ade046b538a909aa","name":"Guillaume Heck","image":{"@type":"ImageObject","inLanguage":"en-US","@id":"https:\/\/secure.gravatar.com\/avatar\/e4c90bfb39d95d0949a3f2f71d592a32691626ae8247a9417322cd9d0a92a895?s=96&d=identicon&r=g","url":"https:\/\/secure.gravatar.com\/avatar\/e4c90bfb39d95d0949a3f2f71d592a32691626ae8247a9417322cd9d0a92a895?s=96&d=identicon&r=g","contentUrl":"https:\/\/secure.gravatar.com\/avatar\/e4c90bfb39d95d0949a3f2f71d592a32691626ae8247a9417322cd9d0a92a895?s=96&d=identicon&r=g","caption":"Guillaume Heck"},"url":"https:\/\/leregardlibre.com\/en\/author\/guillaume-heck\/"}]}},"_links":{"self":[{"href":"https:\/\/leregardlibre.com\/en\/wp-json\/wp\/v2\/posts\/514976","targetHints":{"allow":["GET"]}}],"collection":[{"href":"https:\/\/leregardlibre.com\/en\/wp-json\/wp\/v2\/posts"}],"about":[{"href":"https:\/\/leregardlibre.com\/en\/wp-json\/wp\/v2\/types\/post"}],"author":[{"embeddable":true,"href":"https:\/\/leregardlibre.com\/en\/wp-json\/wp\/v2\/users\/421"}],"replies":[{"embeddable":true,"href":"https:\/\/leregardlibre.com\/en\/wp-json\/wp\/v2\/comments?post=514976"}],"version-history":[{"count":2,"href":"https:\/\/leregardlibre.com\/en\/wp-json\/wp\/v2\/posts\/514976\/revisions"}],"predecessor-version":[{"id":515119,"href":"https:\/\/leregardlibre.com\/en\/wp-json\/wp\/v2\/posts\/514976\/revisions\/515119"}],"wp:featuredmedia":[{"embeddable":true,"href":"https:\/\/leregardlibre.com\/en\/wp-json\/wp\/v2\/media\/514983"}],"wp:attachment":[{"href":"https:\/\/leregardlibre.com\/en\/wp-json\/wp\/v2\/media?parent=514976"}],"wp:term":[{"taxonomy":"category","embeddable":true,"href":"https:\/\/leregardlibre.com\/en\/wp-json\/wp\/v2\/categories?post=514976"},{"taxonomy":"post_tag","embeddable":true,"href":"https:\/\/leregardlibre.com\/en\/wp-json\/wp\/v2\/tags?post=514976"}],"curies":[{"name":"wp","href":"https:\/\/api.w.org\/{rel}","templated":true}]}}