{"id":515803,"date":"2023-01-20T06:00:00","date_gmt":"2023-01-20T05:00:00","guid":{"rendered":"https:\/\/leregardlibre.com\/?p=515803"},"modified":"2024-07-07T12:17:15","modified_gmt":"2024-07-07T10:17:15","slug":"le-photoreportage-de-bernard-lechot-neige","status":"publish","type":"post","link":"https:\/\/leregardlibre.com\/en\/visual-arts\/photography\/le-photoreportage-de-bernard-lechot-neige\/","title":{"rendered":"Snow in colors\ufffc"},"content":{"rendered":"<div class='content_excerpt'>\n<p class=\"has-drop-cap\">Snow in color, or more precisely, snow and color, which shine all the more brightly when the \u00abwhite coat\u00bb, as the song goes, tries to cover them. A walk not on Kilimanjaro, but in the town of Neuch\u00e2tel, a previous winter.<\/p>\n\n\n\n SEE THE PHOTO REPORT (SUBSCRIBERS)\n    <div class='restricted_content_fade'><\/div>\n    <\/div>\n  <style>\n    .content_excerpt{\n      position: relative;\n    }\n    .content_excerpt .restricted_content_fade{\n      position: absolute;\n      bottom: 0;\n      left: 0;\n      right: 0;\n      height: 75px;\n\t  margin-bottom: 0px;\n      background-image: linear-gradient(#ffffff2e, white);\n    }\n\n    .restricted_content{\n      margin-top: 30px;\n      border: solid #dddddd 1px;\n      border-radius: 7px;\n      padding: 30px;\n    }\n    \n    .restricted_content .restricted_content_title{\n      font-size: 22px;\n      font-weight: 600;\n    }\n    .restricted_content .restricted_content_flex_row{\n      display: flex;\n      flex-direction: row;\n    }\n    .restricted_content .restricted_content_image_container{\n      flex: 3;\n    }\n    .restricted_content .restricted_content_flex_column{\n      flex: 4;\n      display: flex;\n      flex-direction: column;\n      margin-left: 40px;\n      justify-content: center;\n    }\n\n\n    .restricted_content_buttons{\n      display: flex;\n      flex-direction: column;\n      width: min-content;\n    }\n    .restricted_content_button{\n      background-color: #f2f2f2;\n      text-transform: uppercase;\n      font-weight: 600;\n      padding: 8px 40px;\n      text-align: center;\n      font-size: 13px;\n      margin-top: 10px;\n      width: max-content;\n      width: 100%;\n      white-space: nowrap;\n    }\n    .restricted_content_button:hover {\n      background-color: #111111;\n      color: white;\n      text-decoration: none !important;\n    }\n\n    .restricted_content_primary_button{\n      background-color: #1F2A68 !important;\n      color: white !important;\n    }\n    .restricted_content_primary_button:hover {\n      background-color: #111111;\n    }\n\n    .restricted_content_text{\n      margin-bottom: 10px;\n      line-height: 1.2;\n      font-weight: 500;\n      font-size: 16px;\n    }\n\n  \n  <\/style>\n  <div class='restricted_content'>\n    <h3 class='restricted_content_title'>This content is reserved for our subscribers.<\/h3>\n    <div class='restricted_content_flex_row'>\n      <div class='restricted_content_image_container'>\n        <img class='restricted_content_image' src='\/wp-content\/uploads\/2025\/08\/abo_physique.png' \/>\n      <\/div>\n      <div class='restricted_content_flex_column'>\n        <div class='restricted_content_text'>If you have an account, please log in. Otherwise, discover our different subscription packages and create an account from CHF 2.50 for the first month.<\/div>\n        <div class='restricted_content_buttons'>\n          <a href='\/en\/subscription\/' class='restricted_content_button restricted_content_primary_button'>See subscriptions<\/a><a href='\/en\/my-account\/?redirect_to=https:\/\/leregardlibre.com\/en\/visual-arts\/photography\/le-photoreportage-de-bernard-lechot-neige\/'class='restricted_content_button'>Login<\/a><\/div>\n      <\/div>\n    <\/div>\n  <\/div>","protected":false},"excerpt":{"rendered":"<div class='content_excerpt'>\n<p class=\"has-drop-cap\">Snow in color, or more precisely, snow and color, which shine all the more brightly when the \u00abwhite coat\u00bb, as the song goes, tries to cover them. A walk not on Kilimanjaro, but in the town of Neuch\u00e2tel, a previous winter.<\/p>\n<p> SEE THE PHOTO REPORT (SUBSCRIBERS)<\/p>\n<div class='restricted_content_fade'><\/div>\n<\/p><\/div>\n<style>\n    .content_excerpt{\n      position: relative;\n    }\n    .content_excerpt .restricted_content_fade{\n      position: absolute;\n      bottom: 0;\n      left: 0;\n      right: 0;\n      height: 75px;\n\t  margin-bottom: 0px;\n      background-image: linear-gradient(#ffffff2e, white);\n    }<\/p>\n<p>    .restricted_content{\n      margin-top: 30px;\n      border: solid #dddddd 1px;\n      border-radius: 7px;\n      padding: 30px;\n    }<\/p>\n<p>    .restricted_content .restricted_content_title{\n      font-size: 22px;\n      font-weight: 600;\n    }\n    .restricted_content .restricted_content_flex_row{\n      display: flex;\n      flex-direction: row;\n    }\n    .restricted_content .restricted_content_image_container{\n      flex: 3;\n    }\n    .restricted_content .restricted_content_flex_column{\n      flex: 4;\n      display: flex;\n      flex-direction: column;\n      margin-left: 40px;\n      justify-content: center;\n    }<\/p>\n<p>    .restricted_content_buttons{\n      display: flex;\n      flex-direction: column;\n      width: min-content;\n    }\n    .restricted_content_button{\n      background-color: #f2f2f2;\n      text-transform: uppercase;\n      font-weight: 600;\n      padding: 8px 40px;\n      text-align: center;\n      font-size: 13px;\n      margin-top: 10px;\n      width: max-content;\n      width: 100%;\n      white-space: nowrap;\n    }\n    .restricted_content_button:hover {\n      background-color: #111111;\n      color: white;\n      text-decoration: none !important;\n    }<\/p>\n<p>    .restricted_content_primary_button{\n      background-color: #1F2A68 !important;\n      color: white !important;\n    }\n    .restricted_content_primary_button:hover {\n      background-color: #111111;\n    }<\/p>\n<p>    .restricted_content_text{\n      margin-bottom: 10px;\n      line-height: 1.2;\n      font-weight: 500;\n      font-size: 16px;\n    }<\/p>\n<\/style>\n<div class='restricted_content'>\n<h3 class='restricted_content_title'>This content is reserved for our subscribers.<\/h3>\n<div class='restricted_content_flex_row'>\n<div class='restricted_content_image_container'>\n        <img class='restricted_content_image' src='\/wp-content\/uploads\/2025\/08\/abo_physique.png' \/>\n      <\/div>\n<div class='restricted_content_flex_column'>\n<div class='restricted_content_text'>If you have an account, please log in. Otherwise, discover our different subscription packages and create an account from CHF 2.50 for the first month.<\/div>\n<div class='restricted_content_buttons'>\n          <a href='\/en\/subscription\/' class='restricted_content_button restricted_content_primary_button'>See subscriptions<\/a><a href='\/en\/my-account\/?redirect_to=https:\/\/leregardlibre.com\/en\/visual-arts\/photography\/le-photoreportage-de-bernard-lechot-neige\/'class='restricted_content_button'>Login<\/a><\/div>\n<\/p><\/div>\n<\/p><\/div>\n<\/p><\/div>","protected":false},"author":64,"featured_media":515805,"comment_status":"open","ping_status":"closed","sticky":false,"template":"","format":"standard","meta":{"_acf_changed":false,"footnotes":""},"categories":[19349],"tags":[107596,644357132,644358175,146140,644357093],"class_list":["post-515803","post","type-post","status-publish","format-standard","has-post-thumbnail","hentry","category-photographie","tag-hiver","tag-le-photoreportage-de-bernard-lechot","tag-neige","tag-neuchatel","tag-photoreportage","membership-content","access-restricted"],"acf":[],"yoast_head":"<!-- This site is optimized with the Yoast SEO Premium plugin v27.4 (Yoast SEO v27.4) - https:\/\/yoast.com\/product\/yoast-seo-premium-wordpress\/ -->\n<title>Le photoreportage de Bernard L\u00e9chot: Neige en couleurs<\/title>\n<meta name=\"description\" content=\"Photoreportage | Neige en couleurs, ou plus pr\u00e9cis\u00e9ment, neige et couleurs. Promenade non pas sur le Kilimandjaro, mais en ville de Neuch\u00e2tel\" \/>\n<meta name=\"robots\" content=\"index, follow, max-snippet:-1, max-image-preview:large, max-video-preview:-1\" \/>\n<link rel=\"canonical\" href=\"https:\/\/leregardlibre.com\/en\/visual-arts\/photography\/le-photoreportage-de-bernard-lechot-neige\/\" \/>\n<meta property=\"og:locale\" content=\"en_US\" \/>\n<meta property=\"og:type\" content=\"article\" \/>\n<meta property=\"og:title\" content=\"Neige en couleurs\ufffc\" \/>\n<meta property=\"og:description\" content=\"Photoreportage | Neige en couleurs, ou plus pr\u00e9cis\u00e9ment, neige et couleurs. Promenade non pas sur le Kilimandjaro, mais en ville de Neuch\u00e2tel\" \/>\n<meta property=\"og:url\" content=\"https:\/\/leregardlibre.com\/en\/visual-arts\/photography\/le-photoreportage-de-bernard-lechot-neige\/\" \/>\n<meta property=\"og:site_name\" content=\"Le Regard Libre\" \/>\n<meta property=\"article:publisher\" content=\"https:\/\/www.facebook.com\/leregardlibre\/\" \/>\n<meta property=\"article:published_time\" content=\"2023-01-20T05:00:00+00:00\" \/>\n<meta property=\"article:modified_time\" content=\"2024-07-07T10:17:15+00:00\" \/>\n<meta property=\"og:image\" content=\"https:\/\/leregardlibre.com\/wp-content\/uploads\/2023\/01\/2neige-en-couleurs--bernard-lechot.jpg\" \/>\n\t<meta property=\"og:image:width\" content=\"1513\" \/>\n\t<meta property=\"og:image:height\" content=\"1080\" \/>\n\t<meta property=\"og:image:type\" content=\"image\/jpeg\" \/>\n<meta name=\"author\" content=\"Bernard L\u00e9chot\" \/>\n<meta name=\"twitter:card\" content=\"summary_large_image\" \/>\n<meta name=\"twitter:creator\" content=\"@LeRegardLibre\" \/>\n<meta name=\"twitter:site\" content=\"@LeRegardLibre\" \/>\n<meta name=\"twitter:label1\" content=\"Written by\" \/>\n\t<meta name=\"twitter:data1\" content=\"Bernard L\u00e9chot\" \/>\n\t<meta name=\"twitter:label2\" content=\"Est. reading time\" \/>\n\t<meta name=\"twitter:data2\" content=\"1 minute\" \/>\n<script type=\"application\/ld+json\" class=\"yoast-schema-graph\">{\"@context\":\"https:\\\/\\\/schema.org\",\"@graph\":[{\"@type\":\"Article\",\"@id\":\"https:\\\/\\\/leregardlibre.com\\\/arts-visuels\\\/photographie\\\/le-photoreportage-de-bernard-lechot-neige\\\/#article\",\"isPartOf\":{\"@id\":\"https:\\\/\\\/leregardlibre.com\\\/arts-visuels\\\/photographie\\\/le-photoreportage-de-bernard-lechot-neige\\\/\"},\"author\":{\"name\":\"Bernard L\u00e9chot\",\"@id\":\"https:\\\/\\\/leregardlibre.com\\\/#\\\/schema\\\/person\\\/cd05fcb9f8ec0a3e43a7fb4a40f1fdf7\"},\"headline\":\"Neige en couleurs\ufffc\",\"datePublished\":\"2023-01-20T05:00:00+00:00\",\"dateModified\":\"2024-07-07T10:17:15+00:00\",\"mainEntityOfPage\":{\"@id\":\"https:\\\/\\\/leregardlibre.com\\\/arts-visuels\\\/photographie\\\/le-photoreportage-de-bernard-lechot-neige\\\/\"},\"wordCount\":58,\"commentCount\":0,\"publisher\":{\"@id\":\"https:\\\/\\\/leregardlibre.com\\\/#organization\"},\"image\":{\"@id\":\"https:\\\/\\\/leregardlibre.com\\\/arts-visuels\\\/photographie\\\/le-photoreportage-de-bernard-lechot-neige\\\/#primaryimage\"},\"thumbnailUrl\":\"https:\\\/\\\/leregardlibre.com\\\/wp-content\\\/uploads\\\/2023\\\/01\\\/2neige-en-couleurs--bernard-lechot.jpg\",\"keywords\":[\"Hiver\",\"Le photoreportage de Bernard L\u00e9chot\",\"Neige\",\"Neuch\u00e2tel\",\"Photoreportage\"],\"articleSection\":[\"Photographie\"],\"inLanguage\":\"en-US\",\"potentialAction\":[{\"@type\":\"CommentAction\",\"name\":\"Comment\",\"target\":[\"https:\\\/\\\/leregardlibre.com\\\/arts-visuels\\\/photographie\\\/le-photoreportage-de-bernard-lechot-neige\\\/#respond\"]}]},{\"@type\":\"WebPage\",\"@id\":\"https:\\\/\\\/leregardlibre.com\\\/arts-visuels\\\/photographie\\\/le-photoreportage-de-bernard-lechot-neige\\\/\",\"url\":\"https:\\\/\\\/leregardlibre.com\\\/arts-visuels\\\/photographie\\\/le-photoreportage-de-bernard-lechot-neige\\\/\",\"name\":\"Le photoreportage de Bernard L\u00e9chot: Neige en couleurs\",\"isPartOf\":{\"@id\":\"https:\\\/\\\/leregardlibre.com\\\/#website\"},\"primaryImageOfPage\":{\"@id\":\"https:\\\/\\\/leregardlibre.com\\\/arts-visuels\\\/photographie\\\/le-photoreportage-de-bernard-lechot-neige\\\/#primaryimage\"},\"image\":{\"@id\":\"https:\\\/\\\/leregardlibre.com\\\/arts-visuels\\\/photographie\\\/le-photoreportage-de-bernard-lechot-neige\\\/#primaryimage\"},\"thumbnailUrl\":\"https:\\\/\\\/leregardlibre.com\\\/wp-content\\\/uploads\\\/2023\\\/01\\\/2neige-en-couleurs--bernard-lechot.jpg\",\"datePublished\":\"2023-01-20T05:00:00+00:00\",\"dateModified\":\"2024-07-07T10:17:15+00:00\",\"description\":\"Photoreportage | Neige en couleurs, ou plus pr\u00e9cis\u00e9ment, neige et couleurs. Promenade non pas sur le Kilimandjaro, mais en ville de Neuch\u00e2tel\",\"breadcrumb\":{\"@id\":\"https:\\\/\\\/leregardlibre.com\\\/arts-visuels\\\/photographie\\\/le-photoreportage-de-bernard-lechot-neige\\\/#breadcrumb\"},\"inLanguage\":\"en-US\",\"potentialAction\":[{\"@type\":\"ReadAction\",\"target\":[\"https:\\\/\\\/leregardlibre.com\\\/arts-visuels\\\/photographie\\\/le-photoreportage-de-bernard-lechot-neige\\\/\"]}]},{\"@type\":\"ImageObject\",\"inLanguage\":\"en-US\",\"@id\":\"https:\\\/\\\/leregardlibre.com\\\/arts-visuels\\\/photographie\\\/le-photoreportage-de-bernard-lechot-neige\\\/#primaryimage\",\"url\":\"https:\\\/\\\/leregardlibre.com\\\/wp-content\\\/uploads\\\/2023\\\/01\\\/2neige-en-couleurs--bernard-lechot.jpg\",\"contentUrl\":\"https:\\\/\\\/leregardlibre.com\\\/wp-content\\\/uploads\\\/2023\\\/01\\\/2neige-en-couleurs--bernard-lechot.jpg\",\"width\":1513,\"height\":1080,\"caption\":\"neige\"},{\"@type\":\"BreadcrumbList\",\"@id\":\"https:\\\/\\\/leregardlibre.com\\\/arts-visuels\\\/photographie\\\/le-photoreportage-de-bernard-lechot-neige\\\/#breadcrumb\",\"itemListElement\":[{\"@type\":\"ListItem\",\"position\":1,\"name\":\"Accueil\",\"item\":\"https:\\\/\\\/leregardlibre.com\\\/\"},{\"@type\":\"ListItem\",\"position\":2,\"name\":\"Neige en couleurs\ufffc\"}]},{\"@type\":\"WebSite\",\"@id\":\"https:\\\/\\\/leregardlibre.com\\\/#website\",\"url\":\"https:\\\/\\\/leregardlibre.com\\\/\",\"name\":\"Le Regard Libre\",\"description\":\"Premier mensuel suisse de d\u00e9bat\",\"publisher\":{\"@id\":\"https:\\\/\\\/leregardlibre.com\\\/#organization\"},\"potentialAction\":[{\"@type\":\"SearchAction\",\"target\":{\"@type\":\"EntryPoint\",\"urlTemplate\":\"https:\\\/\\\/leregardlibre.com\\\/?s={search_term_string}\"},\"query-input\":{\"@type\":\"PropertyValueSpecification\",\"valueRequired\":true,\"valueName\":\"search_term_string\"}}],\"inLanguage\":\"en-US\"},{\"@type\":\"Organization\",\"@id\":\"https:\\\/\\\/leregardlibre.com\\\/#organization\",\"name\":\"Le Regard Libre\",\"url\":\"https:\\\/\\\/leregardlibre.com\\\/\",\"logo\":{\"@type\":\"ImageObject\",\"inLanguage\":\"en-US\",\"@id\":\"https:\\\/\\\/leregardlibre.com\\\/#\\\/schema\\\/logo\\\/image\\\/\",\"url\":\"https:\\\/\\\/leregardlibre.com\\\/wp-content\\\/uploads\\\/2025\\\/08\\\/logo-rl-icone-neg.jpeg\",\"contentUrl\":\"https:\\\/\\\/leregardlibre.com\\\/wp-content\\\/uploads\\\/2025\\\/08\\\/logo-rl-icone-neg.jpeg\",\"width\":557,\"height\":556,\"caption\":\"Le Regard Libre\"},\"image\":{\"@id\":\"https:\\\/\\\/leregardlibre.com\\\/#\\\/schema\\\/logo\\\/image\\\/\"},\"sameAs\":[\"https:\\\/\\\/www.facebook.com\\\/leregardlibre\\\/\",\"https:\\\/\\\/x.com\\\/LeRegardLibre\",\"https:\\\/\\\/www.linkedin.com\\\/company\\\/le-regard-libre\",\"https:\\\/\\\/www.instagram.com\\\/leregardlibre\\\/\",\"http:\\\/\\\/t.me\\\/leregardlibre\",\"https:\\\/\\\/youtube.com\\\/channel\\\/UC6HzGPomj1LsUmlz-sJtITQ\"],\"description\":\"Le Regard Libre est un mensuel suisse de d\u00e9bat intellectuel et culturel. Sa r\u00e9daction est jeune, b\u00e9n\u00e9vole, lib\u00e9rale et pluraliste. Le magazine para\u00eet en ligne et sous forme papier. Sa langue est le fran\u00e7ais.\",\"email\":\"redaction@leregardlibre.com\",\"legalName\":\"Le Regard Libre\",\"foundingDate\":\"2014-01-01\",\"numberOfEmployees\":{\"@type\":\"QuantitativeValue\",\"minValue\":\"11\",\"maxValue\":\"50\"},\"publishingPrinciples\":\"https:\\\/\\\/leregardlibre.com\\\/a-propos\\\/notre-manifeste\\\/\",\"ownershipFundingInfo\":\"https:\\\/\\\/leregardlibre.com\\\/mentions-legales\\\/\",\"actionableFeedbackPolicy\":\"https:\\\/\\\/leregardlibre.com\\\/conditions-generales-de-vente\\\/\"},{\"@type\":\"Person\",\"@id\":\"https:\\\/\\\/leregardlibre.com\\\/#\\\/schema\\\/person\\\/cd05fcb9f8ec0a3e43a7fb4a40f1fdf7\",\"name\":\"Bernard L\u00e9chot\",\"image\":{\"@type\":\"ImageObject\",\"inLanguage\":\"en-US\",\"@id\":\"https:\\\/\\\/secure.gravatar.com\\\/avatar\\\/4189264789a698e4acd8522cb81e3d76d93cb3de04a4a8d156a5d7236d7a67de?s=96&d=identicon&r=g\",\"url\":\"https:\\\/\\\/secure.gravatar.com\\\/avatar\\\/4189264789a698e4acd8522cb81e3d76d93cb3de04a4a8d156a5d7236d7a67de?s=96&d=identicon&r=g\",\"contentUrl\":\"https:\\\/\\\/secure.gravatar.com\\\/avatar\\\/4189264789a698e4acd8522cb81e3d76d93cb3de04a4a8d156a5d7236d7a67de?s=96&d=identicon&r=g\",\"caption\":\"Bernard L\u00e9chot\"},\"description\":\"Auteur-compositeur-interpr\u00e8te, producteur musical, voix off et photographe, Bernard L\u00e9chot livre chaque mois pour Le Regard Libre son photoreportage.\",\"sameAs\":[\"https:\\\/\\\/leregardlibre.com\\\/\",\"https:\\\/\\\/fr.wikipedia.org\\\/wiki\\\/Le_Regard_libre\"],\"url\":\"https:\\\/\\\/leregardlibre.com\\\/en\\\/author\\\/bernard-lechot\\\/\"}]}<\/script>\n<!-- \/ Yoast SEO Premium plugin. -->","yoast_head_json":{"title":"Le photoreportage de Bernard L\u00e9chot: Neige en couleurs","description":"Photoreportage | Neige en couleurs, ou plus pr\u00e9cis\u00e9ment, neige et couleurs. Promenade non pas sur le Kilimandjaro, mais en ville de Neuch\u00e2tel","robots":{"index":"index","follow":"follow","max-snippet":"max-snippet:-1","max-image-preview":"max-image-preview:large","max-video-preview":"max-video-preview:-1"},"canonical":"https:\/\/leregardlibre.com\/en\/visual-arts\/photography\/le-photoreportage-de-bernard-lechot-neige\/","og_locale":"en_US","og_type":"article","og_title":"Neige en couleurs\ufffc","og_description":"Photoreportage | Neige en couleurs, ou plus pr\u00e9cis\u00e9ment, neige et couleurs. Promenade non pas sur le Kilimandjaro, mais en ville de Neuch\u00e2tel","og_url":"https:\/\/leregardlibre.com\/en\/visual-arts\/photography\/le-photoreportage-de-bernard-lechot-neige\/","og_site_name":"Le Regard Libre","article_publisher":"https:\/\/www.facebook.com\/leregardlibre\/","article_published_time":"2023-01-20T05:00:00+00:00","article_modified_time":"2024-07-07T10:17:15+00:00","og_image":[{"width":1513,"height":1080,"url":"https:\/\/leregardlibre.com\/wp-content\/uploads\/2023\/01\/2neige-en-couleurs--bernard-lechot.jpg","type":"image\/jpeg"}],"author":"Bernard L\u00e9chot","twitter_card":"summary_large_image","twitter_creator":"@LeRegardLibre","twitter_site":"@LeRegardLibre","twitter_misc":{"Written by":"Bernard L\u00e9chot","Est. reading time":"1 minute"},"schema":{"@context":"https:\/\/schema.org","@graph":[{"@type":"Article","@id":"https:\/\/leregardlibre.com\/arts-visuels\/photographie\/le-photoreportage-de-bernard-lechot-neige\/#article","isPartOf":{"@id":"https:\/\/leregardlibre.com\/arts-visuels\/photographie\/le-photoreportage-de-bernard-lechot-neige\/"},"author":{"name":"Bernard L\u00e9chot","@id":"https:\/\/leregardlibre.com\/#\/schema\/person\/cd05fcb9f8ec0a3e43a7fb4a40f1fdf7"},"headline":"Neige en couleurs\ufffc","datePublished":"2023-01-20T05:00:00+00:00","dateModified":"2024-07-07T10:17:15+00:00","mainEntityOfPage":{"@id":"https:\/\/leregardlibre.com\/arts-visuels\/photographie\/le-photoreportage-de-bernard-lechot-neige\/"},"wordCount":58,"commentCount":0,"publisher":{"@id":"https:\/\/leregardlibre.com\/#organization"},"image":{"@id":"https:\/\/leregardlibre.com\/arts-visuels\/photographie\/le-photoreportage-de-bernard-lechot-neige\/#primaryimage"},"thumbnailUrl":"https:\/\/leregardlibre.com\/wp-content\/uploads\/2023\/01\/2neige-en-couleurs--bernard-lechot.jpg","keywords":["Hiver","Le photoreportage de Bernard L\u00e9chot","Neige","Neuch\u00e2tel","Photoreportage"],"articleSection":["Photographie"],"inLanguage":"en-US","potentialAction":[{"@type":"CommentAction","name":"Comment","target":["https:\/\/leregardlibre.com\/arts-visuels\/photographie\/le-photoreportage-de-bernard-lechot-neige\/#respond"]}]},{"@type":"WebPage","@id":"https:\/\/leregardlibre.com\/arts-visuels\/photographie\/le-photoreportage-de-bernard-lechot-neige\/","url":"https:\/\/leregardlibre.com\/arts-visuels\/photographie\/le-photoreportage-de-bernard-lechot-neige\/","name":"Le photoreportage de Bernard L\u00e9chot: Neige en couleurs","isPartOf":{"@id":"https:\/\/leregardlibre.com\/#website"},"primaryImageOfPage":{"@id":"https:\/\/leregardlibre.com\/arts-visuels\/photographie\/le-photoreportage-de-bernard-lechot-neige\/#primaryimage"},"image":{"@id":"https:\/\/leregardlibre.com\/arts-visuels\/photographie\/le-photoreportage-de-bernard-lechot-neige\/#primaryimage"},"thumbnailUrl":"https:\/\/leregardlibre.com\/wp-content\/uploads\/2023\/01\/2neige-en-couleurs--bernard-lechot.jpg","datePublished":"2023-01-20T05:00:00+00:00","dateModified":"2024-07-07T10:17:15+00:00","description":"Photoreportage | Neige en couleurs, ou plus pr\u00e9cis\u00e9ment, neige et couleurs. Promenade non pas sur le Kilimandjaro, mais en ville de Neuch\u00e2tel","breadcrumb":{"@id":"https:\/\/leregardlibre.com\/arts-visuels\/photographie\/le-photoreportage-de-bernard-lechot-neige\/#breadcrumb"},"inLanguage":"en-US","potentialAction":[{"@type":"ReadAction","target":["https:\/\/leregardlibre.com\/arts-visuels\/photographie\/le-photoreportage-de-bernard-lechot-neige\/"]}]},{"@type":"ImageObject","inLanguage":"en-US","@id":"https:\/\/leregardlibre.com\/arts-visuels\/photographie\/le-photoreportage-de-bernard-lechot-neige\/#primaryimage","url":"https:\/\/leregardlibre.com\/wp-content\/uploads\/2023\/01\/2neige-en-couleurs--bernard-lechot.jpg","contentUrl":"https:\/\/leregardlibre.com\/wp-content\/uploads\/2023\/01\/2neige-en-couleurs--bernard-lechot.jpg","width":1513,"height":1080,"caption":"neige"},{"@type":"BreadcrumbList","@id":"https:\/\/leregardlibre.com\/arts-visuels\/photographie\/le-photoreportage-de-bernard-lechot-neige\/#breadcrumb","itemListElement":[{"@type":"ListItem","position":1,"name":"Accueil","item":"https:\/\/leregardlibre.com\/"},{"@type":"ListItem","position":2,"name":"Neige en couleurs\ufffc"}]},{"@type":"WebSite","@id":"https:\/\/leregardlibre.com\/#website","url":"https:\/\/leregardlibre.com\/","name":"Le Regard Libre","description":"Switzerland's first monthly debate magazine","publisher":{"@id":"https:\/\/leregardlibre.com\/#organization"},"potentialAction":[{"@type":"SearchAction","target":{"@type":"EntryPoint","urlTemplate":"https:\/\/leregardlibre.com\/?s={search_term_string}"},"query-input":{"@type":"PropertyValueSpecification","valueRequired":true,"valueName":"search_term_string"}}],"inLanguage":"en-US"},{"@type":"Organization","@id":"https:\/\/leregardlibre.com\/#organization","name":"Le Regard Libre","url":"https:\/\/leregardlibre.com\/","logo":{"@type":"ImageObject","inLanguage":"en-US","@id":"https:\/\/leregardlibre.com\/#\/schema\/logo\/image\/","url":"https:\/\/leregardlibre.com\/wp-content\/uploads\/2025\/08\/logo-rl-icone-neg.jpeg","contentUrl":"https:\/\/leregardlibre.com\/wp-content\/uploads\/2025\/08\/logo-rl-icone-neg.jpeg","width":557,"height":556,"caption":"Le Regard Libre"},"image":{"@id":"https:\/\/leregardlibre.com\/#\/schema\/logo\/image\/"},"sameAs":["https:\/\/www.facebook.com\/leregardlibre\/","https:\/\/x.com\/LeRegardLibre","https:\/\/www.linkedin.com\/company\/le-regard-libre","https:\/\/www.instagram.com\/leregardlibre\/","http:\/\/t.me\/leregardlibre","https:\/\/youtube.com\/channel\/UC6HzGPomj1LsUmlz-sJtITQ"],"description":"Le Regard Libre is a Swiss monthly magazine for intellectual and cultural debate. Its editorial team is young, voluntary, liberal and pluralist. The magazine appears online and in print. Its language is French.","email":"redaction@leregardlibre.com","legalName":"Le Regard Libre","foundingDate":"2014-01-01","numberOfEmployees":{"@type":"QuantitativeValue","minValue":"11","maxValue":"50"},"publishingPrinciples":"https:\/\/leregardlibre.com\/a-propos\/notre-manifeste\/","ownershipFundingInfo":"https:\/\/leregardlibre.com\/mentions-legales\/","actionableFeedbackPolicy":"https:\/\/leregardlibre.com\/conditions-generales-de-vente\/"},{"@type":"Person","@id":"https:\/\/leregardlibre.com\/#\/schema\/person\/cd05fcb9f8ec0a3e43a7fb4a40f1fdf7","name":"Bernard L\u00e9chot","image":{"@type":"ImageObject","inLanguage":"en-US","@id":"https:\/\/secure.gravatar.com\/avatar\/4189264789a698e4acd8522cb81e3d76d93cb3de04a4a8d156a5d7236d7a67de?s=96&d=identicon&r=g","url":"https:\/\/secure.gravatar.com\/avatar\/4189264789a698e4acd8522cb81e3d76d93cb3de04a4a8d156a5d7236d7a67de?s=96&d=identicon&r=g","contentUrl":"https:\/\/secure.gravatar.com\/avatar\/4189264789a698e4acd8522cb81e3d76d93cb3de04a4a8d156a5d7236d7a67de?s=96&d=identicon&r=g","caption":"Bernard L\u00e9chot"},"description":"Singer-songwriter, music producer, voice-over artist and photographer, Bernard L\u00e9chot delivers his monthly photo-reportage for Le Regard Libre.","sameAs":["https:\/\/leregardlibre.com\/","https:\/\/fr.wikipedia.org\/wiki\/Le_Regard_libre"],"url":"https:\/\/leregardlibre.com\/en\/author\/bernard-lechot\/"}]}},"_links":{"self":[{"href":"https:\/\/leregardlibre.com\/en\/wp-json\/wp\/v2\/posts\/515803","targetHints":{"allow":["GET"]}}],"collection":[{"href":"https:\/\/leregardlibre.com\/en\/wp-json\/wp\/v2\/posts"}],"about":[{"href":"https:\/\/leregardlibre.com\/en\/wp-json\/wp\/v2\/types\/post"}],"author":[{"embeddable":true,"href":"https:\/\/leregardlibre.com\/en\/wp-json\/wp\/v2\/users\/64"}],"replies":[{"embeddable":true,"href":"https:\/\/leregardlibre.com\/en\/wp-json\/wp\/v2\/comments?post=515803"}],"version-history":[{"count":2,"href":"https:\/\/leregardlibre.com\/en\/wp-json\/wp\/v2\/posts\/515803\/revisions"}],"predecessor-version":[{"id":522439,"href":"https:\/\/leregardlibre.com\/en\/wp-json\/wp\/v2\/posts\/515803\/revisions\/522439"}],"wp:featuredmedia":[{"embeddable":true,"href":"https:\/\/leregardlibre.com\/en\/wp-json\/wp\/v2\/media\/515805"}],"wp:attachment":[{"href":"https:\/\/leregardlibre.com\/en\/wp-json\/wp\/v2\/media?parent=515803"}],"wp:term":[{"taxonomy":"category","embeddable":true,"href":"https:\/\/leregardlibre.com\/en\/wp-json\/wp\/v2\/categories?post=515803"},{"taxonomy":"post_tag","embeddable":true,"href":"https:\/\/leregardlibre.com\/en\/wp-json\/wp\/v2\/tags?post=515803"}],"curies":[{"name":"wp","href":"https:\/\/api.w.org\/{rel}","templated":true}]}}