{"id":516397,"date":"2023-02-18T09:30:00","date_gmt":"2023-02-18T08:30:00","guid":{"rendered":"https:\/\/leregardlibre.com\/?p=516397"},"modified":"2025-08-21T00:07:24","modified_gmt":"2025-08-20T22:07:24","slug":"ralph-mullers-cartridge-the-spirit-proves-the-point","status":"publish","type":"post","link":"https:\/\/leregardlibre.com\/en\/company\/ralph-mullers-cartridge-the-spirit-proves-the-point\/","title":{"rendered":"Ralph M\u00fcller's cartridge: The mind put to the test"},"content":{"rendered":"<div class='content_excerpt'>\n<p class=\"has-drop-cap\"><strong>Each month, we feature a column by one of the personalities who give us the pleasure of alternating between the two. Youtuber Ralph M\u00fcller, a doctoral student in literature at the University of Geneva, delivers his scathing analysis of a typical contemporary phenomenon.<\/strong><\/p>\n\n\n\n Read the review (subscribers)\n    <div class='restricted_content_fade'><\/div>\n    <\/div>\n  <style>\n    .content_excerpt{\n      position: relative;\n    }\n    .content_excerpt .restricted_content_fade{\n      position: absolute;\n      bottom: 0;\n      left: 0;\n      right: 0;\n      height: 75px;\n\t  margin-bottom: 0px;\n      background-image: linear-gradient(#ffffff2e, white);\n    }\n\n    .restricted_content{\n      margin-top: 30px;\n      border: solid #dddddd 1px;\n      border-radius: 7px;\n      padding: 30px;\n    }\n    \n    .restricted_content .restricted_content_title{\n      font-size: 22px;\n      font-weight: 600;\n    }\n    .restricted_content .restricted_content_flex_row{\n      display: flex;\n      flex-direction: row;\n    }\n    .restricted_content .restricted_content_image_container{\n      flex: 3;\n    }\n    .restricted_content .restricted_content_flex_column{\n      flex: 4;\n      display: flex;\n      flex-direction: column;\n      margin-left: 40px;\n      justify-content: center;\n    }\n\n\n    .restricted_content_buttons{\n      display: flex;\n      flex-direction: column;\n      width: min-content;\n    }\n    .restricted_content_button{\n      background-color: #f2f2f2;\n      text-transform: uppercase;\n      font-weight: 600;\n      padding: 8px 40px;\n      text-align: center;\n      font-size: 13px;\n      margin-top: 10px;\n      width: max-content;\n      width: 100%;\n      white-space: nowrap;\n    }\n    .restricted_content_button:hover {\n      background-color: #111111;\n      color: white;\n      text-decoration: none !important;\n    }\n\n    .restricted_content_primary_button{\n      background-color: #1F2A68 !important;\n      color: white !important;\n    }\n    .restricted_content_primary_button:hover {\n      background-color: #111111;\n    }\n\n    .restricted_content_text{\n      margin-bottom: 10px;\n      line-height: 1.2;\n      font-weight: 500;\n      font-size: 16px;\n    }\n\n  \n  <\/style>\n  <div class='restricted_content'>\n    <h3 class='restricted_content_title'>This content is reserved for our subscribers.<\/h3>\n    <div class='restricted_content_flex_row'>\n      <div class='restricted_content_image_container'>\n        <img class='restricted_content_image' src='\/wp-content\/uploads\/2025\/08\/abo_physique.png' \/>\n      <\/div>\n      <div class='restricted_content_flex_column'>\n        <div class='restricted_content_text'>If you have an account, please log in. Otherwise, discover our different subscription packages and create an account from CHF 2.50 for the first month.<\/div>\n        <div class='restricted_content_buttons'>\n          <a href='\/en\/subscription\/' class='restricted_content_button restricted_content_primary_button'>See subscriptions<\/a><a href='\/en\/my-account\/?redirect_to=https:\/\/leregardlibre.com\/en\/company\/ralph-mullers-cartridge-the-spirit-proves-the-point\/'class='restricted_content_button'>Login<\/a><\/div>\n      <\/div>\n    <\/div>\n  <\/div>","protected":false},"excerpt":{"rendered":"<div class='content_excerpt'>\n<p class=\"has-drop-cap\"><strong>Each month, we feature a column by one of the personalities who give us the pleasure of alternating between the two. Youtuber Ralph M\u00fcller, a doctoral student in literature at the University of Geneva, delivers his scathing analysis of a typical contemporary phenomenon.<\/strong><\/p>\n<p> Read the review (subscribers)<\/p>\n<div class='restricted_content_fade'><\/div>\n<\/p><\/div>\n<style>\n    .content_excerpt{\n      position: relative;\n    }\n    .content_excerpt .restricted_content_fade{\n      position: absolute;\n      bottom: 0;\n      left: 0;\n      right: 0;\n      height: 75px;\n\t  margin-bottom: 0px;\n      background-image: linear-gradient(#ffffff2e, white);\n    }<\/p>\n<p>    .restricted_content{\n      margin-top: 30px;\n      border: solid #dddddd 1px;\n      border-radius: 7px;\n      padding: 30px;\n    }<\/p>\n<p>    .restricted_content .restricted_content_title{\n      font-size: 22px;\n      font-weight: 600;\n    }\n    .restricted_content .restricted_content_flex_row{\n      display: flex;\n      flex-direction: row;\n    }\n    .restricted_content .restricted_content_image_container{\n      flex: 3;\n    }\n    .restricted_content .restricted_content_flex_column{\n      flex: 4;\n      display: flex;\n      flex-direction: column;\n      margin-left: 40px;\n      justify-content: center;\n    }<\/p>\n<p>    .restricted_content_buttons{\n      display: flex;\n      flex-direction: column;\n      width: min-content;\n    }\n    .restricted_content_button{\n      background-color: #f2f2f2;\n      text-transform: uppercase;\n      font-weight: 600;\n      padding: 8px 40px;\n      text-align: center;\n      font-size: 13px;\n      margin-top: 10px;\n      width: max-content;\n      width: 100%;\n      white-space: nowrap;\n    }\n    .restricted_content_button:hover {\n      background-color: #111111;\n      color: white;\n      text-decoration: none !important;\n    }<\/p>\n<p>    .restricted_content_primary_button{\n      background-color: #1F2A68 !important;\n      color: white !important;\n    }\n    .restricted_content_primary_button:hover {\n      background-color: #111111;\n    }<\/p>\n<p>    .restricted_content_text{\n      margin-bottom: 10px;\n      line-height: 1.2;\n      font-weight: 500;\n      font-size: 16px;\n    }<\/p>\n<\/style>\n<div class='restricted_content'>\n<h3 class='restricted_content_title'>This content is reserved for our subscribers.<\/h3>\n<div class='restricted_content_flex_row'>\n<div class='restricted_content_image_container'>\n        <img class='restricted_content_image' src='\/wp-content\/uploads\/2025\/08\/abo_physique.png' \/>\n      <\/div>\n<div class='restricted_content_flex_column'>\n<div class='restricted_content_text'>If you have an account, please log in. Otherwise, discover our different subscription packages and create an account from CHF 2.50 for the first month.<\/div>\n<div class='restricted_content_buttons'>\n          <a href='\/en\/subscription\/' class='restricted_content_button restricted_content_primary_button'>See subscriptions<\/a><a href='\/en\/my-account\/?redirect_to=https:\/\/leregardlibre.com\/en\/company\/ralph-mullers-cartridge-the-spirit-proves-the-point\/'class='restricted_content_button'>Login<\/a><\/div>\n<\/p><\/div>\n<\/p><\/div>\n<\/p><\/div>","protected":false},"author":323,"featured_media":528789,"comment_status":"open","ping_status":"closed","sticky":false,"template":"","format":"standard","meta":{"_acf_changed":false,"footnotes":""},"categories":[8796],"tags":[644355830,644357631,350999,599182],"class_list":["post-516397","post","type-post","status-publish","format-standard","has-post-thumbnail","hentry","category-societe","tag-chroniques","tag-la-cartouche-de-ralph-muller","tag-reseaux-sociaux","tag-twitter","membership-content","access-restricted"],"acf":[],"yoast_head":"<!-- This site is optimized with the Yoast SEO Premium plugin v27.4 (Yoast SEO v27.4) - https:\/\/yoast.com\/product\/yoast-seo-premium-wordpress\/ -->\n<title>La cartouche de Ralph M\u00fcller: L\u2019esprit \u00e0 l\u2019\u00e9preuve du fait<\/title>\n<meta name=\"description\" content=\"\u00abLes faits nous p\u00e8sent et nous empestent!\u00bb La chronique de Ralph M\u00fcller, youtubeur de la cha\u00eene \u00abLa Cartouche\u00bb.\" \/>\n<meta name=\"robots\" content=\"index, follow, max-snippet:-1, max-image-preview:large, max-video-preview:-1\" \/>\n<link rel=\"canonical\" href=\"https:\/\/leregardlibre.com\/en\/company\/ralph-mullers-cartridge-the-spirit-proves-the-point\/\" \/>\n<meta property=\"og:locale\" content=\"en_US\" \/>\n<meta property=\"og:type\" content=\"article\" \/>\n<meta property=\"og:title\" content=\"La cartouche de Ralph M\u00fcller: L\u2019esprit \u00e0 l\u2019\u00e9preuve du fait\" \/>\n<meta property=\"og:description\" content=\"\u00abLes faits nous p\u00e8sent et nous empestent!\u00bb La chronique de Ralph M\u00fcller, youtubeur de la cha\u00eene \u00abLa Cartouche\u00bb.\" \/>\n<meta property=\"og:url\" content=\"https:\/\/leregardlibre.com\/en\/company\/ralph-mullers-cartridge-the-spirit-proves-the-point\/\" \/>\n<meta property=\"og:site_name\" content=\"Le Regard Libre\" \/>\n<meta property=\"article:publisher\" content=\"https:\/\/www.facebook.com\/leregardlibre\/\" \/>\n<meta property=\"article:published_time\" content=\"2023-02-18T08:30:00+00:00\" \/>\n<meta property=\"article:modified_time\" content=\"2025-08-20T22:07:24+00:00\" \/>\n<meta property=\"og:image\" content=\"https:\/\/leregardlibre.com\/wp-content\/uploads\/2025\/08\/ralph-muller--nathanael-schmid-1024x576.png\" \/>\n\t<meta property=\"og:image:width\" content=\"1024\" \/>\n\t<meta property=\"og:image:height\" content=\"576\" \/>\n\t<meta property=\"og:image:type\" content=\"image\/png\" \/>\n<meta name=\"author\" content=\"Ralph M\u00fcller\" \/>\n<meta name=\"twitter:card\" content=\"summary_large_image\" \/>\n<meta name=\"twitter:creator\" content=\"@LeRegardLibre\" \/>\n<meta name=\"twitter:site\" content=\"@LeRegardLibre\" \/>\n<meta name=\"twitter:label1\" content=\"Written by\" \/>\n\t<meta name=\"twitter:data1\" content=\"Ralph M\u00fcller\" \/>\n\t<meta name=\"twitter:label2\" content=\"Est. reading time\" \/>\n\t<meta name=\"twitter:data2\" content=\"4 minutes\" \/>\n<script type=\"application\/ld+json\" class=\"yoast-schema-graph\">{\"@context\":\"https:\\\/\\\/schema.org\",\"@graph\":[{\"@type\":\"Article\",\"@id\":\"https:\\\/\\\/leregardlibre.com\\\/societe\\\/la-cartouche-de-ralph-muller-lesprit-a-lepreuve-du-fait\\\/#article\",\"isPartOf\":{\"@id\":\"https:\\\/\\\/leregardlibre.com\\\/societe\\\/la-cartouche-de-ralph-muller-lesprit-a-lepreuve-du-fait\\\/\"},\"author\":{\"name\":\"Ralph M\u00fcller\",\"@id\":\"https:\\\/\\\/leregardlibre.com\\\/#\\\/schema\\\/person\\\/11b6382549059e998eaaaff375ecb6b8\"},\"headline\":\"La cartouche de Ralph M\u00fcller: L\u2019esprit \u00e0 l\u2019\u00e9preuve du fait\",\"datePublished\":\"2023-02-18T08:30:00+00:00\",\"dateModified\":\"2025-08-20T22:07:24+00:00\",\"mainEntityOfPage\":{\"@id\":\"https:\\\/\\\/leregardlibre.com\\\/societe\\\/la-cartouche-de-ralph-muller-lesprit-a-lepreuve-du-fait\\\/\"},\"wordCount\":760,\"commentCount\":0,\"publisher\":{\"@id\":\"https:\\\/\\\/leregardlibre.com\\\/#organization\"},\"image\":{\"@id\":\"https:\\\/\\\/leregardlibre.com\\\/societe\\\/la-cartouche-de-ralph-muller-lesprit-a-lepreuve-du-fait\\\/#primaryimage\"},\"thumbnailUrl\":\"https:\\\/\\\/leregardlibre.com\\\/wp-content\\\/uploads\\\/2025\\\/08\\\/ralph-muller--nathanael-schmid.png\",\"keywords\":[\"Chronique\",\"La cartouche de Ralph M\u00fcller\",\"R\u00e9seaux sociaux\",\"Twitter\"],\"articleSection\":[\"Soci\u00e9t\u00e9\"],\"inLanguage\":\"en-US\",\"potentialAction\":[{\"@type\":\"CommentAction\",\"name\":\"Comment\",\"target\":[\"https:\\\/\\\/leregardlibre.com\\\/societe\\\/la-cartouche-de-ralph-muller-lesprit-a-lepreuve-du-fait\\\/#respond\"]}]},{\"@type\":\"WebPage\",\"@id\":\"https:\\\/\\\/leregardlibre.com\\\/societe\\\/la-cartouche-de-ralph-muller-lesprit-a-lepreuve-du-fait\\\/\",\"url\":\"https:\\\/\\\/leregardlibre.com\\\/societe\\\/la-cartouche-de-ralph-muller-lesprit-a-lepreuve-du-fait\\\/\",\"name\":\"La cartouche de Ralph M\u00fcller: L\u2019esprit \u00e0 l\u2019\u00e9preuve du fait\",\"isPartOf\":{\"@id\":\"https:\\\/\\\/leregardlibre.com\\\/#website\"},\"primaryImageOfPage\":{\"@id\":\"https:\\\/\\\/leregardlibre.com\\\/societe\\\/la-cartouche-de-ralph-muller-lesprit-a-lepreuve-du-fait\\\/#primaryimage\"},\"image\":{\"@id\":\"https:\\\/\\\/leregardlibre.com\\\/societe\\\/la-cartouche-de-ralph-muller-lesprit-a-lepreuve-du-fait\\\/#primaryimage\"},\"thumbnailUrl\":\"https:\\\/\\\/leregardlibre.com\\\/wp-content\\\/uploads\\\/2025\\\/08\\\/ralph-muller--nathanael-schmid.png\",\"datePublished\":\"2023-02-18T08:30:00+00:00\",\"dateModified\":\"2025-08-20T22:07:24+00:00\",\"description\":\"\u00abLes faits nous p\u00e8sent et nous empestent!\u00bb La chronique de Ralph M\u00fcller, youtubeur de la cha\u00eene \u00abLa Cartouche\u00bb.\",\"breadcrumb\":{\"@id\":\"https:\\\/\\\/leregardlibre.com\\\/societe\\\/la-cartouche-de-ralph-muller-lesprit-a-lepreuve-du-fait\\\/#breadcrumb\"},\"inLanguage\":\"en-US\",\"potentialAction\":[{\"@type\":\"ReadAction\",\"target\":[\"https:\\\/\\\/leregardlibre.com\\\/societe\\\/la-cartouche-de-ralph-muller-lesprit-a-lepreuve-du-fait\\\/\"]}]},{\"@type\":\"ImageObject\",\"inLanguage\":\"en-US\",\"@id\":\"https:\\\/\\\/leregardlibre.com\\\/societe\\\/la-cartouche-de-ralph-muller-lesprit-a-lepreuve-du-fait\\\/#primaryimage\",\"url\":\"https:\\\/\\\/leregardlibre.com\\\/wp-content\\\/uploads\\\/2025\\\/08\\\/ralph-muller--nathanael-schmid.png\",\"contentUrl\":\"https:\\\/\\\/leregardlibre.com\\\/wp-content\\\/uploads\\\/2025\\\/08\\\/ralph-muller--nathanael-schmid.png\",\"width\":1920,\"height\":1080,\"caption\":\"Dessin: Nathanae\u0308l Schmid pour Le Regard Libre\"},{\"@type\":\"BreadcrumbList\",\"@id\":\"https:\\\/\\\/leregardlibre.com\\\/societe\\\/la-cartouche-de-ralph-muller-lesprit-a-lepreuve-du-fait\\\/#breadcrumb\",\"itemListElement\":[{\"@type\":\"ListItem\",\"position\":1,\"name\":\"Accueil\",\"item\":\"https:\\\/\\\/leregardlibre.com\\\/\"},{\"@type\":\"ListItem\",\"position\":2,\"name\":\"La cartouche de Ralph M\u00fcller: L\u2019esprit \u00e0 l\u2019\u00e9preuve du fait\"}]},{\"@type\":\"WebSite\",\"@id\":\"https:\\\/\\\/leregardlibre.com\\\/#website\",\"url\":\"https:\\\/\\\/leregardlibre.com\\\/\",\"name\":\"Le Regard Libre\",\"description\":\"Premier mensuel suisse de d\u00e9bat\",\"publisher\":{\"@id\":\"https:\\\/\\\/leregardlibre.com\\\/#organization\"},\"potentialAction\":[{\"@type\":\"SearchAction\",\"target\":{\"@type\":\"EntryPoint\",\"urlTemplate\":\"https:\\\/\\\/leregardlibre.com\\\/?s={search_term_string}\"},\"query-input\":{\"@type\":\"PropertyValueSpecification\",\"valueRequired\":true,\"valueName\":\"search_term_string\"}}],\"inLanguage\":\"en-US\"},{\"@type\":\"Organization\",\"@id\":\"https:\\\/\\\/leregardlibre.com\\\/#organization\",\"name\":\"Le Regard Libre\",\"url\":\"https:\\\/\\\/leregardlibre.com\\\/\",\"logo\":{\"@type\":\"ImageObject\",\"inLanguage\":\"en-US\",\"@id\":\"https:\\\/\\\/leregardlibre.com\\\/#\\\/schema\\\/logo\\\/image\\\/\",\"url\":\"https:\\\/\\\/leregardlibre.com\\\/wp-content\\\/uploads\\\/2025\\\/08\\\/logo-rl-icone-neg.jpeg\",\"contentUrl\":\"https:\\\/\\\/leregardlibre.com\\\/wp-content\\\/uploads\\\/2025\\\/08\\\/logo-rl-icone-neg.jpeg\",\"width\":557,\"height\":556,\"caption\":\"Le Regard Libre\"},\"image\":{\"@id\":\"https:\\\/\\\/leregardlibre.com\\\/#\\\/schema\\\/logo\\\/image\\\/\"},\"sameAs\":[\"https:\\\/\\\/www.facebook.com\\\/leregardlibre\\\/\",\"https:\\\/\\\/x.com\\\/LeRegardLibre\",\"https:\\\/\\\/www.linkedin.com\\\/company\\\/le-regard-libre\",\"https:\\\/\\\/www.instagram.com\\\/leregardlibre\\\/\",\"http:\\\/\\\/t.me\\\/leregardlibre\",\"https:\\\/\\\/youtube.com\\\/channel\\\/UC6HzGPomj1LsUmlz-sJtITQ\"],\"description\":\"Le Regard Libre est un mensuel suisse de d\u00e9bat intellectuel et culturel. Sa r\u00e9daction est jeune, b\u00e9n\u00e9vole, lib\u00e9rale et pluraliste. Le magazine para\u00eet en ligne et sous forme papier. Sa langue est le fran\u00e7ais.\",\"email\":\"redaction@leregardlibre.com\",\"legalName\":\"Le Regard Libre\",\"foundingDate\":\"2014-01-01\",\"numberOfEmployees\":{\"@type\":\"QuantitativeValue\",\"minValue\":\"11\",\"maxValue\":\"50\"},\"publishingPrinciples\":\"https:\\\/\\\/leregardlibre.com\\\/a-propos\\\/notre-manifeste\\\/\",\"ownershipFundingInfo\":\"https:\\\/\\\/leregardlibre.com\\\/mentions-legales\\\/\",\"actionableFeedbackPolicy\":\"https:\\\/\\\/leregardlibre.com\\\/conditions-generales-de-vente\\\/\"},{\"@type\":\"Person\",\"@id\":\"https:\\\/\\\/leregardlibre.com\\\/#\\\/schema\\\/person\\\/11b6382549059e998eaaaff375ecb6b8\",\"name\":\"Ralph M\u00fcller\",\"image\":{\"@type\":\"ImageObject\",\"inLanguage\":\"en-US\",\"@id\":\"https:\\\/\\\/secure.gravatar.com\\\/avatar\\\/479f0bf2e4ffb37778927bc418186cf27ff7a22811a23b227769eeb0f7afd96f?s=96&d=identicon&r=g\",\"url\":\"https:\\\/\\\/secure.gravatar.com\\\/avatar\\\/479f0bf2e4ffb37778927bc418186cf27ff7a22811a23b227769eeb0f7afd96f?s=96&d=identicon&r=g\",\"contentUrl\":\"https:\\\/\\\/secure.gravatar.com\\\/avatar\\\/479f0bf2e4ffb37778927bc418186cf27ff7a22811a23b227769eeb0f7afd96f?s=96&d=identicon&r=g\",\"caption\":\"Ralph M\u00fcller\"},\"description\":\"Animateur de la cha\u00eene YouTube \u00abLa Cartouche\u00bb et formateur, Ralph M\u00fcller livre tous les mois au Regard Libre son analyse cinglante d\u2019un ph\u00e9nom\u00e8ne typique de l\u2019\u00e9poque.\",\"sameAs\":[\"https:\\\/\\\/fr.wikipedia.org\\\/wiki\\\/Le_Regard_libre\"],\"url\":\"https:\\\/\\\/leregardlibre.com\\\/en\\\/author\\\/ralph-muller\\\/\"}]}<\/script>\n<!-- \/ Yoast SEO Premium plugin. -->","yoast_head_json":{"title":"Ralph M\u00fcller's cartridge: The mind put to the test","description":"\u00abFacts weigh us down and stink us up!\u00bb The column by Ralph M\u00fcller, youtuber of the channel \u00abLa Cartouche\u00bb.","robots":{"index":"index","follow":"follow","max-snippet":"max-snippet:-1","max-image-preview":"max-image-preview:large","max-video-preview":"max-video-preview:-1"},"canonical":"https:\/\/leregardlibre.com\/en\/company\/ralph-mullers-cartridge-the-spirit-proves-the-point\/","og_locale":"en_US","og_type":"article","og_title":"La cartouche de Ralph M\u00fcller: L\u2019esprit \u00e0 l\u2019\u00e9preuve du fait","og_description":"\u00abLes faits nous p\u00e8sent et nous empestent!\u00bb La chronique de Ralph M\u00fcller, youtubeur de la cha\u00eene \u00abLa Cartouche\u00bb.","og_url":"https:\/\/leregardlibre.com\/en\/company\/ralph-mullers-cartridge-the-spirit-proves-the-point\/","og_site_name":"Le Regard Libre","article_publisher":"https:\/\/www.facebook.com\/leregardlibre\/","article_published_time":"2023-02-18T08:30:00+00:00","article_modified_time":"2025-08-20T22:07:24+00:00","og_image":[{"width":1024,"height":576,"url":"https:\/\/leregardlibre.com\/wp-content\/uploads\/2025\/08\/ralph-muller--nathanael-schmid-1024x576.png","type":"image\/png"}],"author":"Ralph M\u00fcller","twitter_card":"summary_large_image","twitter_creator":"@LeRegardLibre","twitter_site":"@LeRegardLibre","twitter_misc":{"Written by":"Ralph M\u00fcller","Est. reading time":"4 minutes"},"schema":{"@context":"https:\/\/schema.org","@graph":[{"@type":"Article","@id":"https:\/\/leregardlibre.com\/societe\/la-cartouche-de-ralph-muller-lesprit-a-lepreuve-du-fait\/#article","isPartOf":{"@id":"https:\/\/leregardlibre.com\/societe\/la-cartouche-de-ralph-muller-lesprit-a-lepreuve-du-fait\/"},"author":{"name":"Ralph M\u00fcller","@id":"https:\/\/leregardlibre.com\/#\/schema\/person\/11b6382549059e998eaaaff375ecb6b8"},"headline":"La cartouche de Ralph M\u00fcller: L\u2019esprit \u00e0 l\u2019\u00e9preuve du fait","datePublished":"2023-02-18T08:30:00+00:00","dateModified":"2025-08-20T22:07:24+00:00","mainEntityOfPage":{"@id":"https:\/\/leregardlibre.com\/societe\/la-cartouche-de-ralph-muller-lesprit-a-lepreuve-du-fait\/"},"wordCount":760,"commentCount":0,"publisher":{"@id":"https:\/\/leregardlibre.com\/#organization"},"image":{"@id":"https:\/\/leregardlibre.com\/societe\/la-cartouche-de-ralph-muller-lesprit-a-lepreuve-du-fait\/#primaryimage"},"thumbnailUrl":"https:\/\/leregardlibre.com\/wp-content\/uploads\/2025\/08\/ralph-muller--nathanael-schmid.png","keywords":["Chronique","La cartouche de Ralph M\u00fcller","R\u00e9seaux sociaux","Twitter"],"articleSection":["Soci\u00e9t\u00e9"],"inLanguage":"en-US","potentialAction":[{"@type":"CommentAction","name":"Comment","target":["https:\/\/leregardlibre.com\/societe\/la-cartouche-de-ralph-muller-lesprit-a-lepreuve-du-fait\/#respond"]}]},{"@type":"WebPage","@id":"https:\/\/leregardlibre.com\/societe\/la-cartouche-de-ralph-muller-lesprit-a-lepreuve-du-fait\/","url":"https:\/\/leregardlibre.com\/societe\/la-cartouche-de-ralph-muller-lesprit-a-lepreuve-du-fait\/","name":"Ralph M\u00fcller's cartridge: The mind put to the test","isPartOf":{"@id":"https:\/\/leregardlibre.com\/#website"},"primaryImageOfPage":{"@id":"https:\/\/leregardlibre.com\/societe\/la-cartouche-de-ralph-muller-lesprit-a-lepreuve-du-fait\/#primaryimage"},"image":{"@id":"https:\/\/leregardlibre.com\/societe\/la-cartouche-de-ralph-muller-lesprit-a-lepreuve-du-fait\/#primaryimage"},"thumbnailUrl":"https:\/\/leregardlibre.com\/wp-content\/uploads\/2025\/08\/ralph-muller--nathanael-schmid.png","datePublished":"2023-02-18T08:30:00+00:00","dateModified":"2025-08-20T22:07:24+00:00","description":"\u00abFacts weigh us down and stink us up!\u00bb The column by Ralph M\u00fcller, youtuber of the channel \u00abLa Cartouche\u00bb.","breadcrumb":{"@id":"https:\/\/leregardlibre.com\/societe\/la-cartouche-de-ralph-muller-lesprit-a-lepreuve-du-fait\/#breadcrumb"},"inLanguage":"en-US","potentialAction":[{"@type":"ReadAction","target":["https:\/\/leregardlibre.com\/societe\/la-cartouche-de-ralph-muller-lesprit-a-lepreuve-du-fait\/"]}]},{"@type":"ImageObject","inLanguage":"en-US","@id":"https:\/\/leregardlibre.com\/societe\/la-cartouche-de-ralph-muller-lesprit-a-lepreuve-du-fait\/#primaryimage","url":"https:\/\/leregardlibre.com\/wp-content\/uploads\/2025\/08\/ralph-muller--nathanael-schmid.png","contentUrl":"https:\/\/leregardlibre.com\/wp-content\/uploads\/2025\/08\/ralph-muller--nathanael-schmid.png","width":1920,"height":1080,"caption":"Dessin: Nathanae\u0308l Schmid pour Le Regard Libre"},{"@type":"BreadcrumbList","@id":"https:\/\/leregardlibre.com\/societe\/la-cartouche-de-ralph-muller-lesprit-a-lepreuve-du-fait\/#breadcrumb","itemListElement":[{"@type":"ListItem","position":1,"name":"Accueil","item":"https:\/\/leregardlibre.com\/"},{"@type":"ListItem","position":2,"name":"La cartouche de Ralph M\u00fcller: L\u2019esprit \u00e0 l\u2019\u00e9preuve du fait"}]},{"@type":"WebSite","@id":"https:\/\/leregardlibre.com\/#website","url":"https:\/\/leregardlibre.com\/","name":"Le Regard Libre","description":"Switzerland's first monthly debate magazine","publisher":{"@id":"https:\/\/leregardlibre.com\/#organization"},"potentialAction":[{"@type":"SearchAction","target":{"@type":"EntryPoint","urlTemplate":"https:\/\/leregardlibre.com\/?s={search_term_string}"},"query-input":{"@type":"PropertyValueSpecification","valueRequired":true,"valueName":"search_term_string"}}],"inLanguage":"en-US"},{"@type":"Organization","@id":"https:\/\/leregardlibre.com\/#organization","name":"Le Regard Libre","url":"https:\/\/leregardlibre.com\/","logo":{"@type":"ImageObject","inLanguage":"en-US","@id":"https:\/\/leregardlibre.com\/#\/schema\/logo\/image\/","url":"https:\/\/leregardlibre.com\/wp-content\/uploads\/2025\/08\/logo-rl-icone-neg.jpeg","contentUrl":"https:\/\/leregardlibre.com\/wp-content\/uploads\/2025\/08\/logo-rl-icone-neg.jpeg","width":557,"height":556,"caption":"Le Regard Libre"},"image":{"@id":"https:\/\/leregardlibre.com\/#\/schema\/logo\/image\/"},"sameAs":["https:\/\/www.facebook.com\/leregardlibre\/","https:\/\/x.com\/LeRegardLibre","https:\/\/www.linkedin.com\/company\/le-regard-libre","https:\/\/www.instagram.com\/leregardlibre\/","http:\/\/t.me\/leregardlibre","https:\/\/youtube.com\/channel\/UC6HzGPomj1LsUmlz-sJtITQ"],"description":"Le Regard Libre is a Swiss monthly magazine for intellectual and cultural debate. Its editorial team is young, voluntary, liberal and pluralist. The magazine appears online and in print. Its language is French.","email":"redaction@leregardlibre.com","legalName":"Le Regard Libre","foundingDate":"2014-01-01","numberOfEmployees":{"@type":"QuantitativeValue","minValue":"11","maxValue":"50"},"publishingPrinciples":"https:\/\/leregardlibre.com\/a-propos\/notre-manifeste\/","ownershipFundingInfo":"https:\/\/leregardlibre.com\/mentions-legales\/","actionableFeedbackPolicy":"https:\/\/leregardlibre.com\/conditions-generales-de-vente\/"},{"@type":"Person","@id":"https:\/\/leregardlibre.com\/#\/schema\/person\/11b6382549059e998eaaaff375ecb6b8","name":"Ralph M\u00fcller","image":{"@type":"ImageObject","inLanguage":"en-US","@id":"https:\/\/secure.gravatar.com\/avatar\/479f0bf2e4ffb37778927bc418186cf27ff7a22811a23b227769eeb0f7afd96f?s=96&d=identicon&r=g","url":"https:\/\/secure.gravatar.com\/avatar\/479f0bf2e4ffb37778927bc418186cf27ff7a22811a23b227769eeb0f7afd96f?s=96&d=identicon&r=g","contentUrl":"https:\/\/secure.gravatar.com\/avatar\/479f0bf2e4ffb37778927bc418186cf27ff7a22811a23b227769eeb0f7afd96f?s=96&d=identicon&r=g","caption":"Ralph M\u00fcller"},"description":"Host of the YouTube channel \u00abLa Cartouche\u00bb and trainer, Ralph M\u00fcller gives Regard Libre his scathing monthly analysis of a typical contemporary phenomenon.","sameAs":["https:\/\/fr.wikipedia.org\/wiki\/Le_Regard_libre"],"url":"https:\/\/leregardlibre.com\/en\/author\/ralph-muller\/"}]}},"_links":{"self":[{"href":"https:\/\/leregardlibre.com\/en\/wp-json\/wp\/v2\/posts\/516397","targetHints":{"allow":["GET"]}}],"collection":[{"href":"https:\/\/leregardlibre.com\/en\/wp-json\/wp\/v2\/posts"}],"about":[{"href":"https:\/\/leregardlibre.com\/en\/wp-json\/wp\/v2\/types\/post"}],"author":[{"embeddable":true,"href":"https:\/\/leregardlibre.com\/en\/wp-json\/wp\/v2\/users\/323"}],"replies":[{"embeddable":true,"href":"https:\/\/leregardlibre.com\/en\/wp-json\/wp\/v2\/comments?post=516397"}],"version-history":[{"count":2,"href":"https:\/\/leregardlibre.com\/en\/wp-json\/wp\/v2\/posts\/516397\/revisions"}],"predecessor-version":[{"id":516407,"href":"https:\/\/leregardlibre.com\/en\/wp-json\/wp\/v2\/posts\/516397\/revisions\/516407"}],"wp:featuredmedia":[{"embeddable":true,"href":"https:\/\/leregardlibre.com\/en\/wp-json\/wp\/v2\/media\/528789"}],"wp:attachment":[{"href":"https:\/\/leregardlibre.com\/en\/wp-json\/wp\/v2\/media?parent=516397"}],"wp:term":[{"taxonomy":"category","embeddable":true,"href":"https:\/\/leregardlibre.com\/en\/wp-json\/wp\/v2\/categories?post=516397"},{"taxonomy":"post_tag","embeddable":true,"href":"https:\/\/leregardlibre.com\/en\/wp-json\/wp\/v2\/tags?post=516397"}],"curies":[{"name":"wp","href":"https:\/\/api.w.org\/{rel}","templated":true}]}}