{"id":517147,"date":"2023-03-28T06:00:00","date_gmt":"2023-03-28T04:00:00","guid":{"rendered":"https:\/\/leregardlibre.com\/?p=517147"},"modified":"2023-11-11T21:59:49","modified_gmt":"2023-11-11T20:59:49","slug":"the-simple-desire-to-last","status":"publish","type":"post","link":"https:\/\/leregardlibre.com\/en\/literature\/the-simple-desire-to-last\/","title":{"rendered":"The simple desire to last"},"content":{"rendered":"<p class=\"has-drop-cap\"><strong>Between humor and tenderness, Peter Stamm has produced a singular, intensely human novel, polished by the memory of love and the anxiety of living in a world that is changing too fast.<\/strong><\/p>\n\n\n\n<!--more LIRE LA RECENSION (EN LIBRE ACC\u00c8S)-->\n\n\n\n<h3 class=\"wp-block-heading\"><strong>The attraction of opposites<\/strong><\/h3>\n\n\n\n<p>She's Franziska, a former successful variety singer known as Fabienne, who has spent her life moving from one stage to the next, always on the move and singing, singing Barbara from time to time, often infatuated and in love, once with a footballer, once with her producer, another time with a stranger. She burned life at both ends. He is the narrator, a hardened loner, unemployed bachelor and former archivist at a newspaper where he catalogued, filed and labeled press clippings. Until the day when, because the world was changing, the iconographic department became the documentation department, and then nothing. He prefers to work in the shadows rather than among the crowds, seeking to classify the world in the shelter of his own home, rather than creating something, rather than going out, because when he's outside, he feels ill and borrowed. His cellar, adapted for the occasion, covered with archives of all kinds, mobile shelving and rails, all bought out of his own pocket from the company where he used to work, becomes his watchtower from which he recalls and observes his memories pass by.<\/p>\n\n\n\n<p>She's all movement, he's all stillness. They met as children, on the way home from school. They got to know each other. That's when they fell in love. They kept in touch even after higher education, one never forgetting the other, even if the narrator remained more in love with Franziska, for several decades, unilaterally, with a love that resists the passage of time, like his conception of life.<\/p>\n\n\n\n<blockquote class=\"wp-block-quote is-layout-flow wp-block-quote-is-layout-flow\"><p>\u00abI go into the room where no one but my parents has ever slept. The beds are still made, as if they could come back any day. It may sound crazy, but I'm not crazy. I just don't want anything to change, and that's no crime. Resisting the passage of time, not letting myself be carried away by the flood of transformations. It's my impression that I live in my memories as I do in this house, in an eternal present where nothing disappears, where everything gradually fades, dusts up, dissolves.\u00bb<\/p><\/blockquote>\n\n\n\n<h3 class=\"wp-block-heading\"><strong>The simple desire to last<\/strong><\/h3>\n\n\n\n<p>Peter Stamm's simple, poetic writing is sprinkled with a gentle melancholy, and the narrator constantly questions himself, opening the drawers of his life to understand his past and himself, oscillating between his childhood, his adolescence and his first job, always focusing on his relationship with Franziska, with whom he remains simply in love. Here, Peter Stamm shows us all the power of a simple love that lasts, and reopens this fundamentally literary question: <em>can we love forever?<\/em><\/p>\n\n\n\n<form method=\"post\" action=\"https:\/\/newsletter.infomaniak.com\/external\/submit\" class=\"inf-form\" target=\"_blank\"><input type=\"email\" name=\"email\" style=\"display:none\"><input type=\"hidden\" name=\"key\" value=\"eyJpdiI6IlZXRVJGMlRGQUU2alNqUE81bitIUk5adnNVa0c4MllFTStzOHdHT1FQZ3c9IiwidmFsdWUiOiJIYzhwMUVCK1pTNnlhY3MyMmhuZlhReWJqemEwNk93blMxTjFHc0s2VHZrPSIsIm1hYyI6ImVhYTQ5N2I1M2NiYWE4NzBm Njk2NzgzYjliM2Y5NmYzM2E2ZmU3NGQxNTU1ZDFkMTU1MzY5NTdjYjE3ZTJmNTUifQ==\"><input type=\"hidden\" name=\"webform_id\" value=\"7291\"><style> .inf-main_3000311ca56a1cb93397bc676c0b7fff{ background-color:#f5f5f5; padding:25px 20px; margin:25px auto; } .inf-main_3000311ca56a1cb93397bc676c0b7fff .inf-content { margin-top:13px;} .inf-main_3000311ca56a1cb93397bc676c0b7fff h4, .inf-main_3000311ca56a1cb93397bc676c0b7fff span, .inf- main_3000311ca56a1cb93397bc676c0b7fff label, .inf-main_3000311ca56a1cb93397bc676c0b7fff input, .inf-main_3000311ca56a1cb93397bc676c0b7fff .inf-submit, .inf-main_3000311ca56a1cb93397bc676c0b7fff .inf-success p a { color:#555555; font-size:14px; } .inf-main_3000311ca56a1cb93397bc676c0b7fff h4{ font-size:18px; margin:0px 0px 13px 0px; } .inf-main_3000311ca56a1cb93397bc676c0b7fff h4, .inf-main_3000311ca56a1cb93397bc676c0b7fff label{ font-weight:bold; } .inf- main_3000311ca56a1cb93397bc676c0b7fff .inf-input { margin-bottom:7px; } .inf-main_3000311ca56a1cb93397bc676c0b7fff label { display:block;} .inf-main_3000311ca56a1cb93397bc676c0b7fff input{ height:35px; color:#999999; border: 1px solid #E9E9E9; border:none; padding-left:7px; } .inf-main_3000311ca56a1cb93397bc676c0b7fff .inf-input.inf-error label, .inf-main_3000311ca56a1cb93397bc676c0b7fff .inf-input.inf-error span.inf-message{ color: #cc0033; } .inf- main_3000311ca56a1cb93397bc676c0b7fff .inf-input.inf-error input{ border: 1px solid #cc0033; } .inf-main_3000311ca56a1cb93397bc676c0b7fff .inf-input input { width:100%;} .inf-main_3000311ca56a1cb93397bc676c0b7fff .inf-input.inf-error span.inf-message { display: block; } .inf-main_3000311ca56a1cb93397bc676c0b7fff .inf-submit { text-align:right;} .inf-main_3000311ca56a1cb93397bc676c0b7fff .inf-submit input{ background-color:#777777; color:#ffffff; border:none; font-weight: normal; height:auto; padding:7px; } .inf-main_3000311ca56a1cb93397bc676c0b7fff .inf-submit input.disabled{ opacity: 0.4; } .inf-btn { color: rgb(85, 85, 85); border: medium none; font-weight: normal; height: auto; padding: 7px; display: inline- block; background-color: white; box-shadow: 0px 1px 1px rgba(0, 0, 0, 0.24); border-radius: 2px; line-height: 1em; } .inf-rgpd { margin:25px 0px 15px 0px; color:#555555; } <\/style> <div class=\"inf-main_3000311ca56a1cb93397bc676c0b7fff\"> <h4>NEWSLETTER DU REGARD LIBRE<\/h4> <span>Receive our articles every Sunday.<\/span> <div class=\"inf-success\" style=\"display:none\"> <h4>Your subscription to our weekly newsletter has been successfully registered!<\/h4> <p> <a href=\"#\" class=\"inf-btn\">\u00ab<\/a> <\/p> <\/div> <div class=\"inf-content\"> <div class=\"inf-input inf-input-text\"> <input type=\"text\" name=\"inf[1]\" data-inf-meta=\"1\" data-inf-error=\"Merci de renseigner une adresse email\" required=\"required\" placeholder=\"Email\"> <\/div> <div class=\"inf-submit\"> <input type=\"submit\" name=\"\" value=\"Sign up\"> <\/div> <\/div> <\/div> <\/form>\n\n\n\n<p>This simple love that lasts, close to the desire to last, is also reflected in the omnipresent, overflowing archives that form the paper cement of this novel. From classic archives on current events, sorted by the narrator, who also has a special file on his love Franziska, which he sometimes reopens, to more surprising and singular archives, which reveal the narrator's propensity to really want to classify the world in sorters, according to a particular thesaurus: \u00abI take out two of them and write on them Sounds of Water and Sounds of Birds in Flight, and add them to the pile laid...\u00bb, and which also reveal something greater, laying the foundations for an almost mystical reflection linked to the utility of archives: \u00abI'd like to talk to him about Being in the world, about God as the great archivist who records our actions not to judge us but so that nothing is lost. The universe as a gigantic archive with no other purpose than to reflect itself, an infinite network of things, beings and events all interconnected, and in the middle of it all, the two of us, completely insignificant but not alone.\u00bb<\/p>\n\n\n\n<p>For the narrator, remembering his past, reinterpreting it, recalling it to the point of making the actors of his memories speak, means both finding answers and saying to himself: \u00abWas I that blind?\u00bb But behind these recollections, which punctuate the whole novel, there is also a reverse effect. By dint of remembering, of remembering to excess, don't we damage our memories a little? Aren't some of them fragile, like a salt dough sculpture that should never be touched, to the point of breaking? Shouldn't we just not remember, so that they retain all their authenticity, truth and brilliance? The narrator, apart from his love for Franziska, apart from the novel and his intimate story, asks an essential question, one that goes beyond us as intelligent, conscientious and aware beings. This innocuous question would be: \u00abWhy do I remember this, when it didn't matter at all?\u00bb<\/p>\n\n\n\n<p><strong>You've just read an open-access review.&nbsp;<\/strong>Debates, analysis, cultural news:&nbsp;<a href=\"https:\/\/leregardlibre.com\/en\/subscription\/\">subscribe<\/a>&nbsp;to support us and get access to all our content!<\/p>\n\n\n\n<p><em>Write to the author:&nbsp;<a href=\"mailto:arthur.billerey@leregardlibre.com\">arthur.billerey@leregardlibre.com<\/a><\/em><\/p>\n\n\n\n<div class=\"wp-block-media-text alignwide is-stacked-on-mobile\" style=\"grid-template-columns:18% auto\"><figure class=\"wp-block-media-text__media\"><img fetchpriority=\"high\" decoding=\"async\" width=\"217\" height=\"364\" src=\"https:\/\/leregardlibre.com\/wp-content\/uploads\/2023\/03\/stamm.jpeg\" alt=\"\" class=\"wp-image-517148 size-full\" srcset=\"https:\/\/leregardlibre.com\/wp-content\/uploads\/2023\/03\/stamm.jpeg 217w, https:\/\/leregardlibre.com\/wp-content\/uploads\/2023\/03\/stamm-179x300.jpeg 179w, https:\/\/leregardlibre.com\/wp-content\/uploads\/2023\/03\/stamm-89x150.jpeg 89w\" sizes=\"(max-width: 217px) 100vw, 217px\" \/><\/figure><div class=\"wp-block-media-text__content\">\n<p><strong>Peter Stamm&nbsp;<br><em>The archive of feelings&nbsp;<\/em><br>Translation by Pierre Deshusses&nbsp;<br>Christian Bourgois&nbsp;<br>2023&nbsp;<br>192 pages&nbsp;<\/strong><\/p>\n\n\n\n<div class=\"wp-block-buttons is-layout-flex wp-block-buttons-is-layout-flex\">\n<div class=\"wp-block-button\"><a class=\"wp-block-button__link\" href=\"https:\/\/www.payot.ch\/Detail\/les_archives_des_sentiments-peter_stamm__pierre_deshusses-9782267051094\">Order the book<\/a><\/div>\n<\/div>\n<\/div><\/div>","protected":false},"excerpt":{"rendered":"<p>Between humor and tenderness, Peter Stamm has produced a singular, intensely human novel, polished by the memory of love and the anxiety of living in a world that is changing too fast.<\/p>","protected":false},"author":331,"featured_media":517149,"comment_status":"open","ping_status":"closed","sticky":false,"template":"","format":"standard","meta":{"_acf_changed":false,"footnotes":""},"categories":[20663],"tags":[54879,644358347,644340183,644358348,38542],"class_list":["post-517147","post","type-post","status-publish","format-standard","has-post-thumbnail","hentry","category-litterature","tag-critiques-litteraires","tag-litterature-germanophone","tag-litterature-suisse","tag-peter-stamm","tag-roman"],"acf":[],"yoast_head":"<!-- This site is optimized with the Yoast SEO Premium plugin v27.4 (Yoast SEO v27.4) - https:\/\/yoast.com\/product\/yoast-seo-premium-wordpress\/ -->\n<title>\u00abLes archives des sentiments\u00bb: le simple d\u00e9sir de durer<\/title>\n<meta name=\"description\" content=\"\u00abLes archives des sentiments\u00bb: Entre humour et tendresse, Peter Stamm r\u00e9ussit un roman singulier, intens\u00e9ment humain.\" \/>\n<meta name=\"robots\" content=\"index, follow, max-snippet:-1, max-image-preview:large, max-video-preview:-1\" \/>\n<link rel=\"canonical\" href=\"https:\/\/leregardlibre.com\/en\/literature\/the-simple-desire-to-last\/\" \/>\n<meta property=\"og:locale\" content=\"en_US\" \/>\n<meta property=\"og:type\" content=\"article\" \/>\n<meta property=\"og:title\" content=\"Le simple d\u00e9sir de durer\" \/>\n<meta property=\"og:description\" content=\"\u00abLes archives des sentiments\u00bb: Entre humour et tendresse, Peter Stamm r\u00e9ussit un roman singulier, intens\u00e9ment humain.\" \/>\n<meta property=\"og:url\" content=\"https:\/\/leregardlibre.com\/en\/literature\/the-simple-desire-to-last\/\" \/>\n<meta property=\"og:site_name\" content=\"Le Regard Libre\" \/>\n<meta property=\"article:publisher\" content=\"https:\/\/www.facebook.com\/leregardlibre\/\" \/>\n<meta property=\"article:published_time\" content=\"2023-03-28T04:00:00+00:00\" \/>\n<meta property=\"article:modified_time\" content=\"2023-11-11T20:59:49+00:00\" \/>\n<meta property=\"og:image\" content=\"https:\/\/leregardlibre.com\/wp-content\/uploads\/2023\/03\/archive-bg.jpg\" \/>\n\t<meta property=\"og:image:width\" content=\"1920\" \/>\n\t<meta property=\"og:image:height\" content=\"1080\" \/>\n\t<meta property=\"og:image:type\" content=\"image\/jpeg\" \/>\n<meta name=\"author\" content=\"Arthur Billerey\" \/>\n<meta name=\"twitter:card\" content=\"summary_large_image\" \/>\n<meta name=\"twitter:creator\" content=\"@LeRegardLibre\" \/>\n<meta name=\"twitter:site\" content=\"@LeRegardLibre\" \/>\n<meta name=\"twitter:label1\" content=\"Written by\" \/>\n\t<meta name=\"twitter:data1\" content=\"Arthur Billerey\" \/>\n\t<meta name=\"twitter:label2\" content=\"Est. reading time\" \/>\n\t<meta name=\"twitter:data2\" content=\"6 minutes\" \/>\n<script type=\"application\/ld+json\" class=\"yoast-schema-graph\">{\"@context\":\"https:\\\/\\\/schema.org\",\"@graph\":[{\"@type\":\"Article\",\"@id\":\"https:\\\/\\\/leregardlibre.com\\\/litterature\\\/le-simple-desir-de-durer\\\/#article\",\"isPartOf\":{\"@id\":\"https:\\\/\\\/leregardlibre.com\\\/litterature\\\/le-simple-desir-de-durer\\\/\"},\"author\":{\"name\":\"Arthur Billerey\",\"@id\":\"https:\\\/\\\/leregardlibre.com\\\/#\\\/schema\\\/person\\\/700dda4dc95978812204edee7b38bce8\"},\"headline\":\"Le simple d\u00e9sir de durer\",\"datePublished\":\"2023-03-28T04:00:00+00:00\",\"dateModified\":\"2023-11-11T20:59:49+00:00\",\"mainEntityOfPage\":{\"@id\":\"https:\\\/\\\/leregardlibre.com\\\/litterature\\\/le-simple-desir-de-durer\\\/\"},\"wordCount\":1028,\"commentCount\":0,\"publisher\":{\"@id\":\"https:\\\/\\\/leregardlibre.com\\\/#organization\"},\"image\":{\"@id\":\"https:\\\/\\\/leregardlibre.com\\\/litterature\\\/le-simple-desir-de-durer\\\/#primaryimage\"},\"thumbnailUrl\":\"https:\\\/\\\/leregardlibre.com\\\/wp-content\\\/uploads\\\/2023\\\/03\\\/archive-bg.jpg\",\"keywords\":[\"Critique litt\u00e9raire\",\"Litt\u00e9rature germanophone\",\"Litt\u00e9rature suisse\",\"Peter Stamm\",\"Roman\"],\"articleSection\":[\"Litt\u00e9rature\"],\"inLanguage\":\"en-US\",\"potentialAction\":[{\"@type\":\"CommentAction\",\"name\":\"Comment\",\"target\":[\"https:\\\/\\\/leregardlibre.com\\\/litterature\\\/le-simple-desir-de-durer\\\/#respond\"]}]},{\"@type\":\"WebPage\",\"@id\":\"https:\\\/\\\/leregardlibre.com\\\/litterature\\\/le-simple-desir-de-durer\\\/\",\"url\":\"https:\\\/\\\/leregardlibre.com\\\/litterature\\\/le-simple-desir-de-durer\\\/\",\"name\":\"\u00abLes archives des sentiments\u00bb: le simple d\u00e9sir de durer\",\"isPartOf\":{\"@id\":\"https:\\\/\\\/leregardlibre.com\\\/#website\"},\"primaryImageOfPage\":{\"@id\":\"https:\\\/\\\/leregardlibre.com\\\/litterature\\\/le-simple-desir-de-durer\\\/#primaryimage\"},\"image\":{\"@id\":\"https:\\\/\\\/leregardlibre.com\\\/litterature\\\/le-simple-desir-de-durer\\\/#primaryimage\"},\"thumbnailUrl\":\"https:\\\/\\\/leregardlibre.com\\\/wp-content\\\/uploads\\\/2023\\\/03\\\/archive-bg.jpg\",\"datePublished\":\"2023-03-28T04:00:00+00:00\",\"dateModified\":\"2023-11-11T20:59:49+00:00\",\"description\":\"\u00abLes archives des sentiments\u00bb: Entre humour et tendresse, Peter Stamm r\u00e9ussit un roman singulier, intens\u00e9ment humain.\",\"breadcrumb\":{\"@id\":\"https:\\\/\\\/leregardlibre.com\\\/litterature\\\/le-simple-desir-de-durer\\\/#breadcrumb\"},\"inLanguage\":\"en-US\",\"potentialAction\":[{\"@type\":\"ReadAction\",\"target\":[\"https:\\\/\\\/leregardlibre.com\\\/litterature\\\/le-simple-desir-de-durer\\\/\"]}]},{\"@type\":\"ImageObject\",\"inLanguage\":\"en-US\",\"@id\":\"https:\\\/\\\/leregardlibre.com\\\/litterature\\\/le-simple-desir-de-durer\\\/#primaryimage\",\"url\":\"https:\\\/\\\/leregardlibre.com\\\/wp-content\\\/uploads\\\/2023\\\/03\\\/archive-bg.jpg\",\"contentUrl\":\"https:\\\/\\\/leregardlibre.com\\\/wp-content\\\/uploads\\\/2023\\\/03\\\/archive-bg.jpg\",\"width\":1920,\"height\":1080,\"caption\":\"\u00a9 DR\"},{\"@type\":\"BreadcrumbList\",\"@id\":\"https:\\\/\\\/leregardlibre.com\\\/litterature\\\/le-simple-desir-de-durer\\\/#breadcrumb\",\"itemListElement\":[{\"@type\":\"ListItem\",\"position\":1,\"name\":\"Accueil\",\"item\":\"https:\\\/\\\/leregardlibre.com\\\/\"},{\"@type\":\"ListItem\",\"position\":2,\"name\":\"Le simple d\u00e9sir de durer\"}]},{\"@type\":\"WebSite\",\"@id\":\"https:\\\/\\\/leregardlibre.com\\\/#website\",\"url\":\"https:\\\/\\\/leregardlibre.com\\\/\",\"name\":\"Le Regard Libre\",\"description\":\"Premier mensuel suisse de d\u00e9bat\",\"publisher\":{\"@id\":\"https:\\\/\\\/leregardlibre.com\\\/#organization\"},\"potentialAction\":[{\"@type\":\"SearchAction\",\"target\":{\"@type\":\"EntryPoint\",\"urlTemplate\":\"https:\\\/\\\/leregardlibre.com\\\/?s={search_term_string}\"},\"query-input\":{\"@type\":\"PropertyValueSpecification\",\"valueRequired\":true,\"valueName\":\"search_term_string\"}}],\"inLanguage\":\"en-US\"},{\"@type\":\"Organization\",\"@id\":\"https:\\\/\\\/leregardlibre.com\\\/#organization\",\"name\":\"Le Regard Libre\",\"url\":\"https:\\\/\\\/leregardlibre.com\\\/\",\"logo\":{\"@type\":\"ImageObject\",\"inLanguage\":\"en-US\",\"@id\":\"https:\\\/\\\/leregardlibre.com\\\/#\\\/schema\\\/logo\\\/image\\\/\",\"url\":\"https:\\\/\\\/leregardlibre.com\\\/wp-content\\\/uploads\\\/2025\\\/08\\\/logo-rl-icone-neg.jpeg\",\"contentUrl\":\"https:\\\/\\\/leregardlibre.com\\\/wp-content\\\/uploads\\\/2025\\\/08\\\/logo-rl-icone-neg.jpeg\",\"width\":557,\"height\":556,\"caption\":\"Le Regard Libre\"},\"image\":{\"@id\":\"https:\\\/\\\/leregardlibre.com\\\/#\\\/schema\\\/logo\\\/image\\\/\"},\"sameAs\":[\"https:\\\/\\\/www.facebook.com\\\/leregardlibre\\\/\",\"https:\\\/\\\/x.com\\\/LeRegardLibre\",\"https:\\\/\\\/www.linkedin.com\\\/company\\\/le-regard-libre\",\"https:\\\/\\\/www.instagram.com\\\/leregardlibre\\\/\",\"http:\\\/\\\/t.me\\\/leregardlibre\",\"https:\\\/\\\/youtube.com\\\/channel\\\/UC6HzGPomj1LsUmlz-sJtITQ\"],\"description\":\"Le Regard Libre est un mensuel suisse de d\u00e9bat intellectuel et culturel. Sa r\u00e9daction est jeune, b\u00e9n\u00e9vole, lib\u00e9rale et pluraliste. Le magazine para\u00eet en ligne et sous forme papier. Sa langue est le fran\u00e7ais.\",\"email\":\"redaction@leregardlibre.com\",\"legalName\":\"Le Regard Libre\",\"foundingDate\":\"2014-01-01\",\"numberOfEmployees\":{\"@type\":\"QuantitativeValue\",\"minValue\":\"11\",\"maxValue\":\"50\"},\"publishingPrinciples\":\"https:\\\/\\\/leregardlibre.com\\\/a-propos\\\/notre-manifeste\\\/\",\"ownershipFundingInfo\":\"https:\\\/\\\/leregardlibre.com\\\/mentions-legales\\\/\",\"actionableFeedbackPolicy\":\"https:\\\/\\\/leregardlibre.com\\\/conditions-generales-de-vente\\\/\"},{\"@type\":\"Person\",\"@id\":\"https:\\\/\\\/leregardlibre.com\\\/#\\\/schema\\\/person\\\/700dda4dc95978812204edee7b38bce8\",\"name\":\"Arthur Billerey\",\"image\":{\"@type\":\"ImageObject\",\"inLanguage\":\"en-US\",\"@id\":\"https:\\\/\\\/secure.gravatar.com\\\/avatar\\\/6a6e2c877113a791180538347e49c18fa859d29860fce86bff3730f66bc9ee1d?s=96&d=identicon&r=g\",\"url\":\"https:\\\/\\\/secure.gravatar.com\\\/avatar\\\/6a6e2c877113a791180538347e49c18fa859d29860fce86bff3730f66bc9ee1d?s=96&d=identicon&r=g\",\"contentUrl\":\"https:\\\/\\\/secure.gravatar.com\\\/avatar\\\/6a6e2c877113a791180538347e49c18fa859d29860fce86bff3730f66bc9ee1d?s=96&d=identicon&r=g\",\"caption\":\"Arthur Billerey\"},\"sameAs\":[\"https:\\\/\\\/leregardlibre.com\\\/\",\"https:\\\/\\\/fr.wikipedia.org\\\/wiki\\\/Le_Regard_libre\"],\"url\":\"https:\\\/\\\/leregardlibre.com\\\/en\\\/author\\\/arthur-billerey\\\/\"}]}<\/script>\n<!-- \/ Yoast SEO Premium plugin. -->","yoast_head_json":{"title":"\u00abThe archive of feelings\u00bb: the simple desire to last","description":"\u00abBetween humor and tenderness, Peter Stamm creates a singular, intensely human novel.","robots":{"index":"index","follow":"follow","max-snippet":"max-snippet:-1","max-image-preview":"max-image-preview:large","max-video-preview":"max-video-preview:-1"},"canonical":"https:\/\/leregardlibre.com\/en\/literature\/the-simple-desire-to-last\/","og_locale":"en_US","og_type":"article","og_title":"Le simple d\u00e9sir de durer","og_description":"\u00abLes archives des sentiments\u00bb: Entre humour et tendresse, Peter Stamm r\u00e9ussit un roman singulier, intens\u00e9ment humain.","og_url":"https:\/\/leregardlibre.com\/en\/literature\/the-simple-desire-to-last\/","og_site_name":"Le Regard Libre","article_publisher":"https:\/\/www.facebook.com\/leregardlibre\/","article_published_time":"2023-03-28T04:00:00+00:00","article_modified_time":"2023-11-11T20:59:49+00:00","og_image":[{"width":1920,"height":1080,"url":"https:\/\/leregardlibre.com\/wp-content\/uploads\/2023\/03\/archive-bg.jpg","type":"image\/jpeg"}],"author":"Arthur Billerey","twitter_card":"summary_large_image","twitter_creator":"@LeRegardLibre","twitter_site":"@LeRegardLibre","twitter_misc":{"Written by":"Arthur Billerey","Est. reading time":"6 minutes"},"schema":{"@context":"https:\/\/schema.org","@graph":[{"@type":"Article","@id":"https:\/\/leregardlibre.com\/litterature\/le-simple-desir-de-durer\/#article","isPartOf":{"@id":"https:\/\/leregardlibre.com\/litterature\/le-simple-desir-de-durer\/"},"author":{"name":"Arthur Billerey","@id":"https:\/\/leregardlibre.com\/#\/schema\/person\/700dda4dc95978812204edee7b38bce8"},"headline":"Le simple d\u00e9sir de durer","datePublished":"2023-03-28T04:00:00+00:00","dateModified":"2023-11-11T20:59:49+00:00","mainEntityOfPage":{"@id":"https:\/\/leregardlibre.com\/litterature\/le-simple-desir-de-durer\/"},"wordCount":1028,"commentCount":0,"publisher":{"@id":"https:\/\/leregardlibre.com\/#organization"},"image":{"@id":"https:\/\/leregardlibre.com\/litterature\/le-simple-desir-de-durer\/#primaryimage"},"thumbnailUrl":"https:\/\/leregardlibre.com\/wp-content\/uploads\/2023\/03\/archive-bg.jpg","keywords":["Critique litt\u00e9raire","Litt\u00e9rature germanophone","Litt\u00e9rature suisse","Peter Stamm","Roman"],"articleSection":["Litt\u00e9rature"],"inLanguage":"en-US","potentialAction":[{"@type":"CommentAction","name":"Comment","target":["https:\/\/leregardlibre.com\/litterature\/le-simple-desir-de-durer\/#respond"]}]},{"@type":"WebPage","@id":"https:\/\/leregardlibre.com\/litterature\/le-simple-desir-de-durer\/","url":"https:\/\/leregardlibre.com\/litterature\/le-simple-desir-de-durer\/","name":"\u00abThe archive of feelings\u00bb: the simple desire to last","isPartOf":{"@id":"https:\/\/leregardlibre.com\/#website"},"primaryImageOfPage":{"@id":"https:\/\/leregardlibre.com\/litterature\/le-simple-desir-de-durer\/#primaryimage"},"image":{"@id":"https:\/\/leregardlibre.com\/litterature\/le-simple-desir-de-durer\/#primaryimage"},"thumbnailUrl":"https:\/\/leregardlibre.com\/wp-content\/uploads\/2023\/03\/archive-bg.jpg","datePublished":"2023-03-28T04:00:00+00:00","dateModified":"2023-11-11T20:59:49+00:00","description":"\u00abBetween humor and tenderness, Peter Stamm creates a singular, intensely human novel.","breadcrumb":{"@id":"https:\/\/leregardlibre.com\/litterature\/le-simple-desir-de-durer\/#breadcrumb"},"inLanguage":"en-US","potentialAction":[{"@type":"ReadAction","target":["https:\/\/leregardlibre.com\/litterature\/le-simple-desir-de-durer\/"]}]},{"@type":"ImageObject","inLanguage":"en-US","@id":"https:\/\/leregardlibre.com\/litterature\/le-simple-desir-de-durer\/#primaryimage","url":"https:\/\/leregardlibre.com\/wp-content\/uploads\/2023\/03\/archive-bg.jpg","contentUrl":"https:\/\/leregardlibre.com\/wp-content\/uploads\/2023\/03\/archive-bg.jpg","width":1920,"height":1080,"caption":"\u00a9 DR"},{"@type":"BreadcrumbList","@id":"https:\/\/leregardlibre.com\/litterature\/le-simple-desir-de-durer\/#breadcrumb","itemListElement":[{"@type":"ListItem","position":1,"name":"Accueil","item":"https:\/\/leregardlibre.com\/"},{"@type":"ListItem","position":2,"name":"Le simple d\u00e9sir de durer"}]},{"@type":"WebSite","@id":"https:\/\/leregardlibre.com\/#website","url":"https:\/\/leregardlibre.com\/","name":"Le Regard Libre","description":"Switzerland's first monthly debate magazine","publisher":{"@id":"https:\/\/leregardlibre.com\/#organization"},"potentialAction":[{"@type":"SearchAction","target":{"@type":"EntryPoint","urlTemplate":"https:\/\/leregardlibre.com\/?s={search_term_string}"},"query-input":{"@type":"PropertyValueSpecification","valueRequired":true,"valueName":"search_term_string"}}],"inLanguage":"en-US"},{"@type":"Organization","@id":"https:\/\/leregardlibre.com\/#organization","name":"Le Regard Libre","url":"https:\/\/leregardlibre.com\/","logo":{"@type":"ImageObject","inLanguage":"en-US","@id":"https:\/\/leregardlibre.com\/#\/schema\/logo\/image\/","url":"https:\/\/leregardlibre.com\/wp-content\/uploads\/2025\/08\/logo-rl-icone-neg.jpeg","contentUrl":"https:\/\/leregardlibre.com\/wp-content\/uploads\/2025\/08\/logo-rl-icone-neg.jpeg","width":557,"height":556,"caption":"Le Regard Libre"},"image":{"@id":"https:\/\/leregardlibre.com\/#\/schema\/logo\/image\/"},"sameAs":["https:\/\/www.facebook.com\/leregardlibre\/","https:\/\/x.com\/LeRegardLibre","https:\/\/www.linkedin.com\/company\/le-regard-libre","https:\/\/www.instagram.com\/leregardlibre\/","http:\/\/t.me\/leregardlibre","https:\/\/youtube.com\/channel\/UC6HzGPomj1LsUmlz-sJtITQ"],"description":"Le Regard Libre is a Swiss monthly magazine for intellectual and cultural debate. Its editorial team is young, voluntary, liberal and pluralist. The magazine appears online and in print. Its language is French.","email":"redaction@leregardlibre.com","legalName":"Le Regard Libre","foundingDate":"2014-01-01","numberOfEmployees":{"@type":"QuantitativeValue","minValue":"11","maxValue":"50"},"publishingPrinciples":"https:\/\/leregardlibre.com\/a-propos\/notre-manifeste\/","ownershipFundingInfo":"https:\/\/leregardlibre.com\/mentions-legales\/","actionableFeedbackPolicy":"https:\/\/leregardlibre.com\/conditions-generales-de-vente\/"},{"@type":"Person","@id":"https:\/\/leregardlibre.com\/#\/schema\/person\/700dda4dc95978812204edee7b38bce8","name":"Arthur Billerey","image":{"@type":"ImageObject","inLanguage":"en-US","@id":"https:\/\/secure.gravatar.com\/avatar\/6a6e2c877113a791180538347e49c18fa859d29860fce86bff3730f66bc9ee1d?s=96&d=identicon&r=g","url":"https:\/\/secure.gravatar.com\/avatar\/6a6e2c877113a791180538347e49c18fa859d29860fce86bff3730f66bc9ee1d?s=96&d=identicon&r=g","contentUrl":"https:\/\/secure.gravatar.com\/avatar\/6a6e2c877113a791180538347e49c18fa859d29860fce86bff3730f66bc9ee1d?s=96&d=identicon&r=g","caption":"Arthur Billerey"},"sameAs":["https:\/\/leregardlibre.com\/","https:\/\/fr.wikipedia.org\/wiki\/Le_Regard_libre"],"url":"https:\/\/leregardlibre.com\/en\/author\/arthur-billerey\/"}]}},"_links":{"self":[{"href":"https:\/\/leregardlibre.com\/en\/wp-json\/wp\/v2\/posts\/517147","targetHints":{"allow":["GET"]}}],"collection":[{"href":"https:\/\/leregardlibre.com\/en\/wp-json\/wp\/v2\/posts"}],"about":[{"href":"https:\/\/leregardlibre.com\/en\/wp-json\/wp\/v2\/types\/post"}],"author":[{"embeddable":true,"href":"https:\/\/leregardlibre.com\/en\/wp-json\/wp\/v2\/users\/331"}],"replies":[{"embeddable":true,"href":"https:\/\/leregardlibre.com\/en\/wp-json\/wp\/v2\/comments?post=517147"}],"version-history":[{"count":2,"href":"https:\/\/leregardlibre.com\/en\/wp-json\/wp\/v2\/posts\/517147\/revisions"}],"predecessor-version":[{"id":517155,"href":"https:\/\/leregardlibre.com\/en\/wp-json\/wp\/v2\/posts\/517147\/revisions\/517155"}],"wp:featuredmedia":[{"embeddable":true,"href":"https:\/\/leregardlibre.com\/en\/wp-json\/wp\/v2\/media\/517149"}],"wp:attachment":[{"href":"https:\/\/leregardlibre.com\/en\/wp-json\/wp\/v2\/media?parent=517147"}],"wp:term":[{"taxonomy":"category","embeddable":true,"href":"https:\/\/leregardlibre.com\/en\/wp-json\/wp\/v2\/categories?post=517147"},{"taxonomy":"post_tag","embeddable":true,"href":"https:\/\/leregardlibre.com\/en\/wp-json\/wp\/v2\/tags?post=517147"}],"curies":[{"name":"wp","href":"https:\/\/api.w.org\/{rel}","templated":true}]}}