{"id":517741,"date":"2023-04-26T11:35:35","date_gmt":"2023-04-26T09:35:35","guid":{"rendered":"https:\/\/leregardlibre.com\/?p=517741"},"modified":"2025-12-04T22:22:53","modified_gmt":"2025-12-04T21:22:53","slug":"ah-those-musketeers","status":"publish","type":"post","link":"https:\/\/leregardlibre.com\/en\/cinema\/films\/ah-those-musketeers\/","title":{"rendered":"Ah, those musketeers!"},"content":{"rendered":"<p class=\"has-drop-cap\"><strong>Despite the harsh scores played for us by experts in the pedantry of the seventh art and some of the film's undeniable flaws, the return of the <\/strong><em><strong>Three Musketeers<\/strong><\/em><strong> on the big screen is also the sign of great popular French cinema. And much more besides.<\/strong><\/p>\n\n\n\n<!--more Lire la critique (en libre acc\u00e8s)-->\n\n\n\n<figure class=\"wp-block-embed is-type-video is-provider-youtube wp-block-embed-youtube wp-embed-aspect-16-9 wp-has-aspect-ratio\"><div class=\"wp-block-embed__wrapper\">\n<iframe title=\"LES TROIS MOUSQUETAIRES - D&#039;ARTAGNAN - Official 4K Trailer [Switzerland]\" width=\"1000\" height=\"563\" src=\"https:\/\/www.youtube.com\/embed\/wvy-72Mowec?feature=oembed\" frameborder=\"0\" allow=\"accelerometer; autoplay; clipboard-write; encrypted-media; gyroscope; picture-in-picture; web-share\" referrerpolicy=\"strict-origin-when-cross-origin\" allowfullscreen><\/iframe>\n<\/div><\/figure>\n\n\n\n<p>If the author of this article has taken the liberty of indulging in an exceptional film review, an exercise abandoned several months ago for lack of time, it's because the subject was worth the effort. Viewing such a work on a grey Sunday, when the party's over, proved ideal for discovering its resounding potential. These unifying feature films that uplift while entertaining, and that marry diverse talents, have been lacking of late. Perhaps the current period of crisis after crisis was just what was needed.<\/p>\n\n\n\n<form method=\"post\" action=\"https:\/\/newsletter.infomaniak.com\/external\/submit\" class=\"inf-form\" target=\"_blank\"><input type=\"email\" name=\"email\" style=\"display:none\"><input type=\"hidden\" name=\"key\" value=\"eyJpdiI6IlZXRVJGMlRGQUU2alNqUE81bitIUk5adnNVa0c4MllFTStzOHdHT1FQZ3c9IiwidmFsdWUiOiJIYzhwMUVCK1pTNnlhY3MyMmhuZlhReWJqemEwNk93blMxTjFHc0s2VHZrPSIsIm1hYyI6ImVhYTQ5N2I1M2NiYWE4NzBmNjk2NzgzYjliM2Y5NmYzM2E2ZmU3NGQxNTU1ZDFkMTU1MzY5NTdjYjE3ZTJmNTUifQ==\"><input type=\"hidden\" name=\"webform_id\" value=\"7291\"><style> .inf-main_3000311ca56a1cb93397bc676c0b7fff{ background-color:#f5f5f5; padding:25px 20px; margin:25px auto; } .inf-main_3000311ca56a1cb93397bc676c0b7fff .inf-content { margin-top:13px;} .inf-main_3000311ca56a1cb93397bc676c0b7fff h4, .inf-main_3000311ca56a1cb93397bc676c0b7fff span, .inf-main_3000311ca56a1cb93397bc676c0b7fff label, .inf-main_3000311ca56a1cb93397bc676c0b7fff input, .inf-main_3000311ca56a1cb93397bc676c0b7fff .inf-submit, .inf-main_3000311ca56a1cb93397bc676c0b7fff .inf-success p a { color:#555555; font-size:14px; } .inf-main_3000311ca56a1cb93397bc676c0b7fff h4{ font-size:18px; margin:0px 0px 13px 0px; } .inf-main_3000311ca56a1cb93397bc676c0b7fff h4, .inf-main_3000311ca56a1cb93397bc676c0b7fff label{ font-weight:bold; } .inf-main_3000311ca56a1cb93397bc676c0b7fff .inf-input { margin-bottom:7px; } .inf-main_3000311ca56a1cb93397bc676c0b7fff label { display:block;} .inf-main_3000311ca56a1cb93397bc676c0b7fff input{ height:35px; color:#999999; border: 1px solid #E9E9E9; border:none; padding-left:7px; } .inf-main_3000311ca56a1cb93397bc676c0b7fff .inf-input.inf-error label, .inf-main_3000311ca56a1cb93397bc676c0b7fff .inf-input.inf-error span.inf-message{ color: #cc0033; } .inf-main_3000311ca56a1cb93397bc676c0b7fff .inf-input.inf-error input{ border: 1px solid #cc0033; } .inf-main_3000311ca56a1cb93397bc676c0b7fff .inf-input input { width:100%;} .inf-main_3000311ca56a1cb93397bc676c0b7fff .inf-input.inf-error span.inf-message { display: block; } .inf-main_3000311ca56a1cb93397bc676c0b7fff .inf-submit { text-align:right;} .inf-main_3000311ca56a1cb93397bc676c0b7fff .inf-submit input{ background-color:#777777; color:#ffffff; border:none; font-weight: normal; height:auto; padding:7px; } .inf-main_3000311ca56a1cb93397bc676c0b7fff .inf-submit input.disabled{ opacity: 0.4; } .inf-btn { color: rgb(85, 85, 85); border: medium none; font-weight: normal; height: auto; padding: 7px; display: inline-block; background-color: white; box-shadow: 0px 1px 1px rgba(0, 0, 0, 0.24); border-radius: 2px; line-height: 1em; } .inf-rgpd { margin:25px 0px 15px 0px; color:#555555; } <\/style> <div class=\"inf-main_3000311ca56a1cb93397bc676c0b7fff\"> <h4>NEWSLETTER DU REGARD LIBRE<\/h4> <span>Receive our articles every Sunday.<\/span> <div class=\"inf-success\" style=\"display:none\"> <h4>Your subscription to our weekly newsletter has been successfully registered!<\/h4> <p> <a href=\"#\" class=\"inf-btn\">\u00ab<\/a> <\/p> <\/div> <div class=\"inf-content\"> <div class=\"inf-input inf-input-text\"> <input type=\"text\" name=\"inf[1]\" data-inf-meta=\"1\" data-inf-error=\"Merci de renseigner une adresse email\" required=\"required\" placeholder=\"Email\"> <\/div> <div class=\"inf-submit\"> <input type=\"submit\" name=\"\" value=\"Sign up\"> <\/div> <\/div> <\/div> <\/form>\n\n\n\n<p>Real sets highlighting the beauty of France's heritage, magnificent costumes and choreography, plots interwoven like a thriller, heart-stopping choruses, well-judged humor on the border between the absurd and the familiar, and a delicate use of Alexandre Dumas' text, <em>The Three Musketeers: D'Artagnan<\/em>, with a sequel scheduled for June, focusing on the character of Milady, is a pure cape-and-sword film, but magnified. You'll come away not only having had a good time, but having been thrilled by 17th-century France.<sup>th<\/sup>, with its politico-religious stakes, its musketeers, its historical characters embodied by excellent actors.<\/p>\n\n\n\n<h3 class=\"wp-block-heading\">A collective adventure<\/h3>\n\n\n\n<p>Fran\u00e7ois Civil, Vincent Cassel, Romain Duris and Pio Marma\u00ef, who play the Four Musketeers, spent five months training to ride horses and handle their weapons, as producer Dimitri Rassam explains. <u><a href=\"https:\/\/www.youtube.com\/watch?v=J4qRHH29I3w&amp;ab_channel=Quelle%C3%A9poque%21\">on L\u00e9a Salam\u00e9's set<\/a><\/u>. The film was shot over 145 days on location - more than 90% of the feature was filmed in France. You can feel what an emotional and collective adventure this must have been for both the crew and the audience. Certain sequences, such as the trial and the wedding, are breathtaking in their dramatic force.<\/p>\n\n\n\n<figure class=\"wp-block-image size-large\"><a href=\"https:\/\/leregardlibre.com\/wp-content\/uploads\/2023\/04\/c5d78790-f3f5-406c-b6a17893362f085b_source.jpg\"><img fetchpriority=\"high\" decoding=\"async\" width=\"1024\" height=\"683\" src=\"https:\/\/leregardlibre.com\/wp-content\/uploads\/2023\/04\/c5d78790-f3f5-406c-b6a17893362f085b_source-e1682502035654-1024x683.jpg\" alt=\"\" class=\"wp-image-517763\" srcset=\"https:\/\/leregardlibre.com\/wp-content\/uploads\/2023\/04\/c5d78790-f3f5-406c-b6a17893362f085b_source-e1682502035654-1024x683.jpg 1024w, https:\/\/leregardlibre.com\/wp-content\/uploads\/2023\/04\/c5d78790-f3f5-406c-b6a17893362f085b_source-e1682502035654-300x200.jpg 300w, https:\/\/leregardlibre.com\/wp-content\/uploads\/2023\/04\/c5d78790-f3f5-406c-b6a17893362f085b_source-e1682502035654-150x100.jpg 150w, https:\/\/leregardlibre.com\/wp-content\/uploads\/2023\/04\/c5d78790-f3f5-406c-b6a17893362f085b_source-e1682502035654-768x512.jpg 768w, https:\/\/leregardlibre.com\/wp-content\/uploads\/2023\/04\/c5d78790-f3f5-406c-b6a17893362f085b_source-e1682502035654-1536x1025.jpg 1536w, https:\/\/leregardlibre.com\/wp-content\/uploads\/2023\/04\/c5d78790-f3f5-406c-b6a17893362f085b_source-e1682502035654-1170x781.jpg 1170w, https:\/\/leregardlibre.com\/wp-content\/uploads\/2023\/04\/c5d78790-f3f5-406c-b6a17893362f085b_source-e1682502035654-585x390.jpg 585w, https:\/\/leregardlibre.com\/wp-content\/uploads\/2023\/04\/c5d78790-f3f5-406c-b6a17893362f085b_source-e1682502035654-263x175.jpg 263w, https:\/\/leregardlibre.com\/wp-content\/uploads\/2023\/04\/c5d78790-f3f5-406c-b6a17893362f085b_source-e1682502035654-600x400.jpg 600w, https:\/\/leregardlibre.com\/wp-content\/uploads\/2023\/04\/c5d78790-f3f5-406c-b6a17893362f085b_source-e1682502035654.jpg 1920w\" sizes=\"(max-width: 1024px) 100vw, 1024px\" \/><\/a><figcaption>Vincent Cassel in <em>The Three Musketeers: D'Artagnan<\/em> by Martin Bourboulon \u00a9 2023 CHAPTER 2 \/ PATHE FILMS \/ M6 FILMS<\/figcaption><\/figure>\n\n\n\n<p>So yes, this umpteenth adaptation of the world-famous novel is bound to disappoint viewers who are already familiar with its content. But it's a fact of life: anyone who is already familiar with certain characteristics of a work is bound to be less surprised when they discover them than someone who is not. What's more, Martin Bourboulon's direction doesn't just take up the bulk of the story that many people have in their heads, he also mixes in some welcome subplots - and a few lightnesses, or even errors (such as the rosary bequeathed by a Protestant), which we're happy to forgive him for. For it's the spirit that emanates from this great journey that makes it so delightful. Run, you've still got a few days left.<\/p>\n\n\n\n<p><em>Write to the author:&nbsp;<a href=\"mailto:diana-alice.ramsauer@leregardlibre.com\">jonas.follonier@leregardlibre.com<\/a><\/em><\/p>\n\n\n\n<p><strong>You've just read an open-access article.&nbsp;<\/strong>Debates, analysis, cultural news:&nbsp;<a href=\"https:\/\/leregardlibre.com\/en\/subscription\/\">subscribe<\/a>&nbsp;to support us and get access to all our content!<\/p>\n\n\n\n<figure class=\"wp-block-image size-large\"><a href=\"http:\/\/leregardlibre.com\/wp-content\/uploads\/2023\/04\/les-trois-mousquetaires-affiche.jpg\"><img decoding=\"async\" width=\"717\" height=\"1024\" src=\"https:\/\/leregardlibre.com\/wp-content\/uploads\/2023\/04\/les-trois-mousquetaires-affiche-717x1024.jpg\" alt=\"2023 CHAPTER 2 \/ PATHE FILMS \/ M6 FILMS\" class=\"wp-image-517761\" srcset=\"https:\/\/leregardlibre.com\/wp-content\/uploads\/2023\/04\/les-trois-mousquetaires-affiche-717x1024.jpg 717w, https:\/\/leregardlibre.com\/wp-content\/uploads\/2023\/04\/les-trois-mousquetaires-affiche-210x300.jpg 210w, https:\/\/leregardlibre.com\/wp-content\/uploads\/2023\/04\/les-trois-mousquetaires-affiche-105x150.jpg 105w, https:\/\/leregardlibre.com\/wp-content\/uploads\/2023\/04\/les-trois-mousquetaires-affiche-768x1097.jpg 768w, https:\/\/leregardlibre.com\/wp-content\/uploads\/2023\/04\/les-trois-mousquetaires-affiche-1075x1536.jpg 1075w, https:\/\/leregardlibre.com\/wp-content\/uploads\/2023\/04\/les-trois-mousquetaires-affiche-1433x2048.jpg 1433w, https:\/\/leregardlibre.com\/wp-content\/uploads\/2023\/04\/les-trois-mousquetaires-affiche-1920x2744.jpg 1920w, https:\/\/leregardlibre.com\/wp-content\/uploads\/2023\/04\/les-trois-mousquetaires-affiche-1170x1672.jpg 1170w, https:\/\/leregardlibre.com\/wp-content\/uploads\/2023\/04\/les-trois-mousquetaires-affiche-585x836.jpg 585w, https:\/\/leregardlibre.com\/wp-content\/uploads\/2023\/04\/les-trois-mousquetaires-affiche-300x429.jpg 300w, https:\/\/leregardlibre.com\/wp-content\/uploads\/2023\/04\/les-trois-mousquetaires-affiche-600x857.jpg 600w, https:\/\/leregardlibre.com\/wp-content\/uploads\/2023\/04\/les-trois-mousquetaires-affiche.jpg 1984w\" sizes=\"(max-width: 717px) 100vw, 717px\" \/><\/a><figcaption>2023 CHAPTER 2 \/ PATHE FILMS \/ M6 FILMS<\/figcaption><\/figure>","protected":false},"excerpt":{"rendered":"<p>Despite the harsh scores played out by experts in seventh-art pedantry and the film's undeniable shortcomings, the return of \u00abLes Trois Mousquetaires\u00bb to the big screen also marks the return of great popular French cinema. And much more besides.<\/p>","protected":false},"author":138,"featured_media":517745,"comment_status":"open","ping_status":"closed","sticky":false,"template":"","format":"standard","meta":{"_acf_changed":false,"footnotes":""},"categories":[644355829],"tags":[61026,644341146,644339438,644341055],"class_list":["post-517741","post","type-post","status-publish","format-standard","has-post-thumbnail","hentry","category-films","tag-cinema-francais","tag-critiques-cinema","tag-vincent-cassel","tag-xviiie-siecle"],"acf":[],"yoast_head":"<!-- This site is optimized with the Yoast SEO Premium plugin v27.4 (Yoast SEO v27.4) - https:\/\/yoast.com\/product\/yoast-seo-premium-wordpress\/ -->\n<title>Ah, ces mousquetaires!<\/title>\n<meta name=\"description\" content=\"Le retour des \u00abTrois Mousquetaires\u00bb sur le grand \u00e9cran signe \u00e9galement celui du grand cin\u00e9ma fran\u00e7ais populaire. Et bien plus encore.\" \/>\n<meta name=\"robots\" content=\"index, follow, max-snippet:-1, max-image-preview:large, max-video-preview:-1\" \/>\n<link rel=\"canonical\" href=\"https:\/\/leregardlibre.com\/en\/cinema\/films\/ah-those-musketeers\/\" \/>\n<meta property=\"og:locale\" content=\"en_US\" \/>\n<meta property=\"og:type\" content=\"article\" \/>\n<meta property=\"og:title\" content=\"Ah, ces mousquetaires!\" \/>\n<meta property=\"og:description\" content=\"Le retour des \u00abTrois Mousquetaires\u00bb sur le grand \u00e9cran signe \u00e9galement celui du grand cin\u00e9ma fran\u00e7ais populaire. Et bien plus encore.\" \/>\n<meta property=\"og:url\" content=\"https:\/\/leregardlibre.com\/en\/cinema\/films\/ah-those-musketeers\/\" \/>\n<meta property=\"og:site_name\" content=\"Le Regard Libre\" \/>\n<meta property=\"article:publisher\" content=\"https:\/\/www.facebook.com\/leregardlibre\/\" \/>\n<meta property=\"article:author\" content=\"https:\/\/www.facebook.com\/jonas.follonier\/\" \/>\n<meta property=\"article:published_time\" content=\"2023-04-26T09:35:35+00:00\" \/>\n<meta property=\"article:modified_time\" content=\"2025-12-04T21:22:53+00:00\" \/>\n<meta property=\"og:image\" content=\"https:\/\/leregardlibre.com\/wp-content\/uploads\/2023\/04\/les-trois-mousquetaires--2023-chapter-2-pathe-films-m6-films-e1682500922625.jpg\" \/>\n\t<meta property=\"og:image:width\" content=\"2578\" \/>\n\t<meta property=\"og:image:height\" content=\"1080\" \/>\n\t<meta property=\"og:image:type\" content=\"image\/jpeg\" \/>\n<meta name=\"author\" content=\"Jonas Follonier\" \/>\n<meta name=\"twitter:card\" content=\"summary_large_image\" \/>\n<meta name=\"twitter:creator\" content=\"@LeRegardLibre\" \/>\n<meta name=\"twitter:site\" content=\"@LeRegardLibre\" \/>\n<meta name=\"twitter:label1\" content=\"Written by\" \/>\n\t<meta name=\"twitter:data1\" content=\"Jonas Follonier\" \/>\n\t<meta name=\"twitter:label2\" content=\"Est. reading time\" \/>\n\t<meta name=\"twitter:data2\" content=\"5 minutes\" \/>\n<script type=\"application\/ld+json\" class=\"yoast-schema-graph\">{\"@context\":\"https:\\\/\\\/schema.org\",\"@graph\":[{\"@type\":\"Article\",\"@id\":\"https:\\\/\\\/leregardlibre.com\\\/cinema\\\/films\\\/ah-ces-mousquetaires\\\/#article\",\"isPartOf\":{\"@id\":\"https:\\\/\\\/leregardlibre.com\\\/cinema\\\/films\\\/ah-ces-mousquetaires\\\/\"},\"author\":{\"name\":\"Jonas Follonier\",\"@id\":\"https:\\\/\\\/leregardlibre.com\\\/#\\\/schema\\\/person\\\/bfe5aa794a23be71485d60e2d93ec0d2\"},\"headline\":\"Ah, ces mousquetaires!\",\"datePublished\":\"2023-04-26T09:35:35+00:00\",\"dateModified\":\"2025-12-04T21:22:53+00:00\",\"mainEntityOfPage\":{\"@id\":\"https:\\\/\\\/leregardlibre.com\\\/cinema\\\/films\\\/ah-ces-mousquetaires\\\/\"},\"wordCount\":640,\"commentCount\":0,\"publisher\":{\"@id\":\"https:\\\/\\\/leregardlibre.com\\\/#organization\"},\"image\":{\"@id\":\"https:\\\/\\\/leregardlibre.com\\\/cinema\\\/films\\\/ah-ces-mousquetaires\\\/#primaryimage\"},\"thumbnailUrl\":\"https:\\\/\\\/leregardlibre.com\\\/wp-content\\\/uploads\\\/2023\\\/04\\\/les-trois-mousquetaires--2023-chapter-2-pathe-films-m6-films-e1682500922625.jpg\",\"keywords\":[\"Cin\u00e9ma fran\u00e7ais\",\"Critique cin\u00e9ma\",\"Vincent Cassel\",\"XVIIe si\u00e8cle\"],\"articleSection\":[\"Films\"],\"inLanguage\":\"en-US\",\"potentialAction\":[{\"@type\":\"CommentAction\",\"name\":\"Comment\",\"target\":[\"https:\\\/\\\/leregardlibre.com\\\/cinema\\\/films\\\/ah-ces-mousquetaires\\\/#respond\"]}]},{\"@type\":\"WebPage\",\"@id\":\"https:\\\/\\\/leregardlibre.com\\\/cinema\\\/films\\\/ah-ces-mousquetaires\\\/\",\"url\":\"https:\\\/\\\/leregardlibre.com\\\/cinema\\\/films\\\/ah-ces-mousquetaires\\\/\",\"name\":\"Ah, ces mousquetaires!\",\"isPartOf\":{\"@id\":\"https:\\\/\\\/leregardlibre.com\\\/#website\"},\"primaryImageOfPage\":{\"@id\":\"https:\\\/\\\/leregardlibre.com\\\/cinema\\\/films\\\/ah-ces-mousquetaires\\\/#primaryimage\"},\"image\":{\"@id\":\"https:\\\/\\\/leregardlibre.com\\\/cinema\\\/films\\\/ah-ces-mousquetaires\\\/#primaryimage\"},\"thumbnailUrl\":\"https:\\\/\\\/leregardlibre.com\\\/wp-content\\\/uploads\\\/2023\\\/04\\\/les-trois-mousquetaires--2023-chapter-2-pathe-films-m6-films-e1682500922625.jpg\",\"datePublished\":\"2023-04-26T09:35:35+00:00\",\"dateModified\":\"2025-12-04T21:22:53+00:00\",\"description\":\"Le retour des \u00abTrois Mousquetaires\u00bb sur le grand \u00e9cran signe \u00e9galement celui du grand cin\u00e9ma fran\u00e7ais populaire. Et bien plus encore.\",\"breadcrumb\":{\"@id\":\"https:\\\/\\\/leregardlibre.com\\\/cinema\\\/films\\\/ah-ces-mousquetaires\\\/#breadcrumb\"},\"inLanguage\":\"en-US\",\"potentialAction\":[{\"@type\":\"ReadAction\",\"target\":[\"https:\\\/\\\/leregardlibre.com\\\/cinema\\\/films\\\/ah-ces-mousquetaires\\\/\"]}]},{\"@type\":\"ImageObject\",\"inLanguage\":\"en-US\",\"@id\":\"https:\\\/\\\/leregardlibre.com\\\/cinema\\\/films\\\/ah-ces-mousquetaires\\\/#primaryimage\",\"url\":\"https:\\\/\\\/leregardlibre.com\\\/wp-content\\\/uploads\\\/2023\\\/04\\\/les-trois-mousquetaires--2023-chapter-2-pathe-films-m6-films-e1682500922625.jpg\",\"contentUrl\":\"https:\\\/\\\/leregardlibre.com\\\/wp-content\\\/uploads\\\/2023\\\/04\\\/les-trois-mousquetaires--2023-chapter-2-pathe-films-m6-films-e1682500922625.jpg\",\"width\":2578,\"height\":1080,\"caption\":\"Les Trois Mousquetaires \u00a9 2023 CHAPTER 2 : PATHE FILMS : M6 FILMS\"},{\"@type\":\"BreadcrumbList\",\"@id\":\"https:\\\/\\\/leregardlibre.com\\\/cinema\\\/films\\\/ah-ces-mousquetaires\\\/#breadcrumb\",\"itemListElement\":[{\"@type\":\"ListItem\",\"position\":1,\"name\":\"Accueil\",\"item\":\"https:\\\/\\\/leregardlibre.com\\\/\"},{\"@type\":\"ListItem\",\"position\":2,\"name\":\"Ah, ces mousquetaires!\"}]},{\"@type\":\"WebSite\",\"@id\":\"https:\\\/\\\/leregardlibre.com\\\/#website\",\"url\":\"https:\\\/\\\/leregardlibre.com\\\/\",\"name\":\"Le Regard Libre\",\"description\":\"Premier mensuel suisse de d\u00e9bat\",\"publisher\":{\"@id\":\"https:\\\/\\\/leregardlibre.com\\\/#organization\"},\"potentialAction\":[{\"@type\":\"SearchAction\",\"target\":{\"@type\":\"EntryPoint\",\"urlTemplate\":\"https:\\\/\\\/leregardlibre.com\\\/?s={search_term_string}\"},\"query-input\":{\"@type\":\"PropertyValueSpecification\",\"valueRequired\":true,\"valueName\":\"search_term_string\"}}],\"inLanguage\":\"en-US\"},{\"@type\":\"Organization\",\"@id\":\"https:\\\/\\\/leregardlibre.com\\\/#organization\",\"name\":\"Le Regard Libre\",\"url\":\"https:\\\/\\\/leregardlibre.com\\\/\",\"logo\":{\"@type\":\"ImageObject\",\"inLanguage\":\"en-US\",\"@id\":\"https:\\\/\\\/leregardlibre.com\\\/#\\\/schema\\\/logo\\\/image\\\/\",\"url\":\"https:\\\/\\\/leregardlibre.com\\\/wp-content\\\/uploads\\\/2025\\\/08\\\/logo-rl-icone-neg.jpeg\",\"contentUrl\":\"https:\\\/\\\/leregardlibre.com\\\/wp-content\\\/uploads\\\/2025\\\/08\\\/logo-rl-icone-neg.jpeg\",\"width\":557,\"height\":556,\"caption\":\"Le Regard Libre\"},\"image\":{\"@id\":\"https:\\\/\\\/leregardlibre.com\\\/#\\\/schema\\\/logo\\\/image\\\/\"},\"sameAs\":[\"https:\\\/\\\/www.facebook.com\\\/leregardlibre\\\/\",\"https:\\\/\\\/x.com\\\/LeRegardLibre\",\"https:\\\/\\\/www.linkedin.com\\\/company\\\/le-regard-libre\",\"https:\\\/\\\/www.instagram.com\\\/leregardlibre\\\/\",\"http:\\\/\\\/t.me\\\/leregardlibre\",\"https:\\\/\\\/youtube.com\\\/channel\\\/UC6HzGPomj1LsUmlz-sJtITQ\"],\"description\":\"Le Regard Libre est un mensuel suisse de d\u00e9bat intellectuel et culturel. Sa r\u00e9daction est jeune, b\u00e9n\u00e9vole, lib\u00e9rale et pluraliste. Le magazine para\u00eet en ligne et sous forme papier. Sa langue est le fran\u00e7ais.\",\"email\":\"redaction@leregardlibre.com\",\"legalName\":\"Le Regard Libre\",\"foundingDate\":\"2014-01-01\",\"numberOfEmployees\":{\"@type\":\"QuantitativeValue\",\"minValue\":\"11\",\"maxValue\":\"50\"},\"publishingPrinciples\":\"https:\\\/\\\/leregardlibre.com\\\/a-propos\\\/notre-manifeste\\\/\",\"ownershipFundingInfo\":\"https:\\\/\\\/leregardlibre.com\\\/mentions-legales\\\/\",\"actionableFeedbackPolicy\":\"https:\\\/\\\/leregardlibre.com\\\/conditions-generales-de-vente\\\/\"},{\"@type\":\"Person\",\"@id\":\"https:\\\/\\\/leregardlibre.com\\\/#\\\/schema\\\/person\\\/bfe5aa794a23be71485d60e2d93ec0d2\",\"name\":\"Jonas Follonier\",\"image\":{\"@type\":\"ImageObject\",\"inLanguage\":\"en-US\",\"@id\":\"https:\\\/\\\/secure.gravatar.com\\\/avatar\\\/602060b40f6a458420c2d140f49b6caea99152ce6704f2c332e5a0c5aad80303?s=96&d=identicon&r=g\",\"url\":\"https:\\\/\\\/secure.gravatar.com\\\/avatar\\\/602060b40f6a458420c2d140f49b6caea99152ce6704f2c332e5a0c5aad80303?s=96&d=identicon&r=g\",\"contentUrl\":\"https:\\\/\\\/secure.gravatar.com\\\/avatar\\\/602060b40f6a458420c2d140f49b6caea99152ce6704f2c332e5a0c5aad80303?s=96&d=identicon&r=g\",\"caption\":\"Jonas Follonier\"},\"description\":\"Correspondant au Palais f\u00e9d\u00e9ral pour \u00abL\u2019Agefi\u00bb, auteur-compositeur-interpr\u00e8te et essayiste, Jonas Follonier est le fondateur et r\u00e9dacteur en chef du \u00abRegard Libre\u00bb.\",\"sameAs\":[\"https:\\\/\\\/www.facebook.com\\\/jonas.follonier\\\/\",\"https:\\\/\\\/www.instagram.com\\\/jonasfollonier\\\/\",\"https:\\\/\\\/www.linkedin.com\\\/in\\\/jonasfollonier\\\/\",\"https:\\\/\\\/fr.wikipedia.org\\\/wiki\\\/Le_Regard_libre\"],\"url\":\"https:\\\/\\\/leregardlibre.com\\\/en\\\/author\\\/jonas-follonier\\\/\"}]}<\/script>\n<!-- \/ Yoast SEO Premium plugin. -->","yoast_head_json":{"title":"Ah, those musketeers!","description":"The return of \u00abThe Three Musketeers\u00bb to the big screen also marks the return of great popular French cinema. And much more besides.","robots":{"index":"index","follow":"follow","max-snippet":"max-snippet:-1","max-image-preview":"max-image-preview:large","max-video-preview":"max-video-preview:-1"},"canonical":"https:\/\/leregardlibre.com\/en\/cinema\/films\/ah-those-musketeers\/","og_locale":"en_US","og_type":"article","og_title":"Ah, ces mousquetaires!","og_description":"Le retour des \u00abTrois Mousquetaires\u00bb sur le grand \u00e9cran signe \u00e9galement celui du grand cin\u00e9ma fran\u00e7ais populaire. Et bien plus encore.","og_url":"https:\/\/leregardlibre.com\/en\/cinema\/films\/ah-those-musketeers\/","og_site_name":"Le Regard Libre","article_publisher":"https:\/\/www.facebook.com\/leregardlibre\/","article_author":"https:\/\/www.facebook.com\/jonas.follonier\/","article_published_time":"2023-04-26T09:35:35+00:00","article_modified_time":"2025-12-04T21:22:53+00:00","og_image":[{"width":2578,"height":1080,"url":"https:\/\/leregardlibre.com\/wp-content\/uploads\/2023\/04\/les-trois-mousquetaires--2023-chapter-2-pathe-films-m6-films-e1682500922625.jpg","type":"image\/jpeg"}],"author":"Jonas Follonier","twitter_card":"summary_large_image","twitter_creator":"@LeRegardLibre","twitter_site":"@LeRegardLibre","twitter_misc":{"Written by":"Jonas Follonier","Est. reading time":"5 minutes"},"schema":{"@context":"https:\/\/schema.org","@graph":[{"@type":"Article","@id":"https:\/\/leregardlibre.com\/cinema\/films\/ah-ces-mousquetaires\/#article","isPartOf":{"@id":"https:\/\/leregardlibre.com\/cinema\/films\/ah-ces-mousquetaires\/"},"author":{"name":"Jonas Follonier","@id":"https:\/\/leregardlibre.com\/#\/schema\/person\/bfe5aa794a23be71485d60e2d93ec0d2"},"headline":"Ah, ces mousquetaires!","datePublished":"2023-04-26T09:35:35+00:00","dateModified":"2025-12-04T21:22:53+00:00","mainEntityOfPage":{"@id":"https:\/\/leregardlibre.com\/cinema\/films\/ah-ces-mousquetaires\/"},"wordCount":640,"commentCount":0,"publisher":{"@id":"https:\/\/leregardlibre.com\/#organization"},"image":{"@id":"https:\/\/leregardlibre.com\/cinema\/films\/ah-ces-mousquetaires\/#primaryimage"},"thumbnailUrl":"https:\/\/leregardlibre.com\/wp-content\/uploads\/2023\/04\/les-trois-mousquetaires--2023-chapter-2-pathe-films-m6-films-e1682500922625.jpg","keywords":["Cin\u00e9ma fran\u00e7ais","Critique cin\u00e9ma","Vincent Cassel","XVIIe si\u00e8cle"],"articleSection":["Films"],"inLanguage":"en-US","potentialAction":[{"@type":"CommentAction","name":"Comment","target":["https:\/\/leregardlibre.com\/cinema\/films\/ah-ces-mousquetaires\/#respond"]}]},{"@type":"WebPage","@id":"https:\/\/leregardlibre.com\/cinema\/films\/ah-ces-mousquetaires\/","url":"https:\/\/leregardlibre.com\/cinema\/films\/ah-ces-mousquetaires\/","name":"Ah, those musketeers!","isPartOf":{"@id":"https:\/\/leregardlibre.com\/#website"},"primaryImageOfPage":{"@id":"https:\/\/leregardlibre.com\/cinema\/films\/ah-ces-mousquetaires\/#primaryimage"},"image":{"@id":"https:\/\/leregardlibre.com\/cinema\/films\/ah-ces-mousquetaires\/#primaryimage"},"thumbnailUrl":"https:\/\/leregardlibre.com\/wp-content\/uploads\/2023\/04\/les-trois-mousquetaires--2023-chapter-2-pathe-films-m6-films-e1682500922625.jpg","datePublished":"2023-04-26T09:35:35+00:00","dateModified":"2025-12-04T21:22:53+00:00","description":"The return of \u00abThe Three Musketeers\u00bb to the big screen also marks the return of great popular French cinema. And much more besides.","breadcrumb":{"@id":"https:\/\/leregardlibre.com\/cinema\/films\/ah-ces-mousquetaires\/#breadcrumb"},"inLanguage":"en-US","potentialAction":[{"@type":"ReadAction","target":["https:\/\/leregardlibre.com\/cinema\/films\/ah-ces-mousquetaires\/"]}]},{"@type":"ImageObject","inLanguage":"en-US","@id":"https:\/\/leregardlibre.com\/cinema\/films\/ah-ces-mousquetaires\/#primaryimage","url":"https:\/\/leregardlibre.com\/wp-content\/uploads\/2023\/04\/les-trois-mousquetaires--2023-chapter-2-pathe-films-m6-films-e1682500922625.jpg","contentUrl":"https:\/\/leregardlibre.com\/wp-content\/uploads\/2023\/04\/les-trois-mousquetaires--2023-chapter-2-pathe-films-m6-films-e1682500922625.jpg","width":2578,"height":1080,"caption":"Les Trois Mousquetaires \u00a9 2023 CHAPTER 2 : PATHE FILMS : M6 FILMS"},{"@type":"BreadcrumbList","@id":"https:\/\/leregardlibre.com\/cinema\/films\/ah-ces-mousquetaires\/#breadcrumb","itemListElement":[{"@type":"ListItem","position":1,"name":"Accueil","item":"https:\/\/leregardlibre.com\/"},{"@type":"ListItem","position":2,"name":"Ah, ces mousquetaires!"}]},{"@type":"WebSite","@id":"https:\/\/leregardlibre.com\/#website","url":"https:\/\/leregardlibre.com\/","name":"Le Regard Libre","description":"Switzerland's first monthly debate magazine","publisher":{"@id":"https:\/\/leregardlibre.com\/#organization"},"potentialAction":[{"@type":"SearchAction","target":{"@type":"EntryPoint","urlTemplate":"https:\/\/leregardlibre.com\/?s={search_term_string}"},"query-input":{"@type":"PropertyValueSpecification","valueRequired":true,"valueName":"search_term_string"}}],"inLanguage":"en-US"},{"@type":"Organization","@id":"https:\/\/leregardlibre.com\/#organization","name":"Le Regard Libre","url":"https:\/\/leregardlibre.com\/","logo":{"@type":"ImageObject","inLanguage":"en-US","@id":"https:\/\/leregardlibre.com\/#\/schema\/logo\/image\/","url":"https:\/\/leregardlibre.com\/wp-content\/uploads\/2025\/08\/logo-rl-icone-neg.jpeg","contentUrl":"https:\/\/leregardlibre.com\/wp-content\/uploads\/2025\/08\/logo-rl-icone-neg.jpeg","width":557,"height":556,"caption":"Le Regard Libre"},"image":{"@id":"https:\/\/leregardlibre.com\/#\/schema\/logo\/image\/"},"sameAs":["https:\/\/www.facebook.com\/leregardlibre\/","https:\/\/x.com\/LeRegardLibre","https:\/\/www.linkedin.com\/company\/le-regard-libre","https:\/\/www.instagram.com\/leregardlibre\/","http:\/\/t.me\/leregardlibre","https:\/\/youtube.com\/channel\/UC6HzGPomj1LsUmlz-sJtITQ"],"description":"Le Regard Libre is a Swiss monthly magazine for intellectual and cultural debate. Its editorial team is young, voluntary, liberal and pluralist. The magazine appears online and in print. Its language is French.","email":"redaction@leregardlibre.com","legalName":"Le Regard Libre","foundingDate":"2014-01-01","numberOfEmployees":{"@type":"QuantitativeValue","minValue":"11","maxValue":"50"},"publishingPrinciples":"https:\/\/leregardlibre.com\/a-propos\/notre-manifeste\/","ownershipFundingInfo":"https:\/\/leregardlibre.com\/mentions-legales\/","actionableFeedbackPolicy":"https:\/\/leregardlibre.com\/conditions-generales-de-vente\/"},{"@type":"Person","@id":"https:\/\/leregardlibre.com\/#\/schema\/person\/bfe5aa794a23be71485d60e2d93ec0d2","name":"Jonas Follonier","image":{"@type":"ImageObject","inLanguage":"en-US","@id":"https:\/\/secure.gravatar.com\/avatar\/602060b40f6a458420c2d140f49b6caea99152ce6704f2c332e5a0c5aad80303?s=96&d=identicon&r=g","url":"https:\/\/secure.gravatar.com\/avatar\/602060b40f6a458420c2d140f49b6caea99152ce6704f2c332e5a0c5aad80303?s=96&d=identicon&r=g","contentUrl":"https:\/\/secure.gravatar.com\/avatar\/602060b40f6a458420c2d140f49b6caea99152ce6704f2c332e5a0c5aad80303?s=96&d=identicon&r=g","caption":"Jonas Follonier"},"description":"Federal Palace correspondent for \u00abL'Agefi\u00bb, singer-songwriter Jonas Follonier is the founder and editor-in-chief of \u00abRegard Libre\u00bb.","sameAs":["https:\/\/www.facebook.com\/jonas.follonier\/","https:\/\/www.instagram.com\/jonasfollonier\/","https:\/\/www.linkedin.com\/in\/jonasfollonier\/","https:\/\/fr.wikipedia.org\/wiki\/Le_Regard_libre"],"url":"https:\/\/leregardlibre.com\/en\/author\/jonas-follonier\/"}]}},"_links":{"self":[{"href":"https:\/\/leregardlibre.com\/en\/wp-json\/wp\/v2\/posts\/517741","targetHints":{"allow":["GET"]}}],"collection":[{"href":"https:\/\/leregardlibre.com\/en\/wp-json\/wp\/v2\/posts"}],"about":[{"href":"https:\/\/leregardlibre.com\/en\/wp-json\/wp\/v2\/types\/post"}],"author":[{"embeddable":true,"href":"https:\/\/leregardlibre.com\/en\/wp-json\/wp\/v2\/users\/138"}],"replies":[{"embeddable":true,"href":"https:\/\/leregardlibre.com\/en\/wp-json\/wp\/v2\/comments?post=517741"}],"version-history":[{"count":2,"href":"https:\/\/leregardlibre.com\/en\/wp-json\/wp\/v2\/posts\/517741\/revisions"}],"predecessor-version":[{"id":517944,"href":"https:\/\/leregardlibre.com\/en\/wp-json\/wp\/v2\/posts\/517741\/revisions\/517944"}],"wp:featuredmedia":[{"embeddable":true,"href":"https:\/\/leregardlibre.com\/en\/wp-json\/wp\/v2\/media\/517745"}],"wp:attachment":[{"href":"https:\/\/leregardlibre.com\/en\/wp-json\/wp\/v2\/media?parent=517741"}],"wp:term":[{"taxonomy":"category","embeddable":true,"href":"https:\/\/leregardlibre.com\/en\/wp-json\/wp\/v2\/categories?post=517741"},{"taxonomy":"post_tag","embeddable":true,"href":"https:\/\/leregardlibre.com\/en\/wp-json\/wp\/v2\/tags?post=517741"}],"curies":[{"name":"wp","href":"https:\/\/api.w.org\/{rel}","templated":true}]}}