{"id":519204,"date":"2023-07-21T06:00:00","date_gmt":"2023-07-21T04:00:00","guid":{"rendered":"https:\/\/leregardlibre.com\/?p=519204"},"modified":"2025-11-13T16:59:00","modified_gmt":"2025-11-13T15:59:00","slug":"swiss-state-not-as-weak-as-you-might-think","status":"publish","type":"post","link":"https:\/\/leregardlibre.com\/en\/economy\/swiss-state-not-as-weak-as-you-might-think\/","title":{"rendered":"The weight of the state in Switzerland is not as low as you might think"},"content":{"rendered":"<p class=\"has-drop-cap\"><strong>Reasonable taxation, free enterprise... Switzerland is often perceived as a country with a small government footprint. A study published this spring by the think-tank Avenir Suisse shows that things are not quite so straightforward. Read the report.<\/strong><\/p>\n\n\n\n<!--more-->\n\n\n\n<p>Since the emergence of the nation-state, the weight of governments in the economy has grown almost uninterruptedly. At least, this is what can be observed if we compare compulsory expenditure or levies in relation to gross domestic product (GDP). Switzerland, liberal as it is, is no exception.<\/p>\n\n\n\n<p>The first observation made by the authors of the Avenir Suisse think tank in their report <a href=\"https:\/\/www.avenir-suisse.ch\/fr\/publication\/croissance-de-letat-la-juste-mesure\/\">recent report<\/a>\u00abThe state has not only kept pace with economic growth, but has expanded far beyond the simple proportion of that growth.\u00bb And that's just as true in times of crisis as during economic upturns.<\/p>\n\n\n\n<h3 class=\"wp-block-heading\">A state that intervenes on all fronts<\/h3>\n\n\n\n<p>This diagnosis also seems to apply in terms of regulatory mass and state employment. According to the authors, the perception of the role of the state in Switzerland is particularly distorted when it comes to the latter parameter. In fact, many parapublic jobs are hidden in companies such as hospitals, which may be private but are largely supported by public money or compulsory levies.<\/p>\n\n\n\n<p>In European comparison, Switzerland is less liberal. In terms of the weight of public spending at all levels (Confederation, cantons, municipalities), but also in terms of state intervention in the markets, Switzerland is either average or far more interventionist than its neighbors. According to calculations by Avenir Suisse, over 50% of the volume of Swiss prices is influenced by the state. This applies as much to foodstuffs, protected by customs duties, as to rents indexed to the mortgage reference rate, among other examples.<\/p>\n\n\n\n<p>To illustrate the distortions created in the market by state intervention, Avenir Suisse deliberately chooses a few of the public authorities' hobbyhorses, which do not, however, correspond to traditional areas of state action. Culture, for example, receives CHF 2.5 billion annually, almost as much as the total expenditure of the seven smallest cantons combined. The state's contribution to tourism has more than tripled since 1990.<\/p>\n\n\n\n<h3 class=\"wp-block-heading\">The need for an ever-critical eye<\/h3>\n\n\n\n<p>The role of a think-tank such as Avenir Suisse is not only to stimulate debate, but also to put concrete ideas on the table. The authors of the report propose a number of concrete measures: a one-week parliamentary session devoted to scrapping legislation, better scrutiny of public policies before and after they are adopted, transparency on subsidies, etc.<\/p>\n\n\n\n<p>But the main recommendation that emerges from the study is implicit. It consists of a kind of principle of good government: politics should not just create a new law or a new credit for each new situation, it should also take a critical look at all public policies. Knowing how to turn back the clock when a subsidy is ineffective or a regulation unnecessarily complex also means defending the general interest.<\/p>\n\n\n\n<p><em>Write to the author:&nbsp;<a href=\"mailto:clement.guntern@leregardlibre.com\">clement.guntern@leregardlibre.com<\/a><\/em><\/p>\n\n\n\n<p><strong>You have just read an analysis from our print edition (<a href=\"https:\/\/leregardlibre.com\/en\/cpt-editions\/le-regard-libre-n98-dossier-infantilisation\/\"><em>Le Regard Libre<\/em>&nbsp;N\u00b098<\/a>).<\/strong><\/p>","protected":false},"excerpt":{"rendered":"<p>Reasonable taxation, free enterprise... Switzerland is often perceived as a country with a small government footprint. A study published this spring by the think-tank Avenir Suisse shows that things are not quite so straightforward. Read the report.<\/p>","protected":false},"author":325,"featured_media":519205,"comment_status":"open","ping_status":"closed","sticky":false,"template":"","format":"standard","meta":{"_acf_changed":false,"footnotes":""},"categories":[27371],"tags":[17770647,977843,644343196,109530],"class_list":["post-519204","post","type-post","status-publish","format-standard","has-post-thumbnail","hentry","category-economie","tag-avenir-suisse","tag-etat","tag-subventions","tag-tourisme"],"acf":[],"yoast_head":"<!-- This site is optimized with the Yoast SEO Premium plugin v27.4 (Yoast SEO v27.4) - https:\/\/yoast.com\/product\/yoast-seo-premium-wordpress\/ -->\n<title>Le poids de l\u2019Etat en Suisse n\u2019est pas si faible qu\u2019on le pense<\/title>\n<meta name=\"description\" content=\"La Suisse est souvent vue comme un pays o\u00f9 l\u2019empreinte de l\u2019Etat est faible. Selon une \u00e9tude r\u00e9cente d\u2019Avenir Suisse, ce n\u2019est pas si \u00e9vident.\" \/>\n<meta name=\"robots\" content=\"index, follow, max-snippet:-1, max-image-preview:large, max-video-preview:-1\" \/>\n<link rel=\"canonical\" href=\"https:\/\/leregardlibre.com\/en\/economy\/swiss-state-not-as-weak-as-you-might-think\/\" \/>\n<meta property=\"og:locale\" content=\"en_US\" \/>\n<meta property=\"og:type\" content=\"article\" \/>\n<meta property=\"og:title\" content=\"Le poids de l\u2019Etat en Suisse n\u2019est pas si faible qu\u2019on le pense\" \/>\n<meta property=\"og:description\" content=\"La Suisse est souvent vue comme un pays o\u00f9 l\u2019empreinte de l\u2019Etat est faible. Selon une \u00e9tude r\u00e9cente d\u2019Avenir Suisse, ce n\u2019est pas si \u00e9vident.\" \/>\n<meta property=\"og:url\" content=\"https:\/\/leregardlibre.com\/en\/economy\/swiss-state-not-as-weak-as-you-might-think\/\" \/>\n<meta property=\"og:site_name\" content=\"Le Regard Libre\" \/>\n<meta property=\"article:publisher\" content=\"https:\/\/www.facebook.com\/leregardlibre\/\" \/>\n<meta property=\"article:published_time\" content=\"2023-07-21T04:00:00+00:00\" \/>\n<meta property=\"article:modified_time\" content=\"2025-11-13T15:59:00+00:00\" \/>\n<meta property=\"og:image\" content=\"https:\/\/leregardlibre.com\/wp-content\/uploads\/2023\/07\/le-palais-federal-a-berne--pixabay-e1689764863496-1024x577.jpg\" \/>\n\t<meta property=\"og:image:width\" content=\"1024\" \/>\n\t<meta property=\"og:image:height\" content=\"577\" \/>\n\t<meta property=\"og:image:type\" content=\"image\/jpeg\" \/>\n<meta name=\"author\" content=\"Cl\u00e9ment Guntern\" \/>\n<meta name=\"twitter:card\" content=\"summary_large_image\" \/>\n<meta name=\"twitter:creator\" content=\"@LeRegardLibre\" \/>\n<meta name=\"twitter:site\" content=\"@LeRegardLibre\" \/>\n<meta name=\"twitter:label1\" content=\"Written by\" \/>\n\t<meta name=\"twitter:data1\" content=\"Cl\u00e9ment Guntern\" \/>\n\t<meta name=\"twitter:label2\" content=\"Est. reading time\" \/>\n\t<meta name=\"twitter:data2\" content=\"3 minutes\" \/>\n<script type=\"application\/ld+json\" class=\"yoast-schema-graph\">{\"@context\":\"https:\\\/\\\/schema.org\",\"@graph\":[{\"@type\":\"Article\",\"@id\":\"https:\\\/\\\/leregardlibre.com\\\/economie\\\/etat-suisse-pas-si-faible-quon-le-pense\\\/#article\",\"isPartOf\":{\"@id\":\"https:\\\/\\\/leregardlibre.com\\\/economie\\\/etat-suisse-pas-si-faible-quon-le-pense\\\/\"},\"author\":{\"name\":\"Cl\u00e9ment Guntern\",\"@id\":\"https:\\\/\\\/leregardlibre.com\\\/#\\\/schema\\\/person\\\/30daacd8c04cd92ec59532d74a7b18f8\"},\"headline\":\"Le poids de l\u2019Etat en Suisse n\u2019est pas si faible qu\u2019on le pense\",\"datePublished\":\"2023-07-21T04:00:00+00:00\",\"dateModified\":\"2025-11-13T15:59:00+00:00\",\"mainEntityOfPage\":{\"@id\":\"https:\\\/\\\/leregardlibre.com\\\/economie\\\/etat-suisse-pas-si-faible-quon-le-pense\\\/\"},\"wordCount\":633,\"commentCount\":0,\"publisher\":{\"@id\":\"https:\\\/\\\/leregardlibre.com\\\/#organization\"},\"image\":{\"@id\":\"https:\\\/\\\/leregardlibre.com\\\/economie\\\/etat-suisse-pas-si-faible-quon-le-pense\\\/#primaryimage\"},\"thumbnailUrl\":\"https:\\\/\\\/leregardlibre.com\\\/wp-content\\\/uploads\\\/2023\\\/07\\\/le-palais-federal-a-berne--pixabay-e1689764863496.jpg\",\"keywords\":[\"Avenir Suisse\",\"Etat\",\"Subventions\",\"Tourisme\"],\"articleSection\":[\"Economie\"],\"inLanguage\":\"en-US\",\"potentialAction\":[{\"@type\":\"CommentAction\",\"name\":\"Comment\",\"target\":[\"https:\\\/\\\/leregardlibre.com\\\/economie\\\/etat-suisse-pas-si-faible-quon-le-pense\\\/#respond\"]}]},{\"@type\":\"WebPage\",\"@id\":\"https:\\\/\\\/leregardlibre.com\\\/economie\\\/etat-suisse-pas-si-faible-quon-le-pense\\\/\",\"url\":\"https:\\\/\\\/leregardlibre.com\\\/economie\\\/etat-suisse-pas-si-faible-quon-le-pense\\\/\",\"name\":\"Le poids de l\u2019Etat en Suisse n\u2019est pas si faible qu\u2019on le pense\",\"isPartOf\":{\"@id\":\"https:\\\/\\\/leregardlibre.com\\\/#website\"},\"primaryImageOfPage\":{\"@id\":\"https:\\\/\\\/leregardlibre.com\\\/economie\\\/etat-suisse-pas-si-faible-quon-le-pense\\\/#primaryimage\"},\"image\":{\"@id\":\"https:\\\/\\\/leregardlibre.com\\\/economie\\\/etat-suisse-pas-si-faible-quon-le-pense\\\/#primaryimage\"},\"thumbnailUrl\":\"https:\\\/\\\/leregardlibre.com\\\/wp-content\\\/uploads\\\/2023\\\/07\\\/le-palais-federal-a-berne--pixabay-e1689764863496.jpg\",\"datePublished\":\"2023-07-21T04:00:00+00:00\",\"dateModified\":\"2025-11-13T15:59:00+00:00\",\"description\":\"La Suisse est souvent vue comme un pays o\u00f9 l\u2019empreinte de l\u2019Etat est faible. Selon une \u00e9tude r\u00e9cente d\u2019Avenir Suisse, ce n\u2019est pas si \u00e9vident.\",\"breadcrumb\":{\"@id\":\"https:\\\/\\\/leregardlibre.com\\\/economie\\\/etat-suisse-pas-si-faible-quon-le-pense\\\/#breadcrumb\"},\"inLanguage\":\"en-US\",\"potentialAction\":[{\"@type\":\"ReadAction\",\"target\":[\"https:\\\/\\\/leregardlibre.com\\\/economie\\\/etat-suisse-pas-si-faible-quon-le-pense\\\/\"]}]},{\"@type\":\"ImageObject\",\"inLanguage\":\"en-US\",\"@id\":\"https:\\\/\\\/leregardlibre.com\\\/economie\\\/etat-suisse-pas-si-faible-quon-le-pense\\\/#primaryimage\",\"url\":\"https:\\\/\\\/leregardlibre.com\\\/wp-content\\\/uploads\\\/2023\\\/07\\\/le-palais-federal-a-berne--pixabay-e1689764863496.jpg\",\"contentUrl\":\"https:\\\/\\\/leregardlibre.com\\\/wp-content\\\/uploads\\\/2023\\\/07\\\/le-palais-federal-a-berne--pixabay-e1689764863496.jpg\",\"width\":1920,\"height\":1081,\"caption\":\"Le Palais f\u00e9d\u00e9ral, \u00e0 Berne \u00a9 Pixabay\"},{\"@type\":\"BreadcrumbList\",\"@id\":\"https:\\\/\\\/leregardlibre.com\\\/economie\\\/etat-suisse-pas-si-faible-quon-le-pense\\\/#breadcrumb\",\"itemListElement\":[{\"@type\":\"ListItem\",\"position\":1,\"name\":\"Accueil\",\"item\":\"https:\\\/\\\/leregardlibre.com\\\/\"},{\"@type\":\"ListItem\",\"position\":2,\"name\":\"Le poids de l\u2019Etat en Suisse n\u2019est pas si faible qu\u2019on le pense\"}]},{\"@type\":\"WebSite\",\"@id\":\"https:\\\/\\\/leregardlibre.com\\\/#website\",\"url\":\"https:\\\/\\\/leregardlibre.com\\\/\",\"name\":\"Le Regard Libre\",\"description\":\"Premier mensuel suisse de d\u00e9bat\",\"publisher\":{\"@id\":\"https:\\\/\\\/leregardlibre.com\\\/#organization\"},\"potentialAction\":[{\"@type\":\"SearchAction\",\"target\":{\"@type\":\"EntryPoint\",\"urlTemplate\":\"https:\\\/\\\/leregardlibre.com\\\/?s={search_term_string}\"},\"query-input\":{\"@type\":\"PropertyValueSpecification\",\"valueRequired\":true,\"valueName\":\"search_term_string\"}}],\"inLanguage\":\"en-US\"},{\"@type\":\"Organization\",\"@id\":\"https:\\\/\\\/leregardlibre.com\\\/#organization\",\"name\":\"Le Regard Libre\",\"url\":\"https:\\\/\\\/leregardlibre.com\\\/\",\"logo\":{\"@type\":\"ImageObject\",\"inLanguage\":\"en-US\",\"@id\":\"https:\\\/\\\/leregardlibre.com\\\/#\\\/schema\\\/logo\\\/image\\\/\",\"url\":\"https:\\\/\\\/leregardlibre.com\\\/wp-content\\\/uploads\\\/2025\\\/08\\\/logo-rl-icone-neg.jpeg\",\"contentUrl\":\"https:\\\/\\\/leregardlibre.com\\\/wp-content\\\/uploads\\\/2025\\\/08\\\/logo-rl-icone-neg.jpeg\",\"width\":557,\"height\":556,\"caption\":\"Le Regard Libre\"},\"image\":{\"@id\":\"https:\\\/\\\/leregardlibre.com\\\/#\\\/schema\\\/logo\\\/image\\\/\"},\"sameAs\":[\"https:\\\/\\\/www.facebook.com\\\/leregardlibre\\\/\",\"https:\\\/\\\/x.com\\\/LeRegardLibre\",\"https:\\\/\\\/www.linkedin.com\\\/company\\\/le-regard-libre\",\"https:\\\/\\\/www.instagram.com\\\/leregardlibre\\\/\",\"http:\\\/\\\/t.me\\\/leregardlibre\",\"https:\\\/\\\/youtube.com\\\/channel\\\/UC6HzGPomj1LsUmlz-sJtITQ\"],\"description\":\"Le Regard Libre est un mensuel suisse de d\u00e9bat intellectuel et culturel. Sa r\u00e9daction est jeune, b\u00e9n\u00e9vole, lib\u00e9rale et pluraliste. Le magazine para\u00eet en ligne et sous forme papier. Sa langue est le fran\u00e7ais.\",\"email\":\"redaction@leregardlibre.com\",\"legalName\":\"Le Regard Libre\",\"foundingDate\":\"2014-01-01\",\"numberOfEmployees\":{\"@type\":\"QuantitativeValue\",\"minValue\":\"11\",\"maxValue\":\"50\"},\"publishingPrinciples\":\"https:\\\/\\\/leregardlibre.com\\\/a-propos\\\/notre-manifeste\\\/\",\"ownershipFundingInfo\":\"https:\\\/\\\/leregardlibre.com\\\/mentions-legales\\\/\",\"actionableFeedbackPolicy\":\"https:\\\/\\\/leregardlibre.com\\\/conditions-generales-de-vente\\\/\"},{\"@type\":\"Person\",\"@id\":\"https:\\\/\\\/leregardlibre.com\\\/#\\\/schema\\\/person\\\/30daacd8c04cd92ec59532d74a7b18f8\",\"name\":\"Cl\u00e9ment Guntern\",\"image\":{\"@type\":\"ImageObject\",\"inLanguage\":\"en-US\",\"@id\":\"https:\\\/\\\/secure.gravatar.com\\\/avatar\\\/79a3aae9b5ce6c4dcd8890bc4d3171c7198fe739971f91e509b3f8b98aa66d64?s=96&d=identicon&r=g\",\"url\":\"https:\\\/\\\/secure.gravatar.com\\\/avatar\\\/79a3aae9b5ce6c4dcd8890bc4d3171c7198fe739971f91e509b3f8b98aa66d64?s=96&d=identicon&r=g\",\"contentUrl\":\"https:\\\/\\\/secure.gravatar.com\\\/avatar\\\/79a3aae9b5ce6c4dcd8890bc4d3171c7198fe739971f91e509b3f8b98aa66d64?s=96&d=identicon&r=g\",\"caption\":\"Cl\u00e9ment Guntern\"},\"sameAs\":[\"https:\\\/\\\/leregardlibre.com\\\/\"],\"url\":\"https:\\\/\\\/leregardlibre.com\\\/en\\\/author\\\/clement-guntern\\\/\"}]}<\/script>\n<!-- \/ Yoast SEO Premium plugin. -->","yoast_head_json":{"title":"The weight of the state in Switzerland is not as low as you might think","description":"Switzerland is often seen as a country with a small government footprint. According to a recent study by Avenir Suisse, this is not so obvious.","robots":{"index":"index","follow":"follow","max-snippet":"max-snippet:-1","max-image-preview":"max-image-preview:large","max-video-preview":"max-video-preview:-1"},"canonical":"https:\/\/leregardlibre.com\/en\/economy\/swiss-state-not-as-weak-as-you-might-think\/","og_locale":"en_US","og_type":"article","og_title":"Le poids de l\u2019Etat en Suisse n\u2019est pas si faible qu\u2019on le pense","og_description":"La Suisse est souvent vue comme un pays o\u00f9 l\u2019empreinte de l\u2019Etat est faible. Selon une \u00e9tude r\u00e9cente d\u2019Avenir Suisse, ce n\u2019est pas si \u00e9vident.","og_url":"https:\/\/leregardlibre.com\/en\/economy\/swiss-state-not-as-weak-as-you-might-think\/","og_site_name":"Le Regard Libre","article_publisher":"https:\/\/www.facebook.com\/leregardlibre\/","article_published_time":"2023-07-21T04:00:00+00:00","article_modified_time":"2025-11-13T15:59:00+00:00","og_image":[{"width":1024,"height":577,"url":"https:\/\/leregardlibre.com\/wp-content\/uploads\/2023\/07\/le-palais-federal-a-berne--pixabay-e1689764863496-1024x577.jpg","type":"image\/jpeg"}],"author":"Cl\u00e9ment Guntern","twitter_card":"summary_large_image","twitter_creator":"@LeRegardLibre","twitter_site":"@LeRegardLibre","twitter_misc":{"Written by":"Cl\u00e9ment Guntern","Est. reading time":"3 minutes"},"schema":{"@context":"https:\/\/schema.org","@graph":[{"@type":"Article","@id":"https:\/\/leregardlibre.com\/economie\/etat-suisse-pas-si-faible-quon-le-pense\/#article","isPartOf":{"@id":"https:\/\/leregardlibre.com\/economie\/etat-suisse-pas-si-faible-quon-le-pense\/"},"author":{"name":"Cl\u00e9ment Guntern","@id":"https:\/\/leregardlibre.com\/#\/schema\/person\/30daacd8c04cd92ec59532d74a7b18f8"},"headline":"Le poids de l\u2019Etat en Suisse n\u2019est pas si faible qu\u2019on le pense","datePublished":"2023-07-21T04:00:00+00:00","dateModified":"2025-11-13T15:59:00+00:00","mainEntityOfPage":{"@id":"https:\/\/leregardlibre.com\/economie\/etat-suisse-pas-si-faible-quon-le-pense\/"},"wordCount":633,"commentCount":0,"publisher":{"@id":"https:\/\/leregardlibre.com\/#organization"},"image":{"@id":"https:\/\/leregardlibre.com\/economie\/etat-suisse-pas-si-faible-quon-le-pense\/#primaryimage"},"thumbnailUrl":"https:\/\/leregardlibre.com\/wp-content\/uploads\/2023\/07\/le-palais-federal-a-berne--pixabay-e1689764863496.jpg","keywords":["Avenir Suisse","Etat","Subventions","Tourisme"],"articleSection":["Economie"],"inLanguage":"en-US","potentialAction":[{"@type":"CommentAction","name":"Comment","target":["https:\/\/leregardlibre.com\/economie\/etat-suisse-pas-si-faible-quon-le-pense\/#respond"]}]},{"@type":"WebPage","@id":"https:\/\/leregardlibre.com\/economie\/etat-suisse-pas-si-faible-quon-le-pense\/","url":"https:\/\/leregardlibre.com\/economie\/etat-suisse-pas-si-faible-quon-le-pense\/","name":"The weight of the state in Switzerland is not as low as you might think","isPartOf":{"@id":"https:\/\/leregardlibre.com\/#website"},"primaryImageOfPage":{"@id":"https:\/\/leregardlibre.com\/economie\/etat-suisse-pas-si-faible-quon-le-pense\/#primaryimage"},"image":{"@id":"https:\/\/leregardlibre.com\/economie\/etat-suisse-pas-si-faible-quon-le-pense\/#primaryimage"},"thumbnailUrl":"https:\/\/leregardlibre.com\/wp-content\/uploads\/2023\/07\/le-palais-federal-a-berne--pixabay-e1689764863496.jpg","datePublished":"2023-07-21T04:00:00+00:00","dateModified":"2025-11-13T15:59:00+00:00","description":"Switzerland is often seen as a country with a small government footprint. According to a recent study by Avenir Suisse, this is not so obvious.","breadcrumb":{"@id":"https:\/\/leregardlibre.com\/economie\/etat-suisse-pas-si-faible-quon-le-pense\/#breadcrumb"},"inLanguage":"en-US","potentialAction":[{"@type":"ReadAction","target":["https:\/\/leregardlibre.com\/economie\/etat-suisse-pas-si-faible-quon-le-pense\/"]}]},{"@type":"ImageObject","inLanguage":"en-US","@id":"https:\/\/leregardlibre.com\/economie\/etat-suisse-pas-si-faible-quon-le-pense\/#primaryimage","url":"https:\/\/leregardlibre.com\/wp-content\/uploads\/2023\/07\/le-palais-federal-a-berne--pixabay-e1689764863496.jpg","contentUrl":"https:\/\/leregardlibre.com\/wp-content\/uploads\/2023\/07\/le-palais-federal-a-berne--pixabay-e1689764863496.jpg","width":1920,"height":1081,"caption":"Le Palais f\u00e9d\u00e9ral, \u00e0 Berne \u00a9 Pixabay"},{"@type":"BreadcrumbList","@id":"https:\/\/leregardlibre.com\/economie\/etat-suisse-pas-si-faible-quon-le-pense\/#breadcrumb","itemListElement":[{"@type":"ListItem","position":1,"name":"Accueil","item":"https:\/\/leregardlibre.com\/"},{"@type":"ListItem","position":2,"name":"Le poids de l\u2019Etat en Suisse n\u2019est pas si faible qu\u2019on le pense"}]},{"@type":"WebSite","@id":"https:\/\/leregardlibre.com\/#website","url":"https:\/\/leregardlibre.com\/","name":"Le Regard Libre","description":"Switzerland's first monthly debate magazine","publisher":{"@id":"https:\/\/leregardlibre.com\/#organization"},"potentialAction":[{"@type":"SearchAction","target":{"@type":"EntryPoint","urlTemplate":"https:\/\/leregardlibre.com\/?s={search_term_string}"},"query-input":{"@type":"PropertyValueSpecification","valueRequired":true,"valueName":"search_term_string"}}],"inLanguage":"en-US"},{"@type":"Organization","@id":"https:\/\/leregardlibre.com\/#organization","name":"Le Regard Libre","url":"https:\/\/leregardlibre.com\/","logo":{"@type":"ImageObject","inLanguage":"en-US","@id":"https:\/\/leregardlibre.com\/#\/schema\/logo\/image\/","url":"https:\/\/leregardlibre.com\/wp-content\/uploads\/2025\/08\/logo-rl-icone-neg.jpeg","contentUrl":"https:\/\/leregardlibre.com\/wp-content\/uploads\/2025\/08\/logo-rl-icone-neg.jpeg","width":557,"height":556,"caption":"Le Regard Libre"},"image":{"@id":"https:\/\/leregardlibre.com\/#\/schema\/logo\/image\/"},"sameAs":["https:\/\/www.facebook.com\/leregardlibre\/","https:\/\/x.com\/LeRegardLibre","https:\/\/www.linkedin.com\/company\/le-regard-libre","https:\/\/www.instagram.com\/leregardlibre\/","http:\/\/t.me\/leregardlibre","https:\/\/youtube.com\/channel\/UC6HzGPomj1LsUmlz-sJtITQ"],"description":"Le Regard Libre is a Swiss monthly magazine for intellectual and cultural debate. Its editorial team is young, voluntary, liberal and pluralist. The magazine appears online and in print. Its language is French.","email":"redaction@leregardlibre.com","legalName":"Le Regard Libre","foundingDate":"2014-01-01","numberOfEmployees":{"@type":"QuantitativeValue","minValue":"11","maxValue":"50"},"publishingPrinciples":"https:\/\/leregardlibre.com\/a-propos\/notre-manifeste\/","ownershipFundingInfo":"https:\/\/leregardlibre.com\/mentions-legales\/","actionableFeedbackPolicy":"https:\/\/leregardlibre.com\/conditions-generales-de-vente\/"},{"@type":"Person","@id":"https:\/\/leregardlibre.com\/#\/schema\/person\/30daacd8c04cd92ec59532d74a7b18f8","name":"Cl\u00e9ment Guntern","image":{"@type":"ImageObject","inLanguage":"en-US","@id":"https:\/\/secure.gravatar.com\/avatar\/79a3aae9b5ce6c4dcd8890bc4d3171c7198fe739971f91e509b3f8b98aa66d64?s=96&d=identicon&r=g","url":"https:\/\/secure.gravatar.com\/avatar\/79a3aae9b5ce6c4dcd8890bc4d3171c7198fe739971f91e509b3f8b98aa66d64?s=96&d=identicon&r=g","contentUrl":"https:\/\/secure.gravatar.com\/avatar\/79a3aae9b5ce6c4dcd8890bc4d3171c7198fe739971f91e509b3f8b98aa66d64?s=96&d=identicon&r=g","caption":"Cl\u00e9ment Guntern"},"sameAs":["https:\/\/leregardlibre.com\/"],"url":"https:\/\/leregardlibre.com\/en\/author\/clement-guntern\/"}]}},"_links":{"self":[{"href":"https:\/\/leregardlibre.com\/en\/wp-json\/wp\/v2\/posts\/519204","targetHints":{"allow":["GET"]}}],"collection":[{"href":"https:\/\/leregardlibre.com\/en\/wp-json\/wp\/v2\/posts"}],"about":[{"href":"https:\/\/leregardlibre.com\/en\/wp-json\/wp\/v2\/types\/post"}],"author":[{"embeddable":true,"href":"https:\/\/leregardlibre.com\/en\/wp-json\/wp\/v2\/users\/325"}],"replies":[{"embeddable":true,"href":"https:\/\/leregardlibre.com\/en\/wp-json\/wp\/v2\/comments?post=519204"}],"version-history":[{"count":2,"href":"https:\/\/leregardlibre.com\/en\/wp-json\/wp\/v2\/posts\/519204\/revisions"}],"predecessor-version":[{"id":519561,"href":"https:\/\/leregardlibre.com\/en\/wp-json\/wp\/v2\/posts\/519204\/revisions\/519561"}],"wp:featuredmedia":[{"embeddable":true,"href":"https:\/\/leregardlibre.com\/en\/wp-json\/wp\/v2\/media\/519205"}],"wp:attachment":[{"href":"https:\/\/leregardlibre.com\/en\/wp-json\/wp\/v2\/media?parent=519204"}],"wp:term":[{"taxonomy":"category","embeddable":true,"href":"https:\/\/leregardlibre.com\/en\/wp-json\/wp\/v2\/categories?post=519204"},{"taxonomy":"post_tag","embeddable":true,"href":"https:\/\/leregardlibre.com\/en\/wp-json\/wp\/v2\/tags?post=519204"}],"curies":[{"name":"wp","href":"https:\/\/api.w.org\/{rel}","templated":true}]}}