{"id":522740,"date":"2024-03-15T06:00:00","date_gmt":"2024-03-15T05:00:00","guid":{"rendered":"https:\/\/leregardlibre.com\/?p=522740"},"modified":"2025-12-13T22:43:06","modified_gmt":"2025-12-13T21:43:06","slug":"some-more-or-less-good-reasons-not-to-abolish-larmee","status":"publish","type":"post","link":"https:\/\/leregardlibre.com\/en\/policy\/switzerland\/some-more-or-less-good-reasons-not-to-abolish-larmee\/","title":{"rendered":"Some reasons (more or less good) not to abolish the army"},"content":{"rendered":"<p class=\"has-drop-cap\"><strong>The army, a perennial topic of discussion in Switzerland, is once again at the forefront of the media scene, due to budget debates. Here are some arguments you may not have thought of yet in favor of maintaining this unique militia.<\/strong><\/p>\n\n\n\n<!--more-->\n\n\n\n<p><strong>1. No army, no sovereignty.<\/strong> Imagine for a moment a group of people all armed with a stick and wearing a helmet, with the exception of one who is not fortunate enough to have such equipment. This would be the situation, all other things being equal, of a Switzerland without an army in a world where (almost) all states have them: deprived. If sovereignty is defined as the ability of a state to chart its own course, it goes without saying that having an army is a sine qua non condition.<\/p>\n\n\n\n<p><strong>2. No army, no fighter planes.<\/strong> Without fighter jets, there's no air policing. And without air policing, there's no air sovereignty: anyone, from foreign tourists in pleasure planes to armed military jets from neighboring countries, can violate your airspace without being bothered. And whatever the advocates of certain \u00abcheap\u00bb or \u00abmore ecological\u00bb alternatives may say, air policing worthy of the name can only be provided by supersonic fighter jets, without which any intruder will have plenty of time to circle Switzerland three times in the air before possibly being stopped.<\/p>\n\n\n\n<form method=\"post\" action=\"https:\/\/newsletter.infomaniak.com\/external\/submit\" class=\"inf-form\" target=\"_blank\"><input type=\"email\" name=\"email\" style=\"display:none\" \/><input type=\"hidden\" name=\"key\" value=\"eyJpdiI6IlZXRVJGMlRGQUU2alNqUE81bitIUk5adnNVa0c4MllFTStzOHdHT1FQZ3c9IiwidmFsdWUiOiJIYzhwMUVCK1pTNnlhY3MyMmhuZlhReWJqemEwNk93blMxTjFHc0s2VHZrPSIsIm1hYyI6ImVhYTQ5N2I1M2NiYWE4NzBmNjk2NzgzYjliM2Y5NmYzM2E2ZmU3NGQxNTU1ZDFkMTU1MzY5NTdjYjE3ZTJmNTUifQ==\"><input type=\"hidden\" name=\"webform_id\" value=\"7291\"><style> .inf-main_3000311ca56a1cb93397bc676c0b7fff{ background-color:#f5f5f5; padding:25px 20px; margin:25px auto; } .inf-main_3000311ca56a1cb93397bc676c0b7fff .inf-content { margin-top:13px;} .inf-main_3000311ca56a1cb93397bc676c0b7fff h4, .inf-main_3000311ca56a1cb93397bc676c0b7fff span, .inf-main_3000311ca56a1cb93397bc676c0b7fff label, .inf-main_3000311ca56a1cb93397bc676c0b7fff input, .inf-main_3000311ca56a1cb93397bc676c0b7fff .inf-submit, .inf-main_3000311ca56a1cb93397bc676c0b7fff .inf-success p a { color:#555555; font-size:14px; } .inf-main_3000311ca56a1cb93397bc676c0b7fff h4{ font-size:18px; margin:0px 0px 13px 0px; } .inf-main_3000311ca56a1cb93397bc676c0b7fff h4, .inf-main_3000311ca56a1cb93397bc676c0b7fff label{ font-weight:bold; } .inf-main_3000311ca56a1cb93397bc676c0b7fff .inf-input { margin-bottom:7px; } .inf-main_3000311ca56a1cb93397bc676c0b7fff label { display:block;} .inf-main_3000311ca56a1cb93397bc676c0b7fff input{ height:35px; color:#999999; border: 1px solid #E9E9E9; border:none; padding-left:7px; } .inf-main_3000311ca56a1cb93397bc676c0b7fff .inf-input.inf-error label, .inf-main_3000311ca56a1cb93397bc676c0b7fff .inf-input.inf-error span.inf-message{ color: #cc0033; } .inf-main_3000311ca56a1cb93397bc676c0b7fff .inf-input.inf-error input{ border: 1px solid #cc0033; } .inf-main_3000311ca56a1cb93397bc676c0b7fff .inf-input input { width:100%;} .inf-main_3000311ca56a1cb93397bc676c0b7fff .inf-input.inf-error span.inf-message { display: block; } .inf-main_3000311ca56a1cb93397bc676c0b7fff .inf-submit { text-align:right;} .inf-main_3000311ca56a1cb93397bc676c0b7fff .inf-submit input{ background-color:#777777; color:#ffffff; border:none; font-weight: normal; height:auto; padding:7px; } .inf-main_3000311ca56a1cb93397bc676c0b7fff .inf-submit input.disabled{ opacity: 0.4; } .inf-btn { color: rgb(85, 85, 85); border: medium none; font-weight: normal; height: auto; padding: 7px; display: inline-block; background-color: white; box-shadow: 0px 1px 1px rgba(0, 0, 0, 0.24); border-radius: 2px; line-height: 1em; } .inf-rgpd { margin:25px 0px 15px 0px; color:#555555; } <\/style> <div class=\"inf-main_3000311ca56a1cb93397bc676c0b7fff\"> <h4>NEWSLETTER DU REGARD LIBRE<\/h4> <span>Receive our articles every Sunday.<\/span> <div class=\"inf-success\" style=\"display:none\"> <h4>Your subscription to our weekly newsletter has been successfully registered!<\/h4> <p> <a href=\"#\" class=\"inf-btn\">\u00ab<\/a> <\/p> <\/div> <div class=\"inf-content\"> <div class=\"inf-input inf-input-text\"> <input type=\"text\" name=\"inf[1]\" data-inf-meta = \"1\" data-inf-error = \"Merci de renseigner une adresse email\" required=\"required\" placeholder=\"Email\" > <\/div> <div class=\"inf-submit\"> <input type=\"submit\" name=\"\" value=\"Sign up\"> <\/div> <\/div> <\/div> <\/form>\n\n\n\n<p><strong>3. Just as important: no army, no diplomatic credibility.<\/strong> A country without an army is at the mercy of all outside intimidation. In Switzerland's case, this is not called \u00abarmed neutrality\u00bb for nothing. In a world where armed conflict is a reality, whether we like it or not, only those who agree to play the same game as everyone else stand a small chance of playing a role other than that of mere spectator.<\/p>\n\n\n\n<p><strong>4. We sometimes forget: the army also teaches every man how to tie a tie.<\/strong> Despite incessant attacks on the - now suspect - difference between the sexes and the social habits associated with it, the tie is still part of the masculine wardrobe par excellence. Anyone who wants or needs to wear one is usually faced with the problem of tying the knot, a problem that every recruit in the Swiss army has to overcome when putting on his \u00abA\u00bb outfit, or going-out outfit. This operation is generally repeated two or three times a week during the 18 weeks of recruit school. Enough to get the hang of it.<\/p>\n\n\n\n<p><strong>5. And perhaps most importantly: without an army, there's less laughter.<\/strong> Switzerland, with its rather boring reputation, would be even more so if we took away the reasons it has to laugh at itself. And in this respect, the army undoubtedly outshines all its competitors. To take just two examples: who hasn't laughed at the press cartoons about the army? How many people in French-speaking Switzerland have never heard of \u00abLieutenant-Colonel Karl-Heinz In\u00e4bnit, deputy commander of the Bure military base\u00bb, as portrayed by Vincent Kuchol on RTS? Very few, no doubt.<\/p>\n\n\n\n<p><em>Write to the author:&nbsp;<a href=\"mailto:antoine.bernhard@leregardlibre.com\">antoine.bernhard@leregardlibre.com<\/a><\/em><\/p>\n\n\n\n<h6 class=\"wp-block-heading\" id=\"h-vous-venez-de-lire-un-article-nbsp-tire-de-notre-edition-papier-le-regard-libre-nbsp-n-104\">You have just read an article from our print edition (<a href=\"https:\/\/leregardlibre.com\/en\/cpt-editions\/le-regard-libre-n104-dossier-travail\/\"><em>Le Regard Libre<\/em>&nbsp;N\u00b0104<\/a>).<\/h6>","protected":false},"excerpt":{"rendered":"<p>The army, a perennial topic of discussion in Switzerland, is once again at the forefront of the media scene, due to budget debates. Here are some arguments you may not have thought of yet in favor of maintaining this unique militia.<\/p>","protected":false},"author":99,"featured_media":522741,"comment_status":"open","ping_status":"closed","sticky":false,"template":"","format":"standard","meta":{"_acf_changed":false,"footnotes":""},"categories":[644357279],"tags":[98616,1285315,644358414],"class_list":["post-522740","post","type-post","status-publish","format-standard","has-post-thumbnail","hentry","category-suisse","tag-armee","tag-armee-suisse","tag-systeme-de-milice"],"acf":[],"yoast_head":"<!-- This site is optimized with the Yoast SEO Premium plugin v27.4 (Yoast SEO v27.4) - https:\/\/yoast.com\/product\/yoast-seo-premium-wordpress\/ -->\n<title>Quelques raisons (plus ou moins bonnes) de ne pas abolir l\u2019arm\u00e9e<\/title>\n<meta name=\"description\" content=\"Voici 5 raisons de ne pas abolir l\u2019arm\u00e9e suisse, \u00e0 l\u2019heure o\u00f9 cet imp\u00e9rissable sujet de discussion est \u00e0 nouveau sur le devant de la sc\u00e8ne.\" \/>\n<meta name=\"robots\" content=\"index, follow, max-snippet:-1, max-image-preview:large, max-video-preview:-1\" \/>\n<link rel=\"canonical\" href=\"https:\/\/leregardlibre.com\/en\/policy\/switzerland\/some-more-or-less-good-reasons-not-to-abolish-larmee\/\" \/>\n<meta property=\"og:locale\" content=\"en_US\" \/>\n<meta property=\"og:type\" content=\"article\" \/>\n<meta property=\"og:title\" content=\"Quelques raisons (plus ou moins bonnes) de ne pas abolir l\u2019arm\u00e9e\" \/>\n<meta property=\"og:description\" content=\"Voici 5 raisons de ne pas abolir l\u2019arm\u00e9e suisse, \u00e0 l\u2019heure o\u00f9 cet imp\u00e9rissable sujet de discussion est \u00e0 nouveau sur le devant de la sc\u00e8ne.\" \/>\n<meta property=\"og:url\" content=\"https:\/\/leregardlibre.com\/en\/policy\/switzerland\/some-more-or-less-good-reasons-not-to-abolish-larmee\/\" \/>\n<meta property=\"og:site_name\" content=\"Le Regard Libre\" \/>\n<meta property=\"article:publisher\" content=\"https:\/\/www.facebook.com\/leregardlibre\/\" \/>\n<meta property=\"article:published_time\" content=\"2024-03-15T05:00:00+00:00\" \/>\n<meta property=\"article:modified_time\" content=\"2025-12-13T21:43:06+00:00\" \/>\n<meta property=\"og:image\" content=\"https:\/\/leregardlibre.com\/wp-content\/uploads\/2024\/03\/armee-suisse--unsplash-e1710437313602-1024x575.jpg\" \/>\n\t<meta property=\"og:image:width\" content=\"1024\" \/>\n\t<meta property=\"og:image:height\" content=\"575\" \/>\n\t<meta property=\"og:image:type\" content=\"image\/jpeg\" \/>\n<meta name=\"author\" content=\"Antoine-Fr\u00e9d\u00e9ric Bernhard\" \/>\n<meta name=\"twitter:card\" content=\"summary_large_image\" \/>\n<meta name=\"twitter:creator\" content=\"@LeRegardLibre\" \/>\n<meta name=\"twitter:site\" content=\"@LeRegardLibre\" \/>\n<meta name=\"twitter:label1\" content=\"Written by\" \/>\n\t<meta name=\"twitter:data1\" content=\"Antoine-Fr\u00e9d\u00e9ric Bernhard\" \/>\n\t<meta name=\"twitter:label2\" content=\"Est. reading time\" \/>\n\t<meta name=\"twitter:data2\" content=\"4 minutes\" \/>\n<script type=\"application\/ld+json\" class=\"yoast-schema-graph\">{\"@context\":\"https:\\\/\\\/schema.org\",\"@graph\":[{\"@type\":\"Article\",\"@id\":\"https:\\\/\\\/leregardlibre.com\\\/politique\\\/suisse\\\/quelques-raisons-plus-ou-moins-bonnes-de-ne-pas-abolir-larmee\\\/#article\",\"isPartOf\":{\"@id\":\"https:\\\/\\\/leregardlibre.com\\\/politique\\\/suisse\\\/quelques-raisons-plus-ou-moins-bonnes-de-ne-pas-abolir-larmee\\\/\"},\"author\":{\"name\":\"Antoine-Fr\u00e9d\u00e9ric Bernhard\",\"@id\":\"https:\\\/\\\/leregardlibre.com\\\/#\\\/schema\\\/person\\\/7327cb849d1f776e73450746adbbd5ec\"},\"headline\":\"Quelques raisons (plus ou moins bonnes) de ne pas abolir l\u2019arm\u00e9e\",\"datePublished\":\"2024-03-15T05:00:00+00:00\",\"dateModified\":\"2025-12-13T21:43:06+00:00\",\"mainEntityOfPage\":{\"@id\":\"https:\\\/\\\/leregardlibre.com\\\/politique\\\/suisse\\\/quelques-raisons-plus-ou-moins-bonnes-de-ne-pas-abolir-larmee\\\/\"},\"wordCount\":648,\"commentCount\":0,\"publisher\":{\"@id\":\"https:\\\/\\\/leregardlibre.com\\\/#organization\"},\"image\":{\"@id\":\"https:\\\/\\\/leregardlibre.com\\\/politique\\\/suisse\\\/quelques-raisons-plus-ou-moins-bonnes-de-ne-pas-abolir-larmee\\\/#primaryimage\"},\"thumbnailUrl\":\"https:\\\/\\\/leregardlibre.com\\\/wp-content\\\/uploads\\\/2024\\\/03\\\/armee-suisse--unsplash-e1710437313602.jpg\",\"keywords\":[\"Arm\u00e9e\",\"Arm\u00e9e suisse\",\"Syst\u00e8me de milice\"],\"articleSection\":[\"Suisse\"],\"inLanguage\":\"en-US\",\"potentialAction\":[{\"@type\":\"CommentAction\",\"name\":\"Comment\",\"target\":[\"https:\\\/\\\/leregardlibre.com\\\/politique\\\/suisse\\\/quelques-raisons-plus-ou-moins-bonnes-de-ne-pas-abolir-larmee\\\/#respond\"]}]},{\"@type\":\"WebPage\",\"@id\":\"https:\\\/\\\/leregardlibre.com\\\/politique\\\/suisse\\\/quelques-raisons-plus-ou-moins-bonnes-de-ne-pas-abolir-larmee\\\/\",\"url\":\"https:\\\/\\\/leregardlibre.com\\\/politique\\\/suisse\\\/quelques-raisons-plus-ou-moins-bonnes-de-ne-pas-abolir-larmee\\\/\",\"name\":\"Quelques raisons (plus ou moins bonnes) de ne pas abolir l\u2019arm\u00e9e\",\"isPartOf\":{\"@id\":\"https:\\\/\\\/leregardlibre.com\\\/#website\"},\"primaryImageOfPage\":{\"@id\":\"https:\\\/\\\/leregardlibre.com\\\/politique\\\/suisse\\\/quelques-raisons-plus-ou-moins-bonnes-de-ne-pas-abolir-larmee\\\/#primaryimage\"},\"image\":{\"@id\":\"https:\\\/\\\/leregardlibre.com\\\/politique\\\/suisse\\\/quelques-raisons-plus-ou-moins-bonnes-de-ne-pas-abolir-larmee\\\/#primaryimage\"},\"thumbnailUrl\":\"https:\\\/\\\/leregardlibre.com\\\/wp-content\\\/uploads\\\/2024\\\/03\\\/armee-suisse--unsplash-e1710437313602.jpg\",\"datePublished\":\"2024-03-15T05:00:00+00:00\",\"dateModified\":\"2025-12-13T21:43:06+00:00\",\"description\":\"Voici 5 raisons de ne pas abolir l\u2019arm\u00e9e suisse, \u00e0 l\u2019heure o\u00f9 cet imp\u00e9rissable sujet de discussion est \u00e0 nouveau sur le devant de la sc\u00e8ne.\",\"breadcrumb\":{\"@id\":\"https:\\\/\\\/leregardlibre.com\\\/politique\\\/suisse\\\/quelques-raisons-plus-ou-moins-bonnes-de-ne-pas-abolir-larmee\\\/#breadcrumb\"},\"inLanguage\":\"en-US\",\"potentialAction\":[{\"@type\":\"ReadAction\",\"target\":[\"https:\\\/\\\/leregardlibre.com\\\/politique\\\/suisse\\\/quelques-raisons-plus-ou-moins-bonnes-de-ne-pas-abolir-larmee\\\/\"]}]},{\"@type\":\"ImageObject\",\"inLanguage\":\"en-US\",\"@id\":\"https:\\\/\\\/leregardlibre.com\\\/politique\\\/suisse\\\/quelques-raisons-plus-ou-moins-bonnes-de-ne-pas-abolir-larmee\\\/#primaryimage\",\"url\":\"https:\\\/\\\/leregardlibre.com\\\/wp-content\\\/uploads\\\/2024\\\/03\\\/armee-suisse--unsplash-e1710437313602.jpg\",\"contentUrl\":\"https:\\\/\\\/leregardlibre.com\\\/wp-content\\\/uploads\\\/2024\\\/03\\\/armee-suisse--unsplash-e1710437313602.jpg\",\"width\":5184,\"height\":2911,\"caption\":\"Arme\u0301e suisse \u00a9 Unsplash\"},{\"@type\":\"BreadcrumbList\",\"@id\":\"https:\\\/\\\/leregardlibre.com\\\/politique\\\/suisse\\\/quelques-raisons-plus-ou-moins-bonnes-de-ne-pas-abolir-larmee\\\/#breadcrumb\",\"itemListElement\":[{\"@type\":\"ListItem\",\"position\":1,\"name\":\"Accueil\",\"item\":\"https:\\\/\\\/leregardlibre.com\\\/\"},{\"@type\":\"ListItem\",\"position\":2,\"name\":\"Quelques raisons (plus ou moins bonnes) de ne pas abolir l\u2019arm\u00e9e\"}]},{\"@type\":\"WebSite\",\"@id\":\"https:\\\/\\\/leregardlibre.com\\\/#website\",\"url\":\"https:\\\/\\\/leregardlibre.com\\\/\",\"name\":\"Le Regard Libre\",\"description\":\"Premier mensuel suisse de d\u00e9bat\",\"publisher\":{\"@id\":\"https:\\\/\\\/leregardlibre.com\\\/#organization\"},\"potentialAction\":[{\"@type\":\"SearchAction\",\"target\":{\"@type\":\"EntryPoint\",\"urlTemplate\":\"https:\\\/\\\/leregardlibre.com\\\/?s={search_term_string}\"},\"query-input\":{\"@type\":\"PropertyValueSpecification\",\"valueRequired\":true,\"valueName\":\"search_term_string\"}}],\"inLanguage\":\"en-US\"},{\"@type\":\"Organization\",\"@id\":\"https:\\\/\\\/leregardlibre.com\\\/#organization\",\"name\":\"Le Regard Libre\",\"url\":\"https:\\\/\\\/leregardlibre.com\\\/\",\"logo\":{\"@type\":\"ImageObject\",\"inLanguage\":\"en-US\",\"@id\":\"https:\\\/\\\/leregardlibre.com\\\/#\\\/schema\\\/logo\\\/image\\\/\",\"url\":\"https:\\\/\\\/leregardlibre.com\\\/wp-content\\\/uploads\\\/2025\\\/08\\\/logo-rl-icone-neg.jpeg\",\"contentUrl\":\"https:\\\/\\\/leregardlibre.com\\\/wp-content\\\/uploads\\\/2025\\\/08\\\/logo-rl-icone-neg.jpeg\",\"width\":557,\"height\":556,\"caption\":\"Le Regard Libre\"},\"image\":{\"@id\":\"https:\\\/\\\/leregardlibre.com\\\/#\\\/schema\\\/logo\\\/image\\\/\"},\"sameAs\":[\"https:\\\/\\\/www.facebook.com\\\/leregardlibre\\\/\",\"https:\\\/\\\/x.com\\\/LeRegardLibre\",\"https:\\\/\\\/www.linkedin.com\\\/company\\\/le-regard-libre\",\"https:\\\/\\\/www.instagram.com\\\/leregardlibre\\\/\",\"http:\\\/\\\/t.me\\\/leregardlibre\",\"https:\\\/\\\/youtube.com\\\/channel\\\/UC6HzGPomj1LsUmlz-sJtITQ\"],\"description\":\"Le Regard Libre est un mensuel suisse de d\u00e9bat intellectuel et culturel. Sa r\u00e9daction est jeune, b\u00e9n\u00e9vole, lib\u00e9rale et pluraliste. Le magazine para\u00eet en ligne et sous forme papier. Sa langue est le fran\u00e7ais.\",\"email\":\"redaction@leregardlibre.com\",\"legalName\":\"Le Regard Libre\",\"foundingDate\":\"2014-01-01\",\"numberOfEmployees\":{\"@type\":\"QuantitativeValue\",\"minValue\":\"11\",\"maxValue\":\"50\"},\"publishingPrinciples\":\"https:\\\/\\\/leregardlibre.com\\\/a-propos\\\/notre-manifeste\\\/\",\"ownershipFundingInfo\":\"https:\\\/\\\/leregardlibre.com\\\/mentions-legales\\\/\",\"actionableFeedbackPolicy\":\"https:\\\/\\\/leregardlibre.com\\\/conditions-generales-de-vente\\\/\"},{\"@type\":\"Person\",\"@id\":\"https:\\\/\\\/leregardlibre.com\\\/#\\\/schema\\\/person\\\/7327cb849d1f776e73450746adbbd5ec\",\"name\":\"Antoine-Fr\u00e9d\u00e9ric Bernhard\",\"image\":{\"@type\":\"ImageObject\",\"inLanguage\":\"en-US\",\"@id\":\"https:\\\/\\\/secure.gravatar.com\\\/avatar\\\/dbf3a1f28b5046d2ceac68805f55a49ac6e351da06bc6e78ae9c0dce9188ea73?s=96&d=identicon&r=g\",\"url\":\"https:\\\/\\\/secure.gravatar.com\\\/avatar\\\/dbf3a1f28b5046d2ceac68805f55a49ac6e351da06bc6e78ae9c0dce9188ea73?s=96&d=identicon&r=g\",\"contentUrl\":\"https:\\\/\\\/secure.gravatar.com\\\/avatar\\\/dbf3a1f28b5046d2ceac68805f55a49ac6e351da06bc6e78ae9c0dce9188ea73?s=96&d=identicon&r=g\",\"caption\":\"Antoine-Fr\u00e9d\u00e9ric Bernhard\"},\"description\":\"Journaliste ind\u00e9pendant et \u00e9tudiant en philosophie, Antoine-Fr\u00e9d\u00e9ric Bernhard est le r\u00e9dacteur en chef adjoint du Regard Libre.\",\"sameAs\":[\"https:\\\/\\\/fr.wikipedia.org\\\/wiki\\\/Le_Regard_libre\"],\"url\":\"https:\\\/\\\/leregardlibre.com\\\/en\\\/author\\\/antoine-bernhard\\\/\"}]}<\/script>\n<!-- \/ Yoast SEO Premium plugin. -->","yoast_head_json":{"title":"Some reasons (more or less good) not to abolish the army","description":"Here are 5 reasons not to abolish the Swiss army, at a time when this perennial topic of discussion is once again centre stage.","robots":{"index":"index","follow":"follow","max-snippet":"max-snippet:-1","max-image-preview":"max-image-preview:large","max-video-preview":"max-video-preview:-1"},"canonical":"https:\/\/leregardlibre.com\/en\/policy\/switzerland\/some-more-or-less-good-reasons-not-to-abolish-larmee\/","og_locale":"en_US","og_type":"article","og_title":"Quelques raisons (plus ou moins bonnes) de ne pas abolir l\u2019arm\u00e9e","og_description":"Voici 5 raisons de ne pas abolir l\u2019arm\u00e9e suisse, \u00e0 l\u2019heure o\u00f9 cet imp\u00e9rissable sujet de discussion est \u00e0 nouveau sur le devant de la sc\u00e8ne.","og_url":"https:\/\/leregardlibre.com\/en\/policy\/switzerland\/some-more-or-less-good-reasons-not-to-abolish-larmee\/","og_site_name":"Le Regard Libre","article_publisher":"https:\/\/www.facebook.com\/leregardlibre\/","article_published_time":"2024-03-15T05:00:00+00:00","article_modified_time":"2025-12-13T21:43:06+00:00","og_image":[{"width":1024,"height":575,"url":"https:\/\/leregardlibre.com\/wp-content\/uploads\/2024\/03\/armee-suisse--unsplash-e1710437313602-1024x575.jpg","type":"image\/jpeg"}],"author":"Antoine-Fr\u00e9d\u00e9ric Bernhard","twitter_card":"summary_large_image","twitter_creator":"@LeRegardLibre","twitter_site":"@LeRegardLibre","twitter_misc":{"Written by":"Antoine-Fr\u00e9d\u00e9ric Bernhard","Est. reading time":"4 minutes"},"schema":{"@context":"https:\/\/schema.org","@graph":[{"@type":"Article","@id":"https:\/\/leregardlibre.com\/politique\/suisse\/quelques-raisons-plus-ou-moins-bonnes-de-ne-pas-abolir-larmee\/#article","isPartOf":{"@id":"https:\/\/leregardlibre.com\/politique\/suisse\/quelques-raisons-plus-ou-moins-bonnes-de-ne-pas-abolir-larmee\/"},"author":{"name":"Antoine-Fr\u00e9d\u00e9ric Bernhard","@id":"https:\/\/leregardlibre.com\/#\/schema\/person\/7327cb849d1f776e73450746adbbd5ec"},"headline":"Quelques raisons (plus ou moins bonnes) de ne pas abolir l\u2019arm\u00e9e","datePublished":"2024-03-15T05:00:00+00:00","dateModified":"2025-12-13T21:43:06+00:00","mainEntityOfPage":{"@id":"https:\/\/leregardlibre.com\/politique\/suisse\/quelques-raisons-plus-ou-moins-bonnes-de-ne-pas-abolir-larmee\/"},"wordCount":648,"commentCount":0,"publisher":{"@id":"https:\/\/leregardlibre.com\/#organization"},"image":{"@id":"https:\/\/leregardlibre.com\/politique\/suisse\/quelques-raisons-plus-ou-moins-bonnes-de-ne-pas-abolir-larmee\/#primaryimage"},"thumbnailUrl":"https:\/\/leregardlibre.com\/wp-content\/uploads\/2024\/03\/armee-suisse--unsplash-e1710437313602.jpg","keywords":["Arm\u00e9e","Arm\u00e9e suisse","Syst\u00e8me de milice"],"articleSection":["Suisse"],"inLanguage":"en-US","potentialAction":[{"@type":"CommentAction","name":"Comment","target":["https:\/\/leregardlibre.com\/politique\/suisse\/quelques-raisons-plus-ou-moins-bonnes-de-ne-pas-abolir-larmee\/#respond"]}]},{"@type":"WebPage","@id":"https:\/\/leregardlibre.com\/politique\/suisse\/quelques-raisons-plus-ou-moins-bonnes-de-ne-pas-abolir-larmee\/","url":"https:\/\/leregardlibre.com\/politique\/suisse\/quelques-raisons-plus-ou-moins-bonnes-de-ne-pas-abolir-larmee\/","name":"Some reasons (more or less good) not to abolish the army","isPartOf":{"@id":"https:\/\/leregardlibre.com\/#website"},"primaryImageOfPage":{"@id":"https:\/\/leregardlibre.com\/politique\/suisse\/quelques-raisons-plus-ou-moins-bonnes-de-ne-pas-abolir-larmee\/#primaryimage"},"image":{"@id":"https:\/\/leregardlibre.com\/politique\/suisse\/quelques-raisons-plus-ou-moins-bonnes-de-ne-pas-abolir-larmee\/#primaryimage"},"thumbnailUrl":"https:\/\/leregardlibre.com\/wp-content\/uploads\/2024\/03\/armee-suisse--unsplash-e1710437313602.jpg","datePublished":"2024-03-15T05:00:00+00:00","dateModified":"2025-12-13T21:43:06+00:00","description":"Here are 5 reasons not to abolish the Swiss army, at a time when this perennial topic of discussion is once again centre stage.","breadcrumb":{"@id":"https:\/\/leregardlibre.com\/politique\/suisse\/quelques-raisons-plus-ou-moins-bonnes-de-ne-pas-abolir-larmee\/#breadcrumb"},"inLanguage":"en-US","potentialAction":[{"@type":"ReadAction","target":["https:\/\/leregardlibre.com\/politique\/suisse\/quelques-raisons-plus-ou-moins-bonnes-de-ne-pas-abolir-larmee\/"]}]},{"@type":"ImageObject","inLanguage":"en-US","@id":"https:\/\/leregardlibre.com\/politique\/suisse\/quelques-raisons-plus-ou-moins-bonnes-de-ne-pas-abolir-larmee\/#primaryimage","url":"https:\/\/leregardlibre.com\/wp-content\/uploads\/2024\/03\/armee-suisse--unsplash-e1710437313602.jpg","contentUrl":"https:\/\/leregardlibre.com\/wp-content\/uploads\/2024\/03\/armee-suisse--unsplash-e1710437313602.jpg","width":5184,"height":2911,"caption":"Arme\u0301e suisse \u00a9 Unsplash"},{"@type":"BreadcrumbList","@id":"https:\/\/leregardlibre.com\/politique\/suisse\/quelques-raisons-plus-ou-moins-bonnes-de-ne-pas-abolir-larmee\/#breadcrumb","itemListElement":[{"@type":"ListItem","position":1,"name":"Accueil","item":"https:\/\/leregardlibre.com\/"},{"@type":"ListItem","position":2,"name":"Quelques raisons (plus ou moins bonnes) de ne pas abolir l\u2019arm\u00e9e"}]},{"@type":"WebSite","@id":"https:\/\/leregardlibre.com\/#website","url":"https:\/\/leregardlibre.com\/","name":"Le Regard Libre","description":"Switzerland's first monthly debate magazine","publisher":{"@id":"https:\/\/leregardlibre.com\/#organization"},"potentialAction":[{"@type":"SearchAction","target":{"@type":"EntryPoint","urlTemplate":"https:\/\/leregardlibre.com\/?s={search_term_string}"},"query-input":{"@type":"PropertyValueSpecification","valueRequired":true,"valueName":"search_term_string"}}],"inLanguage":"en-US"},{"@type":"Organization","@id":"https:\/\/leregardlibre.com\/#organization","name":"Le Regard Libre","url":"https:\/\/leregardlibre.com\/","logo":{"@type":"ImageObject","inLanguage":"en-US","@id":"https:\/\/leregardlibre.com\/#\/schema\/logo\/image\/","url":"https:\/\/leregardlibre.com\/wp-content\/uploads\/2025\/08\/logo-rl-icone-neg.jpeg","contentUrl":"https:\/\/leregardlibre.com\/wp-content\/uploads\/2025\/08\/logo-rl-icone-neg.jpeg","width":557,"height":556,"caption":"Le Regard Libre"},"image":{"@id":"https:\/\/leregardlibre.com\/#\/schema\/logo\/image\/"},"sameAs":["https:\/\/www.facebook.com\/leregardlibre\/","https:\/\/x.com\/LeRegardLibre","https:\/\/www.linkedin.com\/company\/le-regard-libre","https:\/\/www.instagram.com\/leregardlibre\/","http:\/\/t.me\/leregardlibre","https:\/\/youtube.com\/channel\/UC6HzGPomj1LsUmlz-sJtITQ"],"description":"Le Regard Libre is a Swiss monthly magazine for intellectual and cultural debate. Its editorial team is young, voluntary, liberal and pluralist. The magazine appears online and in print. Its language is French.","email":"redaction@leregardlibre.com","legalName":"Le Regard Libre","foundingDate":"2014-01-01","numberOfEmployees":{"@type":"QuantitativeValue","minValue":"11","maxValue":"50"},"publishingPrinciples":"https:\/\/leregardlibre.com\/a-propos\/notre-manifeste\/","ownershipFundingInfo":"https:\/\/leregardlibre.com\/mentions-legales\/","actionableFeedbackPolicy":"https:\/\/leregardlibre.com\/conditions-generales-de-vente\/"},{"@type":"Person","@id":"https:\/\/leregardlibre.com\/#\/schema\/person\/7327cb849d1f776e73450746adbbd5ec","name":"Antoine-Fr\u00e9d\u00e9ric Bernhard","image":{"@type":"ImageObject","inLanguage":"en-US","@id":"https:\/\/secure.gravatar.com\/avatar\/dbf3a1f28b5046d2ceac68805f55a49ac6e351da06bc6e78ae9c0dce9188ea73?s=96&d=identicon&r=g","url":"https:\/\/secure.gravatar.com\/avatar\/dbf3a1f28b5046d2ceac68805f55a49ac6e351da06bc6e78ae9c0dce9188ea73?s=96&d=identicon&r=g","contentUrl":"https:\/\/secure.gravatar.com\/avatar\/dbf3a1f28b5046d2ceac68805f55a49ac6e351da06bc6e78ae9c0dce9188ea73?s=96&d=identicon&r=g","caption":"Antoine-Fr\u00e9d\u00e9ric Bernhard"},"description":"A freelance journalist and philosophy student, Antoine-Fr\u00e9d\u00e9ric Bernhard is deputy editor-in-chief of Regard Libre.","sameAs":["https:\/\/fr.wikipedia.org\/wiki\/Le_Regard_libre"],"url":"https:\/\/leregardlibre.com\/en\/author\/antoine-bernhard\/"}]}},"_links":{"self":[{"href":"https:\/\/leregardlibre.com\/en\/wp-json\/wp\/v2\/posts\/522740","targetHints":{"allow":["GET"]}}],"collection":[{"href":"https:\/\/leregardlibre.com\/en\/wp-json\/wp\/v2\/posts"}],"about":[{"href":"https:\/\/leregardlibre.com\/en\/wp-json\/wp\/v2\/types\/post"}],"author":[{"embeddable":true,"href":"https:\/\/leregardlibre.com\/en\/wp-json\/wp\/v2\/users\/99"}],"replies":[{"embeddable":true,"href":"https:\/\/leregardlibre.com\/en\/wp-json\/wp\/v2\/comments?post=522740"}],"version-history":[{"count":2,"href":"https:\/\/leregardlibre.com\/en\/wp-json\/wp\/v2\/posts\/522740\/revisions"}],"predecessor-version":[{"id":522753,"href":"https:\/\/leregardlibre.com\/en\/wp-json\/wp\/v2\/posts\/522740\/revisions\/522753"}],"wp:featuredmedia":[{"embeddable":true,"href":"https:\/\/leregardlibre.com\/en\/wp-json\/wp\/v2\/media\/522741"}],"wp:attachment":[{"href":"https:\/\/leregardlibre.com\/en\/wp-json\/wp\/v2\/media?parent=522740"}],"wp:term":[{"taxonomy":"category","embeddable":true,"href":"https:\/\/leregardlibre.com\/en\/wp-json\/wp\/v2\/categories?post=522740"},{"taxonomy":"post_tag","embeddable":true,"href":"https:\/\/leregardlibre.com\/en\/wp-json\/wp\/v2\/tags?post=522740"}],"curies":[{"name":"wp","href":"https:\/\/api.w.org\/{rel}","templated":true}]}}