{"id":523084,"date":"2024-04-14T18:22:43","date_gmt":"2024-04-14T16:22:43","guid":{"rendered":"https:\/\/leregardlibre.com\/?p=523084"},"modified":"2025-12-13T22:43:05","modified_gmt":"2025-12-13T21:43:05","slug":"the-resurgence-of-natural-rights-between-ideology-and-legitimacy","status":"publish","type":"post","link":"https:\/\/leregardlibre.com\/en\/policy\/switzerland\/the-resurgence-of-natural-rights-between-ideology-and-legitimacy\/","title":{"rendered":"ECHR: the resurgence of natural rights, between ideology and legitimacy"},"content":{"rendered":"<p class=\"has-normal-font-size\"><em>READERS' EMAIL, V. Conrad<\/em><\/p>\n\n\n\n<p class=\"has-drop-cap\">In today's legal landscape, the notion of fundamental rights is the subject of lively debate, fuelled by questions about their origin, scope and legitimacy. At the heart of this discussion is, in my view, the notion of natural rights. This age-old idea, which is particularly opposed to legal positivism, is resurfacing with renewed relevance in modern legal debates.<\/p>\n\n\n\n<!--more-->\n\n\n\n<p>Professor Fr\u00e9d\u00e9ric Sudre aptly describes these fundamental rights as \u00abideological rights\u00bb (Fr\u00e9d\u00e9ric Sudre, <em>European and international human rights law<\/em>), underlining their intrinsically philosophical and moral dimension. Indeed, these rights express a set of fundamental values that are inalienable and inherent to the human condition. However, the ideological nature of natural rights is not without reaction, particularly as regards their interpretation and application.<\/p>\n\n\n\n<p>This is evidenced by the European Court of Human Rights (ECHR), which seems to arrogate to itself the right to extend its ideology into the domestic law of contracting parties. This trend legitimately raises concerns about the legitimacy and interference of this court, which makes no secret of its ideological ambitions, as evidenced by its statement in a recent judgment condemning Switzerland (ECHR judgment in the Case of <em>Verein Klimaseniorinnen Schweiz and others v. Switzerland<\/em> April 9, 2024, para. 412) that \u00abdemocracy cannot be reduced to the majority will of voters and elected representatives\u00bb. This statement highlights the determination of the Strasbourg judges to defend values considered essential, even to the detriment of national sovereignty.<\/p>\n\n\n\n<form method=\"post\" action=\"https:\/\/newsletter.infomaniak.com\/external\/submit\" class=\"inf-form\" target=\"_blank\"><input type=\"email\" name=\"email\" style=\"display:none\" \/><input type=\"hidden\" name=\"key\" value=\"eyJpdiI6IlZXRVJGMlRGQUU2alNqUE81bitIUk5adnNVa0c4MllFTStzOHdHT1FQZ3c9IiwidmFsdWUiOiJIYzhwMUVCK1pTNnlhY3MyMmhuZlhReWJqemEwNk93blMxTjFHc0s2VHZrPSIsIm1hYyI6ImVhYTQ5N2I1M2NiYWE4NzBmNjk2NzgzYjliM2Y5NmYzM2E2ZmU3NGQxNTU1ZDFkMTU1MzY5NTdjYjE3ZTJmNTUifQ==\"><input type=\"hidden\" name=\"webform_id\" value=\"7291\"><style> .inf-main_3000311ca56a1cb93397bc676c0b7fff{ background-color:#f5f5f5; padding:25px 20px; margin:25px auto; } .inf-main_3000311ca56a1cb93397bc676c0b7fff .inf-content { margin-top:13px;} .inf-main_3000311ca56a1cb93397bc676c0b7fff h4, .inf-main_3000311ca56a1cb93397bc676c0b7fff span, .inf-main_3000311ca56a1cb93397bc676c0b7fff label, .inf-main_3000311ca56a1cb93397bc676c0b7fff input, .inf-main_3000311ca56a1cb93397bc676c0b7fff .inf-submit, .inf-main_3000311ca56a1cb93397bc676c0b7fff .inf-success p a { color:#555555; font-size:14px; } .inf-main_3000311ca56a1cb93397bc676c0b7fff h4{ font-size:18px; margin:0px 0px 13px 0px; } .inf-main_3000311ca56a1cb93397bc676c0b7fff h4, .inf-main_3000311ca56a1cb93397bc676c0b7fff label{ font-weight:bold; } .inf-main_3000311ca56a1cb93397bc676c0b7fff .inf-input { margin-bottom:7px; } .inf-main_3000311ca56a1cb93397bc676c0b7fff label { display:block;} .inf-main_3000311ca56a1cb93397bc676c0b7fff input{ height:35px; color:#999999; border: 1px solid #E9E9E9; border:none; padding-left:7px; } .inf-main_3000311ca56a1cb93397bc676c0b7fff .inf-input.inf-error label, .inf-main_3000311ca56a1cb93397bc676c0b7fff .inf-input.inf-error span.inf-message{ color: #cc0033; } .inf-main_3000311ca56a1cb93397bc676c0b7fff .inf-input.inf-error input{ border: 1px solid #cc0033; } .inf-main_3000311ca56a1cb93397bc676c0b7fff .inf-input input { width:100%;} .inf-main_3000311ca56a1cb93397bc676c0b7fff .inf-input.inf-error span.inf-message { display: block; } .inf-main_3000311ca56a1cb93397bc676c0b7fff .inf-submit { text-align:right;} .inf-main_3000311ca56a1cb93397bc676c0b7fff .inf-submit input{ background-color:#777777; color:#ffffff; border:none; font-weight: normal; height:auto; padding:7px; } .inf-main_3000311ca56a1cb93397bc676c0b7fff .inf-submit input.disabled{ opacity: 0.4; } .inf-btn { color: rgb(85, 85, 85); border: medium none; font-weight: normal; height: auto; padding: 7px; display: inline-block; background-color: white; box-shadow: 0px 1px 1px rgba(0, 0, 0, 0.24); border-radius: 2px; line-height: 1em; } .inf-rgpd { margin:25px 0px 15px 0px; color:#555555; } <\/style> <div class=\"inf-main_3000311ca56a1cb93397bc676c0b7fff\"> <h4>NEWSLETTER DU REGARD LIBRE<\/h4> <span>Receive our articles every Sunday.<\/span> <div class=\"inf-success\" style=\"display:none\"> <h4>Your subscription to our weekly newsletter has been successfully registered!<\/h4> <p> <a href=\"#\" class=\"inf-btn\">\u00ab<\/a> <\/p> <\/div> <div class=\"inf-content\"> <div class=\"inf-input inf-input-text\"> <input type=\"text\" name=\"inf[1]\" data-inf-meta = \"1\" data-inf-error = \"Merci de renseigner une adresse email\" required=\"required\" placeholder=\"Email\" > <\/div> <div class=\"inf-submit\"> <input type=\"submit\" name=\"\" value=\"Sign up\"> <\/div> <\/div> <\/div> <\/form>\n\n\n\n<p>In this example, there would thus be a superior right for individuals to have the State take additional and urgent measures in the field of its climate policy by virtue of its international commitments, even though the majority of the Swiss people approved the federal climate strategy by voting on the Climate Act on June 18, 2023. The Court establishes a link between the European Convention on Human Rights, signed by Switzerland, and the national obligation to reduce the negative effects of global warming on people, particularly vulnerable people.<\/p>\n\n\n\n<p>Let's be clear: we're not questioning the importance of the subject, or even the existence of the ECHR, but rather the Court's extensive interpretation in this particular case. This propensity to impose a certain legal ideology is reminiscent of <a href=\"https:\/\/leregardlibre.com\/en\/policy\/etat-de-droit-ghislain-benhessa\/\">Ghislain Benhessa's analyses<\/a> in his book <em>The totem of the rule of law<\/em> which highlights the way in which the rule of law can sometimes take precedence over the general interest, shaping an edifice whose contours are defined by changing values, defended by judges to the detriment of democratic legitimacy.<\/p>\n\n\n\n<h3 class=\"wp-block-heading\" id=\"h-la-legitimite-de-la-cedh-en-question\">The legitimacy of the ECHR in question<\/h3>\n\n\n\n<p>Another major point of criticism concerns the very legitimacy of the ECHR to deliver such rulings. Although its judges are indirectly elected by national parliaments, some question this democratic legitimacy. In their view, the election of judges does not express the representativeness needed to decide on issues as fundamental as human rights. It seems to me that democratic principles would require a more active involvement of citizens in the appointment of these magistrates, especially as they begin to formulate higher law that is binding on national law.<\/p>\n\n\n\n<p>Faced with these questions, I believe it is necessary to strike a balance between the protection of fundamental rights and respect for national democratic processes. While fundamental rights provide an essential basis for the protection of individual freedoms, it is imperative that their application remains anchored in respect for democratic principles and state sovereignty. Forging a disembodied supranational natural law in this way risks further damaging our contemporary democracies.<\/p>\n\n\n\n<h6 class=\"wp-block-heading\" id=\"h-a-lire-aussi-ghislain-benhessa-le-totem-de-l-etat-de-droit\">Read also | <a href=\"https:\/\/leregardlibre.com\/en\/policy\/etat-de-droit-ghislain-benhessa\/\">Ghislain Benhessa, <em>The totem of the rule of law<\/em><\/a><\/h6>\n\n\n\n<p>Once again, the ECHR had a noble aim, that of preserving certain fundamental values that had been trampled underfoot by the Nazis during the Second World War. It would be going beyond its role if it were to constantly create new rights.<\/p>\n\n\n\n<p>Today, some complain about the rise of populism and their representatives who criticize this ECHR, but these whiners contribute to the polarization of society, and therefore to the rise of populism, by further widening the gap between the elites and the majority of the population. To borrow a phrase from Denis de Rougemont in <em>Thinking with your hands<\/em> (1936), who spoke of the decadence of our culture in the 1930s, \u00abit is for having refused to stoop to the level of man, to the level of reality, that our culture is coming undone\u00bb. To be able to act, we need to recreate genuine human communities capable of acting reasonably without external constraint. It's better to convince than to coerce, even when it comes to climate policy.<\/p>\n\n\n\n<h6 class=\"wp-block-heading\" id=\"h-notre-redacteur-en-chef-dans-un-debat-rts-dimanche-sur-ce-sujet\">Our editor-in-chief in an RTS Sunday debate on the subject<\/h6>\n\n\n\n<iframe width=\"560\" height=\"315\" src=\"https:\/\/www.rts.ch\/play\/embed?urn=urn:rts:video:14834460&#038;subdivisions=false\" allowfullscreen allow=\"geolocation *; autoplay; encrypted-media\"><\/iframe>","protected":false},"excerpt":{"rendered":"<p>In today's legal landscape, the notion of fundamental rights is the subject of lively debate, fuelled by questions about their origin, scope and legitimacy. At the heart of this discussion is, in my view, the notion of natural rights. This age-old idea, which is particularly opposed to legal positivism, is resurfacing with renewed relevance in modern legal debates.<\/p>","protected":false},"author":1,"featured_media":523086,"comment_status":"open","ping_status":"closed","sticky":false,"template":"","format":"standard","meta":{"_acf_changed":false,"footnotes":""},"categories":[644357279],"tags":[644358378,644344304,480197,45553],"class_list":["post-523084","post","type-post","status-publish","format-standard","has-post-thumbnail","hentry","category-suisse","tag-cedh","tag-courrier-des-lecteurs","tag-droits-de-lhomme","tag-liberte"],"acf":[],"yoast_head":"<!-- This site is optimized with the Yoast SEO Premium plugin v27.4 (Yoast SEO v27.4) - https:\/\/yoast.com\/product\/yoast-seo-premium-wordpress\/ -->\n<title>CEDH: la r\u00e9surgence des droits naturels, entre id\u00e9ologie et l\u00e9gitimit\u00e9<\/title>\n<meta name=\"description\" content=\"La notion de droit climatique, fondant la condamnation de la Suisse par la CEDH, fait d\u00e9bat, tout comme la l\u00e9gitimit\u00e9 de cette cour.\" \/>\n<meta name=\"robots\" content=\"index, follow, max-snippet:-1, max-image-preview:large, max-video-preview:-1\" \/>\n<link rel=\"canonical\" href=\"https:\/\/leregardlibre.com\/en\/policy\/switzerland\/the-resurgence-of-natural-rights-between-ideology-and-legitimacy\/\" \/>\n<meta property=\"og:locale\" content=\"en_US\" \/>\n<meta property=\"og:type\" content=\"article\" \/>\n<meta property=\"og:title\" content=\"CEDH: la r\u00e9surgence des droits naturels, entre id\u00e9ologie et l\u00e9gitimit\u00e9\" \/>\n<meta property=\"og:description\" content=\"La notion de droit climatique, fondant la condamnation de la Suisse par la CEDH, fait d\u00e9bat, tout comme la l\u00e9gitimit\u00e9 de cette cour.\" \/>\n<meta property=\"og:url\" content=\"https:\/\/leregardlibre.com\/en\/policy\/switzerland\/the-resurgence-of-natural-rights-between-ideology-and-legitimacy\/\" \/>\n<meta property=\"og:site_name\" content=\"Le Regard Libre\" \/>\n<meta property=\"article:publisher\" content=\"https:\/\/www.facebook.com\/leregardlibre\/\" \/>\n<meta property=\"article:published_time\" content=\"2024-04-14T16:22:43+00:00\" \/>\n<meta property=\"article:modified_time\" content=\"2025-12-13T21:43:05+00:00\" \/>\n<meta property=\"og:image\" content=\"https:\/\/leregardlibre.com\/wp-content\/uploads\/2024\/04\/hanna-zhyhar-xzssg0hdxpq-unsplash.jpg\" \/>\n\t<meta property=\"og:image:width\" content=\"1920\" \/>\n\t<meta property=\"og:image:height\" content=\"1280\" \/>\n\t<meta property=\"og:image:type\" content=\"image\/jpeg\" \/>\n<meta name=\"author\" content=\"Le Regard Libre\" \/>\n<meta name=\"twitter:card\" content=\"summary_large_image\" \/>\n<meta name=\"twitter:creator\" content=\"@LeRegardLibre\" \/>\n<meta name=\"twitter:site\" content=\"@LeRegardLibre\" \/>\n<meta name=\"twitter:label1\" content=\"Written by\" \/>\n\t<meta name=\"twitter:data1\" content=\"Le Regard Libre\" \/>\n\t<meta name=\"twitter:label2\" content=\"Est. reading time\" \/>\n\t<meta name=\"twitter:data2\" content=\"5 minutes\" \/>\n<script type=\"application\/ld+json\" class=\"yoast-schema-graph\">{\"@context\":\"https:\\\/\\\/schema.org\",\"@graph\":[{\"@type\":\"Article\",\"@id\":\"https:\\\/\\\/leregardlibre.com\\\/politique\\\/suisse\\\/cedh-la-resurgence-des-droits-naturels-entre-ideologie-et-legitimite\\\/#article\",\"isPartOf\":{\"@id\":\"https:\\\/\\\/leregardlibre.com\\\/politique\\\/suisse\\\/cedh-la-resurgence-des-droits-naturels-entre-ideologie-et-legitimite\\\/\"},\"author\":{\"name\":\"Le Regard Libre\",\"@id\":\"https:\\\/\\\/leregardlibre.com\\\/#\\\/schema\\\/person\\\/68aceea2de84966d0928b49556d54101\"},\"headline\":\"CEDH: la r\u00e9surgence des droits naturels, entre id\u00e9ologie et l\u00e9gitimit\u00e9\",\"datePublished\":\"2024-04-14T16:22:43+00:00\",\"dateModified\":\"2025-12-13T21:43:05+00:00\",\"mainEntityOfPage\":{\"@id\":\"https:\\\/\\\/leregardlibre.com\\\/politique\\\/suisse\\\/cedh-la-resurgence-des-droits-naturels-entre-ideologie-et-legitimite\\\/\"},\"wordCount\":979,\"commentCount\":0,\"publisher\":{\"@id\":\"https:\\\/\\\/leregardlibre.com\\\/#organization\"},\"image\":{\"@id\":\"https:\\\/\\\/leregardlibre.com\\\/politique\\\/suisse\\\/cedh-la-resurgence-des-droits-naturels-entre-ideologie-et-legitimite\\\/#primaryimage\"},\"thumbnailUrl\":\"https:\\\/\\\/leregardlibre.com\\\/wp-content\\\/uploads\\\/2024\\\/04\\\/hanna-zhyhar-xzssg0hdxpq-unsplash.jpg\",\"keywords\":[\"CEDH\",\"Courrier des lecteurs\",\"Droits de l'homme\",\"Libert\u00e9\"],\"articleSection\":[\"Suisse\"],\"inLanguage\":\"en-US\",\"potentialAction\":[{\"@type\":\"CommentAction\",\"name\":\"Comment\",\"target\":[\"https:\\\/\\\/leregardlibre.com\\\/politique\\\/suisse\\\/cedh-la-resurgence-des-droits-naturels-entre-ideologie-et-legitimite\\\/#respond\"]}]},{\"@type\":\"WebPage\",\"@id\":\"https:\\\/\\\/leregardlibre.com\\\/politique\\\/suisse\\\/cedh-la-resurgence-des-droits-naturels-entre-ideologie-et-legitimite\\\/\",\"url\":\"https:\\\/\\\/leregardlibre.com\\\/politique\\\/suisse\\\/cedh-la-resurgence-des-droits-naturels-entre-ideologie-et-legitimite\\\/\",\"name\":\"CEDH: la r\u00e9surgence des droits naturels, entre id\u00e9ologie et l\u00e9gitimit\u00e9\",\"isPartOf\":{\"@id\":\"https:\\\/\\\/leregardlibre.com\\\/#website\"},\"primaryImageOfPage\":{\"@id\":\"https:\\\/\\\/leregardlibre.com\\\/politique\\\/suisse\\\/cedh-la-resurgence-des-droits-naturels-entre-ideologie-et-legitimite\\\/#primaryimage\"},\"image\":{\"@id\":\"https:\\\/\\\/leregardlibre.com\\\/politique\\\/suisse\\\/cedh-la-resurgence-des-droits-naturels-entre-ideologie-et-legitimite\\\/#primaryimage\"},\"thumbnailUrl\":\"https:\\\/\\\/leregardlibre.com\\\/wp-content\\\/uploads\\\/2024\\\/04\\\/hanna-zhyhar-xzssg0hdxpq-unsplash.jpg\",\"datePublished\":\"2024-04-14T16:22:43+00:00\",\"dateModified\":\"2025-12-13T21:43:05+00:00\",\"description\":\"La notion de droit climatique, fondant la condamnation de la Suisse par la CEDH, fait d\u00e9bat, tout comme la l\u00e9gitimit\u00e9 de cette cour.\",\"breadcrumb\":{\"@id\":\"https:\\\/\\\/leregardlibre.com\\\/politique\\\/suisse\\\/cedh-la-resurgence-des-droits-naturels-entre-ideologie-et-legitimite\\\/#breadcrumb\"},\"inLanguage\":\"en-US\",\"potentialAction\":[{\"@type\":\"ReadAction\",\"target\":[\"https:\\\/\\\/leregardlibre.com\\\/politique\\\/suisse\\\/cedh-la-resurgence-des-droits-naturels-entre-ideologie-et-legitimite\\\/\"]}]},{\"@type\":\"ImageObject\",\"inLanguage\":\"en-US\",\"@id\":\"https:\\\/\\\/leregardlibre.com\\\/politique\\\/suisse\\\/cedh-la-resurgence-des-droits-naturels-entre-ideologie-et-legitimite\\\/#primaryimage\",\"url\":\"https:\\\/\\\/leregardlibre.com\\\/wp-content\\\/uploads\\\/2024\\\/04\\\/hanna-zhyhar-xzssg0hdxpq-unsplash.jpg\",\"contentUrl\":\"https:\\\/\\\/leregardlibre.com\\\/wp-content\\\/uploads\\\/2024\\\/04\\\/hanna-zhyhar-xzssg0hdxpq-unsplash.jpg\",\"width\":1920,\"height\":1280,\"caption\":\"\u00a9 Unsplash\"},{\"@type\":\"BreadcrumbList\",\"@id\":\"https:\\\/\\\/leregardlibre.com\\\/politique\\\/suisse\\\/cedh-la-resurgence-des-droits-naturels-entre-ideologie-et-legitimite\\\/#breadcrumb\",\"itemListElement\":[{\"@type\":\"ListItem\",\"position\":1,\"name\":\"Accueil\",\"item\":\"https:\\\/\\\/leregardlibre.com\\\/\"},{\"@type\":\"ListItem\",\"position\":2,\"name\":\"CEDH: la r\u00e9surgence des droits naturels, entre id\u00e9ologie et l\u00e9gitimit\u00e9\"}]},{\"@type\":\"WebSite\",\"@id\":\"https:\\\/\\\/leregardlibre.com\\\/#website\",\"url\":\"https:\\\/\\\/leregardlibre.com\\\/\",\"name\":\"Le Regard Libre\",\"description\":\"Premier mensuel suisse de d\u00e9bat\",\"publisher\":{\"@id\":\"https:\\\/\\\/leregardlibre.com\\\/#organization\"},\"potentialAction\":[{\"@type\":\"SearchAction\",\"target\":{\"@type\":\"EntryPoint\",\"urlTemplate\":\"https:\\\/\\\/leregardlibre.com\\\/?s={search_term_string}\"},\"query-input\":{\"@type\":\"PropertyValueSpecification\",\"valueRequired\":true,\"valueName\":\"search_term_string\"}}],\"inLanguage\":\"en-US\"},{\"@type\":\"Organization\",\"@id\":\"https:\\\/\\\/leregardlibre.com\\\/#organization\",\"name\":\"Le Regard Libre\",\"url\":\"https:\\\/\\\/leregardlibre.com\\\/\",\"logo\":{\"@type\":\"ImageObject\",\"inLanguage\":\"en-US\",\"@id\":\"https:\\\/\\\/leregardlibre.com\\\/#\\\/schema\\\/logo\\\/image\\\/\",\"url\":\"https:\\\/\\\/leregardlibre.com\\\/wp-content\\\/uploads\\\/2025\\\/08\\\/logo-rl-icone-neg.jpeg\",\"contentUrl\":\"https:\\\/\\\/leregardlibre.com\\\/wp-content\\\/uploads\\\/2025\\\/08\\\/logo-rl-icone-neg.jpeg\",\"width\":557,\"height\":556,\"caption\":\"Le Regard Libre\"},\"image\":{\"@id\":\"https:\\\/\\\/leregardlibre.com\\\/#\\\/schema\\\/logo\\\/image\\\/\"},\"sameAs\":[\"https:\\\/\\\/www.facebook.com\\\/leregardlibre\\\/\",\"https:\\\/\\\/x.com\\\/LeRegardLibre\",\"https:\\\/\\\/www.linkedin.com\\\/company\\\/le-regard-libre\",\"https:\\\/\\\/www.instagram.com\\\/leregardlibre\\\/\",\"http:\\\/\\\/t.me\\\/leregardlibre\",\"https:\\\/\\\/youtube.com\\\/channel\\\/UC6HzGPomj1LsUmlz-sJtITQ\"],\"description\":\"Le Regard Libre est un mensuel suisse de d\u00e9bat intellectuel et culturel. Sa r\u00e9daction est jeune, b\u00e9n\u00e9vole, lib\u00e9rale et pluraliste. Le magazine para\u00eet en ligne et sous forme papier. Sa langue est le fran\u00e7ais.\",\"email\":\"redaction@leregardlibre.com\",\"legalName\":\"Le Regard Libre\",\"foundingDate\":\"2014-01-01\",\"numberOfEmployees\":{\"@type\":\"QuantitativeValue\",\"minValue\":\"11\",\"maxValue\":\"50\"},\"publishingPrinciples\":\"https:\\\/\\\/leregardlibre.com\\\/a-propos\\\/notre-manifeste\\\/\",\"ownershipFundingInfo\":\"https:\\\/\\\/leregardlibre.com\\\/mentions-legales\\\/\",\"actionableFeedbackPolicy\":\"https:\\\/\\\/leregardlibre.com\\\/conditions-generales-de-vente\\\/\"},{\"@type\":\"Person\",\"@id\":\"https:\\\/\\\/leregardlibre.com\\\/#\\\/schema\\\/person\\\/68aceea2de84966d0928b49556d54101\",\"name\":\"Le Regard Libre\",\"image\":{\"@type\":\"ImageObject\",\"inLanguage\":\"en-US\",\"@id\":\"https:\\\/\\\/secure.gravatar.com\\\/avatar\\\/ccf13a262e399e026577c8158b11cbdef98921ac28fa06bc0d43a2d0e2a4a1c0?s=96&d=identicon&r=g\",\"url\":\"https:\\\/\\\/secure.gravatar.com\\\/avatar\\\/ccf13a262e399e026577c8158b11cbdef98921ac28fa06bc0d43a2d0e2a4a1c0?s=96&d=identicon&r=g\",\"contentUrl\":\"https:\\\/\\\/secure.gravatar.com\\\/avatar\\\/ccf13a262e399e026577c8158b11cbdef98921ac28fa06bc0d43a2d0e2a4a1c0?s=96&d=identicon&r=g\",\"caption\":\"Le Regard Libre\"},\"description\":\"Premier mensuel suisse de d\u00e9bat\",\"sameAs\":[\"https:\\\/\\\/fr.wikipedia.org\\\/wiki\\\/Le_Regard_libre\"],\"url\":\"https:\\\/\\\/leregardlibre.com\\\/en\\\/author\\\/leregardlibre\\\/\"}]}<\/script>\n<!-- \/ Yoast SEO Premium plugin. -->","yoast_head_json":{"title":"ECHR: the resurgence of natural rights, between ideology and legitimacy","description":"The notion of climate rights, on which Switzerland's condemnation by the ECHR is based, is the subject of debate, as is the legitimacy of this court.","robots":{"index":"index","follow":"follow","max-snippet":"max-snippet:-1","max-image-preview":"max-image-preview:large","max-video-preview":"max-video-preview:-1"},"canonical":"https:\/\/leregardlibre.com\/en\/policy\/switzerland\/the-resurgence-of-natural-rights-between-ideology-and-legitimacy\/","og_locale":"en_US","og_type":"article","og_title":"CEDH: la r\u00e9surgence des droits naturels, entre id\u00e9ologie et l\u00e9gitimit\u00e9","og_description":"La notion de droit climatique, fondant la condamnation de la Suisse par la CEDH, fait d\u00e9bat, tout comme la l\u00e9gitimit\u00e9 de cette cour.","og_url":"https:\/\/leregardlibre.com\/en\/policy\/switzerland\/the-resurgence-of-natural-rights-between-ideology-and-legitimacy\/","og_site_name":"Le Regard Libre","article_publisher":"https:\/\/www.facebook.com\/leregardlibre\/","article_published_time":"2024-04-14T16:22:43+00:00","article_modified_time":"2025-12-13T21:43:05+00:00","og_image":[{"width":1920,"height":1280,"url":"https:\/\/leregardlibre.com\/wp-content\/uploads\/2024\/04\/hanna-zhyhar-xzssg0hdxpq-unsplash.jpg","type":"image\/jpeg"}],"author":"Le Regard Libre","twitter_card":"summary_large_image","twitter_creator":"@LeRegardLibre","twitter_site":"@LeRegardLibre","twitter_misc":{"Written by":"Le Regard Libre","Est. reading time":"5 minutes"},"schema":{"@context":"https:\/\/schema.org","@graph":[{"@type":"Article","@id":"https:\/\/leregardlibre.com\/politique\/suisse\/cedh-la-resurgence-des-droits-naturels-entre-ideologie-et-legitimite\/#article","isPartOf":{"@id":"https:\/\/leregardlibre.com\/politique\/suisse\/cedh-la-resurgence-des-droits-naturels-entre-ideologie-et-legitimite\/"},"author":{"name":"Le Regard Libre","@id":"https:\/\/leregardlibre.com\/#\/schema\/person\/68aceea2de84966d0928b49556d54101"},"headline":"CEDH: la r\u00e9surgence des droits naturels, entre id\u00e9ologie et l\u00e9gitimit\u00e9","datePublished":"2024-04-14T16:22:43+00:00","dateModified":"2025-12-13T21:43:05+00:00","mainEntityOfPage":{"@id":"https:\/\/leregardlibre.com\/politique\/suisse\/cedh-la-resurgence-des-droits-naturels-entre-ideologie-et-legitimite\/"},"wordCount":979,"commentCount":0,"publisher":{"@id":"https:\/\/leregardlibre.com\/#organization"},"image":{"@id":"https:\/\/leregardlibre.com\/politique\/suisse\/cedh-la-resurgence-des-droits-naturels-entre-ideologie-et-legitimite\/#primaryimage"},"thumbnailUrl":"https:\/\/leregardlibre.com\/wp-content\/uploads\/2024\/04\/hanna-zhyhar-xzssg0hdxpq-unsplash.jpg","keywords":["CEDH","Courrier des lecteurs","Droits de l'homme","Libert\u00e9"],"articleSection":["Suisse"],"inLanguage":"en-US","potentialAction":[{"@type":"CommentAction","name":"Comment","target":["https:\/\/leregardlibre.com\/politique\/suisse\/cedh-la-resurgence-des-droits-naturels-entre-ideologie-et-legitimite\/#respond"]}]},{"@type":"WebPage","@id":"https:\/\/leregardlibre.com\/politique\/suisse\/cedh-la-resurgence-des-droits-naturels-entre-ideologie-et-legitimite\/","url":"https:\/\/leregardlibre.com\/politique\/suisse\/cedh-la-resurgence-des-droits-naturels-entre-ideologie-et-legitimite\/","name":"ECHR: the resurgence of natural rights, between ideology and legitimacy","isPartOf":{"@id":"https:\/\/leregardlibre.com\/#website"},"primaryImageOfPage":{"@id":"https:\/\/leregardlibre.com\/politique\/suisse\/cedh-la-resurgence-des-droits-naturels-entre-ideologie-et-legitimite\/#primaryimage"},"image":{"@id":"https:\/\/leregardlibre.com\/politique\/suisse\/cedh-la-resurgence-des-droits-naturels-entre-ideologie-et-legitimite\/#primaryimage"},"thumbnailUrl":"https:\/\/leregardlibre.com\/wp-content\/uploads\/2024\/04\/hanna-zhyhar-xzssg0hdxpq-unsplash.jpg","datePublished":"2024-04-14T16:22:43+00:00","dateModified":"2025-12-13T21:43:05+00:00","description":"The notion of climate rights, on which Switzerland's condemnation by the ECHR is based, is the subject of debate, as is the legitimacy of this court.","breadcrumb":{"@id":"https:\/\/leregardlibre.com\/politique\/suisse\/cedh-la-resurgence-des-droits-naturels-entre-ideologie-et-legitimite\/#breadcrumb"},"inLanguage":"en-US","potentialAction":[{"@type":"ReadAction","target":["https:\/\/leregardlibre.com\/politique\/suisse\/cedh-la-resurgence-des-droits-naturels-entre-ideologie-et-legitimite\/"]}]},{"@type":"ImageObject","inLanguage":"en-US","@id":"https:\/\/leregardlibre.com\/politique\/suisse\/cedh-la-resurgence-des-droits-naturels-entre-ideologie-et-legitimite\/#primaryimage","url":"https:\/\/leregardlibre.com\/wp-content\/uploads\/2024\/04\/hanna-zhyhar-xzssg0hdxpq-unsplash.jpg","contentUrl":"https:\/\/leregardlibre.com\/wp-content\/uploads\/2024\/04\/hanna-zhyhar-xzssg0hdxpq-unsplash.jpg","width":1920,"height":1280,"caption":"\u00a9 Unsplash"},{"@type":"BreadcrumbList","@id":"https:\/\/leregardlibre.com\/politique\/suisse\/cedh-la-resurgence-des-droits-naturels-entre-ideologie-et-legitimite\/#breadcrumb","itemListElement":[{"@type":"ListItem","position":1,"name":"Accueil","item":"https:\/\/leregardlibre.com\/"},{"@type":"ListItem","position":2,"name":"CEDH: la r\u00e9surgence des droits naturels, entre id\u00e9ologie et l\u00e9gitimit\u00e9"}]},{"@type":"WebSite","@id":"https:\/\/leregardlibre.com\/#website","url":"https:\/\/leregardlibre.com\/","name":"Le Regard Libre","description":"Switzerland's first monthly debate magazine","publisher":{"@id":"https:\/\/leregardlibre.com\/#organization"},"potentialAction":[{"@type":"SearchAction","target":{"@type":"EntryPoint","urlTemplate":"https:\/\/leregardlibre.com\/?s={search_term_string}"},"query-input":{"@type":"PropertyValueSpecification","valueRequired":true,"valueName":"search_term_string"}}],"inLanguage":"en-US"},{"@type":"Organization","@id":"https:\/\/leregardlibre.com\/#organization","name":"Le Regard Libre","url":"https:\/\/leregardlibre.com\/","logo":{"@type":"ImageObject","inLanguage":"en-US","@id":"https:\/\/leregardlibre.com\/#\/schema\/logo\/image\/","url":"https:\/\/leregardlibre.com\/wp-content\/uploads\/2025\/08\/logo-rl-icone-neg.jpeg","contentUrl":"https:\/\/leregardlibre.com\/wp-content\/uploads\/2025\/08\/logo-rl-icone-neg.jpeg","width":557,"height":556,"caption":"Le Regard Libre"},"image":{"@id":"https:\/\/leregardlibre.com\/#\/schema\/logo\/image\/"},"sameAs":["https:\/\/www.facebook.com\/leregardlibre\/","https:\/\/x.com\/LeRegardLibre","https:\/\/www.linkedin.com\/company\/le-regard-libre","https:\/\/www.instagram.com\/leregardlibre\/","http:\/\/t.me\/leregardlibre","https:\/\/youtube.com\/channel\/UC6HzGPomj1LsUmlz-sJtITQ"],"description":"Le Regard Libre is a Swiss monthly magazine for intellectual and cultural debate. Its editorial team is young, voluntary, liberal and pluralist. The magazine appears online and in print. Its language is French.","email":"redaction@leregardlibre.com","legalName":"Le Regard Libre","foundingDate":"2014-01-01","numberOfEmployees":{"@type":"QuantitativeValue","minValue":"11","maxValue":"50"},"publishingPrinciples":"https:\/\/leregardlibre.com\/a-propos\/notre-manifeste\/","ownershipFundingInfo":"https:\/\/leregardlibre.com\/mentions-legales\/","actionableFeedbackPolicy":"https:\/\/leregardlibre.com\/conditions-generales-de-vente\/"},{"@type":"Person","@id":"https:\/\/leregardlibre.com\/#\/schema\/person\/68aceea2de84966d0928b49556d54101","name":"Le Regard Libre","image":{"@type":"ImageObject","inLanguage":"en-US","@id":"https:\/\/secure.gravatar.com\/avatar\/ccf13a262e399e026577c8158b11cbdef98921ac28fa06bc0d43a2d0e2a4a1c0?s=96&d=identicon&r=g","url":"https:\/\/secure.gravatar.com\/avatar\/ccf13a262e399e026577c8158b11cbdef98921ac28fa06bc0d43a2d0e2a4a1c0?s=96&d=identicon&r=g","contentUrl":"https:\/\/secure.gravatar.com\/avatar\/ccf13a262e399e026577c8158b11cbdef98921ac28fa06bc0d43a2d0e2a4a1c0?s=96&d=identicon&r=g","caption":"Le Regard Libre"},"description":"Switzerland's first monthly debate magazine","sameAs":["https:\/\/fr.wikipedia.org\/wiki\/Le_Regard_libre"],"url":"https:\/\/leregardlibre.com\/en\/author\/leregardlibre\/"}]}},"_links":{"self":[{"href":"https:\/\/leregardlibre.com\/en\/wp-json\/wp\/v2\/posts\/523084","targetHints":{"allow":["GET"]}}],"collection":[{"href":"https:\/\/leregardlibre.com\/en\/wp-json\/wp\/v2\/posts"}],"about":[{"href":"https:\/\/leregardlibre.com\/en\/wp-json\/wp\/v2\/types\/post"}],"author":[{"embeddable":true,"href":"https:\/\/leregardlibre.com\/en\/wp-json\/wp\/v2\/users\/1"}],"replies":[{"embeddable":true,"href":"https:\/\/leregardlibre.com\/en\/wp-json\/wp\/v2\/comments?post=523084"}],"version-history":[{"count":2,"href":"https:\/\/leregardlibre.com\/en\/wp-json\/wp\/v2\/posts\/523084\/revisions"}],"predecessor-version":[{"id":523182,"href":"https:\/\/leregardlibre.com\/en\/wp-json\/wp\/v2\/posts\/523084\/revisions\/523182"}],"wp:featuredmedia":[{"embeddable":true,"href":"https:\/\/leregardlibre.com\/en\/wp-json\/wp\/v2\/media\/523086"}],"wp:attachment":[{"href":"https:\/\/leregardlibre.com\/en\/wp-json\/wp\/v2\/media?parent=523084"}],"wp:term":[{"taxonomy":"category","embeddable":true,"href":"https:\/\/leregardlibre.com\/en\/wp-json\/wp\/v2\/categories?post=523084"},{"taxonomy":"post_tag","embeddable":true,"href":"https:\/\/leregardlibre.com\/en\/wp-json\/wp\/v2\/tags?post=523084"}],"curies":[{"name":"wp","href":"https:\/\/api.w.org\/{rel}","templated":true}]}}