{"id":523914,"date":"2024-06-18T06:00:00","date_gmt":"2024-06-18T04:00:00","guid":{"rendered":"https:\/\/leregardlibre.com\/?p=523914"},"modified":"2025-12-13T22:42:59","modified_gmt":"2025-12-13T21:42:59","slug":"geneva-green-center-liberal-alliance-analysis","status":"publish","type":"post","link":"https:\/\/leregardlibre.com\/en\/policy\/switzerland\/geneva-green-center-liberal-alliance-analysis\/","title":{"rendered":"In Geneva, a promising alliance between Le Centre and the Vert'liberals"},"content":{"rendered":"<p class=\"has-drop-cap\"><strong>The Centre is looking to the Vert'liberals for the 2025 municipal elections in Geneva. In addition to the proximity between the two parties, this union could prove fertile insofar as each political formation complements the weaknesses of the other.<\/strong><\/p>\n\n\n\n<!--more-->\n\n\n\n<p>The marriage seemed obvious. And yet, the Green Liberal Party and Le Centre had not expressed their wishes for the last two elections. For the second round of elections to the Council of State in the spring of 2023, the former Christian Democratic Party preferred to join forces with the SVP and PLR to form a more electorally appealing alliance. The gamble paid off: centrist candidate Delphine Bachmann was elected thanks to the votes of the broader right. A few months later, in October 2023, Le Centre was again tempted by this alliance for the Council of States, with much less success at the ballot box.<\/p>\n\n\n\n<p>With a view to the 2025 municipal elections, the centrist party is playing the proximity card by forming an alliance with the Vert'liberals in the City of Geneva. The ticket will comprise centrist administrative councillor Marie Barbey-Chappuis and Green Liberal Boris Calame. Beyond the \u00abstrong center away from polarization and dogmatism\u00bb rhetoric recited by the two parties when announcing the alliance, this marriage could be fruitful if it is a long-term one. There are several reasons for this.<\/p>\n\n\n\n<h3 class=\"wp-block-heading\" id=\"h-experience-et-innovation\">Experience and innovation<\/h3>\n\n\n\n<p>The strength of the alliance lies in the complementary nature of the two parties. The Centre has always claimed a moderate, responsible stance, far removed from show politics. This posture has made it difficult to impose its agenda in public debate, to bring forward disruptive ideas and to unite around them. The party is now the seventh largest political group in Geneva's Grand Council, with nine members. While it can rely on the experience and credibility it has inherited from its long political history, Le Centre needs a new lease of life to relaunch itself in the city at the end of the lake.<\/p>\n\n\n\n<form method=\"post\" action=\"https:\/\/newsletter.infomaniak.com\/external\/submit\" class=\"inf-form\" target=\"_blank\"><input type=\"email\" name=\"email\" style=\"display:none\" \/><input type=\"hidden\" name=\"key\" value=\"eyJpdiI6IlZXRVJGMlRGQUU2alNqUE81bitIUk5adnNVa0c4MllFTStzOHdHT1FQZ3c9IiwidmFsdWUiOiJIYzhwMUVCK1pTNnlhY3MyMmhuZlhReWJqemEwNk93blMxTjFHc0s2VHZrPSIsIm1hYyI6ImVhYTQ5N2I1M2NiYWE4NzBmNjk2NzgzYjliM2Y5NmYzM2E2ZmU3NGQxNTU1ZDFkMTU1MzY5NTdjYjE3ZTJmNTUifQ==\"><input type=\"hidden\" name=\"webform_id\" value=\"7291\"><style> .inf-main_3000311ca56a1cb93397bc676c0b7fff{ background-color:#f5f5f5; padding:25px 20px; margin:25px auto; } .inf-main_3000311ca56a1cb93397bc676c0b7fff .inf-content { margin-top:13px;} .inf-main_3000311ca56a1cb93397bc676c0b7fff h4, .inf-main_3000311ca56a1cb93397bc676c0b7fff span, .inf-main_3000311ca56a1cb93397bc676c0b7fff label, .inf-main_3000311ca56a1cb93397bc676c0b7fff input, .inf-main_3000311ca56a1cb93397bc676c0b7fff .inf-submit, .inf-main_3000311ca56a1cb93397bc676c0b7fff .inf-success p a { color:#555555; font-size:14px; } .inf-main_3000311ca56a1cb93397bc676c0b7fff h4{ font-size:18px; margin:0px 0px 13px 0px; } .inf-main_3000311ca56a1cb93397bc676c0b7fff h4, .inf-main_3000311ca56a1cb93397bc676c0b7fff label{ font-weight:bold; } .inf-main_3000311ca56a1cb93397bc676c0b7fff .inf-input { margin-bottom:7px; } .inf-main_3000311ca56a1cb93397bc676c0b7fff label { display:block;} .inf-main_3000311ca56a1cb93397bc676c0b7fff input{ height:35px; color:#999999; border: 1px solid #E9E9E9; border:none; padding-left:7px; } .inf-main_3000311ca56a1cb93397bc676c0b7fff .inf-input.inf-error label, .inf-main_3000311ca56a1cb93397bc676c0b7fff .inf-input.inf-error span.inf-message{ color: #cc0033; } .inf-main_3000311ca56a1cb93397bc676c0b7fff .inf-input.inf-error input{ border: 1px solid #cc0033; } .inf-main_3000311ca56a1cb93397bc676c0b7fff .inf-input input { width:100%;} .inf-main_3000311ca56a1cb93397bc676c0b7fff .inf-input.inf-error span.inf-message { display: block; } .inf-main_3000311ca56a1cb93397bc676c0b7fff .inf-submit { text-align:right;} .inf-main_3000311ca56a1cb93397bc676c0b7fff .inf-submit input{ background-color:#777777; color:#ffffff; border:none; font-weight: normal; height:auto; padding:7px; } .inf-main_3000311ca56a1cb93397bc676c0b7fff .inf-submit input.disabled{ opacity: 0.4; } .inf-btn { color: rgb(85, 85, 85); border: medium none; font-weight: normal; height: auto; padding: 7px; display: inline-block; background-color: white; box-shadow: 0px 1px 1px rgba(0, 0, 0, 0.24); border-radius: 2px; line-height: 1em; } .inf-rgpd { margin:25px 0px 15px 0px; color:#555555; } <\/style> <div class=\"inf-main_3000311ca56a1cb93397bc676c0b7fff\"> <h4>NEWSLETTER DU REGARD LIBRE<\/h4> <span>Receive our articles every Sunday.<\/span> <div class=\"inf-success\" style=\"display:none\"> <h4>Your subscription to our weekly newsletter has been successfully registered!<\/h4> <p> <a href=\"#\" class=\"inf-btn\">\u00ab<\/a> <\/p> <\/div> <div class=\"inf-content\"> <div class=\"inf-input inf-input-text\"> <input type=\"text\" name=\"inf[1]\" data-inf-meta = \"1\" data-inf-error = \"Merci de renseigner une adresse email\" required=\"required\" placeholder=\"Email\" > <\/div> <div class=\"inf-submit\"> <input type=\"submit\" name=\"\" value=\"Sign up\"> <\/div> <\/div> <\/div> <\/form>\n\n\n\n<p>And just as well, his new ally for the municipal elections has ideas. Or rather, that's all he has. Inexistent on the executive and legislative levels in Geneva, and now absent from the National Council, Geneva's Vert'liberals are obliged to be inventive in order to exist politically in the city of Calvin, notably by launching initiatives which, for the time being, have convinced the electorate. Both the parental leave initiative and the initiative to abolish lifetime pensions for state councillors have been widely accepted by the people. The Green'Liberal Party thus stands out for its capacity for innovation, which is often lacking in the Centre. For its part, the Centre brings institutional solidity and experience of government that the Greens are still a long way from having.<\/p>\n\n\n\n<h3 class=\"wp-block-heading\" id=\"h-proches-mais-complementaires\"><strong>Close but complementary<\/strong><\/h3>\n\n\n\n<p>Although they operate in a similar ideological space, the two groups complement each other in terms of their political identities. Ecology, at the heart of the green-liberal project, has never been a strong theme of the Centre, which has integrated action against climate change into its program in line with the general trend of the last twenty years, without spearheading it. For its part, Le Centre is part of a political tradition inspired by Christian values that have never been claimed by the Greens.<\/p>\n\n\n\n<p>Last but not least, the two parties' electorates aggregate well, especially if the alliance eventually expands to the cantonal level. In Geneva, the Green Liberals mainly appeal to an urban electorate. In the last Grand Council election, their list outperformed that of the Centre in Geneva City, Carouge and Ch\u00eane-Bougeries. The Centre, on the other hand, is well established in certain outlying communes, notably those where it is represented in executive bodies such as Bernex, Plan-les-Ouates or Bardonnex, precisely where the Greens are still little recognized.<\/p>\n\n\n\n<h6 class=\"wp-block-heading\" id=\"h-a-lire-aussi-le-centre-n-a-pas-le-monopole-de-la-recherche-d-equilibre\">Read also | <a href=\"https:\/\/leregardlibre.com\/en\/policy\/the-center-has-no-monopoly-on-the-search-for-balance\/\">The center has no monopoly on the search for balance<\/a><\/h6>\n\n\n\n<p>The alliance therefore seems strategically coherent, but at every election the two parties stumble over the same question: how to convince and exist as a party at the center of the political spectrum in increasingly polarized campaigns? Now that they have come together, Le Centre and the Green'liberals will have their work cut out to build and sell a \u00abstrong center\u00bb in Geneva. The 2025 municipal elections will give us a glimpse of whether this union convinces the electorate and can be extended to a larger scale.<\/p>\n\n\n\n<p><em>Write to the author:&nbsp;<a href=\"mailto:pablo.sanchez@leregardlibre.com\">pablo.sanchez@leregardlibre.com<\/a><\/em><\/p>\n\n\n\n<h6 class=\"wp-block-heading\" id=\"h-vous-venez-de-lire-un-article-en-libre-acces-tire-de-notre-edition-papier-le-regard-libre-n-107-debats-analyses-actualites-culturelles-abonnez-vous-a-notre-media-de-reflexion-pour-nous-soutenir-et-avoir-acces-a-tous-nos-contenus\">You have just read an open-access article from our print edition (<a href=\"https:\/\/leregardlibre.com\/en\/cpt-editions\/le-regard-libre-n107-dossier-verite\/\"><em>Le Regard Libre<\/em>\u00a0N\u00b0107<\/a>). Debates, analyses, cultural news:\u00a0<a href=\"https:\/\/leregardlibre.com\/en\/subscription\/\">subscribe<\/a>\u00a0to support us and get access to all our content!<a href=\"https:\/\/www.payot.ch\/Detail\/la_decision-karine_tuil-9782072943546\"><\/a><a href=\"https:\/\/www.payot.ch\/Detail\/la_decision-karine_tuil-9782072943546\"><\/a><\/h6>","protected":false},"excerpt":{"rendered":"<p>The Centre is looking to the Vert'liberals for the 2025 municipal elections in Geneva. In addition to the proximity between the two parties, this union could prove fertile insofar as each political formation complements the weaknesses of the other.<\/p>","protected":false},"author":735,"featured_media":523917,"comment_status":"open","ping_status":"closed","sticky":false,"template":"","format":"standard","meta":{"_acf_changed":false,"footnotes":""},"categories":[644357279],"tags":[9472,271507,57220,644355970,606274628],"class_list":["post-523914","post","type-post","status-publish","format-standard","has-post-thumbnail","hentry","category-suisse","tag-analyses","tag-centre","tag-geneve","tag-le-centre","tag-les-vertsliberaux"],"acf":[],"yoast_head":"<!-- This site is optimized with the Yoast SEO Premium plugin v27.4 (Yoast SEO v27.4) - https:\/\/yoast.com\/product\/yoast-seo-premium-wordpress\/ -->\n<title>A Gen\u00e8ve, l\u2019alliance prometteuse entre Le Centre et les Vert\u2019lib\u00e9raux<\/title>\n<meta name=\"description\" content=\"Le Centre se tourne vers les Vert\u2019lib\u00e9raux pour les \u00e9lections municipales de 2025 en Ville de Gen\u00e8ve. Cette union pourrait s\u2019av\u00e9rer fertile.\" \/>\n<meta name=\"robots\" content=\"index, follow, max-snippet:-1, max-image-preview:large, max-video-preview:-1\" \/>\n<link rel=\"canonical\" href=\"https:\/\/leregardlibre.com\/en\/policy\/switzerland\/geneva-green-center-liberal-alliance-analysis\/\" \/>\n<meta property=\"og:locale\" content=\"en_US\" \/>\n<meta property=\"og:type\" content=\"article\" \/>\n<meta property=\"og:title\" content=\"A Gen\u00e8ve, l\u2019alliance prometteuse entre Le Centre et les Vert\u2019lib\u00e9raux\" \/>\n<meta property=\"og:description\" content=\"Le Centre se tourne vers les Vert\u2019lib\u00e9raux pour les \u00e9lections municipales de 2025 en Ville de Gen\u00e8ve. Cette union pourrait s\u2019av\u00e9rer fertile.\" \/>\n<meta property=\"og:url\" content=\"https:\/\/leregardlibre.com\/en\/policy\/switzerland\/geneva-green-center-liberal-alliance-analysis\/\" \/>\n<meta property=\"og:site_name\" content=\"Le Regard Libre\" \/>\n<meta property=\"article:publisher\" content=\"https:\/\/www.facebook.com\/leregardlibre\/\" \/>\n<meta property=\"article:published_time\" content=\"2024-06-18T04:00:00+00:00\" \/>\n<meta property=\"article:modified_time\" content=\"2025-12-13T21:42:59+00:00\" \/>\n<meta property=\"og:image\" content=\"https:\/\/leregardlibre.com\/wp-content\/uploads\/2024\/06\/pour-les-elections-municipales-de-2025-en-ville-de-geneve-le-centre-et-les-vertliberaux-ont-scelle-un-pacte-ayant-pour-objectif-de-renforcer-le-bloc-centriste---pexels-1024x683.jpg\" \/>\n\t<meta property=\"og:image:width\" content=\"1024\" \/>\n\t<meta property=\"og:image:height\" content=\"683\" \/>\n\t<meta property=\"og:image:type\" content=\"image\/jpeg\" \/>\n<meta name=\"author\" content=\"Pablo S\u00e1nchez\" \/>\n<meta name=\"twitter:card\" content=\"summary_large_image\" \/>\n<meta name=\"twitter:creator\" content=\"@LeRegardLibre\" \/>\n<meta name=\"twitter:site\" content=\"@LeRegardLibre\" \/>\n<meta name=\"twitter:label1\" content=\"Written by\" \/>\n\t<meta name=\"twitter:data1\" content=\"Pablo S\u00e1nchez\" \/>\n\t<meta name=\"twitter:label2\" content=\"Est. reading time\" \/>\n\t<meta name=\"twitter:data2\" content=\"5 minutes\" \/>\n<script type=\"application\/ld+json\" class=\"yoast-schema-graph\">{\"@context\":\"https:\\\/\\\/schema.org\",\"@graph\":[{\"@type\":\"Article\",\"@id\":\"https:\\\/\\\/leregardlibre.com\\\/politique\\\/suisse\\\/geneve-le-centre-vert-liberaux-alliance-analyse\\\/#article\",\"isPartOf\":{\"@id\":\"https:\\\/\\\/leregardlibre.com\\\/politique\\\/suisse\\\/geneve-le-centre-vert-liberaux-alliance-analyse\\\/\"},\"author\":{\"name\":\"Pablo S\u00e1nchez\",\"@id\":\"https:\\\/\\\/leregardlibre.com\\\/#\\\/schema\\\/person\\\/44629bb0ecb67ddea1fc4c5d4447095f\"},\"headline\":\"A Gen\u00e8ve, l\u2019alliance prometteuse entre Le Centre et les Vert\u2019lib\u00e9raux\",\"datePublished\":\"2024-06-18T04:00:00+00:00\",\"dateModified\":\"2025-12-13T21:42:59+00:00\",\"mainEntityOfPage\":{\"@id\":\"https:\\\/\\\/leregardlibre.com\\\/politique\\\/suisse\\\/geneve-le-centre-vert-liberaux-alliance-analyse\\\/\"},\"wordCount\":933,\"commentCount\":0,\"publisher\":{\"@id\":\"https:\\\/\\\/leregardlibre.com\\\/#organization\"},\"image\":{\"@id\":\"https:\\\/\\\/leregardlibre.com\\\/politique\\\/suisse\\\/geneve-le-centre-vert-liberaux-alliance-analyse\\\/#primaryimage\"},\"thumbnailUrl\":\"https:\\\/\\\/leregardlibre.com\\\/wp-content\\\/uploads\\\/2024\\\/06\\\/pour-les-elections-municipales-de-2025-en-ville-de-geneve-le-centre-et-les-vertliberaux-ont-scelle-un-pacte-ayant-pour-objectif-de-renforcer-le-bloc-centriste---pexels-e1718617841628.jpg\",\"keywords\":[\"Analyse\",\"Centre\",\"Gen\u00e8ve\",\"Le Centre\",\"Parti vert'lib\u00e9ral\"],\"articleSection\":[\"Suisse\"],\"inLanguage\":\"en-US\",\"potentialAction\":[{\"@type\":\"CommentAction\",\"name\":\"Comment\",\"target\":[\"https:\\\/\\\/leregardlibre.com\\\/politique\\\/suisse\\\/geneve-le-centre-vert-liberaux-alliance-analyse\\\/#respond\"]}]},{\"@type\":\"WebPage\",\"@id\":\"https:\\\/\\\/leregardlibre.com\\\/politique\\\/suisse\\\/geneve-le-centre-vert-liberaux-alliance-analyse\\\/\",\"url\":\"https:\\\/\\\/leregardlibre.com\\\/politique\\\/suisse\\\/geneve-le-centre-vert-liberaux-alliance-analyse\\\/\",\"name\":\"A Gen\u00e8ve, l\u2019alliance prometteuse entre Le Centre et les Vert\u2019lib\u00e9raux\",\"isPartOf\":{\"@id\":\"https:\\\/\\\/leregardlibre.com\\\/#website\"},\"primaryImageOfPage\":{\"@id\":\"https:\\\/\\\/leregardlibre.com\\\/politique\\\/suisse\\\/geneve-le-centre-vert-liberaux-alliance-analyse\\\/#primaryimage\"},\"image\":{\"@id\":\"https:\\\/\\\/leregardlibre.com\\\/politique\\\/suisse\\\/geneve-le-centre-vert-liberaux-alliance-analyse\\\/#primaryimage\"},\"thumbnailUrl\":\"https:\\\/\\\/leregardlibre.com\\\/wp-content\\\/uploads\\\/2024\\\/06\\\/pour-les-elections-municipales-de-2025-en-ville-de-geneve-le-centre-et-les-vertliberaux-ont-scelle-un-pacte-ayant-pour-objectif-de-renforcer-le-bloc-centriste---pexels-e1718617841628.jpg\",\"datePublished\":\"2024-06-18T04:00:00+00:00\",\"dateModified\":\"2025-12-13T21:42:59+00:00\",\"description\":\"Le Centre se tourne vers les Vert\u2019lib\u00e9raux pour les \u00e9lections municipales de 2025 en Ville de Gen\u00e8ve. Cette union pourrait s\u2019av\u00e9rer fertile.\",\"breadcrumb\":{\"@id\":\"https:\\\/\\\/leregardlibre.com\\\/politique\\\/suisse\\\/geneve-le-centre-vert-liberaux-alliance-analyse\\\/#breadcrumb\"},\"inLanguage\":\"en-US\",\"potentialAction\":[{\"@type\":\"ReadAction\",\"target\":[\"https:\\\/\\\/leregardlibre.com\\\/politique\\\/suisse\\\/geneve-le-centre-vert-liberaux-alliance-analyse\\\/\"]}]},{\"@type\":\"ImageObject\",\"inLanguage\":\"en-US\",\"@id\":\"https:\\\/\\\/leregardlibre.com\\\/politique\\\/suisse\\\/geneve-le-centre-vert-liberaux-alliance-analyse\\\/#primaryimage\",\"url\":\"https:\\\/\\\/leregardlibre.com\\\/wp-content\\\/uploads\\\/2024\\\/06\\\/pour-les-elections-municipales-de-2025-en-ville-de-geneve-le-centre-et-les-vertliberaux-ont-scelle-un-pacte-ayant-pour-objectif-de-renforcer-le-bloc-centriste---pexels-e1718617841628.jpg\",\"contentUrl\":\"https:\\\/\\\/leregardlibre.com\\\/wp-content\\\/uploads\\\/2024\\\/06\\\/pour-les-elections-municipales-de-2025-en-ville-de-geneve-le-centre-et-les-vertliberaux-ont-scelle-un-pacte-ayant-pour-objectif-de-renforcer-le-bloc-centriste---pexels-e1718617841628.jpg\",\"width\":1920,\"height\":1280,\"caption\":\"Pour les e\u0301lections municipales de 2025 en Ville de Gene\u0300ve, Le Centre et les Vert\u2019libe\u0301raux ont scelle\u0301 un pacte ayant pour objectif de renforcer le bloc centriste. \u00a9\u00a0Pexels\"},{\"@type\":\"BreadcrumbList\",\"@id\":\"https:\\\/\\\/leregardlibre.com\\\/politique\\\/suisse\\\/geneve-le-centre-vert-liberaux-alliance-analyse\\\/#breadcrumb\",\"itemListElement\":[{\"@type\":\"ListItem\",\"position\":1,\"name\":\"Accueil\",\"item\":\"https:\\\/\\\/leregardlibre.com\\\/\"},{\"@type\":\"ListItem\",\"position\":2,\"name\":\"A Gen\u00e8ve, l\u2019alliance prometteuse entre Le Centre et les Vert\u2019lib\u00e9raux\"}]},{\"@type\":\"WebSite\",\"@id\":\"https:\\\/\\\/leregardlibre.com\\\/#website\",\"url\":\"https:\\\/\\\/leregardlibre.com\\\/\",\"name\":\"Le Regard Libre\",\"description\":\"Premier mensuel suisse de d\u00e9bat\",\"publisher\":{\"@id\":\"https:\\\/\\\/leregardlibre.com\\\/#organization\"},\"potentialAction\":[{\"@type\":\"SearchAction\",\"target\":{\"@type\":\"EntryPoint\",\"urlTemplate\":\"https:\\\/\\\/leregardlibre.com\\\/?s={search_term_string}\"},\"query-input\":{\"@type\":\"PropertyValueSpecification\",\"valueRequired\":true,\"valueName\":\"search_term_string\"}}],\"inLanguage\":\"en-US\"},{\"@type\":\"Organization\",\"@id\":\"https:\\\/\\\/leregardlibre.com\\\/#organization\",\"name\":\"Le Regard Libre\",\"url\":\"https:\\\/\\\/leregardlibre.com\\\/\",\"logo\":{\"@type\":\"ImageObject\",\"inLanguage\":\"en-US\",\"@id\":\"https:\\\/\\\/leregardlibre.com\\\/#\\\/schema\\\/logo\\\/image\\\/\",\"url\":\"https:\\\/\\\/leregardlibre.com\\\/wp-content\\\/uploads\\\/2025\\\/08\\\/logo-rl-icone-neg.jpeg\",\"contentUrl\":\"https:\\\/\\\/leregardlibre.com\\\/wp-content\\\/uploads\\\/2025\\\/08\\\/logo-rl-icone-neg.jpeg\",\"width\":557,\"height\":556,\"caption\":\"Le Regard Libre\"},\"image\":{\"@id\":\"https:\\\/\\\/leregardlibre.com\\\/#\\\/schema\\\/logo\\\/image\\\/\"},\"sameAs\":[\"https:\\\/\\\/www.facebook.com\\\/leregardlibre\\\/\",\"https:\\\/\\\/x.com\\\/LeRegardLibre\",\"https:\\\/\\\/www.linkedin.com\\\/company\\\/le-regard-libre\",\"https:\\\/\\\/www.instagram.com\\\/leregardlibre\\\/\",\"http:\\\/\\\/t.me\\\/leregardlibre\",\"https:\\\/\\\/youtube.com\\\/channel\\\/UC6HzGPomj1LsUmlz-sJtITQ\"],\"description\":\"Le Regard Libre est un mensuel suisse de d\u00e9bat intellectuel et culturel. Sa r\u00e9daction est jeune, b\u00e9n\u00e9vole, lib\u00e9rale et pluraliste. Le magazine para\u00eet en ligne et sous forme papier. Sa langue est le fran\u00e7ais.\",\"email\":\"redaction@leregardlibre.com\",\"legalName\":\"Le Regard Libre\",\"foundingDate\":\"2014-01-01\",\"numberOfEmployees\":{\"@type\":\"QuantitativeValue\",\"minValue\":\"11\",\"maxValue\":\"50\"},\"publishingPrinciples\":\"https:\\\/\\\/leregardlibre.com\\\/a-propos\\\/notre-manifeste\\\/\",\"ownershipFundingInfo\":\"https:\\\/\\\/leregardlibre.com\\\/mentions-legales\\\/\",\"actionableFeedbackPolicy\":\"https:\\\/\\\/leregardlibre.com\\\/conditions-generales-de-vente\\\/\"},{\"@type\":\"Person\",\"@id\":\"https:\\\/\\\/leregardlibre.com\\\/#\\\/schema\\\/person\\\/44629bb0ecb67ddea1fc4c5d4447095f\",\"name\":\"Pablo S\u00e1nchez\",\"image\":{\"@type\":\"ImageObject\",\"inLanguage\":\"en-US\",\"@id\":\"https:\\\/\\\/secure.gravatar.com\\\/avatar\\\/042ba7a969c76812b47949be3b376ebea3869c370353c327e7b19305a9698e65?s=96&d=identicon&r=g\",\"url\":\"https:\\\/\\\/secure.gravatar.com\\\/avatar\\\/042ba7a969c76812b47949be3b376ebea3869c370353c327e7b19305a9698e65?s=96&d=identicon&r=g\",\"contentUrl\":\"https:\\\/\\\/secure.gravatar.com\\\/avatar\\\/042ba7a969c76812b47949be3b376ebea3869c370353c327e7b19305a9698e65?s=96&d=identicon&r=g\",\"caption\":\"Pablo S\u00e1nchez\"},\"url\":\"https:\\\/\\\/leregardlibre.com\\\/en\\\/author\\\/pablo-sanchez\\\/\"}]}<\/script>\n<!-- \/ Yoast SEO Premium plugin. -->","yoast_head_json":{"title":"In Geneva, a promising alliance between Le Centre and the Vert'liberals","description":"The Centre turns to the Vert'liberals for the 2025 municipal elections in Geneva. This union could prove fertile.","robots":{"index":"index","follow":"follow","max-snippet":"max-snippet:-1","max-image-preview":"max-image-preview:large","max-video-preview":"max-video-preview:-1"},"canonical":"https:\/\/leregardlibre.com\/en\/policy\/switzerland\/geneva-green-center-liberal-alliance-analysis\/","og_locale":"en_US","og_type":"article","og_title":"A Gen\u00e8ve, l\u2019alliance prometteuse entre Le Centre et les Vert\u2019lib\u00e9raux","og_description":"Le Centre se tourne vers les Vert\u2019lib\u00e9raux pour les \u00e9lections municipales de 2025 en Ville de Gen\u00e8ve. Cette union pourrait s\u2019av\u00e9rer fertile.","og_url":"https:\/\/leregardlibre.com\/en\/policy\/switzerland\/geneva-green-center-liberal-alliance-analysis\/","og_site_name":"Le Regard Libre","article_publisher":"https:\/\/www.facebook.com\/leregardlibre\/","article_published_time":"2024-06-18T04:00:00+00:00","article_modified_time":"2025-12-13T21:42:59+00:00","og_image":[{"width":1024,"height":683,"url":"https:\/\/leregardlibre.com\/wp-content\/uploads\/2024\/06\/pour-les-elections-municipales-de-2025-en-ville-de-geneve-le-centre-et-les-vertliberaux-ont-scelle-un-pacte-ayant-pour-objectif-de-renforcer-le-bloc-centriste---pexels-1024x683.jpg","type":"image\/jpeg"}],"author":"Pablo S\u00e1nchez","twitter_card":"summary_large_image","twitter_creator":"@LeRegardLibre","twitter_site":"@LeRegardLibre","twitter_misc":{"Written by":"Pablo S\u00e1nchez","Est. reading time":"5 minutes"},"schema":{"@context":"https:\/\/schema.org","@graph":[{"@type":"Article","@id":"https:\/\/leregardlibre.com\/politique\/suisse\/geneve-le-centre-vert-liberaux-alliance-analyse\/#article","isPartOf":{"@id":"https:\/\/leregardlibre.com\/politique\/suisse\/geneve-le-centre-vert-liberaux-alliance-analyse\/"},"author":{"name":"Pablo S\u00e1nchez","@id":"https:\/\/leregardlibre.com\/#\/schema\/person\/44629bb0ecb67ddea1fc4c5d4447095f"},"headline":"A Gen\u00e8ve, l\u2019alliance prometteuse entre Le Centre et les Vert\u2019lib\u00e9raux","datePublished":"2024-06-18T04:00:00+00:00","dateModified":"2025-12-13T21:42:59+00:00","mainEntityOfPage":{"@id":"https:\/\/leregardlibre.com\/politique\/suisse\/geneve-le-centre-vert-liberaux-alliance-analyse\/"},"wordCount":933,"commentCount":0,"publisher":{"@id":"https:\/\/leregardlibre.com\/#organization"},"image":{"@id":"https:\/\/leregardlibre.com\/politique\/suisse\/geneve-le-centre-vert-liberaux-alliance-analyse\/#primaryimage"},"thumbnailUrl":"https:\/\/leregardlibre.com\/wp-content\/uploads\/2024\/06\/pour-les-elections-municipales-de-2025-en-ville-de-geneve-le-centre-et-les-vertliberaux-ont-scelle-un-pacte-ayant-pour-objectif-de-renforcer-le-bloc-centriste---pexels-e1718617841628.jpg","keywords":["Analyse","Centre","Gen\u00e8ve","Le Centre","Parti vert'lib\u00e9ral"],"articleSection":["Suisse"],"inLanguage":"en-US","potentialAction":[{"@type":"CommentAction","name":"Comment","target":["https:\/\/leregardlibre.com\/politique\/suisse\/geneve-le-centre-vert-liberaux-alliance-analyse\/#respond"]}]},{"@type":"WebPage","@id":"https:\/\/leregardlibre.com\/politique\/suisse\/geneve-le-centre-vert-liberaux-alliance-analyse\/","url":"https:\/\/leregardlibre.com\/politique\/suisse\/geneve-le-centre-vert-liberaux-alliance-analyse\/","name":"In Geneva, a promising alliance between Le Centre and the Vert'liberals","isPartOf":{"@id":"https:\/\/leregardlibre.com\/#website"},"primaryImageOfPage":{"@id":"https:\/\/leregardlibre.com\/politique\/suisse\/geneve-le-centre-vert-liberaux-alliance-analyse\/#primaryimage"},"image":{"@id":"https:\/\/leregardlibre.com\/politique\/suisse\/geneve-le-centre-vert-liberaux-alliance-analyse\/#primaryimage"},"thumbnailUrl":"https:\/\/leregardlibre.com\/wp-content\/uploads\/2024\/06\/pour-les-elections-municipales-de-2025-en-ville-de-geneve-le-centre-et-les-vertliberaux-ont-scelle-un-pacte-ayant-pour-objectif-de-renforcer-le-bloc-centriste---pexels-e1718617841628.jpg","datePublished":"2024-06-18T04:00:00+00:00","dateModified":"2025-12-13T21:42:59+00:00","description":"The Centre turns to the Vert'liberals for the 2025 municipal elections in Geneva. This union could prove fertile.","breadcrumb":{"@id":"https:\/\/leregardlibre.com\/politique\/suisse\/geneve-le-centre-vert-liberaux-alliance-analyse\/#breadcrumb"},"inLanguage":"en-US","potentialAction":[{"@type":"ReadAction","target":["https:\/\/leregardlibre.com\/politique\/suisse\/geneve-le-centre-vert-liberaux-alliance-analyse\/"]}]},{"@type":"ImageObject","inLanguage":"en-US","@id":"https:\/\/leregardlibre.com\/politique\/suisse\/geneve-le-centre-vert-liberaux-alliance-analyse\/#primaryimage","url":"https:\/\/leregardlibre.com\/wp-content\/uploads\/2024\/06\/pour-les-elections-municipales-de-2025-en-ville-de-geneve-le-centre-et-les-vertliberaux-ont-scelle-un-pacte-ayant-pour-objectif-de-renforcer-le-bloc-centriste---pexels-e1718617841628.jpg","contentUrl":"https:\/\/leregardlibre.com\/wp-content\/uploads\/2024\/06\/pour-les-elections-municipales-de-2025-en-ville-de-geneve-le-centre-et-les-vertliberaux-ont-scelle-un-pacte-ayant-pour-objectif-de-renforcer-le-bloc-centriste---pexels-e1718617841628.jpg","width":1920,"height":1280,"caption":"Pour les e\u0301lections municipales de 2025 en Ville de Gene\u0300ve, Le Centre et les Vert\u2019libe\u0301raux ont scelle\u0301 un pacte ayant pour objectif de renforcer le bloc centriste. \u00a9\u00a0Pexels"},{"@type":"BreadcrumbList","@id":"https:\/\/leregardlibre.com\/politique\/suisse\/geneve-le-centre-vert-liberaux-alliance-analyse\/#breadcrumb","itemListElement":[{"@type":"ListItem","position":1,"name":"Accueil","item":"https:\/\/leregardlibre.com\/"},{"@type":"ListItem","position":2,"name":"A Gen\u00e8ve, l\u2019alliance prometteuse entre Le Centre et les Vert\u2019lib\u00e9raux"}]},{"@type":"WebSite","@id":"https:\/\/leregardlibre.com\/#website","url":"https:\/\/leregardlibre.com\/","name":"Le Regard Libre","description":"Switzerland's first monthly debate magazine","publisher":{"@id":"https:\/\/leregardlibre.com\/#organization"},"potentialAction":[{"@type":"SearchAction","target":{"@type":"EntryPoint","urlTemplate":"https:\/\/leregardlibre.com\/?s={search_term_string}"},"query-input":{"@type":"PropertyValueSpecification","valueRequired":true,"valueName":"search_term_string"}}],"inLanguage":"en-US"},{"@type":"Organization","@id":"https:\/\/leregardlibre.com\/#organization","name":"Le Regard Libre","url":"https:\/\/leregardlibre.com\/","logo":{"@type":"ImageObject","inLanguage":"en-US","@id":"https:\/\/leregardlibre.com\/#\/schema\/logo\/image\/","url":"https:\/\/leregardlibre.com\/wp-content\/uploads\/2025\/08\/logo-rl-icone-neg.jpeg","contentUrl":"https:\/\/leregardlibre.com\/wp-content\/uploads\/2025\/08\/logo-rl-icone-neg.jpeg","width":557,"height":556,"caption":"Le Regard Libre"},"image":{"@id":"https:\/\/leregardlibre.com\/#\/schema\/logo\/image\/"},"sameAs":["https:\/\/www.facebook.com\/leregardlibre\/","https:\/\/x.com\/LeRegardLibre","https:\/\/www.linkedin.com\/company\/le-regard-libre","https:\/\/www.instagram.com\/leregardlibre\/","http:\/\/t.me\/leregardlibre","https:\/\/youtube.com\/channel\/UC6HzGPomj1LsUmlz-sJtITQ"],"description":"Le Regard Libre is a Swiss monthly magazine for intellectual and cultural debate. Its editorial team is young, voluntary, liberal and pluralist. The magazine appears online and in print. Its language is French.","email":"redaction@leregardlibre.com","legalName":"Le Regard Libre","foundingDate":"2014-01-01","numberOfEmployees":{"@type":"QuantitativeValue","minValue":"11","maxValue":"50"},"publishingPrinciples":"https:\/\/leregardlibre.com\/a-propos\/notre-manifeste\/","ownershipFundingInfo":"https:\/\/leregardlibre.com\/mentions-legales\/","actionableFeedbackPolicy":"https:\/\/leregardlibre.com\/conditions-generales-de-vente\/"},{"@type":"Person","@id":"https:\/\/leregardlibre.com\/#\/schema\/person\/44629bb0ecb67ddea1fc4c5d4447095f","name":"Pablo S\u00e1nchez","image":{"@type":"ImageObject","inLanguage":"en-US","@id":"https:\/\/secure.gravatar.com\/avatar\/042ba7a969c76812b47949be3b376ebea3869c370353c327e7b19305a9698e65?s=96&d=identicon&r=g","url":"https:\/\/secure.gravatar.com\/avatar\/042ba7a969c76812b47949be3b376ebea3869c370353c327e7b19305a9698e65?s=96&d=identicon&r=g","contentUrl":"https:\/\/secure.gravatar.com\/avatar\/042ba7a969c76812b47949be3b376ebea3869c370353c327e7b19305a9698e65?s=96&d=identicon&r=g","caption":"Pablo S\u00e1nchez"},"url":"https:\/\/leregardlibre.com\/en\/author\/pablo-sanchez\/"}]}},"_links":{"self":[{"href":"https:\/\/leregardlibre.com\/en\/wp-json\/wp\/v2\/posts\/523914","targetHints":{"allow":["GET"]}}],"collection":[{"href":"https:\/\/leregardlibre.com\/en\/wp-json\/wp\/v2\/posts"}],"about":[{"href":"https:\/\/leregardlibre.com\/en\/wp-json\/wp\/v2\/types\/post"}],"author":[{"embeddable":true,"href":"https:\/\/leregardlibre.com\/en\/wp-json\/wp\/v2\/users\/735"}],"replies":[{"embeddable":true,"href":"https:\/\/leregardlibre.com\/en\/wp-json\/wp\/v2\/comments?post=523914"}],"version-history":[{"count":2,"href":"https:\/\/leregardlibre.com\/en\/wp-json\/wp\/v2\/posts\/523914\/revisions"}],"predecessor-version":[{"id":523920,"href":"https:\/\/leregardlibre.com\/en\/wp-json\/wp\/v2\/posts\/523914\/revisions\/523920"}],"wp:featuredmedia":[{"embeddable":true,"href":"https:\/\/leregardlibre.com\/en\/wp-json\/wp\/v2\/media\/523917"}],"wp:attachment":[{"href":"https:\/\/leregardlibre.com\/en\/wp-json\/wp\/v2\/media?parent=523914"}],"wp:term":[{"taxonomy":"category","embeddable":true,"href":"https:\/\/leregardlibre.com\/en\/wp-json\/wp\/v2\/categories?post=523914"},{"taxonomy":"post_tag","embeddable":true,"href":"https:\/\/leregardlibre.com\/en\/wp-json\/wp\/v2\/tags?post=523914"}],"curies":[{"name":"wp","href":"https:\/\/api.w.org\/{rel}","templated":true}]}}