{"id":525453,"date":"2024-11-04T06:00:00","date_gmt":"2024-11-04T05:00:00","guid":{"rendered":"https:\/\/leregardlibre.com\/?p=525453"},"modified":"2024-11-10T09:58:18","modified_gmt":"2024-11-10T08:58:18","slug":"liberalisme-actualite","status":"publish","type":"post","link":"https:\/\/leregardlibre.com\/en\/philosophy\/liberalisme-actualite\/","title":{"rendered":"Tocqueville, de Sta\u00ebl, Hayek... Current liberal thinking"},"content":{"rendered":"<p class=\"has-drop-cap\"><strong><em>Le Regard Libre<\/em> This week, Regard Libre publishes a special report on the current state of liberalism, looking at the thinking of the great authors who have left their mark on this philosophical, political and economic movement.<\/strong><\/p>\n\n\n\n<!--more-->\n\n\n\n<p>A philosophical and economic doctrine, liberalism is at the heart of modern political history. We like to claim it, or criticize it, depending on the school of thought or party to which we belong, but it's hard not to take a stand on it. And yet, the discussion often turns out to be a confusing one. Do we even know what liberalism is? What are we talking about?<\/p>\n\n\n\n<h6 class=\"wp-block-heading\" id=\"h-a-lire-aussi-l-individualisme-contre-la-liberte-relisons-tocqueville\">Read also | <a href=\"https:\/\/leregardlibre.com\/en\/policy\/individualism-versus-liberty-lets-reread-tocqueville\/\">Individualism versus freedom: rereading Tocqueville<\/a><\/h6>\n\n\n\n<p>In this month's dossier, <em>Le Regard Libre<\/em> attempts to clarify the issue and make its contribution to a crucial debate, drawing on the thinking of important authors who have left their mark: the Franco-Swiss author Germaine de Sta\u00ebl (1766-1817), the French historian Alexis de Tocqueville (1805-1859), the Austro-British philosopher Friedrich Hayek (1899-1992) and the American economist Milton Friedman (1912-2006).<\/p>\n\n\n\n<h6 class=\"wp-block-heading\" id=\"h-pre-commandez-notre-edition-papier-qui-vous-sera-livree-cette-fin-de-semaine-ou-acquerez-des-maintenant-la-version-numerique-le-regard-libre-n-111\">Pre-order our paper edition, which will be delivered this weekend, or buy the digital version now: <a href=\"https:\/\/leregardlibre.com\/en\/cpt-editions\/le-regard-libre-n111-dossier-liberalisme\/\"><em>Le Regard Libre<\/em> N\u00b0111<\/a><\/h6>\n\n\n\n<figure class=\"wp-block-image size-large\"><a href=\"https:\/\/leregardlibre.com\/en\/cpt-editions\/le-regard-libre-n111-dossier-liberalisme\/\"><img fetchpriority=\"high\" decoding=\"async\" width=\"724\" height=\"1024\" src=\"https:\/\/leregardlibre.com\/wp-content\/uploads\/2024\/11\/une-le-regard-libre-n111-724x1024.jpg\" alt=\"\" class=\"wp-image-525459\"\/><\/a><\/figure>","protected":false},"excerpt":{"rendered":"<p>This week, Regard Libre publishes a special report on the current state of liberalism, looking at the thinking of the great authors who have left their mark on this philosophical, political and economic movement.<\/p>","protected":false},"author":1,"featured_media":525457,"comment_status":"open","ping_status":"closed","sticky":false,"template":"","format":"standard","meta":{"_acf_changed":false,"footnotes":""},"categories":[11566],"tags":[644357316,644357224,644358420,644358388,644356155,33225,644357645],"class_list":["post-525453","post","type-post","status-publish","format-standard","has-post-thumbnail","hentry","category-philosophie","tag-adam-smith","tag-tocqueville","tag-dossier-liberalisme","tag-friedrich-hayek","tag-germaine-de-stael","tag-liberalisme","tag-sommaire"],"acf":[],"yoast_head":"<!-- This site is optimized with the Yoast SEO Premium plugin v27.4 (Yoast SEO v27.4) - https:\/\/yoast.com\/product\/yoast-seo-premium-wordpress\/ -->\n<title>Tocqueville, de Sta\u00ebl, Hayek... Actualit\u00e9 de la pens\u00e9e lib\u00e9rale<\/title>\n<meta name=\"description\" content=\"Le Regard Libre publie un dossier sur l&#039;actualit\u00e9 du lib\u00e9ralisme, en se penchant sur les id\u00e9es de grands auteurs qui ont marqu\u00e9 ce courant.\" \/>\n<meta name=\"robots\" content=\"index, follow, max-snippet:-1, max-image-preview:large, max-video-preview:-1\" \/>\n<link rel=\"canonical\" href=\"https:\/\/leregardlibre.com\/en\/philosophy\/liberalisme-actualite\/\" \/>\n<meta property=\"og:locale\" content=\"en_US\" \/>\n<meta property=\"og:type\" content=\"article\" \/>\n<meta property=\"og:title\" content=\"Tocqueville, de Sta\u00ebl, Hayek... Actualit\u00e9 de la pens\u00e9e lib\u00e9rale\" \/>\n<meta property=\"og:description\" content=\"Le Regard Libre publie un dossier sur l&#039;actualit\u00e9 du lib\u00e9ralisme, en se penchant sur les id\u00e9es de grands auteurs qui ont marqu\u00e9 ce courant.\" \/>\n<meta property=\"og:url\" content=\"https:\/\/leregardlibre.com\/en\/philosophy\/liberalisme-actualite\/\" \/>\n<meta property=\"og:site_name\" content=\"Le Regard Libre\" \/>\n<meta property=\"article:publisher\" content=\"https:\/\/www.facebook.com\/leregardlibre\/\" \/>\n<meta property=\"article:published_time\" content=\"2024-11-04T05:00:00+00:00\" \/>\n<meta property=\"article:modified_time\" content=\"2024-11-10T08:58:18+00:00\" \/>\n<meta property=\"og:image\" content=\"https:\/\/leregardlibre.com\/wp-content\/uploads\/2024\/11\/alexis-de-tocqueville-vnb-e1730658316284-1024x795.jpeg\" \/>\n\t<meta property=\"og:image:width\" content=\"1024\" \/>\n\t<meta property=\"og:image:height\" content=\"795\" \/>\n\t<meta property=\"og:image:type\" content=\"image\/jpeg\" \/>\n<meta name=\"author\" content=\"Le Regard Libre\" \/>\n<meta name=\"twitter:card\" content=\"summary_large_image\" \/>\n<meta name=\"twitter:creator\" content=\"@LeRegardLibre\" \/>\n<meta name=\"twitter:site\" content=\"@LeRegardLibre\" \/>\n<meta name=\"twitter:label1\" content=\"Written by\" \/>\n\t<meta name=\"twitter:data1\" content=\"Le Regard Libre\" \/>\n\t<meta name=\"twitter:label2\" content=\"Est. reading time\" \/>\n\t<meta name=\"twitter:data2\" content=\"2 minutes\" \/>\n<script type=\"application\/ld+json\" class=\"yoast-schema-graph\">{\"@context\":\"https:\\\/\\\/schema.org\",\"@graph\":[{\"@type\":\"Article\",\"@id\":\"https:\\\/\\\/leregardlibre.com\\\/philosophie\\\/liberalisme-actualite\\\/#article\",\"isPartOf\":{\"@id\":\"https:\\\/\\\/leregardlibre.com\\\/philosophie\\\/liberalisme-actualite\\\/\"},\"author\":{\"name\":\"Le Regard Libre\",\"@id\":\"https:\\\/\\\/leregardlibre.com\\\/#\\\/schema\\\/person\\\/68aceea2de84966d0928b49556d54101\"},\"headline\":\"Tocqueville, de Sta\u00ebl, Hayek&#8230; Actualit\u00e9 de la pens\u00e9e lib\u00e9rale\",\"datePublished\":\"2024-11-04T05:00:00+00:00\",\"dateModified\":\"2024-11-10T08:58:18+00:00\",\"mainEntityOfPage\":{\"@id\":\"https:\\\/\\\/leregardlibre.com\\\/philosophie\\\/liberalisme-actualite\\\/\"},\"wordCount\":223,\"commentCount\":0,\"publisher\":{\"@id\":\"https:\\\/\\\/leregardlibre.com\\\/#organization\"},\"image\":{\"@id\":\"https:\\\/\\\/leregardlibre.com\\\/philosophie\\\/liberalisme-actualite\\\/#primaryimage\"},\"thumbnailUrl\":\"https:\\\/\\\/leregardlibre.com\\\/wp-content\\\/uploads\\\/2024\\\/11\\\/alexis-de-tocqueville-vnb-e1730658347609.jpeg\",\"keywords\":[\"Adam Smith\",\"Alexis de Tocqueville\",\"Dossier LIB\u00c9RALISME\",\"Friedrich Hayek\",\"Germaine de Sta\u00ebl\",\"Lib\u00e9ralisme\",\"Sommaire\"],\"articleSection\":[\"Philosophie\"],\"inLanguage\":\"en-US\",\"potentialAction\":[{\"@type\":\"CommentAction\",\"name\":\"Comment\",\"target\":[\"https:\\\/\\\/leregardlibre.com\\\/philosophie\\\/liberalisme-actualite\\\/#respond\"]}]},{\"@type\":\"WebPage\",\"@id\":\"https:\\\/\\\/leregardlibre.com\\\/philosophie\\\/liberalisme-actualite\\\/\",\"url\":\"https:\\\/\\\/leregardlibre.com\\\/philosophie\\\/liberalisme-actualite\\\/\",\"name\":\"Tocqueville, de Sta\u00ebl, Hayek... Actualit\u00e9 de la pens\u00e9e lib\u00e9rale\",\"isPartOf\":{\"@id\":\"https:\\\/\\\/leregardlibre.com\\\/#website\"},\"primaryImageOfPage\":{\"@id\":\"https:\\\/\\\/leregardlibre.com\\\/philosophie\\\/liberalisme-actualite\\\/#primaryimage\"},\"image\":{\"@id\":\"https:\\\/\\\/leregardlibre.com\\\/philosophie\\\/liberalisme-actualite\\\/#primaryimage\"},\"thumbnailUrl\":\"https:\\\/\\\/leregardlibre.com\\\/wp-content\\\/uploads\\\/2024\\\/11\\\/alexis-de-tocqueville-vnb-e1730658347609.jpeg\",\"datePublished\":\"2024-11-04T05:00:00+00:00\",\"dateModified\":\"2024-11-10T08:58:18+00:00\",\"description\":\"Le Regard Libre publie un dossier sur l'actualit\u00e9 du lib\u00e9ralisme, en se penchant sur les id\u00e9es de grands auteurs qui ont marqu\u00e9 ce courant.\",\"breadcrumb\":{\"@id\":\"https:\\\/\\\/leregardlibre.com\\\/philosophie\\\/liberalisme-actualite\\\/#breadcrumb\"},\"inLanguage\":\"en-US\",\"potentialAction\":[{\"@type\":\"ReadAction\",\"target\":[\"https:\\\/\\\/leregardlibre.com\\\/philosophie\\\/liberalisme-actualite\\\/\"]}]},{\"@type\":\"ImageObject\",\"inLanguage\":\"en-US\",\"@id\":\"https:\\\/\\\/leregardlibre.com\\\/philosophie\\\/liberalisme-actualite\\\/#primaryimage\",\"url\":\"https:\\\/\\\/leregardlibre.com\\\/wp-content\\\/uploads\\\/2024\\\/11\\\/alexis-de-tocqueville-vnb-e1730658347609.jpeg\",\"contentUrl\":\"https:\\\/\\\/leregardlibre.com\\\/wp-content\\\/uploads\\\/2024\\\/11\\\/alexis-de-tocqueville-vnb-e1730658347609.jpeg\",\"width\":1920,\"height\":1491,\"caption\":\"Portrait dessin\u00e9 d\u2019Alexis de\u00a0Tocqueville, grand penseur lib\u00e9ral empiriste fran\u00e7ais du XIXe\u00a0si\u00e8cle. Photo: CC\"},{\"@type\":\"BreadcrumbList\",\"@id\":\"https:\\\/\\\/leregardlibre.com\\\/philosophie\\\/liberalisme-actualite\\\/#breadcrumb\",\"itemListElement\":[{\"@type\":\"ListItem\",\"position\":1,\"name\":\"Accueil\",\"item\":\"https:\\\/\\\/leregardlibre.com\\\/\"},{\"@type\":\"ListItem\",\"position\":2,\"name\":\"Tocqueville, de Sta\u00ebl, Hayek&#8230; Actualit\u00e9 de la pens\u00e9e lib\u00e9rale\"}]},{\"@type\":\"WebSite\",\"@id\":\"https:\\\/\\\/leregardlibre.com\\\/#website\",\"url\":\"https:\\\/\\\/leregardlibre.com\\\/\",\"name\":\"Le Regard Libre\",\"description\":\"Premier mensuel suisse de d\u00e9bat\",\"publisher\":{\"@id\":\"https:\\\/\\\/leregardlibre.com\\\/#organization\"},\"potentialAction\":[{\"@type\":\"SearchAction\",\"target\":{\"@type\":\"EntryPoint\",\"urlTemplate\":\"https:\\\/\\\/leregardlibre.com\\\/?s={search_term_string}\"},\"query-input\":{\"@type\":\"PropertyValueSpecification\",\"valueRequired\":true,\"valueName\":\"search_term_string\"}}],\"inLanguage\":\"en-US\"},{\"@type\":\"Organization\",\"@id\":\"https:\\\/\\\/leregardlibre.com\\\/#organization\",\"name\":\"Le Regard Libre\",\"url\":\"https:\\\/\\\/leregardlibre.com\\\/\",\"logo\":{\"@type\":\"ImageObject\",\"inLanguage\":\"en-US\",\"@id\":\"https:\\\/\\\/leregardlibre.com\\\/#\\\/schema\\\/logo\\\/image\\\/\",\"url\":\"https:\\\/\\\/leregardlibre.com\\\/wp-content\\\/uploads\\\/2025\\\/08\\\/logo-rl-icone-neg.jpeg\",\"contentUrl\":\"https:\\\/\\\/leregardlibre.com\\\/wp-content\\\/uploads\\\/2025\\\/08\\\/logo-rl-icone-neg.jpeg\",\"width\":557,\"height\":556,\"caption\":\"Le Regard Libre\"},\"image\":{\"@id\":\"https:\\\/\\\/leregardlibre.com\\\/#\\\/schema\\\/logo\\\/image\\\/\"},\"sameAs\":[\"https:\\\/\\\/www.facebook.com\\\/leregardlibre\\\/\",\"https:\\\/\\\/x.com\\\/LeRegardLibre\",\"https:\\\/\\\/www.linkedin.com\\\/company\\\/le-regard-libre\",\"https:\\\/\\\/www.instagram.com\\\/leregardlibre\\\/\",\"http:\\\/\\\/t.me\\\/leregardlibre\",\"https:\\\/\\\/youtube.com\\\/channel\\\/UC6HzGPomj1LsUmlz-sJtITQ\"],\"description\":\"Le Regard Libre est un mensuel suisse de d\u00e9bat intellectuel et culturel. Sa r\u00e9daction est jeune, b\u00e9n\u00e9vole, lib\u00e9rale et pluraliste. Le magazine para\u00eet en ligne et sous forme papier. Sa langue est le fran\u00e7ais.\",\"email\":\"redaction@leregardlibre.com\",\"legalName\":\"Le Regard Libre\",\"foundingDate\":\"2014-01-01\",\"numberOfEmployees\":{\"@type\":\"QuantitativeValue\",\"minValue\":\"11\",\"maxValue\":\"50\"},\"publishingPrinciples\":\"https:\\\/\\\/leregardlibre.com\\\/a-propos\\\/notre-manifeste\\\/\",\"ownershipFundingInfo\":\"https:\\\/\\\/leregardlibre.com\\\/mentions-legales\\\/\",\"actionableFeedbackPolicy\":\"https:\\\/\\\/leregardlibre.com\\\/conditions-generales-de-vente\\\/\"},{\"@type\":\"Person\",\"@id\":\"https:\\\/\\\/leregardlibre.com\\\/#\\\/schema\\\/person\\\/68aceea2de84966d0928b49556d54101\",\"name\":\"Le Regard Libre\",\"image\":{\"@type\":\"ImageObject\",\"inLanguage\":\"en-US\",\"@id\":\"https:\\\/\\\/secure.gravatar.com\\\/avatar\\\/ccf13a262e399e026577c8158b11cbdef98921ac28fa06bc0d43a2d0e2a4a1c0?s=96&d=identicon&r=g\",\"url\":\"https:\\\/\\\/secure.gravatar.com\\\/avatar\\\/ccf13a262e399e026577c8158b11cbdef98921ac28fa06bc0d43a2d0e2a4a1c0?s=96&d=identicon&r=g\",\"contentUrl\":\"https:\\\/\\\/secure.gravatar.com\\\/avatar\\\/ccf13a262e399e026577c8158b11cbdef98921ac28fa06bc0d43a2d0e2a4a1c0?s=96&d=identicon&r=g\",\"caption\":\"Le Regard Libre\"},\"description\":\"Premier mensuel suisse de d\u00e9bat\",\"sameAs\":[\"https:\\\/\\\/fr.wikipedia.org\\\/wiki\\\/Le_Regard_libre\"],\"url\":\"https:\\\/\\\/leregardlibre.com\\\/en\\\/author\\\/leregardlibre\\\/\"}]}<\/script>\n<!-- \/ Yoast SEO Premium plugin. -->","yoast_head_json":{"title":"Tocqueville, de Sta\u00ebl, Hayek... Current liberal thinking","description":"Regard Libre publishes a dossier on the current state of liberalism, looking at the ideas of the great authors who have left their mark on this movement.","robots":{"index":"index","follow":"follow","max-snippet":"max-snippet:-1","max-image-preview":"max-image-preview:large","max-video-preview":"max-video-preview:-1"},"canonical":"https:\/\/leregardlibre.com\/en\/philosophy\/liberalisme-actualite\/","og_locale":"en_US","og_type":"article","og_title":"Tocqueville, de Sta\u00ebl, Hayek... Actualit\u00e9 de la pens\u00e9e lib\u00e9rale","og_description":"Le Regard Libre publie un dossier sur l'actualit\u00e9 du lib\u00e9ralisme, en se penchant sur les id\u00e9es de grands auteurs qui ont marqu\u00e9 ce courant.","og_url":"https:\/\/leregardlibre.com\/en\/philosophy\/liberalisme-actualite\/","og_site_name":"Le Regard Libre","article_publisher":"https:\/\/www.facebook.com\/leregardlibre\/","article_published_time":"2024-11-04T05:00:00+00:00","article_modified_time":"2024-11-10T08:58:18+00:00","og_image":[{"width":1024,"height":795,"url":"https:\/\/leregardlibre.com\/wp-content\/uploads\/2024\/11\/alexis-de-tocqueville-vnb-e1730658316284-1024x795.jpeg","type":"image\/jpeg"}],"author":"Le Regard Libre","twitter_card":"summary_large_image","twitter_creator":"@LeRegardLibre","twitter_site":"@LeRegardLibre","twitter_misc":{"Written by":"Le Regard Libre","Est. reading time":"2 minutes"},"schema":{"@context":"https:\/\/schema.org","@graph":[{"@type":"Article","@id":"https:\/\/leregardlibre.com\/philosophie\/liberalisme-actualite\/#article","isPartOf":{"@id":"https:\/\/leregardlibre.com\/philosophie\/liberalisme-actualite\/"},"author":{"name":"Le Regard Libre","@id":"https:\/\/leregardlibre.com\/#\/schema\/person\/68aceea2de84966d0928b49556d54101"},"headline":"Tocqueville, de Sta\u00ebl, Hayek&#8230; Actualit\u00e9 de la pens\u00e9e lib\u00e9rale","datePublished":"2024-11-04T05:00:00+00:00","dateModified":"2024-11-10T08:58:18+00:00","mainEntityOfPage":{"@id":"https:\/\/leregardlibre.com\/philosophie\/liberalisme-actualite\/"},"wordCount":223,"commentCount":0,"publisher":{"@id":"https:\/\/leregardlibre.com\/#organization"},"image":{"@id":"https:\/\/leregardlibre.com\/philosophie\/liberalisme-actualite\/#primaryimage"},"thumbnailUrl":"https:\/\/leregardlibre.com\/wp-content\/uploads\/2024\/11\/alexis-de-tocqueville-vnb-e1730658347609.jpeg","keywords":["Adam Smith","Alexis de Tocqueville","Dossier LIB\u00c9RALISME","Friedrich Hayek","Germaine de Sta\u00ebl","Lib\u00e9ralisme","Sommaire"],"articleSection":["Philosophie"],"inLanguage":"en-US","potentialAction":[{"@type":"CommentAction","name":"Comment","target":["https:\/\/leregardlibre.com\/philosophie\/liberalisme-actualite\/#respond"]}]},{"@type":"WebPage","@id":"https:\/\/leregardlibre.com\/philosophie\/liberalisme-actualite\/","url":"https:\/\/leregardlibre.com\/philosophie\/liberalisme-actualite\/","name":"Tocqueville, de Sta\u00ebl, Hayek... Current liberal thinking","isPartOf":{"@id":"https:\/\/leregardlibre.com\/#website"},"primaryImageOfPage":{"@id":"https:\/\/leregardlibre.com\/philosophie\/liberalisme-actualite\/#primaryimage"},"image":{"@id":"https:\/\/leregardlibre.com\/philosophie\/liberalisme-actualite\/#primaryimage"},"thumbnailUrl":"https:\/\/leregardlibre.com\/wp-content\/uploads\/2024\/11\/alexis-de-tocqueville-vnb-e1730658347609.jpeg","datePublished":"2024-11-04T05:00:00+00:00","dateModified":"2024-11-10T08:58:18+00:00","description":"Regard Libre publishes a dossier on the current state of liberalism, looking at the ideas of the great authors who have left their mark on this movement.","breadcrumb":{"@id":"https:\/\/leregardlibre.com\/philosophie\/liberalisme-actualite\/#breadcrumb"},"inLanguage":"en-US","potentialAction":[{"@type":"ReadAction","target":["https:\/\/leregardlibre.com\/philosophie\/liberalisme-actualite\/"]}]},{"@type":"ImageObject","inLanguage":"en-US","@id":"https:\/\/leregardlibre.com\/philosophie\/liberalisme-actualite\/#primaryimage","url":"https:\/\/leregardlibre.com\/wp-content\/uploads\/2024\/11\/alexis-de-tocqueville-vnb-e1730658347609.jpeg","contentUrl":"https:\/\/leregardlibre.com\/wp-content\/uploads\/2024\/11\/alexis-de-tocqueville-vnb-e1730658347609.jpeg","width":1920,"height":1491,"caption":"Portrait dessin\u00e9 d\u2019Alexis de\u00a0Tocqueville, grand penseur lib\u00e9ral empiriste fran\u00e7ais du XIXe\u00a0si\u00e8cle. Photo: CC"},{"@type":"BreadcrumbList","@id":"https:\/\/leregardlibre.com\/philosophie\/liberalisme-actualite\/#breadcrumb","itemListElement":[{"@type":"ListItem","position":1,"name":"Accueil","item":"https:\/\/leregardlibre.com\/"},{"@type":"ListItem","position":2,"name":"Tocqueville, de Sta\u00ebl, Hayek&#8230; Actualit\u00e9 de la pens\u00e9e lib\u00e9rale"}]},{"@type":"WebSite","@id":"https:\/\/leregardlibre.com\/#website","url":"https:\/\/leregardlibre.com\/","name":"Le Regard Libre","description":"Switzerland's first monthly debate magazine","publisher":{"@id":"https:\/\/leregardlibre.com\/#organization"},"potentialAction":[{"@type":"SearchAction","target":{"@type":"EntryPoint","urlTemplate":"https:\/\/leregardlibre.com\/?s={search_term_string}"},"query-input":{"@type":"PropertyValueSpecification","valueRequired":true,"valueName":"search_term_string"}}],"inLanguage":"en-US"},{"@type":"Organization","@id":"https:\/\/leregardlibre.com\/#organization","name":"Le Regard Libre","url":"https:\/\/leregardlibre.com\/","logo":{"@type":"ImageObject","inLanguage":"en-US","@id":"https:\/\/leregardlibre.com\/#\/schema\/logo\/image\/","url":"https:\/\/leregardlibre.com\/wp-content\/uploads\/2025\/08\/logo-rl-icone-neg.jpeg","contentUrl":"https:\/\/leregardlibre.com\/wp-content\/uploads\/2025\/08\/logo-rl-icone-neg.jpeg","width":557,"height":556,"caption":"Le Regard Libre"},"image":{"@id":"https:\/\/leregardlibre.com\/#\/schema\/logo\/image\/"},"sameAs":["https:\/\/www.facebook.com\/leregardlibre\/","https:\/\/x.com\/LeRegardLibre","https:\/\/www.linkedin.com\/company\/le-regard-libre","https:\/\/www.instagram.com\/leregardlibre\/","http:\/\/t.me\/leregardlibre","https:\/\/youtube.com\/channel\/UC6HzGPomj1LsUmlz-sJtITQ"],"description":"Le Regard Libre is a Swiss monthly magazine for intellectual and cultural debate. Its editorial team is young, voluntary, liberal and pluralist. The magazine appears online and in print. Its language is French.","email":"redaction@leregardlibre.com","legalName":"Le Regard Libre","foundingDate":"2014-01-01","numberOfEmployees":{"@type":"QuantitativeValue","minValue":"11","maxValue":"50"},"publishingPrinciples":"https:\/\/leregardlibre.com\/a-propos\/notre-manifeste\/","ownershipFundingInfo":"https:\/\/leregardlibre.com\/mentions-legales\/","actionableFeedbackPolicy":"https:\/\/leregardlibre.com\/conditions-generales-de-vente\/"},{"@type":"Person","@id":"https:\/\/leregardlibre.com\/#\/schema\/person\/68aceea2de84966d0928b49556d54101","name":"Le Regard Libre","image":{"@type":"ImageObject","inLanguage":"en-US","@id":"https:\/\/secure.gravatar.com\/avatar\/ccf13a262e399e026577c8158b11cbdef98921ac28fa06bc0d43a2d0e2a4a1c0?s=96&d=identicon&r=g","url":"https:\/\/secure.gravatar.com\/avatar\/ccf13a262e399e026577c8158b11cbdef98921ac28fa06bc0d43a2d0e2a4a1c0?s=96&d=identicon&r=g","contentUrl":"https:\/\/secure.gravatar.com\/avatar\/ccf13a262e399e026577c8158b11cbdef98921ac28fa06bc0d43a2d0e2a4a1c0?s=96&d=identicon&r=g","caption":"Le Regard Libre"},"description":"Switzerland's first monthly debate magazine","sameAs":["https:\/\/fr.wikipedia.org\/wiki\/Le_Regard_libre"],"url":"https:\/\/leregardlibre.com\/en\/author\/leregardlibre\/"}]}},"_links":{"self":[{"href":"https:\/\/leregardlibre.com\/en\/wp-json\/wp\/v2\/posts\/525453","targetHints":{"allow":["GET"]}}],"collection":[{"href":"https:\/\/leregardlibre.com\/en\/wp-json\/wp\/v2\/posts"}],"about":[{"href":"https:\/\/leregardlibre.com\/en\/wp-json\/wp\/v2\/types\/post"}],"author":[{"embeddable":true,"href":"https:\/\/leregardlibre.com\/en\/wp-json\/wp\/v2\/users\/1"}],"replies":[{"embeddable":true,"href":"https:\/\/leregardlibre.com\/en\/wp-json\/wp\/v2\/comments?post=525453"}],"version-history":[{"count":2,"href":"https:\/\/leregardlibre.com\/en\/wp-json\/wp\/v2\/posts\/525453\/revisions"}],"predecessor-version":[{"id":525480,"href":"https:\/\/leregardlibre.com\/en\/wp-json\/wp\/v2\/posts\/525453\/revisions\/525480"}],"wp:featuredmedia":[{"embeddable":true,"href":"https:\/\/leregardlibre.com\/en\/wp-json\/wp\/v2\/media\/525457"}],"wp:attachment":[{"href":"https:\/\/leregardlibre.com\/en\/wp-json\/wp\/v2\/media?parent=525453"}],"wp:term":[{"taxonomy":"category","embeddable":true,"href":"https:\/\/leregardlibre.com\/en\/wp-json\/wp\/v2\/categories?post=525453"},{"taxonomy":"post_tag","embeddable":true,"href":"https:\/\/leregardlibre.com\/en\/wp-json\/wp\/v2\/tags?post=525453"}],"curies":[{"name":"wp","href":"https:\/\/api.w.org\/{rel}","templated":true}]}}