{"id":526476,"date":"2025-01-26T09:56:59","date_gmt":"2025-01-26T08:56:59","guid":{"rendered":"https:\/\/leregardlibre.com\/?p=526476"},"modified":"2025-01-26T09:59:18","modified_gmt":"2025-01-26T08:59:18","slug":"trump-milei-right-europe","status":"publish","type":"post","link":"https:\/\/leregardlibre.com\/en\/policy\/trump-milei-right-europe\/","title":{"rendered":"The sirens of populist caricature"},"content":{"rendered":"<p class=\"has-drop-cap\"><strong>The victories of Trump and Milei place the European right at an ideological crossroads. Precisely in order to avoid falling behind, especially economically, the Old Continent urgently needs to draw on its own intellectual heritage.<\/strong><\/p>\n\n\n\n<!--more-->\n\n\n\n<p>Europe has a habit of importing American trends, for better or for worse. These influences are particularly obvious in ideological terms. First, we imported the left-wing identitarian fads from campuses across the Atlantic, which quickly infused our institutions and businesses. Today, however, the opposite is happening under the influence of Trumpism. Major American corporations, once champions of diversity and inclusion<a href=\"https:\/\/www.wsj.com\/politics\/trump-transition-lobbying-company-image-ffd42d2e?mod=hp_lead_pos1\">, are now taking over the media spaces dominated by the so-called \u00abhard\u00bb right.\u00bb<\/a> and disavow the progressive policies they so recently praised.<\/p>\n\n\n\n<p>This paradigm shift remains all the more powerful because American tech pundits are generously feeding it. X's boss, Elon Musk, seems to have made it his mission to intervene in the European political debate by leading a crusade against the \u2019Woke and globalist agenda\u00ab. At the same time, the slogan \u00bbMake Europe Great Again\u00ab or <a href=\"https:\/\/www.lefigaro.fr\/vox\/politique\/afuera-ces-liberaux-qui-revent-d-importer-les-recettes-de-javier-milei-en-france-20241009\">the growing popularity of the slogan \u00abAfuera!\u00bb<\/a> (literally: \u00about!\u00bb, to refer to public posts to be cut) by Argentine President Javier Milei reveal the permeability of populist rhetoric from across the Atlantic.<\/p>\n\n\n\n<h6 class=\"wp-block-heading\" id=\"h-a-lire-aussi-l-extreme-droite-un-concept-galvaude\">Read also | <a href=\"https:\/\/leregardlibre.com\/en\/policy\/the-extreme-right-an-overused-concept\/\" target=\"_blank\" rel=\"noreferrer noopener\">The extreme right, an overused concept<\/a><\/h6>\n\n\n\n<p>It's a safe bet that, as the elections come and go, the temptation to draw inspiration from the successful strategies of Trump and Milei will increasingly win over a section of the right-wing, including the traditional right-wing, on the European continent. As these heads of state have successfully proclaimed themselves the great defenders of freedom, why not follow the same recipes here? To capitalize on this wave, it will be highly attractive to follow more or less openly in the wake of this caricatured, outrageous and variable-geometry liberalism.<\/p>\n\n\n\n<h3 class=\"wp-block-heading\" id=\"h-des-reperes-historiques-europeens\">European historical landmarks<\/h3>\n\n\n\n<p>While the election of these leaders could serve as an impetus for more ambitious and effective policies, giving in to these populist sirens would be tantamount to betraying a rich European political and intellectual heritage: that of a liberalism rooted in reason and debate. This tradition, nurtured by thinkers such as Alexis de Tocqueville, Karl Popper and Raymond Aron, has always associated economic freedom with the primacy of the rule of law and respect for civilized dialogue.<\/p>\n\n\n\n<p>The technological and commercial challenges facing our continent are immense, if we are to avoid falling out of step with the other major blocs. However, to ape the positions of Trump or Milei - systematic rejection of environmental policies, allergy to state administration, crude rhetoric... - would impoverish European liberalism in both form and substance. We have better models to call on. They are to be found more in the history of this Old Continent than in the rest of the contemporary world.<\/p>\n\n\n\n<p><em>Write to the author:&nbsp;<a href=\"mailto:pablo.sanchez@leregardlibre.com\">pablo.sanchez@leregardlibre.com<\/a><\/em><\/p>\n\n\n\n<h6 class=\"wp-block-heading\" id=\"h-vous-venez-de-lire-un-commentaire-inedit-en-libre-acces-debats-analyses-actualites-culturelles-nbsp-abonnez-vous-nbsp-a-notre-media-de-reflexion-pour-nous-soutenir-et-avoir-acces-a-tous-nos-contenus\">You've just read an unpublished free-access commentary. Debates, analyses, cultural news:&nbsp;<a href=\"https:\/\/leregardlibre.com\/en\/subscription\/\">subscribe<\/a>&nbsp;to support us and get access to all our content!<\/h6>","protected":false},"excerpt":{"rendered":"<p>The victories of Trump and Milei place the European right at an ideological crossroads. Precisely in order to avoid falling behind, especially economically, the Old Continent urgently needs to draw on its own intellectual heritage.<\/p>","protected":false},"author":735,"featured_media":526479,"comment_status":"open","ping_status":"closed","sticky":false,"template":"","format":"standard","meta":{"_acf_changed":false,"footnotes":""},"categories":[1001],"tags":[644357152,189091,644358423,33225],"class_list":["post-526476","post","type-post","status-publish","format-standard","has-post-thumbnail","hentry","category-politique","tag-commentaire","tag-donald-trump","tag-javier-milei","tag-liberalisme"],"acf":[],"yoast_head":"<!-- This site is optimized with the Yoast SEO Premium plugin v27.4 (Yoast SEO v27.4) - https:\/\/yoast.com\/product\/yoast-seo-premium-wordpress\/ -->\n<title>Les sir\u00e8nes de la caricature populiste<\/title>\n<meta name=\"description\" content=\"Les victoires de Trump ou de Milei placent les droites europ\u00e9ennes \u00e0 un carrefour id\u00e9ologique. L\u2019Europe devrait plut\u00f4t s\u2019inspirer d\u2019elle-m\u00eame\" \/>\n<meta name=\"robots\" content=\"index, follow, max-snippet:-1, max-image-preview:large, max-video-preview:-1\" \/>\n<link rel=\"canonical\" href=\"https:\/\/leregardlibre.com\/en\/policy\/trump-milei-right-europe\/\" \/>\n<meta property=\"og:locale\" content=\"en_US\" \/>\n<meta property=\"og:type\" content=\"article\" \/>\n<meta property=\"og:title\" content=\"Les sir\u00e8nes de la caricature populiste\" \/>\n<meta property=\"og:description\" content=\"Les victoires de Trump ou de Milei placent les droites europ\u00e9ennes \u00e0 un carrefour id\u00e9ologique. L\u2019Europe devrait plut\u00f4t s\u2019inspirer d\u2019elle-m\u00eame\" \/>\n<meta property=\"og:url\" content=\"https:\/\/leregardlibre.com\/en\/policy\/trump-milei-right-europe\/\" \/>\n<meta property=\"og:site_name\" content=\"Le Regard Libre\" \/>\n<meta property=\"article:publisher\" content=\"https:\/\/www.facebook.com\/leregardlibre\/\" \/>\n<meta property=\"article:published_time\" content=\"2025-01-26T08:56:59+00:00\" \/>\n<meta property=\"article:modified_time\" content=\"2025-01-26T08:59:18+00:00\" \/>\n<meta property=\"og:image\" content=\"https:\/\/leregardlibre.com\/wp-content\/uploads\/2025\/01\/donald-trump-e1737839946122.jpg\" \/>\n\t<meta property=\"og:image:width\" content=\"1920\" \/>\n\t<meta property=\"og:image:height\" content=\"1281\" \/>\n\t<meta property=\"og:image:type\" content=\"image\/jpeg\" \/>\n<meta name=\"author\" content=\"Pablo S\u00e1nchez\" \/>\n<meta name=\"twitter:card\" content=\"summary_large_image\" \/>\n<meta name=\"twitter:creator\" content=\"@LeRegardLibre\" \/>\n<meta name=\"twitter:site\" content=\"@LeRegardLibre\" \/>\n<meta name=\"twitter:label1\" content=\"Written by\" \/>\n\t<meta name=\"twitter:data1\" content=\"Pablo S\u00e1nchez\" \/>\n\t<meta name=\"twitter:label2\" content=\"Est. reading time\" \/>\n\t<meta name=\"twitter:data2\" content=\"3 minutes\" \/>\n<script type=\"application\/ld+json\" class=\"yoast-schema-graph\">{\"@context\":\"https:\\\/\\\/schema.org\",\"@graph\":[{\"@type\":\"Article\",\"@id\":\"https:\\\/\\\/leregardlibre.com\\\/politique\\\/trump-milei-droite-europe\\\/#article\",\"isPartOf\":{\"@id\":\"https:\\\/\\\/leregardlibre.com\\\/politique\\\/trump-milei-droite-europe\\\/\"},\"author\":{\"name\":\"Pablo S\u00e1nchez\",\"@id\":\"https:\\\/\\\/leregardlibre.com\\\/#\\\/schema\\\/person\\\/44629bb0ecb67ddea1fc4c5d4447095f\"},\"headline\":\"Les sir\u00e8nes de la caricature populiste\",\"datePublished\":\"2025-01-26T08:56:59+00:00\",\"dateModified\":\"2025-01-26T08:59:18+00:00\",\"mainEntityOfPage\":{\"@id\":\"https:\\\/\\\/leregardlibre.com\\\/politique\\\/trump-milei-droite-europe\\\/\"},\"wordCount\":600,\"commentCount\":0,\"publisher\":{\"@id\":\"https:\\\/\\\/leregardlibre.com\\\/#organization\"},\"image\":{\"@id\":\"https:\\\/\\\/leregardlibre.com\\\/politique\\\/trump-milei-droite-europe\\\/#primaryimage\"},\"thumbnailUrl\":\"https:\\\/\\\/leregardlibre.com\\\/wp-content\\\/uploads\\\/2025\\\/01\\\/donald-trump-e1737839946122.jpg\",\"keywords\":[\"Commentaire\",\"Donald Trump\",\"Javier Milei\",\"Lib\u00e9ralisme\"],\"articleSection\":[\"Politique\"],\"inLanguage\":\"en-US\",\"potentialAction\":[{\"@type\":\"CommentAction\",\"name\":\"Comment\",\"target\":[\"https:\\\/\\\/leregardlibre.com\\\/politique\\\/trump-milei-droite-europe\\\/#respond\"]}]},{\"@type\":\"WebPage\",\"@id\":\"https:\\\/\\\/leregardlibre.com\\\/politique\\\/trump-milei-droite-europe\\\/\",\"url\":\"https:\\\/\\\/leregardlibre.com\\\/politique\\\/trump-milei-droite-europe\\\/\",\"name\":\"Les sir\u00e8nes de la caricature populiste\",\"isPartOf\":{\"@id\":\"https:\\\/\\\/leregardlibre.com\\\/#website\"},\"primaryImageOfPage\":{\"@id\":\"https:\\\/\\\/leregardlibre.com\\\/politique\\\/trump-milei-droite-europe\\\/#primaryimage\"},\"image\":{\"@id\":\"https:\\\/\\\/leregardlibre.com\\\/politique\\\/trump-milei-droite-europe\\\/#primaryimage\"},\"thumbnailUrl\":\"https:\\\/\\\/leregardlibre.com\\\/wp-content\\\/uploads\\\/2025\\\/01\\\/donald-trump-e1737839946122.jpg\",\"datePublished\":\"2025-01-26T08:56:59+00:00\",\"dateModified\":\"2025-01-26T08:59:18+00:00\",\"description\":\"Les victoires de Trump ou de Milei placent les droites europ\u00e9ennes \u00e0 un carrefour id\u00e9ologique. L\u2019Europe devrait plut\u00f4t s\u2019inspirer d\u2019elle-m\u00eame\",\"breadcrumb\":{\"@id\":\"https:\\\/\\\/leregardlibre.com\\\/politique\\\/trump-milei-droite-europe\\\/#breadcrumb\"},\"inLanguage\":\"en-US\",\"potentialAction\":[{\"@type\":\"ReadAction\",\"target\":[\"https:\\\/\\\/leregardlibre.com\\\/politique\\\/trump-milei-droite-europe\\\/\"]}]},{\"@type\":\"ImageObject\",\"inLanguage\":\"en-US\",\"@id\":\"https:\\\/\\\/leregardlibre.com\\\/politique\\\/trump-milei-droite-europe\\\/#primaryimage\",\"url\":\"https:\\\/\\\/leregardlibre.com\\\/wp-content\\\/uploads\\\/2025\\\/01\\\/donald-trump-e1737839946122.jpg\",\"contentUrl\":\"https:\\\/\\\/leregardlibre.com\\\/wp-content\\\/uploads\\\/2025\\\/01\\\/donald-trump-e1737839946122.jpg\",\"width\":1920,\"height\":1281,\"caption\":\"Donald Trump, \u00e9lu comme 47e pr\u00e9sident des Etats-Unis le 5 novembre, a commenc\u00e9 sa l\u00e9gislature ce lundi 20 janvier. Photo: Gage Skidmore (via Flickr)\"},{\"@type\":\"BreadcrumbList\",\"@id\":\"https:\\\/\\\/leregardlibre.com\\\/politique\\\/trump-milei-droite-europe\\\/#breadcrumb\",\"itemListElement\":[{\"@type\":\"ListItem\",\"position\":1,\"name\":\"Accueil\",\"item\":\"https:\\\/\\\/leregardlibre.com\\\/\"},{\"@type\":\"ListItem\",\"position\":2,\"name\":\"Les sir\u00e8nes de la caricature populiste\"}]},{\"@type\":\"WebSite\",\"@id\":\"https:\\\/\\\/leregardlibre.com\\\/#website\",\"url\":\"https:\\\/\\\/leregardlibre.com\\\/\",\"name\":\"Le Regard Libre\",\"description\":\"Premier mensuel suisse de d\u00e9bat\",\"publisher\":{\"@id\":\"https:\\\/\\\/leregardlibre.com\\\/#organization\"},\"potentialAction\":[{\"@type\":\"SearchAction\",\"target\":{\"@type\":\"EntryPoint\",\"urlTemplate\":\"https:\\\/\\\/leregardlibre.com\\\/?s={search_term_string}\"},\"query-input\":{\"@type\":\"PropertyValueSpecification\",\"valueRequired\":true,\"valueName\":\"search_term_string\"}}],\"inLanguage\":\"en-US\"},{\"@type\":\"Organization\",\"@id\":\"https:\\\/\\\/leregardlibre.com\\\/#organization\",\"name\":\"Le Regard Libre\",\"url\":\"https:\\\/\\\/leregardlibre.com\\\/\",\"logo\":{\"@type\":\"ImageObject\",\"inLanguage\":\"en-US\",\"@id\":\"https:\\\/\\\/leregardlibre.com\\\/#\\\/schema\\\/logo\\\/image\\\/\",\"url\":\"https:\\\/\\\/leregardlibre.com\\\/wp-content\\\/uploads\\\/2025\\\/08\\\/logo-rl-icone-neg.jpeg\",\"contentUrl\":\"https:\\\/\\\/leregardlibre.com\\\/wp-content\\\/uploads\\\/2025\\\/08\\\/logo-rl-icone-neg.jpeg\",\"width\":557,\"height\":556,\"caption\":\"Le Regard Libre\"},\"image\":{\"@id\":\"https:\\\/\\\/leregardlibre.com\\\/#\\\/schema\\\/logo\\\/image\\\/\"},\"sameAs\":[\"https:\\\/\\\/www.facebook.com\\\/leregardlibre\\\/\",\"https:\\\/\\\/x.com\\\/LeRegardLibre\",\"https:\\\/\\\/www.linkedin.com\\\/company\\\/le-regard-libre\",\"https:\\\/\\\/www.instagram.com\\\/leregardlibre\\\/\",\"http:\\\/\\\/t.me\\\/leregardlibre\",\"https:\\\/\\\/youtube.com\\\/channel\\\/UC6HzGPomj1LsUmlz-sJtITQ\"],\"description\":\"Le Regard Libre est un mensuel suisse de d\u00e9bat intellectuel et culturel. Sa r\u00e9daction est jeune, b\u00e9n\u00e9vole, lib\u00e9rale et pluraliste. Le magazine para\u00eet en ligne et sous forme papier. Sa langue est le fran\u00e7ais.\",\"email\":\"redaction@leregardlibre.com\",\"legalName\":\"Le Regard Libre\",\"foundingDate\":\"2014-01-01\",\"numberOfEmployees\":{\"@type\":\"QuantitativeValue\",\"minValue\":\"11\",\"maxValue\":\"50\"},\"publishingPrinciples\":\"https:\\\/\\\/leregardlibre.com\\\/a-propos\\\/notre-manifeste\\\/\",\"ownershipFundingInfo\":\"https:\\\/\\\/leregardlibre.com\\\/mentions-legales\\\/\",\"actionableFeedbackPolicy\":\"https:\\\/\\\/leregardlibre.com\\\/conditions-generales-de-vente\\\/\"},{\"@type\":\"Person\",\"@id\":\"https:\\\/\\\/leregardlibre.com\\\/#\\\/schema\\\/person\\\/44629bb0ecb67ddea1fc4c5d4447095f\",\"name\":\"Pablo S\u00e1nchez\",\"image\":{\"@type\":\"ImageObject\",\"inLanguage\":\"en-US\",\"@id\":\"https:\\\/\\\/secure.gravatar.com\\\/avatar\\\/042ba7a969c76812b47949be3b376ebea3869c370353c327e7b19305a9698e65?s=96&d=identicon&r=g\",\"url\":\"https:\\\/\\\/secure.gravatar.com\\\/avatar\\\/042ba7a969c76812b47949be3b376ebea3869c370353c327e7b19305a9698e65?s=96&d=identicon&r=g\",\"contentUrl\":\"https:\\\/\\\/secure.gravatar.com\\\/avatar\\\/042ba7a969c76812b47949be3b376ebea3869c370353c327e7b19305a9698e65?s=96&d=identicon&r=g\",\"caption\":\"Pablo S\u00e1nchez\"},\"url\":\"https:\\\/\\\/leregardlibre.com\\\/en\\\/author\\\/pablo-sanchez\\\/\"}]}<\/script>\n<!-- \/ Yoast SEO Premium plugin. -->","yoast_head_json":{"title":"The sirens of populist caricature","description":"The victories of Trump or Milei place the European right at an ideological crossroads. Europe should look to itself for inspiration.","robots":{"index":"index","follow":"follow","max-snippet":"max-snippet:-1","max-image-preview":"max-image-preview:large","max-video-preview":"max-video-preview:-1"},"canonical":"https:\/\/leregardlibre.com\/en\/policy\/trump-milei-right-europe\/","og_locale":"en_US","og_type":"article","og_title":"Les sir\u00e8nes de la caricature populiste","og_description":"Les victoires de Trump ou de Milei placent les droites europ\u00e9ennes \u00e0 un carrefour id\u00e9ologique. L\u2019Europe devrait plut\u00f4t s\u2019inspirer d\u2019elle-m\u00eame","og_url":"https:\/\/leregardlibre.com\/en\/policy\/trump-milei-right-europe\/","og_site_name":"Le Regard Libre","article_publisher":"https:\/\/www.facebook.com\/leregardlibre\/","article_published_time":"2025-01-26T08:56:59+00:00","article_modified_time":"2025-01-26T08:59:18+00:00","og_image":[{"width":1920,"height":1281,"url":"https:\/\/leregardlibre.com\/wp-content\/uploads\/2025\/01\/donald-trump-e1737839946122.jpg","type":"image\/jpeg"}],"author":"Pablo S\u00e1nchez","twitter_card":"summary_large_image","twitter_creator":"@LeRegardLibre","twitter_site":"@LeRegardLibre","twitter_misc":{"Written by":"Pablo S\u00e1nchez","Est. reading time":"3 minutes"},"schema":{"@context":"https:\/\/schema.org","@graph":[{"@type":"Article","@id":"https:\/\/leregardlibre.com\/politique\/trump-milei-droite-europe\/#article","isPartOf":{"@id":"https:\/\/leregardlibre.com\/politique\/trump-milei-droite-europe\/"},"author":{"name":"Pablo S\u00e1nchez","@id":"https:\/\/leregardlibre.com\/#\/schema\/person\/44629bb0ecb67ddea1fc4c5d4447095f"},"headline":"Les sir\u00e8nes de la caricature populiste","datePublished":"2025-01-26T08:56:59+00:00","dateModified":"2025-01-26T08:59:18+00:00","mainEntityOfPage":{"@id":"https:\/\/leregardlibre.com\/politique\/trump-milei-droite-europe\/"},"wordCount":600,"commentCount":0,"publisher":{"@id":"https:\/\/leregardlibre.com\/#organization"},"image":{"@id":"https:\/\/leregardlibre.com\/politique\/trump-milei-droite-europe\/#primaryimage"},"thumbnailUrl":"https:\/\/leregardlibre.com\/wp-content\/uploads\/2025\/01\/donald-trump-e1737839946122.jpg","keywords":["Commentaire","Donald Trump","Javier Milei","Lib\u00e9ralisme"],"articleSection":["Politique"],"inLanguage":"en-US","potentialAction":[{"@type":"CommentAction","name":"Comment","target":["https:\/\/leregardlibre.com\/politique\/trump-milei-droite-europe\/#respond"]}]},{"@type":"WebPage","@id":"https:\/\/leregardlibre.com\/politique\/trump-milei-droite-europe\/","url":"https:\/\/leregardlibre.com\/politique\/trump-milei-droite-europe\/","name":"The sirens of populist caricature","isPartOf":{"@id":"https:\/\/leregardlibre.com\/#website"},"primaryImageOfPage":{"@id":"https:\/\/leregardlibre.com\/politique\/trump-milei-droite-europe\/#primaryimage"},"image":{"@id":"https:\/\/leregardlibre.com\/politique\/trump-milei-droite-europe\/#primaryimage"},"thumbnailUrl":"https:\/\/leregardlibre.com\/wp-content\/uploads\/2025\/01\/donald-trump-e1737839946122.jpg","datePublished":"2025-01-26T08:56:59+00:00","dateModified":"2025-01-26T08:59:18+00:00","description":"The victories of Trump or Milei place the European right at an ideological crossroads. Europe should look to itself for inspiration.","breadcrumb":{"@id":"https:\/\/leregardlibre.com\/politique\/trump-milei-droite-europe\/#breadcrumb"},"inLanguage":"en-US","potentialAction":[{"@type":"ReadAction","target":["https:\/\/leregardlibre.com\/politique\/trump-milei-droite-europe\/"]}]},{"@type":"ImageObject","inLanguage":"en-US","@id":"https:\/\/leregardlibre.com\/politique\/trump-milei-droite-europe\/#primaryimage","url":"https:\/\/leregardlibre.com\/wp-content\/uploads\/2025\/01\/donald-trump-e1737839946122.jpg","contentUrl":"https:\/\/leregardlibre.com\/wp-content\/uploads\/2025\/01\/donald-trump-e1737839946122.jpg","width":1920,"height":1281,"caption":"Donald Trump, \u00e9lu comme 47e pr\u00e9sident des Etats-Unis le 5 novembre, a commenc\u00e9 sa l\u00e9gislature ce lundi 20 janvier. Photo: Gage Skidmore (via Flickr)"},{"@type":"BreadcrumbList","@id":"https:\/\/leregardlibre.com\/politique\/trump-milei-droite-europe\/#breadcrumb","itemListElement":[{"@type":"ListItem","position":1,"name":"Accueil","item":"https:\/\/leregardlibre.com\/"},{"@type":"ListItem","position":2,"name":"Les sir\u00e8nes de la caricature populiste"}]},{"@type":"WebSite","@id":"https:\/\/leregardlibre.com\/#website","url":"https:\/\/leregardlibre.com\/","name":"Le Regard Libre","description":"Switzerland's first monthly debate magazine","publisher":{"@id":"https:\/\/leregardlibre.com\/#organization"},"potentialAction":[{"@type":"SearchAction","target":{"@type":"EntryPoint","urlTemplate":"https:\/\/leregardlibre.com\/?s={search_term_string}"},"query-input":{"@type":"PropertyValueSpecification","valueRequired":true,"valueName":"search_term_string"}}],"inLanguage":"en-US"},{"@type":"Organization","@id":"https:\/\/leregardlibre.com\/#organization","name":"Le Regard Libre","url":"https:\/\/leregardlibre.com\/","logo":{"@type":"ImageObject","inLanguage":"en-US","@id":"https:\/\/leregardlibre.com\/#\/schema\/logo\/image\/","url":"https:\/\/leregardlibre.com\/wp-content\/uploads\/2025\/08\/logo-rl-icone-neg.jpeg","contentUrl":"https:\/\/leregardlibre.com\/wp-content\/uploads\/2025\/08\/logo-rl-icone-neg.jpeg","width":557,"height":556,"caption":"Le Regard Libre"},"image":{"@id":"https:\/\/leregardlibre.com\/#\/schema\/logo\/image\/"},"sameAs":["https:\/\/www.facebook.com\/leregardlibre\/","https:\/\/x.com\/LeRegardLibre","https:\/\/www.linkedin.com\/company\/le-regard-libre","https:\/\/www.instagram.com\/leregardlibre\/","http:\/\/t.me\/leregardlibre","https:\/\/youtube.com\/channel\/UC6HzGPomj1LsUmlz-sJtITQ"],"description":"Le Regard Libre is a Swiss monthly magazine for intellectual and cultural debate. Its editorial team is young, voluntary, liberal and pluralist. The magazine appears online and in print. Its language is French.","email":"redaction@leregardlibre.com","legalName":"Le Regard Libre","foundingDate":"2014-01-01","numberOfEmployees":{"@type":"QuantitativeValue","minValue":"11","maxValue":"50"},"publishingPrinciples":"https:\/\/leregardlibre.com\/a-propos\/notre-manifeste\/","ownershipFundingInfo":"https:\/\/leregardlibre.com\/mentions-legales\/","actionableFeedbackPolicy":"https:\/\/leregardlibre.com\/conditions-generales-de-vente\/"},{"@type":"Person","@id":"https:\/\/leregardlibre.com\/#\/schema\/person\/44629bb0ecb67ddea1fc4c5d4447095f","name":"Pablo S\u00e1nchez","image":{"@type":"ImageObject","inLanguage":"en-US","@id":"https:\/\/secure.gravatar.com\/avatar\/042ba7a969c76812b47949be3b376ebea3869c370353c327e7b19305a9698e65?s=96&d=identicon&r=g","url":"https:\/\/secure.gravatar.com\/avatar\/042ba7a969c76812b47949be3b376ebea3869c370353c327e7b19305a9698e65?s=96&d=identicon&r=g","contentUrl":"https:\/\/secure.gravatar.com\/avatar\/042ba7a969c76812b47949be3b376ebea3869c370353c327e7b19305a9698e65?s=96&d=identicon&r=g","caption":"Pablo S\u00e1nchez"},"url":"https:\/\/leregardlibre.com\/en\/author\/pablo-sanchez\/"}]}},"_links":{"self":[{"href":"https:\/\/leregardlibre.com\/en\/wp-json\/wp\/v2\/posts\/526476","targetHints":{"allow":["GET"]}}],"collection":[{"href":"https:\/\/leregardlibre.com\/en\/wp-json\/wp\/v2\/posts"}],"about":[{"href":"https:\/\/leregardlibre.com\/en\/wp-json\/wp\/v2\/types\/post"}],"author":[{"embeddable":true,"href":"https:\/\/leregardlibre.com\/en\/wp-json\/wp\/v2\/users\/735"}],"replies":[{"embeddable":true,"href":"https:\/\/leregardlibre.com\/en\/wp-json\/wp\/v2\/comments?post=526476"}],"version-history":[{"count":2,"href":"https:\/\/leregardlibre.com\/en\/wp-json\/wp\/v2\/posts\/526476\/revisions"}],"predecessor-version":[{"id":526492,"href":"https:\/\/leregardlibre.com\/en\/wp-json\/wp\/v2\/posts\/526476\/revisions\/526492"}],"wp:featuredmedia":[{"embeddable":true,"href":"https:\/\/leregardlibre.com\/en\/wp-json\/wp\/v2\/media\/526479"}],"wp:attachment":[{"href":"https:\/\/leregardlibre.com\/en\/wp-json\/wp\/v2\/media?parent=526476"}],"wp:term":[{"taxonomy":"category","embeddable":true,"href":"https:\/\/leregardlibre.com\/en\/wp-json\/wp\/v2\/categories?post=526476"},{"taxonomy":"post_tag","embeddable":true,"href":"https:\/\/leregardlibre.com\/en\/wp-json\/wp\/v2\/tags?post=526476"}],"curies":[{"name":"wp","href":"https:\/\/api.w.org\/{rel}","templated":true}]}}