{"id":526767,"date":"2025-03-02T06:00:00","date_gmt":"2025-03-02T05:00:00","guid":{"rendered":"https:\/\/leregardlibre.com\/?p=526767"},"modified":"2025-02-25T20:24:39","modified_gmt":"2025-02-25T19:24:39","slug":"historical-deep-state","status":"publish","type":"post","link":"https:\/\/leregardlibre.com\/en\/policy\/historical-deep-state\/","title":{"rendered":"\u00abDeep state\u00bb: the journey of a concept"},"content":{"rendered":"<div class='content_excerpt'>\n<p class=\"has-drop-cap\"><strong>Born in Turkey, this expression spread to the United States and the rest of the world in just a few years. Frequently used by conspiracy theorists, it has now spread beyond these circles to other uses. How can we explain such an echo?<\/strong><\/p>\n\n\n\n (more...)\n    <div class='restricted_content_fade'><\/div>\n    <\/div>\n  <style>\n    .content_excerpt{\n      position: relative;\n    }\n    .content_excerpt .restricted_content_fade{\n      position: absolute;\n      bottom: 0;\n      left: 0;\n      right: 0;\n      height: 75px;\n\t  margin-bottom: 0px;\n      background-image: linear-gradient(#ffffff2e, white);\n    }\n\n    .restricted_content{\n      margin-top: 30px;\n      border: solid #dddddd 1px;\n      border-radius: 7px;\n      padding: 30px;\n    }\n    \n    .restricted_content .restricted_content_title{\n      font-size: 22px;\n      font-weight: 600;\n    }\n    .restricted_content .restricted_content_flex_row{\n      display: flex;\n      flex-direction: row;\n    }\n    .restricted_content .restricted_content_image_container{\n      flex: 3;\n    }\n    .restricted_content .restricted_content_flex_column{\n      flex: 4;\n      display: flex;\n      flex-direction: column;\n      margin-left: 40px;\n      justify-content: center;\n    }\n\n\n    .restricted_content_buttons{\n      display: flex;\n      flex-direction: column;\n      width: min-content;\n    }\n    .restricted_content_button{\n      background-color: #f2f2f2;\n      text-transform: uppercase;\n      font-weight: 600;\n      padding: 8px 40px;\n      text-align: center;\n      font-size: 13px;\n      margin-top: 10px;\n      width: max-content;\n      width: 100%;\n      white-space: nowrap;\n    }\n    .restricted_content_button:hover {\n      background-color: #111111;\n      color: white;\n      text-decoration: none !important;\n    }\n\n    .restricted_content_primary_button{\n      background-color: #1F2A68 !important;\n      color: white !important;\n    }\n    .restricted_content_primary_button:hover {\n      background-color: #111111;\n    }\n\n    .restricted_content_text{\n      margin-bottom: 10px;\n      line-height: 1.2;\n      font-weight: 500;\n      font-size: 16px;\n    }\n\n  \n  <\/style>\n  <div class='restricted_content'>\n    <h3 class='restricted_content_title'>This content is reserved for our subscribers.<\/h3>\n    <div class='restricted_content_flex_row'>\n      <div class='restricted_content_image_container'>\n        <img class='restricted_content_image' src='\/wp-content\/uploads\/2025\/08\/abo_physique.png' \/>\n      <\/div>\n      <div class='restricted_content_flex_column'>\n        <div class='restricted_content_text'>If you have an account, please log in. Otherwise, discover our different subscription packages and create an account from CHF 2.50 for the first month.<\/div>\n        <div class='restricted_content_buttons'>\n          <a href='\/en\/subscription\/' class='restricted_content_button restricted_content_primary_button'>See subscriptions<\/a><a href='\/en\/my-account\/?redirect_to=https:\/\/leregardlibre.com\/en\/policy\/historical-deep-state\/'class='restricted_content_button'>Login<\/a><\/div>\n      <\/div>\n    <\/div>\n  <\/div>","protected":false},"excerpt":{"rendered":"<div class='content_excerpt'>\n<p class=\"has-drop-cap\"><strong>Born in Turkey, this expression spread to the United States and the rest of the world in just a few years. Frequently used by conspiracy theorists, it has now spread beyond these circles to other uses. How can we explain such an echo?<\/strong><\/p>\n<p> (more...)<\/p>\n<div class='restricted_content_fade'><\/div>\n<\/p><\/div>\n<style>\n    .content_excerpt{\n      position: relative;\n    }\n    .content_excerpt .restricted_content_fade{\n      position: absolute;\n      bottom: 0;\n      left: 0;\n      right: 0;\n      height: 75px;\n\t  margin-bottom: 0px;\n      background-image: linear-gradient(#ffffff2e, white);\n    }<\/p>\n<p>    .restricted_content{\n      margin-top: 30px;\n      border: solid #dddddd 1px;\n      border-radius: 7px;\n      padding: 30px;\n    }<\/p>\n<p>    .restricted_content .restricted_content_title{\n      font-size: 22px;\n      font-weight: 600;\n    }\n    .restricted_content .restricted_content_flex_row{\n      display: flex;\n      flex-direction: row;\n    }\n    .restricted_content .restricted_content_image_container{\n      flex: 3;\n    }\n    .restricted_content .restricted_content_flex_column{\n      flex: 4;\n      display: flex;\n      flex-direction: column;\n      margin-left: 40px;\n      justify-content: center;\n    }<\/p>\n<p>    .restricted_content_buttons{\n      display: flex;\n      flex-direction: column;\n      width: min-content;\n    }\n    .restricted_content_button{\n      background-color: #f2f2f2;\n      text-transform: uppercase;\n      font-weight: 600;\n      padding: 8px 40px;\n      text-align: center;\n      font-size: 13px;\n      margin-top: 10px;\n      width: max-content;\n      width: 100%;\n      white-space: nowrap;\n    }\n    .restricted_content_button:hover {\n      background-color: #111111;\n      color: white;\n      text-decoration: none !important;\n    }<\/p>\n<p>    .restricted_content_primary_button{\n      background-color: #1F2A68 !important;\n      color: white !important;\n    }\n    .restricted_content_primary_button:hover {\n      background-color: #111111;\n    }<\/p>\n<p>    .restricted_content_text{\n      margin-bottom: 10px;\n      line-height: 1.2;\n      font-weight: 500;\n      font-size: 16px;\n    }<\/p>\n<\/style>\n<div class='restricted_content'>\n<h3 class='restricted_content_title'>This content is reserved for our subscribers.<\/h3>\n<div class='restricted_content_flex_row'>\n<div class='restricted_content_image_container'>\n        <img class='restricted_content_image' src='\/wp-content\/uploads\/2025\/08\/abo_physique.png' \/>\n      <\/div>\n<div class='restricted_content_flex_column'>\n<div class='restricted_content_text'>If you have an account, please log in. Otherwise, discover our different subscription packages and create an account from CHF 2.50 for the first month.<\/div>\n<div class='restricted_content_buttons'>\n          <a href='\/en\/subscription\/' class='restricted_content_button restricted_content_primary_button'>See subscriptions<\/a><a href='\/en\/my-account\/?redirect_to=https:\/\/leregardlibre.com\/en\/policy\/historical-deep-state\/'class='restricted_content_button'>Login<\/a><\/div>\n<\/p><\/div>\n<\/p><\/div>\n<\/p><\/div>","protected":false},"author":208,"featured_media":526768,"comment_status":"open","ping_status":"closed","sticky":false,"template":"","format":"standard","meta":{"_acf_changed":false,"footnotes":""},"categories":[1001],"tags":[189091,644358226,699,116482],"class_list":["post-526767","post","type-post","status-publish","format-standard","has-post-thumbnail","hentry","category-politique","tag-donald-trump","tag-eclairage","tag-etats-unis","tag-turquie","membership-content","access-restricted"],"acf":[],"yoast_head":"<!-- This site is optimized with the Yoast SEO Premium plugin v27.4 (Yoast SEO v27.4) - https:\/\/yoast.com\/product\/yoast-seo-premium-wordpress\/ -->\n<title>\u00abEtat profond\u00bb: voyage d\u2019un concept<\/title>\n<meta name=\"description\" content=\"Volontiers utilis\u00e9e par les amateurs de th\u00e9ories du complot, l&#039;expression \u00abEtat profond\u00bb d\u00e9passe ces cercles et conna\u00eet d\u2019autres usages.\" \/>\n<meta name=\"robots\" content=\"index, follow, max-snippet:-1, max-image-preview:large, max-video-preview:-1\" \/>\n<link rel=\"canonical\" href=\"https:\/\/leregardlibre.com\/en\/policy\/historical-deep-state\/\" \/>\n<meta property=\"og:locale\" content=\"en_US\" \/>\n<meta property=\"og:type\" content=\"article\" \/>\n<meta property=\"og:title\" content=\"\u00abEtat profond\u00bb: voyage d\u2019un concept\" \/>\n<meta property=\"og:description\" content=\"Volontiers utilis\u00e9e par les amateurs de th\u00e9ories du complot, l&#039;expression \u00abEtat profond\u00bb d\u00e9passe ces cercles et conna\u00eet d\u2019autres usages.\" \/>\n<meta property=\"og:url\" content=\"https:\/\/leregardlibre.com\/en\/policy\/historical-deep-state\/\" \/>\n<meta property=\"og:site_name\" content=\"Le Regard Libre\" \/>\n<meta property=\"article:publisher\" content=\"https:\/\/www.facebook.com\/leregardlibre\/\" \/>\n<meta property=\"article:published_time\" content=\"2025-03-02T05:00:00+00:00\" \/>\n<meta property=\"og:image\" content=\"https:\/\/leregardlibre.com\/wp-content\/uploads\/2025\/02\/laccession-de-donald-trump-a-la-presidence-americaine-a-marque-la-propagation-de-lusage-de-lexpression-detat-profond-dans-le-debat-public--photo-david-todd-mccarty-via-unsplash-e1740502048575-1024x575.jpg\" \/>\n\t<meta property=\"og:image:width\" content=\"1024\" \/>\n\t<meta property=\"og:image:height\" content=\"575\" \/>\n\t<meta property=\"og:image:type\" content=\"image\/jpeg\" \/>\n<meta name=\"author\" content=\"Jean-Fran\u00e7ois Mayer\" \/>\n<meta name=\"twitter:card\" content=\"summary_large_image\" \/>\n<meta name=\"twitter:creator\" content=\"@LeRegardLibre\" \/>\n<meta name=\"twitter:site\" content=\"@LeRegardLibre\" \/>\n<meta name=\"twitter:label1\" content=\"Written by\" \/>\n\t<meta name=\"twitter:data1\" content=\"Jean-Fran\u00e7ois Mayer\" \/>\n\t<meta name=\"twitter:label2\" content=\"Est. reading time\" \/>\n\t<meta name=\"twitter:data2\" content=\"11 minutes\" \/>\n<script type=\"application\/ld+json\" class=\"yoast-schema-graph\">{\"@context\":\"https:\\\/\\\/schema.org\",\"@graph\":[{\"@type\":\"Article\",\"@id\":\"https:\\\/\\\/leregardlibre.com\\\/politique\\\/etat-profond-historique\\\/#article\",\"isPartOf\":{\"@id\":\"https:\\\/\\\/leregardlibre.com\\\/politique\\\/etat-profond-historique\\\/\"},\"author\":{\"name\":\"Jean-Fran\u00e7ois Mayer\",\"@id\":\"https:\\\/\\\/leregardlibre.com\\\/#\\\/schema\\\/person\\\/14bbed58612467dcf1860d0aca915ab2\"},\"headline\":\"\u00abEtat profond\u00bb: voyage d\u2019un concept\",\"datePublished\":\"2025-03-02T05:00:00+00:00\",\"mainEntityOfPage\":{\"@id\":\"https:\\\/\\\/leregardlibre.com\\\/politique\\\/etat-profond-historique\\\/\"},\"wordCount\":2232,\"commentCount\":0,\"publisher\":{\"@id\":\"https:\\\/\\\/leregardlibre.com\\\/#organization\"},\"image\":{\"@id\":\"https:\\\/\\\/leregardlibre.com\\\/politique\\\/etat-profond-historique\\\/#primaryimage\"},\"thumbnailUrl\":\"https:\\\/\\\/leregardlibre.com\\\/wp-content\\\/uploads\\\/2025\\\/02\\\/laccession-de-donald-trump-a-la-presidence-americaine-a-marque-la-propagation-de-lusage-de-lexpression-detat-profond-dans-le-debat-public--photo-david-todd-mccarty-via-unsplash-e1740502048575.jpg\",\"keywords\":[\"Donald Trump\",\"Eclairage\",\"Etats-Unis\",\"Turquie\"],\"articleSection\":[\"Politique\"],\"inLanguage\":\"en-US\",\"potentialAction\":[{\"@type\":\"CommentAction\",\"name\":\"Comment\",\"target\":[\"https:\\\/\\\/leregardlibre.com\\\/politique\\\/etat-profond-historique\\\/#respond\"]}]},{\"@type\":\"WebPage\",\"@id\":\"https:\\\/\\\/leregardlibre.com\\\/politique\\\/etat-profond-historique\\\/\",\"url\":\"https:\\\/\\\/leregardlibre.com\\\/politique\\\/etat-profond-historique\\\/\",\"name\":\"\u00abEtat profond\u00bb: voyage d\u2019un concept\",\"isPartOf\":{\"@id\":\"https:\\\/\\\/leregardlibre.com\\\/#website\"},\"primaryImageOfPage\":{\"@id\":\"https:\\\/\\\/leregardlibre.com\\\/politique\\\/etat-profond-historique\\\/#primaryimage\"},\"image\":{\"@id\":\"https:\\\/\\\/leregardlibre.com\\\/politique\\\/etat-profond-historique\\\/#primaryimage\"},\"thumbnailUrl\":\"https:\\\/\\\/leregardlibre.com\\\/wp-content\\\/uploads\\\/2025\\\/02\\\/laccession-de-donald-trump-a-la-presidence-americaine-a-marque-la-propagation-de-lusage-de-lexpression-detat-profond-dans-le-debat-public--photo-david-todd-mccarty-via-unsplash-e1740502048575.jpg\",\"datePublished\":\"2025-03-02T05:00:00+00:00\",\"description\":\"Volontiers utilis\u00e9e par les amateurs de th\u00e9ories du complot, l'expression \u00abEtat profond\u00bb d\u00e9passe ces cercles et conna\u00eet d\u2019autres usages.\",\"breadcrumb\":{\"@id\":\"https:\\\/\\\/leregardlibre.com\\\/politique\\\/etat-profond-historique\\\/#breadcrumb\"},\"inLanguage\":\"en-US\",\"potentialAction\":[{\"@type\":\"ReadAction\",\"target\":[\"https:\\\/\\\/leregardlibre.com\\\/politique\\\/etat-profond-historique\\\/\"]}]},{\"@type\":\"ImageObject\",\"inLanguage\":\"en-US\",\"@id\":\"https:\\\/\\\/leregardlibre.com\\\/politique\\\/etat-profond-historique\\\/#primaryimage\",\"url\":\"https:\\\/\\\/leregardlibre.com\\\/wp-content\\\/uploads\\\/2025\\\/02\\\/laccession-de-donald-trump-a-la-presidence-americaine-a-marque-la-propagation-de-lusage-de-lexpression-detat-profond-dans-le-debat-public--photo-david-todd-mccarty-via-unsplash-e1740502048575.jpg\",\"contentUrl\":\"https:\\\/\\\/leregardlibre.com\\\/wp-content\\\/uploads\\\/2025\\\/02\\\/laccession-de-donald-trump-a-la-presidence-americaine-a-marque-la-propagation-de-lusage-de-lexpression-detat-profond-dans-le-debat-public--photo-david-todd-mccarty-via-unsplash-e1740502048575.jpg\",\"width\":5636,\"height\":3167,\"caption\":\"L\u2019accession de Donald Trump a\u0300 la pre\u0301sidence ame\u0301ricaine a marque\u0301 la propagation de l\u2019usage de l\u2019expression d\u2019Etat profond dans le de\u0301bat public. Photo: David Todd Mccarty (via Unsplash)\"},{\"@type\":\"BreadcrumbList\",\"@id\":\"https:\\\/\\\/leregardlibre.com\\\/politique\\\/etat-profond-historique\\\/#breadcrumb\",\"itemListElement\":[{\"@type\":\"ListItem\",\"position\":1,\"name\":\"Accueil\",\"item\":\"https:\\\/\\\/leregardlibre.com\\\/\"},{\"@type\":\"ListItem\",\"position\":2,\"name\":\"\u00abEtat profond\u00bb: voyage d\u2019un concept\"}]},{\"@type\":\"WebSite\",\"@id\":\"https:\\\/\\\/leregardlibre.com\\\/#website\",\"url\":\"https:\\\/\\\/leregardlibre.com\\\/\",\"name\":\"Le Regard Libre\",\"description\":\"Premier mensuel suisse de d\u00e9bat\",\"publisher\":{\"@id\":\"https:\\\/\\\/leregardlibre.com\\\/#organization\"},\"potentialAction\":[{\"@type\":\"SearchAction\",\"target\":{\"@type\":\"EntryPoint\",\"urlTemplate\":\"https:\\\/\\\/leregardlibre.com\\\/?s={search_term_string}\"},\"query-input\":{\"@type\":\"PropertyValueSpecification\",\"valueRequired\":true,\"valueName\":\"search_term_string\"}}],\"inLanguage\":\"en-US\"},{\"@type\":\"Organization\",\"@id\":\"https:\\\/\\\/leregardlibre.com\\\/#organization\",\"name\":\"Le Regard Libre\",\"url\":\"https:\\\/\\\/leregardlibre.com\\\/\",\"logo\":{\"@type\":\"ImageObject\",\"inLanguage\":\"en-US\",\"@id\":\"https:\\\/\\\/leregardlibre.com\\\/#\\\/schema\\\/logo\\\/image\\\/\",\"url\":\"https:\\\/\\\/leregardlibre.com\\\/wp-content\\\/uploads\\\/2025\\\/08\\\/logo-rl-icone-neg.jpeg\",\"contentUrl\":\"https:\\\/\\\/leregardlibre.com\\\/wp-content\\\/uploads\\\/2025\\\/08\\\/logo-rl-icone-neg.jpeg\",\"width\":557,\"height\":556,\"caption\":\"Le Regard Libre\"},\"image\":{\"@id\":\"https:\\\/\\\/leregardlibre.com\\\/#\\\/schema\\\/logo\\\/image\\\/\"},\"sameAs\":[\"https:\\\/\\\/www.facebook.com\\\/leregardlibre\\\/\",\"https:\\\/\\\/x.com\\\/LeRegardLibre\",\"https:\\\/\\\/www.linkedin.com\\\/company\\\/le-regard-libre\",\"https:\\\/\\\/www.instagram.com\\\/leregardlibre\\\/\",\"http:\\\/\\\/t.me\\\/leregardlibre\",\"https:\\\/\\\/youtube.com\\\/channel\\\/UC6HzGPomj1LsUmlz-sJtITQ\"],\"description\":\"Le Regard Libre est un mensuel suisse de d\u00e9bat intellectuel et culturel. Sa r\u00e9daction est jeune, b\u00e9n\u00e9vole, lib\u00e9rale et pluraliste. Le magazine para\u00eet en ligne et sous forme papier. Sa langue est le fran\u00e7ais.\",\"email\":\"redaction@leregardlibre.com\",\"legalName\":\"Le Regard Libre\",\"foundingDate\":\"2014-01-01\",\"numberOfEmployees\":{\"@type\":\"QuantitativeValue\",\"minValue\":\"11\",\"maxValue\":\"50\"},\"publishingPrinciples\":\"https:\\\/\\\/leregardlibre.com\\\/a-propos\\\/notre-manifeste\\\/\",\"ownershipFundingInfo\":\"https:\\\/\\\/leregardlibre.com\\\/mentions-legales\\\/\",\"actionableFeedbackPolicy\":\"https:\\\/\\\/leregardlibre.com\\\/conditions-generales-de-vente\\\/\"},{\"@type\":\"Person\",\"@id\":\"https:\\\/\\\/leregardlibre.com\\\/#\\\/schema\\\/person\\\/14bbed58612467dcf1860d0aca915ab2\",\"name\":\"Jean-Fran\u00e7ois Mayer\",\"image\":{\"@type\":\"ImageObject\",\"inLanguage\":\"en-US\",\"@id\":\"https:\\\/\\\/secure.gravatar.com\\\/avatar\\\/0b45c206d334ccbd6965d0918bb505140df0982ed2a73078237227a7ab0daaaa?s=96&d=identicon&r=g\",\"url\":\"https:\\\/\\\/secure.gravatar.com\\\/avatar\\\/0b45c206d334ccbd6965d0918bb505140df0982ed2a73078237227a7ab0daaaa?s=96&d=identicon&r=g\",\"contentUrl\":\"https:\\\/\\\/secure.gravatar.com\\\/avatar\\\/0b45c206d334ccbd6965d0918bb505140df0982ed2a73078237227a7ab0daaaa?s=96&d=identicon&r=g\",\"caption\":\"Jean-Fran\u00e7ois Mayer\"},\"description\":\"Historien, fondateur de l\u2019Institut Religioscope \u00e0 Fribourg, Jean-Fran\u00e7ois\u00a0Mayer est sp\u00e9cialiste des nouveaux mouvements religieux. Son site Web personnel: www.mayer.info\",\"url\":\"https:\\\/\\\/leregardlibre.com\\\/en\\\/author\\\/jean-francois-mayer\\\/\"}]}<\/script>\n<!-- \/ Yoast SEO Premium plugin. -->","yoast_head_json":{"title":"\u00abDeep state\u00bb: the journey of a concept","description":"Frequently used by conspiracy theorists, the term \u00abDeep State\u00bb is not confined to these circles.","robots":{"index":"index","follow":"follow","max-snippet":"max-snippet:-1","max-image-preview":"max-image-preview:large","max-video-preview":"max-video-preview:-1"},"canonical":"https:\/\/leregardlibre.com\/en\/policy\/historical-deep-state\/","og_locale":"en_US","og_type":"article","og_title":"\u00abEtat profond\u00bb: voyage d\u2019un concept","og_description":"Volontiers utilis\u00e9e par les amateurs de th\u00e9ories du complot, l'expression \u00abEtat profond\u00bb d\u00e9passe ces cercles et conna\u00eet d\u2019autres usages.","og_url":"https:\/\/leregardlibre.com\/en\/policy\/historical-deep-state\/","og_site_name":"Le Regard Libre","article_publisher":"https:\/\/www.facebook.com\/leregardlibre\/","article_published_time":"2025-03-02T05:00:00+00:00","og_image":[{"width":1024,"height":575,"url":"https:\/\/leregardlibre.com\/wp-content\/uploads\/2025\/02\/laccession-de-donald-trump-a-la-presidence-americaine-a-marque-la-propagation-de-lusage-de-lexpression-detat-profond-dans-le-debat-public--photo-david-todd-mccarty-via-unsplash-e1740502048575-1024x575.jpg","type":"image\/jpeg"}],"author":"Jean-Fran\u00e7ois Mayer","twitter_card":"summary_large_image","twitter_creator":"@LeRegardLibre","twitter_site":"@LeRegardLibre","twitter_misc":{"Written by":"Jean-Fran\u00e7ois Mayer","Est. reading time":"11 minutes"},"schema":{"@context":"https:\/\/schema.org","@graph":[{"@type":"Article","@id":"https:\/\/leregardlibre.com\/politique\/etat-profond-historique\/#article","isPartOf":{"@id":"https:\/\/leregardlibre.com\/politique\/etat-profond-historique\/"},"author":{"name":"Jean-Fran\u00e7ois Mayer","@id":"https:\/\/leregardlibre.com\/#\/schema\/person\/14bbed58612467dcf1860d0aca915ab2"},"headline":"\u00abEtat profond\u00bb: voyage d\u2019un concept","datePublished":"2025-03-02T05:00:00+00:00","mainEntityOfPage":{"@id":"https:\/\/leregardlibre.com\/politique\/etat-profond-historique\/"},"wordCount":2232,"commentCount":0,"publisher":{"@id":"https:\/\/leregardlibre.com\/#organization"},"image":{"@id":"https:\/\/leregardlibre.com\/politique\/etat-profond-historique\/#primaryimage"},"thumbnailUrl":"https:\/\/leregardlibre.com\/wp-content\/uploads\/2025\/02\/laccession-de-donald-trump-a-la-presidence-americaine-a-marque-la-propagation-de-lusage-de-lexpression-detat-profond-dans-le-debat-public--photo-david-todd-mccarty-via-unsplash-e1740502048575.jpg","keywords":["Donald Trump","Eclairage","Etats-Unis","Turquie"],"articleSection":["Politique"],"inLanguage":"en-US","potentialAction":[{"@type":"CommentAction","name":"Comment","target":["https:\/\/leregardlibre.com\/politique\/etat-profond-historique\/#respond"]}]},{"@type":"WebPage","@id":"https:\/\/leregardlibre.com\/politique\/etat-profond-historique\/","url":"https:\/\/leregardlibre.com\/politique\/etat-profond-historique\/","name":"\u00abDeep state\u00bb: the journey of a concept","isPartOf":{"@id":"https:\/\/leregardlibre.com\/#website"},"primaryImageOfPage":{"@id":"https:\/\/leregardlibre.com\/politique\/etat-profond-historique\/#primaryimage"},"image":{"@id":"https:\/\/leregardlibre.com\/politique\/etat-profond-historique\/#primaryimage"},"thumbnailUrl":"https:\/\/leregardlibre.com\/wp-content\/uploads\/2025\/02\/laccession-de-donald-trump-a-la-presidence-americaine-a-marque-la-propagation-de-lusage-de-lexpression-detat-profond-dans-le-debat-public--photo-david-todd-mccarty-via-unsplash-e1740502048575.jpg","datePublished":"2025-03-02T05:00:00+00:00","description":"Frequently used by conspiracy theorists, the term \u00abDeep State\u00bb is not confined to these circles.","breadcrumb":{"@id":"https:\/\/leregardlibre.com\/politique\/etat-profond-historique\/#breadcrumb"},"inLanguage":"en-US","potentialAction":[{"@type":"ReadAction","target":["https:\/\/leregardlibre.com\/politique\/etat-profond-historique\/"]}]},{"@type":"ImageObject","inLanguage":"en-US","@id":"https:\/\/leregardlibre.com\/politique\/etat-profond-historique\/#primaryimage","url":"https:\/\/leregardlibre.com\/wp-content\/uploads\/2025\/02\/laccession-de-donald-trump-a-la-presidence-americaine-a-marque-la-propagation-de-lusage-de-lexpression-detat-profond-dans-le-debat-public--photo-david-todd-mccarty-via-unsplash-e1740502048575.jpg","contentUrl":"https:\/\/leregardlibre.com\/wp-content\/uploads\/2025\/02\/laccession-de-donald-trump-a-la-presidence-americaine-a-marque-la-propagation-de-lusage-de-lexpression-detat-profond-dans-le-debat-public--photo-david-todd-mccarty-via-unsplash-e1740502048575.jpg","width":5636,"height":3167,"caption":"L\u2019accession de Donald Trump a\u0300 la pre\u0301sidence ame\u0301ricaine a marque\u0301 la propagation de l\u2019usage de l\u2019expression d\u2019Etat profond dans le de\u0301bat public. Photo: David Todd Mccarty (via Unsplash)"},{"@type":"BreadcrumbList","@id":"https:\/\/leregardlibre.com\/politique\/etat-profond-historique\/#breadcrumb","itemListElement":[{"@type":"ListItem","position":1,"name":"Accueil","item":"https:\/\/leregardlibre.com\/"},{"@type":"ListItem","position":2,"name":"\u00abEtat profond\u00bb: voyage d\u2019un concept"}]},{"@type":"WebSite","@id":"https:\/\/leregardlibre.com\/#website","url":"https:\/\/leregardlibre.com\/","name":"Le Regard Libre","description":"Switzerland's first monthly debate magazine","publisher":{"@id":"https:\/\/leregardlibre.com\/#organization"},"potentialAction":[{"@type":"SearchAction","target":{"@type":"EntryPoint","urlTemplate":"https:\/\/leregardlibre.com\/?s={search_term_string}"},"query-input":{"@type":"PropertyValueSpecification","valueRequired":true,"valueName":"search_term_string"}}],"inLanguage":"en-US"},{"@type":"Organization","@id":"https:\/\/leregardlibre.com\/#organization","name":"Le Regard Libre","url":"https:\/\/leregardlibre.com\/","logo":{"@type":"ImageObject","inLanguage":"en-US","@id":"https:\/\/leregardlibre.com\/#\/schema\/logo\/image\/","url":"https:\/\/leregardlibre.com\/wp-content\/uploads\/2025\/08\/logo-rl-icone-neg.jpeg","contentUrl":"https:\/\/leregardlibre.com\/wp-content\/uploads\/2025\/08\/logo-rl-icone-neg.jpeg","width":557,"height":556,"caption":"Le Regard Libre"},"image":{"@id":"https:\/\/leregardlibre.com\/#\/schema\/logo\/image\/"},"sameAs":["https:\/\/www.facebook.com\/leregardlibre\/","https:\/\/x.com\/LeRegardLibre","https:\/\/www.linkedin.com\/company\/le-regard-libre","https:\/\/www.instagram.com\/leregardlibre\/","http:\/\/t.me\/leregardlibre","https:\/\/youtube.com\/channel\/UC6HzGPomj1LsUmlz-sJtITQ"],"description":"Le Regard Libre is a Swiss monthly magazine for intellectual and cultural debate. Its editorial team is young, voluntary, liberal and pluralist. The magazine appears online and in print. Its language is French.","email":"redaction@leregardlibre.com","legalName":"Le Regard Libre","foundingDate":"2014-01-01","numberOfEmployees":{"@type":"QuantitativeValue","minValue":"11","maxValue":"50"},"publishingPrinciples":"https:\/\/leregardlibre.com\/a-propos\/notre-manifeste\/","ownershipFundingInfo":"https:\/\/leregardlibre.com\/mentions-legales\/","actionableFeedbackPolicy":"https:\/\/leregardlibre.com\/conditions-generales-de-vente\/"},{"@type":"Person","@id":"https:\/\/leregardlibre.com\/#\/schema\/person\/14bbed58612467dcf1860d0aca915ab2","name":"Jean-Fran\u00e7ois Mayer","image":{"@type":"ImageObject","inLanguage":"en-US","@id":"https:\/\/secure.gravatar.com\/avatar\/0b45c206d334ccbd6965d0918bb505140df0982ed2a73078237227a7ab0daaaa?s=96&d=identicon&r=g","url":"https:\/\/secure.gravatar.com\/avatar\/0b45c206d334ccbd6965d0918bb505140df0982ed2a73078237227a7ab0daaaa?s=96&d=identicon&r=g","contentUrl":"https:\/\/secure.gravatar.com\/avatar\/0b45c206d334ccbd6965d0918bb505140df0982ed2a73078237227a7ab0daaaa?s=96&d=identicon&r=g","caption":"Jean-Fran\u00e7ois Mayer"},"description":"Historian and founder of the Religioscope Institute in Fribourg, Jean-Fran\u00e7ois Mayer specializes in new religious movements. His personal website: www.mayer.info","url":"https:\/\/leregardlibre.com\/en\/author\/jean-francois-mayer\/"}]}},"_links":{"self":[{"href":"https:\/\/leregardlibre.com\/en\/wp-json\/wp\/v2\/posts\/526767","targetHints":{"allow":["GET"]}}],"collection":[{"href":"https:\/\/leregardlibre.com\/en\/wp-json\/wp\/v2\/posts"}],"about":[{"href":"https:\/\/leregardlibre.com\/en\/wp-json\/wp\/v2\/types\/post"}],"author":[{"embeddable":true,"href":"https:\/\/leregardlibre.com\/en\/wp-json\/wp\/v2\/users\/208"}],"replies":[{"embeddable":true,"href":"https:\/\/leregardlibre.com\/en\/wp-json\/wp\/v2\/comments?post=526767"}],"version-history":[{"count":2,"href":"https:\/\/leregardlibre.com\/en\/wp-json\/wp\/v2\/posts\/526767\/revisions"}],"predecessor-version":[{"id":526815,"href":"https:\/\/leregardlibre.com\/en\/wp-json\/wp\/v2\/posts\/526767\/revisions\/526815"}],"wp:featuredmedia":[{"embeddable":true,"href":"https:\/\/leregardlibre.com\/en\/wp-json\/wp\/v2\/media\/526768"}],"wp:attachment":[{"href":"https:\/\/leregardlibre.com\/en\/wp-json\/wp\/v2\/media?parent=526767"}],"wp:term":[{"taxonomy":"category","embeddable":true,"href":"https:\/\/leregardlibre.com\/en\/wp-json\/wp\/v2\/categories?post=526767"},{"taxonomy":"post_tag","embeddable":true,"href":"https:\/\/leregardlibre.com\/en\/wp-json\/wp\/v2\/tags?post=526767"}],"curies":[{"name":"wp","href":"https:\/\/api.w.org\/{rel}","templated":true}]}}