{"id":526902,"date":"2025-03-04T10:03:00","date_gmt":"2025-03-04T09:03:00","guid":{"rendered":"https:\/\/leregardlibre.com\/?p=526902"},"modified":"2025-03-09T15:03:26","modified_gmt":"2025-03-09T14:03:26","slug":"entrepreneurs-are-a-countrys-true-wealth","status":"publish","type":"post","link":"https:\/\/leregardlibre.com\/en\/economy\/entrepreneurs-are-a-countrys-true-wealth\/","title":{"rendered":"\u00abEntrepreneurs are the real wealth of a country\u00bb.\u00bb"},"content":{"rendered":"<p class=\"has-drop-cap\"><strong>Entrepreneurs Etienne Jornod - active in the pharmaceutical industry - and L\u00e9a Miggiano - founder of Carvolution - shared their fascinating experiences of free enterprise at the opening of our special issue produced jointly with <em>Schweizer Monat<\/em>.<\/strong><\/p>\n\n\n\n<!--more-->\n\n\n\n<p>Popularizing free enterprise in Switzerland: that's the goal set by <em>Le Regard Libre<\/em> and the German-language magazine <em>Schweizer Monat<\/em> by producing the <a href=\"https:\/\/leregardlibre.com\/en\/cpt-editions\/hors-serie-5-entrepreneurial-spirit\/\">Esprit entrepreneurial\u00ab special issue\u00bb<\/a> with a variety of articles on the theme of entrepreneurship. Key elements of this issue are a series of interviews with innovative entrepreneurs from different sectors and regions of the country. This special edition was presented on March 26 in Berne as part of a <em>entrepreneur talk<\/em> featuring leading personalities.<\/p>\n\n\n\n<p>Entrepreneurs L\u00e9a Miggiano, founder and CEO of Carvolution, and Etienne Jornod, former Chairman of the Board of Directors of the NZZ Group and currently head of OM Pharma in Geneva, gave inspiring insights into the world of entrepreneurs in a roundtable discussion moderated by Ronnie Grob, editor-in-chief of <em>Schweizer Monat<\/em>, and Jonas Follonier, editor-in-chief of <em>Regard Libre<\/em>.<\/p>\n\n\n\n<figure class=\"wp-block-gallery has-nested-images columns-default is-cropped wp-block-gallery-1 is-layout-flex wp-block-gallery-is-layout-flex\">\n<figure class=\"wp-block-image size-large\"><a href=\"https:\/\/leregardlibre.com\/wp-content\/uploads\/2025\/03\/unternehmertum-32.png\"><img fetchpriority=\"high\" decoding=\"async\" width=\"768\" height=\"1024\" data-id=\"526909\" src=\"https:\/\/leregardlibre.com\/wp-content\/uploads\/2025\/03\/unternehmertum-32-768x1024.png\" alt=\"contractors\" class=\"wp-image-526909\" srcset=\"https:\/\/leregardlibre.com\/wp-content\/uploads\/2025\/03\/unternehmertum-32-768x1024.png 768w, https:\/\/leregardlibre.com\/wp-content\/uploads\/2025\/03\/unternehmertum-32-225x300.png 225w, https:\/\/leregardlibre.com\/wp-content\/uploads\/2025\/03\/unternehmertum-32-112x150.png 112w, https:\/\/leregardlibre.com\/wp-content\/uploads\/2025\/03\/unternehmertum-32-1152x1536.png 1152w, https:\/\/leregardlibre.com\/wp-content\/uploads\/2025\/03\/unternehmertum-32-1170x1561.png 1170w, https:\/\/leregardlibre.com\/wp-content\/uploads\/2025\/03\/unternehmertum-32-585x780.png 585w, https:\/\/leregardlibre.com\/wp-content\/uploads\/2025\/03\/unternehmertum-32-300x400.png 300w, https:\/\/leregardlibre.com\/wp-content\/uploads\/2025\/03\/unternehmertum-32-600x800.png 600w, https:\/\/leregardlibre.com\/wp-content\/uploads\/2025\/03\/unternehmertum-32.png 1417w\" sizes=\"(max-width: 768px) 100vw, 768px\" \/><\/a><figcaption class=\"wp-element-caption\">Photo: Selina Seiler<\/figcaption><\/figure>\n\n\n\n<figure class=\"wp-block-image size-full\"><a href=\"https:\/\/leregardlibre.com\/wp-content\/uploads\/2025\/03\/unternehmertum-17.png\"><img decoding=\"async\" width=\"1417\" height=\"1890\" data-id=\"526916\" src=\"https:\/\/leregardlibre.com\/wp-content\/uploads\/2025\/03\/unternehmertum-17.png\" alt=\"contractors\" class=\"wp-image-526916\" srcset=\"https:\/\/leregardlibre.com\/wp-content\/uploads\/2025\/03\/unternehmertum-17.png 1417w, https:\/\/leregardlibre.com\/wp-content\/uploads\/2025\/03\/unternehmertum-17-225x300.png 225w, https:\/\/leregardlibre.com\/wp-content\/uploads\/2025\/03\/unternehmertum-17-768x1024.png 768w, https:\/\/leregardlibre.com\/wp-content\/uploads\/2025\/03\/unternehmertum-17-112x150.png 112w, https:\/\/leregardlibre.com\/wp-content\/uploads\/2025\/03\/unternehmertum-17-1170x1561.png 1170w, https:\/\/leregardlibre.com\/wp-content\/uploads\/2025\/03\/unternehmertum-17-585x780.png 585w, https:\/\/leregardlibre.com\/wp-content\/uploads\/2025\/03\/unternehmertum-17-300x400.png 300w, https:\/\/leregardlibre.com\/wp-content\/uploads\/2025\/03\/unternehmertum-17-600x800.png 600w\" sizes=\"(max-width: 1417px) 100vw, 1417px\" \/><\/a><figcaption class=\"wp-element-caption\">Photo: Selina Seiler<\/figcaption><\/figure>\n<\/figure>\n\n\n\n<p> <\/p>\n\n\n\n<h3 class=\"wp-block-heading\" id=\"h-pas-de-gene-de-l-entrepreneur\">No \u00abentrepreneur gene\u00bb<\/h3>\n\n\n\n<p>Asked whether successful entrepreneurs, such as Elon Musk, can also be difficult personalities, Etienne Jornod replied: \u00abFrom my point of view, entrepreneurs are not particularly unpleasant people. Even if I wanted to, I couldn't afford to, because I'm dependent on my collaborators\u00bb.<\/p>\n\n\n\n<p>The native of Neuch\u00e2tel is convinced that \u00abthere is certainly no such thing as an entrepreneurial gene, i.e. a single quality required to succeed as an entrepreneur\u00bb. Rather, you need a multitude of skills, and always a certain amount of luck. For L\u00e9a Miggiano, it's important to have a vision, to be persistent and to want to persevere. And, she adds, you simply have to enjoy your work.<\/p>\n\n\n\n<h3 class=\"wp-block-heading\" id=\"h-l-importante-culture-de-l-echec\">A strong culture of failure<\/h3>\n\n\n\n<p>L\u00e9a Miggiano was 23 when she founded Carvolution with a group of friends. According to <em>Bilanz<\/em>, Today, she is one of the \u00ab100 richest young people in Switzerland\u00bb. She embarked on this adventure with a fundamentally positive attitude. \u00abEverything can only go well\u00bb, she said to herself: \u00abIf I fail, it will be extremely memorable and instructive. And if I succeed, it will be even more powerful.\u00bb<\/p>\n\n\n\n<p>Basler was not afraid of failure, but rather took a calculated risk. Risk analysis and measures to keep this risk at a controllable level were important to her. Today, failure is a hobby for her,\u00ab jokes the show-jumping enthusiast. What's more, after a failed first attempt, the starting situation is simply excellent for a second attempt. Etienne Jornod believes that the culture of failure is insufficient in Switzerland: \u00bbIf you don't make mistakes, you're not doing anything.\u00bb<\/p>\n\n\n\n<figure class=\"wp-block-image size-large\"><a href=\"https:\/\/leregardlibre.com\/wp-content\/uploads\/2025\/03\/unternehmertum-39-768x1024.png\"><img decoding=\"async\" width=\"768\" height=\"1024\" src=\"https:\/\/leregardlibre.com\/wp-content\/uploads\/2025\/03\/unternehmertum-39-768x1024.png\" alt=\"\" class=\"wp-image-526910\" srcset=\"https:\/\/leregardlibre.com\/wp-content\/uploads\/2025\/03\/unternehmertum-39-768x1024.png 768w, https:\/\/leregardlibre.com\/wp-content\/uploads\/2025\/03\/unternehmertum-39-225x300.png 225w, https:\/\/leregardlibre.com\/wp-content\/uploads\/2025\/03\/unternehmertum-39-112x150.png 112w, https:\/\/leregardlibre.com\/wp-content\/uploads\/2025\/03\/unternehmertum-39-1152x1536.png 1152w, https:\/\/leregardlibre.com\/wp-content\/uploads\/2025\/03\/unternehmertum-39-1170x1561.png 1170w, https:\/\/leregardlibre.com\/wp-content\/uploads\/2025\/03\/unternehmertum-39-585x780.png 585w, https:\/\/leregardlibre.com\/wp-content\/uploads\/2025\/03\/unternehmertum-39-300x400.png 300w, https:\/\/leregardlibre.com\/wp-content\/uploads\/2025\/03\/unternehmertum-39-600x800.png 600w, https:\/\/leregardlibre.com\/wp-content\/uploads\/2025\/03\/unternehmertum-39.png 1417w\" sizes=\"(max-width: 768px) 100vw, 768px\" \/><\/a><figcaption class=\"wp-element-caption\">Photo: Selina Seiler<\/figcaption><\/figure>\n\n\n\n<p>The entrepreneur spoke of the failure of the <em>NZZ<\/em> in Austria as an instructive example, when the Zurich-based media company lost several million francs. Today, however, he is convinced that it was this failure that made the subsequent success in the much larger German market possible. The <em>NZZ<\/em> now has over 60,000 paying subscribers in Germany, a much larger and more exciting market than Austria.<\/p>\n\n\n\n<p>In his party, the PLR, there used to be a lot of entrepreneurs,\u00ab explains Etienne Jornod, \u00bbbut unfortunately that's no longer the case. Since the excessive salaries of top executives, the image of entrepreneurs has massively deteriorated. Although there are many positive examples, the image has not yet been corrected. The entrepreneur takes a highly critical view of France. \u00abSince Colbert and Napoleon, we haven't understood that the real wealth of a country is its entrepreneurs,\u00bb he says. In his view, we're not there yet in Switzerland, \"but we have to be careful not to fall into that rut\". The lively discussions among the hundred or so participants continued over a sumptuous aperitif.<\/p>\n\n\n\n<h6 class=\"wp-block-heading\" id=\"h-l-article-original-de-fabian-gull-est-paru-en-allemand-dans-schweizer-monat\"><a href=\"https:\/\/schweizermonat.ch\/unternehmer-sind-der-wahre-reichtum-eines-landes\/\">The original article<\/a> by Fabian Gull appeared in German in <em>Schweizer Monat<\/em>.<\/h6>\n\n\n\n<p> <\/p>\n\n\n\n<figure class=\"wp-block-gallery alignfull has-nested-images columns-2 is-cropped wp-block-gallery-2 is-layout-flex wp-block-gallery-is-layout-flex\">\n<figure class=\"wp-block-image size-full\"><a href=\"https:\/\/leregardlibre.com\/wp-content\/uploads\/2025\/03\/unternehmertum-2-1024x768.png\"><img loading=\"lazy\" decoding=\"async\" width=\"1890\" height=\"1417\" data-id=\"526917\" src=\"https:\/\/leregardlibre.com\/wp-content\/uploads\/2025\/03\/unternehmertum-2.png\" alt=\"contractors\" class=\"wp-image-526917\" srcset=\"https:\/\/leregardlibre.com\/wp-content\/uploads\/2025\/03\/unternehmertum-2.png 1890w, https:\/\/leregardlibre.com\/wp-content\/uploads\/2025\/03\/unternehmertum-2-300x225.png 300w, https:\/\/leregardlibre.com\/wp-content\/uploads\/2025\/03\/unternehmertum-2-1024x768.png 1024w, https:\/\/leregardlibre.com\/wp-content\/uploads\/2025\/03\/unternehmertum-2-150x112.png 150w, https:\/\/leregardlibre.com\/wp-content\/uploads\/2025\/03\/unternehmertum-2-768x576.png 768w, https:\/\/leregardlibre.com\/wp-content\/uploads\/2025\/03\/unternehmertum-2-1170x877.png 1170w, https:\/\/leregardlibre.com\/wp-content\/uploads\/2025\/03\/unternehmertum-2-585x439.png 585w, https:\/\/leregardlibre.com\/wp-content\/uploads\/2025\/03\/unternehmertum-2-600x450.png 600w\" sizes=\"(max-width: 1890px) 100vw, 1890px\" \/><\/a><figcaption class=\"wp-element-caption\">Photo: Selina Seiler<\/figcaption><\/figure>\n\n\n\n<figure class=\"wp-block-image size-full\"><a href=\"https:\/\/leregardlibre.com\/wp-content\/uploads\/2025\/03\/unternehmertum-10.png\"><img loading=\"lazy\" decoding=\"async\" width=\"1417\" height=\"1890\" data-id=\"526912\" src=\"https:\/\/leregardlibre.com\/wp-content\/uploads\/2025\/03\/unternehmertum-10.png\" alt=\"\" class=\"wp-image-526912\" srcset=\"https:\/\/leregardlibre.com\/wp-content\/uploads\/2025\/03\/unternehmertum-10.png 1417w, https:\/\/leregardlibre.com\/wp-content\/uploads\/2025\/03\/unternehmertum-10-225x300.png 225w, https:\/\/leregardlibre.com\/wp-content\/uploads\/2025\/03\/unternehmertum-10-768x1024.png 768w, https:\/\/leregardlibre.com\/wp-content\/uploads\/2025\/03\/unternehmertum-10-112x150.png 112w, https:\/\/leregardlibre.com\/wp-content\/uploads\/2025\/03\/unternehmertum-10-1152x1536.png 1152w, https:\/\/leregardlibre.com\/wp-content\/uploads\/2025\/03\/unternehmertum-10-1170x1561.png 1170w, https:\/\/leregardlibre.com\/wp-content\/uploads\/2025\/03\/unternehmertum-10-585x780.png 585w, https:\/\/leregardlibre.com\/wp-content\/uploads\/2025\/03\/unternehmertum-10-300x400.png 300w, https:\/\/leregardlibre.com\/wp-content\/uploads\/2025\/03\/unternehmertum-10-600x800.png 600w\" sizes=\"(max-width: 1417px) 100vw, 1417px\" \/><\/a><figcaption class=\"wp-element-caption\">Photo: Selina Seiler<\/figcaption><\/figure>\n\n\n\n<figure class=\"wp-block-image size-full\"><a href=\"https:\/\/leregardlibre.com\/wp-content\/uploads\/2025\/03\/unternehmertum-8.png\"><img loading=\"lazy\" decoding=\"async\" width=\"1417\" height=\"1890\" data-id=\"526914\" src=\"https:\/\/leregardlibre.com\/wp-content\/uploads\/2025\/03\/unternehmertum-8.png\" alt=\"\" class=\"wp-image-526914\" srcset=\"https:\/\/leregardlibre.com\/wp-content\/uploads\/2025\/03\/unternehmertum-8.png 1417w, https:\/\/leregardlibre.com\/wp-content\/uploads\/2025\/03\/unternehmertum-8-225x300.png 225w, https:\/\/leregardlibre.com\/wp-content\/uploads\/2025\/03\/unternehmertum-8-768x1024.png 768w, https:\/\/leregardlibre.com\/wp-content\/uploads\/2025\/03\/unternehmertum-8-112x150.png 112w, https:\/\/leregardlibre.com\/wp-content\/uploads\/2025\/03\/unternehmertum-8-1152x1536.png 1152w, https:\/\/leregardlibre.com\/wp-content\/uploads\/2025\/03\/unternehmertum-8-1170x1561.png 1170w, https:\/\/leregardlibre.com\/wp-content\/uploads\/2025\/03\/unternehmertum-8-585x780.png 585w, https:\/\/leregardlibre.com\/wp-content\/uploads\/2025\/03\/unternehmertum-8-300x400.png 300w, https:\/\/leregardlibre.com\/wp-content\/uploads\/2025\/03\/unternehmertum-8-600x800.png 600w\" sizes=\"(max-width: 1417px) 100vw, 1417px\" \/><\/a><figcaption class=\"wp-element-caption\">Photo: Selina Seiler<\/figcaption><\/figure>\n\n\n\n<figure class=\"wp-block-image size-full\"><a href=\"https:\/\/leregardlibre.com\/wp-content\/uploads\/2025\/03\/unternehmertum-9-768x1024.png\"><img loading=\"lazy\" decoding=\"async\" width=\"1417\" height=\"1890\" data-id=\"526913\" src=\"https:\/\/leregardlibre.com\/wp-content\/uploads\/2025\/03\/unternehmertum-9.png\" alt=\"\" class=\"wp-image-526913\" srcset=\"https:\/\/leregardlibre.com\/wp-content\/uploads\/2025\/03\/unternehmertum-9.png 1417w, https:\/\/leregardlibre.com\/wp-content\/uploads\/2025\/03\/unternehmertum-9-225x300.png 225w, https:\/\/leregardlibre.com\/wp-content\/uploads\/2025\/03\/unternehmertum-9-768x1024.png 768w, https:\/\/leregardlibre.com\/wp-content\/uploads\/2025\/03\/unternehmertum-9-112x150.png 112w, https:\/\/leregardlibre.com\/wp-content\/uploads\/2025\/03\/unternehmertum-9-1152x1536.png 1152w, https:\/\/leregardlibre.com\/wp-content\/uploads\/2025\/03\/unternehmertum-9-1170x1561.png 1170w, https:\/\/leregardlibre.com\/wp-content\/uploads\/2025\/03\/unternehmertum-9-585x780.png 585w, https:\/\/leregardlibre.com\/wp-content\/uploads\/2025\/03\/unternehmertum-9-300x400.png 300w, https:\/\/leregardlibre.com\/wp-content\/uploads\/2025\/03\/unternehmertum-9-600x800.png 600w\" sizes=\"(max-width: 1417px) 100vw, 1417px\" \/><\/a><figcaption class=\"wp-element-caption\">Photo: Selina Seiler<\/figcaption><\/figure>\n\n\n\n<figure class=\"wp-block-image size-full\"><a href=\"https:\/\/leregardlibre.com\/wp-content\/uploads\/2025\/03\/unternehmertum-4.png\"><img loading=\"lazy\" decoding=\"async\" width=\"1417\" height=\"1890\" data-id=\"526911\" src=\"https:\/\/leregardlibre.com\/wp-content\/uploads\/2025\/03\/unternehmertum-4.png\" alt=\"\" class=\"wp-image-526911\" srcset=\"https:\/\/leregardlibre.com\/wp-content\/uploads\/2025\/03\/unternehmertum-4.png 1417w, https:\/\/leregardlibre.com\/wp-content\/uploads\/2025\/03\/unternehmertum-4-225x300.png 225w, https:\/\/leregardlibre.com\/wp-content\/uploads\/2025\/03\/unternehmertum-4-768x1024.png 768w, https:\/\/leregardlibre.com\/wp-content\/uploads\/2025\/03\/unternehmertum-4-112x150.png 112w, https:\/\/leregardlibre.com\/wp-content\/uploads\/2025\/03\/unternehmertum-4-1152x1536.png 1152w, https:\/\/leregardlibre.com\/wp-content\/uploads\/2025\/03\/unternehmertum-4-1170x1561.png 1170w, https:\/\/leregardlibre.com\/wp-content\/uploads\/2025\/03\/unternehmertum-4-585x780.png 585w, https:\/\/leregardlibre.com\/wp-content\/uploads\/2025\/03\/unternehmertum-4-300x400.png 300w, https:\/\/leregardlibre.com\/wp-content\/uploads\/2025\/03\/unternehmertum-4-600x800.png 600w\" sizes=\"(max-width: 1417px) 100vw, 1417px\" \/><\/a><figcaption class=\"wp-element-caption\">Photo: Selina Seiler<\/figcaption><\/figure>\n\n\n\n<figure class=\"wp-block-image size-full\"><img loading=\"lazy\" decoding=\"async\" width=\"1417\" height=\"1890\" data-id=\"526918\" src=\"https:\/\/leregardlibre.com\/wp-content\/uploads\/2025\/03\/unternehmertum-12.png\" alt=\"\" class=\"wp-image-526918\" srcset=\"https:\/\/leregardlibre.com\/wp-content\/uploads\/2025\/03\/unternehmertum-12.png 1417w, https:\/\/leregardlibre.com\/wp-content\/uploads\/2025\/03\/unternehmertum-12-225x300.png 225w, https:\/\/leregardlibre.com\/wp-content\/uploads\/2025\/03\/unternehmertum-12-768x1024.png 768w, https:\/\/leregardlibre.com\/wp-content\/uploads\/2025\/03\/unternehmertum-12-112x150.png 112w, https:\/\/leregardlibre.com\/wp-content\/uploads\/2025\/03\/unternehmertum-12-1170x1561.png 1170w, https:\/\/leregardlibre.com\/wp-content\/uploads\/2025\/03\/unternehmertum-12-585x780.png 585w, https:\/\/leregardlibre.com\/wp-content\/uploads\/2025\/03\/unternehmertum-12-300x400.png 300w, https:\/\/leregardlibre.com\/wp-content\/uploads\/2025\/03\/unternehmertum-12-600x800.png 600w\" sizes=\"(max-width: 1417px) 100vw, 1417px\" \/><figcaption class=\"wp-element-caption\">Photo: Selina Seiler<\/figcaption><\/figure>\n\n\n\n<figure class=\"wp-block-image size-full\"><a href=\"https:\/\/leregardlibre.com\/wp-content\/uploads\/2025\/03\/unternehmertum-14.png\"><img loading=\"lazy\" decoding=\"async\" width=\"1417\" height=\"1890\" data-id=\"526937\" src=\"https:\/\/leregardlibre.com\/wp-content\/uploads\/2025\/03\/unternehmertum-14.png\" alt=\"contractors\" class=\"wp-image-526937\" srcset=\"https:\/\/leregardlibre.com\/wp-content\/uploads\/2025\/03\/unternehmertum-14.png 1417w, https:\/\/leregardlibre.com\/wp-content\/uploads\/2025\/03\/unternehmertum-14-225x300.png 225w, https:\/\/leregardlibre.com\/wp-content\/uploads\/2025\/03\/unternehmertum-14-768x1024.png 768w, https:\/\/leregardlibre.com\/wp-content\/uploads\/2025\/03\/unternehmertum-14-112x150.png 112w, https:\/\/leregardlibre.com\/wp-content\/uploads\/2025\/03\/unternehmertum-14-1170x1561.png 1170w, https:\/\/leregardlibre.com\/wp-content\/uploads\/2025\/03\/unternehmertum-14-585x780.png 585w, https:\/\/leregardlibre.com\/wp-content\/uploads\/2025\/03\/unternehmertum-14-300x400.png 300w, https:\/\/leregardlibre.com\/wp-content\/uploads\/2025\/03\/unternehmertum-14-600x800.png 600w\" sizes=\"(max-width: 1417px) 100vw, 1417px\" \/><\/a><figcaption class=\"wp-element-caption\">Photo: Selina Seiler<\/figcaption><\/figure>\n\n\n\n<figure class=\"wp-block-image size-full\"><a href=\"https:\/\/leregardlibre.com\/wp-content\/uploads\/2025\/03\/unternehmertum-37.png\"><img loading=\"lazy\" decoding=\"async\" width=\"1417\" height=\"1890\" data-id=\"526938\" src=\"https:\/\/leregardlibre.com\/wp-content\/uploads\/2025\/03\/unternehmertum-37.png\" alt=\"contractors\" class=\"wp-image-526938\" srcset=\"https:\/\/leregardlibre.com\/wp-content\/uploads\/2025\/03\/unternehmertum-37.png 1417w, https:\/\/leregardlibre.com\/wp-content\/uploads\/2025\/03\/unternehmertum-37-225x300.png 225w, https:\/\/leregardlibre.com\/wp-content\/uploads\/2025\/03\/unternehmertum-37-768x1024.png 768w, https:\/\/leregardlibre.com\/wp-content\/uploads\/2025\/03\/unternehmertum-37-112x150.png 112w, https:\/\/leregardlibre.com\/wp-content\/uploads\/2025\/03\/unternehmertum-37-1170x1561.png 1170w, https:\/\/leregardlibre.com\/wp-content\/uploads\/2025\/03\/unternehmertum-37-585x780.png 585w, https:\/\/leregardlibre.com\/wp-content\/uploads\/2025\/03\/unternehmertum-37-300x400.png 300w, https:\/\/leregardlibre.com\/wp-content\/uploads\/2025\/03\/unternehmertum-37-600x800.png 600w\" sizes=\"(max-width: 1417px) 100vw, 1417px\" \/><\/a><figcaption class=\"wp-element-caption\">Photo: Selina Seiler<\/figcaption><\/figure>\n<\/figure>\n\n\n\n<div style=\"height:10px\" aria-hidden=\"true\" class=\"wp-block-spacer\"><\/div>","protected":false},"excerpt":{"rendered":"<p>Entrepreneurs Etienne Jornod - active in pharma - and L\u00e9a Miggiano - founder of Carvolution - shared their fascinating experiences of free enterprise at the opening of our special issue produced jointly with Schweizer Monat.<\/p>","protected":false},"author":1,"featured_media":526915,"comment_status":"open","ping_status":"closed","sticky":false,"template":"","format":"standard","meta":{"_acf_changed":false,"footnotes":""},"categories":[27371],"tags":[],"class_list":["post-526902","post","type-post","status-publish","format-standard","has-post-thumbnail","hentry","category-economie"],"acf":[],"yoast_head":"<!-- This site is optimized with the Yoast SEO Premium plugin v27.4 (Yoast SEO v27.4) - https:\/\/yoast.com\/product\/yoast-seo-premium-wordpress\/ -->\n<title>\u00abLes entrepreneurs sont la vraie richesse d\u2019un pays\u00bb<\/title>\n<meta name=\"description\" content=\"Les entrepreneurs Etienne Jornod (OM Pharma) et L\u00e9a Miggiano (Carvolution) ont partag\u00e9 leurs exp\u00e9riences passionnantes de la libre entreprise.\" \/>\n<meta name=\"robots\" content=\"index, follow, max-snippet:-1, max-image-preview:large, max-video-preview:-1\" \/>\n<link rel=\"canonical\" href=\"https:\/\/leregardlibre.com\/en\/economy\/entrepreneurs-are-a-countrys-true-wealth\/\" \/>\n<meta property=\"og:locale\" content=\"en_US\" \/>\n<meta property=\"og:type\" content=\"article\" \/>\n<meta property=\"og:title\" content=\"\u00abLes entrepreneurs sont la vraie richesse d\u2019un pays\u00bb\" \/>\n<meta property=\"og:description\" content=\"Les entrepreneurs Etienne Jornod (OM Pharma) et L\u00e9a Miggiano (Carvolution) ont partag\u00e9 leurs exp\u00e9riences passionnantes de la libre entreprise.\" \/>\n<meta property=\"og:url\" content=\"https:\/\/leregardlibre.com\/en\/economy\/entrepreneurs-are-a-countrys-true-wealth\/\" \/>\n<meta property=\"og:site_name\" content=\"Le Regard Libre\" \/>\n<meta property=\"article:publisher\" content=\"https:\/\/www.facebook.com\/leregardlibre\/\" \/>\n<meta property=\"article:published_time\" content=\"2025-03-04T09:03:00+00:00\" \/>\n<meta property=\"article:modified_time\" content=\"2025-03-09T14:03:26+00:00\" \/>\n<meta property=\"og:image\" content=\"https:\/\/leregardlibre.com\/wp-content\/uploads\/2025\/03\/unternehmertum-3-1024x768.png\" \/>\n\t<meta property=\"og:image:width\" content=\"1024\" \/>\n\t<meta property=\"og:image:height\" content=\"768\" \/>\n\t<meta property=\"og:image:type\" content=\"image\/png\" \/>\n<meta name=\"author\" content=\"Le Regard Libre\" \/>\n<meta name=\"twitter:card\" content=\"summary_large_image\" \/>\n<meta name=\"twitter:creator\" content=\"@LeRegardLibre\" \/>\n<meta name=\"twitter:site\" content=\"@LeRegardLibre\" \/>\n<meta name=\"twitter:label1\" content=\"Written by\" \/>\n\t<meta name=\"twitter:data1\" content=\"Le Regard Libre\" \/>\n\t<meta name=\"twitter:label2\" content=\"Est. reading time\" \/>\n\t<meta name=\"twitter:data2\" content=\"6 minutes\" \/>\n<script type=\"application\/ld+json\" class=\"yoast-schema-graph\">{\"@context\":\"https:\\\/\\\/schema.org\",\"@graph\":[{\"@type\":\"Article\",\"@id\":\"https:\\\/\\\/leregardlibre.com\\\/economie\\\/les-entrepreneurs-sont-la-vraie-richesse-dun-pays\\\/#article\",\"isPartOf\":{\"@id\":\"https:\\\/\\\/leregardlibre.com\\\/economie\\\/les-entrepreneurs-sont-la-vraie-richesse-dun-pays\\\/\"},\"author\":{\"name\":\"Le Regard Libre\",\"@id\":\"https:\\\/\\\/leregardlibre.com\\\/#\\\/schema\\\/person\\\/68aceea2de84966d0928b49556d54101\"},\"headline\":\"\u00abLes entrepreneurs sont la vraie richesse d\u2019un pays\u00bb\",\"datePublished\":\"2025-03-04T09:03:00+00:00\",\"dateModified\":\"2025-03-09T14:03:26+00:00\",\"mainEntityOfPage\":{\"@id\":\"https:\\\/\\\/leregardlibre.com\\\/economie\\\/les-entrepreneurs-sont-la-vraie-richesse-dun-pays\\\/\"},\"wordCount\":837,\"commentCount\":0,\"publisher\":{\"@id\":\"https:\\\/\\\/leregardlibre.com\\\/#organization\"},\"image\":{\"@id\":\"https:\\\/\\\/leregardlibre.com\\\/economie\\\/les-entrepreneurs-sont-la-vraie-richesse-dun-pays\\\/#primaryimage\"},\"thumbnailUrl\":\"https:\\\/\\\/leregardlibre.com\\\/wp-content\\\/uploads\\\/2025\\\/03\\\/unternehmertum-3.png\",\"articleSection\":[\"Economie\"],\"inLanguage\":\"en-US\",\"potentialAction\":[{\"@type\":\"CommentAction\",\"name\":\"Comment\",\"target\":[\"https:\\\/\\\/leregardlibre.com\\\/economie\\\/les-entrepreneurs-sont-la-vraie-richesse-dun-pays\\\/#respond\"]}]},{\"@type\":\"WebPage\",\"@id\":\"https:\\\/\\\/leregardlibre.com\\\/economie\\\/les-entrepreneurs-sont-la-vraie-richesse-dun-pays\\\/\",\"url\":\"https:\\\/\\\/leregardlibre.com\\\/economie\\\/les-entrepreneurs-sont-la-vraie-richesse-dun-pays\\\/\",\"name\":\"\u00abLes entrepreneurs sont la vraie richesse d\u2019un pays\u00bb\",\"isPartOf\":{\"@id\":\"https:\\\/\\\/leregardlibre.com\\\/#website\"},\"primaryImageOfPage\":{\"@id\":\"https:\\\/\\\/leregardlibre.com\\\/economie\\\/les-entrepreneurs-sont-la-vraie-richesse-dun-pays\\\/#primaryimage\"},\"image\":{\"@id\":\"https:\\\/\\\/leregardlibre.com\\\/economie\\\/les-entrepreneurs-sont-la-vraie-richesse-dun-pays\\\/#primaryimage\"},\"thumbnailUrl\":\"https:\\\/\\\/leregardlibre.com\\\/wp-content\\\/uploads\\\/2025\\\/03\\\/unternehmertum-3.png\",\"datePublished\":\"2025-03-04T09:03:00+00:00\",\"dateModified\":\"2025-03-09T14:03:26+00:00\",\"description\":\"Les entrepreneurs Etienne Jornod (OM Pharma) et L\u00e9a Miggiano (Carvolution) ont partag\u00e9 leurs exp\u00e9riences passionnantes de la libre entreprise.\",\"breadcrumb\":{\"@id\":\"https:\\\/\\\/leregardlibre.com\\\/economie\\\/les-entrepreneurs-sont-la-vraie-richesse-dun-pays\\\/#breadcrumb\"},\"inLanguage\":\"en-US\",\"potentialAction\":[{\"@type\":\"ReadAction\",\"target\":[\"https:\\\/\\\/leregardlibre.com\\\/economie\\\/les-entrepreneurs-sont-la-vraie-richesse-dun-pays\\\/\"]}]},{\"@type\":\"ImageObject\",\"inLanguage\":\"en-US\",\"@id\":\"https:\\\/\\\/leregardlibre.com\\\/economie\\\/les-entrepreneurs-sont-la-vraie-richesse-dun-pays\\\/#primaryimage\",\"url\":\"https:\\\/\\\/leregardlibre.com\\\/wp-content\\\/uploads\\\/2025\\\/03\\\/unternehmertum-3.png\",\"contentUrl\":\"https:\\\/\\\/leregardlibre.com\\\/wp-content\\\/uploads\\\/2025\\\/03\\\/unternehmertum-3.png\",\"width\":1890,\"height\":1417,\"caption\":\"Les entrepreneurs Etienne Jornod et L\u00e9a Miggiano au vernissage du num\u00e9ro sp\u00e9cial \u00abVive l\u2019esprit d\u2019entreprise!\u00bb des magazines Le Regard Libre et Schweizer Monat, \u00e0 Berne, mercredi dernier.\"},{\"@type\":\"BreadcrumbList\",\"@id\":\"https:\\\/\\\/leregardlibre.com\\\/economie\\\/les-entrepreneurs-sont-la-vraie-richesse-dun-pays\\\/#breadcrumb\",\"itemListElement\":[{\"@type\":\"ListItem\",\"position\":1,\"name\":\"Accueil\",\"item\":\"https:\\\/\\\/leregardlibre.com\\\/\"},{\"@type\":\"ListItem\",\"position\":2,\"name\":\"\u00abLes entrepreneurs sont la vraie richesse d\u2019un pays\u00bb\"}]},{\"@type\":\"WebSite\",\"@id\":\"https:\\\/\\\/leregardlibre.com\\\/#website\",\"url\":\"https:\\\/\\\/leregardlibre.com\\\/\",\"name\":\"Le Regard Libre\",\"description\":\"Premier mensuel suisse de d\u00e9bat\",\"publisher\":{\"@id\":\"https:\\\/\\\/leregardlibre.com\\\/#organization\"},\"potentialAction\":[{\"@type\":\"SearchAction\",\"target\":{\"@type\":\"EntryPoint\",\"urlTemplate\":\"https:\\\/\\\/leregardlibre.com\\\/?s={search_term_string}\"},\"query-input\":{\"@type\":\"PropertyValueSpecification\",\"valueRequired\":true,\"valueName\":\"search_term_string\"}}],\"inLanguage\":\"en-US\"},{\"@type\":\"Organization\",\"@id\":\"https:\\\/\\\/leregardlibre.com\\\/#organization\",\"name\":\"Le Regard Libre\",\"url\":\"https:\\\/\\\/leregardlibre.com\\\/\",\"logo\":{\"@type\":\"ImageObject\",\"inLanguage\":\"en-US\",\"@id\":\"https:\\\/\\\/leregardlibre.com\\\/#\\\/schema\\\/logo\\\/image\\\/\",\"url\":\"https:\\\/\\\/leregardlibre.com\\\/wp-content\\\/uploads\\\/2025\\\/08\\\/logo-rl-icone-neg.jpeg\",\"contentUrl\":\"https:\\\/\\\/leregardlibre.com\\\/wp-content\\\/uploads\\\/2025\\\/08\\\/logo-rl-icone-neg.jpeg\",\"width\":557,\"height\":556,\"caption\":\"Le Regard Libre\"},\"image\":{\"@id\":\"https:\\\/\\\/leregardlibre.com\\\/#\\\/schema\\\/logo\\\/image\\\/\"},\"sameAs\":[\"https:\\\/\\\/www.facebook.com\\\/leregardlibre\\\/\",\"https:\\\/\\\/x.com\\\/LeRegardLibre\",\"https:\\\/\\\/www.linkedin.com\\\/company\\\/le-regard-libre\",\"https:\\\/\\\/www.instagram.com\\\/leregardlibre\\\/\",\"http:\\\/\\\/t.me\\\/leregardlibre\",\"https:\\\/\\\/youtube.com\\\/channel\\\/UC6HzGPomj1LsUmlz-sJtITQ\"],\"description\":\"Le Regard Libre est un mensuel suisse de d\u00e9bat intellectuel et culturel. Sa r\u00e9daction est jeune, b\u00e9n\u00e9vole, lib\u00e9rale et pluraliste. Le magazine para\u00eet en ligne et sous forme papier. Sa langue est le fran\u00e7ais.\",\"email\":\"redaction@leregardlibre.com\",\"legalName\":\"Le Regard Libre\",\"foundingDate\":\"2014-01-01\",\"numberOfEmployees\":{\"@type\":\"QuantitativeValue\",\"minValue\":\"11\",\"maxValue\":\"50\"},\"publishingPrinciples\":\"https:\\\/\\\/leregardlibre.com\\\/a-propos\\\/notre-manifeste\\\/\",\"ownershipFundingInfo\":\"https:\\\/\\\/leregardlibre.com\\\/mentions-legales\\\/\",\"actionableFeedbackPolicy\":\"https:\\\/\\\/leregardlibre.com\\\/conditions-generales-de-vente\\\/\"},{\"@type\":\"Person\",\"@id\":\"https:\\\/\\\/leregardlibre.com\\\/#\\\/schema\\\/person\\\/68aceea2de84966d0928b49556d54101\",\"name\":\"Le Regard Libre\",\"image\":{\"@type\":\"ImageObject\",\"inLanguage\":\"en-US\",\"@id\":\"https:\\\/\\\/secure.gravatar.com\\\/avatar\\\/ccf13a262e399e026577c8158b11cbdef98921ac28fa06bc0d43a2d0e2a4a1c0?s=96&d=identicon&r=g\",\"url\":\"https:\\\/\\\/secure.gravatar.com\\\/avatar\\\/ccf13a262e399e026577c8158b11cbdef98921ac28fa06bc0d43a2d0e2a4a1c0?s=96&d=identicon&r=g\",\"contentUrl\":\"https:\\\/\\\/secure.gravatar.com\\\/avatar\\\/ccf13a262e399e026577c8158b11cbdef98921ac28fa06bc0d43a2d0e2a4a1c0?s=96&d=identicon&r=g\",\"caption\":\"Le Regard Libre\"},\"description\":\"Premier mensuel suisse de d\u00e9bat\",\"sameAs\":[\"https:\\\/\\\/fr.wikipedia.org\\\/wiki\\\/Le_Regard_libre\"],\"url\":\"https:\\\/\\\/leregardlibre.com\\\/en\\\/author\\\/leregardlibre\\\/\"}]}<\/script>\n<!-- \/ Yoast SEO Premium plugin. -->","yoast_head_json":{"title":"\u00abEntrepreneurs are the real wealth of a country\u00bb.\u00bb","description":"Entrepreneurs Etienne Jornod (OM Pharma) and L\u00e9a Miggiano (Carvolution) shared their fascinating experiences of free enterprise.","robots":{"index":"index","follow":"follow","max-snippet":"max-snippet:-1","max-image-preview":"max-image-preview:large","max-video-preview":"max-video-preview:-1"},"canonical":"https:\/\/leregardlibre.com\/en\/economy\/entrepreneurs-are-a-countrys-true-wealth\/","og_locale":"en_US","og_type":"article","og_title":"\u00abLes entrepreneurs sont la vraie richesse d\u2019un pays\u00bb","og_description":"Les entrepreneurs Etienne Jornod (OM Pharma) et L\u00e9a Miggiano (Carvolution) ont partag\u00e9 leurs exp\u00e9riences passionnantes de la libre entreprise.","og_url":"https:\/\/leregardlibre.com\/en\/economy\/entrepreneurs-are-a-countrys-true-wealth\/","og_site_name":"Le Regard Libre","article_publisher":"https:\/\/www.facebook.com\/leregardlibre\/","article_published_time":"2025-03-04T09:03:00+00:00","article_modified_time":"2025-03-09T14:03:26+00:00","og_image":[{"width":1024,"height":768,"url":"https:\/\/leregardlibre.com\/wp-content\/uploads\/2025\/03\/unternehmertum-3-1024x768.png","type":"image\/png"}],"author":"Le Regard Libre","twitter_card":"summary_large_image","twitter_creator":"@LeRegardLibre","twitter_site":"@LeRegardLibre","twitter_misc":{"Written by":"Le Regard Libre","Est. reading time":"6 minutes"},"schema":{"@context":"https:\/\/schema.org","@graph":[{"@type":"Article","@id":"https:\/\/leregardlibre.com\/economie\/les-entrepreneurs-sont-la-vraie-richesse-dun-pays\/#article","isPartOf":{"@id":"https:\/\/leregardlibre.com\/economie\/les-entrepreneurs-sont-la-vraie-richesse-dun-pays\/"},"author":{"name":"Le Regard Libre","@id":"https:\/\/leregardlibre.com\/#\/schema\/person\/68aceea2de84966d0928b49556d54101"},"headline":"\u00abLes entrepreneurs sont la vraie richesse d\u2019un pays\u00bb","datePublished":"2025-03-04T09:03:00+00:00","dateModified":"2025-03-09T14:03:26+00:00","mainEntityOfPage":{"@id":"https:\/\/leregardlibre.com\/economie\/les-entrepreneurs-sont-la-vraie-richesse-dun-pays\/"},"wordCount":837,"commentCount":0,"publisher":{"@id":"https:\/\/leregardlibre.com\/#organization"},"image":{"@id":"https:\/\/leregardlibre.com\/economie\/les-entrepreneurs-sont-la-vraie-richesse-dun-pays\/#primaryimage"},"thumbnailUrl":"https:\/\/leregardlibre.com\/wp-content\/uploads\/2025\/03\/unternehmertum-3.png","articleSection":["Economie"],"inLanguage":"en-US","potentialAction":[{"@type":"CommentAction","name":"Comment","target":["https:\/\/leregardlibre.com\/economie\/les-entrepreneurs-sont-la-vraie-richesse-dun-pays\/#respond"]}]},{"@type":"WebPage","@id":"https:\/\/leregardlibre.com\/economie\/les-entrepreneurs-sont-la-vraie-richesse-dun-pays\/","url":"https:\/\/leregardlibre.com\/economie\/les-entrepreneurs-sont-la-vraie-richesse-dun-pays\/","name":"\u00abEntrepreneurs are the real wealth of a country\u00bb.\u00bb","isPartOf":{"@id":"https:\/\/leregardlibre.com\/#website"},"primaryImageOfPage":{"@id":"https:\/\/leregardlibre.com\/economie\/les-entrepreneurs-sont-la-vraie-richesse-dun-pays\/#primaryimage"},"image":{"@id":"https:\/\/leregardlibre.com\/economie\/les-entrepreneurs-sont-la-vraie-richesse-dun-pays\/#primaryimage"},"thumbnailUrl":"https:\/\/leregardlibre.com\/wp-content\/uploads\/2025\/03\/unternehmertum-3.png","datePublished":"2025-03-04T09:03:00+00:00","dateModified":"2025-03-09T14:03:26+00:00","description":"Entrepreneurs Etienne Jornod (OM Pharma) and L\u00e9a Miggiano (Carvolution) shared their fascinating experiences of free enterprise.","breadcrumb":{"@id":"https:\/\/leregardlibre.com\/economie\/les-entrepreneurs-sont-la-vraie-richesse-dun-pays\/#breadcrumb"},"inLanguage":"en-US","potentialAction":[{"@type":"ReadAction","target":["https:\/\/leregardlibre.com\/economie\/les-entrepreneurs-sont-la-vraie-richesse-dun-pays\/"]}]},{"@type":"ImageObject","inLanguage":"en-US","@id":"https:\/\/leregardlibre.com\/economie\/les-entrepreneurs-sont-la-vraie-richesse-dun-pays\/#primaryimage","url":"https:\/\/leregardlibre.com\/wp-content\/uploads\/2025\/03\/unternehmertum-3.png","contentUrl":"https:\/\/leregardlibre.com\/wp-content\/uploads\/2025\/03\/unternehmertum-3.png","width":1890,"height":1417,"caption":"Les entrepreneurs Etienne Jornod et L\u00e9a Miggiano au vernissage du num\u00e9ro sp\u00e9cial \u00abVive l\u2019esprit d\u2019entreprise!\u00bb des magazines Le Regard Libre et Schweizer Monat, \u00e0 Berne, mercredi dernier."},{"@type":"BreadcrumbList","@id":"https:\/\/leregardlibre.com\/economie\/les-entrepreneurs-sont-la-vraie-richesse-dun-pays\/#breadcrumb","itemListElement":[{"@type":"ListItem","position":1,"name":"Accueil","item":"https:\/\/leregardlibre.com\/"},{"@type":"ListItem","position":2,"name":"\u00abLes entrepreneurs sont la vraie richesse d\u2019un pays\u00bb"}]},{"@type":"WebSite","@id":"https:\/\/leregardlibre.com\/#website","url":"https:\/\/leregardlibre.com\/","name":"Le Regard Libre","description":"Switzerland's first monthly debate magazine","publisher":{"@id":"https:\/\/leregardlibre.com\/#organization"},"potentialAction":[{"@type":"SearchAction","target":{"@type":"EntryPoint","urlTemplate":"https:\/\/leregardlibre.com\/?s={search_term_string}"},"query-input":{"@type":"PropertyValueSpecification","valueRequired":true,"valueName":"search_term_string"}}],"inLanguage":"en-US"},{"@type":"Organization","@id":"https:\/\/leregardlibre.com\/#organization","name":"Le Regard Libre","url":"https:\/\/leregardlibre.com\/","logo":{"@type":"ImageObject","inLanguage":"en-US","@id":"https:\/\/leregardlibre.com\/#\/schema\/logo\/image\/","url":"https:\/\/leregardlibre.com\/wp-content\/uploads\/2025\/08\/logo-rl-icone-neg.jpeg","contentUrl":"https:\/\/leregardlibre.com\/wp-content\/uploads\/2025\/08\/logo-rl-icone-neg.jpeg","width":557,"height":556,"caption":"Le Regard Libre"},"image":{"@id":"https:\/\/leregardlibre.com\/#\/schema\/logo\/image\/"},"sameAs":["https:\/\/www.facebook.com\/leregardlibre\/","https:\/\/x.com\/LeRegardLibre","https:\/\/www.linkedin.com\/company\/le-regard-libre","https:\/\/www.instagram.com\/leregardlibre\/","http:\/\/t.me\/leregardlibre","https:\/\/youtube.com\/channel\/UC6HzGPomj1LsUmlz-sJtITQ"],"description":"Le Regard Libre is a Swiss monthly magazine for intellectual and cultural debate. Its editorial team is young, voluntary, liberal and pluralist. The magazine appears online and in print. Its language is French.","email":"redaction@leregardlibre.com","legalName":"Le Regard Libre","foundingDate":"2014-01-01","numberOfEmployees":{"@type":"QuantitativeValue","minValue":"11","maxValue":"50"},"publishingPrinciples":"https:\/\/leregardlibre.com\/a-propos\/notre-manifeste\/","ownershipFundingInfo":"https:\/\/leregardlibre.com\/mentions-legales\/","actionableFeedbackPolicy":"https:\/\/leregardlibre.com\/conditions-generales-de-vente\/"},{"@type":"Person","@id":"https:\/\/leregardlibre.com\/#\/schema\/person\/68aceea2de84966d0928b49556d54101","name":"Le Regard Libre","image":{"@type":"ImageObject","inLanguage":"en-US","@id":"https:\/\/secure.gravatar.com\/avatar\/ccf13a262e399e026577c8158b11cbdef98921ac28fa06bc0d43a2d0e2a4a1c0?s=96&d=identicon&r=g","url":"https:\/\/secure.gravatar.com\/avatar\/ccf13a262e399e026577c8158b11cbdef98921ac28fa06bc0d43a2d0e2a4a1c0?s=96&d=identicon&r=g","contentUrl":"https:\/\/secure.gravatar.com\/avatar\/ccf13a262e399e026577c8158b11cbdef98921ac28fa06bc0d43a2d0e2a4a1c0?s=96&d=identicon&r=g","caption":"Le Regard Libre"},"description":"Switzerland's first monthly debate magazine","sameAs":["https:\/\/fr.wikipedia.org\/wiki\/Le_Regard_libre"],"url":"https:\/\/leregardlibre.com\/en\/author\/leregardlibre\/"}]}},"_links":{"self":[{"href":"https:\/\/leregardlibre.com\/en\/wp-json\/wp\/v2\/posts\/526902","targetHints":{"allow":["GET"]}}],"collection":[{"href":"https:\/\/leregardlibre.com\/en\/wp-json\/wp\/v2\/posts"}],"about":[{"href":"https:\/\/leregardlibre.com\/en\/wp-json\/wp\/v2\/types\/post"}],"author":[{"embeddable":true,"href":"https:\/\/leregardlibre.com\/en\/wp-json\/wp\/v2\/users\/1"}],"replies":[{"embeddable":true,"href":"https:\/\/leregardlibre.com\/en\/wp-json\/wp\/v2\/comments?post=526902"}],"version-history":[{"count":2,"href":"https:\/\/leregardlibre.com\/en\/wp-json\/wp\/v2\/posts\/526902\/revisions"}],"predecessor-version":[{"id":527018,"href":"https:\/\/leregardlibre.com\/en\/wp-json\/wp\/v2\/posts\/526902\/revisions\/527018"}],"wp:featuredmedia":[{"embeddable":true,"href":"https:\/\/leregardlibre.com\/en\/wp-json\/wp\/v2\/media\/526915"}],"wp:attachment":[{"href":"https:\/\/leregardlibre.com\/en\/wp-json\/wp\/v2\/media?parent=526902"}],"wp:term":[{"taxonomy":"category","embeddable":true,"href":"https:\/\/leregardlibre.com\/en\/wp-json\/wp\/v2\/categories?post=526902"},{"taxonomy":"post_tag","embeddable":true,"href":"https:\/\/leregardlibre.com\/en\/wp-json\/wp\/v2\/tags?post=526902"}],"curies":[{"name":"wp","href":"https:\/\/api.w.org\/{rel}","templated":true}]}}