{"id":527248,"date":"2025-03-23T06:00:00","date_gmt":"2025-03-23T05:00:00","guid":{"rendered":"https:\/\/leregardlibre.com\/?p=527248"},"modified":"2025-03-30T09:32:34","modified_gmt":"2025-03-30T07:32:34","slug":"raison-debat-jonas-follonier","status":"publish","type":"post","link":"https:\/\/leregardlibre.com\/en\/policy\/raison-debat-jonas-follonier\/","title":{"rendered":"Neither reason without debate nor debate without reason"},"content":{"rendered":"<p class=\"has-drop-cap\"><strong>Politically correct means claiming to be right, but without opening up to debate, while politically incorrect means opening up to debate, but without taking reason into account. Two options to be rejected, because debate and reason go hand in hand.<\/strong><\/p>\n\n\n\n<!--more-->\n\n\n\n<p>Two absurd and dangerous trends are making inroads into our liberal democracies. On the side of political correctness, the time has come for \u00abreason without debate\u00bb: convinced <em>a priori<\/em> As holders of the truth, the representatives of bien-pensance call for a sorting of content on social networks, and only practice political discussion within a restricted framework ranging, to put it simply, from social-liberalism to social-liberalism. Just look at the opponents of X, the ex-Twitter. On the other hand, the politically incorrect - born at least in part as a reaction to political correctness - consists in practicing \u00abdebate without reason\u00bb: it doesn't matter what the facts are, as long as we're debating. Just look at X founder Elon Musk and a substantial number of his fans.<\/p>\n\n\n\n<h6 class=\"wp-block-heading\" id=\"h-a-lire-aussi-les-sirenes-de-la-caricature-populiste\">Read also | <a href=\"https:\/\/leregardlibre.com\/en\/policy\/trump-milei-right-europe\/\">The sirens of populist caricature<\/a><\/h6>\n\n\n\n<p>In both cases, debate and reason are misunderstood. For one cannot exist without the other. In defending rational debate as the foundation of individual and, therefore, social progress, classical liberalism defends both debate and reason. What's more, it defends their consubstantial nature.<\/p>\n\n\n\n<h3 class=\"wp-block-heading\" id=\"h-la-mise-a-l-epreuve-condition-de-la-verite\">Testing, a condition of truth<\/h3>\n\n\n\n<p>This is what we learn at the school of epistemologists Bertrand Russell and Karl Popper: philosophy and politics must function in a similar way to science. It must be possible to state any thesis, as long as it is comprehensible and can be understood. <em>falsifiable<\/em>, in the sense of <em>subject to possible refutation<\/em>. An example of a statement that can't be falsified: \u00abThere are invisible aliens at the very heart of our society, beyond our knowledge.\u00bb Since it is impossible to show that this thesis is false, it is, so to speak, gratuitous, or unscientific. We have no reason to believe it. Conversely, only theses that can be contradicted by observation are likely to be held as true - on a provisional basis - as long as there is no data to invalidate them.<\/p>\n\n\n\n<p>Because that's what science is all about: testing the most convincing <em>probable<\/em> by confronting it with the\u2019<em>experience<\/em>. One element that contradicts this hypothesis, and it is rejected in favor of a more probable one. This is also true of philosophy and politics, to avoid missing out on the tests that are the only way to improve. Entrepreneurs, to whom we dedicate this month's supplement, know this well. They owe their success to their failures.<\/p>\n\n\n\n<h3 class=\"wp-block-heading\" id=\"h-defendre-le-debat-rationnel\">Defending rational debate<\/h3>\n\n\n\n<p>In recent years, the importance of rational debate has not been sufficiently appreciated. Political correctness pushes us to claim to be right, but without opening ourselves up to debate. Political incorrectness pushes us to open up to debate, but without taking into account reason - and therefore the facts that don't suit the discourse we intend to convey. The result is a collection of would-be dictators who want to impose their views, whether at the head of a state, at the bottom of society or in an editorial office. This authoritarianism ultimately leads to the violation of individual rights - the very thing our liberal democracies are supposed to protect us against.<\/p>\n\n\n\n<p>So, to continue protecting freedom, and to preserve the society that makes this protection possible, we need to defend rational debate. And more than defending it, we must also practice it. Duly noted <em>Regard Libre<\/em>, where we try to keep the discussion going while we wait for counter-arguments. So read and write to us; we'll read and write to you.<\/p>\n\n\n\n<p><em>Write to the author:&nbsp;<a href=\"mailto:jonas.follonier@leregardlibre.com\">jonas.follonier@leregardlibre.com<\/a><\/em><\/p>\n\n\n\n<h6 class=\"wp-block-heading\" id=\"h-vous-venez-de-lire-un-editorial-en-libre-acces-tire-de-notre-edition-papier-le-regard-libre-nbsp-n-114-debats-analyses-actualites-culturelles-nbsp-abonnez-vous-nbsp-a-notre-media-de-reflexion-pour-nous-soutenir-et-avoir-acces-a-tous-nos-contenus\">You have just read an open-access editorial from our print edition (<a href=\"https:\/\/leregardlibre.com\/en\/cpt-editions\/le-regard-libre-n114-dossier-le-beau-a-t-il-un-visage\/\"><em>Le Regard Libre&nbsp;<\/em>N\u00b0114<\/a>). Debates, analyses, cultural news:&nbsp;<a href=\"https:\/\/leregardlibre.com\/en\/subscription\/\">subscribe<\/a>&nbsp;to support us and get access to all our content!<\/h6>","protected":false},"excerpt":{"rendered":"<p>Politically correct means claiming to be right, but without opening up to debate, while politically incorrect means opening up to debate, but without taking reason into account. Two options to be rejected, because debate and reason go hand in hand.<\/p>","protected":false},"author":138,"featured_media":521760,"comment_status":"open","ping_status":"closed","sticky":false,"template":"","format":"standard","meta":{"_acf_changed":false,"footnotes":""},"categories":[1001],"tags":[4155756,644357659,644356815,866284,599182],"class_list":["post-527248","post","type-post","status-publish","format-standard","has-post-thumbnail","hentry","category-politique","tag-debat-didees","tag-editoriaux","tag-elon-musk","tag-raison","tag-twitter"],"acf":[],"yoast_head":"<!-- This site is optimized with the Yoast SEO Premium plugin v27.4 (Yoast SEO v27.4) - https:\/\/yoast.com\/product\/yoast-seo-premium-wordpress\/ -->\n<title>Ni raison sans d\u00e9bat ni d\u00e9bat sans raison<\/title>\n<meta name=\"description\" content=\"Le politiquement correct pousse \u00e0 invoquer la raison sans d\u00e9bat, le politiquement incorrect \u00e0 ouvrir le d\u00e9bat sans \u00e9gard pour la raison.\" \/>\n<meta name=\"robots\" content=\"index, follow, max-snippet:-1, max-image-preview:large, max-video-preview:-1\" \/>\n<link rel=\"canonical\" href=\"https:\/\/leregardlibre.com\/en\/policy\/raison-debat-jonas-follonier\/\" \/>\n<meta property=\"og:locale\" content=\"en_US\" \/>\n<meta property=\"og:type\" content=\"article\" \/>\n<meta property=\"og:title\" content=\"Ni raison sans d\u00e9bat ni d\u00e9bat sans raison\" \/>\n<meta property=\"og:description\" content=\"Le politiquement correct pousse \u00e0 invoquer la raison sans d\u00e9bat, le politiquement incorrect \u00e0 ouvrir le d\u00e9bat sans \u00e9gard pour la raison.\" \/>\n<meta property=\"og:url\" content=\"https:\/\/leregardlibre.com\/en\/policy\/raison-debat-jonas-follonier\/\" \/>\n<meta property=\"og:site_name\" content=\"Le Regard Libre\" \/>\n<meta property=\"article:publisher\" content=\"https:\/\/www.facebook.com\/leregardlibre\/\" \/>\n<meta property=\"article:author\" content=\"https:\/\/www.facebook.com\/jonas.follonier\/\" \/>\n<meta property=\"article:published_time\" content=\"2025-03-23T05:00:00+00:00\" \/>\n<meta property=\"article:modified_time\" content=\"2025-03-30T07:32:34+00:00\" \/>\n<meta property=\"og:image\" content=\"https:\/\/leregardlibre.com\/wp-content\/uploads\/2024\/01\/jonas-follonier--dessin-de-nathanael-schmid-pour-le-regard-libre-1024x576.png\" \/>\n\t<meta property=\"og:image:width\" content=\"1024\" \/>\n\t<meta property=\"og:image:height\" content=\"576\" \/>\n\t<meta property=\"og:image:type\" content=\"image\/png\" \/>\n<meta name=\"author\" content=\"Jonas Follonier\" \/>\n<meta name=\"twitter:card\" content=\"summary_large_image\" \/>\n<meta name=\"twitter:creator\" content=\"@LeRegardLibre\" \/>\n<meta name=\"twitter:site\" content=\"@LeRegardLibre\" \/>\n<meta name=\"twitter:label1\" content=\"Written by\" \/>\n\t<meta name=\"twitter:data1\" content=\"Jonas Follonier\" \/>\n\t<meta name=\"twitter:label2\" content=\"Est. reading time\" \/>\n\t<meta name=\"twitter:data2\" content=\"4 minutes\" \/>\n<script type=\"application\/ld+json\" class=\"yoast-schema-graph\">{\"@context\":\"https:\\\/\\\/schema.org\",\"@graph\":[{\"@type\":\"Article\",\"@id\":\"https:\\\/\\\/leregardlibre.com\\\/politique\\\/raison-debat-jonas-follonier\\\/#article\",\"isPartOf\":{\"@id\":\"https:\\\/\\\/leregardlibre.com\\\/politique\\\/raison-debat-jonas-follonier\\\/\"},\"author\":{\"name\":\"Jonas Follonier\",\"@id\":\"https:\\\/\\\/leregardlibre.com\\\/#\\\/schema\\\/person\\\/bfe5aa794a23be71485d60e2d93ec0d2\"},\"headline\":\"Ni raison sans d\u00e9bat ni d\u00e9bat sans raison\",\"datePublished\":\"2025-03-23T05:00:00+00:00\",\"dateModified\":\"2025-03-30T07:32:34+00:00\",\"mainEntityOfPage\":{\"@id\":\"https:\\\/\\\/leregardlibre.com\\\/politique\\\/raison-debat-jonas-follonier\\\/\"},\"wordCount\":774,\"commentCount\":0,\"publisher\":{\"@id\":\"https:\\\/\\\/leregardlibre.com\\\/#organization\"},\"image\":{\"@id\":\"https:\\\/\\\/leregardlibre.com\\\/politique\\\/raison-debat-jonas-follonier\\\/#primaryimage\"},\"thumbnailUrl\":\"https:\\\/\\\/leregardlibre.com\\\/wp-content\\\/uploads\\\/2024\\\/01\\\/jonas-follonier--dessin-de-nathanael-schmid-pour-le-regard-libre.png\",\"keywords\":[\"D\u00e9bat d\u2019id\u00e9es\",\"Editorial\",\"Elon Musk\",\"Raison\",\"Twitter\"],\"articleSection\":[\"Politique\"],\"inLanguage\":\"en-US\",\"potentialAction\":[{\"@type\":\"CommentAction\",\"name\":\"Comment\",\"target\":[\"https:\\\/\\\/leregardlibre.com\\\/politique\\\/raison-debat-jonas-follonier\\\/#respond\"]}]},{\"@type\":\"WebPage\",\"@id\":\"https:\\\/\\\/leregardlibre.com\\\/politique\\\/raison-debat-jonas-follonier\\\/\",\"url\":\"https:\\\/\\\/leregardlibre.com\\\/politique\\\/raison-debat-jonas-follonier\\\/\",\"name\":\"Ni raison sans d\u00e9bat ni d\u00e9bat sans raison\",\"isPartOf\":{\"@id\":\"https:\\\/\\\/leregardlibre.com\\\/#website\"},\"primaryImageOfPage\":{\"@id\":\"https:\\\/\\\/leregardlibre.com\\\/politique\\\/raison-debat-jonas-follonier\\\/#primaryimage\"},\"image\":{\"@id\":\"https:\\\/\\\/leregardlibre.com\\\/politique\\\/raison-debat-jonas-follonier\\\/#primaryimage\"},\"thumbnailUrl\":\"https:\\\/\\\/leregardlibre.com\\\/wp-content\\\/uploads\\\/2024\\\/01\\\/jonas-follonier--dessin-de-nathanael-schmid-pour-le-regard-libre.png\",\"datePublished\":\"2025-03-23T05:00:00+00:00\",\"dateModified\":\"2025-03-30T07:32:34+00:00\",\"description\":\"Le politiquement correct pousse \u00e0 invoquer la raison sans d\u00e9bat, le politiquement incorrect \u00e0 ouvrir le d\u00e9bat sans \u00e9gard pour la raison.\",\"breadcrumb\":{\"@id\":\"https:\\\/\\\/leregardlibre.com\\\/politique\\\/raison-debat-jonas-follonier\\\/#breadcrumb\"},\"inLanguage\":\"en-US\",\"potentialAction\":[{\"@type\":\"ReadAction\",\"target\":[\"https:\\\/\\\/leregardlibre.com\\\/politique\\\/raison-debat-jonas-follonier\\\/\"]}]},{\"@type\":\"ImageObject\",\"inLanguage\":\"en-US\",\"@id\":\"https:\\\/\\\/leregardlibre.com\\\/politique\\\/raison-debat-jonas-follonier\\\/#primaryimage\",\"url\":\"https:\\\/\\\/leregardlibre.com\\\/wp-content\\\/uploads\\\/2024\\\/01\\\/jonas-follonier--dessin-de-nathanael-schmid-pour-le-regard-libre.png\",\"contentUrl\":\"https:\\\/\\\/leregardlibre.com\\\/wp-content\\\/uploads\\\/2024\\\/01\\\/jonas-follonier--dessin-de-nathanael-schmid-pour-le-regard-libre.png\",\"width\":1920,\"height\":1080,\"caption\":\"Dessin r\u00e9alis\u00e9 par Nathanae\u0308l Schmid pour Le Regard Libre\"},{\"@type\":\"BreadcrumbList\",\"@id\":\"https:\\\/\\\/leregardlibre.com\\\/politique\\\/raison-debat-jonas-follonier\\\/#breadcrumb\",\"itemListElement\":[{\"@type\":\"ListItem\",\"position\":1,\"name\":\"Accueil\",\"item\":\"https:\\\/\\\/leregardlibre.com\\\/\"},{\"@type\":\"ListItem\",\"position\":2,\"name\":\"Ni raison sans d\u00e9bat ni d\u00e9bat sans raison\"}]},{\"@type\":\"WebSite\",\"@id\":\"https:\\\/\\\/leregardlibre.com\\\/#website\",\"url\":\"https:\\\/\\\/leregardlibre.com\\\/\",\"name\":\"Le Regard Libre\",\"description\":\"Premier mensuel suisse de d\u00e9bat\",\"publisher\":{\"@id\":\"https:\\\/\\\/leregardlibre.com\\\/#organization\"},\"potentialAction\":[{\"@type\":\"SearchAction\",\"target\":{\"@type\":\"EntryPoint\",\"urlTemplate\":\"https:\\\/\\\/leregardlibre.com\\\/?s={search_term_string}\"},\"query-input\":{\"@type\":\"PropertyValueSpecification\",\"valueRequired\":true,\"valueName\":\"search_term_string\"}}],\"inLanguage\":\"en-US\"},{\"@type\":\"Organization\",\"@id\":\"https:\\\/\\\/leregardlibre.com\\\/#organization\",\"name\":\"Le Regard Libre\",\"url\":\"https:\\\/\\\/leregardlibre.com\\\/\",\"logo\":{\"@type\":\"ImageObject\",\"inLanguage\":\"en-US\",\"@id\":\"https:\\\/\\\/leregardlibre.com\\\/#\\\/schema\\\/logo\\\/image\\\/\",\"url\":\"https:\\\/\\\/leregardlibre.com\\\/wp-content\\\/uploads\\\/2025\\\/08\\\/logo-rl-icone-neg.jpeg\",\"contentUrl\":\"https:\\\/\\\/leregardlibre.com\\\/wp-content\\\/uploads\\\/2025\\\/08\\\/logo-rl-icone-neg.jpeg\",\"width\":557,\"height\":556,\"caption\":\"Le Regard Libre\"},\"image\":{\"@id\":\"https:\\\/\\\/leregardlibre.com\\\/#\\\/schema\\\/logo\\\/image\\\/\"},\"sameAs\":[\"https:\\\/\\\/www.facebook.com\\\/leregardlibre\\\/\",\"https:\\\/\\\/x.com\\\/LeRegardLibre\",\"https:\\\/\\\/www.linkedin.com\\\/company\\\/le-regard-libre\",\"https:\\\/\\\/www.instagram.com\\\/leregardlibre\\\/\",\"http:\\\/\\\/t.me\\\/leregardlibre\",\"https:\\\/\\\/youtube.com\\\/channel\\\/UC6HzGPomj1LsUmlz-sJtITQ\"],\"description\":\"Le Regard Libre est un mensuel suisse de d\u00e9bat intellectuel et culturel. Sa r\u00e9daction est jeune, b\u00e9n\u00e9vole, lib\u00e9rale et pluraliste. Le magazine para\u00eet en ligne et sous forme papier. Sa langue est le fran\u00e7ais.\",\"email\":\"redaction@leregardlibre.com\",\"legalName\":\"Le Regard Libre\",\"foundingDate\":\"2014-01-01\",\"numberOfEmployees\":{\"@type\":\"QuantitativeValue\",\"minValue\":\"11\",\"maxValue\":\"50\"},\"publishingPrinciples\":\"https:\\\/\\\/leregardlibre.com\\\/a-propos\\\/notre-manifeste\\\/\",\"ownershipFundingInfo\":\"https:\\\/\\\/leregardlibre.com\\\/mentions-legales\\\/\",\"actionableFeedbackPolicy\":\"https:\\\/\\\/leregardlibre.com\\\/conditions-generales-de-vente\\\/\"},{\"@type\":\"Person\",\"@id\":\"https:\\\/\\\/leregardlibre.com\\\/#\\\/schema\\\/person\\\/bfe5aa794a23be71485d60e2d93ec0d2\",\"name\":\"Jonas Follonier\",\"image\":{\"@type\":\"ImageObject\",\"inLanguage\":\"en-US\",\"@id\":\"https:\\\/\\\/secure.gravatar.com\\\/avatar\\\/602060b40f6a458420c2d140f49b6caea99152ce6704f2c332e5a0c5aad80303?s=96&d=identicon&r=g\",\"url\":\"https:\\\/\\\/secure.gravatar.com\\\/avatar\\\/602060b40f6a458420c2d140f49b6caea99152ce6704f2c332e5a0c5aad80303?s=96&d=identicon&r=g\",\"contentUrl\":\"https:\\\/\\\/secure.gravatar.com\\\/avatar\\\/602060b40f6a458420c2d140f49b6caea99152ce6704f2c332e5a0c5aad80303?s=96&d=identicon&r=g\",\"caption\":\"Jonas Follonier\"},\"description\":\"Correspondant au Palais f\u00e9d\u00e9ral pour \u00abL\u2019Agefi\u00bb, auteur-compositeur-interpr\u00e8te et essayiste, Jonas Follonier est le fondateur et r\u00e9dacteur en chef du \u00abRegard Libre\u00bb.\",\"sameAs\":[\"https:\\\/\\\/www.facebook.com\\\/jonas.follonier\\\/\",\"https:\\\/\\\/www.instagram.com\\\/jonasfollonier\\\/\",\"https:\\\/\\\/www.linkedin.com\\\/in\\\/jonasfollonier\\\/\",\"https:\\\/\\\/fr.wikipedia.org\\\/wiki\\\/Le_Regard_libre\"],\"url\":\"https:\\\/\\\/leregardlibre.com\\\/en\\\/author\\\/jonas-follonier\\\/\"}]}<\/script>\n<!-- \/ Yoast SEO Premium plugin. -->","yoast_head_json":{"title":"Neither reason without debate nor debate without reason","description":"Politically correct means invoking reason without debate, politically incorrect means opening up debate without regard for reason.","robots":{"index":"index","follow":"follow","max-snippet":"max-snippet:-1","max-image-preview":"max-image-preview:large","max-video-preview":"max-video-preview:-1"},"canonical":"https:\/\/leregardlibre.com\/en\/policy\/raison-debat-jonas-follonier\/","og_locale":"en_US","og_type":"article","og_title":"Ni raison sans d\u00e9bat ni d\u00e9bat sans raison","og_description":"Le politiquement correct pousse \u00e0 invoquer la raison sans d\u00e9bat, le politiquement incorrect \u00e0 ouvrir le d\u00e9bat sans \u00e9gard pour la raison.","og_url":"https:\/\/leregardlibre.com\/en\/policy\/raison-debat-jonas-follonier\/","og_site_name":"Le Regard Libre","article_publisher":"https:\/\/www.facebook.com\/leregardlibre\/","article_author":"https:\/\/www.facebook.com\/jonas.follonier\/","article_published_time":"2025-03-23T05:00:00+00:00","article_modified_time":"2025-03-30T07:32:34+00:00","og_image":[{"width":1024,"height":576,"url":"https:\/\/leregardlibre.com\/wp-content\/uploads\/2024\/01\/jonas-follonier--dessin-de-nathanael-schmid-pour-le-regard-libre-1024x576.png","type":"image\/png"}],"author":"Jonas Follonier","twitter_card":"summary_large_image","twitter_creator":"@LeRegardLibre","twitter_site":"@LeRegardLibre","twitter_misc":{"Written by":"Jonas Follonier","Est. reading time":"4 minutes"},"schema":{"@context":"https:\/\/schema.org","@graph":[{"@type":"Article","@id":"https:\/\/leregardlibre.com\/politique\/raison-debat-jonas-follonier\/#article","isPartOf":{"@id":"https:\/\/leregardlibre.com\/politique\/raison-debat-jonas-follonier\/"},"author":{"name":"Jonas Follonier","@id":"https:\/\/leregardlibre.com\/#\/schema\/person\/bfe5aa794a23be71485d60e2d93ec0d2"},"headline":"Ni raison sans d\u00e9bat ni d\u00e9bat sans raison","datePublished":"2025-03-23T05:00:00+00:00","dateModified":"2025-03-30T07:32:34+00:00","mainEntityOfPage":{"@id":"https:\/\/leregardlibre.com\/politique\/raison-debat-jonas-follonier\/"},"wordCount":774,"commentCount":0,"publisher":{"@id":"https:\/\/leregardlibre.com\/#organization"},"image":{"@id":"https:\/\/leregardlibre.com\/politique\/raison-debat-jonas-follonier\/#primaryimage"},"thumbnailUrl":"https:\/\/leregardlibre.com\/wp-content\/uploads\/2024\/01\/jonas-follonier--dessin-de-nathanael-schmid-pour-le-regard-libre.png","keywords":["D\u00e9bat d\u2019id\u00e9es","Editorial","Elon Musk","Raison","Twitter"],"articleSection":["Politique"],"inLanguage":"en-US","potentialAction":[{"@type":"CommentAction","name":"Comment","target":["https:\/\/leregardlibre.com\/politique\/raison-debat-jonas-follonier\/#respond"]}]},{"@type":"WebPage","@id":"https:\/\/leregardlibre.com\/politique\/raison-debat-jonas-follonier\/","url":"https:\/\/leregardlibre.com\/politique\/raison-debat-jonas-follonier\/","name":"Neither reason without debate nor debate without reason","isPartOf":{"@id":"https:\/\/leregardlibre.com\/#website"},"primaryImageOfPage":{"@id":"https:\/\/leregardlibre.com\/politique\/raison-debat-jonas-follonier\/#primaryimage"},"image":{"@id":"https:\/\/leregardlibre.com\/politique\/raison-debat-jonas-follonier\/#primaryimage"},"thumbnailUrl":"https:\/\/leregardlibre.com\/wp-content\/uploads\/2024\/01\/jonas-follonier--dessin-de-nathanael-schmid-pour-le-regard-libre.png","datePublished":"2025-03-23T05:00:00+00:00","dateModified":"2025-03-30T07:32:34+00:00","description":"Politically correct means invoking reason without debate, politically incorrect means opening up debate without regard for reason.","breadcrumb":{"@id":"https:\/\/leregardlibre.com\/politique\/raison-debat-jonas-follonier\/#breadcrumb"},"inLanguage":"en-US","potentialAction":[{"@type":"ReadAction","target":["https:\/\/leregardlibre.com\/politique\/raison-debat-jonas-follonier\/"]}]},{"@type":"ImageObject","inLanguage":"en-US","@id":"https:\/\/leregardlibre.com\/politique\/raison-debat-jonas-follonier\/#primaryimage","url":"https:\/\/leregardlibre.com\/wp-content\/uploads\/2024\/01\/jonas-follonier--dessin-de-nathanael-schmid-pour-le-regard-libre.png","contentUrl":"https:\/\/leregardlibre.com\/wp-content\/uploads\/2024\/01\/jonas-follonier--dessin-de-nathanael-schmid-pour-le-regard-libre.png","width":1920,"height":1080,"caption":"Dessin r\u00e9alis\u00e9 par Nathanae\u0308l Schmid pour Le Regard Libre"},{"@type":"BreadcrumbList","@id":"https:\/\/leregardlibre.com\/politique\/raison-debat-jonas-follonier\/#breadcrumb","itemListElement":[{"@type":"ListItem","position":1,"name":"Accueil","item":"https:\/\/leregardlibre.com\/"},{"@type":"ListItem","position":2,"name":"Ni raison sans d\u00e9bat ni d\u00e9bat sans raison"}]},{"@type":"WebSite","@id":"https:\/\/leregardlibre.com\/#website","url":"https:\/\/leregardlibre.com\/","name":"Le Regard Libre","description":"Switzerland's first monthly debate magazine","publisher":{"@id":"https:\/\/leregardlibre.com\/#organization"},"potentialAction":[{"@type":"SearchAction","target":{"@type":"EntryPoint","urlTemplate":"https:\/\/leregardlibre.com\/?s={search_term_string}"},"query-input":{"@type":"PropertyValueSpecification","valueRequired":true,"valueName":"search_term_string"}}],"inLanguage":"en-US"},{"@type":"Organization","@id":"https:\/\/leregardlibre.com\/#organization","name":"Le Regard Libre","url":"https:\/\/leregardlibre.com\/","logo":{"@type":"ImageObject","inLanguage":"en-US","@id":"https:\/\/leregardlibre.com\/#\/schema\/logo\/image\/","url":"https:\/\/leregardlibre.com\/wp-content\/uploads\/2025\/08\/logo-rl-icone-neg.jpeg","contentUrl":"https:\/\/leregardlibre.com\/wp-content\/uploads\/2025\/08\/logo-rl-icone-neg.jpeg","width":557,"height":556,"caption":"Le Regard Libre"},"image":{"@id":"https:\/\/leregardlibre.com\/#\/schema\/logo\/image\/"},"sameAs":["https:\/\/www.facebook.com\/leregardlibre\/","https:\/\/x.com\/LeRegardLibre","https:\/\/www.linkedin.com\/company\/le-regard-libre","https:\/\/www.instagram.com\/leregardlibre\/","http:\/\/t.me\/leregardlibre","https:\/\/youtube.com\/channel\/UC6HzGPomj1LsUmlz-sJtITQ"],"description":"Le Regard Libre is a Swiss monthly magazine for intellectual and cultural debate. Its editorial team is young, voluntary, liberal and pluralist. The magazine appears online and in print. Its language is French.","email":"redaction@leregardlibre.com","legalName":"Le Regard Libre","foundingDate":"2014-01-01","numberOfEmployees":{"@type":"QuantitativeValue","minValue":"11","maxValue":"50"},"publishingPrinciples":"https:\/\/leregardlibre.com\/a-propos\/notre-manifeste\/","ownershipFundingInfo":"https:\/\/leregardlibre.com\/mentions-legales\/","actionableFeedbackPolicy":"https:\/\/leregardlibre.com\/conditions-generales-de-vente\/"},{"@type":"Person","@id":"https:\/\/leregardlibre.com\/#\/schema\/person\/bfe5aa794a23be71485d60e2d93ec0d2","name":"Jonas Follonier","image":{"@type":"ImageObject","inLanguage":"en-US","@id":"https:\/\/secure.gravatar.com\/avatar\/602060b40f6a458420c2d140f49b6caea99152ce6704f2c332e5a0c5aad80303?s=96&d=identicon&r=g","url":"https:\/\/secure.gravatar.com\/avatar\/602060b40f6a458420c2d140f49b6caea99152ce6704f2c332e5a0c5aad80303?s=96&d=identicon&r=g","contentUrl":"https:\/\/secure.gravatar.com\/avatar\/602060b40f6a458420c2d140f49b6caea99152ce6704f2c332e5a0c5aad80303?s=96&d=identicon&r=g","caption":"Jonas Follonier"},"description":"Federal Palace correspondent for \u00abL'Agefi\u00bb, singer-songwriter Jonas Follonier is the founder and editor-in-chief of \u00abRegard Libre\u00bb.","sameAs":["https:\/\/www.facebook.com\/jonas.follonier\/","https:\/\/www.instagram.com\/jonasfollonier\/","https:\/\/www.linkedin.com\/in\/jonasfollonier\/","https:\/\/fr.wikipedia.org\/wiki\/Le_Regard_libre"],"url":"https:\/\/leregardlibre.com\/en\/author\/jonas-follonier\/"}]}},"_links":{"self":[{"href":"https:\/\/leregardlibre.com\/en\/wp-json\/wp\/v2\/posts\/527248","targetHints":{"allow":["GET"]}}],"collection":[{"href":"https:\/\/leregardlibre.com\/en\/wp-json\/wp\/v2\/posts"}],"about":[{"href":"https:\/\/leregardlibre.com\/en\/wp-json\/wp\/v2\/types\/post"}],"author":[{"embeddable":true,"href":"https:\/\/leregardlibre.com\/en\/wp-json\/wp\/v2\/users\/138"}],"replies":[{"embeddable":true,"href":"https:\/\/leregardlibre.com\/en\/wp-json\/wp\/v2\/comments?post=527248"}],"version-history":[{"count":2,"href":"https:\/\/leregardlibre.com\/en\/wp-json\/wp\/v2\/posts\/527248\/revisions"}],"predecessor-version":[{"id":527353,"href":"https:\/\/leregardlibre.com\/en\/wp-json\/wp\/v2\/posts\/527248\/revisions\/527353"}],"wp:featuredmedia":[{"embeddable":true,"href":"https:\/\/leregardlibre.com\/en\/wp-json\/wp\/v2\/media\/521760"}],"wp:attachment":[{"href":"https:\/\/leregardlibre.com\/en\/wp-json\/wp\/v2\/media?parent=527248"}],"wp:term":[{"taxonomy":"category","embeddable":true,"href":"https:\/\/leregardlibre.com\/en\/wp-json\/wp\/v2\/categories?post=527248"},{"taxonomy":"post_tag","embeddable":true,"href":"https:\/\/leregardlibre.com\/en\/wp-json\/wp\/v2\/tags?post=527248"}],"curies":[{"name":"wp","href":"https:\/\/api.w.org\/{rel}","templated":true}]}}