{"id":527975,"date":"2025-05-25T09:35:52","date_gmt":"2025-05-25T07:35:52","guid":{"rendered":"https:\/\/leregardlibre.com\/?p=527975"},"modified":"2025-12-25T10:49:24","modified_gmt":"2025-12-25T09:49:24","slug":"laughter-philippe-val-review","status":"publish","type":"post","link":"https:\/\/leregardlibre.com\/en\/philosophy\/laughter-philippe-val-review\/","title":{"rendered":"\u00abLaughing\u00bb with Philippe Val"},"content":{"rendered":"<p class=\"has-drop-cap\"><strong>In his essay on laughter published by Editions de l'Observatoire, the former director of <em>Charlie Hebdo<\/em> and France Inter explore what this human art tells us about the value of amazement. For further reading.<\/strong><\/p>\n\n\n\n<!--more-->\n\n\n\n<p>It's like following Sylvain Tesson's description of the snow leopard when Philippe Val warns us in the preamble to his essay: \u00abLaughter is not a domestic animal that comes when you call. It takes long hours of observation, patience, waiting and strategic approach to be lucky enough to catch a glimpse of its elusive beauty, and to marvel at its power and grace.\u00bb So the reader won't be surprised by the groping form of <em>Laugh<\/em>. As he turns the pages, he'll even recognize in this work, produced with small touches, a praise for astonishment.<\/p>\n\n\n\n<p>There's nothing innocuous about laughter, for it has something to do with astonishment. Its falsely playful lightness is a reminder of the paradoxes and surprises of this world. According to Philippe Val, it's no coincidence that the funniest people are also the most intellectually humble - those who let themselves be surprised. Such is the case of \u00abChurchill, the man who, in his time, had perhaps the greatest sense of fantasy, skepticism, tragedy and joke\u00bb, notes the author.<\/p>\n\n\n\n<h6 class=\"wp-block-heading\" id=\"h-a-lire-aussi-philippe-val-l-humour-suppose-le-sens-du-tragique\">Read also | <a href=\"https:\/\/leregardlibre.com\/en\/forum\/philippe-val-lhumour-suppose-le-sens-du-tragique\/\">Philippe Val: \u00abHumor presupposes a sense of the tragic\u00bb.\u00bb<\/a><\/h6>\n\n\n\n<p>The former director of <em>Charlie Hebdo<\/em> and France Inter goes one step further. Not only does it suggest that the personalities who laugh the least often turn out to be the least open-minded, but also - should we be astonished? - that it's among them that we find the most absurd, nonsensical and contradictory speeches. Val takes the example of Annie Ernaux:<\/p>\n\n\n\n<blockquote class=\"wp-block-quote is-layout-flow wp-block-quote-is-layout-flow\">\n<p>\u00abThe daughter of a rural tobacconist, she studied brilliantly and produced a body of work that earned her international renown, social recognition and reasonably astronomical royalties. There's nothing wrong with that; she hasn't stolen from anyone, she's won over an audience with a personal body of work that brings her the highest esteem in her country's literary and academic circles. But, true to Bourdieu's Old Testament, all her work denounces the impossibility for her fellow human beings born into poverty to achieve success and social recognition. She's living proof of the opposite, but the more false it is, the more she likes it. Never smiling, never laughing, she recites her breviary of hatred for the wicked rich, with whom she has nothing in common but wealth.\u00bb<\/p>\n<\/blockquote>\n\n\n\n<p>Absurdity is ridiculous. But ridicule does not kill. Therefore, and this is the book's most politically interesting passage, cultural hegemony - which has become communist and woke in liberal democracies, according to the columnist for Europe 1 and L\u00e9man Bleu - may be ridiculous, because it is dogmatic, harmful and incoherent, but it nonetheless prospers because of its very ridiculousness. Its success lies in its lack of open-mindedness, questioning and self-mockery. It's up to souls in search of truth, justice and beauty to wear the opposite humor:<\/p>\n\n\n\n<blockquote class=\"wp-block-quote is-layout-flow wp-block-quote-is-layout-flow\">\n<p>\u00abFor the free spirit who is aware of the fragile line between decency and indecency, heroism and cowardice, goodness and wickedness, the Mona Lisa's smile is a smile of complicity: \u2018The world you and I are contemplating is a joke, but hush!...\u2018 For if it is indeed she who hangs on the wall in a frame, the painting is us, and the spectator is her. If the whole world comes to the Louvre, it's not to see her, it's to be seen by her. Her smile is only enigmatic if we fail to grasp that we are observing someone observing us. For aristocratic souls capable of weeping and laughing at the same thing, this half-smile is a caress escaped from Leonardo's brush, and which travels through the centuries.\u2019<\/p>\n<\/blockquote>\n\n\n\n<p><em>Philosopher by training and journalist by profession, <strong>Jonas Follonier<\/strong> is the editor-in-chief of <\/em>Regard\u00a0Libre<em>. <em>Write to the author:\u00a0<a href=\"mailto:jonas.follonier@leregardlibre.com\">jonas.follonier@leregardlibre.com<\/a><\/em><\/em><\/p>\n\n\n\n<h6 class=\"wp-block-heading\" id=\"h-vous-venez-de-lire-une-recension-tiree-de-notre-edition-papier-le-regard-libre-n-116\">You have just read a review from our print edition (<a href=\"https:\/\/leregardlibre.com\/en\/cpt-editions\/le-regard-libre-116-civilite\/pdf\/\"><em>Le Regard Libre<\/em>\u00a0N\u00b0116<\/a>).<\/h6>\n\n\n\n<div class=\"wp-block-media-text is-stacked-on-mobile\" style=\"grid-template-columns:20% auto\"><figure class=\"wp-block-media-text__media\"><img fetchpriority=\"high\" decoding=\"async\" width=\"325\" height=\"500\" src=\"https:\/\/leregardlibre.com\/wp-content\/uploads\/2025\/05\/rire.jpg\" alt=\"\" class=\"wp-image-527981 size-full\" srcset=\"https:\/\/leregardlibre.com\/wp-content\/uploads\/2025\/05\/rire.jpg 325w, https:\/\/leregardlibre.com\/wp-content\/uploads\/2025\/05\/rire-195x300.jpg 195w, https:\/\/leregardlibre.com\/wp-content\/uploads\/2025\/05\/rire-98x150.jpg 98w, https:\/\/leregardlibre.com\/wp-content\/uploads\/2025\/05\/rire-300x462.jpg 300w\" sizes=\"(max-width: 325px) 100vw, 325px\" \/><\/figure><div class=\"wp-block-media-text__content\">\n<p><strong>Philippe Val\u00a0<br><em>Laugh<\/em><br>The Observatory<br>April 2024<br>215 pages<\/strong><\/p>\n\n\n\n<div class=\"wp-block-buttons is-layout-flex wp-block-buttons-is-layout-flex\">\n<div class=\"wp-block-button\"><a class=\"wp-block-button__link wp-element-button\" href=\"https:\/\/www.payot.ch\/Detail\/rire-philippe_val-9791032928547\">Order the book<\/a><\/div>\n<\/div>\n<\/div><\/div>","protected":false},"excerpt":{"rendered":"<p>In his essay on laughter, published by Editions de l'Observatoire, the former director of \u00abCharlie Hebdo\u00bb and France Inter explores what this human art tells us about the value of astonishment. For further reading.<\/p>","protected":false},"author":138,"featured_media":527978,"comment_status":"open","ping_status":"closed","sticky":false,"template":"","format":"standard","meta":{"_acf_changed":false,"footnotes":""},"categories":[11566],"tags":[14421,644358446,644357347,644358450,267479],"class_list":["post-527975","post","type-post","status-publish","format-standard","has-post-thumbnail","hentry","category-philosophie","tag-essais","tag-lessai-du-mois","tag-philippe-val","tag-recensions","tag-rire"],"acf":[],"yoast_head":"<!-- This site is optimized with the Yoast SEO Premium plugin v27.4 (Yoast SEO v27.4) - https:\/\/yoast.com\/product\/yoast-seo-premium-wordpress\/ -->\n<title>\u00abRire\u00bb avec Philippe Val<\/title>\n<meta name=\"description\" content=\"Dans son essai \u00abRire\u00bb paru l\u2019an dernier, Philippe Val explore ce que cet art humain nous dit de la valeur de l\u2019\u00e9tonnement. A lire.\" \/>\n<meta name=\"robots\" content=\"index, follow, max-snippet:-1, max-image-preview:large, max-video-preview:-1\" \/>\n<link rel=\"canonical\" href=\"https:\/\/leregardlibre.com\/en\/philosophy\/laughter-philippe-val-review\/\" \/>\n<meta property=\"og:locale\" content=\"en_US\" \/>\n<meta property=\"og:type\" content=\"article\" \/>\n<meta property=\"og:title\" content=\"\u00abRire\u00bb avec Philippe Val\" \/>\n<meta property=\"og:description\" content=\"Dans son essai \u00abRire\u00bb paru l\u2019an dernier, Philippe Val explore ce que cet art humain nous dit de la valeur de l\u2019\u00e9tonnement. A lire.\" \/>\n<meta property=\"og:url\" content=\"https:\/\/leregardlibre.com\/en\/philosophy\/laughter-philippe-val-review\/\" \/>\n<meta property=\"og:site_name\" content=\"Le Regard Libre\" \/>\n<meta property=\"article:publisher\" content=\"https:\/\/www.facebook.com\/leregardlibre\/\" \/>\n<meta property=\"article:author\" content=\"https:\/\/www.facebook.com\/jonas.follonier\/\" \/>\n<meta property=\"article:published_time\" content=\"2025-05-25T07:35:52+00:00\" \/>\n<meta property=\"article:modified_time\" content=\"2025-12-25T09:49:24+00:00\" \/>\n<meta property=\"og:image\" content=\"https:\/\/leregardlibre.com\/wp-content\/uploads\/2025\/05\/chatgpt-image-25-mai-2025-09_31_59-1024x683.png\" \/>\n\t<meta property=\"og:image:width\" content=\"1024\" \/>\n\t<meta property=\"og:image:height\" content=\"683\" \/>\n\t<meta property=\"og:image:type\" content=\"image\/png\" \/>\n<meta name=\"author\" content=\"Jonas Follonier\" \/>\n<meta name=\"twitter:card\" content=\"summary_large_image\" \/>\n<meta name=\"twitter:creator\" content=\"@LeRegardLibre\" \/>\n<meta name=\"twitter:site\" content=\"@LeRegardLibre\" \/>\n<meta name=\"twitter:label1\" content=\"Written by\" \/>\n\t<meta name=\"twitter:data1\" content=\"Jonas Follonier\" \/>\n\t<meta name=\"twitter:label2\" content=\"Est. reading time\" \/>\n\t<meta name=\"twitter:data2\" content=\"3 minutes\" \/>\n<script type=\"application\/ld+json\" class=\"yoast-schema-graph\">{\"@context\":\"https:\\\/\\\/schema.org\",\"@graph\":[{\"@type\":\"Article\",\"@id\":\"https:\\\/\\\/leregardlibre.com\\\/philosophie\\\/rire-philippe-val-recension\\\/#article\",\"isPartOf\":{\"@id\":\"https:\\\/\\\/leregardlibre.com\\\/philosophie\\\/rire-philippe-val-recension\\\/\"},\"author\":{\"name\":\"Jonas Follonier\",\"@id\":\"https:\\\/\\\/leregardlibre.com\\\/#\\\/schema\\\/person\\\/bfe5aa794a23be71485d60e2d93ec0d2\"},\"headline\":\"\u00abRire\u00bb avec Philippe Val\",\"datePublished\":\"2025-05-25T07:35:52+00:00\",\"dateModified\":\"2025-12-25T09:49:24+00:00\",\"mainEntityOfPage\":{\"@id\":\"https:\\\/\\\/leregardlibre.com\\\/philosophie\\\/rire-philippe-val-recension\\\/\"},\"wordCount\":813,\"commentCount\":0,\"publisher\":{\"@id\":\"https:\\\/\\\/leregardlibre.com\\\/#organization\"},\"image\":{\"@id\":\"https:\\\/\\\/leregardlibre.com\\\/philosophie\\\/rire-philippe-val-recension\\\/#primaryimage\"},\"thumbnailUrl\":\"https:\\\/\\\/leregardlibre.com\\\/wp-content\\\/uploads\\\/2025\\\/05\\\/chatgpt-image-25-mai-2025-09_31_59.png\",\"keywords\":[\"Essai\",\"L\u2019essai du mois\",\"Philippe Val\",\"Recension\",\"Rire\"],\"articleSection\":[\"Philosophie\"],\"inLanguage\":\"en-US\",\"potentialAction\":[{\"@type\":\"CommentAction\",\"name\":\"Comment\",\"target\":[\"https:\\\/\\\/leregardlibre.com\\\/philosophie\\\/rire-philippe-val-recension\\\/#respond\"]}]},{\"@type\":\"WebPage\",\"@id\":\"https:\\\/\\\/leregardlibre.com\\\/philosophie\\\/rire-philippe-val-recension\\\/\",\"url\":\"https:\\\/\\\/leregardlibre.com\\\/philosophie\\\/rire-philippe-val-recension\\\/\",\"name\":\"\u00abRire\u00bb avec Philippe Val\",\"isPartOf\":{\"@id\":\"https:\\\/\\\/leregardlibre.com\\\/#website\"},\"primaryImageOfPage\":{\"@id\":\"https:\\\/\\\/leregardlibre.com\\\/philosophie\\\/rire-philippe-val-recension\\\/#primaryimage\"},\"image\":{\"@id\":\"https:\\\/\\\/leregardlibre.com\\\/philosophie\\\/rire-philippe-val-recension\\\/#primaryimage\"},\"thumbnailUrl\":\"https:\\\/\\\/leregardlibre.com\\\/wp-content\\\/uploads\\\/2025\\\/05\\\/chatgpt-image-25-mai-2025-09_31_59.png\",\"datePublished\":\"2025-05-25T07:35:52+00:00\",\"dateModified\":\"2025-12-25T09:49:24+00:00\",\"description\":\"Dans son essai \u00abRire\u00bb paru l\u2019an dernier, Philippe Val explore ce que cet art humain nous dit de la valeur de l\u2019\u00e9tonnement. A lire.\",\"breadcrumb\":{\"@id\":\"https:\\\/\\\/leregardlibre.com\\\/philosophie\\\/rire-philippe-val-recension\\\/#breadcrumb\"},\"inLanguage\":\"en-US\",\"potentialAction\":[{\"@type\":\"ReadAction\",\"target\":[\"https:\\\/\\\/leregardlibre.com\\\/philosophie\\\/rire-philippe-val-recension\\\/\"]}]},{\"@type\":\"ImageObject\",\"inLanguage\":\"en-US\",\"@id\":\"https:\\\/\\\/leregardlibre.com\\\/philosophie\\\/rire-philippe-val-recension\\\/#primaryimage\",\"url\":\"https:\\\/\\\/leregardlibre.com\\\/wp-content\\\/uploads\\\/2025\\\/05\\\/chatgpt-image-25-mai-2025-09_31_59.png\",\"contentUrl\":\"https:\\\/\\\/leregardlibre.com\\\/wp-content\\\/uploads\\\/2025\\\/05\\\/chatgpt-image-25-mai-2025-09_31_59.png\",\"width\":1536,\"height\":1024,\"caption\":\"Image ge\u0301ne\u0301re\u0301e avec l\u2019aide de l\u2019intelligence artificielle (ChatGPT)\"},{\"@type\":\"BreadcrumbList\",\"@id\":\"https:\\\/\\\/leregardlibre.com\\\/philosophie\\\/rire-philippe-val-recension\\\/#breadcrumb\",\"itemListElement\":[{\"@type\":\"ListItem\",\"position\":1,\"name\":\"Accueil\",\"item\":\"https:\\\/\\\/leregardlibre.com\\\/\"},{\"@type\":\"ListItem\",\"position\":2,\"name\":\"\u00abRire\u00bb avec Philippe Val\"}]},{\"@type\":\"WebSite\",\"@id\":\"https:\\\/\\\/leregardlibre.com\\\/#website\",\"url\":\"https:\\\/\\\/leregardlibre.com\\\/\",\"name\":\"Le Regard Libre\",\"description\":\"Premier mensuel suisse de d\u00e9bat\",\"publisher\":{\"@id\":\"https:\\\/\\\/leregardlibre.com\\\/#organization\"},\"potentialAction\":[{\"@type\":\"SearchAction\",\"target\":{\"@type\":\"EntryPoint\",\"urlTemplate\":\"https:\\\/\\\/leregardlibre.com\\\/?s={search_term_string}\"},\"query-input\":{\"@type\":\"PropertyValueSpecification\",\"valueRequired\":true,\"valueName\":\"search_term_string\"}}],\"inLanguage\":\"en-US\"},{\"@type\":\"Organization\",\"@id\":\"https:\\\/\\\/leregardlibre.com\\\/#organization\",\"name\":\"Le Regard Libre\",\"url\":\"https:\\\/\\\/leregardlibre.com\\\/\",\"logo\":{\"@type\":\"ImageObject\",\"inLanguage\":\"en-US\",\"@id\":\"https:\\\/\\\/leregardlibre.com\\\/#\\\/schema\\\/logo\\\/image\\\/\",\"url\":\"https:\\\/\\\/leregardlibre.com\\\/wp-content\\\/uploads\\\/2025\\\/08\\\/logo-rl-icone-neg.jpeg\",\"contentUrl\":\"https:\\\/\\\/leregardlibre.com\\\/wp-content\\\/uploads\\\/2025\\\/08\\\/logo-rl-icone-neg.jpeg\",\"width\":557,\"height\":556,\"caption\":\"Le Regard Libre\"},\"image\":{\"@id\":\"https:\\\/\\\/leregardlibre.com\\\/#\\\/schema\\\/logo\\\/image\\\/\"},\"sameAs\":[\"https:\\\/\\\/www.facebook.com\\\/leregardlibre\\\/\",\"https:\\\/\\\/x.com\\\/LeRegardLibre\",\"https:\\\/\\\/www.linkedin.com\\\/company\\\/le-regard-libre\",\"https:\\\/\\\/www.instagram.com\\\/leregardlibre\\\/\",\"http:\\\/\\\/t.me\\\/leregardlibre\",\"https:\\\/\\\/youtube.com\\\/channel\\\/UC6HzGPomj1LsUmlz-sJtITQ\"],\"description\":\"Le Regard Libre est un mensuel suisse de d\u00e9bat intellectuel et culturel. Sa r\u00e9daction est jeune, b\u00e9n\u00e9vole, lib\u00e9rale et pluraliste. Le magazine para\u00eet en ligne et sous forme papier. Sa langue est le fran\u00e7ais.\",\"email\":\"redaction@leregardlibre.com\",\"legalName\":\"Le Regard Libre\",\"foundingDate\":\"2014-01-01\",\"numberOfEmployees\":{\"@type\":\"QuantitativeValue\",\"minValue\":\"11\",\"maxValue\":\"50\"},\"publishingPrinciples\":\"https:\\\/\\\/leregardlibre.com\\\/a-propos\\\/notre-manifeste\\\/\",\"ownershipFundingInfo\":\"https:\\\/\\\/leregardlibre.com\\\/mentions-legales\\\/\",\"actionableFeedbackPolicy\":\"https:\\\/\\\/leregardlibre.com\\\/conditions-generales-de-vente\\\/\"},{\"@type\":\"Person\",\"@id\":\"https:\\\/\\\/leregardlibre.com\\\/#\\\/schema\\\/person\\\/bfe5aa794a23be71485d60e2d93ec0d2\",\"name\":\"Jonas Follonier\",\"image\":{\"@type\":\"ImageObject\",\"inLanguage\":\"en-US\",\"@id\":\"https:\\\/\\\/secure.gravatar.com\\\/avatar\\\/602060b40f6a458420c2d140f49b6caea99152ce6704f2c332e5a0c5aad80303?s=96&d=identicon&r=g\",\"url\":\"https:\\\/\\\/secure.gravatar.com\\\/avatar\\\/602060b40f6a458420c2d140f49b6caea99152ce6704f2c332e5a0c5aad80303?s=96&d=identicon&r=g\",\"contentUrl\":\"https:\\\/\\\/secure.gravatar.com\\\/avatar\\\/602060b40f6a458420c2d140f49b6caea99152ce6704f2c332e5a0c5aad80303?s=96&d=identicon&r=g\",\"caption\":\"Jonas Follonier\"},\"description\":\"Correspondant au Palais f\u00e9d\u00e9ral pour \u00abL\u2019Agefi\u00bb, auteur-compositeur-interpr\u00e8te et essayiste, Jonas Follonier est le fondateur et r\u00e9dacteur en chef du \u00abRegard Libre\u00bb.\",\"sameAs\":[\"https:\\\/\\\/www.facebook.com\\\/jonas.follonier\\\/\",\"https:\\\/\\\/www.instagram.com\\\/jonasfollonier\\\/\",\"https:\\\/\\\/www.linkedin.com\\\/in\\\/jonasfollonier\\\/\",\"https:\\\/\\\/fr.wikipedia.org\\\/wiki\\\/Le_Regard_libre\"],\"url\":\"https:\\\/\\\/leregardlibre.com\\\/en\\\/author\\\/jonas-follonier\\\/\"}]}<\/script>\n<!-- \/ Yoast SEO Premium plugin. -->","yoast_head_json":{"title":"\u00abLaughing\u00bb with Philippe Val","description":"In his essay \u00abRire\u00bb, published last year, Philippe Val explores what this human art tells us about the value of amazement. For further reading.","robots":{"index":"index","follow":"follow","max-snippet":"max-snippet:-1","max-image-preview":"max-image-preview:large","max-video-preview":"max-video-preview:-1"},"canonical":"https:\/\/leregardlibre.com\/en\/philosophy\/laughter-philippe-val-review\/","og_locale":"en_US","og_type":"article","og_title":"\u00abRire\u00bb avec Philippe Val","og_description":"Dans son essai \u00abRire\u00bb paru l\u2019an dernier, Philippe Val explore ce que cet art humain nous dit de la valeur de l\u2019\u00e9tonnement. A lire.","og_url":"https:\/\/leregardlibre.com\/en\/philosophy\/laughter-philippe-val-review\/","og_site_name":"Le Regard Libre","article_publisher":"https:\/\/www.facebook.com\/leregardlibre\/","article_author":"https:\/\/www.facebook.com\/jonas.follonier\/","article_published_time":"2025-05-25T07:35:52+00:00","article_modified_time":"2025-12-25T09:49:24+00:00","og_image":[{"width":1024,"height":683,"url":"https:\/\/leregardlibre.com\/wp-content\/uploads\/2025\/05\/chatgpt-image-25-mai-2025-09_31_59-1024x683.png","type":"image\/png"}],"author":"Jonas Follonier","twitter_card":"summary_large_image","twitter_creator":"@LeRegardLibre","twitter_site":"@LeRegardLibre","twitter_misc":{"Written by":"Jonas Follonier","Est. reading time":"3 minutes"},"schema":{"@context":"https:\/\/schema.org","@graph":[{"@type":"Article","@id":"https:\/\/leregardlibre.com\/philosophie\/rire-philippe-val-recension\/#article","isPartOf":{"@id":"https:\/\/leregardlibre.com\/philosophie\/rire-philippe-val-recension\/"},"author":{"name":"Jonas Follonier","@id":"https:\/\/leregardlibre.com\/#\/schema\/person\/bfe5aa794a23be71485d60e2d93ec0d2"},"headline":"\u00abRire\u00bb avec Philippe Val","datePublished":"2025-05-25T07:35:52+00:00","dateModified":"2025-12-25T09:49:24+00:00","mainEntityOfPage":{"@id":"https:\/\/leregardlibre.com\/philosophie\/rire-philippe-val-recension\/"},"wordCount":813,"commentCount":0,"publisher":{"@id":"https:\/\/leregardlibre.com\/#organization"},"image":{"@id":"https:\/\/leregardlibre.com\/philosophie\/rire-philippe-val-recension\/#primaryimage"},"thumbnailUrl":"https:\/\/leregardlibre.com\/wp-content\/uploads\/2025\/05\/chatgpt-image-25-mai-2025-09_31_59.png","keywords":["Essai","L\u2019essai du mois","Philippe Val","Recension","Rire"],"articleSection":["Philosophie"],"inLanguage":"en-US","potentialAction":[{"@type":"CommentAction","name":"Comment","target":["https:\/\/leregardlibre.com\/philosophie\/rire-philippe-val-recension\/#respond"]}]},{"@type":"WebPage","@id":"https:\/\/leregardlibre.com\/philosophie\/rire-philippe-val-recension\/","url":"https:\/\/leregardlibre.com\/philosophie\/rire-philippe-val-recension\/","name":"\u00abLaughing\u00bb with Philippe Val","isPartOf":{"@id":"https:\/\/leregardlibre.com\/#website"},"primaryImageOfPage":{"@id":"https:\/\/leregardlibre.com\/philosophie\/rire-philippe-val-recension\/#primaryimage"},"image":{"@id":"https:\/\/leregardlibre.com\/philosophie\/rire-philippe-val-recension\/#primaryimage"},"thumbnailUrl":"https:\/\/leregardlibre.com\/wp-content\/uploads\/2025\/05\/chatgpt-image-25-mai-2025-09_31_59.png","datePublished":"2025-05-25T07:35:52+00:00","dateModified":"2025-12-25T09:49:24+00:00","description":"In his essay \u00abRire\u00bb, published last year, Philippe Val explores what this human art tells us about the value of amazement. For further reading.","breadcrumb":{"@id":"https:\/\/leregardlibre.com\/philosophie\/rire-philippe-val-recension\/#breadcrumb"},"inLanguage":"en-US","potentialAction":[{"@type":"ReadAction","target":["https:\/\/leregardlibre.com\/philosophie\/rire-philippe-val-recension\/"]}]},{"@type":"ImageObject","inLanguage":"en-US","@id":"https:\/\/leregardlibre.com\/philosophie\/rire-philippe-val-recension\/#primaryimage","url":"https:\/\/leregardlibre.com\/wp-content\/uploads\/2025\/05\/chatgpt-image-25-mai-2025-09_31_59.png","contentUrl":"https:\/\/leregardlibre.com\/wp-content\/uploads\/2025\/05\/chatgpt-image-25-mai-2025-09_31_59.png","width":1536,"height":1024,"caption":"Image ge\u0301ne\u0301re\u0301e avec l\u2019aide de l\u2019intelligence artificielle (ChatGPT)"},{"@type":"BreadcrumbList","@id":"https:\/\/leregardlibre.com\/philosophie\/rire-philippe-val-recension\/#breadcrumb","itemListElement":[{"@type":"ListItem","position":1,"name":"Accueil","item":"https:\/\/leregardlibre.com\/"},{"@type":"ListItem","position":2,"name":"\u00abRire\u00bb avec Philippe Val"}]},{"@type":"WebSite","@id":"https:\/\/leregardlibre.com\/#website","url":"https:\/\/leregardlibre.com\/","name":"Le Regard Libre","description":"Switzerland's first monthly debate magazine","publisher":{"@id":"https:\/\/leregardlibre.com\/#organization"},"potentialAction":[{"@type":"SearchAction","target":{"@type":"EntryPoint","urlTemplate":"https:\/\/leregardlibre.com\/?s={search_term_string}"},"query-input":{"@type":"PropertyValueSpecification","valueRequired":true,"valueName":"search_term_string"}}],"inLanguage":"en-US"},{"@type":"Organization","@id":"https:\/\/leregardlibre.com\/#organization","name":"Le Regard Libre","url":"https:\/\/leregardlibre.com\/","logo":{"@type":"ImageObject","inLanguage":"en-US","@id":"https:\/\/leregardlibre.com\/#\/schema\/logo\/image\/","url":"https:\/\/leregardlibre.com\/wp-content\/uploads\/2025\/08\/logo-rl-icone-neg.jpeg","contentUrl":"https:\/\/leregardlibre.com\/wp-content\/uploads\/2025\/08\/logo-rl-icone-neg.jpeg","width":557,"height":556,"caption":"Le Regard Libre"},"image":{"@id":"https:\/\/leregardlibre.com\/#\/schema\/logo\/image\/"},"sameAs":["https:\/\/www.facebook.com\/leregardlibre\/","https:\/\/x.com\/LeRegardLibre","https:\/\/www.linkedin.com\/company\/le-regard-libre","https:\/\/www.instagram.com\/leregardlibre\/","http:\/\/t.me\/leregardlibre","https:\/\/youtube.com\/channel\/UC6HzGPomj1LsUmlz-sJtITQ"],"description":"Le Regard Libre is a Swiss monthly magazine for intellectual and cultural debate. Its editorial team is young, voluntary, liberal and pluralist. The magazine appears online and in print. Its language is French.","email":"redaction@leregardlibre.com","legalName":"Le Regard Libre","foundingDate":"2014-01-01","numberOfEmployees":{"@type":"QuantitativeValue","minValue":"11","maxValue":"50"},"publishingPrinciples":"https:\/\/leregardlibre.com\/a-propos\/notre-manifeste\/","ownershipFundingInfo":"https:\/\/leregardlibre.com\/mentions-legales\/","actionableFeedbackPolicy":"https:\/\/leregardlibre.com\/conditions-generales-de-vente\/"},{"@type":"Person","@id":"https:\/\/leregardlibre.com\/#\/schema\/person\/bfe5aa794a23be71485d60e2d93ec0d2","name":"Jonas Follonier","image":{"@type":"ImageObject","inLanguage":"en-US","@id":"https:\/\/secure.gravatar.com\/avatar\/602060b40f6a458420c2d140f49b6caea99152ce6704f2c332e5a0c5aad80303?s=96&d=identicon&r=g","url":"https:\/\/secure.gravatar.com\/avatar\/602060b40f6a458420c2d140f49b6caea99152ce6704f2c332e5a0c5aad80303?s=96&d=identicon&r=g","contentUrl":"https:\/\/secure.gravatar.com\/avatar\/602060b40f6a458420c2d140f49b6caea99152ce6704f2c332e5a0c5aad80303?s=96&d=identicon&r=g","caption":"Jonas Follonier"},"description":"Federal Palace correspondent for \u00abL'Agefi\u00bb, singer-songwriter Jonas Follonier is the founder and editor-in-chief of \u00abRegard Libre\u00bb.","sameAs":["https:\/\/www.facebook.com\/jonas.follonier\/","https:\/\/www.instagram.com\/jonasfollonier\/","https:\/\/www.linkedin.com\/in\/jonasfollonier\/","https:\/\/fr.wikipedia.org\/wiki\/Le_Regard_libre"],"url":"https:\/\/leregardlibre.com\/en\/author\/jonas-follonier\/"}]}},"_links":{"self":[{"href":"https:\/\/leregardlibre.com\/en\/wp-json\/wp\/v2\/posts\/527975","targetHints":{"allow":["GET"]}}],"collection":[{"href":"https:\/\/leregardlibre.com\/en\/wp-json\/wp\/v2\/posts"}],"about":[{"href":"https:\/\/leregardlibre.com\/en\/wp-json\/wp\/v2\/types\/post"}],"author":[{"embeddable":true,"href":"https:\/\/leregardlibre.com\/en\/wp-json\/wp\/v2\/users\/138"}],"replies":[{"embeddable":true,"href":"https:\/\/leregardlibre.com\/en\/wp-json\/wp\/v2\/comments?post=527975"}],"version-history":[{"count":2,"href":"https:\/\/leregardlibre.com\/en\/wp-json\/wp\/v2\/posts\/527975\/revisions"}],"predecessor-version":[{"id":527982,"href":"https:\/\/leregardlibre.com\/en\/wp-json\/wp\/v2\/posts\/527975\/revisions\/527982"}],"wp:featuredmedia":[{"embeddable":true,"href":"https:\/\/leregardlibre.com\/en\/wp-json\/wp\/v2\/media\/527978"}],"wp:attachment":[{"href":"https:\/\/leregardlibre.com\/en\/wp-json\/wp\/v2\/media?parent=527975"}],"wp:term":[{"taxonomy":"category","embeddable":true,"href":"https:\/\/leregardlibre.com\/en\/wp-json\/wp\/v2\/categories?post=527975"},{"taxonomy":"post_tag","embeddable":true,"href":"https:\/\/leregardlibre.com\/en\/wp-json\/wp\/v2\/tags?post=527975"}],"curies":[{"name":"wp","href":"https:\/\/api.w.org\/{rel}","templated":true}]}}