{"id":528063,"date":"2025-06-05T06:00:00","date_gmt":"2025-06-05T04:00:00","guid":{"rendered":"https:\/\/leregardlibre.com\/?p=528063"},"modified":"2025-12-13T22:50:03","modified_gmt":"2025-12-13T21:50:03","slug":"october-7-gilles-kepel","status":"publish","type":"post","link":"https:\/\/leregardlibre.com\/en\/policy\/world\/october-7-gilles-kepel\/","title":{"rendered":"October 7, 2023, the world turns upside down"},"content":{"rendered":"<p class=\"has-drop-cap\"><strong>October 7, 2023 marks a historic break. This is one of the themes addressed in <em>Le Bouleversement du monde<\/em>, in which political scientist Gilles Kepel deciphers the geopolitical cleavages arising from this event, as well as their resonances and consequences.<\/strong><\/p>\n\n\n\n<!--more-->\n\n\n\n<p>Gilles Kepel's erudition is unquestionable. Nor have his pedagogical skills or the freedom of his views, as the hundred or so people who came to listen to the Emeritus University Professor on May 21 at a conference-debate in Lausanne organized by the Cercle d\u00e9mocratique \u00abLe Regard Libre. <em>Le Regard Libre<\/em>.<\/p>\n\n\n\n<p>The same is true of his latest essay, <em>Le Bouleversement du monde<\/em>, The evening was devoted to the first quarter of the 21st century.<sup>th<\/sup>\u00a0century. This book, reissued in paperback with new chapters in April to incorporate Donald Trump's re-election into thinking about the new geopolitical order, analyzes in particular the caesura marked by October 7, 2023.<\/p>\n\n\n\n<form method=\"post\" action=\"https:\/\/newsletter.infomaniak.com\/external\/submit\" class=\"inf-form\" target=\"_blank\"><input type=\"email\" name=\"email\" style=\"display:none\" \/><input type=\"hidden\" name=\"key\"\nvalue=\"eyJpdiI6IlZXRVJGMlRGQUU2alNqUE81bitIUk5adnNVa0c4MllFTStzOHdHT1FQZ3c9IiwidmFsdWUiOiJIYzhwMUVCK1pTNnlhY3MyMmhuZlhReWJqemEwNk93blMxTjFHc0s2VHZrPSIsIm1hYyI6ImVhYTQ5N2I1M2NiYWE4NzBmNjk2NzgzYjliM2Y5NmYzM2E2ZmU3NGQxNTU1ZDFkMTU1MzY5NTdjYjE3ZTJmNTUifQ==\"><input type=\"hidden\" name=\"webform_id\" value=\"7291\"><style> .inf-main_3000311ca56a1cb93397bc676c0b7fff{ background-color:#f5f5f5;\npadding:25px 20px; margin:25px auto; } .inf-main_3000311ca56a1cb93397bc676c0b7fff .inf-content { margin-top:13px;} .inf-main_3000311ca56a1cb93397bc676c0b7fff h4, .inf-main_3000311ca56a1cb93397bc676c0b7fff span, .inf-\nmain_3000311ca56a1cb93397bc676c0b7fff label, .inf-main_3000311ca56a1cb93397bc676c0b7fff input, .inf-main_3000311ca56a1cb93397bc676c0b7fff .inf-submit, .inf-main_3000311ca56a1cb93397bc676c0b7fff .inf-success p a { color:#555555; font-\nsize:14px; } .inf-main_3000311ca56a1cb93397bc676c0b7fff h4{ font-size:18px; margin:0px 0px 13px 0px; } .inf-main_3000311ca56a1cb93397bc676c0b7fff h4, .inf-main_3000311ca56a1cb93397bc676c0b7fff label{ font-weight:bold; } .inf-\nmain_3000311ca56a1cb93397bc676c0b7fff .inf-input { margin-bottom:7px; } .inf-main_3000311ca56a1cb93397bc676c0b7fff label { display:block;} .inf-main_3000311ca56a1cb93397bc676c0b7fff input{ height:35px; color:#999999; border: 1px solid\n#E9E9E9; border:none; padding-left:7px; } .inf-main_3000311ca56a1cb93397bc676c0b7fff .inf-input.inf-error label, .inf-main_3000311ca56a1cb93397bc676c0b7fff .inf-input.inf-error span.inf-message{ color: #cc0033; } .inf-\nmain_3000311ca56a1cb93397bc676c0b7fff .inf-input.inf-error input{ border: 1px solid #cc0033; } .inf-main_3000311ca56a1cb93397bc676c0b7fff .inf-input input { width:100%;} .inf-main_3000311ca56a1cb93397bc676c0b7fff .inf-input.inf-error\nspan.inf-message { display: block; } .inf-main_3000311ca56a1cb93397bc676c0b7fff .inf-submit { text-align:right;} .inf-main_3000311ca56a1cb93397bc676c0b7fff .inf-submit input{ background-color:#777777; color:#ffffff; border:none; font-weight:\nnormal; height:auto; padding:7px; } .inf-main_3000311ca56a1cb93397bc676c0b7fff .inf-submit input.disabled{ opacity: 0.4; } .inf-btn { color: rgb(85, 85, 85); border: medium none; font-weight: normal; height: auto; padding: 7px; display: inline-block;\nbackground-color: white; box-shadow: 0px 1px 1px rgba(0, 0, 0, 0.24); border-radius: 2px; line-height: 1em; } .inf-rgpd { margin:25px 0px 15px 0px; color:#555555; } <\/style> <div class=\"inf-main_3000311ca56a1cb93397bc676c0b7fff\">\n<h4>NEWSLETTER DU REGARD LIBRE<\/h4> <span>Receive our articles every Sunday.<\/span> <div class=\"inf-success\" style=\"display:none\"> <h4>Your subscription to our weekly newsletter has been successfully registered!<\/h4> <p>\n<a href=\"#\" class=\"inf-btn\">\u00ab<\/a> <\/p> <\/div> <div class=\"inf-content\"> <div class=\"inf-input inf-input-text\"> <input type=\"text\" name=\"inf[1]\" data-inf-meta = \"1\" data-inf-error = \"Merci de renseigner une adresse email\" required=\"required\"\nplaceholder=\"Email\" > <\/div> <div class=\"inf-submit\"> <input type=\"submit\" name=\"\" value=\"Sign up\"> <\/div> <\/div> <\/div> <\/form>\n\n\n\n<p>Indeed, the massacre that day of 1,210 Israelis by Hamas terrorists, and the terrible response to which this event, experienced as a second Shoah, gave rise, led to a consolidation of the identity appropriations of these tragedies. Very quickly,\u00ab writes Kepel, \u00bbeach of the camps developed a battery of moral arguments in the service of which the atrocities committed by the adversary were exacerbated, while those perpetrated by the partisan were silenced. (...) In so doing, they erected dividing lines that partly took up certain old oppositions, but reorganized them to dig new moral and intellectual trenches in the process.\"<\/p>\n\n\n\n<h3 class=\"wp-block-heading\" id=\"h-rotation-d-un-quart-de-tour-des-points-cardinaux-allegoriques\">Quarter-turn rotation of allegorical cardinal points<\/h3>\n\n\n\n<p>\u00abIn geopolitical terms, this meant turning the cardinal points, which had been given allegorical significance since 1945, a quarter turn to the right. The West thus became the North, to be replaced by the South - the latter flanked by the epithet \u2018global\u2018 to mark its claim to dethrone the former West - now displaced into the obscurity of the Septentrion - as the purveyor of universal ethical standards.\u2019<\/p>\n\n\n\n<p><em>Le Bouleversement du monde<\/em> focuses on the causes of this rupture and its consequences, which are being felt more than ever in our European societies. A good way to catch up or extend the May 21 session is to take the time to read this important text, for a better understanding of what's at stake in this burning issue.<\/p>\n\n\n\n<p><em>Philosopher by training and journalist by profession, <\/em><strong><em>Jonas Follonier<\/em><\/strong><em> is the editor-in-chief of <\/em>Regard\u00a0Libre<em>.<\/em> <em>Write to the author:\u00a0<a href=\"mailto:jonas.follonier@leregardlibre.com\">jonas.follonier@leregardlibre.com<\/a><\/em>.<\/p>\n\n\n\n<h6 class=\"wp-block-heading\" id=\"h-vous-venez-de-lire-un-article-en-libre-acces-debats-analyses-actualites-culturelles-nbsp-abonnez-vous-nbsp-a-notre-media-de-reflexion-pour-nous-soutenir-et-avoir-acces-a-tous-nos-contenus\">You have just read an open-access article. Debates, analyses, cultural news:&nbsp;<a href=\"https:\/\/leregardlibre.com\/en\/subscription\/\">subscribe<\/a>&nbsp;to support us and access all our content.<\/h6>\n\n\n\n<div class=\"wp-block-media-text alignwide is-stacked-on-mobile\" style=\"grid-template-columns:15% auto\"><figure class=\"wp-block-media-text__media\"><img fetchpriority=\"high\" decoding=\"async\" width=\"400\" height=\"655\" src=\"https:\/\/leregardlibre.com\/wp-content\/uploads\/2025\/06\/le-bouleversement-du-monde.jpg\" alt=\"\" class=\"wp-image-528073 size-full\" srcset=\"https:\/\/leregardlibre.com\/wp-content\/uploads\/2025\/06\/le-bouleversement-du-monde.jpg 400w, https:\/\/leregardlibre.com\/wp-content\/uploads\/2025\/06\/le-bouleversement-du-monde-183x300.jpg 183w, https:\/\/leregardlibre.com\/wp-content\/uploads\/2025\/06\/le-bouleversement-du-monde-92x150.jpg 92w, https:\/\/leregardlibre.com\/wp-content\/uploads\/2025\/06\/le-bouleversement-du-monde-300x491.jpg 300w\" sizes=\"(max-width: 400px) 100vw, 400px\" \/><\/figure><div class=\"wp-block-media-text__content\">\n<p><strong>Gilles Kepel<br><em>World upheaval. From October 7 to Donald Trump's return (updated edition)<br><\/em>Pocket<br>April 2025<br>338 pages<\/strong><\/p>\n\n\n\n<div class=\"wp-block-buttons is-layout-flex wp-block-buttons-is-layout-flex\">\n<div class=\"wp-block-button\"><a class=\"wp-block-button__link wp-element-button\" href=\"https:\/\/www.payot.ch\/Detail\/le_bouleversement_du_monde-gilles_kepel-9782266347112\">Order the book<\/a><\/div>\n<\/div>\n<\/div><\/div>","protected":false},"excerpt":{"rendered":"<p>Gilles Kepel's erudition is unquestionable. Nor have his pedagogical skills or the freedom of his views, as the hundred or so people who came to listen to the Emeritus University Professor on May 21 at a conference-debate in Lausanne organized by the Cercle d\u00e9mocratique \u00abLe Regard Libre.<\/p>","protected":false},"author":138,"featured_media":528072,"comment_status":"open","ping_status":"closed","sticky":false,"template":"","format":"standard","meta":{"_acf_changed":false,"footnotes":""},"categories":[644357281],"tags":[1120141,644358457,446131,26288],"class_list":["post-528063","post","type-post","status-publish","format-standard","has-post-thumbnail","hentry","category-monde","tag-conflit-israelo-palestinien","tag-gilles-kepel","tag-islamisme","tag-terrorisme"],"acf":[],"yoast_head":"<!-- This site is optimized with the Yoast SEO Premium plugin v27.4 (Yoast SEO v27.4) - https:\/\/yoast.com\/product\/yoast-seo-premium-wordpress\/ -->\n<title>7 octobre 2023, le bouleversement du monde selon Gilles Kepel<\/title>\n<meta name=\"description\" content=\"Gilles Kepel, auteur du \u00abBouleversement du monde\u00bb, a livr\u00e9 son analyse du 7 octobre lors d&#039;une conf\u00e9rence co-organis\u00e9e par Le Regard Libre.\" \/>\n<meta name=\"robots\" content=\"index, follow, max-snippet:-1, max-image-preview:large, max-video-preview:-1\" \/>\n<link rel=\"canonical\" href=\"https:\/\/leregardlibre.com\/en\/policy\/world\/october-7-gilles-kepel\/\" \/>\n<meta property=\"og:locale\" content=\"en_US\" \/>\n<meta property=\"og:type\" content=\"article\" \/>\n<meta property=\"og:title\" content=\"7 octobre 2023, le bouleversement du monde\" \/>\n<meta property=\"og:description\" content=\"Gilles Kepel, auteur du \u00abBouleversement du monde\u00bb, a livr\u00e9 son analyse du 7 octobre lors d&#039;une conf\u00e9rence co-organis\u00e9e par Le Regard Libre.\" \/>\n<meta property=\"og:url\" content=\"https:\/\/leregardlibre.com\/en\/policy\/world\/october-7-gilles-kepel\/\" \/>\n<meta property=\"og:site_name\" content=\"Le Regard Libre\" \/>\n<meta property=\"article:publisher\" content=\"https:\/\/www.facebook.com\/leregardlibre\/\" \/>\n<meta property=\"article:author\" content=\"https:\/\/www.facebook.com\/jonas.follonier\/\" \/>\n<meta property=\"article:published_time\" content=\"2025-06-05T04:00:00+00:00\" \/>\n<meta property=\"article:modified_time\" content=\"2025-12-13T21:50:03+00:00\" \/>\n<meta property=\"og:image\" content=\"https:\/\/leregardlibre.com\/wp-content\/uploads\/2025\/06\/1_gilles-kepel-sest-exprime-sur-le-bilan-du-premier-quart-du-xxie-siecle-le-21-mai-a-lausanne-a-linitiative-du-regard-libre-et-du-cercle-democratique--photo-nicolas-brodard.jpg\" \/>\n\t<meta property=\"og:image:width\" content=\"2000\" \/>\n\t<meta property=\"og:image:height\" content=\"1333\" \/>\n\t<meta property=\"og:image:type\" content=\"image\/jpeg\" \/>\n<meta name=\"author\" content=\"Jonas Follonier\" \/>\n<meta name=\"twitter:card\" content=\"summary_large_image\" \/>\n<meta name=\"twitter:creator\" content=\"@LeRegardLibre\" \/>\n<meta name=\"twitter:site\" content=\"@LeRegardLibre\" \/>\n<meta name=\"twitter:label1\" content=\"Written by\" \/>\n\t<meta name=\"twitter:data1\" content=\"Jonas Follonier\" \/>\n\t<meta name=\"twitter:label2\" content=\"Est. reading time\" \/>\n\t<meta name=\"twitter:data2\" content=\"3 minutes\" \/>\n<script type=\"application\/ld+json\" class=\"yoast-schema-graph\">{\"@context\":\"https:\\\/\\\/schema.org\",\"@graph\":[{\"@type\":\"Article\",\"@id\":\"https:\\\/\\\/leregardlibre.com\\\/politique\\\/monde\\\/7-octobre-gilles-kepel\\\/#article\",\"isPartOf\":{\"@id\":\"https:\\\/\\\/leregardlibre.com\\\/politique\\\/monde\\\/7-octobre-gilles-kepel\\\/\"},\"author\":{\"name\":\"Jonas Follonier\",\"@id\":\"https:\\\/\\\/leregardlibre.com\\\/#\\\/schema\\\/person\\\/bfe5aa794a23be71485d60e2d93ec0d2\"},\"headline\":\"7 octobre 2023, le bouleversement du monde\",\"datePublished\":\"2025-06-05T04:00:00+00:00\",\"dateModified\":\"2025-12-13T21:50:03+00:00\",\"mainEntityOfPage\":{\"@id\":\"https:\\\/\\\/leregardlibre.com\\\/politique\\\/monde\\\/7-octobre-gilles-kepel\\\/\"},\"wordCount\":575,\"commentCount\":0,\"publisher\":{\"@id\":\"https:\\\/\\\/leregardlibre.com\\\/#organization\"},\"image\":{\"@id\":\"https:\\\/\\\/leregardlibre.com\\\/politique\\\/monde\\\/7-octobre-gilles-kepel\\\/#primaryimage\"},\"thumbnailUrl\":\"https:\\\/\\\/leregardlibre.com\\\/wp-content\\\/uploads\\\/2025\\\/06\\\/1_gilles-kepel-sest-exprime-sur-le-bilan-du-premier-quart-du-xxie-siecle-le-21-mai-a-lausanne-a-linitiative-du-regard-libre-et-du-cercle-democratique--photo-nicolas-brodard.jpg\",\"keywords\":[\"Conflit isra\u00e9lo-palestinien\",\"Gilles Kepel\",\"Islamisme\",\"Terrorisme\"],\"articleSection\":[\"Monde\"],\"inLanguage\":\"en-US\",\"potentialAction\":[{\"@type\":\"CommentAction\",\"name\":\"Comment\",\"target\":[\"https:\\\/\\\/leregardlibre.com\\\/politique\\\/monde\\\/7-octobre-gilles-kepel\\\/#respond\"]}]},{\"@type\":\"WebPage\",\"@id\":\"https:\\\/\\\/leregardlibre.com\\\/politique\\\/monde\\\/7-octobre-gilles-kepel\\\/\",\"url\":\"https:\\\/\\\/leregardlibre.com\\\/politique\\\/monde\\\/7-octobre-gilles-kepel\\\/\",\"name\":\"7 octobre 2023, le bouleversement du monde selon Gilles Kepel\",\"isPartOf\":{\"@id\":\"https:\\\/\\\/leregardlibre.com\\\/#website\"},\"primaryImageOfPage\":{\"@id\":\"https:\\\/\\\/leregardlibre.com\\\/politique\\\/monde\\\/7-octobre-gilles-kepel\\\/#primaryimage\"},\"image\":{\"@id\":\"https:\\\/\\\/leregardlibre.com\\\/politique\\\/monde\\\/7-octobre-gilles-kepel\\\/#primaryimage\"},\"thumbnailUrl\":\"https:\\\/\\\/leregardlibre.com\\\/wp-content\\\/uploads\\\/2025\\\/06\\\/1_gilles-kepel-sest-exprime-sur-le-bilan-du-premier-quart-du-xxie-siecle-le-21-mai-a-lausanne-a-linitiative-du-regard-libre-et-du-cercle-democratique--photo-nicolas-brodard.jpg\",\"datePublished\":\"2025-06-05T04:00:00+00:00\",\"dateModified\":\"2025-12-13T21:50:03+00:00\",\"description\":\"Gilles Kepel, auteur du \u00abBouleversement du monde\u00bb, a livr\u00e9 son analyse du 7 octobre lors d'une conf\u00e9rence co-organis\u00e9e par Le Regard Libre.\",\"breadcrumb\":{\"@id\":\"https:\\\/\\\/leregardlibre.com\\\/politique\\\/monde\\\/7-octobre-gilles-kepel\\\/#breadcrumb\"},\"inLanguage\":\"en-US\",\"potentialAction\":[{\"@type\":\"ReadAction\",\"target\":[\"https:\\\/\\\/leregardlibre.com\\\/politique\\\/monde\\\/7-octobre-gilles-kepel\\\/\"]}]},{\"@type\":\"ImageObject\",\"inLanguage\":\"en-US\",\"@id\":\"https:\\\/\\\/leregardlibre.com\\\/politique\\\/monde\\\/7-octobre-gilles-kepel\\\/#primaryimage\",\"url\":\"https:\\\/\\\/leregardlibre.com\\\/wp-content\\\/uploads\\\/2025\\\/06\\\/1_gilles-kepel-sest-exprime-sur-le-bilan-du-premier-quart-du-xxie-siecle-le-21-mai-a-lausanne-a-linitiative-du-regard-libre-et-du-cercle-democratique--photo-nicolas-brodard.jpg\",\"contentUrl\":\"https:\\\/\\\/leregardlibre.com\\\/wp-content\\\/uploads\\\/2025\\\/06\\\/1_gilles-kepel-sest-exprime-sur-le-bilan-du-premier-quart-du-xxie-siecle-le-21-mai-a-lausanne-a-linitiative-du-regard-libre-et-du-cercle-democratique--photo-nicolas-brodard.jpg\",\"width\":2000,\"height\":1333,\"caption\":\"Gilles Kepel s\u2019est exprim\u00e9 sur le bilan du premier quart du XXIe\u00a0si\u00e8cle, le 21 mai \u00e0 Lausanne, \u00e0 l\u2019initiative du Regard Libre et du Cercle d\u00e9mocratique. Photo: Nicolas Brodard\"},{\"@type\":\"BreadcrumbList\",\"@id\":\"https:\\\/\\\/leregardlibre.com\\\/politique\\\/monde\\\/7-octobre-gilles-kepel\\\/#breadcrumb\",\"itemListElement\":[{\"@type\":\"ListItem\",\"position\":1,\"name\":\"Accueil\",\"item\":\"https:\\\/\\\/leregardlibre.com\\\/\"},{\"@type\":\"ListItem\",\"position\":2,\"name\":\"7 octobre 2023, le bouleversement du monde\"}]},{\"@type\":\"WebSite\",\"@id\":\"https:\\\/\\\/leregardlibre.com\\\/#website\",\"url\":\"https:\\\/\\\/leregardlibre.com\\\/\",\"name\":\"Le Regard Libre\",\"description\":\"Premier mensuel suisse de d\u00e9bat\",\"publisher\":{\"@id\":\"https:\\\/\\\/leregardlibre.com\\\/#organization\"},\"potentialAction\":[{\"@type\":\"SearchAction\",\"target\":{\"@type\":\"EntryPoint\",\"urlTemplate\":\"https:\\\/\\\/leregardlibre.com\\\/?s={search_term_string}\"},\"query-input\":{\"@type\":\"PropertyValueSpecification\",\"valueRequired\":true,\"valueName\":\"search_term_string\"}}],\"inLanguage\":\"en-US\"},{\"@type\":\"Organization\",\"@id\":\"https:\\\/\\\/leregardlibre.com\\\/#organization\",\"name\":\"Le Regard Libre\",\"url\":\"https:\\\/\\\/leregardlibre.com\\\/\",\"logo\":{\"@type\":\"ImageObject\",\"inLanguage\":\"en-US\",\"@id\":\"https:\\\/\\\/leregardlibre.com\\\/#\\\/schema\\\/logo\\\/image\\\/\",\"url\":\"https:\\\/\\\/leregardlibre.com\\\/wp-content\\\/uploads\\\/2025\\\/08\\\/logo-rl-icone-neg.jpeg\",\"contentUrl\":\"https:\\\/\\\/leregardlibre.com\\\/wp-content\\\/uploads\\\/2025\\\/08\\\/logo-rl-icone-neg.jpeg\",\"width\":557,\"height\":556,\"caption\":\"Le Regard Libre\"},\"image\":{\"@id\":\"https:\\\/\\\/leregardlibre.com\\\/#\\\/schema\\\/logo\\\/image\\\/\"},\"sameAs\":[\"https:\\\/\\\/www.facebook.com\\\/leregardlibre\\\/\",\"https:\\\/\\\/x.com\\\/LeRegardLibre\",\"https:\\\/\\\/www.linkedin.com\\\/company\\\/le-regard-libre\",\"https:\\\/\\\/www.instagram.com\\\/leregardlibre\\\/\",\"http:\\\/\\\/t.me\\\/leregardlibre\",\"https:\\\/\\\/youtube.com\\\/channel\\\/UC6HzGPomj1LsUmlz-sJtITQ\"],\"description\":\"Le Regard Libre est un mensuel suisse de d\u00e9bat intellectuel et culturel. Sa r\u00e9daction est jeune, b\u00e9n\u00e9vole, lib\u00e9rale et pluraliste. Le magazine para\u00eet en ligne et sous forme papier. Sa langue est le fran\u00e7ais.\",\"email\":\"redaction@leregardlibre.com\",\"legalName\":\"Le Regard Libre\",\"foundingDate\":\"2014-01-01\",\"numberOfEmployees\":{\"@type\":\"QuantitativeValue\",\"minValue\":\"11\",\"maxValue\":\"50\"},\"publishingPrinciples\":\"https:\\\/\\\/leregardlibre.com\\\/a-propos\\\/notre-manifeste\\\/\",\"ownershipFundingInfo\":\"https:\\\/\\\/leregardlibre.com\\\/mentions-legales\\\/\",\"actionableFeedbackPolicy\":\"https:\\\/\\\/leregardlibre.com\\\/conditions-generales-de-vente\\\/\"},{\"@type\":\"Person\",\"@id\":\"https:\\\/\\\/leregardlibre.com\\\/#\\\/schema\\\/person\\\/bfe5aa794a23be71485d60e2d93ec0d2\",\"name\":\"Jonas Follonier\",\"image\":{\"@type\":\"ImageObject\",\"inLanguage\":\"en-US\",\"@id\":\"https:\\\/\\\/secure.gravatar.com\\\/avatar\\\/602060b40f6a458420c2d140f49b6caea99152ce6704f2c332e5a0c5aad80303?s=96&d=identicon&r=g\",\"url\":\"https:\\\/\\\/secure.gravatar.com\\\/avatar\\\/602060b40f6a458420c2d140f49b6caea99152ce6704f2c332e5a0c5aad80303?s=96&d=identicon&r=g\",\"contentUrl\":\"https:\\\/\\\/secure.gravatar.com\\\/avatar\\\/602060b40f6a458420c2d140f49b6caea99152ce6704f2c332e5a0c5aad80303?s=96&d=identicon&r=g\",\"caption\":\"Jonas Follonier\"},\"description\":\"Correspondant au Palais f\u00e9d\u00e9ral pour \u00abL\u2019Agefi\u00bb, auteur-compositeur-interpr\u00e8te et essayiste, Jonas Follonier est le fondateur et r\u00e9dacteur en chef du \u00abRegard Libre\u00bb.\",\"sameAs\":[\"https:\\\/\\\/www.facebook.com\\\/jonas.follonier\\\/\",\"https:\\\/\\\/www.instagram.com\\\/jonasfollonier\\\/\",\"https:\\\/\\\/www.linkedin.com\\\/in\\\/jonasfollonier\\\/\",\"https:\\\/\\\/fr.wikipedia.org\\\/wiki\\\/Le_Regard_libre\"],\"url\":\"https:\\\/\\\/leregardlibre.com\\\/en\\\/author\\\/jonas-follonier\\\/\"}]}<\/script>\n<!-- \/ Yoast SEO Premium plugin. -->","yoast_head_json":{"title":"October 7, 2023, Gilles Kepel's world upheaval","description":"Gilles Kepel, author of \u00abBouleversement du monde\u00bb, gave his analysis of October 7 at a conference co-organized by Le Regard Libre.","robots":{"index":"index","follow":"follow","max-snippet":"max-snippet:-1","max-image-preview":"max-image-preview:large","max-video-preview":"max-video-preview:-1"},"canonical":"https:\/\/leregardlibre.com\/en\/policy\/world\/october-7-gilles-kepel\/","og_locale":"en_US","og_type":"article","og_title":"7 octobre 2023, le bouleversement du monde","og_description":"Gilles Kepel, auteur du \u00abBouleversement du monde\u00bb, a livr\u00e9 son analyse du 7 octobre lors d'une conf\u00e9rence co-organis\u00e9e par Le Regard Libre.","og_url":"https:\/\/leregardlibre.com\/en\/policy\/world\/october-7-gilles-kepel\/","og_site_name":"Le Regard Libre","article_publisher":"https:\/\/www.facebook.com\/leregardlibre\/","article_author":"https:\/\/www.facebook.com\/jonas.follonier\/","article_published_time":"2025-06-05T04:00:00+00:00","article_modified_time":"2025-12-13T21:50:03+00:00","og_image":[{"width":2000,"height":1333,"url":"https:\/\/leregardlibre.com\/wp-content\/uploads\/2025\/06\/1_gilles-kepel-sest-exprime-sur-le-bilan-du-premier-quart-du-xxie-siecle-le-21-mai-a-lausanne-a-linitiative-du-regard-libre-et-du-cercle-democratique--photo-nicolas-brodard.jpg","type":"image\/jpeg"}],"author":"Jonas Follonier","twitter_card":"summary_large_image","twitter_creator":"@LeRegardLibre","twitter_site":"@LeRegardLibre","twitter_misc":{"Written by":"Jonas Follonier","Est. reading time":"3 minutes"},"schema":{"@context":"https:\/\/schema.org","@graph":[{"@type":"Article","@id":"https:\/\/leregardlibre.com\/politique\/monde\/7-octobre-gilles-kepel\/#article","isPartOf":{"@id":"https:\/\/leregardlibre.com\/politique\/monde\/7-octobre-gilles-kepel\/"},"author":{"name":"Jonas Follonier","@id":"https:\/\/leregardlibre.com\/#\/schema\/person\/bfe5aa794a23be71485d60e2d93ec0d2"},"headline":"7 octobre 2023, le bouleversement du monde","datePublished":"2025-06-05T04:00:00+00:00","dateModified":"2025-12-13T21:50:03+00:00","mainEntityOfPage":{"@id":"https:\/\/leregardlibre.com\/politique\/monde\/7-octobre-gilles-kepel\/"},"wordCount":575,"commentCount":0,"publisher":{"@id":"https:\/\/leregardlibre.com\/#organization"},"image":{"@id":"https:\/\/leregardlibre.com\/politique\/monde\/7-octobre-gilles-kepel\/#primaryimage"},"thumbnailUrl":"https:\/\/leregardlibre.com\/wp-content\/uploads\/2025\/06\/1_gilles-kepel-sest-exprime-sur-le-bilan-du-premier-quart-du-xxie-siecle-le-21-mai-a-lausanne-a-linitiative-du-regard-libre-et-du-cercle-democratique--photo-nicolas-brodard.jpg","keywords":["Conflit isra\u00e9lo-palestinien","Gilles Kepel","Islamisme","Terrorisme"],"articleSection":["Monde"],"inLanguage":"en-US","potentialAction":[{"@type":"CommentAction","name":"Comment","target":["https:\/\/leregardlibre.com\/politique\/monde\/7-octobre-gilles-kepel\/#respond"]}]},{"@type":"WebPage","@id":"https:\/\/leregardlibre.com\/politique\/monde\/7-octobre-gilles-kepel\/","url":"https:\/\/leregardlibre.com\/politique\/monde\/7-octobre-gilles-kepel\/","name":"October 7, 2023, Gilles Kepel's world upheaval","isPartOf":{"@id":"https:\/\/leregardlibre.com\/#website"},"primaryImageOfPage":{"@id":"https:\/\/leregardlibre.com\/politique\/monde\/7-octobre-gilles-kepel\/#primaryimage"},"image":{"@id":"https:\/\/leregardlibre.com\/politique\/monde\/7-octobre-gilles-kepel\/#primaryimage"},"thumbnailUrl":"https:\/\/leregardlibre.com\/wp-content\/uploads\/2025\/06\/1_gilles-kepel-sest-exprime-sur-le-bilan-du-premier-quart-du-xxie-siecle-le-21-mai-a-lausanne-a-linitiative-du-regard-libre-et-du-cercle-democratique--photo-nicolas-brodard.jpg","datePublished":"2025-06-05T04:00:00+00:00","dateModified":"2025-12-13T21:50:03+00:00","description":"Gilles Kepel, author of \u00abBouleversement du monde\u00bb, gave his analysis of October 7 at a conference co-organized by Le Regard Libre.","breadcrumb":{"@id":"https:\/\/leregardlibre.com\/politique\/monde\/7-octobre-gilles-kepel\/#breadcrumb"},"inLanguage":"en-US","potentialAction":[{"@type":"ReadAction","target":["https:\/\/leregardlibre.com\/politique\/monde\/7-octobre-gilles-kepel\/"]}]},{"@type":"ImageObject","inLanguage":"en-US","@id":"https:\/\/leregardlibre.com\/politique\/monde\/7-octobre-gilles-kepel\/#primaryimage","url":"https:\/\/leregardlibre.com\/wp-content\/uploads\/2025\/06\/1_gilles-kepel-sest-exprime-sur-le-bilan-du-premier-quart-du-xxie-siecle-le-21-mai-a-lausanne-a-linitiative-du-regard-libre-et-du-cercle-democratique--photo-nicolas-brodard.jpg","contentUrl":"https:\/\/leregardlibre.com\/wp-content\/uploads\/2025\/06\/1_gilles-kepel-sest-exprime-sur-le-bilan-du-premier-quart-du-xxie-siecle-le-21-mai-a-lausanne-a-linitiative-du-regard-libre-et-du-cercle-democratique--photo-nicolas-brodard.jpg","width":2000,"height":1333,"caption":"Gilles Kepel s\u2019est exprim\u00e9 sur le bilan du premier quart du XXIe\u00a0si\u00e8cle, le 21 mai \u00e0 Lausanne, \u00e0 l\u2019initiative du Regard Libre et du Cercle d\u00e9mocratique. Photo: Nicolas Brodard"},{"@type":"BreadcrumbList","@id":"https:\/\/leregardlibre.com\/politique\/monde\/7-octobre-gilles-kepel\/#breadcrumb","itemListElement":[{"@type":"ListItem","position":1,"name":"Accueil","item":"https:\/\/leregardlibre.com\/"},{"@type":"ListItem","position":2,"name":"7 octobre 2023, le bouleversement du monde"}]},{"@type":"WebSite","@id":"https:\/\/leregardlibre.com\/#website","url":"https:\/\/leregardlibre.com\/","name":"Le Regard Libre","description":"Switzerland's first monthly debate magazine","publisher":{"@id":"https:\/\/leregardlibre.com\/#organization"},"potentialAction":[{"@type":"SearchAction","target":{"@type":"EntryPoint","urlTemplate":"https:\/\/leregardlibre.com\/?s={search_term_string}"},"query-input":{"@type":"PropertyValueSpecification","valueRequired":true,"valueName":"search_term_string"}}],"inLanguage":"en-US"},{"@type":"Organization","@id":"https:\/\/leregardlibre.com\/#organization","name":"Le Regard Libre","url":"https:\/\/leregardlibre.com\/","logo":{"@type":"ImageObject","inLanguage":"en-US","@id":"https:\/\/leregardlibre.com\/#\/schema\/logo\/image\/","url":"https:\/\/leregardlibre.com\/wp-content\/uploads\/2025\/08\/logo-rl-icone-neg.jpeg","contentUrl":"https:\/\/leregardlibre.com\/wp-content\/uploads\/2025\/08\/logo-rl-icone-neg.jpeg","width":557,"height":556,"caption":"Le Regard Libre"},"image":{"@id":"https:\/\/leregardlibre.com\/#\/schema\/logo\/image\/"},"sameAs":["https:\/\/www.facebook.com\/leregardlibre\/","https:\/\/x.com\/LeRegardLibre","https:\/\/www.linkedin.com\/company\/le-regard-libre","https:\/\/www.instagram.com\/leregardlibre\/","http:\/\/t.me\/leregardlibre","https:\/\/youtube.com\/channel\/UC6HzGPomj1LsUmlz-sJtITQ"],"description":"Le Regard Libre is a Swiss monthly magazine for intellectual and cultural debate. Its editorial team is young, voluntary, liberal and pluralist. The magazine appears online and in print. Its language is French.","email":"redaction@leregardlibre.com","legalName":"Le Regard Libre","foundingDate":"2014-01-01","numberOfEmployees":{"@type":"QuantitativeValue","minValue":"11","maxValue":"50"},"publishingPrinciples":"https:\/\/leregardlibre.com\/a-propos\/notre-manifeste\/","ownershipFundingInfo":"https:\/\/leregardlibre.com\/mentions-legales\/","actionableFeedbackPolicy":"https:\/\/leregardlibre.com\/conditions-generales-de-vente\/"},{"@type":"Person","@id":"https:\/\/leregardlibre.com\/#\/schema\/person\/bfe5aa794a23be71485d60e2d93ec0d2","name":"Jonas Follonier","image":{"@type":"ImageObject","inLanguage":"en-US","@id":"https:\/\/secure.gravatar.com\/avatar\/602060b40f6a458420c2d140f49b6caea99152ce6704f2c332e5a0c5aad80303?s=96&d=identicon&r=g","url":"https:\/\/secure.gravatar.com\/avatar\/602060b40f6a458420c2d140f49b6caea99152ce6704f2c332e5a0c5aad80303?s=96&d=identicon&r=g","contentUrl":"https:\/\/secure.gravatar.com\/avatar\/602060b40f6a458420c2d140f49b6caea99152ce6704f2c332e5a0c5aad80303?s=96&d=identicon&r=g","caption":"Jonas Follonier"},"description":"Federal Palace correspondent for \u00abL'Agefi\u00bb, singer-songwriter Jonas Follonier is the founder and editor-in-chief of \u00abRegard Libre\u00bb.","sameAs":["https:\/\/www.facebook.com\/jonas.follonier\/","https:\/\/www.instagram.com\/jonasfollonier\/","https:\/\/www.linkedin.com\/in\/jonasfollonier\/","https:\/\/fr.wikipedia.org\/wiki\/Le_Regard_libre"],"url":"https:\/\/leregardlibre.com\/en\/author\/jonas-follonier\/"}]}},"_links":{"self":[{"href":"https:\/\/leregardlibre.com\/en\/wp-json\/wp\/v2\/posts\/528063","targetHints":{"allow":["GET"]}}],"collection":[{"href":"https:\/\/leregardlibre.com\/en\/wp-json\/wp\/v2\/posts"}],"about":[{"href":"https:\/\/leregardlibre.com\/en\/wp-json\/wp\/v2\/types\/post"}],"author":[{"embeddable":true,"href":"https:\/\/leregardlibre.com\/en\/wp-json\/wp\/v2\/users\/138"}],"replies":[{"embeddable":true,"href":"https:\/\/leregardlibre.com\/en\/wp-json\/wp\/v2\/comments?post=528063"}],"version-history":[{"count":2,"href":"https:\/\/leregardlibre.com\/en\/wp-json\/wp\/v2\/posts\/528063\/revisions"}],"predecessor-version":[{"id":528098,"href":"https:\/\/leregardlibre.com\/en\/wp-json\/wp\/v2\/posts\/528063\/revisions\/528098"}],"wp:featuredmedia":[{"embeddable":true,"href":"https:\/\/leregardlibre.com\/en\/wp-json\/wp\/v2\/media\/528072"}],"wp:attachment":[{"href":"https:\/\/leregardlibre.com\/en\/wp-json\/wp\/v2\/media?parent=528063"}],"wp:term":[{"taxonomy":"category","embeddable":true,"href":"https:\/\/leregardlibre.com\/en\/wp-json\/wp\/v2\/categories?post=528063"},{"taxonomy":"post_tag","embeddable":true,"href":"https:\/\/leregardlibre.com\/en\/wp-json\/wp\/v2\/tags?post=528063"}],"curies":[{"name":"wp","href":"https:\/\/api.w.org\/{rel}","templated":true}]}}