{"id":528229,"date":"2025-06-24T13:59:56","date_gmt":"2025-06-24T11:59:56","guid":{"rendered":"https:\/\/leregardlibre.com\/?p=528229"},"modified":"2025-06-24T18:54:52","modified_gmt":"2025-06-24T16:54:52","slug":"maria-zambrano-la-revelation-de-letre","status":"publish","type":"post","link":"https:\/\/leregardlibre.com\/en\/philosophy\/maria-zambrano-la-revelation-de-letre\/","title":{"rendered":"Maria Zambrano, the revelation of being"},"content":{"rendered":"<div class='content_excerpt'>\n<p class=\"has-drop-cap\"><strong>Maria Zambrano's thinking has rarely been exported outside her native Spain. Long exiled, notably in Switzerland, the author left behind a singular body of work, halfway between philosophy and poetry.<\/strong><\/p>\n\n\n\n (more...)\n    <div class='restricted_content_fade'><\/div>\n    <\/div>\n  <style>\n    .content_excerpt{\n      position: relative;\n    }\n    .content_excerpt .restricted_content_fade{\n      position: absolute;\n      bottom: 0;\n      left: 0;\n      right: 0;\n      height: 75px;\n\t  margin-bottom: 0px;\n      background-image: linear-gradient(#ffffff2e, white);\n    }\n\n    .restricted_content{\n      margin-top: 30px;\n      border: solid #dddddd 1px;\n      border-radius: 7px;\n      padding: 30px;\n    }\n    \n    .restricted_content .restricted_content_title{\n      font-size: 22px;\n      font-weight: 600;\n    }\n    .restricted_content .restricted_content_flex_row{\n      display: flex;\n      flex-direction: row;\n    }\n    .restricted_content .restricted_content_image_container{\n      flex: 3;\n    }\n    .restricted_content .restricted_content_flex_column{\n      flex: 4;\n      display: flex;\n      flex-direction: column;\n      margin-left: 40px;\n      justify-content: center;\n    }\n\n\n    .restricted_content_buttons{\n      display: flex;\n      flex-direction: column;\n      width: min-content;\n    }\n    .restricted_content_button{\n      background-color: #f2f2f2;\n      text-transform: uppercase;\n      font-weight: 600;\n      padding: 8px 40px;\n      text-align: center;\n      font-size: 13px;\n      margin-top: 10px;\n      width: max-content;\n      width: 100%;\n      white-space: nowrap;\n    }\n    .restricted_content_button:hover {\n      background-color: #111111;\n      color: white;\n      text-decoration: none !important;\n    }\n\n    .restricted_content_primary_button{\n      background-color: #1F2A68 !important;\n      color: white !important;\n    }\n    .restricted_content_primary_button:hover {\n      background-color: #111111;\n    }\n\n    .restricted_content_text{\n      margin-bottom: 10px;\n      line-height: 1.2;\n      font-weight: 500;\n      font-size: 16px;\n    }\n\n  \n  <\/style>\n  <div class='restricted_content'>\n    <h3 class='restricted_content_title'>This content is reserved for our subscribers.<\/h3>\n    <div class='restricted_content_flex_row'>\n      <div class='restricted_content_image_container'>\n        <img class='restricted_content_image' src='\/wp-content\/uploads\/2025\/08\/abo_physique.png' \/>\n      <\/div>\n      <div class='restricted_content_flex_column'>\n        <div class='restricted_content_text'>If you have an account, please log in. Otherwise, discover our different subscription packages and create an account from CHF 2.50 for the first month.<\/div>\n        <div class='restricted_content_buttons'>\n          <a href='\/en\/subscription\/' class='restricted_content_button restricted_content_primary_button'>See subscriptions<\/a><a href='\/en\/my-account\/?redirect_to=https:\/\/leregardlibre.com\/en\/philosophy\/maria-zambrano-la-revelation-de-letre\/'class='restricted_content_button'>Login<\/a><\/div>\n      <\/div>\n    <\/div>\n  <\/div>","protected":false},"excerpt":{"rendered":"<div class='content_excerpt'>\n<p class=\"has-drop-cap\"><strong>Maria Zambrano's thinking has rarely been exported outside her native Spain. Long exiled, notably in Switzerland, the author left behind a singular body of work, halfway between philosophy and poetry.<\/strong><\/p>\n<p> (more...)<\/p>\n<div class='restricted_content_fade'><\/div>\n<\/p><\/div>\n<style>\n    .content_excerpt{\n      position: relative;\n    }\n    .content_excerpt .restricted_content_fade{\n      position: absolute;\n      bottom: 0;\n      left: 0;\n      right: 0;\n      height: 75px;\n\t  margin-bottom: 0px;\n      background-image: linear-gradient(#ffffff2e, white);\n    }<\/p>\n<p>    .restricted_content{\n      margin-top: 30px;\n      border: solid #dddddd 1px;\n      border-radius: 7px;\n      padding: 30px;\n    }<\/p>\n<p>    .restricted_content .restricted_content_title{\n      font-size: 22px;\n      font-weight: 600;\n    }\n    .restricted_content .restricted_content_flex_row{\n      display: flex;\n      flex-direction: row;\n    }\n    .restricted_content .restricted_content_image_container{\n      flex: 3;\n    }\n    .restricted_content .restricted_content_flex_column{\n      flex: 4;\n      display: flex;\n      flex-direction: column;\n      margin-left: 40px;\n      justify-content: center;\n    }<\/p>\n<p>    .restricted_content_buttons{\n      display: flex;\n      flex-direction: column;\n      width: min-content;\n    }\n    .restricted_content_button{\n      background-color: #f2f2f2;\n      text-transform: uppercase;\n      font-weight: 600;\n      padding: 8px 40px;\n      text-align: center;\n      font-size: 13px;\n      margin-top: 10px;\n      width: max-content;\n      width: 100%;\n      white-space: nowrap;\n    }\n    .restricted_content_button:hover {\n      background-color: #111111;\n      color: white;\n      text-decoration: none !important;\n    }<\/p>\n<p>    .restricted_content_primary_button{\n      background-color: #1F2A68 !important;\n      color: white !important;\n    }\n    .restricted_content_primary_button:hover {\n      background-color: #111111;\n    }<\/p>\n<p>    .restricted_content_text{\n      margin-bottom: 10px;\n      line-height: 1.2;\n      font-weight: 500;\n      font-size: 16px;\n    }<\/p>\n<\/style>\n<div class='restricted_content'>\n<h3 class='restricted_content_title'>This content is reserved for our subscribers.<\/h3>\n<div class='restricted_content_flex_row'>\n<div class='restricted_content_image_container'>\n        <img class='restricted_content_image' src='\/wp-content\/uploads\/2025\/08\/abo_physique.png' \/>\n      <\/div>\n<div class='restricted_content_flex_column'>\n<div class='restricted_content_text'>If you have an account, please log in. Otherwise, discover our different subscription packages and create an account from CHF 2.50 for the first month.<\/div>\n<div class='restricted_content_buttons'>\n          <a href='\/en\/subscription\/' class='restricted_content_button restricted_content_primary_button'>See subscriptions<\/a><a href='\/en\/my-account\/?redirect_to=https:\/\/leregardlibre.com\/en\/philosophy\/maria-zambrano-la-revelation-de-letre\/'class='restricted_content_button'>Login<\/a><\/div>\n<\/p><\/div>\n<\/p><\/div>\n<\/p><\/div>","protected":false},"author":735,"featured_media":528230,"comment_status":"open","ping_status":"closed","sticky":false,"template":"","format":"standard","meta":{"_acf_changed":false,"footnotes":""},"categories":[11566],"tags":[209662,644358460,14831,644357172],"class_list":["post-528229","post","type-post","status-publish","format-standard","has-post-thumbnail","hentry","category-philosophie","tag-espagne","tag-esprits-libres-espagnols","tag-poesie","tag-portraits","membership-content","access-restricted"],"acf":[],"yoast_head":"<!-- This site is optimized with the Yoast SEO Premium plugin v27.4 (Yoast SEO v27.4) - https:\/\/yoast.com\/product\/yoast-seo-premium-wordpress\/ -->\n<title>Maria Zambrano, la r\u00e9v\u00e9lation de l\u2019\u00eatre<\/title>\n<meta name=\"description\" content=\"Maria\u00a0Zambrano est peu connue hors d&#039;Espagne. Longtemps exil\u00e9e, notamment en\u00a0Suisse, l&#039;auteure a laiss\u00e9 derri\u00e8re elle une \u0153uvre singuli\u00e8re.\" \/>\n<meta name=\"robots\" content=\"index, follow, max-snippet:-1, max-image-preview:large, max-video-preview:-1\" \/>\n<link rel=\"canonical\" href=\"https:\/\/leregardlibre.com\/en\/philosophy\/maria-zambrano-la-revelation-de-letre\/\" \/>\n<meta property=\"og:locale\" content=\"en_US\" \/>\n<meta property=\"og:type\" content=\"article\" \/>\n<meta property=\"og:title\" content=\"Maria Zambrano, la r\u00e9v\u00e9lation de l\u2019\u00eatre\" \/>\n<meta property=\"og:description\" content=\"Maria\u00a0Zambrano est peu connue hors d&#039;Espagne. Longtemps exil\u00e9e, notamment en\u00a0Suisse, l&#039;auteure a laiss\u00e9 derri\u00e8re elle une \u0153uvre singuli\u00e8re.\" \/>\n<meta property=\"og:url\" content=\"https:\/\/leregardlibre.com\/en\/philosophy\/maria-zambrano-la-revelation-de-letre\/\" \/>\n<meta property=\"og:site_name\" content=\"Le Regard Libre\" \/>\n<meta property=\"article:publisher\" content=\"https:\/\/www.facebook.com\/leregardlibre\/\" \/>\n<meta property=\"article:published_time\" content=\"2025-06-24T11:59:56+00:00\" \/>\n<meta property=\"article:modified_time\" content=\"2025-06-24T16:54:52+00:00\" \/>\n<meta property=\"og:image\" content=\"https:\/\/leregardlibre.com\/wp-content\/uploads\/2025\/06\/fundacionmariazambrano2.jpg\" \/>\n\t<meta property=\"og:image:width\" content=\"1920\" \/>\n\t<meta property=\"og:image:height\" content=\"1080\" \/>\n\t<meta property=\"og:image:type\" content=\"image\/jpeg\" \/>\n<meta name=\"author\" content=\"Pablo S\u00e1nchez\" \/>\n<meta name=\"twitter:card\" content=\"summary_large_image\" \/>\n<meta name=\"twitter:creator\" content=\"@LeRegardLibre\" \/>\n<meta name=\"twitter:site\" content=\"@LeRegardLibre\" \/>\n<meta name=\"twitter:label1\" content=\"Written by\" \/>\n\t<meta name=\"twitter:data1\" content=\"Pablo S\u00e1nchez\" \/>\n\t<meta name=\"twitter:label2\" content=\"Est. reading time\" \/>\n\t<meta name=\"twitter:data2\" content=\"8 minutes\" \/>\n<script type=\"application\/ld+json\" class=\"yoast-schema-graph\">{\"@context\":\"https:\\\/\\\/schema.org\",\"@graph\":[{\"@type\":\"Article\",\"@id\":\"https:\\\/\\\/leregardlibre.com\\\/philosophie\\\/maria-zambrano-la-revelation-de-letre\\\/#article\",\"isPartOf\":{\"@id\":\"https:\\\/\\\/leregardlibre.com\\\/philosophie\\\/maria-zambrano-la-revelation-de-letre\\\/\"},\"author\":{\"name\":\"Pablo S\u00e1nchez\",\"@id\":\"https:\\\/\\\/leregardlibre.com\\\/#\\\/schema\\\/person\\\/44629bb0ecb67ddea1fc4c5d4447095f\"},\"headline\":\"Maria Zambrano, la r\u00e9v\u00e9lation de l\u2019\u00eatre\",\"datePublished\":\"2025-06-24T11:59:56+00:00\",\"dateModified\":\"2025-06-24T16:54:52+00:00\",\"mainEntityOfPage\":{\"@id\":\"https:\\\/\\\/leregardlibre.com\\\/philosophie\\\/maria-zambrano-la-revelation-de-letre\\\/\"},\"wordCount\":1507,\"commentCount\":0,\"publisher\":{\"@id\":\"https:\\\/\\\/leregardlibre.com\\\/#organization\"},\"image\":{\"@id\":\"https:\\\/\\\/leregardlibre.com\\\/philosophie\\\/maria-zambrano-la-revelation-de-letre\\\/#primaryimage\"},\"thumbnailUrl\":\"https:\\\/\\\/leregardlibre.com\\\/wp-content\\\/uploads\\\/2025\\\/06\\\/fundacionmariazambrano2.jpg\",\"keywords\":[\"Espagne\",\"Esprits libres espagnols\",\"Po\u00e9sie\",\"Portrait\"],\"articleSection\":[\"Philosophie\"],\"inLanguage\":\"en-US\",\"potentialAction\":[{\"@type\":\"CommentAction\",\"name\":\"Comment\",\"target\":[\"https:\\\/\\\/leregardlibre.com\\\/philosophie\\\/maria-zambrano-la-revelation-de-letre\\\/#respond\"]}]},{\"@type\":\"WebPage\",\"@id\":\"https:\\\/\\\/leregardlibre.com\\\/philosophie\\\/maria-zambrano-la-revelation-de-letre\\\/\",\"url\":\"https:\\\/\\\/leregardlibre.com\\\/philosophie\\\/maria-zambrano-la-revelation-de-letre\\\/\",\"name\":\"Maria Zambrano, la r\u00e9v\u00e9lation de l\u2019\u00eatre\",\"isPartOf\":{\"@id\":\"https:\\\/\\\/leregardlibre.com\\\/#website\"},\"primaryImageOfPage\":{\"@id\":\"https:\\\/\\\/leregardlibre.com\\\/philosophie\\\/maria-zambrano-la-revelation-de-letre\\\/#primaryimage\"},\"image\":{\"@id\":\"https:\\\/\\\/leregardlibre.com\\\/philosophie\\\/maria-zambrano-la-revelation-de-letre\\\/#primaryimage\"},\"thumbnailUrl\":\"https:\\\/\\\/leregardlibre.com\\\/wp-content\\\/uploads\\\/2025\\\/06\\\/fundacionmariazambrano2.jpg\",\"datePublished\":\"2025-06-24T11:59:56+00:00\",\"dateModified\":\"2025-06-24T16:54:52+00:00\",\"description\":\"Maria\u00a0Zambrano est peu connue hors d'Espagne. Longtemps exil\u00e9e, notamment en\u00a0Suisse, l'auteure a laiss\u00e9 derri\u00e8re elle une \u0153uvre singuli\u00e8re.\",\"breadcrumb\":{\"@id\":\"https:\\\/\\\/leregardlibre.com\\\/philosophie\\\/maria-zambrano-la-revelation-de-letre\\\/#breadcrumb\"},\"inLanguage\":\"en-US\",\"potentialAction\":[{\"@type\":\"ReadAction\",\"target\":[\"https:\\\/\\\/leregardlibre.com\\\/philosophie\\\/maria-zambrano-la-revelation-de-letre\\\/\"]}]},{\"@type\":\"ImageObject\",\"inLanguage\":\"en-US\",\"@id\":\"https:\\\/\\\/leregardlibre.com\\\/philosophie\\\/maria-zambrano-la-revelation-de-letre\\\/#primaryimage\",\"url\":\"https:\\\/\\\/leregardlibre.com\\\/wp-content\\\/uploads\\\/2025\\\/06\\\/fundacionmariazambrano2.jpg\",\"contentUrl\":\"https:\\\/\\\/leregardlibre.com\\\/wp-content\\\/uploads\\\/2025\\\/06\\\/fundacionmariazambrano2.jpg\",\"width\":1920,\"height\":1080,\"caption\":\"Peu traduite \u00e0 l\u2019\u00e9tranger, Maria Zambrano est la philosophe espagnole la plus influente de son si\u00e8cle. Photo: Fundaci\u00f3n Maria\u00a0Zambrano\"},{\"@type\":\"BreadcrumbList\",\"@id\":\"https:\\\/\\\/leregardlibre.com\\\/philosophie\\\/maria-zambrano-la-revelation-de-letre\\\/#breadcrumb\",\"itemListElement\":[{\"@type\":\"ListItem\",\"position\":1,\"name\":\"Accueil\",\"item\":\"https:\\\/\\\/leregardlibre.com\\\/\"},{\"@type\":\"ListItem\",\"position\":2,\"name\":\"Maria Zambrano, la r\u00e9v\u00e9lation de l\u2019\u00eatre\"}]},{\"@type\":\"WebSite\",\"@id\":\"https:\\\/\\\/leregardlibre.com\\\/#website\",\"url\":\"https:\\\/\\\/leregardlibre.com\\\/\",\"name\":\"Le Regard Libre\",\"description\":\"Premier mensuel suisse de d\u00e9bat\",\"publisher\":{\"@id\":\"https:\\\/\\\/leregardlibre.com\\\/#organization\"},\"potentialAction\":[{\"@type\":\"SearchAction\",\"target\":{\"@type\":\"EntryPoint\",\"urlTemplate\":\"https:\\\/\\\/leregardlibre.com\\\/?s={search_term_string}\"},\"query-input\":{\"@type\":\"PropertyValueSpecification\",\"valueRequired\":true,\"valueName\":\"search_term_string\"}}],\"inLanguage\":\"en-US\"},{\"@type\":\"Organization\",\"@id\":\"https:\\\/\\\/leregardlibre.com\\\/#organization\",\"name\":\"Le Regard Libre\",\"url\":\"https:\\\/\\\/leregardlibre.com\\\/\",\"logo\":{\"@type\":\"ImageObject\",\"inLanguage\":\"en-US\",\"@id\":\"https:\\\/\\\/leregardlibre.com\\\/#\\\/schema\\\/logo\\\/image\\\/\",\"url\":\"https:\\\/\\\/leregardlibre.com\\\/wp-content\\\/uploads\\\/2025\\\/08\\\/logo-rl-icone-neg.jpeg\",\"contentUrl\":\"https:\\\/\\\/leregardlibre.com\\\/wp-content\\\/uploads\\\/2025\\\/08\\\/logo-rl-icone-neg.jpeg\",\"width\":557,\"height\":556,\"caption\":\"Le Regard Libre\"},\"image\":{\"@id\":\"https:\\\/\\\/leregardlibre.com\\\/#\\\/schema\\\/logo\\\/image\\\/\"},\"sameAs\":[\"https:\\\/\\\/www.facebook.com\\\/leregardlibre\\\/\",\"https:\\\/\\\/x.com\\\/LeRegardLibre\",\"https:\\\/\\\/www.linkedin.com\\\/company\\\/le-regard-libre\",\"https:\\\/\\\/www.instagram.com\\\/leregardlibre\\\/\",\"http:\\\/\\\/t.me\\\/leregardlibre\",\"https:\\\/\\\/youtube.com\\\/channel\\\/UC6HzGPomj1LsUmlz-sJtITQ\"],\"description\":\"Le Regard Libre est un mensuel suisse de d\u00e9bat intellectuel et culturel. Sa r\u00e9daction est jeune, b\u00e9n\u00e9vole, lib\u00e9rale et pluraliste. Le magazine para\u00eet en ligne et sous forme papier. Sa langue est le fran\u00e7ais.\",\"email\":\"redaction@leregardlibre.com\",\"legalName\":\"Le Regard Libre\",\"foundingDate\":\"2014-01-01\",\"numberOfEmployees\":{\"@type\":\"QuantitativeValue\",\"minValue\":\"11\",\"maxValue\":\"50\"},\"publishingPrinciples\":\"https:\\\/\\\/leregardlibre.com\\\/a-propos\\\/notre-manifeste\\\/\",\"ownershipFundingInfo\":\"https:\\\/\\\/leregardlibre.com\\\/mentions-legales\\\/\",\"actionableFeedbackPolicy\":\"https:\\\/\\\/leregardlibre.com\\\/conditions-generales-de-vente\\\/\"},{\"@type\":\"Person\",\"@id\":\"https:\\\/\\\/leregardlibre.com\\\/#\\\/schema\\\/person\\\/44629bb0ecb67ddea1fc4c5d4447095f\",\"name\":\"Pablo S\u00e1nchez\",\"image\":{\"@type\":\"ImageObject\",\"inLanguage\":\"en-US\",\"@id\":\"https:\\\/\\\/secure.gravatar.com\\\/avatar\\\/042ba7a969c76812b47949be3b376ebea3869c370353c327e7b19305a9698e65?s=96&d=identicon&r=g\",\"url\":\"https:\\\/\\\/secure.gravatar.com\\\/avatar\\\/042ba7a969c76812b47949be3b376ebea3869c370353c327e7b19305a9698e65?s=96&d=identicon&r=g\",\"contentUrl\":\"https:\\\/\\\/secure.gravatar.com\\\/avatar\\\/042ba7a969c76812b47949be3b376ebea3869c370353c327e7b19305a9698e65?s=96&d=identicon&r=g\",\"caption\":\"Pablo S\u00e1nchez\"},\"url\":\"https:\\\/\\\/leregardlibre.com\\\/en\\\/author\\\/pablo-sanchez\\\/\"}]}<\/script>\n<!-- \/ Yoast SEO Premium plugin. -->","yoast_head_json":{"title":"Maria Zambrano, the revelation of being","description":"Maria Zambrano is little known outside Spain. Long exiled, notably in Switzerland, the author has left behind a singular body of work.","robots":{"index":"index","follow":"follow","max-snippet":"max-snippet:-1","max-image-preview":"max-image-preview:large","max-video-preview":"max-video-preview:-1"},"canonical":"https:\/\/leregardlibre.com\/en\/philosophy\/maria-zambrano-la-revelation-de-letre\/","og_locale":"en_US","og_type":"article","og_title":"Maria Zambrano, la r\u00e9v\u00e9lation de l\u2019\u00eatre","og_description":"Maria\u00a0Zambrano est peu connue hors d'Espagne. Longtemps exil\u00e9e, notamment en\u00a0Suisse, l'auteure a laiss\u00e9 derri\u00e8re elle une \u0153uvre singuli\u00e8re.","og_url":"https:\/\/leregardlibre.com\/en\/philosophy\/maria-zambrano-la-revelation-de-letre\/","og_site_name":"Le Regard Libre","article_publisher":"https:\/\/www.facebook.com\/leregardlibre\/","article_published_time":"2025-06-24T11:59:56+00:00","article_modified_time":"2025-06-24T16:54:52+00:00","og_image":[{"width":1920,"height":1080,"url":"https:\/\/leregardlibre.com\/wp-content\/uploads\/2025\/06\/fundacionmariazambrano2.jpg","type":"image\/jpeg"}],"author":"Pablo S\u00e1nchez","twitter_card":"summary_large_image","twitter_creator":"@LeRegardLibre","twitter_site":"@LeRegardLibre","twitter_misc":{"Written by":"Pablo S\u00e1nchez","Est. reading time":"8 minutes"},"schema":{"@context":"https:\/\/schema.org","@graph":[{"@type":"Article","@id":"https:\/\/leregardlibre.com\/philosophie\/maria-zambrano-la-revelation-de-letre\/#article","isPartOf":{"@id":"https:\/\/leregardlibre.com\/philosophie\/maria-zambrano-la-revelation-de-letre\/"},"author":{"name":"Pablo S\u00e1nchez","@id":"https:\/\/leregardlibre.com\/#\/schema\/person\/44629bb0ecb67ddea1fc4c5d4447095f"},"headline":"Maria Zambrano, la r\u00e9v\u00e9lation de l\u2019\u00eatre","datePublished":"2025-06-24T11:59:56+00:00","dateModified":"2025-06-24T16:54:52+00:00","mainEntityOfPage":{"@id":"https:\/\/leregardlibre.com\/philosophie\/maria-zambrano-la-revelation-de-letre\/"},"wordCount":1507,"commentCount":0,"publisher":{"@id":"https:\/\/leregardlibre.com\/#organization"},"image":{"@id":"https:\/\/leregardlibre.com\/philosophie\/maria-zambrano-la-revelation-de-letre\/#primaryimage"},"thumbnailUrl":"https:\/\/leregardlibre.com\/wp-content\/uploads\/2025\/06\/fundacionmariazambrano2.jpg","keywords":["Espagne","Esprits libres espagnols","Po\u00e9sie","Portrait"],"articleSection":["Philosophie"],"inLanguage":"en-US","potentialAction":[{"@type":"CommentAction","name":"Comment","target":["https:\/\/leregardlibre.com\/philosophie\/maria-zambrano-la-revelation-de-letre\/#respond"]}]},{"@type":"WebPage","@id":"https:\/\/leregardlibre.com\/philosophie\/maria-zambrano-la-revelation-de-letre\/","url":"https:\/\/leregardlibre.com\/philosophie\/maria-zambrano-la-revelation-de-letre\/","name":"Maria Zambrano, the revelation of being","isPartOf":{"@id":"https:\/\/leregardlibre.com\/#website"},"primaryImageOfPage":{"@id":"https:\/\/leregardlibre.com\/philosophie\/maria-zambrano-la-revelation-de-letre\/#primaryimage"},"image":{"@id":"https:\/\/leregardlibre.com\/philosophie\/maria-zambrano-la-revelation-de-letre\/#primaryimage"},"thumbnailUrl":"https:\/\/leregardlibre.com\/wp-content\/uploads\/2025\/06\/fundacionmariazambrano2.jpg","datePublished":"2025-06-24T11:59:56+00:00","dateModified":"2025-06-24T16:54:52+00:00","description":"Maria Zambrano is little known outside Spain. Long exiled, notably in Switzerland, the author has left behind a singular body of work.","breadcrumb":{"@id":"https:\/\/leregardlibre.com\/philosophie\/maria-zambrano-la-revelation-de-letre\/#breadcrumb"},"inLanguage":"en-US","potentialAction":[{"@type":"ReadAction","target":["https:\/\/leregardlibre.com\/philosophie\/maria-zambrano-la-revelation-de-letre\/"]}]},{"@type":"ImageObject","inLanguage":"en-US","@id":"https:\/\/leregardlibre.com\/philosophie\/maria-zambrano-la-revelation-de-letre\/#primaryimage","url":"https:\/\/leregardlibre.com\/wp-content\/uploads\/2025\/06\/fundacionmariazambrano2.jpg","contentUrl":"https:\/\/leregardlibre.com\/wp-content\/uploads\/2025\/06\/fundacionmariazambrano2.jpg","width":1920,"height":1080,"caption":"Peu traduite \u00e0 l\u2019\u00e9tranger, Maria Zambrano est la philosophe espagnole la plus influente de son si\u00e8cle. Photo: Fundaci\u00f3n Maria\u00a0Zambrano"},{"@type":"BreadcrumbList","@id":"https:\/\/leregardlibre.com\/philosophie\/maria-zambrano-la-revelation-de-letre\/#breadcrumb","itemListElement":[{"@type":"ListItem","position":1,"name":"Accueil","item":"https:\/\/leregardlibre.com\/"},{"@type":"ListItem","position":2,"name":"Maria Zambrano, la r\u00e9v\u00e9lation de l\u2019\u00eatre"}]},{"@type":"WebSite","@id":"https:\/\/leregardlibre.com\/#website","url":"https:\/\/leregardlibre.com\/","name":"Le Regard Libre","description":"Switzerland's first monthly debate magazine","publisher":{"@id":"https:\/\/leregardlibre.com\/#organization"},"potentialAction":[{"@type":"SearchAction","target":{"@type":"EntryPoint","urlTemplate":"https:\/\/leregardlibre.com\/?s={search_term_string}"},"query-input":{"@type":"PropertyValueSpecification","valueRequired":true,"valueName":"search_term_string"}}],"inLanguage":"en-US"},{"@type":"Organization","@id":"https:\/\/leregardlibre.com\/#organization","name":"Le Regard Libre","url":"https:\/\/leregardlibre.com\/","logo":{"@type":"ImageObject","inLanguage":"en-US","@id":"https:\/\/leregardlibre.com\/#\/schema\/logo\/image\/","url":"https:\/\/leregardlibre.com\/wp-content\/uploads\/2025\/08\/logo-rl-icone-neg.jpeg","contentUrl":"https:\/\/leregardlibre.com\/wp-content\/uploads\/2025\/08\/logo-rl-icone-neg.jpeg","width":557,"height":556,"caption":"Le Regard Libre"},"image":{"@id":"https:\/\/leregardlibre.com\/#\/schema\/logo\/image\/"},"sameAs":["https:\/\/www.facebook.com\/leregardlibre\/","https:\/\/x.com\/LeRegardLibre","https:\/\/www.linkedin.com\/company\/le-regard-libre","https:\/\/www.instagram.com\/leregardlibre\/","http:\/\/t.me\/leregardlibre","https:\/\/youtube.com\/channel\/UC6HzGPomj1LsUmlz-sJtITQ"],"description":"Le Regard Libre is a Swiss monthly magazine for intellectual and cultural debate. Its editorial team is young, voluntary, liberal and pluralist. The magazine appears online and in print. Its language is French.","email":"redaction@leregardlibre.com","legalName":"Le Regard Libre","foundingDate":"2014-01-01","numberOfEmployees":{"@type":"QuantitativeValue","minValue":"11","maxValue":"50"},"publishingPrinciples":"https:\/\/leregardlibre.com\/a-propos\/notre-manifeste\/","ownershipFundingInfo":"https:\/\/leregardlibre.com\/mentions-legales\/","actionableFeedbackPolicy":"https:\/\/leregardlibre.com\/conditions-generales-de-vente\/"},{"@type":"Person","@id":"https:\/\/leregardlibre.com\/#\/schema\/person\/44629bb0ecb67ddea1fc4c5d4447095f","name":"Pablo S\u00e1nchez","image":{"@type":"ImageObject","inLanguage":"en-US","@id":"https:\/\/secure.gravatar.com\/avatar\/042ba7a969c76812b47949be3b376ebea3869c370353c327e7b19305a9698e65?s=96&d=identicon&r=g","url":"https:\/\/secure.gravatar.com\/avatar\/042ba7a969c76812b47949be3b376ebea3869c370353c327e7b19305a9698e65?s=96&d=identicon&r=g","contentUrl":"https:\/\/secure.gravatar.com\/avatar\/042ba7a969c76812b47949be3b376ebea3869c370353c327e7b19305a9698e65?s=96&d=identicon&r=g","caption":"Pablo S\u00e1nchez"},"url":"https:\/\/leregardlibre.com\/en\/author\/pablo-sanchez\/"}]}},"_links":{"self":[{"href":"https:\/\/leregardlibre.com\/en\/wp-json\/wp\/v2\/posts\/528229","targetHints":{"allow":["GET"]}}],"collection":[{"href":"https:\/\/leregardlibre.com\/en\/wp-json\/wp\/v2\/posts"}],"about":[{"href":"https:\/\/leregardlibre.com\/en\/wp-json\/wp\/v2\/types\/post"}],"author":[{"embeddable":true,"href":"https:\/\/leregardlibre.com\/en\/wp-json\/wp\/v2\/users\/735"}],"replies":[{"embeddable":true,"href":"https:\/\/leregardlibre.com\/en\/wp-json\/wp\/v2\/comments?post=528229"}],"version-history":[{"count":2,"href":"https:\/\/leregardlibre.com\/en\/wp-json\/wp\/v2\/posts\/528229\/revisions"}],"predecessor-version":[{"id":528237,"href":"https:\/\/leregardlibre.com\/en\/wp-json\/wp\/v2\/posts\/528229\/revisions\/528237"}],"wp:featuredmedia":[{"embeddable":true,"href":"https:\/\/leregardlibre.com\/en\/wp-json\/wp\/v2\/media\/528230"}],"wp:attachment":[{"href":"https:\/\/leregardlibre.com\/en\/wp-json\/wp\/v2\/media?parent=528229"}],"wp:term":[{"taxonomy":"category","embeddable":true,"href":"https:\/\/leregardlibre.com\/en\/wp-json\/wp\/v2\/categories?post=528229"},{"taxonomy":"post_tag","embeddable":true,"href":"https:\/\/leregardlibre.com\/en\/wp-json\/wp\/v2\/tags?post=528229"}],"curies":[{"name":"wp","href":"https:\/\/api.w.org\/{rel}","templated":true}]}}