{"id":528472,"date":"2025-08-07T06:00:00","date_gmt":"2025-08-07T04:00:00","guid":{"rendered":"https:\/\/leregardlibre.com\/?p=528472"},"modified":"2025-12-13T22:50:02","modified_gmt":"2025-12-13T21:50:02","slug":"greenland-trump-analysis","status":"publish","type":"post","link":"https:\/\/leregardlibre.com\/en\/policy\/world\/greenland-trump-analysis\/","title":{"rendered":"Greenland and the ethics of annexation"},"content":{"rendered":"<p class=\"has-drop-cap\"><strong>Professor at Pasadena City College in Los Angeles, Edward Feser is a conservative American philosopher. Recently, on his blog, where he regularly comments on current affairs, he was highly critical of Donald Trump's expansionist ambitions.<\/strong><a id=\"_ftnref1\" href=\"#_ftn1\"><sup>[1]<\/sup><\/a>.<\/p>\n\n\n\n<!--more-->\n\n\n\n<p>On several occasions, President Trump has expressed the wish to attach Greenland to the United States. His motivations lie in the island's strategic position, as well as its mineral resources. Neither the government of Denmark (of which Greenland is a territory) nor the Greenlanders themselves support this idea. However, this opposition does not seem to be holding Trump back, and he has refused on several occasions to rule out the possibility of annexing the island by force. In January, for example, when asked whether he would renounce all forms of military coercion to take control of Greenland, Trump replied: \u00abNo, I can't assure you of that\u00bb, \u00abI'm not going to commit to that\u00bb. Questioned again this month<a href=\"#_ftn1\"><sup>[2]<\/sup><\/a> on the possible use of force to seize Greenland, he declared that \u00abit could happen, something could happen with Greenland\u00bb and \u00abI'm not ruling it out\u00bb. <\/p>\n\n\n\n<p>Such military action would clearly run counter to the traditional criteria of just war theory.<a href=\"#_ftn1\"><sup>[3]<\/sup><\/a>. I would add that even if the threat is only intended as leverage in a negotiation (which is probably the case), it remains contrary to the principles of natural law that govern international relations. These facts should be obvious to everyone, and would have been so not so long ago. However, Trump's most fervent supporters have a disturbing tendency to reflexively defend even his most outrageous acts, cobbling together flimsy justifications for words and deeds they would condemn if they came from anyone else. In such a context, it's worth spelling out why Trump's statements about Greenland are indefensible. <\/p>\n\n\n\n<h3 class=\"wp-block-heading\" id=\"h-l-annexion-du-groenland-et-les-criteres-de-la-guerre-juste\">The annexation of Greenland and just war criteria <\/h3>\n\n\n\n<p>I repeat: military action to annex Greenland would be clearly unjust. It would clearly fail to meet one of the criteria established by just war theory: that of \u00abjust cause\u00bb. According to this criterion, a country can legitimately go to war against another only if the latter has committed a sufficiently serious violation of rights for war to constitute a proportionate response. The most obvious example is when a country takes up arms to repel an aggressor. Yet neither Denmark nor Greenland has attacked the United States, or committed any other violation of the latter's rights. In fact, they are long-standing allies. <\/p>\n\n\n\n<p>The fact that Greenland's position and resources could be useful to the United States for defense purposes doesn't change a thing. If I deem it useful to seize my neighbor's property to better protect my own against thieves, that in no way gives me the right to do so. That would be acting like a thief. It is equally futile to claim that governments are not subject to the same moral prohibition against theft as individuals. As St Thomas Aquinas wrote: <\/p>\n\n\n\n<blockquote class=\"wp-block-quote is-layout-flow wp-block-quote-is-layout-flow\">\n<p>\u00abAs far as princes are concerned, public power is entrusted to them to be the guardians of justice; consequently, they are only permitted to use violence or coercion within the limits of justice... To violently and unjustly appropriate the property of others under the pretext of public authority is to act illegitimately and to be guilty of theft.\u00bb <\/p>\n<cite>(<em>Summa of theology<\/em>, II-II, 66, 8) <\/cite><\/blockquote>\n\n\n\n<p>The injustice of wars of territorial expansion is the subject of consensus among natural law theorists stemming from the Thomistic tradition. It has long been the standard position. For example, in <em>Man as Man. The Science and Art of Ethics<\/em>, Thomas Higgins states that \u00aba war of aggression is a violent attempt to deprive another people of their independence, territory or similar property, in order to increase one's own power and prestige [...] The natural law forbids all wars of aggression\u00bb (p. 543). [Natural law forbids all wars of aggression\" (p. 543). In <em>Right and Reason<\/em>, Austin Fagothey states that \u00ab[such motives as] territorial aggrandizement, glory and fame, envy of a neighbor's possessions, fear of a rising rival, or maintaining the balance of power [...] are invalid reasons\u00bb for going to war (p. 564). He also points out that, while the acquisition of new lands may in certain circumstances be lawful, this is not the case for lands \u00abrecognized as forming part of the territory of an existing State\u00bb, and that \u2019an existing State cannot be deprived of its territory\u00ab (p. 547). The importance of these elements cannot be overstated. Not only would the forcible annexation of Greenland be tantamount to theft on a massive scale, but, by resulting in deaths, such unjust military action would actually be tantamount to murder. It would make the president a war criminal, responsible for a massive injustice not only to the Greenlandic people, but also to the US military, transformed by Trump into the instrument of such a crime. <\/p>\n\n\n\n<h3 class=\"wp-block-heading\" id=\"h-une-tactique-de-negociation\">A negotiating tactic? <\/h3>\n\n\n\n<p>Many Trump supporters would say that he has no real intention of using military force, but is simply employing such rhetoric as a negotiating tactic. This is probably true. It's also likely that he would refrain from using force in any case, if only because the political cost would be too high. <\/p>\n\n\n\n<p>It remains significant, however, that in his most recent statements, Trump seemed to draw a distinction between the situation of Greenland and that of Canada, which he has also repeatedly asserted should also be integrated into the United States. Asked about the possibility of using military force to take over Canada, Trump said, \u00abWell, I don't think it will ever come to that\u00bb and \u00abI don't see it with Canada, I just don't see it.\u00bb This is not a clear acknowledgement that acquiring Canada by force would be morally wrong. <em>objectionable<\/em>, and therefore categorically excluded. It sounds more like a judgment that attacking Canada would simply be pointless or unrealistic. But in the case of Greenland, Trump's response is different. He repeated that \u00absomething could happen\u00bb and that he wasn't ruling it out, even though he also says it was unlikely. Overall, his statements give the impression that he does indeed regard military action against Greenland as at least conceivable, albeit highly hypothetical. It should also be noted that the administration has recently stepped up its intelligence operations concerning Greenland. <\/p>\n\n\n\n<p>In any case, even if this rhetoric is intended as a negotiating tactic, it remains gravely immoral. In reality, there are at least two ways in which refusing to rule out the use of force can serve as a negotiating tactic. Trump could either genuinely intend to <em>keep open the possibility<\/em> to use force against Greenland, in order to frighten Denmark and Greenland into concluding an agreement, even if it has no concrete plans at present to actually carry out this threat; or it is simply bluffing, with the aim of intimidating them into negotiating, without ever intending to actually do so. Both tactics are reprehensible, albeit for different reasons. <\/p>\n\n\n\n<p>In their book <em>Nuclear Deterrence, Morality, and Realism<\/em>, John Finnis, Joseph Boyle and Germain Grisez discuss the difference between actually keeping an option open and simply bluffing. Some of their arguments are relevant here. <\/p>\n\n\n\n<p>Let's take the first possibility: Trump wishes to keep open the option of military action against Greenland, while hoping and believing that he will never have to carry out this threat. As Finnis, Boyle and Grisez point out, it's disingenuous to assume that, if someone hopes and believes they'll never have to carry out an action they threaten to execute, it means they don't actually intend to do so. In reality, \u00abthose who, by chance, avoid doing what they only reluctantly contemplate, or who might change their minds in the future, are people who have already made up their minds\u00bb (pp. 104-105). In this case, if Trump does indeed want to keep this option open, then he does, in the relevant sense of the word, intend to use military force against Greenland <em>if it fails<\/em> to get it any other way. And this remains true even if he hopes and believes he can acquire it peacefully. <\/p>\n\n\n\n<form method=\"post\" action=\"https:\/\/newsletter.infomaniak.com\/external\/submit\" class=\"inf-form\" target=\"_blank\"><input type=\"email\" name=\"email\" style=\"display:none\" \/><input type=\"hidden\" name=\"key\"\nvalue=\"eyJpdiI6IlZXRVJGMlRGQUU2alNqUE81bitIUk5adnNVa0c4MllFTStzOHdHT1FQZ3c9IiwidmFsdWUiOiJIYzhwMUVCK1pTNnlhY3MyMmhuZlhReWJqemEwNk93blMxTjFHc0s2VHZrPSIsIm1hYyI6ImVhYTQ5N2I1M2NiYWE4NzBmNjk2NzgzYjliM2Y5NmYzM2E2ZmU3NGQxNTU1ZDFkMTU1MzY5NTdjYjE3ZTJmNTUifQ==\"><input type=\"hidden\" name=\"webform_id\" value=\"7291\"><style> .inf-main_3000311ca56a1cb93397bc676c0b7fff{ background-color:#f5f5f5;\npadding:25px 20px; margin:25px auto; } .inf-main_3000311ca56a1cb93397bc676c0b7fff .inf-content { margin-top:13px;} .inf-main_3000311ca56a1cb93397bc676c0b7fff h4, .inf-main_3000311ca56a1cb93397bc676c0b7fff span, .inf-\nmain_3000311ca56a1cb93397bc676c0b7fff label, .inf-main_3000311ca56a1cb93397bc676c0b7fff input, .inf-main_3000311ca56a1cb93397bc676c0b7fff .inf-submit, .inf-main_3000311ca56a1cb93397bc676c0b7fff .inf-success p a { color:#555555; font-\nsize:14px; } .inf-main_3000311ca56a1cb93397bc676c0b7fff h4{ font-size:18px; margin:0px 0px 13px 0px; } .inf-main_3000311ca56a1cb93397bc676c0b7fff h4, .inf-main_3000311ca56a1cb93397bc676c0b7fff label{ font-weight:bold; } .inf-\nmain_3000311ca56a1cb93397bc676c0b7fff .inf-input { margin-bottom:7px; } .inf-main_3000311ca56a1cb93397bc676c0b7fff label { display:block;} .inf-main_3000311ca56a1cb93397bc676c0b7fff input{ height:35px; color:#999999; border: 1px solid\n#E9E9E9; border:none; padding-left:7px; } .inf-main_3000311ca56a1cb93397bc676c0b7fff .inf-input.inf-error label, .inf-main_3000311ca56a1cb93397bc676c0b7fff .inf-input.inf-error span.inf-message{ color: #cc0033; } .inf-\nmain_3000311ca56a1cb93397bc676c0b7fff .inf-input.inf-error input{ border: 1px solid #cc0033; } .inf-main_3000311ca56a1cb93397bc676c0b7fff .inf-input input { width:100%;} .inf-main_3000311ca56a1cb93397bc676c0b7fff .inf-input.inf-error\nspan.inf-message { display: block; } .inf-main_3000311ca56a1cb93397bc676c0b7fff .inf-submit { text-align:right;} .inf-main_3000311ca56a1cb93397bc676c0b7fff .inf-submit input{ background-color:#777777; color:#ffffff; border:none; font-weight:\nnormal; height:auto; padding:7px; } .inf-main_3000311ca56a1cb93397bc676c0b7fff .inf-submit input.disabled{ opacity: 0.4; } .inf-btn { color: rgb(85, 85, 85); border: medium none; font-weight: normal; height: auto; padding: 7px; display: inline-block;\nbackground-color: white; box-shadow: 0px 1px 1px rgba(0, 0, 0, 0.24); border-radius: 2px; line-height: 1em; } .inf-rgpd { margin:25px 0px 15px 0px; color:#555555; } <\/style> <div class=\"inf-main_3000311ca56a1cb93397bc676c0b7fff\">\n<h4>NEWSLETTER DU REGARD LIBRE<\/h4> <span>Receive our articles every Sunday.<\/span> <div class=\"inf-success\" style=\"display:none\"> <h4>Your subscription to our weekly newsletter has been successfully registered!<\/h4> <p>\n<a href=\"#\" class=\"inf-btn\">\u00ab<\/a> <\/p> <\/div> <div class=\"inf-content\"> <div class=\"inf-input inf-input-text\"> <input type=\"text\" name=\"inf[1]\" data-inf-meta = \"1\" data-inf-error = \"Merci de renseigner une adresse email\" required=\"required\"\nplaceholder=\"Email\" > <\/div> <div class=\"inf-submit\"> <input type=\"submit\" name=\"\" value=\"Sign up\"> <\/div> <\/div> <\/div> <\/form>\n\n\n\n<p>However, as we have seen, acquiring Greenland in this way would violate the criteria of just war and would therefore be tantamount to murder. As Finnis, Boyle and Grisez write about not ruling out the option of committing a murderous act: <\/p>\n\n\n\n<blockquote class=\"wp-block-quote is-layout-flow wp-block-quote-is-layout-flow\">\n<p>\u00abAdmittedly, it would be subject to a double condition: not only to the adversary's defying the threat, but also to a decision still to be taken to carry it out. Nevertheless, such an intention, even if doubly conditional, would still be homicidal. For if one already intends to place oneself in a position to commit murder, should one later decide that the situation justifies it, then, already now, one is willing (albeit reluctantly) to kill.\u00bb <\/p>\n<cite>(p. 111) <\/cite><\/blockquote>\n\n\n\n<p>So to keep open the possibility of military action against Greenland, even if only as a negotiating tactic, is still to harbor murderous intent, and therefore gravely immoral. Let's now consider the other possible scenario, in which Trump is simply bluffing. In this hypothesis, Trump is not really considering the military option. He simply wants Denmark and Greenland to <em>believe<\/em> that he considers it. Even if this is the case, it remains gravely immoral for at least three reasons, the first two of which are outlined by Finnis, Boyle and Grisez. <\/p>\n\n\n\n<p>Firstly, when a country threatens to take immoral military action, it is not only the intentions of its leaders that are morally relevant. So are those of everyone else connected in some way with that action, whether soldiers or ordinary citizens. In this case, even if Trump is bluffing, that bluff can only work if he isn't <em>perceived as such<\/em>, That is, if a critical mass of people believe he could actually carry out his threat. This will lead at least some individuals (government officials, the military, voters) to decide to support the action if it is actually undertaken. In other words, they will harbor the intention of supporting a murderous act. <em>Them<\/em> won't be bluffing, even if Trump is. And as Finnis, Boyle and Grisez write: \u00abThose who deliberately lead others to intend evil are guilty not only of the evil that those people intend, but also of leading them to become evil-willed people.\u00bb (p. 119) In this case, such a leader would \u00abincite others to intend to kill innocent people\u00bb (p. 120), even if he or she doesn't actually have that intention himself or herself. <\/p>\n\n\n\n<p>Secondly, we cannot consider only what individuals do or want to do. A country's military actions are acts of aggression. <em>social<\/em>, In other words, acts performed by the company as a whole (understood as what is traditionally called a \u00ablegal person\u00bb or a \u00abcollective person\u00bb). As Finnis, Boyle and Grisez note, it can rightly be said that a <em>team<\/em> intends to win a match, even if some of his <em>members<\/em> prefer to lose. Similarly, even if an individual <em>president<\/em> bluffing by issuing a threat, this does not mean that the collective act of the <em>United States as a country <\/em>is itself a mere bluff. This is because \u00abthe social act [...] is defined by its declaration <em>public<\/em>\u00bband this statement is not a bluff\u00ab (pp. 122-123, emphasis added). <\/p>\n\n\n\n<h3 class=\"wp-block-heading\" id=\"h-les-contrats-extorques-sont-immoraux\">Extorted contracts are immoral <\/h3>\n\n\n\n<p>The third problem is this: even if Trump is only bluffing, the purpose of the bluff is to scare Denmark and Greenland into entering into an agreement they would otherwise be unwilling to sign. It's pure extortion and gangsterism. Both moral common sense and the natural law tradition agree that an agreement reached under such unjust duress can be neither lawful nor binding. As a classic textbook on moral theology explains: <\/p>\n\n\n\n<blockquote class=\"wp-block-quote is-layout-flow wp-block-quote-is-layout-flow\">\n<p>\u00abDefects which vitiate consent by removing knowledge or free will render contracts void or voidable. These impediments [include]... the <em>fear<\/em>, which is a disturbance of the mind caused by the conviction that an imminent danger threatens oneself or others... [and] the <em>violence<\/em> or the <em>coercion<\/em>, which are similar to fear: the latter being a moral force, and the former a physical force.\u00bb <\/p>\n<cite>(John McHugh and Charles Callan, <em>Moral Theology<\/em>, vol. II, p. 140-141) <\/cite><\/blockquote>\n\n\n\n<p>Of course, we're talking here about contracts between individuals. But natural law theorists generally consider that, <em>mutatis mutandis<\/em>, What applies to agreements between individuals also applies to treaties between nations. As Fagothey writes, \u00abthe conditions of validity of a treaty are the same as those of any valid contract\u00bb, so that \u00abif an unjust aggressor emerges victorious, the treaty he imposes is unjust and therefore invalid\u00bb (<em>Right and Reason<\/em>, p. 549-550). And as another natural law theorist points out: \u00aba treaty concluded under duress, under the threat of war for example, can hardly be considered binding, or at least should be deemed revocable if the conditions imposed are manifestly and gravely unjust\u00bb (Michael Cronin, <em>The Science of Ethics<\/em>, vol. II, p. 658). <\/p>\n\n\n\n<p>So it's not enough to claim that the President's remarks are simply a negotiating tactic to justify them, on the grounds that they do not reflect a real intention to wage war. For such negotiating tactics are already gravely immoral in themselves. <\/p>\n\n\n\n<h6 class=\"wp-block-heading\" id=\"h-vous-venez-de-lire-une-analyse-tiree-de-notre-edition-papier-le-regard-libre-nbsp-n-118-debats-analyses-actualites-culturelles-nbsp-abonnez-vous-nbsp-a-notre-media-de-reflexion-pour-nous-soutenir-et-avoir-acces-a-tous-nos-contenus-nbsp\">You have just read an analysis from our print edition (<a href=\"https:\/\/leregardlibre.com\/en\/cpt-editions\/le-regard-libre-118-heros\/\"><em>Le Regard Libre&nbsp;<\/em>N\u00b0118<\/a>). Debates, analyses, cultural news:&nbsp;<a href=\"https:\/\/leregardlibre.com\/en\/subscription\/\">subscribe<\/a>&nbsp;to support us and get access to all our content!&nbsp;<\/h6>\n\n\n\n<hr class=\"wp-block-separator has-alpha-channel-opacity is-style-wide\"\/>\n\n\n\n<h3 class=\"wp-block-heading\" id=\"h-edward-feser-en-bref\">Edward Feser in brief<\/h3>\n\n\n\n<p>Edward Feser is a prolific author. He first came to public attention with the publication of a rather polemical book: <em>The last superstition. A refutation of the new atheism<\/em>, the only one translated into French. In this work, he sets out to deconstruct the arguments and rhetoric of such popular atheist thinkers as Richard Dawkins, Christopher Hitchens and Daniel Dennett. Recently, Feser published a treatise on philosophical anthropology (<em>Immortal Souls. A Treatise on Human Nature<\/em>, 2024). In the field of political philosophy, he is the editor of <em>Cambridge Companion to Hayek<\/em> (2006) and an introduction to the thinking of Robert Nozick (<em>On Nozick<\/em>, 2004). Other books by this great connoisseur of liberal and Christian thinkers include <em>Scholastic Metaphysics. A Contemporary Introduction<\/em> (2014), <em>Aristotle's Revenge. The Metaphysical Foundations of Physical and Biological Science<\/em> (2019), <em>All One in Christ. A Catholic Critique of Racism and Critical Race Theory <\/em>(2022). Edward Feser is a regular contributor to American conservative journals. <\/p>\n\n\n\n<hr class=\"wp-block-separator has-alpha-channel-opacity is-style-wide\"\/>\n\n\n\n<p><a id=\"_ftn1\" href=\"#_ftnref1\"><sup>[1]<\/sup><\/a>This article was published on May 8, 2025 on Edward Feser's blog, in English, under the title <a href=\"https:\/\/edwardfeser.blogspot.com\/2025\/05\/greenland-and-ethics-of-annexation.html\">\u00abGreenland and the ethics of annexation\u00bb<\/a>. Translated with the author's permission.<\/p>\n\n\n\n<p><a href=\"#_ftnref1\"><sup>[2]<\/sup><\/a>May 2025.<\/p>\n\n\n\n<p><a href=\"#_ftnref1\"><sup>[3]<\/sup><\/a>Editor's note: The theory of just war, inherited in particular from Saint Augustine and Saint Thomas Aquinas, is an intellectual tradition that seeks to determine the legitimate conditions for waging war and the just manner of conducting it.<\/p>","protected":false},"excerpt":{"rendered":"<p>Professor at Pasadena City College in Los Angeles, Edward Feser is a conservative American philosopher. Recently, on his blog, where he regularly comments on current affairs, he was highly critical of Donald Trump's expansionist ambitions.<\/p>","protected":false},"author":955,"featured_media":528474,"comment_status":"open","ping_status":"closed","sticky":false,"template":"","format":"standard","meta":{"_acf_changed":false,"footnotes":""},"categories":[644357281],"tags":[9472,189091,699,644339796],"class_list":["post-528472","post","type-post","status-publish","format-standard","has-post-thumbnail","hentry","category-monde","tag-analyses","tag-donald-trump","tag-etats-unis","tag-groenland"],"acf":[],"yoast_head":"<!-- This site is optimized with the Yoast SEO Premium plugin v27.4 (Yoast SEO v27.4) - https:\/\/yoast.com\/product\/yoast-seo-premium-wordpress\/ -->\n<title>Le Groenland et l\u2019\u00e9thique de l\u2019annexion<\/title>\n<meta name=\"description\" content=\"Edward Feser, philosophe am\u00e9ricain, s\u2019est montr\u00e9 tr\u00e8s critique \u00e0 l\u2019\u00e9gard des v\u00e9ll\u00e9it\u00e9s expansionnistes de Donald Trump.\" \/>\n<meta name=\"robots\" content=\"index, follow, max-snippet:-1, max-image-preview:large, max-video-preview:-1\" \/>\n<link rel=\"canonical\" href=\"https:\/\/leregardlibre.com\/en\/policy\/world\/greenland-trump-analysis\/\" \/>\n<meta property=\"og:locale\" content=\"en_US\" \/>\n<meta property=\"og:type\" content=\"article\" \/>\n<meta property=\"og:title\" content=\"Le Groenland et l\u2019\u00e9thique de l\u2019annexion\" \/>\n<meta property=\"og:description\" content=\"Edward Feser, philosophe am\u00e9ricain, s\u2019est montr\u00e9 tr\u00e8s critique \u00e0 l\u2019\u00e9gard des v\u00e9ll\u00e9it\u00e9s expansionnistes de Donald Trump.\" \/>\n<meta property=\"og:url\" content=\"https:\/\/leregardlibre.com\/en\/policy\/world\/greenland-trump-analysis\/\" \/>\n<meta property=\"og:site_name\" content=\"Le Regard Libre\" \/>\n<meta property=\"article:publisher\" content=\"https:\/\/www.facebook.com\/leregardlibre\/\" \/>\n<meta property=\"article:published_time\" content=\"2025-08-07T04:00:00+00:00\" \/>\n<meta property=\"article:modified_time\" content=\"2025-12-13T21:50:02+00:00\" \/>\n<meta property=\"og:image\" content=\"https:\/\/leregardlibre.com\/wp-content\/uploads\/2025\/08\/portrait-inaugural-de-donald-trump-en-2025--photo-wikimedia-e1754492825837.jpg\" \/>\n\t<meta property=\"og:image:width\" content=\"2048\" \/>\n\t<meta property=\"og:image:height\" content=\"1581\" \/>\n\t<meta property=\"og:image:type\" content=\"image\/jpeg\" \/>\n<meta name=\"author\" content=\"Edward Feser\" \/>\n<meta name=\"twitter:card\" content=\"summary_large_image\" \/>\n<meta name=\"twitter:creator\" content=\"@LeRegardLibre\" \/>\n<meta name=\"twitter:site\" content=\"@LeRegardLibre\" \/>\n<meta name=\"twitter:label1\" content=\"Written by\" \/>\n\t<meta name=\"twitter:data1\" content=\"Edward Feser\" \/>\n\t<meta name=\"twitter:label2\" content=\"Est. reading time\" \/>\n\t<meta name=\"twitter:data2\" content=\"13 minutes\" \/>\n<script type=\"application\/ld+json\" class=\"yoast-schema-graph\">{\"@context\":\"https:\\\/\\\/schema.org\",\"@graph\":[{\"@type\":\"Article\",\"@id\":\"https:\\\/\\\/leregardlibre.com\\\/politique\\\/monde\\\/groenland-trump-analyse\\\/#article\",\"isPartOf\":{\"@id\":\"https:\\\/\\\/leregardlibre.com\\\/politique\\\/monde\\\/groenland-trump-analyse\\\/\"},\"author\":{\"name\":\"Edward Feser\",\"@id\":\"https:\\\/\\\/leregardlibre.com\\\/#\\\/schema\\\/person\\\/8e7dbcfbb0b6e82fcd431e5d8f5dcbcb\"},\"headline\":\"Le Groenland et l\u2019\u00e9thique de l\u2019annexion\",\"datePublished\":\"2025-08-07T04:00:00+00:00\",\"dateModified\":\"2025-12-13T21:50:02+00:00\",\"mainEntityOfPage\":{\"@id\":\"https:\\\/\\\/leregardlibre.com\\\/politique\\\/monde\\\/groenland-trump-analyse\\\/\"},\"wordCount\":3015,\"commentCount\":0,\"publisher\":{\"@id\":\"https:\\\/\\\/leregardlibre.com\\\/#organization\"},\"image\":{\"@id\":\"https:\\\/\\\/leregardlibre.com\\\/politique\\\/monde\\\/groenland-trump-analyse\\\/#primaryimage\"},\"thumbnailUrl\":\"https:\\\/\\\/leregardlibre.com\\\/wp-content\\\/uploads\\\/2025\\\/08\\\/portrait-inaugural-de-donald-trump-en-2025--photo-wikimedia-e1754492825837.jpg\",\"keywords\":[\"Analyse\",\"Donald Trump\",\"Etats-Unis\",\"Groenland\"],\"articleSection\":[\"Monde\"],\"inLanguage\":\"en-US\",\"potentialAction\":[{\"@type\":\"CommentAction\",\"name\":\"Comment\",\"target\":[\"https:\\\/\\\/leregardlibre.com\\\/politique\\\/monde\\\/groenland-trump-analyse\\\/#respond\"]}]},{\"@type\":\"WebPage\",\"@id\":\"https:\\\/\\\/leregardlibre.com\\\/politique\\\/monde\\\/groenland-trump-analyse\\\/\",\"url\":\"https:\\\/\\\/leregardlibre.com\\\/politique\\\/monde\\\/groenland-trump-analyse\\\/\",\"name\":\"Le Groenland et l\u2019\u00e9thique de l\u2019annexion\",\"isPartOf\":{\"@id\":\"https:\\\/\\\/leregardlibre.com\\\/#website\"},\"primaryImageOfPage\":{\"@id\":\"https:\\\/\\\/leregardlibre.com\\\/politique\\\/monde\\\/groenland-trump-analyse\\\/#primaryimage\"},\"image\":{\"@id\":\"https:\\\/\\\/leregardlibre.com\\\/politique\\\/monde\\\/groenland-trump-analyse\\\/#primaryimage\"},\"thumbnailUrl\":\"https:\\\/\\\/leregardlibre.com\\\/wp-content\\\/uploads\\\/2025\\\/08\\\/portrait-inaugural-de-donald-trump-en-2025--photo-wikimedia-e1754492825837.jpg\",\"datePublished\":\"2025-08-07T04:00:00+00:00\",\"dateModified\":\"2025-12-13T21:50:02+00:00\",\"description\":\"Edward Feser, philosophe am\u00e9ricain, s\u2019est montr\u00e9 tr\u00e8s critique \u00e0 l\u2019\u00e9gard des v\u00e9ll\u00e9it\u00e9s expansionnistes de Donald Trump.\",\"breadcrumb\":{\"@id\":\"https:\\\/\\\/leregardlibre.com\\\/politique\\\/monde\\\/groenland-trump-analyse\\\/#breadcrumb\"},\"inLanguage\":\"en-US\",\"potentialAction\":[{\"@type\":\"ReadAction\",\"target\":[\"https:\\\/\\\/leregardlibre.com\\\/politique\\\/monde\\\/groenland-trump-analyse\\\/\"]}]},{\"@type\":\"ImageObject\",\"inLanguage\":\"en-US\",\"@id\":\"https:\\\/\\\/leregardlibre.com\\\/politique\\\/monde\\\/groenland-trump-analyse\\\/#primaryimage\",\"url\":\"https:\\\/\\\/leregardlibre.com\\\/wp-content\\\/uploads\\\/2025\\\/08\\\/portrait-inaugural-de-donald-trump-en-2025--photo-wikimedia-e1754492825837.jpg\",\"contentUrl\":\"https:\\\/\\\/leregardlibre.com\\\/wp-content\\\/uploads\\\/2025\\\/08\\\/portrait-inaugural-de-donald-trump-en-2025--photo-wikimedia-e1754492825837.jpg\",\"width\":2048,\"height\":1581,\"caption\":\"Portrait inaugural de Donald Trump en 2025. Photo: Wikime\u0301dia\"},{\"@type\":\"BreadcrumbList\",\"@id\":\"https:\\\/\\\/leregardlibre.com\\\/politique\\\/monde\\\/groenland-trump-analyse\\\/#breadcrumb\",\"itemListElement\":[{\"@type\":\"ListItem\",\"position\":1,\"name\":\"Accueil\",\"item\":\"https:\\\/\\\/leregardlibre.com\\\/\"},{\"@type\":\"ListItem\",\"position\":2,\"name\":\"Le Groenland et l\u2019\u00e9thique de l\u2019annexion\"}]},{\"@type\":\"WebSite\",\"@id\":\"https:\\\/\\\/leregardlibre.com\\\/#website\",\"url\":\"https:\\\/\\\/leregardlibre.com\\\/\",\"name\":\"Le Regard Libre\",\"description\":\"Premier mensuel suisse de d\u00e9bat\",\"publisher\":{\"@id\":\"https:\\\/\\\/leregardlibre.com\\\/#organization\"},\"potentialAction\":[{\"@type\":\"SearchAction\",\"target\":{\"@type\":\"EntryPoint\",\"urlTemplate\":\"https:\\\/\\\/leregardlibre.com\\\/?s={search_term_string}\"},\"query-input\":{\"@type\":\"PropertyValueSpecification\",\"valueRequired\":true,\"valueName\":\"search_term_string\"}}],\"inLanguage\":\"en-US\"},{\"@type\":\"Organization\",\"@id\":\"https:\\\/\\\/leregardlibre.com\\\/#organization\",\"name\":\"Le Regard Libre\",\"url\":\"https:\\\/\\\/leregardlibre.com\\\/\",\"logo\":{\"@type\":\"ImageObject\",\"inLanguage\":\"en-US\",\"@id\":\"https:\\\/\\\/leregardlibre.com\\\/#\\\/schema\\\/logo\\\/image\\\/\",\"url\":\"https:\\\/\\\/leregardlibre.com\\\/wp-content\\\/uploads\\\/2025\\\/08\\\/logo-rl-icone-neg.jpeg\",\"contentUrl\":\"https:\\\/\\\/leregardlibre.com\\\/wp-content\\\/uploads\\\/2025\\\/08\\\/logo-rl-icone-neg.jpeg\",\"width\":557,\"height\":556,\"caption\":\"Le Regard Libre\"},\"image\":{\"@id\":\"https:\\\/\\\/leregardlibre.com\\\/#\\\/schema\\\/logo\\\/image\\\/\"},\"sameAs\":[\"https:\\\/\\\/www.facebook.com\\\/leregardlibre\\\/\",\"https:\\\/\\\/x.com\\\/LeRegardLibre\",\"https:\\\/\\\/www.linkedin.com\\\/company\\\/le-regard-libre\",\"https:\\\/\\\/www.instagram.com\\\/leregardlibre\\\/\",\"http:\\\/\\\/t.me\\\/leregardlibre\",\"https:\\\/\\\/youtube.com\\\/channel\\\/UC6HzGPomj1LsUmlz-sJtITQ\"],\"description\":\"Le Regard Libre est un mensuel suisse de d\u00e9bat intellectuel et culturel. Sa r\u00e9daction est jeune, b\u00e9n\u00e9vole, lib\u00e9rale et pluraliste. Le magazine para\u00eet en ligne et sous forme papier. Sa langue est le fran\u00e7ais.\",\"email\":\"redaction@leregardlibre.com\",\"legalName\":\"Le Regard Libre\",\"foundingDate\":\"2014-01-01\",\"numberOfEmployees\":{\"@type\":\"QuantitativeValue\",\"minValue\":\"11\",\"maxValue\":\"50\"},\"publishingPrinciples\":\"https:\\\/\\\/leregardlibre.com\\\/a-propos\\\/notre-manifeste\\\/\",\"ownershipFundingInfo\":\"https:\\\/\\\/leregardlibre.com\\\/mentions-legales\\\/\",\"actionableFeedbackPolicy\":\"https:\\\/\\\/leregardlibre.com\\\/conditions-generales-de-vente\\\/\"},{\"@type\":\"Person\",\"@id\":\"https:\\\/\\\/leregardlibre.com\\\/#\\\/schema\\\/person\\\/8e7dbcfbb0b6e82fcd431e5d8f5dcbcb\",\"name\":\"Edward Feser\",\"image\":{\"@type\":\"ImageObject\",\"inLanguage\":\"en-US\",\"@id\":\"https:\\\/\\\/secure.gravatar.com\\\/avatar\\\/45a45991599c93615f24363d0fa25ad65d0f690eff46256265b3aedea5158712?s=96&d=identicon&r=g\",\"url\":\"https:\\\/\\\/secure.gravatar.com\\\/avatar\\\/45a45991599c93615f24363d0fa25ad65d0f690eff46256265b3aedea5158712?s=96&d=identicon&r=g\",\"contentUrl\":\"https:\\\/\\\/secure.gravatar.com\\\/avatar\\\/45a45991599c93615f24363d0fa25ad65d0f690eff46256265b3aedea5158712?s=96&d=identicon&r=g\",\"caption\":\"Edward Feser\"},\"description\":\"Professeur au Pasadena City College de Los Angeles, Edward Feser est un philosophe am\u00e9ricain.\",\"url\":\"https:\\\/\\\/leregardlibre.com\\\/en\\\/author\\\/edward-feser\\\/\"}]}<\/script>\n<!-- \/ Yoast SEO Premium plugin. -->","yoast_head_json":{"title":"Greenland and the ethics of annexation","description":"Edward Feser, an American philosopher, has been highly critical of Donald Trump's expansionist velocities.","robots":{"index":"index","follow":"follow","max-snippet":"max-snippet:-1","max-image-preview":"max-image-preview:large","max-video-preview":"max-video-preview:-1"},"canonical":"https:\/\/leregardlibre.com\/en\/policy\/world\/greenland-trump-analysis\/","og_locale":"en_US","og_type":"article","og_title":"Le Groenland et l\u2019\u00e9thique de l\u2019annexion","og_description":"Edward Feser, philosophe am\u00e9ricain, s\u2019est montr\u00e9 tr\u00e8s critique \u00e0 l\u2019\u00e9gard des v\u00e9ll\u00e9it\u00e9s expansionnistes de Donald Trump.","og_url":"https:\/\/leregardlibre.com\/en\/policy\/world\/greenland-trump-analysis\/","og_site_name":"Le Regard Libre","article_publisher":"https:\/\/www.facebook.com\/leregardlibre\/","article_published_time":"2025-08-07T04:00:00+00:00","article_modified_time":"2025-12-13T21:50:02+00:00","og_image":[{"width":2048,"height":1581,"url":"https:\/\/leregardlibre.com\/wp-content\/uploads\/2025\/08\/portrait-inaugural-de-donald-trump-en-2025--photo-wikimedia-e1754492825837.jpg","type":"image\/jpeg"}],"author":"Edward Feser","twitter_card":"summary_large_image","twitter_creator":"@LeRegardLibre","twitter_site":"@LeRegardLibre","twitter_misc":{"Written by":"Edward Feser","Est. reading time":"13 minutes"},"schema":{"@context":"https:\/\/schema.org","@graph":[{"@type":"Article","@id":"https:\/\/leregardlibre.com\/politique\/monde\/groenland-trump-analyse\/#article","isPartOf":{"@id":"https:\/\/leregardlibre.com\/politique\/monde\/groenland-trump-analyse\/"},"author":{"name":"Edward Feser","@id":"https:\/\/leregardlibre.com\/#\/schema\/person\/8e7dbcfbb0b6e82fcd431e5d8f5dcbcb"},"headline":"Le Groenland et l\u2019\u00e9thique de l\u2019annexion","datePublished":"2025-08-07T04:00:00+00:00","dateModified":"2025-12-13T21:50:02+00:00","mainEntityOfPage":{"@id":"https:\/\/leregardlibre.com\/politique\/monde\/groenland-trump-analyse\/"},"wordCount":3015,"commentCount":0,"publisher":{"@id":"https:\/\/leregardlibre.com\/#organization"},"image":{"@id":"https:\/\/leregardlibre.com\/politique\/monde\/groenland-trump-analyse\/#primaryimage"},"thumbnailUrl":"https:\/\/leregardlibre.com\/wp-content\/uploads\/2025\/08\/portrait-inaugural-de-donald-trump-en-2025--photo-wikimedia-e1754492825837.jpg","keywords":["Analyse","Donald Trump","Etats-Unis","Groenland"],"articleSection":["Monde"],"inLanguage":"en-US","potentialAction":[{"@type":"CommentAction","name":"Comment","target":["https:\/\/leregardlibre.com\/politique\/monde\/groenland-trump-analyse\/#respond"]}]},{"@type":"WebPage","@id":"https:\/\/leregardlibre.com\/politique\/monde\/groenland-trump-analyse\/","url":"https:\/\/leregardlibre.com\/politique\/monde\/groenland-trump-analyse\/","name":"Greenland and the ethics of annexation","isPartOf":{"@id":"https:\/\/leregardlibre.com\/#website"},"primaryImageOfPage":{"@id":"https:\/\/leregardlibre.com\/politique\/monde\/groenland-trump-analyse\/#primaryimage"},"image":{"@id":"https:\/\/leregardlibre.com\/politique\/monde\/groenland-trump-analyse\/#primaryimage"},"thumbnailUrl":"https:\/\/leregardlibre.com\/wp-content\/uploads\/2025\/08\/portrait-inaugural-de-donald-trump-en-2025--photo-wikimedia-e1754492825837.jpg","datePublished":"2025-08-07T04:00:00+00:00","dateModified":"2025-12-13T21:50:02+00:00","description":"Edward Feser, an American philosopher, has been highly critical of Donald Trump's expansionist velocities.","breadcrumb":{"@id":"https:\/\/leregardlibre.com\/politique\/monde\/groenland-trump-analyse\/#breadcrumb"},"inLanguage":"en-US","potentialAction":[{"@type":"ReadAction","target":["https:\/\/leregardlibre.com\/politique\/monde\/groenland-trump-analyse\/"]}]},{"@type":"ImageObject","inLanguage":"en-US","@id":"https:\/\/leregardlibre.com\/politique\/monde\/groenland-trump-analyse\/#primaryimage","url":"https:\/\/leregardlibre.com\/wp-content\/uploads\/2025\/08\/portrait-inaugural-de-donald-trump-en-2025--photo-wikimedia-e1754492825837.jpg","contentUrl":"https:\/\/leregardlibre.com\/wp-content\/uploads\/2025\/08\/portrait-inaugural-de-donald-trump-en-2025--photo-wikimedia-e1754492825837.jpg","width":2048,"height":1581,"caption":"Portrait inaugural de Donald Trump en 2025. Photo: Wikime\u0301dia"},{"@type":"BreadcrumbList","@id":"https:\/\/leregardlibre.com\/politique\/monde\/groenland-trump-analyse\/#breadcrumb","itemListElement":[{"@type":"ListItem","position":1,"name":"Accueil","item":"https:\/\/leregardlibre.com\/"},{"@type":"ListItem","position":2,"name":"Le Groenland et l\u2019\u00e9thique de l\u2019annexion"}]},{"@type":"WebSite","@id":"https:\/\/leregardlibre.com\/#website","url":"https:\/\/leregardlibre.com\/","name":"Le Regard Libre","description":"Switzerland's first monthly debate magazine","publisher":{"@id":"https:\/\/leregardlibre.com\/#organization"},"potentialAction":[{"@type":"SearchAction","target":{"@type":"EntryPoint","urlTemplate":"https:\/\/leregardlibre.com\/?s={search_term_string}"},"query-input":{"@type":"PropertyValueSpecification","valueRequired":true,"valueName":"search_term_string"}}],"inLanguage":"en-US"},{"@type":"Organization","@id":"https:\/\/leregardlibre.com\/#organization","name":"Le Regard Libre","url":"https:\/\/leregardlibre.com\/","logo":{"@type":"ImageObject","inLanguage":"en-US","@id":"https:\/\/leregardlibre.com\/#\/schema\/logo\/image\/","url":"https:\/\/leregardlibre.com\/wp-content\/uploads\/2025\/08\/logo-rl-icone-neg.jpeg","contentUrl":"https:\/\/leregardlibre.com\/wp-content\/uploads\/2025\/08\/logo-rl-icone-neg.jpeg","width":557,"height":556,"caption":"Le Regard Libre"},"image":{"@id":"https:\/\/leregardlibre.com\/#\/schema\/logo\/image\/"},"sameAs":["https:\/\/www.facebook.com\/leregardlibre\/","https:\/\/x.com\/LeRegardLibre","https:\/\/www.linkedin.com\/company\/le-regard-libre","https:\/\/www.instagram.com\/leregardlibre\/","http:\/\/t.me\/leregardlibre","https:\/\/youtube.com\/channel\/UC6HzGPomj1LsUmlz-sJtITQ"],"description":"Le Regard Libre is a Swiss monthly magazine for intellectual and cultural debate. Its editorial team is young, voluntary, liberal and pluralist. The magazine appears online and in print. Its language is French.","email":"redaction@leregardlibre.com","legalName":"Le Regard Libre","foundingDate":"2014-01-01","numberOfEmployees":{"@type":"QuantitativeValue","minValue":"11","maxValue":"50"},"publishingPrinciples":"https:\/\/leregardlibre.com\/a-propos\/notre-manifeste\/","ownershipFundingInfo":"https:\/\/leregardlibre.com\/mentions-legales\/","actionableFeedbackPolicy":"https:\/\/leregardlibre.com\/conditions-generales-de-vente\/"},{"@type":"Person","@id":"https:\/\/leregardlibre.com\/#\/schema\/person\/8e7dbcfbb0b6e82fcd431e5d8f5dcbcb","name":"Edward Feser","image":{"@type":"ImageObject","inLanguage":"en-US","@id":"https:\/\/secure.gravatar.com\/avatar\/45a45991599c93615f24363d0fa25ad65d0f690eff46256265b3aedea5158712?s=96&d=identicon&r=g","url":"https:\/\/secure.gravatar.com\/avatar\/45a45991599c93615f24363d0fa25ad65d0f690eff46256265b3aedea5158712?s=96&d=identicon&r=g","contentUrl":"https:\/\/secure.gravatar.com\/avatar\/45a45991599c93615f24363d0fa25ad65d0f690eff46256265b3aedea5158712?s=96&d=identicon&r=g","caption":"Edward Feser"},"description":"Professor at Pasadena City College in Los Angeles, Edward Feser is an American philosopher.","url":"https:\/\/leregardlibre.com\/en\/author\/edward-feser\/"}]}},"_links":{"self":[{"href":"https:\/\/leregardlibre.com\/en\/wp-json\/wp\/v2\/posts\/528472","targetHints":{"allow":["GET"]}}],"collection":[{"href":"https:\/\/leregardlibre.com\/en\/wp-json\/wp\/v2\/posts"}],"about":[{"href":"https:\/\/leregardlibre.com\/en\/wp-json\/wp\/v2\/types\/post"}],"author":[{"embeddable":true,"href":"https:\/\/leregardlibre.com\/en\/wp-json\/wp\/v2\/users\/955"}],"replies":[{"embeddable":true,"href":"https:\/\/leregardlibre.com\/en\/wp-json\/wp\/v2\/comments?post=528472"}],"version-history":[{"count":2,"href":"https:\/\/leregardlibre.com\/en\/wp-json\/wp\/v2\/posts\/528472\/revisions"}],"predecessor-version":[{"id":528481,"href":"https:\/\/leregardlibre.com\/en\/wp-json\/wp\/v2\/posts\/528472\/revisions\/528481"}],"wp:featuredmedia":[{"embeddable":true,"href":"https:\/\/leregardlibre.com\/en\/wp-json\/wp\/v2\/media\/528474"}],"wp:attachment":[{"href":"https:\/\/leregardlibre.com\/en\/wp-json\/wp\/v2\/media?parent=528472"}],"wp:term":[{"taxonomy":"category","embeddable":true,"href":"https:\/\/leregardlibre.com\/en\/wp-json\/wp\/v2\/categories?post=528472"},{"taxonomy":"post_tag","embeddable":true,"href":"https:\/\/leregardlibre.com\/en\/wp-json\/wp\/v2\/tags?post=528472"}],"curies":[{"name":"wp","href":"https:\/\/api.w.org\/{rel}","templated":true}]}}