{"id":530808,"date":"2026-01-26T07:30:00","date_gmt":"2026-01-26T06:30:00","guid":{"rendered":"https:\/\/leregardlibre.com\/?p=530808"},"modified":"2026-01-26T11:35:12","modified_gmt":"2026-01-26T10:35:12","slug":"chantal-ladesou-the-stage-is-the-last-space-of-freedom","status":"publish","type":"post","link":"https:\/\/leregardlibre.com\/en\/performing-arts\/theater\/chantal-ladesou-the-stage-is-the-last-space-of-freedom\/","title":{"rendered":"Chantal Ladesou: \u00abThe stage is the last space of freedom\u00bb"},"content":{"rendered":"<p class=\"has-drop-cap\"><strong>The French comedienne and humorist, who will perform at the Morges-sous-Rire festival in June, claims that theater saved her and regrets the \u00abbad spirit\u00bb of the time. We met her in her dressing room after a sold-out one-woman show in Gr\u00f4ne, Valais.<\/strong><\/p>\n\n\n\n<!--more-->\n\n\n\n<p>She could say anything and her audience would still laugh. An audience member once told her that this was the sixth time he'd come to see her, and that the less he understood what she was saying, the more he laughed. Chantal Ladesou's cheekiness, deep voice and rapid delivery make her outings a theatrical masterpiece in their own right.<\/p>\n\n\n\n<p>Only, as it happens, the comedienne doesn't just talk nonsense. Between the interstices of her hilarious sketches about her enduring marriage and the vulgarity of the new guard of humor, one message emerges: theater, which has enabled this Frenchwoman from the north of France to survive her grief, remains a refuge at a time when the field of acceptable expressions is becoming ever narrower.<\/p>\n\n\n\n<figure class=\"wp-block-embed is-type-video is-provider-youtube wp-block-embed-youtube wp-embed-aspect-16-9 wp-has-aspect-ratio\"><div class=\"wp-block-embed__wrapper\">\n<iframe title=\"Chantal Ladesou - On the road again - Com\u00e9die+\" width=\"1000\" height=\"563\" src=\"https:\/\/www.youtube.com\/embed\/1M-EE_bmIzs?feature=oembed\" frameborder=\"0\" allow=\"accelerometer; autoplay; clipboard-write; encrypted-media; gyroscope; picture-in-picture; web-share\" referrerpolicy=\"strict-origin-when-cross-origin\" allowfullscreen><\/iframe>\n<\/div><\/figure>\n\n\n\n<p>Chantal Ladesou, 77, frank and luminous, answered the questions of the <em>Regard Libre<\/em> after a sold-out performance of his new show \u00abLe retour\u00bb at the Salle Recto-Verso in Gr\u00f4ne (VS).<\/p>\n\n\n\n<h6 class=\"wp-block-heading\" id=\"h-le-regard-libre-quel-est-le-secret-de-votre-energie\"><em>Le Regard Libre<\/em>What's the secret of your energy?<\/h6>\n\n\n\n<p>Chantal Ladesou: I don't have time to grow old. I do so many things that interest me, I'm curious, I have fun... I've wanted to do this job since I was a little girl, so today everything is a gift. What's more, the theaters are full, the welcome is wonderful and I can take my husband everywhere!<\/p>\n\n\n\n<h6 class=\"wp-block-heading\" id=\"h-comment-ne-pas-tomber-dans-la-repetition-et-l-ennui\">How to avoid repetition and boredom?<\/h6>\n\n\n\n<p>And there's always an element of improvisation, which I really enjoy. It's never the same performance, otherwise it would be tiring and a bit monotonous. My improvisation changes according to my audience or my mood. I like to keep this part of my show, not only because I enjoy it, but also because I know I'm better that way.<\/p>\n\n\n\n<h6 class=\"wp-block-heading\" id=\"h-vous-vehiculez-aussi-certaines-idees-en-passant-meme-sur-le-ton-de-l-humour-comme-lorsque-vous-dites-qu-on-ne-peut-plus-rien-dire-n-est-ce-pas\">You also convey certain ideas in passing, even in a humorous tone, like when you say that we can't say anything anymore, right?<\/h6>\n\n\n\n<p>Yes, exactly. You can't say anything at all anymore. I've got comedian friends who can't even go on television any more because they've had the misfortune to say something. The stage is the last space of freedom. But beware, there are people filming, and it can end up on social networks, so you have to be very careful everywhere. Look at my passage on migrants: some might be shocked when I say that there are a lot of them in France. But it's quite simply true, and I'm having fun with it.<\/p>\n\n\n\n<h6 class=\"wp-block-heading\" id=\"h-parleriez-vous-de-susceptibilite\">Would you call it susceptibility?<\/h6>\n\n\n\n<p>Yes, and bad spirit. A mixture of things like that, no doubt. We also see this phenomenon in cartooning and journalism. People can no longer express themselves, their intimacy is being invaded... Admittedly, phenomena like MeToo have done some good, because there have been abuses. But it's all gone too far. People are turning against each other, men against women, women against men... It's all going to end badly.<\/p>\n\n\n\n<h6 class=\"wp-block-heading\" id=\"h-parmi-les-jeunes-humoristes-que-vous-egratignez-dans-votre-spectacle-avec-beaucoup-d-autoderision-voyez-vous-des-artistes-libres\">Do you see any free-spirited artists among the young comedians you ridicule so self-deprecatingly in your show?<\/h6>\n\n\n\n<p>Yes, of course there are, and they're extremely good. That means daring to say things you're not used to hearing. They make me laugh a lot! I'm not going to mention any names, so as not to offend anyone. In any case, I don't know what's going to happen to them, because they're quickly \u00abcancelled\u00bb. But things could still change.<\/p>\n\n\n\n<h6 class=\"wp-block-heading\" id=\"h-outre-la-liberte-que-represente-la-scene-pour-vous\">Apart from freedom, what does the stage mean to you?<\/h6>\n\n\n\n<p>Theater saved me when I experienced a great tragedy in my family. <em>(editor's note: at the dawn of her 16th birthday, Chantal Ladesou lost her mother in a car accident \u2013 a tragedy that also struck the actress's eldest son in 1998).<\/em>. It was very difficult at first, but the stage and my fellow actors saved me. I think I could also have been saved in another way, because you have to go on living. But in my case, that's how it happened.<\/p>\n\n\n\n<h6 class=\"wp-block-heading\" id=\"h-cette-passion-vous-porte-t-elle-au-jour-le-jour-et-pas-seulement-quand-vous-etes-sur-les-planches\">Does this passion carry you through the day, not just when you're on stage?<\/h6>\n\n\n\n<p>Yes. When you're passionate about something, you give happiness to those around you. And in return, you get a lot back. Waves of laughter like tonight are extraordinary. It's a charge for me. Before the show, I isolate myself for an hour, anxious, rereading my sketches... And after the show, that's it, I'm fine, just like now. Until the next date! <em>(Laughter)<\/em><\/p>\n\n\n\n<p><em>Chantal Ladesou to perform at Morges-sous-Rire festival <a href=\"https:\/\/morges-sous-rire.ch\/spectacles\/chantal-ladesou\/\">on June 9<\/a>.<\/em><\/p>\n\n\n\n<h6 class=\"wp-block-heading\" id=\"h-vous-venez-de-lire-un-article-en-libre-acces-debats-analyses-actualites-culturelles-abonnez-vous-au-regard-libre-pour-nous-soutenir-et-avoir-acces-a-tous-nos-contenus\">You have just read an open-access article. Debates, analyses, cultural news:&nbsp;<a href=\"https:\/\/leregardlibre.com\/en\/subscription\/\">subscribe<\/a>&nbsp;at <em>Regard Libre<\/em> to support us and get access to all our content.<\/h6>\n\n\n\n<p><em>Write to the author: <a href=\"mailto:jonas.follonier@leregardlibre.com\">jonas.follonier@leregardlibre.com<\/a><\/em><\/p>","protected":false},"excerpt":{"rendered":"<p>The French comedienne and humorist, who will perform at the Morges-sous-Rire festival in June, claims that theater saved her and regrets the \u00abbad spirit\u00bb of the time. We met her in her dressing room after a sold-out one-woman show in Gr\u00f4ne, Valais.<\/p>","protected":false},"author":138,"featured_media":530809,"comment_status":"open","ping_status":"closed","sticky":false,"template":"","format":"standard","meta":{"_acf_changed":false,"footnotes":""},"categories":[5386],"tags":[1686924,35,11788,45553,1385941,644358365],"class_list":["post-530808","post","type-post","status-publish","format-standard","has-post-thumbnail","hentry","category-theatre","tag-deuil","tag-humour","tag-interviews","tag-liberte","tag-politiquement-correct","tag-seuls-en-scene"],"acf":[],"yoast_head":"<!-- This site is optimized with the Yoast SEO Premium plugin v27.4 (Yoast SEO v27.4) - https:\/\/yoast.com\/product\/yoast-seo-premium-wordpress\/ -->\n<title>Chantal Ladesou: \u00abLa sc\u00e8ne est le dernier espace de libert\u00e9\u00bb<\/title>\n<meta name=\"description\" content=\"Chantal Ladesou affirme que le th\u00e9\u00e2tre l\u2019a sauv\u00e9e et regrette le \u00abmauvais esprit\u00bb de l\u2019\u00e9poque. Interview \u00e0 Gr\u00f4ne, au c\u0153ur de sa tourn\u00e9e.\" \/>\n<meta name=\"robots\" content=\"index, follow, max-snippet:-1, max-image-preview:large, max-video-preview:-1\" \/>\n<link rel=\"canonical\" href=\"https:\/\/leregardlibre.com\/en\/performing-arts\/theater\/chantal-ladesou-the-stage-is-the-last-space-of-freedom\/\" \/>\n<meta property=\"og:locale\" content=\"en_US\" \/>\n<meta property=\"og:type\" content=\"article\" \/>\n<meta property=\"og:title\" content=\"Chantal Ladesou: \u00abLa sc\u00e8ne est le dernier espace de libert\u00e9\u00bb\" \/>\n<meta property=\"og:description\" content=\"Chantal Ladesou affirme que le th\u00e9\u00e2tre l\u2019a sauv\u00e9e et regrette le \u00abmauvais esprit\u00bb de l\u2019\u00e9poque. Interview \u00e0 Gr\u00f4ne, au c\u0153ur de sa tourn\u00e9e.\" \/>\n<meta property=\"og:url\" content=\"https:\/\/leregardlibre.com\/en\/performing-arts\/theater\/chantal-ladesou-the-stage-is-the-last-space-of-freedom\/\" \/>\n<meta property=\"og:site_name\" content=\"Le Regard Libre\" \/>\n<meta property=\"article:publisher\" content=\"https:\/\/www.facebook.com\/leregardlibre\/\" \/>\n<meta property=\"article:author\" content=\"https:\/\/www.facebook.com\/jonas.follonier\/\" \/>\n<meta property=\"article:published_time\" content=\"2026-01-26T06:30:00+00:00\" \/>\n<meta property=\"article:modified_time\" content=\"2026-01-26T10:35:12+00:00\" \/>\n<meta property=\"og:image\" content=\"https:\/\/leregardlibre.com\/wp-content\/uploads\/2026\/01\/chantal-ladesou.png\" \/>\n\t<meta property=\"og:image:width\" content=\"1132\" \/>\n\t<meta property=\"og:image:height\" content=\"855\" \/>\n\t<meta property=\"og:image:type\" content=\"image\/png\" \/>\n<meta name=\"author\" content=\"Jonas Follonier\" \/>\n<meta name=\"twitter:card\" content=\"summary_large_image\" \/>\n<meta name=\"twitter:creator\" content=\"@LeRegardLibre\" \/>\n<meta name=\"twitter:site\" content=\"@LeRegardLibre\" \/>\n<meta name=\"twitter:label1\" content=\"Written by\" \/>\n\t<meta name=\"twitter:data1\" content=\"Jonas Follonier\" \/>\n\t<meta name=\"twitter:label2\" content=\"Est. reading time\" \/>\n\t<meta name=\"twitter:data2\" content=\"5 minutes\" \/>\n<script type=\"application\/ld+json\" class=\"yoast-schema-graph\">{\"@context\":\"https:\\\/\\\/schema.org\",\"@graph\":[{\"@type\":\"Article\",\"@id\":\"https:\\\/\\\/leregardlibre.com\\\/arts-vivants\\\/theatre\\\/chantal-ladesou-la-scene-est-le-dernier-espace-de-liberte\\\/#article\",\"isPartOf\":{\"@id\":\"https:\\\/\\\/leregardlibre.com\\\/arts-vivants\\\/theatre\\\/chantal-ladesou-la-scene-est-le-dernier-espace-de-liberte\\\/\"},\"author\":{\"name\":\"Jonas Follonier\",\"@id\":\"https:\\\/\\\/leregardlibre.com\\\/#\\\/schema\\\/person\\\/bfe5aa794a23be71485d60e2d93ec0d2\"},\"headline\":\"Chantal Ladesou: \u00abLa sc\u00e8ne est le dernier espace de libert\u00e9\u00bb\",\"datePublished\":\"2026-01-26T06:30:00+00:00\",\"dateModified\":\"2026-01-26T10:35:12+00:00\",\"mainEntityOfPage\":{\"@id\":\"https:\\\/\\\/leregardlibre.com\\\/arts-vivants\\\/theatre\\\/chantal-ladesou-la-scene-est-le-dernier-espace-de-liberte\\\/\"},\"wordCount\":996,\"commentCount\":0,\"publisher\":{\"@id\":\"https:\\\/\\\/leregardlibre.com\\\/#organization\"},\"image\":{\"@id\":\"https:\\\/\\\/leregardlibre.com\\\/arts-vivants\\\/theatre\\\/chantal-ladesou-la-scene-est-le-dernier-espace-de-liberte\\\/#primaryimage\"},\"thumbnailUrl\":\"https:\\\/\\\/leregardlibre.com\\\/wp-content\\\/uploads\\\/2026\\\/01\\\/chantal-ladesou.png\",\"keywords\":[\"Deuil\",\"Humour\",\"Interview\",\"Libert\u00e9\",\"Politiquement correct\",\"Seul en sc\u00e8ne\"],\"articleSection\":[\"Th\u00e9\u00e2tre\"],\"inLanguage\":\"en-US\",\"potentialAction\":[{\"@type\":\"CommentAction\",\"name\":\"Comment\",\"target\":[\"https:\\\/\\\/leregardlibre.com\\\/arts-vivants\\\/theatre\\\/chantal-ladesou-la-scene-est-le-dernier-espace-de-liberte\\\/#respond\"]}]},{\"@type\":\"WebPage\",\"@id\":\"https:\\\/\\\/leregardlibre.com\\\/arts-vivants\\\/theatre\\\/chantal-ladesou-la-scene-est-le-dernier-espace-de-liberte\\\/\",\"url\":\"https:\\\/\\\/leregardlibre.com\\\/arts-vivants\\\/theatre\\\/chantal-ladesou-la-scene-est-le-dernier-espace-de-liberte\\\/\",\"name\":\"Chantal Ladesou: \u00abLa sc\u00e8ne est le dernier espace de libert\u00e9\u00bb\",\"isPartOf\":{\"@id\":\"https:\\\/\\\/leregardlibre.com\\\/#website\"},\"primaryImageOfPage\":{\"@id\":\"https:\\\/\\\/leregardlibre.com\\\/arts-vivants\\\/theatre\\\/chantal-ladesou-la-scene-est-le-dernier-espace-de-liberte\\\/#primaryimage\"},\"image\":{\"@id\":\"https:\\\/\\\/leregardlibre.com\\\/arts-vivants\\\/theatre\\\/chantal-ladesou-la-scene-est-le-dernier-espace-de-liberte\\\/#primaryimage\"},\"thumbnailUrl\":\"https:\\\/\\\/leregardlibre.com\\\/wp-content\\\/uploads\\\/2026\\\/01\\\/chantal-ladesou.png\",\"datePublished\":\"2026-01-26T06:30:00+00:00\",\"dateModified\":\"2026-01-26T10:35:12+00:00\",\"description\":\"Chantal Ladesou affirme que le th\u00e9\u00e2tre l\u2019a sauv\u00e9e et regrette le \u00abmauvais esprit\u00bb de l\u2019\u00e9poque. Interview \u00e0 Gr\u00f4ne, au c\u0153ur de sa tourn\u00e9e.\",\"breadcrumb\":{\"@id\":\"https:\\\/\\\/leregardlibre.com\\\/arts-vivants\\\/theatre\\\/chantal-ladesou-la-scene-est-le-dernier-espace-de-liberte\\\/#breadcrumb\"},\"inLanguage\":\"en-US\",\"potentialAction\":[{\"@type\":\"ReadAction\",\"target\":[\"https:\\\/\\\/leregardlibre.com\\\/arts-vivants\\\/theatre\\\/chantal-ladesou-la-scene-est-le-dernier-espace-de-liberte\\\/\"]}]},{\"@type\":\"ImageObject\",\"inLanguage\":\"en-US\",\"@id\":\"https:\\\/\\\/leregardlibre.com\\\/arts-vivants\\\/theatre\\\/chantal-ladesou-la-scene-est-le-dernier-espace-de-liberte\\\/#primaryimage\",\"url\":\"https:\\\/\\\/leregardlibre.com\\\/wp-content\\\/uploads\\\/2026\\\/01\\\/chantal-ladesou.png\",\"contentUrl\":\"https:\\\/\\\/leregardlibre.com\\\/wp-content\\\/uploads\\\/2026\\\/01\\\/chantal-ladesou.png\",\"width\":1132,\"height\":855,\"caption\":\"L\u2019artiste se livre \u00e0 l\u2019occasion de sa tourn\u00e9e \u00abLe retour\u00bb. Photo: Pascal Ito\"},{\"@type\":\"BreadcrumbList\",\"@id\":\"https:\\\/\\\/leregardlibre.com\\\/arts-vivants\\\/theatre\\\/chantal-ladesou-la-scene-est-le-dernier-espace-de-liberte\\\/#breadcrumb\",\"itemListElement\":[{\"@type\":\"ListItem\",\"position\":1,\"name\":\"Accueil\",\"item\":\"https:\\\/\\\/leregardlibre.com\\\/\"},{\"@type\":\"ListItem\",\"position\":2,\"name\":\"Chantal Ladesou: \u00abLa sc\u00e8ne est le dernier espace de libert\u00e9\u00bb\"}]},{\"@type\":\"WebSite\",\"@id\":\"https:\\\/\\\/leregardlibre.com\\\/#website\",\"url\":\"https:\\\/\\\/leregardlibre.com\\\/\",\"name\":\"Le Regard Libre\",\"description\":\"Premier mensuel suisse de d\u00e9bat\",\"publisher\":{\"@id\":\"https:\\\/\\\/leregardlibre.com\\\/#organization\"},\"potentialAction\":[{\"@type\":\"SearchAction\",\"target\":{\"@type\":\"EntryPoint\",\"urlTemplate\":\"https:\\\/\\\/leregardlibre.com\\\/?s={search_term_string}\"},\"query-input\":{\"@type\":\"PropertyValueSpecification\",\"valueRequired\":true,\"valueName\":\"search_term_string\"}}],\"inLanguage\":\"en-US\"},{\"@type\":\"Organization\",\"@id\":\"https:\\\/\\\/leregardlibre.com\\\/#organization\",\"name\":\"Le Regard Libre\",\"url\":\"https:\\\/\\\/leregardlibre.com\\\/\",\"logo\":{\"@type\":\"ImageObject\",\"inLanguage\":\"en-US\",\"@id\":\"https:\\\/\\\/leregardlibre.com\\\/#\\\/schema\\\/logo\\\/image\\\/\",\"url\":\"https:\\\/\\\/leregardlibre.com\\\/wp-content\\\/uploads\\\/2025\\\/08\\\/logo-rl-icone-neg.jpeg\",\"contentUrl\":\"https:\\\/\\\/leregardlibre.com\\\/wp-content\\\/uploads\\\/2025\\\/08\\\/logo-rl-icone-neg.jpeg\",\"width\":557,\"height\":556,\"caption\":\"Le Regard Libre\"},\"image\":{\"@id\":\"https:\\\/\\\/leregardlibre.com\\\/#\\\/schema\\\/logo\\\/image\\\/\"},\"sameAs\":[\"https:\\\/\\\/www.facebook.com\\\/leregardlibre\\\/\",\"https:\\\/\\\/x.com\\\/LeRegardLibre\",\"https:\\\/\\\/www.linkedin.com\\\/company\\\/le-regard-libre\",\"https:\\\/\\\/www.instagram.com\\\/leregardlibre\\\/\",\"http:\\\/\\\/t.me\\\/leregardlibre\",\"https:\\\/\\\/youtube.com\\\/channel\\\/UC6HzGPomj1LsUmlz-sJtITQ\"],\"description\":\"Le Regard Libre est un mensuel suisse de d\u00e9bat intellectuel et culturel. Sa r\u00e9daction est jeune, b\u00e9n\u00e9vole, lib\u00e9rale et pluraliste. Le magazine para\u00eet en ligne et sous forme papier. Sa langue est le fran\u00e7ais.\",\"email\":\"redaction@leregardlibre.com\",\"legalName\":\"Le Regard Libre\",\"foundingDate\":\"2014-01-01\",\"numberOfEmployees\":{\"@type\":\"QuantitativeValue\",\"minValue\":\"11\",\"maxValue\":\"50\"},\"publishingPrinciples\":\"https:\\\/\\\/leregardlibre.com\\\/a-propos\\\/notre-manifeste\\\/\",\"ownershipFundingInfo\":\"https:\\\/\\\/leregardlibre.com\\\/mentions-legales\\\/\",\"actionableFeedbackPolicy\":\"https:\\\/\\\/leregardlibre.com\\\/conditions-generales-de-vente\\\/\"},{\"@type\":\"Person\",\"@id\":\"https:\\\/\\\/leregardlibre.com\\\/#\\\/schema\\\/person\\\/bfe5aa794a23be71485d60e2d93ec0d2\",\"name\":\"Jonas Follonier\",\"image\":{\"@type\":\"ImageObject\",\"inLanguage\":\"en-US\",\"@id\":\"https:\\\/\\\/secure.gravatar.com\\\/avatar\\\/602060b40f6a458420c2d140f49b6caea99152ce6704f2c332e5a0c5aad80303?s=96&d=identicon&r=g\",\"url\":\"https:\\\/\\\/secure.gravatar.com\\\/avatar\\\/602060b40f6a458420c2d140f49b6caea99152ce6704f2c332e5a0c5aad80303?s=96&d=identicon&r=g\",\"contentUrl\":\"https:\\\/\\\/secure.gravatar.com\\\/avatar\\\/602060b40f6a458420c2d140f49b6caea99152ce6704f2c332e5a0c5aad80303?s=96&d=identicon&r=g\",\"caption\":\"Jonas Follonier\"},\"description\":\"Correspondant au Palais f\u00e9d\u00e9ral pour \u00abL\u2019Agefi\u00bb, auteur-compositeur-interpr\u00e8te et essayiste, Jonas Follonier est le fondateur et r\u00e9dacteur en chef du \u00abRegard Libre\u00bb.\",\"sameAs\":[\"https:\\\/\\\/www.facebook.com\\\/jonas.follonier\\\/\",\"https:\\\/\\\/www.instagram.com\\\/jonasfollonier\\\/\",\"https:\\\/\\\/www.linkedin.com\\\/in\\\/jonasfollonier\\\/\",\"https:\\\/\\\/fr.wikipedia.org\\\/wiki\\\/Le_Regard_libre\"],\"url\":\"https:\\\/\\\/leregardlibre.com\\\/en\\\/author\\\/jonas-follonier\\\/\"}]}<\/script>\n<!-- \/ Yoast SEO Premium plugin. -->","yoast_head_json":{"title":"Chantal Ladesou: \u00abThe stage is the last space of freedom\u00bb","description":"Chantal Ladesou says theater saved her, and regrets the \u00abbad spirit\u00bb of the time. Interview in Gr\u00f4ne, at the heart of her tour.","robots":{"index":"index","follow":"follow","max-snippet":"max-snippet:-1","max-image-preview":"max-image-preview:large","max-video-preview":"max-video-preview:-1"},"canonical":"https:\/\/leregardlibre.com\/en\/performing-arts\/theater\/chantal-ladesou-the-stage-is-the-last-space-of-freedom\/","og_locale":"en_US","og_type":"article","og_title":"Chantal Ladesou: \u00abLa sc\u00e8ne est le dernier espace de libert\u00e9\u00bb","og_description":"Chantal Ladesou affirme que le th\u00e9\u00e2tre l\u2019a sauv\u00e9e et regrette le \u00abmauvais esprit\u00bb de l\u2019\u00e9poque. Interview \u00e0 Gr\u00f4ne, au c\u0153ur de sa tourn\u00e9e.","og_url":"https:\/\/leregardlibre.com\/en\/performing-arts\/theater\/chantal-ladesou-the-stage-is-the-last-space-of-freedom\/","og_site_name":"Le Regard Libre","article_publisher":"https:\/\/www.facebook.com\/leregardlibre\/","article_author":"https:\/\/www.facebook.com\/jonas.follonier\/","article_published_time":"2026-01-26T06:30:00+00:00","article_modified_time":"2026-01-26T10:35:12+00:00","og_image":[{"width":1132,"height":855,"url":"https:\/\/leregardlibre.com\/wp-content\/uploads\/2026\/01\/chantal-ladesou.png","type":"image\/png"}],"author":"Jonas Follonier","twitter_card":"summary_large_image","twitter_creator":"@LeRegardLibre","twitter_site":"@LeRegardLibre","twitter_misc":{"Written by":"Jonas Follonier","Est. reading time":"5 minutes"},"schema":{"@context":"https:\/\/schema.org","@graph":[{"@type":"Article","@id":"https:\/\/leregardlibre.com\/arts-vivants\/theatre\/chantal-ladesou-la-scene-est-le-dernier-espace-de-liberte\/#article","isPartOf":{"@id":"https:\/\/leregardlibre.com\/arts-vivants\/theatre\/chantal-ladesou-la-scene-est-le-dernier-espace-de-liberte\/"},"author":{"name":"Jonas Follonier","@id":"https:\/\/leregardlibre.com\/#\/schema\/person\/bfe5aa794a23be71485d60e2d93ec0d2"},"headline":"Chantal Ladesou: \u00abLa sc\u00e8ne est le dernier espace de libert\u00e9\u00bb","datePublished":"2026-01-26T06:30:00+00:00","dateModified":"2026-01-26T10:35:12+00:00","mainEntityOfPage":{"@id":"https:\/\/leregardlibre.com\/arts-vivants\/theatre\/chantal-ladesou-la-scene-est-le-dernier-espace-de-liberte\/"},"wordCount":996,"commentCount":0,"publisher":{"@id":"https:\/\/leregardlibre.com\/#organization"},"image":{"@id":"https:\/\/leregardlibre.com\/arts-vivants\/theatre\/chantal-ladesou-la-scene-est-le-dernier-espace-de-liberte\/#primaryimage"},"thumbnailUrl":"https:\/\/leregardlibre.com\/wp-content\/uploads\/2026\/01\/chantal-ladesou.png","keywords":["Deuil","Humour","Interview","Libert\u00e9","Politiquement correct","Seul en sc\u00e8ne"],"articleSection":["Th\u00e9\u00e2tre"],"inLanguage":"en-US","potentialAction":[{"@type":"CommentAction","name":"Comment","target":["https:\/\/leregardlibre.com\/arts-vivants\/theatre\/chantal-ladesou-la-scene-est-le-dernier-espace-de-liberte\/#respond"]}]},{"@type":"WebPage","@id":"https:\/\/leregardlibre.com\/arts-vivants\/theatre\/chantal-ladesou-la-scene-est-le-dernier-espace-de-liberte\/","url":"https:\/\/leregardlibre.com\/arts-vivants\/theatre\/chantal-ladesou-la-scene-est-le-dernier-espace-de-liberte\/","name":"Chantal Ladesou: \u00abThe stage is the last space of freedom\u00bb","isPartOf":{"@id":"https:\/\/leregardlibre.com\/#website"},"primaryImageOfPage":{"@id":"https:\/\/leregardlibre.com\/arts-vivants\/theatre\/chantal-ladesou-la-scene-est-le-dernier-espace-de-liberte\/#primaryimage"},"image":{"@id":"https:\/\/leregardlibre.com\/arts-vivants\/theatre\/chantal-ladesou-la-scene-est-le-dernier-espace-de-liberte\/#primaryimage"},"thumbnailUrl":"https:\/\/leregardlibre.com\/wp-content\/uploads\/2026\/01\/chantal-ladesou.png","datePublished":"2026-01-26T06:30:00+00:00","dateModified":"2026-01-26T10:35:12+00:00","description":"Chantal Ladesou says theater saved her, and regrets the \u00abbad spirit\u00bb of the time. Interview in Gr\u00f4ne, at the heart of her tour.","breadcrumb":{"@id":"https:\/\/leregardlibre.com\/arts-vivants\/theatre\/chantal-ladesou-la-scene-est-le-dernier-espace-de-liberte\/#breadcrumb"},"inLanguage":"en-US","potentialAction":[{"@type":"ReadAction","target":["https:\/\/leregardlibre.com\/arts-vivants\/theatre\/chantal-ladesou-la-scene-est-le-dernier-espace-de-liberte\/"]}]},{"@type":"ImageObject","inLanguage":"en-US","@id":"https:\/\/leregardlibre.com\/arts-vivants\/theatre\/chantal-ladesou-la-scene-est-le-dernier-espace-de-liberte\/#primaryimage","url":"https:\/\/leregardlibre.com\/wp-content\/uploads\/2026\/01\/chantal-ladesou.png","contentUrl":"https:\/\/leregardlibre.com\/wp-content\/uploads\/2026\/01\/chantal-ladesou.png","width":1132,"height":855,"caption":"L\u2019artiste se livre \u00e0 l\u2019occasion de sa tourn\u00e9e \u00abLe retour\u00bb. Photo: Pascal Ito"},{"@type":"BreadcrumbList","@id":"https:\/\/leregardlibre.com\/arts-vivants\/theatre\/chantal-ladesou-la-scene-est-le-dernier-espace-de-liberte\/#breadcrumb","itemListElement":[{"@type":"ListItem","position":1,"name":"Accueil","item":"https:\/\/leregardlibre.com\/"},{"@type":"ListItem","position":2,"name":"Chantal Ladesou: \u00abLa sc\u00e8ne est le dernier espace de libert\u00e9\u00bb"}]},{"@type":"WebSite","@id":"https:\/\/leregardlibre.com\/#website","url":"https:\/\/leregardlibre.com\/","name":"Le Regard Libre","description":"Switzerland's first monthly debate magazine","publisher":{"@id":"https:\/\/leregardlibre.com\/#organization"},"potentialAction":[{"@type":"SearchAction","target":{"@type":"EntryPoint","urlTemplate":"https:\/\/leregardlibre.com\/?s={search_term_string}"},"query-input":{"@type":"PropertyValueSpecification","valueRequired":true,"valueName":"search_term_string"}}],"inLanguage":"en-US"},{"@type":"Organization","@id":"https:\/\/leregardlibre.com\/#organization","name":"Le Regard Libre","url":"https:\/\/leregardlibre.com\/","logo":{"@type":"ImageObject","inLanguage":"en-US","@id":"https:\/\/leregardlibre.com\/#\/schema\/logo\/image\/","url":"https:\/\/leregardlibre.com\/wp-content\/uploads\/2025\/08\/logo-rl-icone-neg.jpeg","contentUrl":"https:\/\/leregardlibre.com\/wp-content\/uploads\/2025\/08\/logo-rl-icone-neg.jpeg","width":557,"height":556,"caption":"Le Regard Libre"},"image":{"@id":"https:\/\/leregardlibre.com\/#\/schema\/logo\/image\/"},"sameAs":["https:\/\/www.facebook.com\/leregardlibre\/","https:\/\/x.com\/LeRegardLibre","https:\/\/www.linkedin.com\/company\/le-regard-libre","https:\/\/www.instagram.com\/leregardlibre\/","http:\/\/t.me\/leregardlibre","https:\/\/youtube.com\/channel\/UC6HzGPomj1LsUmlz-sJtITQ"],"description":"Le Regard Libre is a Swiss monthly magazine for intellectual and cultural debate. Its editorial team is young, voluntary, liberal and pluralist. The magazine appears online and in print. Its language is French.","email":"redaction@leregardlibre.com","legalName":"Le Regard Libre","foundingDate":"2014-01-01","numberOfEmployees":{"@type":"QuantitativeValue","minValue":"11","maxValue":"50"},"publishingPrinciples":"https:\/\/leregardlibre.com\/a-propos\/notre-manifeste\/","ownershipFundingInfo":"https:\/\/leregardlibre.com\/mentions-legales\/","actionableFeedbackPolicy":"https:\/\/leregardlibre.com\/conditions-generales-de-vente\/"},{"@type":"Person","@id":"https:\/\/leregardlibre.com\/#\/schema\/person\/bfe5aa794a23be71485d60e2d93ec0d2","name":"Jonas Follonier","image":{"@type":"ImageObject","inLanguage":"en-US","@id":"https:\/\/secure.gravatar.com\/avatar\/602060b40f6a458420c2d140f49b6caea99152ce6704f2c332e5a0c5aad80303?s=96&d=identicon&r=g","url":"https:\/\/secure.gravatar.com\/avatar\/602060b40f6a458420c2d140f49b6caea99152ce6704f2c332e5a0c5aad80303?s=96&d=identicon&r=g","contentUrl":"https:\/\/secure.gravatar.com\/avatar\/602060b40f6a458420c2d140f49b6caea99152ce6704f2c332e5a0c5aad80303?s=96&d=identicon&r=g","caption":"Jonas Follonier"},"description":"Federal Palace correspondent for \u00abL'Agefi\u00bb, singer-songwriter Jonas Follonier is the founder and editor-in-chief of \u00abRegard Libre\u00bb.","sameAs":["https:\/\/www.facebook.com\/jonas.follonier\/","https:\/\/www.instagram.com\/jonasfollonier\/","https:\/\/www.linkedin.com\/in\/jonasfollonier\/","https:\/\/fr.wikipedia.org\/wiki\/Le_Regard_libre"],"url":"https:\/\/leregardlibre.com\/en\/author\/jonas-follonier\/"}]}},"_links":{"self":[{"href":"https:\/\/leregardlibre.com\/en\/wp-json\/wp\/v2\/posts\/530808","targetHints":{"allow":["GET"]}}],"collection":[{"href":"https:\/\/leregardlibre.com\/en\/wp-json\/wp\/v2\/posts"}],"about":[{"href":"https:\/\/leregardlibre.com\/en\/wp-json\/wp\/v2\/types\/post"}],"author":[{"embeddable":true,"href":"https:\/\/leregardlibre.com\/en\/wp-json\/wp\/v2\/users\/138"}],"replies":[{"embeddable":true,"href":"https:\/\/leregardlibre.com\/en\/wp-json\/wp\/v2\/comments?post=530808"}],"version-history":[{"count":2,"href":"https:\/\/leregardlibre.com\/en\/wp-json\/wp\/v2\/posts\/530808\/revisions"}],"predecessor-version":[{"id":530824,"href":"https:\/\/leregardlibre.com\/en\/wp-json\/wp\/v2\/posts\/530808\/revisions\/530824"}],"wp:featuredmedia":[{"embeddable":true,"href":"https:\/\/leregardlibre.com\/en\/wp-json\/wp\/v2\/media\/530809"}],"wp:attachment":[{"href":"https:\/\/leregardlibre.com\/en\/wp-json\/wp\/v2\/media?parent=530808"}],"wp:term":[{"taxonomy":"category","embeddable":true,"href":"https:\/\/leregardlibre.com\/en\/wp-json\/wp\/v2\/categories?post=530808"},{"taxonomy":"post_tag","embeddable":true,"href":"https:\/\/leregardlibre.com\/en\/wp-json\/wp\/v2\/tags?post=530808"}],"curies":[{"name":"wp","href":"https:\/\/api.w.org\/{rel}","templated":true}]}}