{"id":531702,"date":"2026-03-13T07:30:00","date_gmt":"2026-03-13T06:30:00","guid":{"rendered":"https:\/\/leregardlibre.com\/?p=531702"},"modified":"2026-03-16T18:09:56","modified_gmt":"2026-03-16T17:09:56","slug":"jacques-baud-charlie","status":"publish","type":"post","link":"https:\/\/leregardlibre.com\/en\/policy\/switzerland\/jacques-baud-charlie\/","title":{"rendered":"Faced with \u00abCharlie Hebdo\u00bb or Jacques Baud, an illiberal Switzerland"},"content":{"rendered":"<p class=\"has-drop-cap\"><strong>The Alpine Republic likes to think of itself as a model of liberalism. Yet, between the complaint against a French satirist and the government's silence in the face of European sanctions against Jacques Baud, the country is failing the test of defending freedom.<\/strong><\/p>\n\n\n\n<!--more-->\n\n\n\n<p>Self-congratulation is a common sport in the Alpine Republic. Oh, how good it is to point out that Switzerland has the best or only system of direct democracy in the world, that it cultivates an unrivalled sense of consensus... Or that it is so liberal in comparison with all the more or less advanced forms of collectivism present on the globe. Of course, chauvinism is universal, and our French neighbors are perhaps the most obvious example. But Switzerland would be wrong to consider itself spared this temptation - it would be arrogance not to consider itself arrogant.<\/p>\n\n\n\n<p>This human and national trait becomes a danger when it leads one to judge its eternal qualities. The Confederation is only relatively liberal, and there is no pride in always maintaining the same gap with other countries when the latter also see their state continually growing, freedom of expression restricted or emotion prevailing over reason.<\/p>\n\n\n\n<h6 class=\"wp-block-heading\" id=\"h-a-lire-aussi-le-poids-de-l-etat-en-suisse-n-est-pas-si-faible-qu-on-le-pense\">Read also | <a href=\"https:\/\/leregardlibre.com\/en\/economy\/etat-suisse-pas-si-faible-quon-le-pense\/\" type=\"post\" id=\"519204\">The weight of the state in Switzerland is not as low as you might think<\/a><\/h6>\n\n\n\n<p>Two recent events illustrate the extent to which blatant cases of illiberalism at best raise eyebrows in Switzerland.<\/p>\n\n\n\n<p>So when the French satirical weekly\u00a0<em>Charlie Hebdo<\/em>\u00a0published his drawing \u00abLes br\u00fbl\u00e9s font du ski\u00bb in reference to the Crans-Montana tragedy in January, many Swiss citizens not only considered the illustration to be in bad taste, but added that a caricature \u00abshould always be aimed at the powerful\u00bb. That \u00absuch a drawing should not be allowed\u00bb. Or even that the editors of this title known for its dark humor \u00abhad it coming with the Mohammed cartoons\u00bb. These comments \u2013 which must of course be authorized \u2013 mean that art must obey moral rules, that the state is there to ensure this... and that, in the worst case, fanatics will take it upon themselves to eradicate such free spirits.<\/p>\n\n\n\n<form method=\"post\" action=\"https:\/\/newsletter.infomaniak.com\/external\/submit\" class=\"inf-form\" target=\"_blank\"><input type=\"email\" name=\"email\" style=\"display:none\" \/><input type=\"hidden\" name=\"key\"\nvalue=\"eyJpdiI6IlZXRVJGMlRGQUU2alNqUE81bitIUk5adnNVa0c4MllFTStzOHdHT1FQZ3c9IiwidmFsdWUiOiJIYzhwMUVCK1pTNnlhY3MyMmhuZlhReWJqemEwNk93blMxTjFHc0s2VHZrPSIsIm1hYyI6ImVhYTQ5N2I1M2NiYWE4NzBmNjk2NzgzYjliM2Y5NmYzM2E2ZmU3NGQxNTU1ZDFkMTU1MzY5NTdjYjE3ZTJmNTUifQ==\"><input type=\"hidden\" name=\"webform_id\" value=\"7291\"><style> .inf-main_3000311ca56a1cb93397bc676c0b7fff{ background-color:#f5f5f5;\npadding:25px 20px; margin:25px auto; } .inf-main_3000311ca56a1cb93397bc676c0b7fff .inf-content { margin-top:13px;} .inf-main_3000311ca56a1cb93397bc676c0b7fff h4, .inf-main_3000311ca56a1cb93397bc676c0b7fff span, .inf-\nmain_3000311ca56a1cb93397bc676c0b7fff label, .inf-main_3000311ca56a1cb93397bc676c0b7fff input, .inf-main_3000311ca56a1cb93397bc676c0b7fff .inf-submit, .inf-main_3000311ca56a1cb93397bc676c0b7fff .inf-success p a { color:#555555; font-\nsize:14px; } .inf-main_3000311ca56a1cb93397bc676c0b7fff h4{ font-size:18px; margin:0px 0px 13px 0px; } .inf-main_3000311ca56a1cb93397bc676c0b7fff h4, .inf-main_3000311ca56a1cb93397bc676c0b7fff label{ font-weight:bold; } .inf-\nmain_3000311ca56a1cb93397bc676c0b7fff .inf-input { margin-bottom:7px; } .inf-main_3000311ca56a1cb93397bc676c0b7fff label { display:block;} .inf-main_3000311ca56a1cb93397bc676c0b7fff input{ height:35px; color:#999999; border: 1px solid\n#E9E9E9; border:none; padding-left:7px; } .inf-main_3000311ca56a1cb93397bc676c0b7fff .inf-input.inf-error label, .inf-main_3000311ca56a1cb93397bc676c0b7fff .inf-input.inf-error span.inf-message{ color: #cc0033; } .inf-\nmain_3000311ca56a1cb93397bc676c0b7fff .inf-input.inf-error input{ border: 1px solid #cc0033; } .inf-main_3000311ca56a1cb93397bc676c0b7fff .inf-input input { width:100%;} .inf-main_3000311ca56a1cb93397bc676c0b7fff .inf-input.inf-error\nspan.inf-message { display: block; } .inf-main_3000311ca56a1cb93397bc676c0b7fff .inf-submit { text-align:right;} .inf-main_3000311ca56a1cb93397bc676c0b7fff .inf-submit input{ background-color:#777777; color:#ffffff; border:none; font-weight:\nnormal; height:auto; padding:7px; } .inf-main_3000311ca56a1cb93397bc676c0b7fff .inf-submit input.disabled{ opacity: 0.4; } .inf-btn { color: rgb(85, 85, 85); border: medium none; font-weight: normal; height: auto; padding: 7px; display: inline-block;\nbackground-color: white; box-shadow: 0px 1px 1px rgba(0, 0, 0, 0.24); border-radius: 2px; line-height: 1em; } .inf-rgpd { margin:25px 0px 15px 0px; color:#555555; } <\/style> <div class=\"inf-main_3000311ca56a1cb93397bc676c0b7fff\">\n<h4>NEWSLETTER DU REGARD LIBRE<\/h4> <span>Receive our articles every Sunday.<\/span> <div class=\"inf-success\" style=\"display:none\"> <h4>Your subscription to our weekly newsletter has been successfully registered!<\/h4> <p>\n<a href=\"#\" class=\"inf-btn\">\u00ab<\/a> <\/p> <\/div> <div class=\"inf-content\"> <div class=\"inf-input inf-input-text\"> <input type=\"text\" name=\"inf[1]\" data-inf-meta = \"1\" data-inf-error = \"Merci de renseigner une adresse email\" required=\"required\"\nplaceholder=\"Email\" > <\/div> <div class=\"inf-submit\"> <input type=\"submit\" name=\"\" value=\"Sign up\"> <\/div> <\/div> <\/div> <\/form>\n\n\n\n<p>A Valais couple has even filed a complaint against the newspaper. It's unlikely to succeed, especially in blasphemy heaven. Nevertheless, with this criminal denunciation, Switzerland is sending out an image of a fragile person asking the authorities to recognize his offense. Liberalism not only theorized the separation between legislative, executive and judicial powers, but also between politics and religion, and between public and private. Similarly, \u00abto be&nbsp;<em>Charlie<\/em>\u00bbTo be part of a niche has never meant to recognize oneself in one's readership, but to accept that such a niche may exist, whether one is part of it or not.<\/p>\n\n\n\n<h6 class=\"wp-block-heading\" id=\"h-a-lire-aussi-etre-solidaire-de-claude-inga-barbey-qu-on-aime-ou-non-ses-sketchs\">Read also | <a href=\"https:\/\/leregardlibre.com\/en\/company\/support-claude-inga-barbey-whether-you-like-his-sketches-or-not\/\" type=\"post\" id=\"44276\">Etre solidaire by Claude-Inga Barbey<\/a>, whether you like his sketches or not<\/h6>\n\n\n\n<p>On a different note, what happened to former Swiss colonel Jacques Baud is even more alarming, as the restriction of his freedom was not simply desired, but enforced. In December, the European Union sanctioned this former employee of the Confederation's intelligence service for \u00abpro-Russian propaganda\u00bb, along with ten other people. It is still unclear on what precise grounds these measures involving the freezing of their assets and a ban on doing business and entering European soil were based. Brussels claims that the acts concerned have reached a level likely to threaten democracy, the rule of law, the stability or security of the EU or a member state.<\/p>\n\n\n\n<p>The fact that official Switzerland has not publicly risen to defend the rights of its citizens in the face of such a vague defense of a purely administrative decision is worrying. It's not a question of supporting Jacques Baud's ideas, but of recognizing his freedom to express them. And what might the next steps be? The laughter of Federal Councillor Beat Jans at the end of the year when a journalist asked him a question on this subject - which the government had not even bothered to address in session - is in itself an admission of Switzerland's failure in the test of liberalism.<\/p>\n\n\n\n<p><em>Graduate in philosophy and journalist by profession, <strong>Jonas Follonier<\/strong> is the founder and editor-in-chief of the <\/em>Regard Libre<em>. <em>Write to the author:\u00a0<a href=\"mailto:jonas.follonier@leregardlibre.com\">jonas.follonier@leregardlibre.com<\/a><\/em>.<\/em><\/p>\n\n\n\n<h6 class=\"wp-block-heading\" id=\"h-vous-venez-de-lire-un-article-en-libre-acces-tire-de-notre-edition-papier-le-regard-libre-n-124-debats-analyses-actualites-culturelles-abonnez-vous-a-notre-media-de-reflexion-pour-nous-soutenir-et-avoir-acces-a-tous-nos-contenus\">You have just read an open-access article from our print edition (<a href=\"https:\/\/leregardlibre.com\/en\/cpt-editions\/the-free-124-peoples-view\/\"><em>Le Regard Libre<\/em> N\u00b0124<\/a>). Debates, analyses, cultural news:\u00a0<a href=\"https:\/\/leregardlibre.com\/en\/subscription\/\">subscribe<\/a>\u00a0to support us and access all our content.<\/h6>","protected":false},"excerpt":{"rendered":"<p>The Alpine Republic likes to think of itself as a model of liberalism. Yet, between the complaint against a French satirist and the government's silence in the face of European sanctions against Jacques Baud, the country is failing the test of defending freedom.<\/p>","protected":false},"author":138,"featured_media":521760,"comment_status":"open","ping_status":"closed","sticky":false,"template":"","format":"standard","meta":{"_acf_changed":false,"footnotes":""},"categories":[644357279],"tags":[710081,644357659,644357431,33225,491880],"class_list":["post-531702","post","type-post","status-publish","format-standard","has-post-thumbnail","hentry","category-suisse","tag-charlie-hebdo","tag-editoriaux","tag-guerre-en-ukraine","tag-liberalisme","tag-liberte-dexpression"],"acf":[],"yoast_head":"<!-- This site is optimized with the Yoast SEO Premium plugin v27.4 (Yoast SEO v27.4) - https:\/\/yoast.com\/product\/yoast-seo-premium-wordpress\/ -->\n<title>Face \u00e0\u00a0\u00abCharlie\u00a0Hebdo\u00bb ou \u00e0 Jacques Baud,\u00a0une Suisse\u00a0illib\u00e9rale<\/title>\n<meta name=\"description\" content=\"Entre pol\u00e9mique autour de \u00abCharlie Hebdo\u00bb et affaire Jacques Baud, le lib\u00e9ralisme suisse est mis \u00e0 l\u2019\u00e9preuve. L\u2019\u00e9ditorial de Jonas Follonier.\" \/>\n<meta name=\"robots\" content=\"index, follow, max-snippet:-1, max-image-preview:large, max-video-preview:-1\" \/>\n<link rel=\"canonical\" href=\"https:\/\/leregardlibre.com\/en\/policy\/switzerland\/jacques-baud-charlie\/\" \/>\n<meta property=\"og:locale\" content=\"en_US\" \/>\n<meta property=\"og:type\" content=\"article\" \/>\n<meta property=\"og:title\" content=\"Face \u00e0\u00a0\u00abCharlie\u00a0Hebdo\u00bb ou \u00e0 Jacques Baud,\u00a0une Suisse\u00a0illib\u00e9rale\" \/>\n<meta property=\"og:description\" content=\"Entre pol\u00e9mique autour de \u00abCharlie Hebdo\u00bb et affaire Jacques Baud, le lib\u00e9ralisme suisse est mis \u00e0 l\u2019\u00e9preuve. L\u2019\u00e9ditorial de Jonas Follonier.\" \/>\n<meta property=\"og:url\" content=\"https:\/\/leregardlibre.com\/en\/policy\/switzerland\/jacques-baud-charlie\/\" \/>\n<meta property=\"og:site_name\" content=\"Le Regard Libre\" \/>\n<meta property=\"article:publisher\" content=\"https:\/\/www.facebook.com\/leregardlibre\/\" \/>\n<meta property=\"article:author\" content=\"https:\/\/www.facebook.com\/jonas.follonier\/\" \/>\n<meta property=\"article:published_time\" content=\"2026-03-13T06:30:00+00:00\" \/>\n<meta property=\"article:modified_time\" content=\"2026-03-16T17:09:56+00:00\" \/>\n<meta property=\"og:image\" content=\"https:\/\/leregardlibre.com\/wp-content\/uploads\/2024\/01\/jonas-follonier--dessin-de-nathanael-schmid-pour-le-regard-libre-1024x576.png\" \/>\n\t<meta property=\"og:image:width\" content=\"1024\" \/>\n\t<meta property=\"og:image:height\" content=\"576\" \/>\n\t<meta property=\"og:image:type\" content=\"image\/png\" \/>\n<meta name=\"author\" content=\"Jonas Follonier\" \/>\n<meta name=\"twitter:card\" content=\"summary_large_image\" \/>\n<meta name=\"twitter:creator\" content=\"@LeRegardLibre\" \/>\n<meta name=\"twitter:site\" content=\"@LeRegardLibre\" \/>\n<meta name=\"twitter:label1\" content=\"Written by\" \/>\n\t<meta name=\"twitter:data1\" content=\"Jonas Follonier\" \/>\n\t<meta name=\"twitter:label2\" content=\"Est. reading time\" \/>\n\t<meta name=\"twitter:data2\" content=\"5 minutes\" \/>\n<script type=\"application\/ld+json\" class=\"yoast-schema-graph\">{\"@context\":\"https:\\\/\\\/schema.org\",\"@graph\":[{\"@type\":\"Article\",\"@id\":\"https:\\\/\\\/leregardlibre.com\\\/politique\\\/suisse\\\/jacques-baud-charlie\\\/#article\",\"isPartOf\":{\"@id\":\"https:\\\/\\\/leregardlibre.com\\\/politique\\\/suisse\\\/jacques-baud-charlie\\\/\"},\"author\":{\"name\":\"Jonas Follonier\",\"@id\":\"https:\\\/\\\/leregardlibre.com\\\/#\\\/schema\\\/person\\\/bfe5aa794a23be71485d60e2d93ec0d2\"},\"headline\":\"Face \u00e0\u00a0\u00abCharlie\u00a0Hebdo\u00bb ou \u00e0 Jacques Baud,\u00a0une Suisse\u00a0illib\u00e9rale\",\"datePublished\":\"2026-03-13T06:30:00+00:00\",\"dateModified\":\"2026-03-16T17:09:56+00:00\",\"mainEntityOfPage\":{\"@id\":\"https:\\\/\\\/leregardlibre.com\\\/politique\\\/suisse\\\/jacques-baud-charlie\\\/\"},\"wordCount\":938,\"commentCount\":0,\"publisher\":{\"@id\":\"https:\\\/\\\/leregardlibre.com\\\/#organization\"},\"image\":{\"@id\":\"https:\\\/\\\/leregardlibre.com\\\/politique\\\/suisse\\\/jacques-baud-charlie\\\/#primaryimage\"},\"thumbnailUrl\":\"https:\\\/\\\/leregardlibre.com\\\/wp-content\\\/uploads\\\/2024\\\/01\\\/jonas-follonier--dessin-de-nathanael-schmid-pour-le-regard-libre.png\",\"keywords\":[\"Charlie Hebdo\",\"Editorial\",\"Guerre en Ukraine\",\"Lib\u00e9ralisme\",\"Libert\u00e9 d'expression\"],\"articleSection\":[\"Suisse\"],\"inLanguage\":\"en-US\",\"potentialAction\":[{\"@type\":\"CommentAction\",\"name\":\"Comment\",\"target\":[\"https:\\\/\\\/leregardlibre.com\\\/politique\\\/suisse\\\/jacques-baud-charlie\\\/#respond\"]}]},{\"@type\":\"WebPage\",\"@id\":\"https:\\\/\\\/leregardlibre.com\\\/politique\\\/suisse\\\/jacques-baud-charlie\\\/\",\"url\":\"https:\\\/\\\/leregardlibre.com\\\/politique\\\/suisse\\\/jacques-baud-charlie\\\/\",\"name\":\"Face \u00e0\u00a0\u00abCharlie\u00a0Hebdo\u00bb ou \u00e0 Jacques Baud,\u00a0une Suisse\u00a0illib\u00e9rale\",\"isPartOf\":{\"@id\":\"https:\\\/\\\/leregardlibre.com\\\/#website\"},\"primaryImageOfPage\":{\"@id\":\"https:\\\/\\\/leregardlibre.com\\\/politique\\\/suisse\\\/jacques-baud-charlie\\\/#primaryimage\"},\"image\":{\"@id\":\"https:\\\/\\\/leregardlibre.com\\\/politique\\\/suisse\\\/jacques-baud-charlie\\\/#primaryimage\"},\"thumbnailUrl\":\"https:\\\/\\\/leregardlibre.com\\\/wp-content\\\/uploads\\\/2024\\\/01\\\/jonas-follonier--dessin-de-nathanael-schmid-pour-le-regard-libre.png\",\"datePublished\":\"2026-03-13T06:30:00+00:00\",\"dateModified\":\"2026-03-16T17:09:56+00:00\",\"description\":\"Entre pol\u00e9mique autour de \u00abCharlie Hebdo\u00bb et affaire Jacques Baud, le lib\u00e9ralisme suisse est mis \u00e0 l\u2019\u00e9preuve. L\u2019\u00e9ditorial de Jonas Follonier.\",\"breadcrumb\":{\"@id\":\"https:\\\/\\\/leregardlibre.com\\\/politique\\\/suisse\\\/jacques-baud-charlie\\\/#breadcrumb\"},\"inLanguage\":\"en-US\",\"potentialAction\":[{\"@type\":\"ReadAction\",\"target\":[\"https:\\\/\\\/leregardlibre.com\\\/politique\\\/suisse\\\/jacques-baud-charlie\\\/\"]}]},{\"@type\":\"ImageObject\",\"inLanguage\":\"en-US\",\"@id\":\"https:\\\/\\\/leregardlibre.com\\\/politique\\\/suisse\\\/jacques-baud-charlie\\\/#primaryimage\",\"url\":\"https:\\\/\\\/leregardlibre.com\\\/wp-content\\\/uploads\\\/2024\\\/01\\\/jonas-follonier--dessin-de-nathanael-schmid-pour-le-regard-libre.png\",\"contentUrl\":\"https:\\\/\\\/leregardlibre.com\\\/wp-content\\\/uploads\\\/2024\\\/01\\\/jonas-follonier--dessin-de-nathanael-schmid-pour-le-regard-libre.png\",\"width\":1920,\"height\":1080,\"caption\":\"Dessin r\u00e9alis\u00e9 par Nathanae\u0308l Schmid pour Le Regard Libre\"},{\"@type\":\"BreadcrumbList\",\"@id\":\"https:\\\/\\\/leregardlibre.com\\\/politique\\\/suisse\\\/jacques-baud-charlie\\\/#breadcrumb\",\"itemListElement\":[{\"@type\":\"ListItem\",\"position\":1,\"name\":\"Accueil\",\"item\":\"https:\\\/\\\/leregardlibre.com\\\/\"},{\"@type\":\"ListItem\",\"position\":2,\"name\":\"Face \u00e0\u00a0\u00abCharlie\u00a0Hebdo\u00bb ou \u00e0 Jacques Baud,\u00a0une Suisse\u00a0illib\u00e9rale\"}]},{\"@type\":\"WebSite\",\"@id\":\"https:\\\/\\\/leregardlibre.com\\\/#website\",\"url\":\"https:\\\/\\\/leregardlibre.com\\\/\",\"name\":\"Le Regard Libre\",\"description\":\"Premier mensuel suisse de d\u00e9bat\",\"publisher\":{\"@id\":\"https:\\\/\\\/leregardlibre.com\\\/#organization\"},\"potentialAction\":[{\"@type\":\"SearchAction\",\"target\":{\"@type\":\"EntryPoint\",\"urlTemplate\":\"https:\\\/\\\/leregardlibre.com\\\/?s={search_term_string}\"},\"query-input\":{\"@type\":\"PropertyValueSpecification\",\"valueRequired\":true,\"valueName\":\"search_term_string\"}}],\"inLanguage\":\"en-US\"},{\"@type\":\"Organization\",\"@id\":\"https:\\\/\\\/leregardlibre.com\\\/#organization\",\"name\":\"Le Regard Libre\",\"url\":\"https:\\\/\\\/leregardlibre.com\\\/\",\"logo\":{\"@type\":\"ImageObject\",\"inLanguage\":\"en-US\",\"@id\":\"https:\\\/\\\/leregardlibre.com\\\/#\\\/schema\\\/logo\\\/image\\\/\",\"url\":\"https:\\\/\\\/leregardlibre.com\\\/wp-content\\\/uploads\\\/2025\\\/08\\\/logo-rl-icone-neg.jpeg\",\"contentUrl\":\"https:\\\/\\\/leregardlibre.com\\\/wp-content\\\/uploads\\\/2025\\\/08\\\/logo-rl-icone-neg.jpeg\",\"width\":557,\"height\":556,\"caption\":\"Le Regard Libre\"},\"image\":{\"@id\":\"https:\\\/\\\/leregardlibre.com\\\/#\\\/schema\\\/logo\\\/image\\\/\"},\"sameAs\":[\"https:\\\/\\\/www.facebook.com\\\/leregardlibre\\\/\",\"https:\\\/\\\/x.com\\\/LeRegardLibre\",\"https:\\\/\\\/www.linkedin.com\\\/company\\\/le-regard-libre\",\"https:\\\/\\\/www.instagram.com\\\/leregardlibre\\\/\",\"http:\\\/\\\/t.me\\\/leregardlibre\",\"https:\\\/\\\/youtube.com\\\/channel\\\/UC6HzGPomj1LsUmlz-sJtITQ\"],\"description\":\"Le Regard Libre est un mensuel suisse de d\u00e9bat intellectuel et culturel. Sa r\u00e9daction est jeune, b\u00e9n\u00e9vole, lib\u00e9rale et pluraliste. Le magazine para\u00eet en ligne et sous forme papier. Sa langue est le fran\u00e7ais.\",\"email\":\"redaction@leregardlibre.com\",\"legalName\":\"Le Regard Libre\",\"foundingDate\":\"2014-01-01\",\"numberOfEmployees\":{\"@type\":\"QuantitativeValue\",\"minValue\":\"11\",\"maxValue\":\"50\"},\"publishingPrinciples\":\"https:\\\/\\\/leregardlibre.com\\\/a-propos\\\/notre-manifeste\\\/\",\"ownershipFundingInfo\":\"https:\\\/\\\/leregardlibre.com\\\/mentions-legales\\\/\",\"actionableFeedbackPolicy\":\"https:\\\/\\\/leregardlibre.com\\\/conditions-generales-de-vente\\\/\"},{\"@type\":\"Person\",\"@id\":\"https:\\\/\\\/leregardlibre.com\\\/#\\\/schema\\\/person\\\/bfe5aa794a23be71485d60e2d93ec0d2\",\"name\":\"Jonas Follonier\",\"image\":{\"@type\":\"ImageObject\",\"inLanguage\":\"en-US\",\"@id\":\"https:\\\/\\\/secure.gravatar.com\\\/avatar\\\/602060b40f6a458420c2d140f49b6caea99152ce6704f2c332e5a0c5aad80303?s=96&d=identicon&r=g\",\"url\":\"https:\\\/\\\/secure.gravatar.com\\\/avatar\\\/602060b40f6a458420c2d140f49b6caea99152ce6704f2c332e5a0c5aad80303?s=96&d=identicon&r=g\",\"contentUrl\":\"https:\\\/\\\/secure.gravatar.com\\\/avatar\\\/602060b40f6a458420c2d140f49b6caea99152ce6704f2c332e5a0c5aad80303?s=96&d=identicon&r=g\",\"caption\":\"Jonas Follonier\"},\"description\":\"Correspondant au Palais f\u00e9d\u00e9ral pour \u00abL\u2019Agefi\u00bb, auteur-compositeur-interpr\u00e8te et essayiste, Jonas Follonier est le fondateur et r\u00e9dacteur en chef du \u00abRegard Libre\u00bb.\",\"sameAs\":[\"https:\\\/\\\/www.facebook.com\\\/jonas.follonier\\\/\",\"https:\\\/\\\/www.instagram.com\\\/jonasfollonier\\\/\",\"https:\\\/\\\/www.linkedin.com\\\/in\\\/jonasfollonier\\\/\",\"https:\\\/\\\/fr.wikipedia.org\\\/wiki\\\/Le_Regard_libre\"],\"url\":\"https:\\\/\\\/leregardlibre.com\\\/en\\\/author\\\/jonas-follonier\\\/\"}]}<\/script>\n<!-- \/ Yoast SEO Premium plugin. -->","yoast_head_json":{"title":"Faced with \u00abCharlie Hebdo\u00bb or Jacques Baud, an illiberal Switzerland","description":"Between the \u00abCharlie Hebdo\u00bb controversy and the Jacques Baud affair, Swiss liberalism is being put to the test. Editorial by Jonas Follonier.","robots":{"index":"index","follow":"follow","max-snippet":"max-snippet:-1","max-image-preview":"max-image-preview:large","max-video-preview":"max-video-preview:-1"},"canonical":"https:\/\/leregardlibre.com\/en\/policy\/switzerland\/jacques-baud-charlie\/","og_locale":"en_US","og_type":"article","og_title":"Face \u00e0\u00a0\u00abCharlie\u00a0Hebdo\u00bb ou \u00e0 Jacques Baud,\u00a0une Suisse\u00a0illib\u00e9rale","og_description":"Entre pol\u00e9mique autour de \u00abCharlie Hebdo\u00bb et affaire Jacques Baud, le lib\u00e9ralisme suisse est mis \u00e0 l\u2019\u00e9preuve. L\u2019\u00e9ditorial de Jonas Follonier.","og_url":"https:\/\/leregardlibre.com\/en\/policy\/switzerland\/jacques-baud-charlie\/","og_site_name":"Le Regard Libre","article_publisher":"https:\/\/www.facebook.com\/leregardlibre\/","article_author":"https:\/\/www.facebook.com\/jonas.follonier\/","article_published_time":"2026-03-13T06:30:00+00:00","article_modified_time":"2026-03-16T17:09:56+00:00","og_image":[{"width":1024,"height":576,"url":"https:\/\/leregardlibre.com\/wp-content\/uploads\/2024\/01\/jonas-follonier--dessin-de-nathanael-schmid-pour-le-regard-libre-1024x576.png","type":"image\/png"}],"author":"Jonas Follonier","twitter_card":"summary_large_image","twitter_creator":"@LeRegardLibre","twitter_site":"@LeRegardLibre","twitter_misc":{"Written by":"Jonas Follonier","Est. reading time":"5 minutes"},"schema":{"@context":"https:\/\/schema.org","@graph":[{"@type":"Article","@id":"https:\/\/leregardlibre.com\/politique\/suisse\/jacques-baud-charlie\/#article","isPartOf":{"@id":"https:\/\/leregardlibre.com\/politique\/suisse\/jacques-baud-charlie\/"},"author":{"name":"Jonas Follonier","@id":"https:\/\/leregardlibre.com\/#\/schema\/person\/bfe5aa794a23be71485d60e2d93ec0d2"},"headline":"Face \u00e0\u00a0\u00abCharlie\u00a0Hebdo\u00bb ou \u00e0 Jacques Baud,\u00a0une Suisse\u00a0illib\u00e9rale","datePublished":"2026-03-13T06:30:00+00:00","dateModified":"2026-03-16T17:09:56+00:00","mainEntityOfPage":{"@id":"https:\/\/leregardlibre.com\/politique\/suisse\/jacques-baud-charlie\/"},"wordCount":938,"commentCount":0,"publisher":{"@id":"https:\/\/leregardlibre.com\/#organization"},"image":{"@id":"https:\/\/leregardlibre.com\/politique\/suisse\/jacques-baud-charlie\/#primaryimage"},"thumbnailUrl":"https:\/\/leregardlibre.com\/wp-content\/uploads\/2024\/01\/jonas-follonier--dessin-de-nathanael-schmid-pour-le-regard-libre.png","keywords":["Charlie Hebdo","Editorial","Guerre en Ukraine","Lib\u00e9ralisme","Libert\u00e9 d'expression"],"articleSection":["Suisse"],"inLanguage":"en-US","potentialAction":[{"@type":"CommentAction","name":"Comment","target":["https:\/\/leregardlibre.com\/politique\/suisse\/jacques-baud-charlie\/#respond"]}]},{"@type":"WebPage","@id":"https:\/\/leregardlibre.com\/politique\/suisse\/jacques-baud-charlie\/","url":"https:\/\/leregardlibre.com\/politique\/suisse\/jacques-baud-charlie\/","name":"Faced with \u00abCharlie Hebdo\u00bb or Jacques Baud, an illiberal Switzerland","isPartOf":{"@id":"https:\/\/leregardlibre.com\/#website"},"primaryImageOfPage":{"@id":"https:\/\/leregardlibre.com\/politique\/suisse\/jacques-baud-charlie\/#primaryimage"},"image":{"@id":"https:\/\/leregardlibre.com\/politique\/suisse\/jacques-baud-charlie\/#primaryimage"},"thumbnailUrl":"https:\/\/leregardlibre.com\/wp-content\/uploads\/2024\/01\/jonas-follonier--dessin-de-nathanael-schmid-pour-le-regard-libre.png","datePublished":"2026-03-13T06:30:00+00:00","dateModified":"2026-03-16T17:09:56+00:00","description":"Between the \u00abCharlie Hebdo\u00bb controversy and the Jacques Baud affair, Swiss liberalism is being put to the test. Editorial by Jonas Follonier.","breadcrumb":{"@id":"https:\/\/leregardlibre.com\/politique\/suisse\/jacques-baud-charlie\/#breadcrumb"},"inLanguage":"en-US","potentialAction":[{"@type":"ReadAction","target":["https:\/\/leregardlibre.com\/politique\/suisse\/jacques-baud-charlie\/"]}]},{"@type":"ImageObject","inLanguage":"en-US","@id":"https:\/\/leregardlibre.com\/politique\/suisse\/jacques-baud-charlie\/#primaryimage","url":"https:\/\/leregardlibre.com\/wp-content\/uploads\/2024\/01\/jonas-follonier--dessin-de-nathanael-schmid-pour-le-regard-libre.png","contentUrl":"https:\/\/leregardlibre.com\/wp-content\/uploads\/2024\/01\/jonas-follonier--dessin-de-nathanael-schmid-pour-le-regard-libre.png","width":1920,"height":1080,"caption":"Dessin r\u00e9alis\u00e9 par Nathanae\u0308l Schmid pour Le Regard Libre"},{"@type":"BreadcrumbList","@id":"https:\/\/leregardlibre.com\/politique\/suisse\/jacques-baud-charlie\/#breadcrumb","itemListElement":[{"@type":"ListItem","position":1,"name":"Accueil","item":"https:\/\/leregardlibre.com\/"},{"@type":"ListItem","position":2,"name":"Face \u00e0\u00a0\u00abCharlie\u00a0Hebdo\u00bb ou \u00e0 Jacques Baud,\u00a0une Suisse\u00a0illib\u00e9rale"}]},{"@type":"WebSite","@id":"https:\/\/leregardlibre.com\/#website","url":"https:\/\/leregardlibre.com\/","name":"Le Regard Libre","description":"Switzerland's first monthly debate magazine","publisher":{"@id":"https:\/\/leregardlibre.com\/#organization"},"potentialAction":[{"@type":"SearchAction","target":{"@type":"EntryPoint","urlTemplate":"https:\/\/leregardlibre.com\/?s={search_term_string}"},"query-input":{"@type":"PropertyValueSpecification","valueRequired":true,"valueName":"search_term_string"}}],"inLanguage":"en-US"},{"@type":"Organization","@id":"https:\/\/leregardlibre.com\/#organization","name":"Le Regard Libre","url":"https:\/\/leregardlibre.com\/","logo":{"@type":"ImageObject","inLanguage":"en-US","@id":"https:\/\/leregardlibre.com\/#\/schema\/logo\/image\/","url":"https:\/\/leregardlibre.com\/wp-content\/uploads\/2025\/08\/logo-rl-icone-neg.jpeg","contentUrl":"https:\/\/leregardlibre.com\/wp-content\/uploads\/2025\/08\/logo-rl-icone-neg.jpeg","width":557,"height":556,"caption":"Le Regard Libre"},"image":{"@id":"https:\/\/leregardlibre.com\/#\/schema\/logo\/image\/"},"sameAs":["https:\/\/www.facebook.com\/leregardlibre\/","https:\/\/x.com\/LeRegardLibre","https:\/\/www.linkedin.com\/company\/le-regard-libre","https:\/\/www.instagram.com\/leregardlibre\/","http:\/\/t.me\/leregardlibre","https:\/\/youtube.com\/channel\/UC6HzGPomj1LsUmlz-sJtITQ"],"description":"Le Regard Libre is a Swiss monthly magazine for intellectual and cultural debate. Its editorial team is young, voluntary, liberal and pluralist. The magazine appears online and in print. Its language is French.","email":"redaction@leregardlibre.com","legalName":"Le Regard Libre","foundingDate":"2014-01-01","numberOfEmployees":{"@type":"QuantitativeValue","minValue":"11","maxValue":"50"},"publishingPrinciples":"https:\/\/leregardlibre.com\/a-propos\/notre-manifeste\/","ownershipFundingInfo":"https:\/\/leregardlibre.com\/mentions-legales\/","actionableFeedbackPolicy":"https:\/\/leregardlibre.com\/conditions-generales-de-vente\/"},{"@type":"Person","@id":"https:\/\/leregardlibre.com\/#\/schema\/person\/bfe5aa794a23be71485d60e2d93ec0d2","name":"Jonas Follonier","image":{"@type":"ImageObject","inLanguage":"en-US","@id":"https:\/\/secure.gravatar.com\/avatar\/602060b40f6a458420c2d140f49b6caea99152ce6704f2c332e5a0c5aad80303?s=96&d=identicon&r=g","url":"https:\/\/secure.gravatar.com\/avatar\/602060b40f6a458420c2d140f49b6caea99152ce6704f2c332e5a0c5aad80303?s=96&d=identicon&r=g","contentUrl":"https:\/\/secure.gravatar.com\/avatar\/602060b40f6a458420c2d140f49b6caea99152ce6704f2c332e5a0c5aad80303?s=96&d=identicon&r=g","caption":"Jonas Follonier"},"description":"Federal Palace correspondent for \u00abL'Agefi\u00bb, singer-songwriter Jonas Follonier is the founder and editor-in-chief of \u00abRegard Libre\u00bb.","sameAs":["https:\/\/www.facebook.com\/jonas.follonier\/","https:\/\/www.instagram.com\/jonasfollonier\/","https:\/\/www.linkedin.com\/in\/jonasfollonier\/","https:\/\/fr.wikipedia.org\/wiki\/Le_Regard_libre"],"url":"https:\/\/leregardlibre.com\/en\/author\/jonas-follonier\/"}]}},"_links":{"self":[{"href":"https:\/\/leregardlibre.com\/en\/wp-json\/wp\/v2\/posts\/531702","targetHints":{"allow":["GET"]}}],"collection":[{"href":"https:\/\/leregardlibre.com\/en\/wp-json\/wp\/v2\/posts"}],"about":[{"href":"https:\/\/leregardlibre.com\/en\/wp-json\/wp\/v2\/types\/post"}],"author":[{"embeddable":true,"href":"https:\/\/leregardlibre.com\/en\/wp-json\/wp\/v2\/users\/138"}],"replies":[{"embeddable":true,"href":"https:\/\/leregardlibre.com\/en\/wp-json\/wp\/v2\/comments?post=531702"}],"version-history":[{"count":6,"href":"https:\/\/leregardlibre.com\/en\/wp-json\/wp\/v2\/posts\/531702\/revisions"}],"predecessor-version":[{"id":531759,"href":"https:\/\/leregardlibre.com\/en\/wp-json\/wp\/v2\/posts\/531702\/revisions\/531759"}],"wp:featuredmedia":[{"embeddable":true,"href":"https:\/\/leregardlibre.com\/en\/wp-json\/wp\/v2\/media\/521760"}],"wp:attachment":[{"href":"https:\/\/leregardlibre.com\/en\/wp-json\/wp\/v2\/media?parent=531702"}],"wp:term":[{"taxonomy":"category","embeddable":true,"href":"https:\/\/leregardlibre.com\/en\/wp-json\/wp\/v2\/categories?post=531702"},{"taxonomy":"post_tag","embeddable":true,"href":"https:\/\/leregardlibre.com\/en\/wp-json\/wp\/v2\/tags?post=531702"}],"curies":[{"name":"wp","href":"https:\/\/api.w.org\/{rel}","templated":true}]}}