{"id":531712,"date":"2026-03-14T07:30:00","date_gmt":"2026-03-14T06:30:00","guid":{"rendered":"https:\/\/leregardlibre.com\/?p=531712"},"modified":"2026-03-15T10:24:41","modified_gmt":"2026-03-15T09:24:41","slug":"ousmane-ndiaye","status":"publish","type":"post","link":"https:\/\/leregardlibre.com\/en\/policy\/world\/ousmane-ndiaye\/","title":{"rendered":"Dismantling the anti-democratic myth in Africa"},"content":{"rendered":"<p class=\"has-drop-cap\"><strong>In <em>Africa against democracy (\u00abL\u2019Afrique contre la d\u00e9mocratie\u00bb)<\/em>, Senegalese journalist Ousmane Ndiaye dismantles an increasingly widespread narrative: that of a continent supposedly incompatible with democracy. A vigorous investigation of an idea that has become an alibi for the new authoritarianisms.<\/strong><\/p>\n\n\n\n<!--more-->\n\n\n\n<p>\u00abAfrica was not made for democracy. This myth has taken hold like a lazy truism. It has made its way slowly from speech to mind. After becoming a rhetorical weapon for dictators, it seduced certain intellectuals and pan-Africanist activists, until it found a considerable echo among African populations. In his essay&nbsp;<em>Africa against democracy (\u00abL\u2019Afrique contre la d\u00e9mocratie\u00bb)<\/em>, Ousmane Ndiaye, former Africa editor at TV5 Monde, methodically dismantles this ideological construct, which has harmful consequences.&nbsp;<\/p>\n\n\n\n<p>Since independence, democracy has been progressively disqualified on the other side of the Mediterranean. The \u00abdemocratic revolutions\u00bb of the 1990s promised a profound break with authoritarian regimes. But the long-awaited changeover, embodied by the arrival in power of opponents such as Laurent Gbagbo in C\u00f4te d'Ivoire or Alpha Cond\u00e9 in Guinea, turned out to be nothing more than a continuation of authoritarianism in a different guise. This \u00abtragedy of historical opponents\u00bb, as Ndiaye calls it, has contributed significantly to the disaffection with democratic systems.&nbsp;<\/p>\n\n\n\n<h2 class=\"wp-block-heading\" id=\"h-impasse-du-panafricanisme\">Pan-African impasse<\/h2>\n\n\n\n<p>To this \u00abtragedy of the opposition\u00bb has been added a narrative according to which democracy is merely an import of European imperialism. A system ill-suited to African realities. The Senegalese journalist shows that this discourse serves above all as an alibi. Carried by a constellation of figures such as activist Kemi Seba and journalist Alain Foka, it legitimizes authoritarian regimes presented as more sovereign, more efficient and \u00abtruly\u00bb African.<\/p>\n\n\n\n<p>The juntas of the Sahel are thus elevated to the rank of pan-Africanist hopes, their leaders heroised, while the liberticidal measures are passed over in silence. Intellectuals such as Boubacar Boris Diop and Aminata Dramane Traor\u00e9, once champions of freedom, now play down the crimes of dictatorships in the name of the fight against imperialism. They have become, in Ndiaye's words, \u00abthe intellectual screen for democratic denial\u00bb.&nbsp;<\/p>\n\n\n\n<p>The Rwandan case is the most paradigmatic. Erected as an absolute model, Paul Kagam\u00e9's Rwanda is invoked as proof that effective authoritarianism is better than unstable democracy. The essayist points out that this model functions above all as a symbol. The results are far more mixed.&nbsp;<\/p>\n\n\n\n<form method=\"post\" action=\"https:\/\/newsletter.infomaniak.com\/external\/submit\" class=\"inf-form\" target=\"_blank\"><input type=\"email\" name=\"email\" style=\"display:none\" \/><input type=\"hidden\" name=\"key\"\nvalue=\"eyJpdiI6IlZXRVJGMlRGQUU2alNqUE81bitIUk5adnNVa0c4MllFTStzOHdHT1FQZ3c9IiwidmFsdWUiOiJIYzhwMUVCK1pTNnlhY3MyMmhuZlhReWJqemEwNk93blMxTjFHc0s2VHZrPSIsIm1hYyI6ImVhYTQ5N2I1M2NiYWE4NzBmNjk2NzgzYjliM2Y5NmYzM2E2ZmU3NGQxNTU1ZDFkMTU1MzY5NTdjYjE3ZTJmNTUifQ==\"><input type=\"hidden\" name=\"webform_id\" value=\"7291\"><style> .inf-main_3000311ca56a1cb93397bc676c0b7fff{ background-color:#f5f5f5;\npadding:25px 20px; margin:25px auto; } .inf-main_3000311ca56a1cb93397bc676c0b7fff .inf-content { margin-top:13px;} .inf-main_3000311ca56a1cb93397bc676c0b7fff h4, .inf-main_3000311ca56a1cb93397bc676c0b7fff span, .inf-\nmain_3000311ca56a1cb93397bc676c0b7fff label, .inf-main_3000311ca56a1cb93397bc676c0b7fff input, .inf-main_3000311ca56a1cb93397bc676c0b7fff .inf-submit, .inf-main_3000311ca56a1cb93397bc676c0b7fff .inf-success p a { color:#555555; font-\nsize:14px; } .inf-main_3000311ca56a1cb93397bc676c0b7fff h4{ font-size:18px; margin:0px 0px 13px 0px; } .inf-main_3000311ca56a1cb93397bc676c0b7fff h4, .inf-main_3000311ca56a1cb93397bc676c0b7fff label{ font-weight:bold; } .inf-\nmain_3000311ca56a1cb93397bc676c0b7fff .inf-input { margin-bottom:7px; } .inf-main_3000311ca56a1cb93397bc676c0b7fff label { display:block;} .inf-main_3000311ca56a1cb93397bc676c0b7fff input{ height:35px; color:#999999; border: 1px solid\n#E9E9E9; border:none; padding-left:7px; } .inf-main_3000311ca56a1cb93397bc676c0b7fff .inf-input.inf-error label, .inf-main_3000311ca56a1cb93397bc676c0b7fff .inf-input.inf-error span.inf-message{ color: #cc0033; } .inf-\nmain_3000311ca56a1cb93397bc676c0b7fff .inf-input.inf-error input{ border: 1px solid #cc0033; } .inf-main_3000311ca56a1cb93397bc676c0b7fff .inf-input input { width:100%;} .inf-main_3000311ca56a1cb93397bc676c0b7fff .inf-input.inf-error\nspan.inf-message { display: block; } .inf-main_3000311ca56a1cb93397bc676c0b7fff .inf-submit { text-align:right;} .inf-main_3000311ca56a1cb93397bc676c0b7fff .inf-submit input{ background-color:#777777; color:#ffffff; border:none; font-weight:\nnormal; height:auto; padding:7px; } .inf-main_3000311ca56a1cb93397bc676c0b7fff .inf-submit input.disabled{ opacity: 0.4; } .inf-btn { color: rgb(85, 85, 85); border: medium none; font-weight: normal; height: auto; padding: 7px; display: inline-block;\nbackground-color: white; box-shadow: 0px 1px 1px rgba(0, 0, 0, 0.24); border-radius: 2px; line-height: 1em; } .inf-rgpd { margin:25px 0px 15px 0px; color:#555555; } <\/style> <div class=\"inf-main_3000311ca56a1cb93397bc676c0b7fff\">\n<h4>NEWSLETTER DU REGARD LIBRE<\/h4> <span>Receive our articles every Sunday.<\/span> <div class=\"inf-success\" style=\"display:none\"> <h4>Your subscription to our weekly newsletter has been successfully registered!<\/h4> <p>\n<a href=\"#\" class=\"inf-btn\">\u00ab<\/a> <\/p> <\/div> <div class=\"inf-content\"> <div class=\"inf-input inf-input-text\"> <input type=\"text\" name=\"inf[1]\" data-inf-meta = \"1\" data-inf-error = \"Merci de renseigner une adresse email\" required=\"required\"\nplaceholder=\"Email\" > <\/div> <div class=\"inf-submit\"> <input type=\"submit\" name=\"\" value=\"Sign up\"> <\/div> <\/div> <\/div> <\/form>\n\n\n\n<p>After more than twenty years under Kagam\u00e9, Rwanda remains one of the least developed countries in the world according to the Human Development Index, far behind democracies such as Botswana and Cape Verde. Economic development is essentially concentrated in the capital Kigali, which is home to just 17 % of the population. Elsewhere, the Rwandan miracle is fading. The argument of efficiency is proving fragile in view of the political cost: an eliminated opposition and a muzzled press.<\/p>\n\n\n\n<h2 class=\"wp-block-heading\" id=\"h-ingerences-occidentales\">Western interference<\/h2>\n\n\n\n<p>Faced with this anti-democratic myth, the Senegalese journalist reverses the perspective and strives to wrest democracy from its Western assignation. Without falling into an idealization of pre-colonial Africa, he reminds us that the continent did not wait for Europe to invent forms of deliberation, representation and balance of power. Ndiaye argues that colonization above all undermined endogenous democratic forms. This stimulating thesis is supported by a number of examples, such as the Lebou Republic in the 18<sup>th<\/sup>&nbsp;century, or certain Amazigh and Touareg practices, which would have benefited from more in-depth study.&nbsp;<\/p>\n\n\n\n<p>With a wealth of analysis and portraits,\u00a0<em>Africa against democracy (\u00abL\u2019Afrique contre la d\u00e9mocratie\u00bb)<\/em>\u00a0is a courageous essay. The author denies neither the reality of imperialism nor that of Western interference, but he refuses to turn it into a totalizing explanation and a false justification for dictatorial regimes. This position is undoubtedly the most intellectually honest way of thinking about contemporary Africa. And the least politically profitable.<\/p>\n\n\n\n<p><em>Journalist and consultant,&nbsp;<strong>Pablo S\u00e1nchez<\/strong>&nbsp;is an editor at&nbsp;<\/em>Regard Libre<em>.<\/em> <em>Write to the author: <a href=\"http:\/\/pablo.s\u00e1nchez@leregardlibre.com\/en\/\">pablo.s<em>\u00e1nchez<\/em>@leregardlibre.com<\/a><\/em>.<\/p>\n\n\n\n<h6 class=\"wp-block-heading\" id=\"h-vous-venez-de-lire-un-article-en-libre-acces-tire-de-notre-edition-papier-le-regard-libre-n-124-debats-analyses-actualites-culturelles-abonnez-vous-a-notre-media-de-reflexion-pour-nous-soutenir-et-avoir-acces-a-tous-nos-contenus\">You have just read an open-access article from our print edition (<a href=\"https:\/\/leregardlibre.com\/en\/cpt-editions\/the-free-124-peoples-view\/\"><em>Le Regard Libre<\/em> N\u00b0124<\/a>). Debates, analyses, cultural news:\u00a0<a href=\"https:\/\/leregardlibre.com\/en\/subscription\/\">subscribe<\/a>\u00a0to support us and access all our content.<\/h6>\n\n\n\n<div class=\"wp-block-media-text alignwide is-stacked-on-mobile\" style=\"grid-template-columns:15% auto\"><figure class=\"wp-block-media-text__media\"><img fetchpriority=\"high\" decoding=\"async\" width=\"500\" height=\"728\" src=\"https:\/\/leregardlibre.com\/wp-content\/uploads\/2026\/03\/capture-decran-2026-03-13-a-22-19-33.png\" alt=\"\" class=\"wp-image-531717 size-full\" srcset=\"https:\/\/leregardlibre.com\/wp-content\/uploads\/2026\/03\/capture-decran-2026-03-13-a-22-19-33.png 500w, https:\/\/leregardlibre.com\/wp-content\/uploads\/2026\/03\/capture-decran-2026-03-13-a-22-19-33-206x300.png 206w, https:\/\/leregardlibre.com\/wp-content\/uploads\/2026\/03\/capture-decran-2026-03-13-a-22-19-33-103x150.png 103w, https:\/\/leregardlibre.com\/wp-content\/uploads\/2026\/03\/capture-decran-2026-03-13-a-22-19-33-8x12.png 8w, https:\/\/leregardlibre.com\/wp-content\/uploads\/2026\/03\/capture-decran-2026-03-13-a-22-19-33-446x650.png 446w, https:\/\/leregardlibre.com\/wp-content\/uploads\/2026\/03\/capture-decran-2026-03-13-a-22-19-33-300x437.png 300w\" sizes=\"(max-width: 500px) 100vw, 500px\" \/><\/figure><div class=\"wp-block-media-text__content\">\n<p><strong>Ousmane Ndiaye<\/strong><br><em><strong><em>Africa against democracy (\u00abL\u2019Afrique contre la d\u00e9mocratie\u00bb)<\/em><br><\/strong><\/em><strong>Riveneuve<\/strong><br><strong>July 2025<br>172 pages<\/strong><\/p>\n\n\n\n<div class=\"wp-block-buttons is-layout-flex wp-block-buttons-is-layout-flex\">\n<div class=\"wp-block-button\"><a class=\"wp-block-button__link wp-element-button\" href=\"https:\/\/www.payot.ch\/Detail\/lafrique_contre_la_democratie-ousmane_ndiaye__jean_fran%C3%A7ois_akandji_kombe-9782360137398\">Order the book<\/a><\/div>\n<\/div>\n<\/div><\/div>","protected":false},"excerpt":{"rendered":"<p>In \u00abL'Afrique contre la d\u00e9mocratie\u00bb, Senegalese journalist Ousmane Ndiaye dismantles an increasingly widespread narrative: that of a continent supposedly incompatible with democracy. A vigorous investigation of an idea that has become an alibi for the new authoritarianisms.<\/p>","protected":false},"author":735,"featured_media":531724,"comment_status":"open","ping_status":"closed","sticky":false,"template":"","format":"standard","meta":{"_acf_changed":false,"footnotes":""},"categories":[644357281],"tags":[61519,14421,644358446,644358450],"class_list":["post-531712","post","type-post","status-publish","format-standard","has-post-thumbnail","hentry","category-monde","tag-afrique","tag-essais","tag-lessai-du-mois","tag-recensions"],"acf":[],"yoast_head":"<!-- This site is optimized with the Yoast SEO Premium plugin v27.4 (Yoast SEO v27.4) - https:\/\/yoast.com\/product\/yoast-seo-premium-wordpress\/ -->\n<title>D\u00e9monter le mythe\u00a0anti-d\u00e9mocratique en Afrique<\/title>\n<meta name=\"description\" content=\"Ousmane Ndiaye s\u2019emploie dans un essai \u00e0 d\u00e9monter m\u00e9thodiquement le mythe selon lequel \u00abl\u2019Afrique\u00a0n\u2019est pas faite pour la d\u00e9mocratie\u00bb.\" \/>\n<meta name=\"robots\" content=\"index, follow, max-snippet:-1, max-image-preview:large, max-video-preview:-1\" \/>\n<link rel=\"canonical\" href=\"https:\/\/leregardlibre.com\/en\/policy\/world\/ousmane-ndiaye\/\" \/>\n<meta property=\"og:locale\" content=\"en_US\" \/>\n<meta property=\"og:type\" content=\"article\" \/>\n<meta property=\"og:title\" content=\"D\u00e9monter le mythe\u00a0anti-d\u00e9mocratique en Afrique\" \/>\n<meta property=\"og:description\" content=\"Ousmane Ndiaye s\u2019emploie dans un essai \u00e0 d\u00e9monter m\u00e9thodiquement le mythe selon lequel \u00abl\u2019Afrique\u00a0n\u2019est pas faite pour la d\u00e9mocratie\u00bb.\" \/>\n<meta property=\"og:url\" content=\"https:\/\/leregardlibre.com\/en\/policy\/world\/ousmane-ndiaye\/\" \/>\n<meta property=\"og:site_name\" content=\"Le Regard Libre\" \/>\n<meta property=\"article:publisher\" content=\"https:\/\/www.facebook.com\/leregardlibre\/\" \/>\n<meta property=\"article:published_time\" content=\"2026-03-14T06:30:00+00:00\" \/>\n<meta property=\"article:modified_time\" content=\"2026-03-15T09:24:41+00:00\" \/>\n<meta property=\"og:image\" content=\"https:\/\/leregardlibre.com\/wp-content\/uploads\/2026\/03\/ousmane-ndiaye.jpg\" \/>\n\t<meta property=\"og:image:width\" content=\"1275\" \/>\n\t<meta property=\"og:image:height\" content=\"955\" \/>\n\t<meta property=\"og:image:type\" content=\"image\/jpeg\" \/>\n<meta name=\"author\" content=\"Pablo S\u00e1nchez\" \/>\n<meta name=\"twitter:card\" content=\"summary_large_image\" \/>\n<meta name=\"twitter:creator\" content=\"@LeRegardLibre\" \/>\n<meta name=\"twitter:site\" content=\"@LeRegardLibre\" \/>\n<meta name=\"twitter:label1\" content=\"Written by\" \/>\n\t<meta name=\"twitter:data1\" content=\"Pablo S\u00e1nchez\" \/>\n\t<meta name=\"twitter:label2\" content=\"Est. reading time\" \/>\n\t<meta name=\"twitter:data2\" content=\"1 minute\" \/>\n<script type=\"application\/ld+json\" class=\"yoast-schema-graph\">{\"@context\":\"https:\\\/\\\/schema.org\",\"@graph\":[{\"@type\":\"Article\",\"@id\":\"https:\\\/\\\/leregardlibre.com\\\/politique\\\/monde\\\/ousmane-ndiaye\\\/#article\",\"isPartOf\":{\"@id\":\"https:\\\/\\\/leregardlibre.com\\\/politique\\\/monde\\\/ousmane-ndiaye\\\/\"},\"author\":{\"name\":\"Pablo S\u00e1nchez\",\"@id\":\"https:\\\/\\\/leregardlibre.com\\\/#\\\/schema\\\/person\\\/44629bb0ecb67ddea1fc4c5d4447095f\"},\"headline\":\"D\u00e9monter le mythe\u00a0anti-d\u00e9mocratique en Afrique\",\"datePublished\":\"2026-03-14T06:30:00+00:00\",\"dateModified\":\"2026-03-15T09:24:41+00:00\",\"mainEntityOfPage\":{\"@id\":\"https:\\\/\\\/leregardlibre.com\\\/politique\\\/monde\\\/ousmane-ndiaye\\\/\"},\"wordCount\":884,\"commentCount\":0,\"publisher\":{\"@id\":\"https:\\\/\\\/leregardlibre.com\\\/#organization\"},\"image\":{\"@id\":\"https:\\\/\\\/leregardlibre.com\\\/politique\\\/monde\\\/ousmane-ndiaye\\\/#primaryimage\"},\"thumbnailUrl\":\"https:\\\/\\\/leregardlibre.com\\\/wp-content\\\/uploads\\\/2026\\\/03\\\/ousmane-ndiaye.jpg\",\"keywords\":[\"Afrique\",\"Essai\",\"L\u2019essai du mois\",\"Recension\"],\"articleSection\":[\"Monde\"],\"inLanguage\":\"en-US\",\"potentialAction\":[{\"@type\":\"CommentAction\",\"name\":\"Comment\",\"target\":[\"https:\\\/\\\/leregardlibre.com\\\/politique\\\/monde\\\/ousmane-ndiaye\\\/#respond\"]}]},{\"@type\":\"WebPage\",\"@id\":\"https:\\\/\\\/leregardlibre.com\\\/politique\\\/monde\\\/ousmane-ndiaye\\\/\",\"url\":\"https:\\\/\\\/leregardlibre.com\\\/politique\\\/monde\\\/ousmane-ndiaye\\\/\",\"name\":\"D\u00e9monter le mythe\u00a0anti-d\u00e9mocratique en Afrique\",\"isPartOf\":{\"@id\":\"https:\\\/\\\/leregardlibre.com\\\/#website\"},\"primaryImageOfPage\":{\"@id\":\"https:\\\/\\\/leregardlibre.com\\\/politique\\\/monde\\\/ousmane-ndiaye\\\/#primaryimage\"},\"image\":{\"@id\":\"https:\\\/\\\/leregardlibre.com\\\/politique\\\/monde\\\/ousmane-ndiaye\\\/#primaryimage\"},\"thumbnailUrl\":\"https:\\\/\\\/leregardlibre.com\\\/wp-content\\\/uploads\\\/2026\\\/03\\\/ousmane-ndiaye.jpg\",\"datePublished\":\"2026-03-14T06:30:00+00:00\",\"dateModified\":\"2026-03-15T09:24:41+00:00\",\"description\":\"Ousmane Ndiaye s\u2019emploie dans un essai \u00e0 d\u00e9monter m\u00e9thodiquement le mythe selon lequel \u00abl\u2019Afrique\u00a0n\u2019est pas faite pour la d\u00e9mocratie\u00bb.\",\"breadcrumb\":{\"@id\":\"https:\\\/\\\/leregardlibre.com\\\/politique\\\/monde\\\/ousmane-ndiaye\\\/#breadcrumb\"},\"inLanguage\":\"en-US\",\"potentialAction\":[{\"@type\":\"ReadAction\",\"target\":[\"https:\\\/\\\/leregardlibre.com\\\/politique\\\/monde\\\/ousmane-ndiaye\\\/\"]}]},{\"@type\":\"ImageObject\",\"inLanguage\":\"en-US\",\"@id\":\"https:\\\/\\\/leregardlibre.com\\\/politique\\\/monde\\\/ousmane-ndiaye\\\/#primaryimage\",\"url\":\"https:\\\/\\\/leregardlibre.com\\\/wp-content\\\/uploads\\\/2026\\\/03\\\/ousmane-ndiaye.jpg\",\"contentUrl\":\"https:\\\/\\\/leregardlibre.com\\\/wp-content\\\/uploads\\\/2026\\\/03\\\/ousmane-ndiaye.jpg\",\"width\":1275,\"height\":955,\"caption\":\"L\u2019essayiste Ousmane Ndiaye, ancien r\u00e9dacteur en chef Afrique de TV5 Monde. Photo: Darnel Lindor\"},{\"@type\":\"BreadcrumbList\",\"@id\":\"https:\\\/\\\/leregardlibre.com\\\/politique\\\/monde\\\/ousmane-ndiaye\\\/#breadcrumb\",\"itemListElement\":[{\"@type\":\"ListItem\",\"position\":1,\"name\":\"Accueil\",\"item\":\"https:\\\/\\\/leregardlibre.com\\\/\"},{\"@type\":\"ListItem\",\"position\":2,\"name\":\"D\u00e9monter le mythe\u00a0anti-d\u00e9mocratique en Afrique\"}]},{\"@type\":\"WebSite\",\"@id\":\"https:\\\/\\\/leregardlibre.com\\\/#website\",\"url\":\"https:\\\/\\\/leregardlibre.com\\\/\",\"name\":\"Le Regard Libre\",\"description\":\"Premier mensuel suisse de d\u00e9bat\",\"publisher\":{\"@id\":\"https:\\\/\\\/leregardlibre.com\\\/#organization\"},\"potentialAction\":[{\"@type\":\"SearchAction\",\"target\":{\"@type\":\"EntryPoint\",\"urlTemplate\":\"https:\\\/\\\/leregardlibre.com\\\/?s={search_term_string}\"},\"query-input\":{\"@type\":\"PropertyValueSpecification\",\"valueRequired\":true,\"valueName\":\"search_term_string\"}}],\"inLanguage\":\"en-US\"},{\"@type\":\"Organization\",\"@id\":\"https:\\\/\\\/leregardlibre.com\\\/#organization\",\"name\":\"Le Regard Libre\",\"url\":\"https:\\\/\\\/leregardlibre.com\\\/\",\"logo\":{\"@type\":\"ImageObject\",\"inLanguage\":\"en-US\",\"@id\":\"https:\\\/\\\/leregardlibre.com\\\/#\\\/schema\\\/logo\\\/image\\\/\",\"url\":\"https:\\\/\\\/leregardlibre.com\\\/wp-content\\\/uploads\\\/2025\\\/08\\\/logo-rl-icone-neg.jpeg\",\"contentUrl\":\"https:\\\/\\\/leregardlibre.com\\\/wp-content\\\/uploads\\\/2025\\\/08\\\/logo-rl-icone-neg.jpeg\",\"width\":557,\"height\":556,\"caption\":\"Le Regard Libre\"},\"image\":{\"@id\":\"https:\\\/\\\/leregardlibre.com\\\/#\\\/schema\\\/logo\\\/image\\\/\"},\"sameAs\":[\"https:\\\/\\\/www.facebook.com\\\/leregardlibre\\\/\",\"https:\\\/\\\/x.com\\\/LeRegardLibre\",\"https:\\\/\\\/www.linkedin.com\\\/company\\\/le-regard-libre\",\"https:\\\/\\\/www.instagram.com\\\/leregardlibre\\\/\",\"http:\\\/\\\/t.me\\\/leregardlibre\",\"https:\\\/\\\/youtube.com\\\/channel\\\/UC6HzGPomj1LsUmlz-sJtITQ\"],\"description\":\"Le Regard Libre est un mensuel suisse de d\u00e9bat intellectuel et culturel. Sa r\u00e9daction est jeune, b\u00e9n\u00e9vole, lib\u00e9rale et pluraliste. Le magazine para\u00eet en ligne et sous forme papier. Sa langue est le fran\u00e7ais.\",\"email\":\"redaction@leregardlibre.com\",\"legalName\":\"Le Regard Libre\",\"foundingDate\":\"2014-01-01\",\"numberOfEmployees\":{\"@type\":\"QuantitativeValue\",\"minValue\":\"11\",\"maxValue\":\"50\"},\"publishingPrinciples\":\"https:\\\/\\\/leregardlibre.com\\\/a-propos\\\/notre-manifeste\\\/\",\"ownershipFundingInfo\":\"https:\\\/\\\/leregardlibre.com\\\/mentions-legales\\\/\",\"actionableFeedbackPolicy\":\"https:\\\/\\\/leregardlibre.com\\\/conditions-generales-de-vente\\\/\"},{\"@type\":\"Person\",\"@id\":\"https:\\\/\\\/leregardlibre.com\\\/#\\\/schema\\\/person\\\/44629bb0ecb67ddea1fc4c5d4447095f\",\"name\":\"Pablo S\u00e1nchez\",\"image\":{\"@type\":\"ImageObject\",\"inLanguage\":\"en-US\",\"@id\":\"https:\\\/\\\/secure.gravatar.com\\\/avatar\\\/042ba7a969c76812b47949be3b376ebea3869c370353c327e7b19305a9698e65?s=96&d=identicon&r=g\",\"url\":\"https:\\\/\\\/secure.gravatar.com\\\/avatar\\\/042ba7a969c76812b47949be3b376ebea3869c370353c327e7b19305a9698e65?s=96&d=identicon&r=g\",\"contentUrl\":\"https:\\\/\\\/secure.gravatar.com\\\/avatar\\\/042ba7a969c76812b47949be3b376ebea3869c370353c327e7b19305a9698e65?s=96&d=identicon&r=g\",\"caption\":\"Pablo S\u00e1nchez\"},\"url\":\"https:\\\/\\\/leregardlibre.com\\\/en\\\/author\\\/pablo-sanchez\\\/\"}]}<\/script>\n<!-- \/ Yoast SEO Premium plugin. -->","yoast_head_json":{"title":"Dismantling the anti-democratic myth in Africa","description":"In his essay, Ousmane Ndiaye methodically dismantles the myth that \u00abAfrica is not made for democracy\u00bb.","robots":{"index":"index","follow":"follow","max-snippet":"max-snippet:-1","max-image-preview":"max-image-preview:large","max-video-preview":"max-video-preview:-1"},"canonical":"https:\/\/leregardlibre.com\/en\/policy\/world\/ousmane-ndiaye\/","og_locale":"en_US","og_type":"article","og_title":"D\u00e9monter le mythe\u00a0anti-d\u00e9mocratique en Afrique","og_description":"Ousmane Ndiaye s\u2019emploie dans un essai \u00e0 d\u00e9monter m\u00e9thodiquement le mythe selon lequel \u00abl\u2019Afrique\u00a0n\u2019est pas faite pour la d\u00e9mocratie\u00bb.","og_url":"https:\/\/leregardlibre.com\/en\/policy\/world\/ousmane-ndiaye\/","og_site_name":"Le Regard Libre","article_publisher":"https:\/\/www.facebook.com\/leregardlibre\/","article_published_time":"2026-03-14T06:30:00+00:00","article_modified_time":"2026-03-15T09:24:41+00:00","og_image":[{"width":1275,"height":955,"url":"https:\/\/leregardlibre.com\/wp-content\/uploads\/2026\/03\/ousmane-ndiaye.jpg","type":"image\/jpeg"}],"author":"Pablo S\u00e1nchez","twitter_card":"summary_large_image","twitter_creator":"@LeRegardLibre","twitter_site":"@LeRegardLibre","twitter_misc":{"Written by":"Pablo S\u00e1nchez","Est. reading time":"1 minute"},"schema":{"@context":"https:\/\/schema.org","@graph":[{"@type":"Article","@id":"https:\/\/leregardlibre.com\/politique\/monde\/ousmane-ndiaye\/#article","isPartOf":{"@id":"https:\/\/leregardlibre.com\/politique\/monde\/ousmane-ndiaye\/"},"author":{"name":"Pablo S\u00e1nchez","@id":"https:\/\/leregardlibre.com\/#\/schema\/person\/44629bb0ecb67ddea1fc4c5d4447095f"},"headline":"D\u00e9monter le mythe\u00a0anti-d\u00e9mocratique en Afrique","datePublished":"2026-03-14T06:30:00+00:00","dateModified":"2026-03-15T09:24:41+00:00","mainEntityOfPage":{"@id":"https:\/\/leregardlibre.com\/politique\/monde\/ousmane-ndiaye\/"},"wordCount":884,"commentCount":0,"publisher":{"@id":"https:\/\/leregardlibre.com\/#organization"},"image":{"@id":"https:\/\/leregardlibre.com\/politique\/monde\/ousmane-ndiaye\/#primaryimage"},"thumbnailUrl":"https:\/\/leregardlibre.com\/wp-content\/uploads\/2026\/03\/ousmane-ndiaye.jpg","keywords":["Afrique","Essai","L\u2019essai du mois","Recension"],"articleSection":["Monde"],"inLanguage":"en-US","potentialAction":[{"@type":"CommentAction","name":"Comment","target":["https:\/\/leregardlibre.com\/politique\/monde\/ousmane-ndiaye\/#respond"]}]},{"@type":"WebPage","@id":"https:\/\/leregardlibre.com\/politique\/monde\/ousmane-ndiaye\/","url":"https:\/\/leregardlibre.com\/politique\/monde\/ousmane-ndiaye\/","name":"Dismantling the anti-democratic myth in Africa","isPartOf":{"@id":"https:\/\/leregardlibre.com\/#website"},"primaryImageOfPage":{"@id":"https:\/\/leregardlibre.com\/politique\/monde\/ousmane-ndiaye\/#primaryimage"},"image":{"@id":"https:\/\/leregardlibre.com\/politique\/monde\/ousmane-ndiaye\/#primaryimage"},"thumbnailUrl":"https:\/\/leregardlibre.com\/wp-content\/uploads\/2026\/03\/ousmane-ndiaye.jpg","datePublished":"2026-03-14T06:30:00+00:00","dateModified":"2026-03-15T09:24:41+00:00","description":"In his essay, Ousmane Ndiaye methodically dismantles the myth that \u00abAfrica is not made for democracy\u00bb.","breadcrumb":{"@id":"https:\/\/leregardlibre.com\/politique\/monde\/ousmane-ndiaye\/#breadcrumb"},"inLanguage":"en-US","potentialAction":[{"@type":"ReadAction","target":["https:\/\/leregardlibre.com\/politique\/monde\/ousmane-ndiaye\/"]}]},{"@type":"ImageObject","inLanguage":"en-US","@id":"https:\/\/leregardlibre.com\/politique\/monde\/ousmane-ndiaye\/#primaryimage","url":"https:\/\/leregardlibre.com\/wp-content\/uploads\/2026\/03\/ousmane-ndiaye.jpg","contentUrl":"https:\/\/leregardlibre.com\/wp-content\/uploads\/2026\/03\/ousmane-ndiaye.jpg","width":1275,"height":955,"caption":"L\u2019essayiste Ousmane Ndiaye, ancien r\u00e9dacteur en chef Afrique de TV5 Monde. Photo: Darnel Lindor"},{"@type":"BreadcrumbList","@id":"https:\/\/leregardlibre.com\/politique\/monde\/ousmane-ndiaye\/#breadcrumb","itemListElement":[{"@type":"ListItem","position":1,"name":"Accueil","item":"https:\/\/leregardlibre.com\/"},{"@type":"ListItem","position":2,"name":"D\u00e9monter le mythe\u00a0anti-d\u00e9mocratique en Afrique"}]},{"@type":"WebSite","@id":"https:\/\/leregardlibre.com\/#website","url":"https:\/\/leregardlibre.com\/","name":"Le Regard Libre","description":"Switzerland's first monthly debate magazine","publisher":{"@id":"https:\/\/leregardlibre.com\/#organization"},"potentialAction":[{"@type":"SearchAction","target":{"@type":"EntryPoint","urlTemplate":"https:\/\/leregardlibre.com\/?s={search_term_string}"},"query-input":{"@type":"PropertyValueSpecification","valueRequired":true,"valueName":"search_term_string"}}],"inLanguage":"en-US"},{"@type":"Organization","@id":"https:\/\/leregardlibre.com\/#organization","name":"Le Regard Libre","url":"https:\/\/leregardlibre.com\/","logo":{"@type":"ImageObject","inLanguage":"en-US","@id":"https:\/\/leregardlibre.com\/#\/schema\/logo\/image\/","url":"https:\/\/leregardlibre.com\/wp-content\/uploads\/2025\/08\/logo-rl-icone-neg.jpeg","contentUrl":"https:\/\/leregardlibre.com\/wp-content\/uploads\/2025\/08\/logo-rl-icone-neg.jpeg","width":557,"height":556,"caption":"Le Regard Libre"},"image":{"@id":"https:\/\/leregardlibre.com\/#\/schema\/logo\/image\/"},"sameAs":["https:\/\/www.facebook.com\/leregardlibre\/","https:\/\/x.com\/LeRegardLibre","https:\/\/www.linkedin.com\/company\/le-regard-libre","https:\/\/www.instagram.com\/leregardlibre\/","http:\/\/t.me\/leregardlibre","https:\/\/youtube.com\/channel\/UC6HzGPomj1LsUmlz-sJtITQ"],"description":"Le Regard Libre is a Swiss monthly magazine for intellectual and cultural debate. Its editorial team is young, voluntary, liberal and pluralist. The magazine appears online and in print. Its language is French.","email":"redaction@leregardlibre.com","legalName":"Le Regard Libre","foundingDate":"2014-01-01","numberOfEmployees":{"@type":"QuantitativeValue","minValue":"11","maxValue":"50"},"publishingPrinciples":"https:\/\/leregardlibre.com\/a-propos\/notre-manifeste\/","ownershipFundingInfo":"https:\/\/leregardlibre.com\/mentions-legales\/","actionableFeedbackPolicy":"https:\/\/leregardlibre.com\/conditions-generales-de-vente\/"},{"@type":"Person","@id":"https:\/\/leregardlibre.com\/#\/schema\/person\/44629bb0ecb67ddea1fc4c5d4447095f","name":"Pablo S\u00e1nchez","image":{"@type":"ImageObject","inLanguage":"en-US","@id":"https:\/\/secure.gravatar.com\/avatar\/042ba7a969c76812b47949be3b376ebea3869c370353c327e7b19305a9698e65?s=96&d=identicon&r=g","url":"https:\/\/secure.gravatar.com\/avatar\/042ba7a969c76812b47949be3b376ebea3869c370353c327e7b19305a9698e65?s=96&d=identicon&r=g","contentUrl":"https:\/\/secure.gravatar.com\/avatar\/042ba7a969c76812b47949be3b376ebea3869c370353c327e7b19305a9698e65?s=96&d=identicon&r=g","caption":"Pablo S\u00e1nchez"},"url":"https:\/\/leregardlibre.com\/en\/author\/pablo-sanchez\/"}]}},"_links":{"self":[{"href":"https:\/\/leregardlibre.com\/en\/wp-json\/wp\/v2\/posts\/531712","targetHints":{"allow":["GET"]}}],"collection":[{"href":"https:\/\/leregardlibre.com\/en\/wp-json\/wp\/v2\/posts"}],"about":[{"href":"https:\/\/leregardlibre.com\/en\/wp-json\/wp\/v2\/types\/post"}],"author":[{"embeddable":true,"href":"https:\/\/leregardlibre.com\/en\/wp-json\/wp\/v2\/users\/735"}],"replies":[{"embeddable":true,"href":"https:\/\/leregardlibre.com\/en\/wp-json\/wp\/v2\/comments?post=531712"}],"version-history":[{"count":8,"href":"https:\/\/leregardlibre.com\/en\/wp-json\/wp\/v2\/posts\/531712\/revisions"}],"predecessor-version":[{"id":531746,"href":"https:\/\/leregardlibre.com\/en\/wp-json\/wp\/v2\/posts\/531712\/revisions\/531746"}],"wp:featuredmedia":[{"embeddable":true,"href":"https:\/\/leregardlibre.com\/en\/wp-json\/wp\/v2\/media\/531724"}],"wp:attachment":[{"href":"https:\/\/leregardlibre.com\/en\/wp-json\/wp\/v2\/media?parent=531712"}],"wp:term":[{"taxonomy":"category","embeddable":true,"href":"https:\/\/leregardlibre.com\/en\/wp-json\/wp\/v2\/categories?post=531712"},{"taxonomy":"post_tag","embeddable":true,"href":"https:\/\/leregardlibre.com\/en\/wp-json\/wp\/v2\/tags?post=531712"}],"curies":[{"name":"wp","href":"https:\/\/api.w.org\/{rel}","templated":true}]}}