{"id":531734,"date":"2026-03-15T07:30:00","date_gmt":"2026-03-15T06:30:00","guid":{"rendered":"https:\/\/leregardlibre.com\/?p=531734"},"modified":"2026-04-19T22:12:40","modified_gmt":"2026-04-19T20:12:40","slug":"francois-walter-people-of-switzerland","status":"publish","type":"post","link":"https:\/\/leregardlibre.com\/en\/history\/francois-walter-people-of-switzerland\/","title":{"rendered":"Elected and virtual, the Swiss people demystified by Fran\u00e7ois Walter"},"content":{"rendered":"<div class='content_excerpt'>\n<p class=\"has-drop-cap\"><strong>Author of a canonical History of Switzerland and of recent guided walks in his \u00abAu fil de l'histoire suisse\u00bb series, the university professor welcomes Le Regard Libre a few steps from the medieval ramparts of Fribourg.<\/strong><\/p>\n\n\n\n (more...)\n    <div class='restricted_content_fade'><\/div>\n    <\/div>\n  <style>\n    .content_excerpt{\n      position: relative;\n    }\n    .content_excerpt .restricted_content_fade{\n      position: absolute;\n      bottom: 0;\n      left: 0;\n      right: 0;\n      height: 75px;\n\t  margin-bottom: 0px;\n      background-image: linear-gradient(#ffffff2e, white);\n    }\n\n    .restricted_content{\n      margin-top: 30px;\n      border: solid #dddddd 1px;\n      border-radius: 7px;\n      padding: 30px;\n    }\n    \n    .restricted_content .restricted_content_title{\n      font-size: 22px;\n      font-weight: 600;\n    }\n    .restricted_content .restricted_content_flex_row{\n      display: flex;\n      flex-direction: row;\n    }\n    .restricted_content .restricted_content_image_container{\n      flex: 3;\n    }\n    .restricted_content .restricted_content_flex_column{\n      flex: 4;\n      display: flex;\n      flex-direction: column;\n      margin-left: 40px;\n      justify-content: center;\n    }\n\n\n    .restricted_content_buttons{\n      display: flex;\n      flex-direction: column;\n      width: min-content;\n    }\n    .restricted_content_button{\n      background-color: #f2f2f2;\n      text-transform: uppercase;\n      font-weight: 600;\n      padding: 8px 40px;\n      text-align: center;\n      font-size: 13px;\n      margin-top: 10px;\n      width: max-content;\n      width: 100%;\n      white-space: nowrap;\n    }\n    .restricted_content_button:hover {\n      background-color: #111111;\n      color: white;\n      text-decoration: none !important;\n    }\n\n    .restricted_content_primary_button{\n      background-color: #1F2A68 !important;\n      color: white !important;\n    }\n    .restricted_content_primary_button:hover {\n      background-color: #111111;\n    }\n\n    .restricted_content_text{\n      margin-bottom: 10px;\n      line-height: 1.2;\n      font-weight: 500;\n      font-size: 16px;\n    }\n\n  \n  <\/style>\n  <div class='restricted_content'>\n    <h3 class='restricted_content_title'>This content is reserved for our subscribers.<\/h3>\n    <div class='restricted_content_flex_row'>\n      <div class='restricted_content_image_container'>\n        <img class='restricted_content_image' src='\/wp-content\/uploads\/2025\/08\/abo_physique.png' \/>\n      <\/div>\n      <div class='restricted_content_flex_column'>\n        <div class='restricted_content_text'>If you have an account, please log in. Otherwise, discover our different subscription packages and create an account from CHF 2.50 for the first month.<\/div>\n        <div class='restricted_content_buttons'>\n          <a href='\/en\/subscription\/' class='restricted_content_button restricted_content_primary_button'>See subscriptions<\/a><a href='\/en\/my-account\/?redirect_to=https:\/\/leregardlibre.com\/en\/history\/francois-walter-people-of-switzerland\/'class='restricted_content_button'>Login<\/a><\/div>\n      <\/div>\n    <\/div>\n  <\/div>","protected":false},"excerpt":{"rendered":"<div class='content_excerpt'>\n<p class=\"has-drop-cap\"><strong>Author of a canonical History of Switzerland and of recent guided walks in his \u00abAu fil de l'histoire suisse\u00bb series, the university professor welcomes Le Regard Libre a few steps from the medieval ramparts of Fribourg.<\/strong><\/p>\n<p> (more...)<\/p>\n<div class='restricted_content_fade'><\/div>\n<\/p><\/div>\n<style>\n    .content_excerpt{\n      position: relative;\n    }\n    .content_excerpt .restricted_content_fade{\n      position: absolute;\n      bottom: 0;\n      left: 0;\n      right: 0;\n      height: 75px;\n\t  margin-bottom: 0px;\n      background-image: linear-gradient(#ffffff2e, white);\n    }<\/p>\n<p>    .restricted_content{\n      margin-top: 30px;\n      border: solid #dddddd 1px;\n      border-radius: 7px;\n      padding: 30px;\n    }<\/p>\n<p>    .restricted_content .restricted_content_title{\n      font-size: 22px;\n      font-weight: 600;\n    }\n    .restricted_content .restricted_content_flex_row{\n      display: flex;\n      flex-direction: row;\n    }\n    .restricted_content .restricted_content_image_container{\n      flex: 3;\n    }\n    .restricted_content .restricted_content_flex_column{\n      flex: 4;\n      display: flex;\n      flex-direction: column;\n      margin-left: 40px;\n      justify-content: center;\n    }<\/p>\n<p>    .restricted_content_buttons{\n      display: flex;\n      flex-direction: column;\n      width: min-content;\n    }\n    .restricted_content_button{\n      background-color: #f2f2f2;\n      text-transform: uppercase;\n      font-weight: 600;\n      padding: 8px 40px;\n      text-align: center;\n      font-size: 13px;\n      margin-top: 10px;\n      width: max-content;\n      width: 100%;\n      white-space: nowrap;\n    }\n    .restricted_content_button:hover {\n      background-color: #111111;\n      color: white;\n      text-decoration: none !important;\n    }<\/p>\n<p>    .restricted_content_primary_button{\n      background-color: #1F2A68 !important;\n      color: white !important;\n    }\n    .restricted_content_primary_button:hover {\n      background-color: #111111;\n    }<\/p>\n<p>    .restricted_content_text{\n      margin-bottom: 10px;\n      line-height: 1.2;\n      font-weight: 500;\n      font-size: 16px;\n    }<\/p>\n<\/style>\n<div class='restricted_content'>\n<h3 class='restricted_content_title'>This content is reserved for our subscribers.<\/h3>\n<div class='restricted_content_flex_row'>\n<div class='restricted_content_image_container'>\n        <img class='restricted_content_image' src='\/wp-content\/uploads\/2025\/08\/abo_physique.png' \/>\n      <\/div>\n<div class='restricted_content_flex_column'>\n<div class='restricted_content_text'>If you have an account, please log in. Otherwise, discover our different subscription packages and create an account from CHF 2.50 for the first month.<\/div>\n<div class='restricted_content_buttons'>\n          <a href='\/en\/subscription\/' class='restricted_content_button restricted_content_primary_button'>See subscriptions<\/a><a href='\/en\/my-account\/?redirect_to=https:\/\/leregardlibre.com\/en\/history\/francois-walter-people-of-switzerland\/'class='restricted_content_button'>Login<\/a><\/div>\n<\/p><\/div>\n<\/p><\/div>\n<\/p><\/div>","protected":false},"author":736,"featured_media":531735,"comment_status":"open","ping_status":"closed","sticky":false,"template":"","format":"standard","meta":{"_acf_changed":false,"footnotes":""},"categories":[27785],"tags":[644358519,2112358,11788,2012358],"class_list":["post-531734","post","type-post","status-publish","format-standard","has-post-thumbnail","hentry","category-histoire","tag-dossier-peuple","tag-histoire-suisse","tag-interviews","tag-peuple","membership-content","access-restricted"],"acf":[],"yoast_head":"<!-- This site is optimized with the Yoast SEO Premium plugin v27.4 (Yoast SEO v27.4) - https:\/\/yoast.com\/product\/yoast-seo-premium-wordpress\/ -->\n<title>Elu et virtuel, le\u00a0peuple suisse\u00a0d\u00e9mythifi\u00e9 par Fran\u00e7ois Walter<\/title>\n<meta name=\"description\" content=\"Auteur d\u2019une canonique\u00a0\u00abHistoire de la Suisse\u00bb, Fran\u00e7ois Walter nous accueille\u00a0\u00e0 quelques pas des remparts m\u00e9di\u00e9vaux de Fribourg. Interview\" \/>\n<meta name=\"robots\" content=\"index, follow, max-snippet:-1, max-image-preview:large, max-video-preview:-1\" \/>\n<link rel=\"canonical\" href=\"https:\/\/leregardlibre.com\/en\/history\/francois-walter-people-of-switzerland\/\" \/>\n<meta property=\"og:locale\" content=\"en_US\" \/>\n<meta property=\"og:type\" content=\"article\" \/>\n<meta property=\"og:title\" content=\"Elu et virtuel, le\u00a0peuple suisse\u00a0d\u00e9mythifi\u00e9 par Fran\u00e7ois Walter\" \/>\n<meta property=\"og:description\" content=\"Auteur d\u2019une canonique\u00a0\u00abHistoire de la Suisse\u00bb, Fran\u00e7ois Walter nous accueille\u00a0\u00e0 quelques pas des remparts m\u00e9di\u00e9vaux de Fribourg. Interview\" \/>\n<meta property=\"og:url\" content=\"https:\/\/leregardlibre.com\/en\/history\/francois-walter-people-of-switzerland\/\" \/>\n<meta property=\"og:site_name\" content=\"Le Regard Libre\" \/>\n<meta property=\"article:publisher\" content=\"https:\/\/www.facebook.com\/leregardlibre\/\" \/>\n<meta property=\"article:published_time\" content=\"2026-03-15T06:30:00+00:00\" \/>\n<meta property=\"article:modified_time\" content=\"2026-04-19T20:12:40+00:00\" \/>\n<meta property=\"og:image\" content=\"https:\/\/leregardlibre.com\/wp-content\/uploads\/2026\/03\/l1023690_c-nicolas-brodard-e1773533129187-1024x577.jpg\" \/>\n\t<meta property=\"og:image:width\" content=\"1024\" \/>\n\t<meta property=\"og:image:height\" content=\"577\" \/>\n\t<meta property=\"og:image:type\" content=\"image\/jpeg\" \/>\n<meta name=\"author\" content=\"Nicolas Brodard\" \/>\n<meta name=\"twitter:card\" content=\"summary_large_image\" \/>\n<meta name=\"twitter:creator\" content=\"@LeRegardLibre\" \/>\n<meta name=\"twitter:site\" content=\"@LeRegardLibre\" \/>\n<meta name=\"twitter:label1\" content=\"Written by\" \/>\n\t<meta name=\"twitter:data1\" content=\"Nicolas Brodard\" \/>\n\t<meta name=\"twitter:label2\" content=\"Est. reading time\" \/>\n\t<meta name=\"twitter:data2\" content=\"1 minute\" \/>\n<script type=\"application\/ld+json\" class=\"yoast-schema-graph\">{\"@context\":\"https:\\\/\\\/schema.org\",\"@graph\":[{\"@type\":\"Article\",\"@id\":\"https:\\\/\\\/leregardlibre.com\\\/histoire\\\/francois-walter-peuple-suisse\\\/#article\",\"isPartOf\":{\"@id\":\"https:\\\/\\\/leregardlibre.com\\\/histoire\\\/francois-walter-peuple-suisse\\\/\"},\"author\":{\"name\":\"Nicolas Brodard\",\"@id\":\"https:\\\/\\\/leregardlibre.com\\\/#\\\/schema\\\/person\\\/9c9d99c0008e9493c768a72ade41259f\"},\"headline\":\"Elu et virtuel, le\u00a0peuple suisse\u00a0d\u00e9mythifi\u00e9 par Fran\u00e7ois Walter\",\"datePublished\":\"2026-03-15T06:30:00+00:00\",\"dateModified\":\"2026-04-19T20:12:40+00:00\",\"mainEntityOfPage\":{\"@id\":\"https:\\\/\\\/leregardlibre.com\\\/histoire\\\/francois-walter-peuple-suisse\\\/\"},\"wordCount\":2237,\"commentCount\":0,\"publisher\":{\"@id\":\"https:\\\/\\\/leregardlibre.com\\\/#organization\"},\"image\":{\"@id\":\"https:\\\/\\\/leregardlibre.com\\\/histoire\\\/francois-walter-peuple-suisse\\\/#primaryimage\"},\"thumbnailUrl\":\"https:\\\/\\\/leregardlibre.com\\\/wp-content\\\/uploads\\\/2026\\\/03\\\/l1023690_c-nicolas-brodard-e1773533129187.jpg\",\"keywords\":[\"Dossier PEUPLE\",\"Histoire suisse\",\"Interview\",\"Peuple\"],\"articleSection\":[\"Histoire\"],\"inLanguage\":\"en-US\",\"potentialAction\":[{\"@type\":\"CommentAction\",\"name\":\"Comment\",\"target\":[\"https:\\\/\\\/leregardlibre.com\\\/histoire\\\/francois-walter-peuple-suisse\\\/#respond\"]}]},{\"@type\":\"WebPage\",\"@id\":\"https:\\\/\\\/leregardlibre.com\\\/histoire\\\/francois-walter-peuple-suisse\\\/\",\"url\":\"https:\\\/\\\/leregardlibre.com\\\/histoire\\\/francois-walter-peuple-suisse\\\/\",\"name\":\"Elu et virtuel, le\u00a0peuple suisse\u00a0d\u00e9mythifi\u00e9 par Fran\u00e7ois Walter\",\"isPartOf\":{\"@id\":\"https:\\\/\\\/leregardlibre.com\\\/#website\"},\"primaryImageOfPage\":{\"@id\":\"https:\\\/\\\/leregardlibre.com\\\/histoire\\\/francois-walter-peuple-suisse\\\/#primaryimage\"},\"image\":{\"@id\":\"https:\\\/\\\/leregardlibre.com\\\/histoire\\\/francois-walter-peuple-suisse\\\/#primaryimage\"},\"thumbnailUrl\":\"https:\\\/\\\/leregardlibre.com\\\/wp-content\\\/uploads\\\/2026\\\/03\\\/l1023690_c-nicolas-brodard-e1773533129187.jpg\",\"datePublished\":\"2026-03-15T06:30:00+00:00\",\"dateModified\":\"2026-04-19T20:12:40+00:00\",\"description\":\"Auteur d\u2019une canonique\u00a0\u00abHistoire de la Suisse\u00bb, Fran\u00e7ois Walter nous accueille\u00a0\u00e0 quelques pas des remparts m\u00e9di\u00e9vaux de Fribourg. Interview\",\"breadcrumb\":{\"@id\":\"https:\\\/\\\/leregardlibre.com\\\/histoire\\\/francois-walter-peuple-suisse\\\/#breadcrumb\"},\"inLanguage\":\"en-US\",\"potentialAction\":[{\"@type\":\"ReadAction\",\"target\":[\"https:\\\/\\\/leregardlibre.com\\\/histoire\\\/francois-walter-peuple-suisse\\\/\"]}]},{\"@type\":\"ImageObject\",\"inLanguage\":\"en-US\",\"@id\":\"https:\\\/\\\/leregardlibre.com\\\/histoire\\\/francois-walter-peuple-suisse\\\/#primaryimage\",\"url\":\"https:\\\/\\\/leregardlibre.com\\\/wp-content\\\/uploads\\\/2026\\\/03\\\/l1023690_c-nicolas-brodard-e1773533129187.jpg\",\"contentUrl\":\"https:\\\/\\\/leregardlibre.com\\\/wp-content\\\/uploads\\\/2026\\\/03\\\/l1023690_c-nicolas-brodard-e1773533129187.jpg\",\"width\":8163,\"height\":4598,\"caption\":\"Fran\u00e7ois Walter fait partie d\u2019une g\u00e9n\u00e9ration d\u2019historiens qui a entrepris l\u2019analyse critique des mythes nationaux. Photo: Nicolas Brodard\"},{\"@type\":\"BreadcrumbList\",\"@id\":\"https:\\\/\\\/leregardlibre.com\\\/histoire\\\/francois-walter-peuple-suisse\\\/#breadcrumb\",\"itemListElement\":[{\"@type\":\"ListItem\",\"position\":1,\"name\":\"Accueil\",\"item\":\"https:\\\/\\\/leregardlibre.com\\\/\"},{\"@type\":\"ListItem\",\"position\":2,\"name\":\"Elu et virtuel, le\u00a0peuple suisse\u00a0d\u00e9mythifi\u00e9 par Fran\u00e7ois Walter\"}]},{\"@type\":\"WebSite\",\"@id\":\"https:\\\/\\\/leregardlibre.com\\\/#website\",\"url\":\"https:\\\/\\\/leregardlibre.com\\\/\",\"name\":\"Le Regard Libre\",\"description\":\"Premier mensuel suisse de d\u00e9bat\",\"publisher\":{\"@id\":\"https:\\\/\\\/leregardlibre.com\\\/#organization\"},\"potentialAction\":[{\"@type\":\"SearchAction\",\"target\":{\"@type\":\"EntryPoint\",\"urlTemplate\":\"https:\\\/\\\/leregardlibre.com\\\/?s={search_term_string}\"},\"query-input\":{\"@type\":\"PropertyValueSpecification\",\"valueRequired\":true,\"valueName\":\"search_term_string\"}}],\"inLanguage\":\"en-US\"},{\"@type\":\"Organization\",\"@id\":\"https:\\\/\\\/leregardlibre.com\\\/#organization\",\"name\":\"Le Regard Libre\",\"url\":\"https:\\\/\\\/leregardlibre.com\\\/\",\"logo\":{\"@type\":\"ImageObject\",\"inLanguage\":\"en-US\",\"@id\":\"https:\\\/\\\/leregardlibre.com\\\/#\\\/schema\\\/logo\\\/image\\\/\",\"url\":\"https:\\\/\\\/leregardlibre.com\\\/wp-content\\\/uploads\\\/2025\\\/08\\\/logo-rl-icone-neg.jpeg\",\"contentUrl\":\"https:\\\/\\\/leregardlibre.com\\\/wp-content\\\/uploads\\\/2025\\\/08\\\/logo-rl-icone-neg.jpeg\",\"width\":557,\"height\":556,\"caption\":\"Le Regard Libre\"},\"image\":{\"@id\":\"https:\\\/\\\/leregardlibre.com\\\/#\\\/schema\\\/logo\\\/image\\\/\"},\"sameAs\":[\"https:\\\/\\\/www.facebook.com\\\/leregardlibre\\\/\",\"https:\\\/\\\/x.com\\\/LeRegardLibre\",\"https:\\\/\\\/www.linkedin.com\\\/company\\\/le-regard-libre\",\"https:\\\/\\\/www.instagram.com\\\/leregardlibre\\\/\",\"http:\\\/\\\/t.me\\\/leregardlibre\",\"https:\\\/\\\/youtube.com\\\/channel\\\/UC6HzGPomj1LsUmlz-sJtITQ\"],\"description\":\"Le Regard Libre est un mensuel suisse de d\u00e9bat intellectuel et culturel. Sa r\u00e9daction est jeune, b\u00e9n\u00e9vole, lib\u00e9rale et pluraliste. Le magazine para\u00eet en ligne et sous forme papier. Sa langue est le fran\u00e7ais.\",\"email\":\"redaction@leregardlibre.com\",\"legalName\":\"Le Regard Libre\",\"foundingDate\":\"2014-01-01\",\"numberOfEmployees\":{\"@type\":\"QuantitativeValue\",\"minValue\":\"11\",\"maxValue\":\"50\"},\"publishingPrinciples\":\"https:\\\/\\\/leregardlibre.com\\\/a-propos\\\/notre-manifeste\\\/\",\"ownershipFundingInfo\":\"https:\\\/\\\/leregardlibre.com\\\/mentions-legales\\\/\",\"actionableFeedbackPolicy\":\"https:\\\/\\\/leregardlibre.com\\\/conditions-generales-de-vente\\\/\"},{\"@type\":\"Person\",\"@id\":\"https:\\\/\\\/leregardlibre.com\\\/#\\\/schema\\\/person\\\/9c9d99c0008e9493c768a72ade41259f\",\"name\":\"Nicolas Brodard\",\"image\":{\"@type\":\"ImageObject\",\"inLanguage\":\"en-US\",\"@id\":\"https:\\\/\\\/secure.gravatar.com\\\/avatar\\\/13e82cb279f62f091cf5657f2efa69bdfd39bba6e1a249d865b5148d7c80ea73?s=96&d=identicon&r=g\",\"url\":\"https:\\\/\\\/secure.gravatar.com\\\/avatar\\\/13e82cb279f62f091cf5657f2efa69bdfd39bba6e1a249d865b5148d7c80ea73?s=96&d=identicon&r=g\",\"contentUrl\":\"https:\\\/\\\/secure.gravatar.com\\\/avatar\\\/13e82cb279f62f091cf5657f2efa69bdfd39bba6e1a249d865b5148d7c80ea73?s=96&d=identicon&r=g\",\"caption\":\"Nicolas Brodard\"},\"url\":\"https:\\\/\\\/leregardlibre.com\\\/en\\\/author\\\/nicolas-brodard\\\/\"}]}<\/script>\n<!-- \/ Yoast SEO Premium plugin. -->","yoast_head_json":{"title":"Elected and virtual, the Swiss people demystified by Fran\u00e7ois Walter","description":"Author of a canonical \u00abHistory of Switzerland\u00bb, Fran\u00e7ois Walter welcomes us to Fribourg's medieval ramparts. Interview","robots":{"index":"index","follow":"follow","max-snippet":"max-snippet:-1","max-image-preview":"max-image-preview:large","max-video-preview":"max-video-preview:-1"},"canonical":"https:\/\/leregardlibre.com\/en\/history\/francois-walter-people-of-switzerland\/","og_locale":"en_US","og_type":"article","og_title":"Elu et virtuel, le\u00a0peuple suisse\u00a0d\u00e9mythifi\u00e9 par Fran\u00e7ois Walter","og_description":"Auteur d\u2019une canonique\u00a0\u00abHistoire de la Suisse\u00bb, Fran\u00e7ois Walter nous accueille\u00a0\u00e0 quelques pas des remparts m\u00e9di\u00e9vaux de Fribourg. Interview","og_url":"https:\/\/leregardlibre.com\/en\/history\/francois-walter-people-of-switzerland\/","og_site_name":"Le Regard Libre","article_publisher":"https:\/\/www.facebook.com\/leregardlibre\/","article_published_time":"2026-03-15T06:30:00+00:00","article_modified_time":"2026-04-19T20:12:40+00:00","og_image":[{"width":1024,"height":577,"url":"https:\/\/leregardlibre.com\/wp-content\/uploads\/2026\/03\/l1023690_c-nicolas-brodard-e1773533129187-1024x577.jpg","type":"image\/jpeg"}],"author":"Nicolas Brodard","twitter_card":"summary_large_image","twitter_creator":"@LeRegardLibre","twitter_site":"@LeRegardLibre","twitter_misc":{"Written by":"Nicolas Brodard","Est. reading time":"1 minute"},"schema":{"@context":"https:\/\/schema.org","@graph":[{"@type":"Article","@id":"https:\/\/leregardlibre.com\/histoire\/francois-walter-peuple-suisse\/#article","isPartOf":{"@id":"https:\/\/leregardlibre.com\/histoire\/francois-walter-peuple-suisse\/"},"author":{"name":"Nicolas Brodard","@id":"https:\/\/leregardlibre.com\/#\/schema\/person\/9c9d99c0008e9493c768a72ade41259f"},"headline":"Elu et virtuel, le\u00a0peuple suisse\u00a0d\u00e9mythifi\u00e9 par Fran\u00e7ois Walter","datePublished":"2026-03-15T06:30:00+00:00","dateModified":"2026-04-19T20:12:40+00:00","mainEntityOfPage":{"@id":"https:\/\/leregardlibre.com\/histoire\/francois-walter-peuple-suisse\/"},"wordCount":2237,"commentCount":0,"publisher":{"@id":"https:\/\/leregardlibre.com\/#organization"},"image":{"@id":"https:\/\/leregardlibre.com\/histoire\/francois-walter-peuple-suisse\/#primaryimage"},"thumbnailUrl":"https:\/\/leregardlibre.com\/wp-content\/uploads\/2026\/03\/l1023690_c-nicolas-brodard-e1773533129187.jpg","keywords":["Dossier PEUPLE","Histoire suisse","Interview","Peuple"],"articleSection":["Histoire"],"inLanguage":"en-US","potentialAction":[{"@type":"CommentAction","name":"Comment","target":["https:\/\/leregardlibre.com\/histoire\/francois-walter-peuple-suisse\/#respond"]}]},{"@type":"WebPage","@id":"https:\/\/leregardlibre.com\/histoire\/francois-walter-peuple-suisse\/","url":"https:\/\/leregardlibre.com\/histoire\/francois-walter-peuple-suisse\/","name":"Elected and virtual, the Swiss people demystified by Fran\u00e7ois Walter","isPartOf":{"@id":"https:\/\/leregardlibre.com\/#website"},"primaryImageOfPage":{"@id":"https:\/\/leregardlibre.com\/histoire\/francois-walter-peuple-suisse\/#primaryimage"},"image":{"@id":"https:\/\/leregardlibre.com\/histoire\/francois-walter-peuple-suisse\/#primaryimage"},"thumbnailUrl":"https:\/\/leregardlibre.com\/wp-content\/uploads\/2026\/03\/l1023690_c-nicolas-brodard-e1773533129187.jpg","datePublished":"2026-03-15T06:30:00+00:00","dateModified":"2026-04-19T20:12:40+00:00","description":"Author of a canonical \u00abHistory of Switzerland\u00bb, Fran\u00e7ois Walter welcomes us to Fribourg's medieval ramparts. Interview","breadcrumb":{"@id":"https:\/\/leregardlibre.com\/histoire\/francois-walter-peuple-suisse\/#breadcrumb"},"inLanguage":"en-US","potentialAction":[{"@type":"ReadAction","target":["https:\/\/leregardlibre.com\/histoire\/francois-walter-peuple-suisse\/"]}]},{"@type":"ImageObject","inLanguage":"en-US","@id":"https:\/\/leregardlibre.com\/histoire\/francois-walter-peuple-suisse\/#primaryimage","url":"https:\/\/leregardlibre.com\/wp-content\/uploads\/2026\/03\/l1023690_c-nicolas-brodard-e1773533129187.jpg","contentUrl":"https:\/\/leregardlibre.com\/wp-content\/uploads\/2026\/03\/l1023690_c-nicolas-brodard-e1773533129187.jpg","width":8163,"height":4598,"caption":"Fran\u00e7ois Walter fait partie d\u2019une g\u00e9n\u00e9ration d\u2019historiens qui a entrepris l\u2019analyse critique des mythes nationaux. Photo: Nicolas Brodard"},{"@type":"BreadcrumbList","@id":"https:\/\/leregardlibre.com\/histoire\/francois-walter-peuple-suisse\/#breadcrumb","itemListElement":[{"@type":"ListItem","position":1,"name":"Accueil","item":"https:\/\/leregardlibre.com\/"},{"@type":"ListItem","position":2,"name":"Elu et virtuel, le\u00a0peuple suisse\u00a0d\u00e9mythifi\u00e9 par Fran\u00e7ois Walter"}]},{"@type":"WebSite","@id":"https:\/\/leregardlibre.com\/#website","url":"https:\/\/leregardlibre.com\/","name":"Le Regard Libre","description":"Switzerland's first monthly debate magazine","publisher":{"@id":"https:\/\/leregardlibre.com\/#organization"},"potentialAction":[{"@type":"SearchAction","target":{"@type":"EntryPoint","urlTemplate":"https:\/\/leregardlibre.com\/?s={search_term_string}"},"query-input":{"@type":"PropertyValueSpecification","valueRequired":true,"valueName":"search_term_string"}}],"inLanguage":"en-US"},{"@type":"Organization","@id":"https:\/\/leregardlibre.com\/#organization","name":"Le Regard Libre","url":"https:\/\/leregardlibre.com\/","logo":{"@type":"ImageObject","inLanguage":"en-US","@id":"https:\/\/leregardlibre.com\/#\/schema\/logo\/image\/","url":"https:\/\/leregardlibre.com\/wp-content\/uploads\/2025\/08\/logo-rl-icone-neg.jpeg","contentUrl":"https:\/\/leregardlibre.com\/wp-content\/uploads\/2025\/08\/logo-rl-icone-neg.jpeg","width":557,"height":556,"caption":"Le Regard Libre"},"image":{"@id":"https:\/\/leregardlibre.com\/#\/schema\/logo\/image\/"},"sameAs":["https:\/\/www.facebook.com\/leregardlibre\/","https:\/\/x.com\/LeRegardLibre","https:\/\/www.linkedin.com\/company\/le-regard-libre","https:\/\/www.instagram.com\/leregardlibre\/","http:\/\/t.me\/leregardlibre","https:\/\/youtube.com\/channel\/UC6HzGPomj1LsUmlz-sJtITQ"],"description":"Le Regard Libre is a Swiss monthly magazine for intellectual and cultural debate. Its editorial team is young, voluntary, liberal and pluralist. The magazine appears online and in print. Its language is French.","email":"redaction@leregardlibre.com","legalName":"Le Regard Libre","foundingDate":"2014-01-01","numberOfEmployees":{"@type":"QuantitativeValue","minValue":"11","maxValue":"50"},"publishingPrinciples":"https:\/\/leregardlibre.com\/a-propos\/notre-manifeste\/","ownershipFundingInfo":"https:\/\/leregardlibre.com\/mentions-legales\/","actionableFeedbackPolicy":"https:\/\/leregardlibre.com\/conditions-generales-de-vente\/"},{"@type":"Person","@id":"https:\/\/leregardlibre.com\/#\/schema\/person\/9c9d99c0008e9493c768a72ade41259f","name":"Nicolas Brodard","image":{"@type":"ImageObject","inLanguage":"en-US","@id":"https:\/\/secure.gravatar.com\/avatar\/13e82cb279f62f091cf5657f2efa69bdfd39bba6e1a249d865b5148d7c80ea73?s=96&d=identicon&r=g","url":"https:\/\/secure.gravatar.com\/avatar\/13e82cb279f62f091cf5657f2efa69bdfd39bba6e1a249d865b5148d7c80ea73?s=96&d=identicon&r=g","contentUrl":"https:\/\/secure.gravatar.com\/avatar\/13e82cb279f62f091cf5657f2efa69bdfd39bba6e1a249d865b5148d7c80ea73?s=96&d=identicon&r=g","caption":"Nicolas Brodard"},"url":"https:\/\/leregardlibre.com\/en\/author\/nicolas-brodard\/"}]}},"_links":{"self":[{"href":"https:\/\/leregardlibre.com\/en\/wp-json\/wp\/v2\/posts\/531734","targetHints":{"allow":["GET"]}}],"collection":[{"href":"https:\/\/leregardlibre.com\/en\/wp-json\/wp\/v2\/posts"}],"about":[{"href":"https:\/\/leregardlibre.com\/en\/wp-json\/wp\/v2\/types\/post"}],"author":[{"embeddable":true,"href":"https:\/\/leregardlibre.com\/en\/wp-json\/wp\/v2\/users\/736"}],"replies":[{"embeddable":true,"href":"https:\/\/leregardlibre.com\/en\/wp-json\/wp\/v2\/comments?post=531734"}],"version-history":[{"count":5,"href":"https:\/\/leregardlibre.com\/en\/wp-json\/wp\/v2\/posts\/531734\/revisions"}],"predecessor-version":[{"id":531747,"href":"https:\/\/leregardlibre.com\/en\/wp-json\/wp\/v2\/posts\/531734\/revisions\/531747"}],"wp:featuredmedia":[{"embeddable":true,"href":"https:\/\/leregardlibre.com\/en\/wp-json\/wp\/v2\/media\/531735"}],"wp:attachment":[{"href":"https:\/\/leregardlibre.com\/en\/wp-json\/wp\/v2\/media?parent=531734"}],"wp:term":[{"taxonomy":"category","embeddable":true,"href":"https:\/\/leregardlibre.com\/en\/wp-json\/wp\/v2\/categories?post=531734"},{"taxonomy":"post_tag","embeddable":true,"href":"https:\/\/leregardlibre.com\/en\/wp-json\/wp\/v2\/tags?post=531734"}],"curies":[{"name":"wp","href":"https:\/\/api.w.org\/{rel}","templated":true}]}}