{"id":531752,"date":"2026-03-18T18:38:28","date_gmt":"2026-03-18T17:38:28","guid":{"rendered":"https:\/\/leregardlibre.com\/?p=531752"},"modified":"2026-03-19T12:18:29","modified_gmt":"2026-03-19T11:18:29","slug":"free-contractors","status":"publish","type":"post","link":"https:\/\/leregardlibre.com\/en\/economy\/free-contractors\/","title":{"rendered":"Entrepreneurs are freer people"},"content":{"rendered":"<p class=\"has-drop-cap\"><strong>Entrepreneurs see the world differently. A declaration of love to a minority that deserves protection, as seen through the eyes of a media professional.<\/strong><\/p>\n\n\n\n<!--more-->\n\n\n\n<p>One of the great things about being a journalist is meeting so many fascinating people. Many of them are celebrities: presidents, business leaders, politicians or sportsmen and women. Early on, as a young journalist, I realized two things. Firstly: people, and therefore my articles, don't automatically become more interesting when my interviewees are famous. The opposite is often true. Secondly: the encounters that made the greatest impression on me were almost always those with entrepreneurs. That hasn't changed to this day.&nbsp;<\/p>\n\n\n\n<h2 class=\"wp-block-heading\" id=\"h-une-conversation-d-egal-a-egal\">A conversation between equals<\/h2>\n\n\n\n<p>I remember my very first assignment as a freelancer for the <em>Basler Zeitung<\/em>. I'd been sent to a rather austere event organized by an association of young building contractors. In the city's equally austere exhibition district, masons, painters, plasterers, plumbers and other building professionals had gathered for an informal exchange.<\/p>\n\n\n\n<p>All ran their own SMEs. Their guest speaker was the owner of a chemical plant in Graub\u00fcnden: Christoph Blocher, then National Councillor and CEO of Ems-Chemie. At the time, I had a more critical opinion of him than I do today. That evening, however, he spoke about the economy - and in that field, he was an authority. Even his opponents didn't challenge him.&nbsp;<\/p>\n\n\n\n<p>What impressed me that evening were not the outward signs of success, such as the chauffeur-driven Audi A8 parked confidently on the sidewalk, in which he had driven from Bern that day.&nbsp;<\/p>\n\n\n\n<p>I was more impressed by the time he devoted to Basel's young entrepreneurs, his curiosity and his availability. He deliberately kept his speech short to leave more time for personal discussions. He was successful and extremely wealthy; the others were neither. Neither the age difference nor the fact that they worked in completely different sectors \u2013 one global, the others regional \u2013 seemed to play a role. For all their differences, they were talking as equals, entrepreneur to entrepreneur.<\/p>\n\n\n\n<h2 class=\"wp-block-heading\" id=\"h-cadres-superieurs\">Executives<\/h2>\n\n\n\n<p>From the point of view of media professionals, the differences between true entrepreneurs, who take risks with their own money, and managers \u2013 i.e. executives in the top salary segment \u2013 are also interesting, if not striking. Seen from the outside, they may seem to play in the same category, <a href=\"https:\/\/leregardlibre.com\/en\/economy\/dream-job-employee\/\">as shown by the street surveys of young people carried out by the <em>Schweizer Monat<\/em> and <em>Le Regard Libre<\/em><\/a>. Many people equate entrepreneurs with managers. Wrongly so.&nbsp;<\/p>\n\n\n\n<p>Managers \u2013 even CEOs and board chairmen of multinationals \u2013 are caught up in a powerful web of internal and external stakeholders that must be taken into account. This inevitably has an impact on their behavior.<\/p>\n\n\n\n<p>Salaried managers therefore express themselves more cautiously, always taking care not to offend anyone. Often, after a relatively forceful statement, they use the next three sentences to immediately soften it. They relativize, formulate ambiguously, water down, and miss no opportunity to integrate the sophisticated slogans of their marketing departments into the conversation. They are often assisted by press officers (almost always women) who watch every word and, if necessary, call the boss (or journalist) to order.&nbsp;<\/p>\n\n\n\n<p>It's also the press officers who provide journalists with a pre-established list of questions, and who define the framework of the conversation with a negative list, i.e. with subjects that are out of the question.<\/p>\n\n\n\n<p>Top executives and journalists alike abide by the rules of this \u00abcorporate censorship\u00bb. I've never seen that with entrepreneurs. There are reasons for this, which I fully understand. Obviously, in big business, there are more important things than a journalist's observations. What I'm saying is that these constraints don't automatically make every top executive a first-rate interlocutor.&nbsp;<\/p>\n\n\n\n<h2 class=\"wp-block-heading\" id=\"h-nonchalance-decontractee\">Casual nonchalance<\/h2>\n\n\n\n<p>Business owners, on the other hand, are a different breed. They seem more relaxed, more sovereign, more incisive, often bolder too, carried along by a laid-back nonchalance not found in managers, who often seem standardized. Of course, entrepreneurs are not totally free either. They too are subject to constraints and must show consideration. However, they are much less concerned with convention, have something of a rebellious streak, and act with more discernment than many of their managerial colleagues \u2013 keyword: salary excesses. Instead, entrepreneurs make their own way. They don't try desperately to \u00abfit in\u00bb with a system, but stand out from the crowd \u2013 consciously or unconsciously.<\/p>\n\n\n\n<p>Entrepreneurs see the world through different eyes. Their senses are more alert, they're dreamers, they think in terms of potential rather than assets. They want to create, not simply manage, as do so many managers, expatriates or diplomats who have settled comfortably into the cocoon entrusted to them, and who are above all careful not to be noticed, if not in an excessively positive way, at least not in a negative one. Entrepreneurs are discreet do-it-yourselfers or creators who, often ahead of their time, are working on their next big project. Above all, they are perhaps the most interesting people to talk to.<\/p>\n\n\n\n<h2 class=\"wp-block-heading\" id=\"h-pas-de-prosperite-sans-entrepreneurs\">No prosperity without entrepreneurs<\/h2>\n\n\n\n<p>Switzerland has every interest in looking after its entrepreneurs. Thanks to their innovative strength and performance, they keep Switzerland competitive, finance the state at all levels and, to a large extent, create jobs and thus prosperity. So you can never have enough. The Swiss can only be healthy if entrepreneurs are healthy. There is no prosperous country where entrepreneurs do not prosper.<\/p>\n\n\n\n<p>The Swiss are well aware of this, with the exception of the political left with its class warfare rhetoric and propaganda against \u00abthe rich\u00bb. As part of the <a href=\"https:\/\/leregardlibre.com\/en\/ee\/\">\u00abEntrepreneurial spirit\u00bb<\/a>, After numerous discussions with entrepreneurs, we have identified two constants concerning Switzerland. Let's start with the good news: the Swiss Confederation continues to offer excellent framework conditions for entrepreneurship.<\/p>\n\n\n\n<p>Entrepreneurship is still very much alive in Switzerland. This is also confirmed by the \u00abGEM Switzerland National Report\u00bb study published at the end of January by Fribourg University of Applied Sciences. The rate of \u00abstart-up entrepreneurial activity\u00bb, i.e. companies in existence for less than three and a half years, was stable in 2024, at almost 10% of the working population.<\/p>\n\n\n\n<p>According to the same study, around 56.2% of those surveyed also said they knew someone who had set up their own business in 2024, compared to just 44.6% in 2020. These results indicate that entrepreneurship is gaining in visibility in Switzerland, which is encouraging.<\/p>\n\n\n\n<h2 class=\"wp-block-heading\" id=\"h-la-suisse-doit-agir-de-toute-urgence\">Switzerland must act urgently<\/h2>\n\n\n\n<p>Switzerland offers many advantages. The population is well-educated and hard-working, the infrastructure is that of a high-performance country, taxes are moderate, the labor market is liberal and regulations are more business-friendly than elsewhere. However, caution is also called for. What's more, improvements are essential, because nothing is more dangerous for a country or a company than complacency.<\/p>\n\n\n\n<p>Which brings us to the bad news. It's precisely in wealthy Switzerland that venture capital and risk-taking investors are in short supply. This has fatal and far-reaching consequences: ambitious, capital-intensive and particularly risky ideas have a hard time in Switzerland. They are either seldom, if ever, realized, or carried out directly abroad. The UK and the USA occupy pole position here.<\/p>\n\n\n\n<p>This invisible \u00abbrain drain\u00bb needs to be addressed on the political stage. What needs to be done in concrete terms? A tax exemption for venture capital investments, as in the UK, would be a good start. Whereas in Switzerland, such investments are included in assets and taxed accordingly, in the UK, venture capital can be deducted from income. It's also worth looking at the USA: there, pension funds are allowed to invest in venture capital funds, bringing additional liquidity to start-ups. There is also a need to encourage entrepreneurship in education, so that people acquire the knowledge and confidence to set up their own businesses. To be continued.<\/p>\n\n\n\n<p><em>The journalist <strong>Fabian Gull<\/strong> is an editor at <\/em>Schweizer Monat<em>.<\/em><\/p>\n\n\n\n<h6 class=\"wp-block-heading\" id=\"h-vous-venez-de-lire-un-article-en-libre-acces-tire-de-notre-edition-papier-le-regard-libre-hors-serie-n-7-debats-analyses-actualites-culturelles-nbsp-abonnez-vous-nbsp-a-notre-media-de-reflexion-pour-nous-soutenir-et-avoir-acces-a-tous-nos-contenus\">You have just read an open-access article from our print edition (<a href=\"https:\/\/leregardlibre.com\/en\/cpt-editions\/le-regard-libre-hors-serie-n7-pret-a-fonder-ton-entreprise\/\"><em>Le Regard Libre<\/em> special issue N\u00b07<\/a>). Debates, analyses, cultural news:&nbsp;<a href=\"https:\/\/leregardlibre.com\/en\/subscription\/\">subscribe<\/a>&nbsp;to support us and access all our content.<\/h6>","protected":false},"excerpt":{"rendered":"<p>Les entrepreneurs voient le monde d&#8217;un autre \u0153il. Une d\u00e9claration d&#8217;amour \u00e0 une minorit\u00e9 qui m\u00e9rite d&#8217;\u00eatre prot\u00e9g\u00e9e, vue par un professionnel des m\u00e9dias.<\/p>","protected":false},"author":1063,"featured_media":531754,"comment_status":"open","ping_status":"closed","sticky":false,"template":"","format":"standard","meta":{"_acf_changed":false,"footnotes":""},"categories":[27371],"tags":[644358514,12586,644358437],"class_list":["post-531752","post","type-post","status-publish","format-standard","has-post-thumbnail","hentry","category-economie","tag-dossier-entreprise","tag-entrepreneur","tag-esprit-entrepreneurial"],"acf":[],"yoast_head":"<!-- This site is optimized with the Yoast SEO Premium plugin v27.4 (Yoast SEO v27.4) - https:\/\/yoast.com\/product\/yoast-seo-premium-wordpress\/ -->\n<title>Les entrepreneurs sont des personnes plus libres<\/title>\n<meta name=\"description\" content=\"Les entrepreneurs voient le monde d\u2019un autre \u0153il. D\u00e9claration d\u2019amour d\u2019un journaliste \u00e0 une minorit\u00e9 qui m\u00e9rite d&#039;\u00eatre prot\u00e9g\u00e9e.\" \/>\n<meta name=\"robots\" content=\"index, follow, max-snippet:-1, max-image-preview:large, max-video-preview:-1\" \/>\n<link rel=\"canonical\" href=\"https:\/\/leregardlibre.com\/en\/economy\/free-contractors\/\" \/>\n<meta property=\"og:locale\" content=\"en_US\" \/>\n<meta property=\"og:type\" content=\"article\" \/>\n<meta property=\"og:title\" content=\"Les entrepreneurs sont des personnes plus libres\" \/>\n<meta property=\"og:description\" content=\"Les entrepreneurs voient le monde d\u2019un autre \u0153il. D\u00e9claration d\u2019amour d\u2019un journaliste \u00e0 une minorit\u00e9 qui m\u00e9rite d&#039;\u00eatre prot\u00e9g\u00e9e.\" \/>\n<meta property=\"og:url\" content=\"https:\/\/leregardlibre.com\/en\/economy\/free-contractors\/\" \/>\n<meta property=\"og:site_name\" content=\"Le Regard Libre\" \/>\n<meta property=\"article:publisher\" content=\"https:\/\/www.facebook.com\/leregardlibre\/\" \/>\n<meta property=\"article:published_time\" content=\"2026-03-18T17:38:28+00:00\" \/>\n<meta property=\"article:modified_time\" content=\"2026-03-19T11:18:29+00:00\" \/>\n<meta property=\"og:image\" content=\"https:\/\/leregardlibre.com\/wp-content\/uploads\/2026\/03\/fabian-gull-fotografiert-von-selina-seiler-noir-et-blanc-scaled-e1773680614118.png\" \/>\n\t<meta property=\"og:image:width\" content=\"1707\" \/>\n\t<meta property=\"og:image:height\" content=\"1270\" \/>\n\t<meta property=\"og:image:type\" content=\"image\/png\" \/>\n<meta name=\"author\" content=\"Fabian Gull\" \/>\n<meta name=\"twitter:card\" content=\"summary_large_image\" \/>\n<meta name=\"twitter:creator\" content=\"@LeRegardLibre\" \/>\n<meta name=\"twitter:site\" content=\"@LeRegardLibre\" \/>\n<meta name=\"twitter:label1\" content=\"Written by\" \/>\n\t<meta name=\"twitter:data1\" content=\"Fabian Gull\" \/>\n\t<meta name=\"twitter:label2\" content=\"Est. reading time\" \/>\n\t<meta name=\"twitter:data2\" content=\"8 minutes\" \/>\n<script type=\"application\/ld+json\" class=\"yoast-schema-graph\">{\"@context\":\"https:\\\/\\\/schema.org\",\"@graph\":[{\"@type\":\"Article\",\"@id\":\"https:\\\/\\\/leregardlibre.com\\\/economie\\\/entrepreneurs-libres\\\/#article\",\"isPartOf\":{\"@id\":\"https:\\\/\\\/leregardlibre.com\\\/economie\\\/entrepreneurs-libres\\\/\"},\"author\":{\"name\":\"Fabian Gull\",\"@id\":\"https:\\\/\\\/leregardlibre.com\\\/#\\\/schema\\\/person\\\/a22e2ebe2f74ed8c90931d5c8fb9b281\"},\"headline\":\"Les entrepreneurs sont des personnes plus libres\",\"datePublished\":\"2026-03-18T17:38:28+00:00\",\"dateModified\":\"2026-03-19T11:18:29+00:00\",\"mainEntityOfPage\":{\"@id\":\"https:\\\/\\\/leregardlibre.com\\\/economie\\\/entrepreneurs-libres\\\/\"},\"wordCount\":1721,\"commentCount\":0,\"publisher\":{\"@id\":\"https:\\\/\\\/leregardlibre.com\\\/#organization\"},\"image\":{\"@id\":\"https:\\\/\\\/leregardlibre.com\\\/economie\\\/entrepreneurs-libres\\\/#primaryimage\"},\"thumbnailUrl\":\"https:\\\/\\\/leregardlibre.com\\\/wp-content\\\/uploads\\\/2026\\\/03\\\/fabian-gull-fotografiert-von-selina-seiler-noir-et-blanc-scaled-e1773680614118.png\",\"keywords\":[\"Dossier ENTREPRISE\",\"Entrepreneuriat\",\"Esprit entrepreneurial\"],\"articleSection\":[\"Economie\"],\"inLanguage\":\"en-US\",\"potentialAction\":[{\"@type\":\"CommentAction\",\"name\":\"Comment\",\"target\":[\"https:\\\/\\\/leregardlibre.com\\\/economie\\\/entrepreneurs-libres\\\/#respond\"]}]},{\"@type\":\"WebPage\",\"@id\":\"https:\\\/\\\/leregardlibre.com\\\/economie\\\/entrepreneurs-libres\\\/\",\"url\":\"https:\\\/\\\/leregardlibre.com\\\/economie\\\/entrepreneurs-libres\\\/\",\"name\":\"Les entrepreneurs sont des personnes plus libres\",\"isPartOf\":{\"@id\":\"https:\\\/\\\/leregardlibre.com\\\/#website\"},\"primaryImageOfPage\":{\"@id\":\"https:\\\/\\\/leregardlibre.com\\\/economie\\\/entrepreneurs-libres\\\/#primaryimage\"},\"image\":{\"@id\":\"https:\\\/\\\/leregardlibre.com\\\/economie\\\/entrepreneurs-libres\\\/#primaryimage\"},\"thumbnailUrl\":\"https:\\\/\\\/leregardlibre.com\\\/wp-content\\\/uploads\\\/2026\\\/03\\\/fabian-gull-fotografiert-von-selina-seiler-noir-et-blanc-scaled-e1773680614118.png\",\"datePublished\":\"2026-03-18T17:38:28+00:00\",\"dateModified\":\"2026-03-19T11:18:29+00:00\",\"description\":\"Les entrepreneurs voient le monde d\u2019un autre \u0153il. D\u00e9claration d\u2019amour d\u2019un journaliste \u00e0 une minorit\u00e9 qui m\u00e9rite d'\u00eatre prot\u00e9g\u00e9e.\",\"breadcrumb\":{\"@id\":\"https:\\\/\\\/leregardlibre.com\\\/economie\\\/entrepreneurs-libres\\\/#breadcrumb\"},\"inLanguage\":\"en-US\",\"potentialAction\":[{\"@type\":\"ReadAction\",\"target\":[\"https:\\\/\\\/leregardlibre.com\\\/economie\\\/entrepreneurs-libres\\\/\"]}]},{\"@type\":\"ImageObject\",\"inLanguage\":\"en-US\",\"@id\":\"https:\\\/\\\/leregardlibre.com\\\/economie\\\/entrepreneurs-libres\\\/#primaryimage\",\"url\":\"https:\\\/\\\/leregardlibre.com\\\/wp-content\\\/uploads\\\/2026\\\/03\\\/fabian-gull-fotografiert-von-selina-seiler-noir-et-blanc-scaled-e1773680614118.png\",\"contentUrl\":\"https:\\\/\\\/leregardlibre.com\\\/wp-content\\\/uploads\\\/2026\\\/03\\\/fabian-gull-fotografiert-von-selina-seiler-noir-et-blanc-scaled-e1773680614118.png\",\"width\":1707,\"height\":1270},{\"@type\":\"BreadcrumbList\",\"@id\":\"https:\\\/\\\/leregardlibre.com\\\/economie\\\/entrepreneurs-libres\\\/#breadcrumb\",\"itemListElement\":[{\"@type\":\"ListItem\",\"position\":1,\"name\":\"Accueil\",\"item\":\"https:\\\/\\\/leregardlibre.com\\\/\"},{\"@type\":\"ListItem\",\"position\":2,\"name\":\"Les entrepreneurs sont des personnes plus libres\"}]},{\"@type\":\"WebSite\",\"@id\":\"https:\\\/\\\/leregardlibre.com\\\/#website\",\"url\":\"https:\\\/\\\/leregardlibre.com\\\/\",\"name\":\"Le Regard Libre\",\"description\":\"Premier mensuel suisse de d\u00e9bat\",\"publisher\":{\"@id\":\"https:\\\/\\\/leregardlibre.com\\\/#organization\"},\"potentialAction\":[{\"@type\":\"SearchAction\",\"target\":{\"@type\":\"EntryPoint\",\"urlTemplate\":\"https:\\\/\\\/leregardlibre.com\\\/?s={search_term_string}\"},\"query-input\":{\"@type\":\"PropertyValueSpecification\",\"valueRequired\":true,\"valueName\":\"search_term_string\"}}],\"inLanguage\":\"en-US\"},{\"@type\":\"Organization\",\"@id\":\"https:\\\/\\\/leregardlibre.com\\\/#organization\",\"name\":\"Le Regard Libre\",\"url\":\"https:\\\/\\\/leregardlibre.com\\\/\",\"logo\":{\"@type\":\"ImageObject\",\"inLanguage\":\"en-US\",\"@id\":\"https:\\\/\\\/leregardlibre.com\\\/#\\\/schema\\\/logo\\\/image\\\/\",\"url\":\"https:\\\/\\\/leregardlibre.com\\\/wp-content\\\/uploads\\\/2025\\\/08\\\/logo-rl-icone-neg.jpeg\",\"contentUrl\":\"https:\\\/\\\/leregardlibre.com\\\/wp-content\\\/uploads\\\/2025\\\/08\\\/logo-rl-icone-neg.jpeg\",\"width\":557,\"height\":556,\"caption\":\"Le Regard Libre\"},\"image\":{\"@id\":\"https:\\\/\\\/leregardlibre.com\\\/#\\\/schema\\\/logo\\\/image\\\/\"},\"sameAs\":[\"https:\\\/\\\/www.facebook.com\\\/leregardlibre\\\/\",\"https:\\\/\\\/x.com\\\/LeRegardLibre\",\"https:\\\/\\\/www.linkedin.com\\\/company\\\/le-regard-libre\",\"https:\\\/\\\/www.instagram.com\\\/leregardlibre\\\/\",\"http:\\\/\\\/t.me\\\/leregardlibre\",\"https:\\\/\\\/youtube.com\\\/channel\\\/UC6HzGPomj1LsUmlz-sJtITQ\"],\"description\":\"Le Regard Libre est un mensuel suisse de d\u00e9bat intellectuel et culturel. Sa r\u00e9daction est jeune, b\u00e9n\u00e9vole, lib\u00e9rale et pluraliste. Le magazine para\u00eet en ligne et sous forme papier. Sa langue est le fran\u00e7ais.\",\"email\":\"redaction@leregardlibre.com\",\"legalName\":\"Le Regard Libre\",\"foundingDate\":\"2014-01-01\",\"numberOfEmployees\":{\"@type\":\"QuantitativeValue\",\"minValue\":\"11\",\"maxValue\":\"50\"},\"publishingPrinciples\":\"https:\\\/\\\/leregardlibre.com\\\/a-propos\\\/notre-manifeste\\\/\",\"ownershipFundingInfo\":\"https:\\\/\\\/leregardlibre.com\\\/mentions-legales\\\/\",\"actionableFeedbackPolicy\":\"https:\\\/\\\/leregardlibre.com\\\/conditions-generales-de-vente\\\/\"},{\"@type\":\"Person\",\"@id\":\"https:\\\/\\\/leregardlibre.com\\\/#\\\/schema\\\/person\\\/a22e2ebe2f74ed8c90931d5c8fb9b281\",\"name\":\"Fabian Gull\",\"image\":{\"@type\":\"ImageObject\",\"inLanguage\":\"en-US\",\"@id\":\"https:\\\/\\\/secure.gravatar.com\\\/avatar\\\/170a5fdfa98d2eb6902f1ee7c6ff75a96906eb96d906f2eb7c3f76248020cdb2?s=96&d=identicon&r=g\",\"url\":\"https:\\\/\\\/secure.gravatar.com\\\/avatar\\\/170a5fdfa98d2eb6902f1ee7c6ff75a96906eb96d906f2eb7c3f76248020cdb2?s=96&d=identicon&r=g\",\"contentUrl\":\"https:\\\/\\\/secure.gravatar.com\\\/avatar\\\/170a5fdfa98d2eb6902f1ee7c6ff75a96906eb96d906f2eb7c3f76248020cdb2?s=96&d=identicon&r=g\",\"caption\":\"Fabian Gull\"},\"description\":\"Le journaliste Fabian\u00a0Gull est r\u00e9dacteur au \u00abSchweizer Monat\u00bb.\",\"url\":\"https:\\\/\\\/leregardlibre.com\\\/en\\\/author\\\/fabian-gull\\\/\"}]}<\/script>\n<!-- \/ Yoast SEO Premium plugin. -->","yoast_head_json":{"title":"Entrepreneurs are freer people","description":"Entrepreneurs see the world differently. A journalist's declaration of love to a minority that deserves protection.","robots":{"index":"index","follow":"follow","max-snippet":"max-snippet:-1","max-image-preview":"max-image-preview:large","max-video-preview":"max-video-preview:-1"},"canonical":"https:\/\/leregardlibre.com\/en\/economy\/free-contractors\/","og_locale":"en_US","og_type":"article","og_title":"Les entrepreneurs sont des personnes plus libres","og_description":"Les entrepreneurs voient le monde d\u2019un autre \u0153il. D\u00e9claration d\u2019amour d\u2019un journaliste \u00e0 une minorit\u00e9 qui m\u00e9rite d'\u00eatre prot\u00e9g\u00e9e.","og_url":"https:\/\/leregardlibre.com\/en\/economy\/free-contractors\/","og_site_name":"Le Regard Libre","article_publisher":"https:\/\/www.facebook.com\/leregardlibre\/","article_published_time":"2026-03-18T17:38:28+00:00","article_modified_time":"2026-03-19T11:18:29+00:00","og_image":[{"width":1707,"height":1270,"url":"https:\/\/leregardlibre.com\/wp-content\/uploads\/2026\/03\/fabian-gull-fotografiert-von-selina-seiler-noir-et-blanc-scaled-e1773680614118.png","type":"image\/png"}],"author":"Fabian Gull","twitter_card":"summary_large_image","twitter_creator":"@LeRegardLibre","twitter_site":"@LeRegardLibre","twitter_misc":{"Written by":"Fabian Gull","Est. reading time":"8 minutes"},"schema":{"@context":"https:\/\/schema.org","@graph":[{"@type":"Article","@id":"https:\/\/leregardlibre.com\/economie\/entrepreneurs-libres\/#article","isPartOf":{"@id":"https:\/\/leregardlibre.com\/economie\/entrepreneurs-libres\/"},"author":{"name":"Fabian Gull","@id":"https:\/\/leregardlibre.com\/#\/schema\/person\/a22e2ebe2f74ed8c90931d5c8fb9b281"},"headline":"Les entrepreneurs sont des personnes plus libres","datePublished":"2026-03-18T17:38:28+00:00","dateModified":"2026-03-19T11:18:29+00:00","mainEntityOfPage":{"@id":"https:\/\/leregardlibre.com\/economie\/entrepreneurs-libres\/"},"wordCount":1721,"commentCount":0,"publisher":{"@id":"https:\/\/leregardlibre.com\/#organization"},"image":{"@id":"https:\/\/leregardlibre.com\/economie\/entrepreneurs-libres\/#primaryimage"},"thumbnailUrl":"https:\/\/leregardlibre.com\/wp-content\/uploads\/2026\/03\/fabian-gull-fotografiert-von-selina-seiler-noir-et-blanc-scaled-e1773680614118.png","keywords":["Dossier ENTREPRISE","Entrepreneuriat","Esprit entrepreneurial"],"articleSection":["Economie"],"inLanguage":"en-US","potentialAction":[{"@type":"CommentAction","name":"Comment","target":["https:\/\/leregardlibre.com\/economie\/entrepreneurs-libres\/#respond"]}]},{"@type":"WebPage","@id":"https:\/\/leregardlibre.com\/economie\/entrepreneurs-libres\/","url":"https:\/\/leregardlibre.com\/economie\/entrepreneurs-libres\/","name":"Entrepreneurs are freer people","isPartOf":{"@id":"https:\/\/leregardlibre.com\/#website"},"primaryImageOfPage":{"@id":"https:\/\/leregardlibre.com\/economie\/entrepreneurs-libres\/#primaryimage"},"image":{"@id":"https:\/\/leregardlibre.com\/economie\/entrepreneurs-libres\/#primaryimage"},"thumbnailUrl":"https:\/\/leregardlibre.com\/wp-content\/uploads\/2026\/03\/fabian-gull-fotografiert-von-selina-seiler-noir-et-blanc-scaled-e1773680614118.png","datePublished":"2026-03-18T17:38:28+00:00","dateModified":"2026-03-19T11:18:29+00:00","description":"Entrepreneurs see the world differently. A journalist's declaration of love to a minority that deserves protection.","breadcrumb":{"@id":"https:\/\/leregardlibre.com\/economie\/entrepreneurs-libres\/#breadcrumb"},"inLanguage":"en-US","potentialAction":[{"@type":"ReadAction","target":["https:\/\/leregardlibre.com\/economie\/entrepreneurs-libres\/"]}]},{"@type":"ImageObject","inLanguage":"en-US","@id":"https:\/\/leregardlibre.com\/economie\/entrepreneurs-libres\/#primaryimage","url":"https:\/\/leregardlibre.com\/wp-content\/uploads\/2026\/03\/fabian-gull-fotografiert-von-selina-seiler-noir-et-blanc-scaled-e1773680614118.png","contentUrl":"https:\/\/leregardlibre.com\/wp-content\/uploads\/2026\/03\/fabian-gull-fotografiert-von-selina-seiler-noir-et-blanc-scaled-e1773680614118.png","width":1707,"height":1270},{"@type":"BreadcrumbList","@id":"https:\/\/leregardlibre.com\/economie\/entrepreneurs-libres\/#breadcrumb","itemListElement":[{"@type":"ListItem","position":1,"name":"Accueil","item":"https:\/\/leregardlibre.com\/"},{"@type":"ListItem","position":2,"name":"Les entrepreneurs sont des personnes plus libres"}]},{"@type":"WebSite","@id":"https:\/\/leregardlibre.com\/#website","url":"https:\/\/leregardlibre.com\/","name":"Le Regard Libre","description":"Switzerland's first monthly debate magazine","publisher":{"@id":"https:\/\/leregardlibre.com\/#organization"},"potentialAction":[{"@type":"SearchAction","target":{"@type":"EntryPoint","urlTemplate":"https:\/\/leregardlibre.com\/?s={search_term_string}"},"query-input":{"@type":"PropertyValueSpecification","valueRequired":true,"valueName":"search_term_string"}}],"inLanguage":"en-US"},{"@type":"Organization","@id":"https:\/\/leregardlibre.com\/#organization","name":"Le Regard Libre","url":"https:\/\/leregardlibre.com\/","logo":{"@type":"ImageObject","inLanguage":"en-US","@id":"https:\/\/leregardlibre.com\/#\/schema\/logo\/image\/","url":"https:\/\/leregardlibre.com\/wp-content\/uploads\/2025\/08\/logo-rl-icone-neg.jpeg","contentUrl":"https:\/\/leregardlibre.com\/wp-content\/uploads\/2025\/08\/logo-rl-icone-neg.jpeg","width":557,"height":556,"caption":"Le Regard Libre"},"image":{"@id":"https:\/\/leregardlibre.com\/#\/schema\/logo\/image\/"},"sameAs":["https:\/\/www.facebook.com\/leregardlibre\/","https:\/\/x.com\/LeRegardLibre","https:\/\/www.linkedin.com\/company\/le-regard-libre","https:\/\/www.instagram.com\/leregardlibre\/","http:\/\/t.me\/leregardlibre","https:\/\/youtube.com\/channel\/UC6HzGPomj1LsUmlz-sJtITQ"],"description":"Le Regard Libre is a Swiss monthly magazine for intellectual and cultural debate. Its editorial team is young, voluntary, liberal and pluralist. The magazine appears online and in print. Its language is French.","email":"redaction@leregardlibre.com","legalName":"Le Regard Libre","foundingDate":"2014-01-01","numberOfEmployees":{"@type":"QuantitativeValue","minValue":"11","maxValue":"50"},"publishingPrinciples":"https:\/\/leregardlibre.com\/a-propos\/notre-manifeste\/","ownershipFundingInfo":"https:\/\/leregardlibre.com\/mentions-legales\/","actionableFeedbackPolicy":"https:\/\/leregardlibre.com\/conditions-generales-de-vente\/"},{"@type":"Person","@id":"https:\/\/leregardlibre.com\/#\/schema\/person\/a22e2ebe2f74ed8c90931d5c8fb9b281","name":"Fabian Gull","image":{"@type":"ImageObject","inLanguage":"en-US","@id":"https:\/\/secure.gravatar.com\/avatar\/170a5fdfa98d2eb6902f1ee7c6ff75a96906eb96d906f2eb7c3f76248020cdb2?s=96&d=identicon&r=g","url":"https:\/\/secure.gravatar.com\/avatar\/170a5fdfa98d2eb6902f1ee7c6ff75a96906eb96d906f2eb7c3f76248020cdb2?s=96&d=identicon&r=g","contentUrl":"https:\/\/secure.gravatar.com\/avatar\/170a5fdfa98d2eb6902f1ee7c6ff75a96906eb96d906f2eb7c3f76248020cdb2?s=96&d=identicon&r=g","caption":"Fabian Gull"},"description":"Journalist Fabian Gull is an editor at the \u00abSchweizer Monat\u00bb.","url":"https:\/\/leregardlibre.com\/en\/author\/fabian-gull\/"}]}},"_links":{"self":[{"href":"https:\/\/leregardlibre.com\/en\/wp-json\/wp\/v2\/posts\/531752","targetHints":{"allow":["GET"]}}],"collection":[{"href":"https:\/\/leregardlibre.com\/en\/wp-json\/wp\/v2\/posts"}],"about":[{"href":"https:\/\/leregardlibre.com\/en\/wp-json\/wp\/v2\/types\/post"}],"author":[{"embeddable":true,"href":"https:\/\/leregardlibre.com\/en\/wp-json\/wp\/v2\/users\/1063"}],"replies":[{"embeddable":true,"href":"https:\/\/leregardlibre.com\/en\/wp-json\/wp\/v2\/comments?post=531752"}],"version-history":[{"count":7,"href":"https:\/\/leregardlibre.com\/en\/wp-json\/wp\/v2\/posts\/531752\/revisions"}],"predecessor-version":[{"id":531792,"href":"https:\/\/leregardlibre.com\/en\/wp-json\/wp\/v2\/posts\/531752\/revisions\/531792"}],"wp:featuredmedia":[{"embeddable":true,"href":"https:\/\/leregardlibre.com\/en\/wp-json\/wp\/v2\/media\/531754"}],"wp:attachment":[{"href":"https:\/\/leregardlibre.com\/en\/wp-json\/wp\/v2\/media?parent=531752"}],"wp:term":[{"taxonomy":"category","embeddable":true,"href":"https:\/\/leregardlibre.com\/en\/wp-json\/wp\/v2\/categories?post=531752"},{"taxonomy":"post_tag","embeddable":true,"href":"https:\/\/leregardlibre.com\/en\/wp-json\/wp\/v2\/tags?post=531752"}],"curies":[{"name":"wp","href":"https:\/\/api.w.org\/{rel}","templated":true}]}}