{"id":531771,"date":"2026-03-01T18:39:56","date_gmt":"2026-03-01T17:39:56","guid":{"rendered":"https:\/\/leregardlibre.com\/?p=531771"},"modified":"2026-03-17T21:03:58","modified_gmt":"2026-03-17T20:03:58","slug":"doute-de-soi-productif","status":"publish","type":"post","link":"https:\/\/leregardlibre.com\/en\/economy\/doute-de-soi-productif\/","title":{"rendered":"Productive self-doubt"},"content":{"rendered":"<p class=\"has-drop-cap\"><strong>The myth of the fearless, unshakeable entrepreneur crumbles on closer inspection. What counts is not the volume of the voice or the pose, but restraint, humility and the ability to correct mistakes.<\/strong><\/p>\n\n\n\n<!--more-->\n\n\n\n<p>Dans les m\u00e9dias, des entrepreneurs c\u00e9l\u00e8bres tels qu\u2019Elon Musk, Jeff Bezos ou m\u00eame Donald Trump apparaissent souvent comme des visionnaires intr\u00e9pides: apparemment exempts de doute, toujours d\u00e9termin\u00e9s, au-dessus de tout soup\u00e7on. Dans ces r\u00e9cits, l\u2019entrepreneuriat appara\u00eet comme une succession de d\u00e9cisions audacieuses et visionnaires, port\u00e9es par une confiance en soi in\u00e9branlable.<\/p>\n\n\n\n<p>Les entretiens que le <em>Schweizer Monat<\/em> and <em>Le Regard Libre<\/em> ont men\u00e9s ces derniers mois avec des entrepreneurs \u00e9tablis de toute la Suisse dans le cadre du projet \u00abEsprit entrepreneurial\u00bb brossent un tableau diff\u00e9rent: plus sobre. Plus terre-\u00e0-terre.<\/p>\n\n\n\n<h6 class=\"wp-block-heading\" id=\"h-a-lire-aussi-metier-de-reve-employe\">Read also | <a href=\"https:\/\/leregardlibre.com\/en\/economy\/dream-job-employee\/\" type=\"post\" id=\"531757\">Dream job: \u00abemployee\u00bb<\/a><\/h6>\n\n\n\n<p>Moins glamour, mais avec plus de sens des r\u00e9alit\u00e9s. L\u2019entrepreneuriat n\u2019appara\u00eet pas ici comme une sc\u00e8ne pour les h\u00e9ros, mais comme une confrontation permanente avec l\u2019incertitude, les erreurs et ses propres limites \u2013 et comme une tentative de gagner peu \u00e0 peu sa libert\u00e9. Il est frappant de constater \u00e0 quel point les personnes interrog\u00e9es d\u00e9crivent leur r\u00f4le de mani\u00e8re peu spectaculaire.<\/p>\n\n\n\n<p>Christoph Landolt, fondateur du centre de physioth\u00e9rapie biennois Physiozentrum, cr\u00e9\u00e9 en 2011, r\u00e9sume la situation en ces termes: \u00abUn entrepreneur doit avoir un sens aigu des r\u00e9alit\u00e9s et un bon jugement. Il est essentiel de comprendre les besoins du march\u00e9 et des clients.\u00bb Pour lui, le doute de soi n\u2019est pas une faiblesse, mais un instrument de contr\u00f4le. Il doute constamment de lui-m\u00eame et de ses conclusions, ce qui lui permet justement de rester ouvert \u00e0 l\u2019apprentissage. Les entrepreneurs qui r\u00e9ussissent ne semblent donc pas faire aveugl\u00e9ment confiance \u00e0 leur propre g\u00e9nie. Ils se m\u00e9fient plut\u00f4t de leurs hypoth\u00e8ses, les v\u00e9rifient en permanence et restent ainsi capables d\u2019agir.<\/p>\n\n\n\n<h2 class=\"wp-block-heading\" id=\"h-c-est-en-faisant-qu-on-apprend\">C\u2019est en faisant qu\u2019on apprend<\/h2>\n\n\n\n<p>Une approche pragmatique se manifeste \u00e9galement dans la mani\u00e8re d\u2019aborder les connaissances. A la question de savoir s\u2019il faut se documenter avant de se lancer dans l\u2019entrepreneuriat, certains r\u00e9pondent par un sourire las. Les biographies et les guides pratiques jouent g\u00e9n\u00e9ralement un r\u00f4le secondaire dans leurs r\u00e9cits. Alessia Schrepfer, infirmi\u00e8re et fondatrice de WeNurse, une agence de recrutement d\u2019infirmi\u00e8res dans le secteur de la sant\u00e9 bas\u00e9e \u00e0 Zurich, d\u00e9clare ouvertement qu\u2019elle n\u2019a lu aucune biographie d\u2019entrepreneur. C\u2019est en agissant que l\u2019on apprend.<\/p>\n\n\n\n<p>Pour Nicholas H\u00e4nny, de la marque de v\u00eatements \u00e9cologiques Nikin, il est important de se lancer d\u00e8s le premier jour, en s\u2019accompagnant de contributions ponctuelles telles que des cours en ligne, des vid\u00e9os YouTube ou des blogs. Pour lui, ces aides doivent toujours \u00eatre ax\u00e9es sur les probl\u00e8mes et jamais syst\u00e9matiques. Les livres peuvent \u00eatre une source d\u2019inspiration, mais les exp\u00e9riences les plus pr\u00e9cieuses s\u2019acqui\u00e8rent finalement en cr\u00e9ant sa propre entreprise.<\/p>\n\n\n\n<p>L\u2019entrepreneuriat est un m\u00e9tier qui s\u2019apprend par l\u2019exp\u00e9rience. On apprend en \u00e9laborant des offres, en perdant des clients, en \u00e9valuant mal les march\u00e9s et en se rapprochant de la r\u00e9alit\u00e9 \u00e0 chaque nouvelle tentative. Cela implique \u00e9galement de savoir g\u00e9rer les \u00e9checs. Aucune interview ne mentionne l\u2019histoire d\u2019une id\u00e9e g\u00e9niale qui fonctionne simplement. Au contraire, les entrepreneurs racontent une s\u00e9rie d\u2019essais, d\u2019erreurs et de corrections.<\/p>\n\n\n\n<h6 class=\"wp-block-heading\" id=\"h-a-lire-aussi-tout-le-monde-peut-devenir-entrepreneur\">Read also | <a href=\"https:\/\/leregardlibre.com\/en\/economy\/anyone-can-become-an-entrepreneur\/\" type=\"post\" id=\"530764\">\u00abAnyone can become an entrepreneur\u00bb<\/a><\/h6>\n\n\n\n<p>Pascal Meyer, fondateur de la plateforme de commerce en ligne QoQa, bas\u00e9e \u00e0 Bussigny (VD), raconte que lui et ses coll\u00e8gues traitent les projets \u00abtotalement diff\u00e9remment\u00bb depuis qu\u2019ils ont commis l\u2019erreur de monter tout un programme de promotion de vins suisses et europ\u00e9ens pour qu\u2019ils se d\u00e9veloppent \u00e0 l\u2019\u00e9tranger, avant de se rendre compte qu\u2019il n\u2019y avait pas suffisamment de demande. \u00abNous n\u2019avions pas pouss\u00e9 notre concept jusqu\u2019au bout\u00bb, raconte le Jurassien d\u2019origine.&nbsp;<\/p>\n\n\n\n<p>\u00abIl y a quelques ann\u00e9es, nous avons engag\u00e9 quelqu\u2019un pour un r\u00f4le de direction, mais son profil s\u2019est finalement r\u00e9v\u00e9l\u00e9 inad\u00e9quat, <a href=\"https:\/\/leregardlibre.com\/en\/economy\/la-suisse-ne-doit-pas-devenir-la-bibliotheque-du-monde\/\">explique Aur\u00e9lien Demaurex, le cofondateur d\u2019Ecorobotix, une start-up vaudoise active dans l\u2019agriculture de pr\u00e9cision<\/a>. Avec le temps, j\u2019ai appris qu\u2019il faut savoir reconna\u00eetre tr\u00e8s vite quand une collaboration ne fonctionne pas, avant que le probl\u00e8me ne s\u2019enracine. Ces erreurs-l\u00e0 laissent des traces, mais elles rappellent aussi que la r\u00e9ussite d\u2019une entreprise repose avant tout sur les personnes qui la constituent.\u00bb<\/p>\n\n\n\n<p>Combin\u00e9 au doute productif de Christoph Landolt, un sch\u00e9ma clair se dessine: l\u2019entrepreneuriat n\u2019est pas un acte courageux unique, mais une boucle permanente de d\u00e9cisions, d\u2019\u00e9valuations et d\u2019ajustements. Le courage consiste \u00e0 s\u2019exposer sans cesse \u00e0 cette boucle. Nicholas H\u00e4nny fait du reste la distinction entre l\u2019\u00e9chec rapide et l\u2019\u00e9chec lent. Une erreur corrig\u00e9e apr\u00e8s deux semaines est acceptable. Cela ne devient probl\u00e9matique que lorsqu\u2019on la tra\u00eene pendant des mois.<\/p>\n\n\n\n<h2 class=\"wp-block-heading\" id=\"h-si-vous-ne-faites-pas-le-travail-personne-ne-le-fera\">\u00abSi vous ne faites pas le travail, personne ne le fera\u00bb<\/h2>\n\n\n\n<p>Le th\u00e8me de la libert\u00e9 rev\u00eat un caract\u00e8re personnel. Pour beaucoup, c\u2019est la v\u00e9ritable raison qui les pousse \u00e0 cr\u00e9er leur entreprise. Ainsi, Alessia Schrepfer se d\u00e9crit comme \u00abextr\u00eamement \u00e9prise de libert\u00e9\u00bb, et son c\u0153ur comme \u00abtr\u00e8s lib\u00e9ral\u00bb. Elle consid\u00e8re que la Suisse poss\u00e8de une formidable culture entrepreneuriale qui favorise la libert\u00e9 et l\u2019innovation. Son passage du secteur de la sant\u00e9, fortement r\u00e9glement\u00e9, \u00e0 l\u2019entrepreneuriat repr\u00e9sente pour elle une rupture avec des structures qu\u2019elle jugeait contraignantes. D\u2019autres relativisent quant \u00e0 eux l\u2019id\u00e9e romantique d\u2019une autod\u00e9termination radicale.<\/p>\n\n\n\n<p>Delia Hager est cofondatrice de JobEagle, une plateforme lucernoise qui aide les entreprises \u00e0 pr\u00e9senter leurs offres d\u2019emploi de mani\u00e8re attrayante et authentique. Elle met en garde contre une surestimation de la libert\u00e9 en tant qu\u2019entrepreneur: on peut certes organiser sa journ\u00e9e diff\u00e9remment, mais \u00absi vous ne faites pas le travail, personne ne le fera\u00bb.<\/p>\n\n\n\n<h6 class=\"wp-block-heading\" id=\"h-a-lire-aussi-les-entrepreneurs-sont-des-personnes-plus-libres\">Read also | <a href=\"https:\/\/leregardlibre.com\/en\/economy\/les-entrepreneurs-sont-des-personnes-plus-libres\/\" type=\"post\" id=\"531752\">Entrepreneurs are freer people<\/a><\/h6>\n\n\n\n<p>Pour Nicholas H\u00e4nny, la libert\u00e9 est indissociable de la r\u00e9ussite \u00e9conomique: il faut r\u00e9aliser suffisamment de b\u00e9n\u00e9fices pour pouvoir investir et disposer d\u2019une stabilit\u00e9 financi\u00e8re suffisante pour \u00eatre flexible en termes de temps. Les entretiens montrent que la libert\u00e9 n\u2019est pas un point de d\u00e9part pour l\u2019entrepreneuriat, mais plut\u00f4t un guide. Elle doit \u00eatre acquise et d\u00e9fendue en permanence.<\/p>\n\n\n\n<p>Ce qui est frappant, c\u2019est ce qui manque dans les entretiens: la l\u00e9gende du fondateur solitaire. Au contraire, ce sont les \u00e9quipes, les cofondateurs et les r\u00e9seaux qui occupent le devant de la sc\u00e8ne. Alessia Schrepfer souligne l\u2019importance de relations solides au sein de l\u2019\u00e9quipe fondatrice. Les crises communes sont un facteur de r\u00e9ussite essentiel. Nicholas H\u00e4nny mentionne \u00e9galement les mentors: beaucoup sont pr\u00eats \u00e0 aider si on le leur demande de mani\u00e8re cibl\u00e9e. Lui-m\u00eame avait sous-estim\u00e9 cet aspect au d\u00e9but. L\u2019entrepreneuriat est un travail relationnel: confiance au sein de l\u2019\u00e9quipe centrale, capacit\u00e9 \u00e0 d\u00e9l\u00e9guer des responsabilit\u00e9s et volont\u00e9 de se laisser interpeller par l\u2019ext\u00e9rieur.<\/p>\n\n\n\n<h2 class=\"wp-block-heading\" id=\"h-ce-que-la-prochaine-generation-devrait-savoir\">Ce que la prochaine g\u00e9n\u00e9ration devrait savoir<\/h2>\n\n\n\n<p>Que conseillent ces entrepreneurs aux jeunes qui envisagent de cr\u00e9er leur entreprise? Eh bien, l\u2019id\u00e9e doit \u00eatre m\u00fbrement r\u00e9fl\u00e9chie, mais sans \u00eatre analys\u00e9e \u00e0 outrance. Une bonne \u00e9quipe est plus importante qu\u2019une pr\u00e9sentation parfaite. Les comp\u00e9tences relationnelles telles que la capacit\u00e9 \u00e0 g\u00e9rer les conflits, la communication et la prise de d\u00e9cision collective comptent plus que l\u2019excellence individuelle.<\/p>\n\n\n\n<p>Alessia Schrepfer conseille de choisir des cofondateurs avec lesquels on a d\u00e9j\u00e0 travers\u00e9 des situations difficiles. Plus l\u2019id\u00e9e est innovante, plus il est important d\u2019avoir une \u00e9quipe compl\u00e9mentaire. Nicholas H\u00e4nny encourage la cr\u00e9ation de sa propre start-up, tout en recommandant de demander conseil t\u00f4t et r\u00e9guli\u00e8rement, plut\u00f4t que de tout faire seul par fiert\u00e9. \u00abIl faut suivre son instinct, en faisant abstraction des gens autour de soi qui disent que \u00e7a ne marchera pas, tout en \u00e9coutant les avis plus constructifs\u00bb, ajoute Pascal Meyer.<\/p>\n\n\n\n<p>Les discussions permettent ainsi de dresser un tableau qui n\u2019a pas grand-chose \u00e0 voir avec les mythes courants sur l\u2019entrepreneuriat. L\u2019entrepreneuriat est un domaine r\u00e9serv\u00e9 \u00e0 ceux qui sont pr\u00eats \u00e0 vivre dans l\u2019incertitude, \u00e0 apprendre de la r\u00e9alit\u00e9 et \u00e0 ne pas se contenter de revendiquer la libert\u00e9, mais \u00e0 la prendre \u2013 sans pour autant faire cavalier seul.<\/p>\n\n\n\n<p><em>Journaliste et politologue, <strong>Michael&nbsp;Straumann<\/strong> is an editor at <\/em>Schweizer Monat<em>.<\/em><\/p>\n\n\n\n<h6 class=\"wp-block-heading\" id=\"h-vous-venez-de-lire-un-article-en-libre-acces-tire-de-notre-edition-papier-le-regard-libre-hors-serie-n-7-debats-analyses-actualites-culturelles-nbsp-abonnez-vous-nbsp-a-notre-media-de-reflexion-pour-nous-soutenir-et-avoir-acces-a-tous-nos-contenus\">You have just read an open-access article from our print edition (<a href=\"https:\/\/leregardlibre.com\/en\/cpt-editions\/le-regard-libre-hors-serie-n7-pret-a-fonder-ton-entreprise\/\"><em>Le Regard Libre<\/em> special issue N\u00b07<\/a>). Debates, analyses, cultural news:&nbsp;<a href=\"https:\/\/leregardlibre.com\/en\/subscription\/\">subscribe<\/a>&nbsp;to support us and access all our content.<\/h6>","protected":false},"excerpt":{"rendered":"<p>The myth of the fearless, unshakeable entrepreneur crumbles on closer inspection. What counts is not the volume of the voice or the pose, but restraint, humility and the ability to correct mistakes.<\/p>","protected":false},"author":1064,"featured_media":531775,"comment_status":"open","ping_status":"closed","sticky":false,"template":"","format":"standard","meta":{"_acf_changed":false,"footnotes":""},"categories":[27371],"tags":[644358514,12586,644358437],"class_list":["post-531771","post","type-post","status-publish","format-standard","has-post-thumbnail","hentry","category-economie","tag-dossier-entreprise","tag-entrepreneur","tag-esprit-entrepreneurial"],"acf":[],"yoast_head":"<!-- This site is optimized with the Yoast SEO Premium plugin v27.4 (Yoast SEO v27.4) - https:\/\/yoast.com\/product\/yoast-seo-premium-wordpress\/ -->\n<title>Le doute de soi productif<\/title>\n<meta name=\"description\" content=\"Le mythe de l\u2019entrepreneur intr\u00e9pide s\u2019effrite quand on y regarde de plus pr\u00e8s. Ce qui compte, c\u2019est l\u2019humilit\u00e9 et le doute de soi.\" \/>\n<meta name=\"robots\" content=\"index, follow, max-snippet:-1, max-image-preview:large, max-video-preview:-1\" \/>\n<link rel=\"canonical\" href=\"https:\/\/leregardlibre.com\/en\/economy\/doute-de-soi-productif\/\" \/>\n<meta property=\"og:locale\" content=\"en_US\" \/>\n<meta property=\"og:type\" content=\"article\" \/>\n<meta property=\"og:title\" content=\"Le doute de soi productif\" \/>\n<meta property=\"og:description\" content=\"Le mythe de l\u2019entrepreneur intr\u00e9pide s\u2019effrite quand on y regarde de plus pr\u00e8s. Ce qui compte, c\u2019est l\u2019humilit\u00e9 et le doute de soi.\" \/>\n<meta property=\"og:url\" content=\"https:\/\/leregardlibre.com\/en\/economy\/doute-de-soi-productif\/\" \/>\n<meta property=\"og:site_name\" content=\"Le Regard Libre\" \/>\n<meta property=\"article:publisher\" content=\"https:\/\/www.facebook.com\/leregardlibre\/\" \/>\n<meta property=\"article:published_time\" content=\"2026-03-01T17:39:56+00:00\" \/>\n<meta property=\"article:modified_time\" content=\"2026-03-17T20:03:58+00:00\" \/>\n<meta property=\"og:image\" content=\"https:\/\/leregardlibre.com\/wp-content\/uploads\/2026\/03\/michael-straumann-e1773682417296.png\" \/>\n\t<meta property=\"og:image:width\" content=\"1024\" \/>\n\t<meta property=\"og:image:height\" content=\"732\" \/>\n\t<meta property=\"og:image:type\" content=\"image\/png\" \/>\n<meta name=\"author\" content=\"Michael Straumann\" \/>\n<meta name=\"twitter:card\" content=\"summary_large_image\" \/>\n<meta name=\"twitter:creator\" content=\"@LeRegardLibre\" \/>\n<meta name=\"twitter:site\" content=\"@LeRegardLibre\" \/>\n<meta name=\"twitter:label1\" content=\"Written by\" \/>\n\t<meta name=\"twitter:data1\" content=\"Michael Straumann\" \/>\n\t<meta name=\"twitter:label2\" content=\"Est. reading time\" \/>\n\t<meta name=\"twitter:data2\" content=\"8 minutes\" \/>\n<script type=\"application\/ld+json\" class=\"yoast-schema-graph\">{\"@context\":\"https:\\\/\\\/schema.org\",\"@graph\":[{\"@type\":\"Article\",\"@id\":\"https:\\\/\\\/leregardlibre.com\\\/economie\\\/doute-de-soi-productif\\\/#article\",\"isPartOf\":{\"@id\":\"https:\\\/\\\/leregardlibre.com\\\/economie\\\/doute-de-soi-productif\\\/\"},\"author\":{\"name\":\"Michael Straumann\",\"@id\":\"https:\\\/\\\/leregardlibre.com\\\/#\\\/schema\\\/person\\\/56f5e6563f1386e1fcadff28043a3f25\"},\"headline\":\"Le doute de soi productif\",\"datePublished\":\"2026-03-01T17:39:56+00:00\",\"dateModified\":\"2026-03-17T20:03:58+00:00\",\"mainEntityOfPage\":{\"@id\":\"https:\\\/\\\/leregardlibre.com\\\/economie\\\/doute-de-soi-productif\\\/\"},\"wordCount\":1580,\"commentCount\":0,\"publisher\":{\"@id\":\"https:\\\/\\\/leregardlibre.com\\\/#organization\"},\"image\":{\"@id\":\"https:\\\/\\\/leregardlibre.com\\\/economie\\\/doute-de-soi-productif\\\/#primaryimage\"},\"thumbnailUrl\":\"https:\\\/\\\/leregardlibre.com\\\/wp-content\\\/uploads\\\/2026\\\/03\\\/michael-straumann-e1773682417296.png\",\"keywords\":[\"Dossier ENTREPRISE\",\"Entrepreneuriat\",\"Esprit entrepreneurial\"],\"articleSection\":[\"Economie\"],\"inLanguage\":\"en-US\",\"potentialAction\":[{\"@type\":\"CommentAction\",\"name\":\"Comment\",\"target\":[\"https:\\\/\\\/leregardlibre.com\\\/economie\\\/doute-de-soi-productif\\\/#respond\"]}]},{\"@type\":\"WebPage\",\"@id\":\"https:\\\/\\\/leregardlibre.com\\\/economie\\\/doute-de-soi-productif\\\/\",\"url\":\"https:\\\/\\\/leregardlibre.com\\\/economie\\\/doute-de-soi-productif\\\/\",\"name\":\"Le doute de soi productif\",\"isPartOf\":{\"@id\":\"https:\\\/\\\/leregardlibre.com\\\/#website\"},\"primaryImageOfPage\":{\"@id\":\"https:\\\/\\\/leregardlibre.com\\\/economie\\\/doute-de-soi-productif\\\/#primaryimage\"},\"image\":{\"@id\":\"https:\\\/\\\/leregardlibre.com\\\/economie\\\/doute-de-soi-productif\\\/#primaryimage\"},\"thumbnailUrl\":\"https:\\\/\\\/leregardlibre.com\\\/wp-content\\\/uploads\\\/2026\\\/03\\\/michael-straumann-e1773682417296.png\",\"datePublished\":\"2026-03-01T17:39:56+00:00\",\"dateModified\":\"2026-03-17T20:03:58+00:00\",\"description\":\"Le mythe de l\u2019entrepreneur intr\u00e9pide s\u2019effrite quand on y regarde de plus pr\u00e8s. Ce qui compte, c\u2019est l\u2019humilit\u00e9 et le doute de soi.\",\"breadcrumb\":{\"@id\":\"https:\\\/\\\/leregardlibre.com\\\/economie\\\/doute-de-soi-productif\\\/#breadcrumb\"},\"inLanguage\":\"en-US\",\"potentialAction\":[{\"@type\":\"ReadAction\",\"target\":[\"https:\\\/\\\/leregardlibre.com\\\/economie\\\/doute-de-soi-productif\\\/\"]}]},{\"@type\":\"ImageObject\",\"inLanguage\":\"en-US\",\"@id\":\"https:\\\/\\\/leregardlibre.com\\\/economie\\\/doute-de-soi-productif\\\/#primaryimage\",\"url\":\"https:\\\/\\\/leregardlibre.com\\\/wp-content\\\/uploads\\\/2026\\\/03\\\/michael-straumann-e1773682417296.png\",\"contentUrl\":\"https:\\\/\\\/leregardlibre.com\\\/wp-content\\\/uploads\\\/2026\\\/03\\\/michael-straumann-e1773682417296.png\",\"width\":1024,\"height\":732,\"caption\":\"doute de soi\"},{\"@type\":\"BreadcrumbList\",\"@id\":\"https:\\\/\\\/leregardlibre.com\\\/economie\\\/doute-de-soi-productif\\\/#breadcrumb\",\"itemListElement\":[{\"@type\":\"ListItem\",\"position\":1,\"name\":\"Accueil\",\"item\":\"https:\\\/\\\/leregardlibre.com\\\/\"},{\"@type\":\"ListItem\",\"position\":2,\"name\":\"Le doute de soi productif\"}]},{\"@type\":\"WebSite\",\"@id\":\"https:\\\/\\\/leregardlibre.com\\\/#website\",\"url\":\"https:\\\/\\\/leregardlibre.com\\\/\",\"name\":\"Le Regard Libre\",\"description\":\"Premier mensuel suisse de d\u00e9bat\",\"publisher\":{\"@id\":\"https:\\\/\\\/leregardlibre.com\\\/#organization\"},\"potentialAction\":[{\"@type\":\"SearchAction\",\"target\":{\"@type\":\"EntryPoint\",\"urlTemplate\":\"https:\\\/\\\/leregardlibre.com\\\/?s={search_term_string}\"},\"query-input\":{\"@type\":\"PropertyValueSpecification\",\"valueRequired\":true,\"valueName\":\"search_term_string\"}}],\"inLanguage\":\"en-US\"},{\"@type\":\"Organization\",\"@id\":\"https:\\\/\\\/leregardlibre.com\\\/#organization\",\"name\":\"Le Regard Libre\",\"url\":\"https:\\\/\\\/leregardlibre.com\\\/\",\"logo\":{\"@type\":\"ImageObject\",\"inLanguage\":\"en-US\",\"@id\":\"https:\\\/\\\/leregardlibre.com\\\/#\\\/schema\\\/logo\\\/image\\\/\",\"url\":\"https:\\\/\\\/leregardlibre.com\\\/wp-content\\\/uploads\\\/2025\\\/08\\\/logo-rl-icone-neg.jpeg\",\"contentUrl\":\"https:\\\/\\\/leregardlibre.com\\\/wp-content\\\/uploads\\\/2025\\\/08\\\/logo-rl-icone-neg.jpeg\",\"width\":557,\"height\":556,\"caption\":\"Le Regard Libre\"},\"image\":{\"@id\":\"https:\\\/\\\/leregardlibre.com\\\/#\\\/schema\\\/logo\\\/image\\\/\"},\"sameAs\":[\"https:\\\/\\\/www.facebook.com\\\/leregardlibre\\\/\",\"https:\\\/\\\/x.com\\\/LeRegardLibre\",\"https:\\\/\\\/www.linkedin.com\\\/company\\\/le-regard-libre\",\"https:\\\/\\\/www.instagram.com\\\/leregardlibre\\\/\",\"http:\\\/\\\/t.me\\\/leregardlibre\",\"https:\\\/\\\/youtube.com\\\/channel\\\/UC6HzGPomj1LsUmlz-sJtITQ\"],\"description\":\"Le Regard Libre est un mensuel suisse de d\u00e9bat intellectuel et culturel. Sa r\u00e9daction est jeune, b\u00e9n\u00e9vole, lib\u00e9rale et pluraliste. Le magazine para\u00eet en ligne et sous forme papier. Sa langue est le fran\u00e7ais.\",\"email\":\"redaction@leregardlibre.com\",\"legalName\":\"Le Regard Libre\",\"foundingDate\":\"2014-01-01\",\"numberOfEmployees\":{\"@type\":\"QuantitativeValue\",\"minValue\":\"11\",\"maxValue\":\"50\"},\"publishingPrinciples\":\"https:\\\/\\\/leregardlibre.com\\\/a-propos\\\/notre-manifeste\\\/\",\"ownershipFundingInfo\":\"https:\\\/\\\/leregardlibre.com\\\/mentions-legales\\\/\",\"actionableFeedbackPolicy\":\"https:\\\/\\\/leregardlibre.com\\\/conditions-generales-de-vente\\\/\"},{\"@type\":\"Person\",\"@id\":\"https:\\\/\\\/leregardlibre.com\\\/#\\\/schema\\\/person\\\/56f5e6563f1386e1fcadff28043a3f25\",\"name\":\"Michael Straumann\",\"image\":{\"@type\":\"ImageObject\",\"inLanguage\":\"en-US\",\"@id\":\"https:\\\/\\\/secure.gravatar.com\\\/avatar\\\/3d0bf1aaeb1f1c4a9760569a4567e92b6215dd114fdfd33653b95a5d725195ae?s=96&d=identicon&r=g\",\"url\":\"https:\\\/\\\/secure.gravatar.com\\\/avatar\\\/3d0bf1aaeb1f1c4a9760569a4567e92b6215dd114fdfd33653b95a5d725195ae?s=96&d=identicon&r=g\",\"contentUrl\":\"https:\\\/\\\/secure.gravatar.com\\\/avatar\\\/3d0bf1aaeb1f1c4a9760569a4567e92b6215dd114fdfd33653b95a5d725195ae?s=96&d=identicon&r=g\",\"caption\":\"Michael Straumann\"},\"description\":\"Journaliste et politologue, Michael Straumann est r\u00e9dacteur au \u00abSchweizer Monat\u00bb.\",\"url\":\"https:\\\/\\\/leregardlibre.com\\\/en\\\/author\\\/michael-straumann\\\/\"}]}<\/script>\n<!-- \/ Yoast SEO Premium plugin. -->","yoast_head_json":{"title":"Productive self-doubt","description":"Le mythe de l\u2019entrepreneur intr\u00e9pide s\u2019effrite quand on y regarde de plus pr\u00e8s. Ce qui compte, c\u2019est l\u2019humilit\u00e9 et le doute de soi.","robots":{"index":"index","follow":"follow","max-snippet":"max-snippet:-1","max-image-preview":"max-image-preview:large","max-video-preview":"max-video-preview:-1"},"canonical":"https:\/\/leregardlibre.com\/en\/economy\/doute-de-soi-productif\/","og_locale":"en_US","og_type":"article","og_title":"Le doute de soi productif","og_description":"Le mythe de l\u2019entrepreneur intr\u00e9pide s\u2019effrite quand on y regarde de plus pr\u00e8s. Ce qui compte, c\u2019est l\u2019humilit\u00e9 et le doute de soi.","og_url":"https:\/\/leregardlibre.com\/en\/economy\/doute-de-soi-productif\/","og_site_name":"Le Regard Libre","article_publisher":"https:\/\/www.facebook.com\/leregardlibre\/","article_published_time":"2026-03-01T17:39:56+00:00","article_modified_time":"2026-03-17T20:03:58+00:00","og_image":[{"width":1024,"height":732,"url":"https:\/\/leregardlibre.com\/wp-content\/uploads\/2026\/03\/michael-straumann-e1773682417296.png","type":"image\/png"}],"author":"Michael Straumann","twitter_card":"summary_large_image","twitter_creator":"@LeRegardLibre","twitter_site":"@LeRegardLibre","twitter_misc":{"Written by":"Michael Straumann","Est. reading time":"8 minutes"},"schema":{"@context":"https:\/\/schema.org","@graph":[{"@type":"Article","@id":"https:\/\/leregardlibre.com\/economie\/doute-de-soi-productif\/#article","isPartOf":{"@id":"https:\/\/leregardlibre.com\/economie\/doute-de-soi-productif\/"},"author":{"name":"Michael Straumann","@id":"https:\/\/leregardlibre.com\/#\/schema\/person\/56f5e6563f1386e1fcadff28043a3f25"},"headline":"Le doute de soi productif","datePublished":"2026-03-01T17:39:56+00:00","dateModified":"2026-03-17T20:03:58+00:00","mainEntityOfPage":{"@id":"https:\/\/leregardlibre.com\/economie\/doute-de-soi-productif\/"},"wordCount":1580,"commentCount":0,"publisher":{"@id":"https:\/\/leregardlibre.com\/#organization"},"image":{"@id":"https:\/\/leregardlibre.com\/economie\/doute-de-soi-productif\/#primaryimage"},"thumbnailUrl":"https:\/\/leregardlibre.com\/wp-content\/uploads\/2026\/03\/michael-straumann-e1773682417296.png","keywords":["Dossier ENTREPRISE","Entrepreneuriat","Esprit entrepreneurial"],"articleSection":["Economie"],"inLanguage":"en-US","potentialAction":[{"@type":"CommentAction","name":"Comment","target":["https:\/\/leregardlibre.com\/economie\/doute-de-soi-productif\/#respond"]}]},{"@type":"WebPage","@id":"https:\/\/leregardlibre.com\/economie\/doute-de-soi-productif\/","url":"https:\/\/leregardlibre.com\/economie\/doute-de-soi-productif\/","name":"Productive self-doubt","isPartOf":{"@id":"https:\/\/leregardlibre.com\/#website"},"primaryImageOfPage":{"@id":"https:\/\/leregardlibre.com\/economie\/doute-de-soi-productif\/#primaryimage"},"image":{"@id":"https:\/\/leregardlibre.com\/economie\/doute-de-soi-productif\/#primaryimage"},"thumbnailUrl":"https:\/\/leregardlibre.com\/wp-content\/uploads\/2026\/03\/michael-straumann-e1773682417296.png","datePublished":"2026-03-01T17:39:56+00:00","dateModified":"2026-03-17T20:03:58+00:00","description":"Le mythe de l\u2019entrepreneur intr\u00e9pide s\u2019effrite quand on y regarde de plus pr\u00e8s. Ce qui compte, c\u2019est l\u2019humilit\u00e9 et le doute de soi.","breadcrumb":{"@id":"https:\/\/leregardlibre.com\/economie\/doute-de-soi-productif\/#breadcrumb"},"inLanguage":"en-US","potentialAction":[{"@type":"ReadAction","target":["https:\/\/leregardlibre.com\/economie\/doute-de-soi-productif\/"]}]},{"@type":"ImageObject","inLanguage":"en-US","@id":"https:\/\/leregardlibre.com\/economie\/doute-de-soi-productif\/#primaryimage","url":"https:\/\/leregardlibre.com\/wp-content\/uploads\/2026\/03\/michael-straumann-e1773682417296.png","contentUrl":"https:\/\/leregardlibre.com\/wp-content\/uploads\/2026\/03\/michael-straumann-e1773682417296.png","width":1024,"height":732,"caption":"doute de soi"},{"@type":"BreadcrumbList","@id":"https:\/\/leregardlibre.com\/economie\/doute-de-soi-productif\/#breadcrumb","itemListElement":[{"@type":"ListItem","position":1,"name":"Accueil","item":"https:\/\/leregardlibre.com\/"},{"@type":"ListItem","position":2,"name":"Le doute de soi productif"}]},{"@type":"WebSite","@id":"https:\/\/leregardlibre.com\/#website","url":"https:\/\/leregardlibre.com\/","name":"Le Regard Libre","description":"Switzerland's first monthly debate magazine","publisher":{"@id":"https:\/\/leregardlibre.com\/#organization"},"potentialAction":[{"@type":"SearchAction","target":{"@type":"EntryPoint","urlTemplate":"https:\/\/leregardlibre.com\/?s={search_term_string}"},"query-input":{"@type":"PropertyValueSpecification","valueRequired":true,"valueName":"search_term_string"}}],"inLanguage":"en-US"},{"@type":"Organization","@id":"https:\/\/leregardlibre.com\/#organization","name":"Le Regard Libre","url":"https:\/\/leregardlibre.com\/","logo":{"@type":"ImageObject","inLanguage":"en-US","@id":"https:\/\/leregardlibre.com\/#\/schema\/logo\/image\/","url":"https:\/\/leregardlibre.com\/wp-content\/uploads\/2025\/08\/logo-rl-icone-neg.jpeg","contentUrl":"https:\/\/leregardlibre.com\/wp-content\/uploads\/2025\/08\/logo-rl-icone-neg.jpeg","width":557,"height":556,"caption":"Le Regard Libre"},"image":{"@id":"https:\/\/leregardlibre.com\/#\/schema\/logo\/image\/"},"sameAs":["https:\/\/www.facebook.com\/leregardlibre\/","https:\/\/x.com\/LeRegardLibre","https:\/\/www.linkedin.com\/company\/le-regard-libre","https:\/\/www.instagram.com\/leregardlibre\/","http:\/\/t.me\/leregardlibre","https:\/\/youtube.com\/channel\/UC6HzGPomj1LsUmlz-sJtITQ"],"description":"Le Regard Libre is a Swiss monthly magazine for intellectual and cultural debate. Its editorial team is young, voluntary, liberal and pluralist. The magazine appears online and in print. Its language is French.","email":"redaction@leregardlibre.com","legalName":"Le Regard Libre","foundingDate":"2014-01-01","numberOfEmployees":{"@type":"QuantitativeValue","minValue":"11","maxValue":"50"},"publishingPrinciples":"https:\/\/leregardlibre.com\/a-propos\/notre-manifeste\/","ownershipFundingInfo":"https:\/\/leregardlibre.com\/mentions-legales\/","actionableFeedbackPolicy":"https:\/\/leregardlibre.com\/conditions-generales-de-vente\/"},{"@type":"Person","@id":"https:\/\/leregardlibre.com\/#\/schema\/person\/56f5e6563f1386e1fcadff28043a3f25","name":"Michael Straumann","image":{"@type":"ImageObject","inLanguage":"en-US","@id":"https:\/\/secure.gravatar.com\/avatar\/3d0bf1aaeb1f1c4a9760569a4567e92b6215dd114fdfd33653b95a5d725195ae?s=96&d=identicon&r=g","url":"https:\/\/secure.gravatar.com\/avatar\/3d0bf1aaeb1f1c4a9760569a4567e92b6215dd114fdfd33653b95a5d725195ae?s=96&d=identicon&r=g","contentUrl":"https:\/\/secure.gravatar.com\/avatar\/3d0bf1aaeb1f1c4a9760569a4567e92b6215dd114fdfd33653b95a5d725195ae?s=96&d=identicon&r=g","caption":"Michael Straumann"},"description":"Journaliste et politologue, Michael Straumann est r\u00e9dacteur au \u00abSchweizer Monat\u00bb.","url":"https:\/\/leregardlibre.com\/en\/author\/michael-straumann\/"}]}},"_links":{"self":[{"href":"https:\/\/leregardlibre.com\/en\/wp-json\/wp\/v2\/posts\/531771","targetHints":{"allow":["GET"]}}],"collection":[{"href":"https:\/\/leregardlibre.com\/en\/wp-json\/wp\/v2\/posts"}],"about":[{"href":"https:\/\/leregardlibre.com\/en\/wp-json\/wp\/v2\/types\/post"}],"author":[{"embeddable":true,"href":"https:\/\/leregardlibre.com\/en\/wp-json\/wp\/v2\/users\/1064"}],"replies":[{"embeddable":true,"href":"https:\/\/leregardlibre.com\/en\/wp-json\/wp\/v2\/comments?post=531771"}],"version-history":[{"count":6,"href":"https:\/\/leregardlibre.com\/en\/wp-json\/wp\/v2\/posts\/531771\/revisions"}],"predecessor-version":[{"id":531791,"href":"https:\/\/leregardlibre.com\/en\/wp-json\/wp\/v2\/posts\/531771\/revisions\/531791"}],"wp:featuredmedia":[{"embeddable":true,"href":"https:\/\/leregardlibre.com\/en\/wp-json\/wp\/v2\/media\/531775"}],"wp:attachment":[{"href":"https:\/\/leregardlibre.com\/en\/wp-json\/wp\/v2\/media?parent=531771"}],"wp:term":[{"taxonomy":"category","embeddable":true,"href":"https:\/\/leregardlibre.com\/en\/wp-json\/wp\/v2\/categories?post=531771"},{"taxonomy":"post_tag","embeddable":true,"href":"https:\/\/leregardlibre.com\/en\/wp-json\/wp\/v2\/tags?post=531771"}],"curies":[{"name":"wp","href":"https:\/\/api.w.org\/{rel}","templated":true}]}}