{"id":531777,"date":"2026-03-01T19:37:10","date_gmt":"2026-03-01T18:37:10","guid":{"rendered":"https:\/\/leregardlibre.com\/?p=531777"},"modified":"2026-03-17T21:04:38","modified_gmt":"2026-03-17T20:04:38","slug":"aurelien-demaurex-ecorobotix-interview","status":"publish","type":"post","link":"https:\/\/leregardlibre.com\/en\/economy\/aurelien-demaurex-ecorobotix-interview\/","title":{"rendered":"\u00abSwitzerland must not become the world's library\u00bb.\u00bb"},"content":{"rendered":"<p class=\"has-drop-cap\"><strong>Aur\u00e9lien Demaurex embodies a singular path between ecology, entrepreneurship and politics. The co-founder of Ecorobotix shares his vision of an audacious country, and offers advice to those who want to put technological innovation at the service of the common good.<\/strong><\/p>\n\n\n\n<!--more-->\n\n\n\n<p>Avec 150\u00a0millions de francs lev\u00e9s au cours de la derni\u00e8re ann\u00e9e, la start-up vaudoise Ecorobotix s\u2019est impos\u00e9e comme l\u2019un des fleurons europ\u00e9ens de l\u2019agriculture de pr\u00e9cision. Son cofondateur et directeur des ressources humaines, Aur\u00e9lien Demaurex, d\u00e9fend une innovation au service du vivant, o\u00f9 la protection de l\u2019environnement rime avec prosp\u00e9rit\u00e9 \u00e9conomique.<\/p>\n\n\n\n<figure class=\"wp-block-embed is-type-video is-provider-youtube wp-block-embed-youtube wp-embed-aspect-16-9 wp-has-aspect-ratio\"><div class=\"wp-block-embed__wrapper\">\n<iframe title=\"Aur\u00e9lien Demaurex, cofondateur d&#039;Ecorobotix: \u00abIl faut cr\u00e9er les grandes entreprises de demain\u00bb\" width=\"1000\" height=\"563\" src=\"https:\/\/www.youtube.com\/embed\/0_RoW3uzJwA?feature=oembed\" frameborder=\"0\" allow=\"accelerometer; autoplay; clipboard-write; encrypted-media; gyroscope; picture-in-picture; web-share\" referrerpolicy=\"strict-origin-when-cross-origin\" allowfullscreen><\/iframe>\n<\/div><\/figure>\n\n\n\n<p>Face au r\u00e9chauffement climatique, au protectionnisme et au repli technologique, cet ancien banquier incarne une g\u00e9n\u00e9ration d\u2019entrepreneurs qui refusent la r\u00e9signation. D\u00e9put\u00e9 vert\u2019lib\u00e9ral au Grand Conseil vaudois, il fait partie des rares \u00e9lus suisses qui combinent entrepreneuriat et engagement politique. Dans cet entretien, le dipl\u00f4m\u00e9 de HEC Lausanne revient sur son parcours, expose sa vision du r\u00f4le de l\u2019entrepreneur dans la soci\u00e9t\u00e9 et partage les recettes qui l\u2019ont amen\u00e9 \u00e0 ses succ\u00e8s.<\/p>\n\n\n\n<h6 class=\"wp-block-heading\" id=\"h-le-regard-libre-tu-diriges-l-une-des-rares-start-ups-suisses-a-avoir-depasses-les-100-millions-de-francs-de-valorisation-avec-plus-de-200-employes-que-fait-l-entreprise-et-ou-en-est-elle-dans-son-developpement\"><em>Le Regard Libre<\/em>: Tu diriges l\u2019une des rares start-ups suisses \u00e0 avoir d\u00e9pass\u00e9s les 100 millions de francs de valorisation, avec plus de 200 employ\u00e9s. Que fait l\u2019entreprise et o\u00f9 en est-elle dans son d\u00e9veloppement?<\/h6>\n\n\n\n<p>Aur\u00e9lien Demaurex: Ecorobotix est n\u00e9e d\u2019une id\u00e9e simple\u2009: utiliser la technologie pour r\u00e9duire l\u2019impact environnemental de l\u2019agriculture. Tout est parti d\u2019une r\u00e9flexion de mon associ\u00e9 Steve Tanner, fils d\u2019agriculteur, qui voulait en finir avec le d\u00e9sherbage chimique g\u00e9n\u00e9ralis\u00e9. Ensemble, nous avons con\u00e7u des robots capables de d\u00e9tecter les mauvaises herbes gr\u00e2ce \u00e0 l\u2019intelligence artificielle et de pulv\u00e9riser uniquement l\u00e0 o\u00f9 c\u2019est n\u00e9cessaire. Aujourd\u2019hui, notre machine \u00abARA\u00bb permet de r\u00e9duire jusqu\u2019\u00e0 95% l\u2019usage de produits chimiques, et ainsi d\u2019all\u00e9ger les co\u00fbts qui p\u00e8sent sur les agriculteurs, mais aussi de pr\u00e9server la biodiversit\u00e9. Nous r\u00e9sumons notre mission en trois mots\u2009: r\u00e9duire la quantit\u00e9 de produits chimiques, remplacer les produits synth\u00e9tiques par des solutions naturelles et r\u00e9g\u00e9n\u00e9rer la nature pour une agriculture plus durable.<\/p>\n\n\n\n<h6 class=\"wp-block-heading\" id=\"h-ecorobotix-exporte-aujourd-hui-une-partie-de-ses-produits-dans-quelle-mesure-as-tu-subi-les-effets-des-droits-de-douane-de-39-durant-plusieurs-mois-imposes-a-la-suisse-par-donald-trump\">Ecorobotix exporte aujourd\u2019hui une partie de ses produits. Dans quelle mesure as-tu subi les effets des droits de douane \u2013 de 39% durant plusieurs mois \u2013 impos\u00e9s \u00e0 la Suisse par Donald Trump?<\/h6>\n\n\n\n<p>Environ la moiti\u00e9 de nos ventes se font aux Etats-Unis. L\u2019imposition de\u00a0tarifs\u00a0de 39% sur nos produits a donc \u00e9t\u00e9 un choc majeur. Heureusement, nous avions constitu\u00e9 des stocks sur place, ce qui nous a prot\u00e9g\u00e9s pour un temps, mais nous avons d\u00fb adapter notre strat\u00e9gie pour la suite. Concr\u00e8tement, nous passons par notre filiale am\u00e9ricaine pour limiter l\u2019impact fiscal et travaillons \u00e0 relocaliser une partie de la production en Am\u00e9rique du Nord. Ce choix, acc\u00e9l\u00e9r\u00e9 par les droits de douane, a aussi du sens sur plan \u00e9cologiquement et \u00e9conomiquement: produire au plus pr\u00e8s de nos clients est une logique vers laquelle nous voulons tendre.<\/p>\n\n\n\n<h6 class=\"wp-block-heading\" id=\"h-tu-viens-d-une-famille-d-entrepreneurs-mais-tu-es-d-abord-passe-par-la-banque-et-l-humanitaire-en-tant-que-salarie-qu-est-ce-qui-t-a-motive-a-revenir-a-tes-racines\">Tu viens d\u2019une famille d\u2019entrepreneurs, mais tu es d\u2019abord pass\u00e9 par la banque et l\u2019humanitaire, en tant que salari\u00e9. Qu\u2019est-ce qui t\u2019a motiv\u00e9 \u00e0 revenir \u00e0 tes racines?<\/h6>\n\n\n\n<p>J\u2019ai toujours su qu\u2019un jour je cr\u00e9erais une entreprise, sans savoir quand ni dans quel domaine. Mon passage par l\u2019humanitaire en Afrique a \u00e9t\u00e9 un d\u00e9clic: j\u2019y ai vu l\u2019impact d\u00e9cupl\u00e9 de nos modes de consommation sur l\u2019environnement, faute de fili\u00e8res de recyclage ou de r\u00e9gulation. Cette exp\u00e9rience m\u2019a profond\u00e9ment sensibilis\u00e9 aux enjeux \u00e9cologiques, tout en renfor\u00e7ant mon envie d\u2019agir de mani\u00e8re concr\u00e8te et entrepreneuriale. A mon retour, j\u2019ai rencontr\u00e9 mon cofondateur, Steve Tanner dans des activit\u00e9s de protection de l\u2019environnement. Nous partagions les m\u00eames valeurs et \u00e9tions au m\u00eame stade de nos vies. Il avait une id\u00e9e brillante\u2009; nous l\u2019avons test\u00e9e, puis transform\u00e9e en entreprise. C\u2019est ainsi que ce qui \u00e9tait au d\u00e9part un hobby est devenu, en 2014, une v\u00e9ritable aventure entrepreneuriale.<\/p>\n\n\n\n<h6 class=\"wp-block-heading\" id=\"h-tu-sieges-par-ailleurs-au-grand-conseil-vaudois-qu-est-ce-qui-t-a-donne-envie-de-faire-de-la-politique\">Tu si\u00e8ges par ailleurs au Grand Conseil vaudois. Qu\u2019est-ce qui t\u2019a donn\u00e9 envie de faire de la politique?<\/h6>\n\n\n\n<p>Mon engagement politique d\u00e9coule de la m\u00eame sensibilit\u00e9 \u00e9cologique que celle qui m\u2019a conduit \u00e0 l\u2019entrepreneuriat. J\u2019ai toujours eu un go\u00fbt prononc\u00e9 pour la politique, mais c\u2019est en rentrant d\u2019Afrique, au moment o\u00f9 se cr\u00e9ait le Parti vert\u2019lib\u00e9ral, que j\u2019ai d\u00e9cid\u00e9 de m\u2019y investir concr\u00e8tement. J\u2019ai aid\u00e9 \u00e0 fonder la section romande de cette formation politique, puis j\u2019ai si\u00e9g\u00e9 au niveau communal avant d\u2019\u00eatre \u00e9lu au Grand Conseil, un peu par surprise. Aujourd\u2019hui, ce qui me motive surtout, c\u2019est de repr\u00e9senter la voix des entrepreneurs dans un monde politique souvent domin\u00e9 par les fonctionnaires, les juristes et les professions lib\u00e9rales. Je veux apporter une compr\u00e9hension de la r\u00e9alit\u00e9 entrepreneuriale, notamment dans les domaines de la tech et du financement des start-ups. Et, ce faisant, contribuer \u00e0 une meilleure repr\u00e9sentativit\u00e9 des entrepreneurs au sein des institutions.<\/p>\n\n\n\n<h6 class=\"wp-block-heading\" id=\"h-les-entrepreneurs-se-font-en-effet-rares-en-politique-que-ce-soit-au-niveau-cantonal-ou-national\">Les entrepreneurs se font en effet rares en politique, que ce soit au niveau cantonal ou national\u2026<\/h6>\n\n\n\n<p>C\u2019est une question de temps et de compatibilit\u00e9. Le syst\u00e8me de milice repose sur l\u2019id\u00e9e qu\u2019on peut \u00eatre \u00e0 la fois entrepreneur et \u00e9lu, mais dans la r\u00e9alit\u00e9, c\u2019est extr\u00eamement difficile. G\u00e9rer une entreprise de 250 personnes demande d\u00e9j\u00e0 une \u00e9nergie consid\u00e9rable. Autrefois, c\u2019\u00e9tait peut-\u00eatre plus simple, mais le monde s\u2019est acc\u00e9l\u00e9r\u00e9, les entreprises sont plus complexes et la pression permanente. De plus, la culture politique suisse est lente et proc\u00e9durale, l\u00e0 o\u00f9 l\u2019entrepreneuriat demande des d\u00e9cisions rapides et souvent radicales. Ce sont deux cultures tr\u00e8s diff\u00e9rentes, et des mondes qui fonctionnent \u00e0 des rythmes oppos\u00e9s.<\/p>\n\n\n\n<h6 class=\"wp-block-heading\" id=\"h-ce-manque-de-representation-des-entrepreneurs-en-politique-se-reflete-aussi-semble-t-il-dans-l-opinion-publique-par-exemple-avec-le-debat-sur-la-taxe-zucman-qui-a-actuellement-lieu-en-france-on-a-parfois-l-impression-que-les-entrepreneurs-sont-percus-comme-des-exploiteurs-plutot-que-des-contributeurs-a-la-societe\">Ce manque de repr\u00e9sentation des entrepreneurs en politique se refl\u00e8te aussi, semble-t-il, dans l\u2019opinion publique. Par exemple, avec le d\u00e9bat sur la taxe Zucman qui a actuellement lieu en France, on a parfois l\u2019impression que les entrepreneurs sont per\u00e7us comme des exploiteurs plut\u00f4t que des contributeurs \u00e0 la soci\u00e9t\u00e9.<\/h6>\n\n\n\n<p>Je pense que cette perception s\u2019inscrit dans un ph\u00e9nom\u00e8ne plus g\u00e9n\u00e9ral de m\u00e9fiance envers les \u00e9lites, qu\u2019il s\u2019agisse des politiciens, des chefs d\u2019entreprise ou d\u2019autres figures d\u2019autorit\u00e9. Il existe aujourd\u2019hui un sentiment de d\u00e9calage entre la r\u00e9alit\u00e9 v\u00e9cue par la population et celle per\u00e7ue de ces milieux, souvent associ\u00e9s \u00e0 l\u2019argent ou au pouvoir. La soci\u00e9t\u00e9 est devenue plus fragment\u00e9e, plus polaris\u00e9e, alors m\u00eame que nous n\u2019avons jamais eu autant de moyens de communication. Les Suisses n\u2019aiment pas trop les t\u00eates qui d\u00e9passent, et ce trait culturel s\u2019est sans doute accentu\u00e9.<\/p>\n\n\n\n<h6 class=\"wp-block-heading\" id=\"h-a-tes-yeux-quel-est-le-role-social-d-un-entrepreneur\">A tes yeux, quel est le r\u00f4le social d\u2019un entrepreneur?<\/h6>\n\n\n\n<p>La Suisse vit essentiellement sur les r\u00e9ussites d\u2019entrepreneurs visionnaires du pass\u00e9, comme Alfred Escher, qui ont fond\u00e9 les entreprises qui font notre prosp\u00e9rit\u00e9: Nestl\u00e9, Roche ou m\u00eame Credit Suisse. Et ce dernier exemple montre que m\u00eame un g\u00e9ant peut s\u2019effondrer. Nous ne pouvons donc pas nous reposer sur nos acquis. Il faut recr\u00e9er aujourd\u2019hui les grandes entreprises qui porteront notre prosp\u00e9rit\u00e9 demain. Le pays a une grande force d\u2019innovation, mais il ne doit pas devenir une biblioth\u00e8que pour le reste du monde. Cette force doit se traduire par des succ\u00e8s \u00e9conomiques concrets, sinon nous deviendrons une vitrine scl\u00e9ros\u00e9e de nos gloires pass\u00e9es \u2013 une sorte de \u00abBallenberg\u00bb \u00e9conomique. Les entrepreneurs sont l\u00e0 pour \u00e9viter cela.<\/p>\n\n\n\n<h6 class=\"wp-block-heading\" id=\"h-de-nombreux-jeunes-ne-croient-plus-en-l-innovation-et-dans-le-capitalisme-pour-resoudre-la-crise-climatique-ils-pronent-plutot-la-decroissance-ou-la-sobriete-que-leur-reponds-tu\">De nombreux jeunes ne croient plus en l\u2019innovation et dans le capitalisme pour r\u00e9soudre la crise climatique. Ils pr\u00f4nent plut\u00f4t la d\u00e9croissance ou la sobri\u00e9t\u00e9. Que leur r\u00e9ponds-tu\u2009?<\/h6>\n\n\n\n<p>Il faut reconna\u00eetre que notre syst\u00e8me a ses exc\u00e8s\u2009: il prend parfois plus qu\u2019il ne donne. Mais pour moi, la solution n\u2019est pas de le renverser, plut\u00f4t de l\u2019am\u00e9liorer. La croissance a apport\u00e9 des avanc\u00e9es consid\u00e9rables \u2013 en sant\u00e9, en confort, en prosp\u00e9rit\u00e9 \u2013 qu\u2019on ne peut pas ignorer. La refuser, ce serait renoncer \u00e0 ces progr\u00e8s. Je suis convaincu que la technologie et le secteur priv\u00e9 joueront un r\u00f4le d\u00e9terminant dans la r\u00e9solution de la crise climatique. Avec 200 innovations comme la n\u00f4tre, nous pourrions pratiquement r\u00e9gler le probl\u00e8me du dioxyde de carbone dans l\u2019atmosph\u00e8re. Bien s\u00fbr, il faut consommer de mani\u00e8re responsable, mais je pense que la cl\u00e9 r\u00e9side avant tout dans l\u2019innovation mise au service du bien commun.<\/p>\n\n\n\n<h6 class=\"wp-block-heading\" id=\"h-recemment-tu-as-declare-que-la-suisse-investit-22-milliards-de-francs-par-an-dans-la-recherche-mais-seulement-3-milliards-dans-le-transfert-technologique\">R\u00e9cemment, tu as d\u00e9clar\u00e9 que la Suisse investit 22\u00a0milliards de francs par an dans la recherche, mais seulement 3\u00a0milliards dans le transfert technologique.<\/h6>\n\n\n\n<p>Oui. C\u2019est l\u2019un de mes grands chevaux de bataille, \u00e0 la fois politique et entrepreneurial. La Conf\u00e9d\u00e9ration investit encore trop peu pour transformer ses d\u00e9couvertes scientifiques, publiques comme priv\u00e9es, en entreprises et en emplois. R\u00e9sultat\u2009: nos id\u00e9es, n\u00e9es dans les hautes \u00e9coles, sont souvent financ\u00e9es par des capitaux \u00e9trangers et finissent par quitter le pays. C\u2019est une perte \u00e9conomique, mais aussi une question de souverainet\u00e9.<\/p>\n\n\n\n<p>Prenez un algorithme comme le n\u00f4tre\u2009: s\u2019il venait \u00e0 dysfonctionner et \u00e0 d\u00e9truire des cultures au lieu des mauvaises herbes, les cons\u00e9quences pourraient \u00eatre dramatiques. D\u00e9pendre des technologies am\u00e9ricaines ou chinoises devient, dans ce contexte, un risque strat\u00e9gique. Nous avons les moyens de b\u00e2tir notre propre \u00e9cosyst\u00e8me\u2009: les fonds de pension et la gestion de fortune suisses repr\u00e9sentent plus de 1000 milliards de francs. Il suffirait de rediriger une partie de ces capitaux vers nos start-ups, au lieu de financer celles des autres qui, ironiquement, finissent souvent par tuer les n\u00f4tres.<\/p>\n\n\n\n<h6 class=\"wp-block-heading\" id=\"h-les-caisses-de-pension-helvetiques-investissent-environ-10-de-leurs-avoirs-dans-les-placements-alternatifs-dont-a-peine-2-a-3-dans-le-capital-investissement-et-une-fraction-infime-dans-le-capital-risque-aux-etats-unis-cette-part-atteint-environ-14-comment-expliques-tu-un-tel-ecart\">Les caisses de pension helv\u00e9tiques investissent environ 10\u2009% de leurs avoirs dans les placements alternatifs, dont \u00e0 peine 2 \u00e0 3\u2009% dans le capital-investissement et une fraction infime dans le capital-risque. Aux Etats-Unis, cette part atteint environ 14\u2009%. Comment expliques-tu un tel \u00e9cart\u2009?<\/h6>\n\n\n\n<p>C\u2019est avant tout une question culturelle. En Suisse, nous avons une mentalit\u00e9 orient\u00e9e vers la gestion des risques \u2013 h\u00e9rit\u00e9e du monde bancaire et assurantiel \u2013 qui privil\u00e9gie la stabilit\u00e9 et la pr\u00e9servation du capital plut\u00f4t que la prise de risque. Pourtant, notre pays regorge de secteurs d\u2019innovation capables de devenir leaders mondiaux, comme celui de l\u2019agriculture de pr\u00e9cision. Pour que ces fili\u00e8res atteignent leur plein potentiel, il faut que les institutions, et notamment les caisses de pension, aient le courage d\u2019investir davantage dans les start-ups locales. Les jeunes g\u00e9n\u00e9rations, elles, osent d\u00e9j\u00e0 plus. Elles prennent des risques, se lancent, cr\u00e9ent. Il est temps que les plus anciens \u2013 ceux qui d\u00e9tiennent les capitaux \u2013 les soutiennent, pour transformer cette cr\u00e9ativit\u00e9 en succ\u00e8s \u00e9conomiques durables.<\/p>\n\n\n\n<h6 class=\"wp-block-heading\" id=\"h-parlons-d-entrepreneuriat-justement-en-quoi-consiste-ton-travail-au-quotidien-concretement\">Parlons d\u2019entrepreneuriat, justement. En quoi consiste ton travail au quotidien, concr\u00e8tement\u2009?<\/h6>\n\n\n\n<p>Mon r\u00f4le a \u00e9norm\u00e9ment \u00e9volu\u00e9. Au d\u00e9part, je faisais absolument tout: accueillir les visiteurs, payer les\u00a0salaires, lever des fonds, bricoler les prototypes jusque tard le soir. Parfois m\u00eame r\u00e9parer \u00e0 la derni\u00e8re minute un moteur qui avait br\u00fbl\u00e9 lors d\u2019une d\u00e9monstration \u00e0 des investisseurs! Avec le temps, je me suis sp\u00e9cialis\u00e9. Aujourd\u2019hui, je m\u2019occupe principalement des ressources humaines et j\u2019ai un r\u00f4le transversal de \u00abchief of staff\u00bb, sorte de bras droit du CEO, impliqu\u00e9 dans divers projets strat\u00e9giques. Ce que j\u2019aime dans ce m\u00e9tier, c\u2019est qu\u2019aucune journ\u00e9e ne se ressemble. On passe sans cesse d\u2019une d\u00e9cision \u00e0 l\u2019autre, d\u2019une urgence \u00e0 une opportunit\u00e9, avec une agilit\u00e9 que peu d\u2019autres environnements sont capables d\u2019offrir. Tout bouge tr\u00e8s vite \u2013 \u00e0 l\u2019inverse du monde politique o\u00f9 un texte peut mettre des ann\u00e9es \u00e0 aboutir. C\u2019est cette \u00e9nergie et cette r\u00e9activit\u00e9 qui rendent l\u2019entrepreneuriat si stimulant.<\/p>\n\n\n\n<h6 class=\"wp-block-heading\" id=\"h-tu-emploies-aujourd-hui-250-personnes-comment-fait-on-pour-croitre-sans-tomber-dans-la-lourdeur-que-tu-reproches-au-monde-politique\">Tu emploies aujourd\u2019hui 250 personnes. Comment fait-on pour cro\u00eetre sans tomber dans la lourdeur que tu reproches au monde politique\u2009?<\/h6>\n\n\n\n<p>C\u2019est un d\u00e9fi majeur. A mesure que l\u2019entreprise grandit, il faut davantage de structure et d\u2019organisation, tout en \u00e9vitant la rigidit\u00e9 des grands groupes. Chez Ecorobotix, on est encore dans une phase o\u00f9 l\u2019on court apr\u00e8s notre propre croissance\u2009: on se d\u00e9veloppe tr\u00e8s vite, on lance plusieurs produits en parall\u00e8le, on ouvre de nouveaux march\u00e9s et des filiales \u00e0 l\u2019international. Le vrai danger, ce n\u2019est pas tant de se bureaucratiser que de ne pas r\u00e9ussir \u00e0 structurer assez vite pour soutenir cette expansion. L\u2019objectif, c\u2019est que la structure serve la vitesse, qu\u2019elle permette d\u2019aller encore plus vite, pas de freiner. En somme, on doit rester organis\u00e9s sans perdre l\u2019agilit\u00e9 qui fait notre force \u2013 une question de survie pour une entreprise en hypercroissance.<\/p>\n\n\n\n<h6 class=\"wp-block-heading\" id=\"h-pour-les-jeunes-qui-revent-d-entreprendre-quelles-sont-selon-toi-les-competences-essentielles-a-developper\">Pour les jeunes qui r\u00eavent d\u2019entreprendre\u2009: quelles sont, selon toi, les comp\u00e9tences essentielles \u00e0 d\u00e9velopper\u2009?<\/h6>\n\n\n\n<p>La premi\u00e8re, et peut-\u00eatre la plus importante, est de savoir identifier la personne avec qui se lancer. Beaucoup de projets \u00e9chouent non pas \u00e0 cause de l\u2019id\u00e9e, mais \u00e0 cause de l\u2019\u00e9quipe fondatrice. L\u2019entrepreneuriat est un marathon, et les tensions peuvent rapidement na\u00eetre sur des questions de contribution ou de r\u00e9partition du capital. J\u2019essaie d\u2019ailleurs de faire \u00e9voluer la l\u00e9gislation pour faciliter ces ajustements entre fondateurs, afin d\u2019\u00e9viter que des divergences personnelles ne fassent capoter de bons projets. Ensuite, il faut bien s\u00fbr \u00eatre curieux, pers\u00e9v\u00e9rant et capable de s\u2019adapter en permanence.<\/p>\n\n\n\n<h6 class=\"wp-block-heading\" id=\"h-comment-choisir-la-bonne-personne-avec-qui-s-associer\">Comment choisir la bonne personne avec qui s\u2019associer\u2009?<\/h6>\n\n\n\n<p>Tout repose sur les valeurs. C\u2019est ce socle commun qui permet de traverser les difficult\u00e9s sans se d\u00e9sunir. Avec Steve, au-del\u00e0 de nos profils compl\u00e9mentaires \u2013 lui ing\u00e9nieur et moi issu de la finance \u2013, nous partageons une m\u00eame vision, les m\u00eames principes, et c\u2019est ce qui nous a tenus dans les moments de tension. C\u2019est un peu comme un mariage\u2009: il faut de la confiance, du respect et une base solide pour que \u00e7a dure. D\u2019ailleurs, ma femme plaisante souvent en disant qu\u2019Ecorobotix est notre quatri\u00e8me enfant\u2009! Il ne faut pas oublier que cette aventure a des effets sur la famille, les amis, la vie personnelle. On fait forc\u00e9ment des sacrifices, on sort moins, on dort moins. C\u2019est une vie passionnante, mais exigeante. D\u2019o\u00f9 l\u2019importance de s\u2019entourer des bonnes personnes \u2013 dans l\u2019entreprise comme \u00e0 la maison.<\/p>\n\n\n\n<h6 class=\"wp-block-heading\" id=\"h-les-entrepreneurs-se-demarquent-aussi-par-leur-capacite-a-prendre-des-risques-raconte-moi-la-derniere-fois-que-tu-en-as-pris-un\">Les entrepreneurs se d\u00e9marquent aussi par leur capacit\u00e9 \u00e0 prendre des risques. Raconte-moi la derni\u00e8re fois que tu en as pris un.<\/h6>\n\n\n\n<p>On en prend tout le temps, \u00e0 chaque conseil d\u2019administration. Mais le plus gros risque qu\u2019on ait pris, c\u2019est celui de tout remettre en question. A l\u2019origine, Ecorobotix d\u00e9veloppait un robot totalement autonome destin\u00e9 \u00e0 d\u00e9sherber les champs sans intervention humaine. Tout le monde trouvait l\u2019id\u00e9e g\u00e9niale, mais personne n\u2019\u00e9tait pr\u00eat \u00e0 l\u2019acheter. Les agriculteurs ont d\u00e9j\u00e0 un tracteur, et l\u2019id\u00e9e d\u2019un robot livr\u00e9 \u00e0 lui-m\u00eame dans leurs champs leur restait trop \u00e9trang\u00e8re. Nous avons donc pris une d\u00e9cision radicale: tout abandonner pour concevoir une version tract\u00e9e de notre robot. Ce choix a \u00e9t\u00e9 douloureux, mais vital: notre produit s\u2019est adapt\u00e9 aux habitudes des agriculteurs, et le succ\u00e8s a suivi. Aujourd\u2019hui, l\u2019ironie est que nous revenons peu \u00e0 peu au concept initial, car les tracteurs deviennent eux-m\u00eames autonomes. Mais \u00e0 l\u2019\u00e9poque, ce changement de cap a \u00e9t\u00e9 un pari d\u00e9cisif: si nous ne l\u2019avions pas fait, Ecorobotix n\u2019existerait certainement plus.<\/p>\n\n\n\n<h6 class=\"wp-block-heading\" id=\"h-le-parcours-d-un-entrepreneur-est-aussi-seme-d-embuches-peux-tu-nous-raconter-un-echec-marquant\">Le parcours d\u2019un entrepreneur est aussi sem\u00e9 d\u2019emb\u00fbches. Peux-tu nous raconter un \u00e9chec marquant?<\/h6>\n\n\n\n<p>En tant que responsable des ressources humaines, ce qui me marque le plus, c\u2019est quand on se rend compte qu\u2019on n\u2019a pas recrut\u00e9 la bonne personne \u2013 surtout lorsqu\u2019il s\u2019agit d\u2019un poste cl\u00e9. Il y a quelques ann\u00e9es, nous avons engag\u00e9 quelqu\u2019un pour un r\u00f4le de direction, mais son profil s\u2019est finalement r\u00e9v\u00e9l\u00e9 inad\u00e9quat. Ce genre d\u2019erreur a des r\u00e9percussions profondes: tensions dans l\u2019\u00e9quipe, perte d\u2019\u00e9nergie, perte de confiance. C\u2019est douloureux pour tout le monde. Avec le temps, j\u2019ai appris qu\u2019il faut savoir reconna\u00eetre tr\u00e8s vite quand une collaboration ne fonctionne pas, avant que le probl\u00e8me ne s\u2019enracine. Ces erreurs-l\u00e0 laissent des traces, mais elles rappellent aussi que la r\u00e9ussite d\u2019une entreprise repose avant tout sur les personnes qui la constituent.<\/p>\n\n\n\n<h6 class=\"wp-block-heading\" id=\"h-pour-conclure-quel-conseil-donnerais-tu-a-un-jeune-qui-souhaite-se-lancer-dans-l-entrepreneuriat\">Pour conclure, quel conseil donnerais-tu \u00e0 un jeune qui souhaite se lancer dans l\u2019entrepreneuriat?<\/h6>\n\n\n\n<p>Je l\u2019encouragerais \u00e0 se lancer dans un projet qui a du sens pour lui. Cr\u00e9er une \u00e9ni\u00e8me application sans utilit\u00e9 r\u00e9elle n\u2019apporte pas grand-chose. Mieux vaut s\u2019attaquer \u00e0 un vrai probl\u00e8me et chercher \u00e0 avoir un impact positif sur la soci\u00e9t\u00e9 ou sur l\u2019environnement. C\u2019est cette dimension de sens qui permet de tenir dans la dur\u00e9e.<\/p>\n\n\n\n<p><em>Economics graduate and president of the Association Caf\u00e9-philo, <strong>Yann Costa<\/strong> is an editor at <\/em>Regard\u00a0Libre<em>.<\/em><\/p>\n\n\n\n<h6 class=\"wp-block-heading\" id=\"h-vous-venez-de-lire-un-article-en-libre-acces-tire-de-notre-edition-papier-le-regard-libre-hors-serie-n-7-debats-analyses-actualites-culturelles-abonnez-vous-a-notre-media-de-reflexion-pour-nous-soutenir-et-avoir-acces-a-tous-nos-contenus\">You have just read an open-access article from our print edition (<a href=\"https:\/\/leregardlibre.com\/en\/cpt-editions\/le-regard-libre-hors-serie-n7-pret-a-fonder-ton-entreprise\/\"><em>Le Regard Libre<\/em>\u00a0special issue N\u00b07<\/a>). Debates, analyses, cultural news:\u00a0<a href=\"https:\/\/leregardlibre.com\/en\/subscription\/\">subscribe<\/a>\u00a0to support us and access all our content.<\/h6>","protected":false},"excerpt":{"rendered":"<p>Aur\u00e9lien Demaurex embodies a singular path between ecology, entrepreneurship and politics. The co-founder of Ecorobotix shares his vision of an audacious country, and offers advice to those who want to put technological innovation at the service of the common good.<\/p>","protected":false},"author":734,"featured_media":531779,"comment_status":"open","ping_status":"closed","sticky":false,"template":"","format":"standard","meta":{"_acf_changed":false,"footnotes":""},"categories":[27371],"tags":[644358514,12586,644358493,644358437],"class_list":["post-531777","post","type-post","status-publish","format-standard","has-post-thumbnail","hentry","category-economie","tag-dossier-entreprise","tag-entrepreneur","tag-entreprises","tag-esprit-entrepreneurial"],"acf":[],"yoast_head":"<!-- This site is optimized with the Yoast SEO Premium plugin v27.4 (Yoast SEO v27.4) - https:\/\/yoast.com\/product\/yoast-seo-premium-wordpress\/ -->\n<title>\u00abLa Suisse ne doit pas devenir la biblioth\u00e8que du monde\u00bb<\/title>\n<meta name=\"description\" content=\"Cofondateur d\u2019Ecorobotix, Aur\u00e9lien Demaurex offre ses conseils \u00e0 ceux qui veulent mettre l\u2019innovation technologique au service du bien commun\" \/>\n<meta name=\"robots\" content=\"index, follow, max-snippet:-1, max-image-preview:large, max-video-preview:-1\" \/>\n<link rel=\"canonical\" href=\"https:\/\/leregardlibre.com\/en\/economy\/aurelien-demaurex-ecorobotix-interview\/\" \/>\n<meta property=\"og:locale\" content=\"en_US\" \/>\n<meta property=\"og:type\" content=\"article\" \/>\n<meta property=\"og:title\" content=\"\u00abLa Suisse ne doit pas devenir la biblioth\u00e8que du monde\u00bb\" \/>\n<meta property=\"og:description\" content=\"Cofondateur d\u2019Ecorobotix, Aur\u00e9lien Demaurex offre ses conseils \u00e0 ceux qui veulent mettre l\u2019innovation technologique au service du bien commun\" \/>\n<meta property=\"og:url\" content=\"https:\/\/leregardlibre.com\/en\/economy\/aurelien-demaurex-ecorobotix-interview\/\" \/>\n<meta property=\"og:site_name\" content=\"Le Regard Libre\" \/>\n<meta property=\"article:publisher\" content=\"https:\/\/www.facebook.com\/leregardlibre\/\" \/>\n<meta property=\"article:published_time\" content=\"2026-03-01T18:37:10+00:00\" \/>\n<meta property=\"article:modified_time\" content=\"2026-03-17T20:04:38+00:00\" \/>\n<meta property=\"og:image\" content=\"https:\/\/leregardlibre.com\/wp-content\/uploads\/2026\/03\/capture-decran-2026-03-16-a-19-30-16-scaled-e1773686093811-1024x708.png\" \/>\n\t<meta property=\"og:image:width\" content=\"1024\" \/>\n\t<meta property=\"og:image:height\" content=\"708\" \/>\n\t<meta property=\"og:image:type\" content=\"image\/png\" \/>\n<meta name=\"author\" content=\"Yann Costa\" \/>\n<meta name=\"twitter:card\" content=\"summary_large_image\" \/>\n<meta name=\"twitter:creator\" content=\"@LeRegardLibre\" \/>\n<meta name=\"twitter:site\" content=\"@LeRegardLibre\" \/>\n<meta name=\"twitter:label1\" content=\"Written by\" \/>\n\t<meta name=\"twitter:data1\" content=\"Yann Costa\" \/>\n\t<meta name=\"twitter:label2\" content=\"Est. reading time\" \/>\n\t<meta name=\"twitter:data2\" content=\"14 minutes\" \/>\n<script type=\"application\/ld+json\" class=\"yoast-schema-graph\">{\"@context\":\"https:\\\/\\\/schema.org\",\"@graph\":[{\"@type\":\"Article\",\"@id\":\"https:\\\/\\\/leregardlibre.com\\\/economie\\\/aurelien-demaurex-ecorobotix-interview\\\/#article\",\"isPartOf\":{\"@id\":\"https:\\\/\\\/leregardlibre.com\\\/economie\\\/aurelien-demaurex-ecorobotix-interview\\\/\"},\"author\":{\"name\":\"Yann Costa\",\"@id\":\"https:\\\/\\\/leregardlibre.com\\\/#\\\/schema\\\/person\\\/cbc119347037004247dc60a3cb350223\"},\"headline\":\"\u00abLa Suisse ne doit pas devenir la biblioth\u00e8que du monde\u00bb\",\"datePublished\":\"2026-03-01T18:37:10+00:00\",\"dateModified\":\"2026-03-17T20:04:38+00:00\",\"mainEntityOfPage\":{\"@id\":\"https:\\\/\\\/leregardlibre.com\\\/economie\\\/aurelien-demaurex-ecorobotix-interview\\\/\"},\"wordCount\":3037,\"commentCount\":0,\"publisher\":{\"@id\":\"https:\\\/\\\/leregardlibre.com\\\/#organization\"},\"image\":{\"@id\":\"https:\\\/\\\/leregardlibre.com\\\/economie\\\/aurelien-demaurex-ecorobotix-interview\\\/#primaryimage\"},\"thumbnailUrl\":\"https:\\\/\\\/leregardlibre.com\\\/wp-content\\\/uploads\\\/2026\\\/03\\\/capture-decran-2026-03-16-a-19-30-16-scaled-e1773686093811.png\",\"keywords\":[\"Dossier ENTREPRISE\",\"Entrepreneuriat\",\"Entreprises\",\"Esprit entrepreneurial\"],\"articleSection\":[\"Economie\"],\"inLanguage\":\"en-US\",\"potentialAction\":[{\"@type\":\"CommentAction\",\"name\":\"Comment\",\"target\":[\"https:\\\/\\\/leregardlibre.com\\\/economie\\\/aurelien-demaurex-ecorobotix-interview\\\/#respond\"]}]},{\"@type\":\"WebPage\",\"@id\":\"https:\\\/\\\/leregardlibre.com\\\/economie\\\/aurelien-demaurex-ecorobotix-interview\\\/\",\"url\":\"https:\\\/\\\/leregardlibre.com\\\/economie\\\/aurelien-demaurex-ecorobotix-interview\\\/\",\"name\":\"\u00abLa Suisse ne doit pas devenir la biblioth\u00e8que du monde\u00bb\",\"isPartOf\":{\"@id\":\"https:\\\/\\\/leregardlibre.com\\\/#website\"},\"primaryImageOfPage\":{\"@id\":\"https:\\\/\\\/leregardlibre.com\\\/economie\\\/aurelien-demaurex-ecorobotix-interview\\\/#primaryimage\"},\"image\":{\"@id\":\"https:\\\/\\\/leregardlibre.com\\\/economie\\\/aurelien-demaurex-ecorobotix-interview\\\/#primaryimage\"},\"thumbnailUrl\":\"https:\\\/\\\/leregardlibre.com\\\/wp-content\\\/uploads\\\/2026\\\/03\\\/capture-decran-2026-03-16-a-19-30-16-scaled-e1773686093811.png\",\"datePublished\":\"2026-03-01T18:37:10+00:00\",\"dateModified\":\"2026-03-17T20:04:38+00:00\",\"description\":\"Cofondateur d\u2019Ecorobotix, Aur\u00e9lien Demaurex offre ses conseils \u00e0 ceux qui veulent mettre l\u2019innovation technologique au service du bien commun\",\"breadcrumb\":{\"@id\":\"https:\\\/\\\/leregardlibre.com\\\/economie\\\/aurelien-demaurex-ecorobotix-interview\\\/#breadcrumb\"},\"inLanguage\":\"en-US\",\"potentialAction\":[{\"@type\":\"ReadAction\",\"target\":[\"https:\\\/\\\/leregardlibre.com\\\/economie\\\/aurelien-demaurex-ecorobotix-interview\\\/\"]}]},{\"@type\":\"ImageObject\",\"inLanguage\":\"en-US\",\"@id\":\"https:\\\/\\\/leregardlibre.com\\\/economie\\\/aurelien-demaurex-ecorobotix-interview\\\/#primaryimage\",\"url\":\"https:\\\/\\\/leregardlibre.com\\\/wp-content\\\/uploads\\\/2026\\\/03\\\/capture-decran-2026-03-16-a-19-30-16-scaled-e1773686093811.png\",\"contentUrl\":\"https:\\\/\\\/leregardlibre.com\\\/wp-content\\\/uploads\\\/2026\\\/03\\\/capture-decran-2026-03-16-a-19-30-16-scaled-e1773686093811.png\",\"width\":2018,\"height\":1395,\"caption\":\"\u00abIl faut recr\u00e9er aujourd\u2019hui les grandes entreprises qui porteront notre prosp\u00e9rit\u00e9 demain\u00bb, estime Aur\u00e9lien Demaurex.\"},{\"@type\":\"BreadcrumbList\",\"@id\":\"https:\\\/\\\/leregardlibre.com\\\/economie\\\/aurelien-demaurex-ecorobotix-interview\\\/#breadcrumb\",\"itemListElement\":[{\"@type\":\"ListItem\",\"position\":1,\"name\":\"Accueil\",\"item\":\"https:\\\/\\\/leregardlibre.com\\\/\"},{\"@type\":\"ListItem\",\"position\":2,\"name\":\"\u00abLa Suisse ne doit pas devenir la biblioth\u00e8que du monde\u00bb\"}]},{\"@type\":\"WebSite\",\"@id\":\"https:\\\/\\\/leregardlibre.com\\\/#website\",\"url\":\"https:\\\/\\\/leregardlibre.com\\\/\",\"name\":\"Le Regard Libre\",\"description\":\"Premier mensuel suisse de d\u00e9bat\",\"publisher\":{\"@id\":\"https:\\\/\\\/leregardlibre.com\\\/#organization\"},\"potentialAction\":[{\"@type\":\"SearchAction\",\"target\":{\"@type\":\"EntryPoint\",\"urlTemplate\":\"https:\\\/\\\/leregardlibre.com\\\/?s={search_term_string}\"},\"query-input\":{\"@type\":\"PropertyValueSpecification\",\"valueRequired\":true,\"valueName\":\"search_term_string\"}}],\"inLanguage\":\"en-US\"},{\"@type\":\"Organization\",\"@id\":\"https:\\\/\\\/leregardlibre.com\\\/#organization\",\"name\":\"Le Regard Libre\",\"url\":\"https:\\\/\\\/leregardlibre.com\\\/\",\"logo\":{\"@type\":\"ImageObject\",\"inLanguage\":\"en-US\",\"@id\":\"https:\\\/\\\/leregardlibre.com\\\/#\\\/schema\\\/logo\\\/image\\\/\",\"url\":\"https:\\\/\\\/leregardlibre.com\\\/wp-content\\\/uploads\\\/2025\\\/08\\\/logo-rl-icone-neg.jpeg\",\"contentUrl\":\"https:\\\/\\\/leregardlibre.com\\\/wp-content\\\/uploads\\\/2025\\\/08\\\/logo-rl-icone-neg.jpeg\",\"width\":557,\"height\":556,\"caption\":\"Le Regard Libre\"},\"image\":{\"@id\":\"https:\\\/\\\/leregardlibre.com\\\/#\\\/schema\\\/logo\\\/image\\\/\"},\"sameAs\":[\"https:\\\/\\\/www.facebook.com\\\/leregardlibre\\\/\",\"https:\\\/\\\/x.com\\\/LeRegardLibre\",\"https:\\\/\\\/www.linkedin.com\\\/company\\\/le-regard-libre\",\"https:\\\/\\\/www.instagram.com\\\/leregardlibre\\\/\",\"http:\\\/\\\/t.me\\\/leregardlibre\",\"https:\\\/\\\/youtube.com\\\/channel\\\/UC6HzGPomj1LsUmlz-sJtITQ\"],\"description\":\"Le Regard Libre est un mensuel suisse de d\u00e9bat intellectuel et culturel. Sa r\u00e9daction est jeune, b\u00e9n\u00e9vole, lib\u00e9rale et pluraliste. Le magazine para\u00eet en ligne et sous forme papier. Sa langue est le fran\u00e7ais.\",\"email\":\"redaction@leregardlibre.com\",\"legalName\":\"Le Regard Libre\",\"foundingDate\":\"2014-01-01\",\"numberOfEmployees\":{\"@type\":\"QuantitativeValue\",\"minValue\":\"11\",\"maxValue\":\"50\"},\"publishingPrinciples\":\"https:\\\/\\\/leregardlibre.com\\\/a-propos\\\/notre-manifeste\\\/\",\"ownershipFundingInfo\":\"https:\\\/\\\/leregardlibre.com\\\/mentions-legales\\\/\",\"actionableFeedbackPolicy\":\"https:\\\/\\\/leregardlibre.com\\\/conditions-generales-de-vente\\\/\"},{\"@type\":\"Person\",\"@id\":\"https:\\\/\\\/leregardlibre.com\\\/#\\\/schema\\\/person\\\/cbc119347037004247dc60a3cb350223\",\"name\":\"Yann Costa\",\"image\":{\"@type\":\"ImageObject\",\"inLanguage\":\"en-US\",\"@id\":\"https:\\\/\\\/secure.gravatar.com\\\/avatar\\\/757bf0e2077d844825793ef547adc188578934f72b20441b7bb2f2c4e1679ecb?s=96&d=identicon&r=g\",\"url\":\"https:\\\/\\\/secure.gravatar.com\\\/avatar\\\/757bf0e2077d844825793ef547adc188578934f72b20441b7bb2f2c4e1679ecb?s=96&d=identicon&r=g\",\"contentUrl\":\"https:\\\/\\\/secure.gravatar.com\\\/avatar\\\/757bf0e2077d844825793ef547adc188578934f72b20441b7bb2f2c4e1679ecb?s=96&d=identicon&r=g\",\"caption\":\"Yann Costa\"},\"url\":\"https:\\\/\\\/leregardlibre.com\\\/en\\\/author\\\/yann-costa\\\/\"}]}<\/script>\n<!-- \/ Yoast SEO Premium plugin. -->","yoast_head_json":{"title":"\u00abSwitzerland must not become the world's library\u00bb.\u00bb","description":"Cofondateur d\u2019Ecorobotix, Aur\u00e9lien Demaurex offre ses conseils \u00e0 ceux qui veulent mettre l\u2019innovation technologique au service du bien commun","robots":{"index":"index","follow":"follow","max-snippet":"max-snippet:-1","max-image-preview":"max-image-preview:large","max-video-preview":"max-video-preview:-1"},"canonical":"https:\/\/leregardlibre.com\/en\/economy\/aurelien-demaurex-ecorobotix-interview\/","og_locale":"en_US","og_type":"article","og_title":"\u00abLa Suisse ne doit pas devenir la biblioth\u00e8que du monde\u00bb","og_description":"Cofondateur d\u2019Ecorobotix, Aur\u00e9lien Demaurex offre ses conseils \u00e0 ceux qui veulent mettre l\u2019innovation technologique au service du bien commun","og_url":"https:\/\/leregardlibre.com\/en\/economy\/aurelien-demaurex-ecorobotix-interview\/","og_site_name":"Le Regard Libre","article_publisher":"https:\/\/www.facebook.com\/leregardlibre\/","article_published_time":"2026-03-01T18:37:10+00:00","article_modified_time":"2026-03-17T20:04:38+00:00","og_image":[{"width":1024,"height":708,"url":"https:\/\/leregardlibre.com\/wp-content\/uploads\/2026\/03\/capture-decran-2026-03-16-a-19-30-16-scaled-e1773686093811-1024x708.png","type":"image\/png"}],"author":"Yann Costa","twitter_card":"summary_large_image","twitter_creator":"@LeRegardLibre","twitter_site":"@LeRegardLibre","twitter_misc":{"Written by":"Yann Costa","Est. reading time":"14 minutes"},"schema":{"@context":"https:\/\/schema.org","@graph":[{"@type":"Article","@id":"https:\/\/leregardlibre.com\/economie\/aurelien-demaurex-ecorobotix-interview\/#article","isPartOf":{"@id":"https:\/\/leregardlibre.com\/economie\/aurelien-demaurex-ecorobotix-interview\/"},"author":{"name":"Yann Costa","@id":"https:\/\/leregardlibre.com\/#\/schema\/person\/cbc119347037004247dc60a3cb350223"},"headline":"\u00abLa Suisse ne doit pas devenir la biblioth\u00e8que du monde\u00bb","datePublished":"2026-03-01T18:37:10+00:00","dateModified":"2026-03-17T20:04:38+00:00","mainEntityOfPage":{"@id":"https:\/\/leregardlibre.com\/economie\/aurelien-demaurex-ecorobotix-interview\/"},"wordCount":3037,"commentCount":0,"publisher":{"@id":"https:\/\/leregardlibre.com\/#organization"},"image":{"@id":"https:\/\/leregardlibre.com\/economie\/aurelien-demaurex-ecorobotix-interview\/#primaryimage"},"thumbnailUrl":"https:\/\/leregardlibre.com\/wp-content\/uploads\/2026\/03\/capture-decran-2026-03-16-a-19-30-16-scaled-e1773686093811.png","keywords":["Dossier ENTREPRISE","Entrepreneuriat","Entreprises","Esprit entrepreneurial"],"articleSection":["Economie"],"inLanguage":"en-US","potentialAction":[{"@type":"CommentAction","name":"Comment","target":["https:\/\/leregardlibre.com\/economie\/aurelien-demaurex-ecorobotix-interview\/#respond"]}]},{"@type":"WebPage","@id":"https:\/\/leregardlibre.com\/economie\/aurelien-demaurex-ecorobotix-interview\/","url":"https:\/\/leregardlibre.com\/economie\/aurelien-demaurex-ecorobotix-interview\/","name":"\u00abSwitzerland must not become the world's library\u00bb.\u00bb","isPartOf":{"@id":"https:\/\/leregardlibre.com\/#website"},"primaryImageOfPage":{"@id":"https:\/\/leregardlibre.com\/economie\/aurelien-demaurex-ecorobotix-interview\/#primaryimage"},"image":{"@id":"https:\/\/leregardlibre.com\/economie\/aurelien-demaurex-ecorobotix-interview\/#primaryimage"},"thumbnailUrl":"https:\/\/leregardlibre.com\/wp-content\/uploads\/2026\/03\/capture-decran-2026-03-16-a-19-30-16-scaled-e1773686093811.png","datePublished":"2026-03-01T18:37:10+00:00","dateModified":"2026-03-17T20:04:38+00:00","description":"Cofondateur d\u2019Ecorobotix, Aur\u00e9lien Demaurex offre ses conseils \u00e0 ceux qui veulent mettre l\u2019innovation technologique au service du bien commun","breadcrumb":{"@id":"https:\/\/leregardlibre.com\/economie\/aurelien-demaurex-ecorobotix-interview\/#breadcrumb"},"inLanguage":"en-US","potentialAction":[{"@type":"ReadAction","target":["https:\/\/leregardlibre.com\/economie\/aurelien-demaurex-ecorobotix-interview\/"]}]},{"@type":"ImageObject","inLanguage":"en-US","@id":"https:\/\/leregardlibre.com\/economie\/aurelien-demaurex-ecorobotix-interview\/#primaryimage","url":"https:\/\/leregardlibre.com\/wp-content\/uploads\/2026\/03\/capture-decran-2026-03-16-a-19-30-16-scaled-e1773686093811.png","contentUrl":"https:\/\/leregardlibre.com\/wp-content\/uploads\/2026\/03\/capture-decran-2026-03-16-a-19-30-16-scaled-e1773686093811.png","width":2018,"height":1395,"caption":"\u00abIl faut recr\u00e9er aujourd\u2019hui les grandes entreprises qui porteront notre prosp\u00e9rit\u00e9 demain\u00bb, estime Aur\u00e9lien Demaurex."},{"@type":"BreadcrumbList","@id":"https:\/\/leregardlibre.com\/economie\/aurelien-demaurex-ecorobotix-interview\/#breadcrumb","itemListElement":[{"@type":"ListItem","position":1,"name":"Accueil","item":"https:\/\/leregardlibre.com\/"},{"@type":"ListItem","position":2,"name":"\u00abLa Suisse ne doit pas devenir la biblioth\u00e8que du monde\u00bb"}]},{"@type":"WebSite","@id":"https:\/\/leregardlibre.com\/#website","url":"https:\/\/leregardlibre.com\/","name":"Le Regard Libre","description":"Switzerland's first monthly debate magazine","publisher":{"@id":"https:\/\/leregardlibre.com\/#organization"},"potentialAction":[{"@type":"SearchAction","target":{"@type":"EntryPoint","urlTemplate":"https:\/\/leregardlibre.com\/?s={search_term_string}"},"query-input":{"@type":"PropertyValueSpecification","valueRequired":true,"valueName":"search_term_string"}}],"inLanguage":"en-US"},{"@type":"Organization","@id":"https:\/\/leregardlibre.com\/#organization","name":"Le Regard Libre","url":"https:\/\/leregardlibre.com\/","logo":{"@type":"ImageObject","inLanguage":"en-US","@id":"https:\/\/leregardlibre.com\/#\/schema\/logo\/image\/","url":"https:\/\/leregardlibre.com\/wp-content\/uploads\/2025\/08\/logo-rl-icone-neg.jpeg","contentUrl":"https:\/\/leregardlibre.com\/wp-content\/uploads\/2025\/08\/logo-rl-icone-neg.jpeg","width":557,"height":556,"caption":"Le Regard Libre"},"image":{"@id":"https:\/\/leregardlibre.com\/#\/schema\/logo\/image\/"},"sameAs":["https:\/\/www.facebook.com\/leregardlibre\/","https:\/\/x.com\/LeRegardLibre","https:\/\/www.linkedin.com\/company\/le-regard-libre","https:\/\/www.instagram.com\/leregardlibre\/","http:\/\/t.me\/leregardlibre","https:\/\/youtube.com\/channel\/UC6HzGPomj1LsUmlz-sJtITQ"],"description":"Le Regard Libre is a Swiss monthly magazine for intellectual and cultural debate. Its editorial team is young, voluntary, liberal and pluralist. The magazine appears online and in print. Its language is French.","email":"redaction@leregardlibre.com","legalName":"Le Regard Libre","foundingDate":"2014-01-01","numberOfEmployees":{"@type":"QuantitativeValue","minValue":"11","maxValue":"50"},"publishingPrinciples":"https:\/\/leregardlibre.com\/a-propos\/notre-manifeste\/","ownershipFundingInfo":"https:\/\/leregardlibre.com\/mentions-legales\/","actionableFeedbackPolicy":"https:\/\/leregardlibre.com\/conditions-generales-de-vente\/"},{"@type":"Person","@id":"https:\/\/leregardlibre.com\/#\/schema\/person\/cbc119347037004247dc60a3cb350223","name":"Yann Costa","image":{"@type":"ImageObject","inLanguage":"en-US","@id":"https:\/\/secure.gravatar.com\/avatar\/757bf0e2077d844825793ef547adc188578934f72b20441b7bb2f2c4e1679ecb?s=96&d=identicon&r=g","url":"https:\/\/secure.gravatar.com\/avatar\/757bf0e2077d844825793ef547adc188578934f72b20441b7bb2f2c4e1679ecb?s=96&d=identicon&r=g","contentUrl":"https:\/\/secure.gravatar.com\/avatar\/757bf0e2077d844825793ef547adc188578934f72b20441b7bb2f2c4e1679ecb?s=96&d=identicon&r=g","caption":"Yann Costa"},"url":"https:\/\/leregardlibre.com\/en\/author\/yann-costa\/"}]}},"_links":{"self":[{"href":"https:\/\/leregardlibre.com\/en\/wp-json\/wp\/v2\/posts\/531777","targetHints":{"allow":["GET"]}}],"collection":[{"href":"https:\/\/leregardlibre.com\/en\/wp-json\/wp\/v2\/posts"}],"about":[{"href":"https:\/\/leregardlibre.com\/en\/wp-json\/wp\/v2\/types\/post"}],"author":[{"embeddable":true,"href":"https:\/\/leregardlibre.com\/en\/wp-json\/wp\/v2\/users\/734"}],"replies":[{"embeddable":true,"href":"https:\/\/leregardlibre.com\/en\/wp-json\/wp\/v2\/comments?post=531777"}],"version-history":[{"count":5,"href":"https:\/\/leregardlibre.com\/en\/wp-json\/wp\/v2\/posts\/531777\/revisions"}],"predecessor-version":[{"id":531810,"href":"https:\/\/leregardlibre.com\/en\/wp-json\/wp\/v2\/posts\/531777\/revisions\/531810"}],"wp:featuredmedia":[{"embeddable":true,"href":"https:\/\/leregardlibre.com\/en\/wp-json\/wp\/v2\/media\/531779"}],"wp:attachment":[{"href":"https:\/\/leregardlibre.com\/en\/wp-json\/wp\/v2\/media?parent=531777"}],"wp:term":[{"taxonomy":"category","embeddable":true,"href":"https:\/\/leregardlibre.com\/en\/wp-json\/wp\/v2\/categories?post=531777"},{"taxonomy":"post_tag","embeddable":true,"href":"https:\/\/leregardlibre.com\/en\/wp-json\/wp\/v2\/tags?post=531777"}],"curies":[{"name":"wp","href":"https:\/\/api.w.org\/{rel}","templated":true}]}}