{"id":532246,"date":"2026-04-27T09:30:00","date_gmt":"2026-04-27T07:30:00","guid":{"rendered":"https:\/\/leregardlibre.com\/?p=532246"},"modified":"2026-04-27T17:30:56","modified_gmt":"2026-04-27T15:30:56","slug":"liberal-international-order","status":"publish","type":"post","link":"https:\/\/leregardlibre.com\/en\/policy\/world\/liberal-international-order\/","title":{"rendered":"The liberal international order and the return of power"},"content":{"rendered":"<p class=\"has-drop-cap\"><strong>The intensification of trade after 1989 nurtured the idea of a world governed by cooperation. Today, geopolitical rivalries are overturning this belief and reshaping economic relations.<\/strong><\/p>\n\n\n\n<!--more-->\n\n\n\n<p>After the fall of the Berlin Wall, many believed in the \u00abend of history\u00bb described by Francis Fukuyama: the advent of a liberal international order based on rules, economic openness and interdependence. Over the following decades, this vision seemed to materialize. Free trade agreements proliferated, international investment protection became widespread, and the World Trade Organization (WTO), created in 1994, became the pillar of a system designed to promote mutual gains.<\/p>\n\n\n\n<p>This admittedly imperfect order was based on the idea that economic cooperation, framed by legal rules, could produce shared prosperity and reduce the risk of conflict. International trade and investment have indeed contributed to a sharp reduction in world poverty and an intensification of interdependence.<\/p>\n\n\n\n<h2 class=\"wp-block-heading\" id=\"h-fausse-unanimite-des-le-depart\">False unanimity from the outset<\/h2>\n\n\n\n<p>In reality, this liberal order has never been unanimously supported. As early as the 1990s, a number of criticisms emerged. First, neo-Marxist currents denounced a system that primarily benefited multinationals. Then, populist movements of both left and right highlighted the losers of globalization, particularly among the working classes in industrialized countries. More recently, geopolitical critics have pointed out that economic openness can be exploited by powerful states pursuing strategic objectives.<\/p>\n\n\n\n<p>Today, these challenges are converging to fuel a shift towards what has become fashionable to call geo-economics. In this environment, the economy becomes an instrument of power: sanctions, investment control or industrial relocation serve political and security objectives. Economic interdependence, once seen as stabilizing, can also be \u00abinstrumentalized\u00bb as a means of pressure.<\/p>\n\n\n\n<form method=\"post\" action=\"https:\/\/newsletter.infomaniak.com\/external\/submit\" class=\"inf-form\" target=\"_blank\"><input type=\"email\" name=\"email\" style=\"display:none\" \/><input type=\"hidden\" name=\"key\"\nvalue=\"eyJpdiI6IlZXRVJGMlRGQUU2alNqUE81bitIUk5adnNVa0c4MllFTStzOHdHT1FQZ3c9IiwidmFsdWUiOiJIYzhwMUVCK1pTNnlhY3MyMmhuZlhReWJqemEwNk93blMxTjFHc0s2VHZrPSIsIm1hYyI6ImVhYTQ5N2I1M2NiYWE4NzBmNjk2NzgzYjliM2Y5NmYzM2E2ZmU3NGQxNTU1ZDFkMTU1MzY5NTdjYjE3ZTJmNTUifQ==\"><input type=\"hidden\" name=\"webform_id\" value=\"7291\"><style> .inf-main_3000311ca56a1cb93397bc676c0b7fff{ background-color:#f5f5f5;\npadding:25px 20px; margin:25px auto; } .inf-main_3000311ca56a1cb93397bc676c0b7fff .inf-content { margin-top:13px;} .inf-main_3000311ca56a1cb93397bc676c0b7fff h4, .inf-main_3000311ca56a1cb93397bc676c0b7fff span, .inf-\nmain_3000311ca56a1cb93397bc676c0b7fff label, .inf-main_3000311ca56a1cb93397bc676c0b7fff input, .inf-main_3000311ca56a1cb93397bc676c0b7fff .inf-submit, .inf-main_3000311ca56a1cb93397bc676c0b7fff .inf-success p a { color:#555555; font-\nsize:14px; } .inf-main_3000311ca56a1cb93397bc676c0b7fff h4{ font-size:18px; margin:0px 0px 13px 0px; } .inf-main_3000311ca56a1cb93397bc676c0b7fff h4, .inf-main_3000311ca56a1cb93397bc676c0b7fff label{ font-weight:bold; } .inf-\nmain_3000311ca56a1cb93397bc676c0b7fff .inf-input { margin-bottom:7px; } .inf-main_3000311ca56a1cb93397bc676c0b7fff label { display:block;} .inf-main_3000311ca56a1cb93397bc676c0b7fff input{ height:35px; color:#999999; border: 1px solid\n#E9E9E9; border:none; padding-left:7px; } .inf-main_3000311ca56a1cb93397bc676c0b7fff .inf-input.inf-error label, .inf-main_3000311ca56a1cb93397bc676c0b7fff .inf-input.inf-error span.inf-message{ color: #cc0033; } .inf-\nmain_3000311ca56a1cb93397bc676c0b7fff .inf-input.inf-error input{ border: 1px solid #cc0033; } .inf-main_3000311ca56a1cb93397bc676c0b7fff .inf-input input { width:100%;} .inf-main_3000311ca56a1cb93397bc676c0b7fff .inf-input.inf-error\nspan.inf-message { display: block; } .inf-main_3000311ca56a1cb93397bc676c0b7fff .inf-submit { text-align:right;} .inf-main_3000311ca56a1cb93397bc676c0b7fff .inf-submit input{ background-color:#777777; color:#ffffff; border:none; font-weight:\nnormal; height:auto; padding:7px; } .inf-main_3000311ca56a1cb93397bc676c0b7fff .inf-submit input.disabled{ opacity: 0.4; } .inf-btn { color: rgb(85, 85, 85); border: medium none; font-weight: normal; height: auto; padding: 7px; display: inline-block;\nbackground-color: white; box-shadow: 0px 1px 1px rgba(0, 0, 0, 0.24); border-radius: 2px; line-height: 1em; } .inf-rgpd { margin:25px 0px 15px 0px; color:#555555; } <\/style> <div class=\"inf-main_3000311ca56a1cb93397bc676c0b7fff\">\n<h4>NEWSLETTER DU REGARD LIBRE<\/h4> <span>Receive our articles every Sunday.<\/span> <div class=\"inf-success\" style=\"display:none\"> <h4>Your subscription to our weekly newsletter has been successfully registered!<\/h4> <p>\n<a href=\"#\" class=\"inf-btn\">\u00ab<\/a> <\/p> <\/div> <div class=\"inf-content\"> <div class=\"inf-input inf-input-text\"> <input type=\"text\" name=\"inf[1]\" data-inf-meta = \"1\" data-inf-error = \"Merci de renseigner une adresse email\" required=\"required\"\nplaceholder=\"Email\" > <\/div> <div class=\"inf-submit\"> <input type=\"submit\" name=\"\" value=\"Sign up\"> <\/div> <\/div> <\/div> <\/form>\n\n\n\n<p>The rise of China has played a decisive role in this evolution. In the 1990s, many believed that its integration into world trade would gradually lead it to converge towards a more liberal model. However, China has combined trade openness and state strategy, using its economic power to strengthen its geopolitical position. This trajectory has fuelled doubts about the idea of a self-stabilizing liberal order.<\/p>\n\n\n\n<p>Another factor in the decline of this idea is the asymmetries of interdependence. International economic relations are never perfectly balanced: some countries depend more on their partners than vice versa\u00a0<em>(<a href=\"https:\/\/leregardlibre.com\/en\/economy\/epargne-jean-marc-daniel\/\">also read Jean-Marc Daniel's analysis<\/a>)<\/em>. When this vulnerability becomes apparent, whether in terms of energy, technology or raw materials, the temptation to reduce dependence grows, even at the cost of rolling back free trade.<\/p>\n\n\n\n<h2 class=\"wp-block-heading\" id=\"h-dominance-liberale\">Liberal dominance<\/h2>\n\n\n\n<p>This does not mean, however, that the liberal international order has disappeared. Institutions, trade agreements and legal rules continue to structure a large part of international trade. And while the number of new free-trade agreements introduced worldwide peaked in the mid-1990s, this does not mean that their cumulative growth has stagnated thereafter - quite the contrary. There have never been so many in force.<\/p>\n\n\n\n<p>However, this framework is now being supplemented \u2013 or circumvented \u2013 by industrial policies, economic security measures or relocation strategies. Switzerland is a good illustration of this tension. Traditionally one of the staunchest advocates of free trade, it remains strongly committed to economic openness. But even in this context, pressures are multiplying: environmental requirements in trade agreements, debates on industrial policy - including on the right - or concerns linked to economic security.<\/p>\n\n\n\n<h6 class=\"wp-block-heading\" id=\"h-a-lire-aussi-le-regard-libre-aux-etats-unis\">Read also | <a href=\"https:\/\/leregardlibre.com\/en\/policy\/world\/etats-unis-regard-libre\/\" type=\"post\" id=\"529898\"><em>Le Regard Libre<\/em> in the United States<\/a><\/h6>\n\n\n\n<p>So the world is not abandoning liberalism, but evolving towards a hybrid system. The international economic order increasingly resembles a \u00abmillefeuille\u00bb where free-trade rules coexist with power politics and security concerns. In this context, the central question is not whether liberalism will survive, but in what form it can adapt.<\/p>\n\n\n\n<p>In this respect, the joint declaration signed by Switzerland and the United States breaks totally with what the Confederation and the WTO stand for. Article 5 of the text, which speaks of \u00abeconomic security\u00bb, drastically restricts the Alpine Republic's ability to do business with third countries, i.e. China. Such a signal comes at a time when Berne is updating its free-trade agreement with Beijing.<\/p>\n\n\n\n<p><em><strong>C\u00e9dric Dupont<\/strong> is Professor of International Relations and Political Science at the Graduate Institute of International and Development Studies (IHEID). This text is a summarized version by\u00a0<\/em>Le Regard Libre<em>\u00a0from his February lecture at the Journ\u00e9e lib\u00e9rale romande in Lausanne.<\/em><\/p>\n\n\n\n<h6 class=\"wp-block-heading\" id=\"h-vous-venez-de-lire-un-article-en-libre-acces-tire-de-notre-dossier-quelles-alliances-pour-les-liberaux-publie-dans-notre-edition-papier-le-regard-libre-n-125-debats-analyses-actualites-culturelles-abonnez-vous-a-notre-media-de-reflexion-pour-nous-soutenir-et-avoir-acces-a-tous-nos-contenus\">You have just read an open-access article from our dossier \u00abQuelles alliances pour les lib\u00e9raux?\u00bb, published in our print edition (<a href=\"https:\/\/leregardlibre.com\/en\/cpt-editions\/le-regard-libre-125-liberaux\/\"><em>THE FREE LOOK\u00a0<\/em>N\u00b0125<\/a>). Debates, analyses, cultural news:\u00a0<a href=\"https:\/\/leregardlibre.com\/en\/subscription\/\">subscribe<\/a>\u00a0to support us and access all our content.<\/h6>","protected":false},"excerpt":{"rendered":"<p>The intensification of trade after 1989 nurtured the idea of a world governed by cooperation. Today, geopolitical rivalries are overturning this belief and reshaping economic relations.<\/p>","protected":false},"author":1259,"featured_media":532247,"comment_status":"open","ping_status":"closed","sticky":false,"template":"","format":"standard","meta":{"_acf_changed":false,"footnotes":""},"categories":[644357281],"tags":[9472,699,378150,33225],"class_list":["post-532246","post","type-post","status-publish","format-standard","has-post-thumbnail","hentry","category-monde","tag-analyses","tag-etats-unis","tag-geopolitique","tag-liberalisme"],"acf":[],"yoast_head":"<!-- This site is optimized with the Yoast SEO Premium plugin v27.4 (Yoast SEO v27.4) - https:\/\/yoast.com\/product\/yoast-seo-premium-wordpress\/ -->\n<title>L\u2019ordre international lib\u00e9ral\u00a0face au retour de la puissance<\/title>\n<meta name=\"description\" content=\"Les rivalit\u00e9s g\u00e9opolitiques bousculent la croyance d\u2019un monde r\u00e9gi par la coop\u00e9ration et recomposent les relations \u00e9conomiques. C\u00e9dric Dupont\" \/>\n<meta name=\"robots\" content=\"index, follow, max-snippet:-1, max-image-preview:large, max-video-preview:-1\" \/>\n<link rel=\"canonical\" href=\"https:\/\/leregardlibre.com\/en\/policy\/world\/liberal-international-order\/\" \/>\n<meta property=\"og:locale\" content=\"en_US\" \/>\n<meta property=\"og:type\" content=\"article\" \/>\n<meta property=\"og:title\" content=\"L\u2019ordre international lib\u00e9ral\u00a0face au retour de la puissance\" \/>\n<meta property=\"og:description\" content=\"Les rivalit\u00e9s g\u00e9opolitiques bousculent la croyance d\u2019un monde r\u00e9gi par la coop\u00e9ration et recomposent les relations \u00e9conomiques. C\u00e9dric Dupont\" \/>\n<meta property=\"og:url\" content=\"https:\/\/leregardlibre.com\/en\/policy\/world\/liberal-international-order\/\" \/>\n<meta property=\"og:site_name\" content=\"Le Regard Libre\" \/>\n<meta property=\"article:publisher\" content=\"https:\/\/www.facebook.com\/leregardlibre\/\" \/>\n<meta property=\"article:published_time\" content=\"2026-04-27T07:30:00+00:00\" \/>\n<meta property=\"article:modified_time\" content=\"2026-04-27T15:30:56+00:00\" \/>\n<meta property=\"og:image\" content=\"https:\/\/leregardlibre.com\/wp-content\/uploads\/2026\/04\/markus-spiske-via-unsplash.jpg\" \/>\n\t<meta property=\"og:image:width\" content=\"1920\" \/>\n\t<meta property=\"og:image:height\" content=\"1280\" \/>\n\t<meta property=\"og:image:type\" content=\"image\/jpeg\" \/>\n<meta name=\"author\" content=\"C\u00e9dric Dupont\" \/>\n<meta name=\"twitter:card\" content=\"summary_large_image\" \/>\n<meta name=\"twitter:creator\" content=\"@LeRegardLibre\" \/>\n<meta name=\"twitter:site\" content=\"@LeRegardLibre\" \/>\n<meta name=\"twitter:label1\" content=\"Written by\" \/>\n\t<meta name=\"twitter:data1\" content=\"C\u00e9dric Dupont\" \/>\n\t<meta name=\"twitter:label2\" content=\"Est. reading time\" \/>\n\t<meta name=\"twitter:data2\" content=\"5 minutes\" \/>\n<script type=\"application\/ld+json\" class=\"yoast-schema-graph\">{\"@context\":\"https:\\\/\\\/schema.org\",\"@graph\":[{\"@type\":\"Article\",\"@id\":\"https:\\\/\\\/leregardlibre.com\\\/politique\\\/monde\\\/ordre-international-liberal\\\/#article\",\"isPartOf\":{\"@id\":\"https:\\\/\\\/leregardlibre.com\\\/politique\\\/monde\\\/ordre-international-liberal\\\/\"},\"author\":{\"name\":\"C\u00e9dric Dupont\",\"@id\":\"https:\\\/\\\/leregardlibre.com\\\/#\\\/schema\\\/person\\\/20fffde4f8b940bf9073f0156c278010\"},\"headline\":\"L\u2019ordre international lib\u00e9ral\u00a0face au retour de la puissance\",\"datePublished\":\"2026-04-27T07:30:00+00:00\",\"dateModified\":\"2026-04-27T15:30:56+00:00\",\"mainEntityOfPage\":{\"@id\":\"https:\\\/\\\/leregardlibre.com\\\/politique\\\/monde\\\/ordre-international-liberal\\\/\"},\"wordCount\":987,\"commentCount\":0,\"publisher\":{\"@id\":\"https:\\\/\\\/leregardlibre.com\\\/#organization\"},\"image\":{\"@id\":\"https:\\\/\\\/leregardlibre.com\\\/politique\\\/monde\\\/ordre-international-liberal\\\/#primaryimage\"},\"thumbnailUrl\":\"https:\\\/\\\/leregardlibre.com\\\/wp-content\\\/uploads\\\/2026\\\/04\\\/markus-spiske-via-unsplash.jpg\",\"keywords\":[\"Analyse\",\"Etats-Unis\",\"G\u00e9opolitique\",\"Lib\u00e9ralisme\"],\"articleSection\":[\"Monde\"],\"inLanguage\":\"en-US\",\"potentialAction\":[{\"@type\":\"CommentAction\",\"name\":\"Comment\",\"target\":[\"https:\\\/\\\/leregardlibre.com\\\/politique\\\/monde\\\/ordre-international-liberal\\\/#respond\"]}]},{\"@type\":\"WebPage\",\"@id\":\"https:\\\/\\\/leregardlibre.com\\\/politique\\\/monde\\\/ordre-international-liberal\\\/\",\"url\":\"https:\\\/\\\/leregardlibre.com\\\/politique\\\/monde\\\/ordre-international-liberal\\\/\",\"name\":\"L\u2019ordre international lib\u00e9ral\u00a0face au retour de la puissance\",\"isPartOf\":{\"@id\":\"https:\\\/\\\/leregardlibre.com\\\/#website\"},\"primaryImageOfPage\":{\"@id\":\"https:\\\/\\\/leregardlibre.com\\\/politique\\\/monde\\\/ordre-international-liberal\\\/#primaryimage\"},\"image\":{\"@id\":\"https:\\\/\\\/leregardlibre.com\\\/politique\\\/monde\\\/ordre-international-liberal\\\/#primaryimage\"},\"thumbnailUrl\":\"https:\\\/\\\/leregardlibre.com\\\/wp-content\\\/uploads\\\/2026\\\/04\\\/markus-spiske-via-unsplash.jpg\",\"datePublished\":\"2026-04-27T07:30:00+00:00\",\"dateModified\":\"2026-04-27T15:30:56+00:00\",\"description\":\"Les rivalit\u00e9s g\u00e9opolitiques bousculent la croyance d\u2019un monde r\u00e9gi par la coop\u00e9ration et recomposent les relations \u00e9conomiques. C\u00e9dric Dupont\",\"breadcrumb\":{\"@id\":\"https:\\\/\\\/leregardlibre.com\\\/politique\\\/monde\\\/ordre-international-liberal\\\/#breadcrumb\"},\"inLanguage\":\"en-US\",\"potentialAction\":[{\"@type\":\"ReadAction\",\"target\":[\"https:\\\/\\\/leregardlibre.com\\\/politique\\\/monde\\\/ordre-international-liberal\\\/\"]}]},{\"@type\":\"ImageObject\",\"inLanguage\":\"en-US\",\"@id\":\"https:\\\/\\\/leregardlibre.com\\\/politique\\\/monde\\\/ordre-international-liberal\\\/#primaryimage\",\"url\":\"https:\\\/\\\/leregardlibre.com\\\/wp-content\\\/uploads\\\/2026\\\/04\\\/markus-spiske-via-unsplash.jpg\",\"contentUrl\":\"https:\\\/\\\/leregardlibre.com\\\/wp-content\\\/uploads\\\/2026\\\/04\\\/markus-spiske-via-unsplash.jpg\",\"width\":1920,\"height\":1280,\"caption\":\"Photo: Markus Spiske (via Unsplash)\"},{\"@type\":\"BreadcrumbList\",\"@id\":\"https:\\\/\\\/leregardlibre.com\\\/politique\\\/monde\\\/ordre-international-liberal\\\/#breadcrumb\",\"itemListElement\":[{\"@type\":\"ListItem\",\"position\":1,\"name\":\"Accueil\",\"item\":\"https:\\\/\\\/leregardlibre.com\\\/\"},{\"@type\":\"ListItem\",\"position\":2,\"name\":\"L\u2019ordre international lib\u00e9ral\u00a0face au retour de la puissance\"}]},{\"@type\":\"WebSite\",\"@id\":\"https:\\\/\\\/leregardlibre.com\\\/#website\",\"url\":\"https:\\\/\\\/leregardlibre.com\\\/\",\"name\":\"Le Regard Libre\",\"description\":\"Premier mensuel suisse de d\u00e9bat\",\"publisher\":{\"@id\":\"https:\\\/\\\/leregardlibre.com\\\/#organization\"},\"potentialAction\":[{\"@type\":\"SearchAction\",\"target\":{\"@type\":\"EntryPoint\",\"urlTemplate\":\"https:\\\/\\\/leregardlibre.com\\\/?s={search_term_string}\"},\"query-input\":{\"@type\":\"PropertyValueSpecification\",\"valueRequired\":true,\"valueName\":\"search_term_string\"}}],\"inLanguage\":\"en-US\"},{\"@type\":\"Organization\",\"@id\":\"https:\\\/\\\/leregardlibre.com\\\/#organization\",\"name\":\"Le Regard Libre\",\"url\":\"https:\\\/\\\/leregardlibre.com\\\/\",\"logo\":{\"@type\":\"ImageObject\",\"inLanguage\":\"en-US\",\"@id\":\"https:\\\/\\\/leregardlibre.com\\\/#\\\/schema\\\/logo\\\/image\\\/\",\"url\":\"https:\\\/\\\/leregardlibre.com\\\/wp-content\\\/uploads\\\/2025\\\/08\\\/logo-rl-icone-neg.jpeg\",\"contentUrl\":\"https:\\\/\\\/leregardlibre.com\\\/wp-content\\\/uploads\\\/2025\\\/08\\\/logo-rl-icone-neg.jpeg\",\"width\":557,\"height\":556,\"caption\":\"Le Regard Libre\"},\"image\":{\"@id\":\"https:\\\/\\\/leregardlibre.com\\\/#\\\/schema\\\/logo\\\/image\\\/\"},\"sameAs\":[\"https:\\\/\\\/www.facebook.com\\\/leregardlibre\\\/\",\"https:\\\/\\\/x.com\\\/LeRegardLibre\",\"https:\\\/\\\/www.linkedin.com\\\/company\\\/le-regard-libre\",\"https:\\\/\\\/www.instagram.com\\\/leregardlibre\\\/\",\"http:\\\/\\\/t.me\\\/leregardlibre\",\"https:\\\/\\\/youtube.com\\\/channel\\\/UC6HzGPomj1LsUmlz-sJtITQ\"],\"description\":\"Le Regard Libre est un mensuel suisse de d\u00e9bat intellectuel et culturel. Sa r\u00e9daction est jeune, b\u00e9n\u00e9vole, lib\u00e9rale et pluraliste. Le magazine para\u00eet en ligne et sous forme papier. Sa langue est le fran\u00e7ais.\",\"email\":\"redaction@leregardlibre.com\",\"legalName\":\"Le Regard Libre\",\"foundingDate\":\"2014-01-01\",\"numberOfEmployees\":{\"@type\":\"QuantitativeValue\",\"minValue\":\"11\",\"maxValue\":\"50\"},\"publishingPrinciples\":\"https:\\\/\\\/leregardlibre.com\\\/a-propos\\\/notre-manifeste\\\/\",\"ownershipFundingInfo\":\"https:\\\/\\\/leregardlibre.com\\\/mentions-legales\\\/\",\"actionableFeedbackPolicy\":\"https:\\\/\\\/leregardlibre.com\\\/conditions-generales-de-vente\\\/\"},{\"@type\":\"Person\",\"@id\":\"https:\\\/\\\/leregardlibre.com\\\/#\\\/schema\\\/person\\\/20fffde4f8b940bf9073f0156c278010\",\"name\":\"C\u00e9dric Dupont\",\"image\":{\"@type\":\"ImageObject\",\"inLanguage\":\"en-US\",\"@id\":\"https:\\\/\\\/secure.gravatar.com\\\/avatar\\\/99f508fafdd4e67e0860d692e91dec1e58cbd118e4fd7f4b621c704c78cb7671?s=96&d=identicon&r=g\",\"url\":\"https:\\\/\\\/secure.gravatar.com\\\/avatar\\\/99f508fafdd4e67e0860d692e91dec1e58cbd118e4fd7f4b621c704c78cb7671?s=96&d=identicon&r=g\",\"contentUrl\":\"https:\\\/\\\/secure.gravatar.com\\\/avatar\\\/99f508fafdd4e67e0860d692e91dec1e58cbd118e4fd7f4b621c704c78cb7671?s=96&d=identicon&r=g\",\"caption\":\"C\u00e9dric Dupont\"},\"description\":\"C\u00e9dric Dupont est professeur de relations internationales et sciences politiques \u00e0 l\u2019Institut de hautes \u00e9tudes internationales et du d\u00e9veloppement (IHEID).\",\"url\":\"https:\\\/\\\/leregardlibre.com\\\/en\\\/author\\\/cedric-dupot\\\/\"}]}<\/script>\n<!-- \/ Yoast SEO Premium plugin. -->","yoast_head_json":{"title":"The liberal international order and the return of power","description":"Geopolitical rivalries are overturning the belief in a world governed by cooperation, and reshaping economic relations. C\u00e9dric Dupont","robots":{"index":"index","follow":"follow","max-snippet":"max-snippet:-1","max-image-preview":"max-image-preview:large","max-video-preview":"max-video-preview:-1"},"canonical":"https:\/\/leregardlibre.com\/en\/policy\/world\/liberal-international-order\/","og_locale":"en_US","og_type":"article","og_title":"L\u2019ordre international lib\u00e9ral\u00a0face au retour de la puissance","og_description":"Les rivalit\u00e9s g\u00e9opolitiques bousculent la croyance d\u2019un monde r\u00e9gi par la coop\u00e9ration et recomposent les relations \u00e9conomiques. C\u00e9dric Dupont","og_url":"https:\/\/leregardlibre.com\/en\/policy\/world\/liberal-international-order\/","og_site_name":"Le Regard Libre","article_publisher":"https:\/\/www.facebook.com\/leregardlibre\/","article_published_time":"2026-04-27T07:30:00+00:00","article_modified_time":"2026-04-27T15:30:56+00:00","og_image":[{"width":1920,"height":1280,"url":"https:\/\/leregardlibre.com\/wp-content\/uploads\/2026\/04\/markus-spiske-via-unsplash.jpg","type":"image\/jpeg"}],"author":"C\u00e9dric Dupont","twitter_card":"summary_large_image","twitter_creator":"@LeRegardLibre","twitter_site":"@LeRegardLibre","twitter_misc":{"Written by":"C\u00e9dric Dupont","Est. reading time":"5 minutes"},"schema":{"@context":"https:\/\/schema.org","@graph":[{"@type":"Article","@id":"https:\/\/leregardlibre.com\/politique\/monde\/ordre-international-liberal\/#article","isPartOf":{"@id":"https:\/\/leregardlibre.com\/politique\/monde\/ordre-international-liberal\/"},"author":{"name":"C\u00e9dric Dupont","@id":"https:\/\/leregardlibre.com\/#\/schema\/person\/20fffde4f8b940bf9073f0156c278010"},"headline":"L\u2019ordre international lib\u00e9ral\u00a0face au retour de la puissance","datePublished":"2026-04-27T07:30:00+00:00","dateModified":"2026-04-27T15:30:56+00:00","mainEntityOfPage":{"@id":"https:\/\/leregardlibre.com\/politique\/monde\/ordre-international-liberal\/"},"wordCount":987,"commentCount":0,"publisher":{"@id":"https:\/\/leregardlibre.com\/#organization"},"image":{"@id":"https:\/\/leregardlibre.com\/politique\/monde\/ordre-international-liberal\/#primaryimage"},"thumbnailUrl":"https:\/\/leregardlibre.com\/wp-content\/uploads\/2026\/04\/markus-spiske-via-unsplash.jpg","keywords":["Analyse","Etats-Unis","G\u00e9opolitique","Lib\u00e9ralisme"],"articleSection":["Monde"],"inLanguage":"en-US","potentialAction":[{"@type":"CommentAction","name":"Comment","target":["https:\/\/leregardlibre.com\/politique\/monde\/ordre-international-liberal\/#respond"]}]},{"@type":"WebPage","@id":"https:\/\/leregardlibre.com\/politique\/monde\/ordre-international-liberal\/","url":"https:\/\/leregardlibre.com\/politique\/monde\/ordre-international-liberal\/","name":"The liberal international order and the return of power","isPartOf":{"@id":"https:\/\/leregardlibre.com\/#website"},"primaryImageOfPage":{"@id":"https:\/\/leregardlibre.com\/politique\/monde\/ordre-international-liberal\/#primaryimage"},"image":{"@id":"https:\/\/leregardlibre.com\/politique\/monde\/ordre-international-liberal\/#primaryimage"},"thumbnailUrl":"https:\/\/leregardlibre.com\/wp-content\/uploads\/2026\/04\/markus-spiske-via-unsplash.jpg","datePublished":"2026-04-27T07:30:00+00:00","dateModified":"2026-04-27T15:30:56+00:00","description":"Geopolitical rivalries are overturning the belief in a world governed by cooperation, and reshaping economic relations. C\u00e9dric Dupont","breadcrumb":{"@id":"https:\/\/leregardlibre.com\/politique\/monde\/ordre-international-liberal\/#breadcrumb"},"inLanguage":"en-US","potentialAction":[{"@type":"ReadAction","target":["https:\/\/leregardlibre.com\/politique\/monde\/ordre-international-liberal\/"]}]},{"@type":"ImageObject","inLanguage":"en-US","@id":"https:\/\/leregardlibre.com\/politique\/monde\/ordre-international-liberal\/#primaryimage","url":"https:\/\/leregardlibre.com\/wp-content\/uploads\/2026\/04\/markus-spiske-via-unsplash.jpg","contentUrl":"https:\/\/leregardlibre.com\/wp-content\/uploads\/2026\/04\/markus-spiske-via-unsplash.jpg","width":1920,"height":1280,"caption":"Photo: Markus Spiske (via Unsplash)"},{"@type":"BreadcrumbList","@id":"https:\/\/leregardlibre.com\/politique\/monde\/ordre-international-liberal\/#breadcrumb","itemListElement":[{"@type":"ListItem","position":1,"name":"Accueil","item":"https:\/\/leregardlibre.com\/"},{"@type":"ListItem","position":2,"name":"L\u2019ordre international lib\u00e9ral\u00a0face au retour de la puissance"}]},{"@type":"WebSite","@id":"https:\/\/leregardlibre.com\/#website","url":"https:\/\/leregardlibre.com\/","name":"Le Regard Libre","description":"Switzerland's first monthly debate magazine","publisher":{"@id":"https:\/\/leregardlibre.com\/#organization"},"potentialAction":[{"@type":"SearchAction","target":{"@type":"EntryPoint","urlTemplate":"https:\/\/leregardlibre.com\/?s={search_term_string}"},"query-input":{"@type":"PropertyValueSpecification","valueRequired":true,"valueName":"search_term_string"}}],"inLanguage":"en-US"},{"@type":"Organization","@id":"https:\/\/leregardlibre.com\/#organization","name":"Le Regard Libre","url":"https:\/\/leregardlibre.com\/","logo":{"@type":"ImageObject","inLanguage":"en-US","@id":"https:\/\/leregardlibre.com\/#\/schema\/logo\/image\/","url":"https:\/\/leregardlibre.com\/wp-content\/uploads\/2025\/08\/logo-rl-icone-neg.jpeg","contentUrl":"https:\/\/leregardlibre.com\/wp-content\/uploads\/2025\/08\/logo-rl-icone-neg.jpeg","width":557,"height":556,"caption":"Le Regard Libre"},"image":{"@id":"https:\/\/leregardlibre.com\/#\/schema\/logo\/image\/"},"sameAs":["https:\/\/www.facebook.com\/leregardlibre\/","https:\/\/x.com\/LeRegardLibre","https:\/\/www.linkedin.com\/company\/le-regard-libre","https:\/\/www.instagram.com\/leregardlibre\/","http:\/\/t.me\/leregardlibre","https:\/\/youtube.com\/channel\/UC6HzGPomj1LsUmlz-sJtITQ"],"description":"Le Regard Libre is a Swiss monthly magazine for intellectual and cultural debate. Its editorial team is young, voluntary, liberal and pluralist. The magazine appears online and in print. Its language is French.","email":"redaction@leregardlibre.com","legalName":"Le Regard Libre","foundingDate":"2014-01-01","numberOfEmployees":{"@type":"QuantitativeValue","minValue":"11","maxValue":"50"},"publishingPrinciples":"https:\/\/leregardlibre.com\/a-propos\/notre-manifeste\/","ownershipFundingInfo":"https:\/\/leregardlibre.com\/mentions-legales\/","actionableFeedbackPolicy":"https:\/\/leregardlibre.com\/conditions-generales-de-vente\/"},{"@type":"Person","@id":"https:\/\/leregardlibre.com\/#\/schema\/person\/20fffde4f8b940bf9073f0156c278010","name":"C\u00e9dric Dupont","image":{"@type":"ImageObject","inLanguage":"en-US","@id":"https:\/\/secure.gravatar.com\/avatar\/99f508fafdd4e67e0860d692e91dec1e58cbd118e4fd7f4b621c704c78cb7671?s=96&d=identicon&r=g","url":"https:\/\/secure.gravatar.com\/avatar\/99f508fafdd4e67e0860d692e91dec1e58cbd118e4fd7f4b621c704c78cb7671?s=96&d=identicon&r=g","contentUrl":"https:\/\/secure.gravatar.com\/avatar\/99f508fafdd4e67e0860d692e91dec1e58cbd118e4fd7f4b621c704c78cb7671?s=96&d=identicon&r=g","caption":"C\u00e9dric Dupont"},"description":"C\u00e9dric Dupont is Professor of International Relations and Political Science at the Graduate Institute of International and Development Studies (IHEID).","url":"https:\/\/leregardlibre.com\/en\/author\/cedric-dupot\/"}]}},"_links":{"self":[{"href":"https:\/\/leregardlibre.com\/en\/wp-json\/wp\/v2\/posts\/532246","targetHints":{"allow":["GET"]}}],"collection":[{"href":"https:\/\/leregardlibre.com\/en\/wp-json\/wp\/v2\/posts"}],"about":[{"href":"https:\/\/leregardlibre.com\/en\/wp-json\/wp\/v2\/types\/post"}],"author":[{"embeddable":true,"href":"https:\/\/leregardlibre.com\/en\/wp-json\/wp\/v2\/users\/1259"}],"replies":[{"embeddable":true,"href":"https:\/\/leregardlibre.com\/en\/wp-json\/wp\/v2\/comments?post=532246"}],"version-history":[{"count":3,"href":"https:\/\/leregardlibre.com\/en\/wp-json\/wp\/v2\/posts\/532246\/revisions"}],"predecessor-version":[{"id":532278,"href":"https:\/\/leregardlibre.com\/en\/wp-json\/wp\/v2\/posts\/532246\/revisions\/532278"}],"wp:featuredmedia":[{"embeddable":true,"href":"https:\/\/leregardlibre.com\/en\/wp-json\/wp\/v2\/media\/532247"}],"wp:attachment":[{"href":"https:\/\/leregardlibre.com\/en\/wp-json\/wp\/v2\/media?parent=532246"}],"wp:term":[{"taxonomy":"category","embeddable":true,"href":"https:\/\/leregardlibre.com\/en\/wp-json\/wp\/v2\/categories?post=532246"},{"taxonomy":"post_tag","embeddable":true,"href":"https:\/\/leregardlibre.com\/en\/wp-json\/wp\/v2\/tags?post=532246"}],"curies":[{"name":"wp","href":"https:\/\/api.w.org\/{rel}","templated":true}]}}